{"id":9966,"date":"2020-01-06T20:50:46","date_gmt":"2020-01-06T19:50:46","guid":{"rendered":"http:\/\/baranowscy.eu\/wordpress\/?p=9966"},"modified":"2020-01-10T18:20:48","modified_gmt":"2020-01-10T17:20:48","slug":"polecam-na-2020-rok-ekoblogi-instagram-ksiazki","status":"publish","type":"post","link":"https:\/\/baranowscy.eu\/wordpress\/polecam-na-2020-rok-ekoblogi-instagram-ksiazki\/","title":{"rendered":"Polecam na 2020 rok: ekoblogi, Instagram, ksi\u0105\u017cki"},"content":{"rendered":"<p><strong>Nowy rok 2020 ju\u017c si\u0119 rozkr\u0119ca. Zacz\u0105\u0142 si\u0119 nieciekawie, bo nieugaszonymi wci\u0105\u017c po\u017carami w Australii, ciep\u0142\u0105 zim\u0105 i konfliktem ira\u0144sko-ameryka\u0144skim, wi\u0119c dalej mo\u017ce by\u0107 tylko gorzej. S\u0105 jednak zjawiska, kt\u00f3rych jak na razie \u017caden ogie\u0144 nie rusza: konsumpcjonizm, wyzysk, kapitalizm&#8230; Tylko globalna katastrofa mo\u017ce sprawi\u0107, \u017ce w radiu przestan\u0105 gra\u0107 idiotyczne reklamy wyprzeda\u017cy. Nie mam telewizora, wi\u0119c na szcz\u0119\u015bcie nie wiem, co si\u0119 w nim dzieje.\u00a0<\/strong><\/p>\n<p>Po tym nieciekawym wst\u0119pie, po kt\u00f3rym sama wola\u0142abym ju\u017c tylko znikn\u0105\u0107 pod kocem i czeka\u0107 na koniec antropocenu, rzutem na ta\u015bm\u0119, zanim sko\u0144czy si\u0119 nam pr\u0105d i woda, chc\u0119 poleci\u0107 Wam kilka wa\u017ckich blog\u00f3w, miejsc na Instagramie i ksi\u0105\u017cek.<\/p>\n<figure id=\"attachment_9999\" aria-describedby=\"caption-attachment-9999\" style=\"width: 600px\" class=\"wp-caption alignright\"><a href=\"https:\/\/baranowscy.eu\/wordpress\/wp-content\/uploads\/2020\/01\/harari_1.jpg\"><img loading=\"lazy\" decoding=\"async\" class=\"size-full wp-image-9999\" src=\"https:\/\/baranowscy.eu\/wordpress\/wp-content\/uploads\/2020\/01\/harari_1.jpg\" alt=\"Trylogia Harariego. Do przeczytania!\" width=\"600\" height=\"667\" \/><\/a><figcaption id=\"caption-attachment-9999\" class=\"wp-caption-text\">Trylogia Harariego. Do przeczytania!<\/figcaption><\/figure>\n<h2>Ksi\u0105\u017cki, kt\u00f3re (wci\u0105\u017c) polecam na 2020 rok<\/h2>\n<p>Wybra\u0142am lektury niekoniecznie najnowsze, za to maj\u0105ce dla mnie du\u017ce znaczenie.<\/p>\n<ul>\n<li><strong>Po pierwsze (i tu zdradzam wielk\u0105 tajemnic\u0119) chcia\u0142abym poleci\u0107 Wam moj\u0105 ksi\u0105\u017ck\u0119.<\/strong> Czy uka\u017ce si\u0119 29 lutego, tak jak zaplanowa\u0142am, jeszcze nie jestem pewna, ale to kwestia najbli\u017cszych tygodni. B\u0119d\u0119 o niej m\u00f3wi\u0107 jeszcze nie raz &#8211; b\u0105d\u017acie uwa\u017cni!<\/li>\n<li>Po drugie polecam Wam ksi\u0105\u017ck\u0119 &gt;&gt;\u00a0<a href=\"http:\/\/www.nanowosmieci.pl\/produkt\/ksiazka-nie-smieci\/\" target=\"_blank\" rel=\"noopener\"><strong>Julii Wizowskiej &#8222;Nie \u015bmieci&#8221;<\/strong><\/a>. To dzie\u0142o (miks reporta\u017cu i poradnika), kt\u00f3re pokazuje, jak w Polsce wygl\u0105da recykling.<\/li>\n<li><strong>Po trzecie i potr\u00f3jnie. Trylogia\u00a0Yuvala Noah Harariego<\/strong>, izraelskiego historyka, kt\u00f3ry podsumowuje panowanie <em>Homo sapiens<\/em> na Ziemi. Wszystkie ksi\u0105\u017cki s\u0105 grube i g\u0119ste, ale zdecydowanie warto je przeczyta\u0107. Pierwsza cz\u0119\u015b\u0107 to <strong>&#8222;Sapiens. Od zwierz\u0105t do bog\u00f3w&#8221;<\/strong>, gdzie autor pokazuje niezwyk\u0142\u0105 karier\u0119 cz\u0142owieka.<\/li>\n<li><strong>Druga ksi\u0105\u017cka Harariego to &#8222;Homo deus&#8221;.<\/strong> Tu znajdziemy sporo wizjonerstwa autora, kt\u00f3ry stawia tez\u0119, \u017ce ludzie niebawem mog\u0105 sta\u0107 si\u0119 a\u015bmiertelni.<\/li>\n<li><strong>Trzecia ksi\u0105\u017cka Harariego: &#8222;21 lekcji na XXI wiek&#8221;<\/strong>. Tej ksi\u0105\u017cki jeszcze nie czyta\u0142am, nie mog\u0119 si\u0119 jednak doczeka\u0107 tego, co autor chce nam przekaza\u0107 na temat naszej tera\u017aniejszo\u015bci.<\/li>\n<li><a href=\"https:\/\/baranowscy.eu\/wordpress\/szoste-wymieranie-zyjemy-w-antropocenie\/\" target=\"_blank\" rel=\"noopener\"><strong>&#8222;Sz\u00f3ste wymieranie&#8221;<\/strong><\/a> <strong>Elisabeth Kolbert<\/strong> &#8211; je\u015bli jeszcze nie czytali\u015bcie, zr\u00f3bcie to niebawem. Od lektury tej ksi\u0105\u017cki w\u0142a\u015bciwie zacz\u0119\u0142am podejrzewa\u0107, \u017ce ludzko\u015b\u0107 niebawem zniknie z powierzchni Ziemi.<\/li>\n<li><strong>&#8222;Blackout&#8221; Marca Elsberga<\/strong>. To wprawdzie literacka fikcja i mo\u017ce \u015brednio dobry krymina\u0142, ale daje do my\u015blenia. Co si\u0119 stanie, kiedy pewnego dnia w Europie zabraknie pr\u0105du i wszystkie nasze urz\u0105dzenia zasilane energi\u0105 elektryczn\u0105 stan\u0105 si\u0119 bezu\u017cyteczne?<\/li>\n<li><strong><a href=\"https:\/\/baranowscy.eu\/wordpress\/dylan-evans-eksperyment-utopia-recenzja\/\" target=\"_blank\" rel=\"noopener\">&#8222;Eksperyment Utopia&#8221;<\/a> Dylana Evansa<\/strong> to opowie\u015b\u0107 o tym, \u017ce wizja katastrofy mo\u017ce nas wyko\u0144czy\u0107 psychicznie o wiele wcze\u015bniej ni\u017c sama katastrofa. Ksi\u0105\u017ck\u0119 czyta\u0142am ju\u017c dawno, ale wci\u0105\u017c do niej wracam, bo zrobi\u0142a na mnie wielkie wra\u017cenie. Czy sko\u0144cz\u0119 jak jej autor?<\/li>\n<li><strong>Oraz cztery ksi\u0105\u017cki o tym, jak mo\u017ce wygl\u0105da\u0107 nasz \u015bwiat ju\u017c nied\u0142ugo:<\/strong><\/li>\n<\/ul>\n<blockquote class=\"wp-embedded-content\" data-secret=\"rDWtq4i9OO\"><p><a href=\"https:\/\/baranowscy.eu\/wordpress\/4-ekopowiesci-o-koncu-naszego-swiata\/\">4 ekopowie\u015bci o ko\u0144cu naszego \u015bwiata<\/a><\/p><\/blockquote>\n<p><iframe loading=\"lazy\" class=\"wp-embedded-content\" sandbox=\"allow-scripts\" security=\"restricted\" style=\"position: absolute; clip: rect(1px, 1px, 1px, 1px);\" title=\"&#8222;4 ekopowie\u015bci o ko\u0144cu naszego \u015bwiata&#8221; &#8212; organiczni.eu\" src=\"https:\/\/baranowscy.eu\/wordpress\/4-ekopowiesci-o-koncu-naszego-swiata\/embed\/#?secret=rDWtq4i9OO\" data-secret=\"rDWtq4i9OO\" width=\"600\" height=\"338\" frameborder=\"0\" marginwidth=\"0\" marginheight=\"0\" scrolling=\"no\"><\/iframe><\/p>\n<p><strong>Ksi\u0105\u017cki w tematyce eko, kt\u00f3re zamierzam przeczyta\u0107 w tym roku (i mam nadziej\u0119, zrecenzowa\u0107):<\/strong><\/p>\n<ul>\n<li>Jakub Che\u0142mi\u0144ski, &#8222;SMOG. Diesle, kopciuchy, kominy, czyli dlaczego w Polsce nie da si\u0119 oddycha\u0107&#8221;,<\/li>\n<li>Tom Phillips, &#8222;Ludzie. Kr\u00f3tka historia o tym, jak spieprzyli\u015bmy wszystko&#8221;,<\/li>\n<li><strong>Jaka\u015b ksi\u0105\u017cka o surwiwalu (nie wiem, jaka, mo\u017ce co\u015b polecicie?)<\/strong>,<\/li>\n<li>Jonathan Safran Foer, &#8222;Zjadanie zwierz\u0105t&#8221;.<\/li>\n<\/ul>\n<figure id=\"attachment_10000\" aria-describedby=\"caption-attachment-10000\" style=\"width: 600px\" class=\"wp-caption alignright\"><a href=\"https:\/\/baranowscy.eu\/wordpress\/wp-content\/uploads\/2020\/01\/zjadanie_zwierzat_foer_1.jpg\"><img loading=\"lazy\" decoding=\"async\" class=\"size-full wp-image-10000\" src=\"https:\/\/baranowscy.eu\/wordpress\/wp-content\/uploads\/2020\/01\/zjadanie_zwierzat_foer_1.jpg\" alt=\"&quot;Zjadanie zwierz\u0105t&quot; Foera\" width=\"600\" height=\"667\" \/><\/a><figcaption id=\"caption-attachment-10000\" class=\"wp-caption-text\">&#8222;Zjadanie zwierz\u0105t&#8221; Foera<\/figcaption><\/figure>\n<h2>Ekoblogi i profile na Instagramie, kt\u00f3re warto \u015bledzi\u0107<\/h2>\n<p><strong>Jeste\u015bmy ju\u017c tak mocno zwi\u0105zani z internetem, \u017ce kiedy nadejdzie blackout (nadejdzie ju\u017c niebawem), b\u0119dziemy bezradni jak niemowl\u0119ta.<\/strong> P\u00f3ki jeszcze jako\u015b ten pr\u0105d ci\u0105gniemy, wykorzystujmy go w sensowny spos\u00f3b. Czyli zagl\u0105dajmy na profile instagramowe i na blogi, kt\u00f3re w jaki\u015b spos\u00f3b wi\u0105\u017c\u0105 si\u0119 z ratowaniem naszej planety. Albo po prostu pomagaj\u0105 \u017cy\u0107 w miar\u0119 normalnie.<\/p>\n<h3>Ekoblogi<\/h3>\n<p>By\u0107 mo\u017ce jest takie przekonanie, \u017ce jak si\u0119 pisze blog, to r\u00f3wnie\u017c czyta si\u0119 blogi i ma w nich du\u017ce rozeznanie. Prawda jest taka, \u017ce prawie nie czytam blog\u00f3w innych os\u00f3b, co najwy\u017cej pojedyncze wpisy. <strong>Nieustaj\u0105co \u015bledz\u0119 ekoblogosfer\u0119 i s\u0105 to od bardzo dawna te same adresy:<\/strong><\/p>\n<ul>\n<li><a href=\"http:\/\/www.ekoeksperymenty.blogspot.com\/\" target=\"_blank\" rel=\"noopener\">ekoeksperymenty.blogspot.com<\/a><\/li>\n<li><a href=\"http:\/\/www.nanowosmieci.pl\/\" target=\"_blank\" rel=\"noopener\">nanowosmieci.pl<\/a><\/li>\n<li><a href=\"http:\/\/www.ograniczamsie.com\/\" target=\"_blank\" rel=\"noopener\">ograniczamsie.com<\/a><\/li>\n<li><a href=\"http:\/\/ekologika.edu.pl\/\" target=\"_blank\" rel=\"noopener\">ekologika.edu.pl<\/a><\/li>\n<li><a href=\"http:\/\/www.green-projects.pl\/\" target=\"_blank\" rel=\"noopener\">green-projects.pl<\/a><\/li>\n<li><a href=\"http:\/\/www.zielonawsrodludzi.pl\/\" target=\"_blank\" rel=\"noopener\">zielonawsrodludzi.pl<\/a><\/li>\n<li><a href=\"http:\/\/www.placesandplants.com\/\" target=\"_blank\" rel=\"noopener\">placesandplants.com<\/a><\/li>\n<li><a href=\"http:\/\/www.ekopozytywna.com\/\" target=\"_blank\" rel=\"noopener\">ekopozytywna.com<\/a><\/li>\n<li><a href=\"http:\/\/www.e-bliskoprzyrody.pl\/\" target=\"_blank\" rel=\"noopener\">e-bliskoprzyrody.pl<\/a><\/li>\n<li><a href=\"http:\/\/liseko.com\/\" target=\"_blank\" rel=\"noopener\">liseko.com<\/a><\/li>\n<li><a href=\"https:\/\/naukaoklimacie.pl\/\" target=\"_blank\" rel=\"noopener\">naukaoklimacie.pl<\/a><\/li>\n<\/ul>\n<h3>Instagram<\/h3>\n<p>https:\/\/www.instagram.com\/p\/B6-_hr5HyuW\/?utm_source=ig_web_button_share_sheet<\/p>\n<ul>\n<li><a href=\"https:\/\/www.instagram.com\/ogrodbotanicznyuw\/\" target=\"_blank\" rel=\"noopener\">Profil Ogrodu botanicznego UW<\/a> &#8211; te zdj\u0119cia zawsze poprawiaj\u0105 mi humor.<\/li>\n<li><a href=\"https:\/\/www.instagram.com\/zero.waste.bielsko.biala\/\" target=\"_blank\" rel=\"noopener\">Zero Waste Bielsko Bia\u0142a<\/a> &#8211; ch\u0119tnie patrz\u0119 na to, co Jagoda udost\u0119pnia na profilu i jak dzia\u0142a w temacie ZW.<\/li>\n<li><a href=\"https:\/\/www.instagram.com\/roslinneporady\/\" target=\"_blank\" rel=\"noopener\">Ro\u015blinne porady<\/a> &#8211; uwielbiam te zdj\u0119cia! Porady oczywi\u015bcie te\u017c.<\/li>\n<li><a href=\"https:\/\/www.instagram.com\/betty_q_burlesque\/\" target=\"_blank\" rel=\"noopener\">Betty Q<\/a> i jej magiczny \u015bwiat potrafi\u0105 sprawi\u0107, \u017ce szary dzie\u0144 staje si\u0119 nieco mniej ponury.<\/li>\n<li>Lubi\u0119 zagl\u0105da\u0107 te\u017c tu: <a href=\"https:\/\/www.instagram.com\/blisko_przyrody\/\" target=\"_blank\" rel=\"noopener\">Blisko przyrody<\/a><\/li>\n<li>oraz tu: <a href=\"https:\/\/www.instagram.com\/koralowa_mama\/\" target=\"_blank\" rel=\"noopener\">Koralowa Mama<\/a>.<\/li>\n<\/ul>\n<p><strong>A je\u015bli Wy chcecie poleci\u0107 nam co\u015b ciekawego do czytania, to koniecznie napiszcie w komentarzu.\u00a0<\/strong><\/p>\n","protected":false},"excerpt":{"rendered":"<p>Nowy rok 2020 ju\u017c si\u0119 rozkr\u0119ca. Zacz\u0105\u0142 si\u0119 nieciekawie, bo nieugaszonymi wci\u0105\u017c po\u017carami w Australii, ciep\u0142\u0105 zim\u0105 i konfliktem ira\u0144sko-ameryka\u0144skim, wi\u0119c dalej mo\u017ce by\u0107 tylko&hellip;<\/p>\n","protected":false},"author":1,"featured_media":10002,"comment_status":"open","ping_status":"open","sticky":false,"template":"","format":"standard","meta":{"_jetpack_memberships_contains_paid_content":false,"footnotes":""},"categories":[2],"tags":[1595,1596,889,1598,1597],"class_list":["post-9966","post","type-post","status-publish","format-standard","has-post-thumbnail","hentry","category-slowo-od-autora","tag-ekoblogi","tag-instagram","tag-ksiazki","tag-linki","tag-polecam"],"yoast_head":"<!-- This site is optimized with the Yoast SEO plugin v27.5 - https:\/\/yoast.com\/product\/yoast-seo-wordpress\/ -->\n<title>Polecam na 2020 rok: ekoblogi, Instagram, ksi\u0105\u017cki | organiczni.eu<\/title>\n<meta name=\"description\" content=\"Ekoblogi, Instagram, ksi\u0105\u017cki, kt\u00f3re polecam na 2020 rok. Wybra\u0142am lektury niekoniecznie najnowsze, za to maj\u0105ce dla mnie du\u017ce znaczenie.\" \/>\n<meta name=\"robots\" content=\"index, follow, max-snippet:-1, max-image-preview:large, max-video-preview:-1\" \/>\n<link rel=\"canonical\" href=\"https:\/\/baranowscy.eu\/wordpress\/polecam-na-2020-rok-ekoblogi-instagram-ksiazki\/\" \/>\n<meta property=\"og:locale\" content=\"pl_PL\" \/>\n<meta property=\"og:type\" content=\"article\" \/>\n<meta property=\"og:title\" content=\"Polecam na 2020 rok: ekoblogi, Instagram, ksi\u0105\u017cki | organiczni.eu\" \/>\n<meta property=\"og:description\" content=\"Ekoblogi, Instagram, ksi\u0105\u017cki, kt\u00f3re polecam na 2020 rok. Wybra\u0142am lektury niekoniecznie najnowsze, za to maj\u0105ce dla mnie du\u017ce znaczenie.\" \/>\n<meta property=\"og:url\" content=\"https:\/\/baranowscy.eu\/wordpress\/polecam-na-2020-rok-ekoblogi-instagram-ksiazki\/\" \/>\n<meta property=\"og:site_name\" content=\"organiczni.eu\" \/>\n<meta property=\"article:publisher\" content=\"https:\/\/www.facebook.com\/organiczni\/\" \/>\n<meta property=\"article:published_time\" content=\"2020-01-06T19:50:46+00:00\" \/>\n<meta property=\"article:modified_time\" content=\"2020-01-10T17:20:48+00:00\" \/>\n<meta property=\"og:image\" content=\"https:\/\/baranowscy.eu\/wordpress\/wp-content\/uploads\/2020\/01\/blackout_0.jpg\" \/>\n\t<meta property=\"og:image:width\" content=\"1200\" \/>\n\t<meta property=\"og:image:height\" content=\"628\" \/>\n\t<meta property=\"og:image:type\" content=\"image\/jpeg\" \/>\n<meta name=\"author\" content=\"joanna\" \/>\n<meta name=\"twitter:card\" content=\"summary_large_image\" \/>\n<meta name=\"twitter:label1\" content=\"Napisane przez\" \/>\n\t<meta name=\"twitter:data1\" content=\"joanna\" \/>\n\t<meta name=\"twitter:label2\" content=\"Szacowany czas czytania\" \/>\n\t<meta name=\"twitter:data2\" content=\"4 minuty\" \/>\n<script type=\"application\/ld+json\" class=\"yoast-schema-graph\">{\"@context\":\"https:\\\/\\\/schema.org\",\"@graph\":[{\"@type\":\"Article\",\"@id\":\"https:\\\/\\\/baranowscy.eu\\\/wordpress\\\/polecam-na-2020-rok-ekoblogi-instagram-ksiazki\\\/#article\",\"isPartOf\":{\"@id\":\"https:\\\/\\\/baranowscy.eu\\\/wordpress\\\/polecam-na-2020-rok-ekoblogi-instagram-ksiazki\\\/\"},\"author\":{\"name\":\"joanna\",\"@id\":\"https:\\\/\\\/baranowscy.eu\\\/wordpress\\\/#\\\/schema\\\/person\\\/741d5f1f3fd2833c5ca2ffdaaa93dc73\"},\"headline\":\"Polecam na 2020 rok: ekoblogi, Instagram, ksi\u0105\u017cki\",\"datePublished\":\"2020-01-06T19:50:46+00:00\",\"dateModified\":\"2020-01-10T17:20:48+00:00\",\"mainEntityOfPage\":{\"@id\":\"https:\\\/\\\/baranowscy.eu\\\/wordpress\\\/polecam-na-2020-rok-ekoblogi-instagram-ksiazki\\\/\"},\"wordCount\":826,\"commentCount\":12,\"publisher\":{\"@id\":\"https:\\\/\\\/baranowscy.eu\\\/wordpress\\\/#organization\"},\"image\":{\"@id\":\"https:\\\/\\\/baranowscy.eu\\\/wordpress\\\/polecam-na-2020-rok-ekoblogi-instagram-ksiazki\\\/#primaryimage\"},\"thumbnailUrl\":\"https:\\\/\\\/baranowscy.eu\\\/wordpress\\\/wp-content\\\/uploads\\\/2020\\\/01\\\/blackout_0.jpg\",\"keywords\":[\"ekoblogi\",\"instagram\",\"ksi\u0105\u017cki\",\"linki\",\"polecam\"],\"articleSection\":[\"s\u0142owo od autora\"],\"inLanguage\":\"pl-PL\",\"potentialAction\":[{\"@type\":\"CommentAction\",\"name\":\"Comment\",\"target\":[\"https:\\\/\\\/baranowscy.eu\\\/wordpress\\\/polecam-na-2020-rok-ekoblogi-instagram-ksiazki\\\/#respond\"]}]},{\"@type\":\"WebPage\",\"@id\":\"https:\\\/\\\/baranowscy.eu\\\/wordpress\\\/polecam-na-2020-rok-ekoblogi-instagram-ksiazki\\\/\",\"url\":\"https:\\\/\\\/baranowscy.eu\\\/wordpress\\\/polecam-na-2020-rok-ekoblogi-instagram-ksiazki\\\/\",\"name\":\"Polecam na 2020 rok: ekoblogi, Instagram, ksi\u0105\u017cki | organiczni.eu\",\"isPartOf\":{\"@id\":\"https:\\\/\\\/baranowscy.eu\\\/wordpress\\\/#website\"},\"primaryImageOfPage\":{\"@id\":\"https:\\\/\\\/baranowscy.eu\\\/wordpress\\\/polecam-na-2020-rok-ekoblogi-instagram-ksiazki\\\/#primaryimage\"},\"image\":{\"@id\":\"https:\\\/\\\/baranowscy.eu\\\/wordpress\\\/polecam-na-2020-rok-ekoblogi-instagram-ksiazki\\\/#primaryimage\"},\"thumbnailUrl\":\"https:\\\/\\\/baranowscy.eu\\\/wordpress\\\/wp-content\\\/uploads\\\/2020\\\/01\\\/blackout_0.jpg\",\"datePublished\":\"2020-01-06T19:50:46+00:00\",\"dateModified\":\"2020-01-10T17:20:48+00:00\",\"description\":\"Ekoblogi, Instagram, ksi\u0105\u017cki, kt\u00f3re polecam na 2020 rok. Wybra\u0142am lektury niekoniecznie najnowsze, za to maj\u0105ce dla mnie du\u017ce znaczenie.\",\"breadcrumb\":{\"@id\":\"https:\\\/\\\/baranowscy.eu\\\/wordpress\\\/polecam-na-2020-rok-ekoblogi-instagram-ksiazki\\\/#breadcrumb\"},\"inLanguage\":\"pl-PL\",\"potentialAction\":[{\"@type\":\"ReadAction\",\"target\":[\"https:\\\/\\\/baranowscy.eu\\\/wordpress\\\/polecam-na-2020-rok-ekoblogi-instagram-ksiazki\\\/\"]}]},{\"@type\":\"ImageObject\",\"inLanguage\":\"pl-PL\",\"@id\":\"https:\\\/\\\/baranowscy.eu\\\/wordpress\\\/polecam-na-2020-rok-ekoblogi-instagram-ksiazki\\\/#primaryimage\",\"url\":\"https:\\\/\\\/baranowscy.eu\\\/wordpress\\\/wp-content\\\/uploads\\\/2020\\\/01\\\/blackout_0.jpg\",\"contentUrl\":\"https:\\\/\\\/baranowscy.eu\\\/wordpress\\\/wp-content\\\/uploads\\\/2020\\\/01\\\/blackout_0.jpg\",\"width\":1200,\"height\":628},{\"@type\":\"BreadcrumbList\",\"@id\":\"https:\\\/\\\/baranowscy.eu\\\/wordpress\\\/polecam-na-2020-rok-ekoblogi-instagram-ksiazki\\\/#breadcrumb\",\"itemListElement\":[{\"@type\":\"ListItem\",\"position\":1,\"name\":\"Strona g\u0142\u00f3wna\",\"item\":\"https:\\\/\\\/baranowscy.eu\\\/wordpress\\\/\"},{\"@type\":\"ListItem\",\"position\":2,\"name\":\"Polecam na 2020 rok: ekoblogi, Instagram, ksi\u0105\u017cki\"}]},{\"@type\":\"WebSite\",\"@id\":\"https:\\\/\\\/baranowscy.eu\\\/wordpress\\\/#website\",\"url\":\"https:\\\/\\\/baranowscy.eu\\\/wordpress\\\/\",\"name\":\"organiczni.eu\",\"description\":\"Najbardziej wszechstronny blog ekologiczny\",\"publisher\":{\"@id\":\"https:\\\/\\\/baranowscy.eu\\\/wordpress\\\/#organization\"},\"potentialAction\":[{\"@type\":\"SearchAction\",\"target\":{\"@type\":\"EntryPoint\",\"urlTemplate\":\"https:\\\/\\\/baranowscy.eu\\\/wordpress\\\/?s={search_term_string}\"},\"query-input\":{\"@type\":\"PropertyValueSpecification\",\"valueRequired\":true,\"valueName\":\"search_term_string\"}}],\"inLanguage\":\"pl-PL\"},{\"@type\":\"Organization\",\"@id\":\"https:\\\/\\\/baranowscy.eu\\\/wordpress\\\/#organization\",\"name\":\"organiczni.eu\",\"url\":\"https:\\\/\\\/baranowscy.eu\\\/wordpress\\\/\",\"logo\":{\"@type\":\"ImageObject\",\"inLanguage\":\"pl-PL\",\"@id\":\"https:\\\/\\\/baranowscy.eu\\\/wordpress\\\/#\\\/schema\\\/logo\\\/image\\\/\",\"url\":\"https:\\\/\\\/baranowscy.eu\\\/wordpress\\\/wp-content\\\/uploads\\\/2018\\\/01\\\/logo_duze.png\",\"contentUrl\":\"https:\\\/\\\/baranowscy.eu\\\/wordpress\\\/wp-content\\\/uploads\\\/2018\\\/01\\\/logo_duze.png\",\"width\":1398,\"height\":300,\"caption\":\"organiczni.eu\"},\"image\":{\"@id\":\"https:\\\/\\\/baranowscy.eu\\\/wordpress\\\/#\\\/schema\\\/logo\\\/image\\\/\"},\"sameAs\":[\"https:\\\/\\\/www.facebook.com\\\/organiczni\\\/\",\"https:\\\/\\\/www.instagram.com\\\/organiczni.eu\\\/\"]},{\"@type\":\"Person\",\"@id\":\"https:\\\/\\\/baranowscy.eu\\\/wordpress\\\/#\\\/schema\\\/person\\\/741d5f1f3fd2833c5ca2ffdaaa93dc73\",\"name\":\"joanna\",\"image\":{\"@type\":\"ImageObject\",\"inLanguage\":\"pl-PL\",\"@id\":\"https:\\\/\\\/secure.gravatar.com\\\/avatar\\\/a59b1be4fa5d200ee0af0ba4bbcdb691da1d589b419bae23d7aa5a15d820e28e?s=96&d=identicon&r=g\",\"url\":\"https:\\\/\\\/secure.gravatar.com\\\/avatar\\\/a59b1be4fa5d200ee0af0ba4bbcdb691da1d589b419bae23d7aa5a15d820e28e?s=96&d=identicon&r=g\",\"contentUrl\":\"https:\\\/\\\/secure.gravatar.com\\\/avatar\\\/a59b1be4fa5d200ee0af0ba4bbcdb691da1d589b419bae23d7aa5a15d820e28e?s=96&d=identicon&r=g\",\"caption\":\"joanna\"},\"sameAs\":[\"https:\\\/\\\/organiczni.baranowscy.eu\"],\"url\":\"https:\\\/\\\/baranowscy.eu\\\/wordpress\\\/author\\\/admin\\\/\"}]}<\/script>\n<!-- \/ Yoast SEO plugin. -->","yoast_head_json":{"title":"Polecam na 2020 rok: ekoblogi, Instagram, ksi\u0105\u017cki | organiczni.eu","description":"Ekoblogi, Instagram, ksi\u0105\u017cki, kt\u00f3re polecam na 2020 rok. Wybra\u0142am lektury niekoniecznie najnowsze, za to maj\u0105ce dla mnie du\u017ce znaczenie.","robots":{"index":"index","follow":"follow","max-snippet":"max-snippet:-1","max-image-preview":"max-image-preview:large","max-video-preview":"max-video-preview:-1"},"canonical":"https:\/\/baranowscy.eu\/wordpress\/polecam-na-2020-rok-ekoblogi-instagram-ksiazki\/","og_locale":"pl_PL","og_type":"article","og_title":"Polecam na 2020 rok: ekoblogi, Instagram, ksi\u0105\u017cki | organiczni.eu","og_description":"Ekoblogi, Instagram, ksi\u0105\u017cki, kt\u00f3re polecam na 2020 rok. Wybra\u0142am lektury niekoniecznie najnowsze, za to maj\u0105ce dla mnie du\u017ce znaczenie.","og_url":"https:\/\/baranowscy.eu\/wordpress\/polecam-na-2020-rok-ekoblogi-instagram-ksiazki\/","og_site_name":"organiczni.eu","article_publisher":"https:\/\/www.facebook.com\/organiczni\/","article_published_time":"2020-01-06T19:50:46+00:00","article_modified_time":"2020-01-10T17:20:48+00:00","og_image":[{"width":1200,"height":628,"url":"https:\/\/baranowscy.eu\/wordpress\/wp-content\/uploads\/2020\/01\/blackout_0.jpg","type":"image\/jpeg"}],"author":"joanna","twitter_card":"summary_large_image","twitter_misc":{"Napisane przez":"joanna","Szacowany czas czytania":"4 minuty"},"schema":{"@context":"https:\/\/schema.org","@graph":[{"@type":"Article","@id":"https:\/\/baranowscy.eu\/wordpress\/polecam-na-2020-rok-ekoblogi-instagram-ksiazki\/#article","isPartOf":{"@id":"https:\/\/baranowscy.eu\/wordpress\/polecam-na-2020-rok-ekoblogi-instagram-ksiazki\/"},"author":{"name":"joanna","@id":"https:\/\/baranowscy.eu\/wordpress\/#\/schema\/person\/741d5f1f3fd2833c5ca2ffdaaa93dc73"},"headline":"Polecam na 2020 rok: ekoblogi, Instagram, ksi\u0105\u017cki","datePublished":"2020-01-06T19:50:46+00:00","dateModified":"2020-01-10T17:20:48+00:00","mainEntityOfPage":{"@id":"https:\/\/baranowscy.eu\/wordpress\/polecam-na-2020-rok-ekoblogi-instagram-ksiazki\/"},"wordCount":826,"commentCount":12,"publisher":{"@id":"https:\/\/baranowscy.eu\/wordpress\/#organization"},"image":{"@id":"https:\/\/baranowscy.eu\/wordpress\/polecam-na-2020-rok-ekoblogi-instagram-ksiazki\/#primaryimage"},"thumbnailUrl":"https:\/\/baranowscy.eu\/wordpress\/wp-content\/uploads\/2020\/01\/blackout_0.jpg","keywords":["ekoblogi","instagram","ksi\u0105\u017cki","linki","polecam"],"articleSection":["s\u0142owo od autora"],"inLanguage":"pl-PL","potentialAction":[{"@type":"CommentAction","name":"Comment","target":["https:\/\/baranowscy.eu\/wordpress\/polecam-na-2020-rok-ekoblogi-instagram-ksiazki\/#respond"]}]},{"@type":"WebPage","@id":"https:\/\/baranowscy.eu\/wordpress\/polecam-na-2020-rok-ekoblogi-instagram-ksiazki\/","url":"https:\/\/baranowscy.eu\/wordpress\/polecam-na-2020-rok-ekoblogi-instagram-ksiazki\/","name":"Polecam na 2020 rok: ekoblogi, Instagram, ksi\u0105\u017cki | organiczni.eu","isPartOf":{"@id":"https:\/\/baranowscy.eu\/wordpress\/#website"},"primaryImageOfPage":{"@id":"https:\/\/baranowscy.eu\/wordpress\/polecam-na-2020-rok-ekoblogi-instagram-ksiazki\/#primaryimage"},"image":{"@id":"https:\/\/baranowscy.eu\/wordpress\/polecam-na-2020-rok-ekoblogi-instagram-ksiazki\/#primaryimage"},"thumbnailUrl":"https:\/\/baranowscy.eu\/wordpress\/wp-content\/uploads\/2020\/01\/blackout_0.jpg","datePublished":"2020-01-06T19:50:46+00:00","dateModified":"2020-01-10T17:20:48+00:00","description":"Ekoblogi, Instagram, ksi\u0105\u017cki, kt\u00f3re polecam na 2020 rok. Wybra\u0142am lektury niekoniecznie najnowsze, za to maj\u0105ce dla mnie du\u017ce znaczenie.","breadcrumb":{"@id":"https:\/\/baranowscy.eu\/wordpress\/polecam-na-2020-rok-ekoblogi-instagram-ksiazki\/#breadcrumb"},"inLanguage":"pl-PL","potentialAction":[{"@type":"ReadAction","target":["https:\/\/baranowscy.eu\/wordpress\/polecam-na-2020-rok-ekoblogi-instagram-ksiazki\/"]}]},{"@type":"ImageObject","inLanguage":"pl-PL","@id":"https:\/\/baranowscy.eu\/wordpress\/polecam-na-2020-rok-ekoblogi-instagram-ksiazki\/#primaryimage","url":"https:\/\/baranowscy.eu\/wordpress\/wp-content\/uploads\/2020\/01\/blackout_0.jpg","contentUrl":"https:\/\/baranowscy.eu\/wordpress\/wp-content\/uploads\/2020\/01\/blackout_0.jpg","width":1200,"height":628},{"@type":"BreadcrumbList","@id":"https:\/\/baranowscy.eu\/wordpress\/polecam-na-2020-rok-ekoblogi-instagram-ksiazki\/#breadcrumb","itemListElement":[{"@type":"ListItem","position":1,"name":"Strona g\u0142\u00f3wna","item":"https:\/\/baranowscy.eu\/wordpress\/"},{"@type":"ListItem","position":2,"name":"Polecam na 2020 rok: ekoblogi, Instagram, ksi\u0105\u017cki"}]},{"@type":"WebSite","@id":"https:\/\/baranowscy.eu\/wordpress\/#website","url":"https:\/\/baranowscy.eu\/wordpress\/","name":"organiczni.eu","description":"Najbardziej wszechstronny blog ekologiczny","publisher":{"@id":"https:\/\/baranowscy.eu\/wordpress\/#organization"},"potentialAction":[{"@type":"SearchAction","target":{"@type":"EntryPoint","urlTemplate":"https:\/\/baranowscy.eu\/wordpress\/?s={search_term_string}"},"query-input":{"@type":"PropertyValueSpecification","valueRequired":true,"valueName":"search_term_string"}}],"inLanguage":"pl-PL"},{"@type":"Organization","@id":"https:\/\/baranowscy.eu\/wordpress\/#organization","name":"organiczni.eu","url":"https:\/\/baranowscy.eu\/wordpress\/","logo":{"@type":"ImageObject","inLanguage":"pl-PL","@id":"https:\/\/baranowscy.eu\/wordpress\/#\/schema\/logo\/image\/","url":"https:\/\/baranowscy.eu\/wordpress\/wp-content\/uploads\/2018\/01\/logo_duze.png","contentUrl":"https:\/\/baranowscy.eu\/wordpress\/wp-content\/uploads\/2018\/01\/logo_duze.png","width":1398,"height":300,"caption":"organiczni.eu"},"image":{"@id":"https:\/\/baranowscy.eu\/wordpress\/#\/schema\/logo\/image\/"},"sameAs":["https:\/\/www.facebook.com\/organiczni\/","https:\/\/www.instagram.com\/organiczni.eu\/"]},{"@type":"Person","@id":"https:\/\/baranowscy.eu\/wordpress\/#\/schema\/person\/741d5f1f3fd2833c5ca2ffdaaa93dc73","name":"joanna","image":{"@type":"ImageObject","inLanguage":"pl-PL","@id":"https:\/\/secure.gravatar.com\/avatar\/a59b1be4fa5d200ee0af0ba4bbcdb691da1d589b419bae23d7aa5a15d820e28e?s=96&d=identicon&r=g","url":"https:\/\/secure.gravatar.com\/avatar\/a59b1be4fa5d200ee0af0ba4bbcdb691da1d589b419bae23d7aa5a15d820e28e?s=96&d=identicon&r=g","contentUrl":"https:\/\/secure.gravatar.com\/avatar\/a59b1be4fa5d200ee0af0ba4bbcdb691da1d589b419bae23d7aa5a15d820e28e?s=96&d=identicon&r=g","caption":"joanna"},"sameAs":["https:\/\/organiczni.baranowscy.eu"],"url":"https:\/\/baranowscy.eu\/wordpress\/author\/admin\/"}]}},"jetpack_featured_media_url":"https:\/\/baranowscy.eu\/wordpress\/wp-content\/uploads\/2020\/01\/blackout_0.jpg","jetpack_sharing_enabled":true,"_links":{"self":[{"href":"https:\/\/baranowscy.eu\/wordpress\/wp-json\/wp\/v2\/posts\/9966","targetHints":{"allow":["GET"]}}],"collection":[{"href":"https:\/\/baranowscy.eu\/wordpress\/wp-json\/wp\/v2\/posts"}],"about":[{"href":"https:\/\/baranowscy.eu\/wordpress\/wp-json\/wp\/v2\/types\/post"}],"author":[{"embeddable":true,"href":"https:\/\/baranowscy.eu\/wordpress\/wp-json\/wp\/v2\/users\/1"}],"replies":[{"embeddable":true,"href":"https:\/\/baranowscy.eu\/wordpress\/wp-json\/wp\/v2\/comments?post=9966"}],"version-history":[{"count":10,"href":"https:\/\/baranowscy.eu\/wordpress\/wp-json\/wp\/v2\/posts\/9966\/revisions"}],"predecessor-version":[{"id":10007,"href":"https:\/\/baranowscy.eu\/wordpress\/wp-json\/wp\/v2\/posts\/9966\/revisions\/10007"}],"wp:featuredmedia":[{"embeddable":true,"href":"https:\/\/baranowscy.eu\/wordpress\/wp-json\/wp\/v2\/media\/10002"}],"wp:attachment":[{"href":"https:\/\/baranowscy.eu\/wordpress\/wp-json\/wp\/v2\/media?parent=9966"}],"wp:term":[{"taxonomy":"category","embeddable":true,"href":"https:\/\/baranowscy.eu\/wordpress\/wp-json\/wp\/v2\/categories?post=9966"},{"taxonomy":"post_tag","embeddable":true,"href":"https:\/\/baranowscy.eu\/wordpress\/wp-json\/wp\/v2\/tags?post=9966"}],"curies":[{"name":"wp","href":"https:\/\/api.w.org\/{rel}","templated":true}]}}