{"id":9953,"date":"2019-12-19T23:25:57","date_gmt":"2019-12-19T22:25:57","guid":{"rendered":"http:\/\/baranowscy.eu\/wordpress\/?p=9953"},"modified":"2021-01-07T21:45:45","modified_gmt":"2021-01-07T20:45:45","slug":"czy-kompostowalne-worki-na-bioodpady-maja-sens","status":"publish","type":"post","link":"https:\/\/baranowscy.eu\/wordpress\/czy-kompostowalne-worki-na-bioodpady-maja-sens\/","title":{"rendered":"Czy kompostowalne worki na bioodpady maj\u0105 sens?"},"content":{"rendered":"<p><strong>Bioodpady, najwi\u0119ksza cz\u0119\u015b\u0107 naszych domowych \u015bmieci, czyli resztki kuchenne (i ewentualnie ogrodowe). Wierz\u0119, \u017ce nasze Czytelniczki i Czytelnicy robi\u0105 wszystko, \u017ceby tych odpad\u00f3w by\u0142o jak najmniej. Je\u015bli jednak przygotowujemy posi\u0142ki w domu, trudno nam unikn\u0105\u0107 obierk\u00f3w czy innych resztek jedzenia.\u00a0<\/strong><\/p>\n<p>Od stycznia 2020 roku mamy obowi\u0105zek segregowa\u0107 \u015bmieci. Papier, tworzywa sztuczne i metale, szk\u0142o, zmieszane i w\u0142a\u015bnie bioodpady. Je\u015bli do tej pory tego unikali\u015bmy, teraz nie b\u0119dzie wyboru. Polska pr\u00f3buje na ostatni\u0105 chwil\u0119 rozpaczliwie spe\u0142ni\u0107 kryteria unijne: 50% poziom recyklingu odpad\u00f3w w gminach, st\u0105d przykr\u0119canie \u015bruby mieszka\u0144com.<\/p>\n<p><strong>Prawda jest jednak taka, \u017ce zar\u00f3wno segregacja odpad\u00f3w przez obywateli, jak i p\u00f3\u017aniejsze wykorzystanie surowc\u00f3w w procesie recyklingu w Polsce kulej\u0105 tak bardzo, \u017ce spe\u0142ni\u0107 wymagania b\u0119dzie ci\u0119\u017cko.<\/strong> W dodatku podniesione zostan\u0105 op\u0142aty za wyw\u00f3z \u015bmieci, segregowanie odpad\u00f3w zostanie narzucone, a kto si\u0119 nie dostosuje, b\u0119dzie p\u0142aci\u0142 wysokie kary. Niestety, je\u015bli mieszkamy w bloku, gdzie jest 200 mieszka\u0144, a segreguj\u0105cych odpady jest mo\u017ce po\u0142owa mieszka\u0144c\u00f3w, z czego po\u0142owa robi to prawid\u0142owo, kar\u0119 zap\u0142aci ca\u0142y blok &#8211; nie ma mo\u017cliwo\u015bci weryfikacji, kto wrzuci\u0142 pieluch\u0119 do bioodpad\u00f3w czy zat\u0142uszczony karton do papieru.<\/p>\n<h2>Jak korzysta\u0107 z pojemnika na bioodpady<\/h2>\n<p>Sama bardzo rzadko zagl\u0105dam do br\u0105zowego pojemnika, bo staram si\u0119 wszystkie odpady kompostowa\u0107, ale je\u015bli ju\u017c mi si\u0119 zdarzy, to w\u0142osy staj\u0105 mi d\u0119ba. <strong>I nawet nie chodzi o to, \u017ce ludzie wrzucaj\u0105 tam wszelkie resztki z kuchni, ale \u017ce wrzucaj\u0105 tam wszystko.<\/strong> Plastik, szk\u0142o, gazety, boj\u0119 si\u0119 sprawdza\u0107, co jeszcze. Je\u015bli tak b\u0119dzie dalej, to nigdy nie osi\u0105gniemy czystej frakcji bio i jako mieszka\u0144cy b\u0119dziemy karani za bezmy\u015blno\u015b\u0107 (niewiedz\u0119, a mo\u017ce przekor\u0119?) pewnych os\u00f3b.<\/p>\n<p><strong><div class='dropshadowboxes-container ' style='width:640px;'>\r\n                            <div class='dropshadowboxes-drop-shadow ' style=' border: 1px solid #dddddd; height:; background-color:#f5ee77;    '>\r\n                            Co mo\u017cna wrzuca\u0107 do pojemnik\u00f3w na bioodpady:<\/strong><\/p>\n<ul>\n<li>odpadki warzywne i owocowe,<\/li>\n<li>skorupki jaj,<\/li>\n<li>fusy po kawie i herbacie,<\/li>\n<li>zwi\u0119d\u0142e kwiaty oraz ro\u015bliny doniczkowe (bez ziemi),<\/li>\n<li>resztki jedzenia bez mi\u0119sa, ko\u015bci oraz t\u0142uszcz\u00f3w zwierz\u0119cych.<strong>\r\n                            <\/div>\r\n                        <\/div><\/strong><\/li>\n<\/ul>\n<p><strong><div class='dropshadowboxes-container ' style='width:640px;'>\r\n                            <div class='dropshadowboxes-drop-shadow ' style=' border: 1px solid #dddddd; height:; background-color:#ff488d;    '>\r\n                            Czego nie mo\u017cna wrzuca\u0107 do pojemnik\u00f3w na bioodpady:<\/strong><\/p>\n<ul>\n<li>resztek mi\u0119snych,<\/li>\n<li>ko\u015bci oraz t\u0142uszczy zwierz\u0119cych,<\/li>\n<li>oleju jadalnego,<\/li>\n<li>ziemi i kamieni,<\/li>\n<li>odchod\u00f3w zwierz\u0105t.<strong>\r\n                            <\/div>\r\n                        <\/div><\/strong><\/li>\n<\/ul>\n<p>Julia Wizowska w swojej ksi\u0105\u017cce &#8222;Nie \u015bmieci&#8221; pisze o wizycie w kompostowni w Poznaniu, gdzie mia\u0142a okazj\u0119 obserwowa\u0107 procesy, kt\u00f3rym poddawane s\u0105 bioodpady. I porusza tam ciekawy temat, co do kt\u00f3rego sama mam w\u0105tpliwo\u015bci: <strong>czy odpady z frakcji bio powinny by\u0107 wrzucane do pojemnika w torbach? A je\u015bli tak, to jakich?\u00a0<\/strong><\/p>\n<p>Je\u015bli nasze bioodpady l\u0105duj\u0105 w pojemniku w torebce plastikowej, nie brudz\u0105 pojemnika i nie musi by\u0107 on tak cz\u0119sto myty. Torebki s\u0105 jednak dodatkowym utrudnieniem &#8211; zanieczyszczeniem &#8211; kt\u00f3re musi by\u0107 usuni\u0119te w kompostowni. Nie ma chyba zgodno\u015bci, nawet w\u015br\u00f3d urz\u0119dnik\u00f3w, jak post\u0119powa\u0107 &#8211; pewnym wyj\u015bciem jest u\u017cywanie toreb papierowych lub kompostowalnych.<\/p>\n<figure id=\"attachment_8760\" aria-describedby=\"caption-attachment-8760\" style=\"width: 1000px\" class=\"wp-caption aligncenter\"><a href=\"https:\/\/baranowscy.eu\/wordpress\/wp-content\/uploads\/2018\/11\/OK_compost_2-.jpg\"><img loading=\"lazy\" decoding=\"async\" class=\"wp-image-8760 size-full\" src=\"https:\/\/baranowscy.eu\/wordpress\/wp-content\/uploads\/2018\/11\/OK_compost_2-.jpg\" alt=\"Certyfikat OK Compost Home na opakowaniu toreb BioBag\" width=\"1000\" height=\"667\" srcset=\"https:\/\/baranowscy.eu\/wordpress\/wp-content\/uploads\/2018\/11\/OK_compost_2-.jpg 1000w, https:\/\/baranowscy.eu\/wordpress\/wp-content\/uploads\/2018\/11\/OK_compost_2--300x200.jpg 300w, https:\/\/baranowscy.eu\/wordpress\/wp-content\/uploads\/2018\/11\/OK_compost_2--600x400.jpg 600w, https:\/\/baranowscy.eu\/wordpress\/wp-content\/uploads\/2018\/11\/OK_compost_2--768x512.jpg 768w, https:\/\/baranowscy.eu\/wordpress\/wp-content\/uploads\/2018\/11\/OK_compost_2--560x374.jpg 560w\" sizes=\"auto, (max-width: 1000px) 100vw, 1000px\" \/><\/a><figcaption id=\"caption-attachment-8760\" class=\"wp-caption-text\">Certyfikat OK Compost Home na opakowaniu toreb BioBag<\/figcaption><\/figure>\n<h2>Kompostowalno\u015b\u0107 versus biodegradowalno\u015b\u0107<\/h2>\n<p>Pisa\u0142am ju\u017c o tym przy okazji &gt;&gt; <a href=\"https:\/\/baranowscy.eu\/wordpress\/prawdziwe-oblicze-certyfikatow-ok-compost\/\" target=\"_blank\" rel=\"noopener noreferrer\">certyfikatu OK Compost<\/a>, ale nigdy za ma\u0142o powtarzania: je\u015bli co\u015b jest biodegradowalne, nie oznacza, \u017ce jest kompostowalne. Biodegradowalne plastiki (PLA) mog\u0105 zosta\u0107 skompostowane tylko w specjalnych warunkach kompostowni przemys\u0142owej &#8211; nie liczcie na to w Polsce. Nikt si\u0119 nie b\u0119dzie pochyla\u0142 nad odpadami wygl\u0105daj\u0105cymi jak plastik, czy przypadkiem ma gdzie\u015b napisane: kompostowalny.<\/p>\n<p><strong>Je\u015bli chcemy wrzuca\u0107 do bioodpad\u00f3w cokolwiek, co nie jest wymienione na li\u015bcie rzeczy dozwolonych, to mo\u017ce by\u0107 to opakowanie, kt\u00f3re skompostuje si\u0119 razem z resztkami.<\/strong> Cho\u0107 nie ma pewno\u015bci, \u017ce kompostowalny worek nie zostanie uznany za zwyk\u0142\u0105 torebk\u0119 foliow\u0105 i usuni\u0119ty jako zanieczyszczenie.<\/p>\n<figure id=\"attachment_9959\" aria-describedby=\"caption-attachment-9959\" style=\"width: 1000px\" class=\"wp-caption aligncenter\"><a href=\"https:\/\/baranowscy.eu\/wordpress\/wp-content\/uploads\/2019\/12\/odpadki_kompost_1.jpg\"><img loading=\"lazy\" decoding=\"async\" class=\"wp-image-9959 size-full\" src=\"https:\/\/baranowscy.eu\/wordpress\/wp-content\/uploads\/2019\/12\/odpadki_kompost_1.jpg\" alt=\"Kompostujmy bioodpady!\" width=\"1000\" height=\"667\" srcset=\"https:\/\/baranowscy.eu\/wordpress\/wp-content\/uploads\/2019\/12\/odpadki_kompost_1.jpg 1000w, https:\/\/baranowscy.eu\/wordpress\/wp-content\/uploads\/2019\/12\/odpadki_kompost_1-300x200.jpg 300w, https:\/\/baranowscy.eu\/wordpress\/wp-content\/uploads\/2019\/12\/odpadki_kompost_1-600x400.jpg 600w, https:\/\/baranowscy.eu\/wordpress\/wp-content\/uploads\/2019\/12\/odpadki_kompost_1-768x512.jpg 768w, https:\/\/baranowscy.eu\/wordpress\/wp-content\/uploads\/2019\/12\/odpadki_kompost_1-560x374.jpg 560w\" sizes=\"auto, (max-width: 1000px) 100vw, 1000px\" \/><\/a><figcaption id=\"caption-attachment-9959\" class=\"wp-caption-text\">Kompostujmy bioodpady!<\/figcaption><\/figure>\n<h2>Czy kompostowalne worki na bioodpady maj\u0105 sens?<\/h2>\n<p><strong>Je\u015bli chcemy u\u017cywa\u0107 toreb na bioodpady, mo\u017cemy zaopatrzy\u0107 si\u0119 w worki kompostowalne. Jest ich troch\u0119 do wyboru, w r\u00f3\u017cnych rozmiarach, wi\u0119c mamy w czym wybiera\u0107.\u00a0<\/strong><\/p>\n<p>Czy to ma sens? Obawiam si\u0119, \u017ce na razie problem z bioodpadami jest w zupe\u0142nie innej skali i nasza decyzja, czy u\u017cywamy work\u00f3w, czy nie, jest akurat \u015brednio wa\u017cna w momencie, gdy w takiej Warszawie frakcja bio nie nadaje si\u0119 do kompostowania. W gminach, gdzie bioodpady zbiera si\u0119 od mieszka\u0144c\u00f3w od dawna, s\u0105 r\u00f3\u017cne wytyczne. <strong>Mog\u0119 tylko podpowiedzie\u0107, \u017ce kompostowalny worek na bioodpady jest o tyle bezpieczn\u0105 opcj\u0105, \u017ce nawet gdy zostanie uznany za zwyk\u0142y plastik, najwy\u017cej zostanie usuni\u0119ty z odpad\u00f3w.<\/strong>\u00a0Mo\u017cemy u\u017cywa\u0107 te\u017c takich work\u00f3w na odpady zmieszane, bo cho\u0107 nie trafi\u0105 na kompost, skompostuj\u0105 si\u0119 gdzie\u015b na sk\u0142adowisku (chyba \u017ce zostan\u0105 wcze\u015bniej spalone).<\/p>\n<p><strong>Pami\u0119tajmy, \u017ceby wybiera\u0107 worki z wyra\u017anym certyfikatem kompostowalno\u015bci, takie jak:<\/strong><\/p>\n<ul>\n<li><a href=\"https:\/\/www.drogeria-ekologiczna.pl\/239_biobag\" target=\"_blank\" rel=\"noopener noreferrer\">BioBag<\/a><\/li>\n<li><a href=\"https:\/\/www.drogeria-ekologiczna.pl\/worki-na-bio-odpady\/7709-100-kompostowalne-i-biodegradowalne-worki-na-smieci-do-odpadkow-organicznych-10-litrow-22-sztuki-ecozone.html\" target=\"_blank\" rel=\"noopener noreferrer\">Ecozone<\/a><\/li>\n<li><a href=\"https:\/\/www.drogeria-ekologiczna.pl\/329_starchbag\" target=\"_blank\" rel=\"noopener noreferrer\">Starch Bag<\/a><\/li>\n<\/ul>\n<p>Wszystkie te worki mia\u0142am okazj\u0119 testowa\u0107 i je\u015bli mia\u0142abym kt\u00f3re\u015b poleci\u0107, to BioBag i Starch Bag odpowiada\u0142y mi wielko\u015bci\u0105 i wytrzyma\u0142o\u015bci\u0105. Ecozone by\u0142y po prostu za ma\u0142e.<\/p>\n<p><strong><div class='dropshadowboxes-container ' style=''>\r\n                            <div class='dropshadowboxes-drop-shadow dropshadowboxes-rounded-corners dropshadowboxes-lifted-both dropshadowboxes-effect-default' style=' border: 1px solid #dddddd; height:; background-color:#f5ee77;    '>\r\n                            Wpis powsta\u0142 we wsp\u00f3\u0142pracy z Better Land i zawiera linki afiliacyjne. Z kodem rabatowym ORGANICZNI na zakupy w &gt;&gt; <a href=\"https:\/\/www.drogeria-ekologiczna.pl\/?pshow_permalink=ORGANICZNI\" target=\"_blank\" rel=\"noopener noreferrer\">Drogerii Ekologicznej Better Land<\/a> uzyskacie 5% zni\u017cki.<\/strong><strong>\r\n                            <\/div>\r\n                        <\/div><\/strong><\/p>\n<figure id=\"attachment_9961\" aria-describedby=\"caption-attachment-9961\" style=\"width: 1000px\" class=\"wp-caption aligncenter\"><a href=\"https:\/\/baranowscy.eu\/wordpress\/wp-content\/uploads\/2019\/12\/starchbag_1.jpg\"><img loading=\"lazy\" decoding=\"async\" class=\"wp-image-9961 size-full\" src=\"https:\/\/baranowscy.eu\/wordpress\/wp-content\/uploads\/2019\/12\/starchbag_1.jpg\" alt=\"Kompostowalny worek na odpady Starch Bag\" width=\"1000\" height=\"667\" srcset=\"https:\/\/baranowscy.eu\/wordpress\/wp-content\/uploads\/2019\/12\/starchbag_1.jpg 1000w, https:\/\/baranowscy.eu\/wordpress\/wp-content\/uploads\/2019\/12\/starchbag_1-300x200.jpg 300w, https:\/\/baranowscy.eu\/wordpress\/wp-content\/uploads\/2019\/12\/starchbag_1-600x400.jpg 600w, https:\/\/baranowscy.eu\/wordpress\/wp-content\/uploads\/2019\/12\/starchbag_1-768x512.jpg 768w, https:\/\/baranowscy.eu\/wordpress\/wp-content\/uploads\/2019\/12\/starchbag_1-560x374.jpg 560w\" sizes=\"auto, (max-width: 1000px) 100vw, 1000px\" \/><\/a><figcaption id=\"caption-attachment-9961\" class=\"wp-caption-text\">Kompostowalny worek na odpady Starch Bag<\/figcaption><\/figure>\n<h2>Stawiaj (na) kompostowniki<\/h2>\n<p>Kiedy my\u015bl\u0119 o tych wszystkich &#8222;ale&#8221; dotycz\u0105cych bioodpad\u00f3w, to trac\u0119 ochot\u0119 na oddawanie moich resztek kuchennych odbiorcom odpad\u00f3w. Dlatego nie robi\u0119 tego w\u0142a\u015bciwie w og\u00f3le i sama zagospodarowuj\u0119 swoje \u015bmieci bio.<\/p>\n<p><strong>Jednym z moich plan\u00f3w na 2020 rok jest postawienie kompostownika spo\u0142ecznego na osiedlu.<\/strong> Zaczn\u0119 od zg\u0142oszenia projektu w bud\u017cecie obywatelskim, w Warszawie jest sporo pieni\u0119dzy do podzia\u0142u i je\u015bli uda mi si\u0119 przekona\u0107 mieszka\u0144c\u00f3w do zag\u0142osowania na ten pomys\u0142, mo\u017ce si\u0119 uda\u0107. Nie uda si\u0119 t\u0105 drog\u0105, spr\u00f3buj\u0119 inaczej.<\/p>\n<p><strong>Kompostowanie, nawet w mie\u015bcie, jest bardzo wa\u017cne.<\/strong> Mog\u0142abym wymienia\u0107 dziesi\u0105tki powod\u00f3w, ale najwa\u017cniejsze s\u0105 dla mnie dwa: odzyskiwanie z resztek materia\u0142u, kt\u00f3ry jest nawozem idealnym, oraz odwdzi\u0119czanie si\u0119 naszej planecie za to, \u017ce nas \u017cywi. Zamiast wyrzuca\u0107 odpadki z kuchni do br\u0105zowego pojemnika mo\u017cna je \u0142atwo &#8211; i z du\u017c\u0105 satysfakcj\u0105 &#8211; kompostowa\u0107 samodzielnie. Mam nadziej\u0119, \u017ce przekonam do tego jak najwi\u0119cej z Was!<\/p>\n<p><strong>Napiszcie, czy korzystacie z pojemnik\u00f3w na bioodpady i jak sobie radzicie!<\/strong><\/p>\n","protected":false},"excerpt":{"rendered":"<p>Bioodpady, najwi\u0119ksza cz\u0119\u015b\u0107 naszych domowych \u015bmieci, czyli resztki kuchenne (i ewentualnie ogrodowe). Wierz\u0119, \u017ce nasze Czytelniczki i Czytelnicy robi\u0105 wszystko, \u017ceby tych odpad\u00f3w by\u0142o jak&hellip;<\/p>\n","protected":false},"author":1,"featured_media":9958,"comment_status":"open","ping_status":"open","sticky":false,"template":"","format":"standard","meta":{"_jetpack_memberships_contains_paid_content":false,"footnotes":""},"categories":[47,1613,20,19],"tags":[1591,1277,1469,1410,1339,755],"class_list":["post-9953","post","type-post","status-publish","format-standard","has-post-thumbnail","hentry","category-ekosprzatanie","category-kompost","category-recenzje","category-segregacja-odpadow","tag-bioodpady","tag-kompost","tag-kompostowanie","tag-recenzja-sponsorowana","tag-segregacja-odpadow","tag-smieci"],"yoast_head":"<!-- This site is optimized with the Yoast SEO plugin v27.4 - https:\/\/yoast.com\/product\/yoast-seo-wordpress\/ -->\n<title>Czy kompostowalne worki na bioodpady maj\u0105 sens? | organiczni.eu<\/title>\n<meta name=\"description\" content=\"Bioodpady, najwi\u0119ksza cz\u0119\u015b\u0107 naszych domowych \u015bmieci, czyli resztki kuchenne (i ewentualnie ogrodowe). Wierz\u0119, \u017ce nasze Czytelniczki i Czytelnicy robi\u0105\" \/>\n<meta name=\"robots\" content=\"index, follow, max-snippet:-1, max-image-preview:large, max-video-preview:-1\" \/>\n<link rel=\"canonical\" href=\"https:\/\/baranowscy.eu\/wordpress\/czy-kompostowalne-worki-na-bioodpady-maja-sens\/\" \/>\n<meta property=\"og:locale\" content=\"pl_PL\" \/>\n<meta property=\"og:type\" content=\"article\" \/>\n<meta property=\"og:title\" content=\"Czy kompostowalne worki na bioodpady maj\u0105 sens? | organiczni.eu\" \/>\n<meta property=\"og:description\" content=\"Bioodpady, najwi\u0119ksza cz\u0119\u015b\u0107 naszych domowych \u015bmieci, czyli resztki kuchenne (i ewentualnie ogrodowe). Wierz\u0119, \u017ce nasze Czytelniczki i Czytelnicy robi\u0105\" \/>\n<meta property=\"og:url\" content=\"https:\/\/baranowscy.eu\/wordpress\/czy-kompostowalne-worki-na-bioodpady-maja-sens\/\" \/>\n<meta property=\"og:site_name\" content=\"organiczni.eu\" \/>\n<meta property=\"article:publisher\" content=\"https:\/\/www.facebook.com\/organiczni\/\" \/>\n<meta property=\"article:published_time\" content=\"2019-12-19T22:25:57+00:00\" \/>\n<meta property=\"article:modified_time\" content=\"2021-01-07T20:45:45+00:00\" \/>\n<meta property=\"og:image\" content=\"https:\/\/baranowscy.eu\/wordpress\/wp-content\/uploads\/2019\/12\/worki_na_bioodpady_0.jpg\" \/>\n\t<meta property=\"og:image:width\" content=\"1200\" \/>\n\t<meta property=\"og:image:height\" content=\"628\" \/>\n\t<meta property=\"og:image:type\" content=\"image\/jpeg\" \/>\n<meta name=\"author\" content=\"joanna\" \/>\n<meta name=\"twitter:card\" content=\"summary_large_image\" \/>\n<meta name=\"twitter:label1\" content=\"Napisane przez\" \/>\n\t<meta name=\"twitter:data1\" content=\"joanna\" \/>\n\t<meta name=\"twitter:label2\" content=\"Szacowany czas czytania\" \/>\n\t<meta name=\"twitter:data2\" content=\"6 minut\" \/>\n<script type=\"application\/ld+json\" class=\"yoast-schema-graph\">{\"@context\":\"https:\\\/\\\/schema.org\",\"@graph\":[{\"@type\":\"Article\",\"@id\":\"https:\\\/\\\/baranowscy.eu\\\/wordpress\\\/czy-kompostowalne-worki-na-bioodpady-maja-sens\\\/#article\",\"isPartOf\":{\"@id\":\"https:\\\/\\\/baranowscy.eu\\\/wordpress\\\/czy-kompostowalne-worki-na-bioodpady-maja-sens\\\/\"},\"author\":{\"name\":\"joanna\",\"@id\":\"https:\\\/\\\/baranowscy.eu\\\/wordpress\\\/#\\\/schema\\\/person\\\/741d5f1f3fd2833c5ca2ffdaaa93dc73\"},\"headline\":\"Czy kompostowalne worki na bioodpady maj\u0105 sens?\",\"datePublished\":\"2019-12-19T22:25:57+00:00\",\"dateModified\":\"2021-01-07T20:45:45+00:00\",\"mainEntityOfPage\":{\"@id\":\"https:\\\/\\\/baranowscy.eu\\\/wordpress\\\/czy-kompostowalne-worki-na-bioodpady-maja-sens\\\/\"},\"wordCount\":1171,\"commentCount\":7,\"publisher\":{\"@id\":\"https:\\\/\\\/baranowscy.eu\\\/wordpress\\\/#organization\"},\"image\":{\"@id\":\"https:\\\/\\\/baranowscy.eu\\\/wordpress\\\/czy-kompostowalne-worki-na-bioodpady-maja-sens\\\/#primaryimage\"},\"thumbnailUrl\":\"https:\\\/\\\/baranowscy.eu\\\/wordpress\\\/wp-content\\\/uploads\\\/2019\\\/12\\\/worki_na_bioodpady_0.jpg\",\"keywords\":[\"bioodpady\",\"kompost\",\"kompostowanie\",\"recenzja sponsorowana\",\"segregacja odpad\u00f3w\",\"\u015bmieci\"],\"articleSection\":[\"ekosprz\u0105tanie\",\"Kompost\",\"recenzje\",\"segregacja odpad\u00f3w\"],\"inLanguage\":\"pl-PL\",\"potentialAction\":[{\"@type\":\"CommentAction\",\"name\":\"Comment\",\"target\":[\"https:\\\/\\\/baranowscy.eu\\\/wordpress\\\/czy-kompostowalne-worki-na-bioodpady-maja-sens\\\/#respond\"]}]},{\"@type\":\"WebPage\",\"@id\":\"https:\\\/\\\/baranowscy.eu\\\/wordpress\\\/czy-kompostowalne-worki-na-bioodpady-maja-sens\\\/\",\"url\":\"https:\\\/\\\/baranowscy.eu\\\/wordpress\\\/czy-kompostowalne-worki-na-bioodpady-maja-sens\\\/\",\"name\":\"Czy kompostowalne worki na bioodpady maj\u0105 sens? | organiczni.eu\",\"isPartOf\":{\"@id\":\"https:\\\/\\\/baranowscy.eu\\\/wordpress\\\/#website\"},\"primaryImageOfPage\":{\"@id\":\"https:\\\/\\\/baranowscy.eu\\\/wordpress\\\/czy-kompostowalne-worki-na-bioodpady-maja-sens\\\/#primaryimage\"},\"image\":{\"@id\":\"https:\\\/\\\/baranowscy.eu\\\/wordpress\\\/czy-kompostowalne-worki-na-bioodpady-maja-sens\\\/#primaryimage\"},\"thumbnailUrl\":\"https:\\\/\\\/baranowscy.eu\\\/wordpress\\\/wp-content\\\/uploads\\\/2019\\\/12\\\/worki_na_bioodpady_0.jpg\",\"datePublished\":\"2019-12-19T22:25:57+00:00\",\"dateModified\":\"2021-01-07T20:45:45+00:00\",\"description\":\"Bioodpady, najwi\u0119ksza cz\u0119\u015b\u0107 naszych domowych \u015bmieci, czyli resztki kuchenne (i ewentualnie ogrodowe). Wierz\u0119, \u017ce nasze Czytelniczki i Czytelnicy robi\u0105\",\"breadcrumb\":{\"@id\":\"https:\\\/\\\/baranowscy.eu\\\/wordpress\\\/czy-kompostowalne-worki-na-bioodpady-maja-sens\\\/#breadcrumb\"},\"inLanguage\":\"pl-PL\",\"potentialAction\":[{\"@type\":\"ReadAction\",\"target\":[\"https:\\\/\\\/baranowscy.eu\\\/wordpress\\\/czy-kompostowalne-worki-na-bioodpady-maja-sens\\\/\"]}]},{\"@type\":\"ImageObject\",\"inLanguage\":\"pl-PL\",\"@id\":\"https:\\\/\\\/baranowscy.eu\\\/wordpress\\\/czy-kompostowalne-worki-na-bioodpady-maja-sens\\\/#primaryimage\",\"url\":\"https:\\\/\\\/baranowscy.eu\\\/wordpress\\\/wp-content\\\/uploads\\\/2019\\\/12\\\/worki_na_bioodpady_0.jpg\",\"contentUrl\":\"https:\\\/\\\/baranowscy.eu\\\/wordpress\\\/wp-content\\\/uploads\\\/2019\\\/12\\\/worki_na_bioodpady_0.jpg\",\"width\":1200,\"height\":628},{\"@type\":\"BreadcrumbList\",\"@id\":\"https:\\\/\\\/baranowscy.eu\\\/wordpress\\\/czy-kompostowalne-worki-na-bioodpady-maja-sens\\\/#breadcrumb\",\"itemListElement\":[{\"@type\":\"ListItem\",\"position\":1,\"name\":\"Strona g\u0142\u00f3wna\",\"item\":\"https:\\\/\\\/baranowscy.eu\\\/wordpress\\\/\"},{\"@type\":\"ListItem\",\"position\":2,\"name\":\"Czy kompostowalne worki na bioodpady maj\u0105 sens?\"}]},{\"@type\":\"WebSite\",\"@id\":\"https:\\\/\\\/baranowscy.eu\\\/wordpress\\\/#website\",\"url\":\"https:\\\/\\\/baranowscy.eu\\\/wordpress\\\/\",\"name\":\"organiczni.eu\",\"description\":\"Najbardziej wszechstronny blog ekologiczny\",\"publisher\":{\"@id\":\"https:\\\/\\\/baranowscy.eu\\\/wordpress\\\/#organization\"},\"potentialAction\":[{\"@type\":\"SearchAction\",\"target\":{\"@type\":\"EntryPoint\",\"urlTemplate\":\"https:\\\/\\\/baranowscy.eu\\\/wordpress\\\/?s={search_term_string}\"},\"query-input\":{\"@type\":\"PropertyValueSpecification\",\"valueRequired\":true,\"valueName\":\"search_term_string\"}}],\"inLanguage\":\"pl-PL\"},{\"@type\":\"Organization\",\"@id\":\"https:\\\/\\\/baranowscy.eu\\\/wordpress\\\/#organization\",\"name\":\"organiczni.eu\",\"url\":\"https:\\\/\\\/baranowscy.eu\\\/wordpress\\\/\",\"logo\":{\"@type\":\"ImageObject\",\"inLanguage\":\"pl-PL\",\"@id\":\"https:\\\/\\\/baranowscy.eu\\\/wordpress\\\/#\\\/schema\\\/logo\\\/image\\\/\",\"url\":\"https:\\\/\\\/baranowscy.eu\\\/wordpress\\\/wp-content\\\/uploads\\\/2018\\\/01\\\/logo_duze.png\",\"contentUrl\":\"https:\\\/\\\/baranowscy.eu\\\/wordpress\\\/wp-content\\\/uploads\\\/2018\\\/01\\\/logo_duze.png\",\"width\":1398,\"height\":300,\"caption\":\"organiczni.eu\"},\"image\":{\"@id\":\"https:\\\/\\\/baranowscy.eu\\\/wordpress\\\/#\\\/schema\\\/logo\\\/image\\\/\"},\"sameAs\":[\"https:\\\/\\\/www.facebook.com\\\/organiczni\\\/\",\"https:\\\/\\\/www.instagram.com\\\/organiczni.eu\\\/\"]},{\"@type\":\"Person\",\"@id\":\"https:\\\/\\\/baranowscy.eu\\\/wordpress\\\/#\\\/schema\\\/person\\\/741d5f1f3fd2833c5ca2ffdaaa93dc73\",\"name\":\"joanna\",\"image\":{\"@type\":\"ImageObject\",\"inLanguage\":\"pl-PL\",\"@id\":\"https:\\\/\\\/secure.gravatar.com\\\/avatar\\\/a59b1be4fa5d200ee0af0ba4bbcdb691da1d589b419bae23d7aa5a15d820e28e?s=96&d=identicon&r=g\",\"url\":\"https:\\\/\\\/secure.gravatar.com\\\/avatar\\\/a59b1be4fa5d200ee0af0ba4bbcdb691da1d589b419bae23d7aa5a15d820e28e?s=96&d=identicon&r=g\",\"contentUrl\":\"https:\\\/\\\/secure.gravatar.com\\\/avatar\\\/a59b1be4fa5d200ee0af0ba4bbcdb691da1d589b419bae23d7aa5a15d820e28e?s=96&d=identicon&r=g\",\"caption\":\"joanna\"},\"sameAs\":[\"https:\\\/\\\/organiczni.baranowscy.eu\"],\"url\":\"https:\\\/\\\/baranowscy.eu\\\/wordpress\\\/author\\\/admin\\\/\"}]}<\/script>\n<!-- \/ Yoast SEO plugin. -->","yoast_head_json":{"title":"Czy kompostowalne worki na bioodpady maj\u0105 sens? | organiczni.eu","description":"Bioodpady, najwi\u0119ksza cz\u0119\u015b\u0107 naszych domowych \u015bmieci, czyli resztki kuchenne (i ewentualnie ogrodowe). Wierz\u0119, \u017ce nasze Czytelniczki i Czytelnicy robi\u0105","robots":{"index":"index","follow":"follow","max-snippet":"max-snippet:-1","max-image-preview":"max-image-preview:large","max-video-preview":"max-video-preview:-1"},"canonical":"https:\/\/baranowscy.eu\/wordpress\/czy-kompostowalne-worki-na-bioodpady-maja-sens\/","og_locale":"pl_PL","og_type":"article","og_title":"Czy kompostowalne worki na bioodpady maj\u0105 sens? | organiczni.eu","og_description":"Bioodpady, najwi\u0119ksza cz\u0119\u015b\u0107 naszych domowych \u015bmieci, czyli resztki kuchenne (i ewentualnie ogrodowe). Wierz\u0119, \u017ce nasze Czytelniczki i Czytelnicy robi\u0105","og_url":"https:\/\/baranowscy.eu\/wordpress\/czy-kompostowalne-worki-na-bioodpady-maja-sens\/","og_site_name":"organiczni.eu","article_publisher":"https:\/\/www.facebook.com\/organiczni\/","article_published_time":"2019-12-19T22:25:57+00:00","article_modified_time":"2021-01-07T20:45:45+00:00","og_image":[{"width":1200,"height":628,"url":"https:\/\/baranowscy.eu\/wordpress\/wp-content\/uploads\/2019\/12\/worki_na_bioodpady_0.jpg","type":"image\/jpeg"}],"author":"joanna","twitter_card":"summary_large_image","twitter_misc":{"Napisane przez":"joanna","Szacowany czas czytania":"6 minut"},"schema":{"@context":"https:\/\/schema.org","@graph":[{"@type":"Article","@id":"https:\/\/baranowscy.eu\/wordpress\/czy-kompostowalne-worki-na-bioodpady-maja-sens\/#article","isPartOf":{"@id":"https:\/\/baranowscy.eu\/wordpress\/czy-kompostowalne-worki-na-bioodpady-maja-sens\/"},"author":{"name":"joanna","@id":"https:\/\/baranowscy.eu\/wordpress\/#\/schema\/person\/741d5f1f3fd2833c5ca2ffdaaa93dc73"},"headline":"Czy kompostowalne worki na bioodpady maj\u0105 sens?","datePublished":"2019-12-19T22:25:57+00:00","dateModified":"2021-01-07T20:45:45+00:00","mainEntityOfPage":{"@id":"https:\/\/baranowscy.eu\/wordpress\/czy-kompostowalne-worki-na-bioodpady-maja-sens\/"},"wordCount":1171,"commentCount":7,"publisher":{"@id":"https:\/\/baranowscy.eu\/wordpress\/#organization"},"image":{"@id":"https:\/\/baranowscy.eu\/wordpress\/czy-kompostowalne-worki-na-bioodpady-maja-sens\/#primaryimage"},"thumbnailUrl":"https:\/\/baranowscy.eu\/wordpress\/wp-content\/uploads\/2019\/12\/worki_na_bioodpady_0.jpg","keywords":["bioodpady","kompost","kompostowanie","recenzja sponsorowana","segregacja odpad\u00f3w","\u015bmieci"],"articleSection":["ekosprz\u0105tanie","Kompost","recenzje","segregacja odpad\u00f3w"],"inLanguage":"pl-PL","potentialAction":[{"@type":"CommentAction","name":"Comment","target":["https:\/\/baranowscy.eu\/wordpress\/czy-kompostowalne-worki-na-bioodpady-maja-sens\/#respond"]}]},{"@type":"WebPage","@id":"https:\/\/baranowscy.eu\/wordpress\/czy-kompostowalne-worki-na-bioodpady-maja-sens\/","url":"https:\/\/baranowscy.eu\/wordpress\/czy-kompostowalne-worki-na-bioodpady-maja-sens\/","name":"Czy kompostowalne worki na bioodpady maj\u0105 sens? | organiczni.eu","isPartOf":{"@id":"https:\/\/baranowscy.eu\/wordpress\/#website"},"primaryImageOfPage":{"@id":"https:\/\/baranowscy.eu\/wordpress\/czy-kompostowalne-worki-na-bioodpady-maja-sens\/#primaryimage"},"image":{"@id":"https:\/\/baranowscy.eu\/wordpress\/czy-kompostowalne-worki-na-bioodpady-maja-sens\/#primaryimage"},"thumbnailUrl":"https:\/\/baranowscy.eu\/wordpress\/wp-content\/uploads\/2019\/12\/worki_na_bioodpady_0.jpg","datePublished":"2019-12-19T22:25:57+00:00","dateModified":"2021-01-07T20:45:45+00:00","description":"Bioodpady, najwi\u0119ksza cz\u0119\u015b\u0107 naszych domowych \u015bmieci, czyli resztki kuchenne (i ewentualnie ogrodowe). Wierz\u0119, \u017ce nasze Czytelniczki i Czytelnicy robi\u0105","breadcrumb":{"@id":"https:\/\/baranowscy.eu\/wordpress\/czy-kompostowalne-worki-na-bioodpady-maja-sens\/#breadcrumb"},"inLanguage":"pl-PL","potentialAction":[{"@type":"ReadAction","target":["https:\/\/baranowscy.eu\/wordpress\/czy-kompostowalne-worki-na-bioodpady-maja-sens\/"]}]},{"@type":"ImageObject","inLanguage":"pl-PL","@id":"https:\/\/baranowscy.eu\/wordpress\/czy-kompostowalne-worki-na-bioodpady-maja-sens\/#primaryimage","url":"https:\/\/baranowscy.eu\/wordpress\/wp-content\/uploads\/2019\/12\/worki_na_bioodpady_0.jpg","contentUrl":"https:\/\/baranowscy.eu\/wordpress\/wp-content\/uploads\/2019\/12\/worki_na_bioodpady_0.jpg","width":1200,"height":628},{"@type":"BreadcrumbList","@id":"https:\/\/baranowscy.eu\/wordpress\/czy-kompostowalne-worki-na-bioodpady-maja-sens\/#breadcrumb","itemListElement":[{"@type":"ListItem","position":1,"name":"Strona g\u0142\u00f3wna","item":"https:\/\/baranowscy.eu\/wordpress\/"},{"@type":"ListItem","position":2,"name":"Czy kompostowalne worki na bioodpady maj\u0105 sens?"}]},{"@type":"WebSite","@id":"https:\/\/baranowscy.eu\/wordpress\/#website","url":"https:\/\/baranowscy.eu\/wordpress\/","name":"organiczni.eu","description":"Najbardziej wszechstronny blog ekologiczny","publisher":{"@id":"https:\/\/baranowscy.eu\/wordpress\/#organization"},"potentialAction":[{"@type":"SearchAction","target":{"@type":"EntryPoint","urlTemplate":"https:\/\/baranowscy.eu\/wordpress\/?s={search_term_string}"},"query-input":{"@type":"PropertyValueSpecification","valueRequired":true,"valueName":"search_term_string"}}],"inLanguage":"pl-PL"},{"@type":"Organization","@id":"https:\/\/baranowscy.eu\/wordpress\/#organization","name":"organiczni.eu","url":"https:\/\/baranowscy.eu\/wordpress\/","logo":{"@type":"ImageObject","inLanguage":"pl-PL","@id":"https:\/\/baranowscy.eu\/wordpress\/#\/schema\/logo\/image\/","url":"https:\/\/baranowscy.eu\/wordpress\/wp-content\/uploads\/2018\/01\/logo_duze.png","contentUrl":"https:\/\/baranowscy.eu\/wordpress\/wp-content\/uploads\/2018\/01\/logo_duze.png","width":1398,"height":300,"caption":"organiczni.eu"},"image":{"@id":"https:\/\/baranowscy.eu\/wordpress\/#\/schema\/logo\/image\/"},"sameAs":["https:\/\/www.facebook.com\/organiczni\/","https:\/\/www.instagram.com\/organiczni.eu\/"]},{"@type":"Person","@id":"https:\/\/baranowscy.eu\/wordpress\/#\/schema\/person\/741d5f1f3fd2833c5ca2ffdaaa93dc73","name":"joanna","image":{"@type":"ImageObject","inLanguage":"pl-PL","@id":"https:\/\/secure.gravatar.com\/avatar\/a59b1be4fa5d200ee0af0ba4bbcdb691da1d589b419bae23d7aa5a15d820e28e?s=96&d=identicon&r=g","url":"https:\/\/secure.gravatar.com\/avatar\/a59b1be4fa5d200ee0af0ba4bbcdb691da1d589b419bae23d7aa5a15d820e28e?s=96&d=identicon&r=g","contentUrl":"https:\/\/secure.gravatar.com\/avatar\/a59b1be4fa5d200ee0af0ba4bbcdb691da1d589b419bae23d7aa5a15d820e28e?s=96&d=identicon&r=g","caption":"joanna"},"sameAs":["https:\/\/organiczni.baranowscy.eu"],"url":"https:\/\/baranowscy.eu\/wordpress\/author\/admin\/"}]}},"jetpack_featured_media_url":"https:\/\/baranowscy.eu\/wordpress\/wp-content\/uploads\/2019\/12\/worki_na_bioodpady_0.jpg","jetpack_sharing_enabled":true,"_links":{"self":[{"href":"https:\/\/baranowscy.eu\/wordpress\/wp-json\/wp\/v2\/posts\/9953","targetHints":{"allow":["GET"]}}],"collection":[{"href":"https:\/\/baranowscy.eu\/wordpress\/wp-json\/wp\/v2\/posts"}],"about":[{"href":"https:\/\/baranowscy.eu\/wordpress\/wp-json\/wp\/v2\/types\/post"}],"author":[{"embeddable":true,"href":"https:\/\/baranowscy.eu\/wordpress\/wp-json\/wp\/v2\/users\/1"}],"replies":[{"embeddable":true,"href":"https:\/\/baranowscy.eu\/wordpress\/wp-json\/wp\/v2\/comments?post=9953"}],"version-history":[{"count":8,"href":"https:\/\/baranowscy.eu\/wordpress\/wp-json\/wp\/v2\/posts\/9953\/revisions"}],"predecessor-version":[{"id":11320,"href":"https:\/\/baranowscy.eu\/wordpress\/wp-json\/wp\/v2\/posts\/9953\/revisions\/11320"}],"wp:featuredmedia":[{"embeddable":true,"href":"https:\/\/baranowscy.eu\/wordpress\/wp-json\/wp\/v2\/media\/9958"}],"wp:attachment":[{"href":"https:\/\/baranowscy.eu\/wordpress\/wp-json\/wp\/v2\/media?parent=9953"}],"wp:term":[{"taxonomy":"category","embeddable":true,"href":"https:\/\/baranowscy.eu\/wordpress\/wp-json\/wp\/v2\/categories?post=9953"},{"taxonomy":"post_tag","embeddable":true,"href":"https:\/\/baranowscy.eu\/wordpress\/wp-json\/wp\/v2\/tags?post=9953"}],"curies":[{"name":"wp","href":"https:\/\/api.w.org\/{rel}","templated":true}]}}