{"id":9425,"date":"2019-07-01T10:42:47","date_gmt":"2019-07-01T08:42:47","guid":{"rendered":"http:\/\/baranowscy.eu\/wordpress\/?p=9425"},"modified":"2019-07-01T11:50:58","modified_gmt":"2019-07-01T09:50:58","slug":"nie-piore-dzinsow-od-pol-roku-dlaczego","status":"publish","type":"post","link":"https:\/\/baranowscy.eu\/wordpress\/nie-piore-dzinsow-od-pol-roku-dlaczego\/","title":{"rendered":"Nie pior\u0119 d\u017cins\u00f3w od p\u00f3\u0142 roku. Dlaczego?"},"content":{"rendered":"<p><strong>W\u0142a\u015bnie min\u0119\u0142o p\u00f3\u0142 roku, odk\u0105d mam swoje nowe d\u017cinsy (dosta\u0142am je pod choink\u0119). Tak jak w upalne miesi\u0105ce zak\u0142adam je naprawd\u0119 rzadko, tak w sezonie zimowym i wczesnowiosennym mia\u0142am je na sobie niemal codziennie. Prze\u017cy\u0142y m.in. b\u0142otnisty wypad w Beskidy i dot\u0105d ani razu ich nie pra\u0142am. Zgodnie z zaleceniem producenta.<\/strong><\/p>\n<p>Dlaczego nie pior\u0119 d\u017cins\u00f3w? Najprostsza odpowied\u017a to: bo nie musz\u0119. I cho\u0107 wpis po\u015bwi\u0119cam mojej ulubionej, etycznej i tak, drogiej, marce Nudie Jeans, to dotyczy to ka\u017cdej pary spodni z denimu.<\/p>\n<p>(Nudie Jeans nie zap\u0142aci\u0142o mi za ten tekst, wr\u0119cz przeciwnie, to ja im p\u0142ac\u0119 za spodnie).<\/p>\n<p><a href=\"https:\/\/baranowscy.eu\/wordpress\/moje-etyczne-zakupy-ubrania\/\" target=\"_blank\" rel=\"noopener\"><strong>&gt;&gt; O Nudie Jeans pisa\u0142am ju\u017c kiedy\u015b tutaj.<\/strong><\/a>\u00a0Ich cena wynika m.in. z tego, \u017ce produkcja przebiega w spos\u00f3b etyczny (producenci wsp\u00f3\u0142pracuj\u0105 z\u00a0<span data-reactid=\".14b63rg62fu.1.4.0.0.2.0.0.3.$paragraph-13-1.$text-13-1\">Fair Wear Foundation).<\/span><\/p>\n<figure id=\"attachment_9435\" aria-describedby=\"caption-attachment-9435\" style=\"width: 600px\" class=\"wp-caption alignleft\"><a href=\"https:\/\/baranowscy.eu\/wordpress\/wp-content\/uploads\/2019\/07\/nie_piore_dzinsow_1.jpg\"><img loading=\"lazy\" decoding=\"async\" class=\"size-full wp-image-9435\" src=\"https:\/\/baranowscy.eu\/wordpress\/wp-content\/uploads\/2019\/07\/nie_piore_dzinsow_1.jpg\" alt=\"Por\u00f3wnanie: ten sam model d\u017cins\u00f3w nieprany i prany regularnie\" width=\"600\" height=\"667\" \/><\/a><figcaption id=\"caption-attachment-9435\" class=\"wp-caption-text\">Por\u00f3wnanie: ten sam model d\u017cins\u00f3w nieprany i prany regularnie<\/figcaption><\/figure>\n<h2>Dlaczego nie pior\u0119 d\u017cins\u00f3w<\/h2>\n<p><strong>Nie pior\u0119 d\u017cins\u00f3w, bo nie musz\u0119! Pranie d\u017cins\u00f3w niszczy materia\u0142 (a konkretnie narusza struktur\u0119 w\u0142\u00f3kien).<\/strong> Niby takie oczywiste, ale przekona\u0142am si\u0119 o tym w wypadku moich poprzednich spodni Nudie, kt\u00f3re pra\u0142am do\u015b\u0107 niefrasobliwie. Na zdj\u0119ciach macie por\u00f3wnanie: d\u017cinsy po 2 latach u\u017cywania (i prania) oraz p\u00f3\u0142roczne spodnie nieprane, ale intensywnie noszone.<\/p>\n<p><strong>Nudie Jeans zach\u0119ca do nieprania d\u017cins\u00f3w tak\u017ce z powod\u00f3w ekologicznych: co prawda wszystkie spodnie NJ s\u0105 z bawe\u0142ny organicznej, ale ona tak\u017ce wymaga wody do upraw. Niepranie spodni ma cho\u0107 minimalnie zbilansowa\u0107 te kilka tysi\u0119cy litr\u00f3w wody potrzebnych na jedn\u0105 par\u0119 d\u017cins\u00f3w.<\/strong><\/p>\n<blockquote><p>Add the concept of wear and break-in (six months of daily use without laundering) and our promise of free repairs. Combine it with used denim going back into the loop as second-hand jeans or raw material for new products. All this equals a smarter way to consume, and also an environmentally sustainable product.<\/p><\/blockquote>\n<p>Nudie Jeans zapewnia wi\u0119c bezp\u0142atne reperowanie d\u017cins\u00f3w (niedost\u0119pne w Polsce, niestety), a je\u015bli nasze spodnie ca\u0142kiem si\u0119 zu\u017cyj\u0105, mo\u017cemy odda\u0107 je producentowi, kt\u00f3ry wykorzysta je np. do naprawiania innych par lub zrobi z nich zupe\u0142nie now\u0105 par\u0119.<\/p>\n<p><strong><div class='dropshadowboxes-container ' style='width:640px;'>\r\n                            <div class='dropshadowboxes-drop-shadow dropshadowboxes-rounded-corners dropshadowboxes-lifted-both dropshadowboxes-effect-default' style=' border: 1px solid #dddddd; height:; background-color:#b8f6f6;    '>\r\n                            Dbanie o d\u017cinsy<\/strong><\/p>\n<ul>\n<li>Nie pra\u0107. Mrozi\u0107.<\/li>\n<li>Wietrzy\u0107.<\/li>\n<li>Brud czy\u015bci\u0107 lokalnie myd\u0142em.<\/li>\n<li>Je\u015bli pra\u0107, to na lewej stronie i w zimnej wodzie. Bez p\u0142ynu do p\u0142ukania.<\/li>\n<li>Przed pierwszym praniem wyp\u0142uka\u0107 je w wodzie z octem &#8211; pomo\u017ce zachowa\u0107 kolor.<\/li>\n<li>Nie wirowa\u0107 &#8211; ewentualne na niskich obrotach.<\/li>\n<li>Nie suszy\u0107 w suszarce.<\/li>\n<li>Nie suszy\u0107 w pe\u0142nym s\u0142o\u0144cu.\r\n                            <\/div>\r\n                        <\/div><\/li>\n<\/ul>\n<header data-reactid=\".14b63rg62fu.1.4.0.0.2.0.0.0\">\n<div data-reactid=\".14b63rg62fu.1.4.0.0.2.0.0.0.1\">\n<figure id=\"attachment_9434\" aria-describedby=\"caption-attachment-9434\" style=\"width: 600px\" class=\"wp-caption alignleft\"><a href=\"https:\/\/baranowscy.eu\/wordpress\/wp-content\/uploads\/2019\/07\/nie_piore_dzinsow_2.jpg\"><img loading=\"lazy\" decoding=\"async\" class=\"size-full wp-image-9434\" src=\"https:\/\/baranowscy.eu\/wordpress\/wp-content\/uploads\/2019\/07\/nie_piore_dzinsow_2.jpg\" alt=\"Nie pior\u0119 d\u017cins\u00f3w, bo si\u0119 niszcz\u0105\" width=\"600\" height=\"667\" \/><\/a><figcaption id=\"caption-attachment-9434\" class=\"wp-caption-text\">Nie pior\u0119 d\u017cins\u00f3w, bo si\u0119 niszcz\u0105<\/figcaption><\/figure>\n<\/div>\n<\/header>\n<h2 data-reactid=\".14b63rg62fu.1.4.0.0.2.0.0.1.$paragraph-7-1\">Co zrobi\u0107 ze zniszczonymi d\u017cinsami?<\/h2>\n<p data-reactid=\".14b63rg62fu.1.4.0.0.2.0.0.1.$paragraph-7-1\">Kiedy nasze ulubione spodnie wygl\u0105daj\u0105 tak, \u017ce psy wyj\u0105 na nasz widok, a ludzie chowaj\u0105 si\u0119 po bramach, mo\u017ce warto da\u0107 im nowe \u017cycie gdzie\u015b indziej?<\/p>\n<p data-reactid=\".14b63rg62fu.1.4.0.0.2.0.0.1.$paragraph-7-1\"><a href=\"https:\/\/baranowscy.eu\/wordpress\/wp-content\/uploads\/2019\/07\/kokoworld.png\"><img loading=\"lazy\" decoding=\"async\" class=\"alignleft wp-image-9429 size-medium\" src=\"https:\/\/baranowscy.eu\/wordpress\/wp-content\/uploads\/2019\/07\/kokoworld-300x300.png\" alt=\"\" width=\"300\" height=\"300\" srcset=\"https:\/\/baranowscy.eu\/wordpress\/wp-content\/uploads\/2019\/07\/kokoworld-300x300.png 300w, https:\/\/baranowscy.eu\/wordpress\/wp-content\/uploads\/2019\/07\/kokoworld-100x100.png 100w, https:\/\/baranowscy.eu\/wordpress\/wp-content\/uploads\/2019\/07\/kokoworld-600x600.png 600w, https:\/\/baranowscy.eu\/wordpress\/wp-content\/uploads\/2019\/07\/kokoworld-150x150.png 150w, https:\/\/baranowscy.eu\/wordpress\/wp-content\/uploads\/2019\/07\/kokoworld-768x768.png 768w, https:\/\/baranowscy.eu\/wordpress\/wp-content\/uploads\/2019\/07\/kokoworld-1024x1024.png 1024w, https:\/\/baranowscy.eu\/wordpress\/wp-content\/uploads\/2019\/07\/kokoworld-560x560.png 560w, https:\/\/baranowscy.eu\/wordpress\/wp-content\/uploads\/2019\/07\/kokoworld.png 1280w\" sizes=\"auto, (max-width: 300px) 100vw, 300px\" \/><\/a>Mo\u017cna na przyk\u0142ad odda\u0107 je do recyklingu z misj\u0105. Przerabianiem d\u017cins\u00f3w zajmuje si\u0119 co jaki\u015b czas marka KOKOworld. Organizuje zbi\u00f3rki spodni, z kt\u00f3rych s\u0105 szyte gad\u017cety, a nawet nowe ubrania.<\/p>\n<p data-reactid=\".14b63rg62fu.1.4.0.0.2.0.0.1.$paragraph-7-1\">&gt;&gt; <a href=\"https:\/\/www.kokoworld.pl\/kolekcja\/jeans-for-a-better-world\" target=\"_blank\" rel=\"noopener\"><strong>Tu mo\u017cecie kupi\u0107 efekty ostatniej akcji.<\/strong><\/a><\/p>\n<div data-reactid=\".14b63rg62fu.1.4.0.0.2.0.0.1\">Doch\u00f3d ze\u00a0sprzeda\u017cy produkt\u00f3w Jeans for a better world pow\u0119druje na edukacj\u0119 niezwyk\u0142ych uczennic z Wysp Zielonego Przyl\u0105dka. Wi\u0119cej informacji <strong>&gt;&gt; <a href=\"http:\/\/newsroom.kokoworld.pl\/60165-jeans-for-a-better-world\" target=\"_blank\" rel=\"noopener\">pod tym linkiem<\/a><\/strong>.<\/div>\n<div data-reactid=\".14b63rg62fu.1.4.0.0.2.0.0.1\"><\/div>\n<div data-reactid=\".14b63rg62fu.1.4.0.0.2.0.0.1\"><strong>Pierzecie d\u017cinsy? A je\u015bli tak przestrzegacie zasad z niebieskiej ramki? Napiszcie!<\/strong><\/div>\n","protected":false},"excerpt":{"rendered":"<p>W\u0142a\u015bnie min\u0119\u0142o p\u00f3\u0142 roku, odk\u0105d mam swoje nowe d\u017cinsy (dosta\u0142am je pod choink\u0119). Tak jak w upalne miesi\u0105ce zak\u0142adam je naprawd\u0119 rzadko, tak w sezonie&hellip;<\/p>\n","protected":false},"author":1,"featured_media":9433,"comment_status":"open","ping_status":"open","sticky":false,"template":"","format":"standard","meta":{"_jetpack_memberships_contains_paid_content":false,"footnotes":""},"categories":[142,2],"tags":[1345,1461,1210,1241,1209,71],"class_list":["post-9425","post","type-post","status-publish","format-standard","has-post-thumbnail","hentry","category-fair-trade-sprawiedliwy-handel","category-slowo-od-autora","tag-bawelna-organiczna","tag-dzinsy","tag-etyczne-dzinsy","tag-kokoworld","tag-nudie-jeans","tag-sprawiedliwy-handel"],"yoast_head":"<!-- This site is optimized with the Yoast SEO plugin v27.5 - https:\/\/yoast.com\/product\/yoast-seo-wordpress\/ -->\n<title>Nie pior\u0119 d\u017cins\u00f3w od p\u00f3\u0142 roku. Dlaczego? | organiczni.eu<\/title>\n<meta name=\"description\" content=\"Dlaczego nie pior\u0119 d\u017cins\u00f3w? Najprostsza odpowied\u017a to: bo nie musz\u0119. Bo pranie niszczy d\u017cinsy i zu\u017cywa wod\u0119. Bo jest niepotrzebne.\" \/>\n<meta name=\"robots\" content=\"index, follow, max-snippet:-1, max-image-preview:large, max-video-preview:-1\" \/>\n<link rel=\"canonical\" href=\"https:\/\/baranowscy.eu\/wordpress\/nie-piore-dzinsow-od-pol-roku-dlaczego\/\" \/>\n<meta property=\"og:locale\" content=\"pl_PL\" \/>\n<meta property=\"og:type\" content=\"article\" \/>\n<meta property=\"og:title\" content=\"Nie pior\u0119 d\u017cins\u00f3w od p\u00f3\u0142 roku. Dlaczego? | organiczni.eu\" \/>\n<meta property=\"og:description\" content=\"Dlaczego nie pior\u0119 d\u017cins\u00f3w? Najprostsza odpowied\u017a to: bo nie musz\u0119. Bo pranie niszczy d\u017cinsy i zu\u017cywa wod\u0119. Bo jest niepotrzebne.\" \/>\n<meta property=\"og:url\" content=\"https:\/\/baranowscy.eu\/wordpress\/nie-piore-dzinsow-od-pol-roku-dlaczego\/\" \/>\n<meta property=\"og:site_name\" content=\"organiczni.eu\" \/>\n<meta property=\"article:publisher\" content=\"https:\/\/www.facebook.com\/organiczni\/\" \/>\n<meta property=\"article:published_time\" content=\"2019-07-01T08:42:47+00:00\" \/>\n<meta property=\"article:modified_time\" content=\"2019-07-01T09:50:58+00:00\" \/>\n<meta property=\"og:image\" content=\"https:\/\/baranowscy.eu\/wordpress\/wp-content\/uploads\/2019\/07\/nie_piore_dzinsow.jpg\" \/>\n\t<meta property=\"og:image:width\" content=\"1200\" \/>\n\t<meta property=\"og:image:height\" content=\"628\" \/>\n\t<meta property=\"og:image:type\" content=\"image\/jpeg\" \/>\n<meta name=\"author\" content=\"joanna\" \/>\n<meta name=\"twitter:card\" content=\"summary_large_image\" \/>\n<meta name=\"twitter:label1\" content=\"Napisane przez\" \/>\n\t<meta name=\"twitter:data1\" content=\"joanna\" \/>\n\t<meta name=\"twitter:label2\" content=\"Szacowany czas czytania\" \/>\n\t<meta name=\"twitter:data2\" content=\"3 minuty\" \/>\n<script type=\"application\/ld+json\" class=\"yoast-schema-graph\">{\"@context\":\"https:\\\/\\\/schema.org\",\"@graph\":[{\"@type\":\"Article\",\"@id\":\"https:\\\/\\\/baranowscy.eu\\\/wordpress\\\/nie-piore-dzinsow-od-pol-roku-dlaczego\\\/#article\",\"isPartOf\":{\"@id\":\"https:\\\/\\\/baranowscy.eu\\\/wordpress\\\/nie-piore-dzinsow-od-pol-roku-dlaczego\\\/\"},\"author\":{\"name\":\"joanna\",\"@id\":\"https:\\\/\\\/baranowscy.eu\\\/wordpress\\\/#\\\/schema\\\/person\\\/741d5f1f3fd2833c5ca2ffdaaa93dc73\"},\"headline\":\"Nie pior\u0119 d\u017cins\u00f3w od p\u00f3\u0142 roku. Dlaczego?\",\"datePublished\":\"2019-07-01T08:42:47+00:00\",\"dateModified\":\"2019-07-01T09:50:58+00:00\",\"mainEntityOfPage\":{\"@id\":\"https:\\\/\\\/baranowscy.eu\\\/wordpress\\\/nie-piore-dzinsow-od-pol-roku-dlaczego\\\/\"},\"wordCount\":634,\"commentCount\":14,\"publisher\":{\"@id\":\"https:\\\/\\\/baranowscy.eu\\\/wordpress\\\/#organization\"},\"image\":{\"@id\":\"https:\\\/\\\/baranowscy.eu\\\/wordpress\\\/nie-piore-dzinsow-od-pol-roku-dlaczego\\\/#primaryimage\"},\"thumbnailUrl\":\"https:\\\/\\\/baranowscy.eu\\\/wordpress\\\/wp-content\\\/uploads\\\/2019\\\/07\\\/nie_piore_dzinsow.jpg\",\"keywords\":[\"bawe\u0142na organiczna\",\"d\u017cinsy\",\"etyczne d\u017cinsy\",\"KOKOworld\",\"Nudie Jeans\",\"Sprawiedliwy Handel\"],\"articleSection\":[\"Fair Trade - Sprawiedliwy Handel\",\"s\u0142owo od autora\"],\"inLanguage\":\"pl-PL\",\"potentialAction\":[{\"@type\":\"CommentAction\",\"name\":\"Comment\",\"target\":[\"https:\\\/\\\/baranowscy.eu\\\/wordpress\\\/nie-piore-dzinsow-od-pol-roku-dlaczego\\\/#respond\"]}]},{\"@type\":\"WebPage\",\"@id\":\"https:\\\/\\\/baranowscy.eu\\\/wordpress\\\/nie-piore-dzinsow-od-pol-roku-dlaczego\\\/\",\"url\":\"https:\\\/\\\/baranowscy.eu\\\/wordpress\\\/nie-piore-dzinsow-od-pol-roku-dlaczego\\\/\",\"name\":\"Nie pior\u0119 d\u017cins\u00f3w od p\u00f3\u0142 roku. Dlaczego? | organiczni.eu\",\"isPartOf\":{\"@id\":\"https:\\\/\\\/baranowscy.eu\\\/wordpress\\\/#website\"},\"primaryImageOfPage\":{\"@id\":\"https:\\\/\\\/baranowscy.eu\\\/wordpress\\\/nie-piore-dzinsow-od-pol-roku-dlaczego\\\/#primaryimage\"},\"image\":{\"@id\":\"https:\\\/\\\/baranowscy.eu\\\/wordpress\\\/nie-piore-dzinsow-od-pol-roku-dlaczego\\\/#primaryimage\"},\"thumbnailUrl\":\"https:\\\/\\\/baranowscy.eu\\\/wordpress\\\/wp-content\\\/uploads\\\/2019\\\/07\\\/nie_piore_dzinsow.jpg\",\"datePublished\":\"2019-07-01T08:42:47+00:00\",\"dateModified\":\"2019-07-01T09:50:58+00:00\",\"description\":\"Dlaczego nie pior\u0119 d\u017cins\u00f3w? Najprostsza odpowied\u017a to: bo nie musz\u0119. Bo pranie niszczy d\u017cinsy i zu\u017cywa wod\u0119. Bo jest niepotrzebne.\",\"breadcrumb\":{\"@id\":\"https:\\\/\\\/baranowscy.eu\\\/wordpress\\\/nie-piore-dzinsow-od-pol-roku-dlaczego\\\/#breadcrumb\"},\"inLanguage\":\"pl-PL\",\"potentialAction\":[{\"@type\":\"ReadAction\",\"target\":[\"https:\\\/\\\/baranowscy.eu\\\/wordpress\\\/nie-piore-dzinsow-od-pol-roku-dlaczego\\\/\"]}]},{\"@type\":\"ImageObject\",\"inLanguage\":\"pl-PL\",\"@id\":\"https:\\\/\\\/baranowscy.eu\\\/wordpress\\\/nie-piore-dzinsow-od-pol-roku-dlaczego\\\/#primaryimage\",\"url\":\"https:\\\/\\\/baranowscy.eu\\\/wordpress\\\/wp-content\\\/uploads\\\/2019\\\/07\\\/nie_piore_dzinsow.jpg\",\"contentUrl\":\"https:\\\/\\\/baranowscy.eu\\\/wordpress\\\/wp-content\\\/uploads\\\/2019\\\/07\\\/nie_piore_dzinsow.jpg\",\"width\":1200,\"height\":628,\"caption\":\"Nie pior\u0119 d\u017cins\u00f3w\"},{\"@type\":\"BreadcrumbList\",\"@id\":\"https:\\\/\\\/baranowscy.eu\\\/wordpress\\\/nie-piore-dzinsow-od-pol-roku-dlaczego\\\/#breadcrumb\",\"itemListElement\":[{\"@type\":\"ListItem\",\"position\":1,\"name\":\"Strona g\u0142\u00f3wna\",\"item\":\"https:\\\/\\\/baranowscy.eu\\\/wordpress\\\/\"},{\"@type\":\"ListItem\",\"position\":2,\"name\":\"Nie pior\u0119 d\u017cins\u00f3w od p\u00f3\u0142 roku. Dlaczego?\"}]},{\"@type\":\"WebSite\",\"@id\":\"https:\\\/\\\/baranowscy.eu\\\/wordpress\\\/#website\",\"url\":\"https:\\\/\\\/baranowscy.eu\\\/wordpress\\\/\",\"name\":\"organiczni.eu\",\"description\":\"Najbardziej wszechstronny blog ekologiczny\",\"publisher\":{\"@id\":\"https:\\\/\\\/baranowscy.eu\\\/wordpress\\\/#organization\"},\"potentialAction\":[{\"@type\":\"SearchAction\",\"target\":{\"@type\":\"EntryPoint\",\"urlTemplate\":\"https:\\\/\\\/baranowscy.eu\\\/wordpress\\\/?s={search_term_string}\"},\"query-input\":{\"@type\":\"PropertyValueSpecification\",\"valueRequired\":true,\"valueName\":\"search_term_string\"}}],\"inLanguage\":\"pl-PL\"},{\"@type\":\"Organization\",\"@id\":\"https:\\\/\\\/baranowscy.eu\\\/wordpress\\\/#organization\",\"name\":\"organiczni.eu\",\"url\":\"https:\\\/\\\/baranowscy.eu\\\/wordpress\\\/\",\"logo\":{\"@type\":\"ImageObject\",\"inLanguage\":\"pl-PL\",\"@id\":\"https:\\\/\\\/baranowscy.eu\\\/wordpress\\\/#\\\/schema\\\/logo\\\/image\\\/\",\"url\":\"https:\\\/\\\/baranowscy.eu\\\/wordpress\\\/wp-content\\\/uploads\\\/2018\\\/01\\\/logo_duze.png\",\"contentUrl\":\"https:\\\/\\\/baranowscy.eu\\\/wordpress\\\/wp-content\\\/uploads\\\/2018\\\/01\\\/logo_duze.png\",\"width\":1398,\"height\":300,\"caption\":\"organiczni.eu\"},\"image\":{\"@id\":\"https:\\\/\\\/baranowscy.eu\\\/wordpress\\\/#\\\/schema\\\/logo\\\/image\\\/\"},\"sameAs\":[\"https:\\\/\\\/www.facebook.com\\\/organiczni\\\/\",\"https:\\\/\\\/www.instagram.com\\\/organiczni.eu\\\/\"]},{\"@type\":\"Person\",\"@id\":\"https:\\\/\\\/baranowscy.eu\\\/wordpress\\\/#\\\/schema\\\/person\\\/741d5f1f3fd2833c5ca2ffdaaa93dc73\",\"name\":\"joanna\",\"image\":{\"@type\":\"ImageObject\",\"inLanguage\":\"pl-PL\",\"@id\":\"https:\\\/\\\/secure.gravatar.com\\\/avatar\\\/a59b1be4fa5d200ee0af0ba4bbcdb691da1d589b419bae23d7aa5a15d820e28e?s=96&d=identicon&r=g\",\"url\":\"https:\\\/\\\/secure.gravatar.com\\\/avatar\\\/a59b1be4fa5d200ee0af0ba4bbcdb691da1d589b419bae23d7aa5a15d820e28e?s=96&d=identicon&r=g\",\"contentUrl\":\"https:\\\/\\\/secure.gravatar.com\\\/avatar\\\/a59b1be4fa5d200ee0af0ba4bbcdb691da1d589b419bae23d7aa5a15d820e28e?s=96&d=identicon&r=g\",\"caption\":\"joanna\"},\"sameAs\":[\"https:\\\/\\\/organiczni.baranowscy.eu\"],\"url\":\"https:\\\/\\\/baranowscy.eu\\\/wordpress\\\/author\\\/admin\\\/\"}]}<\/script>\n<!-- \/ Yoast SEO plugin. -->","yoast_head_json":{"title":"Nie pior\u0119 d\u017cins\u00f3w od p\u00f3\u0142 roku. Dlaczego? | organiczni.eu","description":"Dlaczego nie pior\u0119 d\u017cins\u00f3w? Najprostsza odpowied\u017a to: bo nie musz\u0119. Bo pranie niszczy d\u017cinsy i zu\u017cywa wod\u0119. Bo jest niepotrzebne.","robots":{"index":"index","follow":"follow","max-snippet":"max-snippet:-1","max-image-preview":"max-image-preview:large","max-video-preview":"max-video-preview:-1"},"canonical":"https:\/\/baranowscy.eu\/wordpress\/nie-piore-dzinsow-od-pol-roku-dlaczego\/","og_locale":"pl_PL","og_type":"article","og_title":"Nie pior\u0119 d\u017cins\u00f3w od p\u00f3\u0142 roku. Dlaczego? | organiczni.eu","og_description":"Dlaczego nie pior\u0119 d\u017cins\u00f3w? Najprostsza odpowied\u017a to: bo nie musz\u0119. Bo pranie niszczy d\u017cinsy i zu\u017cywa wod\u0119. Bo jest niepotrzebne.","og_url":"https:\/\/baranowscy.eu\/wordpress\/nie-piore-dzinsow-od-pol-roku-dlaczego\/","og_site_name":"organiczni.eu","article_publisher":"https:\/\/www.facebook.com\/organiczni\/","article_published_time":"2019-07-01T08:42:47+00:00","article_modified_time":"2019-07-01T09:50:58+00:00","og_image":[{"width":1200,"height":628,"url":"https:\/\/baranowscy.eu\/wordpress\/wp-content\/uploads\/2019\/07\/nie_piore_dzinsow.jpg","type":"image\/jpeg"}],"author":"joanna","twitter_card":"summary_large_image","twitter_misc":{"Napisane przez":"joanna","Szacowany czas czytania":"3 minuty"},"schema":{"@context":"https:\/\/schema.org","@graph":[{"@type":"Article","@id":"https:\/\/baranowscy.eu\/wordpress\/nie-piore-dzinsow-od-pol-roku-dlaczego\/#article","isPartOf":{"@id":"https:\/\/baranowscy.eu\/wordpress\/nie-piore-dzinsow-od-pol-roku-dlaczego\/"},"author":{"name":"joanna","@id":"https:\/\/baranowscy.eu\/wordpress\/#\/schema\/person\/741d5f1f3fd2833c5ca2ffdaaa93dc73"},"headline":"Nie pior\u0119 d\u017cins\u00f3w od p\u00f3\u0142 roku. Dlaczego?","datePublished":"2019-07-01T08:42:47+00:00","dateModified":"2019-07-01T09:50:58+00:00","mainEntityOfPage":{"@id":"https:\/\/baranowscy.eu\/wordpress\/nie-piore-dzinsow-od-pol-roku-dlaczego\/"},"wordCount":634,"commentCount":14,"publisher":{"@id":"https:\/\/baranowscy.eu\/wordpress\/#organization"},"image":{"@id":"https:\/\/baranowscy.eu\/wordpress\/nie-piore-dzinsow-od-pol-roku-dlaczego\/#primaryimage"},"thumbnailUrl":"https:\/\/baranowscy.eu\/wordpress\/wp-content\/uploads\/2019\/07\/nie_piore_dzinsow.jpg","keywords":["bawe\u0142na organiczna","d\u017cinsy","etyczne d\u017cinsy","KOKOworld","Nudie Jeans","Sprawiedliwy Handel"],"articleSection":["Fair Trade - Sprawiedliwy Handel","s\u0142owo od autora"],"inLanguage":"pl-PL","potentialAction":[{"@type":"CommentAction","name":"Comment","target":["https:\/\/baranowscy.eu\/wordpress\/nie-piore-dzinsow-od-pol-roku-dlaczego\/#respond"]}]},{"@type":"WebPage","@id":"https:\/\/baranowscy.eu\/wordpress\/nie-piore-dzinsow-od-pol-roku-dlaczego\/","url":"https:\/\/baranowscy.eu\/wordpress\/nie-piore-dzinsow-od-pol-roku-dlaczego\/","name":"Nie pior\u0119 d\u017cins\u00f3w od p\u00f3\u0142 roku. Dlaczego? | organiczni.eu","isPartOf":{"@id":"https:\/\/baranowscy.eu\/wordpress\/#website"},"primaryImageOfPage":{"@id":"https:\/\/baranowscy.eu\/wordpress\/nie-piore-dzinsow-od-pol-roku-dlaczego\/#primaryimage"},"image":{"@id":"https:\/\/baranowscy.eu\/wordpress\/nie-piore-dzinsow-od-pol-roku-dlaczego\/#primaryimage"},"thumbnailUrl":"https:\/\/baranowscy.eu\/wordpress\/wp-content\/uploads\/2019\/07\/nie_piore_dzinsow.jpg","datePublished":"2019-07-01T08:42:47+00:00","dateModified":"2019-07-01T09:50:58+00:00","description":"Dlaczego nie pior\u0119 d\u017cins\u00f3w? Najprostsza odpowied\u017a to: bo nie musz\u0119. Bo pranie niszczy d\u017cinsy i zu\u017cywa wod\u0119. Bo jest niepotrzebne.","breadcrumb":{"@id":"https:\/\/baranowscy.eu\/wordpress\/nie-piore-dzinsow-od-pol-roku-dlaczego\/#breadcrumb"},"inLanguage":"pl-PL","potentialAction":[{"@type":"ReadAction","target":["https:\/\/baranowscy.eu\/wordpress\/nie-piore-dzinsow-od-pol-roku-dlaczego\/"]}]},{"@type":"ImageObject","inLanguage":"pl-PL","@id":"https:\/\/baranowscy.eu\/wordpress\/nie-piore-dzinsow-od-pol-roku-dlaczego\/#primaryimage","url":"https:\/\/baranowscy.eu\/wordpress\/wp-content\/uploads\/2019\/07\/nie_piore_dzinsow.jpg","contentUrl":"https:\/\/baranowscy.eu\/wordpress\/wp-content\/uploads\/2019\/07\/nie_piore_dzinsow.jpg","width":1200,"height":628,"caption":"Nie pior\u0119 d\u017cins\u00f3w"},{"@type":"BreadcrumbList","@id":"https:\/\/baranowscy.eu\/wordpress\/nie-piore-dzinsow-od-pol-roku-dlaczego\/#breadcrumb","itemListElement":[{"@type":"ListItem","position":1,"name":"Strona g\u0142\u00f3wna","item":"https:\/\/baranowscy.eu\/wordpress\/"},{"@type":"ListItem","position":2,"name":"Nie pior\u0119 d\u017cins\u00f3w od p\u00f3\u0142 roku. Dlaczego?"}]},{"@type":"WebSite","@id":"https:\/\/baranowscy.eu\/wordpress\/#website","url":"https:\/\/baranowscy.eu\/wordpress\/","name":"organiczni.eu","description":"Najbardziej wszechstronny blog ekologiczny","publisher":{"@id":"https:\/\/baranowscy.eu\/wordpress\/#organization"},"potentialAction":[{"@type":"SearchAction","target":{"@type":"EntryPoint","urlTemplate":"https:\/\/baranowscy.eu\/wordpress\/?s={search_term_string}"},"query-input":{"@type":"PropertyValueSpecification","valueRequired":true,"valueName":"search_term_string"}}],"inLanguage":"pl-PL"},{"@type":"Organization","@id":"https:\/\/baranowscy.eu\/wordpress\/#organization","name":"organiczni.eu","url":"https:\/\/baranowscy.eu\/wordpress\/","logo":{"@type":"ImageObject","inLanguage":"pl-PL","@id":"https:\/\/baranowscy.eu\/wordpress\/#\/schema\/logo\/image\/","url":"https:\/\/baranowscy.eu\/wordpress\/wp-content\/uploads\/2018\/01\/logo_duze.png","contentUrl":"https:\/\/baranowscy.eu\/wordpress\/wp-content\/uploads\/2018\/01\/logo_duze.png","width":1398,"height":300,"caption":"organiczni.eu"},"image":{"@id":"https:\/\/baranowscy.eu\/wordpress\/#\/schema\/logo\/image\/"},"sameAs":["https:\/\/www.facebook.com\/organiczni\/","https:\/\/www.instagram.com\/organiczni.eu\/"]},{"@type":"Person","@id":"https:\/\/baranowscy.eu\/wordpress\/#\/schema\/person\/741d5f1f3fd2833c5ca2ffdaaa93dc73","name":"joanna","image":{"@type":"ImageObject","inLanguage":"pl-PL","@id":"https:\/\/secure.gravatar.com\/avatar\/a59b1be4fa5d200ee0af0ba4bbcdb691da1d589b419bae23d7aa5a15d820e28e?s=96&d=identicon&r=g","url":"https:\/\/secure.gravatar.com\/avatar\/a59b1be4fa5d200ee0af0ba4bbcdb691da1d589b419bae23d7aa5a15d820e28e?s=96&d=identicon&r=g","contentUrl":"https:\/\/secure.gravatar.com\/avatar\/a59b1be4fa5d200ee0af0ba4bbcdb691da1d589b419bae23d7aa5a15d820e28e?s=96&d=identicon&r=g","caption":"joanna"},"sameAs":["https:\/\/organiczni.baranowscy.eu"],"url":"https:\/\/baranowscy.eu\/wordpress\/author\/admin\/"}]}},"jetpack_featured_media_url":"https:\/\/baranowscy.eu\/wordpress\/wp-content\/uploads\/2019\/07\/nie_piore_dzinsow.jpg","jetpack_sharing_enabled":true,"_links":{"self":[{"href":"https:\/\/baranowscy.eu\/wordpress\/wp-json\/wp\/v2\/posts\/9425","targetHints":{"allow":["GET"]}}],"collection":[{"href":"https:\/\/baranowscy.eu\/wordpress\/wp-json\/wp\/v2\/posts"}],"about":[{"href":"https:\/\/baranowscy.eu\/wordpress\/wp-json\/wp\/v2\/types\/post"}],"author":[{"embeddable":true,"href":"https:\/\/baranowscy.eu\/wordpress\/wp-json\/wp\/v2\/users\/1"}],"replies":[{"embeddable":true,"href":"https:\/\/baranowscy.eu\/wordpress\/wp-json\/wp\/v2\/comments?post=9425"}],"version-history":[{"count":9,"href":"https:\/\/baranowscy.eu\/wordpress\/wp-json\/wp\/v2\/posts\/9425\/revisions"}],"predecessor-version":[{"id":9438,"href":"https:\/\/baranowscy.eu\/wordpress\/wp-json\/wp\/v2\/posts\/9425\/revisions\/9438"}],"wp:featuredmedia":[{"embeddable":true,"href":"https:\/\/baranowscy.eu\/wordpress\/wp-json\/wp\/v2\/media\/9433"}],"wp:attachment":[{"href":"https:\/\/baranowscy.eu\/wordpress\/wp-json\/wp\/v2\/media?parent=9425"}],"wp:term":[{"taxonomy":"category","embeddable":true,"href":"https:\/\/baranowscy.eu\/wordpress\/wp-json\/wp\/v2\/categories?post=9425"},{"taxonomy":"post_tag","embeddable":true,"href":"https:\/\/baranowscy.eu\/wordpress\/wp-json\/wp\/v2\/tags?post=9425"}],"curies":[{"name":"wp","href":"https:\/\/api.w.org\/{rel}","templated":true}]}}