{"id":9285,"date":"2019-05-17T13:42:05","date_gmt":"2019-05-17T11:42:05","guid":{"rendered":"http:\/\/baranowscy.eu\/wordpress\/?p=9285"},"modified":"2022-10-21T09:09:08","modified_gmt":"2022-10-21T07:09:08","slug":"czy-komary-sa-potrzebne","status":"publish","type":"post","link":"https:\/\/baranowscy.eu\/wordpress\/czy-komary-sa-potrzebne\/","title":{"rendered":"Czy komary s\u0105 potrzebne?"},"content":{"rendered":"<p><strong>Zbli\u017ca si\u0119 czas, kiedy b\u0119dziemy kl\u0119li pod nosem, bo znowu mali krwiopijcy (w\u0142a\u015bciwie krwiopijczynie) b\u0119d\u0105 nas atakowa\u0107 w pi\u0119knych i mniej pi\u0119knych okoliczno\u015bciach przyrody. Czy komary s\u0105 potrzebne? Czy mo\u017ce maj\u0105 racj\u0119 ci, kt\u00f3rzy chcieliby pozby\u0107 si\u0119 ich raz na zawsze?<\/strong><\/p>\n<p>Na \u015bwiecie \u017cyje oko\u0142o 3,5 tysi\u0105ca gatunk\u00f3w komar\u00f3w, w Polsce &#8211; 47. W naszym regionie komary s\u0105 na szcz\u0119\u015bcie &#8222;tylko&#8221; uci\u0105\u017cliwe. Nie przenosz\u0105 chor\u00f3b, cho\u0107 ich \u015blina mo\u017ce wywo\u0142a\u0107 silniejsz\u0105 reakcj\u0119 alergiczn\u0105. Zazwyczaj uk\u0105szenie komara ko\u0144czy si\u0119 lekk\u0105 opuchlizn\u0105 i sw\u0119dzeniem sk\u00f3ry (mo\u017cna je z\u0142agodzi\u0107 specjalnymi preparatami lub np. olejkiem lawendowym). W krajach tropikalnych komary mog\u0105 stanowi\u0107 jednak \u015bmiertelne zagro\u017cenie: roznosz\u0105 np. malari\u0119, \u017c\u00f3\u0142t\u0105 febr\u0119 lub wirus zika.<\/p>\n<h2>Czy komary s\u0105 potrzebne?<\/h2>\n<p><strong>Odpowied\u017a zapewne Was nie zdziwi: tak, s\u0105 potrzebne.<\/strong> S\u0105 elementem wielkiej uk\u0142adanki, jakim jest nasz ekosystem, i ich znikni\u0119cie by\u0142oby katastrof\u0105 dla \u015brodowiska &#8211; tak\u017ce i ludzi.<\/p>\n<p>Wymieni\u0119 dwie g\u0142\u00f3wne przyczyny, dla kt\u00f3rych komary s\u0105 tak wa\u017cne dla zachowania r\u00f3wnowagi w naturze:<\/p>\n<ul>\n<li>S\u0105 po\u017cywieniem dla innych zwierz\u0105t, w tym jerzyk\u00f3w, jask\u00f3\u0142ek i nietoperzy, \u017cab i ropuch. Larwy komar\u00f3w s\u0105 pokarmem ryb. Gdyby komary znik\u0142y, te zwierz\u0119ta tak\u017ce mog\u0142yby zacz\u0105\u0107 znika\u0107&#8230;<\/li>\n<li>Komary (samce) \u017cywi\u0105 si\u0119 nektarem kwiat\u00f3w, dzi\u0119ki czemu zapylaj\u0105 je tak jak pszczo\u0142y czy trzmiele. A wi\u0119c gdyby pozby\u0107 si\u0119 komar\u00f3w, cz\u0119\u015b\u0107 kwiat\u00f3w nie zosta\u0142aby zapylona i ro\u015bliny nie wyda\u0142yby owoc\u00f3w.<\/li>\n<\/ul>\n<p>Pami\u0119tajmy przyk\u0142ad wr\u00f3bli t\u0119pionych w Chinach, kt\u00f3rych znikni\u0119cie spowodowa\u0142o nap\u0142yw szara\u0144czy. Nic w przyrodzie nie dzieje si\u0119 bez przyczyny i skutku. Tak wi\u0119c, cho\u0107 bywa to tak strasznie uci\u0105\u017cliwe, nie wyci\u0105gajmy armaty na komara i nie t\u0119pmy tych owad\u00f3w bezmy\u015blnie. Lepiej skusi\u0107 si\u0119 na zniech\u0119caniu ich do zbli\u017cania si\u0119 do nas.<\/p>\n<h2>Jak zniech\u0119ca\u0107 komary<\/h2>\n<p>My\u015bl\u0119, \u017ce odruch zabijania komar\u00f3w (zw\u0142aszcza gdy ju\u017c na nas siedz\u0105) siedzi w nas g\u0142\u0119boko i trudno go opanowa\u0107. Od dawna szukam sposob\u00f3w, \u017ceby te owady zniech\u0119ca\u0107 do gryzienia naszej rodziny i pojawiania si\u0119 w okolicy. Tym bardziej, \u017ce zdarza\u0142y si\u0119 takie ugryzienia u naszych dzieci, kt\u00f3re ko\u0144czy\u0142y si\u0119 do\u015b\u0107 siln\u0105 reakcj\u0105 alergiczn\u0105 (du\u017ca opuchlizna) i wymaga\u0142y podania lek\u00f3w antyhistaminowych.<\/p>\n<p>Komary s\u0105 sprytne i wyczuwaj\u0105 ciep\u0142o naszej sk\u00f3ry, a tak\u017ce kwas mlekowy obecny w naszym pocie oraz wydychany przez nas dwutlenek w\u0119gla.\u00a0Powszechne przekonanie, \u017ce <strong>suplementacja witaminy B1<\/strong> sprawia, \u017ce nasze cia\u0142o pachnie zniech\u0119caj\u0105co dla komar\u00f3w, nie ma potwierdzenia naukowego. Niemniej jednak wiele os\u00f3b stosuje ten spos\u00f3b i go chwali (napiszcie, je\u015bli korzystacie z tej metody!).<\/p>\n<p><strong>W tym roku do test\u00f3w wybra\u0142am dwa sposoby oparte na naturalnych sk\u0142adnikach<\/strong> &#8211; olejkach eterycznych pozyskiwanych z ro\u015blin odstraszaj\u0105cych lub nawet otumaniaj\u0105cych komary. B\u0119d\u0119 testowa\u0107 te produkty przez najbli\u017csze miesi\u0105ce w r\u00f3\u017cnych okoliczno\u015bciach (na dzia\u0142ce, na Sardynii, w Warszawie, w Tatrach&#8230;). Licz\u0119, \u017ce sprawdz\u0105 si\u0119 jako niekrzywdz\u0105ce odstraszacze owad\u00f3w.<\/p>\n<figure id=\"attachment_9291\" aria-describedby=\"caption-attachment-9291\" style=\"width: 1000px\" class=\"wp-caption aligncenter\"><a href=\"https:\/\/baranowscy.eu\/wordpress\/wp-content\/uploads\/2019\/05\/zeropick_1.jpg\"><img loading=\"lazy\" decoding=\"async\" class=\"wp-image-9291 size-full\" src=\"https:\/\/baranowscy.eu\/wordpress\/wp-content\/uploads\/2019\/05\/zeropick_1.jpg\" alt=\"Bransoletka odstraszaj\u0105ca komary Zero Pick\" width=\"1000\" height=\"667\" srcset=\"https:\/\/baranowscy.eu\/wordpress\/wp-content\/uploads\/2019\/05\/zeropick_1.jpg 1000w, https:\/\/baranowscy.eu\/wordpress\/wp-content\/uploads\/2019\/05\/zeropick_1-300x200.jpg 300w, https:\/\/baranowscy.eu\/wordpress\/wp-content\/uploads\/2019\/05\/zeropick_1-600x400.jpg 600w, https:\/\/baranowscy.eu\/wordpress\/wp-content\/uploads\/2019\/05\/zeropick_1-768x512.jpg 768w, https:\/\/baranowscy.eu\/wordpress\/wp-content\/uploads\/2019\/05\/zeropick_1-560x374.jpg 560w\" sizes=\"auto, (max-width: 1000px) 100vw, 1000px\" \/><\/a><figcaption id=\"caption-attachment-9291\" class=\"wp-caption-text\">Bransoletka odstraszaj\u0105ca komary Zero Pick<\/figcaption><\/figure>\n<h3>Obrona osobista: bransoletka na komary Zero Pick<\/h3>\n<p><strong>Gdzie kupi\u0107: &gt;&gt; <a href=\"https:\/\/www.drogeria-ekologiczna.pl\/na-komary-kleszcze-prusaki-\/11566-naturalny-odstraszacz-na-komary-bransoletka-zapachowa-niebieska-rozm-s-cytronella-1-szt-zeropick-beba.html\" target=\"_blank\" rel=\"noopener noreferrer\">Nasza bransoletka: niebieska, rozmiar S<\/a>,\u00a0<\/strong><strong><a href=\"https:\/\/www.drogeria-ekologiczna.pl\/276_beba\" target=\"_blank\" rel=\"noopener noreferrer\">ca\u0142a oferta firmy Beba w BetterLand<\/a><\/strong><\/p>\n<p><strong>Cena:<\/strong> 36,99 z\u0142<\/p>\n<p><strong>Kraj produkcji:<\/strong> W\u0142ochy<\/p>\n<p><strong>Zasada dzia\u0142ania:<\/strong><\/p>\n<p>Bransoletk\u0119 zak\u0142ada si\u0119 na r\u0119k\u0119, nog\u0119 lub mo\u017cna j\u0105 powiesi\u0107 np. na por\u0119czy \u0142\u00f3\u017cka czy w\u00f3zka. Wymienna wk\u0142adka nas\u0105czona naturalnym olejkiem z cytroneli wydziela zapach odstraszaj\u0105cy owady. Jej trwa\u0142o\u015b\u0107 to 4 do 5 tygodni (mo\u017cna dokupi\u0107 wk\u0142ady).<\/p>\n<p>Nadaje si\u0119 dla dzieci.<\/p>\n<p>Dost\u0119pne rozmiary i kolory:<\/p>\n<ul>\n<li>S &#8211; d\u0142ugo\u015b\u0107 16 cm (po zapi\u0119ciu) &#8211; kolor: zielony, niebieski i pomara\u0144czowy,<\/li>\n<li>L &#8211; d\u0142ugo\u015b\u0107 19,5 cm (po zapi\u0119ciu) &#8211; kolor: \u017c\u00f3\u0142ty, czarny i czerwony.<\/li>\n<\/ul>\n<figure id=\"attachment_9292\" aria-describedby=\"caption-attachment-9292\" style=\"width: 1000px\" class=\"wp-caption aligncenter\"><a href=\"https:\/\/baranowscy.eu\/wordpress\/wp-content\/uploads\/2019\/05\/zeropick_2.jpg\"><img loading=\"lazy\" decoding=\"async\" class=\"wp-image-9292 size-full\" src=\"https:\/\/baranowscy.eu\/wordpress\/wp-content\/uploads\/2019\/05\/zeropick_2.jpg\" alt=\"Zestaw Zero Pick\" width=\"1000\" height=\"667\" srcset=\"https:\/\/baranowscy.eu\/wordpress\/wp-content\/uploads\/2019\/05\/zeropick_2.jpg 1000w, https:\/\/baranowscy.eu\/wordpress\/wp-content\/uploads\/2019\/05\/zeropick_2-300x200.jpg 300w, https:\/\/baranowscy.eu\/wordpress\/wp-content\/uploads\/2019\/05\/zeropick_2-600x400.jpg 600w, https:\/\/baranowscy.eu\/wordpress\/wp-content\/uploads\/2019\/05\/zeropick_2-768x512.jpg 768w, https:\/\/baranowscy.eu\/wordpress\/wp-content\/uploads\/2019\/05\/zeropick_2-560x374.jpg 560w\" sizes=\"auto, (max-width: 1000px) 100vw, 1000px\" \/><\/a><figcaption id=\"caption-attachment-9292\" class=\"wp-caption-text\">Zestaw Zero Pick<\/figcaption><\/figure>\n<p><strong>Nasze wra\u017cenia:<\/strong><\/p>\n<p>Zapach jest intensywny i je\u015bli kto\u015b nie przepada za cytronel\u0105, b\u0119dzie cierpia\u0142 razem z komarami.<\/p>\n<p>Bransoletk\u0119 zak\u0142ada si\u0119 i zdejmuje bardzo \u0142atwo. Na sw\u00f3j szczup\u0142y nadgarstek wybra\u0142am rozmiar S, kt\u00f3ry pasuje r\u00f3wnie\u017c dzieciom.<\/p>\n<figure id=\"attachment_9293\" aria-describedby=\"caption-attachment-9293\" style=\"width: 1000px\" class=\"wp-caption aligncenter\"><a href=\"https:\/\/baranowscy.eu\/wordpress\/wp-content\/uploads\/2019\/05\/kadzidelko_dary_natury_1.jpg\"><img loading=\"lazy\" decoding=\"async\" class=\"wp-image-9293 size-full\" src=\"https:\/\/baranowscy.eu\/wordpress\/wp-content\/uploads\/2019\/05\/kadzidelko_dary_natury_1.jpg\" alt=\"Kadzide\u0142ko odstraszaj\u0105ce owady, Dary Natury\" width=\"1000\" height=\"667\" srcset=\"https:\/\/baranowscy.eu\/wordpress\/wp-content\/uploads\/2019\/05\/kadzidelko_dary_natury_1.jpg 1000w, https:\/\/baranowscy.eu\/wordpress\/wp-content\/uploads\/2019\/05\/kadzidelko_dary_natury_1-300x200.jpg 300w, https:\/\/baranowscy.eu\/wordpress\/wp-content\/uploads\/2019\/05\/kadzidelko_dary_natury_1-600x400.jpg 600w, https:\/\/baranowscy.eu\/wordpress\/wp-content\/uploads\/2019\/05\/kadzidelko_dary_natury_1-768x512.jpg 768w, https:\/\/baranowscy.eu\/wordpress\/wp-content\/uploads\/2019\/05\/kadzidelko_dary_natury_1-560x374.jpg 560w\" sizes=\"auto, (max-width: 1000px) 100vw, 1000px\" \/><\/a><figcaption id=\"caption-attachment-9293\" class=\"wp-caption-text\">Kadzide\u0142ko odstraszaj\u0105ce owady, Dary Natury<\/figcaption><\/figure>\n<h3>Obrona domowa: kadzide\u0142ka Dary Natury<\/h3>\n<p><strong>Gdzie kupi\u0107: <a href=\"https:\/\/www.drogeria-ekologiczna.pl\/pozostale-akcesoria\/8725-ekologiczne-kadzidelko-odstraszajace-komary-bez-chemii-i-konserwantow-5-szt-dary-natury.html\" target=\"_blank\" rel=\"noopener noreferrer\">BetterLand<\/a><\/strong><\/p>\n<p><strong>Cena:<\/strong> 6,69 za 5 sztuk<\/p>\n<p><strong>Kraj produkcji:<\/strong> Polska<\/p>\n<p><strong>Zasada dzia\u0142ania:<\/strong><\/p>\n<p>Kadzid\u0142o rozpalamy w miejscu, z kt\u00f3rego chcemy odstraszy\u0107 komary, muchy i inne owady (mo\u017ce to by\u0107 na zewn\u0105trz i w pomieszczeniu). Palone zio\u0142a uwalniaj\u0105 olejki eteryczne, dzia\u0142aj\u0105ce zniech\u0119caj\u0105co na owady.<\/p>\n<p>W sk\u0142ad mieszanki wchodz\u0105:\u00a0ziele bagna, wrotyczu, pio\u0142unu, kwiat lawendy, huba brzozowa (w r\u00f3\u017cnych proporcjach).<\/p>\n<p><strong>Na zdj\u0119ciu mo\u017ce tego dobrze nie wida\u0107, ale zio\u0142a s\u0105 opakowane w papier.<\/strong><\/p>\n<figure id=\"attachment_9294\" aria-describedby=\"caption-attachment-9294\" style=\"width: 1000px\" class=\"wp-caption aligncenter\"><a href=\"https:\/\/baranowscy.eu\/wordpress\/wp-content\/uploads\/2019\/05\/kadzidelko_dary_natury_2.jpg\"><img loading=\"lazy\" decoding=\"async\" class=\"wp-image-9294 size-full\" src=\"https:\/\/baranowscy.eu\/wordpress\/wp-content\/uploads\/2019\/05\/kadzidelko_dary_natury_2.jpg\" alt=\"Kadzide\u0142ko odstraszaj\u0105ce owady, Dary Natury\" width=\"1000\" height=\"667\" srcset=\"https:\/\/baranowscy.eu\/wordpress\/wp-content\/uploads\/2019\/05\/kadzidelko_dary_natury_2.jpg 1000w, https:\/\/baranowscy.eu\/wordpress\/wp-content\/uploads\/2019\/05\/kadzidelko_dary_natury_2-300x200.jpg 300w, https:\/\/baranowscy.eu\/wordpress\/wp-content\/uploads\/2019\/05\/kadzidelko_dary_natury_2-600x400.jpg 600w, https:\/\/baranowscy.eu\/wordpress\/wp-content\/uploads\/2019\/05\/kadzidelko_dary_natury_2-768x512.jpg 768w, https:\/\/baranowscy.eu\/wordpress\/wp-content\/uploads\/2019\/05\/kadzidelko_dary_natury_2-560x374.jpg 560w\" sizes=\"auto, (max-width: 1000px) 100vw, 1000px\" \/><\/a><figcaption id=\"caption-attachment-9294\" class=\"wp-caption-text\">Kadzide\u0142ko odstraszaj\u0105ce owady, Dary Natury<\/figcaption><\/figure>\n<p><strong>Nasze wra\u017cenia:<\/strong><\/p>\n<p><strong>Zapach jest rzeczywi\u015bcie bardzo intensywny, przypomina zapach palonego kadzid\u0142a.<\/strong> Utrzymuje si\u0119 d\u0142ugo, wi\u0119c mo\u017cna postawi\u0107 zapalone kadzid\u0142o w pokoju wieczorem i p\u00f3j\u015b\u0107 spa\u0107. Wa\u017cne, \u017ceby postawi\u0107 kadzid\u0142o w bezpiecznym miejscu, bo cho\u0107 nie pali si\u0119 otwartym ogniem, nawet takie \u017carz\u0105ce si\u0119 zio\u0142a mog\u0105 by\u0107 \u017ar\u00f3d\u0142em po\u017caru.<\/p>\n<p>My\u015bl\u0119, \u017ce kadzid\u0142a maj\u0105 naprawd\u0119 atrakcyjn\u0105 cen\u0119, wi\u0119c nawet je\u015bli zapach nie b\u0119dzie nam odpowiada\u0142, wydamy na nie tylko kilka z\u0142otych. Natomiast osoby bardzo wra\u017cliwe na zapachy, z astm\u0105 czy innymi problemami oddechowymi powinny podchodzi\u0107 do produktu ostro\u017cnie.<\/p>\n<p><strong><div class='dropshadowboxes-container ' style=''>\r\n                            <div class='dropshadowboxes-drop-shadow dropshadowboxes-rounded-corners dropshadowboxes-lifted-both dropshadowboxes-effect-default' style=' border: 1px solid #dddddd; height:; background-color:#f5ee77;    '>\r\n                            Wpis powsta\u0142 we wsp\u00f3\u0142pracy z Better Land i zawiera linki afiliacyjne. Z kodem rabatowym ORGANICZNI na zakupy w &gt;&gt; <a href=\"https:\/\/www.drogeria-ekologiczna.pl\/?pshow_permalink=ORGANICZNI\" target=\"_blank\" rel=\"noopener noreferrer\">Drogerii Ekologicznej Better Land<\/a> uzyskacie 5% zni\u017cki.<\/strong><strong>\r\n                            <\/div>\r\n                        <\/div><\/strong><\/p>\n<p><strong>To s\u0105 moje pomys\u0142y na tegoroczne komary. A jak Wy si\u0119 przygotowujecie do spotkania z krwiopijcami?<\/strong><\/p>\n","protected":false},"excerpt":{"rendered":"<p>Zbli\u017ca si\u0119 czas, kiedy b\u0119dziemy kl\u0119li pod nosem, bo znowu mali krwiopijcy (w\u0142a\u015bciwie krwiopijczynie) b\u0119d\u0105 nas atakowa\u0107 w pi\u0119knych i mniej pi\u0119knych okoliczno\u015bciach przyrody. Czy&hellip;<\/p>\n","protected":false},"author":1,"featured_media":9290,"comment_status":"open","ping_status":"open","sticky":false,"template":"","format":"standard","meta":{"_jetpack_memberships_contains_paid_content":false,"footnotes":""},"categories":[313,5,918,250],"tags":[1524,117,1788,116,1410,1779,147],"class_list":["post-9285","post","type-post","status-publish","format-standard","has-post-thumbnail","hentry","category-ekodylematy","category-kosmetyki","category-material-platny","category-testy","tag-dary-natury","tag-komary","tag-linki-afiliacyjne","tag-olejki-eteryczne","tag-recenzja-sponsorowana","tag-reklama","tag-test"],"yoast_head":"<!-- This site is optimized with the Yoast SEO plugin v27.5 - https:\/\/yoast.com\/product\/yoast-seo-wordpress\/ -->\n<title>Czy komary s\u0105 potrzebne? | organiczni.eu<\/title>\n<meta name=\"description\" content=\"Czy komary s\u0105 potrzebne? Czy mo\u017ce maj\u0105 racj\u0119 ci, kt\u00f3rzy chcieliby pozby\u0107 si\u0119 ich raz na zawsze? Jak si\u0119 przed nimi broni\u0107?\" \/>\n<meta name=\"robots\" content=\"index, follow, max-snippet:-1, max-image-preview:large, max-video-preview:-1\" \/>\n<link rel=\"canonical\" href=\"https:\/\/baranowscy.eu\/wordpress\/czy-komary-sa-potrzebne\/\" \/>\n<meta property=\"og:locale\" content=\"pl_PL\" \/>\n<meta property=\"og:type\" content=\"article\" \/>\n<meta property=\"og:title\" content=\"Czy komary s\u0105 potrzebne? | organiczni.eu\" \/>\n<meta property=\"og:description\" content=\"Czy komary s\u0105 potrzebne? Czy mo\u017ce maj\u0105 racj\u0119 ci, kt\u00f3rzy chcieliby pozby\u0107 si\u0119 ich raz na zawsze? Jak si\u0119 przed nimi broni\u0107?\" \/>\n<meta property=\"og:url\" content=\"https:\/\/baranowscy.eu\/wordpress\/czy-komary-sa-potrzebne\/\" \/>\n<meta property=\"og:site_name\" content=\"organiczni.eu\" \/>\n<meta property=\"article:publisher\" content=\"https:\/\/www.facebook.com\/organiczni\/\" \/>\n<meta property=\"article:published_time\" content=\"2019-05-17T11:42:05+00:00\" \/>\n<meta property=\"article:modified_time\" content=\"2022-10-21T07:09:08+00:00\" \/>\n<meta property=\"og:image\" content=\"https:\/\/baranowscy.eu\/wordpress\/wp-content\/uploads\/2019\/05\/czy_komary_sa_potrzebne_0.jpg\" \/>\n\t<meta property=\"og:image:width\" content=\"1200\" \/>\n\t<meta property=\"og:image:height\" content=\"628\" \/>\n\t<meta property=\"og:image:type\" content=\"image\/jpeg\" \/>\n<meta name=\"author\" content=\"joanna\" \/>\n<meta name=\"twitter:card\" content=\"summary_large_image\" \/>\n<meta name=\"twitter:label1\" content=\"Napisane przez\" \/>\n\t<meta name=\"twitter:data1\" content=\"joanna\" \/>\n\t<meta name=\"twitter:label2\" content=\"Szacowany czas czytania\" \/>\n\t<meta name=\"twitter:data2\" content=\"5 minut\" \/>\n<script type=\"application\/ld+json\" class=\"yoast-schema-graph\">{\"@context\":\"https:\\\/\\\/schema.org\",\"@graph\":[{\"@type\":\"Article\",\"@id\":\"https:\\\/\\\/baranowscy.eu\\\/wordpress\\\/czy-komary-sa-potrzebne\\\/#article\",\"isPartOf\":{\"@id\":\"https:\\\/\\\/baranowscy.eu\\\/wordpress\\\/czy-komary-sa-potrzebne\\\/\"},\"author\":{\"name\":\"joanna\",\"@id\":\"https:\\\/\\\/baranowscy.eu\\\/wordpress\\\/#\\\/schema\\\/person\\\/741d5f1f3fd2833c5ca2ffdaaa93dc73\"},\"headline\":\"Czy komary s\u0105 potrzebne?\",\"datePublished\":\"2019-05-17T11:42:05+00:00\",\"dateModified\":\"2022-10-21T07:09:08+00:00\",\"mainEntityOfPage\":{\"@id\":\"https:\\\/\\\/baranowscy.eu\\\/wordpress\\\/czy-komary-sa-potrzebne\\\/\"},\"wordCount\":1022,\"commentCount\":2,\"publisher\":{\"@id\":\"https:\\\/\\\/baranowscy.eu\\\/wordpress\\\/#organization\"},\"image\":{\"@id\":\"https:\\\/\\\/baranowscy.eu\\\/wordpress\\\/czy-komary-sa-potrzebne\\\/#primaryimage\"},\"thumbnailUrl\":\"https:\\\/\\\/baranowscy.eu\\\/wordpress\\\/wp-content\\\/uploads\\\/2019\\\/05\\\/czy_komary_sa_potrzebne_0.jpg\",\"keywords\":[\"Dary Natury\",\"komary\",\"linki afiliacyjne\",\"olejki eteryczne\",\"recenzja sponsorowana\",\"reklama\",\"test\"],\"articleSection\":[\"ekodylematy\",\"kosmetyki i piel\u0119gnacja\",\"Materia\u0142 p\u0142atny\",\"testy\"],\"inLanguage\":\"pl-PL\",\"potentialAction\":[{\"@type\":\"CommentAction\",\"name\":\"Comment\",\"target\":[\"https:\\\/\\\/baranowscy.eu\\\/wordpress\\\/czy-komary-sa-potrzebne\\\/#respond\"]}]},{\"@type\":\"WebPage\",\"@id\":\"https:\\\/\\\/baranowscy.eu\\\/wordpress\\\/czy-komary-sa-potrzebne\\\/\",\"url\":\"https:\\\/\\\/baranowscy.eu\\\/wordpress\\\/czy-komary-sa-potrzebne\\\/\",\"name\":\"Czy komary s\u0105 potrzebne? | organiczni.eu\",\"isPartOf\":{\"@id\":\"https:\\\/\\\/baranowscy.eu\\\/wordpress\\\/#website\"},\"primaryImageOfPage\":{\"@id\":\"https:\\\/\\\/baranowscy.eu\\\/wordpress\\\/czy-komary-sa-potrzebne\\\/#primaryimage\"},\"image\":{\"@id\":\"https:\\\/\\\/baranowscy.eu\\\/wordpress\\\/czy-komary-sa-potrzebne\\\/#primaryimage\"},\"thumbnailUrl\":\"https:\\\/\\\/baranowscy.eu\\\/wordpress\\\/wp-content\\\/uploads\\\/2019\\\/05\\\/czy_komary_sa_potrzebne_0.jpg\",\"datePublished\":\"2019-05-17T11:42:05+00:00\",\"dateModified\":\"2022-10-21T07:09:08+00:00\",\"description\":\"Czy komary s\u0105 potrzebne? Czy mo\u017ce maj\u0105 racj\u0119 ci, kt\u00f3rzy chcieliby pozby\u0107 si\u0119 ich raz na zawsze? Jak si\u0119 przed nimi broni\u0107?\",\"breadcrumb\":{\"@id\":\"https:\\\/\\\/baranowscy.eu\\\/wordpress\\\/czy-komary-sa-potrzebne\\\/#breadcrumb\"},\"inLanguage\":\"pl-PL\",\"potentialAction\":[{\"@type\":\"ReadAction\",\"target\":[\"https:\\\/\\\/baranowscy.eu\\\/wordpress\\\/czy-komary-sa-potrzebne\\\/\"]}]},{\"@type\":\"ImageObject\",\"inLanguage\":\"pl-PL\",\"@id\":\"https:\\\/\\\/baranowscy.eu\\\/wordpress\\\/czy-komary-sa-potrzebne\\\/#primaryimage\",\"url\":\"https:\\\/\\\/baranowscy.eu\\\/wordpress\\\/wp-content\\\/uploads\\\/2019\\\/05\\\/czy_komary_sa_potrzebne_0.jpg\",\"contentUrl\":\"https:\\\/\\\/baranowscy.eu\\\/wordpress\\\/wp-content\\\/uploads\\\/2019\\\/05\\\/czy_komary_sa_potrzebne_0.jpg\",\"width\":1200,\"height\":628},{\"@type\":\"BreadcrumbList\",\"@id\":\"https:\\\/\\\/baranowscy.eu\\\/wordpress\\\/czy-komary-sa-potrzebne\\\/#breadcrumb\",\"itemListElement\":[{\"@type\":\"ListItem\",\"position\":1,\"name\":\"Strona g\u0142\u00f3wna\",\"item\":\"https:\\\/\\\/baranowscy.eu\\\/wordpress\\\/\"},{\"@type\":\"ListItem\",\"position\":2,\"name\":\"Czy komary s\u0105 potrzebne?\"}]},{\"@type\":\"WebSite\",\"@id\":\"https:\\\/\\\/baranowscy.eu\\\/wordpress\\\/#website\",\"url\":\"https:\\\/\\\/baranowscy.eu\\\/wordpress\\\/\",\"name\":\"organiczni.eu\",\"description\":\"Najbardziej wszechstronny blog ekologiczny\",\"publisher\":{\"@id\":\"https:\\\/\\\/baranowscy.eu\\\/wordpress\\\/#organization\"},\"potentialAction\":[{\"@type\":\"SearchAction\",\"target\":{\"@type\":\"EntryPoint\",\"urlTemplate\":\"https:\\\/\\\/baranowscy.eu\\\/wordpress\\\/?s={search_term_string}\"},\"query-input\":{\"@type\":\"PropertyValueSpecification\",\"valueRequired\":true,\"valueName\":\"search_term_string\"}}],\"inLanguage\":\"pl-PL\"},{\"@type\":\"Organization\",\"@id\":\"https:\\\/\\\/baranowscy.eu\\\/wordpress\\\/#organization\",\"name\":\"organiczni.eu\",\"url\":\"https:\\\/\\\/baranowscy.eu\\\/wordpress\\\/\",\"logo\":{\"@type\":\"ImageObject\",\"inLanguage\":\"pl-PL\",\"@id\":\"https:\\\/\\\/baranowscy.eu\\\/wordpress\\\/#\\\/schema\\\/logo\\\/image\\\/\",\"url\":\"https:\\\/\\\/baranowscy.eu\\\/wordpress\\\/wp-content\\\/uploads\\\/2018\\\/01\\\/logo_duze.png\",\"contentUrl\":\"https:\\\/\\\/baranowscy.eu\\\/wordpress\\\/wp-content\\\/uploads\\\/2018\\\/01\\\/logo_duze.png\",\"width\":1398,\"height\":300,\"caption\":\"organiczni.eu\"},\"image\":{\"@id\":\"https:\\\/\\\/baranowscy.eu\\\/wordpress\\\/#\\\/schema\\\/logo\\\/image\\\/\"},\"sameAs\":[\"https:\\\/\\\/www.facebook.com\\\/organiczni\\\/\",\"https:\\\/\\\/www.instagram.com\\\/organiczni.eu\\\/\"]},{\"@type\":\"Person\",\"@id\":\"https:\\\/\\\/baranowscy.eu\\\/wordpress\\\/#\\\/schema\\\/person\\\/741d5f1f3fd2833c5ca2ffdaaa93dc73\",\"name\":\"joanna\",\"image\":{\"@type\":\"ImageObject\",\"inLanguage\":\"pl-PL\",\"@id\":\"https:\\\/\\\/secure.gravatar.com\\\/avatar\\\/a59b1be4fa5d200ee0af0ba4bbcdb691da1d589b419bae23d7aa5a15d820e28e?s=96&d=identicon&r=g\",\"url\":\"https:\\\/\\\/secure.gravatar.com\\\/avatar\\\/a59b1be4fa5d200ee0af0ba4bbcdb691da1d589b419bae23d7aa5a15d820e28e?s=96&d=identicon&r=g\",\"contentUrl\":\"https:\\\/\\\/secure.gravatar.com\\\/avatar\\\/a59b1be4fa5d200ee0af0ba4bbcdb691da1d589b419bae23d7aa5a15d820e28e?s=96&d=identicon&r=g\",\"caption\":\"joanna\"},\"sameAs\":[\"https:\\\/\\\/organiczni.baranowscy.eu\"],\"url\":\"https:\\\/\\\/baranowscy.eu\\\/wordpress\\\/author\\\/admin\\\/\"}]}<\/script>\n<!-- \/ Yoast SEO plugin. -->","yoast_head_json":{"title":"Czy komary s\u0105 potrzebne? | organiczni.eu","description":"Czy komary s\u0105 potrzebne? Czy mo\u017ce maj\u0105 racj\u0119 ci, kt\u00f3rzy chcieliby pozby\u0107 si\u0119 ich raz na zawsze? Jak si\u0119 przed nimi broni\u0107?","robots":{"index":"index","follow":"follow","max-snippet":"max-snippet:-1","max-image-preview":"max-image-preview:large","max-video-preview":"max-video-preview:-1"},"canonical":"https:\/\/baranowscy.eu\/wordpress\/czy-komary-sa-potrzebne\/","og_locale":"pl_PL","og_type":"article","og_title":"Czy komary s\u0105 potrzebne? | organiczni.eu","og_description":"Czy komary s\u0105 potrzebne? Czy mo\u017ce maj\u0105 racj\u0119 ci, kt\u00f3rzy chcieliby pozby\u0107 si\u0119 ich raz na zawsze? Jak si\u0119 przed nimi broni\u0107?","og_url":"https:\/\/baranowscy.eu\/wordpress\/czy-komary-sa-potrzebne\/","og_site_name":"organiczni.eu","article_publisher":"https:\/\/www.facebook.com\/organiczni\/","article_published_time":"2019-05-17T11:42:05+00:00","article_modified_time":"2022-10-21T07:09:08+00:00","og_image":[{"width":1200,"height":628,"url":"https:\/\/baranowscy.eu\/wordpress\/wp-content\/uploads\/2019\/05\/czy_komary_sa_potrzebne_0.jpg","type":"image\/jpeg"}],"author":"joanna","twitter_card":"summary_large_image","twitter_misc":{"Napisane przez":"joanna","Szacowany czas czytania":"5 minut"},"schema":{"@context":"https:\/\/schema.org","@graph":[{"@type":"Article","@id":"https:\/\/baranowscy.eu\/wordpress\/czy-komary-sa-potrzebne\/#article","isPartOf":{"@id":"https:\/\/baranowscy.eu\/wordpress\/czy-komary-sa-potrzebne\/"},"author":{"name":"joanna","@id":"https:\/\/baranowscy.eu\/wordpress\/#\/schema\/person\/741d5f1f3fd2833c5ca2ffdaaa93dc73"},"headline":"Czy komary s\u0105 potrzebne?","datePublished":"2019-05-17T11:42:05+00:00","dateModified":"2022-10-21T07:09:08+00:00","mainEntityOfPage":{"@id":"https:\/\/baranowscy.eu\/wordpress\/czy-komary-sa-potrzebne\/"},"wordCount":1022,"commentCount":2,"publisher":{"@id":"https:\/\/baranowscy.eu\/wordpress\/#organization"},"image":{"@id":"https:\/\/baranowscy.eu\/wordpress\/czy-komary-sa-potrzebne\/#primaryimage"},"thumbnailUrl":"https:\/\/baranowscy.eu\/wordpress\/wp-content\/uploads\/2019\/05\/czy_komary_sa_potrzebne_0.jpg","keywords":["Dary Natury","komary","linki afiliacyjne","olejki eteryczne","recenzja sponsorowana","reklama","test"],"articleSection":["ekodylematy","kosmetyki i piel\u0119gnacja","Materia\u0142 p\u0142atny","testy"],"inLanguage":"pl-PL","potentialAction":[{"@type":"CommentAction","name":"Comment","target":["https:\/\/baranowscy.eu\/wordpress\/czy-komary-sa-potrzebne\/#respond"]}]},{"@type":"WebPage","@id":"https:\/\/baranowscy.eu\/wordpress\/czy-komary-sa-potrzebne\/","url":"https:\/\/baranowscy.eu\/wordpress\/czy-komary-sa-potrzebne\/","name":"Czy komary s\u0105 potrzebne? | organiczni.eu","isPartOf":{"@id":"https:\/\/baranowscy.eu\/wordpress\/#website"},"primaryImageOfPage":{"@id":"https:\/\/baranowscy.eu\/wordpress\/czy-komary-sa-potrzebne\/#primaryimage"},"image":{"@id":"https:\/\/baranowscy.eu\/wordpress\/czy-komary-sa-potrzebne\/#primaryimage"},"thumbnailUrl":"https:\/\/baranowscy.eu\/wordpress\/wp-content\/uploads\/2019\/05\/czy_komary_sa_potrzebne_0.jpg","datePublished":"2019-05-17T11:42:05+00:00","dateModified":"2022-10-21T07:09:08+00:00","description":"Czy komary s\u0105 potrzebne? Czy mo\u017ce maj\u0105 racj\u0119 ci, kt\u00f3rzy chcieliby pozby\u0107 si\u0119 ich raz na zawsze? Jak si\u0119 przed nimi broni\u0107?","breadcrumb":{"@id":"https:\/\/baranowscy.eu\/wordpress\/czy-komary-sa-potrzebne\/#breadcrumb"},"inLanguage":"pl-PL","potentialAction":[{"@type":"ReadAction","target":["https:\/\/baranowscy.eu\/wordpress\/czy-komary-sa-potrzebne\/"]}]},{"@type":"ImageObject","inLanguage":"pl-PL","@id":"https:\/\/baranowscy.eu\/wordpress\/czy-komary-sa-potrzebne\/#primaryimage","url":"https:\/\/baranowscy.eu\/wordpress\/wp-content\/uploads\/2019\/05\/czy_komary_sa_potrzebne_0.jpg","contentUrl":"https:\/\/baranowscy.eu\/wordpress\/wp-content\/uploads\/2019\/05\/czy_komary_sa_potrzebne_0.jpg","width":1200,"height":628},{"@type":"BreadcrumbList","@id":"https:\/\/baranowscy.eu\/wordpress\/czy-komary-sa-potrzebne\/#breadcrumb","itemListElement":[{"@type":"ListItem","position":1,"name":"Strona g\u0142\u00f3wna","item":"https:\/\/baranowscy.eu\/wordpress\/"},{"@type":"ListItem","position":2,"name":"Czy komary s\u0105 potrzebne?"}]},{"@type":"WebSite","@id":"https:\/\/baranowscy.eu\/wordpress\/#website","url":"https:\/\/baranowscy.eu\/wordpress\/","name":"organiczni.eu","description":"Najbardziej wszechstronny blog ekologiczny","publisher":{"@id":"https:\/\/baranowscy.eu\/wordpress\/#organization"},"potentialAction":[{"@type":"SearchAction","target":{"@type":"EntryPoint","urlTemplate":"https:\/\/baranowscy.eu\/wordpress\/?s={search_term_string}"},"query-input":{"@type":"PropertyValueSpecification","valueRequired":true,"valueName":"search_term_string"}}],"inLanguage":"pl-PL"},{"@type":"Organization","@id":"https:\/\/baranowscy.eu\/wordpress\/#organization","name":"organiczni.eu","url":"https:\/\/baranowscy.eu\/wordpress\/","logo":{"@type":"ImageObject","inLanguage":"pl-PL","@id":"https:\/\/baranowscy.eu\/wordpress\/#\/schema\/logo\/image\/","url":"https:\/\/baranowscy.eu\/wordpress\/wp-content\/uploads\/2018\/01\/logo_duze.png","contentUrl":"https:\/\/baranowscy.eu\/wordpress\/wp-content\/uploads\/2018\/01\/logo_duze.png","width":1398,"height":300,"caption":"organiczni.eu"},"image":{"@id":"https:\/\/baranowscy.eu\/wordpress\/#\/schema\/logo\/image\/"},"sameAs":["https:\/\/www.facebook.com\/organiczni\/","https:\/\/www.instagram.com\/organiczni.eu\/"]},{"@type":"Person","@id":"https:\/\/baranowscy.eu\/wordpress\/#\/schema\/person\/741d5f1f3fd2833c5ca2ffdaaa93dc73","name":"joanna","image":{"@type":"ImageObject","inLanguage":"pl-PL","@id":"https:\/\/secure.gravatar.com\/avatar\/a59b1be4fa5d200ee0af0ba4bbcdb691da1d589b419bae23d7aa5a15d820e28e?s=96&d=identicon&r=g","url":"https:\/\/secure.gravatar.com\/avatar\/a59b1be4fa5d200ee0af0ba4bbcdb691da1d589b419bae23d7aa5a15d820e28e?s=96&d=identicon&r=g","contentUrl":"https:\/\/secure.gravatar.com\/avatar\/a59b1be4fa5d200ee0af0ba4bbcdb691da1d589b419bae23d7aa5a15d820e28e?s=96&d=identicon&r=g","caption":"joanna"},"sameAs":["https:\/\/organiczni.baranowscy.eu"],"url":"https:\/\/baranowscy.eu\/wordpress\/author\/admin\/"}]}},"jetpack_featured_media_url":"https:\/\/baranowscy.eu\/wordpress\/wp-content\/uploads\/2019\/05\/czy_komary_sa_potrzebne_0.jpg","jetpack_sharing_enabled":true,"_links":{"self":[{"href":"https:\/\/baranowscy.eu\/wordpress\/wp-json\/wp\/v2\/posts\/9285","targetHints":{"allow":["GET"]}}],"collection":[{"href":"https:\/\/baranowscy.eu\/wordpress\/wp-json\/wp\/v2\/posts"}],"about":[{"href":"https:\/\/baranowscy.eu\/wordpress\/wp-json\/wp\/v2\/types\/post"}],"author":[{"embeddable":true,"href":"https:\/\/baranowscy.eu\/wordpress\/wp-json\/wp\/v2\/users\/1"}],"replies":[{"embeddable":true,"href":"https:\/\/baranowscy.eu\/wordpress\/wp-json\/wp\/v2\/comments?post=9285"}],"version-history":[{"count":10,"href":"https:\/\/baranowscy.eu\/wordpress\/wp-json\/wp\/v2\/posts\/9285\/revisions"}],"predecessor-version":[{"id":11336,"href":"https:\/\/baranowscy.eu\/wordpress\/wp-json\/wp\/v2\/posts\/9285\/revisions\/11336"}],"wp:featuredmedia":[{"embeddable":true,"href":"https:\/\/baranowscy.eu\/wordpress\/wp-json\/wp\/v2\/media\/9290"}],"wp:attachment":[{"href":"https:\/\/baranowscy.eu\/wordpress\/wp-json\/wp\/v2\/media?parent=9285"}],"wp:term":[{"taxonomy":"category","embeddable":true,"href":"https:\/\/baranowscy.eu\/wordpress\/wp-json\/wp\/v2\/categories?post=9285"},{"taxonomy":"post_tag","embeddable":true,"href":"https:\/\/baranowscy.eu\/wordpress\/wp-json\/wp\/v2\/tags?post=9285"}],"curies":[{"name":"wp","href":"https:\/\/api.w.org\/{rel}","templated":true}]}}