{"id":9256,"date":"2019-05-09T11:29:41","date_gmt":"2019-05-09T09:29:41","guid":{"rendered":"http:\/\/baranowscy.eu\/wordpress\/?p=9256"},"modified":"2019-05-09T15:57:22","modified_gmt":"2019-05-09T13:57:22","slug":"ekodylematy-tetrapaki","status":"publish","type":"post","link":"https:\/\/baranowscy.eu\/wordpress\/ekodylematy-tetrapaki\/","title":{"rendered":"Ekodylematy: czy tetrapaki to utrapienie recykler\u00f3w?"},"content":{"rendered":"<p><strong>Popularne tetrapaki to tak naprawd\u0119 opakowania kartonowe na \u017cywno\u015b\u0107 p\u0142ynn\u0105 i p\u00f3\u0142p\u0142ynn\u0105. Nazwa pochodzi od mi\u0119dzynarodowego koncernu Tetra Pak i w tej postaci jest nazw\u0105 handlow\u0105 zastrze\u017con\u0105\u00a0Tetra Pak<sup>\u00ae<\/sup>. Mimo to nazwa tak si\u0119 spopularyzowa\u0142a, \u017ce potocznie tetrapakiem nazywamy ka\u017cdy karton spo\u017cywczy tego typu. Co warto wiedzie\u0107 o tetrapakach?<\/strong><\/p>\n<p>W Polsce Tetra Pak oficjalnie pojawi\u0142 si\u0119 w 1990 roku (ale ju\u017c wcze\u015bniej, w 1989 roku, zacz\u0119to produkowa\u0107 opakowania dla Horteksu w zak\u0142adzie w Przysusze). Dzi\u015b mamy w Polsce ponad 100 zak\u0142ad\u00f3w produkuj\u0105cych opakowania tego typu. Jest to niew\u0105tpliwie jedno z najbardziej popularnych rodzaj\u00f3w opakowa\u0144 na \u017cywno\u015b\u0107 p\u0142ynn\u0105. Lekkie, wytrzyma\u0142e, chroni\u0105ce \u017cywno\u015b\u0107 przed czynnikami zewn\u0119trznymi. I nadaj\u0105ce si\u0119 do recyklingu.<\/p>\n<p>Niestety, &#8222;nadaj\u0105ce si\u0119 do recyklingu&#8221; nie oznacza, \u017ce w Polsce recyklerzy bij\u0105 si\u0119 o mo\u017cliwo\u015b\u0107 odzyskiwania surowc\u00f3w z tetrapak\u00f3w. Dlaczego?<\/p>\n<figure id=\"attachment_9259\" aria-describedby=\"caption-attachment-9259\" style=\"width: 600px\" class=\"wp-caption aligncenter\"><a href=\"https:\/\/baranowscy.eu\/wordpress\/wp-content\/uploads\/2019\/05\/tetrapak_1.jpg\"><img loading=\"lazy\" decoding=\"async\" class=\"size-full wp-image-9259\" src=\"https:\/\/baranowscy.eu\/wordpress\/wp-content\/uploads\/2019\/05\/tetrapak_1.jpg\" alt=\"Prawdziwy tetrapak jest oznaczony znakiem handlowym\" width=\"600\" height=\"667\" \/><\/a><figcaption id=\"caption-attachment-9259\" class=\"wp-caption-text\">Prawdziwy tetrapak jest oznaczony znakiem handlowym<\/figcaption><\/figure>\n<h2>Z czego sk\u0142adaj\u0105 si\u0119 tetrapaki<\/h2>\n<p><strong>Najwa\u017cniejszym sk\u0142adnikiem opakowania, cho\u0107 zupe\u0142nie niewidocznym, jest karton.<\/strong> Jest to warstwa zbudowana z d\u0142ugich w\u0142\u00f3kien celulozowych, co oznacza, \u017ce jest to wysokiej jako\u015bci surowiec wt\u00f3rny (przyk\u0142adowo papier toaletowy z makulatury zrobiony jest z kr\u00f3tkich w\u0142\u00f3kien, kt\u00f3re nie nadaj\u0105 si\u0119 ju\u017c do recyklingu, i chyba dobrze).<\/p>\n<p>Opr\u00f3cz kartonu mamy jeszcze pi\u0119\u0107 innych warstw: <strong>polietylen, polietylen, folia aluminiowa, polietylen, polietylen&#8230;<\/strong> Oraz zakr\u0119tk\u0119 i gwint do zakr\u0119tki. Jest to wi\u0119c opakowanie wielomateria\u0142owe, niezwykle uci\u0105\u017cliwe w recyklingu, poniewa\u017c wymaga rozdzielenia osobnych warstw (zaprojektowanych przecie\u017c tak, \u017ceby trzyma\u0142y si\u0119 razem).<\/p>\n<p><a href=\"https:\/\/baranowscy.eu\/wordpress\/wp-content\/uploads\/2019\/05\/budowa-kartonu-aseptycznego.jpg\"><img loading=\"lazy\" decoding=\"async\" class=\"size-full wp-image-9257\" src=\"https:\/\/baranowscy.eu\/wordpress\/wp-content\/uploads\/2019\/05\/budowa-kartonu-aseptycznego.jpg\" alt=\"Budowa kartonu aseptycznego, czyli popularnie tetrapaku. \u0179r\u00f3d\u0142o: https:\/\/www.tetrapak.com\/pl\" width=\"867\" height=\"571\" srcset=\"https:\/\/baranowscy.eu\/wordpress\/wp-content\/uploads\/2019\/05\/budowa-kartonu-aseptycznego.jpg 867w, https:\/\/baranowscy.eu\/wordpress\/wp-content\/uploads\/2019\/05\/budowa-kartonu-aseptycznego-300x198.jpg 300w, https:\/\/baranowscy.eu\/wordpress\/wp-content\/uploads\/2019\/05\/budowa-kartonu-aseptycznego-600x395.jpg 600w, https:\/\/baranowscy.eu\/wordpress\/wp-content\/uploads\/2019\/05\/budowa-kartonu-aseptycznego-768x506.jpg 768w, https:\/\/baranowscy.eu\/wordpress\/wp-content\/uploads\/2019\/05\/budowa-kartonu-aseptycznego-560x369.jpg 560w\" sizes=\"auto, (max-width: 867px) 100vw, 867px\" \/><\/a><\/p>\n<p>Budowa kartonu aseptycznego, czyli popularnie tetrapaku. \u0179r\u00f3d\u0142o: https:\/\/www.tetrapak.com\/pl<\/p>\n<p><strong>Przeczytaj o tym, czy tetrapak jest eko, tak\u017ce tu:\u00a0<a href=\"https:\/\/www.green-projects.pl\/tetra-pak-ekologiczne-opakowania\/\" target=\"_blank\" rel=\"noopener\">Green Projects, Tetra Pak<\/a><\/strong><\/p>\n<p>W Polsce dzia\u0142aj\u0105 trzy papiernie zajmuj\u0105ce si\u0119 odzyskiwaniem surowc\u00f3w (Mondi \u015awiecie S.A., TOP S.A. oraz Fabryka Papieru i Tektury \u201eBeskidy\u201d S.A.). Jak dowiedzia\u0142am si\u0119 od Marty Krawczyk (<a href=\"https:\/\/baranowscy.eu\/wordpress\/blaski-i-cienie-recyklingu\/\" target=\"_blank\" rel=\"noopener\"><strong>&gt;&gt; tu wywiad z Mart\u0105<\/strong><\/a>), nie nale\u017cy robi\u0107 sobie wi\u0119kszych nadziei, \u017ce nasz zu\u017cyty tetrapak zostanie zrecyklingowany, poniewa\u017c popyt w\u015br\u00f3d recykler\u00f3w na te opakowania jest ma\u0142y i nikomu nie op\u0142aca si\u0119 sortowa\u0107 odpad\u00f3w pod tym k\u0105tem.<\/p>\n<p><strong>Tetrapak, prawid\u0142owo wyrzucony do pojemnika na plastik, prawdopodobnie zostanie spalony. A wcale nie musi!<\/strong><\/p>\n<figure id=\"attachment_9264\" aria-describedby=\"caption-attachment-9264\" style=\"width: 600px\" class=\"wp-caption aligncenter\"><a href=\"https:\/\/baranowscy.eu\/wordpress\/wp-content\/uploads\/2019\/05\/tetrapaki_2.jpg\"><img loading=\"lazy\" decoding=\"async\" class=\"size-full wp-image-9264\" src=\"https:\/\/baranowscy.eu\/wordpress\/wp-content\/uploads\/2019\/05\/tetrapaki_2.jpg\" alt=\"Tetrapaki to k\u0142opotliwe materia\u0142y wielomateria\u0142owe\" width=\"600\" height=\"667\" \/><\/a><figcaption id=\"caption-attachment-9264\" class=\"wp-caption-text\">Tetrapaki to k\u0142opotliwe materia\u0142y wielomateria\u0142owe<\/figcaption><\/figure>\n<h2>Co mo\u017cna zrobi\u0107 z tetrapak\u00f3w?<\/h2>\n<p>Moim ulubionym przyk\u0142adem recyklingu tetrapak\u00f3w jest <strong>&gt;&gt;<a href=\"https:\/\/baranowscy.eu\/wordpress\/econatural-papier-toaletowy-z-tetrapakow-recenzja\/\" target=\"_blank\" rel=\"noopener\"> papier toaletowy Lucart<\/a><\/strong> &#8211; niestety, produkowany we W\u0142oszech. Niestety, bo taka firma zbieraj\u0105ca tetrapaki i od razu przerabiaj\u0105ca je na papier, mog\u0142aby powsta\u0107 w Polsce, gdzie tetrapak\u00f3w na pewno nie zabraknie. (W wymienionych polskich papierniach oczywi\u015bcie karton jest wykorzystywany ponownie).<\/p>\n<p>W\u0142oska firma odzyskuje wszystkie surowce z tetrapak\u00f3w i przetwarza je na papier oraz podajniki papieru u\u017cywane w toaletach.<\/p>\n<p><iframe loading=\"lazy\" src=\"https:\/\/www.youtube.com\/embed\/V0doohUeVsA\" width=\"560\" height=\"315\" frameborder=\"0\" allowfullscreen=\"allowfullscreen\"><\/iframe><\/p>\n<p>Oczywi\u015bcie z tetrapak\u00f3w mo\u017cna produkowa\u0107 te\u017c r\u00f3\u017cne gad\u017cety lub przedmioty, a nawet meble (ci\u0119\u017ckie jak z kamienia). Na zdj\u0119ciu widzicie takie w\u0142a\u015bnie meble ze zmielonych pozosta\u0142o\u015bci po tetrapakach.<\/p>\n<figure id=\"attachment_7612\" aria-describedby=\"caption-attachment-7612\" style=\"width: 600px\" class=\"wp-caption aligncenter\"><a href=\"https:\/\/baranowscy.eu\/wordpress\/wp-content\/uploads\/2018\/02\/meble_z_tetrapakow.jpg\"><img loading=\"lazy\" decoding=\"async\" class=\"size-full wp-image-7612\" src=\"https:\/\/baranowscy.eu\/wordpress\/wp-content\/uploads\/2018\/02\/meble_z_tetrapakow.jpg\" alt=\"Meble z pozosta\u0142o\u015bci po tetrapakach\" width=\"600\" height=\"667\" \/><\/a><figcaption id=\"caption-attachment-7612\" class=\"wp-caption-text\">Meble z pozosta\u0142o\u015bci po tetrapakach<\/figcaption><\/figure>\n<p>Dop\u00f3ki przepisy nie zmusz\u0105 Polski do odzyskiwania wi\u0119kszej ilo\u015bci surowc\u00f3w, tetrapaki nie b\u0119d\u0105 wa\u017cnym surowcem wt\u00f3rym. Nie sugerujcie si\u0119 oznaczeniem na opakowaniu ani wytycznym dotycz\u0105cym segregacji \u015bmieci (cho\u0107 oczywi\u015bcie segregujcie \u015bmieci zgodnie z tymi zasadami!) &#8211; <strong>Wasz zu\u017cyty tetrapak ma niewielkie szanse, \u017ceby trafi\u0107 do papierni.<\/strong><\/p>\n<p><strong>Dlatego je\u015bli to mo\u017cliwe, unikajcie kupowania \u017cywno\u015bci w opakowaniach wielomateria\u0142owych. W Polsce, mimo \u017ce producent opakowa\u0144 umo\u017cliwia recykling tetrapak\u00f3w, poziom odzyskiwania surowc\u00f3w wt\u00f3rnych jest wci\u0105\u017c na beznadziejnie niskim poziomie. <\/strong><\/p>\n<p><strong>Je\u015bli za\u015b macie ulubionych producent\u00f3w np. napoj\u00f3w ro\u015blinnych, piszcie maile z pro\u015bb\u0105 o pakowanie ich w szk\u0142o! Ja tak zrobi\u0142am (i czekam na odpowied\u017a).<\/strong><\/p>\n","protected":false},"excerpt":{"rendered":"<p>Popularne tetrapaki to tak naprawd\u0119 opakowania kartonowe na \u017cywno\u015b\u0107 p\u0142ynn\u0105 i p\u00f3\u0142p\u0142ynn\u0105. Nazwa pochodzi od mi\u0119dzynarodowego koncernu Tetra Pak i w tej postaci jest nazw\u0105&hellip;<\/p>\n","protected":false},"author":1,"featured_media":9262,"comment_status":"open","ping_status":"open","sticky":false,"template":"","format":"standard","meta":{"_jetpack_memberships_contains_paid_content":false,"footnotes":""},"categories":[313],"tags":[1358,41,1225],"class_list":["post-9256","post","type-post","status-publish","format-standard","has-post-thumbnail","hentry","category-ekodylematy","tag-ekodylematy","tag-recykling","tag-tetrapak"],"yoast_head":"<!-- This site is optimized with the Yoast SEO plugin v27.4 - https:\/\/yoast.com\/product\/yoast-seo-wordpress\/ -->\n<title>Ekodylematy: czy tetrapaki to utrapienie recykler\u00f3w? | organiczni.eu<\/title>\n<meta name=\"description\" content=\"Popularne tetrapaki to tak naprawd\u0119 opakowania kartonowe na \u017cywno\u015b\u0107 p\u0142ynn\u0105 i p\u00f3\u0142p\u0142ynn\u0105. Nazwa pochodzi od mi\u0119dzynarodowego koncernu Tetra Pak\" \/>\n<meta name=\"robots\" content=\"index, follow, max-snippet:-1, max-image-preview:large, max-video-preview:-1\" \/>\n<link rel=\"canonical\" href=\"https:\/\/baranowscy.eu\/wordpress\/ekodylematy-tetrapaki\/\" \/>\n<meta property=\"og:locale\" content=\"pl_PL\" \/>\n<meta property=\"og:type\" content=\"article\" \/>\n<meta property=\"og:title\" content=\"Ekodylematy: czy tetrapaki to utrapienie recykler\u00f3w? | organiczni.eu\" \/>\n<meta property=\"og:description\" content=\"Popularne tetrapaki to tak naprawd\u0119 opakowania kartonowe na \u017cywno\u015b\u0107 p\u0142ynn\u0105 i p\u00f3\u0142p\u0142ynn\u0105. Nazwa pochodzi od mi\u0119dzynarodowego koncernu Tetra Pak\" \/>\n<meta property=\"og:url\" content=\"https:\/\/baranowscy.eu\/wordpress\/ekodylematy-tetrapaki\/\" \/>\n<meta property=\"og:site_name\" content=\"organiczni.eu\" \/>\n<meta property=\"article:publisher\" content=\"https:\/\/www.facebook.com\/organiczni\/\" \/>\n<meta property=\"article:published_time\" content=\"2019-05-09T09:29:41+00:00\" \/>\n<meta property=\"article:modified_time\" content=\"2019-05-09T13:57:22+00:00\" \/>\n<meta property=\"og:image\" content=\"https:\/\/baranowscy.eu\/wordpress\/wp-content\/uploads\/2019\/05\/tetrapaki_0.jpg\" \/>\n\t<meta property=\"og:image:width\" content=\"1200\" \/>\n\t<meta property=\"og:image:height\" content=\"628\" \/>\n\t<meta property=\"og:image:type\" content=\"image\/jpeg\" \/>\n<meta name=\"author\" content=\"joanna\" \/>\n<meta name=\"twitter:card\" content=\"summary_large_image\" \/>\n<meta name=\"twitter:label1\" content=\"Napisane przez\" \/>\n\t<meta name=\"twitter:data1\" content=\"joanna\" \/>\n\t<meta name=\"twitter:label2\" content=\"Szacowany czas czytania\" \/>\n\t<meta name=\"twitter:data2\" content=\"3 minuty\" \/>\n<script type=\"application\/ld+json\" class=\"yoast-schema-graph\">{\"@context\":\"https:\\\/\\\/schema.org\",\"@graph\":[{\"@type\":\"Article\",\"@id\":\"https:\\\/\\\/baranowscy.eu\\\/wordpress\\\/ekodylematy-tetrapaki\\\/#article\",\"isPartOf\":{\"@id\":\"https:\\\/\\\/baranowscy.eu\\\/wordpress\\\/ekodylematy-tetrapaki\\\/\"},\"author\":{\"name\":\"joanna\",\"@id\":\"https:\\\/\\\/baranowscy.eu\\\/wordpress\\\/#\\\/schema\\\/person\\\/741d5f1f3fd2833c5ca2ffdaaa93dc73\"},\"headline\":\"Ekodylematy: czy tetrapaki to utrapienie recykler\u00f3w?\",\"datePublished\":\"2019-05-09T09:29:41+00:00\",\"dateModified\":\"2019-05-09T13:57:22+00:00\",\"mainEntityOfPage\":{\"@id\":\"https:\\\/\\\/baranowscy.eu\\\/wordpress\\\/ekodylematy-tetrapaki\\\/\"},\"wordCount\":680,\"commentCount\":6,\"publisher\":{\"@id\":\"https:\\\/\\\/baranowscy.eu\\\/wordpress\\\/#organization\"},\"image\":{\"@id\":\"https:\\\/\\\/baranowscy.eu\\\/wordpress\\\/ekodylematy-tetrapaki\\\/#primaryimage\"},\"thumbnailUrl\":\"https:\\\/\\\/baranowscy.eu\\\/wordpress\\\/wp-content\\\/uploads\\\/2019\\\/05\\\/tetrapaki_0.jpg\",\"keywords\":[\"ekodylematy\",\"recykling\",\"tetrapak\"],\"articleSection\":[\"ekodylematy\"],\"inLanguage\":\"pl-PL\",\"potentialAction\":[{\"@type\":\"CommentAction\",\"name\":\"Comment\",\"target\":[\"https:\\\/\\\/baranowscy.eu\\\/wordpress\\\/ekodylematy-tetrapaki\\\/#respond\"]}]},{\"@type\":\"WebPage\",\"@id\":\"https:\\\/\\\/baranowscy.eu\\\/wordpress\\\/ekodylematy-tetrapaki\\\/\",\"url\":\"https:\\\/\\\/baranowscy.eu\\\/wordpress\\\/ekodylematy-tetrapaki\\\/\",\"name\":\"Ekodylematy: czy tetrapaki to utrapienie recykler\u00f3w? | organiczni.eu\",\"isPartOf\":{\"@id\":\"https:\\\/\\\/baranowscy.eu\\\/wordpress\\\/#website\"},\"primaryImageOfPage\":{\"@id\":\"https:\\\/\\\/baranowscy.eu\\\/wordpress\\\/ekodylematy-tetrapaki\\\/#primaryimage\"},\"image\":{\"@id\":\"https:\\\/\\\/baranowscy.eu\\\/wordpress\\\/ekodylematy-tetrapaki\\\/#primaryimage\"},\"thumbnailUrl\":\"https:\\\/\\\/baranowscy.eu\\\/wordpress\\\/wp-content\\\/uploads\\\/2019\\\/05\\\/tetrapaki_0.jpg\",\"datePublished\":\"2019-05-09T09:29:41+00:00\",\"dateModified\":\"2019-05-09T13:57:22+00:00\",\"description\":\"Popularne tetrapaki to tak naprawd\u0119 opakowania kartonowe na \u017cywno\u015b\u0107 p\u0142ynn\u0105 i p\u00f3\u0142p\u0142ynn\u0105. Nazwa pochodzi od mi\u0119dzynarodowego koncernu Tetra Pak\",\"breadcrumb\":{\"@id\":\"https:\\\/\\\/baranowscy.eu\\\/wordpress\\\/ekodylematy-tetrapaki\\\/#breadcrumb\"},\"inLanguage\":\"pl-PL\",\"potentialAction\":[{\"@type\":\"ReadAction\",\"target\":[\"https:\\\/\\\/baranowscy.eu\\\/wordpress\\\/ekodylematy-tetrapaki\\\/\"]}]},{\"@type\":\"ImageObject\",\"inLanguage\":\"pl-PL\",\"@id\":\"https:\\\/\\\/baranowscy.eu\\\/wordpress\\\/ekodylematy-tetrapaki\\\/#primaryimage\",\"url\":\"https:\\\/\\\/baranowscy.eu\\\/wordpress\\\/wp-content\\\/uploads\\\/2019\\\/05\\\/tetrapaki_0.jpg\",\"contentUrl\":\"https:\\\/\\\/baranowscy.eu\\\/wordpress\\\/wp-content\\\/uploads\\\/2019\\\/05\\\/tetrapaki_0.jpg\",\"width\":1200,\"height\":628},{\"@type\":\"BreadcrumbList\",\"@id\":\"https:\\\/\\\/baranowscy.eu\\\/wordpress\\\/ekodylematy-tetrapaki\\\/#breadcrumb\",\"itemListElement\":[{\"@type\":\"ListItem\",\"position\":1,\"name\":\"Strona g\u0142\u00f3wna\",\"item\":\"https:\\\/\\\/baranowscy.eu\\\/wordpress\\\/\"},{\"@type\":\"ListItem\",\"position\":2,\"name\":\"Ekodylematy: czy tetrapaki to utrapienie recykler\u00f3w?\"}]},{\"@type\":\"WebSite\",\"@id\":\"https:\\\/\\\/baranowscy.eu\\\/wordpress\\\/#website\",\"url\":\"https:\\\/\\\/baranowscy.eu\\\/wordpress\\\/\",\"name\":\"organiczni.eu\",\"description\":\"Najbardziej wszechstronny blog ekologiczny\",\"publisher\":{\"@id\":\"https:\\\/\\\/baranowscy.eu\\\/wordpress\\\/#organization\"},\"potentialAction\":[{\"@type\":\"SearchAction\",\"target\":{\"@type\":\"EntryPoint\",\"urlTemplate\":\"https:\\\/\\\/baranowscy.eu\\\/wordpress\\\/?s={search_term_string}\"},\"query-input\":{\"@type\":\"PropertyValueSpecification\",\"valueRequired\":true,\"valueName\":\"search_term_string\"}}],\"inLanguage\":\"pl-PL\"},{\"@type\":\"Organization\",\"@id\":\"https:\\\/\\\/baranowscy.eu\\\/wordpress\\\/#organization\",\"name\":\"organiczni.eu\",\"url\":\"https:\\\/\\\/baranowscy.eu\\\/wordpress\\\/\",\"logo\":{\"@type\":\"ImageObject\",\"inLanguage\":\"pl-PL\",\"@id\":\"https:\\\/\\\/baranowscy.eu\\\/wordpress\\\/#\\\/schema\\\/logo\\\/image\\\/\",\"url\":\"https:\\\/\\\/baranowscy.eu\\\/wordpress\\\/wp-content\\\/uploads\\\/2018\\\/01\\\/logo_duze.png\",\"contentUrl\":\"https:\\\/\\\/baranowscy.eu\\\/wordpress\\\/wp-content\\\/uploads\\\/2018\\\/01\\\/logo_duze.png\",\"width\":1398,\"height\":300,\"caption\":\"organiczni.eu\"},\"image\":{\"@id\":\"https:\\\/\\\/baranowscy.eu\\\/wordpress\\\/#\\\/schema\\\/logo\\\/image\\\/\"},\"sameAs\":[\"https:\\\/\\\/www.facebook.com\\\/organiczni\\\/\",\"https:\\\/\\\/www.instagram.com\\\/organiczni.eu\\\/\"]},{\"@type\":\"Person\",\"@id\":\"https:\\\/\\\/baranowscy.eu\\\/wordpress\\\/#\\\/schema\\\/person\\\/741d5f1f3fd2833c5ca2ffdaaa93dc73\",\"name\":\"joanna\",\"image\":{\"@type\":\"ImageObject\",\"inLanguage\":\"pl-PL\",\"@id\":\"https:\\\/\\\/secure.gravatar.com\\\/avatar\\\/a59b1be4fa5d200ee0af0ba4bbcdb691da1d589b419bae23d7aa5a15d820e28e?s=96&d=identicon&r=g\",\"url\":\"https:\\\/\\\/secure.gravatar.com\\\/avatar\\\/a59b1be4fa5d200ee0af0ba4bbcdb691da1d589b419bae23d7aa5a15d820e28e?s=96&d=identicon&r=g\",\"contentUrl\":\"https:\\\/\\\/secure.gravatar.com\\\/avatar\\\/a59b1be4fa5d200ee0af0ba4bbcdb691da1d589b419bae23d7aa5a15d820e28e?s=96&d=identicon&r=g\",\"caption\":\"joanna\"},\"sameAs\":[\"https:\\\/\\\/organiczni.baranowscy.eu\"],\"url\":\"https:\\\/\\\/baranowscy.eu\\\/wordpress\\\/author\\\/admin\\\/\"}]}<\/script>\n<!-- \/ Yoast SEO plugin. -->","yoast_head_json":{"title":"Ekodylematy: czy tetrapaki to utrapienie recykler\u00f3w? | organiczni.eu","description":"Popularne tetrapaki to tak naprawd\u0119 opakowania kartonowe na \u017cywno\u015b\u0107 p\u0142ynn\u0105 i p\u00f3\u0142p\u0142ynn\u0105. Nazwa pochodzi od mi\u0119dzynarodowego koncernu Tetra Pak","robots":{"index":"index","follow":"follow","max-snippet":"max-snippet:-1","max-image-preview":"max-image-preview:large","max-video-preview":"max-video-preview:-1"},"canonical":"https:\/\/baranowscy.eu\/wordpress\/ekodylematy-tetrapaki\/","og_locale":"pl_PL","og_type":"article","og_title":"Ekodylematy: czy tetrapaki to utrapienie recykler\u00f3w? | organiczni.eu","og_description":"Popularne tetrapaki to tak naprawd\u0119 opakowania kartonowe na \u017cywno\u015b\u0107 p\u0142ynn\u0105 i p\u00f3\u0142p\u0142ynn\u0105. Nazwa pochodzi od mi\u0119dzynarodowego koncernu Tetra Pak","og_url":"https:\/\/baranowscy.eu\/wordpress\/ekodylematy-tetrapaki\/","og_site_name":"organiczni.eu","article_publisher":"https:\/\/www.facebook.com\/organiczni\/","article_published_time":"2019-05-09T09:29:41+00:00","article_modified_time":"2019-05-09T13:57:22+00:00","og_image":[{"width":1200,"height":628,"url":"https:\/\/baranowscy.eu\/wordpress\/wp-content\/uploads\/2019\/05\/tetrapaki_0.jpg","type":"image\/jpeg"}],"author":"joanna","twitter_card":"summary_large_image","twitter_misc":{"Napisane przez":"joanna","Szacowany czas czytania":"3 minuty"},"schema":{"@context":"https:\/\/schema.org","@graph":[{"@type":"Article","@id":"https:\/\/baranowscy.eu\/wordpress\/ekodylematy-tetrapaki\/#article","isPartOf":{"@id":"https:\/\/baranowscy.eu\/wordpress\/ekodylematy-tetrapaki\/"},"author":{"name":"joanna","@id":"https:\/\/baranowscy.eu\/wordpress\/#\/schema\/person\/741d5f1f3fd2833c5ca2ffdaaa93dc73"},"headline":"Ekodylematy: czy tetrapaki to utrapienie recykler\u00f3w?","datePublished":"2019-05-09T09:29:41+00:00","dateModified":"2019-05-09T13:57:22+00:00","mainEntityOfPage":{"@id":"https:\/\/baranowscy.eu\/wordpress\/ekodylematy-tetrapaki\/"},"wordCount":680,"commentCount":6,"publisher":{"@id":"https:\/\/baranowscy.eu\/wordpress\/#organization"},"image":{"@id":"https:\/\/baranowscy.eu\/wordpress\/ekodylematy-tetrapaki\/#primaryimage"},"thumbnailUrl":"https:\/\/baranowscy.eu\/wordpress\/wp-content\/uploads\/2019\/05\/tetrapaki_0.jpg","keywords":["ekodylematy","recykling","tetrapak"],"articleSection":["ekodylematy"],"inLanguage":"pl-PL","potentialAction":[{"@type":"CommentAction","name":"Comment","target":["https:\/\/baranowscy.eu\/wordpress\/ekodylematy-tetrapaki\/#respond"]}]},{"@type":"WebPage","@id":"https:\/\/baranowscy.eu\/wordpress\/ekodylematy-tetrapaki\/","url":"https:\/\/baranowscy.eu\/wordpress\/ekodylematy-tetrapaki\/","name":"Ekodylematy: czy tetrapaki to utrapienie recykler\u00f3w? | organiczni.eu","isPartOf":{"@id":"https:\/\/baranowscy.eu\/wordpress\/#website"},"primaryImageOfPage":{"@id":"https:\/\/baranowscy.eu\/wordpress\/ekodylematy-tetrapaki\/#primaryimage"},"image":{"@id":"https:\/\/baranowscy.eu\/wordpress\/ekodylematy-tetrapaki\/#primaryimage"},"thumbnailUrl":"https:\/\/baranowscy.eu\/wordpress\/wp-content\/uploads\/2019\/05\/tetrapaki_0.jpg","datePublished":"2019-05-09T09:29:41+00:00","dateModified":"2019-05-09T13:57:22+00:00","description":"Popularne tetrapaki to tak naprawd\u0119 opakowania kartonowe na \u017cywno\u015b\u0107 p\u0142ynn\u0105 i p\u00f3\u0142p\u0142ynn\u0105. Nazwa pochodzi od mi\u0119dzynarodowego koncernu Tetra Pak","breadcrumb":{"@id":"https:\/\/baranowscy.eu\/wordpress\/ekodylematy-tetrapaki\/#breadcrumb"},"inLanguage":"pl-PL","potentialAction":[{"@type":"ReadAction","target":["https:\/\/baranowscy.eu\/wordpress\/ekodylematy-tetrapaki\/"]}]},{"@type":"ImageObject","inLanguage":"pl-PL","@id":"https:\/\/baranowscy.eu\/wordpress\/ekodylematy-tetrapaki\/#primaryimage","url":"https:\/\/baranowscy.eu\/wordpress\/wp-content\/uploads\/2019\/05\/tetrapaki_0.jpg","contentUrl":"https:\/\/baranowscy.eu\/wordpress\/wp-content\/uploads\/2019\/05\/tetrapaki_0.jpg","width":1200,"height":628},{"@type":"BreadcrumbList","@id":"https:\/\/baranowscy.eu\/wordpress\/ekodylematy-tetrapaki\/#breadcrumb","itemListElement":[{"@type":"ListItem","position":1,"name":"Strona g\u0142\u00f3wna","item":"https:\/\/baranowscy.eu\/wordpress\/"},{"@type":"ListItem","position":2,"name":"Ekodylematy: czy tetrapaki to utrapienie recykler\u00f3w?"}]},{"@type":"WebSite","@id":"https:\/\/baranowscy.eu\/wordpress\/#website","url":"https:\/\/baranowscy.eu\/wordpress\/","name":"organiczni.eu","description":"Najbardziej wszechstronny blog ekologiczny","publisher":{"@id":"https:\/\/baranowscy.eu\/wordpress\/#organization"},"potentialAction":[{"@type":"SearchAction","target":{"@type":"EntryPoint","urlTemplate":"https:\/\/baranowscy.eu\/wordpress\/?s={search_term_string}"},"query-input":{"@type":"PropertyValueSpecification","valueRequired":true,"valueName":"search_term_string"}}],"inLanguage":"pl-PL"},{"@type":"Organization","@id":"https:\/\/baranowscy.eu\/wordpress\/#organization","name":"organiczni.eu","url":"https:\/\/baranowscy.eu\/wordpress\/","logo":{"@type":"ImageObject","inLanguage":"pl-PL","@id":"https:\/\/baranowscy.eu\/wordpress\/#\/schema\/logo\/image\/","url":"https:\/\/baranowscy.eu\/wordpress\/wp-content\/uploads\/2018\/01\/logo_duze.png","contentUrl":"https:\/\/baranowscy.eu\/wordpress\/wp-content\/uploads\/2018\/01\/logo_duze.png","width":1398,"height":300,"caption":"organiczni.eu"},"image":{"@id":"https:\/\/baranowscy.eu\/wordpress\/#\/schema\/logo\/image\/"},"sameAs":["https:\/\/www.facebook.com\/organiczni\/","https:\/\/www.instagram.com\/organiczni.eu\/"]},{"@type":"Person","@id":"https:\/\/baranowscy.eu\/wordpress\/#\/schema\/person\/741d5f1f3fd2833c5ca2ffdaaa93dc73","name":"joanna","image":{"@type":"ImageObject","inLanguage":"pl-PL","@id":"https:\/\/secure.gravatar.com\/avatar\/a59b1be4fa5d200ee0af0ba4bbcdb691da1d589b419bae23d7aa5a15d820e28e?s=96&d=identicon&r=g","url":"https:\/\/secure.gravatar.com\/avatar\/a59b1be4fa5d200ee0af0ba4bbcdb691da1d589b419bae23d7aa5a15d820e28e?s=96&d=identicon&r=g","contentUrl":"https:\/\/secure.gravatar.com\/avatar\/a59b1be4fa5d200ee0af0ba4bbcdb691da1d589b419bae23d7aa5a15d820e28e?s=96&d=identicon&r=g","caption":"joanna"},"sameAs":["https:\/\/organiczni.baranowscy.eu"],"url":"https:\/\/baranowscy.eu\/wordpress\/author\/admin\/"}]}},"jetpack_featured_media_url":"https:\/\/baranowscy.eu\/wordpress\/wp-content\/uploads\/2019\/05\/tetrapaki_0.jpg","jetpack_sharing_enabled":true,"_links":{"self":[{"href":"https:\/\/baranowscy.eu\/wordpress\/wp-json\/wp\/v2\/posts\/9256","targetHints":{"allow":["GET"]}}],"collection":[{"href":"https:\/\/baranowscy.eu\/wordpress\/wp-json\/wp\/v2\/posts"}],"about":[{"href":"https:\/\/baranowscy.eu\/wordpress\/wp-json\/wp\/v2\/types\/post"}],"author":[{"embeddable":true,"href":"https:\/\/baranowscy.eu\/wordpress\/wp-json\/wp\/v2\/users\/1"}],"replies":[{"embeddable":true,"href":"https:\/\/baranowscy.eu\/wordpress\/wp-json\/wp\/v2\/comments?post=9256"}],"version-history":[{"count":7,"href":"https:\/\/baranowscy.eu\/wordpress\/wp-json\/wp\/v2\/posts\/9256\/revisions"}],"predecessor-version":[{"id":9267,"href":"https:\/\/baranowscy.eu\/wordpress\/wp-json\/wp\/v2\/posts\/9256\/revisions\/9267"}],"wp:featuredmedia":[{"embeddable":true,"href":"https:\/\/baranowscy.eu\/wordpress\/wp-json\/wp\/v2\/media\/9262"}],"wp:attachment":[{"href":"https:\/\/baranowscy.eu\/wordpress\/wp-json\/wp\/v2\/media?parent=9256"}],"wp:term":[{"taxonomy":"category","embeddable":true,"href":"https:\/\/baranowscy.eu\/wordpress\/wp-json\/wp\/v2\/categories?post=9256"},{"taxonomy":"post_tag","embeddable":true,"href":"https:\/\/baranowscy.eu\/wordpress\/wp-json\/wp\/v2\/tags?post=9256"}],"curies":[{"name":"wp","href":"https:\/\/api.w.org\/{rel}","templated":true}]}}