{"id":8954,"date":"2019-01-16T22:33:21","date_gmt":"2019-01-16T21:33:21","guid":{"rendered":"http:\/\/baranowscy.eu\/wordpress\/?p=8954"},"modified":"2019-01-16T23:36:23","modified_gmt":"2019-01-16T22:36:23","slug":"moj-maz-38-l-odkryl-ze-myje-sie-mikroplastikiem","status":"publish","type":"post","link":"https:\/\/baranowscy.eu\/wordpress\/moj-maz-38-l-odkryl-ze-myje-sie-mikroplastikiem\/","title":{"rendered":"M\u00f3j m\u0105\u017c (38 l.) odkry\u0142, \u017ce myje si\u0119 mikroplastikiem"},"content":{"rendered":"<p><strong>Mikroplastik w naszej \u0142azience? Tego si\u0119 nie spodziewali\u015bmy. Nawet przez my\u015bl nam nie przysz\u0142o, \u017ceby podejrzewa\u0107 kt\u00f3ry\u015b z naszych nielicznych kosmetyk\u00f3w o taki sk\u0142adnik. A jednak. Uwa\u017cne przestudiowanie sk\u0142adu \u017celu pod prysznic ujawni\u0142o a\u017c cztery rodzaje mikroplastiku w produkcie znanej marki.<\/strong><\/p>\n<p>Pisz\u0119 o tym nie bez powodu. Coraz wi\u0119cej m\u00f3wi si\u0119 o tym, \u017ce plastik zalewa \u015bwiat i znajduje si\u0119 nawet w naszej wodzie z kranu. Znajduje si\u0119 w rybach, kt\u00f3re s\u0105 wy\u0142awiane i zjadane przez ludzi. Znajduje si\u0119 wsz\u0119dzie, gro\u017aniejszy, ni\u017c s\u0105dzimy.<\/p>\n<p><strong>Dzi\u0119kuj\u0119 mojemu m\u0119\u017cowi, \u017ce zgodzi\u0142 si\u0119 na ilustrowanie tego tekstu swoj\u0105 facjat\u0105. My\u015bl\u0119, \u017ce przekona r\u00f3wnie\u017c Was do zerkni\u0119cia na sk\u0142ad myd\u0142a, szamponu czy pasty do z\u0119b\u00f3w. Lista rodzaj\u00f3w mikroplastiku znajduje si\u0119 na ko\u0144cu tekstu.<\/strong><\/p>\n<h2>Mikroplastiki to \u015bmieci i trucizna<\/h2>\n<p><strong>Czym s\u0105 mikroplastiki? To niewielkie, mniejsze ni\u017c 5 mm, kawa\u0142ki polimer\u00f3w syntetycznych, takich jak polietylen, polipropylen i poliester. Te polimery nie s\u0105 \u0142atwo bodegradowalne, ich rozk\u0142ad trwa nawet setki lat. Przez ten czas mog\u0105 dosta\u0107 si\u0119 do wody, zosta\u0107 spo\u017cyte przez cz\u0142owieka, wydalone, ponownie dosta\u0107 si\u0119 do wody i tak kilkadziesi\u0105t razy.<\/strong><\/p>\n<p>Dlaczego mikroplastiki w og\u00f3le znajduj\u0105 si\u0119 w kosmetykach? No c\u00f3\u017c, bo s\u0105 tanie, a \u015bwietnie zast\u0119puj\u0105 inne substancje z\u0142uszczaj\u0105ce czy zag\u0119szczaj\u0105ce (naturalne odpowiedniki to np. celuloza, skrobia). Kiedy u\u017cywamy np. myd\u0142a, pasty do z\u0119b\u00f3w, szamponu czy peelingu z mikroplastikami, sp\u0142ukujemy je wod\u0105 prosto do \u015bciek\u00f3w.<\/p>\n<blockquote class=\"wp-embedded-content\" data-secret=\"uRZf4VgpzL\"><p><a href=\"https:\/\/www.green-projects.pl\/skad-sie-bierze-mikroplastik-problemem-dla-srodowiska\/\">Sk\u0105d si\u0119 bierze mikroplastik i dlaczego jest problemem dla \u015brodowiska?<\/a><\/p><\/blockquote>\n<p><iframe loading=\"lazy\" class=\"wp-embedded-content\" sandbox=\"allow-scripts\" security=\"restricted\" style=\"position: absolute; clip: rect(1px, 1px, 1px, 1px);\" title=\"&#8222;Sk\u0105d si\u0119 bierze mikroplastik i dlaczego jest problemem dla \u015brodowiska?&#8221; &#8212; Green Projects\" src=\"https:\/\/www.green-projects.pl\/skad-sie-bierze-mikroplastik-problemem-dla-srodowiska\/embed\/#?secret=0F5jUs01ib#?secret=uRZf4VgpzL\" data-secret=\"uRZf4VgpzL\" width=\"600\" height=\"338\" frameborder=\"0\" marginwidth=\"0\" marginheight=\"0\" scrolling=\"no\"><\/iframe><\/p>\n<p><strong>Niestety, polskie oczyszczalnie mog\u0105 nie wy\u0142apa\u0107 takich zanieczyszcze\u0144.<\/strong> Mikroplastiki z naszej \u0142azienki przedostaj\u0105 si\u0119 do rzek i p\u0142yn\u0105 do morza.\u00a0 Poniewa\u017c u\u017cywane polimery r\u00f3\u017cni\u0105 si\u0119 mi\u0119dzy sob\u0105 w\u0142a\u015bciwo\u015bciami, mog\u0105 osiada\u0107 na dnie, mog\u0105 te\u017c unosi\u0107 si\u0119 w wodzie. Przez to stanowi\u0105 zagro\u017cenie dla r\u00f3\u017cnych organizm\u00f3w wodnych, zar\u00f3wno tych \u017ceruj\u0105cych przy dnie, jak i tych p\u0142ywaj\u0105cych bli\u017cej powierzchni. <strong>Mylone z pokarmem, s\u0105 zjadane przez mieszka\u0144c\u00f3w w\u00f3d, i rozpoczynaj\u0105 w\u0119dr\u00f3wk\u0119 wzd\u0142u\u017c morskiego \u0142a\u0144cucha pokarmowego. L\u0105duj\u0105 tak\u017ce na talerzach os\u00f3b lubi\u0105cych ryby czy owoce morza.\u00a0<\/strong><\/p>\n<p>M\u00f3wi si\u0119 tak\u017ce o tym, \u017ce mikroplastiki w wodzie mog\u0105 absorbowa\u0107 toksyny znajduj\u0105ce si\u0119 w morzu czy oceanie, r\u00f3wnie\u017c po\u0142ykane przez zwierz\u0119ta i kumuluj\u0105ce si\u0119 w ich organizmach.<\/p>\n<figure id=\"attachment_8959\" aria-describedby=\"caption-attachment-8959\" style=\"width: 600px\" class=\"wp-caption alignright\"><a href=\"https:\/\/baranowscy.eu\/wordpress\/wp-content\/uploads\/2019\/01\/plastik_w_mydle_1.jpg\"><img loading=\"lazy\" decoding=\"async\" class=\"wp-image-8959 size-full\" src=\"https:\/\/baranowscy.eu\/wordpress\/wp-content\/uploads\/2019\/01\/plastik_w_mydle_1.jpg\" alt=\"Cztery rodzaje mikroplastiku w jednym mydle\" width=\"600\" height=\"667\" \/><\/a><figcaption id=\"caption-attachment-8959\" class=\"wp-caption-text\">Cztery rodzaje mikroplastiku w jednym mydle<\/figcaption><\/figure>\n<h2>Jak rozpozna\u0107 mikroplastiki w sk\u0142adzie?<\/h2>\n<p><strong>Nie my\u015blcie sobie, \u017ce producenci pisz\u0105 wo\u0142ami na opakowaniach, \u017ce ich kosmetyki zawieraj\u0105 mikroplastiki. Nie ma takiego obowi\u0105zku. Jeszcze.<\/strong> Trzeba naprawd\u0119 wnikliwie studiowa\u0107 sk\u0142ad, aby dopatrze\u0107 si\u0119 niebezpiecze\u0144stwa, zw\u0142aszcza \u017ce cz\u0119sto sk\u0142ad INCI trzeba czyta\u0107 przez lup\u0119.<\/p>\n<p>Nie popieram kupowania \u017celi pod prysznic, ale rozumiem przyzwyczajenie mojego m\u0119\u017ca do konkretnej marki (20 lat!). Kiedy\u015b przejrza\u0142am sk\u0142ady wszystkich produkt\u00f3w z tej serii i cho\u0107 nie by\u0142y szczeg\u00f3lnie powalaj\u0105ce (SLS, SLES, PEG-i&#8230;), nie zawiera\u0142y mikroplastiku. Niedawno m\u0105\u017c sprawi\u0142 sobie opakowanie o nowym zapachu, z ciekawo\u015bci zerkn\u0119\u0142am na sk\u0142ad i nabra\u0142am podejrze\u0144. Niestety, po sprawdzeniu szczeg\u00f3lnie podejrzanych nazw potwierdzili\u015bmy swoje obawy. W tym \u017celu wyst\u0119powa\u0142y a\u017c cztery rodzaje mikroplastik\u00f3w. Wi\u0119cej nie zjawi si\u0119 w naszej \u0142azience. (<strong>Mo\u017ce w ko\u0144cu nam\u00f3wi\u0119 m\u0119\u017ca do mycia si\u0119 kt\u00f3rym\u015b z &gt;&gt; <a href=\"https:\/\/baranowscy.eu\/wordpress\/jak-zrobic-dwukolorowe-mydlo\/\" target=\"_blank\" rel=\"noopener\">moich myde\u0142 w kostce<\/a>?<\/strong>).<\/p>\n<p><strong>Poni\u017csza lista u\u0142atwi Wam przestudiowanie sk\u0142ad\u00f3w Waszych kosmetyk\u00f3w i wykrycie w nich syntetycznych polimer\u00f3w.<\/strong> Mog\u0105 znajdowa\u0107 si\u0119 w ka\u017cdym produkcie: pa\u015bcie do z\u0119b\u00f3w, lakierze do paznokci, cieniu do powiek. Chyba \u017ce s\u0105 to kosmetyki ekologiczne z certyfikatem, w nich mikroplastiki nie maj\u0105 prawa si\u0119 znale\u017a\u0107.<\/p>\n<p><strong><div class='dropshadowboxes-container ' style='width:640px;'>\r\n                            <div class='dropshadowboxes-drop-shadow dropshadowboxes-rounded-corners dropshadowboxes-lifted-both dropshadowboxes-effect-default' style=' border: 1px solid #dddddd; height:; background-color:#f5ee77;    '>\r\n                            Jak znale\u017a\u0107 mikroplastki w sk\u0142adzie:<\/strong><\/p>\n<ul>\n<li>Polyethylene<\/li>\n<li>Polypropylene<\/li>\n<li>Polyethylene Terephthalate<\/li>\n<li>Polyester<\/li>\n<li>Polyester-1<\/li>\n<li>Polyester-11<\/li>\n<li>Nylon-12<\/li>\n<li>Nylon-6<\/li>\n<li>Nylon-66<\/li>\n<li>Polyamid<\/li>\n<li>Polyurethane<\/li>\n<li>Polyurethane-2<\/li>\n<li>Polyurethane-14<\/li>\n<li>Polyurethane-35<\/li>\n<li>Polyimide<\/li>\n<li>Polyimid-1<\/li>\n<li>Acrylates Copolymer<\/li>\n<li>Acrylates Crosspolymer<\/li>\n<li>Allyl Methacrylates<\/li>\n<li>Crosspolymer<\/li>\n<li>Acrylates\/C10-30Alkyl<\/li>\n<li>Acrylate Crosspolymer<\/li>\n<li>Polyquaternium-7<strong>\r\n                            <\/div>\r\n                        <\/div><\/strong><\/li>\n<\/ul>\n<p><strong>Przejrzeli\u015bcie ju\u017c swoje kosmetyki? Napiszcie, je\u015bli jakie\u015b zaskoczy\u0142y Was obecno\u015bci\u0105 mikroplastiku!<\/strong><\/p>\n<h2>Najwa\u017cniejsze \u017ar\u00f3d\u0142a:<\/h2>\n<ul>\n<li>dr hab. Beata Grobelna, prof. UG,\u00a0<a href=\"http:\/\/pke.gdansk.pl\/wp-content\/uploads\/2017\/03\/W5-Mikroplastiki-w-kosmetykach-wyk\u0142ad.pdf\" target=\"_blank\" rel=\"noopener\">&#8222;Mikroplastiki w kosmetykach \u2013 surowce zast\u0119pcze&#8221;<\/a><\/li>\n<li><a href=\"https:\/\/www.ekonsument.pl\/a67145_trujacy_mikroplastik.html\" target=\"_blank\" rel=\"noopener\">https:\/\/www.ekonsument.pl\/a67145_trujacy_mikroplastik.html<\/a><\/li>\n<li><a href=\"https:\/\/ccb.se\/publications\/microplastic-ccb-pol\/\" target=\"_blank\" rel=\"noopener\">https:\/\/ccb.se\/publications\/microplastic-ccb-pol\/<\/a><\/li>\n<li><a href=\"https:\/\/www.kigpr.pl\/pl\/198\/313\/mikroplastik-prawda-czy-mity.html\" target=\"_blank\" rel=\"noopener\">https:\/\/www.kigpr.pl\/pl\/198\/313\/mikroplastik-prawda-czy-mity.html<\/a><\/li>\n<\/ul>\n","protected":false},"excerpt":{"rendered":"<p>Mikroplastik w naszej \u0142azience? Tego si\u0119 nie spodziewali\u015bmy. Nawet przez my\u015bl nam nie przysz\u0142o, \u017ceby podejrzewa\u0107 kt\u00f3ry\u015b z naszych nielicznych kosmetyk\u00f3w o taki sk\u0142adnik. A&hellip;<\/p>\n","protected":false},"author":1,"featured_media":8956,"comment_status":"open","ping_status":"open","sticky":false,"template":"","format":"standard","meta":{"_jetpack_memberships_contains_paid_content":false,"footnotes":""},"categories":[313,1148],"tags":[1337,1495,700,572,1496],"class_list":["post-8954","post","type-post","status-publish","format-standard","has-post-thumbnail","hentry","category-ekodylematy","category-zero-waste","tag-kosmetyki","tag-mikroplastik","tag-mydlo","tag-polimery","tag-zel-pod-prysznic"],"yoast_head":"<!-- This site is optimized with the Yoast SEO plugin v27.4 - https:\/\/yoast.com\/product\/yoast-seo-wordpress\/ -->\n<title>M\u00f3j m\u0105\u017c (38 l.) odkry\u0142, \u017ce myje si\u0119 mikroplastikiem | organiczni.eu<\/title>\n<meta name=\"description\" content=\"Mikroplastik w naszej \u0142azience? Tego si\u0119 nie spodziewali\u015bmy. Nawet przez my\u015bl nam nie przysz\u0142o, \u017ceby podejrzewa\u0107 kt\u00f3ry\u015b z naszych nielicznych kosmetyk\u00f3w...\" \/>\n<meta name=\"robots\" content=\"index, follow, max-snippet:-1, max-image-preview:large, max-video-preview:-1\" \/>\n<link rel=\"canonical\" href=\"https:\/\/baranowscy.eu\/wordpress\/moj-maz-38-l-odkryl-ze-myje-sie-mikroplastikiem\/\" \/>\n<meta property=\"og:locale\" content=\"pl_PL\" \/>\n<meta property=\"og:type\" content=\"article\" \/>\n<meta property=\"og:title\" content=\"M\u00f3j m\u0105\u017c (38 l.) odkry\u0142, \u017ce myje si\u0119 mikroplastikiem | organiczni.eu\" \/>\n<meta property=\"og:description\" content=\"Mikroplastik w naszej \u0142azience? Tego si\u0119 nie spodziewali\u015bmy. Nawet przez my\u015bl nam nie przysz\u0142o, \u017ceby podejrzewa\u0107 kt\u00f3ry\u015b z naszych nielicznych kosmetyk\u00f3w...\" \/>\n<meta property=\"og:url\" content=\"https:\/\/baranowscy.eu\/wordpress\/moj-maz-38-l-odkryl-ze-myje-sie-mikroplastikiem\/\" \/>\n<meta property=\"og:site_name\" content=\"organiczni.eu\" \/>\n<meta property=\"article:publisher\" content=\"https:\/\/www.facebook.com\/organiczni\/\" \/>\n<meta property=\"article:published_time\" content=\"2019-01-16T21:33:21+00:00\" \/>\n<meta property=\"article:modified_time\" content=\"2019-01-16T22:36:23+00:00\" \/>\n<meta property=\"og:image\" content=\"https:\/\/baranowscy.eu\/wordpress\/wp-content\/uploads\/2019\/01\/plastik_w_mydle_0.jpg\" \/>\n\t<meta property=\"og:image:width\" content=\"1200\" \/>\n\t<meta property=\"og:image:height\" content=\"628\" \/>\n\t<meta property=\"og:image:type\" content=\"image\/jpeg\" \/>\n<meta name=\"author\" content=\"joanna\" \/>\n<meta name=\"twitter:card\" content=\"summary_large_image\" \/>\n<meta name=\"twitter:label1\" content=\"Napisane przez\" \/>\n\t<meta name=\"twitter:data1\" content=\"joanna\" \/>\n\t<meta name=\"twitter:label2\" content=\"Szacowany czas czytania\" \/>\n\t<meta name=\"twitter:data2\" content=\"4 minuty\" \/>\n<script type=\"application\/ld+json\" class=\"yoast-schema-graph\">{\"@context\":\"https:\\\/\\\/schema.org\",\"@graph\":[{\"@type\":\"Article\",\"@id\":\"https:\\\/\\\/baranowscy.eu\\\/wordpress\\\/moj-maz-38-l-odkryl-ze-myje-sie-mikroplastikiem\\\/#article\",\"isPartOf\":{\"@id\":\"https:\\\/\\\/baranowscy.eu\\\/wordpress\\\/moj-maz-38-l-odkryl-ze-myje-sie-mikroplastikiem\\\/\"},\"author\":{\"name\":\"joanna\",\"@id\":\"https:\\\/\\\/baranowscy.eu\\\/wordpress\\\/#\\\/schema\\\/person\\\/741d5f1f3fd2833c5ca2ffdaaa93dc73\"},\"headline\":\"M\u00f3j m\u0105\u017c (38 l.) odkry\u0142, \u017ce myje si\u0119 mikroplastikiem\",\"datePublished\":\"2019-01-16T21:33:21+00:00\",\"dateModified\":\"2019-01-16T22:36:23+00:00\",\"mainEntityOfPage\":{\"@id\":\"https:\\\/\\\/baranowscy.eu\\\/wordpress\\\/moj-maz-38-l-odkryl-ze-myje-sie-mikroplastikiem\\\/\"},\"wordCount\":768,\"commentCount\":7,\"publisher\":{\"@id\":\"https:\\\/\\\/baranowscy.eu\\\/wordpress\\\/#organization\"},\"image\":{\"@id\":\"https:\\\/\\\/baranowscy.eu\\\/wordpress\\\/moj-maz-38-l-odkryl-ze-myje-sie-mikroplastikiem\\\/#primaryimage\"},\"thumbnailUrl\":\"https:\\\/\\\/baranowscy.eu\\\/wordpress\\\/wp-content\\\/uploads\\\/2019\\\/01\\\/plastik_w_mydle_0.jpg\",\"keywords\":[\"kosmetyki i piel\u0119gnacja\",\"mikroplastik\",\"myd\u0142o\",\"polimery\",\"\u017cel pod prysznic\"],\"articleSection\":[\"ekodylematy\",\"zero waste\"],\"inLanguage\":\"pl-PL\",\"potentialAction\":[{\"@type\":\"CommentAction\",\"name\":\"Comment\",\"target\":[\"https:\\\/\\\/baranowscy.eu\\\/wordpress\\\/moj-maz-38-l-odkryl-ze-myje-sie-mikroplastikiem\\\/#respond\"]}]},{\"@type\":\"WebPage\",\"@id\":\"https:\\\/\\\/baranowscy.eu\\\/wordpress\\\/moj-maz-38-l-odkryl-ze-myje-sie-mikroplastikiem\\\/\",\"url\":\"https:\\\/\\\/baranowscy.eu\\\/wordpress\\\/moj-maz-38-l-odkryl-ze-myje-sie-mikroplastikiem\\\/\",\"name\":\"M\u00f3j m\u0105\u017c (38 l.) odkry\u0142, \u017ce myje si\u0119 mikroplastikiem | organiczni.eu\",\"isPartOf\":{\"@id\":\"https:\\\/\\\/baranowscy.eu\\\/wordpress\\\/#website\"},\"primaryImageOfPage\":{\"@id\":\"https:\\\/\\\/baranowscy.eu\\\/wordpress\\\/moj-maz-38-l-odkryl-ze-myje-sie-mikroplastikiem\\\/#primaryimage\"},\"image\":{\"@id\":\"https:\\\/\\\/baranowscy.eu\\\/wordpress\\\/moj-maz-38-l-odkryl-ze-myje-sie-mikroplastikiem\\\/#primaryimage\"},\"thumbnailUrl\":\"https:\\\/\\\/baranowscy.eu\\\/wordpress\\\/wp-content\\\/uploads\\\/2019\\\/01\\\/plastik_w_mydle_0.jpg\",\"datePublished\":\"2019-01-16T21:33:21+00:00\",\"dateModified\":\"2019-01-16T22:36:23+00:00\",\"description\":\"Mikroplastik w naszej \u0142azience? Tego si\u0119 nie spodziewali\u015bmy. Nawet przez my\u015bl nam nie przysz\u0142o, \u017ceby podejrzewa\u0107 kt\u00f3ry\u015b z naszych nielicznych kosmetyk\u00f3w...\",\"breadcrumb\":{\"@id\":\"https:\\\/\\\/baranowscy.eu\\\/wordpress\\\/moj-maz-38-l-odkryl-ze-myje-sie-mikroplastikiem\\\/#breadcrumb\"},\"inLanguage\":\"pl-PL\",\"potentialAction\":[{\"@type\":\"ReadAction\",\"target\":[\"https:\\\/\\\/baranowscy.eu\\\/wordpress\\\/moj-maz-38-l-odkryl-ze-myje-sie-mikroplastikiem\\\/\"]}]},{\"@type\":\"ImageObject\",\"inLanguage\":\"pl-PL\",\"@id\":\"https:\\\/\\\/baranowscy.eu\\\/wordpress\\\/moj-maz-38-l-odkryl-ze-myje-sie-mikroplastikiem\\\/#primaryimage\",\"url\":\"https:\\\/\\\/baranowscy.eu\\\/wordpress\\\/wp-content\\\/uploads\\\/2019\\\/01\\\/plastik_w_mydle_0.jpg\",\"contentUrl\":\"https:\\\/\\\/baranowscy.eu\\\/wordpress\\\/wp-content\\\/uploads\\\/2019\\\/01\\\/plastik_w_mydle_0.jpg\",\"width\":1200,\"height\":628},{\"@type\":\"BreadcrumbList\",\"@id\":\"https:\\\/\\\/baranowscy.eu\\\/wordpress\\\/moj-maz-38-l-odkryl-ze-myje-sie-mikroplastikiem\\\/#breadcrumb\",\"itemListElement\":[{\"@type\":\"ListItem\",\"position\":1,\"name\":\"Strona g\u0142\u00f3wna\",\"item\":\"https:\\\/\\\/baranowscy.eu\\\/wordpress\\\/\"},{\"@type\":\"ListItem\",\"position\":2,\"name\":\"M\u00f3j m\u0105\u017c (38 l.) odkry\u0142, \u017ce myje si\u0119 mikroplastikiem\"}]},{\"@type\":\"WebSite\",\"@id\":\"https:\\\/\\\/baranowscy.eu\\\/wordpress\\\/#website\",\"url\":\"https:\\\/\\\/baranowscy.eu\\\/wordpress\\\/\",\"name\":\"organiczni.eu\",\"description\":\"Najbardziej wszechstronny blog ekologiczny\",\"publisher\":{\"@id\":\"https:\\\/\\\/baranowscy.eu\\\/wordpress\\\/#organization\"},\"potentialAction\":[{\"@type\":\"SearchAction\",\"target\":{\"@type\":\"EntryPoint\",\"urlTemplate\":\"https:\\\/\\\/baranowscy.eu\\\/wordpress\\\/?s={search_term_string}\"},\"query-input\":{\"@type\":\"PropertyValueSpecification\",\"valueRequired\":true,\"valueName\":\"search_term_string\"}}],\"inLanguage\":\"pl-PL\"},{\"@type\":\"Organization\",\"@id\":\"https:\\\/\\\/baranowscy.eu\\\/wordpress\\\/#organization\",\"name\":\"organiczni.eu\",\"url\":\"https:\\\/\\\/baranowscy.eu\\\/wordpress\\\/\",\"logo\":{\"@type\":\"ImageObject\",\"inLanguage\":\"pl-PL\",\"@id\":\"https:\\\/\\\/baranowscy.eu\\\/wordpress\\\/#\\\/schema\\\/logo\\\/image\\\/\",\"url\":\"https:\\\/\\\/baranowscy.eu\\\/wordpress\\\/wp-content\\\/uploads\\\/2018\\\/01\\\/logo_duze.png\",\"contentUrl\":\"https:\\\/\\\/baranowscy.eu\\\/wordpress\\\/wp-content\\\/uploads\\\/2018\\\/01\\\/logo_duze.png\",\"width\":1398,\"height\":300,\"caption\":\"organiczni.eu\"},\"image\":{\"@id\":\"https:\\\/\\\/baranowscy.eu\\\/wordpress\\\/#\\\/schema\\\/logo\\\/image\\\/\"},\"sameAs\":[\"https:\\\/\\\/www.facebook.com\\\/organiczni\\\/\",\"https:\\\/\\\/www.instagram.com\\\/organiczni.eu\\\/\"]},{\"@type\":\"Person\",\"@id\":\"https:\\\/\\\/baranowscy.eu\\\/wordpress\\\/#\\\/schema\\\/person\\\/741d5f1f3fd2833c5ca2ffdaaa93dc73\",\"name\":\"joanna\",\"image\":{\"@type\":\"ImageObject\",\"inLanguage\":\"pl-PL\",\"@id\":\"https:\\\/\\\/secure.gravatar.com\\\/avatar\\\/a59b1be4fa5d200ee0af0ba4bbcdb691da1d589b419bae23d7aa5a15d820e28e?s=96&d=identicon&r=g\",\"url\":\"https:\\\/\\\/secure.gravatar.com\\\/avatar\\\/a59b1be4fa5d200ee0af0ba4bbcdb691da1d589b419bae23d7aa5a15d820e28e?s=96&d=identicon&r=g\",\"contentUrl\":\"https:\\\/\\\/secure.gravatar.com\\\/avatar\\\/a59b1be4fa5d200ee0af0ba4bbcdb691da1d589b419bae23d7aa5a15d820e28e?s=96&d=identicon&r=g\",\"caption\":\"joanna\"},\"sameAs\":[\"https:\\\/\\\/organiczni.baranowscy.eu\"],\"url\":\"https:\\\/\\\/baranowscy.eu\\\/wordpress\\\/author\\\/admin\\\/\"}]}<\/script>\n<!-- \/ Yoast SEO plugin. -->","yoast_head_json":{"title":"M\u00f3j m\u0105\u017c (38 l.) odkry\u0142, \u017ce myje si\u0119 mikroplastikiem | organiczni.eu","description":"Mikroplastik w naszej \u0142azience? Tego si\u0119 nie spodziewali\u015bmy. Nawet przez my\u015bl nam nie przysz\u0142o, \u017ceby podejrzewa\u0107 kt\u00f3ry\u015b z naszych nielicznych kosmetyk\u00f3w...","robots":{"index":"index","follow":"follow","max-snippet":"max-snippet:-1","max-image-preview":"max-image-preview:large","max-video-preview":"max-video-preview:-1"},"canonical":"https:\/\/baranowscy.eu\/wordpress\/moj-maz-38-l-odkryl-ze-myje-sie-mikroplastikiem\/","og_locale":"pl_PL","og_type":"article","og_title":"M\u00f3j m\u0105\u017c (38 l.) odkry\u0142, \u017ce myje si\u0119 mikroplastikiem | organiczni.eu","og_description":"Mikroplastik w naszej \u0142azience? Tego si\u0119 nie spodziewali\u015bmy. Nawet przez my\u015bl nam nie przysz\u0142o, \u017ceby podejrzewa\u0107 kt\u00f3ry\u015b z naszych nielicznych kosmetyk\u00f3w...","og_url":"https:\/\/baranowscy.eu\/wordpress\/moj-maz-38-l-odkryl-ze-myje-sie-mikroplastikiem\/","og_site_name":"organiczni.eu","article_publisher":"https:\/\/www.facebook.com\/organiczni\/","article_published_time":"2019-01-16T21:33:21+00:00","article_modified_time":"2019-01-16T22:36:23+00:00","og_image":[{"width":1200,"height":628,"url":"https:\/\/baranowscy.eu\/wordpress\/wp-content\/uploads\/2019\/01\/plastik_w_mydle_0.jpg","type":"image\/jpeg"}],"author":"joanna","twitter_card":"summary_large_image","twitter_misc":{"Napisane przez":"joanna","Szacowany czas czytania":"4 minuty"},"schema":{"@context":"https:\/\/schema.org","@graph":[{"@type":"Article","@id":"https:\/\/baranowscy.eu\/wordpress\/moj-maz-38-l-odkryl-ze-myje-sie-mikroplastikiem\/#article","isPartOf":{"@id":"https:\/\/baranowscy.eu\/wordpress\/moj-maz-38-l-odkryl-ze-myje-sie-mikroplastikiem\/"},"author":{"name":"joanna","@id":"https:\/\/baranowscy.eu\/wordpress\/#\/schema\/person\/741d5f1f3fd2833c5ca2ffdaaa93dc73"},"headline":"M\u00f3j m\u0105\u017c (38 l.) odkry\u0142, \u017ce myje si\u0119 mikroplastikiem","datePublished":"2019-01-16T21:33:21+00:00","dateModified":"2019-01-16T22:36:23+00:00","mainEntityOfPage":{"@id":"https:\/\/baranowscy.eu\/wordpress\/moj-maz-38-l-odkryl-ze-myje-sie-mikroplastikiem\/"},"wordCount":768,"commentCount":7,"publisher":{"@id":"https:\/\/baranowscy.eu\/wordpress\/#organization"},"image":{"@id":"https:\/\/baranowscy.eu\/wordpress\/moj-maz-38-l-odkryl-ze-myje-sie-mikroplastikiem\/#primaryimage"},"thumbnailUrl":"https:\/\/baranowscy.eu\/wordpress\/wp-content\/uploads\/2019\/01\/plastik_w_mydle_0.jpg","keywords":["kosmetyki i piel\u0119gnacja","mikroplastik","myd\u0142o","polimery","\u017cel pod prysznic"],"articleSection":["ekodylematy","zero waste"],"inLanguage":"pl-PL","potentialAction":[{"@type":"CommentAction","name":"Comment","target":["https:\/\/baranowscy.eu\/wordpress\/moj-maz-38-l-odkryl-ze-myje-sie-mikroplastikiem\/#respond"]}]},{"@type":"WebPage","@id":"https:\/\/baranowscy.eu\/wordpress\/moj-maz-38-l-odkryl-ze-myje-sie-mikroplastikiem\/","url":"https:\/\/baranowscy.eu\/wordpress\/moj-maz-38-l-odkryl-ze-myje-sie-mikroplastikiem\/","name":"M\u00f3j m\u0105\u017c (38 l.) odkry\u0142, \u017ce myje si\u0119 mikroplastikiem | organiczni.eu","isPartOf":{"@id":"https:\/\/baranowscy.eu\/wordpress\/#website"},"primaryImageOfPage":{"@id":"https:\/\/baranowscy.eu\/wordpress\/moj-maz-38-l-odkryl-ze-myje-sie-mikroplastikiem\/#primaryimage"},"image":{"@id":"https:\/\/baranowscy.eu\/wordpress\/moj-maz-38-l-odkryl-ze-myje-sie-mikroplastikiem\/#primaryimage"},"thumbnailUrl":"https:\/\/baranowscy.eu\/wordpress\/wp-content\/uploads\/2019\/01\/plastik_w_mydle_0.jpg","datePublished":"2019-01-16T21:33:21+00:00","dateModified":"2019-01-16T22:36:23+00:00","description":"Mikroplastik w naszej \u0142azience? Tego si\u0119 nie spodziewali\u015bmy. Nawet przez my\u015bl nam nie przysz\u0142o, \u017ceby podejrzewa\u0107 kt\u00f3ry\u015b z naszych nielicznych kosmetyk\u00f3w...","breadcrumb":{"@id":"https:\/\/baranowscy.eu\/wordpress\/moj-maz-38-l-odkryl-ze-myje-sie-mikroplastikiem\/#breadcrumb"},"inLanguage":"pl-PL","potentialAction":[{"@type":"ReadAction","target":["https:\/\/baranowscy.eu\/wordpress\/moj-maz-38-l-odkryl-ze-myje-sie-mikroplastikiem\/"]}]},{"@type":"ImageObject","inLanguage":"pl-PL","@id":"https:\/\/baranowscy.eu\/wordpress\/moj-maz-38-l-odkryl-ze-myje-sie-mikroplastikiem\/#primaryimage","url":"https:\/\/baranowscy.eu\/wordpress\/wp-content\/uploads\/2019\/01\/plastik_w_mydle_0.jpg","contentUrl":"https:\/\/baranowscy.eu\/wordpress\/wp-content\/uploads\/2019\/01\/plastik_w_mydle_0.jpg","width":1200,"height":628},{"@type":"BreadcrumbList","@id":"https:\/\/baranowscy.eu\/wordpress\/moj-maz-38-l-odkryl-ze-myje-sie-mikroplastikiem\/#breadcrumb","itemListElement":[{"@type":"ListItem","position":1,"name":"Strona g\u0142\u00f3wna","item":"https:\/\/baranowscy.eu\/wordpress\/"},{"@type":"ListItem","position":2,"name":"M\u00f3j m\u0105\u017c (38 l.) odkry\u0142, \u017ce myje si\u0119 mikroplastikiem"}]},{"@type":"WebSite","@id":"https:\/\/baranowscy.eu\/wordpress\/#website","url":"https:\/\/baranowscy.eu\/wordpress\/","name":"organiczni.eu","description":"Najbardziej wszechstronny blog ekologiczny","publisher":{"@id":"https:\/\/baranowscy.eu\/wordpress\/#organization"},"potentialAction":[{"@type":"SearchAction","target":{"@type":"EntryPoint","urlTemplate":"https:\/\/baranowscy.eu\/wordpress\/?s={search_term_string}"},"query-input":{"@type":"PropertyValueSpecification","valueRequired":true,"valueName":"search_term_string"}}],"inLanguage":"pl-PL"},{"@type":"Organization","@id":"https:\/\/baranowscy.eu\/wordpress\/#organization","name":"organiczni.eu","url":"https:\/\/baranowscy.eu\/wordpress\/","logo":{"@type":"ImageObject","inLanguage":"pl-PL","@id":"https:\/\/baranowscy.eu\/wordpress\/#\/schema\/logo\/image\/","url":"https:\/\/baranowscy.eu\/wordpress\/wp-content\/uploads\/2018\/01\/logo_duze.png","contentUrl":"https:\/\/baranowscy.eu\/wordpress\/wp-content\/uploads\/2018\/01\/logo_duze.png","width":1398,"height":300,"caption":"organiczni.eu"},"image":{"@id":"https:\/\/baranowscy.eu\/wordpress\/#\/schema\/logo\/image\/"},"sameAs":["https:\/\/www.facebook.com\/organiczni\/","https:\/\/www.instagram.com\/organiczni.eu\/"]},{"@type":"Person","@id":"https:\/\/baranowscy.eu\/wordpress\/#\/schema\/person\/741d5f1f3fd2833c5ca2ffdaaa93dc73","name":"joanna","image":{"@type":"ImageObject","inLanguage":"pl-PL","@id":"https:\/\/secure.gravatar.com\/avatar\/a59b1be4fa5d200ee0af0ba4bbcdb691da1d589b419bae23d7aa5a15d820e28e?s=96&d=identicon&r=g","url":"https:\/\/secure.gravatar.com\/avatar\/a59b1be4fa5d200ee0af0ba4bbcdb691da1d589b419bae23d7aa5a15d820e28e?s=96&d=identicon&r=g","contentUrl":"https:\/\/secure.gravatar.com\/avatar\/a59b1be4fa5d200ee0af0ba4bbcdb691da1d589b419bae23d7aa5a15d820e28e?s=96&d=identicon&r=g","caption":"joanna"},"sameAs":["https:\/\/organiczni.baranowscy.eu"],"url":"https:\/\/baranowscy.eu\/wordpress\/author\/admin\/"}]}},"jetpack_featured_media_url":"https:\/\/baranowscy.eu\/wordpress\/wp-content\/uploads\/2019\/01\/plastik_w_mydle_0.jpg","jetpack_sharing_enabled":true,"_links":{"self":[{"href":"https:\/\/baranowscy.eu\/wordpress\/wp-json\/wp\/v2\/posts\/8954","targetHints":{"allow":["GET"]}}],"collection":[{"href":"https:\/\/baranowscy.eu\/wordpress\/wp-json\/wp\/v2\/posts"}],"about":[{"href":"https:\/\/baranowscy.eu\/wordpress\/wp-json\/wp\/v2\/types\/post"}],"author":[{"embeddable":true,"href":"https:\/\/baranowscy.eu\/wordpress\/wp-json\/wp\/v2\/users\/1"}],"replies":[{"embeddable":true,"href":"https:\/\/baranowscy.eu\/wordpress\/wp-json\/wp\/v2\/comments?post=8954"}],"version-history":[{"count":9,"href":"https:\/\/baranowscy.eu\/wordpress\/wp-json\/wp\/v2\/posts\/8954\/revisions"}],"predecessor-version":[{"id":8965,"href":"https:\/\/baranowscy.eu\/wordpress\/wp-json\/wp\/v2\/posts\/8954\/revisions\/8965"}],"wp:featuredmedia":[{"embeddable":true,"href":"https:\/\/baranowscy.eu\/wordpress\/wp-json\/wp\/v2\/media\/8956"}],"wp:attachment":[{"href":"https:\/\/baranowscy.eu\/wordpress\/wp-json\/wp\/v2\/media?parent=8954"}],"wp:term":[{"taxonomy":"category","embeddable":true,"href":"https:\/\/baranowscy.eu\/wordpress\/wp-json\/wp\/v2\/categories?post=8954"},{"taxonomy":"post_tag","embeddable":true,"href":"https:\/\/baranowscy.eu\/wordpress\/wp-json\/wp\/v2\/tags?post=8954"}],"curies":[{"name":"wp","href":"https:\/\/api.w.org\/{rel}","templated":true}]}}