{"id":894,"date":"2013-05-23T21:30:56","date_gmt":"2013-05-23T19:30:56","guid":{"rendered":"http:\/\/baranowscy.eu\/wordpress\/?p=894"},"modified":"2022-10-09T16:37:50","modified_gmt":"2022-10-09T14:37:50","slug":"fair-trade-za-murem-palestyna","status":"publish","type":"post","link":"https:\/\/baranowscy.eu\/wordpress\/fair-trade-za-murem-palestyna\/","title":{"rendered":"Fair Trade za murem: Palestyna"},"content":{"rendered":"<p>Je\u015bli kiedykolwiek byli\u015bcie w Izraelu i mieli\u015bcie okazj\u0119 samodzielnie przej\u015b\u0107 przez T\u0118 granic\u0119, aby samodzielnie dosta\u0107 si\u0119 do Palestyny, jestem pewna, \u017ce Wasze serce zadr\u017ca\u0142o przynajmniej raz. Po drugiej stronie muru znajduje si\u0119 \u015bwiat, w kt\u00f3rym ludzie \u2013 \u017ali i dobrzy, ci pe\u0142ni pokory i ci pe\u0142ni nienawi\u015bci, kobiety, m\u0119\u017cczy\u017ani, dzieci, musz\u0105 \u017cy\u0107 jak w klatce, kt\u00f3ra jest zar\u00f3wno autonomi\u0105, jak i wi\u0119zieniem.<\/p>\n<p><a href=\"https:\/\/baranowscy.eu\/wordpress\/wp-content\/uploads\/2013\/05\/palestyna_02.jpg\"><img loading=\"lazy\" decoding=\"async\" class=\"alignnone size-full wp-image-897\" src=\"https:\/\/baranowscy.eu\/wordpress\/wp-content\/uploads\/2013\/05\/palestyna_02.jpg\" alt=\"palestyna_02\" width=\"640\" height=\"480\" srcset=\"https:\/\/baranowscy.eu\/wordpress\/wp-content\/uploads\/2013\/05\/palestyna_02.jpg 640w, https:\/\/baranowscy.eu\/wordpress\/wp-content\/uploads\/2013\/05\/palestyna_02-300x225.jpg 300w, https:\/\/baranowscy.eu\/wordpress\/wp-content\/uploads\/2013\/05\/palestyna_02-600x450.jpg 600w\" sizes=\"auto, (max-width: 640px) 100vw, 640px\" \/><\/a><\/p>\n<p>Gdy w 2007 roku przesz\u0142am przez punkt kontrolny, gdzie polski paszport i jasna karnacja otworzy\u0142y mi wszystkie bramki, a \u017co\u0142nierzom nie chcia\u0142o si\u0119 nawet rzuci\u0107 okiem na moje rzeczy przeje\u017cd\u017caj\u0105ce na ta\u015bmie, znalaz\u0142am si\u0119 na ziemi wykl\u0119tej. Czy mieszkaj\u0105c w miejscu nieustaj\u0105cego konfliktu mo\u017cna by\u0107 szcz\u0119\u015bliwym? Gdy odwiedzasz Betlejem, czujesz wszechobecne napi\u0119cie, jednocze\u015bnie rezygnacj\u0119 i dum\u0119 ludzi, kt\u00f3rzy tu \u017cyj\u0105. Patrz\u0105c na Palesty\u0144czyk\u00f3w, my\u015blisz \u2013 co oni maj\u0105 w g\u0142owie? Czy widz\u0119 terroryst\u0119, czy raczej zwyk\u0142ego, niewykszta\u0142conego, bezrobotnego cz\u0142owieka?<!--more--><\/p>\n<p>Nie usprawiedliwiam \u017cadnej przemocy p\u0142yn\u0105cej z palesty\u0144skiej strony muru. Jestem przeciwna wszelkiej przemocy. Po latach od moich odwiedzin w Izraelu wci\u0105\u017c mam w g\u0142owie poruszaj\u0105cy obraz Betlejem. Postanowi\u0142am wi\u0119c znale\u017a\u0107 jasny punkt w Mie\u015bcie Dawida, dla r\u00f3wnowagi radosnego <a title=\"Kibuc Lotan: permakultura na pustyni\" href=\"https:\/\/baranowscy.eu\/wordpress\/?p=726\">kibucu Lotan<\/a>. I znalaz\u0142am. To organizacja <a href=\"http:\/\/www.bethlehemfairtrade.org\/\">Bethlehem Fair Trade Artisans<\/a>, zrzeszaj\u0105ca najr\u00f3\u017cniejszych rzemie\u015blnik\u00f3w, kt\u00f3rzy zajmuj\u0105 si\u0119 r\u0119kodzie\u0142em \u2013 pami\u0105tkami dla turyst\u00f3w.<\/p>\n<p><a href=\"https:\/\/baranowscy.eu\/wordpress\/wp-content\/uploads\/2013\/05\/jeries.jpg\"><img loading=\"lazy\" decoding=\"async\" class=\"alignnone size-full wp-image-898\" src=\"https:\/\/baranowscy.eu\/wordpress\/wp-content\/uploads\/2013\/05\/jeries.jpg\" alt=\"jeries\" width=\"690\" height=\"463\" srcset=\"https:\/\/baranowscy.eu\/wordpress\/wp-content\/uploads\/2013\/05\/jeries.jpg 690w, https:\/\/baranowscy.eu\/wordpress\/wp-content\/uploads\/2013\/05\/jeries-300x201.jpg 300w, https:\/\/baranowscy.eu\/wordpress\/wp-content\/uploads\/2013\/05\/jeries-600x403.jpg 600w\" sizes=\"auto, (max-width: 690px) 100vw, 690px\" \/><\/a><\/p>\n<p><em>Fot. BFTA<\/em><\/p>\n<p>BFTA powsta\u0142a w 2009 roku dzi\u0119ki staraniom lokalnej spo\u0142eczno\u015bci rzemie\u015blnik\u00f3w. Zrzesza producent\u00f3w wyrob\u00f3w z drzewa oliwnego, masy per\u0142owej, a tak\u017ce tych, kt\u00f3rzy zajmuj\u0105 si\u0119 haftem, wyrobem myd\u0142a oliwkowego, przedmiot\u00f3w z recyklingowanego szk\u0142a, r\u0119cznie przygotowywanego papieru oraz bi\u017cuteri\u0105. Celem organizacji jest wspieranie lokalnej wytw\u00f3rczo\u015bci, promowanie zasad sprawiedliwego handlu, w tym uczciwej p\u0142acy i warunk\u00f3w zatrudnienia.<\/p>\n<blockquote><p>Ostatnie lata zawirowa\u0144 politycznych w Betlejem i okolicy przyczyni\u0142y si\u0119 do powstania wielu przeszk\u00f3d dla rzemie\u015blnik\u00f3w. Spadek turystki, ograniczony rynek, ograniczenie mo\u017cliwo\u015bci przemieszczania si\u0119 i og\u00f3lny brak dost\u0119pu do zasob\u00f3w spowodowa\u0142y, \u017ce wielu lokalnych artyst\u00f3w musi walczy\u0107 o utrzymanie rodziny. Bariera j\u0119zykowa i rosn\u0105ca konkurencja z zagranicy tylko powi\u0119kszaj\u0105 trudno\u015bci. W rezultacie rzemie\u015blnicy s\u0105 cz\u0119sto wykorzystywani, a ceny za ich wyroby nie s\u0105 uczciwe.<\/p><\/blockquote>\n<p>\u2013 pisz\u0105 na swojej stronie cz\u0142onkowie organizacji.<\/p>\n<p>BFTA znalaz\u0142a jednak nisz\u0119 \u2013 produkcja pami\u0105tek z Ziemi \u015awi\u0119tej dla tych, kt\u00f3rzy ceni\u0105 jako\u015b\u0107 wykonania i r\u0119czn\u0105 robot\u0119. Organizacja wspiera lokaln\u0105 wytw\u00f3rczo\u015b\u0107, obejmuje opiek\u0105 rzemie\u015blnik\u00f3w, pomaga im w rozwijaniu manufaktur wed\u0142ug zasad FT. Wa\u017cne jest wi\u0119c, by \u015brodowisko pracy by\u0142o przyjazne, tak\u017ce dla os\u00f3b maj\u0105cych utrudniony start \u2013 niewykszta\u0142conych kobiet, uchod\u017ac\u00f3w i niepe\u0142nosprawnych (r\u00f3wnie\u017c umys\u0142owo). Jednym z cel\u00f3w BFTA jest powstrzymanie emigracji dzi\u0119ki zapewnieniu ludziom zaj\u0119cia i zarobku. Produkty powstaj\u0105ce pod opiek\u0105 organizacji s\u0105 sprzedawane m.in. za pomoc\u0105 sklepu internetowego \u2013 wysy\u0142ka do Polski wcale nie jest droga! Ciekawostk\u0105 jest jednak niepodawanie cen produkt\u00f3w na stronie WWW. Jest tak, bo \u2013 jak zapewnia Suzan Sahori, dyrektorka sklepu \u2013 BFTA dba o bezpo\u015bredni i jak najlepszy kontakt z klientem, dlatego wszystkie kwoty podawane s\u0105 na \u017cyczenie i \u2013 jak sugeruje \u2013 mo\u017cna je negocjowa\u0107, aby obie strony by\u0142y zadowolone.<\/p>\n<p>Fair Trade jest w Palestynie zjawiskiem nowym i dopiero si\u0119 rozwija. Niew\u0105tpliwie jednak taka inicjatywa jest tu bardzo potrzebna, poniewa\u017c przynosi nadziej\u0119, \u017ce mimo bardzo trudnych warunk\u00f3w mo\u017cna wsp\u00f3lnymi si\u0142ami zorganizowa\u0107 co\u015b dobrego, zupe\u0142nie niezwi\u0105zanego z konfliktem zbrojnym i polityk\u0105. BFTA ma pod swoj\u0105 opiek\u0105 zar\u00f3wno kooperatywy, jak i pojedynczych rzemie\u015blnik\u00f3w. Przyk\u0142adem determinacji i pomys\u0142owo\u015bci wykaza\u0142y si\u0119 siostry Rishsiawi, mieszkaj\u0105ce z m\u0119\u017cami i w sumie pi\u0119tna\u015bciorgiem dzieci w Beit-Sahour niedaleko Betlejem. Z powodu trudnej sytuacji materialnej, wynikaj\u0105cej z nie\u0142atwych warunk\u00f3w politycznych, siostry musia\u0142y wymy\u015bli\u0107 spos\u00f3b na wsparcie finansowe swojej licznej rodziny. Sawsane (czyli, jak si\u0119 domy\u015blam, Zuzanna) Rishsiawi wpad\u0142a na pomys\u0142, aby wykorzysta\u0107 szklane butelki, porzucane w \u015bmietnikach, jako materia\u0142 do produkcji ozd\u00f3b. Okaza\u0142o si\u0119, \u017ce naprawd\u0119 niewiele trzeba, aby ruszy\u0107 z produkcj\u0105 zrezyklingowanych szklanych pami\u0105tek \u2013 obejrzyjcie film, jak powstaj\u0105:<\/p>\n<p><iframe loading=\"lazy\" src=\"http:\/\/www.youtube.com\/embed\/nvIfEvQjqug\" width=\"560\" height=\"315\" frameborder=\"0\" allowfullscreen=\"allowfullscreen\"><\/iframe><\/p>\n<p>W Palestynie, gdzie problemem jest dost\u0119p do wszelkich surowc\u00f3w, si\u0142\u0105 rzeczy musi istnie\u0107 drugie \u017cycie materia\u0142\u00f3w. Innym przyk\u0142adem pami\u0105tek z odzysku s\u0105 kosze wykonane z opon samochodowych oraz przedmioty z przetworzonego papieru (wyrobami z makulatury zajmuj\u0105 si\u0119 niepe\u0142nosprawni umys\u0142owo, zrzeszeni w organizacji Al Basma Center).<\/p>\n<p><a href=\"https:\/\/baranowscy.eu\/wordpress\/wp-content\/uploads\/2013\/05\/bfta03.jpg\"><img loading=\"lazy\" decoding=\"async\" class=\"alignnone size-full wp-image-904\" src=\"https:\/\/baranowscy.eu\/wordpress\/wp-content\/uploads\/2013\/05\/bfta03.jpg\" alt=\"bfta03\" width=\"391\" height=\"401\" srcset=\"https:\/\/baranowscy.eu\/wordpress\/wp-content\/uploads\/2013\/05\/bfta03.jpg 391w, https:\/\/baranowscy.eu\/wordpress\/wp-content\/uploads\/2013\/05\/bfta03-300x308.jpg 300w, https:\/\/baranowscy.eu\/wordpress\/wp-content\/uploads\/2013\/05\/bfta03-292x300.jpg 292w\" sizes=\"auto, (max-width: 391px) 100vw, 391px\" \/><\/a><\/p>\n<p><em>Fot. BFTA<\/em><\/p>\n<p><a href=\"https:\/\/baranowscy.eu\/wordpress\/wp-content\/uploads\/2013\/05\/bfta04.jpg\"><img loading=\"lazy\" decoding=\"async\" class=\"alignnone size-full wp-image-903\" src=\"https:\/\/baranowscy.eu\/wordpress\/wp-content\/uploads\/2013\/05\/bfta04.jpg\" alt=\"bfta04\" width=\"500\" height=\"500\" srcset=\"https:\/\/baranowscy.eu\/wordpress\/wp-content\/uploads\/2013\/05\/bfta04.jpg 500w, https:\/\/baranowscy.eu\/wordpress\/wp-content\/uploads\/2013\/05\/bfta04-300x300.jpg 300w, https:\/\/baranowscy.eu\/wordpress\/wp-content\/uploads\/2013\/05\/bfta04-100x100.jpg 100w, https:\/\/baranowscy.eu\/wordpress\/wp-content\/uploads\/2013\/05\/bfta04-150x150.jpg 150w\" sizes=\"auto, (max-width: 500px) 100vw, 500px\" \/><\/a><\/p>\n<p><em>Fot. BFTA<\/em><\/p>\n<p>Z kolei dzi\u0119ki projektowi Ma\u2019an lil-Hayat (\u201eRazem dla \u017cycia\u201d) niepe\u0142nosprawni umys\u0142owo mog\u0105 produkowa\u0107 i sprzedawa\u0107 przedmioty ze sfilcowanej we\u0142ny, pozyskiwanej od owiec z wioski niedaleko Betlejem.<\/p>\n<p><a href=\"https:\/\/baranowscy.eu\/wordpress\/wp-content\/uploads\/2013\/05\/bfta02.jpg\"><img loading=\"lazy\" decoding=\"async\" class=\"alignnone size-full wp-image-905\" src=\"https:\/\/baranowscy.eu\/wordpress\/wp-content\/uploads\/2013\/05\/bfta02.jpg\" alt=\"bfta02\" width=\"500\" height=\"334\" srcset=\"https:\/\/baranowscy.eu\/wordpress\/wp-content\/uploads\/2013\/05\/bfta02.jpg 500w, https:\/\/baranowscy.eu\/wordpress\/wp-content\/uploads\/2013\/05\/bfta02-300x200.jpg 300w\" sizes=\"auto, (max-width: 500px) 100vw, 500px\" \/><\/a><\/p>\n<p>Opr\u00f3cz przestrzegania zasad sprawiedliwego zatrudnienia BFTA dba r\u00f3wnie\u017c o sprawy ochrony \u015brodowiska. Przyk\u0142adowo drewno z drzew oliwnych jest pozyskiwane w wyniku przycinania ga\u0142\u0119zi (maj\u0105cego na celu wzmocnienie drzewa) \u2013 nie \u015bcina si\u0119 \u017cadnych drzew. Podkre\u015bla si\u0119 wr\u0119cz szacunek wobec drzewa oliwnego, jakim darz\u0105 go Palesty\u0144czycy \u2013 ma to wymiar zar\u00f3wno religijny (co ciekawe, wielu Palesty\u0144czyk\u00f3w to chrze\u015bcijanie), jak i tradycyjny (ga\u0142\u0105zka oliwna to symbol pokoju).<\/p>\n<p><a href=\"https:\/\/baranowscy.eu\/wordpress\/wp-content\/uploads\/2013\/05\/palestyna_01.jpg\"><img loading=\"lazy\" decoding=\"async\" class=\"alignnone size-full wp-image-896\" src=\"https:\/\/baranowscy.eu\/wordpress\/wp-content\/uploads\/2013\/05\/palestyna_01.jpg\" alt=\"palestyna_01\" width=\"640\" height=\"480\" srcset=\"https:\/\/baranowscy.eu\/wordpress\/wp-content\/uploads\/2013\/05\/palestyna_01.jpg 640w, https:\/\/baranowscy.eu\/wordpress\/wp-content\/uploads\/2013\/05\/palestyna_01-300x225.jpg 300w, https:\/\/baranowscy.eu\/wordpress\/wp-content\/uploads\/2013\/05\/palestyna_01-600x450.jpg 600w\" sizes=\"auto, (max-width: 640px) 100vw, 640px\" \/><\/a><\/p>\n<p><em>Przyk\u0142adowy warsztat rzemie\u015blniczy &#8211; sk\u0142ad drewna oliwkowego, Betlejem.<\/em><\/p>\n<blockquote><p>Podczas ostatniego konfliktu zbrojnego Izrael zniszczy\u0142 buldo\u017cerami 5 tysi\u0119cy drzew oliwnych, przez co wiele os\u00f3b straci\u0142o \u017ar\u00f3d\u0142o dochodu.<\/p><\/blockquote>\n<p>\u2013 mo\u017cemy przeczyta\u0107 na stronie BFTA. Przecie\u017c drewno oliwkowe \u017cywi na wiele sposob\u00f3w \u2013 jako \u017ar\u00f3d\u0142o oliwy (s\u0142u\u017c\u0105cej do jedzenia i jako sk\u0142adnik kosmetyk\u00f3w) i surowca, z kt\u00f3rego r\u0119cznie wykonywane s\u0105 pami\u0105tki.<\/p>\n<p><a href=\"https:\/\/baranowscy.eu\/wordpress\/wp-content\/uploads\/2013\/05\/palestyna_03.jpg\"><img loading=\"lazy\" decoding=\"async\" class=\"alignnone size-full wp-image-895\" src=\"https:\/\/baranowscy.eu\/wordpress\/wp-content\/uploads\/2013\/05\/palestyna_03.jpg\" alt=\"palestyna_03\" width=\"640\" height=\"480\" srcset=\"https:\/\/baranowscy.eu\/wordpress\/wp-content\/uploads\/2013\/05\/palestyna_03.jpg 640w, https:\/\/baranowscy.eu\/wordpress\/wp-content\/uploads\/2013\/05\/palestyna_03-300x225.jpg 300w, https:\/\/baranowscy.eu\/wordpress\/wp-content\/uploads\/2013\/05\/palestyna_03-600x450.jpg 600w\" sizes=\"auto, (max-width: 640px) 100vw, 640px\" \/><\/a><\/p>\n<p><em>Przyk\u0142adowy warsztat rzemie\u015blniczy, Betlejem.<\/em><\/p>\n<p>Organizacja wspiera kilka kooperatyw, kt\u00f3re specjalizuj\u0105 si\u0119 w tych kosmetykach \u2013 s\u0105 to zrzeszenia lokalne, kontynuuj\u0105ce d\u0142ug\u0105 tradycj\u0119 produkcji myde\u0142 (Canaan Fair Trade, Aseela, Nablus). Jako\u015b\u0107 produkt\u00f3w \u2013 jak zapewnia BFTA \u2013 jest bardzo wysoka. Zw\u0142aszcza <a href=\"http:\/\/www.canaanfairtrade.com\/\">kooperatywa Canaan<\/a> stawia na kszta\u0142cenie rolnik\u00f3w, aby przestawiali si\u0119 na dzia\u0142alno\u015b\u0107 zr\u00f3wnowa\u017con\u0105 i proekologiczn\u0105.<\/p>\n<p><a href=\"https:\/\/baranowscy.eu\/wordpress\/wp-content\/uploads\/2013\/05\/bfta07.jpg\"><img loading=\"lazy\" decoding=\"async\" class=\"alignnone size-full wp-image-900\" src=\"https:\/\/baranowscy.eu\/wordpress\/wp-content\/uploads\/2013\/05\/bfta07.jpg\" alt=\"bfta07\" width=\"500\" height=\"500\" srcset=\"https:\/\/baranowscy.eu\/wordpress\/wp-content\/uploads\/2013\/05\/bfta07.jpg 500w, https:\/\/baranowscy.eu\/wordpress\/wp-content\/uploads\/2013\/05\/bfta07-300x300.jpg 300w, https:\/\/baranowscy.eu\/wordpress\/wp-content\/uploads\/2013\/05\/bfta07-100x100.jpg 100w, https:\/\/baranowscy.eu\/wordpress\/wp-content\/uploads\/2013\/05\/bfta07-150x150.jpg 150w\" sizes=\"auto, (max-width: 500px) 100vw, 500px\" \/><\/a><\/p>\n<p><em>Fot. BFTA<\/em><\/p>\n<p>R\u00f3\u017cnorodno\u015b\u0107 oferty jest niezwyk\u0142a i \u015bwiadczy jak najlepiej o mo\u017cliwo\u015bciach i ch\u0119ciach organizacji Bethlehem Fair Trade Artisans. Kiedy przeczyta\u0142am o BFTA, naprawd\u0119 si\u0119 ucieszy\u0142am. Dzi\u0119ki takim przedsi\u0119wzi\u0119ciom mo\u017ce mniej ludzi b\u0119dzie ocenia\u0142o Palesty\u0144czyk\u00f3w po tym, co wyprawiaj\u0105 ekstremi\u015bci, a spojrz\u0105 na mieszka\u0144c\u00f3w Autonomii jak na zwyk\u0142ych ludzi, kt\u00f3rych los umie\u015bci\u0142 na ziemi obarczonej jednym z najtrudniejszych do rozwik\u0142ania konflikt\u00f3w.<\/p>\n<p>A dla odwa\u017cnych BFTA ma propozycj\u0119 wolontariatu: <a href=\"http:\/\/www.bethlehemfairtrade.org\/index.php\/support-us\">http:\/\/www.bethlehemfairtrade.org\/index.php\/support-us<\/a><\/p>\n","protected":false},"excerpt":{"rendered":"<p>Je\u015bli kiedykolwiek byli\u015bcie w Izraelu i mieli\u015bcie okazj\u0119 samodzielnie przej\u015b\u0107 przez T\u0118 granic\u0119, aby samodzielnie dosta\u0107 si\u0119 do Palestyny, jestem pewna, \u017ce Wasze serce zadr\u017ca\u0142o&hellip;<\/p>\n","protected":false},"author":1,"featured_media":898,"comment_status":"open","ping_status":"open","sticky":false,"template":"","format":"standard","meta":{"_jetpack_memberships_contains_paid_content":false,"footnotes":""},"categories":[1786,142,5,2],"tags":[144,60,111,11,1337,10,145,143,71],"class_list":["post-894","post","type-post","status-publish","format-standard","has-post-thumbnail","hentry","category-archiwum","category-fair-trade-sprawiedliwy-handel","category-kosmetyki","category-slowo-od-autora","tag-drzewo-oliwne","tag-fair-trade","tag-izrael","tag-kosmetyki-ekologiczne","tag-kosmetyki","tag-kosmetyki-naturalne","tag-mydlo-oliwkowe","tag-palestyna","tag-sprawiedliwy-handel"],"yoast_head":"<!-- This site is optimized with the Yoast SEO plugin v27.5 - https:\/\/yoast.com\/product\/yoast-seo-wordpress\/ -->\n<title>Fair Trade za murem: Palestyna - organiczni.eu<\/title>\n<meta name=\"robots\" content=\"index, follow, max-snippet:-1, max-image-preview:large, max-video-preview:-1\" \/>\n<link rel=\"canonical\" href=\"https:\/\/baranowscy.eu\/wordpress\/fair-trade-za-murem-palestyna\/\" \/>\n<meta property=\"og:locale\" content=\"pl_PL\" \/>\n<meta property=\"og:type\" content=\"article\" \/>\n<meta property=\"og:title\" content=\"Fair Trade za murem: Palestyna - organiczni.eu\" \/>\n<meta property=\"og:description\" content=\"Je\u015bli kiedykolwiek byli\u015bcie w Izraelu i mieli\u015bcie okazj\u0119 samodzielnie przej\u015b\u0107 przez T\u0118 granic\u0119, aby samodzielnie dosta\u0107 si\u0119 do Palestyny, jestem pewna, \u017ce Wasze serce zadr\u017ca\u0142o&hellip;\" \/>\n<meta property=\"og:url\" content=\"https:\/\/baranowscy.eu\/wordpress\/fair-trade-za-murem-palestyna\/\" \/>\n<meta property=\"og:site_name\" content=\"organiczni.eu\" \/>\n<meta property=\"article:publisher\" content=\"https:\/\/www.facebook.com\/organiczni\/\" \/>\n<meta property=\"article:published_time\" content=\"2013-05-23T19:30:56+00:00\" \/>\n<meta property=\"article:modified_time\" content=\"2022-10-09T14:37:50+00:00\" \/>\n<meta property=\"og:image\" content=\"https:\/\/baranowscy.eu\/wordpress\/wp-content\/uploads\/2013\/05\/jeries.jpg\" \/>\n\t<meta property=\"og:image:width\" content=\"690\" \/>\n\t<meta property=\"og:image:height\" content=\"463\" \/>\n\t<meta property=\"og:image:type\" content=\"image\/jpeg\" \/>\n<meta name=\"author\" content=\"joanna\" \/>\n<meta name=\"twitter:card\" content=\"summary_large_image\" \/>\n<meta name=\"twitter:label1\" content=\"Napisane przez\" \/>\n\t<meta name=\"twitter:data1\" content=\"joanna\" \/>\n\t<meta name=\"twitter:label2\" content=\"Szacowany czas czytania\" \/>\n\t<meta name=\"twitter:data2\" content=\"6 minut\" \/>\n<script type=\"application\/ld+json\" class=\"yoast-schema-graph\">{\"@context\":\"https:\\\/\\\/schema.org\",\"@graph\":[{\"@type\":\"Article\",\"@id\":\"https:\\\/\\\/baranowscy.eu\\\/wordpress\\\/fair-trade-za-murem-palestyna\\\/#article\",\"isPartOf\":{\"@id\":\"https:\\\/\\\/baranowscy.eu\\\/wordpress\\\/fair-trade-za-murem-palestyna\\\/\"},\"author\":{\"name\":\"joanna\",\"@id\":\"https:\\\/\\\/baranowscy.eu\\\/wordpress\\\/#\\\/schema\\\/person\\\/741d5f1f3fd2833c5ca2ffdaaa93dc73\"},\"headline\":\"Fair Trade za murem: Palestyna\",\"datePublished\":\"2013-05-23T19:30:56+00:00\",\"dateModified\":\"2022-10-09T14:37:50+00:00\",\"mainEntityOfPage\":{\"@id\":\"https:\\\/\\\/baranowscy.eu\\\/wordpress\\\/fair-trade-za-murem-palestyna\\\/\"},\"wordCount\":1145,\"commentCount\":0,\"publisher\":{\"@id\":\"https:\\\/\\\/baranowscy.eu\\\/wordpress\\\/#organization\"},\"image\":{\"@id\":\"https:\\\/\\\/baranowscy.eu\\\/wordpress\\\/fair-trade-za-murem-palestyna\\\/#primaryimage\"},\"thumbnailUrl\":\"https:\\\/\\\/baranowscy.eu\\\/wordpress\\\/wp-content\\\/uploads\\\/2013\\\/05\\\/jeries.jpg\",\"keywords\":[\"drzewo oliwne\",\"fair trade\",\"Izrael\",\"kosmetyki ekologiczne\",\"kosmetyki i piel\u0119gnacja\",\"kosmetyki naturalne\",\"myd\u0142o oliwkowe\",\"Palestyna\",\"Sprawiedliwy Handel\"],\"articleSection\":[\"archiwum\",\"Fair Trade - Sprawiedliwy Handel\",\"kosmetyki i piel\u0119gnacja\",\"s\u0142owo od autora\"],\"inLanguage\":\"pl-PL\",\"potentialAction\":[{\"@type\":\"CommentAction\",\"name\":\"Comment\",\"target\":[\"https:\\\/\\\/baranowscy.eu\\\/wordpress\\\/fair-trade-za-murem-palestyna\\\/#respond\"]}]},{\"@type\":\"WebPage\",\"@id\":\"https:\\\/\\\/baranowscy.eu\\\/wordpress\\\/fair-trade-za-murem-palestyna\\\/\",\"url\":\"https:\\\/\\\/baranowscy.eu\\\/wordpress\\\/fair-trade-za-murem-palestyna\\\/\",\"name\":\"Fair Trade za murem: Palestyna - organiczni.eu\",\"isPartOf\":{\"@id\":\"https:\\\/\\\/baranowscy.eu\\\/wordpress\\\/#website\"},\"primaryImageOfPage\":{\"@id\":\"https:\\\/\\\/baranowscy.eu\\\/wordpress\\\/fair-trade-za-murem-palestyna\\\/#primaryimage\"},\"image\":{\"@id\":\"https:\\\/\\\/baranowscy.eu\\\/wordpress\\\/fair-trade-za-murem-palestyna\\\/#primaryimage\"},\"thumbnailUrl\":\"https:\\\/\\\/baranowscy.eu\\\/wordpress\\\/wp-content\\\/uploads\\\/2013\\\/05\\\/jeries.jpg\",\"datePublished\":\"2013-05-23T19:30:56+00:00\",\"dateModified\":\"2022-10-09T14:37:50+00:00\",\"breadcrumb\":{\"@id\":\"https:\\\/\\\/baranowscy.eu\\\/wordpress\\\/fair-trade-za-murem-palestyna\\\/#breadcrumb\"},\"inLanguage\":\"pl-PL\",\"potentialAction\":[{\"@type\":\"ReadAction\",\"target\":[\"https:\\\/\\\/baranowscy.eu\\\/wordpress\\\/fair-trade-za-murem-palestyna\\\/\"]}]},{\"@type\":\"ImageObject\",\"inLanguage\":\"pl-PL\",\"@id\":\"https:\\\/\\\/baranowscy.eu\\\/wordpress\\\/fair-trade-za-murem-palestyna\\\/#primaryimage\",\"url\":\"https:\\\/\\\/baranowscy.eu\\\/wordpress\\\/wp-content\\\/uploads\\\/2013\\\/05\\\/jeries.jpg\",\"contentUrl\":\"https:\\\/\\\/baranowscy.eu\\\/wordpress\\\/wp-content\\\/uploads\\\/2013\\\/05\\\/jeries.jpg\",\"width\":690,\"height\":463},{\"@type\":\"BreadcrumbList\",\"@id\":\"https:\\\/\\\/baranowscy.eu\\\/wordpress\\\/fair-trade-za-murem-palestyna\\\/#breadcrumb\",\"itemListElement\":[{\"@type\":\"ListItem\",\"position\":1,\"name\":\"Strona g\u0142\u00f3wna\",\"item\":\"https:\\\/\\\/baranowscy.eu\\\/wordpress\\\/\"},{\"@type\":\"ListItem\",\"position\":2,\"name\":\"Fair Trade za murem: Palestyna\"}]},{\"@type\":\"WebSite\",\"@id\":\"https:\\\/\\\/baranowscy.eu\\\/wordpress\\\/#website\",\"url\":\"https:\\\/\\\/baranowscy.eu\\\/wordpress\\\/\",\"name\":\"organiczni.eu\",\"description\":\"Najbardziej wszechstronny blog ekologiczny\",\"publisher\":{\"@id\":\"https:\\\/\\\/baranowscy.eu\\\/wordpress\\\/#organization\"},\"potentialAction\":[{\"@type\":\"SearchAction\",\"target\":{\"@type\":\"EntryPoint\",\"urlTemplate\":\"https:\\\/\\\/baranowscy.eu\\\/wordpress\\\/?s={search_term_string}\"},\"query-input\":{\"@type\":\"PropertyValueSpecification\",\"valueRequired\":true,\"valueName\":\"search_term_string\"}}],\"inLanguage\":\"pl-PL\"},{\"@type\":\"Organization\",\"@id\":\"https:\\\/\\\/baranowscy.eu\\\/wordpress\\\/#organization\",\"name\":\"organiczni.eu\",\"url\":\"https:\\\/\\\/baranowscy.eu\\\/wordpress\\\/\",\"logo\":{\"@type\":\"ImageObject\",\"inLanguage\":\"pl-PL\",\"@id\":\"https:\\\/\\\/baranowscy.eu\\\/wordpress\\\/#\\\/schema\\\/logo\\\/image\\\/\",\"url\":\"https:\\\/\\\/baranowscy.eu\\\/wordpress\\\/wp-content\\\/uploads\\\/2018\\\/01\\\/logo_duze.png\",\"contentUrl\":\"https:\\\/\\\/baranowscy.eu\\\/wordpress\\\/wp-content\\\/uploads\\\/2018\\\/01\\\/logo_duze.png\",\"width\":1398,\"height\":300,\"caption\":\"organiczni.eu\"},\"image\":{\"@id\":\"https:\\\/\\\/baranowscy.eu\\\/wordpress\\\/#\\\/schema\\\/logo\\\/image\\\/\"},\"sameAs\":[\"https:\\\/\\\/www.facebook.com\\\/organiczni\\\/\",\"https:\\\/\\\/www.instagram.com\\\/organiczni.eu\\\/\"]},{\"@type\":\"Person\",\"@id\":\"https:\\\/\\\/baranowscy.eu\\\/wordpress\\\/#\\\/schema\\\/person\\\/741d5f1f3fd2833c5ca2ffdaaa93dc73\",\"name\":\"joanna\",\"image\":{\"@type\":\"ImageObject\",\"inLanguage\":\"pl-PL\",\"@id\":\"https:\\\/\\\/secure.gravatar.com\\\/avatar\\\/a59b1be4fa5d200ee0af0ba4bbcdb691da1d589b419bae23d7aa5a15d820e28e?s=96&d=identicon&r=g\",\"url\":\"https:\\\/\\\/secure.gravatar.com\\\/avatar\\\/a59b1be4fa5d200ee0af0ba4bbcdb691da1d589b419bae23d7aa5a15d820e28e?s=96&d=identicon&r=g\",\"contentUrl\":\"https:\\\/\\\/secure.gravatar.com\\\/avatar\\\/a59b1be4fa5d200ee0af0ba4bbcdb691da1d589b419bae23d7aa5a15d820e28e?s=96&d=identicon&r=g\",\"caption\":\"joanna\"},\"sameAs\":[\"https:\\\/\\\/organiczni.baranowscy.eu\"],\"url\":\"https:\\\/\\\/baranowscy.eu\\\/wordpress\\\/author\\\/admin\\\/\"}]}<\/script>\n<!-- \/ Yoast SEO plugin. -->","yoast_head_json":{"title":"Fair Trade za murem: Palestyna - organiczni.eu","robots":{"index":"index","follow":"follow","max-snippet":"max-snippet:-1","max-image-preview":"max-image-preview:large","max-video-preview":"max-video-preview:-1"},"canonical":"https:\/\/baranowscy.eu\/wordpress\/fair-trade-za-murem-palestyna\/","og_locale":"pl_PL","og_type":"article","og_title":"Fair Trade za murem: Palestyna - organiczni.eu","og_description":"Je\u015bli kiedykolwiek byli\u015bcie w Izraelu i mieli\u015bcie okazj\u0119 samodzielnie przej\u015b\u0107 przez T\u0118 granic\u0119, aby samodzielnie dosta\u0107 si\u0119 do Palestyny, jestem pewna, \u017ce Wasze serce zadr\u017ca\u0142o&hellip;","og_url":"https:\/\/baranowscy.eu\/wordpress\/fair-trade-za-murem-palestyna\/","og_site_name":"organiczni.eu","article_publisher":"https:\/\/www.facebook.com\/organiczni\/","article_published_time":"2013-05-23T19:30:56+00:00","article_modified_time":"2022-10-09T14:37:50+00:00","og_image":[{"width":690,"height":463,"url":"https:\/\/baranowscy.eu\/wordpress\/wp-content\/uploads\/2013\/05\/jeries.jpg","type":"image\/jpeg"}],"author":"joanna","twitter_card":"summary_large_image","twitter_misc":{"Napisane przez":"joanna","Szacowany czas czytania":"6 minut"},"schema":{"@context":"https:\/\/schema.org","@graph":[{"@type":"Article","@id":"https:\/\/baranowscy.eu\/wordpress\/fair-trade-za-murem-palestyna\/#article","isPartOf":{"@id":"https:\/\/baranowscy.eu\/wordpress\/fair-trade-za-murem-palestyna\/"},"author":{"name":"joanna","@id":"https:\/\/baranowscy.eu\/wordpress\/#\/schema\/person\/741d5f1f3fd2833c5ca2ffdaaa93dc73"},"headline":"Fair Trade za murem: Palestyna","datePublished":"2013-05-23T19:30:56+00:00","dateModified":"2022-10-09T14:37:50+00:00","mainEntityOfPage":{"@id":"https:\/\/baranowscy.eu\/wordpress\/fair-trade-za-murem-palestyna\/"},"wordCount":1145,"commentCount":0,"publisher":{"@id":"https:\/\/baranowscy.eu\/wordpress\/#organization"},"image":{"@id":"https:\/\/baranowscy.eu\/wordpress\/fair-trade-za-murem-palestyna\/#primaryimage"},"thumbnailUrl":"https:\/\/baranowscy.eu\/wordpress\/wp-content\/uploads\/2013\/05\/jeries.jpg","keywords":["drzewo oliwne","fair trade","Izrael","kosmetyki ekologiczne","kosmetyki i piel\u0119gnacja","kosmetyki naturalne","myd\u0142o oliwkowe","Palestyna","Sprawiedliwy Handel"],"articleSection":["archiwum","Fair Trade - Sprawiedliwy Handel","kosmetyki i piel\u0119gnacja","s\u0142owo od autora"],"inLanguage":"pl-PL","potentialAction":[{"@type":"CommentAction","name":"Comment","target":["https:\/\/baranowscy.eu\/wordpress\/fair-trade-za-murem-palestyna\/#respond"]}]},{"@type":"WebPage","@id":"https:\/\/baranowscy.eu\/wordpress\/fair-trade-za-murem-palestyna\/","url":"https:\/\/baranowscy.eu\/wordpress\/fair-trade-za-murem-palestyna\/","name":"Fair Trade za murem: Palestyna - organiczni.eu","isPartOf":{"@id":"https:\/\/baranowscy.eu\/wordpress\/#website"},"primaryImageOfPage":{"@id":"https:\/\/baranowscy.eu\/wordpress\/fair-trade-za-murem-palestyna\/#primaryimage"},"image":{"@id":"https:\/\/baranowscy.eu\/wordpress\/fair-trade-za-murem-palestyna\/#primaryimage"},"thumbnailUrl":"https:\/\/baranowscy.eu\/wordpress\/wp-content\/uploads\/2013\/05\/jeries.jpg","datePublished":"2013-05-23T19:30:56+00:00","dateModified":"2022-10-09T14:37:50+00:00","breadcrumb":{"@id":"https:\/\/baranowscy.eu\/wordpress\/fair-trade-za-murem-palestyna\/#breadcrumb"},"inLanguage":"pl-PL","potentialAction":[{"@type":"ReadAction","target":["https:\/\/baranowscy.eu\/wordpress\/fair-trade-za-murem-palestyna\/"]}]},{"@type":"ImageObject","inLanguage":"pl-PL","@id":"https:\/\/baranowscy.eu\/wordpress\/fair-trade-za-murem-palestyna\/#primaryimage","url":"https:\/\/baranowscy.eu\/wordpress\/wp-content\/uploads\/2013\/05\/jeries.jpg","contentUrl":"https:\/\/baranowscy.eu\/wordpress\/wp-content\/uploads\/2013\/05\/jeries.jpg","width":690,"height":463},{"@type":"BreadcrumbList","@id":"https:\/\/baranowscy.eu\/wordpress\/fair-trade-za-murem-palestyna\/#breadcrumb","itemListElement":[{"@type":"ListItem","position":1,"name":"Strona g\u0142\u00f3wna","item":"https:\/\/baranowscy.eu\/wordpress\/"},{"@type":"ListItem","position":2,"name":"Fair Trade za murem: Palestyna"}]},{"@type":"WebSite","@id":"https:\/\/baranowscy.eu\/wordpress\/#website","url":"https:\/\/baranowscy.eu\/wordpress\/","name":"organiczni.eu","description":"Najbardziej wszechstronny blog ekologiczny","publisher":{"@id":"https:\/\/baranowscy.eu\/wordpress\/#organization"},"potentialAction":[{"@type":"SearchAction","target":{"@type":"EntryPoint","urlTemplate":"https:\/\/baranowscy.eu\/wordpress\/?s={search_term_string}"},"query-input":{"@type":"PropertyValueSpecification","valueRequired":true,"valueName":"search_term_string"}}],"inLanguage":"pl-PL"},{"@type":"Organization","@id":"https:\/\/baranowscy.eu\/wordpress\/#organization","name":"organiczni.eu","url":"https:\/\/baranowscy.eu\/wordpress\/","logo":{"@type":"ImageObject","inLanguage":"pl-PL","@id":"https:\/\/baranowscy.eu\/wordpress\/#\/schema\/logo\/image\/","url":"https:\/\/baranowscy.eu\/wordpress\/wp-content\/uploads\/2018\/01\/logo_duze.png","contentUrl":"https:\/\/baranowscy.eu\/wordpress\/wp-content\/uploads\/2018\/01\/logo_duze.png","width":1398,"height":300,"caption":"organiczni.eu"},"image":{"@id":"https:\/\/baranowscy.eu\/wordpress\/#\/schema\/logo\/image\/"},"sameAs":["https:\/\/www.facebook.com\/organiczni\/","https:\/\/www.instagram.com\/organiczni.eu\/"]},{"@type":"Person","@id":"https:\/\/baranowscy.eu\/wordpress\/#\/schema\/person\/741d5f1f3fd2833c5ca2ffdaaa93dc73","name":"joanna","image":{"@type":"ImageObject","inLanguage":"pl-PL","@id":"https:\/\/secure.gravatar.com\/avatar\/a59b1be4fa5d200ee0af0ba4bbcdb691da1d589b419bae23d7aa5a15d820e28e?s=96&d=identicon&r=g","url":"https:\/\/secure.gravatar.com\/avatar\/a59b1be4fa5d200ee0af0ba4bbcdb691da1d589b419bae23d7aa5a15d820e28e?s=96&d=identicon&r=g","contentUrl":"https:\/\/secure.gravatar.com\/avatar\/a59b1be4fa5d200ee0af0ba4bbcdb691da1d589b419bae23d7aa5a15d820e28e?s=96&d=identicon&r=g","caption":"joanna"},"sameAs":["https:\/\/organiczni.baranowscy.eu"],"url":"https:\/\/baranowscy.eu\/wordpress\/author\/admin\/"}]}},"jetpack_featured_media_url":"https:\/\/baranowscy.eu\/wordpress\/wp-content\/uploads\/2013\/05\/jeries.jpg","jetpack_sharing_enabled":true,"_links":{"self":[{"href":"https:\/\/baranowscy.eu\/wordpress\/wp-json\/wp\/v2\/posts\/894","targetHints":{"allow":["GET"]}}],"collection":[{"href":"https:\/\/baranowscy.eu\/wordpress\/wp-json\/wp\/v2\/posts"}],"about":[{"href":"https:\/\/baranowscy.eu\/wordpress\/wp-json\/wp\/v2\/types\/post"}],"author":[{"embeddable":true,"href":"https:\/\/baranowscy.eu\/wordpress\/wp-json\/wp\/v2\/users\/1"}],"replies":[{"embeddable":true,"href":"https:\/\/baranowscy.eu\/wordpress\/wp-json\/wp\/v2\/comments?post=894"}],"version-history":[{"count":5,"href":"https:\/\/baranowscy.eu\/wordpress\/wp-json\/wp\/v2\/posts\/894\/revisions"}],"predecessor-version":[{"id":5193,"href":"https:\/\/baranowscy.eu\/wordpress\/wp-json\/wp\/v2\/posts\/894\/revisions\/5193"}],"wp:featuredmedia":[{"embeddable":true,"href":"https:\/\/baranowscy.eu\/wordpress\/wp-json\/wp\/v2\/media\/898"}],"wp:attachment":[{"href":"https:\/\/baranowscy.eu\/wordpress\/wp-json\/wp\/v2\/media?parent=894"}],"wp:term":[{"taxonomy":"category","embeddable":true,"href":"https:\/\/baranowscy.eu\/wordpress\/wp-json\/wp\/v2\/categories?post=894"},{"taxonomy":"post_tag","embeddable":true,"href":"https:\/\/baranowscy.eu\/wordpress\/wp-json\/wp\/v2\/tags?post=894"}],"curies":[{"name":"wp","href":"https:\/\/api.w.org\/{rel}","templated":true}]}}