{"id":8743,"date":"2018-11-19T11:19:44","date_gmt":"2018-11-19T10:19:44","guid":{"rendered":"http:\/\/baranowscy.eu\/wordpress\/?p=8743"},"modified":"2022-10-21T09:09:08","modified_gmt":"2022-10-21T07:09:08","slug":"zapowiedz-targi-zero-waste-w-warszawie","status":"publish","type":"post","link":"https:\/\/baranowscy.eu\/wordpress\/zapowiedz-targi-zero-waste-w-warszawie\/","title":{"rendered":"Zapowied\u017a: Targi Zero Waste w Warszawie"},"content":{"rendered":"<p><strong>Po raz pierwszy Targi Zero Waste odby\u0142y si\u0119 w Warszawie rok temu (<a href=\"https:\/\/baranowscy.eu\/wordpress\/pierwsze-targi-zero-waste\/\" target=\"_blank\" rel=\"noopener noreferrer\">&gt;&gt;tu relacja<\/a>) i zosta\u0142y entuzjastycznie przyj\u0119te przez or\u0119downik\u00f3w ograniczania \u015bmieci. W tym roku tak\u017ce b\u0119dzie mo\u017cna zrobi\u0107 zakupy, porozmawia\u0107, wzi\u0105\u0107 udzia\u0142 w warsztatach, pos\u0142ucha\u0107 dyskusji, a wieczorem obejrze\u0107 film.<\/strong><\/p>\n<p>Bardzo jestem ciekawa tegorocznej edycji Targ\u00f3w.\u00a0 Nie b\u0119d\u0119 mog\u0142a uczestniczy\u0107 we wszystkich atrakcjach, widz\u0119 jednak bardzo zr\u00f3\u017cnicowan\u0105 ofert\u0119 (niekt\u00f3re propozycje wr\u0119cz mnie zdziwi\u0142y, ale nie uprzedzam fakt\u00f3w).<\/p>\n<p>W\u015br\u00f3d 50 wystawc\u00f3w nie zabraknie dobrze znanych or\u0119downik\u00f3w idei zero waste: Polskiego Stowarzyszenia Zero Waste, Better Land, Klareko, Fundacji Kupuj Odpowiedzialnie. <a href=\"http:\/\/www.targi-zerowaste.pl\/wspolpraca\" target=\"_blank\" rel=\"noopener noreferrer\"><strong>&gt;&gt;Tu znajdziecie list\u0119 wystawc\u00f3w.<\/strong><\/a><\/p>\n<p><strong>Gdzie: <\/strong>Agora, ul. Czerska 8\/10, Warszawa<\/p>\n<p><strong>Kiedy:<\/strong> 24 listopada 2018 roku, od godz. 11:00 do 18:00 (o 18:00 pokaz filmu)<\/p>\n<p><strong>Wst\u0119p wolny!<\/strong><\/p>\n<figure id=\"attachment_7252\" aria-describedby=\"caption-attachment-7252\" style=\"width: 630px\" class=\"wp-caption aligncenter\"><img loading=\"lazy\" decoding=\"async\" class=\"wp-image-7252 size-full\" src=\"https:\/\/baranowscy.eu\/wordpress\/wp-content\/uploads\/2017\/12\/targi_zw_2.jpg\" alt=\"Targi ZW w Warszawie 2017. Pawe\u0142 Poloch z BetterLand obiektywie Kasi W\u0105growskiej\" width=\"630\" height=\"420\" srcset=\"https:\/\/baranowscy.eu\/wordpress\/wp-content\/uploads\/2017\/12\/targi_zw_2.jpg 630w, https:\/\/baranowscy.eu\/wordpress\/wp-content\/uploads\/2017\/12\/targi_zw_2-300x200.jpg 300w, https:\/\/baranowscy.eu\/wordpress\/wp-content\/uploads\/2017\/12\/targi_zw_2-600x400.jpg 600w, https:\/\/baranowscy.eu\/wordpress\/wp-content\/uploads\/2017\/12\/targi_zw_2-560x373.jpg 560w\" sizes=\"auto, (max-width: 630px) 100vw, 630px\" \/><figcaption id=\"caption-attachment-7252\" class=\"wp-caption-text\">Targi ZW w Warszawie 2017. Pawe\u0142 Poloch z BetterLand obiektywie Kasi W\u0105growskiej<\/figcaption><\/figure>\n<h2>Plan Targ\u00f3w Zero Waste<\/h2>\n<p>Podczas targ\u00f3w b\u0119dzie mo\u017cna wzi\u0105\u0107 udzia\u0142 w warsztatach i pos\u0142ucha\u0107 dyskusji (poni\u017cej plan wydarze\u0144).<\/p>\n<figure id=\"attachment_8747\" aria-describedby=\"caption-attachment-8747\" style=\"width: 640px\" class=\"wp-caption aligncenter\"><img loading=\"lazy\" decoding=\"async\" class=\"wp-image-8747 size-large\" src=\"https:\/\/baranowscy.eu\/wordpress\/wp-content\/uploads\/2018\/11\/program-tzw-wawa-18-pop-1024x748.jpg\" alt=\"Program Targ\u00f3w Zero Waste Warszawa 2018\" width=\"640\" height=\"468\" srcset=\"https:\/\/baranowscy.eu\/wordpress\/wp-content\/uploads\/2018\/11\/program-tzw-wawa-18-pop-1024x748.jpg 1024w, https:\/\/baranowscy.eu\/wordpress\/wp-content\/uploads\/2018\/11\/program-tzw-wawa-18-pop-300x219.jpg 300w, https:\/\/baranowscy.eu\/wordpress\/wp-content\/uploads\/2018\/11\/program-tzw-wawa-18-pop-600x438.jpg 600w, https:\/\/baranowscy.eu\/wordpress\/wp-content\/uploads\/2018\/11\/program-tzw-wawa-18-pop-768x561.jpg 768w, https:\/\/baranowscy.eu\/wordpress\/wp-content\/uploads\/2018\/11\/program-tzw-wawa-18-pop-560x409.jpg 560w\" sizes=\"auto, (max-width: 640px) 100vw, 640px\" \/><figcaption id=\"caption-attachment-8747\" class=\"wp-caption-text\">Program Targ\u00f3w Zero Waste Warszawa 2018<\/figcaption><\/figure>\n<p>Sama zapisa\u0142am si\u0119 na warsztaty szycia woreczk\u00f3w z Bawe\u0142niakiem, poniewa\u017c szykuj\u0119 du\u017cy wpis o woreczkach na zakupy. Jakie jeszcze b\u0119d\u0105 warsztaty? Poni\u017cej plan.<\/p>\n<figure id=\"attachment_8748\" aria-describedby=\"caption-attachment-8748\" style=\"width: 640px\" class=\"wp-caption aligncenter\"><img loading=\"lazy\" decoding=\"async\" class=\"size-large wp-image-8748\" src=\"https:\/\/baranowscy.eu\/wordpress\/wp-content\/uploads\/2018\/11\/program-warsztaty-tzw-wawa-18-pop-1024x738.jpg\" alt=\"Program warsztat\u00f3w na Targach Zero Waste Warszawa 2018\" width=\"640\" height=\"461\" srcset=\"https:\/\/baranowscy.eu\/wordpress\/wp-content\/uploads\/2018\/11\/program-warsztaty-tzw-wawa-18-pop-1024x738.jpg 1024w, https:\/\/baranowscy.eu\/wordpress\/wp-content\/uploads\/2018\/11\/program-warsztaty-tzw-wawa-18-pop-300x216.jpg 300w, https:\/\/baranowscy.eu\/wordpress\/wp-content\/uploads\/2018\/11\/program-warsztaty-tzw-wawa-18-pop-600x432.jpg 600w, https:\/\/baranowscy.eu\/wordpress\/wp-content\/uploads\/2018\/11\/program-warsztaty-tzw-wawa-18-pop-768x554.jpg 768w, https:\/\/baranowscy.eu\/wordpress\/wp-content\/uploads\/2018\/11\/program-warsztaty-tzw-wawa-18-pop-560x404.jpg 560w\" sizes=\"auto, (max-width: 640px) 100vw, 640px\" \/><figcaption id=\"caption-attachment-8748\" class=\"wp-caption-text\">Program warsztat\u00f3w na Targach Zero Waste Warszawa 2018<\/figcaption><\/figure>\n<p>&nbsp;<\/p>\n<p><strong>Strona WWW:\u00a0<\/strong><a href=\"http:\/\/www.targi-zerowaste.pl\/\" target=\"_blank\" rel=\"noopener noreferrer\">http:\/\/www.targi-zerowaste.pl\/<\/a><\/p>\n<p><strong>Wydarzenie na Facebooku:\u00a0<\/strong><a href=\"https:\/\/www.facebook.com\/events\/1405291436249512\/\" target=\"_blank\" rel=\"noopener noreferrer\">https:\/\/www.facebook.com\/events\/1405291436249512\/<\/a><\/p>\n","protected":false},"excerpt":{"rendered":"<p>Po raz pierwszy Targi Zero Waste odby\u0142y si\u0119 w Warszawie rok temu (&gt;&gt;tu relacja) i zosta\u0142y entuzjastycznie przyj\u0119te przez or\u0119downik\u00f3w ograniczania \u015bmieci. W tym roku&hellip;<\/p>\n","protected":false},"author":1,"featured_media":8746,"comment_status":"open","ping_status":"open","sticky":false,"template":"","format":"standard","meta":{"_jetpack_memberships_contains_paid_content":false,"footnotes":""},"categories":[918,166,1148],"tags":[1088,842,1788,1468,1779,470,27,1155],"class_list":["post-8743","post","type-post","status-publish","format-standard","has-post-thumbnail","hentry","category-material-platny","category-wydarzenia","category-zero-waste","tag-better-land","tag-kupuj-odpowiedzialnie","tag-linki-afiliacyjne","tag-pszw","tag-reklama","tag-targi","tag-zakupy","tag-zero-waste"],"yoast_head":"<!-- This site is optimized with the Yoast SEO plugin v27.4 - https:\/\/yoast.com\/product\/yoast-seo-wordpress\/ -->\n<title>Zapowied\u017a: Targi Zero Waste w Warszawie | organiczni.eu<\/title>\n<meta name=\"description\" content=\"Po raz pierwszy Targi Zero Waste odby\u0142y si\u0119 w Warszawie rok temu i zosta\u0142y entuzjastycznie przyj\u0119te przez or\u0119downik\u00f3w ograniczania \u015bmieci. W tym roku...\" \/>\n<meta name=\"robots\" content=\"index, follow, max-snippet:-1, max-image-preview:large, max-video-preview:-1\" \/>\n<link rel=\"canonical\" href=\"https:\/\/baranowscy.eu\/wordpress\/zapowiedz-targi-zero-waste-w-warszawie\/\" \/>\n<meta property=\"og:locale\" content=\"pl_PL\" \/>\n<meta property=\"og:type\" content=\"article\" \/>\n<meta property=\"og:title\" content=\"Zapowied\u017a: Targi Zero Waste w Warszawie | organiczni.eu\" \/>\n<meta property=\"og:description\" content=\"Po raz pierwszy Targi Zero Waste odby\u0142y si\u0119 w Warszawie rok temu i zosta\u0142y entuzjastycznie przyj\u0119te przez or\u0119downik\u00f3w ograniczania \u015bmieci. W tym roku...\" \/>\n<meta property=\"og:url\" content=\"https:\/\/baranowscy.eu\/wordpress\/zapowiedz-targi-zero-waste-w-warszawie\/\" \/>\n<meta property=\"og:site_name\" content=\"organiczni.eu\" \/>\n<meta property=\"article:publisher\" content=\"https:\/\/www.facebook.com\/organiczni\/\" \/>\n<meta property=\"article:published_time\" content=\"2018-11-19T10:19:44+00:00\" \/>\n<meta property=\"article:modified_time\" content=\"2022-10-21T07:09:08+00:00\" \/>\n<meta property=\"og:image\" content=\"https:\/\/baranowscy.eu\/wordpress\/wp-content\/uploads\/2018\/11\/baner-wawa.jpg\" \/>\n\t<meta property=\"og:image:width\" content=\"892\" \/>\n\t<meta property=\"og:image:height\" content=\"362\" \/>\n\t<meta property=\"og:image:type\" content=\"image\/jpeg\" \/>\n<meta name=\"author\" content=\"joanna\" \/>\n<meta name=\"twitter:card\" content=\"summary_large_image\" \/>\n<meta name=\"twitter:label1\" content=\"Napisane przez\" \/>\n\t<meta name=\"twitter:data1\" content=\"joanna\" \/>\n\t<meta name=\"twitter:label2\" content=\"Szacowany czas czytania\" \/>\n\t<meta name=\"twitter:data2\" content=\"1 minuta\" \/>\n<script type=\"application\/ld+json\" class=\"yoast-schema-graph\">{\"@context\":\"https:\\\/\\\/schema.org\",\"@graph\":[{\"@type\":\"Article\",\"@id\":\"https:\\\/\\\/baranowscy.eu\\\/wordpress\\\/zapowiedz-targi-zero-waste-w-warszawie\\\/#article\",\"isPartOf\":{\"@id\":\"https:\\\/\\\/baranowscy.eu\\\/wordpress\\\/zapowiedz-targi-zero-waste-w-warszawie\\\/\"},\"author\":{\"name\":\"joanna\",\"@id\":\"https:\\\/\\\/baranowscy.eu\\\/wordpress\\\/#\\\/schema\\\/person\\\/741d5f1f3fd2833c5ca2ffdaaa93dc73\"},\"headline\":\"Zapowied\u017a: Targi Zero Waste w Warszawie\",\"datePublished\":\"2018-11-19T10:19:44+00:00\",\"dateModified\":\"2022-10-21T07:09:08+00:00\",\"mainEntityOfPage\":{\"@id\":\"https:\\\/\\\/baranowscy.eu\\\/wordpress\\\/zapowiedz-targi-zero-waste-w-warszawie\\\/\"},\"wordCount\":257,\"commentCount\":0,\"publisher\":{\"@id\":\"https:\\\/\\\/baranowscy.eu\\\/wordpress\\\/#organization\"},\"image\":{\"@id\":\"https:\\\/\\\/baranowscy.eu\\\/wordpress\\\/zapowiedz-targi-zero-waste-w-warszawie\\\/#primaryimage\"},\"thumbnailUrl\":\"https:\\\/\\\/baranowscy.eu\\\/wordpress\\\/wp-content\\\/uploads\\\/2018\\\/11\\\/baner-wawa.jpg\",\"keywords\":[\"Better Land\",\"Kupuj Odpowiedzialnie\",\"linki afiliacyjne\",\"PSZW\",\"reklama\",\"targi\",\"zakupy\",\"zero waste\"],\"articleSection\":[\"Materia\u0142 p\u0142atny\",\"wydarzenia\",\"zero waste\"],\"inLanguage\":\"pl-PL\",\"potentialAction\":[{\"@type\":\"CommentAction\",\"name\":\"Comment\",\"target\":[\"https:\\\/\\\/baranowscy.eu\\\/wordpress\\\/zapowiedz-targi-zero-waste-w-warszawie\\\/#respond\"]}]},{\"@type\":\"WebPage\",\"@id\":\"https:\\\/\\\/baranowscy.eu\\\/wordpress\\\/zapowiedz-targi-zero-waste-w-warszawie\\\/\",\"url\":\"https:\\\/\\\/baranowscy.eu\\\/wordpress\\\/zapowiedz-targi-zero-waste-w-warszawie\\\/\",\"name\":\"Zapowied\u017a: Targi Zero Waste w Warszawie | organiczni.eu\",\"isPartOf\":{\"@id\":\"https:\\\/\\\/baranowscy.eu\\\/wordpress\\\/#website\"},\"primaryImageOfPage\":{\"@id\":\"https:\\\/\\\/baranowscy.eu\\\/wordpress\\\/zapowiedz-targi-zero-waste-w-warszawie\\\/#primaryimage\"},\"image\":{\"@id\":\"https:\\\/\\\/baranowscy.eu\\\/wordpress\\\/zapowiedz-targi-zero-waste-w-warszawie\\\/#primaryimage\"},\"thumbnailUrl\":\"https:\\\/\\\/baranowscy.eu\\\/wordpress\\\/wp-content\\\/uploads\\\/2018\\\/11\\\/baner-wawa.jpg\",\"datePublished\":\"2018-11-19T10:19:44+00:00\",\"dateModified\":\"2022-10-21T07:09:08+00:00\",\"description\":\"Po raz pierwszy Targi Zero Waste odby\u0142y si\u0119 w Warszawie rok temu i zosta\u0142y entuzjastycznie przyj\u0119te przez or\u0119downik\u00f3w ograniczania \u015bmieci. W tym roku...\",\"breadcrumb\":{\"@id\":\"https:\\\/\\\/baranowscy.eu\\\/wordpress\\\/zapowiedz-targi-zero-waste-w-warszawie\\\/#breadcrumb\"},\"inLanguage\":\"pl-PL\",\"potentialAction\":[{\"@type\":\"ReadAction\",\"target\":[\"https:\\\/\\\/baranowscy.eu\\\/wordpress\\\/zapowiedz-targi-zero-waste-w-warszawie\\\/\"]}]},{\"@type\":\"ImageObject\",\"inLanguage\":\"pl-PL\",\"@id\":\"https:\\\/\\\/baranowscy.eu\\\/wordpress\\\/zapowiedz-targi-zero-waste-w-warszawie\\\/#primaryimage\",\"url\":\"https:\\\/\\\/baranowscy.eu\\\/wordpress\\\/wp-content\\\/uploads\\\/2018\\\/11\\\/baner-wawa.jpg\",\"contentUrl\":\"https:\\\/\\\/baranowscy.eu\\\/wordpress\\\/wp-content\\\/uploads\\\/2018\\\/11\\\/baner-wawa.jpg\",\"width\":892,\"height\":362},{\"@type\":\"BreadcrumbList\",\"@id\":\"https:\\\/\\\/baranowscy.eu\\\/wordpress\\\/zapowiedz-targi-zero-waste-w-warszawie\\\/#breadcrumb\",\"itemListElement\":[{\"@type\":\"ListItem\",\"position\":1,\"name\":\"Strona g\u0142\u00f3wna\",\"item\":\"https:\\\/\\\/baranowscy.eu\\\/wordpress\\\/\"},{\"@type\":\"ListItem\",\"position\":2,\"name\":\"Zapowied\u017a: Targi Zero Waste w Warszawie\"}]},{\"@type\":\"WebSite\",\"@id\":\"https:\\\/\\\/baranowscy.eu\\\/wordpress\\\/#website\",\"url\":\"https:\\\/\\\/baranowscy.eu\\\/wordpress\\\/\",\"name\":\"organiczni.eu\",\"description\":\"Najbardziej wszechstronny blog ekologiczny\",\"publisher\":{\"@id\":\"https:\\\/\\\/baranowscy.eu\\\/wordpress\\\/#organization\"},\"potentialAction\":[{\"@type\":\"SearchAction\",\"target\":{\"@type\":\"EntryPoint\",\"urlTemplate\":\"https:\\\/\\\/baranowscy.eu\\\/wordpress\\\/?s={search_term_string}\"},\"query-input\":{\"@type\":\"PropertyValueSpecification\",\"valueRequired\":true,\"valueName\":\"search_term_string\"}}],\"inLanguage\":\"pl-PL\"},{\"@type\":\"Organization\",\"@id\":\"https:\\\/\\\/baranowscy.eu\\\/wordpress\\\/#organization\",\"name\":\"organiczni.eu\",\"url\":\"https:\\\/\\\/baranowscy.eu\\\/wordpress\\\/\",\"logo\":{\"@type\":\"ImageObject\",\"inLanguage\":\"pl-PL\",\"@id\":\"https:\\\/\\\/baranowscy.eu\\\/wordpress\\\/#\\\/schema\\\/logo\\\/image\\\/\",\"url\":\"https:\\\/\\\/baranowscy.eu\\\/wordpress\\\/wp-content\\\/uploads\\\/2018\\\/01\\\/logo_duze.png\",\"contentUrl\":\"https:\\\/\\\/baranowscy.eu\\\/wordpress\\\/wp-content\\\/uploads\\\/2018\\\/01\\\/logo_duze.png\",\"width\":1398,\"height\":300,\"caption\":\"organiczni.eu\"},\"image\":{\"@id\":\"https:\\\/\\\/baranowscy.eu\\\/wordpress\\\/#\\\/schema\\\/logo\\\/image\\\/\"},\"sameAs\":[\"https:\\\/\\\/www.facebook.com\\\/organiczni\\\/\",\"https:\\\/\\\/www.instagram.com\\\/organiczni.eu\\\/\"]},{\"@type\":\"Person\",\"@id\":\"https:\\\/\\\/baranowscy.eu\\\/wordpress\\\/#\\\/schema\\\/person\\\/741d5f1f3fd2833c5ca2ffdaaa93dc73\",\"name\":\"joanna\",\"image\":{\"@type\":\"ImageObject\",\"inLanguage\":\"pl-PL\",\"@id\":\"https:\\\/\\\/secure.gravatar.com\\\/avatar\\\/a59b1be4fa5d200ee0af0ba4bbcdb691da1d589b419bae23d7aa5a15d820e28e?s=96&d=identicon&r=g\",\"url\":\"https:\\\/\\\/secure.gravatar.com\\\/avatar\\\/a59b1be4fa5d200ee0af0ba4bbcdb691da1d589b419bae23d7aa5a15d820e28e?s=96&d=identicon&r=g\",\"contentUrl\":\"https:\\\/\\\/secure.gravatar.com\\\/avatar\\\/a59b1be4fa5d200ee0af0ba4bbcdb691da1d589b419bae23d7aa5a15d820e28e?s=96&d=identicon&r=g\",\"caption\":\"joanna\"},\"sameAs\":[\"https:\\\/\\\/organiczni.baranowscy.eu\"],\"url\":\"https:\\\/\\\/baranowscy.eu\\\/wordpress\\\/author\\\/admin\\\/\"}]}<\/script>\n<!-- \/ Yoast SEO plugin. -->","yoast_head_json":{"title":"Zapowied\u017a: Targi Zero Waste w Warszawie | organiczni.eu","description":"Po raz pierwszy Targi Zero Waste odby\u0142y si\u0119 w Warszawie rok temu i zosta\u0142y entuzjastycznie przyj\u0119te przez or\u0119downik\u00f3w ograniczania \u015bmieci. W tym roku...","robots":{"index":"index","follow":"follow","max-snippet":"max-snippet:-1","max-image-preview":"max-image-preview:large","max-video-preview":"max-video-preview:-1"},"canonical":"https:\/\/baranowscy.eu\/wordpress\/zapowiedz-targi-zero-waste-w-warszawie\/","og_locale":"pl_PL","og_type":"article","og_title":"Zapowied\u017a: Targi Zero Waste w Warszawie | organiczni.eu","og_description":"Po raz pierwszy Targi Zero Waste odby\u0142y si\u0119 w Warszawie rok temu i zosta\u0142y entuzjastycznie przyj\u0119te przez or\u0119downik\u00f3w ograniczania \u015bmieci. W tym roku...","og_url":"https:\/\/baranowscy.eu\/wordpress\/zapowiedz-targi-zero-waste-w-warszawie\/","og_site_name":"organiczni.eu","article_publisher":"https:\/\/www.facebook.com\/organiczni\/","article_published_time":"2018-11-19T10:19:44+00:00","article_modified_time":"2022-10-21T07:09:08+00:00","og_image":[{"width":892,"height":362,"url":"https:\/\/baranowscy.eu\/wordpress\/wp-content\/uploads\/2018\/11\/baner-wawa.jpg","type":"image\/jpeg"}],"author":"joanna","twitter_card":"summary_large_image","twitter_misc":{"Napisane przez":"joanna","Szacowany czas czytania":"1 minuta"},"schema":{"@context":"https:\/\/schema.org","@graph":[{"@type":"Article","@id":"https:\/\/baranowscy.eu\/wordpress\/zapowiedz-targi-zero-waste-w-warszawie\/#article","isPartOf":{"@id":"https:\/\/baranowscy.eu\/wordpress\/zapowiedz-targi-zero-waste-w-warszawie\/"},"author":{"name":"joanna","@id":"https:\/\/baranowscy.eu\/wordpress\/#\/schema\/person\/741d5f1f3fd2833c5ca2ffdaaa93dc73"},"headline":"Zapowied\u017a: Targi Zero Waste w Warszawie","datePublished":"2018-11-19T10:19:44+00:00","dateModified":"2022-10-21T07:09:08+00:00","mainEntityOfPage":{"@id":"https:\/\/baranowscy.eu\/wordpress\/zapowiedz-targi-zero-waste-w-warszawie\/"},"wordCount":257,"commentCount":0,"publisher":{"@id":"https:\/\/baranowscy.eu\/wordpress\/#organization"},"image":{"@id":"https:\/\/baranowscy.eu\/wordpress\/zapowiedz-targi-zero-waste-w-warszawie\/#primaryimage"},"thumbnailUrl":"https:\/\/baranowscy.eu\/wordpress\/wp-content\/uploads\/2018\/11\/baner-wawa.jpg","keywords":["Better Land","Kupuj Odpowiedzialnie","linki afiliacyjne","PSZW","reklama","targi","zakupy","zero waste"],"articleSection":["Materia\u0142 p\u0142atny","wydarzenia","zero waste"],"inLanguage":"pl-PL","potentialAction":[{"@type":"CommentAction","name":"Comment","target":["https:\/\/baranowscy.eu\/wordpress\/zapowiedz-targi-zero-waste-w-warszawie\/#respond"]}]},{"@type":"WebPage","@id":"https:\/\/baranowscy.eu\/wordpress\/zapowiedz-targi-zero-waste-w-warszawie\/","url":"https:\/\/baranowscy.eu\/wordpress\/zapowiedz-targi-zero-waste-w-warszawie\/","name":"Zapowied\u017a: Targi Zero Waste w Warszawie | organiczni.eu","isPartOf":{"@id":"https:\/\/baranowscy.eu\/wordpress\/#website"},"primaryImageOfPage":{"@id":"https:\/\/baranowscy.eu\/wordpress\/zapowiedz-targi-zero-waste-w-warszawie\/#primaryimage"},"image":{"@id":"https:\/\/baranowscy.eu\/wordpress\/zapowiedz-targi-zero-waste-w-warszawie\/#primaryimage"},"thumbnailUrl":"https:\/\/baranowscy.eu\/wordpress\/wp-content\/uploads\/2018\/11\/baner-wawa.jpg","datePublished":"2018-11-19T10:19:44+00:00","dateModified":"2022-10-21T07:09:08+00:00","description":"Po raz pierwszy Targi Zero Waste odby\u0142y si\u0119 w Warszawie rok temu i zosta\u0142y entuzjastycznie przyj\u0119te przez or\u0119downik\u00f3w ograniczania \u015bmieci. W tym roku...","breadcrumb":{"@id":"https:\/\/baranowscy.eu\/wordpress\/zapowiedz-targi-zero-waste-w-warszawie\/#breadcrumb"},"inLanguage":"pl-PL","potentialAction":[{"@type":"ReadAction","target":["https:\/\/baranowscy.eu\/wordpress\/zapowiedz-targi-zero-waste-w-warszawie\/"]}]},{"@type":"ImageObject","inLanguage":"pl-PL","@id":"https:\/\/baranowscy.eu\/wordpress\/zapowiedz-targi-zero-waste-w-warszawie\/#primaryimage","url":"https:\/\/baranowscy.eu\/wordpress\/wp-content\/uploads\/2018\/11\/baner-wawa.jpg","contentUrl":"https:\/\/baranowscy.eu\/wordpress\/wp-content\/uploads\/2018\/11\/baner-wawa.jpg","width":892,"height":362},{"@type":"BreadcrumbList","@id":"https:\/\/baranowscy.eu\/wordpress\/zapowiedz-targi-zero-waste-w-warszawie\/#breadcrumb","itemListElement":[{"@type":"ListItem","position":1,"name":"Strona g\u0142\u00f3wna","item":"https:\/\/baranowscy.eu\/wordpress\/"},{"@type":"ListItem","position":2,"name":"Zapowied\u017a: Targi Zero Waste w Warszawie"}]},{"@type":"WebSite","@id":"https:\/\/baranowscy.eu\/wordpress\/#website","url":"https:\/\/baranowscy.eu\/wordpress\/","name":"organiczni.eu","description":"Najbardziej wszechstronny blog ekologiczny","publisher":{"@id":"https:\/\/baranowscy.eu\/wordpress\/#organization"},"potentialAction":[{"@type":"SearchAction","target":{"@type":"EntryPoint","urlTemplate":"https:\/\/baranowscy.eu\/wordpress\/?s={search_term_string}"},"query-input":{"@type":"PropertyValueSpecification","valueRequired":true,"valueName":"search_term_string"}}],"inLanguage":"pl-PL"},{"@type":"Organization","@id":"https:\/\/baranowscy.eu\/wordpress\/#organization","name":"organiczni.eu","url":"https:\/\/baranowscy.eu\/wordpress\/","logo":{"@type":"ImageObject","inLanguage":"pl-PL","@id":"https:\/\/baranowscy.eu\/wordpress\/#\/schema\/logo\/image\/","url":"https:\/\/baranowscy.eu\/wordpress\/wp-content\/uploads\/2018\/01\/logo_duze.png","contentUrl":"https:\/\/baranowscy.eu\/wordpress\/wp-content\/uploads\/2018\/01\/logo_duze.png","width":1398,"height":300,"caption":"organiczni.eu"},"image":{"@id":"https:\/\/baranowscy.eu\/wordpress\/#\/schema\/logo\/image\/"},"sameAs":["https:\/\/www.facebook.com\/organiczni\/","https:\/\/www.instagram.com\/organiczni.eu\/"]},{"@type":"Person","@id":"https:\/\/baranowscy.eu\/wordpress\/#\/schema\/person\/741d5f1f3fd2833c5ca2ffdaaa93dc73","name":"joanna","image":{"@type":"ImageObject","inLanguage":"pl-PL","@id":"https:\/\/secure.gravatar.com\/avatar\/a59b1be4fa5d200ee0af0ba4bbcdb691da1d589b419bae23d7aa5a15d820e28e?s=96&d=identicon&r=g","url":"https:\/\/secure.gravatar.com\/avatar\/a59b1be4fa5d200ee0af0ba4bbcdb691da1d589b419bae23d7aa5a15d820e28e?s=96&d=identicon&r=g","contentUrl":"https:\/\/secure.gravatar.com\/avatar\/a59b1be4fa5d200ee0af0ba4bbcdb691da1d589b419bae23d7aa5a15d820e28e?s=96&d=identicon&r=g","caption":"joanna"},"sameAs":["https:\/\/organiczni.baranowscy.eu"],"url":"https:\/\/baranowscy.eu\/wordpress\/author\/admin\/"}]}},"jetpack_featured_media_url":"https:\/\/baranowscy.eu\/wordpress\/wp-content\/uploads\/2018\/11\/baner-wawa.jpg","jetpack_sharing_enabled":true,"_links":{"self":[{"href":"https:\/\/baranowscy.eu\/wordpress\/wp-json\/wp\/v2\/posts\/8743","targetHints":{"allow":["GET"]}}],"collection":[{"href":"https:\/\/baranowscy.eu\/wordpress\/wp-json\/wp\/v2\/posts"}],"about":[{"href":"https:\/\/baranowscy.eu\/wordpress\/wp-json\/wp\/v2\/types\/post"}],"author":[{"embeddable":true,"href":"https:\/\/baranowscy.eu\/wordpress\/wp-json\/wp\/v2\/users\/1"}],"replies":[{"embeddable":true,"href":"https:\/\/baranowscy.eu\/wordpress\/wp-json\/wp\/v2\/comments?post=8743"}],"version-history":[{"count":6,"href":"https:\/\/baranowscy.eu\/wordpress\/wp-json\/wp\/v2\/posts\/8743\/revisions"}],"predecessor-version":[{"id":12905,"href":"https:\/\/baranowscy.eu\/wordpress\/wp-json\/wp\/v2\/posts\/8743\/revisions\/12905"}],"wp:featuredmedia":[{"embeddable":true,"href":"https:\/\/baranowscy.eu\/wordpress\/wp-json\/wp\/v2\/media\/8746"}],"wp:attachment":[{"href":"https:\/\/baranowscy.eu\/wordpress\/wp-json\/wp\/v2\/media?parent=8743"}],"wp:term":[{"taxonomy":"category","embeddable":true,"href":"https:\/\/baranowscy.eu\/wordpress\/wp-json\/wp\/v2\/categories?post=8743"},{"taxonomy":"post_tag","embeddable":true,"href":"https:\/\/baranowscy.eu\/wordpress\/wp-json\/wp\/v2\/tags?post=8743"}],"curies":[{"name":"wp","href":"https:\/\/api.w.org\/{rel}","templated":true}]}}