{"id":8432,"date":"2018-08-23T01:00:06","date_gmt":"2018-08-22T23:00:06","guid":{"rendered":"http:\/\/baranowscy.eu\/wordpress\/?p=8432"},"modified":"2018-08-24T17:52:49","modified_gmt":"2018-08-24T15:52:49","slug":"alergeny-w-menu","status":"publish","type":"post","link":"https:\/\/baranowscy.eu\/wordpress\/alergeny-w-menu\/","title":{"rendered":"Alergeny w menu i obowi\u0105zki restauracji. Odpowied\u017a Ministerstwa"},"content":{"rendered":"<p><strong>Latem nasza rodzina znacznie cz\u0119\u015bciej korzysta z oferty lokali gastronomicznych. Nie mog\u0105 by\u0107 to przypadkowe lokale, musz\u0105 mie\u0107 wymienione alergeny w menu, poniewa\u017c ja nie jem glutenu, a m\u0142odszy syn jest uczulony na jajko. W te wakacje, jak zwykle, przerobi\u0142am kilkadziesi\u0105t rozm\u00f3w z obs\u0142ug\u0105 na temat sk\u0142adu potraw i zazwyczaj spotyka\u0142am si\u0119 z kompletnym zdziwieniem.<\/strong><\/p>\n<p>Utwierdzam si\u0119 w przekonaniu, \u017ce polski \u015bwiat gastronomii (poza chlubnymi wyj\u0105tkami!) uwa\u017ca si\u0119 za jak\u0105\u015b wyj\u0105tkow\u0105 stref\u0119, gdzie prawo, kt\u00f3rego przestrzegania nikt nie respektuje, mo\u017ce by\u0107 bezrefleksyjnie \u0142amane. Dla wi\u0119kszo\u015bci klient\u00f3w by\u0107 mo\u017ce problem nie istnieje (spotka\u0142am si\u0119 z opini\u0105, \u017ce przecie\u017c niewielu jest takich niepe\u0142nosprawnych jak my \u2013 to cytat). Dla mnie i mojego syna jest to jawne dyskryminowanie os\u00f3b z alergiami i nietolerancjami, kt\u00f3rych chroni prawo europejskie.<\/p>\n<figure id=\"attachment_6470\" aria-describedby=\"caption-attachment-6470\" style=\"width: 640px\" class=\"wp-caption aligncenter\"><img loading=\"lazy\" decoding=\"async\" class=\"size-full wp-image-6470\" src=\"https:\/\/baranowscy.eu\/wordpress\/wp-content\/uploads\/2017\/04\/liptovski_obiad.jpg\" alt=\"W Liptovskiej Izbie zasta\u0142am menu zgodne z prawem, wi\u0119c zjad\u0142am pyszny obiad\" width=\"640\" height=\"427\" srcset=\"https:\/\/baranowscy.eu\/wordpress\/wp-content\/uploads\/2017\/04\/liptovski_obiad.jpg 640w, https:\/\/baranowscy.eu\/wordpress\/wp-content\/uploads\/2017\/04\/liptovski_obiad-300x200.jpg 300w, https:\/\/baranowscy.eu\/wordpress\/wp-content\/uploads\/2017\/04\/liptovski_obiad-600x400.jpg 600w\" sizes=\"auto, (max-width: 640px) 100vw, 640px\" \/><figcaption id=\"caption-attachment-6470\" class=\"wp-caption-text\">W Liptovskiej Izbie zasta\u0142am menu zgodne z prawem, wi\u0119c zjad\u0142am pyszny obiad<\/figcaption><\/figure>\n<h2>Ja tu tylko sprzedaj\u0119<\/h2>\n<p><strong>Ostrowo, budka z lodami.<\/strong><\/p>\n<p>\u2013 Dzie\u0144 dobry, poprosz\u0119 o spis sk\u0142adnik\u00f3w lod\u00f3w \u2013 m\u00f3wi\u0119, bo musz\u0119 mie\u0107 pewno\u015b\u0107, kt\u00f3re smaki nie zawieraj\u0105 jajek. Dostaj\u0119 ksi\u0105\u017ceczk\u0119 ze szczeg\u00f3\u0142owym opisem sk\u0142ad\u00f3w i wyr\u00f3\u017cnionymi alergenami.<\/p>\n<p>Kiedy prosz\u0119 o to samo w budce obok, sprzedawczyni odpowiada:<\/p>\n<p>\u2013 No, naturalne s\u0105. Mleko, owoce, cukier.<\/p>\n<p>\u2013 Poprosz\u0119 o spis sk\u0142adnik\u00f3w, alergen\u00f3w.<\/p>\n<p>\u2013 <strong>Spis? Nie mam \u017cadnego spisu. Ja tych lod\u00f3w nie robi\u0119, ja je tylko sprzedaj\u0119<\/strong> \u2013 odpowiada z pogard\u0105. \u017be niby co ja sobie wyobra\u017cam?<\/p>\n<figure id=\"attachment_8440\" aria-describedby=\"caption-attachment-8440\" style=\"width: 600px\" class=\"wp-caption aligncenter\"><img loading=\"lazy\" decoding=\"async\" class=\"size-full wp-image-8440\" src=\"https:\/\/baranowscy.eu\/wordpress\/wp-content\/uploads\/2018\/08\/pizza_bezglutenowa.jpg\" alt=\"Na szcz\u0119\u015bcie znam w Warszawie restauracj\u0119 z pizz\u0105 bezglutenow\u0105!\" width=\"600\" height=\"667\" \/><figcaption id=\"caption-attachment-8440\" class=\"wp-caption-text\">Na szcz\u0119\u015bcie znam w Warszawie restauracj\u0119 z pizz\u0105 bezglutenow\u0105!<\/figcaption><\/figure>\n<h2>Alergeny w menu: Ministerstwo odpowiada<\/h2>\n<p>Jaki\u015b czas temu wys\u0142a\u0142am do Ministerstwa Rolnictwa i Rozwoju Wsi, Departament Rynk\u00f3w Rolnych zapytanie o sytuacj\u0119, w kt\u00f3rej lokal gastronomiczny nie udost\u0119pnia informacji o alergenach w serwowanych potrawach. Odpowied\u017a, kt\u00f3r\u0105 otrzyma\u0142am, powinna by\u0107 rozes\u0142ana do wszystkich restauracji, foodtruck\u00f3w, budek z lodami czy cukierni.<\/p>\n<p>Podstawa prawna, kt\u00f3ra jest g\u0142\u00f3wn\u0105 broni\u0105 klient\u00f3w restauracji itp.:<\/p>\n<blockquote><p>Podstaw\u0119 zapewnienia wysokiego poziomu ochrony konsument\u00f3w w zakresie informacji na temat \u017cywno\u015bci oraz og\u00f3lne zasady, wymogi i zakresy odpowiedzialno\u015bci dotycz\u0105ce informacji na temat \u017cywno\u015bci okre\u015bla rozporz\u0105dzenie Parlamentu Europejskiego i Rady (WE) nr 1169\/2011 w sprawie przekazywania konsumentom informacji na temat \u017cywno\u015bci.<\/p><\/blockquote>\n<p>Polskie przepisy doprecyzowuj\u0105 obowi\u0105zki sprzedawc\u00f3w:<\/p>\n<blockquote><p>Przepis \u00a7 19 ust. 2 ww. rozporz\u0105dzenia Ministra Rolnictwa i Rozwoju Wsi wskazuje, \u017ce informacje wymagane na mocy ust. 1 podaje si\u0119 w miejscu sprzeda\u017cy na wywieszce dotycz\u0105cej danego \u015brodka spo\u017cywczego lub w inny spos\u00f3b w miejscu dost\u0119pnym bezpo\u015brednio konsumentowi finalnemu. W przypadku us\u0142ug gastronomicznych je\u017celi w miejscu sprzeda\u017cy nie umieszcza si\u0119 wywieszek dotycz\u0105cych potraw, nale\u017cy przedstawi\u0107 obowi\u0105zkowe informacje w \u201einny spos\u00f3b\u201d, w miejscu dost\u0119pnym bezpo\u015brednio konsumentowi finalnemu.<\/p><\/blockquote>\n<p>Co to w\u0142a\u015bciwie znaczy \u201ew inny spos\u00f3b\u201d? Oczywi\u015bcie restauracje mog\u0105 si\u0119 t\u0142umaczy\u0107 brakiem odpowiedniej wywieszki czy adnotacji w menu odpowiednim przeszkoleniem personelu, kt\u00f3ry wyrecytuje z g\u0142owy wszystkie alergeny zawarte w daniu. <strong>W praktyce pracownicy restauracji zazwyczaj musz\u0105 i\u015b\u0107 do kuchni i przepyta\u0107 osoby bezpo\u015brednio przygotowuj\u0105ce posi\u0142ek, co w\u0142a\u015bciwie si\u0119 w nim znajdzie.<\/strong><\/p>\n<p>Oto, co pisze MRiRW:<\/p>\n<blockquote><p>Nale\u017cy tu podkre\u015bli\u0107, \u017ce intencj\u0105 tego przepisu by\u0142o umo\u017cliwienie zainteresowanym konsumentom zapoznania si\u0119 z wymienionymi informacjami przed dokonaniem zakup\u00f3w\/z\u0142o\u017ceniem zam\u00f3wienia. Dlatego te\u017c wskazany w przepisie \u201einny spos\u00f3b\u201d realizacji wymogu podawania informacji, np. poprzez zamieszczenie w kartach \u201emenu\u201d itp. czy wykorzystanie nowoczesnych form przekazu (np. formy elektronicznej z u\u017cyciem format\u00f3w niemo\u017cliwych do zmiany przez osoby nieupowa\u017cnione do dokonywania zmian, np., pdf) i wprowadzenie jej w danym miejscu sprzeda\u017cy w taki spos\u00f3b, \u017ceby konsument by\u0142 \u015bwiadomy, \u017ce mo\u017ce takie informacje uzyska\u0107.<\/p><\/blockquote>\n<h2>Nie ma informacji. Co zrobi\u0107?<\/h2>\n<p>Je\u015bli spotykamy takie sytuacje, jak opisany dialog w drugiej lodziarni \u2013 czyli nie mamy dost\u0119pu do spisu alergen\u00f3w i nie mamy szans na ich poznanie przed zakupem \u2013 mo\u017cemy zg\u0142osi\u0107 lokal gastronomiczny do kontroli Sanepidu.<br \/>\nMy\u015bl\u0119 jednak, \u017ce zanim wyci\u0105gniemy dzia\u0142a w postaci nas\u0142ania urz\u0119dnik\u00f3w na restauracj\u0119 czy foodtruck, mo\u017cemy spr\u00f3bowa\u0107 poinformowa\u0107 w\u0142a\u015bciciela przybytku o jego obowi\u0105zkach. <strong>Mo\u017cemy spr\u00f3bowa\u0107 skontaktowa\u0107 si\u0119 z nim mailowo albo przez Facebooka, a nawet podes\u0142a\u0107 link do tego tekstu.<\/strong><\/p>\n<figure id=\"attachment_8436\" aria-describedby=\"caption-attachment-8436\" style=\"width: 681px\" class=\"wp-caption aligncenter\"><img loading=\"lazy\" decoding=\"async\" class=\"size-full wp-image-8436\" src=\"https:\/\/baranowscy.eu\/wordpress\/wp-content\/uploads\/2018\/08\/Alergeny_w_menu.png\" alt=\"Alergeny w menu. Odpowied\u017a Ministerstwa Rolnictwa\" width=\"681\" height=\"422\" srcset=\"https:\/\/baranowscy.eu\/wordpress\/wp-content\/uploads\/2018\/08\/Alergeny_w_menu.png 681w, https:\/\/baranowscy.eu\/wordpress\/wp-content\/uploads\/2018\/08\/Alergeny_w_menu-300x186.png 300w, https:\/\/baranowscy.eu\/wordpress\/wp-content\/uploads\/2018\/08\/Alergeny_w_menu-600x372.png 600w, https:\/\/baranowscy.eu\/wordpress\/wp-content\/uploads\/2018\/08\/Alergeny_w_menu-560x347.png 560w\" sizes=\"auto, (max-width: 681px) 100vw, 681px\" \/><figcaption id=\"caption-attachment-8436\" class=\"wp-caption-text\">Alergeny w menu. Odpowied\u017a Ministerstwa Rolnictwa<\/figcaption><\/figure>\n<h2>Sk\u0105d ta indolencja?<\/h2>\n<p><strong>Nie wiem.<\/strong><\/p>\n<p>Jaki\u015b czas temu <strong>&gt;&gt;<a href=\"https:\/\/baranowscy.eu\/wordpress\/menu-zgodne-z-prawem\/\" target=\"_blank\" rel=\"noopener\"> pisa\u0142am o tym, \u017ce za granic\u0105 spotka\u0142am si\u0119 z przestrzeganiem prawa unijnego<\/a><\/strong> i by\u0142o to dla mnie zaskoczeniem. Czy naprawd\u0119 tak ma\u0142o wiemy o swoich prawach? Rozumiem, \u017ce pewnie wi\u0119kszo\u015bci z nas takie informacje, czy jaka\u015b potrawa zawiera pszenic\u0119, mleko czy orzechy, mog\u0105 by\u0107 nieistotne, jednak s\u0105 osoby, dla kt\u00f3rych jest to informacja na wag\u0119 zdrowia i \u017cycia. <strong>Jednak w tym wszystkim chodzi te\u017c o przestrzeganie prawa konsumenta do informacji.<\/strong><\/p>\n<figure id=\"attachment_8438\" aria-describedby=\"caption-attachment-8438\" style=\"width: 600px\" class=\"wp-caption aligncenter\"><img loading=\"lazy\" decoding=\"async\" class=\"size-full wp-image-8438\" src=\"https:\/\/baranowscy.eu\/wordpress\/wp-content\/uploads\/2018\/08\/alergeny_w_menu_1.jpg\" alt=\"Informacja o alergenach w w menu s\u0142owackiej restauracji\" width=\"600\" height=\"666\" \/><figcaption id=\"caption-attachment-8438\" class=\"wp-caption-text\">Informacja o alergenach w w menu s\u0142owackiej restauracji<\/figcaption><\/figure>\n<h2>Dzia\u0142ajmy!<\/h2>\n<p>Klienci s\u0105 si\u0142\u0105 rynku us\u0142ug, a \u015bwiadomy klient jest gro\u017any, bo wie i wymaga.<\/p>\n<p><strong>Naszym prawem jako konsument\u00f3w jest pe\u0142na informacja dotycz\u0105ca alergen\u00f3w w produktach spo\u017cywczych czy serwowanych potrawach. Za nieprzestrzeganie przepis\u00f3w gro\u017c\u0105 kary.<\/strong><\/p>\n<p>Najwi\u0119ksz\u0105 jednak kar\u0105 dla restauracji b\u0119dzie z\u0142a opinia niezadowolonego klienta. Nie b\u00f3jmy si\u0119 m\u00f3wi\u0107 g\u0142o\u015bno, \u017ce jeste\u015bmy niezadowoleni z obs\u0142ugi albo z niedostatecznej informacji o potrawach. Namawiam do kulturalnego zwr\u00f3cenia uwagi, czego nam zabrak\u0142o \u2013 w tym wypadku zrozumia\u0142ego spisu alergen\u00f3w. Mo\u017ce uda si\u0119 bezkonfliktowo wskaza\u0107 osobom zarz\u0105dzaj\u0105cym restauracjami, \u017ce jest to obowi\u0105zek lokalu gastronomicznego, kt\u00f3ry mo\u017ce by\u0107 rozwi\u0105zany w prosty spos\u00f3b (na przyk\u0142ad cz\u0119sto stosowanymi liczbami-przypisami przy nazwach potraw).<\/p>\n<figure id=\"attachment_8437\" aria-describedby=\"caption-attachment-8437\" style=\"width: 600px\" class=\"wp-caption aligncenter\"><img loading=\"lazy\" decoding=\"async\" class=\"size-full wp-image-8437\" src=\"https:\/\/baranowscy.eu\/wordpress\/wp-content\/uploads\/2018\/08\/alergeny_w_menu.jpg\" alt=\"Spis alergen\u00f3w w menu s\u0142owackiej restauracji\" width=\"600\" height=\"666\" \/><figcaption id=\"caption-attachment-8437\" class=\"wp-caption-text\">Spis alergen\u00f3w w menu s\u0142owackiej restauracji<\/figcaption><\/figure>\n<div class='dropshadowboxes-container ' style='width:640px;'>\r\n                            <div class='dropshadowboxes-drop-shadow dropshadowboxes-rounded-corners dropshadowboxes-lifted-both dropshadowboxes-effect-default' style=' border: 1px solid #000000; height:; background-color:#e8fd88;    '>\r\n                            <strong>Aby menu restauracji (jad\u0142odajni, baru mlecznego itp.) by\u0142o zgodne z prawem, powinno zawiera\u0107 pe\u0142n\u0105 informacj\u0119 na temat sk\u0142adnik\u00f3w wszystkich potraw ze szczeg\u00f3lnym wyr\u00f3\u017cnieniem tych, kt\u00f3re najcz\u0119\u015bciej wywo\u0142uj\u0105 niepo\u017c\u0105dane reakcje w postaci alergii czy nietolerancji pokarmowej. Wg Rozporz\u0105dzenia Parlamentu Europejskiego i Rady nale\u017c\u0105 do nich:<\/strong><\/p>\n<ul>\n<li><strong>zbo\u017ca zawieraj\u0105ce gluten<\/strong>, tj. pszenica (w tym orkisz i pszenica khorasan), \u017cyto, j\u0119czmie\u0144, owies lub ich odmiany hybrydowe, a tak\u017ce produkty pochodne, z wyj\u0105tkiem: a) syrop\u00f3w glukozowych na bazie pszenicy zawieraj\u0105cych dekstroz\u0119 ( 1 ); b) maltodekstryn na bazie pszenicy ( 1 ); 74 c) syrop\u00f3w glukozowych na bazie j\u0119czmienia; d) zb\u00f3\u017c wykorzystywanych do produkcji destylat\u00f3w alkoholowych, w tym alkoholu etylowego pochodzenia rolniczego;<\/li>\n<li><strong>skorupiaki i produkty pochodne<\/strong>;<\/li>\n<li><strong>jaja i produkty pochodne<\/strong>;<\/li>\n<li><strong>ryby i produkty pochodne<\/strong>, z wyj\u0105tkiem: a) \u017celatyny rybnej stosowanej jako no\u015bnik preparat\u00f3w zawieraj\u0105cych witaminy lub karotenoidy; b) \u017celatyny rybnej lub karuku stosowanych jako \u015brodki klaruj\u0105ce do piwa i wina;<\/li>\n<li><strong>orzeszki ziemne (arachidowe) i produkty pochodne;<\/strong><\/li>\n<li><strong>soja i produkty pochodne<\/strong>, z wyj\u0105tkiem: a) ca\u0142kowicie rafinowanego oleju i t\u0142uszczu sojowego ( 1 ) ; b) mieszaniny naturalnych tokoferoli (E306), naturalnego D-alfa-tokoferolu, naturalnego octanu D-alfa-tokoferolu, naturalnego bursztynianu D-alfa-tokoferolu pochodzenia sojowego; c) fitosteroli i estr\u00f3w fitosteroli otrzymanych z olej\u00f3w ro\u015blinnych pochodzenia sojowego; d) estru stanolu ro\u015blinnego produkowanego ze steroli olej\u00f3w ro\u015blinnych pochodzenia sojowego;<\/li>\n<li><strong>mleko i produkty pochodne (\u0142\u0105cznie z laktoz\u0105)<\/strong>, z wyj\u0105tkiem: a) serwatki wykorzystywanej do produkcji destylat\u00f3w alkoholowych, w tym alkoholu etylowego pochodzenia rolniczego, b) laktitolu;<\/li>\n<li><strong>orzechy<\/strong>, tj. migda\u0142y (Amygdalus communis L.), orzechy laskowe (Corylus avellana), orzechy w\u0142oskie (Juglans regia), orzechy nerkowca (Anacardium occidentale), orzeszki pekan (Carya illinoinensis (Wangenh.) K. Koch), orzechy brazylijskie (Bertholletia excelsa), pistacje\/orzechy pistacjowe (Pistacia vera), orzechy makadamia lub orzechy Queensland (Macadamia ternifolia), a tak\u017ce <strong>produkty pochodne<\/strong> z wyj\u0105tkiem orzech\u00f3w wykorzystywanych do produkcji destylat\u00f3w alkoholowych, w tym alkoholu etylowego pochodzenia rolniczego;<\/li>\n<li><strong>seler i produkty pochodne<\/strong>;<\/li>\n<li><strong>gorczyca i produkty pochodne<\/strong>;<\/li>\n<li><strong>nasiona sezamu i produkty pochodne<\/strong>;<\/li>\n<li><strong>dwutlenek siarki i siarczyny<\/strong> w st\u0119\u017ceniach powy\u017cej 10 mg\/kg lub 10 mg\/litr w przeliczeniu na ca\u0142kowit\u0105 zawarto\u015b\u0107 SO2 dla produkt\u00f3w w postaci gotowej bezpo\u015brednio do spo\u017cycia lub w postaci przygotowanej do spo\u017cycia zgodnie z instrukcjami wytw\u00f3rc\u00f3w;<\/li>\n<li><strong>\u0142ubin i produkty pochodne<\/strong>;<\/li>\n<li><strong>mi\u0119czaki i produkty pochodne<\/strong>.<\/li>\n<\/ul>\n<p>(1) Oraz produkty pochodne, o ile obr\u00f3bka, jakiej je poddano, najprawdopodobniej nie wp\u0142ywa na zwi\u0119kszenie alergenno\u015bci, ocenionej przez w\u0142a\u015bciwy organ w odniesieniu do produktu, z kt\u00f3rego powsta\u0142y.\r\n                            <\/div>\r\n                        <\/div>\n<p><b>Podstawa prawna:<\/b><\/p>\n<ul>\n<li><strong>ROZPORZ\u0104DZENIE PARLAMENTU EUROPEJSKIEGO I RADY (UE) NR 1169\/2011 z dnia 25 pa\u017adziernika 2011 r.:<\/strong> <a href=\"http:\/\/eur-lex.europa.eu\/legal-content\/PL\/TXT\/HTML\/?uri=CELEX:32011R1169&amp;from=EN\" target=\"_blank\" rel=\"noopener\">link<\/a>\u00a0&#8211; spis alergen\u00f3w znajduje si\u0119 w Za\u0142\u0105czniku II<\/li>\n<li><strong>ROZPORZ\u0104DZENIE MINISTRA ROLNICTWA I ROZWOJU WSI<\/strong> z dnia 23 grudnia 2014 r. w sprawie znakowania poszczeg\u00f3lnych rodzaj\u00f3w \u015brodk\u00f3w spo\u017cywczych:\u00a0<a href=\"http:\/\/isap.sejm.gov.pl\/DetailsServlet?id=WDU20150000029\" target=\"_blank\" rel=\"noopener\">link<\/a><\/li>\n<\/ul>\n","protected":false},"excerpt":{"rendered":"<p>Latem nasza rodzina znacznie cz\u0119\u015bciej korzysta z oferty lokali gastronomicznych. Nie mog\u0105 by\u0107 to przypadkowe lokale, musz\u0105 mie\u0107 wymienione alergeny w menu, poniewa\u017c ja nie&hellip;<\/p>\n","protected":false},"author":1,"featured_media":8439,"comment_status":"open","ping_status":"open","sticky":false,"template":"","format":"standard","meta":{"_jetpack_memberships_contains_paid_content":false,"footnotes":""},"categories":[270,583,582,17],"tags":[549,1357,565,350,1217,1444,472],"class_list":["post-8432","post","type-post","status-publish","format-standard","has-post-thumbnail","hentry","category-alergia","category-alergia-2","category-nietolerancja-pokarmowa","category-o-jedzeniu","tag-alergeny","tag-alergia","tag-menu","tag-prawo","tag-restauracja","tag-sanepid","tag-zywnosc-bezglutenowa"],"yoast_head":"<!-- This site is optimized with the Yoast SEO plugin v27.5 - https:\/\/yoast.com\/product\/yoast-seo-wordpress\/ -->\n<title>Alergeny w menu i obowi\u0105zki restauracji. Odpowied\u017a Ministerstwa - organiczni.eu<\/title>\n<meta name=\"description\" content=\"Utwierdzam si\u0119 w przekonaniu, \u017ce polski \u015bwiat gastronomii (poza chlubnymi wyj\u0105tkami!) uwa\u017ca si\u0119 za jak\u0105\u015b wyj\u0105tkow\u0105 stref\u0119, gdzie prawo, kt\u00f3rego nikt nie respektuje, mo\u017ce by\u0107 bezrefleksyjnie \u0142amane\" \/>\n<meta name=\"robots\" content=\"index, follow, max-snippet:-1, max-image-preview:large, max-video-preview:-1\" \/>\n<link rel=\"canonical\" href=\"https:\/\/baranowscy.eu\/wordpress\/alergeny-w-menu\/\" \/>\n<meta property=\"og:locale\" content=\"pl_PL\" \/>\n<meta property=\"og:type\" content=\"article\" \/>\n<meta property=\"og:title\" content=\"Alergeny w menu i obowi\u0105zki restauracji. Odpowied\u017a Ministerstwa - organiczni.eu\" \/>\n<meta property=\"og:description\" content=\"Utwierdzam si\u0119 w przekonaniu, \u017ce polski \u015bwiat gastronomii (poza chlubnymi wyj\u0105tkami!) uwa\u017ca si\u0119 za jak\u0105\u015b wyj\u0105tkow\u0105 stref\u0119, gdzie prawo, kt\u00f3rego nikt nie respektuje, mo\u017ce by\u0107 bezrefleksyjnie \u0142amane\" \/>\n<meta property=\"og:url\" content=\"https:\/\/baranowscy.eu\/wordpress\/alergeny-w-menu\/\" \/>\n<meta property=\"og:site_name\" content=\"organiczni.eu\" \/>\n<meta property=\"article:publisher\" content=\"https:\/\/www.facebook.com\/organiczni\/\" \/>\n<meta property=\"article:published_time\" content=\"2018-08-22T23:00:06+00:00\" \/>\n<meta property=\"article:modified_time\" content=\"2018-08-24T15:52:49+00:00\" \/>\n<meta property=\"og:image\" content=\"https:\/\/baranowscy.eu\/wordpress\/wp-content\/uploads\/2018\/08\/alergeny_w_menu_0.jpg\" \/>\n\t<meta property=\"og:image:width\" content=\"1200\" \/>\n\t<meta property=\"og:image:height\" content=\"628\" \/>\n\t<meta property=\"og:image:type\" content=\"image\/jpeg\" \/>\n<meta name=\"author\" content=\"joanna\" \/>\n<meta name=\"twitter:card\" content=\"summary_large_image\" \/>\n<meta name=\"twitter:label1\" content=\"Napisane przez\" \/>\n\t<meta name=\"twitter:data1\" content=\"joanna\" \/>\n\t<meta name=\"twitter:label2\" content=\"Szacowany czas czytania\" \/>\n\t<meta name=\"twitter:data2\" content=\"8 minut\" \/>\n<script type=\"application\/ld+json\" class=\"yoast-schema-graph\">{\"@context\":\"https:\\\/\\\/schema.org\",\"@graph\":[{\"@type\":\"Article\",\"@id\":\"https:\\\/\\\/baranowscy.eu\\\/wordpress\\\/alergeny-w-menu\\\/#article\",\"isPartOf\":{\"@id\":\"https:\\\/\\\/baranowscy.eu\\\/wordpress\\\/alergeny-w-menu\\\/\"},\"author\":{\"name\":\"joanna\",\"@id\":\"https:\\\/\\\/baranowscy.eu\\\/wordpress\\\/#\\\/schema\\\/person\\\/741d5f1f3fd2833c5ca2ffdaaa93dc73\"},\"headline\":\"Alergeny w menu i obowi\u0105zki restauracji. Odpowied\u017a Ministerstwa\",\"datePublished\":\"2018-08-22T23:00:06+00:00\",\"dateModified\":\"2018-08-24T15:52:49+00:00\",\"mainEntityOfPage\":{\"@id\":\"https:\\\/\\\/baranowscy.eu\\\/wordpress\\\/alergeny-w-menu\\\/\"},\"wordCount\":1515,\"commentCount\":14,\"publisher\":{\"@id\":\"https:\\\/\\\/baranowscy.eu\\\/wordpress\\\/#organization\"},\"image\":{\"@id\":\"https:\\\/\\\/baranowscy.eu\\\/wordpress\\\/alergeny-w-menu\\\/#primaryimage\"},\"thumbnailUrl\":\"https:\\\/\\\/baranowscy.eu\\\/wordpress\\\/wp-content\\\/uploads\\\/2018\\\/08\\\/alergeny_w_menu_0.jpg\",\"keywords\":[\"alergeny\",\"alergia\",\"menu\",\"prawo\",\"restauracja\",\"Sanepid\",\"\u017cywno\u015b\u0107 bezglutenowa\"],\"articleSection\":[\"alergia\",\"alergia\",\"nietolerancja pokarmowa\",\"o jedzeniu\"],\"inLanguage\":\"pl-PL\",\"potentialAction\":[{\"@type\":\"CommentAction\",\"name\":\"Comment\",\"target\":[\"https:\\\/\\\/baranowscy.eu\\\/wordpress\\\/alergeny-w-menu\\\/#respond\"]}]},{\"@type\":\"WebPage\",\"@id\":\"https:\\\/\\\/baranowscy.eu\\\/wordpress\\\/alergeny-w-menu\\\/\",\"url\":\"https:\\\/\\\/baranowscy.eu\\\/wordpress\\\/alergeny-w-menu\\\/\",\"name\":\"Alergeny w menu i obowi\u0105zki restauracji. Odpowied\u017a Ministerstwa - organiczni.eu\",\"isPartOf\":{\"@id\":\"https:\\\/\\\/baranowscy.eu\\\/wordpress\\\/#website\"},\"primaryImageOfPage\":{\"@id\":\"https:\\\/\\\/baranowscy.eu\\\/wordpress\\\/alergeny-w-menu\\\/#primaryimage\"},\"image\":{\"@id\":\"https:\\\/\\\/baranowscy.eu\\\/wordpress\\\/alergeny-w-menu\\\/#primaryimage\"},\"thumbnailUrl\":\"https:\\\/\\\/baranowscy.eu\\\/wordpress\\\/wp-content\\\/uploads\\\/2018\\\/08\\\/alergeny_w_menu_0.jpg\",\"datePublished\":\"2018-08-22T23:00:06+00:00\",\"dateModified\":\"2018-08-24T15:52:49+00:00\",\"description\":\"Utwierdzam si\u0119 w przekonaniu, \u017ce polski \u015bwiat gastronomii (poza chlubnymi wyj\u0105tkami!) uwa\u017ca si\u0119 za jak\u0105\u015b wyj\u0105tkow\u0105 stref\u0119, gdzie prawo, kt\u00f3rego nikt nie respektuje, mo\u017ce by\u0107 bezrefleksyjnie \u0142amane\",\"breadcrumb\":{\"@id\":\"https:\\\/\\\/baranowscy.eu\\\/wordpress\\\/alergeny-w-menu\\\/#breadcrumb\"},\"inLanguage\":\"pl-PL\",\"potentialAction\":[{\"@type\":\"ReadAction\",\"target\":[\"https:\\\/\\\/baranowscy.eu\\\/wordpress\\\/alergeny-w-menu\\\/\"]}]},{\"@type\":\"ImageObject\",\"inLanguage\":\"pl-PL\",\"@id\":\"https:\\\/\\\/baranowscy.eu\\\/wordpress\\\/alergeny-w-menu\\\/#primaryimage\",\"url\":\"https:\\\/\\\/baranowscy.eu\\\/wordpress\\\/wp-content\\\/uploads\\\/2018\\\/08\\\/alergeny_w_menu_0.jpg\",\"contentUrl\":\"https:\\\/\\\/baranowscy.eu\\\/wordpress\\\/wp-content\\\/uploads\\\/2018\\\/08\\\/alergeny_w_menu_0.jpg\",\"width\":1200,\"height\":628},{\"@type\":\"BreadcrumbList\",\"@id\":\"https:\\\/\\\/baranowscy.eu\\\/wordpress\\\/alergeny-w-menu\\\/#breadcrumb\",\"itemListElement\":[{\"@type\":\"ListItem\",\"position\":1,\"name\":\"Strona g\u0142\u00f3wna\",\"item\":\"https:\\\/\\\/baranowscy.eu\\\/wordpress\\\/\"},{\"@type\":\"ListItem\",\"position\":2,\"name\":\"Alergeny w menu i obowi\u0105zki restauracji. Odpowied\u017a Ministerstwa\"}]},{\"@type\":\"WebSite\",\"@id\":\"https:\\\/\\\/baranowscy.eu\\\/wordpress\\\/#website\",\"url\":\"https:\\\/\\\/baranowscy.eu\\\/wordpress\\\/\",\"name\":\"organiczni.eu\",\"description\":\"Najbardziej wszechstronny blog ekologiczny\",\"publisher\":{\"@id\":\"https:\\\/\\\/baranowscy.eu\\\/wordpress\\\/#organization\"},\"potentialAction\":[{\"@type\":\"SearchAction\",\"target\":{\"@type\":\"EntryPoint\",\"urlTemplate\":\"https:\\\/\\\/baranowscy.eu\\\/wordpress\\\/?s={search_term_string}\"},\"query-input\":{\"@type\":\"PropertyValueSpecification\",\"valueRequired\":true,\"valueName\":\"search_term_string\"}}],\"inLanguage\":\"pl-PL\"},{\"@type\":\"Organization\",\"@id\":\"https:\\\/\\\/baranowscy.eu\\\/wordpress\\\/#organization\",\"name\":\"organiczni.eu\",\"url\":\"https:\\\/\\\/baranowscy.eu\\\/wordpress\\\/\",\"logo\":{\"@type\":\"ImageObject\",\"inLanguage\":\"pl-PL\",\"@id\":\"https:\\\/\\\/baranowscy.eu\\\/wordpress\\\/#\\\/schema\\\/logo\\\/image\\\/\",\"url\":\"https:\\\/\\\/baranowscy.eu\\\/wordpress\\\/wp-content\\\/uploads\\\/2018\\\/01\\\/logo_duze.png\",\"contentUrl\":\"https:\\\/\\\/baranowscy.eu\\\/wordpress\\\/wp-content\\\/uploads\\\/2018\\\/01\\\/logo_duze.png\",\"width\":1398,\"height\":300,\"caption\":\"organiczni.eu\"},\"image\":{\"@id\":\"https:\\\/\\\/baranowscy.eu\\\/wordpress\\\/#\\\/schema\\\/logo\\\/image\\\/\"},\"sameAs\":[\"https:\\\/\\\/www.facebook.com\\\/organiczni\\\/\",\"https:\\\/\\\/www.instagram.com\\\/organiczni.eu\\\/\"]},{\"@type\":\"Person\",\"@id\":\"https:\\\/\\\/baranowscy.eu\\\/wordpress\\\/#\\\/schema\\\/person\\\/741d5f1f3fd2833c5ca2ffdaaa93dc73\",\"name\":\"joanna\",\"image\":{\"@type\":\"ImageObject\",\"inLanguage\":\"pl-PL\",\"@id\":\"https:\\\/\\\/secure.gravatar.com\\\/avatar\\\/a59b1be4fa5d200ee0af0ba4bbcdb691da1d589b419bae23d7aa5a15d820e28e?s=96&d=identicon&r=g\",\"url\":\"https:\\\/\\\/secure.gravatar.com\\\/avatar\\\/a59b1be4fa5d200ee0af0ba4bbcdb691da1d589b419bae23d7aa5a15d820e28e?s=96&d=identicon&r=g\",\"contentUrl\":\"https:\\\/\\\/secure.gravatar.com\\\/avatar\\\/a59b1be4fa5d200ee0af0ba4bbcdb691da1d589b419bae23d7aa5a15d820e28e?s=96&d=identicon&r=g\",\"caption\":\"joanna\"},\"sameAs\":[\"https:\\\/\\\/organiczni.baranowscy.eu\"],\"url\":\"https:\\\/\\\/baranowscy.eu\\\/wordpress\\\/author\\\/admin\\\/\"}]}<\/script>\n<!-- \/ Yoast SEO plugin. -->","yoast_head_json":{"title":"Alergeny w menu i obowi\u0105zki restauracji. Odpowied\u017a Ministerstwa - organiczni.eu","description":"Utwierdzam si\u0119 w przekonaniu, \u017ce polski \u015bwiat gastronomii (poza chlubnymi wyj\u0105tkami!) uwa\u017ca si\u0119 za jak\u0105\u015b wyj\u0105tkow\u0105 stref\u0119, gdzie prawo, kt\u00f3rego nikt nie respektuje, mo\u017ce by\u0107 bezrefleksyjnie \u0142amane","robots":{"index":"index","follow":"follow","max-snippet":"max-snippet:-1","max-image-preview":"max-image-preview:large","max-video-preview":"max-video-preview:-1"},"canonical":"https:\/\/baranowscy.eu\/wordpress\/alergeny-w-menu\/","og_locale":"pl_PL","og_type":"article","og_title":"Alergeny w menu i obowi\u0105zki restauracji. Odpowied\u017a Ministerstwa - organiczni.eu","og_description":"Utwierdzam si\u0119 w przekonaniu, \u017ce polski \u015bwiat gastronomii (poza chlubnymi wyj\u0105tkami!) uwa\u017ca si\u0119 za jak\u0105\u015b wyj\u0105tkow\u0105 stref\u0119, gdzie prawo, kt\u00f3rego nikt nie respektuje, mo\u017ce by\u0107 bezrefleksyjnie \u0142amane","og_url":"https:\/\/baranowscy.eu\/wordpress\/alergeny-w-menu\/","og_site_name":"organiczni.eu","article_publisher":"https:\/\/www.facebook.com\/organiczni\/","article_published_time":"2018-08-22T23:00:06+00:00","article_modified_time":"2018-08-24T15:52:49+00:00","og_image":[{"width":1200,"height":628,"url":"https:\/\/baranowscy.eu\/wordpress\/wp-content\/uploads\/2018\/08\/alergeny_w_menu_0.jpg","type":"image\/jpeg"}],"author":"joanna","twitter_card":"summary_large_image","twitter_misc":{"Napisane przez":"joanna","Szacowany czas czytania":"8 minut"},"schema":{"@context":"https:\/\/schema.org","@graph":[{"@type":"Article","@id":"https:\/\/baranowscy.eu\/wordpress\/alergeny-w-menu\/#article","isPartOf":{"@id":"https:\/\/baranowscy.eu\/wordpress\/alergeny-w-menu\/"},"author":{"name":"joanna","@id":"https:\/\/baranowscy.eu\/wordpress\/#\/schema\/person\/741d5f1f3fd2833c5ca2ffdaaa93dc73"},"headline":"Alergeny w menu i obowi\u0105zki restauracji. Odpowied\u017a Ministerstwa","datePublished":"2018-08-22T23:00:06+00:00","dateModified":"2018-08-24T15:52:49+00:00","mainEntityOfPage":{"@id":"https:\/\/baranowscy.eu\/wordpress\/alergeny-w-menu\/"},"wordCount":1515,"commentCount":14,"publisher":{"@id":"https:\/\/baranowscy.eu\/wordpress\/#organization"},"image":{"@id":"https:\/\/baranowscy.eu\/wordpress\/alergeny-w-menu\/#primaryimage"},"thumbnailUrl":"https:\/\/baranowscy.eu\/wordpress\/wp-content\/uploads\/2018\/08\/alergeny_w_menu_0.jpg","keywords":["alergeny","alergia","menu","prawo","restauracja","Sanepid","\u017cywno\u015b\u0107 bezglutenowa"],"articleSection":["alergia","alergia","nietolerancja pokarmowa","o jedzeniu"],"inLanguage":"pl-PL","potentialAction":[{"@type":"CommentAction","name":"Comment","target":["https:\/\/baranowscy.eu\/wordpress\/alergeny-w-menu\/#respond"]}]},{"@type":"WebPage","@id":"https:\/\/baranowscy.eu\/wordpress\/alergeny-w-menu\/","url":"https:\/\/baranowscy.eu\/wordpress\/alergeny-w-menu\/","name":"Alergeny w menu i obowi\u0105zki restauracji. Odpowied\u017a Ministerstwa - organiczni.eu","isPartOf":{"@id":"https:\/\/baranowscy.eu\/wordpress\/#website"},"primaryImageOfPage":{"@id":"https:\/\/baranowscy.eu\/wordpress\/alergeny-w-menu\/#primaryimage"},"image":{"@id":"https:\/\/baranowscy.eu\/wordpress\/alergeny-w-menu\/#primaryimage"},"thumbnailUrl":"https:\/\/baranowscy.eu\/wordpress\/wp-content\/uploads\/2018\/08\/alergeny_w_menu_0.jpg","datePublished":"2018-08-22T23:00:06+00:00","dateModified":"2018-08-24T15:52:49+00:00","description":"Utwierdzam si\u0119 w przekonaniu, \u017ce polski \u015bwiat gastronomii (poza chlubnymi wyj\u0105tkami!) uwa\u017ca si\u0119 za jak\u0105\u015b wyj\u0105tkow\u0105 stref\u0119, gdzie prawo, kt\u00f3rego nikt nie respektuje, mo\u017ce by\u0107 bezrefleksyjnie \u0142amane","breadcrumb":{"@id":"https:\/\/baranowscy.eu\/wordpress\/alergeny-w-menu\/#breadcrumb"},"inLanguage":"pl-PL","potentialAction":[{"@type":"ReadAction","target":["https:\/\/baranowscy.eu\/wordpress\/alergeny-w-menu\/"]}]},{"@type":"ImageObject","inLanguage":"pl-PL","@id":"https:\/\/baranowscy.eu\/wordpress\/alergeny-w-menu\/#primaryimage","url":"https:\/\/baranowscy.eu\/wordpress\/wp-content\/uploads\/2018\/08\/alergeny_w_menu_0.jpg","contentUrl":"https:\/\/baranowscy.eu\/wordpress\/wp-content\/uploads\/2018\/08\/alergeny_w_menu_0.jpg","width":1200,"height":628},{"@type":"BreadcrumbList","@id":"https:\/\/baranowscy.eu\/wordpress\/alergeny-w-menu\/#breadcrumb","itemListElement":[{"@type":"ListItem","position":1,"name":"Strona g\u0142\u00f3wna","item":"https:\/\/baranowscy.eu\/wordpress\/"},{"@type":"ListItem","position":2,"name":"Alergeny w menu i obowi\u0105zki restauracji. Odpowied\u017a Ministerstwa"}]},{"@type":"WebSite","@id":"https:\/\/baranowscy.eu\/wordpress\/#website","url":"https:\/\/baranowscy.eu\/wordpress\/","name":"organiczni.eu","description":"Najbardziej wszechstronny blog ekologiczny","publisher":{"@id":"https:\/\/baranowscy.eu\/wordpress\/#organization"},"potentialAction":[{"@type":"SearchAction","target":{"@type":"EntryPoint","urlTemplate":"https:\/\/baranowscy.eu\/wordpress\/?s={search_term_string}"},"query-input":{"@type":"PropertyValueSpecification","valueRequired":true,"valueName":"search_term_string"}}],"inLanguage":"pl-PL"},{"@type":"Organization","@id":"https:\/\/baranowscy.eu\/wordpress\/#organization","name":"organiczni.eu","url":"https:\/\/baranowscy.eu\/wordpress\/","logo":{"@type":"ImageObject","inLanguage":"pl-PL","@id":"https:\/\/baranowscy.eu\/wordpress\/#\/schema\/logo\/image\/","url":"https:\/\/baranowscy.eu\/wordpress\/wp-content\/uploads\/2018\/01\/logo_duze.png","contentUrl":"https:\/\/baranowscy.eu\/wordpress\/wp-content\/uploads\/2018\/01\/logo_duze.png","width":1398,"height":300,"caption":"organiczni.eu"},"image":{"@id":"https:\/\/baranowscy.eu\/wordpress\/#\/schema\/logo\/image\/"},"sameAs":["https:\/\/www.facebook.com\/organiczni\/","https:\/\/www.instagram.com\/organiczni.eu\/"]},{"@type":"Person","@id":"https:\/\/baranowscy.eu\/wordpress\/#\/schema\/person\/741d5f1f3fd2833c5ca2ffdaaa93dc73","name":"joanna","image":{"@type":"ImageObject","inLanguage":"pl-PL","@id":"https:\/\/secure.gravatar.com\/avatar\/a59b1be4fa5d200ee0af0ba4bbcdb691da1d589b419bae23d7aa5a15d820e28e?s=96&d=identicon&r=g","url":"https:\/\/secure.gravatar.com\/avatar\/a59b1be4fa5d200ee0af0ba4bbcdb691da1d589b419bae23d7aa5a15d820e28e?s=96&d=identicon&r=g","contentUrl":"https:\/\/secure.gravatar.com\/avatar\/a59b1be4fa5d200ee0af0ba4bbcdb691da1d589b419bae23d7aa5a15d820e28e?s=96&d=identicon&r=g","caption":"joanna"},"sameAs":["https:\/\/organiczni.baranowscy.eu"],"url":"https:\/\/baranowscy.eu\/wordpress\/author\/admin\/"}]}},"jetpack_featured_media_url":"https:\/\/baranowscy.eu\/wordpress\/wp-content\/uploads\/2018\/08\/alergeny_w_menu_0.jpg","jetpack_sharing_enabled":true,"_links":{"self":[{"href":"https:\/\/baranowscy.eu\/wordpress\/wp-json\/wp\/v2\/posts\/8432","targetHints":{"allow":["GET"]}}],"collection":[{"href":"https:\/\/baranowscy.eu\/wordpress\/wp-json\/wp\/v2\/posts"}],"about":[{"href":"https:\/\/baranowscy.eu\/wordpress\/wp-json\/wp\/v2\/types\/post"}],"author":[{"embeddable":true,"href":"https:\/\/baranowscy.eu\/wordpress\/wp-json\/wp\/v2\/users\/1"}],"replies":[{"embeddable":true,"href":"https:\/\/baranowscy.eu\/wordpress\/wp-json\/wp\/v2\/comments?post=8432"}],"version-history":[{"count":7,"href":"https:\/\/baranowscy.eu\/wordpress\/wp-json\/wp\/v2\/posts\/8432\/revisions"}],"predecessor-version":[{"id":8445,"href":"https:\/\/baranowscy.eu\/wordpress\/wp-json\/wp\/v2\/posts\/8432\/revisions\/8445"}],"wp:featuredmedia":[{"embeddable":true,"href":"https:\/\/baranowscy.eu\/wordpress\/wp-json\/wp\/v2\/media\/8439"}],"wp:attachment":[{"href":"https:\/\/baranowscy.eu\/wordpress\/wp-json\/wp\/v2\/media?parent=8432"}],"wp:term":[{"taxonomy":"category","embeddable":true,"href":"https:\/\/baranowscy.eu\/wordpress\/wp-json\/wp\/v2\/categories?post=8432"},{"taxonomy":"post_tag","embeddable":true,"href":"https:\/\/baranowscy.eu\/wordpress\/wp-json\/wp\/v2\/tags?post=8432"}],"curies":[{"name":"wp","href":"https:\/\/api.w.org\/{rel}","templated":true}]}}