{"id":8270,"date":"2018-07-01T22:30:19","date_gmt":"2018-07-01T20:30:19","guid":{"rendered":"http:\/\/baranowscy.eu\/wordpress\/?p=8270"},"modified":"2018-07-02T00:01:22","modified_gmt":"2018-07-01T22:01:22","slug":"5xo-podrozowanie-lokalne-wywiad-transport-publiczny","status":"publish","type":"post","link":"https:\/\/baranowscy.eu\/wordpress\/5xo-podrozowanie-lokalne-wywiad-transport-publiczny\/","title":{"rendered":"5xO. Podr\u00f3\u017cowanie lokalne. Wyj\u0105tkowy wywiad z kierowczyni\u0105 i kierowc\u0105 autobusu"},"content":{"rendered":"<p><b>Mamy lipiec, w <a href=\"https:\/\/baranowscy.eu\/wordpress\/rok-pod-znakiem-5xo-czyli-swojskie-zero-waste\/\" target=\"_blank\" rel=\"noopener\">ca\u0142orocznym wyzwaniu 5xO<\/a> czas na temat transportu, podr\u00f3\u017cy, przemieszczania si\u0119. Zaczynamy od transportu autobusowego w Warszawie, gdzie \u2013 tak si\u0119 sk\u0142ada \u2013 pracuj\u0105 moi znajomi. \u017beby by\u0142o ciekawiej, jedno z nich jest kobiet\u0105, macie wi\u0119c niepowtarzaln\u0105 okazj\u0119 przeczyta\u0107 wywiad z kierowczyni\u0105 autobusu. I wreszcie zaspokoicie ciekawo\u015b\u0107, dlaczego czasem autobusy si\u0119 sp\u00f3\u017aniaj\u0105, stoj\u0105 w korkach albo nie mog\u0105 odjecha\u0107 z przystanku.<\/b><\/p>\n<p><span style=\"font-weight: 400;\">Podr\u00f3\u017cowanie transportem publicznym to najefektywniejsza i najbardziej ekologiczna metoda przemieszczania si\u0119. Wprawdzie rower jest mniej emisyjny (CO2), ale dla wi\u0119kszo\u015bci ludzi przemieszczanie si\u0119 nim na du\u017ce odleg\u0142o\u015bci z baga\u017cami stanowi problem. Tymczasem dobrze zorganizowana komunikacja publiczna s\u0142u\u017cy pasa\u017cerom o wiele wydajniej ni\u017c transport indywidualny. Jak przeczytacie dalej, do autobusu mo\u017ce wsi\u0105\u015b\u0107 nawet 200 zdeterminowanych pasa\u017cer\u00f3w. <strong>Ci sami pasa\u017cerowie, nawet je\u015bli jechaliby parami, zaj\u0119liby 100 aut. Co za marnotrawstwo benzyny, miejsca, \u015bwi\u0119tej przepustowo\u015bci!<\/strong><\/span><\/p>\n<figure id=\"attachment_8276\" aria-describedby=\"caption-attachment-8276\" style=\"width: 600px\" class=\"wp-caption aligncenter\"><img loading=\"lazy\" decoding=\"async\" class=\"wp-image-8276 size-full\" title=\"Dobry transport publiczny to u\u015bmiechni\u0119ci pasa\u017cerowie (rysunek naszego m\u0142odszego syna)\" src=\"https:\/\/baranowscy.eu\/wordpress\/wp-content\/uploads\/2018\/07\/transport_publiczny_2.jpg\" alt=\"Dobry transport publiczny to u\u015bmiechni\u0119ci pasa\u017cerowie (rysunek naszego m\u0142odszego syna)\" width=\"600\" height=\"667\" \/><figcaption id=\"caption-attachment-8276\" class=\"wp-caption-text\">Dobry transport publiczny to u\u015bmiechni\u0119ci pasa\u017cerowie (rysunek naszego m\u0142odszego syna)<\/figcaption><\/figure>\n<h2>Zbiorowy transport \u00a0publiczny<\/h2>\n<p><span style=\"font-weight: 400;\">Przyzwyczaili\u015bmy si\u0119 traktowa\u0107 transport publiczny jak z\u0142o konieczne, jak dopust bo\u017cy i ostateczno\u015b\u0107. Kojarzymy go z zapchanym metrem, wiecznie sp\u00f3\u017aniaj\u0105cymi si\u0119 autobusami, tramwajami z wysokimi stopniami. Tymczasem, cho\u0107 nie zdajemy sobie sprawy (sama do niedawna o tym nie my\u015bla\u0142am), zbiorowy transport publiczny to tak\u017ce poci\u0105gi, statki, samoloty \u2013 wszystkie \u015brodki transportu, kt\u00f3re s\u0105 og\u00f3lnodost\u0119pne. Po drugiej stronie jest transport indywidualny (samochody, rowery, prywatne odrzutowce itd.).<\/span><\/p>\n<figure id=\"attachment_8275\" aria-describedby=\"caption-attachment-8275\" style=\"width: 600px\" class=\"wp-caption aligncenter\"><img loading=\"lazy\" decoding=\"async\" class=\"wp-image-8275 size-full\" title=\"Wojtek za kierownic\u0105 17-letniego Solarisa\" src=\"https:\/\/baranowscy.eu\/wordpress\/wp-content\/uploads\/2018\/07\/transport_publiczny_1.jpg\" alt=\"Wojtek za kierownic\u0105 17-letniego Solarisa\" width=\"600\" height=\"667\" \/><figcaption id=\"caption-attachment-8275\" class=\"wp-caption-text\">Wojtek za kierownic\u0105 17-letniego Solarisa<\/figcaption><\/figure>\n<p><span style=\"font-weight: 400;\"><strong>Transport publiczny jest dobrem wsp\u00f3lnym<\/strong>, cho\u0107 czasem znajduje si\u0119 w ca\u0142kowicie prywatnych r\u0119kach. Nie jest jednak dost\u0119pny w r\u00f3wnym stopniu dla ka\u017cdego: barier\u0105 bywaj\u0105 pieni\u0105dze, kt\u00f3re dziel\u0105 pasa\u017cer\u00f3w na lepszych (biznesowych), gorszych (second class) i niepasa\u017cer\u00f3w, kt\u00f3rych nie sta\u0107 na bilet.<\/span><\/p>\n<p><span style=\"font-weight: 400;\"><strong>Na szcz\u0119\u015bcie zbiorowy transport publiczny w Warszawie rozwija si\u0119 w kierunku egalitarno\u015bci<\/strong>, nawet je\u015bli niekt\u00f3rzy uwa\u017caj\u0105, \u017ce bilety s\u0105 strasznie drogie (4,40 z\u0142 za 75 minut jazdy przesiadkowej, 3,40 z\u0142 za 20 minut). Od niedawna bezp\u0142atne przejazdy maj\u0105 uczniowie szk\u00f3\u0142 podstawowych i znikaj\u0105cych ju\u017c gimnazj\u00f3w. Maj\u0105 je te\u017c seniorzy po 70. roku \u017cycia. W og\u00f3le zni\u017cek jest sporo \u2013 <strong>&gt;&gt; <a href=\"http:\/\/www.ztm.waw.pl\/?c=142&amp;l=1\" target=\"_blank\" rel=\"noopener\">tu znajdziecie spis<\/a><\/strong> \u2013 ale najbardziej cieszy punkt, kto przyk\u0142adowo je\u017adzi za darmo:<\/span><\/p>\n<blockquote><p><span style=\"font-weight: 400;\">Osoby urodzone w \u015brodkach lokalnego transportu zbiorowego w m.st. Warszawie organizowanego przez Zarz\u0105d Transportu Miejskiego<\/span><\/p><\/blockquote>\n<p><span style=\"font-weight: 400;\">Kobiety, rod\u017acie w tramwajach!<\/span><\/p>\n<figure id=\"attachment_8280\" aria-describedby=\"caption-attachment-8280\" style=\"width: 600px\" class=\"wp-caption aligncenter\"><img loading=\"lazy\" decoding=\"async\" class=\"size-full wp-image-8280\" src=\"https:\/\/baranowscy.eu\/wordpress\/wp-content\/uploads\/2018\/07\/transport_publiczny_4.jpg\" alt=\"Na chwil\u0119 przesiad\u0142am si\u0119 z roweru na autobus...\" width=\"600\" height=\"667\" \/><figcaption id=\"caption-attachment-8280\" class=\"wp-caption-text\">Na chwil\u0119 przesiad\u0142am si\u0119 z roweru na autobus&#8230;<\/figcaption><\/figure>\n<h2><b>Kierowniczka du\u017cego mobilka i Kod 95, czyli rozmowy o warszawskiej komunikacji autobusowej<\/b><\/h2>\n<p><b>Moimi rozm\u00f3wcami s\u0105 Basia i Wojtek (znany jako &gt;&gt; <a href=\"https:\/\/www.facebook.com\/Kod-95-1963097437350852\/\" target=\"_blank\" rel=\"noopener\">Kod 95<\/a>), codziennie przemierzaj\u0105cy za k\u00f3\u0142kiem warszawskie ulice, aby rozwie\u017a\u0107 pasa\u017cer\u00f3w w najdalsze zak\u0105tki stolicy. Przekonajcie si\u0119, \u017ce ich praca w du\u017cym stopniu zale\u017cy od tego, jak inni zachowuj\u0105 si\u0119 na drodze czy przystanku. Mo\u017ce jako kierowcy zaczniecie cz\u0119\u015bciej wpuszcza\u0107 autobus przed siebie? A jako pasa\u017cerowie przestaniecie z\u0142o\u015bci\u0107 na sp\u00f3\u017anienia? A najlepiej, kiedy kierowcy stan\u0105 si\u0119 pasa\u017cerami i autobusy (tramwaje i rowery) b\u0119d\u0105 mia\u0142y miasto dla siebie.<\/b><\/p>\n<figure id=\"attachment_8283\" aria-describedby=\"caption-attachment-8283\" style=\"width: 600px\" class=\"wp-caption aligncenter\"><img loading=\"lazy\" decoding=\"async\" class=\"size-full wp-image-8283\" src=\"https:\/\/baranowscy.eu\/wordpress\/wp-content\/uploads\/2018\/07\/transport_publiczny_5.jpg\" alt=\"Basia kieruje hybrydowym MAN-em\" width=\"600\" height=\"667\" \/><figcaption id=\"caption-attachment-8283\" class=\"wp-caption-text\">Basia kieruje hybrydowym MAN-em<\/figcaption><\/figure>\n<p><b>Jak d\u0142ugo pracujecie jako kierowcy autobus\u00f3w? Czym je\u017adzicie? Jakie linie obs\u0142ugujecie?<\/b><\/p>\n<p><b>Basia: <\/b><span style=\"font-weight: 400;\">Pracuj\u0119 jako kierowca autobusu 4 miesi\u0105ce, obs\u0142uguj\u0119 najr\u00f3\u017cniejsze linie. Zaczyna\u0142am od najmniejszego dziewi\u0119ciometrowego Solarisa, teraz je\u017cd\u017c\u0119 dwunastometrowym autobusem. Jak nabior\u0119 wprawy i zacznie mnie to nudzi\u0107, to poprosz\u0119 o szkolenie na autobus przegubowy.<\/span><\/p>\n<p><b>Wojtek: <\/b><span style=\"font-weight: 400;\">Pracuj\u0119 w MZA p\u00f3\u0142 roku, od stycznia 2018. Je\u017cd\u017c\u0119 wszystkimi wozami, kt\u00f3re s\u0105 do dyspozycji zak\u0142adu R-1 Woronicza. Nie prowadzi\u0142em tylko elektrycznego, przegubowego Solarisa. Podobnie z liniami \u2013 systematycznie poznaj\u0119 wszystkie obs\u0142ugiwane przez nasz zak\u0142ad. Moje ulubione trasy to wszelkie linie podmiejskie, kiedy na przerwie mo\u017cna uda\u0107 si\u0119 do pobliskiego lasu. Jak dot\u0105d moj\u0105 faworytk\u0105 jest linia 119 \u2013 nie jest to co prawda linia podmiejska, ale kraniec Wi\u015bniowa G\u00f3ra znajduje si\u0119 w samym \u015brodku pe\u0142nego \u015bwiergotu ptak\u00f3w lasu.<\/span><\/p>\n<figure id=\"attachment_8284\" aria-describedby=\"caption-attachment-8284\" style=\"width: 600px\" class=\"wp-caption aligncenter\"><img loading=\"lazy\" decoding=\"async\" class=\"size-full wp-image-8284\" src=\"https:\/\/baranowscy.eu\/wordpress\/wp-content\/uploads\/2018\/07\/transport_publiczny_6.jpg\" alt=\"Ten autobus jest hybrydowy\" width=\"600\" height=\"667\" \/><figcaption id=\"caption-attachment-8284\" class=\"wp-caption-text\">Ten autobus jest hybrydowy<\/figcaption><\/figure>\n<p><b>Czy warszawskie autobusy s\u0105 nowoczesne i przystosowane do os\u00f3b z niepe\u0142nosprawno\u015bciami?<\/b><\/p>\n<p><b>Basia: <\/b><span style=\"font-weight: 400;\">Tak, wszystkie autobusy s\u0105 niskopod\u0142ogowe. Moim obowi\u0105zkiem jest obni\u017cenie autobusu (czyli zrobienie tak zwanego \u201eprzykl\u0119ku\u201d) dla osoby z w\u00f3zkiem dzieci\u0119cym czy o ograniczonej mo\u017cliwo\u015bci poruszania si\u0119. Jest te\u017c rampa, kt\u00f3r\u0105 rozk\u0142adam dla osoby na w\u00f3zku inwalidzkim \u2013 je\u015bli potrzebuje pomocy, to oczywi\u015bcie j\u0105 wprowadzam.<\/span><\/p>\n<p><span style=\"font-weight: 400;\">Obecnie wszystkie autobusy w mojej zajezdni maj\u0105 klimatyzacj\u0119, na bie\u017c\u0105co jest sprawdzany ich stan techniczny. Mam obowi\u0105zek zg\u0142aszania ka\u017cdej usterki i mechanicy na nocnej zmianie j\u0105 usuwaj\u0105 (je\u015bli nie wymaga\u0142a natychmiastowego sprowadzenia autobusu do zajezdni). W przypadku awarii uniemo\u017cliwiaj\u0105cej dalsz\u0105 jazd\u0119 jest podstawiany zapasowy autobus, a kierowca odprowadza uszkodzony.<\/span><\/p>\n<p><b>Wojtek: <\/b><span style=\"font-weight: 400;\">Wszystkie autobusy w Warszawie s\u0105 przystosowane do obs\u0142ugi os\u00f3b z niepe\u0142nosprawno\u015bciami, wszystkie s\u0105 niskopod\u0142ogowe i maj\u0105 funkcj\u0119 \u201eprzykl\u0119ku\u201d, czyli obni\u017cania prawej strony. Nie wszystkie s\u0105 jednak nowe \u2013 u nas na zak\u0142adzie jest kilka prawie 18-letnich autobus\u00f3w Solaris Urbino 15, tzw. deskorolek, ale one te\u017c posiadaj\u0105 funkcj\u0119 przykl\u0119ku. Autobusy charakteryzuj\u0105 si\u0119 znacznie wi\u0119ksz\u0105 trwa\u0142o\u015bci\u0105 od samochod\u00f3w osobowych, poza tym s\u0105 na bie\u017c\u0105co remontowane. W starszych egzemplarzach nie ma klimatyzacji i czasem szwankuj\u0105 jakie\u015b systemy, ale wszystkie podstawowe uk\u0142ady niezb\u0119dne do bezpiecznej jazdy musz\u0105 by\u0107 sprawne przed wyjazdem na miasto \u2013 kierowca za ka\u017cdym razem, codziennie, sprawdza to osobi\u015bcie.<\/span><\/p>\n<figure id=\"attachment_8277\" aria-describedby=\"caption-attachment-8277\" style=\"width: 600px\" class=\"wp-caption aligncenter\"><img loading=\"lazy\" decoding=\"async\" class=\"size-full wp-image-8277\" src=\"https:\/\/baranowscy.eu\/wordpress\/wp-content\/uploads\/2018\/07\/transport_publiczny_3.jpg\" alt=\"Miejsce w autobusie dla osoby na w\u00f3zku inwalidzkim\" width=\"600\" height=\"667\" \/><figcaption id=\"caption-attachment-8277\" class=\"wp-caption-text\">Miejsce w autobusie dla osoby na w\u00f3zku inwalidzkim<\/figcaption><\/figure>\n<p><span style=\"font-weight: 400;\">W przypadku os\u00f3b poruszaj\u0105cych si\u0119 na w\u00f3zku kieruj\u0105cy powinien upewni\u0107 si\u0119, czy pasa\u017cer nie potrzebuje pomocy. Raz b\u0119dzie trzeba otworzy\u0107 ramp\u0119 (w\u00f3zek elektryczny zawsze wymaga tej operacji), innym razem wystarczy pom\u00f3c \u201ewskoczy\u0107\u201d takiej ca\u0142kiem zwinnej osobie na w\u00f3zku na pok\u0142ad, a czasem samo opuszczenie pod\u0142ogi pozwoli osobie na w\u00f3zku na samodzielne dostanie si\u0119 i wydostanie z pojazdu.<\/span><\/p>\n<p><span style=\"font-weight: 400;\">Kierowca ma obowi\u0105zek pom\u00f3c ka\u017cdej osobie, kt\u00f3ra ma problemy z poruszaniem si\u0119. Z tego, co wiem, regulamin nie nakazuje w ka\u017cdym przypadku opu\u015bci\u0107 pod\u0142ogi dla osoby z w\u00f3zkiem dzieci\u0119cym. Ja staram si\u0119 to zawsze robi\u0107, gdy widz\u0119 osob\u0119 maj\u0105c\u0105 zamiar z w\u00f3zkiem wsi\u0105\u015b\u0107, gorzej przy wysiadaniu \u2013 cz\u0119sto w t\u0142umie innych pasa\u017cer\u00f3w nie wida\u0107, \u017ce wysiada akurat osoba z dzieckiem. W miejscu, gdzie nale\u017cy przewozi\u0107 w\u00f3zek, znajduje si\u0119 przycisk, kt\u00f3rego naci\u015bni\u0119cie powoduje wy\u015bwietlenie na pulpicie kierowcy odpowiedniej ikony. Widz\u0105c ten piktogram, kierowca nie b\u0119dzie mia\u0142 w\u0105tpliwo\u015bci, \u017ce nale\u017cy opu\u015bci\u0107 pod\u0142og\u0119, zach\u0119cam do korzystanie z tego przycisku.<\/span><\/p>\n<figure id=\"attachment_8286\" aria-describedby=\"caption-attachment-8286\" style=\"width: 600px\" class=\"wp-caption aligncenter\"><img loading=\"lazy\" decoding=\"async\" class=\"size-full wp-image-8286\" src=\"https:\/\/baranowscy.eu\/wordpress\/wp-content\/uploads\/2018\/07\/transport_publiczny_7.jpg\" alt=\"Ilu zdeterminowanych warszawiak\u00f3w wsi\u0105dzie do autobusu?\" width=\"600\" height=\"667\" \/><figcaption id=\"caption-attachment-8286\" class=\"wp-caption-text\">Ilu zdeterminowanych warszawiak\u00f3w wsi\u0105dzie do autobusu?<\/figcaption><\/figure>\n<p><b>Ile os\u00f3b wejdzie do Waszych autobus\u00f3w?<\/b><\/p>\n<p><b>Basia: <\/b><span style=\"font-weight: 400;\">Wej\u015b\u0107 mo\u017ce tyle, ile si\u0119 zmie\u015bci. Teoretycznie jest tabliczka okre\u015blaj\u0105ca ilo\u015b\u0107 miejsc siedz\u0105cych i stoj\u0105cych oraz miejsc dla w\u00f3zk\u00f3w dzieci\u0119cych i inwalidzkich, ale to tylko przepis i pasa\u017cerowie nie s\u0105 zdyscyplinowani. Pr\u00f3ba odmowy przewozu na przyk\u0142ad czwartego w\u00f3zka z dzieckiem ko\u0144czy si\u0119 awantur\u0105.<\/span><\/p>\n<p><b>Wojtek: <\/b><span style=\"font-weight: 400;\">Teoretycznie ka\u017cdy pojazd ma tabliczk\u0119 informacyjn\u0105 o liczbie miejsc siedz\u0105cych, stoj\u0105cych oraz dla os\u00f3b na w\u00f3zku inwalidzkim. W najd\u0142u\u017cszych, 18-metrowych wozach, jest to grubo ponad 100 miejsc. Podam jako ciekawostk\u0119, \u017ce wg norm \u015brednia waga pasa\u017cera z baga\u017cem to oko\u0142o 70 kg, wi\u0119c autobus mo\u017ce zabra\u0107 teoretycznie oko\u0142o 10 ton \u201ebaga\u017cu\u201d. W praktyce s\u0105dz\u0119, \u017ce w szczycie do takiego przegubowca jest w stanie wej\u015b\u0107 200 os\u00f3b, ale to tylko moje domys\u0142y.<\/span><\/p>\n<figure id=\"attachment_8287\" aria-describedby=\"caption-attachment-8287\" style=\"width: 600px\" class=\"wp-caption aligncenter\"><img loading=\"lazy\" decoding=\"async\" class=\"size-full wp-image-8287\" src=\"https:\/\/baranowscy.eu\/wordpress\/wp-content\/uploads\/2018\/07\/transport_publiczny_8.jpg\" alt=\"Basia lubi je\u017adzi\u0107 w deszczu\" width=\"600\" height=\"667\" \/><figcaption id=\"caption-attachment-8287\" class=\"wp-caption-text\">Basia lubi je\u017adzi\u0107 w deszczu<\/figcaption><\/figure>\n<p><b>Czy kierowanie autobusem jest przyjemne? Co lubicie w swojej pracy?<\/b><\/p>\n<p><b>Basia: <\/b><span style=\"font-weight: 400;\">Kierowanie autobusem to bardzo przyjemna sprawa, zw\u0142aszcza wczesnym rankiem, gdy nie ma kork\u00f3w i jest niewielu pasa\u017cer\u00f3w. Najbardziej lubi\u0119 w tej pracy obserwacj\u0119 pogody, ludzi i przyrody (je\u015bli w warunkach miejskich si\u0119 zdarzy zielony kawa\u0142ek). Najwi\u0119cej mo\u017cna si\u0119 napatrze\u0107 na liniach podmiejskich, najbardziej mi odpowiadaj\u0105. Je\u015bli chodzi o pogod\u0119, to moj\u0105 ulubion\u0105 jest burza, kiedy deszcz b\u0119bni o szyby, jad\u0119, rozchlapuj\u0105c ka\u0142u\u017ce, wycieraczki robi\u0105 szur, szur. Za ka\u017cdym razem piej\u0119 z zachwytu, widz\u0105c nadci\u0105gaj\u0105ce czarne chmury.<\/span><\/p>\n<p><b>Wojtek:\u00a0<\/b>Najwa\u017cniejsza rzecz, kt\u00f3r\u0105 daje mi ta praca, to spok\u00f3j. Po kilkunastu latach pracy w zawodzie architekta potrzebowa\u0142em odpoczynku i tu w\u0142a\u015bnie to dostaj\u0119. Zaczynam prac\u0119 w momencie przekroczenia bramy zak\u0142adu, tudzie\u017c przednich drzwi autobusu, i ko\u0144cz\u0119 wraz z opuszczeniem go. Nawet je\u015bli poza prac\u0105 my\u015bl\u0119 o niej, to nie mam z tego powodu stresu.<\/p>\n<p><span style=\"font-weight: 400;\">Bardzo lubi\u0119 prowadzi\u0107 autobus. Relaksuje mnie to, nawet je\u015bli stoj\u0119 w korku (mam p\u0142acone od czasu pracy, nie od przejechanych kilometr\u00f3w). Dziwi\u0119 si\u0119 wtedy troch\u0119 pasa\u017cerom i tym bardziej kierowcom osob\u00f3wek, kt\u00f3re stoj\u0105 ca\u0142ymi setkami wok\u00f3\u0142 mnie \u2013 przecie\u017c cz\u0119sto szybciej jest przej\u015b\u0107 dany odcinek pieszo, nie m\u00f3wi\u0105c o rowerze, ale takie sytuacji s\u0105 tylko w okre\u015blonych miejscach i porach dnia. Dodam jeszcze, \u017ce niestety cz\u0119sto w wyniku kork\u00f3w lub wr\u0119cz zator\u00f3w drogowych powstaj\u0105 tak du\u017ce op\u00f3\u017anienia, \u017ce niekt\u00f3re kursy si\u0119 nie odbywaj\u0105. Przerwy mi\u0119dzykursowe nie s\u0105 w stanie zrekompensowa\u0107 (kosztem odpoczynku kierowcy!) op\u00f3\u017anie\u0144 i dyspozytor lub Centrala Ruchu decyduje, \u017ce dana brygada wyje\u017cd\u017ca w tras\u0119 zamiast innej, te\u017c kolosalnie op\u00f3\u017anionej.<\/span><\/p>\n<p><span style=\"font-weight: 400;\">Wyjawi\u0119 te\u017c, \u017ce w tej pracy podoba mi si\u0119 to, \u017ce wreszcie mam na koncie regularn\u0105, pewn\u0105 wyp\u0142at\u0119. W Polsce tematem tabu s\u0105 zarobki, ale ja szczerze przyznam, \u017ce pensja kierowcy, wraz ze wszystkimi dodatkami, kt\u00f3re uda mi si\u0119 uzyska\u0107 w zupe\u0142no\u015bci zaspokaja moje oczekiwania finansowe. Po ostatnich podwy\u017ckach dostaj\u0119 na r\u0119k\u0119 oko\u0142o 4000 z\u0142.<\/span><\/p>\n<figure id=\"attachment_8288\" aria-describedby=\"caption-attachment-8288\" style=\"width: 600px\" class=\"wp-caption aligncenter\"><img loading=\"lazy\" decoding=\"async\" class=\"size-full wp-image-8288\" src=\"https:\/\/baranowscy.eu\/wordpress\/wp-content\/uploads\/2018\/07\/transport_publiczny_9.jpg\" alt=\"Transport publiczny w Warszawie\" width=\"600\" height=\"667\" \/><figcaption id=\"caption-attachment-8288\" class=\"wp-caption-text\">Transport publiczny w Warszawie<\/figcaption><\/figure>\n<p><b>A za czym nie przepadacie?<\/b><\/p>\n<p><b>Basia: <\/b><span style=\"font-weight: 400;\">Nie lubi\u0119 oczywi\u015bcie kork\u00f3w i kierowc\u00f3w wciskaj\u0105cych si\u0119 bezczelnie przed autobus (pr\u00f3ba unikni\u0119cia kolizji w tej sytuacji mo\u017ce sko\u0144czy\u0107 si\u0119 poprzewracaniem pasa\u017cer\u00f3w). M\u0119cz\u0105ce s\u0105 te\u017c du\u017ce potoki pasa\u017cer\u00f3w, gdy nie wida\u0107, kto wsiad\u0142, a kto wysiad\u0142, przypominanie sobie po sygnale zamykania drzwi, dobieganie do odje\u017cd\u017caj\u0105cego ju\u017c autobusu i walenie w szyb\u0119. To powoduje du\u017ce op\u00f3\u017anienia, ale ludzie widz\u0105 w tym tylko win\u0119 kierowcy, wyobra\u017caj\u0105 sobie chyba, \u017ce pojecha\u0142am sobie na lody w trakcie kursu.<\/span><\/p>\n<p><span style=\"font-weight: 400;\">Moja p\u0142e\u0107 wzbudza te\u017c r\u00f3\u017cne reakcje \u2013 od entuzjastycznych, po komentarze, \u017ce baba prowadzi. Widok kobiety za kierownic\u0105 takiego kolosa to wci\u0105\u017c sensacja \u2013 na pocz\u0105tku te wszystkie interakcje ze zdziwionym spo\u0142ecze\u0144stwem by\u0142y bardzo m\u0119cz\u0105ce, teraz przesta\u0142am si\u0119 tym przejmowa\u0107.<\/span><\/p>\n<p><b>Wojtek: <\/b><span style=\"font-weight: 400;\">Jedna z gorszych rzeczy, kt\u00f3ra przeszkadza mi w tej pracy, to zapach tytoniu. Czasem do autobusu wsiada, na dodatek pierwszymi drzwiami, pasa\u017cer, kt\u00f3ry przed samym wej\u015bciem wyrzuca na chodnik niedopa\u0142ek papierosa i potem rozsiewa po ca\u0142ej kabinie zapach \u201epopielniczki\u201d.<\/span><\/p>\n<figure id=\"attachment_8298\" aria-describedby=\"caption-attachment-8298\" style=\"width: 600px\" class=\"wp-caption aligncenter\"><img loading=\"lazy\" decoding=\"async\" class=\"size-full wp-image-8298\" src=\"https:\/\/baranowscy.eu\/wordpress\/wp-content\/uploads\/2018\/07\/transport_publiczny_14.jpg\" alt=\"Je\u015bli jest miejsce, rower mo\u017ce pojecha\u0107 autobusem\" width=\"600\" height=\"667\" \/><figcaption id=\"caption-attachment-8298\" class=\"wp-caption-text\">Je\u015bli jest miejsce, rower mo\u017ce pojecha\u0107 autobusem<\/figcaption><\/figure>\n<p><b>Czy autobusy maj\u0105 du\u017ce fory na warszawskich ulicach? Jak si\u0119 je\u017adzi buspasami?<\/b><\/p>\n<p><b>Basia:<\/b><span style=\"font-weight: 400;\"> Tak, autobusy s\u0105 uprzywilejowane. Kierowcy osob\u00f3wek ewidentnie boj\u0105 si\u0119 wi\u0119kszych. Wzrasta te\u017c chyba \u015bwiadomo\u015b\u0107, bo cz\u0119sto b\u0142yskaj\u0105 mi \u015bwiat\u0142ami z daleka na znak, \u017cebym wyje\u017cd\u017ca\u0142a z zatoki.<\/span><\/p>\n<p><span style=\"font-weight: 400;\">Z tego co widz\u0119, to buspasy istniej\u0105 tylko w teorii. Kierowcy nie reaguj\u0105 nawet na przeganianie klaksonem, jad\u0105 dalej. Obs\u0142ugiwanie przystank\u00f3w to te\u017c trudna sprawa, przyj\u0119\u0142o si\u0119, \u017ce jest to miejsce postojowe na chwil\u0119 i ju\u017c w zasadzie przyzwyczai\u0142am si\u0119, \u017ce jest to kwestia umowna, kt\u00f3r\u0105 czasem da si\u0119 wymusi\u0107, ale nie ma sensu si\u0119 denerwowa\u0107.<\/span><\/p>\n<p><b>Wojtek: <\/b><span style=\"font-weight: 400;\">Je\u015bli chodzi o fory, to masa robi swoje. Zwykle nie mam problemu ze zmian\u0105 pasa i nie czekam zbyt d\u0142ugo na wypuszczenie z zatoki przystankowej, aczkolwiek w weekendy jest z tym gorzej, prawdopodobnie w powiedzeniu o niedzielnych kierowcach jest troch\u0119 prawdy.<\/span><\/p>\n<p><span style=\"font-weight: 400;\">Je\u015bli za\u015b chodzi o buspasy, to tutaj ju\u017c nie jest tak weso\u0142o. Kieruj\u0105cy nie tylko po prostu nimi jad\u0105, ale tak\u017ce nieprawid\u0142owo w\u0142\u0105czaj\u0105 si\u0119 do ruchu na sw\u00f3j pas np. z dr\u00f3g wewn\u0119trznych. Na buspasie przy takich wyjazdach s\u0105 namalowane lini\u0105 przerywan\u0105 \u0142uki, kt\u00f3re wyznaczaj\u0105 kierowcom w\u0142\u0105czaj\u0105cym si\u0119 do ruchu ich tor jazdy. Kieruj\u0105cy chyba nie zdaj\u0105 sobie z tego sprawy i w\u0142\u0105czaj\u0105 si\u0119 na buspas, by zaraz potem na nim stan\u0105\u0107, czekaj\u0105c na to, a\u017c kto\u015b ich wpu\u015bci na pas dla \u201ecywili\u201d, czym skutecznie blokuj\u0105 autobusy. Podobnie wygl\u0105da sprawa z buspasem, kt\u00f3ry zamienia si\u0119 w pas do skr\u0119tu w prawo. Mo\u017cna na niego wjecha\u0107 dopiero za tabliczk\u0105 \u201ebuspas &#8211; koniec\u201d ale wi\u0119kszo\u015b\u0107 kieruj\u0105cych ignoruje ten przepis i tak\u017ce blokuje autobusy.<\/span><\/p>\n<figure id=\"attachment_8290\" aria-describedby=\"caption-attachment-8290\" style=\"width: 600px\" class=\"wp-caption aligncenter\"><img loading=\"lazy\" decoding=\"async\" class=\"size-full wp-image-8290\" src=\"https:\/\/baranowscy.eu\/wordpress\/wp-content\/uploads\/2018\/07\/transport_publiczny_10.jpg\" alt=\"Czujne oko kierowcy widzi wszystko\" width=\"600\" height=\"667\" \/><figcaption id=\"caption-attachment-8290\" class=\"wp-caption-text\">Czujne oko kierowcy widzi wszystko<\/figcaption><\/figure>\n<p><b>Jak odnosz\u0105 si\u0119 do Was kierowcy innych pojazd\u00f3w? Czy macie ten komfort, \u017ce raczej nikt nie pr\u00f3buje si\u0119 wepchn\u0105\u0107 przed autobus?<\/b><\/p>\n<p><b>Basia:<\/b><span style=\"font-weight: 400;\"> Kierowcy innych pojazd\u00f3w najcz\u0119\u015bciej prze\u017cywaj\u0105 szok (na przyk\u0142ad na \u015bwiat\u0142ach), kiedy odwr\u00f3c\u0105 g\u0142ow\u0119 i zobacz\u0105, \u017ce nie prowadzi facet. Bardzo cz\u0119sto si\u0119 wpychaj\u0105, nie respektuj\u0105 tego, \u017ce odst\u0119p utrzymywany przeze mnie od innego pojazdu to odleg\u0142o\u015b\u0107 na bezpieczne i \u0142agodne hamowanie dla pasa\u017cer\u00f3w, a nie zaproszenie do zmiany pasa.<\/span><\/p>\n<p><b>Wojtek: <\/b><span style=\"font-weight: 400;\">Niestety, mia\u0142em kilka przypadk\u00f3w wepchni\u0119cia si\u0119 kieruj\u0105cego tu\u017c pod mask\u0119, co skutkowa\u0142o konieczno\u015bci\u0105 nag\u0142ego hamowania. Na szcz\u0119\u015bcie nie mia\u0142em jeszcze \u017cadnego \u201eprzewr\u00f3cenia\u201d na wozie, ale musia\u0142em przeprasza\u0107 pasa\u017cer\u00f3w mimo, \u017ce sytuacja nie wynika\u0142a z mojej winy. S\u0105 to jednak rzadkie sytuacje, szczerze m\u00f3wi\u0105c, zanim zacz\u0105\u0142em t\u0119 prac\u0119, s\u0142uchaj\u0105c wyk\u0142ad\u00f3w przygotowuj\u0105cych mnie do egzamin\u00f3w, wydawa\u0142o mi si\u0119, \u017ce mo\u017ce by\u0107 gorzej.<\/span><\/p>\n<figure id=\"attachment_8291\" aria-describedby=\"caption-attachment-8291\" style=\"width: 600px\" class=\"wp-caption aligncenter\"><img loading=\"lazy\" decoding=\"async\" class=\"size-full wp-image-8291\" src=\"https:\/\/baranowscy.eu\/wordpress\/wp-content\/uploads\/2018\/07\/transport_publiczny_11.jpg\" alt=\"Nowoczesny transport publiczny w nowoczesnej stolicy!\" width=\"600\" height=\"667\" \/><figcaption id=\"caption-attachment-8291\" class=\"wp-caption-text\">Nowoczesny transport publiczny w nowoczesnej stolicy!<\/figcaption><\/figure>\n<p><b>Kto je\u017adzi w Warszawie komunikacj\u0105 miejsk\u0105? Czy widzicie przewa\u017caj\u0105cy typ pasa\u017cer\u00f3w?<\/b><\/p>\n<p><b>Basia: <\/b><span style=\"font-weight: 400;\">Je\u017cd\u017c\u0105 wszyscy. Nie ma regu\u0142y. Rano jest nap\u00f3r ludzi pracuj\u0105cych i uczni\u00f3w, mniej wi\u0119cej od 10 rano zaczyna si\u0119 potok emeryt\u00f3w jad\u0105cych po zakupy i do lekarzy. Dlatego linie obje\u017cd\u017caj\u0105ce starsze osiedla, bazarki i dyskonty cz\u0119sto s\u0105 trudne w obs\u0142udze ze wzgl\u0119du na wyd\u0142u\u017cony czas wymiany pasa\u017cer\u00f3w na przystankach.<\/span><\/p>\n<p><b>Wojtek: <\/b><span style=\"font-weight: 400;\">Mog\u0119 z ca\u0142ym przekonaniem powiedzie\u0107, \u017ce komunikacj\u0105 publiczn\u0105 je\u017cd\u017c\u0105 wszyscy. Od bezdomnych, po eleganckich ludzi biznesu, od niespe\u0142na dziesi\u0119ciolatk\u00f3w (m\u00f3wi\u0119 o podr\u00f3\u017cowaniu bez opiekun\u00f3w), do os\u00f3b w bardzo podesz\u0142ym wieku. Dodam przy okazji, \u017ce wielokrotnie widzia\u0142em sytuacje, jak m\u0142ody m\u0119\u017cczyzna pomaga zupe\u0142nie obcej dla niego staruszce z torb\u0105 na k\u00f3\u0142kach, tak zwan\u0105 torb\u0105 emerytk\u0105. Oczywi\u015bcie autobusami podr\u00f3\u017cuj\u0105 ludzie r\u00f3\u017cnych narodowo\u015bci, do tej pory nie spotka\u0142em si\u0119 z nieprzyjemn\u0105 sytuacj\u0105. Wioz\u0142em kiedy\u015b bardzo pijanych, wrzeszcz\u0105cych kibic\u00f3w jednego z warszawskich klub\u00f3w pi\u0142karskich. W pewnym momencie do autobusu wsiad\u0142 m\u0142ody, czarnosk\u00f3ry ch\u0142opak &#8211; wydawa\u0142oby si\u0119, \u017ce to idealna sytuacja do powstania konfliktu, jednak nic z tych rzeczy, wszyscy dalej grzecznie jechali.<\/span><\/p>\n<p><b>Czy zdarza si\u0119 Wam wozi\u0107 powietrze?<\/b><\/p>\n<p><b>Basia: <\/b><span style=\"font-weight: 400;\">Zdarza mi si\u0119 wozi\u0107 powietrze, ale tak bywa i nie zastanawiam si\u0119 nad tym. Najcz\u0119\u015bciej w weekendy wczesnym rankiem, zar\u00f3wno na liniach przebiegaj\u0105cych przez centrum, jak i liniach podmiejskich.<\/span><\/p>\n<p><b>Wojtek: <\/b><span style=\"font-weight: 400;\">Zdarza si\u0119 wozi\u0107 powietrze, ale tego nie da si\u0119 unikn\u0105\u0107. Czasem jednym kursem przewioz\u0119 \u0142\u0105cznie 15 os\u00f3b, ale na nast\u0119pnym k\u00f3\u0142ku ludzie ledwo mieszcz\u0105 si\u0119 do \u015brodka. Tak ju\u017c musi by\u0107, nie ma autobus\u00f3w z gumy. S\u0105 pewnie takie linie, kt\u00f3re zawsze bywaj\u0105 puste, ale przewo\u017anicy nie s\u0105 w stanie zapewni\u0107 a\u017c takiej r\u00f3\u017cnorodno\u015bci taboru pod wzgl\u0119dem pojemno\u015bci.<\/span><\/p>\n<figure id=\"attachment_8294\" aria-describedby=\"caption-attachment-8294\" style=\"width: 600px\" class=\"wp-caption aligncenter\"><img loading=\"lazy\" decoding=\"async\" class=\"size-full wp-image-8294\" src=\"https:\/\/baranowscy.eu\/wordpress\/wp-content\/uploads\/2018\/07\/transport_publiczny_12.jpg\" alt=\"Z lodami nie wchod\u017a!\" width=\"600\" height=\"667\" \/><figcaption id=\"caption-attachment-8294\" class=\"wp-caption-text\">Z lodami nie wchod\u017a!<\/figcaption><\/figure>\n<p><b>Czy widzicie jakie\u015b szczeg\u00f3lne problemy zwi\u0105zane z brakiem kultury na drodze, brakiem obycia pasa\u017cer\u00f3w, potrzeb\u0105 edukacji?<\/b><\/p>\n<p><b>Basia: <\/b><span style=\"font-weight: 400;\">Typowo polskie jest przekonanie, \u017ce to ja jestem najlepszym kierowc\u0105 i inni mogliby si\u0119 ode mnie uczy\u0107. Tymczasem w ka\u017cdym momencie mo\u017ce zdarzy\u0107 si\u0119 b\u0142\u0105d \u2013 czy to m\u00f3j, czy innego uczestnika ruchu drogowego. Nie ma zupe\u0142nie pokory i \u015bwiadomo\u015bci, \u017ce jeste\u015bmy tylko lud\u017ami i mamy ograniczenia w zdolno\u015bciach psychofizycznych. Standardowo gadanie przez telefon przy uchu zamiast przez zestaw s\u0142uchawkowy, grzebanie w nim podczas jazdy, brak sygnalizacji manewr\u00f3w, brawurowa jazda.<\/span><\/p>\n<p><span style=\"font-weight: 400;\">Je\u015bli chodzi o kultur\u0119 pasa\u017cer\u00f3w, to ona nie istnieje. Wszystko jest mo\u017cliwe \u2013 jeste\u015bmy narodem egoist\u00f3w i w przestrzeni publicznej nie liczy si\u0119 nikt opr\u00f3cz mnie. Uwa\u017cam, \u017ce akcje edukacyjne to wyrzucanie pieni\u0119dzy w b\u0142oto, nale\u017ca\u0142oby si\u0119 skupi\u0107 na egzekwowaniu kar i dyscyplinowaniu pasa\u017cer\u00f3w, t\u0142umaczenia niestety trafiaj\u0105 w pr\u00f3\u017cni\u0119.<\/span><\/p>\n<p><b>Wojtek:<\/b><span style=\"font-weight: 400;\"> Og\u00f3lnie mo\u017cna powiedzie\u0107, \u017ce to, co si\u0119 widzi z tej troch\u0119 wi\u0119kszej wysoko\u015bci, siedz\u0105c na miejscu kierowcy autobusu miejskiego, wo\u0142a o pomst\u0119 do nieba. Cz\u0119sto mo\u017cna zaobserwowa\u0107 na drodze sytuacje niemal jak z gry GTA. Kieruj\u0105cy osob\u00f3wkami (ale nie tylko, kierowcy pozosta\u0142ych pojazd\u00f3w te\u017c maj\u0105 troch\u0119 za uszami) z ogromn\u0105 pr\u0119dko\u015bci\u0105, bez sygnalizowania zmiany kierunku, p\u0119dz\u0105 pomi\u0119dzy innymi pojazdami. Wydaje im si\u0119, \u017ce posiadaj\u0105 wspania\u0142e umiej\u0119tno\u015bci w prowadzeniu auta \u2013 co by\u0107 mo\u017ce nawet jest prawd\u0105, ale nie zdaj\u0105 sobie chyba sprawy z tego, \u017ce wok\u00f3\u0142 nich kto\u015b mo\u017ce sobie gorzej radzi\u0107 za k\u00f3\u0142kiem lub nie zd\u0105\u017cy\u0107 uciec z przej\u015bcia dla pieszych.<\/span><\/p>\n<p><span style=\"font-weight: 400;\">Niestety bardzo cz\u0119sto samochody osobowe oraz dostawcze blokuj\u0105 dost\u0119p do zatoki przystankowej. Mam tutaj apel: je\u015bli ju\u017c musicie zaparkowa\u0107 w zatoce, to sta\u0144cie na jej przednim ko\u0144cu, tam, gdzie jest prz\u00f3d autobusu. Nam jest znacznie \u0142atwiej wyjecha\u0107 z tak zastawionej zatoki, ni\u017c prawid\u0142owo podjecha\u0107 autobusem do kraw\u0119dzi peronu, gdy przeszkoda znajduje si\u0119 na wje\u017adzie w zatok\u0119.<\/span><\/p>\n<p><span style=\"font-weight: 400;\">Je\u015bli chodzi o obycie pasa\u017cer\u00f3w, to ja nie mam wielu zastrze\u017ce\u0144, owszem, zdarzaj\u0105 si\u0119 nieprzyjemne sytuacje, ale ja jestem osoba bardzo wyrozumia\u0142\u0105 i wiele potrafi\u0119 wybaczy\u0107. Przyjmuj\u0119, \u017ce ka\u017cdy mo\u017ce mie\u0107 sw\u00f3j gorszy dzie\u0144.<\/span><\/p>\n<figure id=\"attachment_8295\" aria-describedby=\"caption-attachment-8295\" style=\"width: 600px\" class=\"wp-caption aligncenter\"><img loading=\"lazy\" decoding=\"async\" class=\"size-full wp-image-8295\" src=\"https:\/\/baranowscy.eu\/wordpress\/wp-content\/uploads\/2018\/07\/transport_publiczny_13.jpg\" alt=\"Warszawski transport publiczny\" width=\"600\" height=\"667\" \/><figcaption id=\"caption-attachment-8295\" class=\"wp-caption-text\">Warszawski transport publiczny<\/figcaption><\/figure>\n<p><b>Czy zdarza si\u0119 Wam prowadzi\u0107 nocne linie? Albo takie, kt\u00f3re uwa\u017ca si\u0119 za nieciekawe ze wzgl\u0119du na szemrane towarzystwo?<\/b><\/p>\n<p><b>Basia: <\/b><span style=\"font-weight: 400;\">Nie je\u017cd\u017c\u0119 na nocnych liniach, to w mojej zajezdni jest tylko dla ch\u0119tnych. Je\u015bli chodzi o szemrane linie, zdarza mi si\u0119 je\u017adzi\u0107 tak\u0105, ale wzbudzam zupe\u0142nie inne reakcje ni\u017c mo\u017cna by by\u0142o si\u0119 spodziewa\u0107. Jest w\u015br\u00f3d tubylc\u00f3w ogromna rado\u015b\u0107 i entuzjazm, \u017ce przyjecha\u0142a do nich kobieta. I nawet lubi\u0119 tam je\u017adzi\u0107, podoba mi si\u0119 ta okolica, kojarzy mi si\u0119 z twardym, prawdziwym \u017cyciem, a nie ze sterylnymi, wygrodzonymi apartamentowcami.<\/span><\/p>\n<p><b>Wojtek:<\/b><span style=\"font-weight: 400;\"> Nocne linie prowadz\u0119 tylko jako \u0142\u0105czone do linii dziennej, jako ostatni lub pierwszy p\u00f3\u0142-kurs, na przyk\u0142ad linia 174 mo\u017ce by\u0107 po\u0142\u0105czona z lini\u0105 N34. Regularne kursy nocne, przynajmniej w naszym zak\u0142adzie, prowadz\u0105 zazwyczaj stali kierowcy.<\/span><\/p>\n<p><span style=\"font-weight: 400;\">Jak dot\u0105d mia\u0142em jedn\u0105 nieprzyjemn\u0105 sytuacj\u0119 z pasa\u017cerem \u2013 pijany m\u0119\u017cczyzna, zamiast poczeka\u0107 na otwarcie drzwi, zacz\u0105\u0142 w nie wali\u0107 pi\u0119\u015bci\u0105 ze s\u0142owami \u201eOtwieraj, pa\u0142o!\u201d, ale dop\u00f3ki w wozie s\u0105 inni pasa\u017cerowie, nie czuj\u0119 si\u0119 zagro\u017cony. W niekt\u00f3rych pojazdach jest monitoring, ale \u017caden sprz\u0119t elektroniczny sam nie wybroni kierowcy z opresji.<\/span><\/p>\n<p><b>Dzi\u0119kuj\u0119 za rozmow\u0119! \u017bycz\u0119 Wam samych przyjemnych kurs\u00f3w.<\/b><\/p>\n<p><b>A Was \u2013 czytelniczki i czytelnik\u00f3w \u2013 zapraszam do warszawskich autobus\u00f3w. Je\u015bli spotkacie kierowniczk\u0119 du\u017cego mobilka, koniecznie pozdr\u00f3wcie j\u0105 ode mnie!<\/b><\/p>\n","protected":false},"excerpt":{"rendered":"<p>Mamy lipiec, w ca\u0142orocznym wyzwaniu 5xO czas na temat transportu, podr\u00f3\u017cy, przemieszczania si\u0119. Zaczynamy od transportu autobusowego w Warszawie, gdzie \u2013 tak si\u0119 sk\u0142ada \u2013&hellip;<\/p>\n","protected":false},"author":1,"featured_media":8273,"comment_status":"open","ping_status":"open","sticky":false,"template":"","format":"standard","meta":{"_jetpack_memberships_contains_paid_content":false,"footnotes":""},"categories":[1327,72,1148],"tags":[1333,1428,1352,73,1429,1430,1346],"class_list":["post-8270","post","type-post","status-publish","format-standard","has-post-thumbnail","hentry","category-5xo","category-wywiady","category-zero-waste","tag-5xo","tag-autobus","tag-podroze","tag-rozmowy","tag-transport-publiczny","tag-transport-zbiorowy","tag-zrownowazony-transport"],"yoast_head":"<!-- This site is optimized with the Yoast SEO plugin v27.4 - https:\/\/yoast.com\/product\/yoast-seo-wordpress\/ -->\n<title>5xO. Podr\u00f3\u017cowanie lokalne. Wyj\u0105tkowy wywiad z kierowczyni\u0105 i kierowc\u0105 autobusu - organiczni.eu<\/title>\n<meta name=\"description\" content=\"Transport publiczny nie cieszy si\u0119 dobr\u0105 opini\u0105. Tak rzadko dostrzegamy jego dobre strony! Czytajcie wywiad z kierowczyni\u0105 i kierowc\u0105 warszawskich autobus\u00f3w!\" \/>\n<meta name=\"robots\" content=\"index, follow, max-snippet:-1, max-image-preview:large, max-video-preview:-1\" \/>\n<link rel=\"canonical\" href=\"https:\/\/baranowscy.eu\/wordpress\/5xo-podrozowanie-lokalne-wywiad-transport-publiczny\/\" \/>\n<meta property=\"og:locale\" content=\"pl_PL\" \/>\n<meta property=\"og:type\" content=\"article\" \/>\n<meta property=\"og:title\" content=\"5xO. Podr\u00f3\u017cowanie lokalne. Wyj\u0105tkowy wywiad z kierowczyni\u0105 i kierowc\u0105 autobusu - organiczni.eu\" \/>\n<meta property=\"og:description\" content=\"Transport publiczny nie cieszy si\u0119 dobr\u0105 opini\u0105. Tak rzadko dostrzegamy jego dobre strony! Czytajcie wywiad z kierowczyni\u0105 i kierowc\u0105 warszawskich autobus\u00f3w!\" \/>\n<meta property=\"og:url\" content=\"https:\/\/baranowscy.eu\/wordpress\/5xo-podrozowanie-lokalne-wywiad-transport-publiczny\/\" \/>\n<meta property=\"og:site_name\" content=\"organiczni.eu\" \/>\n<meta property=\"article:publisher\" content=\"https:\/\/www.facebook.com\/organiczni\/\" \/>\n<meta property=\"article:published_time\" content=\"2018-07-01T20:30:19+00:00\" \/>\n<meta property=\"article:modified_time\" content=\"2018-07-01T22:01:22+00:00\" \/>\n<meta property=\"og:image\" content=\"https:\/\/baranowscy.eu\/wordpress\/wp-content\/uploads\/2018\/07\/transport_publiczny_0.jpg\" \/>\n\t<meta property=\"og:image:width\" content=\"1200\" \/>\n\t<meta property=\"og:image:height\" content=\"628\" \/>\n\t<meta property=\"og:image:type\" content=\"image\/jpeg\" \/>\n<meta name=\"author\" content=\"joanna\" \/>\n<meta name=\"twitter:card\" content=\"summary_large_image\" \/>\n<meta name=\"twitter:label1\" content=\"Napisane przez\" \/>\n\t<meta name=\"twitter:data1\" content=\"joanna\" \/>\n\t<meta name=\"twitter:label2\" content=\"Szacowany czas czytania\" \/>\n\t<meta name=\"twitter:data2\" content=\"17 minut\" \/>\n<script type=\"application\/ld+json\" class=\"yoast-schema-graph\">{\"@context\":\"https:\\\/\\\/schema.org\",\"@graph\":[{\"@type\":\"Article\",\"@id\":\"https:\\\/\\\/baranowscy.eu\\\/wordpress\\\/5xo-podrozowanie-lokalne-wywiad-transport-publiczny\\\/#article\",\"isPartOf\":{\"@id\":\"https:\\\/\\\/baranowscy.eu\\\/wordpress\\\/5xo-podrozowanie-lokalne-wywiad-transport-publiczny\\\/\"},\"author\":{\"name\":\"joanna\",\"@id\":\"https:\\\/\\\/baranowscy.eu\\\/wordpress\\\/#\\\/schema\\\/person\\\/741d5f1f3fd2833c5ca2ffdaaa93dc73\"},\"headline\":\"5xO. Podr\u00f3\u017cowanie lokalne. Wyj\u0105tkowy wywiad z kierowczyni\u0105 i kierowc\u0105 autobusu\",\"datePublished\":\"2018-07-01T20:30:19+00:00\",\"dateModified\":\"2018-07-01T22:01:22+00:00\",\"mainEntityOfPage\":{\"@id\":\"https:\\\/\\\/baranowscy.eu\\\/wordpress\\\/5xo-podrozowanie-lokalne-wywiad-transport-publiczny\\\/\"},\"wordCount\":3417,\"commentCount\":5,\"publisher\":{\"@id\":\"https:\\\/\\\/baranowscy.eu\\\/wordpress\\\/#organization\"},\"image\":{\"@id\":\"https:\\\/\\\/baranowscy.eu\\\/wordpress\\\/5xo-podrozowanie-lokalne-wywiad-transport-publiczny\\\/#primaryimage\"},\"thumbnailUrl\":\"https:\\\/\\\/baranowscy.eu\\\/wordpress\\\/wp-content\\\/uploads\\\/2018\\\/07\\\/transport_publiczny_0.jpg\",\"keywords\":[\"5xO\",\"autobus\",\"podr\u00f3\u017ce\",\"rozmowy\",\"transport publiczny\",\"transport zbiorowy\",\"zr\u00f3wnowa\u017cony transport\"],\"articleSection\":[\"5xO\",\"wywiady\",\"zero waste\"],\"inLanguage\":\"pl-PL\",\"potentialAction\":[{\"@type\":\"CommentAction\",\"name\":\"Comment\",\"target\":[\"https:\\\/\\\/baranowscy.eu\\\/wordpress\\\/5xo-podrozowanie-lokalne-wywiad-transport-publiczny\\\/#respond\"]}]},{\"@type\":\"WebPage\",\"@id\":\"https:\\\/\\\/baranowscy.eu\\\/wordpress\\\/5xo-podrozowanie-lokalne-wywiad-transport-publiczny\\\/\",\"url\":\"https:\\\/\\\/baranowscy.eu\\\/wordpress\\\/5xo-podrozowanie-lokalne-wywiad-transport-publiczny\\\/\",\"name\":\"5xO. Podr\u00f3\u017cowanie lokalne. Wyj\u0105tkowy wywiad z kierowczyni\u0105 i kierowc\u0105 autobusu - organiczni.eu\",\"isPartOf\":{\"@id\":\"https:\\\/\\\/baranowscy.eu\\\/wordpress\\\/#website\"},\"primaryImageOfPage\":{\"@id\":\"https:\\\/\\\/baranowscy.eu\\\/wordpress\\\/5xo-podrozowanie-lokalne-wywiad-transport-publiczny\\\/#primaryimage\"},\"image\":{\"@id\":\"https:\\\/\\\/baranowscy.eu\\\/wordpress\\\/5xo-podrozowanie-lokalne-wywiad-transport-publiczny\\\/#primaryimage\"},\"thumbnailUrl\":\"https:\\\/\\\/baranowscy.eu\\\/wordpress\\\/wp-content\\\/uploads\\\/2018\\\/07\\\/transport_publiczny_0.jpg\",\"datePublished\":\"2018-07-01T20:30:19+00:00\",\"dateModified\":\"2018-07-01T22:01:22+00:00\",\"description\":\"Transport publiczny nie cieszy si\u0119 dobr\u0105 opini\u0105. Tak rzadko dostrzegamy jego dobre strony! Czytajcie wywiad z kierowczyni\u0105 i kierowc\u0105 warszawskich autobus\u00f3w!\",\"breadcrumb\":{\"@id\":\"https:\\\/\\\/baranowscy.eu\\\/wordpress\\\/5xo-podrozowanie-lokalne-wywiad-transport-publiczny\\\/#breadcrumb\"},\"inLanguage\":\"pl-PL\",\"potentialAction\":[{\"@type\":\"ReadAction\",\"target\":[\"https:\\\/\\\/baranowscy.eu\\\/wordpress\\\/5xo-podrozowanie-lokalne-wywiad-transport-publiczny\\\/\"]}]},{\"@type\":\"ImageObject\",\"inLanguage\":\"pl-PL\",\"@id\":\"https:\\\/\\\/baranowscy.eu\\\/wordpress\\\/5xo-podrozowanie-lokalne-wywiad-transport-publiczny\\\/#primaryimage\",\"url\":\"https:\\\/\\\/baranowscy.eu\\\/wordpress\\\/wp-content\\\/uploads\\\/2018\\\/07\\\/transport_publiczny_0.jpg\",\"contentUrl\":\"https:\\\/\\\/baranowscy.eu\\\/wordpress\\\/wp-content\\\/uploads\\\/2018\\\/07\\\/transport_publiczny_0.jpg\",\"width\":1200,\"height\":628},{\"@type\":\"BreadcrumbList\",\"@id\":\"https:\\\/\\\/baranowscy.eu\\\/wordpress\\\/5xo-podrozowanie-lokalne-wywiad-transport-publiczny\\\/#breadcrumb\",\"itemListElement\":[{\"@type\":\"ListItem\",\"position\":1,\"name\":\"Strona g\u0142\u00f3wna\",\"item\":\"https:\\\/\\\/baranowscy.eu\\\/wordpress\\\/\"},{\"@type\":\"ListItem\",\"position\":2,\"name\":\"5xO. Podr\u00f3\u017cowanie lokalne. Wyj\u0105tkowy wywiad z kierowczyni\u0105 i kierowc\u0105 autobusu\"}]},{\"@type\":\"WebSite\",\"@id\":\"https:\\\/\\\/baranowscy.eu\\\/wordpress\\\/#website\",\"url\":\"https:\\\/\\\/baranowscy.eu\\\/wordpress\\\/\",\"name\":\"organiczni.eu\",\"description\":\"Najbardziej wszechstronny blog ekologiczny\",\"publisher\":{\"@id\":\"https:\\\/\\\/baranowscy.eu\\\/wordpress\\\/#organization\"},\"potentialAction\":[{\"@type\":\"SearchAction\",\"target\":{\"@type\":\"EntryPoint\",\"urlTemplate\":\"https:\\\/\\\/baranowscy.eu\\\/wordpress\\\/?s={search_term_string}\"},\"query-input\":{\"@type\":\"PropertyValueSpecification\",\"valueRequired\":true,\"valueName\":\"search_term_string\"}}],\"inLanguage\":\"pl-PL\"},{\"@type\":\"Organization\",\"@id\":\"https:\\\/\\\/baranowscy.eu\\\/wordpress\\\/#organization\",\"name\":\"organiczni.eu\",\"url\":\"https:\\\/\\\/baranowscy.eu\\\/wordpress\\\/\",\"logo\":{\"@type\":\"ImageObject\",\"inLanguage\":\"pl-PL\",\"@id\":\"https:\\\/\\\/baranowscy.eu\\\/wordpress\\\/#\\\/schema\\\/logo\\\/image\\\/\",\"url\":\"https:\\\/\\\/baranowscy.eu\\\/wordpress\\\/wp-content\\\/uploads\\\/2018\\\/01\\\/logo_duze.png\",\"contentUrl\":\"https:\\\/\\\/baranowscy.eu\\\/wordpress\\\/wp-content\\\/uploads\\\/2018\\\/01\\\/logo_duze.png\",\"width\":1398,\"height\":300,\"caption\":\"organiczni.eu\"},\"image\":{\"@id\":\"https:\\\/\\\/baranowscy.eu\\\/wordpress\\\/#\\\/schema\\\/logo\\\/image\\\/\"},\"sameAs\":[\"https:\\\/\\\/www.facebook.com\\\/organiczni\\\/\",\"https:\\\/\\\/www.instagram.com\\\/organiczni.eu\\\/\"]},{\"@type\":\"Person\",\"@id\":\"https:\\\/\\\/baranowscy.eu\\\/wordpress\\\/#\\\/schema\\\/person\\\/741d5f1f3fd2833c5ca2ffdaaa93dc73\",\"name\":\"joanna\",\"image\":{\"@type\":\"ImageObject\",\"inLanguage\":\"pl-PL\",\"@id\":\"https:\\\/\\\/secure.gravatar.com\\\/avatar\\\/a59b1be4fa5d200ee0af0ba4bbcdb691da1d589b419bae23d7aa5a15d820e28e?s=96&d=identicon&r=g\",\"url\":\"https:\\\/\\\/secure.gravatar.com\\\/avatar\\\/a59b1be4fa5d200ee0af0ba4bbcdb691da1d589b419bae23d7aa5a15d820e28e?s=96&d=identicon&r=g\",\"contentUrl\":\"https:\\\/\\\/secure.gravatar.com\\\/avatar\\\/a59b1be4fa5d200ee0af0ba4bbcdb691da1d589b419bae23d7aa5a15d820e28e?s=96&d=identicon&r=g\",\"caption\":\"joanna\"},\"sameAs\":[\"https:\\\/\\\/organiczni.baranowscy.eu\"],\"url\":\"https:\\\/\\\/baranowscy.eu\\\/wordpress\\\/author\\\/admin\\\/\"}]}<\/script>\n<!-- \/ Yoast SEO plugin. -->","yoast_head_json":{"title":"5xO. Podr\u00f3\u017cowanie lokalne. Wyj\u0105tkowy wywiad z kierowczyni\u0105 i kierowc\u0105 autobusu - organiczni.eu","description":"Transport publiczny nie cieszy si\u0119 dobr\u0105 opini\u0105. Tak rzadko dostrzegamy jego dobre strony! Czytajcie wywiad z kierowczyni\u0105 i kierowc\u0105 warszawskich autobus\u00f3w!","robots":{"index":"index","follow":"follow","max-snippet":"max-snippet:-1","max-image-preview":"max-image-preview:large","max-video-preview":"max-video-preview:-1"},"canonical":"https:\/\/baranowscy.eu\/wordpress\/5xo-podrozowanie-lokalne-wywiad-transport-publiczny\/","og_locale":"pl_PL","og_type":"article","og_title":"5xO. Podr\u00f3\u017cowanie lokalne. Wyj\u0105tkowy wywiad z kierowczyni\u0105 i kierowc\u0105 autobusu - organiczni.eu","og_description":"Transport publiczny nie cieszy si\u0119 dobr\u0105 opini\u0105. Tak rzadko dostrzegamy jego dobre strony! Czytajcie wywiad z kierowczyni\u0105 i kierowc\u0105 warszawskich autobus\u00f3w!","og_url":"https:\/\/baranowscy.eu\/wordpress\/5xo-podrozowanie-lokalne-wywiad-transport-publiczny\/","og_site_name":"organiczni.eu","article_publisher":"https:\/\/www.facebook.com\/organiczni\/","article_published_time":"2018-07-01T20:30:19+00:00","article_modified_time":"2018-07-01T22:01:22+00:00","og_image":[{"width":1200,"height":628,"url":"https:\/\/baranowscy.eu\/wordpress\/wp-content\/uploads\/2018\/07\/transport_publiczny_0.jpg","type":"image\/jpeg"}],"author":"joanna","twitter_card":"summary_large_image","twitter_misc":{"Napisane przez":"joanna","Szacowany czas czytania":"17 minut"},"schema":{"@context":"https:\/\/schema.org","@graph":[{"@type":"Article","@id":"https:\/\/baranowscy.eu\/wordpress\/5xo-podrozowanie-lokalne-wywiad-transport-publiczny\/#article","isPartOf":{"@id":"https:\/\/baranowscy.eu\/wordpress\/5xo-podrozowanie-lokalne-wywiad-transport-publiczny\/"},"author":{"name":"joanna","@id":"https:\/\/baranowscy.eu\/wordpress\/#\/schema\/person\/741d5f1f3fd2833c5ca2ffdaaa93dc73"},"headline":"5xO. Podr\u00f3\u017cowanie lokalne. Wyj\u0105tkowy wywiad z kierowczyni\u0105 i kierowc\u0105 autobusu","datePublished":"2018-07-01T20:30:19+00:00","dateModified":"2018-07-01T22:01:22+00:00","mainEntityOfPage":{"@id":"https:\/\/baranowscy.eu\/wordpress\/5xo-podrozowanie-lokalne-wywiad-transport-publiczny\/"},"wordCount":3417,"commentCount":5,"publisher":{"@id":"https:\/\/baranowscy.eu\/wordpress\/#organization"},"image":{"@id":"https:\/\/baranowscy.eu\/wordpress\/5xo-podrozowanie-lokalne-wywiad-transport-publiczny\/#primaryimage"},"thumbnailUrl":"https:\/\/baranowscy.eu\/wordpress\/wp-content\/uploads\/2018\/07\/transport_publiczny_0.jpg","keywords":["5xO","autobus","podr\u00f3\u017ce","rozmowy","transport publiczny","transport zbiorowy","zr\u00f3wnowa\u017cony transport"],"articleSection":["5xO","wywiady","zero waste"],"inLanguage":"pl-PL","potentialAction":[{"@type":"CommentAction","name":"Comment","target":["https:\/\/baranowscy.eu\/wordpress\/5xo-podrozowanie-lokalne-wywiad-transport-publiczny\/#respond"]}]},{"@type":"WebPage","@id":"https:\/\/baranowscy.eu\/wordpress\/5xo-podrozowanie-lokalne-wywiad-transport-publiczny\/","url":"https:\/\/baranowscy.eu\/wordpress\/5xo-podrozowanie-lokalne-wywiad-transport-publiczny\/","name":"5xO. Podr\u00f3\u017cowanie lokalne. Wyj\u0105tkowy wywiad z kierowczyni\u0105 i kierowc\u0105 autobusu - organiczni.eu","isPartOf":{"@id":"https:\/\/baranowscy.eu\/wordpress\/#website"},"primaryImageOfPage":{"@id":"https:\/\/baranowscy.eu\/wordpress\/5xo-podrozowanie-lokalne-wywiad-transport-publiczny\/#primaryimage"},"image":{"@id":"https:\/\/baranowscy.eu\/wordpress\/5xo-podrozowanie-lokalne-wywiad-transport-publiczny\/#primaryimage"},"thumbnailUrl":"https:\/\/baranowscy.eu\/wordpress\/wp-content\/uploads\/2018\/07\/transport_publiczny_0.jpg","datePublished":"2018-07-01T20:30:19+00:00","dateModified":"2018-07-01T22:01:22+00:00","description":"Transport publiczny nie cieszy si\u0119 dobr\u0105 opini\u0105. Tak rzadko dostrzegamy jego dobre strony! Czytajcie wywiad z kierowczyni\u0105 i kierowc\u0105 warszawskich autobus\u00f3w!","breadcrumb":{"@id":"https:\/\/baranowscy.eu\/wordpress\/5xo-podrozowanie-lokalne-wywiad-transport-publiczny\/#breadcrumb"},"inLanguage":"pl-PL","potentialAction":[{"@type":"ReadAction","target":["https:\/\/baranowscy.eu\/wordpress\/5xo-podrozowanie-lokalne-wywiad-transport-publiczny\/"]}]},{"@type":"ImageObject","inLanguage":"pl-PL","@id":"https:\/\/baranowscy.eu\/wordpress\/5xo-podrozowanie-lokalne-wywiad-transport-publiczny\/#primaryimage","url":"https:\/\/baranowscy.eu\/wordpress\/wp-content\/uploads\/2018\/07\/transport_publiczny_0.jpg","contentUrl":"https:\/\/baranowscy.eu\/wordpress\/wp-content\/uploads\/2018\/07\/transport_publiczny_0.jpg","width":1200,"height":628},{"@type":"BreadcrumbList","@id":"https:\/\/baranowscy.eu\/wordpress\/5xo-podrozowanie-lokalne-wywiad-transport-publiczny\/#breadcrumb","itemListElement":[{"@type":"ListItem","position":1,"name":"Strona g\u0142\u00f3wna","item":"https:\/\/baranowscy.eu\/wordpress\/"},{"@type":"ListItem","position":2,"name":"5xO. Podr\u00f3\u017cowanie lokalne. Wyj\u0105tkowy wywiad z kierowczyni\u0105 i kierowc\u0105 autobusu"}]},{"@type":"WebSite","@id":"https:\/\/baranowscy.eu\/wordpress\/#website","url":"https:\/\/baranowscy.eu\/wordpress\/","name":"organiczni.eu","description":"Najbardziej wszechstronny blog ekologiczny","publisher":{"@id":"https:\/\/baranowscy.eu\/wordpress\/#organization"},"potentialAction":[{"@type":"SearchAction","target":{"@type":"EntryPoint","urlTemplate":"https:\/\/baranowscy.eu\/wordpress\/?s={search_term_string}"},"query-input":{"@type":"PropertyValueSpecification","valueRequired":true,"valueName":"search_term_string"}}],"inLanguage":"pl-PL"},{"@type":"Organization","@id":"https:\/\/baranowscy.eu\/wordpress\/#organization","name":"organiczni.eu","url":"https:\/\/baranowscy.eu\/wordpress\/","logo":{"@type":"ImageObject","inLanguage":"pl-PL","@id":"https:\/\/baranowscy.eu\/wordpress\/#\/schema\/logo\/image\/","url":"https:\/\/baranowscy.eu\/wordpress\/wp-content\/uploads\/2018\/01\/logo_duze.png","contentUrl":"https:\/\/baranowscy.eu\/wordpress\/wp-content\/uploads\/2018\/01\/logo_duze.png","width":1398,"height":300,"caption":"organiczni.eu"},"image":{"@id":"https:\/\/baranowscy.eu\/wordpress\/#\/schema\/logo\/image\/"},"sameAs":["https:\/\/www.facebook.com\/organiczni\/","https:\/\/www.instagram.com\/organiczni.eu\/"]},{"@type":"Person","@id":"https:\/\/baranowscy.eu\/wordpress\/#\/schema\/person\/741d5f1f3fd2833c5ca2ffdaaa93dc73","name":"joanna","image":{"@type":"ImageObject","inLanguage":"pl-PL","@id":"https:\/\/secure.gravatar.com\/avatar\/a59b1be4fa5d200ee0af0ba4bbcdb691da1d589b419bae23d7aa5a15d820e28e?s=96&d=identicon&r=g","url":"https:\/\/secure.gravatar.com\/avatar\/a59b1be4fa5d200ee0af0ba4bbcdb691da1d589b419bae23d7aa5a15d820e28e?s=96&d=identicon&r=g","contentUrl":"https:\/\/secure.gravatar.com\/avatar\/a59b1be4fa5d200ee0af0ba4bbcdb691da1d589b419bae23d7aa5a15d820e28e?s=96&d=identicon&r=g","caption":"joanna"},"sameAs":["https:\/\/organiczni.baranowscy.eu"],"url":"https:\/\/baranowscy.eu\/wordpress\/author\/admin\/"}]}},"jetpack_featured_media_url":"https:\/\/baranowscy.eu\/wordpress\/wp-content\/uploads\/2018\/07\/transport_publiczny_0.jpg","jetpack_sharing_enabled":true,"_links":{"self":[{"href":"https:\/\/baranowscy.eu\/wordpress\/wp-json\/wp\/v2\/posts\/8270","targetHints":{"allow":["GET"]}}],"collection":[{"href":"https:\/\/baranowscy.eu\/wordpress\/wp-json\/wp\/v2\/posts"}],"about":[{"href":"https:\/\/baranowscy.eu\/wordpress\/wp-json\/wp\/v2\/types\/post"}],"author":[{"embeddable":true,"href":"https:\/\/baranowscy.eu\/wordpress\/wp-json\/wp\/v2\/users\/1"}],"replies":[{"embeddable":true,"href":"https:\/\/baranowscy.eu\/wordpress\/wp-json\/wp\/v2\/comments?post=8270"}],"version-history":[{"count":15,"href":"https:\/\/baranowscy.eu\/wordpress\/wp-json\/wp\/v2\/posts\/8270\/revisions"}],"predecessor-version":[{"id":8301,"href":"https:\/\/baranowscy.eu\/wordpress\/wp-json\/wp\/v2\/posts\/8270\/revisions\/8301"}],"wp:featuredmedia":[{"embeddable":true,"href":"https:\/\/baranowscy.eu\/wordpress\/wp-json\/wp\/v2\/media\/8273"}],"wp:attachment":[{"href":"https:\/\/baranowscy.eu\/wordpress\/wp-json\/wp\/v2\/media?parent=8270"}],"wp:term":[{"taxonomy":"category","embeddable":true,"href":"https:\/\/baranowscy.eu\/wordpress\/wp-json\/wp\/v2\/categories?post=8270"},{"taxonomy":"post_tag","embeddable":true,"href":"https:\/\/baranowscy.eu\/wordpress\/wp-json\/wp\/v2\/tags?post=8270"}],"curies":[{"name":"wp","href":"https:\/\/api.w.org\/{rel}","templated":true}]}}