{"id":8263,"date":"2018-06-28T14:00:06","date_gmt":"2018-06-28T12:00:06","guid":{"rendered":"http:\/\/baranowscy.eu\/wordpress\/?p=8263"},"modified":"2018-06-28T14:01:58","modified_gmt":"2018-06-28T12:01:58","slug":"ii-anarchistyczny-festiwal-filmowy","status":"publish","type":"post","link":"https:\/\/baranowscy.eu\/wordpress\/ii-anarchistyczny-festiwal-filmowy\/","title":{"rendered":"II Anarchistyczny Festiwal Filmowy"},"content":{"rendered":"<p><strong>W pi\u0105tek 29 czerwca w Warszawie startuje\u00a0II Anarchistyczny Festiwal Filmowy, czyli przegl\u0105d film\u00f3w g\u0142o\u015bno m\u00f3wi\u0105cych o problemach, potrzebie oporu, konieczno\u015bci stawienia czo\u0142a konsumpcji, nieudolnej w\u0142adzy czy braku demokracji i potrzebie brania udzia\u0142u w budowaniu rzeczywisto\u015bci. 6 lipca festiwal przeniesie si\u0119 do \u0141odzi.<\/strong><\/p>\n<p>Z wielk\u0105 ciekawo\u015bci\u0105 obejrz\u0119 film otwarcia\u00a0<strong>\u201eAnarchista z\u00a0przypadku\u201d<\/strong> (zwiastun na dole),\u00a0 a gdybym mog\u0142a, posz\u0142abym na wszystkie warszawskie seanse. W odr\u00f3\u017cnieniu od festiwali filmowych pe\u0142nych celebryt\u00f3w i fotoreporter\u00f3w tu b\u0119dzie liczy\u0142 si\u0119 film i mocny przekaz. Antyfaszystowski, pror\u00f3wno\u015bciowy, antykapitalistyczny i antykonsumpcyjny. Nie bez znaczenia jest te\u017c lokalizacja wi\u0119kszo\u015bci pokaz\u00f3w:\u00a0Aktywny Dom Alternatywny (ul. Pu\u0142awska 37 w Warszawie) to nie kino w Z\u0142otych Tarasach, ale porz\u0105dne lewackie miejsce.<\/p>\n<p><strong>Bardzo zach\u0119cam. Przejrzyjcie &gt;&gt; <a href=\"https:\/\/a-filmfest.org\/repertuar\/\" target=\"_blank\" rel=\"noopener\">program<\/a> i zafundujcie sobie co\u015b mocniejszego ni\u017c papka z telewizji.<\/strong><\/p>\n<p><iframe loading=\"lazy\" src=\"https:\/\/www.youtube.com\/embed\/ZTOhOUhGrBw\" width=\"560\" height=\"315\" frameborder=\"0\" allowfullscreen=\"allowfullscreen\"><\/iframe><\/p>\n<h2>II Anarchistyczny Festiwal Filmowy<\/h2>\n<p><strong>Ju\u017c 29 czerwca w Warszawie rozpocznie si\u0119 II edycja Anarchistycznego Festiwalu\u00a0Filmowego. Anarchistyczny Festiwal Filmowy to pierwsze wydarzenie filmowe w Polsce,\u00a0kt\u00f3re pokazuje aktualne problemy i zagadnienia spo\u0142eczne z radykalnie lewicowej\u00a0perspektywy. Za g\u0142\u00f3wne cele stawia sobie przybli\u017cenie tematyki anarchistycznego oporu\u00a0wobec kapitalistycznej rzeczywisto\u015bci oraz przedstawienie publiczno\u015bci opowie\u015bci o\u00a0tworzeniu dla niej praktycznych alternatyw.<\/strong><\/p>\n<p>Podczas tegorocznej edycji zostan\u0105 zaprezentowane filmy dokumentalne opowiadaj\u0105ce o:<\/p>\n<ul>\n<li>kobietach od Polski po RPA organizuj\u0105cych si\u0119 przeciwko kapitalizmowi i patriarchatowi;<\/li>\n<li>spo\u0142eczno\u015bciach od Syrii po Hiszpani\u0119, kt\u00f3re wdra\u017caj\u0105 w \u017cycie anarchistyczne idea\u0142y;<\/li>\n<li>o\u00a0pracownikach i pracownicach walcz\u0105cych z wyzyskiem.<\/li>\n<\/ul>\n<p><strong>Przybli\u017cony zostanie temat d\u0105\u017ce\u0144\u00a0niepodleg\u0142o\u015bciowych Katalonii, problem greckich neonazist\u00f3w czy walka z wycink\u0105 Puszczy\u00a0Bia\u0142owieskiej.<\/strong> Opr\u00f3cz film\u00f3w dokumentalnych zostan\u0105 zaprezentowane r\u00f3wnie\u017c klasyczne\u00a0filmy fabularne nios\u0105ce w sobie rewolucyjn\u0105 tre\u015b\u0107 i krytyk\u0119 spo\u0142eczn\u0105. W trakcie festiwalu\u00a0odb\u0119d\u0105 si\u0119 r\u00f3wnie\u017c spotkania i dyskusje z bohaterkami, re\u017cyserkami oraz dzia\u0142aczakami\u00a0ruch\u00f3w spo\u0142ecznych.<\/p>\n<p><iframe loading=\"lazy\" src=\"https:\/\/www.youtube.com\/embed\/yblC5I2OXn4\" width=\"560\" height=\"315\" frameborder=\"0\" allowfullscreen=\"allowfullscreen\"><\/iframe><\/p>\n<p><strong>Festiwal zostanie otwarty w Kinie Muran\u00f3w g\u0142o\u015bnym filmem brytyjskim \u201eAnarchista z\u00a0przypadku\u201d (\u201eAccidental Anarchist\u201d, 2017).<\/strong> To przejmuj\u0105ca opowie\u015b\u0107 o przemianie cz\u0142owieka\u00a0w\u0142adzy w anarchist\u0119. G\u0142\u00f3wny bohater filmu, by\u0142y dyplomata Carne Ross wraz z widzem\u00a0odkrywa anarchizm: spotyka si\u0119 z cz\u0142onkami ruchu Occupy Wall Street, hiszpa\u0144skim\u00a0kolektywem i Noamem Chomsky\u2019m, a tak\u017ce jedzie do Syrii, by na w\u0142asne oczy zobaczy\u0107<br \/>\nniezwyk\u0142y projekt odradzaj\u0105cego si\u0119 anarchistycznego spo\u0142ecze\u0144stwa.<\/p>\n<p><strong>Festiwal potrwa do 1 lipca, a pokazy film\u00f3w odb\u0119d\u0105 si\u0119 w centrum niezale\u017cnej kultury ADA\u00a0Pu\u0142awska, Kinie Muran\u00f3w oraz Kinie Iluzjon.<\/strong><\/p>\n<figure id=\"attachment_8267\" aria-describedby=\"caption-attachment-8267\" style=\"width: 800px\" class=\"wp-caption aligncenter\"><img loading=\"lazy\" decoding=\"async\" class=\"size-full wp-image-8267\" src=\"https:\/\/baranowscy.eu\/wordpress\/wp-content\/uploads\/2018\/06\/drugi_anarchistyczny_festiwal_filmowy.png\" alt=\"II Anarchistyczny Festiwal Filmowy, plakat\" width=\"800\" height=\"1143\" srcset=\"https:\/\/baranowscy.eu\/wordpress\/wp-content\/uploads\/2018\/06\/drugi_anarchistyczny_festiwal_filmowy.png 800w, https:\/\/baranowscy.eu\/wordpress\/wp-content\/uploads\/2018\/06\/drugi_anarchistyczny_festiwal_filmowy-300x429.png 300w, https:\/\/baranowscy.eu\/wordpress\/wp-content\/uploads\/2018\/06\/drugi_anarchistyczny_festiwal_filmowy-600x857.png 600w, https:\/\/baranowscy.eu\/wordpress\/wp-content\/uploads\/2018\/06\/drugi_anarchistyczny_festiwal_filmowy-210x300.png 210w, https:\/\/baranowscy.eu\/wordpress\/wp-content\/uploads\/2018\/06\/drugi_anarchistyczny_festiwal_filmowy-768x1097.png 768w, https:\/\/baranowscy.eu\/wordpress\/wp-content\/uploads\/2018\/06\/drugi_anarchistyczny_festiwal_filmowy-717x1024.png 717w, https:\/\/baranowscy.eu\/wordpress\/wp-content\/uploads\/2018\/06\/drugi_anarchistyczny_festiwal_filmowy-560x800.png 560w\" sizes=\"auto, (max-width: 800px) 100vw, 800px\" \/><figcaption id=\"caption-attachment-8267\" class=\"wp-caption-text\">II Anarchistyczny Festiwal Filmowy, plakat<\/figcaption><\/figure>\n<p><strong>Program festiwalu i szczeg\u00f3\u0142owe informacje na<a href=\"http:\/\/www.a-filmfest.org\/\" target=\"_blank\" rel=\"noopener\">\u00a0www.a-filmfest.org<\/a><\/strong><\/p>\n<p><strong>Informacje na Facebooku: &gt;&gt;\u00a0<a href=\"https:\/\/www.facebook.com\/events\/1446122942200982\/\" target=\"_blank\" rel=\"noopener\">https:\/\/www.facebook.com\/events\/1446122942200982\/<\/a><\/strong><\/p>\n","protected":false},"excerpt":{"rendered":"<p>W pi\u0105tek 29 czerwca w Warszawie startuje\u00a0II Anarchistyczny Festiwal Filmowy, czyli przegl\u0105d film\u00f3w g\u0142o\u015bno m\u00f3wi\u0105cych o problemach, potrzebie oporu, konieczno\u015bci stawienia czo\u0142a konsumpcji, nieudolnej w\u0142adzy&hellip;<\/p>\n","protected":false},"author":1,"featured_media":8265,"comment_status":"open","ping_status":"open","sticky":false,"template":"","format":"standard","meta":{"_jetpack_memberships_contains_paid_content":false,"footnotes":""},"categories":[166],"tags":[1427,1307,1351],"class_list":["post-8263","post","type-post","status-publish","format-standard","has-post-thumbnail","hentry","category-wydarzenia","tag-anarchistyczny-festiwal-filmowy","tag-film","tag-wydarzenia"],"yoast_head":"<!-- This site is optimized with the Yoast SEO plugin v27.5 - https:\/\/yoast.com\/product\/yoast-seo-wordpress\/ -->\n<title>II Anarchistyczny Festiwal Filmowy - organiczni.eu<\/title>\n<meta name=\"robots\" content=\"index, follow, max-snippet:-1, max-image-preview:large, max-video-preview:-1\" \/>\n<link rel=\"canonical\" href=\"https:\/\/baranowscy.eu\/wordpress\/ii-anarchistyczny-festiwal-filmowy\/\" \/>\n<meta property=\"og:locale\" content=\"pl_PL\" \/>\n<meta property=\"og:type\" content=\"article\" \/>\n<meta property=\"og:title\" content=\"II Anarchistyczny Festiwal Filmowy - organiczni.eu\" \/>\n<meta property=\"og:description\" content=\"W pi\u0105tek 29 czerwca w Warszawie startuje\u00a0II Anarchistyczny Festiwal Filmowy, czyli przegl\u0105d film\u00f3w g\u0142o\u015bno m\u00f3wi\u0105cych o problemach, potrzebie oporu, konieczno\u015bci stawienia czo\u0142a konsumpcji, nieudolnej w\u0142adzy&hellip;\" \/>\n<meta property=\"og:url\" content=\"https:\/\/baranowscy.eu\/wordpress\/ii-anarchistyczny-festiwal-filmowy\/\" \/>\n<meta property=\"og:site_name\" content=\"organiczni.eu\" \/>\n<meta property=\"article:publisher\" content=\"https:\/\/www.facebook.com\/organiczni\/\" \/>\n<meta property=\"article:published_time\" content=\"2018-06-28T12:00:06+00:00\" \/>\n<meta property=\"article:modified_time\" content=\"2018-06-28T12:01:58+00:00\" \/>\n<meta property=\"og:image\" content=\"https:\/\/baranowscy.eu\/wordpress\/wp-content\/uploads\/2018\/06\/drugi_anarchistyczny_festiwal_flmowy.png\" \/>\n\t<meta property=\"og:image:width\" content=\"851\" \/>\n\t<meta property=\"og:image:height\" content=\"315\" \/>\n\t<meta property=\"og:image:type\" content=\"image\/png\" \/>\n<meta name=\"author\" content=\"joanna\" \/>\n<meta name=\"twitter:card\" content=\"summary_large_image\" \/>\n<meta name=\"twitter:label1\" content=\"Napisane przez\" \/>\n\t<meta name=\"twitter:data1\" content=\"joanna\" \/>\n\t<meta name=\"twitter:label2\" content=\"Szacowany czas czytania\" \/>\n\t<meta name=\"twitter:data2\" content=\"2 minuty\" \/>\n<script type=\"application\/ld+json\" class=\"yoast-schema-graph\">{\"@context\":\"https:\\\/\\\/schema.org\",\"@graph\":[{\"@type\":\"Article\",\"@id\":\"https:\\\/\\\/baranowscy.eu\\\/wordpress\\\/ii-anarchistyczny-festiwal-filmowy\\\/#article\",\"isPartOf\":{\"@id\":\"https:\\\/\\\/baranowscy.eu\\\/wordpress\\\/ii-anarchistyczny-festiwal-filmowy\\\/\"},\"author\":{\"name\":\"joanna\",\"@id\":\"https:\\\/\\\/baranowscy.eu\\\/wordpress\\\/#\\\/schema\\\/person\\\/741d5f1f3fd2833c5ca2ffdaaa93dc73\"},\"headline\":\"II Anarchistyczny Festiwal Filmowy\",\"datePublished\":\"2018-06-28T12:00:06+00:00\",\"dateModified\":\"2018-06-28T12:01:58+00:00\",\"mainEntityOfPage\":{\"@id\":\"https:\\\/\\\/baranowscy.eu\\\/wordpress\\\/ii-anarchistyczny-festiwal-filmowy\\\/\"},\"wordCount\":469,\"commentCount\":1,\"publisher\":{\"@id\":\"https:\\\/\\\/baranowscy.eu\\\/wordpress\\\/#organization\"},\"image\":{\"@id\":\"https:\\\/\\\/baranowscy.eu\\\/wordpress\\\/ii-anarchistyczny-festiwal-filmowy\\\/#primaryimage\"},\"thumbnailUrl\":\"https:\\\/\\\/baranowscy.eu\\\/wordpress\\\/wp-content\\\/uploads\\\/2018\\\/06\\\/drugi_anarchistyczny_festiwal_flmowy.png\",\"keywords\":[\"Anarchistyczny Festiwal Filmowy\",\"film\",\"wydarzenia\"],\"articleSection\":[\"wydarzenia\"],\"inLanguage\":\"pl-PL\",\"potentialAction\":[{\"@type\":\"CommentAction\",\"name\":\"Comment\",\"target\":[\"https:\\\/\\\/baranowscy.eu\\\/wordpress\\\/ii-anarchistyczny-festiwal-filmowy\\\/#respond\"]}]},{\"@type\":\"WebPage\",\"@id\":\"https:\\\/\\\/baranowscy.eu\\\/wordpress\\\/ii-anarchistyczny-festiwal-filmowy\\\/\",\"url\":\"https:\\\/\\\/baranowscy.eu\\\/wordpress\\\/ii-anarchistyczny-festiwal-filmowy\\\/\",\"name\":\"II Anarchistyczny Festiwal Filmowy - organiczni.eu\",\"isPartOf\":{\"@id\":\"https:\\\/\\\/baranowscy.eu\\\/wordpress\\\/#website\"},\"primaryImageOfPage\":{\"@id\":\"https:\\\/\\\/baranowscy.eu\\\/wordpress\\\/ii-anarchistyczny-festiwal-filmowy\\\/#primaryimage\"},\"image\":{\"@id\":\"https:\\\/\\\/baranowscy.eu\\\/wordpress\\\/ii-anarchistyczny-festiwal-filmowy\\\/#primaryimage\"},\"thumbnailUrl\":\"https:\\\/\\\/baranowscy.eu\\\/wordpress\\\/wp-content\\\/uploads\\\/2018\\\/06\\\/drugi_anarchistyczny_festiwal_flmowy.png\",\"datePublished\":\"2018-06-28T12:00:06+00:00\",\"dateModified\":\"2018-06-28T12:01:58+00:00\",\"breadcrumb\":{\"@id\":\"https:\\\/\\\/baranowscy.eu\\\/wordpress\\\/ii-anarchistyczny-festiwal-filmowy\\\/#breadcrumb\"},\"inLanguage\":\"pl-PL\",\"potentialAction\":[{\"@type\":\"ReadAction\",\"target\":[\"https:\\\/\\\/baranowscy.eu\\\/wordpress\\\/ii-anarchistyczny-festiwal-filmowy\\\/\"]}]},{\"@type\":\"ImageObject\",\"inLanguage\":\"pl-PL\",\"@id\":\"https:\\\/\\\/baranowscy.eu\\\/wordpress\\\/ii-anarchistyczny-festiwal-filmowy\\\/#primaryimage\",\"url\":\"https:\\\/\\\/baranowscy.eu\\\/wordpress\\\/wp-content\\\/uploads\\\/2018\\\/06\\\/drugi_anarchistyczny_festiwal_flmowy.png\",\"contentUrl\":\"https:\\\/\\\/baranowscy.eu\\\/wordpress\\\/wp-content\\\/uploads\\\/2018\\\/06\\\/drugi_anarchistyczny_festiwal_flmowy.png\",\"width\":851,\"height\":315},{\"@type\":\"BreadcrumbList\",\"@id\":\"https:\\\/\\\/baranowscy.eu\\\/wordpress\\\/ii-anarchistyczny-festiwal-filmowy\\\/#breadcrumb\",\"itemListElement\":[{\"@type\":\"ListItem\",\"position\":1,\"name\":\"Strona g\u0142\u00f3wna\",\"item\":\"https:\\\/\\\/baranowscy.eu\\\/wordpress\\\/\"},{\"@type\":\"ListItem\",\"position\":2,\"name\":\"II Anarchistyczny Festiwal Filmowy\"}]},{\"@type\":\"WebSite\",\"@id\":\"https:\\\/\\\/baranowscy.eu\\\/wordpress\\\/#website\",\"url\":\"https:\\\/\\\/baranowscy.eu\\\/wordpress\\\/\",\"name\":\"organiczni.eu\",\"description\":\"Najbardziej wszechstronny blog ekologiczny\",\"publisher\":{\"@id\":\"https:\\\/\\\/baranowscy.eu\\\/wordpress\\\/#organization\"},\"potentialAction\":[{\"@type\":\"SearchAction\",\"target\":{\"@type\":\"EntryPoint\",\"urlTemplate\":\"https:\\\/\\\/baranowscy.eu\\\/wordpress\\\/?s={search_term_string}\"},\"query-input\":{\"@type\":\"PropertyValueSpecification\",\"valueRequired\":true,\"valueName\":\"search_term_string\"}}],\"inLanguage\":\"pl-PL\"},{\"@type\":\"Organization\",\"@id\":\"https:\\\/\\\/baranowscy.eu\\\/wordpress\\\/#organization\",\"name\":\"organiczni.eu\",\"url\":\"https:\\\/\\\/baranowscy.eu\\\/wordpress\\\/\",\"logo\":{\"@type\":\"ImageObject\",\"inLanguage\":\"pl-PL\",\"@id\":\"https:\\\/\\\/baranowscy.eu\\\/wordpress\\\/#\\\/schema\\\/logo\\\/image\\\/\",\"url\":\"https:\\\/\\\/baranowscy.eu\\\/wordpress\\\/wp-content\\\/uploads\\\/2018\\\/01\\\/logo_duze.png\",\"contentUrl\":\"https:\\\/\\\/baranowscy.eu\\\/wordpress\\\/wp-content\\\/uploads\\\/2018\\\/01\\\/logo_duze.png\",\"width\":1398,\"height\":300,\"caption\":\"organiczni.eu\"},\"image\":{\"@id\":\"https:\\\/\\\/baranowscy.eu\\\/wordpress\\\/#\\\/schema\\\/logo\\\/image\\\/\"},\"sameAs\":[\"https:\\\/\\\/www.facebook.com\\\/organiczni\\\/\",\"https:\\\/\\\/www.instagram.com\\\/organiczni.eu\\\/\"]},{\"@type\":\"Person\",\"@id\":\"https:\\\/\\\/baranowscy.eu\\\/wordpress\\\/#\\\/schema\\\/person\\\/741d5f1f3fd2833c5ca2ffdaaa93dc73\",\"name\":\"joanna\",\"image\":{\"@type\":\"ImageObject\",\"inLanguage\":\"pl-PL\",\"@id\":\"https:\\\/\\\/secure.gravatar.com\\\/avatar\\\/a59b1be4fa5d200ee0af0ba4bbcdb691da1d589b419bae23d7aa5a15d820e28e?s=96&d=identicon&r=g\",\"url\":\"https:\\\/\\\/secure.gravatar.com\\\/avatar\\\/a59b1be4fa5d200ee0af0ba4bbcdb691da1d589b419bae23d7aa5a15d820e28e?s=96&d=identicon&r=g\",\"contentUrl\":\"https:\\\/\\\/secure.gravatar.com\\\/avatar\\\/a59b1be4fa5d200ee0af0ba4bbcdb691da1d589b419bae23d7aa5a15d820e28e?s=96&d=identicon&r=g\",\"caption\":\"joanna\"},\"sameAs\":[\"https:\\\/\\\/organiczni.baranowscy.eu\"],\"url\":\"https:\\\/\\\/baranowscy.eu\\\/wordpress\\\/author\\\/admin\\\/\"}]}<\/script>\n<!-- \/ Yoast SEO plugin. -->","yoast_head_json":{"title":"II Anarchistyczny Festiwal Filmowy - organiczni.eu","robots":{"index":"index","follow":"follow","max-snippet":"max-snippet:-1","max-image-preview":"max-image-preview:large","max-video-preview":"max-video-preview:-1"},"canonical":"https:\/\/baranowscy.eu\/wordpress\/ii-anarchistyczny-festiwal-filmowy\/","og_locale":"pl_PL","og_type":"article","og_title":"II Anarchistyczny Festiwal Filmowy - organiczni.eu","og_description":"W pi\u0105tek 29 czerwca w Warszawie startuje\u00a0II Anarchistyczny Festiwal Filmowy, czyli przegl\u0105d film\u00f3w g\u0142o\u015bno m\u00f3wi\u0105cych o problemach, potrzebie oporu, konieczno\u015bci stawienia czo\u0142a konsumpcji, nieudolnej w\u0142adzy&hellip;","og_url":"https:\/\/baranowscy.eu\/wordpress\/ii-anarchistyczny-festiwal-filmowy\/","og_site_name":"organiczni.eu","article_publisher":"https:\/\/www.facebook.com\/organiczni\/","article_published_time":"2018-06-28T12:00:06+00:00","article_modified_time":"2018-06-28T12:01:58+00:00","og_image":[{"width":851,"height":315,"url":"https:\/\/baranowscy.eu\/wordpress\/wp-content\/uploads\/2018\/06\/drugi_anarchistyczny_festiwal_flmowy.png","type":"image\/png"}],"author":"joanna","twitter_card":"summary_large_image","twitter_misc":{"Napisane przez":"joanna","Szacowany czas czytania":"2 minuty"},"schema":{"@context":"https:\/\/schema.org","@graph":[{"@type":"Article","@id":"https:\/\/baranowscy.eu\/wordpress\/ii-anarchistyczny-festiwal-filmowy\/#article","isPartOf":{"@id":"https:\/\/baranowscy.eu\/wordpress\/ii-anarchistyczny-festiwal-filmowy\/"},"author":{"name":"joanna","@id":"https:\/\/baranowscy.eu\/wordpress\/#\/schema\/person\/741d5f1f3fd2833c5ca2ffdaaa93dc73"},"headline":"II Anarchistyczny Festiwal Filmowy","datePublished":"2018-06-28T12:00:06+00:00","dateModified":"2018-06-28T12:01:58+00:00","mainEntityOfPage":{"@id":"https:\/\/baranowscy.eu\/wordpress\/ii-anarchistyczny-festiwal-filmowy\/"},"wordCount":469,"commentCount":1,"publisher":{"@id":"https:\/\/baranowscy.eu\/wordpress\/#organization"},"image":{"@id":"https:\/\/baranowscy.eu\/wordpress\/ii-anarchistyczny-festiwal-filmowy\/#primaryimage"},"thumbnailUrl":"https:\/\/baranowscy.eu\/wordpress\/wp-content\/uploads\/2018\/06\/drugi_anarchistyczny_festiwal_flmowy.png","keywords":["Anarchistyczny Festiwal Filmowy","film","wydarzenia"],"articleSection":["wydarzenia"],"inLanguage":"pl-PL","potentialAction":[{"@type":"CommentAction","name":"Comment","target":["https:\/\/baranowscy.eu\/wordpress\/ii-anarchistyczny-festiwal-filmowy\/#respond"]}]},{"@type":"WebPage","@id":"https:\/\/baranowscy.eu\/wordpress\/ii-anarchistyczny-festiwal-filmowy\/","url":"https:\/\/baranowscy.eu\/wordpress\/ii-anarchistyczny-festiwal-filmowy\/","name":"II Anarchistyczny Festiwal Filmowy - organiczni.eu","isPartOf":{"@id":"https:\/\/baranowscy.eu\/wordpress\/#website"},"primaryImageOfPage":{"@id":"https:\/\/baranowscy.eu\/wordpress\/ii-anarchistyczny-festiwal-filmowy\/#primaryimage"},"image":{"@id":"https:\/\/baranowscy.eu\/wordpress\/ii-anarchistyczny-festiwal-filmowy\/#primaryimage"},"thumbnailUrl":"https:\/\/baranowscy.eu\/wordpress\/wp-content\/uploads\/2018\/06\/drugi_anarchistyczny_festiwal_flmowy.png","datePublished":"2018-06-28T12:00:06+00:00","dateModified":"2018-06-28T12:01:58+00:00","breadcrumb":{"@id":"https:\/\/baranowscy.eu\/wordpress\/ii-anarchistyczny-festiwal-filmowy\/#breadcrumb"},"inLanguage":"pl-PL","potentialAction":[{"@type":"ReadAction","target":["https:\/\/baranowscy.eu\/wordpress\/ii-anarchistyczny-festiwal-filmowy\/"]}]},{"@type":"ImageObject","inLanguage":"pl-PL","@id":"https:\/\/baranowscy.eu\/wordpress\/ii-anarchistyczny-festiwal-filmowy\/#primaryimage","url":"https:\/\/baranowscy.eu\/wordpress\/wp-content\/uploads\/2018\/06\/drugi_anarchistyczny_festiwal_flmowy.png","contentUrl":"https:\/\/baranowscy.eu\/wordpress\/wp-content\/uploads\/2018\/06\/drugi_anarchistyczny_festiwal_flmowy.png","width":851,"height":315},{"@type":"BreadcrumbList","@id":"https:\/\/baranowscy.eu\/wordpress\/ii-anarchistyczny-festiwal-filmowy\/#breadcrumb","itemListElement":[{"@type":"ListItem","position":1,"name":"Strona g\u0142\u00f3wna","item":"https:\/\/baranowscy.eu\/wordpress\/"},{"@type":"ListItem","position":2,"name":"II Anarchistyczny Festiwal Filmowy"}]},{"@type":"WebSite","@id":"https:\/\/baranowscy.eu\/wordpress\/#website","url":"https:\/\/baranowscy.eu\/wordpress\/","name":"organiczni.eu","description":"Najbardziej wszechstronny blog ekologiczny","publisher":{"@id":"https:\/\/baranowscy.eu\/wordpress\/#organization"},"potentialAction":[{"@type":"SearchAction","target":{"@type":"EntryPoint","urlTemplate":"https:\/\/baranowscy.eu\/wordpress\/?s={search_term_string}"},"query-input":{"@type":"PropertyValueSpecification","valueRequired":true,"valueName":"search_term_string"}}],"inLanguage":"pl-PL"},{"@type":"Organization","@id":"https:\/\/baranowscy.eu\/wordpress\/#organization","name":"organiczni.eu","url":"https:\/\/baranowscy.eu\/wordpress\/","logo":{"@type":"ImageObject","inLanguage":"pl-PL","@id":"https:\/\/baranowscy.eu\/wordpress\/#\/schema\/logo\/image\/","url":"https:\/\/baranowscy.eu\/wordpress\/wp-content\/uploads\/2018\/01\/logo_duze.png","contentUrl":"https:\/\/baranowscy.eu\/wordpress\/wp-content\/uploads\/2018\/01\/logo_duze.png","width":1398,"height":300,"caption":"organiczni.eu"},"image":{"@id":"https:\/\/baranowscy.eu\/wordpress\/#\/schema\/logo\/image\/"},"sameAs":["https:\/\/www.facebook.com\/organiczni\/","https:\/\/www.instagram.com\/organiczni.eu\/"]},{"@type":"Person","@id":"https:\/\/baranowscy.eu\/wordpress\/#\/schema\/person\/741d5f1f3fd2833c5ca2ffdaaa93dc73","name":"joanna","image":{"@type":"ImageObject","inLanguage":"pl-PL","@id":"https:\/\/secure.gravatar.com\/avatar\/a59b1be4fa5d200ee0af0ba4bbcdb691da1d589b419bae23d7aa5a15d820e28e?s=96&d=identicon&r=g","url":"https:\/\/secure.gravatar.com\/avatar\/a59b1be4fa5d200ee0af0ba4bbcdb691da1d589b419bae23d7aa5a15d820e28e?s=96&d=identicon&r=g","contentUrl":"https:\/\/secure.gravatar.com\/avatar\/a59b1be4fa5d200ee0af0ba4bbcdb691da1d589b419bae23d7aa5a15d820e28e?s=96&d=identicon&r=g","caption":"joanna"},"sameAs":["https:\/\/organiczni.baranowscy.eu"],"url":"https:\/\/baranowscy.eu\/wordpress\/author\/admin\/"}]}},"jetpack_featured_media_url":"https:\/\/baranowscy.eu\/wordpress\/wp-content\/uploads\/2018\/06\/drugi_anarchistyczny_festiwal_flmowy.png","jetpack_sharing_enabled":true,"_links":{"self":[{"href":"https:\/\/baranowscy.eu\/wordpress\/wp-json\/wp\/v2\/posts\/8263","targetHints":{"allow":["GET"]}}],"collection":[{"href":"https:\/\/baranowscy.eu\/wordpress\/wp-json\/wp\/v2\/posts"}],"about":[{"href":"https:\/\/baranowscy.eu\/wordpress\/wp-json\/wp\/v2\/types\/post"}],"author":[{"embeddable":true,"href":"https:\/\/baranowscy.eu\/wordpress\/wp-json\/wp\/v2\/users\/1"}],"replies":[{"embeddable":true,"href":"https:\/\/baranowscy.eu\/wordpress\/wp-json\/wp\/v2\/comments?post=8263"}],"version-history":[{"count":4,"href":"https:\/\/baranowscy.eu\/wordpress\/wp-json\/wp\/v2\/posts\/8263\/revisions"}],"predecessor-version":[{"id":8269,"href":"https:\/\/baranowscy.eu\/wordpress\/wp-json\/wp\/v2\/posts\/8263\/revisions\/8269"}],"wp:featuredmedia":[{"embeddable":true,"href":"https:\/\/baranowscy.eu\/wordpress\/wp-json\/wp\/v2\/media\/8265"}],"wp:attachment":[{"href":"https:\/\/baranowscy.eu\/wordpress\/wp-json\/wp\/v2\/media?parent=8263"}],"wp:term":[{"taxonomy":"category","embeddable":true,"href":"https:\/\/baranowscy.eu\/wordpress\/wp-json\/wp\/v2\/categories?post=8263"},{"taxonomy":"post_tag","embeddable":true,"href":"https:\/\/baranowscy.eu\/wordpress\/wp-json\/wp\/v2\/tags?post=8263"}],"curies":[{"name":"wp","href":"https:\/\/api.w.org\/{rel}","templated":true}]}}