{"id":8065,"date":"2018-05-30T09:50:05","date_gmt":"2018-05-30T07:50:05","guid":{"rendered":"http:\/\/baranowscy.eu\/wordpress\/?p=8065"},"modified":"2018-05-30T11:46:30","modified_gmt":"2018-05-30T09:46:30","slug":"20-ksiazek-dla-dzieci-ktore-porusza-ich-wrazliwosc-przyrodnicza","status":"publish","type":"post","link":"https:\/\/baranowscy.eu\/wordpress\/20-ksiazek-dla-dzieci-ktore-porusza-ich-wrazliwosc-przyrodnicza\/","title":{"rendered":"20 ksi\u0105\u017cek dla dzieci, kt\u00f3re porusz\u0105 ich wra\u017cliwo\u015b\u0107 przyrodnicz\u0105"},"content":{"rendered":"<p><strong>Za chwil\u0119 Dzie\u0144 Dziecka i wspania\u0142a okazja, aby obdarowa\u0107 najm\u0142odszych dobrym ksi\u0105\u017ckami. A \u017ce nasza dzieci\u0119ca biblioteka ekologiczna ma ju\u017c kilkadziesi\u0105t ciekawych pozycji, wzbogaconych niedawno podczas Warszawskich Targ\u00f3w Ksi\u0105\u017cki, chcia\u0142am si\u0119 z Wami podzieli\u0107 kilkoma tytu\u0142ami wartymi uwagi.<\/strong><\/p>\n<p>Jakie powinny by\u0107 ksi\u0105\u017cki dla najm\u0142odszych? Z pewno\u015bci\u0105 powinny pozostawia\u0107 odbiorcom pole do samodzielnego my\u015blenia i wyci\u0105gania wniosk\u00f3w.\u00a0Przedstawiam Wam list\u0119 20 ksi\u0105\u017cek z naszej biblioteki, kt\u00f3re w du\u017cym stopniu spe\u0142ni\u0142y nasze oczekiwania. Ksi\u0105\u017cki s\u0105 zwi\u0105zane z przyrod\u0105, ekologi\u0105, odkrywaniem \u015bwiata zwierz\u0105 i ro\u015blin. Tak\u017ce w spos\u00f3b nieoczekiwany (\u201eZ Tango jest nas troje\u201d).\u00a0Lista jest ca\u0142kowicie subiektywna, a niekt\u00f3re ksi\u0105\u017cki nie s\u0105 pozbawione wad. Wszystkie z pewno\u015bci\u0105 zas\u0142uguj\u0105 na uwag\u0119.<\/p>\n<p>Uwaga, tekst zawiera linki afiliacyjne (<strong>&gt;&gt; <a href=\"https:\/\/baranowscy.eu\/wordpress\/cookie-policy\/\" target=\"_blank\" rel=\"noopener\">tu dowiesz si\u0119 o polityce prywatno\u015bci<\/a><\/strong>).<\/p>\n<p>Kolejno\u015b\u0107 przypadkowa.<\/p>\n<h2>1. Adam Wajrak, \u201eLolek\u201d<\/h2>\n<figure id=\"attachment_8084\" aria-describedby=\"caption-attachment-8084\" style=\"width: 600px\" class=\"wp-caption aligncenter\"><img loading=\"lazy\" decoding=\"async\" class=\"size-full wp-image-8084\" src=\"https:\/\/baranowscy.eu\/wordpress\/wp-content\/uploads\/2018\/05\/adam_wajrak_lolek.jpg\" alt=\"Adam Wajrak, \u201eLolek\u201d\" width=\"600\" height=\"667\" \/><figcaption id=\"caption-attachment-8084\" class=\"wp-caption-text\">Adam Wajrak, \u201eLolek\u201d<\/figcaption><\/figure>\n<p><img loading=\"lazy\" decoding=\"async\" class=\"alignright size-full wp-image-8083\" src=\"https:\/\/baranowscy.eu\/wordpress\/wp-content\/uploads\/2018\/05\/adam_wajrak_lolek_m.jpg\" alt=\"\" width=\"100\" height=\"151\" \/>Przejmuj\u0105ca opowie\u015b\u0107 o psim losie, kt\u00f3ry za spraw\u0105 z\u0142ych ludzi bywa okrutny wobec czworonog\u00f3w, a za spraw\u0105 tych dobrych \u2013 mo\u017ce toczy\u0107 si\u0119 jak bajka. Lolek jest prawdziwym psem, a opisana historia oparta jest na jego do\u015bwiadczeniach. Ksi\u0105\u017cka pokazuje psi\u0105 i ludzk\u0105 perspektyw\u0119 wydarze\u0144, dzi\u0119ki czemu nawet doros\u0142y czytelnik zyskuje cenn\u0105 wiedz\u0119 na temat psiej natury. Ludzkiej r\u00f3wnie\u017c!<\/p>\n<p><strong>Za co ceni\u0119:<\/strong> Za szczero\u015b\u0107 i nieowijanie w bawe\u0142n\u0119.<br \/>\n<strong>Dla kogo:<\/strong> Dla doros\u0142ych, dzieci 8+, m\u0142odszym mog\u0105 czyta\u0107 rodzice, ale uwaga na drastyczne momenty!<br \/>\n<strong>Wydawnictwo:<\/strong> Agora, Warszawa 2017<br \/>\n<strong>Cena ok\u0142adkowa:<\/strong> 29,99 z\u0142<br \/>\n<strong>Gdzie kupi\u0107: &gt;&gt; <a href=\"https:\/\/www.ceneo.pl\/50728370#crid=193659&amp;pid=17407\" target=\"_blank\" rel=\"noopener\">link do sklep\u00f3w<\/a><\/strong><\/p>\n<h2>2. Renata Kijowska,\u00a0\u201eKuba nied\u017awied\u017a. Historie z gawry\u201d<\/h2>\n<figure id=\"attachment_8106\" aria-describedby=\"caption-attachment-8106\" style=\"width: 600px\" class=\"wp-caption aligncenter\"><img loading=\"lazy\" decoding=\"async\" class=\"size-full wp-image-8106\" src=\"https:\/\/baranowscy.eu\/wordpress\/wp-content\/uploads\/2018\/05\/Kuba_nied\u017awiedz_Historie_z_gawry.jpg\" alt=\"Renata Kijowska,\u00a0\u201eKuba nied\u017awied\u017a. Historie z gawry\u201d\" width=\"600\" height=\"667\" \/><figcaption id=\"caption-attachment-8106\" class=\"wp-caption-text\">Renata Kijowska,\u00a0\u201eKuba nied\u017awied\u017a. Historie z gawry\u201d<\/figcaption><\/figure>\n<p><img loading=\"lazy\" decoding=\"async\" class=\"alignright size-full wp-image-8105\" src=\"https:\/\/baranowscy.eu\/wordpress\/wp-content\/uploads\/2018\/05\/Kuba_nied\u017awiedz_Historie_z_gawry_m.jpg\" alt=\"\" width=\"100\" height=\"130\" \/>Bardzo udana nowo\u015b\u0107, do rodzinnego czytania. G\u0142\u00f3wny w\u0105tek opowie\u015bci jest do\u015b\u0107 fantastyczny (w rzeczywisto\u015bci nied\u017awiedzie nie przyja\u017ani\u0105 si\u0119 z lisami czy wiewi\u00f3rkami, ani tym bardziej z wilkami), natomiast przygody nied\u017awiedzi oraz ich umi\u0142owanie do grzebania w ludzkich \u015bmieciach niestety s\u0105 oparte na faktach. Czytelnicy dowiedz\u0105 si\u0119 nie tylko o \u017cyciu zwierz\u0105t w polskich Tatrach czy Bieszczadach, ale tak\u017ce poznaj\u0105 zasady zachowania w lesie czy w razie spotkania z nied\u017awiedziem.<\/p>\n<p><strong>Za co ceni\u0119:<\/strong> Za zgrabnie wplecione prawdziwe opowie\u015bci o \u017cyciu polskich nied\u017awiedzi i adekwatny j\u0119zyk, ani zbyt infantylny, ani przem\u0105drza\u0142y. Dodatkowy plus za wiewi\u00f3rk\u0119, kt\u00f3ra przeklina (niegro\u017anie) po g\u00f3ralsku.<br \/>\n<strong>Dla kogo:<\/strong> Dla dzieci 5+<br \/>\n<strong>Wydawnictwo:\u00a0<\/strong>Znak Emotikon, Warszawa 2018<br \/>\n<strong>Cena ok\u0142adkowa:<\/strong> 29,90 z\u0142<br \/>\n<strong>Gdzie kupi\u0107: &gt;&gt; <a href=\"https:\/\/www.ceneo.pl\/59832422#crid=194088&amp;pid=17407\" target=\"_blank\" rel=\"noopener\">link do sklep\u00f3w<\/a><\/strong><\/p>\n<h2>3. Marcin Pa\u0142asz, \u201eJa\u015b Wiadomy zmienia \u015bwiat\u201d<\/h2>\n<figure id=\"attachment_8093\" aria-describedby=\"caption-attachment-8093\" style=\"width: 600px\" class=\"wp-caption alignright\"><img loading=\"lazy\" decoding=\"async\" class=\"size-full wp-image-8093\" src=\"https:\/\/baranowscy.eu\/wordpress\/wp-content\/uploads\/2018\/05\/Jas_Wiadomy_zmienia_swiat.jpg\" alt=\"Marcin Pa\u0142asz, \u201eJa\u015b Wiadomy zmienia \u015bwiat\u201d\" width=\"600\" height=\"667\" \/><figcaption id=\"caption-attachment-8093\" class=\"wp-caption-text\">Marcin Pa\u0142asz, \u201eJa\u015b Wiadomy zmienia \u015bwiat\u201d<\/figcaption><\/figure>\n<p><img loading=\"lazy\" decoding=\"async\" class=\"alignright size-full wp-image-8092\" src=\"https:\/\/baranowscy.eu\/wordpress\/wp-content\/uploads\/2018\/05\/Jas_Wiadomy_zmienia_swiat_m.jpg\" alt=\"\" width=\"100\" height=\"144\" \/>Ta ksi\u0105\u017cka wzbudza we mnie mieszane uczucia. Cho\u0107 bohaterem jest dziesi\u0119ciolatek, wi\u0119c zapewne i w takim wieku powinni by\u0107 czytelnicy, moim zdaniem ksi\u0105\u017ck\u0119 spokojnie mog\u0105 czyta\u0107 m\u0142odsze dzieci. Ja\u015b jest ch\u0142opcem poznaj\u0105cym realia dzisiejszego \u015bwiata, wra\u017cliwym na niedol\u0119 innych ludzi i zwierz\u0105t, dociekaj\u0105cym \u2013 co zmieni\u0107 w swoim zachowaniu, aby zmieni\u0107 \u015bwiat na lepsze. Szkoda tylko, \u017ce tak strasznie dokucza swojej siostrze!<\/p>\n<p><strong>Za co ceni\u0119:<\/strong> Za r\u00f3\u017cnorodno\u015b\u0107 poruszanych temat\u00f3w. Od adopcji psa, przez Puszcz\u0119 Bia\u0142owiesk\u0105 i jajka z chowu klatkowego, po metan wydalany przez krowy. Bardzo podoba mi si\u0119 pomys\u0142 z uczeniem dzieci odpowiedzialno\u015bci za psa \u2013 najpierw wirtualnego, dopiero potem prawdziwego.<br \/>\n<strong>Za co gani\u0119:<\/strong> Uproszczenia i seksizm w pokazywaniu polskiej rodziny. Mama i c\u00f3rka przy garach, tata przy gazecie, syn przy komputerze. Przyda\u0142oby si\u0119 wi\u0119cej nowoczesno\u015bci i r\u00f3wnouprawnienia.<br \/>\n<strong>Wydawnictwo:<\/strong> MAC, Warszawa 2016<br \/>\n<strong>Cena ok\u0142adkowa:<\/strong> 34,99 z\u0142<br \/>\n<strong>Gdzie kupi\u0107: &gt;&gt; <a href=\"https:\/\/www.ceneo.pl\/47406726#crid=194070&amp;pid=17407\" target=\"_blank\" rel=\"noopener\">link do sklep\u00f3w<\/a><\/strong><\/p>\n<h2>4. Olga Wo\u017aniak, \u201eBrud\u201d<\/h2>\n<figure id=\"attachment_8096\" aria-describedby=\"caption-attachment-8096\" style=\"width: 600px\" class=\"wp-caption aligncenter\"><img loading=\"lazy\" decoding=\"async\" class=\"size-full wp-image-8096\" src=\"https:\/\/baranowscy.eu\/wordpress\/wp-content\/uploads\/2018\/05\/olga_wozniak_brud.jpg\" alt=\"Olga Wo\u017aniak, \u201eBrud\u201d\" width=\"600\" height=\"667\" \/><figcaption id=\"caption-attachment-8096\" class=\"wp-caption-text\">Olga Wo\u017aniak, \u201eBrud\u201d<\/figcaption><\/figure>\n<p><img loading=\"lazy\" decoding=\"async\" class=\"alignright size-full wp-image-8095\" src=\"https:\/\/baranowscy.eu\/wordpress\/wp-content\/uploads\/2018\/05\/olga_wozniak_brud_m.jpg\" alt=\"\" width=\"100\" height=\"73\" \/>Ksi\u0105\u017cka, po kt\u00f3r\u0105 sama czasem si\u0119gam, bo w przyst\u0119pny spos\u00f3b pokazuje\u2026 brud. Ten oczywisty i ten mniej znany. Czym w\u0142a\u015bciwie jest ten ca\u0142y brud? Co znajduje si\u0119 w naszych p\u0119pkach? Czy wdychamy naszych przodk\u00f3w? Czy musimy my\u0107 z\u0119by? No w\u0142a\u015bnie&#8230;<\/p>\n<p><strong>Za co ceni\u0119:<\/strong> Za humor i ciekawe obrazki.<br \/>\n<strong>Dla kogo:<\/strong> Dla dzieci 3+<br \/>\n<strong>Wydawnictwo:<\/strong> Hokus-Pokus, Warszawa 2012<br \/>\n<strong>Cena ok\u0142adkowa:<\/strong> 29,90 z\u0142<br \/>\n<strong>Gdzie kupi\u0107: <a href=\"https:\/\/www.ceneo.pl\/16509424#crid=194072&amp;pid=17407\" target=\"_blank\" rel=\"noopener\">&gt;&gt; link do sklep\u00f3w<\/a>\u00a0<\/strong><\/p>\n<h2>5. Stefan Casta, \u201eMr\u00f3wka Zofia opowiada\u201d<\/h2>\n<figure id=\"attachment_8118\" aria-describedby=\"caption-attachment-8118\" style=\"width: 600px\" class=\"wp-caption aligncenter\"><img loading=\"lazy\" decoding=\"async\" class=\"size-full wp-image-8118\" src=\"https:\/\/baranowscy.eu\/wordpress\/wp-content\/uploads\/2018\/05\/mrowka_zofia_opowiada.jpg\" alt=\"Stefan Casta, \u201eMr\u00f3wka Zofia opowiada\u201d\" width=\"600\" height=\"667\" \/><figcaption id=\"caption-attachment-8118\" class=\"wp-caption-text\">Stefan Casta, \u201eMr\u00f3wka Zofia opowiada\u201d<\/figcaption><\/figure>\n<p><img loading=\"lazy\" decoding=\"async\" class=\"alignright size-full wp-image-8117\" src=\"https:\/\/baranowscy.eu\/wordpress\/wp-content\/uploads\/2018\/05\/mrowka_zofia_opowiada_m.jpg\" alt=\"\" width=\"100\" height=\"113\" \/>Pi\u0119knie wydana, wspaniale ilustrowana ksi\u0105\u017cka o tym, jakie ro\u015bliny i grzyby mo\u017cemy spotka\u0107 na swej drodze, zar\u00f3wno &#8222;w naturze&#8221;, jak i w mie\u015bcie. Opisy s\u0105 przystosowane do polskich reali\u00f3w (ksi\u0105\u017cka jest przet\u0142umaczona ze szwedzkiego). Do rodzinnego przegl\u0105dania.<\/p>\n<p><strong>Za co ceni\u0119:<\/strong> Za ilustracj\u0119 i przyst\u0119pne opisy.<br \/>\n<strong>Dla kogo:<\/strong> Dla wszystkich<br \/>\n<strong>Wydawnictwo:<\/strong> MULTICO Oficyna Wydawnicza, Warszawa 2015, 2017<br \/>\n<strong>Cena ok\u0142adkowa:<\/strong> 39 z\u0142<br \/>\n<strong>Gdzie kupi\u0107:<\/strong> <strong>&gt;&gt; <a href=\"https:\/\/www.ceneo.pl\/36303851#crid=194079&amp;pid=17407\" target=\"_blank\" rel=\"noopener\">link do sklep\u00f3w<\/a><\/strong><\/p>\n<h2>6. Anouck Boisrobert, Louis Rigaud, \u201eW g\u0142\u0119binach oceanu\u201d<\/h2>\n<figure id=\"attachment_8120\" aria-describedby=\"caption-attachment-8120\" style=\"width: 600px\" class=\"wp-caption alignright\"><img loading=\"lazy\" decoding=\"async\" class=\"size-full wp-image-8120\" src=\"https:\/\/baranowscy.eu\/wordpress\/wp-content\/uploads\/2018\/05\/w_glebinach_oceanu.jpg\" alt=\"Anouck Boisrobert, Louis Rigaud, \u201eW g\u0142\u0119binach oceanu\u201d\" width=\"600\" height=\"667\" \/><figcaption id=\"caption-attachment-8120\" class=\"wp-caption-text\">Anouck Boisrobert, Louis Rigaud, \u201eW g\u0142\u0119binach oceanu\u201d<\/figcaption><\/figure>\n<p><img loading=\"lazy\" decoding=\"async\" class=\"alignright size-full wp-image-8124\" src=\"https:\/\/baranowscy.eu\/wordpress\/wp-content\/uploads\/2018\/05\/w_glebinach_oceanu_m.jpg\" alt=\"\" width=\"100\" height=\"184\" \/>Ksi\u0105\u017cka stanowi przepi\u0119kn\u0105 propozycj\u0119 dla dzieci, szczeg\u00f3lnie tych mniejszych, kt\u00f3re z rado\u015bci\u0105 b\u0119d\u0105 odkrywa\u0107 tajemnice obrazk\u00f3w wyskakuj\u0105cych ze stronic.\u00a0\u201eW g\u0142\u0119binach oceanu\u201d pokazuje zar\u00f3wno t\u0119 poci\u0105gaj\u0105c\u0105 stron\u0119 wodnego bezmiaru, jak i ciemne jego strony, w tym zanieczyszczenia spowodowane przez cz\u0142owieka.<\/p>\n<p>Cena ksi\u0105\u017cki mo\u017ce odstrasza\u0107, jestem jednak pewna, \u017ce docenicie j\u0105 ca\u0142\u0105 rodzin\u0105.<\/p>\n<p><strong>Za co ceni\u0119:<\/strong> Za pi\u0119kne wydanie i u\u017cycie farb sojowych (druk w Chinach, jednak domy\u015blam si\u0119, \u017ce chodzi\u0142o o kwestie techniczne: trudno tak\u0105 ksi\u0105\u017ck\u0119 zrobi\u0107 w Polsce).<br \/>\n<strong>Dla kogo:<\/strong> Dla dzieci 4+<br \/>\n<strong>Wydawnictwo:<\/strong> Dwie Siostry, Warszawa 2017<br \/>\n<strong>Cena ok\u0142adkowa:\u00a0<\/strong>59,90 z\u0142<br \/>\n<strong>Gdzie kupi\u0107: &gt;&gt; <a href=\"https:\/\/www.ceneo.pl\/53641091#crid=194118&amp;pid=17407\" target=\"_blank\" rel=\"noopener\">link do sklep\u00f3w<\/a><\/strong><\/p>\n<h2>7. Anouck Boisrobert, Louis Rigaud, \u201eW lesie\u201d<\/h2>\n<figure id=\"attachment_8122\" aria-describedby=\"caption-attachment-8122\" style=\"width: 600px\" class=\"wp-caption aligncenter\"><img loading=\"lazy\" decoding=\"async\" class=\"size-full wp-image-8122\" src=\"https:\/\/baranowscy.eu\/wordpress\/wp-content\/uploads\/2018\/05\/w_lesie.jpg\" alt=\"Anouck Boisrobert, Louis Rigaud, \u201eW lesie\u201d\" width=\"600\" height=\"667\" \/><figcaption id=\"caption-attachment-8122\" class=\"wp-caption-text\">Anouck Boisrobert, Louis Rigaud, \u201eW lesie\u201d<\/figcaption><\/figure>\n<p><img loading=\"lazy\" decoding=\"async\" class=\"alignright size-full wp-image-8125\" src=\"https:\/\/baranowscy.eu\/wordpress\/wp-content\/uploads\/2018\/05\/w_lesie_m.jpg\" alt=\"\" width=\"100\" height=\"184\" \/>Powa\u017cniejsza wg mnie pozycja od &#8222;W g\u0142\u0119binach oceanu&#8221;, poniewa\u017c bardzo bezpo\u015brednio pokazuje dewastacj\u0119 \u015brodowiska. Wci\u0105ga czytelnika w sytuacj\u0119 zagro\u017conego leniwca, kt\u00f3ry nie widzi nadci\u0105gaj\u0105cej katastrofy. Pi\u0119kna i starannie przygotowana ksi\u0105\u017cka.<\/p>\n<p><strong>Za co ceni\u0119:<\/strong> Za mo\u017cliwo\u015b\u0107 pokazania dzieciom, jak ludzkie dzia\u0142ania i decyzje niszcz\u0105 lasy. \u015awietny pocz\u0105tek rozmowy o Puszczy Bia\u0142owieskiej i oleju palmowym.<br \/>\n<strong>Dla kogo:<\/strong> Dla dzieci 4+<br \/>\n<strong>Wydawnictwo:<\/strong> Dwie Siostry, Warszawa 2017<br \/>\n<strong>Cena ok\u0142adkowa:\u00a0<\/strong>59,90 z\u0142<br \/>\n<strong>Gdzie kupi\u0107: &gt;&gt; <a href=\"https:\/\/www.ceneo.pl\/53641099#crid=194120&amp;pid=17407\" target=\"_blank\" rel=\"noopener\">link do sklep\u00f3w<\/a><\/strong><\/p>\n<h2>8. Katarzyna Bajerowicz, \u201eDrzewo\u201d<\/h2>\n<figure id=\"attachment_8102\" aria-describedby=\"caption-attachment-8102\" style=\"width: 600px\" class=\"wp-caption aligncenter\"><img loading=\"lazy\" decoding=\"async\" class=\"wp-image-8102 size-full\" src=\"https:\/\/baranowscy.eu\/wordpress\/wp-content\/uploads\/2018\/05\/drzewo_Katarzyna_Bajerowicz.jpg\" alt=\"Katarzyna Bajerowicz, \u201eDrzewo\u201d\" width=\"600\" height=\"667\" \/><figcaption id=\"caption-attachment-8102\" class=\"wp-caption-text\">Katarzyna Bajerowicz, \u201eDrzewo\u201d<\/figcaption><\/figure>\n<p><img loading=\"lazy\" decoding=\"async\" class=\"alignright size-full wp-image-8103\" src=\"https:\/\/baranowscy.eu\/wordpress\/wp-content\/uploads\/2018\/05\/drzewo_Katarzyna_Bajerowicz_m.jpg\" alt=\"\" width=\"100\" height=\"70\" \/>Ksi\u0105\u017cka, kt\u00f3ra zamienia si\u0119 w uk\u0142adank\u0119. Ile tajemnic kryje drzewo? Kto jest jego mieszka\u0144cem, kto je odwiedza? Pi\u0119knie zilustrowana, wype\u0142niona ciekawostkami i pomys\u0142ami na prace plastyczne z wykorzystaniem dar\u00f3w natury.<\/p>\n<p><strong>Za co ceni\u0119:<\/strong> Za pi\u0119kne ilustracje oraz&#8230; kozioroga d\u0119bosza, chronionego mieszka\u0144ca Lasu Biela\u0144skiego.<br \/>\n<strong>Dla kogo:<\/strong> Dla dzieci 3+<br \/>\n<strong>Wydawnictwo:<\/strong> Nasza Ksi\u0119garnia, Warszawa 2016<br \/>\n<strong>Cena ok\u0142adkowa:\u00a0<\/strong>39,90 z\u0142<br \/>\n<strong>Gdzie kupi\u0107: &gt;&gt; <a href=\"https:\/\/www.ceneo.pl\/47406470#crid=194121&amp;pid=17407\" target=\"_blank\" rel=\"noopener\">link do sklep\u00f3w<\/a><\/strong><\/p>\n<h2>9. \u201eWielka encyklopedia zwierz\u0105t\u201d<\/h2>\n<figure id=\"attachment_8139\" aria-describedby=\"caption-attachment-8139\" style=\"width: 600px\" class=\"wp-caption alignright\"><img loading=\"lazy\" decoding=\"async\" class=\"size-full wp-image-8139\" src=\"https:\/\/baranowscy.eu\/wordpress\/wp-content\/uploads\/2018\/05\/wielka_ksiega_zwierzat.jpg\" alt=\"\u201eWielka encyklopedia zwierz\u0105t\u201d\" width=\"600\" height=\"667\" \/><figcaption id=\"caption-attachment-8139\" class=\"wp-caption-text\">\u201eWielka encyklopedia zwierz\u0105t\u201d<\/figcaption><\/figure>\n<p><img loading=\"lazy\" decoding=\"async\" class=\"alignright wp-image-8138\" src=\"https:\/\/baranowscy.eu\/wordpress\/wp-content\/uploads\/2018\/05\/wielka_ksiega_zwierzat_m.jpg\" alt=\"\" width=\"100\" height=\"167\" srcset=\"https:\/\/baranowscy.eu\/wordpress\/wp-content\/uploads\/2018\/05\/wielka_ksiega_zwierzat_m.jpg 300w, https:\/\/baranowscy.eu\/wordpress\/wp-content\/uploads\/2018\/05\/wielka_ksiega_zwierzat_m-180x300.jpg 180w\" sizes=\"auto, (max-width: 100px) 100vw, 100px\" \/>Nasze dzieci mia\u0142y ostatnio styczno\u015b\u0107 z gadami i p\u0142azami, w zwi\u0105zku z czym poszukiwa\u0142y dok\u0142adniejszej wiedzy o tych zwierz\u0119tach. Jednym ze \u017ar\u00f3de\u0142 okaza\u0142a si\u0119 w\u0142a\u015bnie &#8222;Wielka encyklopedia zwierz\u0105t&#8221;. Ksi\u0119ga ma t\u0119 zalet\u0119, \u017ce ponad pi\u0119knych 2000 ilustracji dostarczy wra\u017ce\u0144 na d\u0142ugo i pos\u0142u\u017cy przez wiele lat.<\/p>\n<p><strong>Za co ceni\u0119:<\/strong> Za dok\u0142adne ilustracje i ciekawostki.<br \/>\n<strong>Dla kogo:<\/strong> Dla dzieci 5+ i doros\u0142ych<br \/>\n<strong>Wydawnictwo:<\/strong> Publicat, Pozna\u0144 2015<br \/>\n<strong>Cena ok\u0142adkowa:<\/strong> 79 z\u0142<br \/>\n<strong>Gdzie kupi\u0107: &gt;&gt; <a href=\"https:\/\/www.ceneo.pl\/39185838#crid=194122&amp;pid=17407\" target=\"_blank\" rel=\"noopener\">link do sklep\u00f3w<\/a><\/strong><\/p>\n<h2>10. Emilia Dziubak, Eliza Saroma-St\u0119pniewska, Iwona Wierzba, \u201eDraka Ekonieboraka\u201d<\/h2>\n<figure id=\"attachment_8141\" aria-describedby=\"caption-attachment-8141\" style=\"width: 600px\" class=\"wp-caption alignright\"><img loading=\"lazy\" decoding=\"async\" class=\"size-full wp-image-8141\" src=\"https:\/\/baranowscy.eu\/wordpress\/wp-content\/uploads\/2018\/05\/draka_ekonieboraka.jpg\" alt=\"Emilia Dziubak, Eliza Saroma-St\u0119pniewska, Iwona Wierzba, \u201eDraka Ekonieboraka\u201d\" width=\"600\" height=\"667\" \/><figcaption id=\"caption-attachment-8141\" class=\"wp-caption-text\">Emilia Dziubak, Eliza Saroma-St\u0119pniewska, Iwona Wierzba, \u201eDraka Ekonieboraka\u201d<\/figcaption><\/figure>\n<p><img loading=\"lazy\" decoding=\"async\" class=\"alignright size-full wp-image-8140\" src=\"https:\/\/baranowscy.eu\/wordpress\/wp-content\/uploads\/2018\/05\/draka_ekonieboraka_m.jpg\" alt=\"\" width=\"100\" height=\"129\" \/>Ksi\u0105\u017ck\u0119 <strong>&gt;&gt; <a href=\"https:\/\/baranowscy.eu\/wordpress\/draka-ekonieboraka-czyli-jak-dorosnac-do-ekologii\/\" target=\"_blank\" rel=\"noopener\">recenzowa\u0142am ju\u017c jaki\u015b czas temu<\/a><\/strong>, wi\u0119c kr\u00f3tko napisz\u0119, \u017ce to jedna z \u0142adniejszych pozycji dla najm\u0142odszych.<\/p>\n<p><strong>Za co ceni\u0119:<\/strong> Bardzo \u0142adne ilustracje, ekoedukowanie od najm\u0142odszych lat.<br \/>\n<strong>Dla kogo:<\/strong> Dla dzieci 3+<br \/>\n<strong>Wydawnictwo:<\/strong> Albus, Pozna\u0144 2012<br \/>\n<strong>Cena ok\u0142adkowa:\u00a0<\/strong>brak<br \/>\n<strong>Gdzie kupi\u0107: &gt;&gt; <a href=\"https:\/\/www.ceneo.pl\/15445157#crid=194123&amp;pid=17407\" target=\"_blank\" rel=\"noopener\">link do sklep\u00f3w<\/a><\/strong><\/p>\n<h2>11. Aleksandra i Daniel Mizieli\u0144scy, \u201eZjedz to sam\u201d<\/h2>\n<figure id=\"attachment_8108\" aria-describedby=\"caption-attachment-8108\" style=\"width: 600px\" class=\"wp-caption aligncenter\"><img loading=\"lazy\" decoding=\"async\" class=\"size-full wp-image-8108\" src=\"https:\/\/baranowscy.eu\/wordpress\/wp-content\/uploads\/2018\/05\/zjedz_to_sam.jpg\" alt=\"Aleksandra i Daniel Mizieli\u0144scy, \u201eZjedz to sam\u201d\" width=\"600\" height=\"667\" \/><figcaption id=\"caption-attachment-8108\" class=\"wp-caption-text\">Aleksandra i Daniel Mizieli\u0144scy, \u201eZjedz to sam\u201d<\/figcaption><\/figure>\n<p><img loading=\"lazy\" decoding=\"async\" class=\"alignright size-full wp-image-8109\" src=\"https:\/\/baranowscy.eu\/wordpress\/wp-content\/uploads\/2018\/05\/zjedz_to_sam_m.jpg\" alt=\"\" width=\"100\" height=\"132\" \/>Jak to jest, \u017ce pyszne jedzenie zamienia si\u0119 w cz\u0142owieku co\u015b tak \u015bmierdz\u0105cego, jak kupa? Tajemnice przewodu pokarmowego odkrywamy krok po kroku dzi\u0119ki wyrazistym rysunkom i ciekawym opisom. Ksi\u0105\u017cka do czytania z rodzicami.<\/p>\n<p><strong>Za co ceni\u0119:<\/strong>\u00a0Pomys\u0142owe rysunki i prze\u0142amywanie tabu.<br \/>\n<strong>Dla kogo:<\/strong> Dla dzieci 4+<br \/>\n<strong>Wydawnictwo:<\/strong>\u00a0Znak Emotikon, Warszawa 2012<br \/>\n<strong>Cena ok\u0142adkowa: <\/strong>34,90 z\u0142<br \/>\n<strong>Gdzie kupi\u0107: kupi\u0107 ju\u017c si\u0119 raczej nie da, szukajcie w bibliotekach!<\/strong><\/p>\n<h2>12. Piotr Socha, \u201ePszczo\u0142y\u201d<\/h2>\n<figure id=\"attachment_8135\" aria-describedby=\"caption-attachment-8135\" style=\"width: 600px\" class=\"wp-caption aligncenter\"><img loading=\"lazy\" decoding=\"async\" class=\"size-full wp-image-8135\" src=\"https:\/\/baranowscy.eu\/wordpress\/wp-content\/uploads\/2018\/05\/pszczoly.jpg\" alt=\"Piotr Socha, \u201ePszczo\u0142y\u201d\" width=\"600\" height=\"667\" \/><figcaption id=\"caption-attachment-8135\" class=\"wp-caption-text\">Piotr Socha, \u201ePszczo\u0142y\u201d<\/figcaption><\/figure>\n<p><img loading=\"lazy\" decoding=\"async\" class=\"alignright size-full wp-image-8136\" src=\"https:\/\/baranowscy.eu\/wordpress\/wp-content\/uploads\/2018\/05\/pszczoly_m.jpg\" alt=\"\" width=\"100\" height=\"134\" \/>Pszczo\u0142y \u017cy\u0142y ju\u017c w epoce dinozaur\u00f3w, czyli 100 milion\u00f3w lat temu! S\u0105 niezwykle wa\u017cnym elementem naszego \u015bwiata i bez nich zginiemy. Ksi\u0105\u017cka pokazuje pszczo\u0142y jako m\u0105dre, po\u017cyteczne i pi\u0119kne owady, maj\u0105ce swoj\u0105 ciekaw\u0105 histori\u0119 i zas\u0142ugi wobec ludzi.<\/p>\n<p><strong>Za co ceni\u0119:\u00a0<\/strong>Za pi\u0119kne ilustracje i pomys\u0142owe przekazanie informacji, zapadaj\u0105 w pami\u0119\u0107!<br \/>\n<strong>Dla kogo:<\/strong> Dla dzieci 4+<br \/>\n<strong>Wydawnictwo:<\/strong>\u00a0Dwie Siostry, Warszawa 2015<br \/>\n<strong>Cena ok\u0142adkowa: <\/strong>59,90 z\u0142<br \/>\n<strong>Gdzie kupi\u0107: &gt;&gt; <a href=\"https:\/\/www.ceneo.pl\/40790671#crid=194126&amp;pid=17407\" target=\"_blank\" rel=\"noopener\">link do sklep\u00f3w<\/a><\/strong><\/p>\n<h2>13. Eliza Piorowska, \u201eJajo\u201d<\/h2>\n<figure id=\"attachment_8133\" aria-describedby=\"caption-attachment-8133\" style=\"width: 600px\" class=\"wp-caption aligncenter\"><img loading=\"lazy\" decoding=\"async\" class=\"size-full wp-image-8133\" src=\"https:\/\/baranowscy.eu\/wordpress\/wp-content\/uploads\/2018\/05\/jajo.jpg\" alt=\"Eliza Piorowska, \u201eJajo\u201d\" width=\"600\" height=\"667\" \/><figcaption id=\"caption-attachment-8133\" class=\"wp-caption-text\">Eliza Piorowska, \u201eJajo\u201d<\/figcaption><\/figure>\n<p><img loading=\"lazy\" decoding=\"async\" class=\"alignright size-full wp-image-8134\" src=\"https:\/\/baranowscy.eu\/wordpress\/wp-content\/uploads\/2018\/05\/jajo_m.jpg\" alt=\"\" width=\"100\" height=\"124\" \/>Ilustrowana przez Asi\u0119 Gwis, bardzo kolorowa i zach\u0119caj\u0105ca ksi\u0105\u017cka na temat&#8230; jajka. Jajko w kuchni, w sztuce, w historii, w j\u0119zyku&#8230; Okazuje si\u0119, \u017ce jest wa\u017cniejsze, ni\u017c przypuszczamy!<\/p>\n<p><strong>Za co ceni\u0119:\u00a0<\/strong>Za rozmach, aby jajku po\u015bwi\u0119ci\u0107 tyle miejsca i uwagi!<br \/>\n<strong>Dla kogo:<\/strong> Dla dzieci 4+<br \/>\n<strong>Wydawnictwo:<\/strong>\u00a0Nasza Ksi\u0119garnia, Warszawa 2018<br \/>\n<strong>Cena ok\u0142adkowa: <\/strong>59,90 z\u0142<br \/>\n<strong>Gdzie kupi\u0107: &gt;&gt; <a href=\"https:\/\/www.ceneo.pl\/59091264#crid=194125&amp;pid=17407\" target=\"_blank\" rel=\"noopener\">link do sklep\u00f3w<\/a><\/strong><\/p>\n<h2>14. Katie Scott, Jenny Broom , \u201eAnimalium\u201d<\/h2>\n<figure id=\"attachment_8115\" aria-describedby=\"caption-attachment-8115\" style=\"width: 600px\" class=\"wp-caption alignright\"><img loading=\"lazy\" decoding=\"async\" class=\"size-full wp-image-8115\" src=\"https:\/\/baranowscy.eu\/wordpress\/wp-content\/uploads\/2018\/05\/animalium.jpg\" alt=\"Katie Scott, Jenny Broom , \u201eAnimalium\u201d\" width=\"600\" height=\"667\" \/><figcaption id=\"caption-attachment-8115\" class=\"wp-caption-text\">Katie Scott, Jenny Broom , \u201eAnimalium\u201d<\/figcaption><\/figure>\n<p><img loading=\"lazy\" decoding=\"async\" class=\"alignright size-full wp-image-8114\" src=\"https:\/\/baranowscy.eu\/wordpress\/wp-content\/uploads\/2018\/05\/animalium_m.jpg\" alt=\"\" width=\"100\" height=\"134\" \/>Oryginalne podej\u015bcie do tematu zaowocowa\u0142o nietypow\u0105 ksi\u0105\u017ck\u0105: przepi\u0119kne ilustracje w stylu nawi\u0105zuj\u0105cym do dawnych rycin przyci\u0105gaj\u0105 i ciesz\u0105 oko. Je\u015bli chodzi o wiadomo\u015bci, zainteresuj\u0105 one raczej starszych czytelnik\u00f3w, szukaj\u0105cych ciekawostek o zwierz\u0119tach &#8211; tych wsp\u00f3\u0142czesnych i tych \u017cyj\u0105cych dawno temu.<\/p>\n<p><strong>Za co ceni\u0119:\u00a0<\/strong>Za niebanalne ilustracje.<br \/>\n<strong>Dla kogo:<\/strong> Dla dzieci 7+<br \/>\n<strong>Wydawnictwo:<\/strong>\u00a0Dwie Siostry, Warszawa 2015<br \/>\n<strong>Cena ok\u0142adkowa:\u00a0<\/strong>59,90 z\u0142<br \/>\n<strong>Gdzie kupi\u0107: &gt;&gt;<a href=\"https:\/\/www.ceneo.pl\/46781176#crid=194127&amp;pid=17407\" target=\"_blank\" rel=\"noopener\"> link do sklep\u00f3w<\/a><\/strong><\/p>\n<h2>15. Agnieszka Sowi\u0144ska, \u201ePrzekroje. Owoce i warzywa\u201d<\/h2>\n<figure id=\"attachment_8128\" aria-describedby=\"caption-attachment-8128\" style=\"width: 600px\" class=\"wp-caption alignright\"><img loading=\"lazy\" decoding=\"async\" class=\"size-full wp-image-8128\" src=\"https:\/\/baranowscy.eu\/wordpress\/wp-content\/uploads\/2018\/05\/przekroje_owoce_i_warzywa.jpg\" alt=\"Agnieszka Sowi\u0144ska, \u201ePrzekroje. Owoce i warzywa\u201d\" width=\"600\" height=\"667\" \/><figcaption id=\"caption-attachment-8128\" class=\"wp-caption-text\">Agnieszka Sowi\u0144ska, \u201ePrzekroje. Owoce i warzywa\u201d<\/figcaption><\/figure>\n<p><img loading=\"lazy\" decoding=\"async\" class=\"alignright size-full wp-image-8129\" src=\"https:\/\/baranowscy.eu\/wordpress\/wp-content\/uploads\/2018\/05\/przekroje_owoce_i_warzywa_m.jpg\" alt=\"\" width=\"100\" height=\"135\" \/>T\u0119 ksi\u0105\u017ck\u0119 zawsze bra\u0142am ze sob\u0105 do przedszkola syna, gdy robi\u0142am warsztaty. Dzieci j\u0105 uwielbia\u0142y! Co si\u0119 kryje w jab\u0142ku, \u015bliwce, dyni, bak\u0142a\u017canie? Za pomoc\u0105 obraz\u00f3w autorka pokaza\u0142a bogactwo witamin i innych sk\u0142adnik\u00f3w od\u017cywczych &#8222;mieszkaj\u0105cych&#8221; w owocach i warzywach. Bardzo przemawiaj\u0105ce do dzieci\u0119cej wyobra\u017ani!<\/p>\n<p><strong>Za co ceni\u0119: <\/strong>Za przyst\u0119pno\u015b\u0107 dla najm\u0142odszych.<br \/>\n<strong>Dla kogo:<\/strong> Dla dzieci 3+<br \/>\n<strong>Wydawnictwo:<\/strong>\u00a0Nasza Ksi\u0119garnia, Warszawa 2015<br \/>\n<strong>Cena ok\u0142adkowa:\u00a0<\/strong>29,90 z\u0142<br \/>\n<strong>Gdzie kupi\u0107: &gt;&gt; <a href=\"https:\/\/www.ceneo.pl\/36403509#crid=194128&amp;pid=17407\" target=\"_blank\" rel=\"noopener\">link do sklep\u00f3w<\/a><\/strong><\/p>\n<h2>16. Aleksandra i Daniel Mizieli\u0144scy, \u201ePod ziemi\u0105. Pod wod\u0105\u201d<\/h2>\n<figure id=\"attachment_8131\" aria-describedby=\"caption-attachment-8131\" style=\"width: 600px\" class=\"wp-caption aligncenter\"><img loading=\"lazy\" decoding=\"async\" class=\"size-full wp-image-8131\" src=\"https:\/\/baranowscy.eu\/wordpress\/wp-content\/uploads\/2018\/05\/pod_ziemia_pod_woda.jpg\" alt=\"Aleksandra i Daniel Mizieli\u0144scy, \u201ePod ziemi\u0105. Pod wod\u0105\u201d\" width=\"600\" height=\"667\" \/><figcaption id=\"caption-attachment-8131\" class=\"wp-caption-text\">Aleksandra i Daniel Mizieli\u0144scy, \u201ePod ziemi\u0105. Pod wod\u0105\u201d<\/figcaption><\/figure>\n<figure id=\"attachment_8130\" aria-describedby=\"caption-attachment-8130\" style=\"width: 100px\" class=\"wp-caption alignright\"><img loading=\"lazy\" decoding=\"async\" class=\"size-full wp-image-8130\" src=\"https:\/\/baranowscy.eu\/wordpress\/wp-content\/uploads\/2018\/05\/pod_ziemia_pod_woda_m.jpg\" alt=\"\" width=\"100\" height=\"149\" \/><figcaption id=\"caption-attachment-8130\" class=\"wp-caption-text\">Pod ziemi\u0105. Pod wod\u0105<\/figcaption><\/figure>\n<p>Niezast\u0105pieni Mizieli\u0144scy w najlepszej formie. \u017bycie pod ziemi\u0105 i pod wod\u0105 pokazane na wszelkie sposoby. Mamy tu\u00a0 i zwierz\u0119ta, i pr\u00f3by poznania nowych teren\u00f3w przez cz\u0142owieka, i \u0142\u00f3d\u017a podwodn\u0105, i metro, i wiele, wiele innych rzeczy, niezwykle ciekawych i wspaniale narysowanych.<\/p>\n<p>Do ksi\u0105\u017cki mo\u017cna dokupi\u0107 &#8222;Podziemnik&#8221; i 'Podwodnik&#8221;, do rysowania, kolorowania i wykonywania zada\u0144.<\/p>\n<p><strong>Za co ceni\u0119:\u00a0<\/strong>Za bycie kopalni\u0105 \u0142atwo przyst\u0119pnej wiedzy, r\u00f3wnie\u017c dla mnie.<br \/>\n<strong>Dla kogo:<\/strong> Dla dzieci 3+<br \/>\n<strong>Wydawnictwo:<\/strong>\u00a0Dwie Siostry, Warszawa 2016<br \/>\n<strong>Cena ok\u0142adkowa:\u00a0<\/strong>brak<br \/>\n<strong>Gdzie kupi\u0107: &gt;&gt; <a href=\"https:\/\/www.ceneo.pl\/43159263#crid=194129&amp;pid=17407\" target=\"_blank\" rel=\"noopener\">link do sklep\u00f3w<\/a><\/strong><\/p>\n<h2>17. Matthias Picard, \u201eJa\u015b Ciekawski. Podr\u00f3\u017c do wn\u0119trza oceanu\u201d<\/h2>\n<figure id=\"attachment_8099\" aria-describedby=\"caption-attachment-8099\" style=\"width: 600px\" class=\"wp-caption aligncenter\"><img loading=\"lazy\" decoding=\"async\" class=\"size-full wp-image-8099\" src=\"https:\/\/baranowscy.eu\/wordpress\/wp-content\/uploads\/2018\/05\/jas_ciekawski.jpg\" alt=\"Matthias Picard, \u201eJa\u015b Ciekawski. Podr\u00f3\u017c do wn\u0119trza oceanu\u201d\" width=\"600\" height=\"667\" \/><figcaption id=\"caption-attachment-8099\" class=\"wp-caption-text\">Matthias Picard, \u201eJa\u015b Ciekawski. Podr\u00f3\u017c do wn\u0119trza oceanu\u201d<\/figcaption><\/figure>\n<p><img loading=\"lazy\" decoding=\"async\" class=\"alignright size-full wp-image-8098\" src=\"https:\/\/baranowscy.eu\/wordpress\/wp-content\/uploads\/2018\/05\/jas_ciekawski_m.jpg\" alt=\"\" width=\"100\" height=\"136\" \/>Komiks, w kt\u00f3rym obrazy (tr\u00f3jwymiarowe!) m\u00f3wi\u0105 wszystko. Niezwyk\u0142a podr\u00f3\u017c w g\u0142\u0105b oceanu jest troch\u0119 mroczna, a troch\u0119 fascynuj\u0105ca. Do ksi\u0105\u017cki do\u0142\u0105czone s\u0105 dwie pary okular\u00f3w do ogl\u0105dania anaglif\u00f3w, dzi\u0119ki czemu ksi\u0105\u017ck\u0119 mo\u017cna ogl\u0105da\u0107 z rodzicem lub rodze\u0144stwem.<\/p>\n<p><strong>Za co ceni\u0119: <\/strong>Za nietypowe obrazki, dos\u0142ownie wci\u0105gaj\u0105ce w opowie\u015b\u0107.<br \/>\n<strong>Dla kogo:<\/strong> Dla dzieci 4+<br \/>\n<strong>Wydawnictwo:<\/strong>\u00a0Kr\u00f3tkie Gatki, Warszawa 2013<br \/>\n<strong>Cena ok\u0142adkowa:\u00a0<\/strong>59,90 z\u0142<br \/>\n<strong>Gdzie kupi\u0107: &gt;&gt; <a href=\"https:\/\/www.ceneo.pl\/26619509#crid=194133&amp;pid=17407\" target=\"_blank\" rel=\"noopener\">link do sklep\u00f3w<\/a><\/strong><\/p>\n<h2>18. Ma\u0142gorzata Kowalska, \u201eZaprzyja\u017anij si\u0119 z d\u017cd\u017cownic\u0105\u201d<\/h2>\n<figure id=\"attachment_8127\" aria-describedby=\"caption-attachment-8127\" style=\"width: 600px\" class=\"wp-caption alignright\"><img loading=\"lazy\" decoding=\"async\" class=\"size-full wp-image-8127\" src=\"https:\/\/baranowscy.eu\/wordpress\/wp-content\/uploads\/2018\/05\/zaprzyjaznij_sie_z_dzdzownica.jpg\" alt=\"Ma\u0142gorzata Kowalska, \u201eZaprzyja\u017anij si\u0119 z d\u017cd\u017cownic\u0105\u201d\" width=\"600\" height=\"667\" \/><figcaption id=\"caption-attachment-8127\" class=\"wp-caption-text\">Ma\u0142gorzata Kowalska, \u201eZaprzyja\u017anij si\u0119 z d\u017cd\u017cownic\u0105\u201d<\/figcaption><\/figure>\n<p>Ksi\u0105\u017cka, kt\u00f3r\u0105 powinien przejrze\u0107 ka\u017cdy doros\u0142y, aby potem opowiedzie\u0107 o tym wszystkim najm\u0142odszym. O ksi\u0105\u017cce <strong>&gt;&gt; <a href=\"https:\/\/baranowscy.eu\/wordpress\/5xo-kompostowanie-na-dzialce-i-w-ogrodzie\/\" target=\"_blank\" rel=\"noopener\">pisa\u0142am ju\u017c troch\u0119 przy okazji kompostu<\/a><\/strong>. Warto zaprzyja\u017ani\u0107 si\u0119 z d\u017cd\u017cownic\u0105!<\/p>\n<p><strong>Za co ceni\u0119:\u00a0<\/strong>Za to, \u017ce jest dost\u0119pna dla ka\u017cdego i zawiera informacje nowe r\u00f3wnie\u017c dla doros\u0142ych.<br \/>\n<strong>Dla kogo:<\/strong> Dla wszystkich!<br \/>\n<strong>Wydawnictwo:<\/strong>\u00a0Stowarzyszenie Wiejskie \u201eZielona Przestrze\u0144\u201d, Grabowo 2008<br \/>\n<strong>Cena ok\u0142adkowa:\u00a0<\/strong>brak<br \/>\n<strong>Gdzie kupi\u0107: &gt;&gt; <a href=\"http:\/\/zielona.org\/assets\/files\/2008\/Zaprzyjaznij_sie_z_dzdzownica.pdf\" target=\"_blank\" rel=\"noopener\">do pobrania za darmo st\u0105d<\/a><\/strong><\/p>\n<h2>19. \u201eElementarz naszej przyrody. Zwierz\u0119ta\u201d<\/h2>\n<figure id=\"attachment_8089\" aria-describedby=\"caption-attachment-8089\" style=\"width: 600px\" class=\"wp-caption aligncenter\"><img loading=\"lazy\" decoding=\"async\" class=\"size-full wp-image-8089\" src=\"https:\/\/baranowscy.eu\/wordpress\/wp-content\/uploads\/2018\/05\/Elementarz_naszej_przyrody.-_Zwierzeta.jpg\" alt=\"\u201eElementarz naszej przyrody. Zwierz\u0119ta\u201d\" width=\"600\" height=\"667\" \/><figcaption id=\"caption-attachment-8089\" class=\"wp-caption-text\">\u201eElementarz naszej przyrody. Zwierz\u0119ta\u201d<\/figcaption><\/figure>\n<p><img loading=\"lazy\" decoding=\"async\" class=\"alignright size-full wp-image-8090\" src=\"https:\/\/baranowscy.eu\/wordpress\/wp-content\/uploads\/2018\/05\/Elementarz_naszej_przyrody.-_Zwierzeta_m.jpg\" alt=\"\" width=\"100\" height=\"88\" \/>Dobra polska ksi\u0105\u017cka o przyrodzie napisana\/narysowana z my\u015bl\u0105 o najm\u0142odszych to rzadko\u015b\u0107, bo wi\u0119kszo\u015b\u0107 pozycji to t\u0142umaczenia. Dlatego bardzo mnie ucieszy\u0142a ta propozycja i polecam j\u0105 jako do\u015b\u0107 podstawowy, ale uroczy elementarz przyrody w\u0142a\u015bnie.<\/p>\n<p><strong>Za co ceni\u0119:\u00a0<\/strong>Za du\u017ce ilustracje i kr\u00f3tkie opisy, skupiaj\u0105ce si\u0119 na najwa\u017cniejszych cechach zwierz\u0105t.<br \/>\n<strong>Dla kogo:<\/strong> Dla dzieci 3+<br \/>\n<strong>Wydawnictwo:<\/strong>\u00a0MULTICO Oficyna Wydawnicza, Warszawa 2017<br \/>\n<strong>Cena ok\u0142adkowa:\u00a0<\/strong>35 z\u0142<br \/>\n<strong>Gdzie kupi\u0107: &gt;&gt; <a href=\"https:\/\/www.ceneo.pl\/50138161#crid=194134&amp;pid=17407\" target=\"_blank\" rel=\"noopener\">link do sklep\u00f3w<\/a><\/strong><\/p>\n<h2>20. Justin Richardson, Peter Parnell, \u201eZ Tango jest nas troje\u201d<\/h2>\n<figure id=\"attachment_8112\" aria-describedby=\"caption-attachment-8112\" style=\"width: 600px\" class=\"wp-caption alignright\"><img loading=\"lazy\" decoding=\"async\" class=\"size-full wp-image-8112\" src=\"https:\/\/baranowscy.eu\/wordpress\/wp-content\/uploads\/2018\/05\/z_tango_jest_nas_troje.jpg\" alt=\"Justin Richardson, Peter Parnell, \u201eZ Tango jest nas troje\u201d\" width=\"600\" height=\"667\" \/><figcaption id=\"caption-attachment-8112\" class=\"wp-caption-text\">Justin Richardson, Peter Parnell, \u201eZ Tango jest nas troje\u201d<\/figcaption><\/figure>\n<p><img loading=\"lazy\" decoding=\"async\" class=\"alignright size-full wp-image-8111\" src=\"https:\/\/baranowscy.eu\/wordpress\/wp-content\/uploads\/2018\/05\/z_tango_jest_nas_troje_m.jpg\" alt=\"\" width=\"100\" height=\"78\" \/>Na koniec bardzo wyj\u0105tkowa ksi\u0105\u017cka. Historia marzenia dw\u00f3ch pingwin\u00f3w o potomstwie &#8211; wszystko by\u0142oby proste, gdyby nie to, \u017ce para sk\u0142ada si\u0119 z dw\u00f3ch samc\u00f3w&#8230; Ksi\u0105\u017cka opowiada prawdziw\u0105 histori\u0119 z nowojorskiego zoo. Jest napisana z my\u015bl\u0105 o dzieciach, ale przyda\u0142aby si\u0119 jako lektura obowi\u0105zkowa niejednemu doros\u0142emu.<\/p>\n<p><strong>Za co ceni\u0119:\u00a0<\/strong>Za oryginalno\u015b\u0107, prze\u0142amywanie tabu w spos\u00f3b zupe\u0142nie nieinwazyjny, za pokazanie czytelnikom, \u017ce natura jest bardziej z\u0142o\u017cona ni\u017c my\u015blimy.<br \/>\n<strong>Dla kogo:<\/strong> Dla ka\u017cdego!<br \/>\n<strong>Wydawnictwo:<\/strong>\u00a0AdPublik, Warszawa 2009<br \/>\n<strong>Cena ok\u0142adkowa:\u00a0<\/strong>29,90 z\u0142<br \/>\n<strong>Gdzie kupi\u0107: szukajcie w bibliotekach!<\/strong><\/p>\n<p><strong>A jakie s\u0105 ulubione ksi\u0105\u017cki o przyrodzie, ekologii, naturze Waszych dzieci? A mo\u017ce macie ju\u017c przyszykowane jakies nowo\u015bci w prezencie? Napiszcie!<\/strong><\/p>\n","protected":false},"excerpt":{"rendered":"<p>Za chwil\u0119 Dzie\u0144 Dziecka i wspania\u0142a okazja, aby obdarowa\u0107 najm\u0142odszych dobrym ksi\u0105\u017ckami. A \u017ce nasza dzieci\u0119ca biblioteka ekologiczna ma ju\u017c kilkadziesi\u0105t ciekawych pozycji, wzbogaconych niedawno&hellip;<\/p>\n","protected":false},"author":1,"featured_media":8088,"comment_status":"open","ping_status":"open","sticky":false,"template":"","format":"standard","meta":{"_jetpack_memberships_contains_paid_content":false,"footnotes":""},"categories":[21,20],"tags":[1419,1418,1416,889,1340,1417],"class_list":["post-8065","post","type-post","status-publish","format-standard","has-post-thumbnail","hentry","category-ksiazki-dla-dzieci","category-recenzje","tag-albus","tag-dwie-siostry","tag-dzien-dziecka","tag-ksiazki","tag-ksiazki-dla-dzieci","tag-nasza-ksiegarnia"],"yoast_head":"<!-- This site is optimized with the Yoast SEO plugin v27.5 - https:\/\/yoast.com\/product\/yoast-seo-wordpress\/ -->\n<title>20 ksi\u0105\u017cek dla dzieci, kt\u00f3re porusz\u0105 ich wra\u017cliwo\u015b\u0107 przyrodnicz\u0105 - organiczni.eu<\/title>\n<meta name=\"description\" content=\"Za chwil\u0119 Dzie\u0144 Dziecka i wspania\u0142a okazja, aby obdarowa\u0107 najm\u0142odszych dobrym ksi\u0105\u017ckami. A \u017ce nasza dzieci\u0119ca biblioteka ekologiczna ma ju\u017c kilkadziesi\u0105t ciekawych pozycji, wzbogaconych niedawno podczas Warszawskich Targ\u00f3w Ksi\u0105\u017cki, chcia\u0142am si\u0119 z Wami podzieli\u0107 kilkoma tytu\u0142ami wartymi uwagi.\" \/>\n<meta name=\"robots\" content=\"index, follow, max-snippet:-1, max-image-preview:large, max-video-preview:-1\" \/>\n<link rel=\"canonical\" href=\"https:\/\/baranowscy.eu\/wordpress\/20-ksiazek-dla-dzieci-ktore-porusza-ich-wrazliwosc-przyrodnicza\/\" \/>\n<meta property=\"og:locale\" content=\"pl_PL\" \/>\n<meta property=\"og:type\" content=\"article\" \/>\n<meta property=\"og:title\" content=\"20 ksi\u0105\u017cek dla dzieci, kt\u00f3re porusz\u0105 ich wra\u017cliwo\u015b\u0107 przyrodnicz\u0105 - organiczni.eu\" \/>\n<meta property=\"og:description\" content=\"Za chwil\u0119 Dzie\u0144 Dziecka i wspania\u0142a okazja, aby obdarowa\u0107 najm\u0142odszych dobrym ksi\u0105\u017ckami. A \u017ce nasza dzieci\u0119ca biblioteka ekologiczna ma ju\u017c kilkadziesi\u0105t ciekawych pozycji, wzbogaconych niedawno podczas Warszawskich Targ\u00f3w Ksi\u0105\u017cki, chcia\u0142am si\u0119 z Wami podzieli\u0107 kilkoma tytu\u0142ami wartymi uwagi.\" \/>\n<meta property=\"og:url\" content=\"https:\/\/baranowscy.eu\/wordpress\/20-ksiazek-dla-dzieci-ktore-porusza-ich-wrazliwosc-przyrodnicza\/\" \/>\n<meta property=\"og:site_name\" content=\"organiczni.eu\" \/>\n<meta property=\"article:publisher\" content=\"https:\/\/www.facebook.com\/organiczni\/\" \/>\n<meta property=\"article:published_time\" content=\"2018-05-30T07:50:05+00:00\" \/>\n<meta property=\"article:modified_time\" content=\"2018-05-30T09:46:30+00:00\" \/>\n<meta property=\"og:image\" content=\"https:\/\/baranowscy.eu\/wordpress\/wp-content\/uploads\/2018\/05\/20_ksiazek_dla_dzieci.jpg\" \/>\n\t<meta property=\"og:image:width\" content=\"1200\" \/>\n\t<meta property=\"og:image:height\" content=\"628\" \/>\n\t<meta property=\"og:image:type\" content=\"image\/jpeg\" \/>\n<meta name=\"author\" content=\"joanna\" \/>\n<meta name=\"twitter:card\" content=\"summary_large_image\" \/>\n<meta name=\"twitter:label1\" content=\"Napisane przez\" \/>\n\t<meta name=\"twitter:data1\" content=\"joanna\" \/>\n\t<meta name=\"twitter:label2\" content=\"Szacowany czas czytania\" \/>\n\t<meta name=\"twitter:data2\" content=\"12 minut\" \/>\n<script type=\"application\/ld+json\" class=\"yoast-schema-graph\">{\"@context\":\"https:\\\/\\\/schema.org\",\"@graph\":[{\"@type\":\"Article\",\"@id\":\"https:\\\/\\\/baranowscy.eu\\\/wordpress\\\/20-ksiazek-dla-dzieci-ktore-porusza-ich-wrazliwosc-przyrodnicza\\\/#article\",\"isPartOf\":{\"@id\":\"https:\\\/\\\/baranowscy.eu\\\/wordpress\\\/20-ksiazek-dla-dzieci-ktore-porusza-ich-wrazliwosc-przyrodnicza\\\/\"},\"author\":{\"name\":\"joanna\",\"@id\":\"https:\\\/\\\/baranowscy.eu\\\/wordpress\\\/#\\\/schema\\\/person\\\/741d5f1f3fd2833c5ca2ffdaaa93dc73\"},\"headline\":\"20 ksi\u0105\u017cek dla dzieci, kt\u00f3re porusz\u0105 ich wra\u017cliwo\u015b\u0107 przyrodnicz\u0105\",\"datePublished\":\"2018-05-30T07:50:05+00:00\",\"dateModified\":\"2018-05-30T09:46:30+00:00\",\"mainEntityOfPage\":{\"@id\":\"https:\\\/\\\/baranowscy.eu\\\/wordpress\\\/20-ksiazek-dla-dzieci-ktore-porusza-ich-wrazliwosc-przyrodnicza\\\/\"},\"wordCount\":2432,\"commentCount\":11,\"publisher\":{\"@id\":\"https:\\\/\\\/baranowscy.eu\\\/wordpress\\\/#organization\"},\"image\":{\"@id\":\"https:\\\/\\\/baranowscy.eu\\\/wordpress\\\/20-ksiazek-dla-dzieci-ktore-porusza-ich-wrazliwosc-przyrodnicza\\\/#primaryimage\"},\"thumbnailUrl\":\"https:\\\/\\\/baranowscy.eu\\\/wordpress\\\/wp-content\\\/uploads\\\/2018\\\/05\\\/20_ksiazek_dla_dzieci.jpg\",\"keywords\":[\"Albus\",\"Dwie Siostry\",\"Dzie\u0144 Dziecka\",\"ksi\u0105\u017cki\",\"ksi\u0105\u017cki dla dzieci\",\"Nasza Ksi\u0119garnia\"],\"articleSection\":[\"ksi\u0105\u017cki dla dzieci\",\"recenzje\"],\"inLanguage\":\"pl-PL\",\"potentialAction\":[{\"@type\":\"CommentAction\",\"name\":\"Comment\",\"target\":[\"https:\\\/\\\/baranowscy.eu\\\/wordpress\\\/20-ksiazek-dla-dzieci-ktore-porusza-ich-wrazliwosc-przyrodnicza\\\/#respond\"]}]},{\"@type\":\"WebPage\",\"@id\":\"https:\\\/\\\/baranowscy.eu\\\/wordpress\\\/20-ksiazek-dla-dzieci-ktore-porusza-ich-wrazliwosc-przyrodnicza\\\/\",\"url\":\"https:\\\/\\\/baranowscy.eu\\\/wordpress\\\/20-ksiazek-dla-dzieci-ktore-porusza-ich-wrazliwosc-przyrodnicza\\\/\",\"name\":\"20 ksi\u0105\u017cek dla dzieci, kt\u00f3re porusz\u0105 ich wra\u017cliwo\u015b\u0107 przyrodnicz\u0105 - organiczni.eu\",\"isPartOf\":{\"@id\":\"https:\\\/\\\/baranowscy.eu\\\/wordpress\\\/#website\"},\"primaryImageOfPage\":{\"@id\":\"https:\\\/\\\/baranowscy.eu\\\/wordpress\\\/20-ksiazek-dla-dzieci-ktore-porusza-ich-wrazliwosc-przyrodnicza\\\/#primaryimage\"},\"image\":{\"@id\":\"https:\\\/\\\/baranowscy.eu\\\/wordpress\\\/20-ksiazek-dla-dzieci-ktore-porusza-ich-wrazliwosc-przyrodnicza\\\/#primaryimage\"},\"thumbnailUrl\":\"https:\\\/\\\/baranowscy.eu\\\/wordpress\\\/wp-content\\\/uploads\\\/2018\\\/05\\\/20_ksiazek_dla_dzieci.jpg\",\"datePublished\":\"2018-05-30T07:50:05+00:00\",\"dateModified\":\"2018-05-30T09:46:30+00:00\",\"description\":\"Za chwil\u0119 Dzie\u0144 Dziecka i wspania\u0142a okazja, aby obdarowa\u0107 najm\u0142odszych dobrym ksi\u0105\u017ckami. A \u017ce nasza dzieci\u0119ca biblioteka ekologiczna ma ju\u017c kilkadziesi\u0105t ciekawych pozycji, wzbogaconych niedawno podczas Warszawskich Targ\u00f3w Ksi\u0105\u017cki, chcia\u0142am si\u0119 z Wami podzieli\u0107 kilkoma tytu\u0142ami wartymi uwagi.\",\"breadcrumb\":{\"@id\":\"https:\\\/\\\/baranowscy.eu\\\/wordpress\\\/20-ksiazek-dla-dzieci-ktore-porusza-ich-wrazliwosc-przyrodnicza\\\/#breadcrumb\"},\"inLanguage\":\"pl-PL\",\"potentialAction\":[{\"@type\":\"ReadAction\",\"target\":[\"https:\\\/\\\/baranowscy.eu\\\/wordpress\\\/20-ksiazek-dla-dzieci-ktore-porusza-ich-wrazliwosc-przyrodnicza\\\/\"]}]},{\"@type\":\"ImageObject\",\"inLanguage\":\"pl-PL\",\"@id\":\"https:\\\/\\\/baranowscy.eu\\\/wordpress\\\/20-ksiazek-dla-dzieci-ktore-porusza-ich-wrazliwosc-przyrodnicza\\\/#primaryimage\",\"url\":\"https:\\\/\\\/baranowscy.eu\\\/wordpress\\\/wp-content\\\/uploads\\\/2018\\\/05\\\/20_ksiazek_dla_dzieci.jpg\",\"contentUrl\":\"https:\\\/\\\/baranowscy.eu\\\/wordpress\\\/wp-content\\\/uploads\\\/2018\\\/05\\\/20_ksiazek_dla_dzieci.jpg\",\"width\":1200,\"height\":628},{\"@type\":\"BreadcrumbList\",\"@id\":\"https:\\\/\\\/baranowscy.eu\\\/wordpress\\\/20-ksiazek-dla-dzieci-ktore-porusza-ich-wrazliwosc-przyrodnicza\\\/#breadcrumb\",\"itemListElement\":[{\"@type\":\"ListItem\",\"position\":1,\"name\":\"Strona g\u0142\u00f3wna\",\"item\":\"https:\\\/\\\/baranowscy.eu\\\/wordpress\\\/\"},{\"@type\":\"ListItem\",\"position\":2,\"name\":\"20 ksi\u0105\u017cek dla dzieci, kt\u00f3re porusz\u0105 ich wra\u017cliwo\u015b\u0107 przyrodnicz\u0105\"}]},{\"@type\":\"WebSite\",\"@id\":\"https:\\\/\\\/baranowscy.eu\\\/wordpress\\\/#website\",\"url\":\"https:\\\/\\\/baranowscy.eu\\\/wordpress\\\/\",\"name\":\"organiczni.eu\",\"description\":\"Najbardziej wszechstronny blog ekologiczny\",\"publisher\":{\"@id\":\"https:\\\/\\\/baranowscy.eu\\\/wordpress\\\/#organization\"},\"potentialAction\":[{\"@type\":\"SearchAction\",\"target\":{\"@type\":\"EntryPoint\",\"urlTemplate\":\"https:\\\/\\\/baranowscy.eu\\\/wordpress\\\/?s={search_term_string}\"},\"query-input\":{\"@type\":\"PropertyValueSpecification\",\"valueRequired\":true,\"valueName\":\"search_term_string\"}}],\"inLanguage\":\"pl-PL\"},{\"@type\":\"Organization\",\"@id\":\"https:\\\/\\\/baranowscy.eu\\\/wordpress\\\/#organization\",\"name\":\"organiczni.eu\",\"url\":\"https:\\\/\\\/baranowscy.eu\\\/wordpress\\\/\",\"logo\":{\"@type\":\"ImageObject\",\"inLanguage\":\"pl-PL\",\"@id\":\"https:\\\/\\\/baranowscy.eu\\\/wordpress\\\/#\\\/schema\\\/logo\\\/image\\\/\",\"url\":\"https:\\\/\\\/baranowscy.eu\\\/wordpress\\\/wp-content\\\/uploads\\\/2018\\\/01\\\/logo_duze.png\",\"contentUrl\":\"https:\\\/\\\/baranowscy.eu\\\/wordpress\\\/wp-content\\\/uploads\\\/2018\\\/01\\\/logo_duze.png\",\"width\":1398,\"height\":300,\"caption\":\"organiczni.eu\"},\"image\":{\"@id\":\"https:\\\/\\\/baranowscy.eu\\\/wordpress\\\/#\\\/schema\\\/logo\\\/image\\\/\"},\"sameAs\":[\"https:\\\/\\\/www.facebook.com\\\/organiczni\\\/\",\"https:\\\/\\\/www.instagram.com\\\/organiczni.eu\\\/\"]},{\"@type\":\"Person\",\"@id\":\"https:\\\/\\\/baranowscy.eu\\\/wordpress\\\/#\\\/schema\\\/person\\\/741d5f1f3fd2833c5ca2ffdaaa93dc73\",\"name\":\"joanna\",\"image\":{\"@type\":\"ImageObject\",\"inLanguage\":\"pl-PL\",\"@id\":\"https:\\\/\\\/secure.gravatar.com\\\/avatar\\\/a59b1be4fa5d200ee0af0ba4bbcdb691da1d589b419bae23d7aa5a15d820e28e?s=96&d=identicon&r=g\",\"url\":\"https:\\\/\\\/secure.gravatar.com\\\/avatar\\\/a59b1be4fa5d200ee0af0ba4bbcdb691da1d589b419bae23d7aa5a15d820e28e?s=96&d=identicon&r=g\",\"contentUrl\":\"https:\\\/\\\/secure.gravatar.com\\\/avatar\\\/a59b1be4fa5d200ee0af0ba4bbcdb691da1d589b419bae23d7aa5a15d820e28e?s=96&d=identicon&r=g\",\"caption\":\"joanna\"},\"sameAs\":[\"https:\\\/\\\/organiczni.baranowscy.eu\"],\"url\":\"https:\\\/\\\/baranowscy.eu\\\/wordpress\\\/author\\\/admin\\\/\"}]}<\/script>\n<!-- \/ Yoast SEO plugin. -->","yoast_head_json":{"title":"20 ksi\u0105\u017cek dla dzieci, kt\u00f3re porusz\u0105 ich wra\u017cliwo\u015b\u0107 przyrodnicz\u0105 - organiczni.eu","description":"Za chwil\u0119 Dzie\u0144 Dziecka i wspania\u0142a okazja, aby obdarowa\u0107 najm\u0142odszych dobrym ksi\u0105\u017ckami. A \u017ce nasza dzieci\u0119ca biblioteka ekologiczna ma ju\u017c kilkadziesi\u0105t ciekawych pozycji, wzbogaconych niedawno podczas Warszawskich Targ\u00f3w Ksi\u0105\u017cki, chcia\u0142am si\u0119 z Wami podzieli\u0107 kilkoma tytu\u0142ami wartymi uwagi.","robots":{"index":"index","follow":"follow","max-snippet":"max-snippet:-1","max-image-preview":"max-image-preview:large","max-video-preview":"max-video-preview:-1"},"canonical":"https:\/\/baranowscy.eu\/wordpress\/20-ksiazek-dla-dzieci-ktore-porusza-ich-wrazliwosc-przyrodnicza\/","og_locale":"pl_PL","og_type":"article","og_title":"20 ksi\u0105\u017cek dla dzieci, kt\u00f3re porusz\u0105 ich wra\u017cliwo\u015b\u0107 przyrodnicz\u0105 - organiczni.eu","og_description":"Za chwil\u0119 Dzie\u0144 Dziecka i wspania\u0142a okazja, aby obdarowa\u0107 najm\u0142odszych dobrym ksi\u0105\u017ckami. A \u017ce nasza dzieci\u0119ca biblioteka ekologiczna ma ju\u017c kilkadziesi\u0105t ciekawych pozycji, wzbogaconych niedawno podczas Warszawskich Targ\u00f3w Ksi\u0105\u017cki, chcia\u0142am si\u0119 z Wami podzieli\u0107 kilkoma tytu\u0142ami wartymi uwagi.","og_url":"https:\/\/baranowscy.eu\/wordpress\/20-ksiazek-dla-dzieci-ktore-porusza-ich-wrazliwosc-przyrodnicza\/","og_site_name":"organiczni.eu","article_publisher":"https:\/\/www.facebook.com\/organiczni\/","article_published_time":"2018-05-30T07:50:05+00:00","article_modified_time":"2018-05-30T09:46:30+00:00","og_image":[{"width":1200,"height":628,"url":"https:\/\/baranowscy.eu\/wordpress\/wp-content\/uploads\/2018\/05\/20_ksiazek_dla_dzieci.jpg","type":"image\/jpeg"}],"author":"joanna","twitter_card":"summary_large_image","twitter_misc":{"Napisane przez":"joanna","Szacowany czas czytania":"12 minut"},"schema":{"@context":"https:\/\/schema.org","@graph":[{"@type":"Article","@id":"https:\/\/baranowscy.eu\/wordpress\/20-ksiazek-dla-dzieci-ktore-porusza-ich-wrazliwosc-przyrodnicza\/#article","isPartOf":{"@id":"https:\/\/baranowscy.eu\/wordpress\/20-ksiazek-dla-dzieci-ktore-porusza-ich-wrazliwosc-przyrodnicza\/"},"author":{"name":"joanna","@id":"https:\/\/baranowscy.eu\/wordpress\/#\/schema\/person\/741d5f1f3fd2833c5ca2ffdaaa93dc73"},"headline":"20 ksi\u0105\u017cek dla dzieci, kt\u00f3re porusz\u0105 ich wra\u017cliwo\u015b\u0107 przyrodnicz\u0105","datePublished":"2018-05-30T07:50:05+00:00","dateModified":"2018-05-30T09:46:30+00:00","mainEntityOfPage":{"@id":"https:\/\/baranowscy.eu\/wordpress\/20-ksiazek-dla-dzieci-ktore-porusza-ich-wrazliwosc-przyrodnicza\/"},"wordCount":2432,"commentCount":11,"publisher":{"@id":"https:\/\/baranowscy.eu\/wordpress\/#organization"},"image":{"@id":"https:\/\/baranowscy.eu\/wordpress\/20-ksiazek-dla-dzieci-ktore-porusza-ich-wrazliwosc-przyrodnicza\/#primaryimage"},"thumbnailUrl":"https:\/\/baranowscy.eu\/wordpress\/wp-content\/uploads\/2018\/05\/20_ksiazek_dla_dzieci.jpg","keywords":["Albus","Dwie Siostry","Dzie\u0144 Dziecka","ksi\u0105\u017cki","ksi\u0105\u017cki dla dzieci","Nasza Ksi\u0119garnia"],"articleSection":["ksi\u0105\u017cki dla dzieci","recenzje"],"inLanguage":"pl-PL","potentialAction":[{"@type":"CommentAction","name":"Comment","target":["https:\/\/baranowscy.eu\/wordpress\/20-ksiazek-dla-dzieci-ktore-porusza-ich-wrazliwosc-przyrodnicza\/#respond"]}]},{"@type":"WebPage","@id":"https:\/\/baranowscy.eu\/wordpress\/20-ksiazek-dla-dzieci-ktore-porusza-ich-wrazliwosc-przyrodnicza\/","url":"https:\/\/baranowscy.eu\/wordpress\/20-ksiazek-dla-dzieci-ktore-porusza-ich-wrazliwosc-przyrodnicza\/","name":"20 ksi\u0105\u017cek dla dzieci, kt\u00f3re porusz\u0105 ich wra\u017cliwo\u015b\u0107 przyrodnicz\u0105 - organiczni.eu","isPartOf":{"@id":"https:\/\/baranowscy.eu\/wordpress\/#website"},"primaryImageOfPage":{"@id":"https:\/\/baranowscy.eu\/wordpress\/20-ksiazek-dla-dzieci-ktore-porusza-ich-wrazliwosc-przyrodnicza\/#primaryimage"},"image":{"@id":"https:\/\/baranowscy.eu\/wordpress\/20-ksiazek-dla-dzieci-ktore-porusza-ich-wrazliwosc-przyrodnicza\/#primaryimage"},"thumbnailUrl":"https:\/\/baranowscy.eu\/wordpress\/wp-content\/uploads\/2018\/05\/20_ksiazek_dla_dzieci.jpg","datePublished":"2018-05-30T07:50:05+00:00","dateModified":"2018-05-30T09:46:30+00:00","description":"Za chwil\u0119 Dzie\u0144 Dziecka i wspania\u0142a okazja, aby obdarowa\u0107 najm\u0142odszych dobrym ksi\u0105\u017ckami. A \u017ce nasza dzieci\u0119ca biblioteka ekologiczna ma ju\u017c kilkadziesi\u0105t ciekawych pozycji, wzbogaconych niedawno podczas Warszawskich Targ\u00f3w Ksi\u0105\u017cki, chcia\u0142am si\u0119 z Wami podzieli\u0107 kilkoma tytu\u0142ami wartymi uwagi.","breadcrumb":{"@id":"https:\/\/baranowscy.eu\/wordpress\/20-ksiazek-dla-dzieci-ktore-porusza-ich-wrazliwosc-przyrodnicza\/#breadcrumb"},"inLanguage":"pl-PL","potentialAction":[{"@type":"ReadAction","target":["https:\/\/baranowscy.eu\/wordpress\/20-ksiazek-dla-dzieci-ktore-porusza-ich-wrazliwosc-przyrodnicza\/"]}]},{"@type":"ImageObject","inLanguage":"pl-PL","@id":"https:\/\/baranowscy.eu\/wordpress\/20-ksiazek-dla-dzieci-ktore-porusza-ich-wrazliwosc-przyrodnicza\/#primaryimage","url":"https:\/\/baranowscy.eu\/wordpress\/wp-content\/uploads\/2018\/05\/20_ksiazek_dla_dzieci.jpg","contentUrl":"https:\/\/baranowscy.eu\/wordpress\/wp-content\/uploads\/2018\/05\/20_ksiazek_dla_dzieci.jpg","width":1200,"height":628},{"@type":"BreadcrumbList","@id":"https:\/\/baranowscy.eu\/wordpress\/20-ksiazek-dla-dzieci-ktore-porusza-ich-wrazliwosc-przyrodnicza\/#breadcrumb","itemListElement":[{"@type":"ListItem","position":1,"name":"Strona g\u0142\u00f3wna","item":"https:\/\/baranowscy.eu\/wordpress\/"},{"@type":"ListItem","position":2,"name":"20 ksi\u0105\u017cek dla dzieci, kt\u00f3re porusz\u0105 ich wra\u017cliwo\u015b\u0107 przyrodnicz\u0105"}]},{"@type":"WebSite","@id":"https:\/\/baranowscy.eu\/wordpress\/#website","url":"https:\/\/baranowscy.eu\/wordpress\/","name":"organiczni.eu","description":"Najbardziej wszechstronny blog ekologiczny","publisher":{"@id":"https:\/\/baranowscy.eu\/wordpress\/#organization"},"potentialAction":[{"@type":"SearchAction","target":{"@type":"EntryPoint","urlTemplate":"https:\/\/baranowscy.eu\/wordpress\/?s={search_term_string}"},"query-input":{"@type":"PropertyValueSpecification","valueRequired":true,"valueName":"search_term_string"}}],"inLanguage":"pl-PL"},{"@type":"Organization","@id":"https:\/\/baranowscy.eu\/wordpress\/#organization","name":"organiczni.eu","url":"https:\/\/baranowscy.eu\/wordpress\/","logo":{"@type":"ImageObject","inLanguage":"pl-PL","@id":"https:\/\/baranowscy.eu\/wordpress\/#\/schema\/logo\/image\/","url":"https:\/\/baranowscy.eu\/wordpress\/wp-content\/uploads\/2018\/01\/logo_duze.png","contentUrl":"https:\/\/baranowscy.eu\/wordpress\/wp-content\/uploads\/2018\/01\/logo_duze.png","width":1398,"height":300,"caption":"organiczni.eu"},"image":{"@id":"https:\/\/baranowscy.eu\/wordpress\/#\/schema\/logo\/image\/"},"sameAs":["https:\/\/www.facebook.com\/organiczni\/","https:\/\/www.instagram.com\/organiczni.eu\/"]},{"@type":"Person","@id":"https:\/\/baranowscy.eu\/wordpress\/#\/schema\/person\/741d5f1f3fd2833c5ca2ffdaaa93dc73","name":"joanna","image":{"@type":"ImageObject","inLanguage":"pl-PL","@id":"https:\/\/secure.gravatar.com\/avatar\/a59b1be4fa5d200ee0af0ba4bbcdb691da1d589b419bae23d7aa5a15d820e28e?s=96&d=identicon&r=g","url":"https:\/\/secure.gravatar.com\/avatar\/a59b1be4fa5d200ee0af0ba4bbcdb691da1d589b419bae23d7aa5a15d820e28e?s=96&d=identicon&r=g","contentUrl":"https:\/\/secure.gravatar.com\/avatar\/a59b1be4fa5d200ee0af0ba4bbcdb691da1d589b419bae23d7aa5a15d820e28e?s=96&d=identicon&r=g","caption":"joanna"},"sameAs":["https:\/\/organiczni.baranowscy.eu"],"url":"https:\/\/baranowscy.eu\/wordpress\/author\/admin\/"}]}},"jetpack_featured_media_url":"https:\/\/baranowscy.eu\/wordpress\/wp-content\/uploads\/2018\/05\/20_ksiazek_dla_dzieci.jpg","jetpack_sharing_enabled":true,"_links":{"self":[{"href":"https:\/\/baranowscy.eu\/wordpress\/wp-json\/wp\/v2\/posts\/8065","targetHints":{"allow":["GET"]}}],"collection":[{"href":"https:\/\/baranowscy.eu\/wordpress\/wp-json\/wp\/v2\/posts"}],"about":[{"href":"https:\/\/baranowscy.eu\/wordpress\/wp-json\/wp\/v2\/types\/post"}],"author":[{"embeddable":true,"href":"https:\/\/baranowscy.eu\/wordpress\/wp-json\/wp\/v2\/users\/1"}],"replies":[{"embeddable":true,"href":"https:\/\/baranowscy.eu\/wordpress\/wp-json\/wp\/v2\/comments?post=8065"}],"version-history":[{"count":34,"href":"https:\/\/baranowscy.eu\/wordpress\/wp-json\/wp\/v2\/posts\/8065\/revisions"}],"predecessor-version":[{"id":8142,"href":"https:\/\/baranowscy.eu\/wordpress\/wp-json\/wp\/v2\/posts\/8065\/revisions\/8142"}],"wp:featuredmedia":[{"embeddable":true,"href":"https:\/\/baranowscy.eu\/wordpress\/wp-json\/wp\/v2\/media\/8088"}],"wp:attachment":[{"href":"https:\/\/baranowscy.eu\/wordpress\/wp-json\/wp\/v2\/media?parent=8065"}],"wp:term":[{"taxonomy":"category","embeddable":true,"href":"https:\/\/baranowscy.eu\/wordpress\/wp-json\/wp\/v2\/categories?post=8065"},{"taxonomy":"post_tag","embeddable":true,"href":"https:\/\/baranowscy.eu\/wordpress\/wp-json\/wp\/v2\/tags?post=8065"}],"curies":[{"name":"wp","href":"https:\/\/api.w.org\/{rel}","templated":true}]}}