{"id":7984,"date":"2018-05-16T12:13:06","date_gmt":"2018-05-16T10:13:06","guid":{"rendered":"http:\/\/baranowscy.eu\/wordpress\/?p=7984"},"modified":"2018-05-16T12:47:44","modified_gmt":"2018-05-16T10:47:44","slug":"5xo-majowka-w-beskidzie-niskim","status":"publish","type":"post","link":"https:\/\/baranowscy.eu\/wordpress\/5xo-majowka-w-beskidzie-niskim\/","title":{"rendered":"5xO. Maj\u00f3wka w Beskidzie Niskim, czyli troch\u0119 o sporcie"},"content":{"rendered":"<p><strong>Maj\u00f3wka w Beskidzie Niskim by\u0142a naszym wypadem na ostatni\u0105 chwil\u0119. Z trudem znale\u017ali\u015bmy nocleg (ale za to w jakim miejscu!), wst\u0119pnie um\u00f3wili\u015bmy si\u0119 na obiad z pewn\u0105 ekoblogerk\u0105 i w \u015bwi\u0105teczny czwartek rano ruszyli\u015bmy na po\u0142udnie Polski w kierunku Ropy. Celem by\u0142o oczywi\u015bcie naoczne przekonanie si\u0119 o mo\u017cliwo\u015bciach beskidzkich tras rowerowych.<\/strong><\/p>\n<p>Beskidy znam z lat m\u0142odo\u015bci, kiedy jako kilkunastolatka je\u017adzi\u0142am w g\u00f3ry na letnie obozy (katolickie!) pod namiot i przesz\u0142am wszerz i wzd\u0142u\u017c najwa\u017cniejsze szlaki. Tak si\u0119 jednak z\u0142o\u017cy\u0142o, \u017ce w czasach studenckich chodzenie po g\u00f3rach zamieni\u0142am na coroczne wypady z je\u017cd\u017ceniem po g\u00f3rach rowerem, a Beskidy na Tatry.<\/p>\n<figure id=\"attachment_7987\" aria-describedby=\"caption-attachment-7987\" style=\"width: 600px\" class=\"wp-caption aligncenter\"><img loading=\"lazy\" decoding=\"async\" class=\"size-full wp-image-7987\" src=\"https:\/\/baranowscy.eu\/wordpress\/wp-content\/uploads\/2018\/05\/majowka_beskidy_1.jpg\" alt=\"Kolory wiosny w Beskidach\" width=\"600\" height=\"667\" \/><figcaption id=\"caption-attachment-7987\" class=\"wp-caption-text\">Kolory wiosny w Beskidach<\/figcaption><\/figure>\n<p>Powr\u00f3t w Beskidy by\u0142 dla mnie du\u017c\u0105 przyjemno\u015bci\u0105, cho\u0107 i zmierzeniem si\u0119 z wyzwaniem. Przyzwyczajona do znanych ostrych podjazd\u00f3w, znanych ostrych zjazd\u00f3w oraz nieod\u0142\u0105cznego widoku Tatr, znalaz\u0142am si\u0119 w nowym rowerowym otoczeniu. Mia\u0142am przed sob\u0105 zadanie zrobienia trasy polecanej przez Dorot\u0119: <strong>&gt;&gt; <a href=\"http:\/\/ekoeksperymenty.blogspot.com\/2015\/12\/trasa-rowerowa-osemka-na-szosie-jeden.html\" target=\"_blank\" rel=\"noopener\">Rowerowa \u00f3semka na szosie<\/a><\/strong>. Moja wczesnomajowa forma nie by\u0142a jeszcze zadowalaj\u0105ca. W Tatrach zwykle wystarcz\u0105 trzy, cztery dni je\u017cd\u017cenia do aklimatyzacji. Tu mia\u0142am p\u00f3\u0142tora dnia na przygotowanie, z czego kawa\u0142ek wygl\u0105da\u0142 tak:<\/p>\n<figure id=\"attachment_7988\" aria-describedby=\"caption-attachment-7988\" style=\"width: 600px\" class=\"wp-caption aligncenter\"><img loading=\"lazy\" decoding=\"async\" class=\"size-full wp-image-7988\" src=\"https:\/\/baranowscy.eu\/wordpress\/wp-content\/uploads\/2018\/05\/majowka_beskidy_2.jpg\" alt=\"To mia\u0142a by\u0107 \u015bwietna trasa rowerowa\" width=\"600\" height=\"667\" \/><figcaption id=\"caption-attachment-7988\" class=\"wp-caption-text\">To mia\u0142a by\u0107 \u015bwietna trasa rowerowa<\/figcaption><\/figure>\n<p>Podczas naszego 3,5-dniowego wypadu Tadek korzysta\u0142 z mo\u017cliwo\u015bci jazdy, kiedy si\u0119 da\u0142o, zrobi\u0142 kilka tras, skoczy\u0142 te\u017c za granic\u0119 do S\u0142owacji. Troch\u0119 je\u017adzili\u015bmy z dzie\u0107mi (lub szli\u015bmy z rowerami pod pach\u0105, jak na powy\u017cszym zdj\u0119ciu).<\/p>\n<p><strong>Uda\u0142o nam si\u0119 te\u017c odwiedzi\u0107 Dorot\u0119, jej m\u0119\u017ca i synka w ich beskidzkiej przystani.<\/strong> Wreszcie mog\u0142y\u015bmy si\u0119 pozna\u0107 osobi\u015bcie! Zostali\u015bmy pocz\u0119stowani pysznym obiadem, przygotowanym na bazie w\u0142asnor\u0119cznie wyhodowanych warzyw.<\/p>\n<figure id=\"attachment_7989\" aria-describedby=\"caption-attachment-7989\" style=\"width: 600px\" class=\"wp-caption aligncenter\"><img loading=\"lazy\" decoding=\"async\" class=\"size-full wp-image-7989\" src=\"https:\/\/baranowscy.eu\/wordpress\/wp-content\/uploads\/2018\/05\/majowka_beskidy_3.jpg\" alt=\"Bliskie spotkania ekoblogerek\" width=\"600\" height=\"667\" \/><figcaption id=\"caption-attachment-7989\" class=\"wp-caption-text\">Bliskie spotkania ekoblogerek<\/figcaption><\/figure>\n<p>Dorota opr\u00f3cz prowadzenia bloga <strong>&gt;&gt;\u00a0<a href=\"https:\/\/ekoeksperymenty.blogspot.com\" target=\"_blank\" rel=\"noopener\">EkoEksperymenty<\/a> <\/strong>jest kolark\u0105, a na blogu pisze o trasach i rowerowych wyzwaniach. Dzi\u0119ki temu, \u017ce na blogu opisuje kilka ciekawych wyzwa\u0144, Tadek mia\u0142 u\u0142atwione zadanie pod wzgl\u0119dem szybkiego zaplanowania wycieczek. Moim celem by\u0142o zrobi\u0107 \u00f3semk\u0119 z Bielank\u0105. Cz\u0119\u015b\u0107 trasy wyznaczona jest wok\u00f3\u0142 zalewu Klimk\u00f3wka, a my w\u0142a\u015bnie w Klimk\u00f3wce nad zalewem mieli\u015bmy swoj\u0105 baz\u0119 (100 metr\u00f3w od pla\u017cy).<\/p>\n<h2>Podr\u00f3\u017c i sprz\u0119t<\/h2>\n<p>Z Warszawy do Ropy podr\u00f3\u017cowali\u015bmy autem, a co ciekawe, podczas podr\u00f3\u017cy zastanawiali\u015bmy si\u0119, kiedy na \u015bwiecie sko\u0144czy si\u0119 ropa i czy powinni\u015bmy zgromadzi\u0107 zapasy benzyny, bo zacznie si\u0119 wojna o paliwo. (Czarne my\u015bli towarzysz\u0105 mi szczeg\u00f3lnie, odk\u0105d czytam &#8222;\u015awiat na rozdro\u017cu&#8221; Marcina Popkiewicza, a czytam mozolnie, bo ta lektura mnie potwornie dobija. Zdecydowanie, na maj\u00f3wk\u0119 jest zbyt ci\u0119\u017cka).<\/p>\n<p><strong>W g\u00f3ry zabrali\u015bmy cztery rowery, ka\u017cdy mia\u0142 sw\u00f3j. Ja zmieni\u0142am swojemu g\u00f3ralowi opony na slicki (czyli \u0142yse), Tadek mia\u0142 swoj\u0105 najlepsz\u0105 szos\u0119, ch\u0142opcy g\u00f3rale na ko\u0142ach 20 i 24 cale (m\u0142odszy syn zmieni\u0142 rower na wi\u0119kszy dos\u0142ownie dzie\u0144 przed wyjazdem).<\/strong> Nasz starszy syn je\u017adzi ju\u017c w butach z SPD, wi\u0119c niestraszne mu podjazdy. M\u0142odszy dawa\u0142 rad\u0119, cho\u0107 mia\u0142 problem ze zmian\u0105 przerzutek i ostatecznie prawie z nich nie korzysta\u0142.<\/p>\n<figure id=\"attachment_7991\" aria-describedby=\"caption-attachment-7991\" style=\"width: 600px\" class=\"wp-caption aligncenter\"><img loading=\"lazy\" decoding=\"async\" class=\"size-full wp-image-7991\" src=\"https:\/\/baranowscy.eu\/wordpress\/wp-content\/uploads\/2018\/05\/majowka_beskidy_4.jpg\" alt=\"Maj\u00f3wka w Beskidzie Niskim\" width=\"600\" height=\"667\" \/><figcaption id=\"caption-attachment-7991\" class=\"wp-caption-text\">Maj\u00f3wka w Beskidzie Niskim<\/figcaption><\/figure>\n<p><strong>Z rowerem naszego syna \u0142\u0105czy si\u0119 te\u017c ciekawa historia.<\/strong> J. kupi\u0142 go sobie za od\u0142o\u017cone pieni\u0105dze. Tadek wybra\u0142 da niego Orbe\u0119, rower produkowany w Europie przez jedn\u0105 z najstarszych firm rowerowych, mieszcz\u0105c\u0105 si\u0119 w Kraju Bask\u00f3w (rama pochodzi akurat z Portugalii), nale\u017c\u0105ca do grupy kooperatyw. <strong>W\u0142a\u015bciwie przez przypadek dowiedzieli\u015bmy si\u0119, \u017ce kupienie europejskiego, etycznego roweru jest mo\u017cliwe. <\/strong>Niestety, coraz trudniejsze, poniewa\u017c wi\u0119kszo\u015b\u0107 cz\u0119\u015bci i akcesori\u00f3w powstaje w Chinach. (M\u00f3j szosowy Kanarek ma wielki napis MADE IN USA, ale nie wiem tak naprawd\u0119, co to oznacza).<\/p>\n<p><strong>I tak dochodzimy do smutnej konstatacji, \u017ce nawet najlepszy sport na \u015bwiecie (kolarstwo) nie mo\u017ce by\u0107 tak ekologiczny i zero waste, jak by\u015bmy chcieli.<\/strong> Nawet je\u015bli cz\u0119\u015b\u0107 naszych rower\u00f3w by\u0142o kupowanych z drugiej r\u0119ki, to wci\u0105\u017c trzeba je konserwowa\u0107 i wymienia\u0107 cz\u0119\u015bci. Dopiero co Tadek wymieni\u0142 opony w starej szosie na nowe, bo tamte si\u0119 rozlecia\u0142y.<\/p>\n<figure id=\"attachment_7997\" aria-describedby=\"caption-attachment-7997\" style=\"width: 600px\" class=\"wp-caption aligncenter\"><img loading=\"lazy\" decoding=\"async\" class=\"size-full wp-image-7997\" src=\"https:\/\/baranowscy.eu\/wordpress\/wp-content\/uploads\/2018\/05\/majowka_beskidy_6.jpg\" alt=\"Borsuk na slickach\" width=\"600\" height=\"667\" \/><figcaption id=\"caption-attachment-7997\" class=\"wp-caption-text\">Borsuk na slickach<\/figcaption><\/figure>\n<p>Je\u015bli sport wymaga sprz\u0119tu,\u00a0 a sprz\u0119t jest intensywnie u\u017cywany, to nie unikniemy kosztu \u015brodowiskowego.\u00a0 Osobn\u0105 kwesti\u0105 jest sportowy ubi\u00f3r (temat, do kt\u00f3rego wr\u00f3c\u0119). Czy mam jak\u0105\u015b rad\u0119 na to? <strong>Chyba tylko minimalizacja potrzeb i maksymalizacja stara\u0144, aby naprawia\u0107 sprz\u0119t i dba\u0107, aby by\u0142 w dobrym stanie.<\/strong> Oraz niegardzenie u\u017cywanymi cz\u0119\u015bciami (nigdy kosztem bezpiecze\u0144stwa, oczywi\u015bcie). Bilans dla naszego zdrowia i planety b\u0119dzie mimo wszystko korzystniejszy, kiedy b\u0119dziemy je\u017adzi\u0107 na rowerze wsz\u0119dzie tam, gdzie jest to mo\u017cliwe.<\/p>\n<figure id=\"attachment_7996\" aria-describedby=\"caption-attachment-7996\" style=\"width: 600px\" class=\"wp-caption aligncenter\"><img loading=\"lazy\" decoding=\"async\" class=\"size-full wp-image-7996\" src=\"https:\/\/baranowscy.eu\/wordpress\/wp-content\/uploads\/2018\/05\/majowka_beskidy_5.jpg\" alt=\"Zalew Klimk\u00f3wka\" width=\"600\" height=\"667\" \/><figcaption id=\"caption-attachment-7996\" class=\"wp-caption-text\">Zalew Klimk\u00f3wka<\/figcaption><\/figure>\n<h2>Beskidzka \u00f3semka wg Doroty<\/h2>\n<p>Jak ju\u017c pisa\u0142am, je\u017cd\u017c\u0119 raczej po Tatrach, gdzie trasy s\u0105 raczej ostre. <strong>Beskidy zaskakiwa\u0142y mnie nowymi widokami.<\/strong> Zalew Klimk\u00f3wka by\u0142 dla mnie zupe\u0142ne nowy, za moich m\u0142odych lat jeszcze go nie by\u0142o.<\/p>\n<p>W Beskidzie Niskim wsz\u0119dzie wida\u0107 cerkwie (czasem przerobione na ko\u015bcio\u0142y katolickie), wi\u0119kszo\u015b\u0107 z nich jest wiekowa i warta uwagi (np. ta w Kwiatoniu). Jest pi\u0119knie!<\/p>\n<figure id=\"attachment_7998\" aria-describedby=\"caption-attachment-7998\" style=\"width: 995px\" class=\"wp-caption aligncenter\"><img loading=\"lazy\" decoding=\"async\" class=\"size-full wp-image-7998\" src=\"https:\/\/baranowscy.eu\/wordpress\/wp-content\/uploads\/2018\/05\/majowka_beskidy_7.jpg\" alt=\"\u00d3semka z podjazdem na Bielank\u0119\" width=\"995\" height=\"595\" srcset=\"https:\/\/baranowscy.eu\/wordpress\/wp-content\/uploads\/2018\/05\/majowka_beskidy_7.jpg 995w, https:\/\/baranowscy.eu\/wordpress\/wp-content\/uploads\/2018\/05\/majowka_beskidy_7-300x179.jpg 300w, https:\/\/baranowscy.eu\/wordpress\/wp-content\/uploads\/2018\/05\/majowka_beskidy_7-600x359.jpg 600w, https:\/\/baranowscy.eu\/wordpress\/wp-content\/uploads\/2018\/05\/majowka_beskidy_7-768x459.jpg 768w, https:\/\/baranowscy.eu\/wordpress\/wp-content\/uploads\/2018\/05\/majowka_beskidy_7-560x335.jpg 560w\" sizes=\"auto, (max-width: 995px) 100vw, 995px\" \/><figcaption id=\"caption-attachment-7998\" class=\"wp-caption-text\">\u00d3semka z podjazdem na Bielank\u0119<\/figcaption><\/figure>\n<p>Trasa, kt\u00f3r\u0105 poleca Dorota, to 40 km i oko\u0142o 670 m przewy\u017cszenia. <strong>By\u0142o to dla mnie wyzwaniem, kt\u00f3re ch\u0119tnie powt\u00f3rz\u0119 z zegarkiem w r\u0119ku<\/strong> (tak jak co roku sprawdzam form\u0119 na p\u0119tli Ma\u0142e Ciche &#8211; Wierchporoniec &#8211; G\u0142od\u00f3wka &#8211; Bukowina &#8211; Ma\u0142e Ciche). Zdecydowanie polecam tras\u0119, bo jest atrakcyjna r\u00f3wnie\u017c przyrodniczo i cho\u0107 drogi nie zawsze spe\u0142niaj\u0105 oczekiwane standardy, mia\u0142am z niej du\u017co przyjemno\u015bci.<\/p>\n<p>Ca\u0142\u0105 tras\u0119, bardzo dobrze opisan\u0105, znajdziecie <strong>&gt;&gt; <a href=\"http:\/\/ekoeksperymenty.blogspot.com\/2015\/12\/trasa-rowerowa-osemka-na-szosie-jeden.html\" target=\"_blank\" rel=\"noopener\">tutaj<\/a><\/strong>.<\/p>\n<h2>Maj\u00f3wka w Beskidzie Niskim: rower wodny!<\/h2>\n<p><strong>Po zrobieniu \u00f3semki z Bielank\u0105 przysz\u0142a pora na bardziej emeryckie rozrywki.<\/strong> Z jednego roweru przesiad\u0142am si\u0119 na drugi &#8211; wodny. Pierwszy raz w \u017cyciu!<\/p>\n<figure id=\"attachment_7999\" aria-describedby=\"caption-attachment-7999\" style=\"width: 600px\" class=\"wp-caption aligncenter\"><img loading=\"lazy\" decoding=\"async\" class=\"size-full wp-image-7999\" src=\"https:\/\/baranowscy.eu\/wordpress\/wp-content\/uploads\/2018\/05\/majowka_beskidy_8.jpg\" alt=\"Debiut na rowerze (chwilowo peda\u0142uje syn)\" width=\"600\" height=\"667\" \/><figcaption id=\"caption-attachment-7999\" class=\"wp-caption-text\">Debiut na rowerze (chwilowo peda\u0142uje syn)<\/figcaption><\/figure>\n<p>Zalew Klimk\u00f3wka to miejsce, w kt\u00f3rym dawniej by\u0142a wie\u015b. Zatopiono j\u0105 na potrzeby zbiornika retencyjnego. Przyroda jako\u015b sobie poradzi\u0142a, ale zawsze pozostaje pytanie o to, jakie s\u0105 granice ingerencji w przyrod\u0119, a tak\u017ce ludzkie siedliska.<\/p>\n<p><strong>Nasza maj\u00f3wka, organizowana naprawd\u0119 na ostatni\u0105 chwil\u0119, by\u0142a bardzo udana. Zgrzytem by\u0142 przymus korzystania z kupnej wody do picia, bo inaczej nie zostawiliby\u015bmy po sobie zbyt wielu \u015bmieci.<\/strong>\u00a0Ci\u0105gle my\u015bla\u0142am o tym, jak du\u017cy wp\u0142yw na \u015brodowisko maj\u0105 ludzie i czy mo\u017cna usprawiedliwi\u0107 ingerowanie w przyrod\u0119. Z kolei blisko\u015b\u0107 miejscowo\u015bci Ropa (gdzie wydobywano onegdaj rop\u0119 naftow\u0105) sk\u0142ania\u0142a mnie do zastanawiania si\u0119 nad tym, co b\u0119dzie, gdy stracimy dost\u0119p do paliwa. <strong>Rowery nie wystarcz\u0105.<\/strong><\/p>\n<p><strong>Mam nadziej\u0119, \u017ce mimo tych ponurych refleksji zach\u0119ci\u0142am Was do odwiedzenia Beskidu Niskiego.<\/strong> Je\u015bli lubicie chodzi\u0107, nie je\u017adzi\u0107, koniecznie zajrzyjcie na blog <strong>&gt;&gt;<a href=\"http:\/\/ekologika.edu.pl\/ekologika-podrozy-sercu-bliski-beskid-niski\/\" target=\"_blank\" rel=\"noopener\">Ekologiki<\/a><\/strong>, gdzie Agnieszka opisa\u0142a swoj\u0105 tras\u0119 w\u0119dr\u00f3wki.<\/p>\n<p><strong>A je\u015bli je\u017adzicie na rowerach po g\u00f3rach, napiszcie, gdzie si\u0119 pojawiacie!<\/strong><\/p>\n<p>&nbsp;<\/p>\n","protected":false},"excerpt":{"rendered":"<p>Maj\u00f3wka w Beskidzie Niskim by\u0142a naszym wypadem na ostatni\u0105 chwil\u0119. Z trudem znale\u017ali\u015bmy nocleg (ale za to w jakim miejscu!), wst\u0119pnie um\u00f3wili\u015bmy si\u0119 na obiad&hellip;<\/p>\n","protected":false},"author":1,"featured_media":7985,"comment_status":"open","ping_status":"open","sticky":false,"template":"","format":"standard","meta":{"_jetpack_memberships_contains_paid_content":false,"footnotes":""},"categories":[1327,168,63,62],"tags":[1333,1297,1409,1352,1347,1155],"class_list":["post-7984","post","type-post","status-publish","format-standard","has-post-thumbnail","hentry","category-5xo","category-podroze","category-rower","category-zrownowazony-transport","tag-5xo","tag-alternatywny-transport","tag-beskid-niski","tag-podroze","tag-rower","tag-zero-waste"],"yoast_head":"<!-- This site is optimized with the Yoast SEO plugin v27.5 - https:\/\/yoast.com\/product\/yoast-seo-wordpress\/ -->\n<title>5xO. Maj\u00f3wka w Beskidzie Niskim, czyli troch\u0119 o sporcie - organiczni.eu<\/title>\n<meta name=\"description\" content=\"Maj\u00f3wka w Beskidzie Niskim by\u0142a naszym wypadem na ostatni\u0105 chwil\u0119. Z trudem znale\u017ali\u015bmy nocleg (ale za to w jakim miejscu!), wst\u0119pnie um\u00f3wili\u015bmy si\u0119 na obiad z pewn\u0105 ekoblogerk\u0105 i w \u015bwi\u0105teczny czwartek rano ruszyli\u015bmy na po\u0142udnie Polski w kierunku Ropy.\" \/>\n<meta name=\"robots\" content=\"index, follow, max-snippet:-1, max-image-preview:large, max-video-preview:-1\" \/>\n<link rel=\"canonical\" href=\"https:\/\/baranowscy.eu\/wordpress\/5xo-majowka-w-beskidzie-niskim\/\" \/>\n<meta property=\"og:locale\" content=\"pl_PL\" \/>\n<meta property=\"og:type\" content=\"article\" \/>\n<meta property=\"og:title\" content=\"5xO. Maj\u00f3wka w Beskidzie Niskim, czyli troch\u0119 o sporcie - organiczni.eu\" \/>\n<meta property=\"og:description\" content=\"Maj\u00f3wka w Beskidzie Niskim by\u0142a naszym wypadem na ostatni\u0105 chwil\u0119. Z trudem znale\u017ali\u015bmy nocleg (ale za to w jakim miejscu!), wst\u0119pnie um\u00f3wili\u015bmy si\u0119 na obiad z pewn\u0105 ekoblogerk\u0105 i w \u015bwi\u0105teczny czwartek rano ruszyli\u015bmy na po\u0142udnie Polski w kierunku Ropy.\" \/>\n<meta property=\"og:url\" content=\"https:\/\/baranowscy.eu\/wordpress\/5xo-majowka-w-beskidzie-niskim\/\" \/>\n<meta property=\"og:site_name\" content=\"organiczni.eu\" \/>\n<meta property=\"article:publisher\" content=\"https:\/\/www.facebook.com\/organiczni\/\" \/>\n<meta property=\"article:published_time\" content=\"2018-05-16T10:13:06+00:00\" \/>\n<meta property=\"article:modified_time\" content=\"2018-05-16T10:47:44+00:00\" \/>\n<meta property=\"og:image\" content=\"https:\/\/baranowscy.eu\/wordpress\/wp-content\/uploads\/2018\/05\/majowka_beskidy_0.jpg\" \/>\n\t<meta property=\"og:image:width\" content=\"1200\" \/>\n\t<meta property=\"og:image:height\" content=\"628\" \/>\n\t<meta property=\"og:image:type\" content=\"image\/jpeg\" \/>\n<meta name=\"author\" content=\"joanna\" \/>\n<meta name=\"twitter:card\" content=\"summary_large_image\" \/>\n<meta name=\"twitter:label1\" content=\"Napisane przez\" \/>\n\t<meta name=\"twitter:data1\" content=\"joanna\" \/>\n\t<meta name=\"twitter:label2\" content=\"Szacowany czas czytania\" \/>\n\t<meta name=\"twitter:data2\" content=\"6 minut\" \/>\n<script type=\"application\/ld+json\" class=\"yoast-schema-graph\">{\"@context\":\"https:\\\/\\\/schema.org\",\"@graph\":[{\"@type\":\"Article\",\"@id\":\"https:\\\/\\\/baranowscy.eu\\\/wordpress\\\/5xo-majowka-w-beskidzie-niskim\\\/#article\",\"isPartOf\":{\"@id\":\"https:\\\/\\\/baranowscy.eu\\\/wordpress\\\/5xo-majowka-w-beskidzie-niskim\\\/\"},\"author\":{\"name\":\"joanna\",\"@id\":\"https:\\\/\\\/baranowscy.eu\\\/wordpress\\\/#\\\/schema\\\/person\\\/741d5f1f3fd2833c5ca2ffdaaa93dc73\"},\"headline\":\"5xO. Maj\u00f3wka w Beskidzie Niskim, czyli troch\u0119 o sporcie\",\"datePublished\":\"2018-05-16T10:13:06+00:00\",\"dateModified\":\"2018-05-16T10:47:44+00:00\",\"mainEntityOfPage\":{\"@id\":\"https:\\\/\\\/baranowscy.eu\\\/wordpress\\\/5xo-majowka-w-beskidzie-niskim\\\/\"},\"wordCount\":1266,\"commentCount\":5,\"publisher\":{\"@id\":\"https:\\\/\\\/baranowscy.eu\\\/wordpress\\\/#organization\"},\"image\":{\"@id\":\"https:\\\/\\\/baranowscy.eu\\\/wordpress\\\/5xo-majowka-w-beskidzie-niskim\\\/#primaryimage\"},\"thumbnailUrl\":\"https:\\\/\\\/baranowscy.eu\\\/wordpress\\\/wp-content\\\/uploads\\\/2018\\\/05\\\/majowka_beskidy_0.jpg\",\"keywords\":[\"5xO\",\"alternatywny transport\",\"Beskid Niski\",\"podr\u00f3\u017ce\",\"rower\",\"zero waste\"],\"articleSection\":[\"5xO\",\"podr\u00f3\u017ce\",\"rower\",\"zr\u00f3wnowa\u017cony transport\"],\"inLanguage\":\"pl-PL\",\"potentialAction\":[{\"@type\":\"CommentAction\",\"name\":\"Comment\",\"target\":[\"https:\\\/\\\/baranowscy.eu\\\/wordpress\\\/5xo-majowka-w-beskidzie-niskim\\\/#respond\"]}]},{\"@type\":\"WebPage\",\"@id\":\"https:\\\/\\\/baranowscy.eu\\\/wordpress\\\/5xo-majowka-w-beskidzie-niskim\\\/\",\"url\":\"https:\\\/\\\/baranowscy.eu\\\/wordpress\\\/5xo-majowka-w-beskidzie-niskim\\\/\",\"name\":\"5xO. Maj\u00f3wka w Beskidzie Niskim, czyli troch\u0119 o sporcie - organiczni.eu\",\"isPartOf\":{\"@id\":\"https:\\\/\\\/baranowscy.eu\\\/wordpress\\\/#website\"},\"primaryImageOfPage\":{\"@id\":\"https:\\\/\\\/baranowscy.eu\\\/wordpress\\\/5xo-majowka-w-beskidzie-niskim\\\/#primaryimage\"},\"image\":{\"@id\":\"https:\\\/\\\/baranowscy.eu\\\/wordpress\\\/5xo-majowka-w-beskidzie-niskim\\\/#primaryimage\"},\"thumbnailUrl\":\"https:\\\/\\\/baranowscy.eu\\\/wordpress\\\/wp-content\\\/uploads\\\/2018\\\/05\\\/majowka_beskidy_0.jpg\",\"datePublished\":\"2018-05-16T10:13:06+00:00\",\"dateModified\":\"2018-05-16T10:47:44+00:00\",\"description\":\"Maj\u00f3wka w Beskidzie Niskim by\u0142a naszym wypadem na ostatni\u0105 chwil\u0119. Z trudem znale\u017ali\u015bmy nocleg (ale za to w jakim miejscu!), wst\u0119pnie um\u00f3wili\u015bmy si\u0119 na obiad z pewn\u0105 ekoblogerk\u0105 i w \u015bwi\u0105teczny czwartek rano ruszyli\u015bmy na po\u0142udnie Polski w kierunku Ropy.\",\"breadcrumb\":{\"@id\":\"https:\\\/\\\/baranowscy.eu\\\/wordpress\\\/5xo-majowka-w-beskidzie-niskim\\\/#breadcrumb\"},\"inLanguage\":\"pl-PL\",\"potentialAction\":[{\"@type\":\"ReadAction\",\"target\":[\"https:\\\/\\\/baranowscy.eu\\\/wordpress\\\/5xo-majowka-w-beskidzie-niskim\\\/\"]}]},{\"@type\":\"ImageObject\",\"inLanguage\":\"pl-PL\",\"@id\":\"https:\\\/\\\/baranowscy.eu\\\/wordpress\\\/5xo-majowka-w-beskidzie-niskim\\\/#primaryimage\",\"url\":\"https:\\\/\\\/baranowscy.eu\\\/wordpress\\\/wp-content\\\/uploads\\\/2018\\\/05\\\/majowka_beskidy_0.jpg\",\"contentUrl\":\"https:\\\/\\\/baranowscy.eu\\\/wordpress\\\/wp-content\\\/uploads\\\/2018\\\/05\\\/majowka_beskidy_0.jpg\",\"width\":1200,\"height\":628},{\"@type\":\"BreadcrumbList\",\"@id\":\"https:\\\/\\\/baranowscy.eu\\\/wordpress\\\/5xo-majowka-w-beskidzie-niskim\\\/#breadcrumb\",\"itemListElement\":[{\"@type\":\"ListItem\",\"position\":1,\"name\":\"Strona g\u0142\u00f3wna\",\"item\":\"https:\\\/\\\/baranowscy.eu\\\/wordpress\\\/\"},{\"@type\":\"ListItem\",\"position\":2,\"name\":\"5xO. Maj\u00f3wka w Beskidzie Niskim, czyli troch\u0119 o sporcie\"}]},{\"@type\":\"WebSite\",\"@id\":\"https:\\\/\\\/baranowscy.eu\\\/wordpress\\\/#website\",\"url\":\"https:\\\/\\\/baranowscy.eu\\\/wordpress\\\/\",\"name\":\"organiczni.eu\",\"description\":\"Najbardziej wszechstronny blog ekologiczny\",\"publisher\":{\"@id\":\"https:\\\/\\\/baranowscy.eu\\\/wordpress\\\/#organization\"},\"potentialAction\":[{\"@type\":\"SearchAction\",\"target\":{\"@type\":\"EntryPoint\",\"urlTemplate\":\"https:\\\/\\\/baranowscy.eu\\\/wordpress\\\/?s={search_term_string}\"},\"query-input\":{\"@type\":\"PropertyValueSpecification\",\"valueRequired\":true,\"valueName\":\"search_term_string\"}}],\"inLanguage\":\"pl-PL\"},{\"@type\":\"Organization\",\"@id\":\"https:\\\/\\\/baranowscy.eu\\\/wordpress\\\/#organization\",\"name\":\"organiczni.eu\",\"url\":\"https:\\\/\\\/baranowscy.eu\\\/wordpress\\\/\",\"logo\":{\"@type\":\"ImageObject\",\"inLanguage\":\"pl-PL\",\"@id\":\"https:\\\/\\\/baranowscy.eu\\\/wordpress\\\/#\\\/schema\\\/logo\\\/image\\\/\",\"url\":\"https:\\\/\\\/baranowscy.eu\\\/wordpress\\\/wp-content\\\/uploads\\\/2018\\\/01\\\/logo_duze.png\",\"contentUrl\":\"https:\\\/\\\/baranowscy.eu\\\/wordpress\\\/wp-content\\\/uploads\\\/2018\\\/01\\\/logo_duze.png\",\"width\":1398,\"height\":300,\"caption\":\"organiczni.eu\"},\"image\":{\"@id\":\"https:\\\/\\\/baranowscy.eu\\\/wordpress\\\/#\\\/schema\\\/logo\\\/image\\\/\"},\"sameAs\":[\"https:\\\/\\\/www.facebook.com\\\/organiczni\\\/\",\"https:\\\/\\\/www.instagram.com\\\/organiczni.eu\\\/\"]},{\"@type\":\"Person\",\"@id\":\"https:\\\/\\\/baranowscy.eu\\\/wordpress\\\/#\\\/schema\\\/person\\\/741d5f1f3fd2833c5ca2ffdaaa93dc73\",\"name\":\"joanna\",\"image\":{\"@type\":\"ImageObject\",\"inLanguage\":\"pl-PL\",\"@id\":\"https:\\\/\\\/secure.gravatar.com\\\/avatar\\\/a59b1be4fa5d200ee0af0ba4bbcdb691da1d589b419bae23d7aa5a15d820e28e?s=96&d=identicon&r=g\",\"url\":\"https:\\\/\\\/secure.gravatar.com\\\/avatar\\\/a59b1be4fa5d200ee0af0ba4bbcdb691da1d589b419bae23d7aa5a15d820e28e?s=96&d=identicon&r=g\",\"contentUrl\":\"https:\\\/\\\/secure.gravatar.com\\\/avatar\\\/a59b1be4fa5d200ee0af0ba4bbcdb691da1d589b419bae23d7aa5a15d820e28e?s=96&d=identicon&r=g\",\"caption\":\"joanna\"},\"sameAs\":[\"https:\\\/\\\/organiczni.baranowscy.eu\"],\"url\":\"https:\\\/\\\/baranowscy.eu\\\/wordpress\\\/author\\\/admin\\\/\"}]}<\/script>\n<!-- \/ Yoast SEO plugin. -->","yoast_head_json":{"title":"5xO. Maj\u00f3wka w Beskidzie Niskim, czyli troch\u0119 o sporcie - organiczni.eu","description":"Maj\u00f3wka w Beskidzie Niskim by\u0142a naszym wypadem na ostatni\u0105 chwil\u0119. Z trudem znale\u017ali\u015bmy nocleg (ale za to w jakim miejscu!), wst\u0119pnie um\u00f3wili\u015bmy si\u0119 na obiad z pewn\u0105 ekoblogerk\u0105 i w \u015bwi\u0105teczny czwartek rano ruszyli\u015bmy na po\u0142udnie Polski w kierunku Ropy.","robots":{"index":"index","follow":"follow","max-snippet":"max-snippet:-1","max-image-preview":"max-image-preview:large","max-video-preview":"max-video-preview:-1"},"canonical":"https:\/\/baranowscy.eu\/wordpress\/5xo-majowka-w-beskidzie-niskim\/","og_locale":"pl_PL","og_type":"article","og_title":"5xO. Maj\u00f3wka w Beskidzie Niskim, czyli troch\u0119 o sporcie - organiczni.eu","og_description":"Maj\u00f3wka w Beskidzie Niskim by\u0142a naszym wypadem na ostatni\u0105 chwil\u0119. Z trudem znale\u017ali\u015bmy nocleg (ale za to w jakim miejscu!), wst\u0119pnie um\u00f3wili\u015bmy si\u0119 na obiad z pewn\u0105 ekoblogerk\u0105 i w \u015bwi\u0105teczny czwartek rano ruszyli\u015bmy na po\u0142udnie Polski w kierunku Ropy.","og_url":"https:\/\/baranowscy.eu\/wordpress\/5xo-majowka-w-beskidzie-niskim\/","og_site_name":"organiczni.eu","article_publisher":"https:\/\/www.facebook.com\/organiczni\/","article_published_time":"2018-05-16T10:13:06+00:00","article_modified_time":"2018-05-16T10:47:44+00:00","og_image":[{"width":1200,"height":628,"url":"https:\/\/baranowscy.eu\/wordpress\/wp-content\/uploads\/2018\/05\/majowka_beskidy_0.jpg","type":"image\/jpeg"}],"author":"joanna","twitter_card":"summary_large_image","twitter_misc":{"Napisane przez":"joanna","Szacowany czas czytania":"6 minut"},"schema":{"@context":"https:\/\/schema.org","@graph":[{"@type":"Article","@id":"https:\/\/baranowscy.eu\/wordpress\/5xo-majowka-w-beskidzie-niskim\/#article","isPartOf":{"@id":"https:\/\/baranowscy.eu\/wordpress\/5xo-majowka-w-beskidzie-niskim\/"},"author":{"name":"joanna","@id":"https:\/\/baranowscy.eu\/wordpress\/#\/schema\/person\/741d5f1f3fd2833c5ca2ffdaaa93dc73"},"headline":"5xO. Maj\u00f3wka w Beskidzie Niskim, czyli troch\u0119 o sporcie","datePublished":"2018-05-16T10:13:06+00:00","dateModified":"2018-05-16T10:47:44+00:00","mainEntityOfPage":{"@id":"https:\/\/baranowscy.eu\/wordpress\/5xo-majowka-w-beskidzie-niskim\/"},"wordCount":1266,"commentCount":5,"publisher":{"@id":"https:\/\/baranowscy.eu\/wordpress\/#organization"},"image":{"@id":"https:\/\/baranowscy.eu\/wordpress\/5xo-majowka-w-beskidzie-niskim\/#primaryimage"},"thumbnailUrl":"https:\/\/baranowscy.eu\/wordpress\/wp-content\/uploads\/2018\/05\/majowka_beskidy_0.jpg","keywords":["5xO","alternatywny transport","Beskid Niski","podr\u00f3\u017ce","rower","zero waste"],"articleSection":["5xO","podr\u00f3\u017ce","rower","zr\u00f3wnowa\u017cony transport"],"inLanguage":"pl-PL","potentialAction":[{"@type":"CommentAction","name":"Comment","target":["https:\/\/baranowscy.eu\/wordpress\/5xo-majowka-w-beskidzie-niskim\/#respond"]}]},{"@type":"WebPage","@id":"https:\/\/baranowscy.eu\/wordpress\/5xo-majowka-w-beskidzie-niskim\/","url":"https:\/\/baranowscy.eu\/wordpress\/5xo-majowka-w-beskidzie-niskim\/","name":"5xO. Maj\u00f3wka w Beskidzie Niskim, czyli troch\u0119 o sporcie - organiczni.eu","isPartOf":{"@id":"https:\/\/baranowscy.eu\/wordpress\/#website"},"primaryImageOfPage":{"@id":"https:\/\/baranowscy.eu\/wordpress\/5xo-majowka-w-beskidzie-niskim\/#primaryimage"},"image":{"@id":"https:\/\/baranowscy.eu\/wordpress\/5xo-majowka-w-beskidzie-niskim\/#primaryimage"},"thumbnailUrl":"https:\/\/baranowscy.eu\/wordpress\/wp-content\/uploads\/2018\/05\/majowka_beskidy_0.jpg","datePublished":"2018-05-16T10:13:06+00:00","dateModified":"2018-05-16T10:47:44+00:00","description":"Maj\u00f3wka w Beskidzie Niskim by\u0142a naszym wypadem na ostatni\u0105 chwil\u0119. Z trudem znale\u017ali\u015bmy nocleg (ale za to w jakim miejscu!), wst\u0119pnie um\u00f3wili\u015bmy si\u0119 na obiad z pewn\u0105 ekoblogerk\u0105 i w \u015bwi\u0105teczny czwartek rano ruszyli\u015bmy na po\u0142udnie Polski w kierunku Ropy.","breadcrumb":{"@id":"https:\/\/baranowscy.eu\/wordpress\/5xo-majowka-w-beskidzie-niskim\/#breadcrumb"},"inLanguage":"pl-PL","potentialAction":[{"@type":"ReadAction","target":["https:\/\/baranowscy.eu\/wordpress\/5xo-majowka-w-beskidzie-niskim\/"]}]},{"@type":"ImageObject","inLanguage":"pl-PL","@id":"https:\/\/baranowscy.eu\/wordpress\/5xo-majowka-w-beskidzie-niskim\/#primaryimage","url":"https:\/\/baranowscy.eu\/wordpress\/wp-content\/uploads\/2018\/05\/majowka_beskidy_0.jpg","contentUrl":"https:\/\/baranowscy.eu\/wordpress\/wp-content\/uploads\/2018\/05\/majowka_beskidy_0.jpg","width":1200,"height":628},{"@type":"BreadcrumbList","@id":"https:\/\/baranowscy.eu\/wordpress\/5xo-majowka-w-beskidzie-niskim\/#breadcrumb","itemListElement":[{"@type":"ListItem","position":1,"name":"Strona g\u0142\u00f3wna","item":"https:\/\/baranowscy.eu\/wordpress\/"},{"@type":"ListItem","position":2,"name":"5xO. Maj\u00f3wka w Beskidzie Niskim, czyli troch\u0119 o sporcie"}]},{"@type":"WebSite","@id":"https:\/\/baranowscy.eu\/wordpress\/#website","url":"https:\/\/baranowscy.eu\/wordpress\/","name":"organiczni.eu","description":"Najbardziej wszechstronny blog ekologiczny","publisher":{"@id":"https:\/\/baranowscy.eu\/wordpress\/#organization"},"potentialAction":[{"@type":"SearchAction","target":{"@type":"EntryPoint","urlTemplate":"https:\/\/baranowscy.eu\/wordpress\/?s={search_term_string}"},"query-input":{"@type":"PropertyValueSpecification","valueRequired":true,"valueName":"search_term_string"}}],"inLanguage":"pl-PL"},{"@type":"Organization","@id":"https:\/\/baranowscy.eu\/wordpress\/#organization","name":"organiczni.eu","url":"https:\/\/baranowscy.eu\/wordpress\/","logo":{"@type":"ImageObject","inLanguage":"pl-PL","@id":"https:\/\/baranowscy.eu\/wordpress\/#\/schema\/logo\/image\/","url":"https:\/\/baranowscy.eu\/wordpress\/wp-content\/uploads\/2018\/01\/logo_duze.png","contentUrl":"https:\/\/baranowscy.eu\/wordpress\/wp-content\/uploads\/2018\/01\/logo_duze.png","width":1398,"height":300,"caption":"organiczni.eu"},"image":{"@id":"https:\/\/baranowscy.eu\/wordpress\/#\/schema\/logo\/image\/"},"sameAs":["https:\/\/www.facebook.com\/organiczni\/","https:\/\/www.instagram.com\/organiczni.eu\/"]},{"@type":"Person","@id":"https:\/\/baranowscy.eu\/wordpress\/#\/schema\/person\/741d5f1f3fd2833c5ca2ffdaaa93dc73","name":"joanna","image":{"@type":"ImageObject","inLanguage":"pl-PL","@id":"https:\/\/secure.gravatar.com\/avatar\/a59b1be4fa5d200ee0af0ba4bbcdb691da1d589b419bae23d7aa5a15d820e28e?s=96&d=identicon&r=g","url":"https:\/\/secure.gravatar.com\/avatar\/a59b1be4fa5d200ee0af0ba4bbcdb691da1d589b419bae23d7aa5a15d820e28e?s=96&d=identicon&r=g","contentUrl":"https:\/\/secure.gravatar.com\/avatar\/a59b1be4fa5d200ee0af0ba4bbcdb691da1d589b419bae23d7aa5a15d820e28e?s=96&d=identicon&r=g","caption":"joanna"},"sameAs":["https:\/\/organiczni.baranowscy.eu"],"url":"https:\/\/baranowscy.eu\/wordpress\/author\/admin\/"}]}},"jetpack_featured_media_url":"https:\/\/baranowscy.eu\/wordpress\/wp-content\/uploads\/2018\/05\/majowka_beskidy_0.jpg","jetpack_sharing_enabled":true,"_links":{"self":[{"href":"https:\/\/baranowscy.eu\/wordpress\/wp-json\/wp\/v2\/posts\/7984","targetHints":{"allow":["GET"]}}],"collection":[{"href":"https:\/\/baranowscy.eu\/wordpress\/wp-json\/wp\/v2\/posts"}],"about":[{"href":"https:\/\/baranowscy.eu\/wordpress\/wp-json\/wp\/v2\/types\/post"}],"author":[{"embeddable":true,"href":"https:\/\/baranowscy.eu\/wordpress\/wp-json\/wp\/v2\/users\/1"}],"replies":[{"embeddable":true,"href":"https:\/\/baranowscy.eu\/wordpress\/wp-json\/wp\/v2\/comments?post=7984"}],"version-history":[{"count":9,"href":"https:\/\/baranowscy.eu\/wordpress\/wp-json\/wp\/v2\/posts\/7984\/revisions"}],"predecessor-version":[{"id":8002,"href":"https:\/\/baranowscy.eu\/wordpress\/wp-json\/wp\/v2\/posts\/7984\/revisions\/8002"}],"wp:featuredmedia":[{"embeddable":true,"href":"https:\/\/baranowscy.eu\/wordpress\/wp-json\/wp\/v2\/media\/7985"}],"wp:attachment":[{"href":"https:\/\/baranowscy.eu\/wordpress\/wp-json\/wp\/v2\/media?parent=7984"}],"wp:term":[{"taxonomy":"category","embeddable":true,"href":"https:\/\/baranowscy.eu\/wordpress\/wp-json\/wp\/v2\/categories?post=7984"},{"taxonomy":"post_tag","embeddable":true,"href":"https:\/\/baranowscy.eu\/wordpress\/wp-json\/wp\/v2\/tags?post=7984"}],"curies":[{"name":"wp","href":"https:\/\/api.w.org\/{rel}","templated":true}]}}