{"id":7886,"date":"2018-04-25T13:00:02","date_gmt":"2018-04-25T11:00:02","guid":{"rendered":"http:\/\/baranowscy.eu\/wordpress\/?p=7886"},"modified":"2018-04-26T19:51:24","modified_gmt":"2018-04-26T17:51:24","slug":"rafal-hechmann-plan-planeta","status":"publish","type":"post","link":"https:\/\/baranowscy.eu\/wordpress\/rafal-hechmann-plan-planeta\/","title":{"rendered":"Rafa\u0142 Hechmann i jego Plan Planeta. Wywiad"},"content":{"rendered":"<p><strong>Z okazji Fashion Revolution Week Poland mam dla Was wywiad z jednym z naszych ulubionych ambasador\u00f3w etycznej mody. Rafa\u0142 Hechmann skromnie przedstawia si\u0119 jako farmaceuta, pracownik humanitarny i za\u0142o\u017cyciel sklepu internetowego Plan Planeta, ale ja wiem, \u017ce jego zas\u0142ugi dla promowania etyki w modzie s\u0105 znacznie wi\u0119ksze.<\/strong><\/p>\n<p>Z Rafa\u0142em pozna\u0142am si\u0119 osobi\u015bcie kilka lat temu, przy okazji wydarzenia <a href=\"https:\/\/baranowscy.eu\/wordpress\/co-wiesz-o-swoich-butach\/\" target=\"_blank\" rel=\"noopener\"><strong>&gt;&gt; Co wiesz o swoich butach<\/strong><\/a>. Ale ju\u017c wcze\u015bniej recenzowa\u0142am &gt;&gt;\u00a0<strong><a href=\"https:\/\/baranowscy.eu\/wordpress\/plan-planeta-kup-skarpetki-ratuj-swiat\/\" target=\"_blank\" rel=\"noopener\">ubrania z jego sklepu Plan Planeta<\/a><\/strong> i kupowa\u0142am kolorowe skarpety.<\/p>\n<p>Dzi\u015b <strong>&gt;&gt; <a href=\"https:\/\/www.planplaneta.com\" target=\"_blank\" rel=\"noopener\">Plan Planeta<\/a><\/strong> to sklep z wszechstronnym asortymentem, zawsze dobranym po k\u0105tem etyki. Zreszt\u0105&#8230; oddaj\u0119 g\u0142os Rafa\u0142owi.<\/p>\n<figure id=\"attachment_4173\" aria-describedby=\"caption-attachment-4173\" style=\"width: 640px\" class=\"wp-caption aligncenter\"><img loading=\"lazy\" decoding=\"async\" class=\"size-full wp-image-4173\" src=\"https:\/\/baranowscy.eu\/wordpress\/wp-content\/uploads\/2015\/08\/plan_planeta_7.jpg\" alt=\"Koszulka No Nasties, Plan Planeta\" width=\"640\" height=\"427\" srcset=\"https:\/\/baranowscy.eu\/wordpress\/wp-content\/uploads\/2015\/08\/plan_planeta_7.jpg 640w, https:\/\/baranowscy.eu\/wordpress\/wp-content\/uploads\/2015\/08\/plan_planeta_7-300x200.jpg 300w, https:\/\/baranowscy.eu\/wordpress\/wp-content\/uploads\/2015\/08\/plan_planeta_7-600x400.jpg 600w\" sizes=\"auto, (max-width: 640px) 100vw, 640px\" \/><figcaption id=\"caption-attachment-4173\" class=\"wp-caption-text\">Koszulka No Nasties, Plan Planeta<\/figcaption><\/figure>\n<p><strong>JB: Od jak dawna prowadzisz sklep?<\/strong><\/p>\n<p><strong>Rafa\u0142 Hechmann:<\/strong> Sklep istnieje od trzech lat, ale ostatnio zacz\u0105\u0142 si\u0119 powa\u017cnie zmienia\u0107. Plan Planeta jest od niedawna ma\u0142\u0105 platform\u0105 sprzeda\u017cow\u0105, wyszukuj\u0105c\u0105 ciekawych producent\u00f3w oferuj\u0105cych fajne, ekologiczne i etycznie wyprodukowane rzeczy. Oczywi\u015bcie wci\u0105\u017c jeste\u015bmy najbardziej znani jako sprzedawcy ekologicznych, szalonych skarpetek pochodz\u0105cych od polskich producent\u00f3w, ale jaki\u015b czas temu rozpocz\u0119li\u015bmy prace nad poszerzeniem oferty i zmian\u0105 tego wizerunku. Ostatnio do\u0142\u0105czyli te\u017c do nas r\u00f3wnie\u017c wspaniali ludzie z <strong>&gt;&gt;<\/strong>\u00a0<a href=\"http:\/\/www.lezeipracuje.pl\/\" target=\"_blank\" rel=\"noopener\"><strong>Le\u017c\u0119 i Pracuj\u0119<\/strong><\/a> \u2013 organizacji zatrudniaj\u0105cej sparali\u017cowane osoby do dzia\u0142a\u0144 zwi\u0105zanych z szeroko poj\u0119tym marketingiem i PR. To, co si\u0119 nie zmieni\u0142o przez te trzy lata, to nasz regularny udzia\u0142 w projektach pomocowych na ca\u0142ym \u015bwiecie.<\/p>\n<p><strong>Co robi\u0142e\u015b wcze\u015bniej?<\/strong><\/p>\n<p>Cho\u0107 jestem z wykszta\u0142cenia farmaceut\u0105, od 2004 roku by\u0142em nieprzerwanie zwi\u0105zany z pomoc\u0105 humanitarn\u0105. Uko\u0144czy\u0142em te\u017c kierunek Zdrowie Publiczne na Uniwersytecie Nowej Po\u0142udniowej Walii w Sydney oraz Pomoc Humanitarn\u0105 na University College w Dublinie. Nast\u0119pnie przez szereg lat pracowa\u0142em jako koordynator pomocy humanitarnej. <strong>Zarz\u0105dza\u0142em projektami i programami pomocowymi w takich miejscach, jak Sri Lanka, Strefa Gazy, Libia, Liban, Somalia, Sudan Po\u0142udniowy czy Haiti, ale koordynowa\u0142em r\u00f3wnie\u017c pomoc dla powodzian w Polsce.<\/strong> Gdy do mojego \u017cycia zapuka\u0142a ch\u0119\u0107 wi\u0119kszej stabilizacji, za\u0142o\u017cy\u0142em Plan Planeta, przedsi\u0119biorstwo spo\u0142eczne maj\u0105ce \u2013 oczywi\u015bcie przyk\u0142adaj\u0105c odpowiedni\u0105 miar\u0119 \u2013 anga\u017cowa\u0107 si\u0119 w nag\u0142a\u015bnianie i rozwi\u0105zywanie wa\u017cnych problem\u00f3w wsp\u00f3\u0142czesnego \u015bwiata.<\/p>\n<figure id=\"attachment_7892\" aria-describedby=\"caption-attachment-7892\" style=\"width: 900px\" class=\"wp-caption aligncenter\"><img loading=\"lazy\" decoding=\"async\" class=\"size-full wp-image-7892\" src=\"https:\/\/baranowscy.eu\/wordpress\/wp-content\/uploads\/2018\/04\/PlanP_fot_Anna_lewanska.jpg\" alt=\"Plan Planeta, fot. Anna Lewa\u0144ska\" width=\"900\" height=\"599\" srcset=\"https:\/\/baranowscy.eu\/wordpress\/wp-content\/uploads\/2018\/04\/PlanP_fot_Anna_lewanska.jpg 900w, https:\/\/baranowscy.eu\/wordpress\/wp-content\/uploads\/2018\/04\/PlanP_fot_Anna_lewanska-300x200.jpg 300w, https:\/\/baranowscy.eu\/wordpress\/wp-content\/uploads\/2018\/04\/PlanP_fot_Anna_lewanska-600x399.jpg 600w, https:\/\/baranowscy.eu\/wordpress\/wp-content\/uploads\/2018\/04\/PlanP_fot_Anna_lewanska-768x511.jpg 768w, https:\/\/baranowscy.eu\/wordpress\/wp-content\/uploads\/2018\/04\/PlanP_fot_Anna_lewanska-560x373.jpg 560w\" sizes=\"auto, (max-width: 900px) 100vw, 900px\" \/><figcaption id=\"caption-attachment-7892\" class=\"wp-caption-text\">Plan Planeta, fot. Anna Lewa\u0144ska<\/figcaption><\/figure>\n<p><strong>Co popchn\u0119\u0142o Ci\u0119 w stron\u0119 rynku zwi\u0105zanego z mod\u0105? Czy od razu wiedzia\u0142e\u015b, \u017ce to musi by\u0107 moda etyczna?<\/strong><\/p>\n<p>Moda by\u0142a dla mnie wyborem \u015bwiadomym i poniek\u0105d oczywistym.\u00a0Ju\u017c wcze\u015bniej, g\u0142ownie dzi\u0119ki mojemu do\u015bwiadczeniu w sektorze pomocy rozwojowej, wiedzia\u0142em o warunkach w jakich pracuj\u0105 ludzie szyj\u0105cy tanie ubrania albo uprawiaj\u0105cy konwencjonaln\u0105 bawe\u0142n\u0119.<\/p>\n<h4>Praktyki przemys\u0142u odzie\u017cowego, a w szczeg\u00f3lno\u015bci firm zajmuj\u0105cych si\u0119 tzw. fast fashion, to ogromny problem, z kt\u00f3rego wiele os\u00f3b wci\u0105\u017c nie zdaje sobie sprawy. Tutaj jest wszystko; od zatruwaj\u0105cych \u015brodowisko oraz ludzi gigantycznych ilo\u015bci nawoz\u00f3w i pestycyd\u00f3w wykorzystywanych do upraw konwencjonalnej bawe\u0142ny, poprzez bezprecedensowy wyzysk pracownik\u00f3w plantacji i szwalni, a\u017c po sztuczne kreowanie potrzeb i hiperkonsumpcji oraz produkcj\u0119 ogromnych ilo\u015bci cz\u0119sto nienadaj\u0105cych si\u0119 do przetworzenia \u015bmieci.<\/h4>\n<p>Niestety, wi\u0119kszo\u015b\u0107 z nas w taki czy inny spos\u00f3b si\u0119 do tego problemu dok\u0142ada. I cho\u0107 nasza planeta wr\u0119cz p\u0119ka od nier\u00f3wno\u015bci i \u015bmieci, my wci\u0105\u017c udajemy, \u017ce te problemy nas nie dotycz\u0105 lub dotycz\u0105 tylko w niewielkim stopniu. Te problemy jednak nie rozwi\u0105\u017c\u0105 si\u0119 same.<\/p>\n<figure id=\"attachment_4169\" aria-describedby=\"caption-attachment-4169\" style=\"width: 640px\" class=\"wp-caption aligncenter\"><img loading=\"lazy\" decoding=\"async\" class=\"wp-image-4169 size-full\" src=\"https:\/\/baranowscy.eu\/wordpress\/wp-content\/uploads\/2015\/08\/plan_planeta_3.jpg\" alt=\"Skarpety z Planu Planeta\" width=\"640\" height=\"480\" srcset=\"https:\/\/baranowscy.eu\/wordpress\/wp-content\/uploads\/2015\/08\/plan_planeta_3.jpg 640w, https:\/\/baranowscy.eu\/wordpress\/wp-content\/uploads\/2015\/08\/plan_planeta_3-300x225.jpg 300w, https:\/\/baranowscy.eu\/wordpress\/wp-content\/uploads\/2015\/08\/plan_planeta_3-600x450.jpg 600w\" sizes=\"auto, (max-width: 640px) 100vw, 640px\" \/><figcaption id=\"caption-attachment-4169\" class=\"wp-caption-text\">Skarpety z Planu Planeta<\/figcaption><\/figure>\n<p><strong>Jak dzi\u015b oceniasz \u015bwiadomo\u015b\u0107 polskich konsument\u00f3w w kwestii mody?\u00a0<\/strong><\/p>\n<p>Wiele zmienia si\u0119 na lepsze, ale temat ekologicznej czy odpowiedzialnej mody pozostaje w \u015bwiadomo\u015bci konsument\u00f3w wci\u0105\u017c daleko za takimi kwestiami, jak ekologiczna \u017cywno\u015b\u0107 czy naturalne kosmetyki (kt\u00f3re te\u017c ustawicznie wprowadzamy do oferty).<\/p>\n<h4>Je\u017celi dzisiaj mia\u0142bym scharakteryzowa\u0107 typowego klienta Planu Planeta, by\u0142aby to osoba interesuj\u0105ca si\u0119 \u015bwiatem, \u017cyj\u0105ca \u015bwiadomie, cz\u0119sto zaanga\u017cowana w rozmaite inicjatywy czy projekty spo\u0142eczne. Jest to wi\u0119c w jaki\u015b spos\u00f3b wyselekcjonowana grupa odbiorc\u00f3w.<\/h4>\n<p>Z moich obserwacji wynika, \u017ce na zachodzie Europy \u015bwiadomo\u015b\u0107 ludzi na temat odpowiedzialnej mody jest zjawiskiem o wiele bardziej masowym. Zapewne wynika to og\u00f3lnie z wi\u0119kszego zaanga\u017cowania ludzi w inicjatywy ekologiczne i prospo\u0142eczne, ale r\u00f3wnie\u017c z tego, \u017ce s\u0105 to po prostu spo\u0142ecze\u0144stwa bogatsze.<\/p>\n<p><strong>Co u Ciebie cieszy si\u0119 najwi\u0119kszym zainteresowaniem?<\/strong><\/p>\n<p>Je\u017celi pytasz, co si\u0119 sprzedaje, to sprzedaj\u0105 si\u0119 rzeczy \u0142adne i to nie jest zaskoczenie. My\u015bl\u0119, \u017ce dla naszych klient\u00f3w wa\u017cne jest przes\u0142anie, kt\u00f3re stoi za etyczn\u0105 mod\u0105 i naszym udzia\u0142em w projektach pomocowych, ale decyduj\u0105c si\u0119 na zakup, kieruj\u0105 si\u0119 g\u0142\u00f3wnie jako\u015bci\u0105 i wygl\u0105dem produktu oraz jego cen\u0105.<\/p>\n<figure id=\"attachment_4177\" aria-describedby=\"caption-attachment-4177\" style=\"width: 640px\" class=\"wp-caption aligncenter\"><img loading=\"lazy\" decoding=\"async\" class=\"size-full wp-image-4177\" src=\"https:\/\/baranowscy.eu\/wordpress\/wp-content\/uploads\/2015\/08\/plan_planeta_11.jpg\" alt=\"Skarpety z Planu Planety\" width=\"640\" height=\"427\" srcset=\"https:\/\/baranowscy.eu\/wordpress\/wp-content\/uploads\/2015\/08\/plan_planeta_11.jpg 640w, https:\/\/baranowscy.eu\/wordpress\/wp-content\/uploads\/2015\/08\/plan_planeta_11-300x200.jpg 300w, https:\/\/baranowscy.eu\/wordpress\/wp-content\/uploads\/2015\/08\/plan_planeta_11-600x400.jpg 600w\" sizes=\"auto, (max-width: 640px) 100vw, 640px\" \/><figcaption id=\"caption-attachment-4177\" class=\"wp-caption-text\">Skarpety z Planu Planety<\/figcaption><\/figure>\n<p><strong>Jakie s\u0105 Twoje wyobra\u017cenia o rynku mody, kt\u00f3ry by\u0142by fair wobec wszystkich?<\/strong><\/p>\n<p>To przede wszystkim rynek transparentny. Transparentno\u015b\u0107 dostawc\u00f3w, podwykonawc\u00f3w czy metod produkcji jest tutaj kluczowa. Nieprzypadkowo obchodzony co roku <strong>24 kwietnia Fashion Revolution Day<\/strong> promowany jest od samego pocz\u0105tku has\u0142em \u201eWho made my clothes ?\u201d, czyli \u201eKto uszy\u0142 moje ubranie?\u201d. Tysi\u0105ce os\u00f3b tego roku pytaj\u0105 o to marki odzie\u017cowe w mediach spo\u0142eczno\u015bciowych, dopominaj\u0105c si\u0119 o prawa pracownik\u00f3w i transparentno\u015b\u0107 proces\u00f3w produkcji.<\/p>\n<p><strong>Kt\u00f3re polskie marki modowe mo\u017cemy wed\u0142ug Ciebie \u015bmia\u0142o nazwa\u0107 etycznymi?<\/strong><\/p>\n<p>Pozw\u00f3l, \u017ce nie wymieni\u0119 tutaj nazwy \u017cadnej firmy. Jednym z powod\u00f3w jest moja zbyt w\u0105ska wiedza na temat ca\u0142ego rynku, ale uwa\u017cam te\u017c, \u017ce w og\u00f3le trudno jest pokusi\u0107 si\u0119 o tak jednoznaczn\u0105 ocen\u0119. Istniej\u0105 oczywi\u015bcie mechanizmy pozwalaj\u0105ce to oceni\u0107, takie jak na przyk\u0142ad r\u00f3\u017cnego rodzaju systemy certyfikacji, moim zdaniem jednak przy wyborze tzw. etycznych produkt\u00f3w potrzebny jest nam przede wszystkim zdrowy rozs\u0105dek.<\/p>\n<p>Dla mnie tak samo etyczna jak marka produkuj\u0105ca certyfikowane produkty mo\u017ce by\u0107 na przyk\u0142ad rodzinna firma produkuj\u0105ca drewniane zabawki, kt\u00f3re przetrwaj\u0105 dwa albo trzy pokolenia, czy dzia\u0142alno\u015b\u0107 gospodarcza polegaj\u0105ca na domowym dzierganiu kapci. Bardziej etyczna jest firma szyj\u0105ca na przyk\u0142ad koszule z polskiego lnu, ni\u017c firma chwal\u0105ca si\u0119 w reklamach szyciem ich z organicznej bawe\u0142ny, podczas gdy jest jej tam tylko domieszka.<\/p>\n<h4>Na stronie Planu Planeta mamy zak\u0142adk\u0119 z kryteriami jakie bierzemy pod uwag\u0119 oceniaj\u0105c etyczno\u015b\u0107 danego produktu i my\u015bl\u0119, \u017ce ka\u017cdy z nas wybieraj\u0105c si\u0119 na zakupy powinien mie\u0107 w g\u0142owie tak\u0105 swoj\u0105 list\u0119 kryteri\u00f3w, aby dokona\u0107 jak najbardziej etycznego wyboru.<\/h4>\n<figure id=\"attachment_7891\" aria-describedby=\"caption-attachment-7891\" style=\"width: 3322px\" class=\"wp-caption aligncenter\"><img loading=\"lazy\" decoding=\"async\" class=\"size-full wp-image-7891\" src=\"https:\/\/baranowscy.eu\/wordpress\/wp-content\/uploads\/2018\/04\/PlanP_2_fot_Anna_lewanska.jpg\" alt=\"Plan Planeta, fot. Anna Lewa\u0144ska\" width=\"3322\" height=\"2210\" \/><figcaption id=\"caption-attachment-7891\" class=\"wp-caption-text\">Plan Planeta, fot. Anna Lewa\u0144ska<\/figcaption><\/figure>\n<p><strong>Czego brakuje Ci w etycznej ofercie modowej?<\/strong><\/p>\n<p>Powiem przewrotnie, \u017ce wci\u0105\u017c najbardziej brakuje chyba popytu, czyli ludzi, poszukuj\u0105cych takiej odzie\u017cy i preferuj\u0105cych kupowanie rzeczy wykonanych z poszanowaniem \u015brodowiska naturalnego i praw innych ludzi.<\/p>\n<p>Sam zawsze, szukaj\u0105c czegokolwiek w Internecie, zaczynam od szukania tego w wersji ekologicznej \/ etycznej, i chcia\u0142bym, \u017ceby Plan Planeta z czasem sta\u0142 si\u0119 takim pierwszym punktem odniesienia dla ludzi poszukuj\u0105cych etycznych i ekologicznych wyrob\u00f3w.<\/p>\n<p>Z roku na rok pojawia si\u0119 coraz wi\u0119cej odpowiedzialnie wyprodukowanych rzeczy, niestety wiele z nich jest dost\u0119pna jest jedynie w sklepach zagranicznych. Oczywi\u015bcie, w miar\u0119 wzrostu \u015bwiadomo\u015bci i co za tym idzie zainteresowania tymi rzeczami, b\u0119d\u0105 one trafia\u0107 r\u00f3wnie\u017c do Polski. Nie do przecenienia jest wi\u0119c rola ludzi takich jak ty, propaguj\u0105cych etyczn\u0105 mod\u0119 i ekologiczny styl \u017cycia. Zmieniaj\u0105 oni ten \u015bwiat w takim samym stopniu jak etyczni producenci.<\/p>\n<figure id=\"attachment_7890\" aria-describedby=\"caption-attachment-7890\" style=\"width: 1093px\" class=\"wp-caption aligncenter\"><img loading=\"lazy\" decoding=\"async\" class=\"size-full wp-image-7890\" src=\"https:\/\/baranowscy.eu\/wordpress\/wp-content\/uploads\/2018\/04\/Rafal_h1_fot_Anna_Lewanska.jpg\" alt=\"Rafa\u0142 Hechmann, fot. Anna Lewa\u0144ska \" width=\"1093\" height=\"1212\" srcset=\"https:\/\/baranowscy.eu\/wordpress\/wp-content\/uploads\/2018\/04\/Rafal_h1_fot_Anna_Lewanska.jpg 1093w, https:\/\/baranowscy.eu\/wordpress\/wp-content\/uploads\/2018\/04\/Rafal_h1_fot_Anna_Lewanska-300x333.jpg 300w, https:\/\/baranowscy.eu\/wordpress\/wp-content\/uploads\/2018\/04\/Rafal_h1_fot_Anna_Lewanska-600x665.jpg 600w, https:\/\/baranowscy.eu\/wordpress\/wp-content\/uploads\/2018\/04\/Rafal_h1_fot_Anna_Lewanska-271x300.jpg 271w, https:\/\/baranowscy.eu\/wordpress\/wp-content\/uploads\/2018\/04\/Rafal_h1_fot_Anna_Lewanska-768x852.jpg 768w, https:\/\/baranowscy.eu\/wordpress\/wp-content\/uploads\/2018\/04\/Rafal_h1_fot_Anna_Lewanska-923x1024.jpg 923w, https:\/\/baranowscy.eu\/wordpress\/wp-content\/uploads\/2018\/04\/Rafal_h1_fot_Anna_Lewanska-560x621.jpg 560w\" sizes=\"auto, (max-width: 1093px) 100vw, 1093px\" \/><figcaption id=\"caption-attachment-7890\" class=\"wp-caption-text\">Rafa\u0142 Hechmann, fot. Anna Lewa\u0144ska<\/figcaption><\/figure>\n<p><strong>Jak przekona\u0107 ludzi, \u017ce warto kupowa\u0107 mniej, a lepiej?<\/strong><\/p>\n<p>Gdy co\u015b kupujemy, tak naprawd\u0119 p\u0142acimy w\u0142asnym czasem, kt\u00f3ry sp\u0119dzili\u015bmy, zarabiaj\u0105c pieni\u0105dze, p\u0142acimy wi\u0119ksz\u0105 lub mniejsz\u0105 cz\u0105stk\u0105 naszego \u017cycia, kt\u00f3rej nikt nam ju\u017c nigdy nie odda.<\/p>\n<h4>To od nas zale\u017cy, czy chcemy \u201ewydawa\u0107\u201d ten czas na rzeczy wyprodukowane napr\u0119dce, nieodpowiedzialnie, tanio i byle jak, czy chcemy doceni\u0107 raczej rzeczy, w kt\u00f3re kto\u015b w\u0142o\u017cy\u0142 pasj\u0119, odpowiedzialno\u015b\u0107 i dba\u0142o\u015b\u0107. Kupuj\u0105c rzeczy wyprodukowane w spos\u00f3b etyczny, wyra\u017camy nie tylko szacunek dla innych ludzi czy dla naszej planety, ale mo\u017ce przede wszystkim dla nas samych, dla naszej w\u0142asnej pracy.<\/h4>\n<p>Jednocze\u015bnie opowiadamy si\u0119 za tym, jak chcemy, aby ten \u015bwiat i co za tym idzie nasze \u017cycie wygl\u0105da\u0142y. Kupuj\u0105c rzeczy tanie i byle jakie, oddajemy sw\u00f3j g\u0142os na bylejako\u015b\u0107, wyzysk i trucie \u015brodowiska &#8211; to g\u0142osowanie, kt\u00f3rego skutki odczujemy tak samo, jak skutki ka\u017cdego innego g\u0142osowania, w kt\u00f3rym bierzemy udzia\u0142.<\/p>\n<figure id=\"attachment_4176\" aria-describedby=\"caption-attachment-4176\" style=\"width: 640px\" class=\"wp-caption aligncenter\"><img loading=\"lazy\" decoding=\"async\" class=\"size-full wp-image-4176\" src=\"https:\/\/baranowscy.eu\/wordpress\/wp-content\/uploads\/2015\/08\/plan_planeta_10.jpg\" alt=\"Plan Planeta\" width=\"640\" height=\"427\" srcset=\"https:\/\/baranowscy.eu\/wordpress\/wp-content\/uploads\/2015\/08\/plan_planeta_10.jpg 640w, https:\/\/baranowscy.eu\/wordpress\/wp-content\/uploads\/2015\/08\/plan_planeta_10-300x200.jpg 300w, https:\/\/baranowscy.eu\/wordpress\/wp-content\/uploads\/2015\/08\/plan_planeta_10-600x400.jpg 600w\" sizes=\"auto, (max-width: 640px) 100vw, 640px\" \/><figcaption id=\"caption-attachment-4176\" class=\"wp-caption-text\">Plan Planeta<\/figcaption><\/figure>\n<p><strong>Czy masz swoje przes\u0142anie do naszych Czytelnik\u00f3w?<\/strong><\/p>\n<p>Nasz\u0105 najwi\u0119ksz\u0105 supermoc\u0105 jest konsumpcja, nic na to nie poradzimy. To ona jest si\u0142\u0105, dzi\u0119ki kt\u00f3rej ka\u017cdy z nas codziennie zmienia \u015bwiat. Od tego, jak tej supermocy b\u0119dziemy u\u017cywa\u0107 na co dzie\u0144, nawet w pozornie nieznacz\u0105cych wyborach, zale\u017cy przysz\u0142o\u015b\u0107 naszej planety. Tylko od tego.<\/p>\n<h4>\u017badna organizacja, nawet najwi\u0119ksza i najfajniejsza, nie zmieni \u015bwiata. Nie zmieni go ani ONZ, ani Justin Trudeau ani Robert Biedro\u0144, zmieni\u0107 go mo\u017cemy tylko my. Jestem przekonany, \u017ce klucz do lepszego \u015bwiata le\u017cy w naszych codziennych, \u015bwiadomych wyborach i \u017ce te nasze proste, codzienne wybory ukszta\u0142tuj\u0105 przysz\u0142o\u015b\u0107 naszej wsp\u00f3lnej planety.<\/h4>\n<p>Takie my\u015blenie chc\u0119 promowa\u0107 poprzez m\u00f3j skromny Plan Planeta, zach\u0119ca\u0107 wszystkich, aby\u015bmy u\u017cywali swojej supermocy, jak\u0105 jest konsumpcja, rozumnie, kupowali mniej, ale lepiej. \u017beby\u015bmy wybierali dobrze.<\/p>\n<p><strong>Dzi\u0119kuj\u0119 za rozmow\u0119!<\/strong><\/p>\n","protected":false},"excerpt":{"rendered":"<p>Z okazji Fashion Revolution Week Poland mam dla Was wywiad z jednym z naszych ulubionych ambasador\u00f3w etycznej mody. Rafa\u0142 Hechmann skromnie przedstawia si\u0119 jako farmaceuta,&hellip;<\/p>\n","protected":false},"author":1,"featured_media":7887,"comment_status":"open","ping_status":"open","sticky":false,"template":"","format":"standard","meta":{"_jetpack_memberships_contains_paid_content":false,"footnotes":""},"categories":[1327,142],"tags":[1072,1154,1402,791,1401,73,71,1192,27],"class_list":["post-7886","post","type-post","status-publish","format-standard","has-post-thumbnail","hentry","category-5xo","category-fair-trade-sprawiedliwy-handel","tag-etyczna-moda","tag-fair-fashion","tag-fashion-revolution-week","tag-plan-planeta","tag-rafal-hechmann","tag-rozmowy","tag-sprawiedliwy-handel","tag-wywiad","tag-zakupy"],"yoast_head":"<!-- This site is optimized with the Yoast SEO plugin v27.4 - https:\/\/yoast.com\/product\/yoast-seo-wordpress\/ -->\n<title>Rafa\u0142 Hechmann i jego Plan Planeta. Wywiad - organiczni.eu<\/title>\n<meta name=\"description\" content=\"Z okazji Fashion Revolution Poland mam dla Was wywiad z jednym z naszych ulubionych ambasador\u00f3w etycznej mody. Rafa\u0142 Hechmann skromnie przedstawia si\u0119 jako farmaceuta, pracownik humanitarny i za\u0142o\u017cyciel sklepu internetowego Plan Planeta, ale ja wiem, \u017ce jego zas\u0142ugi dla promowania etyki w modzie s\u0105 znacznie wi\u0119ksze.\" \/>\n<meta name=\"robots\" content=\"index, follow, max-snippet:-1, max-image-preview:large, max-video-preview:-1\" \/>\n<link rel=\"canonical\" href=\"https:\/\/baranowscy.eu\/wordpress\/rafal-hechmann-plan-planeta\/\" \/>\n<meta property=\"og:locale\" content=\"pl_PL\" \/>\n<meta property=\"og:type\" content=\"article\" \/>\n<meta property=\"og:title\" content=\"Rafa\u0142 Hechmann i jego Plan Planeta. Wywiad - organiczni.eu\" \/>\n<meta property=\"og:description\" content=\"Z okazji Fashion Revolution Poland mam dla Was wywiad z jednym z naszych ulubionych ambasador\u00f3w etycznej mody. Rafa\u0142 Hechmann skromnie przedstawia si\u0119 jako farmaceuta, pracownik humanitarny i za\u0142o\u017cyciel sklepu internetowego Plan Planeta, ale ja wiem, \u017ce jego zas\u0142ugi dla promowania etyki w modzie s\u0105 znacznie wi\u0119ksze.\" \/>\n<meta property=\"og:url\" content=\"https:\/\/baranowscy.eu\/wordpress\/rafal-hechmann-plan-planeta\/\" \/>\n<meta property=\"og:site_name\" content=\"organiczni.eu\" \/>\n<meta property=\"article:publisher\" content=\"https:\/\/www.facebook.com\/organiczni\/\" \/>\n<meta property=\"article:published_time\" content=\"2018-04-25T11:00:02+00:00\" \/>\n<meta property=\"article:modified_time\" content=\"2018-04-26T17:51:24+00:00\" \/>\n<meta property=\"og:image\" content=\"https:\/\/baranowscy.eu\/wordpress\/wp-content\/uploads\/2018\/04\/Rafal2_fot.Anna_Lewanska.jpg\" \/>\n\t<meta property=\"og:image:width\" content=\"873\" \/>\n\t<meta property=\"og:image:height\" content=\"599\" \/>\n\t<meta property=\"og:image:type\" content=\"image\/jpeg\" \/>\n<meta name=\"author\" content=\"joanna\" \/>\n<meta name=\"twitter:card\" content=\"summary_large_image\" \/>\n<meta name=\"twitter:label1\" content=\"Napisane przez\" \/>\n\t<meta name=\"twitter:data1\" content=\"joanna\" \/>\n\t<meta name=\"twitter:label2\" content=\"Szacowany czas czytania\" \/>\n\t<meta name=\"twitter:data2\" content=\"8 minut\" \/>\n<script type=\"application\/ld+json\" class=\"yoast-schema-graph\">{\"@context\":\"https:\\\/\\\/schema.org\",\"@graph\":[{\"@type\":\"Article\",\"@id\":\"https:\\\/\\\/baranowscy.eu\\\/wordpress\\\/rafal-hechmann-plan-planeta\\\/#article\",\"isPartOf\":{\"@id\":\"https:\\\/\\\/baranowscy.eu\\\/wordpress\\\/rafal-hechmann-plan-planeta\\\/\"},\"author\":{\"name\":\"joanna\",\"@id\":\"https:\\\/\\\/baranowscy.eu\\\/wordpress\\\/#\\\/schema\\\/person\\\/741d5f1f3fd2833c5ca2ffdaaa93dc73\"},\"headline\":\"Rafa\u0142 Hechmann i jego Plan Planeta. Wywiad\",\"datePublished\":\"2018-04-25T11:00:02+00:00\",\"dateModified\":\"2018-04-26T17:51:24+00:00\",\"mainEntityOfPage\":{\"@id\":\"https:\\\/\\\/baranowscy.eu\\\/wordpress\\\/rafal-hechmann-plan-planeta\\\/\"},\"wordCount\":1651,\"commentCount\":11,\"publisher\":{\"@id\":\"https:\\\/\\\/baranowscy.eu\\\/wordpress\\\/#organization\"},\"image\":{\"@id\":\"https:\\\/\\\/baranowscy.eu\\\/wordpress\\\/rafal-hechmann-plan-planeta\\\/#primaryimage\"},\"thumbnailUrl\":\"https:\\\/\\\/baranowscy.eu\\\/wordpress\\\/wp-content\\\/uploads\\\/2018\\\/04\\\/Rafal2_fot.Anna_Lewanska.jpg\",\"keywords\":[\"etyczna moda\",\"fair fashion\",\"Fashion Revolution Week\",\"Plan Planeta\",\"Rafa\u0142 Hechmann\",\"rozmowy\",\"Sprawiedliwy Handel\",\"wywiad\",\"zakupy\"],\"articleSection\":[\"5xO\",\"Fair Trade - Sprawiedliwy Handel\"],\"inLanguage\":\"pl-PL\",\"potentialAction\":[{\"@type\":\"CommentAction\",\"name\":\"Comment\",\"target\":[\"https:\\\/\\\/baranowscy.eu\\\/wordpress\\\/rafal-hechmann-plan-planeta\\\/#respond\"]}]},{\"@type\":\"WebPage\",\"@id\":\"https:\\\/\\\/baranowscy.eu\\\/wordpress\\\/rafal-hechmann-plan-planeta\\\/\",\"url\":\"https:\\\/\\\/baranowscy.eu\\\/wordpress\\\/rafal-hechmann-plan-planeta\\\/\",\"name\":\"Rafa\u0142 Hechmann i jego Plan Planeta. Wywiad - organiczni.eu\",\"isPartOf\":{\"@id\":\"https:\\\/\\\/baranowscy.eu\\\/wordpress\\\/#website\"},\"primaryImageOfPage\":{\"@id\":\"https:\\\/\\\/baranowscy.eu\\\/wordpress\\\/rafal-hechmann-plan-planeta\\\/#primaryimage\"},\"image\":{\"@id\":\"https:\\\/\\\/baranowscy.eu\\\/wordpress\\\/rafal-hechmann-plan-planeta\\\/#primaryimage\"},\"thumbnailUrl\":\"https:\\\/\\\/baranowscy.eu\\\/wordpress\\\/wp-content\\\/uploads\\\/2018\\\/04\\\/Rafal2_fot.Anna_Lewanska.jpg\",\"datePublished\":\"2018-04-25T11:00:02+00:00\",\"dateModified\":\"2018-04-26T17:51:24+00:00\",\"description\":\"Z okazji Fashion Revolution Poland mam dla Was wywiad z jednym z naszych ulubionych ambasador\u00f3w etycznej mody. Rafa\u0142 Hechmann skromnie przedstawia si\u0119 jako farmaceuta, pracownik humanitarny i za\u0142o\u017cyciel sklepu internetowego Plan Planeta, ale ja wiem, \u017ce jego zas\u0142ugi dla promowania etyki w modzie s\u0105 znacznie wi\u0119ksze.\",\"breadcrumb\":{\"@id\":\"https:\\\/\\\/baranowscy.eu\\\/wordpress\\\/rafal-hechmann-plan-planeta\\\/#breadcrumb\"},\"inLanguage\":\"pl-PL\",\"potentialAction\":[{\"@type\":\"ReadAction\",\"target\":[\"https:\\\/\\\/baranowscy.eu\\\/wordpress\\\/rafal-hechmann-plan-planeta\\\/\"]}]},{\"@type\":\"ImageObject\",\"inLanguage\":\"pl-PL\",\"@id\":\"https:\\\/\\\/baranowscy.eu\\\/wordpress\\\/rafal-hechmann-plan-planeta\\\/#primaryimage\",\"url\":\"https:\\\/\\\/baranowscy.eu\\\/wordpress\\\/wp-content\\\/uploads\\\/2018\\\/04\\\/Rafal2_fot.Anna_Lewanska.jpg\",\"contentUrl\":\"https:\\\/\\\/baranowscy.eu\\\/wordpress\\\/wp-content\\\/uploads\\\/2018\\\/04\\\/Rafal2_fot.Anna_Lewanska.jpg\",\"width\":873,\"height\":599,\"caption\":\"Rafa\u0142 Hechmann, fot. Anna Lewa\u0144ska\"},{\"@type\":\"BreadcrumbList\",\"@id\":\"https:\\\/\\\/baranowscy.eu\\\/wordpress\\\/rafal-hechmann-plan-planeta\\\/#breadcrumb\",\"itemListElement\":[{\"@type\":\"ListItem\",\"position\":1,\"name\":\"Strona g\u0142\u00f3wna\",\"item\":\"https:\\\/\\\/baranowscy.eu\\\/wordpress\\\/\"},{\"@type\":\"ListItem\",\"position\":2,\"name\":\"Rafa\u0142 Hechmann i jego Plan Planeta. Wywiad\"}]},{\"@type\":\"WebSite\",\"@id\":\"https:\\\/\\\/baranowscy.eu\\\/wordpress\\\/#website\",\"url\":\"https:\\\/\\\/baranowscy.eu\\\/wordpress\\\/\",\"name\":\"organiczni.eu\",\"description\":\"Najbardziej wszechstronny blog ekologiczny\",\"publisher\":{\"@id\":\"https:\\\/\\\/baranowscy.eu\\\/wordpress\\\/#organization\"},\"potentialAction\":[{\"@type\":\"SearchAction\",\"target\":{\"@type\":\"EntryPoint\",\"urlTemplate\":\"https:\\\/\\\/baranowscy.eu\\\/wordpress\\\/?s={search_term_string}\"},\"query-input\":{\"@type\":\"PropertyValueSpecification\",\"valueRequired\":true,\"valueName\":\"search_term_string\"}}],\"inLanguage\":\"pl-PL\"},{\"@type\":\"Organization\",\"@id\":\"https:\\\/\\\/baranowscy.eu\\\/wordpress\\\/#organization\",\"name\":\"organiczni.eu\",\"url\":\"https:\\\/\\\/baranowscy.eu\\\/wordpress\\\/\",\"logo\":{\"@type\":\"ImageObject\",\"inLanguage\":\"pl-PL\",\"@id\":\"https:\\\/\\\/baranowscy.eu\\\/wordpress\\\/#\\\/schema\\\/logo\\\/image\\\/\",\"url\":\"https:\\\/\\\/baranowscy.eu\\\/wordpress\\\/wp-content\\\/uploads\\\/2018\\\/01\\\/logo_duze.png\",\"contentUrl\":\"https:\\\/\\\/baranowscy.eu\\\/wordpress\\\/wp-content\\\/uploads\\\/2018\\\/01\\\/logo_duze.png\",\"width\":1398,\"height\":300,\"caption\":\"organiczni.eu\"},\"image\":{\"@id\":\"https:\\\/\\\/baranowscy.eu\\\/wordpress\\\/#\\\/schema\\\/logo\\\/image\\\/\"},\"sameAs\":[\"https:\\\/\\\/www.facebook.com\\\/organiczni\\\/\",\"https:\\\/\\\/www.instagram.com\\\/organiczni.eu\\\/\"]},{\"@type\":\"Person\",\"@id\":\"https:\\\/\\\/baranowscy.eu\\\/wordpress\\\/#\\\/schema\\\/person\\\/741d5f1f3fd2833c5ca2ffdaaa93dc73\",\"name\":\"joanna\",\"image\":{\"@type\":\"ImageObject\",\"inLanguage\":\"pl-PL\",\"@id\":\"https:\\\/\\\/secure.gravatar.com\\\/avatar\\\/a59b1be4fa5d200ee0af0ba4bbcdb691da1d589b419bae23d7aa5a15d820e28e?s=96&d=identicon&r=g\",\"url\":\"https:\\\/\\\/secure.gravatar.com\\\/avatar\\\/a59b1be4fa5d200ee0af0ba4bbcdb691da1d589b419bae23d7aa5a15d820e28e?s=96&d=identicon&r=g\",\"contentUrl\":\"https:\\\/\\\/secure.gravatar.com\\\/avatar\\\/a59b1be4fa5d200ee0af0ba4bbcdb691da1d589b419bae23d7aa5a15d820e28e?s=96&d=identicon&r=g\",\"caption\":\"joanna\"},\"sameAs\":[\"https:\\\/\\\/organiczni.baranowscy.eu\"],\"url\":\"https:\\\/\\\/baranowscy.eu\\\/wordpress\\\/author\\\/admin\\\/\"}]}<\/script>\n<!-- \/ Yoast SEO plugin. -->","yoast_head_json":{"title":"Rafa\u0142 Hechmann i jego Plan Planeta. Wywiad - organiczni.eu","description":"Z okazji Fashion Revolution Poland mam dla Was wywiad z jednym z naszych ulubionych ambasador\u00f3w etycznej mody. Rafa\u0142 Hechmann skromnie przedstawia si\u0119 jako farmaceuta, pracownik humanitarny i za\u0142o\u017cyciel sklepu internetowego Plan Planeta, ale ja wiem, \u017ce jego zas\u0142ugi dla promowania etyki w modzie s\u0105 znacznie wi\u0119ksze.","robots":{"index":"index","follow":"follow","max-snippet":"max-snippet:-1","max-image-preview":"max-image-preview:large","max-video-preview":"max-video-preview:-1"},"canonical":"https:\/\/baranowscy.eu\/wordpress\/rafal-hechmann-plan-planeta\/","og_locale":"pl_PL","og_type":"article","og_title":"Rafa\u0142 Hechmann i jego Plan Planeta. Wywiad - organiczni.eu","og_description":"Z okazji Fashion Revolution Poland mam dla Was wywiad z jednym z naszych ulubionych ambasador\u00f3w etycznej mody. Rafa\u0142 Hechmann skromnie przedstawia si\u0119 jako farmaceuta, pracownik humanitarny i za\u0142o\u017cyciel sklepu internetowego Plan Planeta, ale ja wiem, \u017ce jego zas\u0142ugi dla promowania etyki w modzie s\u0105 znacznie wi\u0119ksze.","og_url":"https:\/\/baranowscy.eu\/wordpress\/rafal-hechmann-plan-planeta\/","og_site_name":"organiczni.eu","article_publisher":"https:\/\/www.facebook.com\/organiczni\/","article_published_time":"2018-04-25T11:00:02+00:00","article_modified_time":"2018-04-26T17:51:24+00:00","og_image":[{"width":873,"height":599,"url":"https:\/\/baranowscy.eu\/wordpress\/wp-content\/uploads\/2018\/04\/Rafal2_fot.Anna_Lewanska.jpg","type":"image\/jpeg"}],"author":"joanna","twitter_card":"summary_large_image","twitter_misc":{"Napisane przez":"joanna","Szacowany czas czytania":"8 minut"},"schema":{"@context":"https:\/\/schema.org","@graph":[{"@type":"Article","@id":"https:\/\/baranowscy.eu\/wordpress\/rafal-hechmann-plan-planeta\/#article","isPartOf":{"@id":"https:\/\/baranowscy.eu\/wordpress\/rafal-hechmann-plan-planeta\/"},"author":{"name":"joanna","@id":"https:\/\/baranowscy.eu\/wordpress\/#\/schema\/person\/741d5f1f3fd2833c5ca2ffdaaa93dc73"},"headline":"Rafa\u0142 Hechmann i jego Plan Planeta. Wywiad","datePublished":"2018-04-25T11:00:02+00:00","dateModified":"2018-04-26T17:51:24+00:00","mainEntityOfPage":{"@id":"https:\/\/baranowscy.eu\/wordpress\/rafal-hechmann-plan-planeta\/"},"wordCount":1651,"commentCount":11,"publisher":{"@id":"https:\/\/baranowscy.eu\/wordpress\/#organization"},"image":{"@id":"https:\/\/baranowscy.eu\/wordpress\/rafal-hechmann-plan-planeta\/#primaryimage"},"thumbnailUrl":"https:\/\/baranowscy.eu\/wordpress\/wp-content\/uploads\/2018\/04\/Rafal2_fot.Anna_Lewanska.jpg","keywords":["etyczna moda","fair fashion","Fashion Revolution Week","Plan Planeta","Rafa\u0142 Hechmann","rozmowy","Sprawiedliwy Handel","wywiad","zakupy"],"articleSection":["5xO","Fair Trade - Sprawiedliwy Handel"],"inLanguage":"pl-PL","potentialAction":[{"@type":"CommentAction","name":"Comment","target":["https:\/\/baranowscy.eu\/wordpress\/rafal-hechmann-plan-planeta\/#respond"]}]},{"@type":"WebPage","@id":"https:\/\/baranowscy.eu\/wordpress\/rafal-hechmann-plan-planeta\/","url":"https:\/\/baranowscy.eu\/wordpress\/rafal-hechmann-plan-planeta\/","name":"Rafa\u0142 Hechmann i jego Plan Planeta. Wywiad - organiczni.eu","isPartOf":{"@id":"https:\/\/baranowscy.eu\/wordpress\/#website"},"primaryImageOfPage":{"@id":"https:\/\/baranowscy.eu\/wordpress\/rafal-hechmann-plan-planeta\/#primaryimage"},"image":{"@id":"https:\/\/baranowscy.eu\/wordpress\/rafal-hechmann-plan-planeta\/#primaryimage"},"thumbnailUrl":"https:\/\/baranowscy.eu\/wordpress\/wp-content\/uploads\/2018\/04\/Rafal2_fot.Anna_Lewanska.jpg","datePublished":"2018-04-25T11:00:02+00:00","dateModified":"2018-04-26T17:51:24+00:00","description":"Z okazji Fashion Revolution Poland mam dla Was wywiad z jednym z naszych ulubionych ambasador\u00f3w etycznej mody. Rafa\u0142 Hechmann skromnie przedstawia si\u0119 jako farmaceuta, pracownik humanitarny i za\u0142o\u017cyciel sklepu internetowego Plan Planeta, ale ja wiem, \u017ce jego zas\u0142ugi dla promowania etyki w modzie s\u0105 znacznie wi\u0119ksze.","breadcrumb":{"@id":"https:\/\/baranowscy.eu\/wordpress\/rafal-hechmann-plan-planeta\/#breadcrumb"},"inLanguage":"pl-PL","potentialAction":[{"@type":"ReadAction","target":["https:\/\/baranowscy.eu\/wordpress\/rafal-hechmann-plan-planeta\/"]}]},{"@type":"ImageObject","inLanguage":"pl-PL","@id":"https:\/\/baranowscy.eu\/wordpress\/rafal-hechmann-plan-planeta\/#primaryimage","url":"https:\/\/baranowscy.eu\/wordpress\/wp-content\/uploads\/2018\/04\/Rafal2_fot.Anna_Lewanska.jpg","contentUrl":"https:\/\/baranowscy.eu\/wordpress\/wp-content\/uploads\/2018\/04\/Rafal2_fot.Anna_Lewanska.jpg","width":873,"height":599,"caption":"Rafa\u0142 Hechmann, fot. Anna Lewa\u0144ska"},{"@type":"BreadcrumbList","@id":"https:\/\/baranowscy.eu\/wordpress\/rafal-hechmann-plan-planeta\/#breadcrumb","itemListElement":[{"@type":"ListItem","position":1,"name":"Strona g\u0142\u00f3wna","item":"https:\/\/baranowscy.eu\/wordpress\/"},{"@type":"ListItem","position":2,"name":"Rafa\u0142 Hechmann i jego Plan Planeta. Wywiad"}]},{"@type":"WebSite","@id":"https:\/\/baranowscy.eu\/wordpress\/#website","url":"https:\/\/baranowscy.eu\/wordpress\/","name":"organiczni.eu","description":"Najbardziej wszechstronny blog ekologiczny","publisher":{"@id":"https:\/\/baranowscy.eu\/wordpress\/#organization"},"potentialAction":[{"@type":"SearchAction","target":{"@type":"EntryPoint","urlTemplate":"https:\/\/baranowscy.eu\/wordpress\/?s={search_term_string}"},"query-input":{"@type":"PropertyValueSpecification","valueRequired":true,"valueName":"search_term_string"}}],"inLanguage":"pl-PL"},{"@type":"Organization","@id":"https:\/\/baranowscy.eu\/wordpress\/#organization","name":"organiczni.eu","url":"https:\/\/baranowscy.eu\/wordpress\/","logo":{"@type":"ImageObject","inLanguage":"pl-PL","@id":"https:\/\/baranowscy.eu\/wordpress\/#\/schema\/logo\/image\/","url":"https:\/\/baranowscy.eu\/wordpress\/wp-content\/uploads\/2018\/01\/logo_duze.png","contentUrl":"https:\/\/baranowscy.eu\/wordpress\/wp-content\/uploads\/2018\/01\/logo_duze.png","width":1398,"height":300,"caption":"organiczni.eu"},"image":{"@id":"https:\/\/baranowscy.eu\/wordpress\/#\/schema\/logo\/image\/"},"sameAs":["https:\/\/www.facebook.com\/organiczni\/","https:\/\/www.instagram.com\/organiczni.eu\/"]},{"@type":"Person","@id":"https:\/\/baranowscy.eu\/wordpress\/#\/schema\/person\/741d5f1f3fd2833c5ca2ffdaaa93dc73","name":"joanna","image":{"@type":"ImageObject","inLanguage":"pl-PL","@id":"https:\/\/secure.gravatar.com\/avatar\/a59b1be4fa5d200ee0af0ba4bbcdb691da1d589b419bae23d7aa5a15d820e28e?s=96&d=identicon&r=g","url":"https:\/\/secure.gravatar.com\/avatar\/a59b1be4fa5d200ee0af0ba4bbcdb691da1d589b419bae23d7aa5a15d820e28e?s=96&d=identicon&r=g","contentUrl":"https:\/\/secure.gravatar.com\/avatar\/a59b1be4fa5d200ee0af0ba4bbcdb691da1d589b419bae23d7aa5a15d820e28e?s=96&d=identicon&r=g","caption":"joanna"},"sameAs":["https:\/\/organiczni.baranowscy.eu"],"url":"https:\/\/baranowscy.eu\/wordpress\/author\/admin\/"}]}},"jetpack_featured_media_url":"https:\/\/baranowscy.eu\/wordpress\/wp-content\/uploads\/2018\/04\/Rafal2_fot.Anna_Lewanska.jpg","jetpack_sharing_enabled":true,"_links":{"self":[{"href":"https:\/\/baranowscy.eu\/wordpress\/wp-json\/wp\/v2\/posts\/7886","targetHints":{"allow":["GET"]}}],"collection":[{"href":"https:\/\/baranowscy.eu\/wordpress\/wp-json\/wp\/v2\/posts"}],"about":[{"href":"https:\/\/baranowscy.eu\/wordpress\/wp-json\/wp\/v2\/types\/post"}],"author":[{"embeddable":true,"href":"https:\/\/baranowscy.eu\/wordpress\/wp-json\/wp\/v2\/users\/1"}],"replies":[{"embeddable":true,"href":"https:\/\/baranowscy.eu\/wordpress\/wp-json\/wp\/v2\/comments?post=7886"}],"version-history":[{"count":10,"href":"https:\/\/baranowscy.eu\/wordpress\/wp-json\/wp\/v2\/posts\/7886\/revisions"}],"predecessor-version":[{"id":7901,"href":"https:\/\/baranowscy.eu\/wordpress\/wp-json\/wp\/v2\/posts\/7886\/revisions\/7901"}],"wp:featuredmedia":[{"embeddable":true,"href":"https:\/\/baranowscy.eu\/wordpress\/wp-json\/wp\/v2\/media\/7887"}],"wp:attachment":[{"href":"https:\/\/baranowscy.eu\/wordpress\/wp-json\/wp\/v2\/media?parent=7886"}],"wp:term":[{"taxonomy":"category","embeddable":true,"href":"https:\/\/baranowscy.eu\/wordpress\/wp-json\/wp\/v2\/categories?post=7886"},{"taxonomy":"post_tag","embeddable":true,"href":"https:\/\/baranowscy.eu\/wordpress\/wp-json\/wp\/v2\/tags?post=7886"}],"curies":[{"name":"wp","href":"https:\/\/api.w.org\/{rel}","templated":true}]}}