{"id":7568,"date":"2018-02-16T13:34:45","date_gmt":"2018-02-16T12:34:45","guid":{"rendered":"http:\/\/baranowscy.eu\/wordpress\/?p=7568"},"modified":"2018-02-21T23:28:56","modified_gmt":"2018-02-21T22:28:56","slug":"5xo-w-lutym-los-elektrosmieci","status":"publish","type":"post","link":"https:\/\/baranowscy.eu\/wordpress\/5xo-w-lutym-los-elektrosmieci\/","title":{"rendered":"5xO w lutym. Los elektro\u015bmieci"},"content":{"rendered":"<p><strong>Czy zastanawiali\u015bcie si\u0119 kiedykolwiek, jaki jest los elektro\u015bmieci? Mnie zawsze interesowa\u0142o, co dzieje si\u0119 odpadami, zw\u0142aszcza odk\u0105d staram si\u0119 \u015bwiadomie je ogranicza\u0107. A w wypadku elektro\u015bmieci, kt\u00f3re s\u0105 jednymi z cenniejszych odpad\u00f3w, ich zbi\u00f3rka jest bardzo op\u0142acalna (natomiast wyrzucanie w spos\u00f3b niezgodny z prawem mo\u017ce by\u0107 karane). Dlaczego warto oddawa\u0107 popsuty sprz\u0119t elektroniczny do specjalnych punkt\u00f3w ?<\/strong><\/p>\n<p>O przybli\u017cenie dalszych los\u00f3w elektro\u015bmieci (czyli zu\u017cytego sprz\u0119tu elektrycznego i elektronicznego) poprosi\u0142am firm\u0119 Remondis, kt\u00f3ra ma podpisan\u0105 umow\u0119 z w\u0142adzami Warszawy na prowadzenie zbi\u00f3rki selektywnej (ale akurat bez elektro\u015bmieci. W stolicy znajduj\u0105 si\u0119 dwa PSZOK-i stacjonarne, a dwa razy w tygodniu w ka\u017cdej dzielnicy pojawiaj\u0105 si\u0119 PSZOK-i mobilne. W takich punktach mo\u017cna odda\u0107 konkretne odpady tzw. problematyczne, o kt\u00f3rych zamierzam napisa\u0107 osobny tekst).<\/p>\n<figure id=\"attachment_7572\" aria-describedby=\"caption-attachment-7572\" style=\"width: 600px\" class=\"wp-caption aligncenter\"><img loading=\"lazy\" decoding=\"async\" class=\"size-full wp-image-7572\" src=\"https:\/\/baranowscy.eu\/wordpress\/wp-content\/uploads\/2018\/02\/silnik_od_pralki.jpg\" alt=\"Silnik od naszej pralki, kt\u00f3ry pad\u0142 po kilku latach\" width=\"600\" height=\"667\" \/><figcaption id=\"caption-attachment-7572\" class=\"wp-caption-text\">Silnik od naszej pralki, kt\u00f3ry pad\u0142 po kilku latach<\/figcaption><\/figure>\n<p>Za\u0142\u00f3\u017cmy, \u017ce w\u0142a\u015bnie popsu\u0142y mi si\u0119 trzy sprz\u0119ty, kt\u00f3re nie nadaj\u0105 si\u0119 do naprawy i w\u0142a\u015bnie sta\u0142y si\u0119 elektro\u015bmieciami. Niech b\u0119dzie to lod\u00f3wka, telewizor i mikser. Co powinnam zrobi\u0107?<!--more--><\/p>\n<p><strong>Na pewno nie wolno mi wyrzuci\u0107 tych sprz\u0119t\u00f3w tak po prostu do \u015bmieci.<\/strong> Jak m\u00f3wi <a href=\"http:\/\/www.elektroeko.pl\/files\/upload\/ustawa2015.pdf\" target=\"_blank\" rel=\"noopener\">ustawa o zu\u017cytym sprz\u0119cie elektrycznym i elektronicznym<\/a>:<\/p>\n<blockquote><p><strong>Art. 34.<\/strong> Zakazuje si\u0119 umieszczania zu\u017cytego sprz\u0119tu \u0142\u0105cznie z innymi odpadami.\u00a0 (&#8230;)<\/p>\n<p><strong>Art. 36.<\/strong> Posiadacz zu\u017cytego sprz\u0119tu pochodz\u0105cego z gospodarstw domowych jest obowi\u0105zany do przekazania go\u00a0zbieraj\u0105cemu zu\u017cyty sprz\u0119t lub podmiotowi uprawnionemu do zbierania zu\u017cytego sprz\u0119tu, o kt\u00f3rym mowa w art. 45 ust. 1 pkt 1 ustawy z dnia 14 grudnia 2012 r. o odpadach.<\/p><\/blockquote>\n<p>A wi\u0119c musz\u0119 poszuka\u0107 odbiorcy elektro\u015bmieci.<\/p>\n<h2>\u0141a\u0144cuch odbioru<\/h2>\n<p>W Warszawie bezp\u0142atnym odbiorem elektro\u015bmieci zajmuje si\u0119 <a href=\"http:\/\/www.elektroeko.pl\" target=\"_blank\" rel=\"noopener\">ElektroEko<\/a>, zar\u00f3wno bezpo\u015brednim odbiorem wi\u0119kszych sprz\u0119t\u00f3w z domu, jak i w punktach zbi\u00f3rki w r\u00f3\u017cnych dzielnicach. Organizacja wsp\u00f3\u0142pracuje z zak\u0142adami przetwarzaj\u0105cymi taki sprz\u0119t elektroniczny. Jak ju\u017c si\u0119 przekona\u0142am, system odbioru i przetwarzania odpad\u00f3w nie jest tak prosty, jak my\u015blimy: osobne podmioty mog\u0105 obiera\u0107 odpady, osobne &#8211; przetwarza\u0107.<\/p>\n<p><strong>Zu\u017cyty sprz\u0119t mo\u017cemy te\u017c odda\u0107 do sklepu z AGD<\/strong>, du\u017ce urz\u0105dzenia przy okazji kupowania nowego sprz\u0119tu, ma\u0142e &#8211; zawsze.<\/p>\n<p>Zg\u0142osi\u0142am si\u0119 do <a href=\"http:\/\/www.remondis.pl\" target=\"_blank\" rel=\"noopener\">Remondis<\/a>, poniewa\u017c prowadz\u0105 oni nie tylko zbi\u00f3rk\u0119 (wsp\u00f3\u0142pracuj\u0105 np. z takimi sklepami, jak MediaMarkt czy Saturn), ale samodzielnie zajmuj\u0105 si\u0119 przetwarzaniem odpad\u00f3w problematycznych i elektro\u015bmieci, z kt\u00f3rych pozyskuj\u0105 surowce przekazywane do recykler\u00f3w.<\/p>\n<p><strong>Odzyskane surowce maj\u0105 cz\u0119sto wysok\u0105 warto\u015b\u0107, dzi\u0119ki czemu ca\u0142y proces jest op\u0142acalny<\/strong> (opr\u00f3cz tego, \u017ce wymuszony przez prawo). Ciekawym, cho\u0107 odleg\u0142ym przyk\u0142adem jest planowane wykorzystanie metali szlachetnych z recyklingu do <a href=\"http:\/\/www.green-projects.pl\/2016\/09\/elektroniczne-smieci-olimpiada-tokio\/\" target=\"_blank\" rel=\"noopener\">wytopienia medali olimpijskich na olimpiad\u0119 w Tokio<\/a>.<\/p>\n<h2>Losy elektro\u015bmieci<\/h2>\n<p>Dzi\u0119ki obszernej odpowiedzi, jak\u0105 uzyska\u0142am z Remondisu, mog\u0119 Wam przedstawi\u0107 dalsze losy zepsutej lod\u00f3wki, telewizora i miksera.<\/p>\n<h3>Sprz\u0119t ch\u0142odniczy<\/h3>\n<p>Kiedy lod\u00f3wka trafi do punktu przetwarzania odpad\u00f3w, nie wyjdzie z niego ca\u0142a. Wr\u0119cz przeciwnie, zostanie dos\u0142ownie zmielona na kawa\u0142eczki. Mo\u017cna to zobaczy\u0107 na filmie:<\/p>\n<p><iframe loading=\"lazy\" src=\"https:\/\/www.youtube.com\/embed\/CMdExRFd1X4\" width=\"560\" height=\"315\" frameborder=\"0\" allowfullscreen=\"allowfullscreen\"><\/iframe><\/p>\n<p><strong>Informacje otrzymane od Remondisu:<\/strong><\/p>\n<blockquote><p>Lod\u00f3wki po przyj\u0119ciu poddawane s\u0105 wst\u0119pnemu demonta\u017cowi na specjalnej linii demonta\u017cu r\u0119cznego. W tej fazie odsysany jest r\u00f3wnie\u017c olej z uk\u0142adu ch\u0142odniczego i usuwany kompresor. W kolejnym etapie pozosta\u0142a cz\u0119\u015b\u0107 urz\u0105dzenia poddawana jest rozdrabnianiu w hermetycznym m\u0142ynie, a uwalniaj\u0105ce si\u0119 z obudowy freony s\u0105 ujmowane i odzyskiwane w specjalnej instalacji. Ca\u0142o\u015b\u0107 procesu neutralizowana jest azotem, aby zapobiec powstawaniu wybuchowych st\u0119\u017ce\u0144 gaz\u00f3w. Powsta\u0142e w procesie przetwarzania surowce takie jak metale \u017celazne i nie\u017celazne, tworzywa sztuczne i polistyren, dzi\u0119ki swojej bardzo wysokiej czysto\u015bci przekraczaj\u0105cej 95% s\u0105 bardzo cennym surowcem dla recykler\u00f3w.<\/p><\/blockquote>\n<p><strong>A wi\u0119c ze starej lod\u00f3wki mo\u017cna uzyska\u0107:<\/strong><\/p>\n<ul>\n<li>cenne\u00a0metale (\u017celazo, metale nie\u017celazne itd.),<\/li>\n<li>prze\u0142\u0105czniki rt\u0119ciowe,<\/li>\n<li>tworzywa sztuczne (polistyren itd.),<\/li>\n<li>olej,<\/li>\n<li>czynnik ch\u0142odniczy,<\/li>\n<li>pianka PUR po usuni\u0119ciu cieczy roboczej<\/li>\n<li>oraz ciecz robocz\u0105.<\/li>\n<\/ul>\n<h3>Ma\u0142e elektro\u015bmieci (sprz\u0119t ma\u0142ogabarytowy)<\/h3>\n<p>Nasz popsuty mikser trafia do Remondisu i co dalej? Im mniejszy przedmiot, tym wi\u0119cej zachodu w por\u00f3wnaniu do warto\u015bci pozyskiwanych surowc\u00f3w. Jak wida\u0107 na poni\u017cszym filmie, wygl\u0105da to inaczej ni\u017c w wypadku sprz\u0119tu ch\u0142odniczego, wszystkie drobne elektro\u015bmieci s\u0105 na pocz\u0105tku traktowane hurtowo i potrzeba wi\u0119cej pracownik\u00f3w do ich wst\u0119pnego przejrzenia, aby usun\u0105\u0107 z nich elementy niebezpieczne.<\/p>\n<p><iframe loading=\"lazy\" src=\"https:\/\/www.youtube.com\/embed\/aKoYCAkA03g\" width=\"560\" height=\"315\" frameborder=\"0\" allowfullscreen=\"allowfullscreen\"><\/iframe><\/p>\n<p><strong>Informacje otrzymane od Remondisu:<\/strong><\/p>\n<blockquote><p>Pierwszym krokiem w odzysku ma\u0142ogabarytowych urz\u0105dze\u0144 elektrycznych i elektronicznych jest r\u0119czne usuni\u0119cie niebezpiecznych substancji w spos\u00f3b bezpieczny dla \u015brodowiska, nast\u0119pnie usuwane s\u0105 pozosta\u0142e substancje niebezpieczne oraz niekt\u00f3re rodzaje materia\u0142\u00f3w nadaj\u0105cych si\u0119 do recyklingu. Kolejny etap obejmuje dalsze rozdrabianie urz\u0105dze\u0144, w taki spos\u00f3b, aby mo\u017cliwe by\u0142o oddzielenie od siebie r\u00f3\u017cnych typ\u00f3w surowc\u00f3w.<\/p><\/blockquote>\n<p><strong>A wi\u0119c z ma\u0142ego AGD mo\u017cna uzyska\u0107:<\/strong><\/p>\n<ul>\n<li>\u017celazo, aluminium,<\/li>\n<li>metale kolorowe,<\/li>\n<li>tworzywa sztuczne,<\/li>\n<li>lotne materia\u0142y odpadowe i p\u0142ytki obwod\u00f3w drukowanych, z kt\u00f3rych w kolejnych etapach przetwarzania odzyskiwane s\u0105 m. in. metale szlachetne i metale ziem rzadkich.<\/li>\n<\/ul>\n<h3>Monitory ekranowe, monitory TV<\/h3>\n<p>Nasz telewizor, gdy ju\u017c trafi do zak\u0142adu przetwarzania elektro\u015bmieci, zostanie rozebrany na czynniki pierwsze. Najpierw czeka go manualna separacja \u015bcianek tylnych w TV, oddzielanie kabli, zespo\u0142u cewek odchylaj\u0105cych, kineskop\u00f3w itd.<\/p>\n<p><iframe loading=\"lazy\" src=\"https:\/\/www.youtube.com\/embed\/6X4-E2fz92k\" width=\"560\" height=\"315\" frameborder=\"0\" allowfullscreen=\"allowfullscreen\"><\/iframe><\/p>\n<p><strong>Informacje otrzymane od Remondisu:<\/strong><\/p>\n<blockquote><p>Ponad po\u0142owa masy monitora lub telewizora starego typu przypada na kineskop. Aby wi\u0119c wype\u0142ni\u0107 okre\u015blone w dyrektywie poziomy odzysku i recyklingu tych urz\u0105dze\u0144, szk\u0142o kineskopowe musi by\u0107 poddawane recyklingowi. Pierwszym krokiem jest oddzielenie kineskopu od obudowy. Odbywa si\u0119 to na specjalnych liniach wst\u0119pnego demonta\u017cu. W kolejnym etapie kineskopy kierowane s\u0105 na stanowisko, na kt\u00f3rym bezdotykowo, przy u\u017cyciu sensor\u00f3w podczerwieni okre\u015blana jest ich wielko\u015b\u0107 i nast\u0119puje p\u00f3\u0142automatyczne oddzielenie szk\u0142a ekranowego od tubowego. Zanim szk\u0142o trafi do huty, jest poddawane procesowi oczyszczania z luminoforu oraz procesowi homogenizacji.<\/p><\/blockquote>\n<p><strong>A wi\u0119c z telewizor\u00f3w, monitor\u00f3w itp. mo\u017cna uzyska\u0107:<\/strong><\/p>\n<ul>\n<li>szk\u0142o oczyszczone,<\/li>\n<li>szk\u0142o sto\u017ckowe,<\/li>\n<li>metale,<\/li>\n<li>tworzywa sztuczne,<\/li>\n<li>drewno,<\/li>\n<li>p\u0142ytki obwod\u00f3w drukowanych, z kt\u00f3rych w kolejnych etapach przetwarzania odzyskiwane s\u0105 m. in. metale szlachetne i metale ziem rzadkich.<\/li>\n<\/ul>\n<h2>Wnioski<\/h2>\n<p>Opr\u00f3cz wniosk\u00f3w, kt\u00f3re powinny chyba naturalnie nasun\u0105\u0107 si\u0119 ka\u017cdemu &#8211; <strong>\u017ce elektro\u015bmieci nie s\u0105 takimi \u015bmieciami, za jakie je uwa\u017camy i stanowi\u0105 bardzo cenne \u017ar\u00f3d\u0142o m.in. metali kolorowych<\/strong> &#8211; po obejrzeniu film\u00f3w Remondisu przysz\u0142a mi do g\u0142owy taka refleksja. To do\u015b\u0107 przera\u017caj\u0105ce, \u017ce ludzie wci\u0105\u017c wyrzucaj\u0105 zu\u017cyty sprz\u0119t elektroniczny byle gdzie. <strong>Ma\u0142o kto zdaje sobie spraw\u0119, \u017ce wewn\u0105trz takiego urz\u0105dzenia znajduj\u0105 si\u0119 substancje bardzo gro\u017ane dla \u015brodowiska (cho\u0107by rt\u0119\u0107), kt\u00f3rych uwolnienie nie jest trudne, a skutki przedostania si\u0119 truj\u0105cych zwi\u0105zk\u00f3w chemicznych do gleby czy wody mog\u0105 mie\u0107 katastrofalne skutki.<\/strong> Cho\u0107 producenci zabezpieczaj\u0105 dost\u0119p do wn\u0119trza urz\u0105dze\u0144 cz\u0119sto tak dobrze, \u017ce jest problem ze zwyk\u0142\u0105 napraw\u0105, porzucone elektro\u015bmieci bywaj\u0105 te\u017c &#8222;ofiarami&#8221; ludzi szukaj\u0105cych metali, kt\u00f3re mo\u017cna sprzeda\u0107 na z\u0142om. <a href=\"https:\/\/baranowscy.eu\/wordpress\/5-tysiecy-zlotych-kary-za-grzebanie-w-elektrosmieciu\/\" target=\"_blank\" rel=\"noopener\">Grzebanie w elekro\u015bmieciach jest karane!<\/a><\/p>\n<figure id=\"attachment_7574\" aria-describedby=\"caption-attachment-7574\" style=\"width: 600px\" class=\"wp-caption aligncenter\"><img loading=\"lazy\" decoding=\"async\" class=\"size-full wp-image-7574\" src=\"https:\/\/baranowscy.eu\/wordpress\/wp-content\/uploads\/2018\/02\/odkurzacz_do_naprawy.jpg\" alt=\"Odkurzacz wieziony do naprawy\" width=\"600\" height=\"667\" \/><figcaption id=\"caption-attachment-7574\" class=\"wp-caption-text\">Odkurzacz wieziony do naprawy<\/figcaption><\/figure>\n<p>I na koniec jeszcze jedna uwaga. <strong>Dla \u015brodowiska zazwyczaj b\u0119dzie lepiej, je\u015bli naprawimy uszkodzony sprz\u0119t, nawet je\u015bli niekoniecznie ucieszy si\u0119 z tego nasz portfel.<\/strong> Na zdj\u0119ciu widzicie odkurzacz, kt\u00f3ry sko\u0144czy w tym roku 10 lat, kt\u00f3ry by\u0142 ju\u017c dwukrotnie powa\u017cnie naprawiany. Mo\u017ce nie wygl\u0105da dzi\u015b jak nowoczesny model z wystawy, ale za to ma T\u0118 moc, kt\u00f3rej dzisiejsze odkurzacze (zgodnie z dyrektyw\u0105 Unii Europejskej) ju\u017c nie osi\u0105gaj\u0105.<\/p>\n<p><strong>Mimo to bywaj\u0105 sytuacje, gdy zupe\u0142nie nie op\u0142aca si\u0119 inwestowa\u0107 w zu\u017cyty sprz\u0119t, tym bardziej, \u017ce te naprawd\u0119 zabytkowe nie s\u0105 ekologiczne ani wydajne.<\/strong> Na szcz\u0119\u015bcie elektro\u015bmieci, oddane w dobre r\u0119ce, mog\u0105 si\u0119 jeszcze przys\u0142u\u017cy\u0107.<\/p>\n<p>Staracie si\u0119 naprawia\u0107 sprz\u0119t? A mo\u017ce wolicie od razu kupi\u0107 nowy? Gdzie oddajecie elektro\u015bmieci?<\/p>\n","protected":false},"excerpt":{"rendered":"<p>Czy zastanawiali\u015bcie si\u0119 kiedykolwiek, jaki jest los elektro\u015bmieci? Mnie zawsze interesowa\u0142o, co dzieje si\u0119 odpadami, zw\u0142aszcza odk\u0105d staram si\u0119 \u015bwiadomie je ogranicza\u0107. A w wypadku&hellip;<\/p>\n","protected":false},"author":1,"featured_media":7576,"comment_status":"open","ping_status":"open","sticky":false,"template":"","format":"standard","meta":{"_jetpack_memberships_contains_paid_content":false,"footnotes":""},"categories":[1327,19,1148],"tags":[35,1334,1367,1366],"class_list":["post-7568","post","type-post","status-publish","format-standard","has-post-thumbnail","hentry","category-5xo","category-segregacja-odpadow","category-zero-waste","tag-elektrosmieci","tag-odpady","tag-pszok","tag-remondis"],"yoast_head":"<!-- This site is optimized with the Yoast SEO plugin v27.4 - https:\/\/yoast.com\/product\/yoast-seo-wordpress\/ -->\n<title>5xO w lutym. Los elektro\u015bmieci - organiczni.eu<\/title>\n<meta name=\"robots\" content=\"index, follow, max-snippet:-1, max-image-preview:large, max-video-preview:-1\" \/>\n<link rel=\"canonical\" href=\"https:\/\/baranowscy.eu\/wordpress\/5xo-w-lutym-los-elektrosmieci\/\" \/>\n<meta property=\"og:locale\" content=\"pl_PL\" \/>\n<meta property=\"og:type\" content=\"article\" \/>\n<meta property=\"og:title\" content=\"5xO w lutym. Los elektro\u015bmieci - organiczni.eu\" \/>\n<meta property=\"og:description\" content=\"Czy zastanawiali\u015bcie si\u0119 kiedykolwiek, jaki jest los elektro\u015bmieci? Mnie zawsze interesowa\u0142o, co dzieje si\u0119 odpadami, zw\u0142aszcza odk\u0105d staram si\u0119 \u015bwiadomie je ogranicza\u0107. A w wypadku&hellip;\" \/>\n<meta property=\"og:url\" content=\"https:\/\/baranowscy.eu\/wordpress\/5xo-w-lutym-los-elektrosmieci\/\" \/>\n<meta property=\"og:site_name\" content=\"organiczni.eu\" \/>\n<meta property=\"article:publisher\" content=\"https:\/\/www.facebook.com\/organiczni\/\" \/>\n<meta property=\"article:published_time\" content=\"2018-02-16T12:34:45+00:00\" \/>\n<meta property=\"article:modified_time\" content=\"2018-02-21T22:28:56+00:00\" \/>\n<meta property=\"og:image\" content=\"https:\/\/baranowscy.eu\/wordpress\/wp-content\/uploads\/2018\/02\/losy_elektrosmieci_silnik_od_pralki-1.jpg\" \/>\n\t<meta property=\"og:image:width\" content=\"1200\" \/>\n\t<meta property=\"og:image:height\" content=\"626\" \/>\n\t<meta property=\"og:image:type\" content=\"image\/jpeg\" \/>\n<meta name=\"author\" content=\"joanna\" \/>\n<meta name=\"twitter:card\" content=\"summary_large_image\" \/>\n<meta name=\"twitter:label1\" content=\"Napisane przez\" \/>\n\t<meta name=\"twitter:data1\" content=\"joanna\" \/>\n\t<meta name=\"twitter:label2\" content=\"Szacowany czas czytania\" \/>\n\t<meta name=\"twitter:data2\" content=\"7 minut\" \/>\n<script type=\"application\/ld+json\" class=\"yoast-schema-graph\">{\"@context\":\"https:\\\/\\\/schema.org\",\"@graph\":[{\"@type\":\"Article\",\"@id\":\"https:\\\/\\\/baranowscy.eu\\\/wordpress\\\/5xo-w-lutym-los-elektrosmieci\\\/#article\",\"isPartOf\":{\"@id\":\"https:\\\/\\\/baranowscy.eu\\\/wordpress\\\/5xo-w-lutym-los-elektrosmieci\\\/\"},\"author\":{\"name\":\"joanna\",\"@id\":\"https:\\\/\\\/baranowscy.eu\\\/wordpress\\\/#\\\/schema\\\/person\\\/741d5f1f3fd2833c5ca2ffdaaa93dc73\"},\"headline\":\"5xO w lutym. Los elektro\u015bmieci\",\"datePublished\":\"2018-02-16T12:34:45+00:00\",\"dateModified\":\"2018-02-21T22:28:56+00:00\",\"mainEntityOfPage\":{\"@id\":\"https:\\\/\\\/baranowscy.eu\\\/wordpress\\\/5xo-w-lutym-los-elektrosmieci\\\/\"},\"wordCount\":1392,\"commentCount\":9,\"publisher\":{\"@id\":\"https:\\\/\\\/baranowscy.eu\\\/wordpress\\\/#organization\"},\"image\":{\"@id\":\"https:\\\/\\\/baranowscy.eu\\\/wordpress\\\/5xo-w-lutym-los-elektrosmieci\\\/#primaryimage\"},\"thumbnailUrl\":\"https:\\\/\\\/baranowscy.eu\\\/wordpress\\\/wp-content\\\/uploads\\\/2018\\\/02\\\/losy_elektrosmieci_silnik_od_pralki-1.jpg\",\"keywords\":[\"elektro\u015bmieci\",\"odpady\",\"PSZOK\",\"Remondis\"],\"articleSection\":[\"5xO\",\"segregacja odpad\u00f3w\",\"zero waste\"],\"inLanguage\":\"pl-PL\",\"potentialAction\":[{\"@type\":\"CommentAction\",\"name\":\"Comment\",\"target\":[\"https:\\\/\\\/baranowscy.eu\\\/wordpress\\\/5xo-w-lutym-los-elektrosmieci\\\/#respond\"]}]},{\"@type\":\"WebPage\",\"@id\":\"https:\\\/\\\/baranowscy.eu\\\/wordpress\\\/5xo-w-lutym-los-elektrosmieci\\\/\",\"url\":\"https:\\\/\\\/baranowscy.eu\\\/wordpress\\\/5xo-w-lutym-los-elektrosmieci\\\/\",\"name\":\"5xO w lutym. Los elektro\u015bmieci - organiczni.eu\",\"isPartOf\":{\"@id\":\"https:\\\/\\\/baranowscy.eu\\\/wordpress\\\/#website\"},\"primaryImageOfPage\":{\"@id\":\"https:\\\/\\\/baranowscy.eu\\\/wordpress\\\/5xo-w-lutym-los-elektrosmieci\\\/#primaryimage\"},\"image\":{\"@id\":\"https:\\\/\\\/baranowscy.eu\\\/wordpress\\\/5xo-w-lutym-los-elektrosmieci\\\/#primaryimage\"},\"thumbnailUrl\":\"https:\\\/\\\/baranowscy.eu\\\/wordpress\\\/wp-content\\\/uploads\\\/2018\\\/02\\\/losy_elektrosmieci_silnik_od_pralki-1.jpg\",\"datePublished\":\"2018-02-16T12:34:45+00:00\",\"dateModified\":\"2018-02-21T22:28:56+00:00\",\"breadcrumb\":{\"@id\":\"https:\\\/\\\/baranowscy.eu\\\/wordpress\\\/5xo-w-lutym-los-elektrosmieci\\\/#breadcrumb\"},\"inLanguage\":\"pl-PL\",\"potentialAction\":[{\"@type\":\"ReadAction\",\"target\":[\"https:\\\/\\\/baranowscy.eu\\\/wordpress\\\/5xo-w-lutym-los-elektrosmieci\\\/\"]}]},{\"@type\":\"ImageObject\",\"inLanguage\":\"pl-PL\",\"@id\":\"https:\\\/\\\/baranowscy.eu\\\/wordpress\\\/5xo-w-lutym-los-elektrosmieci\\\/#primaryimage\",\"url\":\"https:\\\/\\\/baranowscy.eu\\\/wordpress\\\/wp-content\\\/uploads\\\/2018\\\/02\\\/losy_elektrosmieci_silnik_od_pralki-1.jpg\",\"contentUrl\":\"https:\\\/\\\/baranowscy.eu\\\/wordpress\\\/wp-content\\\/uploads\\\/2018\\\/02\\\/losy_elektrosmieci_silnik_od_pralki-1.jpg\",\"width\":1200,\"height\":626,\"caption\":\"Losy elektro\u015bmieci. Silnik od pralki\"},{\"@type\":\"BreadcrumbList\",\"@id\":\"https:\\\/\\\/baranowscy.eu\\\/wordpress\\\/5xo-w-lutym-los-elektrosmieci\\\/#breadcrumb\",\"itemListElement\":[{\"@type\":\"ListItem\",\"position\":1,\"name\":\"Strona g\u0142\u00f3wna\",\"item\":\"https:\\\/\\\/baranowscy.eu\\\/wordpress\\\/\"},{\"@type\":\"ListItem\",\"position\":2,\"name\":\"5xO w lutym. Los elektro\u015bmieci\"}]},{\"@type\":\"WebSite\",\"@id\":\"https:\\\/\\\/baranowscy.eu\\\/wordpress\\\/#website\",\"url\":\"https:\\\/\\\/baranowscy.eu\\\/wordpress\\\/\",\"name\":\"organiczni.eu\",\"description\":\"Najbardziej wszechstronny blog ekologiczny\",\"publisher\":{\"@id\":\"https:\\\/\\\/baranowscy.eu\\\/wordpress\\\/#organization\"},\"potentialAction\":[{\"@type\":\"SearchAction\",\"target\":{\"@type\":\"EntryPoint\",\"urlTemplate\":\"https:\\\/\\\/baranowscy.eu\\\/wordpress\\\/?s={search_term_string}\"},\"query-input\":{\"@type\":\"PropertyValueSpecification\",\"valueRequired\":true,\"valueName\":\"search_term_string\"}}],\"inLanguage\":\"pl-PL\"},{\"@type\":\"Organization\",\"@id\":\"https:\\\/\\\/baranowscy.eu\\\/wordpress\\\/#organization\",\"name\":\"organiczni.eu\",\"url\":\"https:\\\/\\\/baranowscy.eu\\\/wordpress\\\/\",\"logo\":{\"@type\":\"ImageObject\",\"inLanguage\":\"pl-PL\",\"@id\":\"https:\\\/\\\/baranowscy.eu\\\/wordpress\\\/#\\\/schema\\\/logo\\\/image\\\/\",\"url\":\"https:\\\/\\\/baranowscy.eu\\\/wordpress\\\/wp-content\\\/uploads\\\/2018\\\/01\\\/logo_duze.png\",\"contentUrl\":\"https:\\\/\\\/baranowscy.eu\\\/wordpress\\\/wp-content\\\/uploads\\\/2018\\\/01\\\/logo_duze.png\",\"width\":1398,\"height\":300,\"caption\":\"organiczni.eu\"},\"image\":{\"@id\":\"https:\\\/\\\/baranowscy.eu\\\/wordpress\\\/#\\\/schema\\\/logo\\\/image\\\/\"},\"sameAs\":[\"https:\\\/\\\/www.facebook.com\\\/organiczni\\\/\",\"https:\\\/\\\/www.instagram.com\\\/organiczni.eu\\\/\"]},{\"@type\":\"Person\",\"@id\":\"https:\\\/\\\/baranowscy.eu\\\/wordpress\\\/#\\\/schema\\\/person\\\/741d5f1f3fd2833c5ca2ffdaaa93dc73\",\"name\":\"joanna\",\"image\":{\"@type\":\"ImageObject\",\"inLanguage\":\"pl-PL\",\"@id\":\"https:\\\/\\\/secure.gravatar.com\\\/avatar\\\/a59b1be4fa5d200ee0af0ba4bbcdb691da1d589b419bae23d7aa5a15d820e28e?s=96&d=identicon&r=g\",\"url\":\"https:\\\/\\\/secure.gravatar.com\\\/avatar\\\/a59b1be4fa5d200ee0af0ba4bbcdb691da1d589b419bae23d7aa5a15d820e28e?s=96&d=identicon&r=g\",\"contentUrl\":\"https:\\\/\\\/secure.gravatar.com\\\/avatar\\\/a59b1be4fa5d200ee0af0ba4bbcdb691da1d589b419bae23d7aa5a15d820e28e?s=96&d=identicon&r=g\",\"caption\":\"joanna\"},\"sameAs\":[\"https:\\\/\\\/organiczni.baranowscy.eu\"],\"url\":\"https:\\\/\\\/baranowscy.eu\\\/wordpress\\\/author\\\/admin\\\/\"}]}<\/script>\n<!-- \/ Yoast SEO plugin. -->","yoast_head_json":{"title":"5xO w lutym. Los elektro\u015bmieci - organiczni.eu","robots":{"index":"index","follow":"follow","max-snippet":"max-snippet:-1","max-image-preview":"max-image-preview:large","max-video-preview":"max-video-preview:-1"},"canonical":"https:\/\/baranowscy.eu\/wordpress\/5xo-w-lutym-los-elektrosmieci\/","og_locale":"pl_PL","og_type":"article","og_title":"5xO w lutym. Los elektro\u015bmieci - organiczni.eu","og_description":"Czy zastanawiali\u015bcie si\u0119 kiedykolwiek, jaki jest los elektro\u015bmieci? Mnie zawsze interesowa\u0142o, co dzieje si\u0119 odpadami, zw\u0142aszcza odk\u0105d staram si\u0119 \u015bwiadomie je ogranicza\u0107. A w wypadku&hellip;","og_url":"https:\/\/baranowscy.eu\/wordpress\/5xo-w-lutym-los-elektrosmieci\/","og_site_name":"organiczni.eu","article_publisher":"https:\/\/www.facebook.com\/organiczni\/","article_published_time":"2018-02-16T12:34:45+00:00","article_modified_time":"2018-02-21T22:28:56+00:00","og_image":[{"width":1200,"height":626,"url":"https:\/\/baranowscy.eu\/wordpress\/wp-content\/uploads\/2018\/02\/losy_elektrosmieci_silnik_od_pralki-1.jpg","type":"image\/jpeg"}],"author":"joanna","twitter_card":"summary_large_image","twitter_misc":{"Napisane przez":"joanna","Szacowany czas czytania":"7 minut"},"schema":{"@context":"https:\/\/schema.org","@graph":[{"@type":"Article","@id":"https:\/\/baranowscy.eu\/wordpress\/5xo-w-lutym-los-elektrosmieci\/#article","isPartOf":{"@id":"https:\/\/baranowscy.eu\/wordpress\/5xo-w-lutym-los-elektrosmieci\/"},"author":{"name":"joanna","@id":"https:\/\/baranowscy.eu\/wordpress\/#\/schema\/person\/741d5f1f3fd2833c5ca2ffdaaa93dc73"},"headline":"5xO w lutym. Los elektro\u015bmieci","datePublished":"2018-02-16T12:34:45+00:00","dateModified":"2018-02-21T22:28:56+00:00","mainEntityOfPage":{"@id":"https:\/\/baranowscy.eu\/wordpress\/5xo-w-lutym-los-elektrosmieci\/"},"wordCount":1392,"commentCount":9,"publisher":{"@id":"https:\/\/baranowscy.eu\/wordpress\/#organization"},"image":{"@id":"https:\/\/baranowscy.eu\/wordpress\/5xo-w-lutym-los-elektrosmieci\/#primaryimage"},"thumbnailUrl":"https:\/\/baranowscy.eu\/wordpress\/wp-content\/uploads\/2018\/02\/losy_elektrosmieci_silnik_od_pralki-1.jpg","keywords":["elektro\u015bmieci","odpady","PSZOK","Remondis"],"articleSection":["5xO","segregacja odpad\u00f3w","zero waste"],"inLanguage":"pl-PL","potentialAction":[{"@type":"CommentAction","name":"Comment","target":["https:\/\/baranowscy.eu\/wordpress\/5xo-w-lutym-los-elektrosmieci\/#respond"]}]},{"@type":"WebPage","@id":"https:\/\/baranowscy.eu\/wordpress\/5xo-w-lutym-los-elektrosmieci\/","url":"https:\/\/baranowscy.eu\/wordpress\/5xo-w-lutym-los-elektrosmieci\/","name":"5xO w lutym. Los elektro\u015bmieci - organiczni.eu","isPartOf":{"@id":"https:\/\/baranowscy.eu\/wordpress\/#website"},"primaryImageOfPage":{"@id":"https:\/\/baranowscy.eu\/wordpress\/5xo-w-lutym-los-elektrosmieci\/#primaryimage"},"image":{"@id":"https:\/\/baranowscy.eu\/wordpress\/5xo-w-lutym-los-elektrosmieci\/#primaryimage"},"thumbnailUrl":"https:\/\/baranowscy.eu\/wordpress\/wp-content\/uploads\/2018\/02\/losy_elektrosmieci_silnik_od_pralki-1.jpg","datePublished":"2018-02-16T12:34:45+00:00","dateModified":"2018-02-21T22:28:56+00:00","breadcrumb":{"@id":"https:\/\/baranowscy.eu\/wordpress\/5xo-w-lutym-los-elektrosmieci\/#breadcrumb"},"inLanguage":"pl-PL","potentialAction":[{"@type":"ReadAction","target":["https:\/\/baranowscy.eu\/wordpress\/5xo-w-lutym-los-elektrosmieci\/"]}]},{"@type":"ImageObject","inLanguage":"pl-PL","@id":"https:\/\/baranowscy.eu\/wordpress\/5xo-w-lutym-los-elektrosmieci\/#primaryimage","url":"https:\/\/baranowscy.eu\/wordpress\/wp-content\/uploads\/2018\/02\/losy_elektrosmieci_silnik_od_pralki-1.jpg","contentUrl":"https:\/\/baranowscy.eu\/wordpress\/wp-content\/uploads\/2018\/02\/losy_elektrosmieci_silnik_od_pralki-1.jpg","width":1200,"height":626,"caption":"Losy elektro\u015bmieci. Silnik od pralki"},{"@type":"BreadcrumbList","@id":"https:\/\/baranowscy.eu\/wordpress\/5xo-w-lutym-los-elektrosmieci\/#breadcrumb","itemListElement":[{"@type":"ListItem","position":1,"name":"Strona g\u0142\u00f3wna","item":"https:\/\/baranowscy.eu\/wordpress\/"},{"@type":"ListItem","position":2,"name":"5xO w lutym. Los elektro\u015bmieci"}]},{"@type":"WebSite","@id":"https:\/\/baranowscy.eu\/wordpress\/#website","url":"https:\/\/baranowscy.eu\/wordpress\/","name":"organiczni.eu","description":"Najbardziej wszechstronny blog ekologiczny","publisher":{"@id":"https:\/\/baranowscy.eu\/wordpress\/#organization"},"potentialAction":[{"@type":"SearchAction","target":{"@type":"EntryPoint","urlTemplate":"https:\/\/baranowscy.eu\/wordpress\/?s={search_term_string}"},"query-input":{"@type":"PropertyValueSpecification","valueRequired":true,"valueName":"search_term_string"}}],"inLanguage":"pl-PL"},{"@type":"Organization","@id":"https:\/\/baranowscy.eu\/wordpress\/#organization","name":"organiczni.eu","url":"https:\/\/baranowscy.eu\/wordpress\/","logo":{"@type":"ImageObject","inLanguage":"pl-PL","@id":"https:\/\/baranowscy.eu\/wordpress\/#\/schema\/logo\/image\/","url":"https:\/\/baranowscy.eu\/wordpress\/wp-content\/uploads\/2018\/01\/logo_duze.png","contentUrl":"https:\/\/baranowscy.eu\/wordpress\/wp-content\/uploads\/2018\/01\/logo_duze.png","width":1398,"height":300,"caption":"organiczni.eu"},"image":{"@id":"https:\/\/baranowscy.eu\/wordpress\/#\/schema\/logo\/image\/"},"sameAs":["https:\/\/www.facebook.com\/organiczni\/","https:\/\/www.instagram.com\/organiczni.eu\/"]},{"@type":"Person","@id":"https:\/\/baranowscy.eu\/wordpress\/#\/schema\/person\/741d5f1f3fd2833c5ca2ffdaaa93dc73","name":"joanna","image":{"@type":"ImageObject","inLanguage":"pl-PL","@id":"https:\/\/secure.gravatar.com\/avatar\/a59b1be4fa5d200ee0af0ba4bbcdb691da1d589b419bae23d7aa5a15d820e28e?s=96&d=identicon&r=g","url":"https:\/\/secure.gravatar.com\/avatar\/a59b1be4fa5d200ee0af0ba4bbcdb691da1d589b419bae23d7aa5a15d820e28e?s=96&d=identicon&r=g","contentUrl":"https:\/\/secure.gravatar.com\/avatar\/a59b1be4fa5d200ee0af0ba4bbcdb691da1d589b419bae23d7aa5a15d820e28e?s=96&d=identicon&r=g","caption":"joanna"},"sameAs":["https:\/\/organiczni.baranowscy.eu"],"url":"https:\/\/baranowscy.eu\/wordpress\/author\/admin\/"}]}},"jetpack_featured_media_url":"https:\/\/baranowscy.eu\/wordpress\/wp-content\/uploads\/2018\/02\/losy_elektrosmieci_silnik_od_pralki-1.jpg","jetpack_sharing_enabled":true,"_links":{"self":[{"href":"https:\/\/baranowscy.eu\/wordpress\/wp-json\/wp\/v2\/posts\/7568","targetHints":{"allow":["GET"]}}],"collection":[{"href":"https:\/\/baranowscy.eu\/wordpress\/wp-json\/wp\/v2\/posts"}],"about":[{"href":"https:\/\/baranowscy.eu\/wordpress\/wp-json\/wp\/v2\/types\/post"}],"author":[{"embeddable":true,"href":"https:\/\/baranowscy.eu\/wordpress\/wp-json\/wp\/v2\/users\/1"}],"replies":[{"embeddable":true,"href":"https:\/\/baranowscy.eu\/wordpress\/wp-json\/wp\/v2\/comments?post=7568"}],"version-history":[{"count":6,"href":"https:\/\/baranowscy.eu\/wordpress\/wp-json\/wp\/v2\/posts\/7568\/revisions"}],"predecessor-version":[{"id":7592,"href":"https:\/\/baranowscy.eu\/wordpress\/wp-json\/wp\/v2\/posts\/7568\/revisions\/7592"}],"wp:featuredmedia":[{"embeddable":true,"href":"https:\/\/baranowscy.eu\/wordpress\/wp-json\/wp\/v2\/media\/7576"}],"wp:attachment":[{"href":"https:\/\/baranowscy.eu\/wordpress\/wp-json\/wp\/v2\/media?parent=7568"}],"wp:term":[{"taxonomy":"category","embeddable":true,"href":"https:\/\/baranowscy.eu\/wordpress\/wp-json\/wp\/v2\/categories?post=7568"},{"taxonomy":"post_tag","embeddable":true,"href":"https:\/\/baranowscy.eu\/wordpress\/wp-json\/wp\/v2\/tags?post=7568"}],"curies":[{"name":"wp","href":"https:\/\/api.w.org\/{rel}","templated":true}]}}