{"id":7290,"date":"2017-12-11T12:44:40","date_gmt":"2017-12-11T11:44:40","guid":{"rendered":"http:\/\/baranowscy.eu\/wordpress\/?p=7290"},"modified":"2018-03-25T12:03:33","modified_gmt":"2018-03-25T10:03:33","slug":"przepis-na-czarna-paste-do-zebow","status":"publish","type":"post","link":"https:\/\/baranowscy.eu\/wordpress\/przepis-na-czarna-paste-do-zebow\/","title":{"rendered":"Przepis na czarn\u0105 past\u0119 do z\u0119b\u00f3w"},"content":{"rendered":"<p><strong>Przepis na czarn\u0105 past\u0119 do z\u0119b\u00f3w chodzi\u0142 za mn\u0105 ju\u017c od dw\u00f3ch lat, gdy pr\u00f3bowali\u015bmy past <a href=\"https:\/\/baranowscy.eu\/wordpress\/ecodenta-czarna-i-ecodenta-biala-test-past-dla-doroslych\/\" target=\"_blank\" rel=\"noopener\">Ecodenta<\/a>. Okaza\u0142o si\u0119, \u017ce zrobienie samemu ca\u0142kiem naturalnej i ca\u0142kiem czarnej pasty w domu jest bardzo proste i tanie.<\/strong><\/p>\n<p>Wybielaj\u0105ce dzia\u0142anie w\u0119gla aktywowanego nie pozostawia w\u0105tpliwo\u015bci, cho\u0107 jego czarny kolor sugeruje przeciwne dzia\u0142anie. Dzi\u0119ki swoim w\u0142a\u015bciwo\u015bciom absorpcyjnym (kt\u00f3re ratuj\u0105 nas np. przy zatruciach pokarmowych i pomaga filtrowa\u0107 zanieczyszczon\u0105 wod\u0119) w\u0119giel usuwa z z\u0119b\u00f3w osad z kawy i herbaty, kt\u00f3rego tak bardzo nie lubimy. Jak przeczyta\u0142am u Klaudyny Hebdy, w\u0119giel nie usuwa kamienia naz\u0119bnego, poniewa\u017c jest na to zbyt delikatny \u2013 dzi\u0119ki temu jednak nie musimy si\u0119 ba\u0107, \u017ce np. zdemineralizuje nam szkliwo.<\/p>\n<h2><strong>Kilka s\u0142\u00f3w o kupowaniu w\u0119gla<\/strong><\/h2>\n<p><!--more--><\/p>\n<p><strong>Cho\u0107 ja zainwestowa\u0142am w <a href=\"https:\/\/www.drogeria-ekologiczna.pl\/surowce-do-wlasnych-srodkow-\/7259-wegiel-aktywny-cwz-22-1-kg-stanlab.html\" target=\"_blank\" rel=\"noopener\">&gt;&gt;1 kg w\u0119gla aktywnego w postaci py\u0142u (link)<\/a>, nie namawiam Was do tego.<\/strong> Pow\u00f3d jest prozaiczny: 1 kg to bardzo du\u017co, a py\u0142 ma t\u0119 w\u0142a\u015bciwo\u015b\u0107, \u017ce jest niesamowicie lekki i wsz\u0119dobylski. Moim celem by\u0142o unikni\u0119cie rozdrabniania w\u0119gla i rzeczywi\u015bcie, mam pod r\u0119k\u0105 czarny proszek o lekko\u015bci puchu. <strong>Zrobi\u0142am z niego past\u0119 i myd\u0142o, i wci\u0105\u017c mam prawie 1 kg w\u0119gla.<\/strong> Z pewno\u015bci\u0105 jest to rozwi\u0105zanie o wiele bardziej bezodpadowe ni\u017c kupowanie w\u0119gla w aptece w blistrach. <strong>Jednak je\u015bli nie jeste\u015bcie przekonani, czy zu\u017cyjecie tak\u0105 ilo\u015b\u0107, najpierw zainwestujcie w w\u0119giel z apteki<\/strong> i rozdrobnijcie go w mo\u017adzierzu (lub wysypcie z kapsu\u0142ki). <strong>Minus jest jednak taki, \u017ce apteczny w\u0119giel nie jest czystym pierwiastkiem<\/strong> i zawiera np. substancje przeciwzbrylaj\u0105ce, sacharoz\u0119, celuloz\u0119 itp.<\/p>\n<figure id=\"attachment_7291\" aria-describedby=\"caption-attachment-7291\" style=\"width: 600px\" class=\"wp-caption aligncenter\"><a href=\"https:\/\/baranowscy.eu\/wordpress\/wp-content\/uploads\/2017\/12\/czarna_pasta_do_zebow_1.jpg\"><img loading=\"lazy\" decoding=\"async\" class=\"size-full wp-image-7291\" src=\"https:\/\/baranowscy.eu\/wordpress\/wp-content\/uploads\/2017\/12\/czarna_pasta_do_zebow_1.jpg\" alt=\"Przepis na czarn\u0105 past\u0119 do z\u0119b\u00f3w: sk\u0142adniki\" width=\"600\" height=\"667\" \/><\/a><figcaption id=\"caption-attachment-7291\" class=\"wp-caption-text\">Przepis na czarn\u0105 past\u0119 do z\u0119b\u00f3w: sk\u0142adniki<\/figcaption><\/figure>\n<h2><strong>Przepis na czarn\u0105 past\u0119 do z\u0119b\u00f3w<\/strong><\/h2>\n<p>Sk\u0142adniki s\u0105 zwykle \u0142atwo dost\u0119pne i niedrogie. M\u00f3j przepis opar\u0142am na kilku r\u00f3\u017cnych rozwi\u0105zaniach i w\u0142asnym do\u015bwiadczeniu z przygotowywaniem pasty.<\/p>\n<p><strong><div class='dropshadowboxes-container ' style='width:640px;'>\r\n                            <div class='dropshadowboxes-drop-shadow dropshadowboxes-rounded-corners dropshadowboxes-lifted-both dropshadowboxes-effect-default' style=' border: 1px solid #dddddd; height:; background-color:#fbe74d;    '>\r\n                            Sk\u0142adniki:<\/strong><\/p>\n<ul>\n<li>2 \u0142y\u017cki <strong>oleju kokosowego<\/strong> (nierafinowanego, najlepiej eko).<\/li>\n<li>1,5 \u0142y\u017cki drobnego <strong>w\u0119gla aktywowanego<\/strong>,<\/li>\n<li>\u00bd \u0142y\u017cki <strong>ksylitolu<\/strong>,<\/li>\n<li>7 kropli <strong>olejku mi\u0119towego<\/strong> (mo\u017ce by\u0107 ka\u017cdy inny, jaki lubicie).<strong>\r\n                            <\/div>\r\n                        <\/div><\/strong><\/li>\n<\/ul>\n<p>Potrzebny b\u0119dzie tak\u017ce czysty, zakr\u0119cany <strong>s\u0142oik<\/strong>, w kt\u00f3rym umieszczamy sk\u0142adniki. Z mojego do\u015bwiadczenia wynika, \u017ce najlepiej zacz\u0105\u0107 od oleju kokosowego, w kt\u00f3rym rozrabiamy ksylitol, a nast\u0119pnie dodajemy w\u0119giel i olejek zapachowy. Wszystko mieszamy, aby sta\u0142o si\u0119 do\u015b\u0107 g\u0119st\u0105 czarn\u0105 mas\u0105.<\/p>\n<figure id=\"attachment_7292\" aria-describedby=\"caption-attachment-7292\" style=\"width: 600px\" class=\"wp-caption aligncenter\"><a href=\"https:\/\/baranowscy.eu\/wordpress\/wp-content\/uploads\/2017\/12\/czarna_pasta_do_zebow_2.jpg\"><img loading=\"lazy\" decoding=\"async\" class=\"size-full wp-image-7292\" src=\"https:\/\/baranowscy.eu\/wordpress\/wp-content\/uploads\/2017\/12\/czarna_pasta_do_zebow_2.jpg\" alt=\"Przepis na czarn\u0105 past\u0119 do z\u0119b\u00f3w\" width=\"600\" height=\"667\" \/><\/a><figcaption id=\"caption-attachment-7292\" class=\"wp-caption-text\">Przepis na czarn\u0105 past\u0119 do z\u0119b\u00f3w<\/figcaption><\/figure>\n<p><strong>Do mycia z\u0119b\u00f3w potrzebujemy niewielkiej ilo\u015bci pasty. Jest zaskakuj\u0105co smaczna, lekko s\u0142odka dzi\u0119ki ksylitolowi, \u015bwietnie od\u015bwie\u017caj\u0105ca dzi\u0119ki mi\u0119cie.<\/strong><\/p>\n<h2>Dzia\u0142anie<\/h2>\n<p>Jak ju\u017c wspomnia\u0142am, <strong>w\u0119giel ma dzia\u0142anie oczyszczaj\u0105ce<\/strong> i dzia\u0142a na osady z kawy i herbaty. Ju\u017c dwa lata temu przekona\u0142am si\u0119, \u017ce kilka dni regularnego u\u017cywania pasty z w\u0119glem rozja\u015bni\u0142o moje z\u0119by. <strong>Jest to \u0142agodne wybielanie i oczywi\u015bcie nie daje trwa\u0142ego efektu \u2013 odstawienie pasty powoduje powr\u00f3t nalotu.<\/strong> Dlatego je\u015bli mamy k\u0142opot z kolorem z\u0119b\u00f3w, wg mnie warto stosowa\u0107 tak\u0105 past\u0119 np. raz na dwa dni, a w pozosta\u0142e pory mycia u\u017cywa\u0107 innych past.<\/p>\n<p>Olej kokosowy ma m.in. \u015bwietne dzia\u0142anie antybakteryjne, ksylitol \u2013 antygrzybiczne, a olejek mi\u0119towy wspaniale od\u015bwie\u017ca jam\u0119 ustn\u0105.<\/p>\n<figure id=\"attachment_7293\" aria-describedby=\"caption-attachment-7293\" style=\"width: 600px\" class=\"wp-caption aligncenter\"><a href=\"https:\/\/baranowscy.eu\/wordpress\/wp-content\/uploads\/2017\/12\/czarna_pasta_do_zebow_3.jpg\"><img loading=\"lazy\" decoding=\"async\" class=\"size-full wp-image-7293\" src=\"https:\/\/baranowscy.eu\/wordpress\/wp-content\/uploads\/2017\/12\/czarna_pasta_do_zebow_3.jpg\" alt=\"Przepis na czarn\u0105 past\u0119 do z\u0119b\u00f3w\" width=\"600\" height=\"667\" \/><\/a><figcaption id=\"caption-attachment-7293\" class=\"wp-caption-text\">Przepis na czarn\u0105 past\u0119 do z\u0119b\u00f3w<\/figcaption><\/figure>\n<h2>Wady<\/h2>\n<p>Niestety, nawet je\u015bli zachwycamy si\u0119 naturalno\u015bci\u0105 i dzia\u0142aniem tej pasty, nie jest ona pozbawiona wad. <strong>Jest dosy\u0107 brudz\u0105ca<\/strong> i przynajmniej w moim wypadku musia\u0142am przeciera\u0107 po niej umywalk\u0119 np. papierem toaletowym. Nie chc\u0119 nikogo zniech\u0119ca\u0107, mo\u017ce w Waszym wypadku oka\u017ce si\u0119, \u017ce umiecie my\u0107 z\u0119by znacznie mniej ekspansywnie ni\u017c ja \u2013 bo ja akurat zawsze jestem ca\u0142a w pa\u015bcie i produkuj\u0119 mn\u00f3stwo piany. Je\u015bli przesadzam, koniecznie mi napiszcie!<\/p>\n<p>Inn\u0105 spraw\u0105 jest u\u017cycie ma\u0142o lokalnych sk\u0142adnik\u00f3w, takich jak ksylitol i olej kokosowy. <strong>Ta pasta na pewno ma du\u017cy, nomen omen, \u015blad w\u0119glowy. Ale kt\u00f3ra pasta go nie ma\u2026?<\/strong><\/p>\n<p><strong>Napiszcie koniecznie, czy odwa\u017cyli\u015bcie si\u0119 ukr\u0119ci\u0107 w\u0142asn\u0105 czarn\u0105 past\u0119 do z\u0119b\u00f3w i jakie macie wra\u017cenia. Mnie podoba si\u0119 smak, dzia\u0142anie i konsystencja, zniech\u0119ca osad zostawiany w umywalce. Mo\u017ce jednak przesadzam?<\/strong><\/p>\n","protected":false},"excerpt":{"rendered":"<p>Przepis na czarn\u0105 past\u0119 do z\u0119b\u00f3w chodzi\u0142 za mn\u0105 ju\u017c od dw\u00f3ch lat, gdy pr\u00f3bowali\u015bmy past Ecodenta. Okaza\u0142o si\u0119, \u017ce zrobienie samemu ca\u0142kiem naturalnej i&hellip;<\/p>\n","protected":false},"author":1,"featured_media":7294,"comment_status":"open","ping_status":"open","sticky":false,"template":"","format":"standard","meta":{"_jetpack_memberships_contains_paid_content":false,"footnotes":""},"categories":[118,5,1045,3,1148],"tags":[1337,121,686,1306,1320,1161],"class_list":["post-7290","post","type-post","status-publish","format-standard","has-post-thumbnail","hentry","category-kosmetyki-przepisy","category-kosmetyki","category-pasty-do-zebow","category-przepisy","category-zero-waste","tag-kosmetyki","tag-pasta-do-zebow","tag-pasta-do-zebow-bez-fluoru","tag-przepis","tag-wegiel","tag-zrob-to-sam"],"yoast_head":"<!-- This site is optimized with the Yoast SEO plugin v27.4 - https:\/\/yoast.com\/product\/yoast-seo-wordpress\/ -->\n<title>Przepis na czarn\u0105 past\u0119 do z\u0119b\u00f3w - organiczni.eu<\/title>\n<meta name=\"description\" content=\"Przepis na czarn\u0105 past\u0119 do z\u0119b\u00f3w chodzi\u0142 za mn\u0105 ju\u017c od 2 lat. Okaza\u0142o si\u0119, \u017ce zrobienie samemu ca\u0142kiem naturalnej i ca\u0142kiem czarnej pasty w domu jest bardzo\" \/>\n<meta name=\"robots\" content=\"index, follow, max-snippet:-1, max-image-preview:large, max-video-preview:-1\" \/>\n<link rel=\"canonical\" href=\"https:\/\/baranowscy.eu\/wordpress\/przepis-na-czarna-paste-do-zebow\/\" \/>\n<meta property=\"og:locale\" content=\"pl_PL\" \/>\n<meta property=\"og:type\" content=\"article\" \/>\n<meta property=\"og:title\" content=\"Przepis na czarn\u0105 past\u0119 do z\u0119b\u00f3w - organiczni.eu\" \/>\n<meta property=\"og:description\" content=\"Przepis na czarn\u0105 past\u0119 do z\u0119b\u00f3w chodzi\u0142 za mn\u0105 ju\u017c od 2 lat. Okaza\u0142o si\u0119, \u017ce zrobienie samemu ca\u0142kiem naturalnej i ca\u0142kiem czarnej pasty w domu jest bardzo\" \/>\n<meta property=\"og:url\" content=\"https:\/\/baranowscy.eu\/wordpress\/przepis-na-czarna-paste-do-zebow\/\" \/>\n<meta property=\"og:site_name\" content=\"organiczni.eu\" \/>\n<meta property=\"article:publisher\" content=\"https:\/\/www.facebook.com\/organiczni\/\" \/>\n<meta property=\"article:published_time\" content=\"2017-12-11T11:44:40+00:00\" \/>\n<meta property=\"article:modified_time\" content=\"2018-03-25T10:03:33+00:00\" \/>\n<meta property=\"og:image\" content=\"https:\/\/baranowscy.eu\/wordpress\/wp-content\/uploads\/2017\/12\/czarna_pasta_do_zebow_0.jpg\" \/>\n\t<meta property=\"og:image:width\" content=\"1200\" \/>\n\t<meta property=\"og:image:height\" content=\"628\" \/>\n\t<meta property=\"og:image:type\" content=\"image\/jpeg\" \/>\n<meta name=\"author\" content=\"joanna\" \/>\n<meta name=\"twitter:card\" content=\"summary_large_image\" \/>\n<meta name=\"twitter:label1\" content=\"Napisane przez\" \/>\n\t<meta name=\"twitter:data1\" content=\"joanna\" \/>\n\t<meta name=\"twitter:label2\" content=\"Szacowany czas czytania\" \/>\n\t<meta name=\"twitter:data2\" content=\"4 minuty\" \/>\n<script type=\"application\/ld+json\" class=\"yoast-schema-graph\">{\"@context\":\"https:\\\/\\\/schema.org\",\"@graph\":[{\"@type\":\"Article\",\"@id\":\"https:\\\/\\\/baranowscy.eu\\\/wordpress\\\/przepis-na-czarna-paste-do-zebow\\\/#article\",\"isPartOf\":{\"@id\":\"https:\\\/\\\/baranowscy.eu\\\/wordpress\\\/przepis-na-czarna-paste-do-zebow\\\/\"},\"author\":{\"name\":\"joanna\",\"@id\":\"https:\\\/\\\/baranowscy.eu\\\/wordpress\\\/#\\\/schema\\\/person\\\/741d5f1f3fd2833c5ca2ffdaaa93dc73\"},\"headline\":\"Przepis na czarn\u0105 past\u0119 do z\u0119b\u00f3w\",\"datePublished\":\"2017-12-11T11:44:40+00:00\",\"dateModified\":\"2018-03-25T10:03:33+00:00\",\"mainEntityOfPage\":{\"@id\":\"https:\\\/\\\/baranowscy.eu\\\/wordpress\\\/przepis-na-czarna-paste-do-zebow\\\/\"},\"wordCount\":791,\"commentCount\":15,\"publisher\":{\"@id\":\"https:\\\/\\\/baranowscy.eu\\\/wordpress\\\/#organization\"},\"image\":{\"@id\":\"https:\\\/\\\/baranowscy.eu\\\/wordpress\\\/przepis-na-czarna-paste-do-zebow\\\/#primaryimage\"},\"thumbnailUrl\":\"https:\\\/\\\/baranowscy.eu\\\/wordpress\\\/wp-content\\\/uploads\\\/2017\\\/12\\\/czarna_pasta_do_zebow_0.jpg\",\"keywords\":[\"kosmetyki i piel\u0119gnacja\",\"pasta do z\u0119b\u00f3w\",\"pasta do z\u0119b\u00f3w bez fluoru\",\"przepis\",\"w\u0119giel\",\"zr\u00f3b to sam\"],\"articleSection\":[\"kosmetyki\",\"kosmetyki i piel\u0119gnacja\",\"pasty do z\u0119b\u00f3w\",\"przepisy\",\"zero waste\"],\"inLanguage\":\"pl-PL\",\"potentialAction\":[{\"@type\":\"CommentAction\",\"name\":\"Comment\",\"target\":[\"https:\\\/\\\/baranowscy.eu\\\/wordpress\\\/przepis-na-czarna-paste-do-zebow\\\/#respond\"]}]},{\"@type\":\"WebPage\",\"@id\":\"https:\\\/\\\/baranowscy.eu\\\/wordpress\\\/przepis-na-czarna-paste-do-zebow\\\/\",\"url\":\"https:\\\/\\\/baranowscy.eu\\\/wordpress\\\/przepis-na-czarna-paste-do-zebow\\\/\",\"name\":\"Przepis na czarn\u0105 past\u0119 do z\u0119b\u00f3w - organiczni.eu\",\"isPartOf\":{\"@id\":\"https:\\\/\\\/baranowscy.eu\\\/wordpress\\\/#website\"},\"primaryImageOfPage\":{\"@id\":\"https:\\\/\\\/baranowscy.eu\\\/wordpress\\\/przepis-na-czarna-paste-do-zebow\\\/#primaryimage\"},\"image\":{\"@id\":\"https:\\\/\\\/baranowscy.eu\\\/wordpress\\\/przepis-na-czarna-paste-do-zebow\\\/#primaryimage\"},\"thumbnailUrl\":\"https:\\\/\\\/baranowscy.eu\\\/wordpress\\\/wp-content\\\/uploads\\\/2017\\\/12\\\/czarna_pasta_do_zebow_0.jpg\",\"datePublished\":\"2017-12-11T11:44:40+00:00\",\"dateModified\":\"2018-03-25T10:03:33+00:00\",\"description\":\"Przepis na czarn\u0105 past\u0119 do z\u0119b\u00f3w chodzi\u0142 za mn\u0105 ju\u017c od 2 lat. Okaza\u0142o si\u0119, \u017ce zrobienie samemu ca\u0142kiem naturalnej i ca\u0142kiem czarnej pasty w domu jest bardzo\",\"breadcrumb\":{\"@id\":\"https:\\\/\\\/baranowscy.eu\\\/wordpress\\\/przepis-na-czarna-paste-do-zebow\\\/#breadcrumb\"},\"inLanguage\":\"pl-PL\",\"potentialAction\":[{\"@type\":\"ReadAction\",\"target\":[\"https:\\\/\\\/baranowscy.eu\\\/wordpress\\\/przepis-na-czarna-paste-do-zebow\\\/\"]}]},{\"@type\":\"ImageObject\",\"inLanguage\":\"pl-PL\",\"@id\":\"https:\\\/\\\/baranowscy.eu\\\/wordpress\\\/przepis-na-czarna-paste-do-zebow\\\/#primaryimage\",\"url\":\"https:\\\/\\\/baranowscy.eu\\\/wordpress\\\/wp-content\\\/uploads\\\/2017\\\/12\\\/czarna_pasta_do_zebow_0.jpg\",\"contentUrl\":\"https:\\\/\\\/baranowscy.eu\\\/wordpress\\\/wp-content\\\/uploads\\\/2017\\\/12\\\/czarna_pasta_do_zebow_0.jpg\",\"width\":1200,\"height\":628,\"caption\":\"Przepis na czarn\u0105 past\u0119 do z\u0119b\u00f3w\"},{\"@type\":\"BreadcrumbList\",\"@id\":\"https:\\\/\\\/baranowscy.eu\\\/wordpress\\\/przepis-na-czarna-paste-do-zebow\\\/#breadcrumb\",\"itemListElement\":[{\"@type\":\"ListItem\",\"position\":1,\"name\":\"Strona g\u0142\u00f3wna\",\"item\":\"https:\\\/\\\/baranowscy.eu\\\/wordpress\\\/\"},{\"@type\":\"ListItem\",\"position\":2,\"name\":\"Przepis na czarn\u0105 past\u0119 do z\u0119b\u00f3w\"}]},{\"@type\":\"WebSite\",\"@id\":\"https:\\\/\\\/baranowscy.eu\\\/wordpress\\\/#website\",\"url\":\"https:\\\/\\\/baranowscy.eu\\\/wordpress\\\/\",\"name\":\"organiczni.eu\",\"description\":\"Najbardziej wszechstronny blog ekologiczny\",\"publisher\":{\"@id\":\"https:\\\/\\\/baranowscy.eu\\\/wordpress\\\/#organization\"},\"potentialAction\":[{\"@type\":\"SearchAction\",\"target\":{\"@type\":\"EntryPoint\",\"urlTemplate\":\"https:\\\/\\\/baranowscy.eu\\\/wordpress\\\/?s={search_term_string}\"},\"query-input\":{\"@type\":\"PropertyValueSpecification\",\"valueRequired\":true,\"valueName\":\"search_term_string\"}}],\"inLanguage\":\"pl-PL\"},{\"@type\":\"Organization\",\"@id\":\"https:\\\/\\\/baranowscy.eu\\\/wordpress\\\/#organization\",\"name\":\"organiczni.eu\",\"url\":\"https:\\\/\\\/baranowscy.eu\\\/wordpress\\\/\",\"logo\":{\"@type\":\"ImageObject\",\"inLanguage\":\"pl-PL\",\"@id\":\"https:\\\/\\\/baranowscy.eu\\\/wordpress\\\/#\\\/schema\\\/logo\\\/image\\\/\",\"url\":\"https:\\\/\\\/baranowscy.eu\\\/wordpress\\\/wp-content\\\/uploads\\\/2018\\\/01\\\/logo_duze.png\",\"contentUrl\":\"https:\\\/\\\/baranowscy.eu\\\/wordpress\\\/wp-content\\\/uploads\\\/2018\\\/01\\\/logo_duze.png\",\"width\":1398,\"height\":300,\"caption\":\"organiczni.eu\"},\"image\":{\"@id\":\"https:\\\/\\\/baranowscy.eu\\\/wordpress\\\/#\\\/schema\\\/logo\\\/image\\\/\"},\"sameAs\":[\"https:\\\/\\\/www.facebook.com\\\/organiczni\\\/\",\"https:\\\/\\\/www.instagram.com\\\/organiczni.eu\\\/\"]},{\"@type\":\"Person\",\"@id\":\"https:\\\/\\\/baranowscy.eu\\\/wordpress\\\/#\\\/schema\\\/person\\\/741d5f1f3fd2833c5ca2ffdaaa93dc73\",\"name\":\"joanna\",\"image\":{\"@type\":\"ImageObject\",\"inLanguage\":\"pl-PL\",\"@id\":\"https:\\\/\\\/secure.gravatar.com\\\/avatar\\\/a59b1be4fa5d200ee0af0ba4bbcdb691da1d589b419bae23d7aa5a15d820e28e?s=96&d=identicon&r=g\",\"url\":\"https:\\\/\\\/secure.gravatar.com\\\/avatar\\\/a59b1be4fa5d200ee0af0ba4bbcdb691da1d589b419bae23d7aa5a15d820e28e?s=96&d=identicon&r=g\",\"contentUrl\":\"https:\\\/\\\/secure.gravatar.com\\\/avatar\\\/a59b1be4fa5d200ee0af0ba4bbcdb691da1d589b419bae23d7aa5a15d820e28e?s=96&d=identicon&r=g\",\"caption\":\"joanna\"},\"sameAs\":[\"https:\\\/\\\/organiczni.baranowscy.eu\"],\"url\":\"https:\\\/\\\/baranowscy.eu\\\/wordpress\\\/author\\\/admin\\\/\"}]}<\/script>\n<!-- \/ Yoast SEO plugin. -->","yoast_head_json":{"title":"Przepis na czarn\u0105 past\u0119 do z\u0119b\u00f3w - organiczni.eu","description":"Przepis na czarn\u0105 past\u0119 do z\u0119b\u00f3w chodzi\u0142 za mn\u0105 ju\u017c od 2 lat. Okaza\u0142o si\u0119, \u017ce zrobienie samemu ca\u0142kiem naturalnej i ca\u0142kiem czarnej pasty w domu jest bardzo","robots":{"index":"index","follow":"follow","max-snippet":"max-snippet:-1","max-image-preview":"max-image-preview:large","max-video-preview":"max-video-preview:-1"},"canonical":"https:\/\/baranowscy.eu\/wordpress\/przepis-na-czarna-paste-do-zebow\/","og_locale":"pl_PL","og_type":"article","og_title":"Przepis na czarn\u0105 past\u0119 do z\u0119b\u00f3w - organiczni.eu","og_description":"Przepis na czarn\u0105 past\u0119 do z\u0119b\u00f3w chodzi\u0142 za mn\u0105 ju\u017c od 2 lat. Okaza\u0142o si\u0119, \u017ce zrobienie samemu ca\u0142kiem naturalnej i ca\u0142kiem czarnej pasty w domu jest bardzo","og_url":"https:\/\/baranowscy.eu\/wordpress\/przepis-na-czarna-paste-do-zebow\/","og_site_name":"organiczni.eu","article_publisher":"https:\/\/www.facebook.com\/organiczni\/","article_published_time":"2017-12-11T11:44:40+00:00","article_modified_time":"2018-03-25T10:03:33+00:00","og_image":[{"width":1200,"height":628,"url":"https:\/\/baranowscy.eu\/wordpress\/wp-content\/uploads\/2017\/12\/czarna_pasta_do_zebow_0.jpg","type":"image\/jpeg"}],"author":"joanna","twitter_card":"summary_large_image","twitter_misc":{"Napisane przez":"joanna","Szacowany czas czytania":"4 minuty"},"schema":{"@context":"https:\/\/schema.org","@graph":[{"@type":"Article","@id":"https:\/\/baranowscy.eu\/wordpress\/przepis-na-czarna-paste-do-zebow\/#article","isPartOf":{"@id":"https:\/\/baranowscy.eu\/wordpress\/przepis-na-czarna-paste-do-zebow\/"},"author":{"name":"joanna","@id":"https:\/\/baranowscy.eu\/wordpress\/#\/schema\/person\/741d5f1f3fd2833c5ca2ffdaaa93dc73"},"headline":"Przepis na czarn\u0105 past\u0119 do z\u0119b\u00f3w","datePublished":"2017-12-11T11:44:40+00:00","dateModified":"2018-03-25T10:03:33+00:00","mainEntityOfPage":{"@id":"https:\/\/baranowscy.eu\/wordpress\/przepis-na-czarna-paste-do-zebow\/"},"wordCount":791,"commentCount":15,"publisher":{"@id":"https:\/\/baranowscy.eu\/wordpress\/#organization"},"image":{"@id":"https:\/\/baranowscy.eu\/wordpress\/przepis-na-czarna-paste-do-zebow\/#primaryimage"},"thumbnailUrl":"https:\/\/baranowscy.eu\/wordpress\/wp-content\/uploads\/2017\/12\/czarna_pasta_do_zebow_0.jpg","keywords":["kosmetyki i piel\u0119gnacja","pasta do z\u0119b\u00f3w","pasta do z\u0119b\u00f3w bez fluoru","przepis","w\u0119giel","zr\u00f3b to sam"],"articleSection":["kosmetyki","kosmetyki i piel\u0119gnacja","pasty do z\u0119b\u00f3w","przepisy","zero waste"],"inLanguage":"pl-PL","potentialAction":[{"@type":"CommentAction","name":"Comment","target":["https:\/\/baranowscy.eu\/wordpress\/przepis-na-czarna-paste-do-zebow\/#respond"]}]},{"@type":"WebPage","@id":"https:\/\/baranowscy.eu\/wordpress\/przepis-na-czarna-paste-do-zebow\/","url":"https:\/\/baranowscy.eu\/wordpress\/przepis-na-czarna-paste-do-zebow\/","name":"Przepis na czarn\u0105 past\u0119 do z\u0119b\u00f3w - organiczni.eu","isPartOf":{"@id":"https:\/\/baranowscy.eu\/wordpress\/#website"},"primaryImageOfPage":{"@id":"https:\/\/baranowscy.eu\/wordpress\/przepis-na-czarna-paste-do-zebow\/#primaryimage"},"image":{"@id":"https:\/\/baranowscy.eu\/wordpress\/przepis-na-czarna-paste-do-zebow\/#primaryimage"},"thumbnailUrl":"https:\/\/baranowscy.eu\/wordpress\/wp-content\/uploads\/2017\/12\/czarna_pasta_do_zebow_0.jpg","datePublished":"2017-12-11T11:44:40+00:00","dateModified":"2018-03-25T10:03:33+00:00","description":"Przepis na czarn\u0105 past\u0119 do z\u0119b\u00f3w chodzi\u0142 za mn\u0105 ju\u017c od 2 lat. Okaza\u0142o si\u0119, \u017ce zrobienie samemu ca\u0142kiem naturalnej i ca\u0142kiem czarnej pasty w domu jest bardzo","breadcrumb":{"@id":"https:\/\/baranowscy.eu\/wordpress\/przepis-na-czarna-paste-do-zebow\/#breadcrumb"},"inLanguage":"pl-PL","potentialAction":[{"@type":"ReadAction","target":["https:\/\/baranowscy.eu\/wordpress\/przepis-na-czarna-paste-do-zebow\/"]}]},{"@type":"ImageObject","inLanguage":"pl-PL","@id":"https:\/\/baranowscy.eu\/wordpress\/przepis-na-czarna-paste-do-zebow\/#primaryimage","url":"https:\/\/baranowscy.eu\/wordpress\/wp-content\/uploads\/2017\/12\/czarna_pasta_do_zebow_0.jpg","contentUrl":"https:\/\/baranowscy.eu\/wordpress\/wp-content\/uploads\/2017\/12\/czarna_pasta_do_zebow_0.jpg","width":1200,"height":628,"caption":"Przepis na czarn\u0105 past\u0119 do z\u0119b\u00f3w"},{"@type":"BreadcrumbList","@id":"https:\/\/baranowscy.eu\/wordpress\/przepis-na-czarna-paste-do-zebow\/#breadcrumb","itemListElement":[{"@type":"ListItem","position":1,"name":"Strona g\u0142\u00f3wna","item":"https:\/\/baranowscy.eu\/wordpress\/"},{"@type":"ListItem","position":2,"name":"Przepis na czarn\u0105 past\u0119 do z\u0119b\u00f3w"}]},{"@type":"WebSite","@id":"https:\/\/baranowscy.eu\/wordpress\/#website","url":"https:\/\/baranowscy.eu\/wordpress\/","name":"organiczni.eu","description":"Najbardziej wszechstronny blog ekologiczny","publisher":{"@id":"https:\/\/baranowscy.eu\/wordpress\/#organization"},"potentialAction":[{"@type":"SearchAction","target":{"@type":"EntryPoint","urlTemplate":"https:\/\/baranowscy.eu\/wordpress\/?s={search_term_string}"},"query-input":{"@type":"PropertyValueSpecification","valueRequired":true,"valueName":"search_term_string"}}],"inLanguage":"pl-PL"},{"@type":"Organization","@id":"https:\/\/baranowscy.eu\/wordpress\/#organization","name":"organiczni.eu","url":"https:\/\/baranowscy.eu\/wordpress\/","logo":{"@type":"ImageObject","inLanguage":"pl-PL","@id":"https:\/\/baranowscy.eu\/wordpress\/#\/schema\/logo\/image\/","url":"https:\/\/baranowscy.eu\/wordpress\/wp-content\/uploads\/2018\/01\/logo_duze.png","contentUrl":"https:\/\/baranowscy.eu\/wordpress\/wp-content\/uploads\/2018\/01\/logo_duze.png","width":1398,"height":300,"caption":"organiczni.eu"},"image":{"@id":"https:\/\/baranowscy.eu\/wordpress\/#\/schema\/logo\/image\/"},"sameAs":["https:\/\/www.facebook.com\/organiczni\/","https:\/\/www.instagram.com\/organiczni.eu\/"]},{"@type":"Person","@id":"https:\/\/baranowscy.eu\/wordpress\/#\/schema\/person\/741d5f1f3fd2833c5ca2ffdaaa93dc73","name":"joanna","image":{"@type":"ImageObject","inLanguage":"pl-PL","@id":"https:\/\/secure.gravatar.com\/avatar\/a59b1be4fa5d200ee0af0ba4bbcdb691da1d589b419bae23d7aa5a15d820e28e?s=96&d=identicon&r=g","url":"https:\/\/secure.gravatar.com\/avatar\/a59b1be4fa5d200ee0af0ba4bbcdb691da1d589b419bae23d7aa5a15d820e28e?s=96&d=identicon&r=g","contentUrl":"https:\/\/secure.gravatar.com\/avatar\/a59b1be4fa5d200ee0af0ba4bbcdb691da1d589b419bae23d7aa5a15d820e28e?s=96&d=identicon&r=g","caption":"joanna"},"sameAs":["https:\/\/organiczni.baranowscy.eu"],"url":"https:\/\/baranowscy.eu\/wordpress\/author\/admin\/"}]}},"jetpack_featured_media_url":"https:\/\/baranowscy.eu\/wordpress\/wp-content\/uploads\/2017\/12\/czarna_pasta_do_zebow_0.jpg","jetpack_sharing_enabled":true,"_links":{"self":[{"href":"https:\/\/baranowscy.eu\/wordpress\/wp-json\/wp\/v2\/posts\/7290","targetHints":{"allow":["GET"]}}],"collection":[{"href":"https:\/\/baranowscy.eu\/wordpress\/wp-json\/wp\/v2\/posts"}],"about":[{"href":"https:\/\/baranowscy.eu\/wordpress\/wp-json\/wp\/v2\/types\/post"}],"author":[{"embeddable":true,"href":"https:\/\/baranowscy.eu\/wordpress\/wp-json\/wp\/v2\/users\/1"}],"replies":[{"embeddable":true,"href":"https:\/\/baranowscy.eu\/wordpress\/wp-json\/wp\/v2\/comments?post=7290"}],"version-history":[{"count":5,"href":"https:\/\/baranowscy.eu\/wordpress\/wp-json\/wp\/v2\/posts\/7290\/revisions"}],"predecessor-version":[{"id":7739,"href":"https:\/\/baranowscy.eu\/wordpress\/wp-json\/wp\/v2\/posts\/7290\/revisions\/7739"}],"wp:featuredmedia":[{"embeddable":true,"href":"https:\/\/baranowscy.eu\/wordpress\/wp-json\/wp\/v2\/media\/7294"}],"wp:attachment":[{"href":"https:\/\/baranowscy.eu\/wordpress\/wp-json\/wp\/v2\/media?parent=7290"}],"wp:term":[{"taxonomy":"category","embeddable":true,"href":"https:\/\/baranowscy.eu\/wordpress\/wp-json\/wp\/v2\/categories?post=7290"},{"taxonomy":"post_tag","embeddable":true,"href":"https:\/\/baranowscy.eu\/wordpress\/wp-json\/wp\/v2\/tags?post=7290"}],"curies":[{"name":"wp","href":"https:\/\/api.w.org\/{rel}","templated":true}]}}