{"id":7249,"date":"2017-12-05T14:30:18","date_gmt":"2017-12-05T13:30:18","guid":{"rendered":"http:\/\/baranowscy.eu\/wordpress\/?p=7249"},"modified":"2022-10-21T09:09:10","modified_gmt":"2022-10-21T07:09:10","slug":"pierwsze-targi-zero-waste","status":"publish","type":"post","link":"https:\/\/baranowscy.eu\/wordpress\/pierwsze-targi-zero-waste\/","title":{"rendered":"Pierwsze Targi Zero Waste"},"content":{"rendered":"<p><strong>Wydarzenie, kt\u00f3remu z przyjemno\u015bci\u0105 patronowa\u0142 nasz blog, pierwsze Targi Zero Waste, odby\u0142o si\u0119 w Warszawie 25 listopada 2017 r. w budynku Agory. Przyznaj\u0119, \u017ce by\u0142am zaskoczona, \u017ce od samego rana wok\u00f3\u0142 stoisk zgromadzi\u0142o si\u0119 tak du\u017ca ilo\u015b\u0107 odwiedzaj\u0105cych.<\/strong><\/p>\n<figure id=\"attachment_7256\" aria-describedby=\"caption-attachment-7256\" style=\"width: 630px\" class=\"wp-caption aligncenter\"><a href=\"https:\/\/baranowscy.eu\/wordpress\/wp-content\/uploads\/2017\/12\/targi_zw_6.jpg\"><img loading=\"lazy\" decoding=\"async\" class=\"size-full wp-image-7256\" src=\"https:\/\/baranowscy.eu\/wordpress\/wp-content\/uploads\/2017\/12\/targi_zw_6.jpg\" alt=\"Stanowisko Gosi G\u0119cy, Vademecum Zero Waste\" width=\"630\" height=\"420\" srcset=\"https:\/\/baranowscy.eu\/wordpress\/wp-content\/uploads\/2017\/12\/targi_zw_6.jpg 630w, https:\/\/baranowscy.eu\/wordpress\/wp-content\/uploads\/2017\/12\/targi_zw_6-300x200.jpg 300w, https:\/\/baranowscy.eu\/wordpress\/wp-content\/uploads\/2017\/12\/targi_zw_6-600x400.jpg 600w, https:\/\/baranowscy.eu\/wordpress\/wp-content\/uploads\/2017\/12\/targi_zw_6-560x373.jpg 560w\" sizes=\"auto, (max-width: 630px) 100vw, 630px\" \/><\/a><figcaption id=\"caption-attachment-7256\" class=\"wp-caption-text\">Stanowisko Gosi G\u0119cy, Vademecum Zero Waste<\/figcaption><\/figure>\n<p>Niestety sama na Targach Zero Waste mog\u0142am by\u0107 jedynie nieca\u0142e dwie godziny (musia\u0142am zd\u0105\u017cy\u0107 na poci\u0105g, aby dojecha\u0107 na <a href=\"https:\/\/baranowscy.eu\/wordpress\/ubieraj-sie-fair\/\" target=\"_blank\" rel=\"noopener noreferrer\">debat\u0119 w KOKOworld<\/a>) i bardzo \u017ca\u0142uj\u0119. Mimo \u017ce oferta targ\u00f3w by\u0142a zaw\u0119\u017cona do bardzo konkretnego tematu, niemal wszystkie stoiska przyci\u0105ga\u0142y jak magnes. Gdybym mog\u0142a, porozmawia\u0142abym z ka\u017cdym d\u0142u\u017cej i pos\u0142ucha\u0142a wyk\u0142ad\u00f3w.<!--more--><\/p>\n<figure id=\"attachment_7259\" aria-describedby=\"caption-attachment-7259\" style=\"width: 630px\" class=\"wp-caption aligncenter\"><a href=\"https:\/\/baranowscy.eu\/wordpress\/wp-content\/uploads\/2017\/12\/targi_zw_9.jpg\"><img loading=\"lazy\" decoding=\"async\" class=\"size-full wp-image-7259\" src=\"https:\/\/baranowscy.eu\/wordpress\/wp-content\/uploads\/2017\/12\/targi_zw_9.jpg\" alt=\"Oferta przypraw na wag\u0119, Planetarianie\" width=\"630\" height=\"420\" srcset=\"https:\/\/baranowscy.eu\/wordpress\/wp-content\/uploads\/2017\/12\/targi_zw_9.jpg 630w, https:\/\/baranowscy.eu\/wordpress\/wp-content\/uploads\/2017\/12\/targi_zw_9-300x200.jpg 300w, https:\/\/baranowscy.eu\/wordpress\/wp-content\/uploads\/2017\/12\/targi_zw_9-600x400.jpg 600w, https:\/\/baranowscy.eu\/wordpress\/wp-content\/uploads\/2017\/12\/targi_zw_9-560x373.jpg 560w\" sizes=\"auto, (max-width: 630px) 100vw, 630px\" \/><\/a><figcaption id=\"caption-attachment-7259\" class=\"wp-caption-text\">Oferta przypraw na wag\u0119, Planetarianie<\/figcaption><\/figure>\n<h2><strong>Rzeczywiste spotkania<\/strong><\/h2>\n<p>Niew\u0105tpliw\u0105 zalet\u0105 takich wydarze\u0144 s\u0105 spotkania. Wreszcie zobaczy\u0142am na \u017cywo dziewczyny, z kt\u00f3rymi zna\u0142am si\u0119 intenetowo (nawet je\u015bli widzia\u0142y\u015bmy si\u0119 rok temu <a href=\"https:\/\/baranowscy.eu\/wordpress\/bea-johnson-dom-bez-odpadow\/\" target=\"_blank\" rel=\"noopener noreferrer\">na konferencji Bei Johnson<\/a>, to kontakt nawi\u0105za\u0142y\u015bmy p\u00f3\u017aniej).<\/p>\n<figure id=\"attachment_7251\" aria-describedby=\"caption-attachment-7251\" style=\"width: 630px\" class=\"wp-caption aligncenter\"><a href=\"https:\/\/baranowscy.eu\/wordpress\/wp-content\/uploads\/2017\/12\/targi_zw_1.jpg\"><img loading=\"lazy\" decoding=\"async\" class=\"size-full wp-image-7251\" src=\"https:\/\/baranowscy.eu\/wordpress\/wp-content\/uploads\/2017\/12\/targi_zw_1.jpg\" alt=\"Z Kasi\u0105 W\u0105growsk\u0105\" width=\"630\" height=\"420\" srcset=\"https:\/\/baranowscy.eu\/wordpress\/wp-content\/uploads\/2017\/12\/targi_zw_1.jpg 630w, https:\/\/baranowscy.eu\/wordpress\/wp-content\/uploads\/2017\/12\/targi_zw_1-300x200.jpg 300w, https:\/\/baranowscy.eu\/wordpress\/wp-content\/uploads\/2017\/12\/targi_zw_1-600x400.jpg 600w, https:\/\/baranowscy.eu\/wordpress\/wp-content\/uploads\/2017\/12\/targi_zw_1-560x373.jpg 560w\" sizes=\"auto, (max-width: 630px) 100vw, 630px\" \/><\/a><figcaption id=\"caption-attachment-7251\" class=\"wp-caption-text\">Z Kasi\u0105 W\u0105growsk\u0105<\/figcaption><\/figure>\n<p>U\u015bciska\u0142am wi\u0119c <strong>Kasi\u0119 W\u0105growsk\u0105<\/strong> (<a href=\"https:\/\/baranowscy.eu\/wordpress\/zycie-zero-waste-zyj-bez-smieci-i-zyj-lepiej\/\" target=\"_blank\" rel=\"noopener noreferrer\">autork\u0119 ksi\u0105\u017cki \u201e\u017bycie zero waste\u201d<\/a>), <strong>Juli\u0119 Wizowsk\u0105<\/strong> (blog <a href=\"http:\/\/nanowosmieci.pl\" target=\"_blank\" rel=\"noopener noreferrer\">Nanowo\u015bmieci<\/a>), Agnieszk\u0119 Sadowsk\u0105-Konczal (<a href=\"http:\/\/ekologika.edu.pl\/\" target=\"_blank\" rel=\"noopener noreferrer\">Ekologika<\/a>), <strong>Ol\u0119 Niewczas<\/strong> (Polskie Stowarzyszenie Zero Waste, <a href=\"https:\/\/baranowscy.eu\/wordpress\/idea-zero-waste-zycia-bez-smieci\/\" target=\"_blank\" rel=\"noopener noreferrer\">wywiad z Ol\u0105 tu<\/a>) i oczywi\u015bcie <strong>Ma\u0142gosi\u0119 G\u0119c\u0119 <\/strong>(<a href=\"https:\/\/www.facebook.com\/vademecumzerowaste\/\" target=\"_blank\" rel=\"noopener noreferrer\">Vademecum Zero Waste<\/a>), kt\u00f3r\u0105 znam znacznie d\u0142u\u017cej z Kooperatywy Dobrze i kt\u00f3rej zawdzi\u0119czam p\u00f3j\u015bcie na wspomnian\u0105 konferencj\u0119 z Be\u0105.<\/p>\n<figure id=\"attachment_7257\" aria-describedby=\"caption-attachment-7257\" style=\"width: 630px\" class=\"wp-caption aligncenter\"><a href=\"https:\/\/baranowscy.eu\/wordpress\/wp-content\/uploads\/2017\/12\/targi_zw_7.jpg\"><img loading=\"lazy\" decoding=\"async\" class=\"size-full wp-image-7257\" src=\"https:\/\/baranowscy.eu\/wordpress\/wp-content\/uploads\/2017\/12\/targi_zw_7.jpg\" alt=\"Z Juli\u0105 Wizowsk\u0105\" width=\"630\" height=\"420\" srcset=\"https:\/\/baranowscy.eu\/wordpress\/wp-content\/uploads\/2017\/12\/targi_zw_7.jpg 630w, https:\/\/baranowscy.eu\/wordpress\/wp-content\/uploads\/2017\/12\/targi_zw_7-300x200.jpg 300w, https:\/\/baranowscy.eu\/wordpress\/wp-content\/uploads\/2017\/12\/targi_zw_7-600x400.jpg 600w, https:\/\/baranowscy.eu\/wordpress\/wp-content\/uploads\/2017\/12\/targi_zw_7-560x373.jpg 560w\" sizes=\"auto, (max-width: 630px) 100vw, 630px\" \/><\/a><figcaption id=\"caption-attachment-7257\" class=\"wp-caption-text\">Z Juli\u0105 Wizowsk\u0105<\/figcaption><\/figure>\n<h2><strong>BetterLand<\/strong><\/h2>\n<p><strong>Moi ulubie\u0144cy, a zarazem firma, z kt\u00f3r\u0105 wsp\u00f3\u0142pracuj\u0119 ju\u017c kilka lat, mieli na targach honorowe miejsce.<\/strong> Nic dziwnego, za\u0142o\u017cyciel firmy Pawe\u0142 Poloch traktuje swoj\u0105 prac\u0119 jak misj\u0119 i w tym roku uruchomi\u0142 mo\u017cliwo\u015b\u0107 zakup\u00f3w zero waste (z minimaln\u0105 ilo\u015bci\u0105 opakowa\u0144). Dodatkowo w ofercie sklepu znalaz\u0142y si\u0119 surowce do przygotowywania w\u0142asnych \u015brodk\u00f3w czysto\u015bci (kwasek cytrynowy, soda kalcynowana itp.) w zwrotnych s\u0142oikach.<\/p>\n<figure id=\"attachment_7252\" aria-describedby=\"caption-attachment-7252\" style=\"width: 630px\" class=\"wp-caption aligncenter\"><a href=\"https:\/\/baranowscy.eu\/wordpress\/wp-content\/uploads\/2017\/12\/targi_zw_2.jpg\"><img loading=\"lazy\" decoding=\"async\" class=\"size-full wp-image-7252\" src=\"https:\/\/baranowscy.eu\/wordpress\/wp-content\/uploads\/2017\/12\/targi_zw_2.jpg\" alt=\"Pawe\u0142 Poloch z BetterLand  obiektywie Kasi W\u0105growskiej\" width=\"630\" height=\"420\" srcset=\"https:\/\/baranowscy.eu\/wordpress\/wp-content\/uploads\/2017\/12\/targi_zw_2.jpg 630w, https:\/\/baranowscy.eu\/wordpress\/wp-content\/uploads\/2017\/12\/targi_zw_2-300x200.jpg 300w, https:\/\/baranowscy.eu\/wordpress\/wp-content\/uploads\/2017\/12\/targi_zw_2-600x400.jpg 600w, https:\/\/baranowscy.eu\/wordpress\/wp-content\/uploads\/2017\/12\/targi_zw_2-560x373.jpg 560w\" sizes=\"auto, (max-width: 630px) 100vw, 630px\" \/><\/a><figcaption id=\"caption-attachment-7252\" class=\"wp-caption-text\">Pawe\u0142 Poloch z BetterLand obiektywie Kasi W\u0105growskiej<\/figcaption><\/figure>\n<p>Na targach mo\u017cna by\u0142o obejrze\u0107 produkty takich marek, jak Hydrophil, Ecozone, Ekos, Najel czy Soft Moon oraz najr\u00f3\u017cniejsze rodzaje kubeczk\u00f3w menstruacyjnych. <strong>W zamian za przyniesienie karton\u00f3w i litrowych s\u0142oik\u00f3w BetterLand rozdawa\u0142a sod\u0119 oczyszczon\u0105.<\/strong> Sama przez chwil\u0119 pomaga\u0142am j\u0105 sypa\u0107!<\/p>\n<figure id=\"attachment_7255\" aria-describedby=\"caption-attachment-7255\" style=\"width: 630px\" class=\"wp-caption aligncenter\"><a href=\"https:\/\/baranowscy.eu\/wordpress\/wp-content\/uploads\/2017\/12\/targi_zw_5.jpg\"><img loading=\"lazy\" decoding=\"async\" class=\"size-full wp-image-7255\" src=\"https:\/\/baranowscy.eu\/wordpress\/wp-content\/uploads\/2017\/12\/targi_zw_5.jpg\" alt=\"Targi Zero Waste. Jak nie marnowa\u0107 jedzenia? Spytaj Food Sharing!\" width=\"630\" height=\"420\" srcset=\"https:\/\/baranowscy.eu\/wordpress\/wp-content\/uploads\/2017\/12\/targi_zw_5.jpg 630w, https:\/\/baranowscy.eu\/wordpress\/wp-content\/uploads\/2017\/12\/targi_zw_5-300x200.jpg 300w, https:\/\/baranowscy.eu\/wordpress\/wp-content\/uploads\/2017\/12\/targi_zw_5-600x400.jpg 600w, https:\/\/baranowscy.eu\/wordpress\/wp-content\/uploads\/2017\/12\/targi_zw_5-560x373.jpg 560w\" sizes=\"auto, (max-width: 630px) 100vw, 630px\" \/><\/a><figcaption id=\"caption-attachment-7255\" class=\"wp-caption-text\">Targi Zero Waste. Jak nie marnowa\u0107 jedzenia? Spytaj Food Sharing!<\/figcaption><\/figure>\n<h2><strong>Moja Butelka<\/strong><\/h2>\n<p><strong>By\u0142am oczarowana stoiskiem z butelkami wytwarzanymi ze specjalnego rodzaju szk\u0142a, kt\u00f3re jest l\u017cejsze i odporniejsze.<\/strong> W dodatku je\u015bli st\u0142uczemy butelk\u0119, producent wy\u015ble nam now\u0105!<\/p>\n<figure id=\"attachment_7253\" aria-describedby=\"caption-attachment-7253\" style=\"width: 630px\" class=\"wp-caption aligncenter\"><a href=\"https:\/\/baranowscy.eu\/wordpress\/wp-content\/uploads\/2017\/12\/targi_zw_3.jpg\"><img loading=\"lazy\" decoding=\"async\" class=\"size-full wp-image-7253\" src=\"https:\/\/baranowscy.eu\/wordpress\/wp-content\/uploads\/2017\/12\/targi_zw_3.jpg\" alt=\"Targi Zero Waste. Szklany bidon\" width=\"630\" height=\"420\" srcset=\"https:\/\/baranowscy.eu\/wordpress\/wp-content\/uploads\/2017\/12\/targi_zw_3.jpg 630w, https:\/\/baranowscy.eu\/wordpress\/wp-content\/uploads\/2017\/12\/targi_zw_3-300x200.jpg 300w, https:\/\/baranowscy.eu\/wordpress\/wp-content\/uploads\/2017\/12\/targi_zw_3-600x400.jpg 600w, https:\/\/baranowscy.eu\/wordpress\/wp-content\/uploads\/2017\/12\/targi_zw_3-560x373.jpg 560w\" sizes=\"auto, (max-width: 630px) 100vw, 630px\" \/><\/a><figcaption id=\"caption-attachment-7253\" class=\"wp-caption-text\">Targi Zero Waste. Szklany bidon<\/figcaption><\/figure>\n<p><strong>Jednym z moich faworyt\u00f3w by\u0142 szklany bidon na rower.<\/strong> Co\u015b czuj\u0119, \u017ce jeszcze si\u0119 spotkamy. Tak\u017ce stalowe butelki termiczne wzbudzi\u0142y moje zainteresowanie \u2013 my\u015bl\u0119, \u017ce s\u0105 warte uwagi, ale te\u017c uwa\u017cnego przyjrzenia si\u0119 materia\u0142om, z kt\u00f3rych s\u0105 zrobione.<\/p>\n<figure id=\"attachment_7254\" aria-describedby=\"caption-attachment-7254\" style=\"width: 630px\" class=\"wp-caption aligncenter\"><a href=\"https:\/\/baranowscy.eu\/wordpress\/wp-content\/uploads\/2017\/12\/targi_zw_4.jpg\"><img loading=\"lazy\" decoding=\"async\" class=\"size-full wp-image-7254\" src=\"https:\/\/baranowscy.eu\/wordpress\/wp-content\/uploads\/2017\/12\/targi_zw_4.jpg\" alt=\"Targi Zero Waste. Korek do butelki Retap\" width=\"630\" height=\"420\" srcset=\"https:\/\/baranowscy.eu\/wordpress\/wp-content\/uploads\/2017\/12\/targi_zw_4.jpg 630w, https:\/\/baranowscy.eu\/wordpress\/wp-content\/uploads\/2017\/12\/targi_zw_4-300x200.jpg 300w, https:\/\/baranowscy.eu\/wordpress\/wp-content\/uploads\/2017\/12\/targi_zw_4-600x400.jpg 600w, https:\/\/baranowscy.eu\/wordpress\/wp-content\/uploads\/2017\/12\/targi_zw_4-560x373.jpg 560w\" sizes=\"auto, (max-width: 630px) 100vw, 630px\" \/><\/a><figcaption id=\"caption-attachment-7254\" class=\"wp-caption-text\">Targi Zero Waste. Korek do butelki Retap<\/figcaption><\/figure>\n<h2><strong>I tyle innych!<\/strong><\/h2>\n<p><strong>Wi\u0119kszo\u015b\u0107 stoisk by\u0142a dla mnie bardzo kusz\u0105ca, a jednak nic nie kupi\u0142am (by\u0142 to Dzie\u0144 bez Kupowania).<\/strong> Zbiera\u0142am informacje do przeanalizowania i przemy\u015blenia, czy warto wprowadzi\u0107 jakie\u015b nowe rozwi\u0105zania. Na pewno nie przekona\u0142y mnie maszyny do przerabiania odpadk\u00f3w na materi\u0119 organiczn\u0105. Mimo wszystko inwestowanie pr\u0105du w kompost nie wydaje mi si\u0119 s\u0142uszne.<\/p>\n<figure id=\"attachment_7258\" aria-describedby=\"caption-attachment-7258\" style=\"width: 630px\" class=\"wp-caption aligncenter\"><a href=\"https:\/\/baranowscy.eu\/wordpress\/wp-content\/uploads\/2017\/12\/targi_zw_8.jpg\"><img loading=\"lazy\" decoding=\"async\" class=\"size-full wp-image-7258\" src=\"https:\/\/baranowscy.eu\/wordpress\/wp-content\/uploads\/2017\/12\/targi_zw_8.jpg\" alt=\"Targi Zero Waste. Kompost w 24 godziny?\" width=\"630\" height=\"420\" srcset=\"https:\/\/baranowscy.eu\/wordpress\/wp-content\/uploads\/2017\/12\/targi_zw_8.jpg 630w, https:\/\/baranowscy.eu\/wordpress\/wp-content\/uploads\/2017\/12\/targi_zw_8-300x200.jpg 300w, https:\/\/baranowscy.eu\/wordpress\/wp-content\/uploads\/2017\/12\/targi_zw_8-600x400.jpg 600w, https:\/\/baranowscy.eu\/wordpress\/wp-content\/uploads\/2017\/12\/targi_zw_8-560x373.jpg 560w\" sizes=\"auto, (max-width: 630px) 100vw, 630px\" \/><\/a><figcaption id=\"caption-attachment-7258\" class=\"wp-caption-text\">Targi Zero Waste. Kompost w 24 godziny?<\/figcaption><\/figure>\n<p>Mam ogromn\u0105 nadziej\u0119, \u017ce kolejne Targi ZW odb\u0119d\u0105 si\u0119 szybciej ni\u017c za rok. Mo\u017ce powinnam pomy\u015ble\u0107 o swoim stoisku albo o stoisku wszystkich wspania\u0142ych dziewczyn zwi\u0105zanych z tematem?<\/p>\n<p><strong>Targi Zero Waste zosta\u0142y zorganizowane przez <a href=\"https:\/\/www.facebook.com\/fundacjaaltereko\/\" target=\"_blank\" rel=\"noopener noreferrer\">Fundacj\u0119 Alter Eko<\/a> i <a href=\"https:\/\/www.facebook.com\/littlegreenfinity\/\" target=\"_blank\" rel=\"noopener noreferrer\">Little Greenfinity<\/a>.<\/strong><\/p>\n<figure id=\"attachment_7260\" aria-describedby=\"caption-attachment-7260\" style=\"width: 630px\" class=\"wp-caption aligncenter\"><a href=\"https:\/\/baranowscy.eu\/wordpress\/wp-content\/uploads\/2017\/12\/targi_zw_10.jpg\"><img loading=\"lazy\" decoding=\"async\" class=\"size-full wp-image-7260\" src=\"https:\/\/baranowscy.eu\/wordpress\/wp-content\/uploads\/2017\/12\/targi_zw_10.jpg\" alt=\"Bi\u017cuteria Julii z Nanowo\u015bmieci.pl\" width=\"630\" height=\"420\" srcset=\"https:\/\/baranowscy.eu\/wordpress\/wp-content\/uploads\/2017\/12\/targi_zw_10.jpg 630w, https:\/\/baranowscy.eu\/wordpress\/wp-content\/uploads\/2017\/12\/targi_zw_10-300x200.jpg 300w, https:\/\/baranowscy.eu\/wordpress\/wp-content\/uploads\/2017\/12\/targi_zw_10-600x400.jpg 600w, https:\/\/baranowscy.eu\/wordpress\/wp-content\/uploads\/2017\/12\/targi_zw_10-560x373.jpg 560w\" sizes=\"auto, (max-width: 630px) 100vw, 630px\" \/><\/a><figcaption id=\"caption-attachment-7260\" class=\"wp-caption-text\">Bi\u017cuteria Julii z Nanowo\u015bmieci.pl<\/figcaption><\/figure>\n<p><strong><a href=\"http:\/\/www.ograniczamsie.com\/2017\/11\/targi-zero-waste-warszawie-czyli-czy-smieciach-rozmawiac-bikini.html\" target=\"_blank\" rel=\"noopener noreferrer\">Relacja z Targ\u00f3w Ograniczam si\u0119<\/a><\/strong><\/p>\n","protected":false},"excerpt":{"rendered":"<p>Wydarzenie, kt\u00f3remu z przyjemno\u015bci\u0105 patronowa\u0142 nasz blog, pierwsze Targi Zero Waste, odby\u0142o si\u0119 w Warszawie 25 listopada 2017 r. w budynku Agory. Przyznaj\u0119, \u017ce by\u0142am&hellip;<\/p>\n","protected":false},"author":1,"featured_media":7250,"comment_status":"open","ping_status":"open","sticky":false,"template":"","format":"standard","meta":{"_jetpack_memberships_contains_paid_content":false,"footnotes":""},"categories":[918,166,1148],"tags":[1088,1788,1779,470,1351,27,1155],"class_list":["post-7249","post","type-post","status-publish","format-standard","has-post-thumbnail","hentry","category-material-platny","category-wydarzenia","category-zero-waste","tag-better-land","tag-linki-afiliacyjne","tag-reklama","tag-targi","tag-wydarzenia","tag-zakupy","tag-zero-waste"],"yoast_head":"<!-- This site is optimized with the Yoast SEO plugin v27.5 - https:\/\/yoast.com\/product\/yoast-seo-wordpress\/ -->\n<title>Pierwsze Targi Zero Waste - organiczni.eu<\/title>\n<meta name=\"description\" content=\"Pierwsze Targi Zero Waste odby\u0142y si\u0119 w Warszawie 25 listopada 2017 r. w budynku Agory. Przyznaj\u0119, \u017ce by\u0142am zaskoczona, \u017ce od samego rana wok\u00f3\u0142 stoisk\" \/>\n<meta name=\"robots\" content=\"index, follow, max-snippet:-1, max-image-preview:large, max-video-preview:-1\" \/>\n<link rel=\"canonical\" href=\"https:\/\/baranowscy.eu\/wordpress\/pierwsze-targi-zero-waste\/\" \/>\n<meta property=\"og:locale\" content=\"pl_PL\" \/>\n<meta property=\"og:type\" content=\"article\" \/>\n<meta property=\"og:title\" content=\"Pierwsze Targi Zero Waste - organiczni.eu\" \/>\n<meta property=\"og:description\" content=\"Pierwsze Targi Zero Waste odby\u0142y si\u0119 w Warszawie 25 listopada 2017 r. w budynku Agory. Przyznaj\u0119, \u017ce by\u0142am zaskoczona, \u017ce od samego rana wok\u00f3\u0142 stoisk\" \/>\n<meta property=\"og:url\" content=\"https:\/\/baranowscy.eu\/wordpress\/pierwsze-targi-zero-waste\/\" \/>\n<meta property=\"og:site_name\" content=\"organiczni.eu\" \/>\n<meta property=\"article:publisher\" content=\"https:\/\/www.facebook.com\/organiczni\/\" \/>\n<meta property=\"article:published_time\" content=\"2017-12-05T13:30:18+00:00\" \/>\n<meta property=\"article:modified_time\" content=\"2022-10-21T07:09:10+00:00\" \/>\n<meta property=\"og:image\" content=\"https:\/\/baranowscy.eu\/wordpress\/wp-content\/uploads\/2017\/12\/targi_zw_0.jpg\" \/>\n\t<meta property=\"og:image:width\" content=\"1200\" \/>\n\t<meta property=\"og:image:height\" content=\"628\" \/>\n\t<meta property=\"og:image:type\" content=\"image\/jpeg\" \/>\n<meta name=\"author\" content=\"joanna\" \/>\n<meta name=\"twitter:card\" content=\"summary_large_image\" \/>\n<meta name=\"twitter:label1\" content=\"Napisane przez\" \/>\n\t<meta name=\"twitter:data1\" content=\"joanna\" \/>\n\t<meta name=\"twitter:label2\" content=\"Szacowany czas czytania\" \/>\n\t<meta name=\"twitter:data2\" content=\"3 minuty\" \/>\n<script type=\"application\/ld+json\" class=\"yoast-schema-graph\">{\"@context\":\"https:\\\/\\\/schema.org\",\"@graph\":[{\"@type\":\"Article\",\"@id\":\"https:\\\/\\\/baranowscy.eu\\\/wordpress\\\/pierwsze-targi-zero-waste\\\/#article\",\"isPartOf\":{\"@id\":\"https:\\\/\\\/baranowscy.eu\\\/wordpress\\\/pierwsze-targi-zero-waste\\\/\"},\"author\":{\"name\":\"joanna\",\"@id\":\"https:\\\/\\\/baranowscy.eu\\\/wordpress\\\/#\\\/schema\\\/person\\\/741d5f1f3fd2833c5ca2ffdaaa93dc73\"},\"headline\":\"Pierwsze Targi Zero Waste\",\"datePublished\":\"2017-12-05T13:30:18+00:00\",\"dateModified\":\"2022-10-21T07:09:10+00:00\",\"mainEntityOfPage\":{\"@id\":\"https:\\\/\\\/baranowscy.eu\\\/wordpress\\\/pierwsze-targi-zero-waste\\\/\"},\"wordCount\":675,\"commentCount\":2,\"publisher\":{\"@id\":\"https:\\\/\\\/baranowscy.eu\\\/wordpress\\\/#organization\"},\"image\":{\"@id\":\"https:\\\/\\\/baranowscy.eu\\\/wordpress\\\/pierwsze-targi-zero-waste\\\/#primaryimage\"},\"thumbnailUrl\":\"https:\\\/\\\/baranowscy.eu\\\/wordpress\\\/wp-content\\\/uploads\\\/2017\\\/12\\\/targi_zw_0.jpg\",\"keywords\":[\"Better Land\",\"linki afiliacyjne\",\"reklama\",\"targi\",\"wydarzenia\",\"zakupy\",\"zero waste\"],\"articleSection\":[\"Materia\u0142 p\u0142atny\",\"wydarzenia\",\"zero waste\"],\"inLanguage\":\"pl-PL\",\"potentialAction\":[{\"@type\":\"CommentAction\",\"name\":\"Comment\",\"target\":[\"https:\\\/\\\/baranowscy.eu\\\/wordpress\\\/pierwsze-targi-zero-waste\\\/#respond\"]}]},{\"@type\":\"WebPage\",\"@id\":\"https:\\\/\\\/baranowscy.eu\\\/wordpress\\\/pierwsze-targi-zero-waste\\\/\",\"url\":\"https:\\\/\\\/baranowscy.eu\\\/wordpress\\\/pierwsze-targi-zero-waste\\\/\",\"name\":\"Pierwsze Targi Zero Waste - organiczni.eu\",\"isPartOf\":{\"@id\":\"https:\\\/\\\/baranowscy.eu\\\/wordpress\\\/#website\"},\"primaryImageOfPage\":{\"@id\":\"https:\\\/\\\/baranowscy.eu\\\/wordpress\\\/pierwsze-targi-zero-waste\\\/#primaryimage\"},\"image\":{\"@id\":\"https:\\\/\\\/baranowscy.eu\\\/wordpress\\\/pierwsze-targi-zero-waste\\\/#primaryimage\"},\"thumbnailUrl\":\"https:\\\/\\\/baranowscy.eu\\\/wordpress\\\/wp-content\\\/uploads\\\/2017\\\/12\\\/targi_zw_0.jpg\",\"datePublished\":\"2017-12-05T13:30:18+00:00\",\"dateModified\":\"2022-10-21T07:09:10+00:00\",\"description\":\"Pierwsze Targi Zero Waste odby\u0142y si\u0119 w Warszawie 25 listopada 2017 r. w budynku Agory. Przyznaj\u0119, \u017ce by\u0142am zaskoczona, \u017ce od samego rana wok\u00f3\u0142 stoisk\",\"breadcrumb\":{\"@id\":\"https:\\\/\\\/baranowscy.eu\\\/wordpress\\\/pierwsze-targi-zero-waste\\\/#breadcrumb\"},\"inLanguage\":\"pl-PL\",\"potentialAction\":[{\"@type\":\"ReadAction\",\"target\":[\"https:\\\/\\\/baranowscy.eu\\\/wordpress\\\/pierwsze-targi-zero-waste\\\/\"]}]},{\"@type\":\"ImageObject\",\"inLanguage\":\"pl-PL\",\"@id\":\"https:\\\/\\\/baranowscy.eu\\\/wordpress\\\/pierwsze-targi-zero-waste\\\/#primaryimage\",\"url\":\"https:\\\/\\\/baranowscy.eu\\\/wordpress\\\/wp-content\\\/uploads\\\/2017\\\/12\\\/targi_zw_0.jpg\",\"contentUrl\":\"https:\\\/\\\/baranowscy.eu\\\/wordpress\\\/wp-content\\\/uploads\\\/2017\\\/12\\\/targi_zw_0.jpg\",\"width\":1200,\"height\":628},{\"@type\":\"BreadcrumbList\",\"@id\":\"https:\\\/\\\/baranowscy.eu\\\/wordpress\\\/pierwsze-targi-zero-waste\\\/#breadcrumb\",\"itemListElement\":[{\"@type\":\"ListItem\",\"position\":1,\"name\":\"Strona g\u0142\u00f3wna\",\"item\":\"https:\\\/\\\/baranowscy.eu\\\/wordpress\\\/\"},{\"@type\":\"ListItem\",\"position\":2,\"name\":\"Pierwsze Targi Zero Waste\"}]},{\"@type\":\"WebSite\",\"@id\":\"https:\\\/\\\/baranowscy.eu\\\/wordpress\\\/#website\",\"url\":\"https:\\\/\\\/baranowscy.eu\\\/wordpress\\\/\",\"name\":\"organiczni.eu\",\"description\":\"Najbardziej wszechstronny blog ekologiczny\",\"publisher\":{\"@id\":\"https:\\\/\\\/baranowscy.eu\\\/wordpress\\\/#organization\"},\"potentialAction\":[{\"@type\":\"SearchAction\",\"target\":{\"@type\":\"EntryPoint\",\"urlTemplate\":\"https:\\\/\\\/baranowscy.eu\\\/wordpress\\\/?s={search_term_string}\"},\"query-input\":{\"@type\":\"PropertyValueSpecification\",\"valueRequired\":true,\"valueName\":\"search_term_string\"}}],\"inLanguage\":\"pl-PL\"},{\"@type\":\"Organization\",\"@id\":\"https:\\\/\\\/baranowscy.eu\\\/wordpress\\\/#organization\",\"name\":\"organiczni.eu\",\"url\":\"https:\\\/\\\/baranowscy.eu\\\/wordpress\\\/\",\"logo\":{\"@type\":\"ImageObject\",\"inLanguage\":\"pl-PL\",\"@id\":\"https:\\\/\\\/baranowscy.eu\\\/wordpress\\\/#\\\/schema\\\/logo\\\/image\\\/\",\"url\":\"https:\\\/\\\/baranowscy.eu\\\/wordpress\\\/wp-content\\\/uploads\\\/2018\\\/01\\\/logo_duze.png\",\"contentUrl\":\"https:\\\/\\\/baranowscy.eu\\\/wordpress\\\/wp-content\\\/uploads\\\/2018\\\/01\\\/logo_duze.png\",\"width\":1398,\"height\":300,\"caption\":\"organiczni.eu\"},\"image\":{\"@id\":\"https:\\\/\\\/baranowscy.eu\\\/wordpress\\\/#\\\/schema\\\/logo\\\/image\\\/\"},\"sameAs\":[\"https:\\\/\\\/www.facebook.com\\\/organiczni\\\/\",\"https:\\\/\\\/www.instagram.com\\\/organiczni.eu\\\/\"]},{\"@type\":\"Person\",\"@id\":\"https:\\\/\\\/baranowscy.eu\\\/wordpress\\\/#\\\/schema\\\/person\\\/741d5f1f3fd2833c5ca2ffdaaa93dc73\",\"name\":\"joanna\",\"image\":{\"@type\":\"ImageObject\",\"inLanguage\":\"pl-PL\",\"@id\":\"https:\\\/\\\/secure.gravatar.com\\\/avatar\\\/a59b1be4fa5d200ee0af0ba4bbcdb691da1d589b419bae23d7aa5a15d820e28e?s=96&d=identicon&r=g\",\"url\":\"https:\\\/\\\/secure.gravatar.com\\\/avatar\\\/a59b1be4fa5d200ee0af0ba4bbcdb691da1d589b419bae23d7aa5a15d820e28e?s=96&d=identicon&r=g\",\"contentUrl\":\"https:\\\/\\\/secure.gravatar.com\\\/avatar\\\/a59b1be4fa5d200ee0af0ba4bbcdb691da1d589b419bae23d7aa5a15d820e28e?s=96&d=identicon&r=g\",\"caption\":\"joanna\"},\"sameAs\":[\"https:\\\/\\\/organiczni.baranowscy.eu\"],\"url\":\"https:\\\/\\\/baranowscy.eu\\\/wordpress\\\/author\\\/admin\\\/\"}]}<\/script>\n<!-- \/ Yoast SEO plugin. -->","yoast_head_json":{"title":"Pierwsze Targi Zero Waste - organiczni.eu","description":"Pierwsze Targi Zero Waste odby\u0142y si\u0119 w Warszawie 25 listopada 2017 r. w budynku Agory. Przyznaj\u0119, \u017ce by\u0142am zaskoczona, \u017ce od samego rana wok\u00f3\u0142 stoisk","robots":{"index":"index","follow":"follow","max-snippet":"max-snippet:-1","max-image-preview":"max-image-preview:large","max-video-preview":"max-video-preview:-1"},"canonical":"https:\/\/baranowscy.eu\/wordpress\/pierwsze-targi-zero-waste\/","og_locale":"pl_PL","og_type":"article","og_title":"Pierwsze Targi Zero Waste - organiczni.eu","og_description":"Pierwsze Targi Zero Waste odby\u0142y si\u0119 w Warszawie 25 listopada 2017 r. w budynku Agory. Przyznaj\u0119, \u017ce by\u0142am zaskoczona, \u017ce od samego rana wok\u00f3\u0142 stoisk","og_url":"https:\/\/baranowscy.eu\/wordpress\/pierwsze-targi-zero-waste\/","og_site_name":"organiczni.eu","article_publisher":"https:\/\/www.facebook.com\/organiczni\/","article_published_time":"2017-12-05T13:30:18+00:00","article_modified_time":"2022-10-21T07:09:10+00:00","og_image":[{"width":1200,"height":628,"url":"https:\/\/baranowscy.eu\/wordpress\/wp-content\/uploads\/2017\/12\/targi_zw_0.jpg","type":"image\/jpeg"}],"author":"joanna","twitter_card":"summary_large_image","twitter_misc":{"Napisane przez":"joanna","Szacowany czas czytania":"3 minuty"},"schema":{"@context":"https:\/\/schema.org","@graph":[{"@type":"Article","@id":"https:\/\/baranowscy.eu\/wordpress\/pierwsze-targi-zero-waste\/#article","isPartOf":{"@id":"https:\/\/baranowscy.eu\/wordpress\/pierwsze-targi-zero-waste\/"},"author":{"name":"joanna","@id":"https:\/\/baranowscy.eu\/wordpress\/#\/schema\/person\/741d5f1f3fd2833c5ca2ffdaaa93dc73"},"headline":"Pierwsze Targi Zero Waste","datePublished":"2017-12-05T13:30:18+00:00","dateModified":"2022-10-21T07:09:10+00:00","mainEntityOfPage":{"@id":"https:\/\/baranowscy.eu\/wordpress\/pierwsze-targi-zero-waste\/"},"wordCount":675,"commentCount":2,"publisher":{"@id":"https:\/\/baranowscy.eu\/wordpress\/#organization"},"image":{"@id":"https:\/\/baranowscy.eu\/wordpress\/pierwsze-targi-zero-waste\/#primaryimage"},"thumbnailUrl":"https:\/\/baranowscy.eu\/wordpress\/wp-content\/uploads\/2017\/12\/targi_zw_0.jpg","keywords":["Better Land","linki afiliacyjne","reklama","targi","wydarzenia","zakupy","zero waste"],"articleSection":["Materia\u0142 p\u0142atny","wydarzenia","zero waste"],"inLanguage":"pl-PL","potentialAction":[{"@type":"CommentAction","name":"Comment","target":["https:\/\/baranowscy.eu\/wordpress\/pierwsze-targi-zero-waste\/#respond"]}]},{"@type":"WebPage","@id":"https:\/\/baranowscy.eu\/wordpress\/pierwsze-targi-zero-waste\/","url":"https:\/\/baranowscy.eu\/wordpress\/pierwsze-targi-zero-waste\/","name":"Pierwsze Targi Zero Waste - organiczni.eu","isPartOf":{"@id":"https:\/\/baranowscy.eu\/wordpress\/#website"},"primaryImageOfPage":{"@id":"https:\/\/baranowscy.eu\/wordpress\/pierwsze-targi-zero-waste\/#primaryimage"},"image":{"@id":"https:\/\/baranowscy.eu\/wordpress\/pierwsze-targi-zero-waste\/#primaryimage"},"thumbnailUrl":"https:\/\/baranowscy.eu\/wordpress\/wp-content\/uploads\/2017\/12\/targi_zw_0.jpg","datePublished":"2017-12-05T13:30:18+00:00","dateModified":"2022-10-21T07:09:10+00:00","description":"Pierwsze Targi Zero Waste odby\u0142y si\u0119 w Warszawie 25 listopada 2017 r. w budynku Agory. Przyznaj\u0119, \u017ce by\u0142am zaskoczona, \u017ce od samego rana wok\u00f3\u0142 stoisk","breadcrumb":{"@id":"https:\/\/baranowscy.eu\/wordpress\/pierwsze-targi-zero-waste\/#breadcrumb"},"inLanguage":"pl-PL","potentialAction":[{"@type":"ReadAction","target":["https:\/\/baranowscy.eu\/wordpress\/pierwsze-targi-zero-waste\/"]}]},{"@type":"ImageObject","inLanguage":"pl-PL","@id":"https:\/\/baranowscy.eu\/wordpress\/pierwsze-targi-zero-waste\/#primaryimage","url":"https:\/\/baranowscy.eu\/wordpress\/wp-content\/uploads\/2017\/12\/targi_zw_0.jpg","contentUrl":"https:\/\/baranowscy.eu\/wordpress\/wp-content\/uploads\/2017\/12\/targi_zw_0.jpg","width":1200,"height":628},{"@type":"BreadcrumbList","@id":"https:\/\/baranowscy.eu\/wordpress\/pierwsze-targi-zero-waste\/#breadcrumb","itemListElement":[{"@type":"ListItem","position":1,"name":"Strona g\u0142\u00f3wna","item":"https:\/\/baranowscy.eu\/wordpress\/"},{"@type":"ListItem","position":2,"name":"Pierwsze Targi Zero Waste"}]},{"@type":"WebSite","@id":"https:\/\/baranowscy.eu\/wordpress\/#website","url":"https:\/\/baranowscy.eu\/wordpress\/","name":"organiczni.eu","description":"Najbardziej wszechstronny blog ekologiczny","publisher":{"@id":"https:\/\/baranowscy.eu\/wordpress\/#organization"},"potentialAction":[{"@type":"SearchAction","target":{"@type":"EntryPoint","urlTemplate":"https:\/\/baranowscy.eu\/wordpress\/?s={search_term_string}"},"query-input":{"@type":"PropertyValueSpecification","valueRequired":true,"valueName":"search_term_string"}}],"inLanguage":"pl-PL"},{"@type":"Organization","@id":"https:\/\/baranowscy.eu\/wordpress\/#organization","name":"organiczni.eu","url":"https:\/\/baranowscy.eu\/wordpress\/","logo":{"@type":"ImageObject","inLanguage":"pl-PL","@id":"https:\/\/baranowscy.eu\/wordpress\/#\/schema\/logo\/image\/","url":"https:\/\/baranowscy.eu\/wordpress\/wp-content\/uploads\/2018\/01\/logo_duze.png","contentUrl":"https:\/\/baranowscy.eu\/wordpress\/wp-content\/uploads\/2018\/01\/logo_duze.png","width":1398,"height":300,"caption":"organiczni.eu"},"image":{"@id":"https:\/\/baranowscy.eu\/wordpress\/#\/schema\/logo\/image\/"},"sameAs":["https:\/\/www.facebook.com\/organiczni\/","https:\/\/www.instagram.com\/organiczni.eu\/"]},{"@type":"Person","@id":"https:\/\/baranowscy.eu\/wordpress\/#\/schema\/person\/741d5f1f3fd2833c5ca2ffdaaa93dc73","name":"joanna","image":{"@type":"ImageObject","inLanguage":"pl-PL","@id":"https:\/\/secure.gravatar.com\/avatar\/a59b1be4fa5d200ee0af0ba4bbcdb691da1d589b419bae23d7aa5a15d820e28e?s=96&d=identicon&r=g","url":"https:\/\/secure.gravatar.com\/avatar\/a59b1be4fa5d200ee0af0ba4bbcdb691da1d589b419bae23d7aa5a15d820e28e?s=96&d=identicon&r=g","contentUrl":"https:\/\/secure.gravatar.com\/avatar\/a59b1be4fa5d200ee0af0ba4bbcdb691da1d589b419bae23d7aa5a15d820e28e?s=96&d=identicon&r=g","caption":"joanna"},"sameAs":["https:\/\/organiczni.baranowscy.eu"],"url":"https:\/\/baranowscy.eu\/wordpress\/author\/admin\/"}]}},"jetpack_featured_media_url":"https:\/\/baranowscy.eu\/wordpress\/wp-content\/uploads\/2017\/12\/targi_zw_0.jpg","jetpack_sharing_enabled":true,"_links":{"self":[{"href":"https:\/\/baranowscy.eu\/wordpress\/wp-json\/wp\/v2\/posts\/7249","targetHints":{"allow":["GET"]}}],"collection":[{"href":"https:\/\/baranowscy.eu\/wordpress\/wp-json\/wp\/v2\/posts"}],"about":[{"href":"https:\/\/baranowscy.eu\/wordpress\/wp-json\/wp\/v2\/types\/post"}],"author":[{"embeddable":true,"href":"https:\/\/baranowscy.eu\/wordpress\/wp-json\/wp\/v2\/users\/1"}],"replies":[{"embeddable":true,"href":"https:\/\/baranowscy.eu\/wordpress\/wp-json\/wp\/v2\/comments?post=7249"}],"version-history":[{"count":5,"href":"https:\/\/baranowscy.eu\/wordpress\/wp-json\/wp\/v2\/posts\/7249\/revisions"}],"predecessor-version":[{"id":12910,"href":"https:\/\/baranowscy.eu\/wordpress\/wp-json\/wp\/v2\/posts\/7249\/revisions\/12910"}],"wp:featuredmedia":[{"embeddable":true,"href":"https:\/\/baranowscy.eu\/wordpress\/wp-json\/wp\/v2\/media\/7250"}],"wp:attachment":[{"href":"https:\/\/baranowscy.eu\/wordpress\/wp-json\/wp\/v2\/media?parent=7249"}],"wp:term":[{"taxonomy":"category","embeddable":true,"href":"https:\/\/baranowscy.eu\/wordpress\/wp-json\/wp\/v2\/categories?post=7249"},{"taxonomy":"post_tag","embeddable":true,"href":"https:\/\/baranowscy.eu\/wordpress\/wp-json\/wp\/v2\/tags?post=7249"}],"curies":[{"name":"wp","href":"https:\/\/api.w.org\/{rel}","templated":true}]}}