{"id":7141,"date":"2017-11-05T00:15:06","date_gmt":"2017-11-04T23:15:06","guid":{"rendered":"http:\/\/baranowscy.eu\/wordpress\/?p=7141"},"modified":"2017-11-05T00:15:06","modified_gmt":"2017-11-04T23:15:06","slug":"schylek-wegla-czy-zdajemy-sobie-z-niego-sprawe","status":"publish","type":"post","link":"https:\/\/baranowscy.eu\/wordpress\/schylek-wegla-czy-zdajemy-sobie-z-niego-sprawe\/","title":{"rendered":"Schy\u0142ek w\u0119gla \u2013 czy zdajemy sobie z niego spraw\u0119?"},"content":{"rendered":"<p><strong>Schy\u0142ek w\u0119gla jest podobno bliski. Jego wydobycie jest coraz mniej op\u0142acalne, a i dost\u0119pne zasoby si\u0119 ko\u0144cz\u0105. Kto jednak uwa\u017ca, \u017ce Polska jest gotowa na now\u0105 energi\u0119? Zapraszam Was na kolejny odcinek serii \u201ePunkt krytyczny\u201d realizowanej w ramach projektu \u201eEnergia odNowa\u201d koordynowanego przez WWF Polska.<\/strong><\/p>\n<p>Polska ma najwi\u0119ksze zasoby w\u0119gla w Europie i jest najwi\u0119kszym producentem w\u0119gla kamiennego w Unii Europejskiej. Mimo \u017ce z ka\u017cdym rokiem jest to coraz mniej rentowne, silne przywi\u0105zanie Polak\u00f3w do etosu czarnego z\u0142ota, na kt\u00f3rym \u201ePolska stoi\u201d, w\u0142a\u015bciwie uniemo\u017cliwia racjonalne zaplanowanie energetycznej przysz\u0142o\u015bci naszego kraju. Politycy, co by\u0142o wida\u0107 ju\u017c niejednokrotnie, nie tylko boj\u0105 si\u0119 tematu zamykania polskich kopal\u0144, ale sami propaguj\u0105 has\u0142a o warto\u015bci w\u0119gla.<\/p>\n<figure id=\"attachment_7142\" aria-describedby=\"caption-attachment-7142\" style=\"width: 980px\" class=\"wp-caption aligncenter\"><a href=\"https:\/\/baranowscy.eu\/wordpress\/wp-content\/uploads\/2017\/11\/ilustracja_12_3-2_0.jpg\"><img loading=\"lazy\" decoding=\"async\" class=\"wp-image-7142 size-full\" title=\"Mapa zag\u0142\u0119bi w\u0119glowych w Polsce. Autor\/ka: Fundacja im. Heinricha B\u00f6lla. Zdj\u0119cie na licencji Creative Commons License CC BY-SA 2.0 \" src=\"https:\/\/baranowscy.eu\/wordpress\/wp-content\/uploads\/2017\/11\/ilustracja_12_3-2_0.jpg\" alt=\"Mapa zag\u0142\u0119bi w\u0119glowych w Polsce. Autor\/ka: Fundacja im. Heinricha B\u00f6lla. Zdj\u0119cie na licencji Creative Commons License CC BY-SA 2.0 \" width=\"980\" height=\"653\" srcset=\"https:\/\/baranowscy.eu\/wordpress\/wp-content\/uploads\/2017\/11\/ilustracja_12_3-2_0.jpg 980w, https:\/\/baranowscy.eu\/wordpress\/wp-content\/uploads\/2017\/11\/ilustracja_12_3-2_0-300x200.jpg 300w, https:\/\/baranowscy.eu\/wordpress\/wp-content\/uploads\/2017\/11\/ilustracja_12_3-2_0-600x400.jpg 600w, https:\/\/baranowscy.eu\/wordpress\/wp-content\/uploads\/2017\/11\/ilustracja_12_3-2_0-560x373.jpg 560w\" sizes=\"auto, (max-width: 980px) 100vw, 980px\" \/><\/a><figcaption id=\"caption-attachment-7142\" class=\"wp-caption-text\">Mapa zag\u0142\u0119bi w\u0119glowych w Polsce. Autor\/ka: Fundacja im. Heinricha B\u00f6lla. Zdj\u0119cie na licencji Creative Commons License CC BY-SA 2.0<\/figcaption><\/figure>\n<h2><strong>Od opa\u0142u do rewolucji przemys\u0142owej<\/strong><\/h2>\n<p><strong>W\u0119giel kamienny rozpocz\u0105\u0142 swoje wieki chwa\u0142y w momencie, gdy nad Europ\u0119 nadci\u0105gn\u0119\u0142a ma\u0142a epoka lodowcowa (og\u00f3lnie m\u00f3wi\u0105c trwa\u0142a od XIV do XIX wieku) i energia pozyskiwana z drewna przesta\u0142a ludziom wystarcza\u0107.<\/strong> Dzi\u0119ki rozwojowi kopal\u0144 i dystrybucji w\u0119gla \u2013 a przodowa\u0142a w tym Anglia ju\u017c w XVI wieku \u2013 \u015bwiat zacz\u0105\u0142 si\u0119 zmienia\u0107. Odkryto zasoby energii, kt\u00f3re mo\u017cna by\u0142o wykorzysta\u0107 na najr\u00f3\u017cniejsze sposoby, co doprowadzi\u0142o do skoku cywilizacyjnego i rewolucji przemys\u0142owej. Krok po kroku nast\u0119powa\u0142a zmiana: praca ludzkich r\u0105k by\u0142a wyr\u0119czana przez coraz doskonalsze maszyny. W dodatku odkryto, \u017ce dzi\u0119ki w\u0119glowi kamiennemu mo\u017cna znacznie \u0142atwiej wytwarza\u0107 stal \u2013 sta\u0142a si\u0119 dost\u0119pna i tania. <strong>Nic dziwnego, \u017ce sta\u0142 si\u0119 on najwa\u017cniejszym surowcem energetycznym, a\u017c do XX wieku, kiedy zacz\u0119to masowo wykorzystywa\u0107 rop\u0119 naftow\u0105.<\/strong><\/p>\n<figure id=\"attachment_7144\" aria-describedby=\"caption-attachment-7144\" style=\"width: 560px\" class=\"wp-caption aligncenter\"><a href=\"https:\/\/baranowscy.eu\/wordpress\/wp-content\/uploads\/2017\/11\/schylek_wegla_2.jpg\"><img loading=\"lazy\" decoding=\"async\" class=\"size-large wp-image-7144\" src=\"https:\/\/baranowscy.eu\/wordpress\/wp-content\/uploads\/2017\/11\/schylek_wegla_2-1024x576.jpg\" alt=\"Kopalnia w\u0119gla brunatnego. Kadr z filmu \u201eSchy\u0142ek w\u0119gla\u201d\" width=\"560\" height=\"315\" srcset=\"https:\/\/baranowscy.eu\/wordpress\/wp-content\/uploads\/2017\/11\/schylek_wegla_2-1024x576.jpg 1024w, https:\/\/baranowscy.eu\/wordpress\/wp-content\/uploads\/2017\/11\/schylek_wegla_2-300x169.jpg 300w, https:\/\/baranowscy.eu\/wordpress\/wp-content\/uploads\/2017\/11\/schylek_wegla_2-600x337.jpg 600w, https:\/\/baranowscy.eu\/wordpress\/wp-content\/uploads\/2017\/11\/schylek_wegla_2-560x315.jpg 560w, https:\/\/baranowscy.eu\/wordpress\/wp-content\/uploads\/2017\/11\/schylek_wegla_2.jpg 1366w\" sizes=\"auto, (max-width: 560px) 100vw, 560px\" \/><\/a><figcaption id=\"caption-attachment-7144\" class=\"wp-caption-text\">Kopalnia w\u0119gla brunatnego. Kadr z filmu \u201eSchy\u0142ek w\u0119gla\u201d<\/figcaption><\/figure>\n<p><strong>A jednak w\u0119giel \u2013 kamienny, a jeszcze bardziej brunatny, kt\u00f3ry ma znacznie ni\u017csz\u0105 jako\u015b\u0107 energetyczn\u0105 \u2013 to nie tylko energia. To tak\u017ce wp\u0142yw na \u015brodowisko.<\/strong> Podobno ju\u017c w \u015bredniowiecznej Anglii zdawano sobie spraw\u0119 z tego, \u017ce spalanie w\u0119gla zanieczyszcza powietrze. Dzi\u015b wci\u0105\u017c wielu ludzi zdaje si\u0119 tego nie wiedzie\u0107.<\/p>\n<h2><strong>Schy\u0142ek w\u0119gla \u2013 obejrzyj<\/strong><\/h2>\n<p><iframe loading=\"lazy\" src=\"https:\/\/www.youtube.com\/embed\/js8J9tABHp8\" width=\"560\" height=\"315\" frameborder=\"0\" allowfullscreen=\"allowfullscreen\"><\/iframe><\/p>\n<h2><strong>Zbyt optymistyczne?<\/strong><\/h2>\n<p>Mam wra\u017cenie, \u017ce w Polsce nie ma i nigdy nie by\u0142o dobrego momentu na jakiekolwiek dyskusje o schy\u0142ku w\u0119gla. Tymczasem szacunki dotycz\u0105ce zasob\u00f3w w\u0119gla nie przedstawiaj\u0105 si\u0119 r\u00f3\u017cowo:<\/p>\n<blockquote><p>Wystarczalno\u015b\u0107 zasob\u00f3w operatywnych w\u0119gla kamiennego w Polsce, maj\u0105cych znaczenie ekonomiczne, wynosi na koniec 2014 roku 39 lat. Ta wielko\u015b\u0107 wyliczona zosta\u0142a z uwzgl\u0119dnieniem strat w wydobyciu na poziomie 30%. W praktyce straty w zasobach operatywnych si\u0119gaj\u0105 przeci\u0119tnie 60%. Tak wysokie straty s\u0105 spowodowane skomplikowan\u0105 budow\u0105 geologiczn\u0105 i technologi\u0105 wydobycia. W zwi\u0105zku z tym wystarczalno\u015b\u0107 zasob\u00f3w operatywnych wyniesie maksymalnie 24 lata. (<a href=\"https:\/\/pl.boell.org\/pl\/2016\/06\/20\/polska-nie-tak-latwo-okreslic-zasoby\" target=\"_blank\">\u0179r\u00f3d\u0142o<\/a>)<\/p><\/blockquote>\n<p><strong>Je\u015bli natychmiast nie zaczniemy inwestowa\u0107 w energi\u0119 odnawialn\u0105, czeka nas kryzys energetyczny. Tym bardziej, \u017ce przysz\u0142o\u015b\u0107 wydobycia innych paliw kopalnych \u2013 takich jak ropa naftowa \u2013 nie wygl\u0105da lepiej.<\/strong> Kto z rz\u0105dz\u0105cych my\u015bli o tym i dzia\u0142a w odpowiednim kierunku?<\/p>\n<figure id=\"attachment_7143\" aria-describedby=\"caption-attachment-7143\" style=\"width: 560px\" class=\"wp-caption aligncenter\"><a href=\"https:\/\/baranowscy.eu\/wordpress\/wp-content\/uploads\/2017\/11\/schylek_wegla_1.jpg\"><img loading=\"lazy\" decoding=\"async\" class=\"size-large wp-image-7143\" src=\"https:\/\/baranowscy.eu\/wordpress\/wp-content\/uploads\/2017\/11\/schylek_wegla_1-1024x576.jpg\" alt=\"\u0179r\u00f3d\u0142a energii w Polsce. Kadr z filmu \u201eSchy\u0142ek w\u0119gla\u201d\" width=\"560\" height=\"315\" srcset=\"https:\/\/baranowscy.eu\/wordpress\/wp-content\/uploads\/2017\/11\/schylek_wegla_1-1024x576.jpg 1024w, https:\/\/baranowscy.eu\/wordpress\/wp-content\/uploads\/2017\/11\/schylek_wegla_1-300x169.jpg 300w, https:\/\/baranowscy.eu\/wordpress\/wp-content\/uploads\/2017\/11\/schylek_wegla_1-600x337.jpg 600w, https:\/\/baranowscy.eu\/wordpress\/wp-content\/uploads\/2017\/11\/schylek_wegla_1-560x315.jpg 560w, https:\/\/baranowscy.eu\/wordpress\/wp-content\/uploads\/2017\/11\/schylek_wegla_1.jpg 1366w\" sizes=\"auto, (max-width: 560px) 100vw, 560px\" \/><\/a><figcaption id=\"caption-attachment-7143\" class=\"wp-caption-text\">\u0179r\u00f3d\u0142a energii w Polsce. Kadr z filmu \u201eSchy\u0142ek w\u0119gla\u201d<\/figcaption><\/figure>\n<p>Nie b\u00f3jmy si\u0119 m\u00f3wi\u0107 g\u0142o\u015bno, \u017ce czas w\u0119gla si\u0119 sko\u0144czy\u0142. Je\u015bli nie przygotujemy si\u0119 na zmiany, wszyscy za to drogo zap\u0142acimy. <strong>Rozwi\u0105zania ju\u017c s\u0105, wi\u0119c pora odej\u015b\u0107 od przestarza\u0142ych i szkodliwych technologii. Czy jednak w Polsce to jest w og\u00f3le realne?<\/strong><\/p>\n<h2><strong>Punkt krytyczny<\/strong><\/h2>\n<p>Co tydzie\u0144 pojawia si\u0119 nowy odcinek serii. Zapraszam Was do \u015bledzenia naszego bloga, poniewa\u017c b\u0119dziemy pisa\u0107 o kilku z nich. A je\u015bli jeszcze nie widzieli\u015bcie pe\u0142nometra\u017cowego filmu \u201e<a href=\"https:\/\/www.youtube.com\/watch?v=3UdoSg0RDbA\" target=\"_blank\">Punkt krytyczny. Energia odNowa<\/a>\u201d, bardzo Was zach\u0119cam.<\/p>\n<p><strong>Zobacz tak\u017ce:<\/strong><\/p>\n<ul>\n<li><a href=\"https:\/\/baranowscy.eu\/wordpress\/rewolucja-zywieniowa-obejrzyj-i-dolacz\/\">Rewolucja \u017cywieniowa \u2013 obejrzyj i do\u0142\u0105cz!<\/a><\/li>\n<li><a title=\"Alternatywny transport \u2013 obejrzyj i przesi\u0105d\u017a si\u0119 lub przejd\u017a!\" href=\"https:\/\/baranowscy.eu\/wordpress\/alternatywny-transport\/\" target=\"_blank\">Alternatywny transport \u2013 obejrzyj i przesi\u0105d\u017a si\u0119 lub przejd\u017a!<\/a><\/li>\n<li><a title=\"Truj\u0105ce powietrze \u2013 nie chcemy chodzi\u0107 w maskach!\" href=\"https:\/\/baranowscy.eu\/wordpress\/trujace-powietrze-nie-chcemy-chodzic-w-maskach\/\">Truj\u0105ce powietrze \u2013 nie chcemy chodzi\u0107 w maskach!<\/a><\/li>\n<\/ul>\n<p><strong>A Wy spotykacie si\u0119 z problemem zanieczyszczonego powietrza w miejscu swojego zamieszkania albo pracy? Sprawdzacie jako\u015b\u0107 powietrza przed wyj\u015bciem z domu?<\/strong><\/p>\n<p><a href=\"https:\/\/baranowscy.eu\/wordpress\/wp-content\/uploads\/2017\/09\/life.jpg\"><img loading=\"lazy\" decoding=\"async\" class=\"aligncenter wp-image-6974 size-medium\" src=\"https:\/\/baranowscy.eu\/wordpress\/wp-content\/uploads\/2017\/09\/life-300x84.jpg\" alt=\"life\" width=\"300\" height=\"84\" srcset=\"https:\/\/baranowscy.eu\/wordpress\/wp-content\/uploads\/2017\/09\/life-300x84.jpg 300w, https:\/\/baranowscy.eu\/wordpress\/wp-content\/uploads\/2017\/09\/life-600x169.jpg 600w, https:\/\/baranowscy.eu\/wordpress\/wp-content\/uploads\/2017\/09\/life-560x158.jpg 560w, https:\/\/baranowscy.eu\/wordpress\/wp-content\/uploads\/2017\/09\/life.jpg 640w\" sizes=\"auto, (max-width: 300px) 100vw, 300px\" \/><\/a><br \/>\n<a href=\"https:\/\/baranowscy.eu\/wordpress\/wp-content\/uploads\/2017\/09\/NFOS.jpg\"><img loading=\"lazy\" decoding=\"async\" class=\"aligncenter size-medium wp-image-6976\" src=\"https:\/\/baranowscy.eu\/wordpress\/wp-content\/uploads\/2017\/09\/NFOS-300x94.jpg\" alt=\"NFOS\" width=\"300\" height=\"94\" srcset=\"https:\/\/baranowscy.eu\/wordpress\/wp-content\/uploads\/2017\/09\/NFOS-300x94.jpg 300w, https:\/\/baranowscy.eu\/wordpress\/wp-content\/uploads\/2017\/09\/NFOS-600x188.jpg 600w, https:\/\/baranowscy.eu\/wordpress\/wp-content\/uploads\/2017\/09\/NFOS-1024x321.jpg 1024w, https:\/\/baranowscy.eu\/wordpress\/wp-content\/uploads\/2017\/09\/NFOS-560x175.jpg 560w, https:\/\/baranowscy.eu\/wordpress\/wp-content\/uploads\/2017\/09\/NFOS.jpg 1500w\" sizes=\"auto, (max-width: 300px) 100vw, 300px\" \/><\/a><\/p>\n<p style=\"text-align: center;\"><a href=\"https:\/\/baranowscy.eu\/wordpress\/wp-content\/uploads\/2017\/09\/logo.jpg\"><img loading=\"lazy\" decoding=\"async\" class=\"aligncenter size-medium wp-image-6975\" src=\"https:\/\/baranowscy.eu\/wordpress\/wp-content\/uploads\/2017\/09\/logo-300x141.jpg\" alt=\"logo\" width=\"300\" height=\"141\" srcset=\"https:\/\/baranowscy.eu\/wordpress\/wp-content\/uploads\/2017\/09\/logo-300x141.jpg 300w, https:\/\/baranowscy.eu\/wordpress\/wp-content\/uploads\/2017\/09\/logo.jpg 425w\" sizes=\"auto, (max-width: 300px) 100vw, 300px\" \/><\/a><a href=\"http:\/\/www.energiaodnowa.pl\" target=\"_blank\">www.energiaodnowa.pl<\/a><\/p>\n","protected":false},"excerpt":{"rendered":"<p>Schy\u0142ek w\u0119gla jest podobno bliski. Jego wydobycie jest coraz mniej op\u0142acalne, a i dost\u0119pne zasoby si\u0119 ko\u0144cz\u0105. Kto jednak uwa\u017ca, \u017ce Polska jest gotowa na&hellip;<\/p>\n","protected":false},"author":1,"featured_media":7143,"comment_status":"open","ping_status":"open","sticky":false,"template":"","format":"standard","meta":{"_jetpack_memberships_contains_paid_content":false,"footnotes":""},"categories":[313,2],"tags":[],"class_list":["post-7141","post","type-post","status-publish","format-standard","has-post-thumbnail","hentry","category-ekodylematy","category-slowo-od-autora"],"yoast_head":"<!-- This site is optimized with the Yoast SEO plugin v27.4 - https:\/\/yoast.com\/product\/yoast-seo-wordpress\/ -->\n<title>Schy\u0142ek w\u0119gla \u2013 czy zdajemy sobie z niego spraw\u0119? - organiczni.eu<\/title>\n<meta name=\"description\" content=\"Schy\u0142ek w\u0119gla jest bliski. Jego wydobycie jest coraz mniej op\u0142acalne, a i dost\u0119pne zasoby si\u0119 ko\u0144cz\u0105. Kto jednak uwa\u017ca, \u017ce Polska jest gotowa na now\u0105...\" \/>\n<meta name=\"robots\" content=\"index, follow, max-snippet:-1, max-image-preview:large, max-video-preview:-1\" \/>\n<link rel=\"canonical\" href=\"https:\/\/baranowscy.eu\/wordpress\/schylek-wegla-czy-zdajemy-sobie-z-niego-sprawe\/\" \/>\n<meta property=\"og:locale\" content=\"pl_PL\" \/>\n<meta property=\"og:type\" content=\"article\" \/>\n<meta property=\"og:title\" content=\"Schy\u0142ek w\u0119gla \u2013 czy zdajemy sobie z niego spraw\u0119? - organiczni.eu\" \/>\n<meta property=\"og:description\" content=\"Schy\u0142ek w\u0119gla jest bliski. Jego wydobycie jest coraz mniej op\u0142acalne, a i dost\u0119pne zasoby si\u0119 ko\u0144cz\u0105. Kto jednak uwa\u017ca, \u017ce Polska jest gotowa na now\u0105...\" \/>\n<meta property=\"og:url\" content=\"https:\/\/baranowscy.eu\/wordpress\/schylek-wegla-czy-zdajemy-sobie-z-niego-sprawe\/\" \/>\n<meta property=\"og:site_name\" content=\"organiczni.eu\" \/>\n<meta property=\"article:publisher\" content=\"https:\/\/www.facebook.com\/organiczni\/\" \/>\n<meta property=\"article:published_time\" content=\"2017-11-04T23:15:06+00:00\" \/>\n<meta property=\"og:image\" content=\"https:\/\/baranowscy.eu\/wordpress\/wp-content\/uploads\/2017\/11\/schylek_wegla_1.jpg\" \/>\n\t<meta property=\"og:image:width\" content=\"1366\" \/>\n\t<meta property=\"og:image:height\" content=\"768\" \/>\n\t<meta property=\"og:image:type\" content=\"image\/jpeg\" \/>\n<meta name=\"author\" content=\"joanna\" \/>\n<meta name=\"twitter:card\" content=\"summary_large_image\" \/>\n<meta name=\"twitter:label1\" content=\"Napisane przez\" \/>\n\t<meta name=\"twitter:data1\" content=\"joanna\" \/>\n\t<meta name=\"twitter:label2\" content=\"Szacowany czas czytania\" \/>\n\t<meta name=\"twitter:data2\" content=\"4 minuty\" \/>\n<script type=\"application\/ld+json\" class=\"yoast-schema-graph\">{\"@context\":\"https:\\\/\\\/schema.org\",\"@graph\":[{\"@type\":\"Article\",\"@id\":\"https:\\\/\\\/baranowscy.eu\\\/wordpress\\\/schylek-wegla-czy-zdajemy-sobie-z-niego-sprawe\\\/#article\",\"isPartOf\":{\"@id\":\"https:\\\/\\\/baranowscy.eu\\\/wordpress\\\/schylek-wegla-czy-zdajemy-sobie-z-niego-sprawe\\\/\"},\"author\":{\"name\":\"joanna\",\"@id\":\"https:\\\/\\\/baranowscy.eu\\\/wordpress\\\/#\\\/schema\\\/person\\\/741d5f1f3fd2833c5ca2ffdaaa93dc73\"},\"headline\":\"Schy\u0142ek w\u0119gla \u2013 czy zdajemy sobie z niego spraw\u0119?\",\"datePublished\":\"2017-11-04T23:15:06+00:00\",\"mainEntityOfPage\":{\"@id\":\"https:\\\/\\\/baranowscy.eu\\\/wordpress\\\/schylek-wegla-czy-zdajemy-sobie-z-niego-sprawe\\\/\"},\"wordCount\":723,\"commentCount\":10,\"publisher\":{\"@id\":\"https:\\\/\\\/baranowscy.eu\\\/wordpress\\\/#organization\"},\"image\":{\"@id\":\"https:\\\/\\\/baranowscy.eu\\\/wordpress\\\/schylek-wegla-czy-zdajemy-sobie-z-niego-sprawe\\\/#primaryimage\"},\"thumbnailUrl\":\"https:\\\/\\\/baranowscy.eu\\\/wordpress\\\/wp-content\\\/uploads\\\/2017\\\/11\\\/schylek_wegla_1.jpg\",\"articleSection\":[\"ekodylematy\",\"s\u0142owo od autora\"],\"inLanguage\":\"pl-PL\",\"potentialAction\":[{\"@type\":\"CommentAction\",\"name\":\"Comment\",\"target\":[\"https:\\\/\\\/baranowscy.eu\\\/wordpress\\\/schylek-wegla-czy-zdajemy-sobie-z-niego-sprawe\\\/#respond\"]}]},{\"@type\":\"WebPage\",\"@id\":\"https:\\\/\\\/baranowscy.eu\\\/wordpress\\\/schylek-wegla-czy-zdajemy-sobie-z-niego-sprawe\\\/\",\"url\":\"https:\\\/\\\/baranowscy.eu\\\/wordpress\\\/schylek-wegla-czy-zdajemy-sobie-z-niego-sprawe\\\/\",\"name\":\"Schy\u0142ek w\u0119gla \u2013 czy zdajemy sobie z niego spraw\u0119? - organiczni.eu\",\"isPartOf\":{\"@id\":\"https:\\\/\\\/baranowscy.eu\\\/wordpress\\\/#website\"},\"primaryImageOfPage\":{\"@id\":\"https:\\\/\\\/baranowscy.eu\\\/wordpress\\\/schylek-wegla-czy-zdajemy-sobie-z-niego-sprawe\\\/#primaryimage\"},\"image\":{\"@id\":\"https:\\\/\\\/baranowscy.eu\\\/wordpress\\\/schylek-wegla-czy-zdajemy-sobie-z-niego-sprawe\\\/#primaryimage\"},\"thumbnailUrl\":\"https:\\\/\\\/baranowscy.eu\\\/wordpress\\\/wp-content\\\/uploads\\\/2017\\\/11\\\/schylek_wegla_1.jpg\",\"datePublished\":\"2017-11-04T23:15:06+00:00\",\"description\":\"Schy\u0142ek w\u0119gla jest bliski. Jego wydobycie jest coraz mniej op\u0142acalne, a i dost\u0119pne zasoby si\u0119 ko\u0144cz\u0105. Kto jednak uwa\u017ca, \u017ce Polska jest gotowa na now\u0105...\",\"breadcrumb\":{\"@id\":\"https:\\\/\\\/baranowscy.eu\\\/wordpress\\\/schylek-wegla-czy-zdajemy-sobie-z-niego-sprawe\\\/#breadcrumb\"},\"inLanguage\":\"pl-PL\",\"potentialAction\":[{\"@type\":\"ReadAction\",\"target\":[\"https:\\\/\\\/baranowscy.eu\\\/wordpress\\\/schylek-wegla-czy-zdajemy-sobie-z-niego-sprawe\\\/\"]}]},{\"@type\":\"ImageObject\",\"inLanguage\":\"pl-PL\",\"@id\":\"https:\\\/\\\/baranowscy.eu\\\/wordpress\\\/schylek-wegla-czy-zdajemy-sobie-z-niego-sprawe\\\/#primaryimage\",\"url\":\"https:\\\/\\\/baranowscy.eu\\\/wordpress\\\/wp-content\\\/uploads\\\/2017\\\/11\\\/schylek_wegla_1.jpg\",\"contentUrl\":\"https:\\\/\\\/baranowscy.eu\\\/wordpress\\\/wp-content\\\/uploads\\\/2017\\\/11\\\/schylek_wegla_1.jpg\",\"width\":1366,\"height\":768,\"caption\":\"\u0179r\u00f3d\u0142a energii w Polsce. Kadr z filmu \u201eSchy\u0142ek w\u0119gla\u201d\"},{\"@type\":\"BreadcrumbList\",\"@id\":\"https:\\\/\\\/baranowscy.eu\\\/wordpress\\\/schylek-wegla-czy-zdajemy-sobie-z-niego-sprawe\\\/#breadcrumb\",\"itemListElement\":[{\"@type\":\"ListItem\",\"position\":1,\"name\":\"Strona g\u0142\u00f3wna\",\"item\":\"https:\\\/\\\/baranowscy.eu\\\/wordpress\\\/\"},{\"@type\":\"ListItem\",\"position\":2,\"name\":\"Schy\u0142ek w\u0119gla \u2013 czy zdajemy sobie z niego spraw\u0119?\"}]},{\"@type\":\"WebSite\",\"@id\":\"https:\\\/\\\/baranowscy.eu\\\/wordpress\\\/#website\",\"url\":\"https:\\\/\\\/baranowscy.eu\\\/wordpress\\\/\",\"name\":\"organiczni.eu\",\"description\":\"Najbardziej wszechstronny blog ekologiczny\",\"publisher\":{\"@id\":\"https:\\\/\\\/baranowscy.eu\\\/wordpress\\\/#organization\"},\"potentialAction\":[{\"@type\":\"SearchAction\",\"target\":{\"@type\":\"EntryPoint\",\"urlTemplate\":\"https:\\\/\\\/baranowscy.eu\\\/wordpress\\\/?s={search_term_string}\"},\"query-input\":{\"@type\":\"PropertyValueSpecification\",\"valueRequired\":true,\"valueName\":\"search_term_string\"}}],\"inLanguage\":\"pl-PL\"},{\"@type\":\"Organization\",\"@id\":\"https:\\\/\\\/baranowscy.eu\\\/wordpress\\\/#organization\",\"name\":\"organiczni.eu\",\"url\":\"https:\\\/\\\/baranowscy.eu\\\/wordpress\\\/\",\"logo\":{\"@type\":\"ImageObject\",\"inLanguage\":\"pl-PL\",\"@id\":\"https:\\\/\\\/baranowscy.eu\\\/wordpress\\\/#\\\/schema\\\/logo\\\/image\\\/\",\"url\":\"https:\\\/\\\/baranowscy.eu\\\/wordpress\\\/wp-content\\\/uploads\\\/2018\\\/01\\\/logo_duze.png\",\"contentUrl\":\"https:\\\/\\\/baranowscy.eu\\\/wordpress\\\/wp-content\\\/uploads\\\/2018\\\/01\\\/logo_duze.png\",\"width\":1398,\"height\":300,\"caption\":\"organiczni.eu\"},\"image\":{\"@id\":\"https:\\\/\\\/baranowscy.eu\\\/wordpress\\\/#\\\/schema\\\/logo\\\/image\\\/\"},\"sameAs\":[\"https:\\\/\\\/www.facebook.com\\\/organiczni\\\/\",\"https:\\\/\\\/www.instagram.com\\\/organiczni.eu\\\/\"]},{\"@type\":\"Person\",\"@id\":\"https:\\\/\\\/baranowscy.eu\\\/wordpress\\\/#\\\/schema\\\/person\\\/741d5f1f3fd2833c5ca2ffdaaa93dc73\",\"name\":\"joanna\",\"image\":{\"@type\":\"ImageObject\",\"inLanguage\":\"pl-PL\",\"@id\":\"https:\\\/\\\/secure.gravatar.com\\\/avatar\\\/a59b1be4fa5d200ee0af0ba4bbcdb691da1d589b419bae23d7aa5a15d820e28e?s=96&d=identicon&r=g\",\"url\":\"https:\\\/\\\/secure.gravatar.com\\\/avatar\\\/a59b1be4fa5d200ee0af0ba4bbcdb691da1d589b419bae23d7aa5a15d820e28e?s=96&d=identicon&r=g\",\"contentUrl\":\"https:\\\/\\\/secure.gravatar.com\\\/avatar\\\/a59b1be4fa5d200ee0af0ba4bbcdb691da1d589b419bae23d7aa5a15d820e28e?s=96&d=identicon&r=g\",\"caption\":\"joanna\"},\"sameAs\":[\"https:\\\/\\\/organiczni.baranowscy.eu\"],\"url\":\"https:\\\/\\\/baranowscy.eu\\\/wordpress\\\/author\\\/admin\\\/\"}]}<\/script>\n<!-- \/ Yoast SEO plugin. -->","yoast_head_json":{"title":"Schy\u0142ek w\u0119gla \u2013 czy zdajemy sobie z niego spraw\u0119? - organiczni.eu","description":"Schy\u0142ek w\u0119gla jest bliski. Jego wydobycie jest coraz mniej op\u0142acalne, a i dost\u0119pne zasoby si\u0119 ko\u0144cz\u0105. Kto jednak uwa\u017ca, \u017ce Polska jest gotowa na now\u0105...","robots":{"index":"index","follow":"follow","max-snippet":"max-snippet:-1","max-image-preview":"max-image-preview:large","max-video-preview":"max-video-preview:-1"},"canonical":"https:\/\/baranowscy.eu\/wordpress\/schylek-wegla-czy-zdajemy-sobie-z-niego-sprawe\/","og_locale":"pl_PL","og_type":"article","og_title":"Schy\u0142ek w\u0119gla \u2013 czy zdajemy sobie z niego spraw\u0119? - organiczni.eu","og_description":"Schy\u0142ek w\u0119gla jest bliski. Jego wydobycie jest coraz mniej op\u0142acalne, a i dost\u0119pne zasoby si\u0119 ko\u0144cz\u0105. Kto jednak uwa\u017ca, \u017ce Polska jest gotowa na now\u0105...","og_url":"https:\/\/baranowscy.eu\/wordpress\/schylek-wegla-czy-zdajemy-sobie-z-niego-sprawe\/","og_site_name":"organiczni.eu","article_publisher":"https:\/\/www.facebook.com\/organiczni\/","article_published_time":"2017-11-04T23:15:06+00:00","og_image":[{"width":1366,"height":768,"url":"https:\/\/baranowscy.eu\/wordpress\/wp-content\/uploads\/2017\/11\/schylek_wegla_1.jpg","type":"image\/jpeg"}],"author":"joanna","twitter_card":"summary_large_image","twitter_misc":{"Napisane przez":"joanna","Szacowany czas czytania":"4 minuty"},"schema":{"@context":"https:\/\/schema.org","@graph":[{"@type":"Article","@id":"https:\/\/baranowscy.eu\/wordpress\/schylek-wegla-czy-zdajemy-sobie-z-niego-sprawe\/#article","isPartOf":{"@id":"https:\/\/baranowscy.eu\/wordpress\/schylek-wegla-czy-zdajemy-sobie-z-niego-sprawe\/"},"author":{"name":"joanna","@id":"https:\/\/baranowscy.eu\/wordpress\/#\/schema\/person\/741d5f1f3fd2833c5ca2ffdaaa93dc73"},"headline":"Schy\u0142ek w\u0119gla \u2013 czy zdajemy sobie z niego spraw\u0119?","datePublished":"2017-11-04T23:15:06+00:00","mainEntityOfPage":{"@id":"https:\/\/baranowscy.eu\/wordpress\/schylek-wegla-czy-zdajemy-sobie-z-niego-sprawe\/"},"wordCount":723,"commentCount":10,"publisher":{"@id":"https:\/\/baranowscy.eu\/wordpress\/#organization"},"image":{"@id":"https:\/\/baranowscy.eu\/wordpress\/schylek-wegla-czy-zdajemy-sobie-z-niego-sprawe\/#primaryimage"},"thumbnailUrl":"https:\/\/baranowscy.eu\/wordpress\/wp-content\/uploads\/2017\/11\/schylek_wegla_1.jpg","articleSection":["ekodylematy","s\u0142owo od autora"],"inLanguage":"pl-PL","potentialAction":[{"@type":"CommentAction","name":"Comment","target":["https:\/\/baranowscy.eu\/wordpress\/schylek-wegla-czy-zdajemy-sobie-z-niego-sprawe\/#respond"]}]},{"@type":"WebPage","@id":"https:\/\/baranowscy.eu\/wordpress\/schylek-wegla-czy-zdajemy-sobie-z-niego-sprawe\/","url":"https:\/\/baranowscy.eu\/wordpress\/schylek-wegla-czy-zdajemy-sobie-z-niego-sprawe\/","name":"Schy\u0142ek w\u0119gla \u2013 czy zdajemy sobie z niego spraw\u0119? - organiczni.eu","isPartOf":{"@id":"https:\/\/baranowscy.eu\/wordpress\/#website"},"primaryImageOfPage":{"@id":"https:\/\/baranowscy.eu\/wordpress\/schylek-wegla-czy-zdajemy-sobie-z-niego-sprawe\/#primaryimage"},"image":{"@id":"https:\/\/baranowscy.eu\/wordpress\/schylek-wegla-czy-zdajemy-sobie-z-niego-sprawe\/#primaryimage"},"thumbnailUrl":"https:\/\/baranowscy.eu\/wordpress\/wp-content\/uploads\/2017\/11\/schylek_wegla_1.jpg","datePublished":"2017-11-04T23:15:06+00:00","description":"Schy\u0142ek w\u0119gla jest bliski. Jego wydobycie jest coraz mniej op\u0142acalne, a i dost\u0119pne zasoby si\u0119 ko\u0144cz\u0105. Kto jednak uwa\u017ca, \u017ce Polska jest gotowa na now\u0105...","breadcrumb":{"@id":"https:\/\/baranowscy.eu\/wordpress\/schylek-wegla-czy-zdajemy-sobie-z-niego-sprawe\/#breadcrumb"},"inLanguage":"pl-PL","potentialAction":[{"@type":"ReadAction","target":["https:\/\/baranowscy.eu\/wordpress\/schylek-wegla-czy-zdajemy-sobie-z-niego-sprawe\/"]}]},{"@type":"ImageObject","inLanguage":"pl-PL","@id":"https:\/\/baranowscy.eu\/wordpress\/schylek-wegla-czy-zdajemy-sobie-z-niego-sprawe\/#primaryimage","url":"https:\/\/baranowscy.eu\/wordpress\/wp-content\/uploads\/2017\/11\/schylek_wegla_1.jpg","contentUrl":"https:\/\/baranowscy.eu\/wordpress\/wp-content\/uploads\/2017\/11\/schylek_wegla_1.jpg","width":1366,"height":768,"caption":"\u0179r\u00f3d\u0142a energii w Polsce. Kadr z filmu \u201eSchy\u0142ek w\u0119gla\u201d"},{"@type":"BreadcrumbList","@id":"https:\/\/baranowscy.eu\/wordpress\/schylek-wegla-czy-zdajemy-sobie-z-niego-sprawe\/#breadcrumb","itemListElement":[{"@type":"ListItem","position":1,"name":"Strona g\u0142\u00f3wna","item":"https:\/\/baranowscy.eu\/wordpress\/"},{"@type":"ListItem","position":2,"name":"Schy\u0142ek w\u0119gla \u2013 czy zdajemy sobie z niego spraw\u0119?"}]},{"@type":"WebSite","@id":"https:\/\/baranowscy.eu\/wordpress\/#website","url":"https:\/\/baranowscy.eu\/wordpress\/","name":"organiczni.eu","description":"Najbardziej wszechstronny blog ekologiczny","publisher":{"@id":"https:\/\/baranowscy.eu\/wordpress\/#organization"},"potentialAction":[{"@type":"SearchAction","target":{"@type":"EntryPoint","urlTemplate":"https:\/\/baranowscy.eu\/wordpress\/?s={search_term_string}"},"query-input":{"@type":"PropertyValueSpecification","valueRequired":true,"valueName":"search_term_string"}}],"inLanguage":"pl-PL"},{"@type":"Organization","@id":"https:\/\/baranowscy.eu\/wordpress\/#organization","name":"organiczni.eu","url":"https:\/\/baranowscy.eu\/wordpress\/","logo":{"@type":"ImageObject","inLanguage":"pl-PL","@id":"https:\/\/baranowscy.eu\/wordpress\/#\/schema\/logo\/image\/","url":"https:\/\/baranowscy.eu\/wordpress\/wp-content\/uploads\/2018\/01\/logo_duze.png","contentUrl":"https:\/\/baranowscy.eu\/wordpress\/wp-content\/uploads\/2018\/01\/logo_duze.png","width":1398,"height":300,"caption":"organiczni.eu"},"image":{"@id":"https:\/\/baranowscy.eu\/wordpress\/#\/schema\/logo\/image\/"},"sameAs":["https:\/\/www.facebook.com\/organiczni\/","https:\/\/www.instagram.com\/organiczni.eu\/"]},{"@type":"Person","@id":"https:\/\/baranowscy.eu\/wordpress\/#\/schema\/person\/741d5f1f3fd2833c5ca2ffdaaa93dc73","name":"joanna","image":{"@type":"ImageObject","inLanguage":"pl-PL","@id":"https:\/\/secure.gravatar.com\/avatar\/a59b1be4fa5d200ee0af0ba4bbcdb691da1d589b419bae23d7aa5a15d820e28e?s=96&d=identicon&r=g","url":"https:\/\/secure.gravatar.com\/avatar\/a59b1be4fa5d200ee0af0ba4bbcdb691da1d589b419bae23d7aa5a15d820e28e?s=96&d=identicon&r=g","contentUrl":"https:\/\/secure.gravatar.com\/avatar\/a59b1be4fa5d200ee0af0ba4bbcdb691da1d589b419bae23d7aa5a15d820e28e?s=96&d=identicon&r=g","caption":"joanna"},"sameAs":["https:\/\/organiczni.baranowscy.eu"],"url":"https:\/\/baranowscy.eu\/wordpress\/author\/admin\/"}]}},"jetpack_featured_media_url":"https:\/\/baranowscy.eu\/wordpress\/wp-content\/uploads\/2017\/11\/schylek_wegla_1.jpg","jetpack_sharing_enabled":true,"_links":{"self":[{"href":"https:\/\/baranowscy.eu\/wordpress\/wp-json\/wp\/v2\/posts\/7141","targetHints":{"allow":["GET"]}}],"collection":[{"href":"https:\/\/baranowscy.eu\/wordpress\/wp-json\/wp\/v2\/posts"}],"about":[{"href":"https:\/\/baranowscy.eu\/wordpress\/wp-json\/wp\/v2\/types\/post"}],"author":[{"embeddable":true,"href":"https:\/\/baranowscy.eu\/wordpress\/wp-json\/wp\/v2\/users\/1"}],"replies":[{"embeddable":true,"href":"https:\/\/baranowscy.eu\/wordpress\/wp-json\/wp\/v2\/comments?post=7141"}],"version-history":[{"count":3,"href":"https:\/\/baranowscy.eu\/wordpress\/wp-json\/wp\/v2\/posts\/7141\/revisions"}],"predecessor-version":[{"id":7148,"href":"https:\/\/baranowscy.eu\/wordpress\/wp-json\/wp\/v2\/posts\/7141\/revisions\/7148"}],"wp:featuredmedia":[{"embeddable":true,"href":"https:\/\/baranowscy.eu\/wordpress\/wp-json\/wp\/v2\/media\/7143"}],"wp:attachment":[{"href":"https:\/\/baranowscy.eu\/wordpress\/wp-json\/wp\/v2\/media?parent=7141"}],"wp:term":[{"taxonomy":"category","embeddable":true,"href":"https:\/\/baranowscy.eu\/wordpress\/wp-json\/wp\/v2\/categories?post=7141"},{"taxonomy":"post_tag","embeddable":true,"href":"https:\/\/baranowscy.eu\/wordpress\/wp-json\/wp\/v2\/tags?post=7141"}],"curies":[{"name":"wp","href":"https:\/\/api.w.org\/{rel}","templated":true}]}}