{"id":6969,"date":"2017-09-24T07:52:06","date_gmt":"2017-09-24T05:52:06","guid":{"rendered":"http:\/\/baranowscy.eu\/wordpress\/?p=6969"},"modified":"2017-09-24T15:07:26","modified_gmt":"2017-09-24T13:07:26","slug":"rewolucja-zywieniowa-obejrzyj-i-dolacz","status":"publish","type":"post","link":"https:\/\/baranowscy.eu\/wordpress\/rewolucja-zywieniowa-obejrzyj-i-dolacz\/","title":{"rendered":"Rewolucja \u017cywieniowa \u2013 obejrzyj i do\u0142\u0105cz!"},"content":{"rendered":"<p><strong>Zapraszam Was na pierwszy odcinek serii \u201ePunkt krytyczny\u201d realizowanej w ramach projektu \u201e<a href=\"http:\/\/energiaodnowa.pl\">Energia odNowa<\/a>\u201d koordynowanego przez WWF Polska. Rewolucja \u017cywieniowa, bo ona jest bohaterk\u0105 5-minutowego filmu, ju\u017c si\u0119 dzieje. Dlaczego jest tak wa\u017cna?<\/strong><\/p>\n<p style=\"text-align: left;\">Nawet najmniejsze wybory konsumenckie maj\u0105 globalny wp\u0142yw na nasze otoczenie. Zar\u00f3wno to, co jemy (mi\u0119so, warzywa, towary sprowadzane z drugiej p\u00f3\u0142kuli?), jak i to, w czym jemy (naczynia jednorazowe?). Ka\u017cdy produkt, kt\u00f3ry kupimy w sklepie, musi wcze\u015bniej pokona\u0107 mniejsz\u0105 lub wi\u0119ksz\u0105 odleg\u0142o\u015b\u0107, a wcze\u015bniej \u2013 zosta\u0107 mniej lub bardziej przetworzony.<\/p>\n<figure id=\"attachment_6971\" aria-describedby=\"caption-attachment-6971\" style=\"width: 640px\" class=\"wp-caption aligncenter\"><a href=\"https:\/\/baranowscy.eu\/wordpress\/wp-content\/uploads\/2017\/09\/rewolucja_zywieniowa_1.png\"><img loading=\"lazy\" decoding=\"async\" class=\"wp-image-6971 size-full\" src=\"https:\/\/baranowscy.eu\/wordpress\/wp-content\/uploads\/2017\/09\/rewolucja_zywieniowa_1.png\" alt=\"\u201eRewolucja \u017cywieniowa\u201d, Marcin Doroci\u0144ski\" width=\"640\" height=\"360\" srcset=\"https:\/\/baranowscy.eu\/wordpress\/wp-content\/uploads\/2017\/09\/rewolucja_zywieniowa_1.png 640w, https:\/\/baranowscy.eu\/wordpress\/wp-content\/uploads\/2017\/09\/rewolucja_zywieniowa_1-300x169.png 300w, https:\/\/baranowscy.eu\/wordpress\/wp-content\/uploads\/2017\/09\/rewolucja_zywieniowa_1-600x338.png 600w, https:\/\/baranowscy.eu\/wordpress\/wp-content\/uploads\/2017\/09\/rewolucja_zywieniowa_1-560x315.png 560w\" sizes=\"auto, (max-width: 640px) 100vw, 640px\" \/><\/a><figcaption id=\"caption-attachment-6971\" class=\"wp-caption-text\">\u201eRewolucja \u017cywieniowa\u201d, Marcin Doroci\u0144ski<\/figcaption><\/figure>\n<p><strong>Cz\u0119sto zapominamy, jak wiele energii, wody i czasu potrzeba, \u017ceby\u015bmy mogli zje\u015b\u0107 na przyk\u0142ad pysznego pomidora.<\/strong> Je\u015bli decydujemy si\u0119 na \u015bwie\u017cego pomidora w styczniu czy lutym, pomy\u015blmy najpierw o jego \u015bladzie w\u0119glowym. <strong>Nie ma w\u0105tpliwo\u015bci, \u017ce transport zasilany paliwami kopalnymi jest wsp\u00f3\u0142winny globalnemu ociepleniu.<\/strong> Jako \u015bwiadomi konsumenci musimy wiedzie\u0107, \u017ce dost\u0119p do tych \u015bwie\u017cych pomidor\u00f3w zim\u0105 to nie tyle symbol nowoczesnego, zglobalizowanego \u015bwiata, co przede wszystkim znak ludzkiej niefrasobliwo\u015bci, prowadz\u0105cej do zag\u0142ady.<\/p>\n<p><strong>Obejrzyj:<\/strong><\/p>\n<p><iframe loading=\"lazy\" src=\"https:\/\/www.youtube.com\/embed\/TjLreKn2pwA\" width=\"560\" height=\"315\" frameborder=\"0\" allowfullscreen=\"allowfullscreen\"><\/iframe><\/p>\n<h2><strong>Rewolucja \u017cywieniowa<\/strong><\/h2>\n<p>Zdaj\u0119 sobie spraw\u0119, \u017ce wypracowanie nawyk\u00f3w kupowania \u017cywno\u015bci przede wszystkim lokalnej i sezonowej wymaga pracy nad sob\u0105, a nierzadko nad ca\u0142\u0105 rodzin\u0105. Sama kupuj\u0119 produkty, kt\u00f3re wymagaj\u0105 transportu przez po\u0142ow\u0119 globu (moja mi\u0142o\u015b\u0107 czekolada). <strong>Staram si\u0119 jednak ogranicza\u0107 te zakupy do minimum. Zw\u0142aszcza \u017ce w wersji eko i fair trade s\u0105 po prostu drogie.<\/strong><\/p>\n<figure id=\"attachment_6972\" aria-describedby=\"caption-attachment-6972\" style=\"width: 640px\" class=\"wp-caption aligncenter\"><a href=\"https:\/\/baranowscy.eu\/wordpress\/wp-content\/uploads\/2017\/09\/rewolucja_zywieniowa_2.png\"><img loading=\"lazy\" decoding=\"async\" class=\"size-full wp-image-6972\" src=\"https:\/\/baranowscy.eu\/wordpress\/wp-content\/uploads\/2017\/09\/rewolucja_zywieniowa_2.png\" alt=\"\u201eRewolucja \u017cywieniowa\u201d, Adam Markuszewski\" width=\"640\" height=\"360\" srcset=\"https:\/\/baranowscy.eu\/wordpress\/wp-content\/uploads\/2017\/09\/rewolucja_zywieniowa_2.png 640w, https:\/\/baranowscy.eu\/wordpress\/wp-content\/uploads\/2017\/09\/rewolucja_zywieniowa_2-300x169.png 300w, https:\/\/baranowscy.eu\/wordpress\/wp-content\/uploads\/2017\/09\/rewolucja_zywieniowa_2-600x338.png 600w, https:\/\/baranowscy.eu\/wordpress\/wp-content\/uploads\/2017\/09\/rewolucja_zywieniowa_2-560x315.png 560w\" sizes=\"auto, (max-width: 640px) 100vw, 640px\" \/><\/a><figcaption id=\"caption-attachment-6972\" class=\"wp-caption-text\">\u201eRewolucja \u017cywieniowa\u201d, Adam Markuszewski<\/figcaption><\/figure>\n<p>Jedn\u0105 z inicjatyw na rzecz wspierania lokalnych producent\u00f3w warzyw i owoc\u00f3w, do kt\u00f3rej dok\u0142adam co miesi\u0105c swoj\u0105 ma\u0142\u0105 cegie\u0142k\u0119 i z kt\u00f3rej jestem niebywale dumna, jest nasza warszawska Kooperatywa Spo\u017cywcza \u201eDobrze\u201d. <strong>Nasze dwa sklepy stanowi\u0105 przyk\u0142ad rewolucji \u017cywieniowej, o kt\u00f3rej m\u00f3wi w filmie Marcin Doroci\u0144ski. Zreszt\u0105 m\u00f3wi te\u017c w\u0142a\u015bnie o naszej kooperatywie! (Dodajmy, \u017ce nie jeste\u015bmy kooperatyw\u0105 rolnicz\u0105, a spo\u017cywcz\u0105, w filmie zakrad\u0142 si\u0119 b\u0142\u0105d).<\/strong><\/p>\n<p>Jeste\u015bmy przyk\u0142adem, \u017ce dost\u0119p do lokalnej, sezonowej i zdrowej \u017cywno\u015bci zale\u017cy od woli konsument\u00f3w. To nasze dzia\u0142anie, nasze d\u0105\u017cenie do zmiany wp\u0142ywa na \u015bwiat. Na razie na ma\u0142\u0105 skal\u0119, ale jeste\u015bmy na pocz\u0105tku drogi.<\/p>\n<h2><strong>Punkt krytyczny<\/strong><\/h2>\n<p>Co tydzie\u0144 (od dzi\u015b) pojawi si\u0119 nowy odcinek serii. Zapraszam Was do \u015bledzenia naszego bloga, poniewa\u017c b\u0119dziemy pisa\u0107 o kilku z nich. A je\u015bli jeszcze nie widzieli\u015bcie pe\u0142nometra\u017cowego filmu \u201e<a href=\"https:\/\/www.youtube.com\/watch?v=3UdoSg0RDbA\" target=\"_blank\">Punkt krytyczny. Energia odNowa<\/a>\u201d, bardzo Was zach\u0119cam.<\/p>\n<p><strong>Obejrzeli\u015bcie? Napiszcie, co my\u015blicie! Czy jeste\u015bcie w stanie ograniczy\u0107 swoje zachcianki \u017cywieniowe, aby chroni\u0107 planet\u0119?<\/strong><\/p>\n<p><a href=\"https:\/\/baranowscy.eu\/wordpress\/wp-content\/uploads\/2017\/09\/life.jpg\"><img loading=\"lazy\" decoding=\"async\" class=\"aligncenter wp-image-6974 size-medium\" src=\"https:\/\/baranowscy.eu\/wordpress\/wp-content\/uploads\/2017\/09\/life-300x84.jpg\" alt=\"life\" width=\"300\" height=\"84\" srcset=\"https:\/\/baranowscy.eu\/wordpress\/wp-content\/uploads\/2017\/09\/life-300x84.jpg 300w, https:\/\/baranowscy.eu\/wordpress\/wp-content\/uploads\/2017\/09\/life-600x169.jpg 600w, https:\/\/baranowscy.eu\/wordpress\/wp-content\/uploads\/2017\/09\/life-560x158.jpg 560w, https:\/\/baranowscy.eu\/wordpress\/wp-content\/uploads\/2017\/09\/life.jpg 640w\" sizes=\"auto, (max-width: 300px) 100vw, 300px\" \/><\/a><br \/>\n<a href=\"https:\/\/baranowscy.eu\/wordpress\/wp-content\/uploads\/2017\/09\/NFOS.jpg\"><img loading=\"lazy\" decoding=\"async\" class=\"aligncenter size-medium wp-image-6976\" src=\"https:\/\/baranowscy.eu\/wordpress\/wp-content\/uploads\/2017\/09\/NFOS-300x94.jpg\" alt=\"NFOS\" width=\"300\" height=\"94\" srcset=\"https:\/\/baranowscy.eu\/wordpress\/wp-content\/uploads\/2017\/09\/NFOS-300x94.jpg 300w, https:\/\/baranowscy.eu\/wordpress\/wp-content\/uploads\/2017\/09\/NFOS-600x188.jpg 600w, https:\/\/baranowscy.eu\/wordpress\/wp-content\/uploads\/2017\/09\/NFOS-1024x321.jpg 1024w, https:\/\/baranowscy.eu\/wordpress\/wp-content\/uploads\/2017\/09\/NFOS-560x175.jpg 560w, https:\/\/baranowscy.eu\/wordpress\/wp-content\/uploads\/2017\/09\/NFOS.jpg 1500w\" sizes=\"auto, (max-width: 300px) 100vw, 300px\" \/><\/a><\/p>\n<p style=\"text-align: center;\"><a href=\"https:\/\/baranowscy.eu\/wordpress\/wp-content\/uploads\/2017\/09\/logo.jpg\"><img loading=\"lazy\" decoding=\"async\" class=\"aligncenter size-medium wp-image-6975\" src=\"https:\/\/baranowscy.eu\/wordpress\/wp-content\/uploads\/2017\/09\/logo-300x141.jpg\" alt=\"logo\" width=\"300\" height=\"141\" srcset=\"https:\/\/baranowscy.eu\/wordpress\/wp-content\/uploads\/2017\/09\/logo-300x141.jpg 300w, https:\/\/baranowscy.eu\/wordpress\/wp-content\/uploads\/2017\/09\/logo.jpg 425w\" sizes=\"auto, (max-width: 300px) 100vw, 300px\" \/><\/a><a href=\"http:\/\/www.energiaodnowa.pl\" target=\"_blank\">www.energiaodnowa.pl<\/a><\/p>\n<p style=\"text-align: center;\">\n","protected":false},"excerpt":{"rendered":"<p>Zapraszam Was na pierwszy odcinek serii \u201ePunkt krytyczny\u201d realizowanej w ramach projektu \u201eEnergia odNowa\u201d koordynowanego przez WWF Polska. Rewolucja \u017cywieniowa, bo ona jest bohaterk\u0105 5-minutowego&hellip;<\/p>\n","protected":false},"author":1,"featured_media":6970,"comment_status":"open","ping_status":"open","sticky":false,"template":"","format":"standard","meta":{"_jetpack_memberships_contains_paid_content":false,"footnotes":""},"categories":[17],"tags":[1290,375,203,1289,1291,1287,1145,1288],"class_list":["post-6969","post","type-post","status-publish","format-standard","has-post-thumbnail","hentry","category-o-jedzeniu","tag-energia-odnowa","tag-kooperatywa-dobrze","tag-kooperatywa-spozywcza","tag-marcin-dorocinski","tag-punkt-krytyczny","tag-rewolucja-zywieniowa","tag-wideo","tag-wwf"],"yoast_head":"<!-- This site is optimized with the Yoast SEO plugin v27.4 - https:\/\/yoast.com\/product\/yoast-seo-wordpress\/ -->\n<title>Rewolucja \u017cywieniowa \u2013 obejrzyj i do\u0142\u0105cz! - organiczni.eu<\/title>\n<meta name=\"description\" content=\"Czym jest rewolucja \u017cywieniowa? Zapraszam Was na pierwszy odcinek serii \u201ePunkt krytyczny\u201d realizowanej w ramach projektu \u201eEnergia odnowa\u201d.\" \/>\n<meta name=\"robots\" content=\"index, follow, max-snippet:-1, max-image-preview:large, max-video-preview:-1\" \/>\n<link rel=\"canonical\" href=\"https:\/\/baranowscy.eu\/wordpress\/rewolucja-zywieniowa-obejrzyj-i-dolacz\/\" \/>\n<meta property=\"og:locale\" content=\"pl_PL\" \/>\n<meta property=\"og:type\" content=\"article\" \/>\n<meta property=\"og:title\" content=\"Rewolucja \u017cywieniowa \u2013 obejrzyj i do\u0142\u0105cz! - organiczni.eu\" \/>\n<meta property=\"og:description\" content=\"Czym jest rewolucja \u017cywieniowa? Zapraszam Was na pierwszy odcinek serii \u201ePunkt krytyczny\u201d realizowanej w ramach projektu \u201eEnergia odnowa\u201d.\" \/>\n<meta property=\"og:url\" content=\"https:\/\/baranowscy.eu\/wordpress\/rewolucja-zywieniowa-obejrzyj-i-dolacz\/\" \/>\n<meta property=\"og:site_name\" content=\"organiczni.eu\" \/>\n<meta property=\"article:publisher\" content=\"https:\/\/www.facebook.com\/organiczni\/\" \/>\n<meta property=\"article:published_time\" content=\"2017-09-24T05:52:06+00:00\" \/>\n<meta property=\"article:modified_time\" content=\"2017-09-24T13:07:26+00:00\" \/>\n<meta property=\"og:image\" content=\"https:\/\/baranowscy.eu\/wordpress\/wp-content\/uploads\/2017\/09\/rewolucja_zywieniowa_0.png\" \/>\n\t<meta property=\"og:image:width\" content=\"1200\" \/>\n\t<meta property=\"og:image:height\" content=\"628\" \/>\n\t<meta property=\"og:image:type\" content=\"image\/png\" \/>\n<meta name=\"author\" content=\"joanna\" \/>\n<meta name=\"twitter:card\" content=\"summary_large_image\" \/>\n<meta name=\"twitter:label1\" content=\"Napisane przez\" \/>\n\t<meta name=\"twitter:data1\" content=\"joanna\" \/>\n\t<meta name=\"twitter:label2\" content=\"Szacowany czas czytania\" \/>\n\t<meta name=\"twitter:data2\" content=\"2 minuty\" \/>\n<script type=\"application\/ld+json\" class=\"yoast-schema-graph\">{\"@context\":\"https:\\\/\\\/schema.org\",\"@graph\":[{\"@type\":\"Article\",\"@id\":\"https:\\\/\\\/baranowscy.eu\\\/wordpress\\\/rewolucja-zywieniowa-obejrzyj-i-dolacz\\\/#article\",\"isPartOf\":{\"@id\":\"https:\\\/\\\/baranowscy.eu\\\/wordpress\\\/rewolucja-zywieniowa-obejrzyj-i-dolacz\\\/\"},\"author\":{\"name\":\"joanna\",\"@id\":\"https:\\\/\\\/baranowscy.eu\\\/wordpress\\\/#\\\/schema\\\/person\\\/741d5f1f3fd2833c5ca2ffdaaa93dc73\"},\"headline\":\"Rewolucja \u017cywieniowa \u2013 obejrzyj i do\u0142\u0105cz!\",\"datePublished\":\"2017-09-24T05:52:06+00:00\",\"dateModified\":\"2017-09-24T13:07:26+00:00\",\"mainEntityOfPage\":{\"@id\":\"https:\\\/\\\/baranowscy.eu\\\/wordpress\\\/rewolucja-zywieniowa-obejrzyj-i-dolacz\\\/\"},\"wordCount\":466,\"commentCount\":12,\"publisher\":{\"@id\":\"https:\\\/\\\/baranowscy.eu\\\/wordpress\\\/#organization\"},\"image\":{\"@id\":\"https:\\\/\\\/baranowscy.eu\\\/wordpress\\\/rewolucja-zywieniowa-obejrzyj-i-dolacz\\\/#primaryimage\"},\"thumbnailUrl\":\"https:\\\/\\\/baranowscy.eu\\\/wordpress\\\/wp-content\\\/uploads\\\/2017\\\/09\\\/rewolucja_zywieniowa_0.png\",\"keywords\":[\"Energia odNowa\",\"Kooperatywa Dobrze\",\"kooperatywa spo\u017cywcza\",\"Marcin Doroci\u0144ski\",\"punkt krytyczny\",\"rewolucja \u017cywieniowa\",\"wideo\",\"WWF\"],\"articleSection\":[\"o jedzeniu\"],\"inLanguage\":\"pl-PL\",\"potentialAction\":[{\"@type\":\"CommentAction\",\"name\":\"Comment\",\"target\":[\"https:\\\/\\\/baranowscy.eu\\\/wordpress\\\/rewolucja-zywieniowa-obejrzyj-i-dolacz\\\/#respond\"]}]},{\"@type\":\"WebPage\",\"@id\":\"https:\\\/\\\/baranowscy.eu\\\/wordpress\\\/rewolucja-zywieniowa-obejrzyj-i-dolacz\\\/\",\"url\":\"https:\\\/\\\/baranowscy.eu\\\/wordpress\\\/rewolucja-zywieniowa-obejrzyj-i-dolacz\\\/\",\"name\":\"Rewolucja \u017cywieniowa \u2013 obejrzyj i do\u0142\u0105cz! - organiczni.eu\",\"isPartOf\":{\"@id\":\"https:\\\/\\\/baranowscy.eu\\\/wordpress\\\/#website\"},\"primaryImageOfPage\":{\"@id\":\"https:\\\/\\\/baranowscy.eu\\\/wordpress\\\/rewolucja-zywieniowa-obejrzyj-i-dolacz\\\/#primaryimage\"},\"image\":{\"@id\":\"https:\\\/\\\/baranowscy.eu\\\/wordpress\\\/rewolucja-zywieniowa-obejrzyj-i-dolacz\\\/#primaryimage\"},\"thumbnailUrl\":\"https:\\\/\\\/baranowscy.eu\\\/wordpress\\\/wp-content\\\/uploads\\\/2017\\\/09\\\/rewolucja_zywieniowa_0.png\",\"datePublished\":\"2017-09-24T05:52:06+00:00\",\"dateModified\":\"2017-09-24T13:07:26+00:00\",\"description\":\"Czym jest rewolucja \u017cywieniowa? Zapraszam Was na pierwszy odcinek serii \u201ePunkt krytyczny\u201d realizowanej w ramach projektu \u201eEnergia odnowa\u201d.\",\"breadcrumb\":{\"@id\":\"https:\\\/\\\/baranowscy.eu\\\/wordpress\\\/rewolucja-zywieniowa-obejrzyj-i-dolacz\\\/#breadcrumb\"},\"inLanguage\":\"pl-PL\",\"potentialAction\":[{\"@type\":\"ReadAction\",\"target\":[\"https:\\\/\\\/baranowscy.eu\\\/wordpress\\\/rewolucja-zywieniowa-obejrzyj-i-dolacz\\\/\"]}]},{\"@type\":\"ImageObject\",\"inLanguage\":\"pl-PL\",\"@id\":\"https:\\\/\\\/baranowscy.eu\\\/wordpress\\\/rewolucja-zywieniowa-obejrzyj-i-dolacz\\\/#primaryimage\",\"url\":\"https:\\\/\\\/baranowscy.eu\\\/wordpress\\\/wp-content\\\/uploads\\\/2017\\\/09\\\/rewolucja_zywieniowa_0.png\",\"contentUrl\":\"https:\\\/\\\/baranowscy.eu\\\/wordpress\\\/wp-content\\\/uploads\\\/2017\\\/09\\\/rewolucja_zywieniowa_0.png\",\"width\":1200,\"height\":628},{\"@type\":\"BreadcrumbList\",\"@id\":\"https:\\\/\\\/baranowscy.eu\\\/wordpress\\\/rewolucja-zywieniowa-obejrzyj-i-dolacz\\\/#breadcrumb\",\"itemListElement\":[{\"@type\":\"ListItem\",\"position\":1,\"name\":\"Strona g\u0142\u00f3wna\",\"item\":\"https:\\\/\\\/baranowscy.eu\\\/wordpress\\\/\"},{\"@type\":\"ListItem\",\"position\":2,\"name\":\"Rewolucja \u017cywieniowa \u2013 obejrzyj i do\u0142\u0105cz!\"}]},{\"@type\":\"WebSite\",\"@id\":\"https:\\\/\\\/baranowscy.eu\\\/wordpress\\\/#website\",\"url\":\"https:\\\/\\\/baranowscy.eu\\\/wordpress\\\/\",\"name\":\"organiczni.eu\",\"description\":\"Najbardziej wszechstronny blog ekologiczny\",\"publisher\":{\"@id\":\"https:\\\/\\\/baranowscy.eu\\\/wordpress\\\/#organization\"},\"potentialAction\":[{\"@type\":\"SearchAction\",\"target\":{\"@type\":\"EntryPoint\",\"urlTemplate\":\"https:\\\/\\\/baranowscy.eu\\\/wordpress\\\/?s={search_term_string}\"},\"query-input\":{\"@type\":\"PropertyValueSpecification\",\"valueRequired\":true,\"valueName\":\"search_term_string\"}}],\"inLanguage\":\"pl-PL\"},{\"@type\":\"Organization\",\"@id\":\"https:\\\/\\\/baranowscy.eu\\\/wordpress\\\/#organization\",\"name\":\"organiczni.eu\",\"url\":\"https:\\\/\\\/baranowscy.eu\\\/wordpress\\\/\",\"logo\":{\"@type\":\"ImageObject\",\"inLanguage\":\"pl-PL\",\"@id\":\"https:\\\/\\\/baranowscy.eu\\\/wordpress\\\/#\\\/schema\\\/logo\\\/image\\\/\",\"url\":\"https:\\\/\\\/baranowscy.eu\\\/wordpress\\\/wp-content\\\/uploads\\\/2018\\\/01\\\/logo_duze.png\",\"contentUrl\":\"https:\\\/\\\/baranowscy.eu\\\/wordpress\\\/wp-content\\\/uploads\\\/2018\\\/01\\\/logo_duze.png\",\"width\":1398,\"height\":300,\"caption\":\"organiczni.eu\"},\"image\":{\"@id\":\"https:\\\/\\\/baranowscy.eu\\\/wordpress\\\/#\\\/schema\\\/logo\\\/image\\\/\"},\"sameAs\":[\"https:\\\/\\\/www.facebook.com\\\/organiczni\\\/\",\"https:\\\/\\\/www.instagram.com\\\/organiczni.eu\\\/\"]},{\"@type\":\"Person\",\"@id\":\"https:\\\/\\\/baranowscy.eu\\\/wordpress\\\/#\\\/schema\\\/person\\\/741d5f1f3fd2833c5ca2ffdaaa93dc73\",\"name\":\"joanna\",\"image\":{\"@type\":\"ImageObject\",\"inLanguage\":\"pl-PL\",\"@id\":\"https:\\\/\\\/secure.gravatar.com\\\/avatar\\\/a59b1be4fa5d200ee0af0ba4bbcdb691da1d589b419bae23d7aa5a15d820e28e?s=96&d=identicon&r=g\",\"url\":\"https:\\\/\\\/secure.gravatar.com\\\/avatar\\\/a59b1be4fa5d200ee0af0ba4bbcdb691da1d589b419bae23d7aa5a15d820e28e?s=96&d=identicon&r=g\",\"contentUrl\":\"https:\\\/\\\/secure.gravatar.com\\\/avatar\\\/a59b1be4fa5d200ee0af0ba4bbcdb691da1d589b419bae23d7aa5a15d820e28e?s=96&d=identicon&r=g\",\"caption\":\"joanna\"},\"sameAs\":[\"https:\\\/\\\/organiczni.baranowscy.eu\"],\"url\":\"https:\\\/\\\/baranowscy.eu\\\/wordpress\\\/author\\\/admin\\\/\"}]}<\/script>\n<!-- \/ Yoast SEO plugin. -->","yoast_head_json":{"title":"Rewolucja \u017cywieniowa \u2013 obejrzyj i do\u0142\u0105cz! - organiczni.eu","description":"Czym jest rewolucja \u017cywieniowa? Zapraszam Was na pierwszy odcinek serii \u201ePunkt krytyczny\u201d realizowanej w ramach projektu \u201eEnergia odnowa\u201d.","robots":{"index":"index","follow":"follow","max-snippet":"max-snippet:-1","max-image-preview":"max-image-preview:large","max-video-preview":"max-video-preview:-1"},"canonical":"https:\/\/baranowscy.eu\/wordpress\/rewolucja-zywieniowa-obejrzyj-i-dolacz\/","og_locale":"pl_PL","og_type":"article","og_title":"Rewolucja \u017cywieniowa \u2013 obejrzyj i do\u0142\u0105cz! - organiczni.eu","og_description":"Czym jest rewolucja \u017cywieniowa? Zapraszam Was na pierwszy odcinek serii \u201ePunkt krytyczny\u201d realizowanej w ramach projektu \u201eEnergia odnowa\u201d.","og_url":"https:\/\/baranowscy.eu\/wordpress\/rewolucja-zywieniowa-obejrzyj-i-dolacz\/","og_site_name":"organiczni.eu","article_publisher":"https:\/\/www.facebook.com\/organiczni\/","article_published_time":"2017-09-24T05:52:06+00:00","article_modified_time":"2017-09-24T13:07:26+00:00","og_image":[{"width":1200,"height":628,"url":"https:\/\/baranowscy.eu\/wordpress\/wp-content\/uploads\/2017\/09\/rewolucja_zywieniowa_0.png","type":"image\/png"}],"author":"joanna","twitter_card":"summary_large_image","twitter_misc":{"Napisane przez":"joanna","Szacowany czas czytania":"2 minuty"},"schema":{"@context":"https:\/\/schema.org","@graph":[{"@type":"Article","@id":"https:\/\/baranowscy.eu\/wordpress\/rewolucja-zywieniowa-obejrzyj-i-dolacz\/#article","isPartOf":{"@id":"https:\/\/baranowscy.eu\/wordpress\/rewolucja-zywieniowa-obejrzyj-i-dolacz\/"},"author":{"name":"joanna","@id":"https:\/\/baranowscy.eu\/wordpress\/#\/schema\/person\/741d5f1f3fd2833c5ca2ffdaaa93dc73"},"headline":"Rewolucja \u017cywieniowa \u2013 obejrzyj i do\u0142\u0105cz!","datePublished":"2017-09-24T05:52:06+00:00","dateModified":"2017-09-24T13:07:26+00:00","mainEntityOfPage":{"@id":"https:\/\/baranowscy.eu\/wordpress\/rewolucja-zywieniowa-obejrzyj-i-dolacz\/"},"wordCount":466,"commentCount":12,"publisher":{"@id":"https:\/\/baranowscy.eu\/wordpress\/#organization"},"image":{"@id":"https:\/\/baranowscy.eu\/wordpress\/rewolucja-zywieniowa-obejrzyj-i-dolacz\/#primaryimage"},"thumbnailUrl":"https:\/\/baranowscy.eu\/wordpress\/wp-content\/uploads\/2017\/09\/rewolucja_zywieniowa_0.png","keywords":["Energia odNowa","Kooperatywa Dobrze","kooperatywa spo\u017cywcza","Marcin Doroci\u0144ski","punkt krytyczny","rewolucja \u017cywieniowa","wideo","WWF"],"articleSection":["o jedzeniu"],"inLanguage":"pl-PL","potentialAction":[{"@type":"CommentAction","name":"Comment","target":["https:\/\/baranowscy.eu\/wordpress\/rewolucja-zywieniowa-obejrzyj-i-dolacz\/#respond"]}]},{"@type":"WebPage","@id":"https:\/\/baranowscy.eu\/wordpress\/rewolucja-zywieniowa-obejrzyj-i-dolacz\/","url":"https:\/\/baranowscy.eu\/wordpress\/rewolucja-zywieniowa-obejrzyj-i-dolacz\/","name":"Rewolucja \u017cywieniowa \u2013 obejrzyj i do\u0142\u0105cz! - organiczni.eu","isPartOf":{"@id":"https:\/\/baranowscy.eu\/wordpress\/#website"},"primaryImageOfPage":{"@id":"https:\/\/baranowscy.eu\/wordpress\/rewolucja-zywieniowa-obejrzyj-i-dolacz\/#primaryimage"},"image":{"@id":"https:\/\/baranowscy.eu\/wordpress\/rewolucja-zywieniowa-obejrzyj-i-dolacz\/#primaryimage"},"thumbnailUrl":"https:\/\/baranowscy.eu\/wordpress\/wp-content\/uploads\/2017\/09\/rewolucja_zywieniowa_0.png","datePublished":"2017-09-24T05:52:06+00:00","dateModified":"2017-09-24T13:07:26+00:00","description":"Czym jest rewolucja \u017cywieniowa? Zapraszam Was na pierwszy odcinek serii \u201ePunkt krytyczny\u201d realizowanej w ramach projektu \u201eEnergia odnowa\u201d.","breadcrumb":{"@id":"https:\/\/baranowscy.eu\/wordpress\/rewolucja-zywieniowa-obejrzyj-i-dolacz\/#breadcrumb"},"inLanguage":"pl-PL","potentialAction":[{"@type":"ReadAction","target":["https:\/\/baranowscy.eu\/wordpress\/rewolucja-zywieniowa-obejrzyj-i-dolacz\/"]}]},{"@type":"ImageObject","inLanguage":"pl-PL","@id":"https:\/\/baranowscy.eu\/wordpress\/rewolucja-zywieniowa-obejrzyj-i-dolacz\/#primaryimage","url":"https:\/\/baranowscy.eu\/wordpress\/wp-content\/uploads\/2017\/09\/rewolucja_zywieniowa_0.png","contentUrl":"https:\/\/baranowscy.eu\/wordpress\/wp-content\/uploads\/2017\/09\/rewolucja_zywieniowa_0.png","width":1200,"height":628},{"@type":"BreadcrumbList","@id":"https:\/\/baranowscy.eu\/wordpress\/rewolucja-zywieniowa-obejrzyj-i-dolacz\/#breadcrumb","itemListElement":[{"@type":"ListItem","position":1,"name":"Strona g\u0142\u00f3wna","item":"https:\/\/baranowscy.eu\/wordpress\/"},{"@type":"ListItem","position":2,"name":"Rewolucja \u017cywieniowa \u2013 obejrzyj i do\u0142\u0105cz!"}]},{"@type":"WebSite","@id":"https:\/\/baranowscy.eu\/wordpress\/#website","url":"https:\/\/baranowscy.eu\/wordpress\/","name":"organiczni.eu","description":"Najbardziej wszechstronny blog ekologiczny","publisher":{"@id":"https:\/\/baranowscy.eu\/wordpress\/#organization"},"potentialAction":[{"@type":"SearchAction","target":{"@type":"EntryPoint","urlTemplate":"https:\/\/baranowscy.eu\/wordpress\/?s={search_term_string}"},"query-input":{"@type":"PropertyValueSpecification","valueRequired":true,"valueName":"search_term_string"}}],"inLanguage":"pl-PL"},{"@type":"Organization","@id":"https:\/\/baranowscy.eu\/wordpress\/#organization","name":"organiczni.eu","url":"https:\/\/baranowscy.eu\/wordpress\/","logo":{"@type":"ImageObject","inLanguage":"pl-PL","@id":"https:\/\/baranowscy.eu\/wordpress\/#\/schema\/logo\/image\/","url":"https:\/\/baranowscy.eu\/wordpress\/wp-content\/uploads\/2018\/01\/logo_duze.png","contentUrl":"https:\/\/baranowscy.eu\/wordpress\/wp-content\/uploads\/2018\/01\/logo_duze.png","width":1398,"height":300,"caption":"organiczni.eu"},"image":{"@id":"https:\/\/baranowscy.eu\/wordpress\/#\/schema\/logo\/image\/"},"sameAs":["https:\/\/www.facebook.com\/organiczni\/","https:\/\/www.instagram.com\/organiczni.eu\/"]},{"@type":"Person","@id":"https:\/\/baranowscy.eu\/wordpress\/#\/schema\/person\/741d5f1f3fd2833c5ca2ffdaaa93dc73","name":"joanna","image":{"@type":"ImageObject","inLanguage":"pl-PL","@id":"https:\/\/secure.gravatar.com\/avatar\/a59b1be4fa5d200ee0af0ba4bbcdb691da1d589b419bae23d7aa5a15d820e28e?s=96&d=identicon&r=g","url":"https:\/\/secure.gravatar.com\/avatar\/a59b1be4fa5d200ee0af0ba4bbcdb691da1d589b419bae23d7aa5a15d820e28e?s=96&d=identicon&r=g","contentUrl":"https:\/\/secure.gravatar.com\/avatar\/a59b1be4fa5d200ee0af0ba4bbcdb691da1d589b419bae23d7aa5a15d820e28e?s=96&d=identicon&r=g","caption":"joanna"},"sameAs":["https:\/\/organiczni.baranowscy.eu"],"url":"https:\/\/baranowscy.eu\/wordpress\/author\/admin\/"}]}},"jetpack_featured_media_url":"https:\/\/baranowscy.eu\/wordpress\/wp-content\/uploads\/2017\/09\/rewolucja_zywieniowa_0.png","jetpack_sharing_enabled":true,"_links":{"self":[{"href":"https:\/\/baranowscy.eu\/wordpress\/wp-json\/wp\/v2\/posts\/6969","targetHints":{"allow":["GET"]}}],"collection":[{"href":"https:\/\/baranowscy.eu\/wordpress\/wp-json\/wp\/v2\/posts"}],"about":[{"href":"https:\/\/baranowscy.eu\/wordpress\/wp-json\/wp\/v2\/types\/post"}],"author":[{"embeddable":true,"href":"https:\/\/baranowscy.eu\/wordpress\/wp-json\/wp\/v2\/users\/1"}],"replies":[{"embeddable":true,"href":"https:\/\/baranowscy.eu\/wordpress\/wp-json\/wp\/v2\/comments?post=6969"}],"version-history":[{"count":6,"href":"https:\/\/baranowscy.eu\/wordpress\/wp-json\/wp\/v2\/posts\/6969\/revisions"}],"predecessor-version":[{"id":6981,"href":"https:\/\/baranowscy.eu\/wordpress\/wp-json\/wp\/v2\/posts\/6969\/revisions\/6981"}],"wp:featuredmedia":[{"embeddable":true,"href":"https:\/\/baranowscy.eu\/wordpress\/wp-json\/wp\/v2\/media\/6970"}],"wp:attachment":[{"href":"https:\/\/baranowscy.eu\/wordpress\/wp-json\/wp\/v2\/media?parent=6969"}],"wp:term":[{"taxonomy":"category","embeddable":true,"href":"https:\/\/baranowscy.eu\/wordpress\/wp-json\/wp\/v2\/categories?post=6969"},{"taxonomy":"post_tag","embeddable":true,"href":"https:\/\/baranowscy.eu\/wordpress\/wp-json\/wp\/v2\/tags?post=6969"}],"curies":[{"name":"wp","href":"https:\/\/api.w.org\/{rel}","templated":true}]}}