{"id":69,"date":"2013-02-12T19:46:46","date_gmt":"2013-02-12T18:46:46","guid":{"rendered":"http:\/\/baranowscy.eu\/wordpress\/?p=69"},"modified":"2022-10-09T16:35:44","modified_gmt":"2022-10-09T14:35:44","slug":"o-dobrym-chlebie","status":"publish","type":"post","link":"https:\/\/baranowscy.eu\/wordpress\/o-dobrym-chlebie\/","title":{"rendered":"O dobrym chlebie"},"content":{"rendered":"<p>Pieczenie chleba to kolejne wyzwanie, do kt\u00f3rego si\u0119 przymierzam. Na szcz\u0119\u015bcie nie jeste\u015bmy bezglutenowi, w przeciwnym wypadku by\u0142by to dla nas koniec \u015bwiata (wiem, wiem, \u017ce s\u0105 ludzie, kt\u00f3rzy \u017cyj\u0105 bez glutenu i&#8230; \u017cyj\u0105). Chleb to podstawa &#8211; dlatego musi by\u0107 wysokiej jako\u015bci, o czym bardzo \u0142atwo <span style=\"font-size: 1em;\">zapominamy<\/span><span style=\"line-height: 1.5em; font-size: 1em;\">. <\/span><\/p>\n<p><span style=\"line-height: 1.5em; font-size: 1em;\">Dzi\u015b zakupy w zwyk\u0142ej piekarni to wyb\u00f3r mi\u0119dzy z\u0142ym a jeszcze gorszym. Bia\u0142e pieczywo kusi zapachem, s\u0142odkie bu\u0142ki a\u017c si\u0119 prosz\u0105 o zjedzenie, dro\u017cd\u017c\u00f3wki i p\u0105czki ociekaj\u0105 lukrem&#8230; Nawet gdy wiemy, \u017ce bia\u0142a m\u0105ka jest bezwarto\u015bciowa, a wr\u0119cz szkodliwa (produkt rafinowany, wysoki indeks glikemiczny, brak witamin itd.), i tak trudno oprze\u0107 si\u0119 pokusie&#8230;\u00a0<\/span><\/p>\n<p>Nie musz\u0119 chyba m\u00f3wi\u0107 (a mo\u017ce musz\u0119?), \u017ce trzeba pyta\u0107 i sprawdza\u0107, jaki sk\u0142ad ma chleb. Czy zawiera cukier, dro\u017cd\u017ce, czy jest s\u0142odzony np. karmelem czy s\u0142odem j\u0119czmiennym, czy zawiera mleko &#8211; gdy kto\u015b jest na diecie bezmlecznej, mo\u017ce nie\u015bwiadomie spo\u017cywa\u0107 nabia\u0142 w chlebie&#8230; <strong>Najzdrowszy chleb jest z m\u0105ki razowej \u017cytniej, na zakwasie, bez ulepszaczy, dro\u017cd\u017cy, cukru i innych zupe\u0142nie zb\u0119dnych dodatk\u00f3w.<\/strong><\/p>\n<p><a href=\"https:\/\/baranowscy.eu\/wordpress\/wp-content\/uploads\/2013\/02\/chleb_1.jpg\"><img loading=\"lazy\" decoding=\"async\" class=\"alignnone size-full wp-image-70\" alt=\"chleb_1\" src=\"https:\/\/baranowscy.eu\/wordpress\/wp-content\/uploads\/2013\/02\/chleb_1.jpg\" width=\"640\" height=\"350\" srcset=\"https:\/\/baranowscy.eu\/wordpress\/wp-content\/uploads\/2013\/02\/chleb_1.jpg 640w, https:\/\/baranowscy.eu\/wordpress\/wp-content\/uploads\/2013\/02\/chleb_1-300x164.jpg 300w, https:\/\/baranowscy.eu\/wordpress\/wp-content\/uploads\/2013\/02\/chleb_1-600x328.jpg 600w\" sizes=\"auto, (max-width: 640px) 100vw, 640px\" \/><\/a><\/p>\n<p>Dlatego zabieram si\u0119 powoli za przepis Justyny:<\/p>\n<p><strong>Zakwas:<\/strong><\/p>\n<ul>\n<li><span style=\"line-height: 1.5em; font-size: 1em;\">m\u0105ka \u017cytnia razowa,<\/span><\/li>\n<li>woda.<\/li>\n<\/ul>\n<p>Zmiesza\u0107 po 100 g m\u0105ki i wody (ja da\u0142am mniej wody), odstawi\u0107 na jeden dzie\u0144 w ciep\u0142e miejsce. nast\u0119pnego dnia, a tak\u017ce trzeciego i czwartego, dodawa\u0107 po 50 g jednego i drugiego. Pi\u0105tego dnia wsadzi\u0107 do lod\u00f3wki i od\u017cywia\u0107 raz w tygodniu wod\u0105 i m\u0105k\u0105.<\/p>\n<p><strong>Chleb:<\/strong><\/p>\n<ul>\n<li><span style=\"font-size: 1em; line-height: 25px;\">500 g m\u0105ki (\u017cytniej razowej lub mieszanej, ekologicznej),<\/span><\/li>\n<li><span style=\"font-size: 1em;\">300 ml wody (oko\u0142o, im wi\u0119cej m\u0105ki razowej, tym wi\u0119cej wody),<\/span><\/li>\n<li><span style=\"font-size: 1em;\">6-8 \u0142y\u017cek zakwasu,<\/span><\/li>\n<li>\u0142y\u017cka soli.<\/li>\n<\/ul>\n<p>Zagnie\u015b\u0107 ciasto i odstawi\u0107 je na kilka godzin.\u00a0Mo\u017cna oczywi\u015bcie doda\u0107 do ciasta pestki dyni czy s\u0142onecznika, wed\u0142ug uznania.<\/p>\n<p>Co do samego pieczenia, znalaz\u0142am r\u00f3\u017cne porady, najpopularniejsze jest wstawienie chleba na blasze do nagrzanego piekarnika (250 st. C) na 15 min, potem nale\u017cy przykr\u0119ci\u0107 temperatur\u0119 do 230 st. C i piec jeszcze 25 min.<\/p>\n<p>Czekam na Wasze przepisy!<\/p>\n<div><\/div>\n","protected":false},"excerpt":{"rendered":"<p>Pieczenie chleba to kolejne wyzwanie, do kt\u00f3rego si\u0119 przymierzam. Na szcz\u0119\u015bcie nie jeste\u015bmy bezglutenowi, w przeciwnym wypadku by\u0142by to dla nas koniec \u015bwiata (wiem, wiem,&hellip;<\/p>\n","protected":false},"author":1,"featured_media":70,"comment_status":"open","ping_status":"open","sticky":false,"template":"","format":"standard","meta":{"_jetpack_memberships_contains_paid_content":false,"footnotes":""},"categories":[1786,17,3],"tags":[18,39,14,1336,33],"class_list":["post-69","post","type-post","status-publish","format-standard","has-post-thumbnail","hentry","category-archiwum","category-o-jedzeniu","category-przepisy","tag-chleb","tag-danie-wegetarianskie","tag-dieta","tag-przepisy","tag-zywnosc-ekologiczna"],"yoast_head":"<!-- This site is optimized with the Yoast SEO plugin v27.4 - https:\/\/yoast.com\/product\/yoast-seo-wordpress\/ -->\n<title>O dobrym chlebie - organiczni.eu<\/title>\n<meta name=\"robots\" content=\"index, follow, max-snippet:-1, max-image-preview:large, max-video-preview:-1\" \/>\n<link rel=\"canonical\" href=\"https:\/\/baranowscy.eu\/wordpress\/o-dobrym-chlebie\/\" \/>\n<meta property=\"og:locale\" content=\"pl_PL\" \/>\n<meta property=\"og:type\" content=\"article\" \/>\n<meta property=\"og:title\" content=\"O dobrym chlebie - organiczni.eu\" \/>\n<meta property=\"og:description\" content=\"Pieczenie chleba to kolejne wyzwanie, do kt\u00f3rego si\u0119 przymierzam. Na szcz\u0119\u015bcie nie jeste\u015bmy bezglutenowi, w przeciwnym wypadku by\u0142by to dla nas koniec \u015bwiata (wiem, wiem,&hellip;\" \/>\n<meta property=\"og:url\" content=\"https:\/\/baranowscy.eu\/wordpress\/o-dobrym-chlebie\/\" \/>\n<meta property=\"og:site_name\" content=\"organiczni.eu\" \/>\n<meta property=\"article:publisher\" content=\"https:\/\/www.facebook.com\/organiczni\/\" \/>\n<meta property=\"article:published_time\" content=\"2013-02-12T18:46:46+00:00\" \/>\n<meta property=\"article:modified_time\" content=\"2022-10-09T14:35:44+00:00\" \/>\n<meta property=\"og:image\" content=\"https:\/\/baranowscy.eu\/wordpress\/wp-content\/uploads\/2013\/02\/chleb_1.jpg\" \/>\n\t<meta property=\"og:image:width\" content=\"640\" \/>\n\t<meta property=\"og:image:height\" content=\"350\" \/>\n\t<meta property=\"og:image:type\" content=\"image\/jpeg\" \/>\n<meta name=\"author\" content=\"joanna\" \/>\n<meta name=\"twitter:card\" content=\"summary_large_image\" \/>\n<meta name=\"twitter:label1\" content=\"Napisane przez\" \/>\n\t<meta name=\"twitter:data1\" content=\"joanna\" \/>\n\t<meta name=\"twitter:label2\" content=\"Szacowany czas czytania\" \/>\n\t<meta name=\"twitter:data2\" content=\"2 minuty\" \/>\n<script type=\"application\/ld+json\" class=\"yoast-schema-graph\">{\"@context\":\"https:\\\/\\\/schema.org\",\"@graph\":[{\"@type\":\"Article\",\"@id\":\"https:\\\/\\\/baranowscy.eu\\\/wordpress\\\/o-dobrym-chlebie\\\/#article\",\"isPartOf\":{\"@id\":\"https:\\\/\\\/baranowscy.eu\\\/wordpress\\\/o-dobrym-chlebie\\\/\"},\"author\":{\"name\":\"joanna\",\"@id\":\"https:\\\/\\\/baranowscy.eu\\\/wordpress\\\/#\\\/schema\\\/person\\\/741d5f1f3fd2833c5ca2ffdaaa93dc73\"},\"headline\":\"O dobrym chlebie\",\"datePublished\":\"2013-02-12T18:46:46+00:00\",\"dateModified\":\"2022-10-09T14:35:44+00:00\",\"mainEntityOfPage\":{\"@id\":\"https:\\\/\\\/baranowscy.eu\\\/wordpress\\\/o-dobrym-chlebie\\\/\"},\"wordCount\":360,\"commentCount\":7,\"publisher\":{\"@id\":\"https:\\\/\\\/baranowscy.eu\\\/wordpress\\\/#organization\"},\"image\":{\"@id\":\"https:\\\/\\\/baranowscy.eu\\\/wordpress\\\/o-dobrym-chlebie\\\/#primaryimage\"},\"thumbnailUrl\":\"https:\\\/\\\/baranowscy.eu\\\/wordpress\\\/wp-content\\\/uploads\\\/2013\\\/02\\\/chleb_1.jpg\",\"keywords\":[\"chleb\",\"danie wegetaria\u0144skie\",\"dieta\",\"przepisy\",\"\u017cywno\u015b\u0107 ekologiczna\"],\"articleSection\":[\"archiwum\",\"o jedzeniu\",\"przepisy\"],\"inLanguage\":\"pl-PL\",\"potentialAction\":[{\"@type\":\"CommentAction\",\"name\":\"Comment\",\"target\":[\"https:\\\/\\\/baranowscy.eu\\\/wordpress\\\/o-dobrym-chlebie\\\/#respond\"]}]},{\"@type\":\"WebPage\",\"@id\":\"https:\\\/\\\/baranowscy.eu\\\/wordpress\\\/o-dobrym-chlebie\\\/\",\"url\":\"https:\\\/\\\/baranowscy.eu\\\/wordpress\\\/o-dobrym-chlebie\\\/\",\"name\":\"O dobrym chlebie - organiczni.eu\",\"isPartOf\":{\"@id\":\"https:\\\/\\\/baranowscy.eu\\\/wordpress\\\/#website\"},\"primaryImageOfPage\":{\"@id\":\"https:\\\/\\\/baranowscy.eu\\\/wordpress\\\/o-dobrym-chlebie\\\/#primaryimage\"},\"image\":{\"@id\":\"https:\\\/\\\/baranowscy.eu\\\/wordpress\\\/o-dobrym-chlebie\\\/#primaryimage\"},\"thumbnailUrl\":\"https:\\\/\\\/baranowscy.eu\\\/wordpress\\\/wp-content\\\/uploads\\\/2013\\\/02\\\/chleb_1.jpg\",\"datePublished\":\"2013-02-12T18:46:46+00:00\",\"dateModified\":\"2022-10-09T14:35:44+00:00\",\"breadcrumb\":{\"@id\":\"https:\\\/\\\/baranowscy.eu\\\/wordpress\\\/o-dobrym-chlebie\\\/#breadcrumb\"},\"inLanguage\":\"pl-PL\",\"potentialAction\":[{\"@type\":\"ReadAction\",\"target\":[\"https:\\\/\\\/baranowscy.eu\\\/wordpress\\\/o-dobrym-chlebie\\\/\"]}]},{\"@type\":\"ImageObject\",\"inLanguage\":\"pl-PL\",\"@id\":\"https:\\\/\\\/baranowscy.eu\\\/wordpress\\\/o-dobrym-chlebie\\\/#primaryimage\",\"url\":\"https:\\\/\\\/baranowscy.eu\\\/wordpress\\\/wp-content\\\/uploads\\\/2013\\\/02\\\/chleb_1.jpg\",\"contentUrl\":\"https:\\\/\\\/baranowscy.eu\\\/wordpress\\\/wp-content\\\/uploads\\\/2013\\\/02\\\/chleb_1.jpg\",\"width\":640,\"height\":350},{\"@type\":\"BreadcrumbList\",\"@id\":\"https:\\\/\\\/baranowscy.eu\\\/wordpress\\\/o-dobrym-chlebie\\\/#breadcrumb\",\"itemListElement\":[{\"@type\":\"ListItem\",\"position\":1,\"name\":\"Strona g\u0142\u00f3wna\",\"item\":\"https:\\\/\\\/baranowscy.eu\\\/wordpress\\\/\"},{\"@type\":\"ListItem\",\"position\":2,\"name\":\"O dobrym chlebie\"}]},{\"@type\":\"WebSite\",\"@id\":\"https:\\\/\\\/baranowscy.eu\\\/wordpress\\\/#website\",\"url\":\"https:\\\/\\\/baranowscy.eu\\\/wordpress\\\/\",\"name\":\"organiczni.eu\",\"description\":\"Najbardziej wszechstronny blog ekologiczny\",\"publisher\":{\"@id\":\"https:\\\/\\\/baranowscy.eu\\\/wordpress\\\/#organization\"},\"potentialAction\":[{\"@type\":\"SearchAction\",\"target\":{\"@type\":\"EntryPoint\",\"urlTemplate\":\"https:\\\/\\\/baranowscy.eu\\\/wordpress\\\/?s={search_term_string}\"},\"query-input\":{\"@type\":\"PropertyValueSpecification\",\"valueRequired\":true,\"valueName\":\"search_term_string\"}}],\"inLanguage\":\"pl-PL\"},{\"@type\":\"Organization\",\"@id\":\"https:\\\/\\\/baranowscy.eu\\\/wordpress\\\/#organization\",\"name\":\"organiczni.eu\",\"url\":\"https:\\\/\\\/baranowscy.eu\\\/wordpress\\\/\",\"logo\":{\"@type\":\"ImageObject\",\"inLanguage\":\"pl-PL\",\"@id\":\"https:\\\/\\\/baranowscy.eu\\\/wordpress\\\/#\\\/schema\\\/logo\\\/image\\\/\",\"url\":\"https:\\\/\\\/baranowscy.eu\\\/wordpress\\\/wp-content\\\/uploads\\\/2018\\\/01\\\/logo_duze.png\",\"contentUrl\":\"https:\\\/\\\/baranowscy.eu\\\/wordpress\\\/wp-content\\\/uploads\\\/2018\\\/01\\\/logo_duze.png\",\"width\":1398,\"height\":300,\"caption\":\"organiczni.eu\"},\"image\":{\"@id\":\"https:\\\/\\\/baranowscy.eu\\\/wordpress\\\/#\\\/schema\\\/logo\\\/image\\\/\"},\"sameAs\":[\"https:\\\/\\\/www.facebook.com\\\/organiczni\\\/\",\"https:\\\/\\\/www.instagram.com\\\/organiczni.eu\\\/\"]},{\"@type\":\"Person\",\"@id\":\"https:\\\/\\\/baranowscy.eu\\\/wordpress\\\/#\\\/schema\\\/person\\\/741d5f1f3fd2833c5ca2ffdaaa93dc73\",\"name\":\"joanna\",\"image\":{\"@type\":\"ImageObject\",\"inLanguage\":\"pl-PL\",\"@id\":\"https:\\\/\\\/secure.gravatar.com\\\/avatar\\\/a59b1be4fa5d200ee0af0ba4bbcdb691da1d589b419bae23d7aa5a15d820e28e?s=96&d=identicon&r=g\",\"url\":\"https:\\\/\\\/secure.gravatar.com\\\/avatar\\\/a59b1be4fa5d200ee0af0ba4bbcdb691da1d589b419bae23d7aa5a15d820e28e?s=96&d=identicon&r=g\",\"contentUrl\":\"https:\\\/\\\/secure.gravatar.com\\\/avatar\\\/a59b1be4fa5d200ee0af0ba4bbcdb691da1d589b419bae23d7aa5a15d820e28e?s=96&d=identicon&r=g\",\"caption\":\"joanna\"},\"sameAs\":[\"https:\\\/\\\/organiczni.baranowscy.eu\"],\"url\":\"https:\\\/\\\/baranowscy.eu\\\/wordpress\\\/author\\\/admin\\\/\"}]}<\/script>\n<!-- \/ Yoast SEO plugin. -->","yoast_head_json":{"title":"O dobrym chlebie - organiczni.eu","robots":{"index":"index","follow":"follow","max-snippet":"max-snippet:-1","max-image-preview":"max-image-preview:large","max-video-preview":"max-video-preview:-1"},"canonical":"https:\/\/baranowscy.eu\/wordpress\/o-dobrym-chlebie\/","og_locale":"pl_PL","og_type":"article","og_title":"O dobrym chlebie - organiczni.eu","og_description":"Pieczenie chleba to kolejne wyzwanie, do kt\u00f3rego si\u0119 przymierzam. Na szcz\u0119\u015bcie nie jeste\u015bmy bezglutenowi, w przeciwnym wypadku by\u0142by to dla nas koniec \u015bwiata (wiem, wiem,&hellip;","og_url":"https:\/\/baranowscy.eu\/wordpress\/o-dobrym-chlebie\/","og_site_name":"organiczni.eu","article_publisher":"https:\/\/www.facebook.com\/organiczni\/","article_published_time":"2013-02-12T18:46:46+00:00","article_modified_time":"2022-10-09T14:35:44+00:00","og_image":[{"width":640,"height":350,"url":"https:\/\/baranowscy.eu\/wordpress\/wp-content\/uploads\/2013\/02\/chleb_1.jpg","type":"image\/jpeg"}],"author":"joanna","twitter_card":"summary_large_image","twitter_misc":{"Napisane przez":"joanna","Szacowany czas czytania":"2 minuty"},"schema":{"@context":"https:\/\/schema.org","@graph":[{"@type":"Article","@id":"https:\/\/baranowscy.eu\/wordpress\/o-dobrym-chlebie\/#article","isPartOf":{"@id":"https:\/\/baranowscy.eu\/wordpress\/o-dobrym-chlebie\/"},"author":{"name":"joanna","@id":"https:\/\/baranowscy.eu\/wordpress\/#\/schema\/person\/741d5f1f3fd2833c5ca2ffdaaa93dc73"},"headline":"O dobrym chlebie","datePublished":"2013-02-12T18:46:46+00:00","dateModified":"2022-10-09T14:35:44+00:00","mainEntityOfPage":{"@id":"https:\/\/baranowscy.eu\/wordpress\/o-dobrym-chlebie\/"},"wordCount":360,"commentCount":7,"publisher":{"@id":"https:\/\/baranowscy.eu\/wordpress\/#organization"},"image":{"@id":"https:\/\/baranowscy.eu\/wordpress\/o-dobrym-chlebie\/#primaryimage"},"thumbnailUrl":"https:\/\/baranowscy.eu\/wordpress\/wp-content\/uploads\/2013\/02\/chleb_1.jpg","keywords":["chleb","danie wegetaria\u0144skie","dieta","przepisy","\u017cywno\u015b\u0107 ekologiczna"],"articleSection":["archiwum","o jedzeniu","przepisy"],"inLanguage":"pl-PL","potentialAction":[{"@type":"CommentAction","name":"Comment","target":["https:\/\/baranowscy.eu\/wordpress\/o-dobrym-chlebie\/#respond"]}]},{"@type":"WebPage","@id":"https:\/\/baranowscy.eu\/wordpress\/o-dobrym-chlebie\/","url":"https:\/\/baranowscy.eu\/wordpress\/o-dobrym-chlebie\/","name":"O dobrym chlebie - organiczni.eu","isPartOf":{"@id":"https:\/\/baranowscy.eu\/wordpress\/#website"},"primaryImageOfPage":{"@id":"https:\/\/baranowscy.eu\/wordpress\/o-dobrym-chlebie\/#primaryimage"},"image":{"@id":"https:\/\/baranowscy.eu\/wordpress\/o-dobrym-chlebie\/#primaryimage"},"thumbnailUrl":"https:\/\/baranowscy.eu\/wordpress\/wp-content\/uploads\/2013\/02\/chleb_1.jpg","datePublished":"2013-02-12T18:46:46+00:00","dateModified":"2022-10-09T14:35:44+00:00","breadcrumb":{"@id":"https:\/\/baranowscy.eu\/wordpress\/o-dobrym-chlebie\/#breadcrumb"},"inLanguage":"pl-PL","potentialAction":[{"@type":"ReadAction","target":["https:\/\/baranowscy.eu\/wordpress\/o-dobrym-chlebie\/"]}]},{"@type":"ImageObject","inLanguage":"pl-PL","@id":"https:\/\/baranowscy.eu\/wordpress\/o-dobrym-chlebie\/#primaryimage","url":"https:\/\/baranowscy.eu\/wordpress\/wp-content\/uploads\/2013\/02\/chleb_1.jpg","contentUrl":"https:\/\/baranowscy.eu\/wordpress\/wp-content\/uploads\/2013\/02\/chleb_1.jpg","width":640,"height":350},{"@type":"BreadcrumbList","@id":"https:\/\/baranowscy.eu\/wordpress\/o-dobrym-chlebie\/#breadcrumb","itemListElement":[{"@type":"ListItem","position":1,"name":"Strona g\u0142\u00f3wna","item":"https:\/\/baranowscy.eu\/wordpress\/"},{"@type":"ListItem","position":2,"name":"O dobrym chlebie"}]},{"@type":"WebSite","@id":"https:\/\/baranowscy.eu\/wordpress\/#website","url":"https:\/\/baranowscy.eu\/wordpress\/","name":"organiczni.eu","description":"Najbardziej wszechstronny blog ekologiczny","publisher":{"@id":"https:\/\/baranowscy.eu\/wordpress\/#organization"},"potentialAction":[{"@type":"SearchAction","target":{"@type":"EntryPoint","urlTemplate":"https:\/\/baranowscy.eu\/wordpress\/?s={search_term_string}"},"query-input":{"@type":"PropertyValueSpecification","valueRequired":true,"valueName":"search_term_string"}}],"inLanguage":"pl-PL"},{"@type":"Organization","@id":"https:\/\/baranowscy.eu\/wordpress\/#organization","name":"organiczni.eu","url":"https:\/\/baranowscy.eu\/wordpress\/","logo":{"@type":"ImageObject","inLanguage":"pl-PL","@id":"https:\/\/baranowscy.eu\/wordpress\/#\/schema\/logo\/image\/","url":"https:\/\/baranowscy.eu\/wordpress\/wp-content\/uploads\/2018\/01\/logo_duze.png","contentUrl":"https:\/\/baranowscy.eu\/wordpress\/wp-content\/uploads\/2018\/01\/logo_duze.png","width":1398,"height":300,"caption":"organiczni.eu"},"image":{"@id":"https:\/\/baranowscy.eu\/wordpress\/#\/schema\/logo\/image\/"},"sameAs":["https:\/\/www.facebook.com\/organiczni\/","https:\/\/www.instagram.com\/organiczni.eu\/"]},{"@type":"Person","@id":"https:\/\/baranowscy.eu\/wordpress\/#\/schema\/person\/741d5f1f3fd2833c5ca2ffdaaa93dc73","name":"joanna","image":{"@type":"ImageObject","inLanguage":"pl-PL","@id":"https:\/\/secure.gravatar.com\/avatar\/a59b1be4fa5d200ee0af0ba4bbcdb691da1d589b419bae23d7aa5a15d820e28e?s=96&d=identicon&r=g","url":"https:\/\/secure.gravatar.com\/avatar\/a59b1be4fa5d200ee0af0ba4bbcdb691da1d589b419bae23d7aa5a15d820e28e?s=96&d=identicon&r=g","contentUrl":"https:\/\/secure.gravatar.com\/avatar\/a59b1be4fa5d200ee0af0ba4bbcdb691da1d589b419bae23d7aa5a15d820e28e?s=96&d=identicon&r=g","caption":"joanna"},"sameAs":["https:\/\/organiczni.baranowscy.eu"],"url":"https:\/\/baranowscy.eu\/wordpress\/author\/admin\/"}]}},"jetpack_featured_media_url":"https:\/\/baranowscy.eu\/wordpress\/wp-content\/uploads\/2013\/02\/chleb_1.jpg","jetpack_sharing_enabled":true,"_links":{"self":[{"href":"https:\/\/baranowscy.eu\/wordpress\/wp-json\/wp\/v2\/posts\/69","targetHints":{"allow":["GET"]}}],"collection":[{"href":"https:\/\/baranowscy.eu\/wordpress\/wp-json\/wp\/v2\/posts"}],"about":[{"href":"https:\/\/baranowscy.eu\/wordpress\/wp-json\/wp\/v2\/types\/post"}],"author":[{"embeddable":true,"href":"https:\/\/baranowscy.eu\/wordpress\/wp-json\/wp\/v2\/users\/1"}],"replies":[{"embeddable":true,"href":"https:\/\/baranowscy.eu\/wordpress\/wp-json\/wp\/v2\/comments?post=69"}],"version-history":[{"count":5,"href":"https:\/\/baranowscy.eu\/wordpress\/wp-json\/wp\/v2\/posts\/69\/revisions"}],"predecessor-version":[{"id":12786,"href":"https:\/\/baranowscy.eu\/wordpress\/wp-json\/wp\/v2\/posts\/69\/revisions\/12786"}],"wp:featuredmedia":[{"embeddable":true,"href":"https:\/\/baranowscy.eu\/wordpress\/wp-json\/wp\/v2\/media\/70"}],"wp:attachment":[{"href":"https:\/\/baranowscy.eu\/wordpress\/wp-json\/wp\/v2\/media?parent=69"}],"wp:term":[{"taxonomy":"category","embeddable":true,"href":"https:\/\/baranowscy.eu\/wordpress\/wp-json\/wp\/v2\/categories?post=69"},{"taxonomy":"post_tag","embeddable":true,"href":"https:\/\/baranowscy.eu\/wordpress\/wp-json\/wp\/v2\/tags?post=69"}],"curies":[{"name":"wp","href":"https:\/\/api.w.org\/{rel}","templated":true}]}}