{"id":6613,"date":"2017-06-12T00:56:36","date_gmt":"2017-06-11T22:56:36","guid":{"rendered":"http:\/\/baranowscy.eu\/wordpress\/?p=6613"},"modified":"2017-06-12T10:29:02","modified_gmt":"2017-06-12T08:29:02","slug":"nie-warto-sie-malowac","status":"publish","type":"post","link":"https:\/\/baranowscy.eu\/wordpress\/nie-warto-sie-malowac\/","title":{"rendered":"10 powod\u00f3w, dla kt\u00f3rych nie warto si\u0119 malowa\u0107"},"content":{"rendered":"<p><strong>Od razu zaznaczam, \u017ce wymienione przeze mnie powody, dla kt\u00f3rych nie warto si\u0119 malowa\u0107, s\u0105 ca\u0142kowicie subiektywne, a ca\u0142y wpis ma charakter \u017cartobliwy. Drodzy Czytelnicy, przy\u0142\u0105czcie si\u0119 do dyskusji, mo\u017ce razem wpadniemy na wspania\u0142e (kontr)argumenty i sprawimy, \u017ce \u015bwiat b\u0119dzie lepszy?<\/strong><\/p>\n<p>Nie maluj\u0119 si\u0119 prawie wcale poza kilkoma wyj\u0105tkowymi dniami w roku, gdy uwa\u017cam, \u017ce lepiej si\u0119 b\u0119d\u0119 czu\u0142a z maskar\u0105 i pudrem. Mo\u017ce nawet pami\u0119tacie, \u017ce <strong>pisa\u0142am o <a href=\"https:\/\/baranowscy.eu\/wordpress\/kosmetyki-mineralne-felicea\/\" target=\"_blank\">kosmetykach mineralnych Felicea<\/a><\/strong>, kt\u00f3re przypad\u0142y mi do gustu. Jednak na co dzie\u0144 do twarzy u\u017cywam zazwyczaj tylko trzech kosmetyk\u00f3w: myd\u0142a Aleppo, <a href=\"https:\/\/baranowscy.eu\/wordpress\/krem-do-twarzy-jan-barba-bioelixir-m\/\" target=\"_blank\">kremu Bioelixir M Jana Barby<\/a> oraz korektora w sztyfcie Couleur Caramel.<\/p>\n<figure id=\"attachment_6328\" aria-describedby=\"caption-attachment-6328\" style=\"width: 640px\" class=\"wp-caption aligncenter\"><a href=\"https:\/\/baranowscy.eu\/wordpress\/wp-content\/uploads\/2017\/02\/makijaz_felicea_1.jpg\"><img loading=\"lazy\" decoding=\"async\" class=\"size-full wp-image-6328\" src=\"https:\/\/baranowscy.eu\/wordpress\/wp-content\/uploads\/2017\/02\/makijaz_felicea_1.jpg\" alt=\"W makija\u017cu z u\u017cyciem kosmetyk\u00f3w Felicea \" width=\"640\" height=\"427\" srcset=\"https:\/\/baranowscy.eu\/wordpress\/wp-content\/uploads\/2017\/02\/makijaz_felicea_1.jpg 640w, https:\/\/baranowscy.eu\/wordpress\/wp-content\/uploads\/2017\/02\/makijaz_felicea_1-300x200.jpg 300w, https:\/\/baranowscy.eu\/wordpress\/wp-content\/uploads\/2017\/02\/makijaz_felicea_1-600x400.jpg 600w\" sizes=\"auto, (max-width: 640px) 100vw, 640px\" \/><\/a><figcaption id=\"caption-attachment-6328\" class=\"wp-caption-text\">W makija\u017cu z u\u017cyciem kosmetyk\u00f3w Felicea<\/figcaption><\/figure>\n<p><strong>Poprosi\u0142am zaprzyja\u017anion\u0105 blogerk\u0119 Kasi\u0119 (<a href=\"http:\/\/graymaluje.blogspot.com\/\" target=\"_blank\">Gray maluje<\/a>)<\/strong> o przygotowanie listy powod\u00f3w, dla kt\u00f3rych jednak malowa\u0107 si\u0119 warto. Czekam na jej argumenty!<\/p>\n<h2>10 powod\u00f3w, dla kt\u00f3rych nie warto si\u0119 malowa\u0107<!--more--><\/h2>\n<figure style=\"width: 640px\" class=\"wp-caption aligncenter\"><a href=\"https:\/\/baranowscy.eu\/wordpress\/wp-content\/uploads\/2017\/06\/niewartosiemalowac_2.jpg\"><img loading=\"lazy\" decoding=\"async\" class=\"size-full wp-image-6617\" src=\"https:\/\/baranowscy.eu\/wordpress\/wp-content\/uploads\/2017\/06\/niewartosiemalowac_2.jpg\" alt=\"!0 pood\u00f3w, dlaczego nie warto si\u0119 malowa\u0107\" width=\"640\" height=\"427\" srcset=\"https:\/\/baranowscy.eu\/wordpress\/wp-content\/uploads\/2017\/06\/niewartosiemalowac_2.jpg 640w, https:\/\/baranowscy.eu\/wordpress\/wp-content\/uploads\/2017\/06\/niewartosiemalowac_2-300x200.jpg 300w, https:\/\/baranowscy.eu\/wordpress\/wp-content\/uploads\/2017\/06\/niewartosiemalowac_2-600x400.jpg 600w\" sizes=\"auto, (max-width: 640px) 100vw, 640px\" \/><\/a><figcaption class=\"wp-caption-text\">10 powod\u00f3w, dla kt\u00f3rych nie warto si\u0119 malowa\u0107<\/figcaption><\/figure>\n<h3><strong>Pow\u00f3d 1: makija\u017c nie jest naturalny<\/strong><\/h3>\n<p>Nie m\u00f3wi\u0119 tu o tzw. makija\u017cu naturalnym, kt\u00f3ry ma wygl\u0105da\u0107, jakby go wcale nie by\u0142o. Chodzi mi o to, \u017ce makija\u017c to nak\u0142adanie na twarz i okolice warstwy kosmetyk\u00f3w, kt\u00f3re w naturze raczej by si\u0119 tam nie znalaz\u0142y (tak, krem do twarzy te\u017c jest kosmetykiem, ale m\u00f3j akurat jest w 100% z naturalnych sk\u0142adnik\u00f3w). <strong>Makija\u017c nie pozwala sk\u00f3rze swobodnie oddycha\u0107<\/strong>, troch\u0119 szkoda, prawda?<\/p>\n<h3><strong>Pow\u00f3d 2: makija\u017c nie jest ekologiczny<\/strong><\/h3>\n<p>Wszystkie kosmetyki kosztuj\u0105 \u2013 nie m\u00f3wi\u0119 tylko o pieni\u0105dzach, ale o energii, wodzie, \u015bladzie w\u0119glowym. Dop\u00f3ki kupujemy gotowe kosmetyki w jednorazowych opakowaniach, dop\u00f3ty wspieramy rynek jednorazowych opakowa\u0144, kt\u00f3re zazwyczaj s\u0105 wyprodukowane z ropy naftowej. Pewnym rozwi\u0105zaniem jest wyszukiwanie marek takich jak <a href=\"http:\/\/www.zaomakeup.pl\/\" target=\"_blank\">ZAO<\/a>,\u00a0kt\u00f3re proponuj\u0105 opakowania uzupe\u0142niaj\u0105ce.<\/p>\n<h3><strong>Pow\u00f3d 3: makija\u017c nie jest zero waste<\/strong><\/h3>\n<p>Dop\u00f3ki nie opieramy naszego makeupu na ca\u0142kowicie naturalnych sk\u0142adnikach z kuchni (np. puder ry\u017cowy zabarwiony odrobin\u0105 kakao), to raczej nie mamy mo\u017cliwo\u015bci nieza\u015bmiecania planety przez kupowanie kosmetyk\u00f3w kolorowych. <strong>Tych jeszcze na wag\u0119 nie sprzedaj\u0105.<\/strong> Wszystko musi by\u0107 opakowane, a kiedy kupujemy wk\u0142ady uzupe\u0142niaj\u0105ce, one r\u00f3wnie\u017c s\u0105 w pude\u0142ku czy folii. <strong>Najmniej za\u015bmiecaj\u0105ce \u015brodowisko wydaj\u0105 si\u0119 kosmetyki w postaci kredek do temperowania<\/strong>, o ile kupimy je bez dodatkowych opakowa\u0144.<\/p>\n<figure id=\"attachment_6616\" aria-describedby=\"caption-attachment-6616\" style=\"width: 640px\" class=\"wp-caption aligncenter\"><a href=\"https:\/\/baranowscy.eu\/wordpress\/wp-content\/uploads\/2017\/06\/niewartosiemalowac_1.jpg\"><img loading=\"lazy\" decoding=\"async\" class=\"size-full wp-image-6616\" src=\"https:\/\/baranowscy.eu\/wordpress\/wp-content\/uploads\/2017\/06\/niewartosiemalowac_1.jpg\" alt=\"Nie warto si\u0119 malowa\u0107?\" width=\"640\" height=\"427\" srcset=\"https:\/\/baranowscy.eu\/wordpress\/wp-content\/uploads\/2017\/06\/niewartosiemalowac_1.jpg 640w, https:\/\/baranowscy.eu\/wordpress\/wp-content\/uploads\/2017\/06\/niewartosiemalowac_1-300x200.jpg 300w, https:\/\/baranowscy.eu\/wordpress\/wp-content\/uploads\/2017\/06\/niewartosiemalowac_1-600x400.jpg 600w\" sizes=\"auto, (max-width: 640px) 100vw, 640px\" \/><\/a><figcaption id=\"caption-attachment-6616\" class=\"wp-caption-text\">Nie warto si\u0119 malowa\u0107?<\/figcaption><\/figure>\n<h3><strong>Pow\u00f3d 4:<\/strong> <strong>makija\u017c oszukuje <\/strong><\/h3>\n<p>Jasne, wielu osobom w\u0142a\u015bnie o to chodzi, \u017ceby co\u015b schowa\u0107 pod warstw\u0105 kosmetyk\u00f3w, uwydatni\u0107 co\u015b w zamian. Tylko kiedy nie jest to kwestia wyst\u0119powania w teatrze czy przed obiektywem, to ja nie widz\u0119 sensu. <strong>Oczywi\u015bcie rozumem, \u017ce czasem chce si\u0119 zrobi\u0107 wra\u017cenie na p\u0142ci przeciwnej<\/strong> i stosuje si\u0119 sztuczki makija\u017cowe, aby wyda\u0107 si\u0119 osob\u0105 o niesamowicie atrakcyjnej powierzchowno\u015bci. Czasem makija\u017c po prostu dodaje pewno\u015bci siebie, bo z nim si\u0119 lepiej wygl\u0105da. A czasem podkre\u015bla si\u0119 tym sw\u00f3j charakter.<\/p>\n<p>M\u00f3j charakter najlepiej podkre\u015bla brak makija\u017cu. (Dopuszczam korektor, \u017ceby ludzie chcieli na mnie patrze\u0107).<\/p>\n<h3><strong>Pow\u00f3d 5: makija\u017c zabiera (cenny) czas<\/strong><\/h3>\n<p>Prawdziwy makija\u017c \u201ena wyj\u015bcie\u201d <strong>poch\u0142ania ca\u0142kiem sporo czasu<\/strong>. Na\u0142o\u017cenie na siebie wszystkich warstw kosmetyk\u00f3w, tuszowanie, rozsmarowywanie, podkre\u015blanie, pudrowanie to nawet godzina pracy. Codzienne poranne malowanie na pewno trwa kr\u00f3cej, ale po zsumowaniu tych kilku\u2013kilkunastu minut z ca\u0142ego tygodnia mo\u017cemy uzyska\u0107 godzin\u0119 na przyk\u0142ad na dodatkowy sen. Albo poranny bieg.<\/p>\n<h3><strong>Pow\u00f3d 6: makija\u017c wymaga demakija\u017cu<\/strong><\/h3>\n<p>Demakija\u017c musi by\u0107 r\u00f3wnie staranny, jak sam makija\u017c. Inaczej zaszkodzimy naszej sk\u00f3rze. Im wi\u0119cej kosmetyk\u00f3w na twarzy, tym wi\u0119cej pracy z ich usuni\u0119ciem. To sprawia, \u017ce <strong>musimy mie\u0107 pod r\u0119k\u0105 kolejne kosmetyki zmywaj\u0105ce makeup<\/strong> (chyba \u017ce u\u017cywamy GLOV, jednak r\u0119kawiczk\u0119 trzeba wymienia\u0107 co 3 miesi\u0105ce). Kolejne zakupy, kolejne pojemniki i znowu &#8211; czas na staranny demakija\u017c.<\/p>\n<figure id=\"attachment_6619\" aria-describedby=\"caption-attachment-6619\" style=\"width: 640px\" class=\"wp-caption aligncenter\"><a href=\"https:\/\/baranowscy.eu\/wordpress\/wp-content\/uploads\/2017\/06\/niewartosiemalowac_3.jpg\"><img loading=\"lazy\" decoding=\"async\" class=\"size-full wp-image-6619\" src=\"https:\/\/baranowscy.eu\/wordpress\/wp-content\/uploads\/2017\/06\/niewartosiemalowac_3.jpg\" alt=\"Bez makija\u017cu\" width=\"640\" height=\"427\" srcset=\"https:\/\/baranowscy.eu\/wordpress\/wp-content\/uploads\/2017\/06\/niewartosiemalowac_3.jpg 640w, https:\/\/baranowscy.eu\/wordpress\/wp-content\/uploads\/2017\/06\/niewartosiemalowac_3-300x200.jpg 300w, https:\/\/baranowscy.eu\/wordpress\/wp-content\/uploads\/2017\/06\/niewartosiemalowac_3-600x400.jpg 600w\" sizes=\"auto, (max-width: 640px) 100vw, 640px\" \/><\/a><figcaption id=\"caption-attachment-6619\" class=\"wp-caption-text\">Bez makija\u017cu<\/figcaption><\/figure>\n<h3><strong>Pow\u00f3d 7: makija\u017c mo\u017ce powodowa\u0107 problemy z cer\u0105 i oczami <\/strong><\/h3>\n<p>\u0179le dobrane kosmetyki (nie tylko kolorowe) mog\u0105 namiesza\u0107 w naszej cerze i przysporzy\u0107 k\u0142opot\u00f3w. <strong>Ka\u017cdy dodatkowy sk\u0142adnik nak\u0142adany na twarz zwi\u0119ksza ryzyko reakcji alergicznej.<\/strong> Tym bardziej, \u017ce malujemy okolice bardzo wra\u017cliwych oczu.<\/p>\n<h3><strong>Pow\u00f3d 8: zjadasz swoj\u0105 szmink\u0119<\/strong><\/h3>\n<p>Je\u015bli stosujemy pomadk\u0119 jako sta\u0142y element makija\u017cu, to chc\u0105c nie chc\u0105c, w ci\u0105gu ca\u0142ego \u017cycia zjadamy kilka kilogram\u00f3w szminki. Gdy\u00a0wybieramy ca\u0142kowicie naturalne kosmetyki, to prawdopodobnie nie b\u0119dzie to mia\u0142o wi\u0119kszego znaczenia. <strong>Jednak nie wszystkie kosmetyki s\u0105 godne tego, aby by\u0107 zjadane, bo np. zawieraj\u0105 \u015bladowe ilo\u015bci o\u0142owiu.<\/strong><\/p>\n<h3><strong>Pow\u00f3d 9: jeste\u015bmy pi\u0119kne i pi\u0119kni bez makija\u017cu<\/strong><\/h3>\n<p>Nie tak dawno w historii naszej cywilizacji malowanie si\u0119 by\u0142o zarezerwowane dla aktorek, aktor\u00f3w i kurtyzan. P\u00f3\u017aniej jednak kobiety uzna\u0142y, \u017ce <strong>makija\u017c jest prawem ka\u017cdej z nas, a\u017c po chwili sta\u0142 si\u0119 niemal obowi\u0105zkiem<\/strong>. Tymczasem nasze naturalne pi\u0119kno, kt\u00f3re tylko w cz\u0119\u015bci zale\u017cy od wygl\u0105du zewn\u0119trznego, nie potrzebuje makija\u017cu. (Nie b\u0119d\u0119 nawet wspomina\u0107 o operacjach plastycznych czy botoksie). <strong>Zgoda na sw\u00f3j wygl\u0105d, na sw\u00f3j wiek, na zmarszczki czy blizny odejmuje nam mn\u00f3stwa problem\u00f3w zwi\u0105zanych z poszukiwaniem idealnego wygl\u0105du. Nie warto si\u0119 malowa\u0107!<\/strong><\/p>\n<p>(Nie wszystko w sobie akceptuj\u0119, ale akurat makija\u017cu si\u0119 oduczy\u0142am w wieku dwudziestu kilku lat. My\u015bl\u0119, \u017ce da\u0142o mi to wi\u0119ksz\u0105 wolno\u015b\u0107, bo nie jestem zale\u017cna od kosmetyk\u00f3w).<\/p>\n<figure id=\"attachment_6323\" aria-describedby=\"caption-attachment-6323\" style=\"width: 640px\" class=\"wp-caption aligncenter\"><a href=\"https:\/\/baranowscy.eu\/wordpress\/wp-content\/uploads\/2017\/02\/pomadka_ochronna_felicea_1.jpg\"><img loading=\"lazy\" decoding=\"async\" class=\"size-full wp-image-6323\" src=\"https:\/\/baranowscy.eu\/wordpress\/wp-content\/uploads\/2017\/02\/pomadka_ochronna_felicea_1.jpg\" alt=\"Naturalna szminka ochronna Felicea\" width=\"640\" height=\"427\" srcset=\"https:\/\/baranowscy.eu\/wordpress\/wp-content\/uploads\/2017\/02\/pomadka_ochronna_felicea_1.jpg 640w, https:\/\/baranowscy.eu\/wordpress\/wp-content\/uploads\/2017\/02\/pomadka_ochronna_felicea_1-300x200.jpg 300w, https:\/\/baranowscy.eu\/wordpress\/wp-content\/uploads\/2017\/02\/pomadka_ochronna_felicea_1-600x400.jpg 600w\" sizes=\"auto, (max-width: 640px) 100vw, 640px\" \/><\/a><figcaption id=\"caption-attachment-6323\" class=\"wp-caption-text\">Naturalna szminka ochronna Felicea<\/figcaption><\/figure>\n<h3><strong>Pow\u00f3d 10: makija\u017c nie jest nam potrzebny<\/strong><\/h3>\n<p>To tylko wymys\u0142 kultury, \u017ce potrzebujemy (zw\u0142aszcza kobiety) makija\u017cu. Czasem wydaje si\u0119, \u017ce makija\u017c jest wr\u0119cz wymogiem w danym miejscu czy sytuacji. <strong>Dop\u00f3ki mamy wyb\u00f3r i mo\u017cliwo\u015b\u0107 niestosowania makija\u017cu, wszystko jest w porz\u0105dku.<\/strong> Mimo to sesje zdj\u0119ciowe znanych kobiet bez makija\u017cu s\u0105 nag\u0142a\u015bniane jako niezwykle odwa\u017cne i prze\u0142omowe. Bo pokaza\u0142y si\u0119 saut\u00e9!<\/p>\n<p><strong>I na koniec, pami\u0119tajcie, czy jeste\u015bcie kobietami, dziewczynami, czy facetami z tak\u0105 potrzeb\u0105, mo\u017cecie si\u0119 malowa\u0107, ile chcecie i jak chcecie. To wszystko jest Wasz wyb\u00f3r i Wasze samopoczucie.<\/strong><\/p>\n<p>A Wy, drodzy czytelnicy, malujecie si\u0119? Uwa\u017cacie, \u017ce nie warto si\u0119 malowa\u0107 \u2013 dlaczego? (Odpowied\u017a \u201ebo jestem facetem\u201d to za ma\u0142o!). Je\u015bli si\u0119 malujecie \u2013 dlaczego? Czekam na Wasze komentarze.<\/p>\n","protected":false},"excerpt":{"rendered":"<p>Od razu zaznaczam, \u017ce wymienione przeze mnie powody, dla kt\u00f3rych nie warto si\u0119 malowa\u0107, s\u0105 ca\u0142kowicie subiektywne, a ca\u0142y wpis ma charakter \u017cartobliwy. Drodzy Czytelnicy,&hellip;<\/p>\n","protected":false},"author":1,"featured_media":6620,"comment_status":"open","ping_status":"open","sticky":false,"template":"","format":"standard","meta":{"_jetpack_memberships_contains_paid_content":false,"footnotes":""},"categories":[5,2,1148],"tags":[562,1198,512,1199,561,1239,1155],"class_list":["post-6613","post","type-post","status-publish","format-standard","has-post-thumbnail","hentry","category-kosmetyki","category-slowo-od-autora","category-zero-waste","tag-demakijaz","tag-felicea","tag-glov","tag-kosmetyki-mineralne","tag-makijaz","tag-zao","tag-zero-waste"],"yoast_head":"<!-- This site is optimized with the Yoast SEO plugin v27.5 - https:\/\/yoast.com\/product\/yoast-seo-wordpress\/ -->\n<title>10 powod\u00f3w, dla kt\u00f3rych nie warto si\u0119 malowa\u0107 - organiczni.eu<\/title>\n<meta name=\"description\" content=\"Od razu zaznaczam, \u017ce wymienione przeze mnie powody, dla kt\u00f3rych nie warto si\u0119 malowa\u0107, s\u0105 ca\u0142kowicie subiektywne, a ca\u0142y wpis ma charakter \u017cartobliwy.\" \/>\n<meta name=\"robots\" content=\"index, follow, max-snippet:-1, max-image-preview:large, max-video-preview:-1\" \/>\n<link rel=\"canonical\" href=\"https:\/\/baranowscy.eu\/wordpress\/nie-warto-sie-malowac\/\" \/>\n<meta property=\"og:locale\" content=\"pl_PL\" \/>\n<meta property=\"og:type\" content=\"article\" \/>\n<meta property=\"og:title\" content=\"10 powod\u00f3w, dla kt\u00f3rych nie warto si\u0119 malowa\u0107 - organiczni.eu\" \/>\n<meta property=\"og:description\" content=\"Od razu zaznaczam, \u017ce wymienione przeze mnie powody, dla kt\u00f3rych nie warto si\u0119 malowa\u0107, s\u0105 ca\u0142kowicie subiektywne, a ca\u0142y wpis ma charakter \u017cartobliwy.\" \/>\n<meta property=\"og:url\" content=\"https:\/\/baranowscy.eu\/wordpress\/nie-warto-sie-malowac\/\" \/>\n<meta property=\"og:site_name\" content=\"organiczni.eu\" \/>\n<meta property=\"article:publisher\" content=\"https:\/\/www.facebook.com\/organiczni\/\" \/>\n<meta property=\"article:published_time\" content=\"2017-06-11T22:56:36+00:00\" \/>\n<meta property=\"article:modified_time\" content=\"2017-06-12T08:29:02+00:00\" \/>\n<meta property=\"og:image\" content=\"https:\/\/baranowscy.eu\/wordpress\/wp-content\/uploads\/2017\/06\/niewartosiemalowac_0.jpg\" \/>\n\t<meta property=\"og:image:width\" content=\"1200\" \/>\n\t<meta property=\"og:image:height\" content=\"628\" \/>\n\t<meta property=\"og:image:type\" content=\"image\/jpeg\" \/>\n<meta name=\"author\" content=\"joanna\" \/>\n<meta name=\"twitter:card\" content=\"summary_large_image\" \/>\n<meta name=\"twitter:label1\" content=\"Napisane przez\" \/>\n\t<meta name=\"twitter:data1\" content=\"joanna\" \/>\n\t<meta name=\"twitter:label2\" content=\"Szacowany czas czytania\" \/>\n\t<meta name=\"twitter:data2\" content=\"6 minut\" \/>\n<script type=\"application\/ld+json\" class=\"yoast-schema-graph\">{\"@context\":\"https:\\\/\\\/schema.org\",\"@graph\":[{\"@type\":\"Article\",\"@id\":\"https:\\\/\\\/baranowscy.eu\\\/wordpress\\\/nie-warto-sie-malowac\\\/#article\",\"isPartOf\":{\"@id\":\"https:\\\/\\\/baranowscy.eu\\\/wordpress\\\/nie-warto-sie-malowac\\\/\"},\"author\":{\"name\":\"joanna\",\"@id\":\"https:\\\/\\\/baranowscy.eu\\\/wordpress\\\/#\\\/schema\\\/person\\\/741d5f1f3fd2833c5ca2ffdaaa93dc73\"},\"headline\":\"10 powod\u00f3w, dla kt\u00f3rych nie warto si\u0119 malowa\u0107\",\"datePublished\":\"2017-06-11T22:56:36+00:00\",\"dateModified\":\"2017-06-12T08:29:02+00:00\",\"mainEntityOfPage\":{\"@id\":\"https:\\\/\\\/baranowscy.eu\\\/wordpress\\\/nie-warto-sie-malowac\\\/\"},\"wordCount\":1114,\"commentCount\":27,\"publisher\":{\"@id\":\"https:\\\/\\\/baranowscy.eu\\\/wordpress\\\/#organization\"},\"image\":{\"@id\":\"https:\\\/\\\/baranowscy.eu\\\/wordpress\\\/nie-warto-sie-malowac\\\/#primaryimage\"},\"thumbnailUrl\":\"https:\\\/\\\/baranowscy.eu\\\/wordpress\\\/wp-content\\\/uploads\\\/2017\\\/06\\\/niewartosiemalowac_0.jpg\",\"keywords\":[\"demakija\u017c\",\"Felicea\",\"GLOV\",\"kosmetyki mineralne\",\"makija\u017c\",\"ZAO\",\"zero waste\"],\"articleSection\":[\"kosmetyki i piel\u0119gnacja\",\"s\u0142owo od autora\",\"zero waste\"],\"inLanguage\":\"pl-PL\",\"potentialAction\":[{\"@type\":\"CommentAction\",\"name\":\"Comment\",\"target\":[\"https:\\\/\\\/baranowscy.eu\\\/wordpress\\\/nie-warto-sie-malowac\\\/#respond\"]}]},{\"@type\":\"WebPage\",\"@id\":\"https:\\\/\\\/baranowscy.eu\\\/wordpress\\\/nie-warto-sie-malowac\\\/\",\"url\":\"https:\\\/\\\/baranowscy.eu\\\/wordpress\\\/nie-warto-sie-malowac\\\/\",\"name\":\"10 powod\u00f3w, dla kt\u00f3rych nie warto si\u0119 malowa\u0107 - organiczni.eu\",\"isPartOf\":{\"@id\":\"https:\\\/\\\/baranowscy.eu\\\/wordpress\\\/#website\"},\"primaryImageOfPage\":{\"@id\":\"https:\\\/\\\/baranowscy.eu\\\/wordpress\\\/nie-warto-sie-malowac\\\/#primaryimage\"},\"image\":{\"@id\":\"https:\\\/\\\/baranowscy.eu\\\/wordpress\\\/nie-warto-sie-malowac\\\/#primaryimage\"},\"thumbnailUrl\":\"https:\\\/\\\/baranowscy.eu\\\/wordpress\\\/wp-content\\\/uploads\\\/2017\\\/06\\\/niewartosiemalowac_0.jpg\",\"datePublished\":\"2017-06-11T22:56:36+00:00\",\"dateModified\":\"2017-06-12T08:29:02+00:00\",\"description\":\"Od razu zaznaczam, \u017ce wymienione przeze mnie powody, dla kt\u00f3rych nie warto si\u0119 malowa\u0107, s\u0105 ca\u0142kowicie subiektywne, a ca\u0142y wpis ma charakter \u017cartobliwy.\",\"breadcrumb\":{\"@id\":\"https:\\\/\\\/baranowscy.eu\\\/wordpress\\\/nie-warto-sie-malowac\\\/#breadcrumb\"},\"inLanguage\":\"pl-PL\",\"potentialAction\":[{\"@type\":\"ReadAction\",\"target\":[\"https:\\\/\\\/baranowscy.eu\\\/wordpress\\\/nie-warto-sie-malowac\\\/\"]}]},{\"@type\":\"ImageObject\",\"inLanguage\":\"pl-PL\",\"@id\":\"https:\\\/\\\/baranowscy.eu\\\/wordpress\\\/nie-warto-sie-malowac\\\/#primaryimage\",\"url\":\"https:\\\/\\\/baranowscy.eu\\\/wordpress\\\/wp-content\\\/uploads\\\/2017\\\/06\\\/niewartosiemalowac_0.jpg\",\"contentUrl\":\"https:\\\/\\\/baranowscy.eu\\\/wordpress\\\/wp-content\\\/uploads\\\/2017\\\/06\\\/niewartosiemalowac_0.jpg\",\"width\":1200,\"height\":628},{\"@type\":\"BreadcrumbList\",\"@id\":\"https:\\\/\\\/baranowscy.eu\\\/wordpress\\\/nie-warto-sie-malowac\\\/#breadcrumb\",\"itemListElement\":[{\"@type\":\"ListItem\",\"position\":1,\"name\":\"Strona g\u0142\u00f3wna\",\"item\":\"https:\\\/\\\/baranowscy.eu\\\/wordpress\\\/\"},{\"@type\":\"ListItem\",\"position\":2,\"name\":\"10 powod\u00f3w, dla kt\u00f3rych nie warto si\u0119 malowa\u0107\"}]},{\"@type\":\"WebSite\",\"@id\":\"https:\\\/\\\/baranowscy.eu\\\/wordpress\\\/#website\",\"url\":\"https:\\\/\\\/baranowscy.eu\\\/wordpress\\\/\",\"name\":\"organiczni.eu\",\"description\":\"Najbardziej wszechstronny blog ekologiczny\",\"publisher\":{\"@id\":\"https:\\\/\\\/baranowscy.eu\\\/wordpress\\\/#organization\"},\"potentialAction\":[{\"@type\":\"SearchAction\",\"target\":{\"@type\":\"EntryPoint\",\"urlTemplate\":\"https:\\\/\\\/baranowscy.eu\\\/wordpress\\\/?s={search_term_string}\"},\"query-input\":{\"@type\":\"PropertyValueSpecification\",\"valueRequired\":true,\"valueName\":\"search_term_string\"}}],\"inLanguage\":\"pl-PL\"},{\"@type\":\"Organization\",\"@id\":\"https:\\\/\\\/baranowscy.eu\\\/wordpress\\\/#organization\",\"name\":\"organiczni.eu\",\"url\":\"https:\\\/\\\/baranowscy.eu\\\/wordpress\\\/\",\"logo\":{\"@type\":\"ImageObject\",\"inLanguage\":\"pl-PL\",\"@id\":\"https:\\\/\\\/baranowscy.eu\\\/wordpress\\\/#\\\/schema\\\/logo\\\/image\\\/\",\"url\":\"https:\\\/\\\/baranowscy.eu\\\/wordpress\\\/wp-content\\\/uploads\\\/2018\\\/01\\\/logo_duze.png\",\"contentUrl\":\"https:\\\/\\\/baranowscy.eu\\\/wordpress\\\/wp-content\\\/uploads\\\/2018\\\/01\\\/logo_duze.png\",\"width\":1398,\"height\":300,\"caption\":\"organiczni.eu\"},\"image\":{\"@id\":\"https:\\\/\\\/baranowscy.eu\\\/wordpress\\\/#\\\/schema\\\/logo\\\/image\\\/\"},\"sameAs\":[\"https:\\\/\\\/www.facebook.com\\\/organiczni\\\/\",\"https:\\\/\\\/www.instagram.com\\\/organiczni.eu\\\/\"]},{\"@type\":\"Person\",\"@id\":\"https:\\\/\\\/baranowscy.eu\\\/wordpress\\\/#\\\/schema\\\/person\\\/741d5f1f3fd2833c5ca2ffdaaa93dc73\",\"name\":\"joanna\",\"image\":{\"@type\":\"ImageObject\",\"inLanguage\":\"pl-PL\",\"@id\":\"https:\\\/\\\/secure.gravatar.com\\\/avatar\\\/a59b1be4fa5d200ee0af0ba4bbcdb691da1d589b419bae23d7aa5a15d820e28e?s=96&d=identicon&r=g\",\"url\":\"https:\\\/\\\/secure.gravatar.com\\\/avatar\\\/a59b1be4fa5d200ee0af0ba4bbcdb691da1d589b419bae23d7aa5a15d820e28e?s=96&d=identicon&r=g\",\"contentUrl\":\"https:\\\/\\\/secure.gravatar.com\\\/avatar\\\/a59b1be4fa5d200ee0af0ba4bbcdb691da1d589b419bae23d7aa5a15d820e28e?s=96&d=identicon&r=g\",\"caption\":\"joanna\"},\"sameAs\":[\"https:\\\/\\\/organiczni.baranowscy.eu\"],\"url\":\"https:\\\/\\\/baranowscy.eu\\\/wordpress\\\/author\\\/admin\\\/\"}]}<\/script>\n<!-- \/ Yoast SEO plugin. -->","yoast_head_json":{"title":"10 powod\u00f3w, dla kt\u00f3rych nie warto si\u0119 malowa\u0107 - organiczni.eu","description":"Od razu zaznaczam, \u017ce wymienione przeze mnie powody, dla kt\u00f3rych nie warto si\u0119 malowa\u0107, s\u0105 ca\u0142kowicie subiektywne, a ca\u0142y wpis ma charakter \u017cartobliwy.","robots":{"index":"index","follow":"follow","max-snippet":"max-snippet:-1","max-image-preview":"max-image-preview:large","max-video-preview":"max-video-preview:-1"},"canonical":"https:\/\/baranowscy.eu\/wordpress\/nie-warto-sie-malowac\/","og_locale":"pl_PL","og_type":"article","og_title":"10 powod\u00f3w, dla kt\u00f3rych nie warto si\u0119 malowa\u0107 - organiczni.eu","og_description":"Od razu zaznaczam, \u017ce wymienione przeze mnie powody, dla kt\u00f3rych nie warto si\u0119 malowa\u0107, s\u0105 ca\u0142kowicie subiektywne, a ca\u0142y wpis ma charakter \u017cartobliwy.","og_url":"https:\/\/baranowscy.eu\/wordpress\/nie-warto-sie-malowac\/","og_site_name":"organiczni.eu","article_publisher":"https:\/\/www.facebook.com\/organiczni\/","article_published_time":"2017-06-11T22:56:36+00:00","article_modified_time":"2017-06-12T08:29:02+00:00","og_image":[{"width":1200,"height":628,"url":"https:\/\/baranowscy.eu\/wordpress\/wp-content\/uploads\/2017\/06\/niewartosiemalowac_0.jpg","type":"image\/jpeg"}],"author":"joanna","twitter_card":"summary_large_image","twitter_misc":{"Napisane przez":"joanna","Szacowany czas czytania":"6 minut"},"schema":{"@context":"https:\/\/schema.org","@graph":[{"@type":"Article","@id":"https:\/\/baranowscy.eu\/wordpress\/nie-warto-sie-malowac\/#article","isPartOf":{"@id":"https:\/\/baranowscy.eu\/wordpress\/nie-warto-sie-malowac\/"},"author":{"name":"joanna","@id":"https:\/\/baranowscy.eu\/wordpress\/#\/schema\/person\/741d5f1f3fd2833c5ca2ffdaaa93dc73"},"headline":"10 powod\u00f3w, dla kt\u00f3rych nie warto si\u0119 malowa\u0107","datePublished":"2017-06-11T22:56:36+00:00","dateModified":"2017-06-12T08:29:02+00:00","mainEntityOfPage":{"@id":"https:\/\/baranowscy.eu\/wordpress\/nie-warto-sie-malowac\/"},"wordCount":1114,"commentCount":27,"publisher":{"@id":"https:\/\/baranowscy.eu\/wordpress\/#organization"},"image":{"@id":"https:\/\/baranowscy.eu\/wordpress\/nie-warto-sie-malowac\/#primaryimage"},"thumbnailUrl":"https:\/\/baranowscy.eu\/wordpress\/wp-content\/uploads\/2017\/06\/niewartosiemalowac_0.jpg","keywords":["demakija\u017c","Felicea","GLOV","kosmetyki mineralne","makija\u017c","ZAO","zero waste"],"articleSection":["kosmetyki i piel\u0119gnacja","s\u0142owo od autora","zero waste"],"inLanguage":"pl-PL","potentialAction":[{"@type":"CommentAction","name":"Comment","target":["https:\/\/baranowscy.eu\/wordpress\/nie-warto-sie-malowac\/#respond"]}]},{"@type":"WebPage","@id":"https:\/\/baranowscy.eu\/wordpress\/nie-warto-sie-malowac\/","url":"https:\/\/baranowscy.eu\/wordpress\/nie-warto-sie-malowac\/","name":"10 powod\u00f3w, dla kt\u00f3rych nie warto si\u0119 malowa\u0107 - organiczni.eu","isPartOf":{"@id":"https:\/\/baranowscy.eu\/wordpress\/#website"},"primaryImageOfPage":{"@id":"https:\/\/baranowscy.eu\/wordpress\/nie-warto-sie-malowac\/#primaryimage"},"image":{"@id":"https:\/\/baranowscy.eu\/wordpress\/nie-warto-sie-malowac\/#primaryimage"},"thumbnailUrl":"https:\/\/baranowscy.eu\/wordpress\/wp-content\/uploads\/2017\/06\/niewartosiemalowac_0.jpg","datePublished":"2017-06-11T22:56:36+00:00","dateModified":"2017-06-12T08:29:02+00:00","description":"Od razu zaznaczam, \u017ce wymienione przeze mnie powody, dla kt\u00f3rych nie warto si\u0119 malowa\u0107, s\u0105 ca\u0142kowicie subiektywne, a ca\u0142y wpis ma charakter \u017cartobliwy.","breadcrumb":{"@id":"https:\/\/baranowscy.eu\/wordpress\/nie-warto-sie-malowac\/#breadcrumb"},"inLanguage":"pl-PL","potentialAction":[{"@type":"ReadAction","target":["https:\/\/baranowscy.eu\/wordpress\/nie-warto-sie-malowac\/"]}]},{"@type":"ImageObject","inLanguage":"pl-PL","@id":"https:\/\/baranowscy.eu\/wordpress\/nie-warto-sie-malowac\/#primaryimage","url":"https:\/\/baranowscy.eu\/wordpress\/wp-content\/uploads\/2017\/06\/niewartosiemalowac_0.jpg","contentUrl":"https:\/\/baranowscy.eu\/wordpress\/wp-content\/uploads\/2017\/06\/niewartosiemalowac_0.jpg","width":1200,"height":628},{"@type":"BreadcrumbList","@id":"https:\/\/baranowscy.eu\/wordpress\/nie-warto-sie-malowac\/#breadcrumb","itemListElement":[{"@type":"ListItem","position":1,"name":"Strona g\u0142\u00f3wna","item":"https:\/\/baranowscy.eu\/wordpress\/"},{"@type":"ListItem","position":2,"name":"10 powod\u00f3w, dla kt\u00f3rych nie warto si\u0119 malowa\u0107"}]},{"@type":"WebSite","@id":"https:\/\/baranowscy.eu\/wordpress\/#website","url":"https:\/\/baranowscy.eu\/wordpress\/","name":"organiczni.eu","description":"Najbardziej wszechstronny blog ekologiczny","publisher":{"@id":"https:\/\/baranowscy.eu\/wordpress\/#organization"},"potentialAction":[{"@type":"SearchAction","target":{"@type":"EntryPoint","urlTemplate":"https:\/\/baranowscy.eu\/wordpress\/?s={search_term_string}"},"query-input":{"@type":"PropertyValueSpecification","valueRequired":true,"valueName":"search_term_string"}}],"inLanguage":"pl-PL"},{"@type":"Organization","@id":"https:\/\/baranowscy.eu\/wordpress\/#organization","name":"organiczni.eu","url":"https:\/\/baranowscy.eu\/wordpress\/","logo":{"@type":"ImageObject","inLanguage":"pl-PL","@id":"https:\/\/baranowscy.eu\/wordpress\/#\/schema\/logo\/image\/","url":"https:\/\/baranowscy.eu\/wordpress\/wp-content\/uploads\/2018\/01\/logo_duze.png","contentUrl":"https:\/\/baranowscy.eu\/wordpress\/wp-content\/uploads\/2018\/01\/logo_duze.png","width":1398,"height":300,"caption":"organiczni.eu"},"image":{"@id":"https:\/\/baranowscy.eu\/wordpress\/#\/schema\/logo\/image\/"},"sameAs":["https:\/\/www.facebook.com\/organiczni\/","https:\/\/www.instagram.com\/organiczni.eu\/"]},{"@type":"Person","@id":"https:\/\/baranowscy.eu\/wordpress\/#\/schema\/person\/741d5f1f3fd2833c5ca2ffdaaa93dc73","name":"joanna","image":{"@type":"ImageObject","inLanguage":"pl-PL","@id":"https:\/\/secure.gravatar.com\/avatar\/a59b1be4fa5d200ee0af0ba4bbcdb691da1d589b419bae23d7aa5a15d820e28e?s=96&d=identicon&r=g","url":"https:\/\/secure.gravatar.com\/avatar\/a59b1be4fa5d200ee0af0ba4bbcdb691da1d589b419bae23d7aa5a15d820e28e?s=96&d=identicon&r=g","contentUrl":"https:\/\/secure.gravatar.com\/avatar\/a59b1be4fa5d200ee0af0ba4bbcdb691da1d589b419bae23d7aa5a15d820e28e?s=96&d=identicon&r=g","caption":"joanna"},"sameAs":["https:\/\/organiczni.baranowscy.eu"],"url":"https:\/\/baranowscy.eu\/wordpress\/author\/admin\/"}]}},"jetpack_featured_media_url":"https:\/\/baranowscy.eu\/wordpress\/wp-content\/uploads\/2017\/06\/niewartosiemalowac_0.jpg","jetpack_sharing_enabled":true,"_links":{"self":[{"href":"https:\/\/baranowscy.eu\/wordpress\/wp-json\/wp\/v2\/posts\/6613","targetHints":{"allow":["GET"]}}],"collection":[{"href":"https:\/\/baranowscy.eu\/wordpress\/wp-json\/wp\/v2\/posts"}],"about":[{"href":"https:\/\/baranowscy.eu\/wordpress\/wp-json\/wp\/v2\/types\/post"}],"author":[{"embeddable":true,"href":"https:\/\/baranowscy.eu\/wordpress\/wp-json\/wp\/v2\/users\/1"}],"replies":[{"embeddable":true,"href":"https:\/\/baranowscy.eu\/wordpress\/wp-json\/wp\/v2\/comments?post=6613"}],"version-history":[{"count":4,"href":"https:\/\/baranowscy.eu\/wordpress\/wp-json\/wp\/v2\/posts\/6613\/revisions"}],"predecessor-version":[{"id":6621,"href":"https:\/\/baranowscy.eu\/wordpress\/wp-json\/wp\/v2\/posts\/6613\/revisions\/6621"}],"wp:featuredmedia":[{"embeddable":true,"href":"https:\/\/baranowscy.eu\/wordpress\/wp-json\/wp\/v2\/media\/6620"}],"wp:attachment":[{"href":"https:\/\/baranowscy.eu\/wordpress\/wp-json\/wp\/v2\/media?parent=6613"}],"wp:term":[{"taxonomy":"category","embeddable":true,"href":"https:\/\/baranowscy.eu\/wordpress\/wp-json\/wp\/v2\/categories?post=6613"},{"taxonomy":"post_tag","embeddable":true,"href":"https:\/\/baranowscy.eu\/wordpress\/wp-json\/wp\/v2\/tags?post=6613"}],"curies":[{"name":"wp","href":"https:\/\/api.w.org\/{rel}","templated":true}]}}