{"id":6057,"date":"2016-11-30T13:42:03","date_gmt":"2016-11-30T12:42:03","guid":{"rendered":"http:\/\/baranowscy.eu\/wordpress\/?p=6057"},"modified":"2016-12-01T23:53:10","modified_gmt":"2016-12-01T22:53:10","slug":"jak-zrobic-naturalny-tusz-do-pieczatek","status":"publish","type":"post","link":"https:\/\/baranowscy.eu\/wordpress\/jak-zrobic-naturalny-tusz-do-pieczatek\/","title":{"rendered":"Jak zrobi\u0107 naturalny tusz do piecz\u0105tek?"},"content":{"rendered":"<p><strong>Jak zrobi\u0107 naturalny tusz do piecz\u0105tek, je\u015bli chcemy, aby by\u0142 w 100% bezpieczny, biodegradowalny i jadalny? Oczywi\u015bcie w kuchni. Wiadomo, to tylko zabawa i takich tusz\u00f3w nie u\u017cyjecie raczej do firmowych piecz\u0119ci, natomiast \u015bmia\u0142o mo\u017cecie przygotowa\u0107 je z dzie\u0107mi, kt\u00f3re przy okazji poznaj\u0105 np. smak soku z buraka.<\/strong><\/p>\n<figure id=\"attachment_6066\" aria-describedby=\"caption-attachment-6066\" style=\"width: 640px\" class=\"wp-caption aligncenter\"><a href=\"https:\/\/baranowscy.eu\/wordpress\/wp-content\/uploads\/2016\/11\/naturalny_tusz_do_pieczatek_1.jpg\"><img loading=\"lazy\" decoding=\"async\" class=\"size-full wp-image-6066\" src=\"https:\/\/baranowscy.eu\/wordpress\/wp-content\/uploads\/2016\/11\/naturalny_tusz_do_pieczatek_1.jpg\" alt=\"Jak zrobi\u0107 naturalny tusz do piecz\u0105tek?\" width=\"640\" height=\"427\" srcset=\"https:\/\/baranowscy.eu\/wordpress\/wp-content\/uploads\/2016\/11\/naturalny_tusz_do_pieczatek_1.jpg 640w, https:\/\/baranowscy.eu\/wordpress\/wp-content\/uploads\/2016\/11\/naturalny_tusz_do_pieczatek_1-300x200.jpg 300w, https:\/\/baranowscy.eu\/wordpress\/wp-content\/uploads\/2016\/11\/naturalny_tusz_do_pieczatek_1-600x400.jpg 600w\" sizes=\"auto, (max-width: 640px) 100vw, 640px\" \/><\/a><figcaption id=\"caption-attachment-6066\" class=\"wp-caption-text\">Jak zrobi\u0107 naturalny tusz do piecz\u0105tek?<\/figcaption><\/figure>\n<p>Naturalne tusze do piecz\u0105tek przysz\u0142y mi do g\u0142owy dzi\u015b rano, kiedy odprowadza\u0142am syna do szko\u0142y i na klatce schodowej, na p\u00f3\u0142ce typu &#8222;s\u0105siedzie, chcesz, to bierz&#8221; zobaczy\u0142am trzy bardzo niedzisiejsze piecz\u0105tki. Piecz\u0105tki zabra\u0142am, syna odprowadzi\u0142am i zacz\u0119\u0142am si\u0119 zastanawia\u0107 &#8211; jak je wykorzysta\u0107, \u017ceby by\u0142o ciekawie?<!--more--><\/p>\n<p>Pomy\u015bla\u0142am, \u017ce nigdy nie mia\u0142am okazji zrobi\u0107 w\u0142asnych tusz\u00f3w do piecz\u0105tek. W dodatku nigdzie nie widzia\u0142am przepisu na takie tusze. Pozosta\u0142a mi wi\u0119c improwizacja, zawarto\u015b\u0107 lod\u00f3wki oraz stara sokowir\u00f3wka. Zatem do dzie\u0142a.<\/p>\n<figure id=\"attachment_6062\" aria-describedby=\"caption-attachment-6062\" style=\"width: 640px\" class=\"wp-caption aligncenter\"><a href=\"https:\/\/baranowscy.eu\/wordpress\/wp-content\/uploads\/2016\/11\/pieczatki_1.jpg\"><img loading=\"lazy\" decoding=\"async\" class=\"size-full wp-image-6062\" src=\"https:\/\/baranowscy.eu\/wordpress\/wp-content\/uploads\/2016\/11\/pieczatki_1.jpg\" alt=\"Drewniane piecz\u0105tki\" width=\"640\" height=\"427\" srcset=\"https:\/\/baranowscy.eu\/wordpress\/wp-content\/uploads\/2016\/11\/pieczatki_1.jpg 640w, https:\/\/baranowscy.eu\/wordpress\/wp-content\/uploads\/2016\/11\/pieczatki_1-300x200.jpg 300w, https:\/\/baranowscy.eu\/wordpress\/wp-content\/uploads\/2016\/11\/pieczatki_1-600x400.jpg 600w\" sizes=\"auto, (max-width: 640px) 100vw, 640px\" \/><\/a><figcaption id=\"caption-attachment-6062\" class=\"wp-caption-text\">Drewniane piecz\u0105tki<\/figcaption><\/figure>\n<h2><strong>Jak zrobi\u0107 naturalny tusz do piecz\u0105tek &#8211; przepis<\/strong><\/h2>\n<p>Na pocz\u0105tek potrzebujemy <strong>kilku kolorowych warzyw<\/strong> &#8211; nie musz\u0105 to by\u0107 du\u017ce ilo\u015bci, ale za to wa\u017cna jest r\u00f3\u017cnorodno\u015b\u0107 barw. Sama wybra\u0142am:<\/p>\n<ul>\n<li>czerwon\u0105 kapust\u0119,<\/li>\n<li>purpurow\u0105 marchewk\u0119,<\/li>\n<li>\u017c\u00f3\u0142tego buraka.<\/li>\n<\/ul>\n<p>Do tego b\u0119dziemy jeszcze potrzebowa\u0107:<\/p>\n<ul>\n<li><strong>sokowir\u00f3wki<\/strong> lub wyciskarki,<\/li>\n<li><strong>pojemniczk\u00f3w<\/strong>,<\/li>\n<li>starych<strong> g\u0105bek<\/strong> do zmywania,<\/li>\n<li><strong>piecz\u0105tek<\/strong> (<a href=\"https:\/\/baranowscy.eu\/wordpress\/pieczatki-z-ziemniaka\/\" target=\"_blank\">oczywi\u015bcie mo\u017cemy zrobi\u0107 je sami<\/a>).<\/li>\n<\/ul>\n<figure id=\"attachment_6060\" aria-describedby=\"caption-attachment-6060\" style=\"width: 640px\" class=\"wp-caption aligncenter\"><a href=\"https:\/\/baranowscy.eu\/wordpress\/wp-content\/uploads\/2016\/11\/kolorowe_warzywa.jpg\"><img loading=\"lazy\" decoding=\"async\" class=\"size-full wp-image-6060\" src=\"https:\/\/baranowscy.eu\/wordpress\/wp-content\/uploads\/2016\/11\/kolorowe_warzywa.jpg\" alt=\"Im wi\u0119cej kolorowych warzyw, tym lepiej\" width=\"640\" height=\"427\" srcset=\"https:\/\/baranowscy.eu\/wordpress\/wp-content\/uploads\/2016\/11\/kolorowe_warzywa.jpg 640w, https:\/\/baranowscy.eu\/wordpress\/wp-content\/uploads\/2016\/11\/kolorowe_warzywa-300x200.jpg 300w, https:\/\/baranowscy.eu\/wordpress\/wp-content\/uploads\/2016\/11\/kolorowe_warzywa-600x400.jpg 600w\" sizes=\"auto, (max-width: 640px) 100vw, 640px\" \/><\/a><figcaption id=\"caption-attachment-6060\" class=\"wp-caption-text\">Im wi\u0119cej kolorowych warzyw, tym lepiej<\/figcaption><\/figure>\n<p>Po zgromadzeniu potrzebnych akcesori\u00f3w zabra\u0142am si\u0119 do pracy. Pocz\u0105wszy od najja\u015bniejszego warzywa, wszystko l\u0105dowa\u0142o w sokowir\u00f3wce: burak, marchewka i kapusta. <strong>I tak powsta\u0142y trzy soki:<\/strong> \u017c\u00f3\u0142ty, buropomara\u0144czowy i fioletowy, kt\u00f3re w dodatku pi\u0119knie pachnia\u0142y. (Resztki z sokowir\u00f3wki zjad\u0142am z oliw\u0105, sokiem z cytryny i sol\u0105).<\/p>\n<figure id=\"attachment_6061\" aria-describedby=\"caption-attachment-6061\" style=\"width: 640px\" class=\"wp-caption aligncenter\"><a href=\"https:\/\/baranowscy.eu\/wordpress\/wp-content\/uploads\/2016\/11\/naturalny_tusz_2.jpg\"><img loading=\"lazy\" decoding=\"async\" class=\"size-full wp-image-6061\" src=\"https:\/\/baranowscy.eu\/wordpress\/wp-content\/uploads\/2016\/11\/naturalny_tusz_2.jpg\" alt=\"Sok z \u017c\u00f3\u0142tego buraka\" width=\"640\" height=\"427\" srcset=\"https:\/\/baranowscy.eu\/wordpress\/wp-content\/uploads\/2016\/11\/naturalny_tusz_2.jpg 640w, https:\/\/baranowscy.eu\/wordpress\/wp-content\/uploads\/2016\/11\/naturalny_tusz_2-300x200.jpg 300w, https:\/\/baranowscy.eu\/wordpress\/wp-content\/uploads\/2016\/11\/naturalny_tusz_2-600x400.jpg 600w\" sizes=\"auto, (max-width: 640px) 100vw, 640px\" \/><\/a><figcaption id=\"caption-attachment-6061\" class=\"wp-caption-text\">Sok z \u017c\u00f3\u0142tego buraka<\/figcaption><\/figure>\n<p><strong>Soki wla\u0142am do p\u0142askich pojemniczk\u00f3w, do kt\u00f3rych w\u0142o\u017cy\u0142am kawa\u0142ki zu\u017cytych g\u0105bek do zmywania.<\/strong> Nas\u0105czone g\u0105beczki u\u0142atwiaj\u0105 nabieranie tuszu w odpowiedniej ilo\u015bci.<\/p>\n<p><strong>Tak jak s\u0105dzi\u0142am, sok z kapusty okaza\u0142 si\u0119 najbardziej efektowny.<\/strong> Intensywny fiolet \u015bmia\u0142o mo\u017ce udawa\u0107 profesjonalny tusz (ale nie polecam go trzyma\u0107 w biurze ze wzgl\u0119du na mocny zapach). Marchewka te\u017c daje rad\u0119, natomiast \u017c\u00f3\u0142ty buraczek wychodzi ledwo ledwo. Tak wi\u0119c b\u0119dziemy musieli sprawdzi\u0107 r\u00f3wnie\u017c inne warzywa w poszukiwaniu intensywnej \u017c\u00f3\u0142ci &#8211; mo\u017ce dynia?<\/p>\n<figure id=\"attachment_6063\" aria-describedby=\"caption-attachment-6063\" style=\"width: 640px\" class=\"wp-caption aligncenter\"><a href=\"https:\/\/baranowscy.eu\/wordpress\/wp-content\/uploads\/2016\/11\/naturalny_tusz_3.jpg\"><img loading=\"lazy\" decoding=\"async\" class=\"size-full wp-image-6063\" src=\"https:\/\/baranowscy.eu\/wordpress\/wp-content\/uploads\/2016\/11\/naturalny_tusz_3.jpg\" alt=\"Naturalny tusz z czerwonej kapusty\" width=\"640\" height=\"427\" srcset=\"https:\/\/baranowscy.eu\/wordpress\/wp-content\/uploads\/2016\/11\/naturalny_tusz_3.jpg 640w, https:\/\/baranowscy.eu\/wordpress\/wp-content\/uploads\/2016\/11\/naturalny_tusz_3-300x200.jpg 300w, https:\/\/baranowscy.eu\/wordpress\/wp-content\/uploads\/2016\/11\/naturalny_tusz_3-600x400.jpg 600w\" sizes=\"auto, (max-width: 640px) 100vw, 640px\" \/><\/a><figcaption id=\"caption-attachment-6063\" class=\"wp-caption-text\">Naturalny tusz z czerwonej kapusty<\/figcaption><\/figure>\n<p>Takie kolorowe warzywne tusze \u015bwietnie sprawdz\u0105 si\u0119 w okresie przed\u015bwi\u0105tecznym, gdy dzieci z przyjemno\u015bci\u0105 zajmuj\u0105 si\u0119 tworzeniem ozd\u00f3b choinkowych itp. Soki z warzyw sprawdz\u0105 si\u0119 jako naturalne farby, kt\u00f3re \u015bmia\u0142o oddamy w r\u0119ce nawet rocznego dziecka &#8211; oczywi\u015bcie zawsze pod kontrol\u0105 rodzic\u00f3w.<\/p>\n<p><strong>Czekam na Wasze pomys\u0142y, jakie kolory mo\u017cemy uzyska\u0107 z warzyw i owoc\u00f3w!<\/strong><\/p>\n","protected":false},"excerpt":{"rendered":"<p>Jak zrobi\u0107 naturalny tusz do piecz\u0105tek, je\u015bli chcemy, aby by\u0142 w 100% bezpieczny, biodegradowalny i jadalny? Oczywi\u015bcie w kuchni. Wiadomo, to tylko zabawa i takich&hellip;<\/p>\n","protected":false},"author":1,"featured_media":6063,"comment_status":"open","ping_status":"open","sticky":false,"template":"","format":"standard","meta":{"_jetpack_memberships_contains_paid_content":false,"footnotes":""},"categories":[3,40,1148],"tags":[44,1342,1149,1150,1151,1152,1336,29,976],"class_list":["post-6057","post","type-post","status-publish","format-standard","has-post-thumbnail","hentry","category-przepisy","category-zabawy-i-zabawki","category-zero-waste","tag-dzieci","tag-ekozabawki","tag-kapusta","tag-marchewka","tag-naturalny-tusz","tag-pieczatki","tag-przepisy","tag-recenzja","tag-zolte-buraki"],"yoast_head":"<!-- This site is optimized with the Yoast SEO plugin v27.4 - https:\/\/yoast.com\/product\/yoast-seo-wordpress\/ -->\n<title>Jak zrobi\u0107 naturalny tusz do piecz\u0105tek? - organiczni.eu<\/title>\n<meta name=\"description\" content=\"Jak zrobi\u0107 naturalny tusz do piecz\u0105tek, je\u015bli chcemy, aby by\u0142 w 100% bezpieczny, biodegradowalny i jadalny? Oczywi\u015bcie w kuchni.\" \/>\n<meta name=\"robots\" content=\"index, follow, max-snippet:-1, max-image-preview:large, max-video-preview:-1\" \/>\n<link rel=\"canonical\" href=\"https:\/\/baranowscy.eu\/wordpress\/jak-zrobic-naturalny-tusz-do-pieczatek\/\" \/>\n<meta property=\"og:locale\" content=\"pl_PL\" \/>\n<meta property=\"og:type\" content=\"article\" \/>\n<meta property=\"og:title\" content=\"Jak zrobi\u0107 naturalny tusz do piecz\u0105tek? - organiczni.eu\" \/>\n<meta property=\"og:description\" content=\"Jak zrobi\u0107 naturalny tusz do piecz\u0105tek, je\u015bli chcemy, aby by\u0142 w 100% bezpieczny, biodegradowalny i jadalny? Oczywi\u015bcie w kuchni.\" \/>\n<meta property=\"og:url\" content=\"https:\/\/baranowscy.eu\/wordpress\/jak-zrobic-naturalny-tusz-do-pieczatek\/\" \/>\n<meta property=\"og:site_name\" content=\"organiczni.eu\" \/>\n<meta property=\"article:publisher\" content=\"https:\/\/www.facebook.com\/organiczni\/\" \/>\n<meta property=\"article:published_time\" content=\"2016-11-30T12:42:03+00:00\" \/>\n<meta property=\"article:modified_time\" content=\"2016-12-01T22:53:10+00:00\" \/>\n<meta property=\"og:image\" content=\"https:\/\/baranowscy.eu\/wordpress\/wp-content\/uploads\/2016\/11\/naturalny_tusz_do_pieczatek.jpg\" \/>\n\t<meta property=\"og:image:width\" content=\"1200\" \/>\n\t<meta property=\"og:image:height\" content=\"630\" \/>\n\t<meta property=\"og:image:type\" content=\"image\/jpeg\" \/>\n<meta name=\"author\" content=\"joanna\" \/>\n<meta name=\"twitter:card\" content=\"summary_large_image\" \/>\n<meta name=\"twitter:label1\" content=\"Napisane przez\" \/>\n\t<meta name=\"twitter:data1\" content=\"joanna\" \/>\n\t<meta name=\"twitter:label2\" content=\"Szacowany czas czytania\" \/>\n\t<meta name=\"twitter:data2\" content=\"3 minuty\" \/>\n<script type=\"application\/ld+json\" class=\"yoast-schema-graph\">{\"@context\":\"https:\\\/\\\/schema.org\",\"@graph\":[{\"@type\":\"Article\",\"@id\":\"https:\\\/\\\/baranowscy.eu\\\/wordpress\\\/jak-zrobic-naturalny-tusz-do-pieczatek\\\/#article\",\"isPartOf\":{\"@id\":\"https:\\\/\\\/baranowscy.eu\\\/wordpress\\\/jak-zrobic-naturalny-tusz-do-pieczatek\\\/\"},\"author\":{\"name\":\"joanna\",\"@id\":\"https:\\\/\\\/baranowscy.eu\\\/wordpress\\\/#\\\/schema\\\/person\\\/741d5f1f3fd2833c5ca2ffdaaa93dc73\"},\"headline\":\"Jak zrobi\u0107 naturalny tusz do piecz\u0105tek?\",\"datePublished\":\"2016-11-30T12:42:03+00:00\",\"dateModified\":\"2016-12-01T22:53:10+00:00\",\"mainEntityOfPage\":{\"@id\":\"https:\\\/\\\/baranowscy.eu\\\/wordpress\\\/jak-zrobic-naturalny-tusz-do-pieczatek\\\/\"},\"wordCount\":521,\"commentCount\":8,\"publisher\":{\"@id\":\"https:\\\/\\\/baranowscy.eu\\\/wordpress\\\/#organization\"},\"image\":{\"@id\":\"https:\\\/\\\/baranowscy.eu\\\/wordpress\\\/jak-zrobic-naturalny-tusz-do-pieczatek\\\/#primaryimage\"},\"thumbnailUrl\":\"https:\\\/\\\/baranowscy.eu\\\/wordpress\\\/wp-content\\\/uploads\\\/2016\\\/11\\\/naturalny_tusz_3.jpg\",\"keywords\":[\"dzieci\",\"ekozabawki\",\"kapusta\",\"marchewka\",\"naturalny tusz\",\"piecz\u0105tki\",\"przepisy\",\"recenzja\",\"\u017c\u00f3\u0142te buraki\"],\"articleSection\":[\"przepisy\",\"zabawy i zabawki\",\"zero waste\"],\"inLanguage\":\"pl-PL\",\"potentialAction\":[{\"@type\":\"CommentAction\",\"name\":\"Comment\",\"target\":[\"https:\\\/\\\/baranowscy.eu\\\/wordpress\\\/jak-zrobic-naturalny-tusz-do-pieczatek\\\/#respond\"]}]},{\"@type\":\"WebPage\",\"@id\":\"https:\\\/\\\/baranowscy.eu\\\/wordpress\\\/jak-zrobic-naturalny-tusz-do-pieczatek\\\/\",\"url\":\"https:\\\/\\\/baranowscy.eu\\\/wordpress\\\/jak-zrobic-naturalny-tusz-do-pieczatek\\\/\",\"name\":\"Jak zrobi\u0107 naturalny tusz do piecz\u0105tek? - organiczni.eu\",\"isPartOf\":{\"@id\":\"https:\\\/\\\/baranowscy.eu\\\/wordpress\\\/#website\"},\"primaryImageOfPage\":{\"@id\":\"https:\\\/\\\/baranowscy.eu\\\/wordpress\\\/jak-zrobic-naturalny-tusz-do-pieczatek\\\/#primaryimage\"},\"image\":{\"@id\":\"https:\\\/\\\/baranowscy.eu\\\/wordpress\\\/jak-zrobic-naturalny-tusz-do-pieczatek\\\/#primaryimage\"},\"thumbnailUrl\":\"https:\\\/\\\/baranowscy.eu\\\/wordpress\\\/wp-content\\\/uploads\\\/2016\\\/11\\\/naturalny_tusz_3.jpg\",\"datePublished\":\"2016-11-30T12:42:03+00:00\",\"dateModified\":\"2016-12-01T22:53:10+00:00\",\"description\":\"Jak zrobi\u0107 naturalny tusz do piecz\u0105tek, je\u015bli chcemy, aby by\u0142 w 100% bezpieczny, biodegradowalny i jadalny? Oczywi\u015bcie w kuchni.\",\"breadcrumb\":{\"@id\":\"https:\\\/\\\/baranowscy.eu\\\/wordpress\\\/jak-zrobic-naturalny-tusz-do-pieczatek\\\/#breadcrumb\"},\"inLanguage\":\"pl-PL\",\"potentialAction\":[{\"@type\":\"ReadAction\",\"target\":[\"https:\\\/\\\/baranowscy.eu\\\/wordpress\\\/jak-zrobic-naturalny-tusz-do-pieczatek\\\/\"]}]},{\"@type\":\"ImageObject\",\"inLanguage\":\"pl-PL\",\"@id\":\"https:\\\/\\\/baranowscy.eu\\\/wordpress\\\/jak-zrobic-naturalny-tusz-do-pieczatek\\\/#primaryimage\",\"url\":\"https:\\\/\\\/baranowscy.eu\\\/wordpress\\\/wp-content\\\/uploads\\\/2016\\\/11\\\/naturalny_tusz_3.jpg\",\"contentUrl\":\"https:\\\/\\\/baranowscy.eu\\\/wordpress\\\/wp-content\\\/uploads\\\/2016\\\/11\\\/naturalny_tusz_3.jpg\",\"width\":640,\"height\":427,\"caption\":\"Naturalny tusz z czerwonej kapusty\"},{\"@type\":\"BreadcrumbList\",\"@id\":\"https:\\\/\\\/baranowscy.eu\\\/wordpress\\\/jak-zrobic-naturalny-tusz-do-pieczatek\\\/#breadcrumb\",\"itemListElement\":[{\"@type\":\"ListItem\",\"position\":1,\"name\":\"Strona g\u0142\u00f3wna\",\"item\":\"https:\\\/\\\/baranowscy.eu\\\/wordpress\\\/\"},{\"@type\":\"ListItem\",\"position\":2,\"name\":\"Jak zrobi\u0107 naturalny tusz do piecz\u0105tek?\"}]},{\"@type\":\"WebSite\",\"@id\":\"https:\\\/\\\/baranowscy.eu\\\/wordpress\\\/#website\",\"url\":\"https:\\\/\\\/baranowscy.eu\\\/wordpress\\\/\",\"name\":\"organiczni.eu\",\"description\":\"Najbardziej wszechstronny blog ekologiczny\",\"publisher\":{\"@id\":\"https:\\\/\\\/baranowscy.eu\\\/wordpress\\\/#organization\"},\"potentialAction\":[{\"@type\":\"SearchAction\",\"target\":{\"@type\":\"EntryPoint\",\"urlTemplate\":\"https:\\\/\\\/baranowscy.eu\\\/wordpress\\\/?s={search_term_string}\"},\"query-input\":{\"@type\":\"PropertyValueSpecification\",\"valueRequired\":true,\"valueName\":\"search_term_string\"}}],\"inLanguage\":\"pl-PL\"},{\"@type\":\"Organization\",\"@id\":\"https:\\\/\\\/baranowscy.eu\\\/wordpress\\\/#organization\",\"name\":\"organiczni.eu\",\"url\":\"https:\\\/\\\/baranowscy.eu\\\/wordpress\\\/\",\"logo\":{\"@type\":\"ImageObject\",\"inLanguage\":\"pl-PL\",\"@id\":\"https:\\\/\\\/baranowscy.eu\\\/wordpress\\\/#\\\/schema\\\/logo\\\/image\\\/\",\"url\":\"https:\\\/\\\/baranowscy.eu\\\/wordpress\\\/wp-content\\\/uploads\\\/2018\\\/01\\\/logo_duze.png\",\"contentUrl\":\"https:\\\/\\\/baranowscy.eu\\\/wordpress\\\/wp-content\\\/uploads\\\/2018\\\/01\\\/logo_duze.png\",\"width\":1398,\"height\":300,\"caption\":\"organiczni.eu\"},\"image\":{\"@id\":\"https:\\\/\\\/baranowscy.eu\\\/wordpress\\\/#\\\/schema\\\/logo\\\/image\\\/\"},\"sameAs\":[\"https:\\\/\\\/www.facebook.com\\\/organiczni\\\/\",\"https:\\\/\\\/www.instagram.com\\\/organiczni.eu\\\/\"]},{\"@type\":\"Person\",\"@id\":\"https:\\\/\\\/baranowscy.eu\\\/wordpress\\\/#\\\/schema\\\/person\\\/741d5f1f3fd2833c5ca2ffdaaa93dc73\",\"name\":\"joanna\",\"image\":{\"@type\":\"ImageObject\",\"inLanguage\":\"pl-PL\",\"@id\":\"https:\\\/\\\/secure.gravatar.com\\\/avatar\\\/a59b1be4fa5d200ee0af0ba4bbcdb691da1d589b419bae23d7aa5a15d820e28e?s=96&d=identicon&r=g\",\"url\":\"https:\\\/\\\/secure.gravatar.com\\\/avatar\\\/a59b1be4fa5d200ee0af0ba4bbcdb691da1d589b419bae23d7aa5a15d820e28e?s=96&d=identicon&r=g\",\"contentUrl\":\"https:\\\/\\\/secure.gravatar.com\\\/avatar\\\/a59b1be4fa5d200ee0af0ba4bbcdb691da1d589b419bae23d7aa5a15d820e28e?s=96&d=identicon&r=g\",\"caption\":\"joanna\"},\"sameAs\":[\"https:\\\/\\\/organiczni.baranowscy.eu\"],\"url\":\"https:\\\/\\\/baranowscy.eu\\\/wordpress\\\/author\\\/admin\\\/\"}]}<\/script>\n<!-- \/ Yoast SEO plugin. -->","yoast_head_json":{"title":"Jak zrobi\u0107 naturalny tusz do piecz\u0105tek? - organiczni.eu","description":"Jak zrobi\u0107 naturalny tusz do piecz\u0105tek, je\u015bli chcemy, aby by\u0142 w 100% bezpieczny, biodegradowalny i jadalny? Oczywi\u015bcie w kuchni.","robots":{"index":"index","follow":"follow","max-snippet":"max-snippet:-1","max-image-preview":"max-image-preview:large","max-video-preview":"max-video-preview:-1"},"canonical":"https:\/\/baranowscy.eu\/wordpress\/jak-zrobic-naturalny-tusz-do-pieczatek\/","og_locale":"pl_PL","og_type":"article","og_title":"Jak zrobi\u0107 naturalny tusz do piecz\u0105tek? - organiczni.eu","og_description":"Jak zrobi\u0107 naturalny tusz do piecz\u0105tek, je\u015bli chcemy, aby by\u0142 w 100% bezpieczny, biodegradowalny i jadalny? Oczywi\u015bcie w kuchni.","og_url":"https:\/\/baranowscy.eu\/wordpress\/jak-zrobic-naturalny-tusz-do-pieczatek\/","og_site_name":"organiczni.eu","article_publisher":"https:\/\/www.facebook.com\/organiczni\/","article_published_time":"2016-11-30T12:42:03+00:00","article_modified_time":"2016-12-01T22:53:10+00:00","og_image":[{"width":1200,"height":630,"url":"https:\/\/baranowscy.eu\/wordpress\/wp-content\/uploads\/2016\/11\/naturalny_tusz_do_pieczatek.jpg","type":"image\/jpeg"}],"author":"joanna","twitter_card":"summary_large_image","twitter_misc":{"Napisane przez":"joanna","Szacowany czas czytania":"3 minuty"},"schema":{"@context":"https:\/\/schema.org","@graph":[{"@type":"Article","@id":"https:\/\/baranowscy.eu\/wordpress\/jak-zrobic-naturalny-tusz-do-pieczatek\/#article","isPartOf":{"@id":"https:\/\/baranowscy.eu\/wordpress\/jak-zrobic-naturalny-tusz-do-pieczatek\/"},"author":{"name":"joanna","@id":"https:\/\/baranowscy.eu\/wordpress\/#\/schema\/person\/741d5f1f3fd2833c5ca2ffdaaa93dc73"},"headline":"Jak zrobi\u0107 naturalny tusz do piecz\u0105tek?","datePublished":"2016-11-30T12:42:03+00:00","dateModified":"2016-12-01T22:53:10+00:00","mainEntityOfPage":{"@id":"https:\/\/baranowscy.eu\/wordpress\/jak-zrobic-naturalny-tusz-do-pieczatek\/"},"wordCount":521,"commentCount":8,"publisher":{"@id":"https:\/\/baranowscy.eu\/wordpress\/#organization"},"image":{"@id":"https:\/\/baranowscy.eu\/wordpress\/jak-zrobic-naturalny-tusz-do-pieczatek\/#primaryimage"},"thumbnailUrl":"https:\/\/baranowscy.eu\/wordpress\/wp-content\/uploads\/2016\/11\/naturalny_tusz_3.jpg","keywords":["dzieci","ekozabawki","kapusta","marchewka","naturalny tusz","piecz\u0105tki","przepisy","recenzja","\u017c\u00f3\u0142te buraki"],"articleSection":["przepisy","zabawy i zabawki","zero waste"],"inLanguage":"pl-PL","potentialAction":[{"@type":"CommentAction","name":"Comment","target":["https:\/\/baranowscy.eu\/wordpress\/jak-zrobic-naturalny-tusz-do-pieczatek\/#respond"]}]},{"@type":"WebPage","@id":"https:\/\/baranowscy.eu\/wordpress\/jak-zrobic-naturalny-tusz-do-pieczatek\/","url":"https:\/\/baranowscy.eu\/wordpress\/jak-zrobic-naturalny-tusz-do-pieczatek\/","name":"Jak zrobi\u0107 naturalny tusz do piecz\u0105tek? - organiczni.eu","isPartOf":{"@id":"https:\/\/baranowscy.eu\/wordpress\/#website"},"primaryImageOfPage":{"@id":"https:\/\/baranowscy.eu\/wordpress\/jak-zrobic-naturalny-tusz-do-pieczatek\/#primaryimage"},"image":{"@id":"https:\/\/baranowscy.eu\/wordpress\/jak-zrobic-naturalny-tusz-do-pieczatek\/#primaryimage"},"thumbnailUrl":"https:\/\/baranowscy.eu\/wordpress\/wp-content\/uploads\/2016\/11\/naturalny_tusz_3.jpg","datePublished":"2016-11-30T12:42:03+00:00","dateModified":"2016-12-01T22:53:10+00:00","description":"Jak zrobi\u0107 naturalny tusz do piecz\u0105tek, je\u015bli chcemy, aby by\u0142 w 100% bezpieczny, biodegradowalny i jadalny? Oczywi\u015bcie w kuchni.","breadcrumb":{"@id":"https:\/\/baranowscy.eu\/wordpress\/jak-zrobic-naturalny-tusz-do-pieczatek\/#breadcrumb"},"inLanguage":"pl-PL","potentialAction":[{"@type":"ReadAction","target":["https:\/\/baranowscy.eu\/wordpress\/jak-zrobic-naturalny-tusz-do-pieczatek\/"]}]},{"@type":"ImageObject","inLanguage":"pl-PL","@id":"https:\/\/baranowscy.eu\/wordpress\/jak-zrobic-naturalny-tusz-do-pieczatek\/#primaryimage","url":"https:\/\/baranowscy.eu\/wordpress\/wp-content\/uploads\/2016\/11\/naturalny_tusz_3.jpg","contentUrl":"https:\/\/baranowscy.eu\/wordpress\/wp-content\/uploads\/2016\/11\/naturalny_tusz_3.jpg","width":640,"height":427,"caption":"Naturalny tusz z czerwonej kapusty"},{"@type":"BreadcrumbList","@id":"https:\/\/baranowscy.eu\/wordpress\/jak-zrobic-naturalny-tusz-do-pieczatek\/#breadcrumb","itemListElement":[{"@type":"ListItem","position":1,"name":"Strona g\u0142\u00f3wna","item":"https:\/\/baranowscy.eu\/wordpress\/"},{"@type":"ListItem","position":2,"name":"Jak zrobi\u0107 naturalny tusz do piecz\u0105tek?"}]},{"@type":"WebSite","@id":"https:\/\/baranowscy.eu\/wordpress\/#website","url":"https:\/\/baranowscy.eu\/wordpress\/","name":"organiczni.eu","description":"Najbardziej wszechstronny blog ekologiczny","publisher":{"@id":"https:\/\/baranowscy.eu\/wordpress\/#organization"},"potentialAction":[{"@type":"SearchAction","target":{"@type":"EntryPoint","urlTemplate":"https:\/\/baranowscy.eu\/wordpress\/?s={search_term_string}"},"query-input":{"@type":"PropertyValueSpecification","valueRequired":true,"valueName":"search_term_string"}}],"inLanguage":"pl-PL"},{"@type":"Organization","@id":"https:\/\/baranowscy.eu\/wordpress\/#organization","name":"organiczni.eu","url":"https:\/\/baranowscy.eu\/wordpress\/","logo":{"@type":"ImageObject","inLanguage":"pl-PL","@id":"https:\/\/baranowscy.eu\/wordpress\/#\/schema\/logo\/image\/","url":"https:\/\/baranowscy.eu\/wordpress\/wp-content\/uploads\/2018\/01\/logo_duze.png","contentUrl":"https:\/\/baranowscy.eu\/wordpress\/wp-content\/uploads\/2018\/01\/logo_duze.png","width":1398,"height":300,"caption":"organiczni.eu"},"image":{"@id":"https:\/\/baranowscy.eu\/wordpress\/#\/schema\/logo\/image\/"},"sameAs":["https:\/\/www.facebook.com\/organiczni\/","https:\/\/www.instagram.com\/organiczni.eu\/"]},{"@type":"Person","@id":"https:\/\/baranowscy.eu\/wordpress\/#\/schema\/person\/741d5f1f3fd2833c5ca2ffdaaa93dc73","name":"joanna","image":{"@type":"ImageObject","inLanguage":"pl-PL","@id":"https:\/\/secure.gravatar.com\/avatar\/a59b1be4fa5d200ee0af0ba4bbcdb691da1d589b419bae23d7aa5a15d820e28e?s=96&d=identicon&r=g","url":"https:\/\/secure.gravatar.com\/avatar\/a59b1be4fa5d200ee0af0ba4bbcdb691da1d589b419bae23d7aa5a15d820e28e?s=96&d=identicon&r=g","contentUrl":"https:\/\/secure.gravatar.com\/avatar\/a59b1be4fa5d200ee0af0ba4bbcdb691da1d589b419bae23d7aa5a15d820e28e?s=96&d=identicon&r=g","caption":"joanna"},"sameAs":["https:\/\/organiczni.baranowscy.eu"],"url":"https:\/\/baranowscy.eu\/wordpress\/author\/admin\/"}]}},"jetpack_featured_media_url":"https:\/\/baranowscy.eu\/wordpress\/wp-content\/uploads\/2016\/11\/naturalny_tusz_3.jpg","jetpack_sharing_enabled":true,"_links":{"self":[{"href":"https:\/\/baranowscy.eu\/wordpress\/wp-json\/wp\/v2\/posts\/6057","targetHints":{"allow":["GET"]}}],"collection":[{"href":"https:\/\/baranowscy.eu\/wordpress\/wp-json\/wp\/v2\/posts"}],"about":[{"href":"https:\/\/baranowscy.eu\/wordpress\/wp-json\/wp\/v2\/types\/post"}],"author":[{"embeddable":true,"href":"https:\/\/baranowscy.eu\/wordpress\/wp-json\/wp\/v2\/users\/1"}],"replies":[{"embeddable":true,"href":"https:\/\/baranowscy.eu\/wordpress\/wp-json\/wp\/v2\/comments?post=6057"}],"version-history":[{"count":4,"href":"https:\/\/baranowscy.eu\/wordpress\/wp-json\/wp\/v2\/posts\/6057\/revisions"}],"predecessor-version":[{"id":6091,"href":"https:\/\/baranowscy.eu\/wordpress\/wp-json\/wp\/v2\/posts\/6057\/revisions\/6091"}],"wp:featuredmedia":[{"embeddable":true,"href":"https:\/\/baranowscy.eu\/wordpress\/wp-json\/wp\/v2\/media\/6063"}],"wp:attachment":[{"href":"https:\/\/baranowscy.eu\/wordpress\/wp-json\/wp\/v2\/media?parent=6057"}],"wp:term":[{"taxonomy":"category","embeddable":true,"href":"https:\/\/baranowscy.eu\/wordpress\/wp-json\/wp\/v2\/categories?post=6057"},{"taxonomy":"post_tag","embeddable":true,"href":"https:\/\/baranowscy.eu\/wordpress\/wp-json\/wp\/v2\/tags?post=6057"}],"curies":[{"name":"wp","href":"https:\/\/api.w.org\/{rel}","templated":true}]}}