{"id":5651,"date":"2016-07-25T14:42:20","date_gmt":"2016-07-25T12:42:20","guid":{"rendered":"http:\/\/baranowscy.eu\/wordpress\/?p=5651"},"modified":"2016-07-25T19:05:04","modified_gmt":"2016-07-25T17:05:04","slug":"drugi-sklep-kooperatywy-dobrze-w-warszawie","status":"publish","type":"post","link":"https:\/\/baranowscy.eu\/wordpress\/drugi-sklep-kooperatywy-dobrze-w-warszawie\/","title":{"rendered":"Drugi sklep Kooperatywy Dobrze w Warszawie"},"content":{"rendered":"<p><strong>11 lipca 2016 roku Kooperatywa Dobrze otworzy\u0142a sw\u00f3j drugi sklep w Warszawie, przy ul. Andersa 27 (pierwszy sklep dzia\u0142a i b\u0119dzie dzia\u0142a\u0142! Zapraszamy na Wilcz\u0105 29a). <\/strong><\/p>\n<p><a href=\"https:\/\/baranowscy.eu\/wordpress\/wp-content\/uploads\/2016\/07\/andersa_7.jpg\"><img loading=\"lazy\" decoding=\"async\" class=\"aligncenter size-full wp-image-5658\" src=\"https:\/\/baranowscy.eu\/wordpress\/wp-content\/uploads\/2016\/07\/andersa_7.jpg\" alt=\"andersa_7\" width=\"640\" height=\"427\" srcset=\"https:\/\/baranowscy.eu\/wordpress\/wp-content\/uploads\/2016\/07\/andersa_7.jpg 640w, https:\/\/baranowscy.eu\/wordpress\/wp-content\/uploads\/2016\/07\/andersa_7-300x200.jpg 300w, https:\/\/baranowscy.eu\/wordpress\/wp-content\/uploads\/2016\/07\/andersa_7-600x400.jpg 600w\" sizes=\"auto, (max-width: 640px) 100vw, 640px\" \/><\/a><\/p>\n<p>Nowa lokalizacja to nie tylko krok w stron\u0119 p\u00f3\u0142nocy lewobrze\u017cnej Warszawy (\u017boliborz jest tu\u017c za miedz\u0105). <strong>Sklep na Andersa dzi\u0119ki swojej powierzchni mo\u017ce zaoferowa\u0107 wi\u0119ksz\u0105 r\u00f3\u017cnorodno\u015b\u0107 towaru, w tym kosmetyk\u00f3w i detergent\u00f3w.<\/strong><\/p>\n<p><a href=\"https:\/\/baranowscy.eu\/wordpress\/wp-content\/uploads\/2016\/07\/andersa_6.jpg\"><img loading=\"lazy\" decoding=\"async\" class=\"aligncenter size-full wp-image-5657\" src=\"https:\/\/baranowscy.eu\/wordpress\/wp-content\/uploads\/2016\/07\/andersa_6.jpg\" alt=\"andersa_6\" width=\"640\" height=\"427\" srcset=\"https:\/\/baranowscy.eu\/wordpress\/wp-content\/uploads\/2016\/07\/andersa_6.jpg 640w, https:\/\/baranowscy.eu\/wordpress\/wp-content\/uploads\/2016\/07\/andersa_6-300x200.jpg 300w, https:\/\/baranowscy.eu\/wordpress\/wp-content\/uploads\/2016\/07\/andersa_6-600x400.jpg 600w\" sizes=\"auto, (max-width: 640px) 100vw, 640px\" \/><\/a><\/p>\n<p>My\u015bl\u0119, \u017ce wielu klient\u00f3w Kooperatywy ucieszy si\u0119, \u017ce w drugim sklepie wyb\u00f3r <strong>warzyw i owoc\u00f3w<\/strong> (sezonowych i lokalnych),\u00a0<strong>produkt\u00f3w sypkich<\/strong> (certyfikowanych eko) oraz <strong>jaj i nabia\u0142u<\/strong> jest r\u00f3wnie zach\u0119caj\u0105ca, co na Wilczej. Sprawdzeni dostawcy gwarantuj\u0105 pyszne ro\u015bliny uprawiane w spos\u00f3b jak najbardziej naturalny, z poszanowaniem przyrody. Dzi\u0119ki brakowi po\u015brednik\u00f3w kwota, jak\u0105 dostaj\u0105 rolnicy, jest godziw\u0105 zap\u0142at\u0105 za ich prac\u0119, a sklep mo\u017ce zaoferowa\u0107 klientom \u017cywno\u015b\u0107 najwy\u017cszej jako\u015bci w cenie ni\u017cszej ni\u017c w innych\u00a0ekowarzywniakach.<!--more--><\/p>\n<p><a href=\"https:\/\/baranowscy.eu\/wordpress\/wp-content\/uploads\/2016\/07\/andersa_4.jpg\"><img loading=\"lazy\" decoding=\"async\" class=\"aligncenter size-full wp-image-5655\" src=\"https:\/\/baranowscy.eu\/wordpress\/wp-content\/uploads\/2016\/07\/andersa_4.jpg\" alt=\"andersa_4\" width=\"640\" height=\"427\" srcset=\"https:\/\/baranowscy.eu\/wordpress\/wp-content\/uploads\/2016\/07\/andersa_4.jpg 640w, https:\/\/baranowscy.eu\/wordpress\/wp-content\/uploads\/2016\/07\/andersa_4-300x200.jpg 300w, https:\/\/baranowscy.eu\/wordpress\/wp-content\/uploads\/2016\/07\/andersa_4-600x400.jpg 600w\" sizes=\"auto, (max-width: 640px) 100vw, 640px\" \/><\/a><\/p>\n<p>Du\u017ca wygoda (zar\u00f3wno dla cz\u0142onki\u0144 i cz\u0142onk\u00f3w Kooperatywy, jak i klient\u00f3w zewn\u0119trznych) \u0142\u0105czy si\u0119 z rozszerzeniem asortymentu o <strong>produkty kosmetyczne i \u015brodki czyszcz\u0105ce<\/strong>. Ju\u017c na Wilczej pojawi\u0142y si\u0119 m.in. produkty zawieraj\u0105ce bakterie probiotyczne (EM-y) oraz kosmetyki Sylveco, natomiast na Andersa dodatkowo mo\u017cna kupi\u0107 absolutne hity ekogospody\u0144 i ekogospodarzy domu: kule pior\u0105ce, tabletki do zmywarki i p\u0142yn do WC Ecozone, gam\u0119 detergent\u00f3w Clean Eco oraz Winni&#8217;s i Ekos.<\/p>\n<p><a href=\"https:\/\/baranowscy.eu\/wordpress\/wp-content\/uploads\/2016\/07\/andersa_5.jpg\"><img loading=\"lazy\" decoding=\"async\" class=\"aligncenter size-full wp-image-5656\" src=\"https:\/\/baranowscy.eu\/wordpress\/wp-content\/uploads\/2016\/07\/andersa_5.jpg\" alt=\"andersa_5\" width=\"640\" height=\"427\" srcset=\"https:\/\/baranowscy.eu\/wordpress\/wp-content\/uploads\/2016\/07\/andersa_5.jpg 640w, https:\/\/baranowscy.eu\/wordpress\/wp-content\/uploads\/2016\/07\/andersa_5-300x200.jpg 300w, https:\/\/baranowscy.eu\/wordpress\/wp-content\/uploads\/2016\/07\/andersa_5-600x400.jpg 600w\" sizes=\"auto, (max-width: 640px) 100vw, 640px\" \/><\/a><\/p>\n<p>Je\u015bli chodzi o kosmetyki, to najwi\u0119cej miejsca zajmuje oczywi\u015bcie polska firma Sylveco. W sprzeda\u017cy s\u0105 tak\u017ce dost\u0119pne produkty Gentle Day &#8211; certyfikowane wk\u0142adki i podpaski. Mnie chyba najbardziej cieszy obecno\u015b\u0107 wyj\u0105tkowego (jak na sklep naziemny) asortymentu &#8211; <a href=\"https:\/\/baranowscy.eu\/wordpress\/kubeczek-menstruacyjny-ladycup-recenzja\/\" target=\"_blank\">kubeczki menstruacyjne Lady Cup<\/a> mo\u017cna u nas obejrze\u0107 i kupi\u0107 od r\u0119ki, w cenie naprawd\u0119 konkurencyjnej.<\/p>\n<p><a href=\"https:\/\/baranowscy.eu\/wordpress\/wp-content\/uploads\/2016\/07\/andersa_9.jpg\"><img loading=\"lazy\" decoding=\"async\" class=\"aligncenter size-full wp-image-5660\" src=\"https:\/\/baranowscy.eu\/wordpress\/wp-content\/uploads\/2016\/07\/andersa_9.jpg\" alt=\"andersa_9\" width=\"640\" height=\"427\" srcset=\"https:\/\/baranowscy.eu\/wordpress\/wp-content\/uploads\/2016\/07\/andersa_9.jpg 640w, https:\/\/baranowscy.eu\/wordpress\/wp-content\/uploads\/2016\/07\/andersa_9-300x200.jpg 300w, https:\/\/baranowscy.eu\/wordpress\/wp-content\/uploads\/2016\/07\/andersa_9-600x400.jpg 600w\" sizes=\"auto, (max-width: 640px) 100vw, 640px\" \/><\/a><\/p>\n<p>Jako cz\u0142onkini Kooperatywy jestem ogromnie dumna z rozwoju naszej dzia\u0142alno\u015bci. I pozostaj\u0119 pod wra\u017ceniem, \u017ce trudne logistycznie przedsi\u0119wzi\u0119cie (kt\u00f3re ma ju\u017c 3 lata!) dzi\u0119ki podzia\u0142owi pracy mo\u017cna tak wspaniale koordynowa\u0107. Oczywi\u015bcie jest to zas\u0142uga os\u00f3b, kt\u00f3re anga\u017cuj\u0105 si\u0119 najbardziej i dzi\u0119ki temu planuj\u0105 dalsze kroki, rozdzielaj\u0105 zadania, pilnuj\u0105, aby wszystko sz\u0142o dobrze. Ja jestem tylko szarym pomagierem.<\/p>\n<p><a href=\"https:\/\/baranowscy.eu\/wordpress\/wp-content\/uploads\/2016\/07\/andersa_8.jpg\"><img loading=\"lazy\" decoding=\"async\" class=\"aligncenter size-full wp-image-5659\" src=\"https:\/\/baranowscy.eu\/wordpress\/wp-content\/uploads\/2016\/07\/andersa_8.jpg\" alt=\"andersa_8\" width=\"640\" height=\"427\" srcset=\"https:\/\/baranowscy.eu\/wordpress\/wp-content\/uploads\/2016\/07\/andersa_8.jpg 640w, https:\/\/baranowscy.eu\/wordpress\/wp-content\/uploads\/2016\/07\/andersa_8-300x200.jpg 300w, https:\/\/baranowscy.eu\/wordpress\/wp-content\/uploads\/2016\/07\/andersa_8-600x400.jpg 600w\" sizes=\"auto, (max-width: 640px) 100vw, 640px\" \/><\/a><\/p>\n<p><strong>Zapraszam Was na \u015bwi\u0119towanie &#8211; 3. urodziny Koopu i radowanie si\u0119 z okazji otwarcia drugiego sklepu &#8211; 6 sierpnia na Andersa 27. W programie piknik, tort, panel dyskusyjny i wyk\u0142ady.<\/strong><\/p>\n<p><strong>Informacje:<\/strong>\u00a0<a href=\"http:\/\/www.dobrze.waw.pl\/swietujemy-otwarcie-nowego-sklepu-i-3-urodziny-koop\/\" target=\"_blank\">http:\/\/www.dobrze.waw.pl\/swietujemy-otwarcie-nowego-sklepu-i-3-urodziny-koop\/<\/a><\/p>\n<p><strong>Facebook:<\/strong>\u00a0<a href=\"https:\/\/www.facebook.com\/events\/760674867405442\/\" target=\"_blank\">https:\/\/www.facebook.com\/events\/760674867405442\/<\/a><\/p>\n<p><a href=\"https:\/\/baranowscy.eu\/wordpress\/wp-content\/uploads\/2016\/07\/andersa_2.jpg\"><img loading=\"lazy\" decoding=\"async\" class=\"aligncenter size-full wp-image-5653\" src=\"https:\/\/baranowscy.eu\/wordpress\/wp-content\/uploads\/2016\/07\/andersa_2.jpg\" alt=\"andersa_2\" width=\"640\" height=\"427\" srcset=\"https:\/\/baranowscy.eu\/wordpress\/wp-content\/uploads\/2016\/07\/andersa_2.jpg 640w, https:\/\/baranowscy.eu\/wordpress\/wp-content\/uploads\/2016\/07\/andersa_2-300x200.jpg 300w, https:\/\/baranowscy.eu\/wordpress\/wp-content\/uploads\/2016\/07\/andersa_2-600x400.jpg 600w\" sizes=\"auto, (max-width: 640px) 100vw, 640px\" \/><\/a><\/p>\n","protected":false},"excerpt":{"rendered":"<p>11 lipca 2016 roku Kooperatywa Dobrze otworzy\u0142a sw\u00f3j drugi sklep w Warszawie, przy ul. Andersa 27 (pierwszy sklep dzia\u0142a i b\u0119dzie dzia\u0142a\u0142! Zapraszamy na Wilcz\u0105&hellip;<\/p>\n","protected":false},"author":1,"featured_media":5654,"comment_status":"open","ping_status":"open","sticky":false,"template":"","format":"standard","meta":{"_jetpack_memberships_contains_paid_content":false,"footnotes":""},"categories":[405,20,166],"tags":[1104,1103,527,375,203,724,1062,201,406,202,1014,27,33],"class_list":["post-5651","post","type-post","status-publish","format-standard","has-post-thumbnail","hentry","category-miejsca","category-recenzje","category-wydarzenia","tag-andersa-27","tag-clean-eco","tag-ecozone","tag-kooperatywa-dobrze","tag-kooperatywa-spozywcza","tag-kubeczek-menstruacyjny","tag-ladycup","tag-owoce","tag-sklep","tag-warzywa","tag-winnis","tag-zakupy","tag-zywnosc-ekologiczna"],"yoast_head":"<!-- This site is optimized with the Yoast SEO plugin v27.5 - https:\/\/yoast.com\/product\/yoast-seo-wordpress\/ -->\n<title>Drugi sklep Kooperatywy Dobrze w Warszawie - organiczni.eu<\/title>\n<meta name=\"robots\" content=\"index, follow, max-snippet:-1, max-image-preview:large, max-video-preview:-1\" \/>\n<link rel=\"canonical\" href=\"https:\/\/baranowscy.eu\/wordpress\/drugi-sklep-kooperatywy-dobrze-w-warszawie\/\" \/>\n<meta property=\"og:locale\" content=\"pl_PL\" \/>\n<meta property=\"og:type\" content=\"article\" \/>\n<meta property=\"og:title\" content=\"Drugi sklep Kooperatywy Dobrze w Warszawie - organiczni.eu\" \/>\n<meta property=\"og:description\" content=\"11 lipca 2016 roku Kooperatywa Dobrze otworzy\u0142a sw\u00f3j drugi sklep w Warszawie, przy ul. Andersa 27 (pierwszy sklep dzia\u0142a i b\u0119dzie dzia\u0142a\u0142! Zapraszamy na Wilcz\u0105&hellip;\" \/>\n<meta property=\"og:url\" content=\"https:\/\/baranowscy.eu\/wordpress\/drugi-sklep-kooperatywy-dobrze-w-warszawie\/\" \/>\n<meta property=\"og:site_name\" content=\"organiczni.eu\" \/>\n<meta property=\"article:publisher\" content=\"https:\/\/www.facebook.com\/organiczni\/\" \/>\n<meta property=\"article:published_time\" content=\"2016-07-25T12:42:20+00:00\" \/>\n<meta property=\"article:modified_time\" content=\"2016-07-25T17:05:04+00:00\" \/>\n<meta property=\"og:image\" content=\"https:\/\/baranowscy.eu\/wordpress\/wp-content\/uploads\/2016\/07\/andersa_3.jpg\" \/>\n\t<meta property=\"og:image:width\" content=\"640\" \/>\n\t<meta property=\"og:image:height\" content=\"427\" \/>\n\t<meta property=\"og:image:type\" content=\"image\/jpeg\" \/>\n<meta name=\"author\" content=\"joanna\" \/>\n<meta name=\"twitter:card\" content=\"summary_large_image\" \/>\n<meta name=\"twitter:label1\" content=\"Napisane przez\" \/>\n\t<meta name=\"twitter:data1\" content=\"joanna\" \/>\n\t<meta name=\"twitter:label2\" content=\"Szacowany czas czytania\" \/>\n\t<meta name=\"twitter:data2\" content=\"2 minuty\" \/>\n<script type=\"application\/ld+json\" class=\"yoast-schema-graph\">{\"@context\":\"https:\\\/\\\/schema.org\",\"@graph\":[{\"@type\":\"Article\",\"@id\":\"https:\\\/\\\/baranowscy.eu\\\/wordpress\\\/drugi-sklep-kooperatywy-dobrze-w-warszawie\\\/#article\",\"isPartOf\":{\"@id\":\"https:\\\/\\\/baranowscy.eu\\\/wordpress\\\/drugi-sklep-kooperatywy-dobrze-w-warszawie\\\/\"},\"author\":{\"name\":\"joanna\",\"@id\":\"https:\\\/\\\/baranowscy.eu\\\/wordpress\\\/#\\\/schema\\\/person\\\/741d5f1f3fd2833c5ca2ffdaaa93dc73\"},\"headline\":\"Drugi sklep Kooperatywy Dobrze w Warszawie\",\"datePublished\":\"2016-07-25T12:42:20+00:00\",\"dateModified\":\"2016-07-25T17:05:04+00:00\",\"mainEntityOfPage\":{\"@id\":\"https:\\\/\\\/baranowscy.eu\\\/wordpress\\\/drugi-sklep-kooperatywy-dobrze-w-warszawie\\\/\"},\"wordCount\":429,\"commentCount\":0,\"publisher\":{\"@id\":\"https:\\\/\\\/baranowscy.eu\\\/wordpress\\\/#organization\"},\"image\":{\"@id\":\"https:\\\/\\\/baranowscy.eu\\\/wordpress\\\/drugi-sklep-kooperatywy-dobrze-w-warszawie\\\/#primaryimage\"},\"thumbnailUrl\":\"https:\\\/\\\/baranowscy.eu\\\/wordpress\\\/wp-content\\\/uploads\\\/2016\\\/07\\\/andersa_3.jpg\",\"keywords\":[\"Andersa 27\",\"Clean Eco\",\"Ecozone\",\"Kooperatywa Dobrze\",\"kooperatywa spo\u017cywcza\",\"kubeczek menstruacyjny\",\"LadyCup\",\"owoce\",\"sklep\",\"warzywa\",\"Winni's\",\"zakupy\",\"\u017cywno\u015b\u0107 ekologiczna\"],\"articleSection\":[\"miejsca\",\"recenzje\",\"wydarzenia\"],\"inLanguage\":\"pl-PL\",\"potentialAction\":[{\"@type\":\"CommentAction\",\"name\":\"Comment\",\"target\":[\"https:\\\/\\\/baranowscy.eu\\\/wordpress\\\/drugi-sklep-kooperatywy-dobrze-w-warszawie\\\/#respond\"]}]},{\"@type\":\"WebPage\",\"@id\":\"https:\\\/\\\/baranowscy.eu\\\/wordpress\\\/drugi-sklep-kooperatywy-dobrze-w-warszawie\\\/\",\"url\":\"https:\\\/\\\/baranowscy.eu\\\/wordpress\\\/drugi-sklep-kooperatywy-dobrze-w-warszawie\\\/\",\"name\":\"Drugi sklep Kooperatywy Dobrze w Warszawie - organiczni.eu\",\"isPartOf\":{\"@id\":\"https:\\\/\\\/baranowscy.eu\\\/wordpress\\\/#website\"},\"primaryImageOfPage\":{\"@id\":\"https:\\\/\\\/baranowscy.eu\\\/wordpress\\\/drugi-sklep-kooperatywy-dobrze-w-warszawie\\\/#primaryimage\"},\"image\":{\"@id\":\"https:\\\/\\\/baranowscy.eu\\\/wordpress\\\/drugi-sklep-kooperatywy-dobrze-w-warszawie\\\/#primaryimage\"},\"thumbnailUrl\":\"https:\\\/\\\/baranowscy.eu\\\/wordpress\\\/wp-content\\\/uploads\\\/2016\\\/07\\\/andersa_3.jpg\",\"datePublished\":\"2016-07-25T12:42:20+00:00\",\"dateModified\":\"2016-07-25T17:05:04+00:00\",\"breadcrumb\":{\"@id\":\"https:\\\/\\\/baranowscy.eu\\\/wordpress\\\/drugi-sklep-kooperatywy-dobrze-w-warszawie\\\/#breadcrumb\"},\"inLanguage\":\"pl-PL\",\"potentialAction\":[{\"@type\":\"ReadAction\",\"target\":[\"https:\\\/\\\/baranowscy.eu\\\/wordpress\\\/drugi-sklep-kooperatywy-dobrze-w-warszawie\\\/\"]}]},{\"@type\":\"ImageObject\",\"inLanguage\":\"pl-PL\",\"@id\":\"https:\\\/\\\/baranowscy.eu\\\/wordpress\\\/drugi-sklep-kooperatywy-dobrze-w-warszawie\\\/#primaryimage\",\"url\":\"https:\\\/\\\/baranowscy.eu\\\/wordpress\\\/wp-content\\\/uploads\\\/2016\\\/07\\\/andersa_3.jpg\",\"contentUrl\":\"https:\\\/\\\/baranowscy.eu\\\/wordpress\\\/wp-content\\\/uploads\\\/2016\\\/07\\\/andersa_3.jpg\",\"width\":640,\"height\":427},{\"@type\":\"BreadcrumbList\",\"@id\":\"https:\\\/\\\/baranowscy.eu\\\/wordpress\\\/drugi-sklep-kooperatywy-dobrze-w-warszawie\\\/#breadcrumb\",\"itemListElement\":[{\"@type\":\"ListItem\",\"position\":1,\"name\":\"Strona g\u0142\u00f3wna\",\"item\":\"https:\\\/\\\/baranowscy.eu\\\/wordpress\\\/\"},{\"@type\":\"ListItem\",\"position\":2,\"name\":\"Drugi sklep Kooperatywy Dobrze w Warszawie\"}]},{\"@type\":\"WebSite\",\"@id\":\"https:\\\/\\\/baranowscy.eu\\\/wordpress\\\/#website\",\"url\":\"https:\\\/\\\/baranowscy.eu\\\/wordpress\\\/\",\"name\":\"organiczni.eu\",\"description\":\"Najbardziej wszechstronny blog ekologiczny\",\"publisher\":{\"@id\":\"https:\\\/\\\/baranowscy.eu\\\/wordpress\\\/#organization\"},\"potentialAction\":[{\"@type\":\"SearchAction\",\"target\":{\"@type\":\"EntryPoint\",\"urlTemplate\":\"https:\\\/\\\/baranowscy.eu\\\/wordpress\\\/?s={search_term_string}\"},\"query-input\":{\"@type\":\"PropertyValueSpecification\",\"valueRequired\":true,\"valueName\":\"search_term_string\"}}],\"inLanguage\":\"pl-PL\"},{\"@type\":\"Organization\",\"@id\":\"https:\\\/\\\/baranowscy.eu\\\/wordpress\\\/#organization\",\"name\":\"organiczni.eu\",\"url\":\"https:\\\/\\\/baranowscy.eu\\\/wordpress\\\/\",\"logo\":{\"@type\":\"ImageObject\",\"inLanguage\":\"pl-PL\",\"@id\":\"https:\\\/\\\/baranowscy.eu\\\/wordpress\\\/#\\\/schema\\\/logo\\\/image\\\/\",\"url\":\"https:\\\/\\\/baranowscy.eu\\\/wordpress\\\/wp-content\\\/uploads\\\/2018\\\/01\\\/logo_duze.png\",\"contentUrl\":\"https:\\\/\\\/baranowscy.eu\\\/wordpress\\\/wp-content\\\/uploads\\\/2018\\\/01\\\/logo_duze.png\",\"width\":1398,\"height\":300,\"caption\":\"organiczni.eu\"},\"image\":{\"@id\":\"https:\\\/\\\/baranowscy.eu\\\/wordpress\\\/#\\\/schema\\\/logo\\\/image\\\/\"},\"sameAs\":[\"https:\\\/\\\/www.facebook.com\\\/organiczni\\\/\",\"https:\\\/\\\/www.instagram.com\\\/organiczni.eu\\\/\"]},{\"@type\":\"Person\",\"@id\":\"https:\\\/\\\/baranowscy.eu\\\/wordpress\\\/#\\\/schema\\\/person\\\/741d5f1f3fd2833c5ca2ffdaaa93dc73\",\"name\":\"joanna\",\"image\":{\"@type\":\"ImageObject\",\"inLanguage\":\"pl-PL\",\"@id\":\"https:\\\/\\\/secure.gravatar.com\\\/avatar\\\/a59b1be4fa5d200ee0af0ba4bbcdb691da1d589b419bae23d7aa5a15d820e28e?s=96&d=identicon&r=g\",\"url\":\"https:\\\/\\\/secure.gravatar.com\\\/avatar\\\/a59b1be4fa5d200ee0af0ba4bbcdb691da1d589b419bae23d7aa5a15d820e28e?s=96&d=identicon&r=g\",\"contentUrl\":\"https:\\\/\\\/secure.gravatar.com\\\/avatar\\\/a59b1be4fa5d200ee0af0ba4bbcdb691da1d589b419bae23d7aa5a15d820e28e?s=96&d=identicon&r=g\",\"caption\":\"joanna\"},\"sameAs\":[\"https:\\\/\\\/organiczni.baranowscy.eu\"],\"url\":\"https:\\\/\\\/baranowscy.eu\\\/wordpress\\\/author\\\/admin\\\/\"}]}<\/script>\n<!-- \/ Yoast SEO plugin. -->","yoast_head_json":{"title":"Drugi sklep Kooperatywy Dobrze w Warszawie - organiczni.eu","robots":{"index":"index","follow":"follow","max-snippet":"max-snippet:-1","max-image-preview":"max-image-preview:large","max-video-preview":"max-video-preview:-1"},"canonical":"https:\/\/baranowscy.eu\/wordpress\/drugi-sklep-kooperatywy-dobrze-w-warszawie\/","og_locale":"pl_PL","og_type":"article","og_title":"Drugi sklep Kooperatywy Dobrze w Warszawie - organiczni.eu","og_description":"11 lipca 2016 roku Kooperatywa Dobrze otworzy\u0142a sw\u00f3j drugi sklep w Warszawie, przy ul. Andersa 27 (pierwszy sklep dzia\u0142a i b\u0119dzie dzia\u0142a\u0142! Zapraszamy na Wilcz\u0105&hellip;","og_url":"https:\/\/baranowscy.eu\/wordpress\/drugi-sklep-kooperatywy-dobrze-w-warszawie\/","og_site_name":"organiczni.eu","article_publisher":"https:\/\/www.facebook.com\/organiczni\/","article_published_time":"2016-07-25T12:42:20+00:00","article_modified_time":"2016-07-25T17:05:04+00:00","og_image":[{"width":640,"height":427,"url":"https:\/\/baranowscy.eu\/wordpress\/wp-content\/uploads\/2016\/07\/andersa_3.jpg","type":"image\/jpeg"}],"author":"joanna","twitter_card":"summary_large_image","twitter_misc":{"Napisane przez":"joanna","Szacowany czas czytania":"2 minuty"},"schema":{"@context":"https:\/\/schema.org","@graph":[{"@type":"Article","@id":"https:\/\/baranowscy.eu\/wordpress\/drugi-sklep-kooperatywy-dobrze-w-warszawie\/#article","isPartOf":{"@id":"https:\/\/baranowscy.eu\/wordpress\/drugi-sklep-kooperatywy-dobrze-w-warszawie\/"},"author":{"name":"joanna","@id":"https:\/\/baranowscy.eu\/wordpress\/#\/schema\/person\/741d5f1f3fd2833c5ca2ffdaaa93dc73"},"headline":"Drugi sklep Kooperatywy Dobrze w Warszawie","datePublished":"2016-07-25T12:42:20+00:00","dateModified":"2016-07-25T17:05:04+00:00","mainEntityOfPage":{"@id":"https:\/\/baranowscy.eu\/wordpress\/drugi-sklep-kooperatywy-dobrze-w-warszawie\/"},"wordCount":429,"commentCount":0,"publisher":{"@id":"https:\/\/baranowscy.eu\/wordpress\/#organization"},"image":{"@id":"https:\/\/baranowscy.eu\/wordpress\/drugi-sklep-kooperatywy-dobrze-w-warszawie\/#primaryimage"},"thumbnailUrl":"https:\/\/baranowscy.eu\/wordpress\/wp-content\/uploads\/2016\/07\/andersa_3.jpg","keywords":["Andersa 27","Clean Eco","Ecozone","Kooperatywa Dobrze","kooperatywa spo\u017cywcza","kubeczek menstruacyjny","LadyCup","owoce","sklep","warzywa","Winni's","zakupy","\u017cywno\u015b\u0107 ekologiczna"],"articleSection":["miejsca","recenzje","wydarzenia"],"inLanguage":"pl-PL","potentialAction":[{"@type":"CommentAction","name":"Comment","target":["https:\/\/baranowscy.eu\/wordpress\/drugi-sklep-kooperatywy-dobrze-w-warszawie\/#respond"]}]},{"@type":"WebPage","@id":"https:\/\/baranowscy.eu\/wordpress\/drugi-sklep-kooperatywy-dobrze-w-warszawie\/","url":"https:\/\/baranowscy.eu\/wordpress\/drugi-sklep-kooperatywy-dobrze-w-warszawie\/","name":"Drugi sklep Kooperatywy Dobrze w Warszawie - organiczni.eu","isPartOf":{"@id":"https:\/\/baranowscy.eu\/wordpress\/#website"},"primaryImageOfPage":{"@id":"https:\/\/baranowscy.eu\/wordpress\/drugi-sklep-kooperatywy-dobrze-w-warszawie\/#primaryimage"},"image":{"@id":"https:\/\/baranowscy.eu\/wordpress\/drugi-sklep-kooperatywy-dobrze-w-warszawie\/#primaryimage"},"thumbnailUrl":"https:\/\/baranowscy.eu\/wordpress\/wp-content\/uploads\/2016\/07\/andersa_3.jpg","datePublished":"2016-07-25T12:42:20+00:00","dateModified":"2016-07-25T17:05:04+00:00","breadcrumb":{"@id":"https:\/\/baranowscy.eu\/wordpress\/drugi-sklep-kooperatywy-dobrze-w-warszawie\/#breadcrumb"},"inLanguage":"pl-PL","potentialAction":[{"@type":"ReadAction","target":["https:\/\/baranowscy.eu\/wordpress\/drugi-sklep-kooperatywy-dobrze-w-warszawie\/"]}]},{"@type":"ImageObject","inLanguage":"pl-PL","@id":"https:\/\/baranowscy.eu\/wordpress\/drugi-sklep-kooperatywy-dobrze-w-warszawie\/#primaryimage","url":"https:\/\/baranowscy.eu\/wordpress\/wp-content\/uploads\/2016\/07\/andersa_3.jpg","contentUrl":"https:\/\/baranowscy.eu\/wordpress\/wp-content\/uploads\/2016\/07\/andersa_3.jpg","width":640,"height":427},{"@type":"BreadcrumbList","@id":"https:\/\/baranowscy.eu\/wordpress\/drugi-sklep-kooperatywy-dobrze-w-warszawie\/#breadcrumb","itemListElement":[{"@type":"ListItem","position":1,"name":"Strona g\u0142\u00f3wna","item":"https:\/\/baranowscy.eu\/wordpress\/"},{"@type":"ListItem","position":2,"name":"Drugi sklep Kooperatywy Dobrze w Warszawie"}]},{"@type":"WebSite","@id":"https:\/\/baranowscy.eu\/wordpress\/#website","url":"https:\/\/baranowscy.eu\/wordpress\/","name":"organiczni.eu","description":"Najbardziej wszechstronny blog ekologiczny","publisher":{"@id":"https:\/\/baranowscy.eu\/wordpress\/#organization"},"potentialAction":[{"@type":"SearchAction","target":{"@type":"EntryPoint","urlTemplate":"https:\/\/baranowscy.eu\/wordpress\/?s={search_term_string}"},"query-input":{"@type":"PropertyValueSpecification","valueRequired":true,"valueName":"search_term_string"}}],"inLanguage":"pl-PL"},{"@type":"Organization","@id":"https:\/\/baranowscy.eu\/wordpress\/#organization","name":"organiczni.eu","url":"https:\/\/baranowscy.eu\/wordpress\/","logo":{"@type":"ImageObject","inLanguage":"pl-PL","@id":"https:\/\/baranowscy.eu\/wordpress\/#\/schema\/logo\/image\/","url":"https:\/\/baranowscy.eu\/wordpress\/wp-content\/uploads\/2018\/01\/logo_duze.png","contentUrl":"https:\/\/baranowscy.eu\/wordpress\/wp-content\/uploads\/2018\/01\/logo_duze.png","width":1398,"height":300,"caption":"organiczni.eu"},"image":{"@id":"https:\/\/baranowscy.eu\/wordpress\/#\/schema\/logo\/image\/"},"sameAs":["https:\/\/www.facebook.com\/organiczni\/","https:\/\/www.instagram.com\/organiczni.eu\/"]},{"@type":"Person","@id":"https:\/\/baranowscy.eu\/wordpress\/#\/schema\/person\/741d5f1f3fd2833c5ca2ffdaaa93dc73","name":"joanna","image":{"@type":"ImageObject","inLanguage":"pl-PL","@id":"https:\/\/secure.gravatar.com\/avatar\/a59b1be4fa5d200ee0af0ba4bbcdb691da1d589b419bae23d7aa5a15d820e28e?s=96&d=identicon&r=g","url":"https:\/\/secure.gravatar.com\/avatar\/a59b1be4fa5d200ee0af0ba4bbcdb691da1d589b419bae23d7aa5a15d820e28e?s=96&d=identicon&r=g","contentUrl":"https:\/\/secure.gravatar.com\/avatar\/a59b1be4fa5d200ee0af0ba4bbcdb691da1d589b419bae23d7aa5a15d820e28e?s=96&d=identicon&r=g","caption":"joanna"},"sameAs":["https:\/\/organiczni.baranowscy.eu"],"url":"https:\/\/baranowscy.eu\/wordpress\/author\/admin\/"}]}},"jetpack_featured_media_url":"https:\/\/baranowscy.eu\/wordpress\/wp-content\/uploads\/2016\/07\/andersa_3.jpg","jetpack_sharing_enabled":true,"_links":{"self":[{"href":"https:\/\/baranowscy.eu\/wordpress\/wp-json\/wp\/v2\/posts\/5651","targetHints":{"allow":["GET"]}}],"collection":[{"href":"https:\/\/baranowscy.eu\/wordpress\/wp-json\/wp\/v2\/posts"}],"about":[{"href":"https:\/\/baranowscy.eu\/wordpress\/wp-json\/wp\/v2\/types\/post"}],"author":[{"embeddable":true,"href":"https:\/\/baranowscy.eu\/wordpress\/wp-json\/wp\/v2\/users\/1"}],"replies":[{"embeddable":true,"href":"https:\/\/baranowscy.eu\/wordpress\/wp-json\/wp\/v2\/comments?post=5651"}],"version-history":[{"count":3,"href":"https:\/\/baranowscy.eu\/wordpress\/wp-json\/wp\/v2\/posts\/5651\/revisions"}],"predecessor-version":[{"id":5663,"href":"https:\/\/baranowscy.eu\/wordpress\/wp-json\/wp\/v2\/posts\/5651\/revisions\/5663"}],"wp:featuredmedia":[{"embeddable":true,"href":"https:\/\/baranowscy.eu\/wordpress\/wp-json\/wp\/v2\/media\/5654"}],"wp:attachment":[{"href":"https:\/\/baranowscy.eu\/wordpress\/wp-json\/wp\/v2\/media?parent=5651"}],"wp:term":[{"taxonomy":"category","embeddable":true,"href":"https:\/\/baranowscy.eu\/wordpress\/wp-json\/wp\/v2\/categories?post=5651"},{"taxonomy":"post_tag","embeddable":true,"href":"https:\/\/baranowscy.eu\/wordpress\/wp-json\/wp\/v2\/tags?post=5651"}],"curies":[{"name":"wp","href":"https:\/\/api.w.org\/{rel}","templated":true}]}}