{"id":5418,"date":"2016-05-13T23:47:17","date_gmt":"2016-05-13T21:47:17","guid":{"rendered":"http:\/\/baranowscy.eu\/wordpress\/?p=5418"},"modified":"2016-05-13T23:50:30","modified_gmt":"2016-05-13T21:50:30","slug":"pizca-del-mundo-czyli-kilka-slow-o-kawie-fair-trade","status":"publish","type":"post","link":"https:\/\/baranowscy.eu\/wordpress\/pizca-del-mundo-czyli-kilka-slow-o-kawie-fair-trade\/","title":{"rendered":"Pizca del Mundo, czyli kilka s\u0142\u00f3w o kawie Fair Trade"},"content":{"rendered":"<p><strong>Polska nieformalna kooperatywa firm wspiera peruwia\u0144sk\u0105 kooperatyw\u0119 rolnik\u00f3w. I dzi\u0119ki temu wielbiciele dobrej arabiki mog\u0105 si\u0119gn\u0105\u0107 po ekologiczn\u0105 i etyczn\u0105 kaw\u0119 wysokiej jako\u015bci, palon\u0105 w Polsce. I przyczyni\u0107 si\u0119 do czynienia dobra. Nie, nie mam z\u0142udze\u0144, wiem, co wi\u0119kszo\u015b\u0107 Polak\u00f3w my\u015bli, s\u0142ysz\u0105c, \u017ce co\u015b jest Fair Trade\u2026<\/strong><\/p>\n<p><a href=\"https:\/\/baranowscy.eu\/wordpress\/wp-content\/uploads\/2016\/05\/szczyptaswiata_2.jpg\"><img loading=\"lazy\" decoding=\"async\" class=\"aligncenter size-full wp-image-5420\" src=\"https:\/\/baranowscy.eu\/wordpress\/wp-content\/uploads\/2016\/05\/szczyptaswiata_2.jpg\" alt=\"szczyptaswiata_2\" width=\"640\" height=\"480\" srcset=\"https:\/\/baranowscy.eu\/wordpress\/wp-content\/uploads\/2016\/05\/szczyptaswiata_2.jpg 640w, https:\/\/baranowscy.eu\/wordpress\/wp-content\/uploads\/2016\/05\/szczyptaswiata_2-300x225.jpg 300w, https:\/\/baranowscy.eu\/wordpress\/wp-content\/uploads\/2016\/05\/szczyptaswiata_2-600x450.jpg 600w\" sizes=\"auto, (max-width: 640px) 100vw, 640px\" \/><\/a><\/p>\n<p class=\"Standard\">Przy okazji Dnia Sprawiedliwego Handlu (14 maja 2016 r.) oraz kawowego World Fairtrade Challenge (13\u201315 maja 2016 r. \u2013 <a href=\"https:\/\/www.fairtradechallenge.org\/pl\/strona-glowna\/\" target=\"_blank\">do\u0142\u0105cz!<\/a>), a tak\u017ce dzi\u0119ki nieoczekiwanemu spotkaniu z Ag\u0105 Bi\u0144kowsk\u0105 ze <a href=\"http:\/\/szczyptaswiata.pl\/\" target=\"_blank\">Szczypty \u015awiata<\/a> wraca u nas temat kawy i Sprawiedliwego Handlu. (<a href=\"https:\/\/baranowscy.eu\/wordpress\/2-miesiace-bez-migreny-podejrzany-to\/\" target=\"_blank\">Nie pij\u0119 kawy od 2,5 roku i t\u0119skni\u0119 za ni\u0105!<\/a>).<\/p>\n<p class=\"Standard\"><strong>Pizca del Mundo<\/strong> (po polsku <em>szczypta \u015bwiata<\/em>) to marka z pewno\u015bci\u0105 znana wielbicielom etycznych produkt\u00f3w, zw\u0142aszcza yerba mate i kawy. Jest to <strong>jedyna polska marka FT<\/strong> \u2013 firma spod Wroc\u0142awia sprowadza na nasz rynek <strong>ekologiczne i etycznie pozyskiwane surowce<\/strong>, kt\u00f3re przetwarza i pakuje pod swoj\u0105 nazw\u0105. Charakterystyczne malunki zdobi\u0105 ka\u017cd\u0105 torebk\u0119 kawy czy mate, a nazwy s\u0105 inspirowane miejscami zwi\u0105zanymi z produktem, np. jeziorem czy wiosk\u0105. \u2013 Jeste\u015bmy geografami z wykszta\u0142cenia \u2013 \u015bmieje si\u0119 Aga Bi\u0144kowska, kt\u00f3ra razem z m\u0119\u017cem Borysem prowadzi Szczypt\u0119 \u015awiata.<\/p>\n<figure id=\"attachment_5425\" aria-describedby=\"caption-attachment-5425\" style=\"width: 640px\" class=\"wp-caption aligncenter\"><a href=\"https:\/\/baranowscy.eu\/wordpress\/wp-content\/uploads\/2016\/05\/szczyptaswiata_7.jpg\"><img loading=\"lazy\" decoding=\"async\" class=\"size-full wp-image-5425\" src=\"https:\/\/baranowscy.eu\/wordpress\/wp-content\/uploads\/2016\/05\/szczyptaswiata_7.jpg\" alt=\"Aga i ja na warszawskim BioBazarze (niestety zdj\u0119cie z telefonu).\" width=\"640\" height=\"427\" srcset=\"https:\/\/baranowscy.eu\/wordpress\/wp-content\/uploads\/2016\/05\/szczyptaswiata_7.jpg 640w, https:\/\/baranowscy.eu\/wordpress\/wp-content\/uploads\/2016\/05\/szczyptaswiata_7-300x200.jpg 300w, https:\/\/baranowscy.eu\/wordpress\/wp-content\/uploads\/2016\/05\/szczyptaswiata_7-600x400.jpg 600w\" sizes=\"auto, (max-width: 640px) 100vw, 640px\" \/><\/a><figcaption id=\"caption-attachment-5425\" class=\"wp-caption-text\">Aga i ja na warszawskim BioBazarze (niestety zdj\u0119cie z telefonu).<\/figcaption><\/figure>\n<p class=\"Standard\"><strong>Kawa to jedna z najbardziej zanieczyszczonych chemi\u0105 ro\u015blin na \u015bwiecie<\/strong> \u2013 przy konwencjonalnych uprawach stosuje si\u0119 silne herbicydy czy pestycydy, dlatego wybieranie tej ekologicznej powinno by\u0107 nawykiem. Tak samo, jak szukanie kawy produkowanej etycznie. Europejczycy nie maj\u0105 wyboru, musz\u0105 sprowadza\u0107 kaw\u0119 z innych kontynent\u00f3w, tym bardziej powinni przygl\u0105da\u0107 si\u0119 temu, sk\u0105d pochodzi. <strong>Wspieranie ma\u0142ych rolnik\u00f3w<\/strong>, zrzeszonych w lokalnych kooperatywach, kt\u00f3rzy maj\u0105 mo\u017cliwo\u015b\u0107 zadbania o swoje uprawy z nale\u017cyt\u0105 uwag\u0105, to nie tylko wybieranie produkt\u00f3w wy\u017cszej jako\u015bci (cho\u0107 dla niekt\u00f3rych to ona gra najwa\u017cniejsz\u0105 rol\u0119). <strong>To tak\u017ce wk\u0142ad w budowanie przeciwwagi dla monopolu gigantycznych koncern\u00f3w spo\u017cywczych.<\/strong><\/p>\n<figure id=\"attachment_5419\" aria-describedby=\"caption-attachment-5419\" style=\"width: 640px\" class=\"wp-caption aligncenter\"><a href=\"https:\/\/baranowscy.eu\/wordpress\/wp-content\/uploads\/2016\/05\/szczyptaswiata_1.jpg\"><img loading=\"lazy\" decoding=\"async\" class=\"wp-image-5419 size-full\" src=\"https:\/\/baranowscy.eu\/wordpress\/wp-content\/uploads\/2016\/05\/szczyptaswiata_1.jpg\" alt=\"Cupping.\" width=\"640\" height=\"360\" srcset=\"https:\/\/baranowscy.eu\/wordpress\/wp-content\/uploads\/2016\/05\/szczyptaswiata_1.jpg 640w, https:\/\/baranowscy.eu\/wordpress\/wp-content\/uploads\/2016\/05\/szczyptaswiata_1-300x169.jpg 300w, https:\/\/baranowscy.eu\/wordpress\/wp-content\/uploads\/2016\/05\/szczyptaswiata_1-600x338.jpg 600w\" sizes=\"auto, (max-width: 640px) 100vw, 640px\" \/><\/a><figcaption id=\"caption-attachment-5419\" class=\"wp-caption-text\">Cupping w wykonaniu m\u0142odej damy.<\/figcaption><\/figure>\n<p class=\"Standard\">&#8211; Kiedy zamawiamy ziarna kawy w kooperatywie, wybieramy konkretnego rolnika, kt\u00f3rego produkt smakowa\u0142 nam najlepiej \u2013 m\u00f3wi Aga. \u2013 W tym roku zdecydowali\u015bmy si\u0119 na zam\u00f3wienie z peruwia\u0144skiej <a href=\"http:\/\/ecovrae.com\/\" target=\"_blank\">Eco-Vrae<\/a>. Znamy j\u0105 \u2013 bywali\u015bmy u nich, pr\u00f3bowali\u015bmy kaw i patrzyli\u015bmy, jak pracuj\u0105. <strong>Tu nie zsypuje si\u0119 wszystkich ziaren razem<\/strong>, wi\u0119c zawsze wiadomo, kt\u00f3re ziarno od kogo pochodzi, ka\u017cdy worek jest podpisany nie tylko nazw\u0105 kooperatywy, ale te\u017c nazwiskiem rolnika, zatem np. <strong>nasza jasno wypalona peruwia\u0144ska kawa to ziarna od Yovany Cordova<\/strong> (na zdj\u0119ciu jej c\u00f3reczka pomagaj\u0105ca nam w cuppingu, jeszcze w magazynie w Pangoa), a z kolei ziarna od Gerardo Bravo (na zdj\u0119ciu z Ag\u0105) \u015bwietnie sprawdzi\u0142y si\u0119 w kawach palonych pod espresso.<\/p>\n<p class=\"Standard\"><a href=\"https:\/\/baranowscy.eu\/wordpress\/wp-content\/uploads\/2016\/05\/szczyptaswiata_4.jpg\"><img loading=\"lazy\" decoding=\"async\" class=\"aligncenter size-full wp-image-5422\" src=\"https:\/\/baranowscy.eu\/wordpress\/wp-content\/uploads\/2016\/05\/szczyptaswiata_4.jpg\" alt=\"szczyptaswiata_4\" width=\"400\" height=\"225\" srcset=\"https:\/\/baranowscy.eu\/wordpress\/wp-content\/uploads\/2016\/05\/szczyptaswiata_4.jpg 400w, https:\/\/baranowscy.eu\/wordpress\/wp-content\/uploads\/2016\/05\/szczyptaswiata_4-300x169.jpg 300w\" sizes=\"auto, (max-width: 400px) 100vw, 400px\" \/><\/a><\/p>\n<p class=\"Standard\">Peruwia\u0144ska kawa przyp\u0142yn\u0119\u0142a do Polski dzi\u0119ki wsp\u00f3\u0142pracy ponad podzia\u0142ami.<\/p>\n<p>&#8211; \u017beby sprowadzi\u0107 ziarna kawy i kakao z Peru, skrzykn\u0119li\u015bmy si\u0119 z kilkoma niewielkimi polskimi firmami produkuj\u0105cymi kaw\u0119 i czekolad\u0119. My\u015bl\u0119, \u017ce to do\u015b\u0107 wyj\u0105tkowa sytuacja, aby zorganizowa\u0107 taki transport dla r\u00f3\u017cnych odbiorc\u00f3w. Dzi\u0119ki temu mniejsze firmy tak naprawd\u0119 bez po\u015brednik\u00f3w dosta\u0142y produkt znakomitej jako\u015bci. Towar pochodzi\u0142 z dw\u00f3ch kooperatyw: <a href=\"http:\/\/ecovrae.com\/\" target=\"_blank\">Eco-Vrae<\/a> i <a href=\"http:\/\/www.cacsatipo.org\/\" target=\"_blank\">Satipo<\/a>.<\/p>\n<p><iframe loading=\"lazy\" src=\"https:\/\/www.youtube.com\/embed\/BOwKbSw6xO4?rel=0\" width=\"420\" height=\"315\" frameborder=\"0\" allowfullscreen=\"allowfullscreen\"><\/iframe><\/p>\n<p>Ziarna przyp\u0142yn\u0119\u0142y do Europy kontenerowcem \u2013 ze wzgl\u0119d\u00f3w logistycznych zosta\u0142y wy\u0142adowane w Hamburgu i stamt\u0105d dotar\u0142y do Polski transportem l\u0105dowym. Tu ziarna kawy zosta\u0142y podzielone i producenci zaj\u0119li si\u0119 nimi we w\u0142asnym zakresie.<\/p>\n<p>&#8211; <strong>Wypalamy kaw\u0119 w Polsce, ale w zewn\u0119trznej palarni<\/strong> \u2013 m\u00f3wi Aga. \u2013 Nasze peruwia\u0144skie kawy r\u00f3\u017cni\u0105 si\u0119 stopniem palenia. <strong><a href=\"http:\/\/szczyptaswiata.pl\/product-pol-9716-Pizca-del-Mundo-Oconal-kawa-ziarnista-250g-ORGANIC-FAIR-TRADE.html\" target=\"_blank\">Oconal<\/a><\/strong> (<strong><a href=\"http:\/\/szczyptaswiata.pl\/product-pol-9720-Pizca-del-Mundo-Villa-Rica-kawa-mielona-250g-ORGANIC-FAIR-TRADE.html\" target=\"_blank\">Villa Rica<\/a><\/strong> w wersji mielonej) jest \u015brednio palona, a <strong><a href=\"http:\/\/szczyptaswiata.pl\/product-pol-10737-Pizca-del-Mundo-Pangoa-kawa-ziarnista-250g-ORGANIC-FAIR-TRADE.html\" target=\"_blank\">Pangoa<\/a><\/strong> (<strong><a href=\"http:\/\/szczyptaswiata.pl\/product-pol-10736-Mazamari-kawa-mielona-z-Peru-250g-ORGANIC-FAIR-TRADE.html\" target=\"_blank\">Mazamari<\/a><\/strong> \u2013 mielona) jasno palona. R\u00f3\u017cnica w temperaturze palenia to czasem kilka stopni \u2013 to wystarczy, \u017ceby zmieni\u0107 smak. Przyk\u0142adowo Pangoa jest palona w 215\u00b0C, a Patuca \u2013 w 227\u00b0C. Polacy nadal gustuj\u0105 niestety w ciemno palonej kawie, ale powoli si\u0119 to zmienia. I dobrze, poniewa\u017c im ja\u015bniejsza kawa, tym wi\u0119cej smak\u00f3w mo\u017cna w niej poczu\u0107. Popularne na naszym rynku palenie w wysokiej temperaturze bywa spowodowane nisk\u0105 jako\u015bci\u0105 ziarna \u2013 przyk\u0142adowo z du\u017c\u0105 ilo\u015bci\u0105 defekt\u00f3w (powy\u017cej 20% ziaren z ple\u015bni\u0105, nadjedzonych przez robaki itp.), kt\u00f3re tuszuje si\u0119 ciemnym paleniem. <strong>Wraz ze wzrostem temperatury znikaj\u0105 z kawy zar\u00f3wno dobre smaki, jak i te z\u0142e, zmniejsza si\u0119 te\u017c zawarto\u015b\u0107 kofeiny czy flawonoid\u00f3w, a ro\u015bnie zawarto\u015b\u0107 popio\u0142u<\/strong> \u2013 jak w ka\u017cdym palonym produkcie.<\/p>\n<p><a href=\"https:\/\/baranowscy.eu\/wordpress\/wp-content\/uploads\/2016\/05\/szczyptaswiata_9.jpg\"><img loading=\"lazy\" decoding=\"async\" class=\"aligncenter size-full wp-image-5426\" src=\"https:\/\/baranowscy.eu\/wordpress\/wp-content\/uploads\/2016\/05\/szczyptaswiata_9.jpg\" alt=\"szczyptaswiata_9\" width=\"640\" height=\"427\" srcset=\"https:\/\/baranowscy.eu\/wordpress\/wp-content\/uploads\/2016\/05\/szczyptaswiata_9.jpg 640w, https:\/\/baranowscy.eu\/wordpress\/wp-content\/uploads\/2016\/05\/szczyptaswiata_9-300x200.jpg 300w, https:\/\/baranowscy.eu\/wordpress\/wp-content\/uploads\/2016\/05\/szczyptaswiata_9-600x400.jpg 600w\" sizes=\"auto, (max-width: 640px) 100vw, 640px\" \/><\/a><\/p>\n<p>Najgorsze ziarno zwykle jest przeznaczane na kaw\u0119 rozpuszczaln\u0105, kt\u00f3r\u0105 osi\u0105ga si\u0119 przez zmielenie kawy, zaparzenie jej, odcedzeniu fus\u00f3w, a nast\u0119pie poddaniu wywaru wysokiej temperaturze (tzw. spray-drying). Tak powstaje proszek \u2013 kawa instant, du\u017co mniej warto\u015bciowa ni\u017c parzona.<\/p>\n<p>&#8211; My r\u00f3wnie\u017c produkujemy kaw\u0119 rozpuszczaln\u0105 \u2013 opowiada Aga \u2013 jednak stosujemy liofilizacj\u0119 (tzw. freeze-drying) i <strong>przede wszystkim dobrej jako\u015bci ekologiczne ziarna<\/strong>. Zamiast dwukrotnie poddawa\u0107 wywar wysokiej temperaturze, po filtracji jest ona zamra\u017cana, a nast\u0119pnie w procesie sublimacji pozbywa si\u0119 lodu. Taka kawa ma wy\u017csz\u0105 jako\u015b\u0107 ni\u017c ta w proszku, a mo\u017cna j\u0105 pozna\u0107 po tym, \u017ce jest w postaci kryszta\u0142k\u00f3w.<\/p>\n<p><a href=\"https:\/\/baranowscy.eu\/wordpress\/wp-content\/uploads\/2016\/05\/szczyptaswiata_3.jpg\"><img loading=\"lazy\" decoding=\"async\" class=\"aligncenter size-full wp-image-5421\" src=\"https:\/\/baranowscy.eu\/wordpress\/wp-content\/uploads\/2016\/05\/szczyptaswiata_3.jpg\" alt=\"szczyptaswiata_3\" width=\"640\" height=\"480\" srcset=\"https:\/\/baranowscy.eu\/wordpress\/wp-content\/uploads\/2016\/05\/szczyptaswiata_3.jpg 640w, https:\/\/baranowscy.eu\/wordpress\/wp-content\/uploads\/2016\/05\/szczyptaswiata_3-300x225.jpg 300w, https:\/\/baranowscy.eu\/wordpress\/wp-content\/uploads\/2016\/05\/szczyptaswiata_3-600x450.jpg 600w\" sizes=\"auto, (max-width: 640px) 100vw, 640px\" \/><\/a><\/p>\n<p>Spyta\u0142am Agi, jak wygl\u0105da praca na miniplantacjach kawy. \u2013 <strong>Zazwyczaj to poletka od 2,5 do 5 czy 10 hektar\u00f3w, zwykle zacienionych wysokimi drzewami, dzi\u0119ki czemu kawa smakuje lepiej<\/strong>, a gniazduj\u0105ce na nich ptaki pomagaj\u0105 w redukcji ilo\u015bci szkodnik\u00f3w (zdj\u0119cie). Te mniejsze raczej nie stanowi\u0105 jedynego \u017ar\u00f3d\u0142a utrzymania rodziny, wi\u0119ksze ju\u017c tak. Panuje tam zwyczaj pomagania sobie po s\u0105siedzku, dzi\u0119ki czemu praca idzie sprawniej. Pomagaj\u0105 te\u017c starsze dzieci, ale nie wyobra\u017cajmy sobie zaraz jakiej\u015b niewolniczej pracy pi\u0119ciolatk\u00f3w \u2013 uspokaja Aga. \u2013 Na tej samej zasadzie, jak my anga\u017cujemy dzieci do pomocy w domu, tak peruwia\u0144skie dzieci po powrocie ze szko\u0142y pomog\u0105 w drobnych pracach. W Peru nie ma problemu pracy dzieci, kt\u00f3re normalnie chodz\u0105 tam do szko\u0142y.<\/p>\n<p><a href=\"https:\/\/baranowscy.eu\/wordpress\/wp-content\/uploads\/2016\/05\/szczyptaswiata_5.jpg\"><img loading=\"lazy\" decoding=\"async\" class=\"aligncenter size-full wp-image-5423\" src=\"https:\/\/baranowscy.eu\/wordpress\/wp-content\/uploads\/2016\/05\/szczyptaswiata_5.jpg\" alt=\"szczyptaswiata_5\" width=\"640\" height=\"480\" srcset=\"https:\/\/baranowscy.eu\/wordpress\/wp-content\/uploads\/2016\/05\/szczyptaswiata_5.jpg 640w, https:\/\/baranowscy.eu\/wordpress\/wp-content\/uploads\/2016\/05\/szczyptaswiata_5-300x225.jpg 300w, https:\/\/baranowscy.eu\/wordpress\/wp-content\/uploads\/2016\/05\/szczyptaswiata_5-600x450.jpg 600w\" sizes=\"auto, (max-width: 640px) 100vw, 640px\" \/><\/a><\/p>\n<p class=\"Standard\"><strong>Cho\u0107 Fair Trade dla Polak\u00f3w to wci\u0105\u017c cz\u0119sto fanaberia<\/strong>, bo trudno uwierzy\u0107 w do\u015b\u0107 abstrakcyjn\u0105 pomoc ludziom na drugiej p\u00f3\u0142kuli, mam przekonanie, \u017ce ka\u017cda taka inicjatywa wp\u0142ywa na \u015bwiadomo\u015b\u0107 potencjalnych klient\u00f3w. <strong>Ma\u0142o produkt\u00f3w spo\u017cywczych jest tak popularnych na ca\u0142ym \u015bwiecie, jak kawa czy kakao, co jest wykorzystywane przez gigantycznych producent\u00f3w, zalewaj\u0105cych rynek produktami po\u015bledniej jako\u015bci.<\/strong> To odbija si\u0119 zar\u00f3wno na pierwszym ogniwie \u0142a\u0144cucha \u2013 ludziach pracuj\u0105cych przy uprawach kawowc\u00f3w i kakaowc\u00f3w \u2013 jak i konsumentach, kt\u00f3rzy zach\u0119ceni ni\u017csz\u0105 cen\u0105 wybieraj\u0105 ni\u017csz\u0105 jako\u015b\u0107.<\/p>\n<p class=\"Standard\"><strong>Je\u015bli nigdy wcze\u015bniej nie pr\u00f3bowali\u015bcie kawy ze znakiem Fair Trade, a cenicie dobry smak i aromat, zach\u0119cam Was do kupienia na pr\u00f3b\u0119 produktu ze znakiem FT.<\/strong> W wypadku kawy cena nie jest a\u017c tak wysoka, \u017ceby by\u0142 to luksus \u2013 a by\u0107 mo\u017ce zasmakujecie r\u00f3wnie\u017c w dok\u0142adaniu swoich kilku groszy do szlachetnej inicjatywy.<\/p>\n<p class=\"Standard\"><a href=\"https:\/\/baranowscy.eu\/wordpress\/wp-content\/uploads\/2016\/05\/szczyptaswiata_6.jpg\"><img loading=\"lazy\" decoding=\"async\" class=\"aligncenter size-full wp-image-5424\" src=\"https:\/\/baranowscy.eu\/wordpress\/wp-content\/uploads\/2016\/05\/szczyptaswiata_6.jpg\" alt=\"szczyptaswiata_6\" width=\"480\" height=\"640\" srcset=\"https:\/\/baranowscy.eu\/wordpress\/wp-content\/uploads\/2016\/05\/szczyptaswiata_6.jpg 480w, https:\/\/baranowscy.eu\/wordpress\/wp-content\/uploads\/2016\/05\/szczyptaswiata_6-300x400.jpg 300w, https:\/\/baranowscy.eu\/wordpress\/wp-content\/uploads\/2016\/05\/szczyptaswiata_6-225x300.jpg 225w\" sizes=\"auto, (max-width: 480px) 100vw, 480px\" \/><\/a><\/p>\n<p class=\"Standard\">Wszystkie zdj\u0119cia bez sygnaturki &#8211; <a href=\"http:\/\/szczyptaswiata.pl\/\" target=\"_blank\">szczyptaswiata.pl<\/a>.<\/p>\n<p class=\"Standard\"><strong>Zajrzyj:<\/strong><\/p>\n<ul>\n<li><a href=\"http:\/\/www.pizcadelmundo.pl\/pl\/\" target=\"_blank\">http:\/\/www.pizcadelmundo.pl\/pl\/<\/a><\/li>\n<li><a href=\"http:\/\/szczyptaswiata.pl\/\" target=\"_blank\">http:\/\/szczyptaswiata.pl\/<\/a><\/li>\n<li><a href=\"http:\/\/sklepfairtrade.pl\/\" target=\"_blank\">http:\/\/sklepfairtrade.pl\/<\/a><\/li>\n<\/ul>\n","protected":false},"excerpt":{"rendered":"<p>Polska nieformalna kooperatywa firm wspiera peruwia\u0144sk\u0105 kooperatyw\u0119 rolnik\u00f3w. I dzi\u0119ki temu wielbiciele dobrej arabiki mog\u0105 si\u0119gn\u0105\u0107 po ekologiczn\u0105 i etyczn\u0105 kaw\u0119 wysokiej jako\u015bci, palon\u0105 w&hellip;<\/p>\n","protected":false},"author":1,"featured_media":5420,"comment_status":"open","ping_status":"open","sticky":false,"template":"","format":"standard","meta":{"_jetpack_memberships_contains_paid_content":false,"footnotes":""},"categories":[142,72],"tags":[1054,60,103,1055,1057,71,1056],"class_list":["post-5418","post","type-post","status-publish","format-standard","has-post-thumbnail","hentry","category-fair-trade-sprawiedliwy-handel","category-wywiady","tag-eco-vrae","tag-fair-trade","tag-kawa","tag-peru","tag-pizca-del-mundo","tag-sprawiedliwy-handel","tag-szczypta-swiata"],"yoast_head":"<!-- This site is optimized with the Yoast SEO plugin v27.5 - https:\/\/yoast.com\/product\/yoast-seo-wordpress\/ -->\n<title>Pizca del Mundo, czyli kilka s\u0142\u00f3w o kawie Fair Trade - organiczni.eu<\/title>\n<meta name=\"robots\" content=\"index, follow, max-snippet:-1, max-image-preview:large, max-video-preview:-1\" \/>\n<link rel=\"canonical\" href=\"https:\/\/baranowscy.eu\/wordpress\/pizca-del-mundo-czyli-kilka-slow-o-kawie-fair-trade\/\" \/>\n<meta property=\"og:locale\" content=\"pl_PL\" \/>\n<meta property=\"og:type\" content=\"article\" \/>\n<meta property=\"og:title\" content=\"Pizca del Mundo, czyli kilka s\u0142\u00f3w o kawie Fair Trade - organiczni.eu\" \/>\n<meta property=\"og:description\" content=\"Polska nieformalna kooperatywa firm wspiera peruwia\u0144sk\u0105 kooperatyw\u0119 rolnik\u00f3w. I dzi\u0119ki temu wielbiciele dobrej arabiki mog\u0105 si\u0119gn\u0105\u0107 po ekologiczn\u0105 i etyczn\u0105 kaw\u0119 wysokiej jako\u015bci, palon\u0105 w&hellip;\" \/>\n<meta property=\"og:url\" content=\"https:\/\/baranowscy.eu\/wordpress\/pizca-del-mundo-czyli-kilka-slow-o-kawie-fair-trade\/\" \/>\n<meta property=\"og:site_name\" content=\"organiczni.eu\" \/>\n<meta property=\"article:publisher\" content=\"https:\/\/www.facebook.com\/organiczni\/\" \/>\n<meta property=\"article:published_time\" content=\"2016-05-13T21:47:17+00:00\" \/>\n<meta property=\"article:modified_time\" content=\"2016-05-13T21:50:30+00:00\" \/>\n<meta property=\"og:image\" content=\"https:\/\/baranowscy.eu\/wordpress\/wp-content\/uploads\/2016\/05\/szczyptaswiata_2.jpg\" \/>\n\t<meta property=\"og:image:width\" content=\"640\" \/>\n\t<meta property=\"og:image:height\" content=\"480\" \/>\n\t<meta property=\"og:image:type\" content=\"image\/jpeg\" \/>\n<meta name=\"author\" content=\"joanna\" \/>\n<meta name=\"twitter:card\" content=\"summary_large_image\" \/>\n<meta name=\"twitter:label1\" content=\"Napisane przez\" \/>\n\t<meta name=\"twitter:data1\" content=\"joanna\" \/>\n\t<meta name=\"twitter:label2\" content=\"Szacowany czas czytania\" \/>\n\t<meta name=\"twitter:data2\" content=\"6 minut\" \/>\n<script type=\"application\/ld+json\" class=\"yoast-schema-graph\">{\"@context\":\"https:\\\/\\\/schema.org\",\"@graph\":[{\"@type\":\"Article\",\"@id\":\"https:\\\/\\\/baranowscy.eu\\\/wordpress\\\/pizca-del-mundo-czyli-kilka-slow-o-kawie-fair-trade\\\/#article\",\"isPartOf\":{\"@id\":\"https:\\\/\\\/baranowscy.eu\\\/wordpress\\\/pizca-del-mundo-czyli-kilka-slow-o-kawie-fair-trade\\\/\"},\"author\":{\"name\":\"joanna\",\"@id\":\"https:\\\/\\\/baranowscy.eu\\\/wordpress\\\/#\\\/schema\\\/person\\\/741d5f1f3fd2833c5ca2ffdaaa93dc73\"},\"headline\":\"Pizca del Mundo, czyli kilka s\u0142\u00f3w o kawie Fair Trade\",\"datePublished\":\"2016-05-13T21:47:17+00:00\",\"dateModified\":\"2016-05-13T21:50:30+00:00\",\"mainEntityOfPage\":{\"@id\":\"https:\\\/\\\/baranowscy.eu\\\/wordpress\\\/pizca-del-mundo-czyli-kilka-slow-o-kawie-fair-trade\\\/\"},\"wordCount\":1195,\"commentCount\":0,\"publisher\":{\"@id\":\"https:\\\/\\\/baranowscy.eu\\\/wordpress\\\/#organization\"},\"image\":{\"@id\":\"https:\\\/\\\/baranowscy.eu\\\/wordpress\\\/pizca-del-mundo-czyli-kilka-slow-o-kawie-fair-trade\\\/#primaryimage\"},\"thumbnailUrl\":\"https:\\\/\\\/baranowscy.eu\\\/wordpress\\\/wp-content\\\/uploads\\\/2016\\\/05\\\/szczyptaswiata_2.jpg\",\"keywords\":[\"Eco-Vrae\",\"fair trade\",\"kawa\",\"Peru\",\"Pizca del Mundo\",\"Sprawiedliwy Handel\",\"Szczypta \u015awiata\"],\"articleSection\":[\"Fair Trade - Sprawiedliwy Handel\",\"wywiady\"],\"inLanguage\":\"pl-PL\",\"potentialAction\":[{\"@type\":\"CommentAction\",\"name\":\"Comment\",\"target\":[\"https:\\\/\\\/baranowscy.eu\\\/wordpress\\\/pizca-del-mundo-czyli-kilka-slow-o-kawie-fair-trade\\\/#respond\"]}]},{\"@type\":\"WebPage\",\"@id\":\"https:\\\/\\\/baranowscy.eu\\\/wordpress\\\/pizca-del-mundo-czyli-kilka-slow-o-kawie-fair-trade\\\/\",\"url\":\"https:\\\/\\\/baranowscy.eu\\\/wordpress\\\/pizca-del-mundo-czyli-kilka-slow-o-kawie-fair-trade\\\/\",\"name\":\"Pizca del Mundo, czyli kilka s\u0142\u00f3w o kawie Fair Trade - organiczni.eu\",\"isPartOf\":{\"@id\":\"https:\\\/\\\/baranowscy.eu\\\/wordpress\\\/#website\"},\"primaryImageOfPage\":{\"@id\":\"https:\\\/\\\/baranowscy.eu\\\/wordpress\\\/pizca-del-mundo-czyli-kilka-slow-o-kawie-fair-trade\\\/#primaryimage\"},\"image\":{\"@id\":\"https:\\\/\\\/baranowscy.eu\\\/wordpress\\\/pizca-del-mundo-czyli-kilka-slow-o-kawie-fair-trade\\\/#primaryimage\"},\"thumbnailUrl\":\"https:\\\/\\\/baranowscy.eu\\\/wordpress\\\/wp-content\\\/uploads\\\/2016\\\/05\\\/szczyptaswiata_2.jpg\",\"datePublished\":\"2016-05-13T21:47:17+00:00\",\"dateModified\":\"2016-05-13T21:50:30+00:00\",\"breadcrumb\":{\"@id\":\"https:\\\/\\\/baranowscy.eu\\\/wordpress\\\/pizca-del-mundo-czyli-kilka-slow-o-kawie-fair-trade\\\/#breadcrumb\"},\"inLanguage\":\"pl-PL\",\"potentialAction\":[{\"@type\":\"ReadAction\",\"target\":[\"https:\\\/\\\/baranowscy.eu\\\/wordpress\\\/pizca-del-mundo-czyli-kilka-slow-o-kawie-fair-trade\\\/\"]}]},{\"@type\":\"ImageObject\",\"inLanguage\":\"pl-PL\",\"@id\":\"https:\\\/\\\/baranowscy.eu\\\/wordpress\\\/pizca-del-mundo-czyli-kilka-slow-o-kawie-fair-trade\\\/#primaryimage\",\"url\":\"https:\\\/\\\/baranowscy.eu\\\/wordpress\\\/wp-content\\\/uploads\\\/2016\\\/05\\\/szczyptaswiata_2.jpg\",\"contentUrl\":\"https:\\\/\\\/baranowscy.eu\\\/wordpress\\\/wp-content\\\/uploads\\\/2016\\\/05\\\/szczyptaswiata_2.jpg\",\"width\":640,\"height\":480},{\"@type\":\"BreadcrumbList\",\"@id\":\"https:\\\/\\\/baranowscy.eu\\\/wordpress\\\/pizca-del-mundo-czyli-kilka-slow-o-kawie-fair-trade\\\/#breadcrumb\",\"itemListElement\":[{\"@type\":\"ListItem\",\"position\":1,\"name\":\"Strona g\u0142\u00f3wna\",\"item\":\"https:\\\/\\\/baranowscy.eu\\\/wordpress\\\/\"},{\"@type\":\"ListItem\",\"position\":2,\"name\":\"Pizca del Mundo, czyli kilka s\u0142\u00f3w o kawie Fair Trade\"}]},{\"@type\":\"WebSite\",\"@id\":\"https:\\\/\\\/baranowscy.eu\\\/wordpress\\\/#website\",\"url\":\"https:\\\/\\\/baranowscy.eu\\\/wordpress\\\/\",\"name\":\"organiczni.eu\",\"description\":\"Najbardziej wszechstronny blog ekologiczny\",\"publisher\":{\"@id\":\"https:\\\/\\\/baranowscy.eu\\\/wordpress\\\/#organization\"},\"potentialAction\":[{\"@type\":\"SearchAction\",\"target\":{\"@type\":\"EntryPoint\",\"urlTemplate\":\"https:\\\/\\\/baranowscy.eu\\\/wordpress\\\/?s={search_term_string}\"},\"query-input\":{\"@type\":\"PropertyValueSpecification\",\"valueRequired\":true,\"valueName\":\"search_term_string\"}}],\"inLanguage\":\"pl-PL\"},{\"@type\":\"Organization\",\"@id\":\"https:\\\/\\\/baranowscy.eu\\\/wordpress\\\/#organization\",\"name\":\"organiczni.eu\",\"url\":\"https:\\\/\\\/baranowscy.eu\\\/wordpress\\\/\",\"logo\":{\"@type\":\"ImageObject\",\"inLanguage\":\"pl-PL\",\"@id\":\"https:\\\/\\\/baranowscy.eu\\\/wordpress\\\/#\\\/schema\\\/logo\\\/image\\\/\",\"url\":\"https:\\\/\\\/baranowscy.eu\\\/wordpress\\\/wp-content\\\/uploads\\\/2018\\\/01\\\/logo_duze.png\",\"contentUrl\":\"https:\\\/\\\/baranowscy.eu\\\/wordpress\\\/wp-content\\\/uploads\\\/2018\\\/01\\\/logo_duze.png\",\"width\":1398,\"height\":300,\"caption\":\"organiczni.eu\"},\"image\":{\"@id\":\"https:\\\/\\\/baranowscy.eu\\\/wordpress\\\/#\\\/schema\\\/logo\\\/image\\\/\"},\"sameAs\":[\"https:\\\/\\\/www.facebook.com\\\/organiczni\\\/\",\"https:\\\/\\\/www.instagram.com\\\/organiczni.eu\\\/\"]},{\"@type\":\"Person\",\"@id\":\"https:\\\/\\\/baranowscy.eu\\\/wordpress\\\/#\\\/schema\\\/person\\\/741d5f1f3fd2833c5ca2ffdaaa93dc73\",\"name\":\"joanna\",\"image\":{\"@type\":\"ImageObject\",\"inLanguage\":\"pl-PL\",\"@id\":\"https:\\\/\\\/secure.gravatar.com\\\/avatar\\\/a59b1be4fa5d200ee0af0ba4bbcdb691da1d589b419bae23d7aa5a15d820e28e?s=96&d=identicon&r=g\",\"url\":\"https:\\\/\\\/secure.gravatar.com\\\/avatar\\\/a59b1be4fa5d200ee0af0ba4bbcdb691da1d589b419bae23d7aa5a15d820e28e?s=96&d=identicon&r=g\",\"contentUrl\":\"https:\\\/\\\/secure.gravatar.com\\\/avatar\\\/a59b1be4fa5d200ee0af0ba4bbcdb691da1d589b419bae23d7aa5a15d820e28e?s=96&d=identicon&r=g\",\"caption\":\"joanna\"},\"sameAs\":[\"https:\\\/\\\/organiczni.baranowscy.eu\"],\"url\":\"https:\\\/\\\/baranowscy.eu\\\/wordpress\\\/author\\\/admin\\\/\"}]}<\/script>\n<!-- \/ Yoast SEO plugin. -->","yoast_head_json":{"title":"Pizca del Mundo, czyli kilka s\u0142\u00f3w o kawie Fair Trade - organiczni.eu","robots":{"index":"index","follow":"follow","max-snippet":"max-snippet:-1","max-image-preview":"max-image-preview:large","max-video-preview":"max-video-preview:-1"},"canonical":"https:\/\/baranowscy.eu\/wordpress\/pizca-del-mundo-czyli-kilka-slow-o-kawie-fair-trade\/","og_locale":"pl_PL","og_type":"article","og_title":"Pizca del Mundo, czyli kilka s\u0142\u00f3w o kawie Fair Trade - organiczni.eu","og_description":"Polska nieformalna kooperatywa firm wspiera peruwia\u0144sk\u0105 kooperatyw\u0119 rolnik\u00f3w. I dzi\u0119ki temu wielbiciele dobrej arabiki mog\u0105 si\u0119gn\u0105\u0107 po ekologiczn\u0105 i etyczn\u0105 kaw\u0119 wysokiej jako\u015bci, palon\u0105 w&hellip;","og_url":"https:\/\/baranowscy.eu\/wordpress\/pizca-del-mundo-czyli-kilka-slow-o-kawie-fair-trade\/","og_site_name":"organiczni.eu","article_publisher":"https:\/\/www.facebook.com\/organiczni\/","article_published_time":"2016-05-13T21:47:17+00:00","article_modified_time":"2016-05-13T21:50:30+00:00","og_image":[{"width":640,"height":480,"url":"https:\/\/baranowscy.eu\/wordpress\/wp-content\/uploads\/2016\/05\/szczyptaswiata_2.jpg","type":"image\/jpeg"}],"author":"joanna","twitter_card":"summary_large_image","twitter_misc":{"Napisane przez":"joanna","Szacowany czas czytania":"6 minut"},"schema":{"@context":"https:\/\/schema.org","@graph":[{"@type":"Article","@id":"https:\/\/baranowscy.eu\/wordpress\/pizca-del-mundo-czyli-kilka-slow-o-kawie-fair-trade\/#article","isPartOf":{"@id":"https:\/\/baranowscy.eu\/wordpress\/pizca-del-mundo-czyli-kilka-slow-o-kawie-fair-trade\/"},"author":{"name":"joanna","@id":"https:\/\/baranowscy.eu\/wordpress\/#\/schema\/person\/741d5f1f3fd2833c5ca2ffdaaa93dc73"},"headline":"Pizca del Mundo, czyli kilka s\u0142\u00f3w o kawie Fair Trade","datePublished":"2016-05-13T21:47:17+00:00","dateModified":"2016-05-13T21:50:30+00:00","mainEntityOfPage":{"@id":"https:\/\/baranowscy.eu\/wordpress\/pizca-del-mundo-czyli-kilka-slow-o-kawie-fair-trade\/"},"wordCount":1195,"commentCount":0,"publisher":{"@id":"https:\/\/baranowscy.eu\/wordpress\/#organization"},"image":{"@id":"https:\/\/baranowscy.eu\/wordpress\/pizca-del-mundo-czyli-kilka-slow-o-kawie-fair-trade\/#primaryimage"},"thumbnailUrl":"https:\/\/baranowscy.eu\/wordpress\/wp-content\/uploads\/2016\/05\/szczyptaswiata_2.jpg","keywords":["Eco-Vrae","fair trade","kawa","Peru","Pizca del Mundo","Sprawiedliwy Handel","Szczypta \u015awiata"],"articleSection":["Fair Trade - Sprawiedliwy Handel","wywiady"],"inLanguage":"pl-PL","potentialAction":[{"@type":"CommentAction","name":"Comment","target":["https:\/\/baranowscy.eu\/wordpress\/pizca-del-mundo-czyli-kilka-slow-o-kawie-fair-trade\/#respond"]}]},{"@type":"WebPage","@id":"https:\/\/baranowscy.eu\/wordpress\/pizca-del-mundo-czyli-kilka-slow-o-kawie-fair-trade\/","url":"https:\/\/baranowscy.eu\/wordpress\/pizca-del-mundo-czyli-kilka-slow-o-kawie-fair-trade\/","name":"Pizca del Mundo, czyli kilka s\u0142\u00f3w o kawie Fair Trade - organiczni.eu","isPartOf":{"@id":"https:\/\/baranowscy.eu\/wordpress\/#website"},"primaryImageOfPage":{"@id":"https:\/\/baranowscy.eu\/wordpress\/pizca-del-mundo-czyli-kilka-slow-o-kawie-fair-trade\/#primaryimage"},"image":{"@id":"https:\/\/baranowscy.eu\/wordpress\/pizca-del-mundo-czyli-kilka-slow-o-kawie-fair-trade\/#primaryimage"},"thumbnailUrl":"https:\/\/baranowscy.eu\/wordpress\/wp-content\/uploads\/2016\/05\/szczyptaswiata_2.jpg","datePublished":"2016-05-13T21:47:17+00:00","dateModified":"2016-05-13T21:50:30+00:00","breadcrumb":{"@id":"https:\/\/baranowscy.eu\/wordpress\/pizca-del-mundo-czyli-kilka-slow-o-kawie-fair-trade\/#breadcrumb"},"inLanguage":"pl-PL","potentialAction":[{"@type":"ReadAction","target":["https:\/\/baranowscy.eu\/wordpress\/pizca-del-mundo-czyli-kilka-slow-o-kawie-fair-trade\/"]}]},{"@type":"ImageObject","inLanguage":"pl-PL","@id":"https:\/\/baranowscy.eu\/wordpress\/pizca-del-mundo-czyli-kilka-slow-o-kawie-fair-trade\/#primaryimage","url":"https:\/\/baranowscy.eu\/wordpress\/wp-content\/uploads\/2016\/05\/szczyptaswiata_2.jpg","contentUrl":"https:\/\/baranowscy.eu\/wordpress\/wp-content\/uploads\/2016\/05\/szczyptaswiata_2.jpg","width":640,"height":480},{"@type":"BreadcrumbList","@id":"https:\/\/baranowscy.eu\/wordpress\/pizca-del-mundo-czyli-kilka-slow-o-kawie-fair-trade\/#breadcrumb","itemListElement":[{"@type":"ListItem","position":1,"name":"Strona g\u0142\u00f3wna","item":"https:\/\/baranowscy.eu\/wordpress\/"},{"@type":"ListItem","position":2,"name":"Pizca del Mundo, czyli kilka s\u0142\u00f3w o kawie Fair Trade"}]},{"@type":"WebSite","@id":"https:\/\/baranowscy.eu\/wordpress\/#website","url":"https:\/\/baranowscy.eu\/wordpress\/","name":"organiczni.eu","description":"Najbardziej wszechstronny blog ekologiczny","publisher":{"@id":"https:\/\/baranowscy.eu\/wordpress\/#organization"},"potentialAction":[{"@type":"SearchAction","target":{"@type":"EntryPoint","urlTemplate":"https:\/\/baranowscy.eu\/wordpress\/?s={search_term_string}"},"query-input":{"@type":"PropertyValueSpecification","valueRequired":true,"valueName":"search_term_string"}}],"inLanguage":"pl-PL"},{"@type":"Organization","@id":"https:\/\/baranowscy.eu\/wordpress\/#organization","name":"organiczni.eu","url":"https:\/\/baranowscy.eu\/wordpress\/","logo":{"@type":"ImageObject","inLanguage":"pl-PL","@id":"https:\/\/baranowscy.eu\/wordpress\/#\/schema\/logo\/image\/","url":"https:\/\/baranowscy.eu\/wordpress\/wp-content\/uploads\/2018\/01\/logo_duze.png","contentUrl":"https:\/\/baranowscy.eu\/wordpress\/wp-content\/uploads\/2018\/01\/logo_duze.png","width":1398,"height":300,"caption":"organiczni.eu"},"image":{"@id":"https:\/\/baranowscy.eu\/wordpress\/#\/schema\/logo\/image\/"},"sameAs":["https:\/\/www.facebook.com\/organiczni\/","https:\/\/www.instagram.com\/organiczni.eu\/"]},{"@type":"Person","@id":"https:\/\/baranowscy.eu\/wordpress\/#\/schema\/person\/741d5f1f3fd2833c5ca2ffdaaa93dc73","name":"joanna","image":{"@type":"ImageObject","inLanguage":"pl-PL","@id":"https:\/\/secure.gravatar.com\/avatar\/a59b1be4fa5d200ee0af0ba4bbcdb691da1d589b419bae23d7aa5a15d820e28e?s=96&d=identicon&r=g","url":"https:\/\/secure.gravatar.com\/avatar\/a59b1be4fa5d200ee0af0ba4bbcdb691da1d589b419bae23d7aa5a15d820e28e?s=96&d=identicon&r=g","contentUrl":"https:\/\/secure.gravatar.com\/avatar\/a59b1be4fa5d200ee0af0ba4bbcdb691da1d589b419bae23d7aa5a15d820e28e?s=96&d=identicon&r=g","caption":"joanna"},"sameAs":["https:\/\/organiczni.baranowscy.eu"],"url":"https:\/\/baranowscy.eu\/wordpress\/author\/admin\/"}]}},"jetpack_featured_media_url":"https:\/\/baranowscy.eu\/wordpress\/wp-content\/uploads\/2016\/05\/szczyptaswiata_2.jpg","jetpack_sharing_enabled":true,"_links":{"self":[{"href":"https:\/\/baranowscy.eu\/wordpress\/wp-json\/wp\/v2\/posts\/5418","targetHints":{"allow":["GET"]}}],"collection":[{"href":"https:\/\/baranowscy.eu\/wordpress\/wp-json\/wp\/v2\/posts"}],"about":[{"href":"https:\/\/baranowscy.eu\/wordpress\/wp-json\/wp\/v2\/types\/post"}],"author":[{"embeddable":true,"href":"https:\/\/baranowscy.eu\/wordpress\/wp-json\/wp\/v2\/users\/1"}],"replies":[{"embeddable":true,"href":"https:\/\/baranowscy.eu\/wordpress\/wp-json\/wp\/v2\/comments?post=5418"}],"version-history":[{"count":2,"href":"https:\/\/baranowscy.eu\/wordpress\/wp-json\/wp\/v2\/posts\/5418\/revisions"}],"predecessor-version":[{"id":5428,"href":"https:\/\/baranowscy.eu\/wordpress\/wp-json\/wp\/v2\/posts\/5418\/revisions\/5428"}],"wp:featuredmedia":[{"embeddable":true,"href":"https:\/\/baranowscy.eu\/wordpress\/wp-json\/wp\/v2\/media\/5420"}],"wp:attachment":[{"href":"https:\/\/baranowscy.eu\/wordpress\/wp-json\/wp\/v2\/media?parent=5418"}],"wp:term":[{"taxonomy":"category","embeddable":true,"href":"https:\/\/baranowscy.eu\/wordpress\/wp-json\/wp\/v2\/categories?post=5418"},{"taxonomy":"post_tag","embeddable":true,"href":"https:\/\/baranowscy.eu\/wordpress\/wp-json\/wp\/v2\/tags?post=5418"}],"curies":[{"name":"wp","href":"https:\/\/api.w.org\/{rel}","templated":true}]}}