{"id":5251,"date":"2016-04-14T20:15:43","date_gmt":"2016-04-14T18:15:43","guid":{"rendered":"http:\/\/baranowscy.eu\/wordpress\/?p=5251"},"modified":"2016-04-14T21:15:10","modified_gmt":"2016-04-14T19:15:10","slug":"skad-sie-wzielo-moje-jajko","status":"publish","type":"post","link":"https:\/\/baranowscy.eu\/wordpress\/skad-sie-wzielo-moje-jajko\/","title":{"rendered":"Sk\u0105d si\u0119 wzi\u0119\u0142o moje jajko?"},"content":{"rendered":"<p><strong>250 niosek \u201ezwyk\u0142ych\u201d oraz 150 zielonon\u00f3\u017cek. Wygrzebane dziury w ziemi, zalotne spojrzenia kur i w\u0142adcze piania kogut\u00f3w. Kurnik, kt\u00f3ry nie \u015bmierdzi. Ferma w Grzybowie ko\u0142o Magnuszewa \u2013 st\u0105d pochodz\u0105 jajka, kt\u00f3re jem.<\/strong><\/p>\n<p>Je\u015bli chcesz by\u0107 naprawd\u0119 \u015bwiadomym konsumentem \u017cywno\u015bciowym, musisz si\u0119 troch\u0119 wysili\u0107 \u2013 albo wydelegowa\u0107 osoby, kt\u00f3rym ufasz, aby sprawdzi\u0142y, sk\u0105d naprawd\u0119 pochodzi nasze po\u017cywienie. Jako Kooperatywa Spo\u017cywcza prowadz\u0105ca sklep otwarty dla wszystkich bierzemy odpowiedzialno\u015b\u0107 za nasz towar. Dlatego co jaki\u015b czas odwiedzamy naszych dostawc\u00f3w i dowiadujemy si\u0119 jak najwi\u0119cej, aby przekazywa\u0107 klientom jak najwi\u0119cej informacji o towarze oferowanym w sklepie Kooperatywy.<\/p>\n<p><a href=\"https:\/\/baranowscy.eu\/wordpress\/wp-content\/uploads\/2016\/04\/jaja_grzybow_7.jpg\"><img loading=\"lazy\" decoding=\"async\" class=\"aligncenter size-full wp-image-5261\" src=\"https:\/\/baranowscy.eu\/wordpress\/wp-content\/uploads\/2016\/04\/jaja_grzybow_7.jpg\" alt=\"jaja_grzybow_7\" width=\"640\" height=\"427\" srcset=\"https:\/\/baranowscy.eu\/wordpress\/wp-content\/uploads\/2016\/04\/jaja_grzybow_7.jpg 640w, https:\/\/baranowscy.eu\/wordpress\/wp-content\/uploads\/2016\/04\/jaja_grzybow_7-300x200.jpg 300w, https:\/\/baranowscy.eu\/wordpress\/wp-content\/uploads\/2016\/04\/jaja_grzybow_7-600x400.jpg 600w\" sizes=\"auto, (max-width: 640px) 100vw, 640px\" \/><\/a><\/p>\n<p><strong>(Pami\u0119tajcie, \u017ce wci\u0105\u017c zbieramy na otwarcie nowego sklepu \u2013 <a href=\"https:\/\/baranowscy.eu\/wordpress\/wspoltworz-kolejny-sukces-kooperatywy-dobrze\/\">wi\u0119cej informacji tutaj<\/a>).<\/strong><\/p>\n<h2><strong>Kury na emach<\/strong><\/h2>\n<p>W niedziel\u0119 10 kwietnia nasza ekipa wyruszy\u0142a z Warszawy do Grzybowa ko\u0142o Magnuszewa, aby odwiedzi\u0107 gospodarstwo Marleny i Piotra. Zostali\u015bmy przywitani nie tyle chlebem i sol\u0105, co jajem i jarmu\u017cem \u2013 gospodarze przygotowali dla nas przepyszny wegetaria\u0144ski pocz\u0119stunek na bazie swoich produkt\u00f3w. Najpierw jednak poprosili\u015bmy o oprowadzenie po dobrach.<\/p>\n<p><a href=\"https:\/\/baranowscy.eu\/wordpress\/wp-content\/uploads\/2016\/04\/jaja_grzybow_1.jpg\"><img loading=\"lazy\" decoding=\"async\" class=\"aligncenter size-full wp-image-5253\" src=\"https:\/\/baranowscy.eu\/wordpress\/wp-content\/uploads\/2016\/04\/jaja_grzybow_1.jpg\" alt=\"jaja_grzybow_1\" width=\"640\" height=\"427\" srcset=\"https:\/\/baranowscy.eu\/wordpress\/wp-content\/uploads\/2016\/04\/jaja_grzybow_1.jpg 640w, https:\/\/baranowscy.eu\/wordpress\/wp-content\/uploads\/2016\/04\/jaja_grzybow_1-300x200.jpg 300w, https:\/\/baranowscy.eu\/wordpress\/wp-content\/uploads\/2016\/04\/jaja_grzybow_1-600x400.jpg 600w\" sizes=\"auto, (max-width: 640px) 100vw, 640px\" \/><\/a><!--more--><\/p>\n<p>\u2013 Wszystko zacz\u0119\u0142o si\u0119 od gradobicia \u2013 opowiada\u0142a nam Marlena \u2013 kt\u00f3re w czerwcu 2013 roku zniszczy\u0142o nam sad. Niekt\u00f3re jab\u0142onie mia\u0142y ponad 20 lat\u2026 Wtedy postanowili\u015bmy uruchomi\u0107 plan dodatkowy. Kupili\u015bmy kury \u2013 i tak si\u0119 zacz\u0119\u0142o. A sad musieli\u015bmy, niestety, posadzi\u0107 nowy.<\/p>\n<p><a href=\"https:\/\/baranowscy.eu\/wordpress\/wp-content\/uploads\/2016\/04\/jaja_grzybow_8.jpg\"><img loading=\"lazy\" decoding=\"async\" class=\"aligncenter size-full wp-image-5265\" src=\"https:\/\/baranowscy.eu\/wordpress\/wp-content\/uploads\/2016\/04\/jaja_grzybow_8.jpg\" alt=\"jaja_grzybow_8\" width=\"640\" height=\"427\" srcset=\"https:\/\/baranowscy.eu\/wordpress\/wp-content\/uploads\/2016\/04\/jaja_grzybow_8.jpg 640w, https:\/\/baranowscy.eu\/wordpress\/wp-content\/uploads\/2016\/04\/jaja_grzybow_8-300x200.jpg 300w, https:\/\/baranowscy.eu\/wordpress\/wp-content\/uploads\/2016\/04\/jaja_grzybow_8-600x400.jpg 600w\" sizes=\"auto, (max-width: 640px) 100vw, 640px\" \/><\/a><\/p>\n<p>Kiedy pierwsze nioski, pocz\u0105tkowo bardzo ch\u0119tnie znosz\u0105ce jajko dziennie, zacz\u0119\u0142y nie\u015b\u0107 si\u0119 gorzej, Marlena zacz\u0119\u0142a szuka\u0107 rady, jak ulepszy\u0107 hodowl\u0119. Trafi\u0142a na informacj\u0119, \u017ce <strong>niedaleko Grzybowa znajduje si\u0119 gospodarstwo Zbyszka Chaj\u0119ckiego, kt\u00f3ry przy swoich uprawach stosuje bakterie probiotyczne<\/strong>. \u2013 To by\u0142a dla mnie zupe\u0142na nowo\u015b\u0107 \u2013 przyznaje Marlena. \u2013 Musia\u0142am pozna\u0107 temat od pocz\u0105tku, przekona\u0107 si\u0119 na w\u0142asnych kurach, \u017ce \u201eemy\u201d dzia\u0142aj\u0105. Kury dostaj\u0105 je do wody, u\u017cywam tak\u017ce specjalnego \u015brodka do zamg\u0142awiania kurnika, dzi\u0119ki czemu nie ma w nim odoru i nie mno\u017c\u0105 si\u0119 bakterie chorobotw\u00f3rcze. Cho\u0107 \u201eemy\u201d nie wp\u0142ywaj\u0105 na liczb\u0119 jaj, kury s\u0105 zdrowe, nie trzeba podawa\u0107 im lek\u00f3w i maj\u0105 lepsz\u0105 kondycj\u0119.<\/p>\n<figure id=\"attachment_5267\" aria-describedby=\"caption-attachment-5267\" style=\"width: 640px\" class=\"wp-caption aligncenter\"><a href=\"https:\/\/baranowscy.eu\/wordpress\/wp-content\/uploads\/2016\/04\/jaja_grzybow_10.jpg\"><img loading=\"lazy\" decoding=\"async\" class=\"size-full wp-image-5267\" src=\"https:\/\/baranowscy.eu\/wordpress\/wp-content\/uploads\/2016\/04\/jaja_grzybow_10.jpg\" alt=\"Obornik zebrany z kurnika pos\u0142u\u017cy jako naw\u00f3z m.in. do truskawek.\" width=\"640\" height=\"427\" srcset=\"https:\/\/baranowscy.eu\/wordpress\/wp-content\/uploads\/2016\/04\/jaja_grzybow_10.jpg 640w, https:\/\/baranowscy.eu\/wordpress\/wp-content\/uploads\/2016\/04\/jaja_grzybow_10-300x200.jpg 300w, https:\/\/baranowscy.eu\/wordpress\/wp-content\/uploads\/2016\/04\/jaja_grzybow_10-600x400.jpg 600w\" sizes=\"auto, (max-width: 640px) 100vw, 640px\" \/><\/a><figcaption id=\"caption-attachment-5267\" class=\"wp-caption-text\">Obornik zebrany z kurnika pos\u0142u\u017cy jako naw\u00f3z m.in. do truskawek.<\/figcaption><\/figure>\n<p><strong><div class='dropshadowboxes-container ' style='width:640px;'>\r\n                            <div class='dropshadowboxes-drop-shadow dropshadowboxes-rounded-corners dropshadowboxes-lifted-both dropshadowboxes-effect-default' style=' border: 1px solid #dddddd; height:; background-color:#fbe74d;    '>\r\n                            O bakteriach probiotycznych b\u0119d\u0119 musia\u0142a napisa\u0107 osobno \u2013 w dw\u00f3ch s\u0142owach:<\/strong> pomys\u0142 powsta\u0142 w Japonii, rozlewnia na licencji jest w Stanach Zjednoczonych oraz w Polsce, pod Poznaniem; bakterie probiotyczne s\u0105 zaprz\u0119gane w zasadzie do dowolnej pracy: ochrony ro\u015blin i zwierz\u0105t przed paso\u017cytami, grzybami, szkodliwymi bakteriami, do suplementowania diety, a nawet do sprz\u0105tania. Po wi\u0119cej informacji na razie odsy\u0142am tu: <a href=\"http:\/\/www.probiotics.pl\/stosowanie-probio-emow.html\">http:\/\/www.probiotics.pl\/stosowanie-probio-emow.html<\/a>).<strong>\r\n                            <\/div>\r\n                        <\/div><\/strong><\/p>\n<figure id=\"attachment_5257\" aria-describedby=\"caption-attachment-5257\" style=\"width: 640px\" class=\"wp-caption aligncenter\"><a href=\"https:\/\/baranowscy.eu\/wordpress\/wp-content\/uploads\/2016\/04\/jaja_grzybow_5.jpg\"><img loading=\"lazy\" decoding=\"async\" class=\"size-full wp-image-5257\" src=\"https:\/\/baranowscy.eu\/wordpress\/wp-content\/uploads\/2016\/04\/jaja_grzybow_5.jpg\" alt=\"Piotrek.\" width=\"640\" height=\"427\" srcset=\"https:\/\/baranowscy.eu\/wordpress\/wp-content\/uploads\/2016\/04\/jaja_grzybow_5.jpg 640w, https:\/\/baranowscy.eu\/wordpress\/wp-content\/uploads\/2016\/04\/jaja_grzybow_5-300x200.jpg 300w, https:\/\/baranowscy.eu\/wordpress\/wp-content\/uploads\/2016\/04\/jaja_grzybow_5-600x400.jpg 600w\" sizes=\"auto, (max-width: 640px) 100vw, 640px\" \/><\/a><figcaption id=\"caption-attachment-5257\" class=\"wp-caption-text\">Piotrek.<\/figcaption><\/figure>\n<h2><strong>Jeden do zera<\/strong><\/h2>\n<p>W tej chwili jaja z Grzybowa maj\u0105 na stempelku \u201e1\u201d, czyli oficjalnie pochodz\u0105 z wolnego wybiegu. Trwa w\u0142a\u015bnie rejestracja hodowli jako ekologicznej, dzi\u0119ki czemu ju\u017c nied\u0142ugo Marlena i Piotr b\u0119d\u0105 mogli pochwali\u0107 si\u0119 \u201ezer\u00f3wkami\u201d.<\/p>\n<p>\u2013 Spe\u0142niamy wszystkie wymogi pod wzgl\u0119dem warunk\u00f3w, w jakich kury \u017cyj\u0105 \u2013 m\u00f3wi Marlena. \u2013 Szczeg\u00f3\u0142 tkwi w karmie. Poniewa\u017c karmimy je mi\u0119dzy innymi swoj\u0105 pszenic\u0105, czekamy na zatwierdzenie, \u017ce nasze zbo\u017ce jest ekologiczne. Wtedy dostaniemy certyfikat i na pszenic\u0119, i na kury.<\/p>\n<p>Ptaki dostaj\u0105 tak\u017ce do jedzenia warzywa, m.in. kapust\u0119 czy jarmu\u017c. Jak sami widzieli\u015bmy, kapusta bardzo im smakowa\u0142a.<\/p>\n<figure id=\"attachment_5254\" aria-describedby=\"caption-attachment-5254\" style=\"width: 640px\" class=\"wp-caption aligncenter\"><a href=\"https:\/\/baranowscy.eu\/wordpress\/wp-content\/uploads\/2016\/04\/jaja_grzybow_2.jpg\"><img loading=\"lazy\" decoding=\"async\" class=\"size-full wp-image-5254\" src=\"https:\/\/baranowscy.eu\/wordpress\/wp-content\/uploads\/2016\/04\/jaja_grzybow_2.jpg\" alt=\"Na obiad - kapusta.\" width=\"640\" height=\"427\" srcset=\"https:\/\/baranowscy.eu\/wordpress\/wp-content\/uploads\/2016\/04\/jaja_grzybow_2.jpg 640w, https:\/\/baranowscy.eu\/wordpress\/wp-content\/uploads\/2016\/04\/jaja_grzybow_2-300x200.jpg 300w, https:\/\/baranowscy.eu\/wordpress\/wp-content\/uploads\/2016\/04\/jaja_grzybow_2-600x400.jpg 600w\" sizes=\"auto, (max-width: 640px) 100vw, 640px\" \/><\/a><figcaption id=\"caption-attachment-5254\" class=\"wp-caption-text\">Na obiad &#8211; kapusta.<\/figcaption><\/figure>\n<h2><strong>Dzikie Polki obok zdyscyplinowanych Niemek<\/strong><\/h2>\n<p>W gospodarstwie Marleny i Piotra s\u0105 dwa kurniki i dwa wybiegi \u2013 osobno mieszkaj\u0105 zwyk\u0142e kury (niemiecka rasa), a osobno zielonon\u00f3\u017cki, stara, polska rasa (ich nazwa pochodzi od intensywnie zielonego koloru n\u00f3g m\u0142odych kurek). Oba stada sp\u0119dzaj\u0105 dni na wybiegu, przed wieczorem s\u0105 puszczane wolno, aby zd\u0105\u017cy\u0142y co\u015b sobie wydzioba\u0107 w pobliskim lesie i wr\u00f3ci\u0107 przed zmrokiem.<\/p>\n<p><a href=\"https:\/\/baranowscy.eu\/wordpress\/wp-content\/uploads\/2016\/04\/kura_1.jpg\"><img loading=\"lazy\" decoding=\"async\" class=\"aligncenter size-full wp-image-5259\" src=\"https:\/\/baranowscy.eu\/wordpress\/wp-content\/uploads\/2016\/04\/kura_1.jpg\" alt=\"kura_1\" width=\"640\" height=\"427\" srcset=\"https:\/\/baranowscy.eu\/wordpress\/wp-content\/uploads\/2016\/04\/kura_1.jpg 640w, https:\/\/baranowscy.eu\/wordpress\/wp-content\/uploads\/2016\/04\/kura_1-300x200.jpg 300w, https:\/\/baranowscy.eu\/wordpress\/wp-content\/uploads\/2016\/04\/kura_1-600x400.jpg 600w\" sizes=\"auto, (max-width: 640px) 100vw, 640px\" \/><\/a><\/p>\n<p>\u2013 Te zwyk\u0142e s\u0105 bardzo spokojne i grzeczne \u2013 opowiada Marlena. \u2013 Tylko czasem trzeba im pom\u00f3c wr\u00f3ci\u0107, bo jak p\u00f3jd\u0105 za daleko i mrok zastanie je gdzie\u015b w krzakach, uk\u0142adaj\u0105 si\u0119 tam do snu. Zielonon\u00f3\u017cki s\u0105 chyba sprytniejsze, bo zawsze wr\u00f3c\u0105, ale to p\u00f3\u0142dzikie ptaki. I bardziej wymagaj\u0105ce. Nie mog\u0105 \u017cy\u0107 w niewoli i musz\u0105 codziennie wyj\u015b\u0107 na spacer. Kiedy by\u0142y silne mrozy, mia\u0142am dylemat \u2013 wypuszcza\u0107 je, czy nie? Okazuje si\u0119, \u017ce nawet \u201318\u00b0C nie zniech\u0119ci je do wyj\u015bcia z kurnika. One musz\u0105 si\u0119 wychodzi\u0107.<\/p>\n<figure id=\"attachment_5258\" aria-describedby=\"caption-attachment-5258\" style=\"width: 640px\" class=\"wp-caption aligncenter\"><a href=\"https:\/\/baranowscy.eu\/wordpress\/wp-content\/uploads\/2016\/04\/jaja_grzybow_6.jpg\"><img loading=\"lazy\" decoding=\"async\" class=\"size-full wp-image-5258\" src=\"https:\/\/baranowscy.eu\/wordpress\/wp-content\/uploads\/2016\/04\/jaja_grzybow_6.jpg\" alt=\"Efekty ci\u0119\u017ckiej pracy zielonon\u00f3\u017cek.\" width=\"640\" height=\"427\" srcset=\"https:\/\/baranowscy.eu\/wordpress\/wp-content\/uploads\/2016\/04\/jaja_grzybow_6.jpg 640w, https:\/\/baranowscy.eu\/wordpress\/wp-content\/uploads\/2016\/04\/jaja_grzybow_6-300x200.jpg 300w, https:\/\/baranowscy.eu\/wordpress\/wp-content\/uploads\/2016\/04\/jaja_grzybow_6-600x400.jpg 600w\" sizes=\"auto, (max-width: 640px) 100vw, 640px\" \/><\/a><figcaption id=\"caption-attachment-5258\" class=\"wp-caption-text\">Efekty ci\u0119\u017ckiej pracy zielonon\u00f3\u017cek.<\/figcaption><\/figure>\n<p>R\u00f3\u017cnice w charakterze wida\u0107 po zachowaniu \u2013 do zielonon\u00f3\u017cek na wybiegu nie da\u0142o si\u0119 podej\u015b\u0107 zbyt blisko, a zwyk\u0142e kurki same podchodzi\u0142y zaciekawione. W dodatku w stadzie zielonon\u00f3\u017cek musz\u0105 by\u0107 koguty. \u2013 Inaczej nie b\u0119dzie porz\u0105dku. Dlatego nasze jajka od zielonon\u00f3\u017cek zdarzaj\u0105 si\u0119 zap\u0142odnione. Do zwyk\u0142ych kur nie trzeba koguta, same si\u0119 pilnuj\u0105 \u2013 \u015bmieje si\u0119 Marlena.<\/p>\n<figure id=\"attachment_5255\" aria-describedby=\"caption-attachment-5255\" style=\"width: 640px\" class=\"wp-caption aligncenter\"><a href=\"https:\/\/baranowscy.eu\/wordpress\/wp-content\/uploads\/2016\/04\/jaja_grzybow_3.jpg\"><img loading=\"lazy\" decoding=\"async\" class=\"size-full wp-image-5255\" src=\"https:\/\/baranowscy.eu\/wordpress\/wp-content\/uploads\/2016\/04\/jaja_grzybow_3.jpg\" alt=\"Tak si\u0119 robi kurczaczki.\" width=\"640\" height=\"427\" srcset=\"https:\/\/baranowscy.eu\/wordpress\/wp-content\/uploads\/2016\/04\/jaja_grzybow_3.jpg 640w, https:\/\/baranowscy.eu\/wordpress\/wp-content\/uploads\/2016\/04\/jaja_grzybow_3-300x200.jpg 300w, https:\/\/baranowscy.eu\/wordpress\/wp-content\/uploads\/2016\/04\/jaja_grzybow_3-600x400.jpg 600w\" sizes=\"auto, (max-width: 640px) 100vw, 640px\" \/><\/a><figcaption id=\"caption-attachment-5255\" class=\"wp-caption-text\">Tak si\u0119 robi kurczaczki.<\/figcaption><\/figure>\n<h2><strong>Jak obchodzi\u0107 si\u0119 z jajkiem<\/strong><\/h2>\n<p>Dostawa jajek od Marleny jest co tydzie\u0144, a przywo\u017cone jaja maj\u0105 maksimum dwa dni. Przechowywane w ch\u0142odnym miejscu (niekoniecznie w lod\u00f3wce) nadaj\u0105 si\u0119 do spo\u017cycia przez 28 dni.<\/p>\n<figure id=\"attachment_5271\" aria-describedby=\"caption-attachment-5271\" style=\"width: 640px\" class=\"wp-caption aligncenter\"><a href=\"https:\/\/baranowscy.eu\/wordpress\/wp-content\/uploads\/2016\/04\/jaja_grzybow_13.jpg\"><img loading=\"lazy\" decoding=\"async\" class=\"size-full wp-image-5271\" src=\"https:\/\/baranowscy.eu\/wordpress\/wp-content\/uploads\/2016\/04\/jaja_grzybow_13.jpg\" alt=\"Nioski w akcji.\" width=\"640\" height=\"427\" srcset=\"https:\/\/baranowscy.eu\/wordpress\/wp-content\/uploads\/2016\/04\/jaja_grzybow_13.jpg 640w, https:\/\/baranowscy.eu\/wordpress\/wp-content\/uploads\/2016\/04\/jaja_grzybow_13-300x200.jpg 300w, https:\/\/baranowscy.eu\/wordpress\/wp-content\/uploads\/2016\/04\/jaja_grzybow_13-600x400.jpg 600w\" sizes=\"auto, (max-width: 640px) 100vw, 640px\" \/><\/a><figcaption id=\"caption-attachment-5271\" class=\"wp-caption-text\">Nioski w akcji.<\/figcaption><\/figure>\n<p>Wi\u0119kszo\u015b\u0107 os\u00f3b jest zachwycona jajami spod Magnuszewa, zar\u00f3wno zwyk\u0142ymi, jak i tymi od zielonon\u00f3\u017cek. Czym si\u0119 r\u00f3\u017cni\u0105? Opr\u00f3cz oczywi\u015bcie kosztu hodowli (zielonon\u00f3\u017cka jest bardziej wymagaj\u0105ca, musi mie\u0107 wi\u0119kszy wybieg, nie mo\u017cna jej zniewoli\u0107) m\u00f3wi si\u0119, \u017ce jaja od p\u00f3\u0142dzikich polskich kur s\u0105 zdrowsze. <strong>Z wygl\u0105du s\u0105 nieco mniejsze od zwyk\u0142ych jajek i maj\u0105 kremowy kolor, podczas gdy jaja od zwyk\u0142ych niosek maj\u0105 kolor skorupki zale\u017cny od umaszczenia kury (bia\u0142a kura \u2013 bia\u0142a skorupka, ruda kura \u2013 br\u0105zowa skorupka).<\/strong><\/p>\n<figure id=\"attachment_5268\" aria-describedby=\"caption-attachment-5268\" style=\"width: 640px\" class=\"wp-caption aligncenter\"><a href=\"https:\/\/baranowscy.eu\/wordpress\/wp-content\/uploads\/2016\/04\/jaja_grzybow_11.jpg\"><img loading=\"lazy\" decoding=\"async\" class=\"wp-image-5268 size-full\" src=\"https:\/\/baranowscy.eu\/wordpress\/wp-content\/uploads\/2016\/04\/jaja_grzybow_11.jpg\" alt=\"jaja_grzybow_11\" width=\"640\" height=\"427\" srcset=\"https:\/\/baranowscy.eu\/wordpress\/wp-content\/uploads\/2016\/04\/jaja_grzybow_11.jpg 640w, https:\/\/baranowscy.eu\/wordpress\/wp-content\/uploads\/2016\/04\/jaja_grzybow_11-300x200.jpg 300w, https:\/\/baranowscy.eu\/wordpress\/wp-content\/uploads\/2016\/04\/jaja_grzybow_11-600x400.jpg 600w\" sizes=\"auto, (max-width: 640px) 100vw, 640px\" \/><\/a><figcaption id=\"caption-attachment-5268\" class=\"wp-caption-text\">Wej\u015bcie do kurnika kur &#8222;niemieckich&#8221;.<\/figcaption><\/figure>\n<p>Poniewa\u017c dawno ju\u017c obalono mit z\u0142ego wp\u0142ywu jajka na poziom cholesterolu w krwi, je\u015bli lubimy \u2013 jedzmy je na zdrowie. Ze spokojnym sumieniem \u2013 kilka tygodniowo. Oczywi\u015bcie, o ile nie przesadzamy ze sma\u017ceniem ich i smarowaniem majonezem.<\/p>\n<figure id=\"attachment_5270\" aria-describedby=\"caption-attachment-5270\" style=\"width: 640px\" class=\"wp-caption aligncenter\"><a href=\"https:\/\/baranowscy.eu\/wordpress\/wp-content\/uploads\/2016\/04\/jaja_grzybow_12.jpg\"><img loading=\"lazy\" decoding=\"async\" class=\"size-full wp-image-5270\" src=\"https:\/\/baranowscy.eu\/wordpress\/wp-content\/uploads\/2016\/04\/jaja_grzybow_12.jpg\" alt=\"Spos\u00f3b na relaks: k\u0105piel w piachu.\" width=\"640\" height=\"427\" srcset=\"https:\/\/baranowscy.eu\/wordpress\/wp-content\/uploads\/2016\/04\/jaja_grzybow_12.jpg 640w, https:\/\/baranowscy.eu\/wordpress\/wp-content\/uploads\/2016\/04\/jaja_grzybow_12-300x200.jpg 300w, https:\/\/baranowscy.eu\/wordpress\/wp-content\/uploads\/2016\/04\/jaja_grzybow_12-600x400.jpg 600w\" sizes=\"auto, (max-width: 640px) 100vw, 640px\" \/><\/a><figcaption id=\"caption-attachment-5270\" class=\"wp-caption-text\">Spos\u00f3b na relaks: k\u0105piel w piachu.<\/figcaption><\/figure>\n<h2><strong>Ile \u017cyje kura<\/strong><\/h2>\n<p><strong>B\u0105d\u017amy \u015bwiadomi do ko\u0144ca.<\/strong> Prawda jest taka, \u017ce kura w szcz\u0119\u015bliwej zagrodzie \u017cyje oko\u0142o dw\u00f3ch lat z sze\u015bciu, kt\u00f3re da\u0142a jej natura. Marlena m\u00f3wi szczerze: \u2013 Nie op\u0142aca si\u0119 trzyma\u0107 kury d\u0142u\u017cej, bo przestaje nie\u015b\u0107 si\u0119 wystarczaj\u0105co wydajnie. Przymierzam si\u0119 teraz do wymiany ca\u0142ego stada zielonon\u00f3\u017cek. Sprzedajemy zar\u00f3wno \u017cywe, jak i ubite i opierzone ptaki. Id\u0105 zwykle na ros\u00f3\u0142.<\/p>\n<p><a href=\"https:\/\/baranowscy.eu\/wordpress\/wp-content\/uploads\/2016\/04\/jaja_grzybow_14.jpg\"><img loading=\"lazy\" decoding=\"async\" class=\"aligncenter size-full wp-image-5272\" src=\"https:\/\/baranowscy.eu\/wordpress\/wp-content\/uploads\/2016\/04\/jaja_grzybow_14.jpg\" alt=\"jaja_grzybow_14\" width=\"640\" height=\"427\" srcset=\"https:\/\/baranowscy.eu\/wordpress\/wp-content\/uploads\/2016\/04\/jaja_grzybow_14.jpg 640w, https:\/\/baranowscy.eu\/wordpress\/wp-content\/uploads\/2016\/04\/jaja_grzybow_14-300x200.jpg 300w, https:\/\/baranowscy.eu\/wordpress\/wp-content\/uploads\/2016\/04\/jaja_grzybow_14-600x400.jpg 600w\" sizes=\"auto, (max-width: 640px) 100vw, 640px\" \/><\/a><\/p>\n<p>Koguty pewnie b\u0119d\u0105 oszcz\u0119dzone \u2013 mia\u0142y szcz\u0119\u015bcie, bo prze\u017cy\u0142y wst\u0119pn\u0105 selekcj\u0119 na fermie, gdzie si\u0119 urodzi\u0142y (w gospodarstwie Marleny i Piotra nie rozmna\u017ca si\u0119 kur). Zazwyczaj \u017cywot koguta trwa kilka godzin i nie ma tu znaczenia, czy ferma jest ekologiczna, czy nie &#8211; po selekcji zostawia si\u0119 kurki, a koguciki id\u0105 do &#8222;utylizacji&#8221; (s\u0105 podobno zagazowywane i przerabiane na pasz\u0119 dla zwierz\u0105t).<\/p>\n<figure id=\"attachment_5273\" aria-describedby=\"caption-attachment-5273\" style=\"width: 640px\" class=\"wp-caption aligncenter\"><a href=\"https:\/\/baranowscy.eu\/wordpress\/wp-content\/uploads\/2016\/04\/jaja_grzybow_15.jpg\"><img loading=\"lazy\" decoding=\"async\" class=\"size-full wp-image-5273\" src=\"https:\/\/baranowscy.eu\/wordpress\/wp-content\/uploads\/2016\/04\/jaja_grzybow_15.jpg\" alt=\"Wyj\u015bcie z kurnika u zielonon\u00f3\u017cek.\" width=\"640\" height=\"427\" srcset=\"https:\/\/baranowscy.eu\/wordpress\/wp-content\/uploads\/2016\/04\/jaja_grzybow_15.jpg 640w, https:\/\/baranowscy.eu\/wordpress\/wp-content\/uploads\/2016\/04\/jaja_grzybow_15-300x200.jpg 300w, https:\/\/baranowscy.eu\/wordpress\/wp-content\/uploads\/2016\/04\/jaja_grzybow_15-600x400.jpg 600w\" sizes=\"auto, (max-width: 640px) 100vw, 640px\" \/><\/a><figcaption id=\"caption-attachment-5273\" class=\"wp-caption-text\">Wyj\u015bcie z kurnika u zielonon\u00f3\u017cek.<\/figcaption><\/figure>\n<p><strong>Uwa\u017cam, \u017ce o jajkach trzeba wiedzie\u0107 wszystko<\/strong> \u2013 a wi\u0119c i to, \u017ce nie s\u0105 niewinne pod wzgl\u0119dem \u017cycia innych zwierz\u0105t. Nawet je\u015bli wegetarianie uwa\u017caj\u0105, \u017ce jajka s\u0105 w porz\u0105dku, warto wiedzie\u0107, \u017ce jedna \u017cywa kura znosz\u0105ca jajka to jeden martwy kogucik zabity zaraz po wykluciu. To tak\u017ce \u015bmier\u0107 tej kury po czasie, kiedy przynosi najwi\u0119cej \u201ezysku\u201d \u2013 w zale\u017cno\u015bci od rodzaju hodowli, do dw\u00f3ch lat.<\/p>\n<figure id=\"attachment_5274\" aria-describedby=\"caption-attachment-5274\" style=\"width: 640px\" class=\"wp-caption aligncenter\"><a href=\"https:\/\/baranowscy.eu\/wordpress\/wp-content\/uploads\/2016\/04\/jaja_grzybow_16.jpg\"><img loading=\"lazy\" decoding=\"async\" class=\"size-full wp-image-5274\" src=\"https:\/\/baranowscy.eu\/wordpress\/wp-content\/uploads\/2016\/04\/jaja_grzybow_16.jpg\" alt=\"W kurniku zwyk\u0142ych kur nieco wi\u0119kszy \u015bcisk.\" width=\"640\" height=\"427\" srcset=\"https:\/\/baranowscy.eu\/wordpress\/wp-content\/uploads\/2016\/04\/jaja_grzybow_16.jpg 640w, https:\/\/baranowscy.eu\/wordpress\/wp-content\/uploads\/2016\/04\/jaja_grzybow_16-300x200.jpg 300w, https:\/\/baranowscy.eu\/wordpress\/wp-content\/uploads\/2016\/04\/jaja_grzybow_16-600x400.jpg 600w\" sizes=\"auto, (max-width: 640px) 100vw, 640px\" \/><\/a><figcaption id=\"caption-attachment-5274\" class=\"wp-caption-text\">W kurniku zwyk\u0142ych kur nieco wi\u0119kszy \u015bcisk.<\/figcaption><\/figure>\n<p>Nie jestem wegank\u0105 i jestem za \u015bwiadomym wyborem, pokazuj\u0119 te\u017c prawdziwy \u015bwiat moim dzieciom. Decyzja zawsze nale\u017cy do \u015bwiadomego konsumenta. Dlatego z ciekawo\u015bci\u0105 wybra\u0142am si\u0119 obejrze\u0107, jak \u017cyj\u0105 kury, kt\u00f3rych jaja jem. I cho\u0107 nie s\u0105 to ma\u0142e stadka po 30 \u2013 50 sztuk, jak podobno kurom \u017cyje si\u0119 najlepiej, to jednak wydaje mi si\u0119, \u017ce tym ptakom jest ca\u0142kiem nie\u017ale. Oczywi\u015bcie do czasu, ale to kwestia naszego sumienia, czy uznajemy, \u017ce mo\u017cna je\u015b\u0107 zwierz\u0119ta.<\/p>\n<figure id=\"attachment_5275\" aria-describedby=\"caption-attachment-5275\" style=\"width: 640px\" class=\"wp-caption aligncenter\"><a href=\"https:\/\/baranowscy.eu\/wordpress\/wp-content\/uploads\/2016\/04\/jaja_grzybow_17.jpg\"><img loading=\"lazy\" decoding=\"async\" class=\"size-full wp-image-5275\" src=\"https:\/\/baranowscy.eu\/wordpress\/wp-content\/uploads\/2016\/04\/jaja_grzybow_17.jpg\" alt=\"Kury &quot;Niemki&quot; przy korytku.\" width=\"640\" height=\"427\" srcset=\"https:\/\/baranowscy.eu\/wordpress\/wp-content\/uploads\/2016\/04\/jaja_grzybow_17.jpg 640w, https:\/\/baranowscy.eu\/wordpress\/wp-content\/uploads\/2016\/04\/jaja_grzybow_17-300x200.jpg 300w, https:\/\/baranowscy.eu\/wordpress\/wp-content\/uploads\/2016\/04\/jaja_grzybow_17-600x400.jpg 600w\" sizes=\"auto, (max-width: 640px) 100vw, 640px\" \/><\/a><figcaption id=\"caption-attachment-5275\" class=\"wp-caption-text\">Kury &#8222;Niemki&#8221; przy korytku.<\/figcaption><\/figure>\n<p><strong>Przeczytaj tak\u017ce: <a href=\"https:\/\/baranowscy.eu\/wordpress\/dlaczego-jajko-moze-uczulac\/\">Dlaczego jajko mo\u017ce uczula\u0107?<\/a><\/strong><\/p>\n","protected":false},"excerpt":{"rendered":"<p>250 niosek \u201ezwyk\u0142ych\u201d oraz 150 zielonon\u00f3\u017cek. Wygrzebane dziury w ziemi, zalotne spojrzenia kur i w\u0142adcze piania kogut\u00f3w. Kurnik, kt\u00f3ry nie \u015bmierdzi. Ferma w Grzybowie ko\u0142o&hellip;<\/p>\n","protected":false},"author":1,"featured_media":5259,"comment_status":"open","ping_status":"open","sticky":false,"template":"","format":"standard","meta":{"_jetpack_memberships_contains_paid_content":false,"footnotes":""},"categories":[17,168,72],"tags":[1030,1031,1037,1036,1034,233,1035,375,1029],"class_list":["post-5251","post","type-post","status-publish","format-standard","has-post-thumbnail","hentry","category-o-jedzeniu","category-podroze","category-wywiady","tag-bakterie-probiotyczne","tag-emy","tag-ferma-drobiu","tag-ferma-kur","tag-hodowla-ekologiczna","tag-jajka","tag-jajka-zerowki","tag-kooperatywa-dobrze","tag-kury-zielononozki"],"yoast_head":"<!-- This site is optimized with the Yoast SEO plugin v27.5 - https:\/\/yoast.com\/product\/yoast-seo-wordpress\/ -->\n<title>Sk\u0105d si\u0119 wzi\u0119\u0142o moje jajko? - organiczni.eu<\/title>\n<meta name=\"robots\" content=\"index, follow, max-snippet:-1, max-image-preview:large, max-video-preview:-1\" \/>\n<link rel=\"canonical\" href=\"https:\/\/baranowscy.eu\/wordpress\/skad-sie-wzielo-moje-jajko\/\" \/>\n<meta property=\"og:locale\" content=\"pl_PL\" \/>\n<meta property=\"og:type\" content=\"article\" \/>\n<meta property=\"og:title\" content=\"Sk\u0105d si\u0119 wzi\u0119\u0142o moje jajko? - organiczni.eu\" \/>\n<meta property=\"og:description\" content=\"250 niosek \u201ezwyk\u0142ych\u201d oraz 150 zielonon\u00f3\u017cek. Wygrzebane dziury w ziemi, zalotne spojrzenia kur i w\u0142adcze piania kogut\u00f3w. Kurnik, kt\u00f3ry nie \u015bmierdzi. Ferma w Grzybowie ko\u0142o&hellip;\" \/>\n<meta property=\"og:url\" content=\"https:\/\/baranowscy.eu\/wordpress\/skad-sie-wzielo-moje-jajko\/\" \/>\n<meta property=\"og:site_name\" content=\"organiczni.eu\" \/>\n<meta property=\"article:publisher\" content=\"https:\/\/www.facebook.com\/organiczni\/\" \/>\n<meta property=\"article:published_time\" content=\"2016-04-14T18:15:43+00:00\" \/>\n<meta property=\"article:modified_time\" content=\"2016-04-14T19:15:10+00:00\" \/>\n<meta property=\"og:image\" content=\"https:\/\/baranowscy.eu\/wordpress\/wp-content\/uploads\/2016\/04\/kura_1.jpg\" \/>\n\t<meta property=\"og:image:width\" content=\"640\" \/>\n\t<meta property=\"og:image:height\" content=\"427\" \/>\n\t<meta property=\"og:image:type\" content=\"image\/jpeg\" \/>\n<meta name=\"author\" content=\"joanna\" \/>\n<meta name=\"twitter:card\" content=\"summary_large_image\" \/>\n<meta name=\"twitter:label1\" content=\"Napisane przez\" \/>\n\t<meta name=\"twitter:data1\" content=\"joanna\" \/>\n\t<meta name=\"twitter:label2\" content=\"Szacowany czas czytania\" \/>\n\t<meta name=\"twitter:data2\" content=\"7 minut\" \/>\n<script type=\"application\/ld+json\" class=\"yoast-schema-graph\">{\"@context\":\"https:\\\/\\\/schema.org\",\"@graph\":[{\"@type\":\"Article\",\"@id\":\"https:\\\/\\\/baranowscy.eu\\\/wordpress\\\/skad-sie-wzielo-moje-jajko\\\/#article\",\"isPartOf\":{\"@id\":\"https:\\\/\\\/baranowscy.eu\\\/wordpress\\\/skad-sie-wzielo-moje-jajko\\\/\"},\"author\":{\"name\":\"joanna\",\"@id\":\"https:\\\/\\\/baranowscy.eu\\\/wordpress\\\/#\\\/schema\\\/person\\\/741d5f1f3fd2833c5ca2ffdaaa93dc73\"},\"headline\":\"Sk\u0105d si\u0119 wzi\u0119\u0142o moje jajko?\",\"datePublished\":\"2016-04-14T18:15:43+00:00\",\"dateModified\":\"2016-04-14T19:15:10+00:00\",\"mainEntityOfPage\":{\"@id\":\"https:\\\/\\\/baranowscy.eu\\\/wordpress\\\/skad-sie-wzielo-moje-jajko\\\/\"},\"wordCount\":1428,\"commentCount\":1,\"publisher\":{\"@id\":\"https:\\\/\\\/baranowscy.eu\\\/wordpress\\\/#organization\"},\"image\":{\"@id\":\"https:\\\/\\\/baranowscy.eu\\\/wordpress\\\/skad-sie-wzielo-moje-jajko\\\/#primaryimage\"},\"thumbnailUrl\":\"https:\\\/\\\/baranowscy.eu\\\/wordpress\\\/wp-content\\\/uploads\\\/2016\\\/04\\\/kura_1.jpg\",\"keywords\":[\"bakterie probiotyczne\",\"emy\",\"ferma drobiu\",\"ferma kur\",\"hodowla ekologiczna\",\"jajka\",\"jajka zer\u00f3wki\",\"Kooperatywa Dobrze\",\"kury zielonon\u00f3\u017cki\"],\"articleSection\":[\"o jedzeniu\",\"podr\u00f3\u017ce\",\"wywiady\"],\"inLanguage\":\"pl-PL\",\"potentialAction\":[{\"@type\":\"CommentAction\",\"name\":\"Comment\",\"target\":[\"https:\\\/\\\/baranowscy.eu\\\/wordpress\\\/skad-sie-wzielo-moje-jajko\\\/#respond\"]}]},{\"@type\":\"WebPage\",\"@id\":\"https:\\\/\\\/baranowscy.eu\\\/wordpress\\\/skad-sie-wzielo-moje-jajko\\\/\",\"url\":\"https:\\\/\\\/baranowscy.eu\\\/wordpress\\\/skad-sie-wzielo-moje-jajko\\\/\",\"name\":\"Sk\u0105d si\u0119 wzi\u0119\u0142o moje jajko? - organiczni.eu\",\"isPartOf\":{\"@id\":\"https:\\\/\\\/baranowscy.eu\\\/wordpress\\\/#website\"},\"primaryImageOfPage\":{\"@id\":\"https:\\\/\\\/baranowscy.eu\\\/wordpress\\\/skad-sie-wzielo-moje-jajko\\\/#primaryimage\"},\"image\":{\"@id\":\"https:\\\/\\\/baranowscy.eu\\\/wordpress\\\/skad-sie-wzielo-moje-jajko\\\/#primaryimage\"},\"thumbnailUrl\":\"https:\\\/\\\/baranowscy.eu\\\/wordpress\\\/wp-content\\\/uploads\\\/2016\\\/04\\\/kura_1.jpg\",\"datePublished\":\"2016-04-14T18:15:43+00:00\",\"dateModified\":\"2016-04-14T19:15:10+00:00\",\"breadcrumb\":{\"@id\":\"https:\\\/\\\/baranowscy.eu\\\/wordpress\\\/skad-sie-wzielo-moje-jajko\\\/#breadcrumb\"},\"inLanguage\":\"pl-PL\",\"potentialAction\":[{\"@type\":\"ReadAction\",\"target\":[\"https:\\\/\\\/baranowscy.eu\\\/wordpress\\\/skad-sie-wzielo-moje-jajko\\\/\"]}]},{\"@type\":\"ImageObject\",\"inLanguage\":\"pl-PL\",\"@id\":\"https:\\\/\\\/baranowscy.eu\\\/wordpress\\\/skad-sie-wzielo-moje-jajko\\\/#primaryimage\",\"url\":\"https:\\\/\\\/baranowscy.eu\\\/wordpress\\\/wp-content\\\/uploads\\\/2016\\\/04\\\/kura_1.jpg\",\"contentUrl\":\"https:\\\/\\\/baranowscy.eu\\\/wordpress\\\/wp-content\\\/uploads\\\/2016\\\/04\\\/kura_1.jpg\",\"width\":640,\"height\":427},{\"@type\":\"BreadcrumbList\",\"@id\":\"https:\\\/\\\/baranowscy.eu\\\/wordpress\\\/skad-sie-wzielo-moje-jajko\\\/#breadcrumb\",\"itemListElement\":[{\"@type\":\"ListItem\",\"position\":1,\"name\":\"Strona g\u0142\u00f3wna\",\"item\":\"https:\\\/\\\/baranowscy.eu\\\/wordpress\\\/\"},{\"@type\":\"ListItem\",\"position\":2,\"name\":\"Sk\u0105d si\u0119 wzi\u0119\u0142o moje jajko?\"}]},{\"@type\":\"WebSite\",\"@id\":\"https:\\\/\\\/baranowscy.eu\\\/wordpress\\\/#website\",\"url\":\"https:\\\/\\\/baranowscy.eu\\\/wordpress\\\/\",\"name\":\"organiczni.eu\",\"description\":\"Najbardziej wszechstronny blog ekologiczny\",\"publisher\":{\"@id\":\"https:\\\/\\\/baranowscy.eu\\\/wordpress\\\/#organization\"},\"potentialAction\":[{\"@type\":\"SearchAction\",\"target\":{\"@type\":\"EntryPoint\",\"urlTemplate\":\"https:\\\/\\\/baranowscy.eu\\\/wordpress\\\/?s={search_term_string}\"},\"query-input\":{\"@type\":\"PropertyValueSpecification\",\"valueRequired\":true,\"valueName\":\"search_term_string\"}}],\"inLanguage\":\"pl-PL\"},{\"@type\":\"Organization\",\"@id\":\"https:\\\/\\\/baranowscy.eu\\\/wordpress\\\/#organization\",\"name\":\"organiczni.eu\",\"url\":\"https:\\\/\\\/baranowscy.eu\\\/wordpress\\\/\",\"logo\":{\"@type\":\"ImageObject\",\"inLanguage\":\"pl-PL\",\"@id\":\"https:\\\/\\\/baranowscy.eu\\\/wordpress\\\/#\\\/schema\\\/logo\\\/image\\\/\",\"url\":\"https:\\\/\\\/baranowscy.eu\\\/wordpress\\\/wp-content\\\/uploads\\\/2018\\\/01\\\/logo_duze.png\",\"contentUrl\":\"https:\\\/\\\/baranowscy.eu\\\/wordpress\\\/wp-content\\\/uploads\\\/2018\\\/01\\\/logo_duze.png\",\"width\":1398,\"height\":300,\"caption\":\"organiczni.eu\"},\"image\":{\"@id\":\"https:\\\/\\\/baranowscy.eu\\\/wordpress\\\/#\\\/schema\\\/logo\\\/image\\\/\"},\"sameAs\":[\"https:\\\/\\\/www.facebook.com\\\/organiczni\\\/\",\"https:\\\/\\\/www.instagram.com\\\/organiczni.eu\\\/\"]},{\"@type\":\"Person\",\"@id\":\"https:\\\/\\\/baranowscy.eu\\\/wordpress\\\/#\\\/schema\\\/person\\\/741d5f1f3fd2833c5ca2ffdaaa93dc73\",\"name\":\"joanna\",\"image\":{\"@type\":\"ImageObject\",\"inLanguage\":\"pl-PL\",\"@id\":\"https:\\\/\\\/secure.gravatar.com\\\/avatar\\\/a59b1be4fa5d200ee0af0ba4bbcdb691da1d589b419bae23d7aa5a15d820e28e?s=96&d=identicon&r=g\",\"url\":\"https:\\\/\\\/secure.gravatar.com\\\/avatar\\\/a59b1be4fa5d200ee0af0ba4bbcdb691da1d589b419bae23d7aa5a15d820e28e?s=96&d=identicon&r=g\",\"contentUrl\":\"https:\\\/\\\/secure.gravatar.com\\\/avatar\\\/a59b1be4fa5d200ee0af0ba4bbcdb691da1d589b419bae23d7aa5a15d820e28e?s=96&d=identicon&r=g\",\"caption\":\"joanna\"},\"sameAs\":[\"https:\\\/\\\/organiczni.baranowscy.eu\"],\"url\":\"https:\\\/\\\/baranowscy.eu\\\/wordpress\\\/author\\\/admin\\\/\"}]}<\/script>\n<!-- \/ Yoast SEO plugin. -->","yoast_head_json":{"title":"Sk\u0105d si\u0119 wzi\u0119\u0142o moje jajko? - organiczni.eu","robots":{"index":"index","follow":"follow","max-snippet":"max-snippet:-1","max-image-preview":"max-image-preview:large","max-video-preview":"max-video-preview:-1"},"canonical":"https:\/\/baranowscy.eu\/wordpress\/skad-sie-wzielo-moje-jajko\/","og_locale":"pl_PL","og_type":"article","og_title":"Sk\u0105d si\u0119 wzi\u0119\u0142o moje jajko? - organiczni.eu","og_description":"250 niosek \u201ezwyk\u0142ych\u201d oraz 150 zielonon\u00f3\u017cek. Wygrzebane dziury w ziemi, zalotne spojrzenia kur i w\u0142adcze piania kogut\u00f3w. Kurnik, kt\u00f3ry nie \u015bmierdzi. Ferma w Grzybowie ko\u0142o&hellip;","og_url":"https:\/\/baranowscy.eu\/wordpress\/skad-sie-wzielo-moje-jajko\/","og_site_name":"organiczni.eu","article_publisher":"https:\/\/www.facebook.com\/organiczni\/","article_published_time":"2016-04-14T18:15:43+00:00","article_modified_time":"2016-04-14T19:15:10+00:00","og_image":[{"width":640,"height":427,"url":"https:\/\/baranowscy.eu\/wordpress\/wp-content\/uploads\/2016\/04\/kura_1.jpg","type":"image\/jpeg"}],"author":"joanna","twitter_card":"summary_large_image","twitter_misc":{"Napisane przez":"joanna","Szacowany czas czytania":"7 minut"},"schema":{"@context":"https:\/\/schema.org","@graph":[{"@type":"Article","@id":"https:\/\/baranowscy.eu\/wordpress\/skad-sie-wzielo-moje-jajko\/#article","isPartOf":{"@id":"https:\/\/baranowscy.eu\/wordpress\/skad-sie-wzielo-moje-jajko\/"},"author":{"name":"joanna","@id":"https:\/\/baranowscy.eu\/wordpress\/#\/schema\/person\/741d5f1f3fd2833c5ca2ffdaaa93dc73"},"headline":"Sk\u0105d si\u0119 wzi\u0119\u0142o moje jajko?","datePublished":"2016-04-14T18:15:43+00:00","dateModified":"2016-04-14T19:15:10+00:00","mainEntityOfPage":{"@id":"https:\/\/baranowscy.eu\/wordpress\/skad-sie-wzielo-moje-jajko\/"},"wordCount":1428,"commentCount":1,"publisher":{"@id":"https:\/\/baranowscy.eu\/wordpress\/#organization"},"image":{"@id":"https:\/\/baranowscy.eu\/wordpress\/skad-sie-wzielo-moje-jajko\/#primaryimage"},"thumbnailUrl":"https:\/\/baranowscy.eu\/wordpress\/wp-content\/uploads\/2016\/04\/kura_1.jpg","keywords":["bakterie probiotyczne","emy","ferma drobiu","ferma kur","hodowla ekologiczna","jajka","jajka zer\u00f3wki","Kooperatywa Dobrze","kury zielonon\u00f3\u017cki"],"articleSection":["o jedzeniu","podr\u00f3\u017ce","wywiady"],"inLanguage":"pl-PL","potentialAction":[{"@type":"CommentAction","name":"Comment","target":["https:\/\/baranowscy.eu\/wordpress\/skad-sie-wzielo-moje-jajko\/#respond"]}]},{"@type":"WebPage","@id":"https:\/\/baranowscy.eu\/wordpress\/skad-sie-wzielo-moje-jajko\/","url":"https:\/\/baranowscy.eu\/wordpress\/skad-sie-wzielo-moje-jajko\/","name":"Sk\u0105d si\u0119 wzi\u0119\u0142o moje jajko? - organiczni.eu","isPartOf":{"@id":"https:\/\/baranowscy.eu\/wordpress\/#website"},"primaryImageOfPage":{"@id":"https:\/\/baranowscy.eu\/wordpress\/skad-sie-wzielo-moje-jajko\/#primaryimage"},"image":{"@id":"https:\/\/baranowscy.eu\/wordpress\/skad-sie-wzielo-moje-jajko\/#primaryimage"},"thumbnailUrl":"https:\/\/baranowscy.eu\/wordpress\/wp-content\/uploads\/2016\/04\/kura_1.jpg","datePublished":"2016-04-14T18:15:43+00:00","dateModified":"2016-04-14T19:15:10+00:00","breadcrumb":{"@id":"https:\/\/baranowscy.eu\/wordpress\/skad-sie-wzielo-moje-jajko\/#breadcrumb"},"inLanguage":"pl-PL","potentialAction":[{"@type":"ReadAction","target":["https:\/\/baranowscy.eu\/wordpress\/skad-sie-wzielo-moje-jajko\/"]}]},{"@type":"ImageObject","inLanguage":"pl-PL","@id":"https:\/\/baranowscy.eu\/wordpress\/skad-sie-wzielo-moje-jajko\/#primaryimage","url":"https:\/\/baranowscy.eu\/wordpress\/wp-content\/uploads\/2016\/04\/kura_1.jpg","contentUrl":"https:\/\/baranowscy.eu\/wordpress\/wp-content\/uploads\/2016\/04\/kura_1.jpg","width":640,"height":427},{"@type":"BreadcrumbList","@id":"https:\/\/baranowscy.eu\/wordpress\/skad-sie-wzielo-moje-jajko\/#breadcrumb","itemListElement":[{"@type":"ListItem","position":1,"name":"Strona g\u0142\u00f3wna","item":"https:\/\/baranowscy.eu\/wordpress\/"},{"@type":"ListItem","position":2,"name":"Sk\u0105d si\u0119 wzi\u0119\u0142o moje jajko?"}]},{"@type":"WebSite","@id":"https:\/\/baranowscy.eu\/wordpress\/#website","url":"https:\/\/baranowscy.eu\/wordpress\/","name":"organiczni.eu","description":"Najbardziej wszechstronny blog ekologiczny","publisher":{"@id":"https:\/\/baranowscy.eu\/wordpress\/#organization"},"potentialAction":[{"@type":"SearchAction","target":{"@type":"EntryPoint","urlTemplate":"https:\/\/baranowscy.eu\/wordpress\/?s={search_term_string}"},"query-input":{"@type":"PropertyValueSpecification","valueRequired":true,"valueName":"search_term_string"}}],"inLanguage":"pl-PL"},{"@type":"Organization","@id":"https:\/\/baranowscy.eu\/wordpress\/#organization","name":"organiczni.eu","url":"https:\/\/baranowscy.eu\/wordpress\/","logo":{"@type":"ImageObject","inLanguage":"pl-PL","@id":"https:\/\/baranowscy.eu\/wordpress\/#\/schema\/logo\/image\/","url":"https:\/\/baranowscy.eu\/wordpress\/wp-content\/uploads\/2018\/01\/logo_duze.png","contentUrl":"https:\/\/baranowscy.eu\/wordpress\/wp-content\/uploads\/2018\/01\/logo_duze.png","width":1398,"height":300,"caption":"organiczni.eu"},"image":{"@id":"https:\/\/baranowscy.eu\/wordpress\/#\/schema\/logo\/image\/"},"sameAs":["https:\/\/www.facebook.com\/organiczni\/","https:\/\/www.instagram.com\/organiczni.eu\/"]},{"@type":"Person","@id":"https:\/\/baranowscy.eu\/wordpress\/#\/schema\/person\/741d5f1f3fd2833c5ca2ffdaaa93dc73","name":"joanna","image":{"@type":"ImageObject","inLanguage":"pl-PL","@id":"https:\/\/secure.gravatar.com\/avatar\/a59b1be4fa5d200ee0af0ba4bbcdb691da1d589b419bae23d7aa5a15d820e28e?s=96&d=identicon&r=g","url":"https:\/\/secure.gravatar.com\/avatar\/a59b1be4fa5d200ee0af0ba4bbcdb691da1d589b419bae23d7aa5a15d820e28e?s=96&d=identicon&r=g","contentUrl":"https:\/\/secure.gravatar.com\/avatar\/a59b1be4fa5d200ee0af0ba4bbcdb691da1d589b419bae23d7aa5a15d820e28e?s=96&d=identicon&r=g","caption":"joanna"},"sameAs":["https:\/\/organiczni.baranowscy.eu"],"url":"https:\/\/baranowscy.eu\/wordpress\/author\/admin\/"}]}},"jetpack_featured_media_url":"https:\/\/baranowscy.eu\/wordpress\/wp-content\/uploads\/2016\/04\/kura_1.jpg","jetpack_sharing_enabled":true,"_links":{"self":[{"href":"https:\/\/baranowscy.eu\/wordpress\/wp-json\/wp\/v2\/posts\/5251","targetHints":{"allow":["GET"]}}],"collection":[{"href":"https:\/\/baranowscy.eu\/wordpress\/wp-json\/wp\/v2\/posts"}],"about":[{"href":"https:\/\/baranowscy.eu\/wordpress\/wp-json\/wp\/v2\/types\/post"}],"author":[{"embeddable":true,"href":"https:\/\/baranowscy.eu\/wordpress\/wp-json\/wp\/v2\/users\/1"}],"replies":[{"embeddable":true,"href":"https:\/\/baranowscy.eu\/wordpress\/wp-json\/wp\/v2\/comments?post=5251"}],"version-history":[{"count":6,"href":"https:\/\/baranowscy.eu\/wordpress\/wp-json\/wp\/v2\/posts\/5251\/revisions"}],"predecessor-version":[{"id":5277,"href":"https:\/\/baranowscy.eu\/wordpress\/wp-json\/wp\/v2\/posts\/5251\/revisions\/5277"}],"wp:featuredmedia":[{"embeddable":true,"href":"https:\/\/baranowscy.eu\/wordpress\/wp-json\/wp\/v2\/media\/5259"}],"wp:attachment":[{"href":"https:\/\/baranowscy.eu\/wordpress\/wp-json\/wp\/v2\/media?parent=5251"}],"wp:term":[{"taxonomy":"category","embeddable":true,"href":"https:\/\/baranowscy.eu\/wordpress\/wp-json\/wp\/v2\/categories?post=5251"},{"taxonomy":"post_tag","embeddable":true,"href":"https:\/\/baranowscy.eu\/wordpress\/wp-json\/wp\/v2\/tags?post=5251"}],"curies":[{"name":"wp","href":"https:\/\/api.w.org\/{rel}","templated":true}]}}