{"id":4706,"date":"2015-12-13T13:34:58","date_gmt":"2015-12-13T12:34:58","guid":{"rendered":"http:\/\/baranowscy.eu\/wordpress\/?p=4706"},"modified":"2016-10-04T21:18:12","modified_gmt":"2016-10-04T19:18:12","slug":"dni-alergii-2015-relacja","status":"publish","type":"post","link":"https:\/\/baranowscy.eu\/wordpress\/dni-alergii-2015-relacja\/","title":{"rendered":"Dni Alergii 2015 &#8211; relacja"},"content":{"rendered":"<p><strong><a href=\"https:\/\/baranowscy.eu\/wordpress\/dni-alergii-i-nietolerancji-pokarmowej-oraz-ecorganica-2016\/\" target=\"_blank\">Zapraszamy na 3. edycj\u0119 Dni Alergii!<\/a><\/strong><\/p>\n<p><strong>Druga edycja Dni Alergii, kt\u00f3rej nasz blog patronowa\u0142 medialnie, odby\u0142a si\u0119 w weekend 21-22 listopada 2015 r. na Stadionie Narodowym. Tym razem przestrze\u0144 po\u015bwi\u0119cona na targi by\u0142a wi\u0119ksza ni\u017c poprzednio, natomiast oferta &#8211; mam wra\u017cenie &#8211; nie by\u0142a bardziej zr\u00f3\u017cnicowana.\u00a0<\/strong><\/p>\n<p>Kilka punkt\u00f3w programu tegorocznych Dni Alergii uwa\u017cam za bardzo udane i niezwykle warto\u015bciowe dla os\u00f3b chc\u0105cych poszerzy\u0107 swoj\u0105 wiedz\u0119 w dziedzinie r\u00f3\u017cnego rodzaju alergii oraz nietolerancji pokarmowej. Mam te\u017c wra\u017cenie, \u017ce kilka wydarze\u0144 nie zosta\u0142o dostatecznie docenionych (a mo\u017ce zauwa\u017conych?) przez go\u015bci. Zanotowa\u0142am te\u017c luki w ofercie targ\u00f3w, o czym pisz\u0119 poni\u017cej.<\/p>\n<figure id=\"attachment_4715\" aria-describedby=\"caption-attachment-4715\" style=\"width: 640px\" class=\"wp-caption aligncenter\"><a href=\"https:\/\/baranowscy.eu\/wordpress\/wp-content\/uploads\/2015\/12\/aIMG_2773.jpg\"><img loading=\"lazy\" decoding=\"async\" class=\"size-full wp-image-4715\" src=\"https:\/\/baranowscy.eu\/wordpress\/wp-content\/uploads\/2015\/12\/aIMG_2773.jpg\" alt=\"Dni Alergii 2015.\" width=\"640\" height=\"427\" srcset=\"https:\/\/baranowscy.eu\/wordpress\/wp-content\/uploads\/2015\/12\/aIMG_2773.jpg 640w, https:\/\/baranowscy.eu\/wordpress\/wp-content\/uploads\/2015\/12\/aIMG_2773-300x200.jpg 300w, https:\/\/baranowscy.eu\/wordpress\/wp-content\/uploads\/2015\/12\/aIMG_2773-600x400.jpg 600w\" sizes=\"auto, (max-width: 640px) 100vw, 640px\" \/><\/a><figcaption id=\"caption-attachment-4715\" class=\"wp-caption-text\">Dni Alergii 2015.<\/figcaption><\/figure>\n<p><strong>Relacj\u0119 podzieli\u0142am na sekcje: diagnostyka, \u017cywno\u015b\u0107,\u00a0kosmetyki i inne.<\/strong> Wymieniam te wydarzenia i stoiska, kt\u00f3re zwr\u00f3ci\u0142y moj\u0105 uwag\u0119 i przy kt\u00f3rych zatrzyma\u0142am si\u0119 na d\u0142u\u017cej.<!--more--><\/p>\n<h2>Diagnostyka<\/h2>\n<p>Od zesz\u0142ego roku nie zauwa\u017cy\u0142am prze\u0142omu w diagnostyce, na dodatek wci\u0105\u017c spotyka\u0142am si\u0119 z b\u0142\u0119dnym nazywaniem alergii op\u00f3\u017anionej nietolerancj\u0105 pokarmow\u0105 (<a href=\"https:\/\/baranowscy.eu\/wordpress\/nietolerancja-pokarmowa-co-trzeba-wiedziec\/\" target=\"_blank\">przeczytaj, co to jest nietolerancja pokarmowa<\/a>).<\/p>\n<p>W\u015br\u00f3d stoisk nie zabrak\u0142o oczywi\u015bcie <strong>ALAB-u<\/strong>, kt\u00f3ry zach\u0119ca\u0142 do wykonania testu FoodProfil (alergie IgG-zale\u017cne) oraz panele alergiczne IgE,i rozdawa\u0142 kupony zni\u017ckowe na badania.<\/p>\n<p>By\u0142 r\u00f3wnie\u017c stoisko <strong>Diagnostyki<\/strong>,\u00a0innego znanego laboratorium, kt\u00f3re zach\u0119ca\u0142o do wykonania bada\u0144.<\/p>\n<p><strong>Alergo-Med<\/strong> zaprasza\u0142 m.in.o wykonywania test\u00f3w na alergie kontaktowe.<\/p>\n<figure id=\"attachment_4738\" aria-describedby=\"caption-attachment-4738\" style=\"width: 640px\" class=\"wp-caption aligncenter\"><a href=\"https:\/\/baranowscy.eu\/wordpress\/wp-content\/uploads\/2015\/12\/aIMG_2872.jpg\"><img loading=\"lazy\" decoding=\"async\" class=\"wp-image-4738 size-full\" src=\"https:\/\/baranowscy.eu\/wordpress\/wp-content\/uploads\/2015\/12\/aIMG_2872.jpg\" alt=\"aIMG_2872\" width=\"640\" height=\"427\" srcset=\"https:\/\/baranowscy.eu\/wordpress\/wp-content\/uploads\/2015\/12\/aIMG_2872.jpg 640w, https:\/\/baranowscy.eu\/wordpress\/wp-content\/uploads\/2015\/12\/aIMG_2872-300x200.jpg 300w, https:\/\/baranowscy.eu\/wordpress\/wp-content\/uploads\/2015\/12\/aIMG_2872-600x400.jpg 600w\" sizes=\"auto, (max-width: 640px) 100vw, 640px\" \/><\/a><figcaption id=\"caption-attachment-4738\" class=\"wp-caption-text\">Alergo-Med.<\/figcaption><\/figure>\n<p>Polska firma <strong>Enso Electronics<\/strong> z kolei proponowa\u0142a metod\u0119 diagnostyczn\u0105 wykrywaj\u0105c\u0105 nieprawid\u0142owo\u015bci w funkcjonowaniu organizmu za pomoc\u0105 biorezonansu. <strong>Nowo\u015bci\u0105 w tej ofercie jest biorezonans dla zwierz\u0105t.<\/strong>\u00a0Przyznaj\u0119, \u017ce nie umiem oceni\u0107 tej metody, kt\u00f3ra opr\u00f3cz diagnozy ma pozwala\u0107 r\u00f3wnie\u017c na leczenie r\u00f3\u017cnych zaburze\u0144. Jej pochodzenie wzbudza moje w\u0105tpliwo\u015bci, a liczba znanych mi os\u00f3b, od kt\u00f3rych s\u0142ysza\u0142am, \u017ce im pomog\u0142a. jak i tych, kt\u00f3rzy poczuli si\u0119 ni\u0105 oszukani, jest podobna.<\/p>\n<p>Sama na Dniach Alergii mia\u0142am okazj\u0119 spr\u00f3bowa\u0107 biorezonansu w wersji mini, na stoisku Hipoalergicznych.<\/p>\n<figure id=\"attachment_4769\" aria-describedby=\"caption-attachment-4769\" style=\"width: 640px\" class=\"wp-caption aligncenter\"><a href=\"https:\/\/baranowscy.eu\/wordpress\/wp-content\/uploads\/2015\/12\/aIMG_3020.jpg\"><img loading=\"lazy\" decoding=\"async\" class=\"size-full wp-image-4769\" src=\"https:\/\/baranowscy.eu\/wordpress\/wp-content\/uploads\/2015\/12\/aIMG_3020.jpg\" alt=\"Biorezonans.\" width=\"640\" height=\"427\" srcset=\"https:\/\/baranowscy.eu\/wordpress\/wp-content\/uploads\/2015\/12\/aIMG_3020.jpg 640w, https:\/\/baranowscy.eu\/wordpress\/wp-content\/uploads\/2015\/12\/aIMG_3020-300x200.jpg 300w, https:\/\/baranowscy.eu\/wordpress\/wp-content\/uploads\/2015\/12\/aIMG_3020-600x400.jpg 600w\" sizes=\"auto, (max-width: 640px) 100vw, 640px\" \/><\/a><figcaption id=\"caption-attachment-4769\" class=\"wp-caption-text\">Biorezonans.<\/figcaption><\/figure>\n<p>Zosta\u0142am sprawdzona pod k\u0105tem <em>Helicobacter pylori<\/em>, <em>Candidy<\/em> i glisty ludzkiej. Mo\u017ce powinnam uzna\u0107 t\u0119 metod\u0119 za wiarygodn\u0105, skoro badaj\u0105ca mnie pani kilka razy sprawdza\u0142a <em>Helicobacter<\/em> i nie mog\u0142a uwierzy\u0107, \u017ce jej nie mam, bo wszyscy maj\u0105. A \u017ce nie mam, to wiem sk\u0105din\u0105d. <em>Candidy<\/em> ani glisty nie wykryto tak\u017ce, co oczywi\u015bcie nape\u0142ni\u0142o mnie wielk\u0105 rado\u015bci\u0105.<\/p>\n<p><a href=\"https:\/\/baranowscy.eu\/wordpress\/wp-content\/uploads\/2015\/12\/instytutmikroekologii_0.jpg\"><img loading=\"lazy\" decoding=\"async\" class=\"aligncenter size-full wp-image-4783\" src=\"https:\/\/baranowscy.eu\/wordpress\/wp-content\/uploads\/2015\/12\/instytutmikroekologii_0.jpg\" alt=\"instytutmikroekologii_0\" width=\"640\" height=\"427\" srcset=\"https:\/\/baranowscy.eu\/wordpress\/wp-content\/uploads\/2015\/12\/instytutmikroekologii_0.jpg 640w, https:\/\/baranowscy.eu\/wordpress\/wp-content\/uploads\/2015\/12\/instytutmikroekologii_0-300x200.jpg 300w, https:\/\/baranowscy.eu\/wordpress\/wp-content\/uploads\/2015\/12\/instytutmikroekologii_0-600x400.jpg 600w\" sizes=\"auto, (max-width: 640px) 100vw, 640px\" \/><\/a><\/p>\n<p>Przy stoisku <strong>Instytutu Mikroekologii<\/strong> dowiedzia\u0142am si\u0119 o nowo\u015bci &#8211; badaniu na nietolerancj\u0119 histaminy. Z ciekawo\u015bci\u0105 czekam na szczeg\u00f3\u0142y.<\/p>\n<h2>\u017bywno\u015b\u0107<\/h2>\n<p>Najwi\u0119ksz\u0105 sekcj\u0105 cz\u0119\u015bci \u017cywieniowej targ\u00f3w by\u0142a<strong> strefa bezglutenowa<\/strong>. Mo\u017cna by\u0142o spr\u00f3bowa\u0107 produkt\u00f3w na\u015bladuj\u0105cych te z glutenem oraz tych naturalnie bezglutenowych. Moim zdaniem te &#8222;oszukane&#8221; ciasteczka czy chleby by\u0142y po prostu niedobre. Cz\u0119sto ich bezglutenowo\u015b\u0107 jest osi\u0105gana oczyszczaniem np. pszenicy z odpowiednich bia\u0142ek, jednak \u017ceby uzyska\u0107 podobny wygl\u0105d np. krakers\u00f3w, stopie\u0144 przetworzenia produktu przekracza granic\u0119, kt\u00f3r\u0105 uwa\u017cam za rozs\u0105dn\u0105. Mimo wszystko dobrze, \u017ce jest taki wyb\u00f3r gotowej \u017cywno\u015bci bezglutenowej, coraz wi\u0119kszy &#8211; by\u0107 mo\u017ce b\u0119dzie r\u00f3wnie\u017c coraz zdrowszy.<\/p>\n<figure id=\"attachment_4716\" aria-describedby=\"caption-attachment-4716\" style=\"width: 640px\" class=\"wp-caption aligncenter\"><a href=\"https:\/\/baranowscy.eu\/wordpress\/wp-content\/uploads\/2015\/12\/aIMG_2776.jpg\"><img loading=\"lazy\" decoding=\"async\" class=\"wp-image-4716 size-full\" src=\"https:\/\/baranowscy.eu\/wordpress\/wp-content\/uploads\/2015\/12\/aIMG_2776.jpg\" alt=\"aIMG_2776\" width=\"640\" height=\"427\" srcset=\"https:\/\/baranowscy.eu\/wordpress\/wp-content\/uploads\/2015\/12\/aIMG_2776.jpg 640w, https:\/\/baranowscy.eu\/wordpress\/wp-content\/uploads\/2015\/12\/aIMG_2776-300x200.jpg 300w, https:\/\/baranowscy.eu\/wordpress\/wp-content\/uploads\/2015\/12\/aIMG_2776-600x400.jpg 600w\" sizes=\"auto, (max-width: 640px) 100vw, 640px\" \/><\/a><figcaption id=\"caption-attachment-4716\" class=\"wp-caption-text\">Produkty Sch\u00e4r.<\/figcaption><\/figure>\n<p>Do ciekawostek nale\u017ca\u0142y stoiska z <strong>nabia\u0142em bezlaktozowym &#8211; OSM \u0141owicz<\/strong>:<\/p>\n<div id='gallery-1' class='gallery galleryid-4706 gallery-columns-3 gallery-size-full'><figure class='gallery-item'>\n\t\t\t<div class='gallery-icon landscape'>\n\t\t\t\t<a href='https:\/\/baranowscy.eu\/wordpress\/dni-alergii-2015-relacja\/aimg_2844\/'><img loading=\"lazy\" decoding=\"async\" width=\"640\" height=\"427\" src=\"https:\/\/baranowscy.eu\/wordpress\/wp-content\/uploads\/2015\/12\/aIMG_2844.jpg\" class=\"attachment-full size-full\" alt=\"\" aria-describedby=\"gallery-1-4729\" srcset=\"https:\/\/baranowscy.eu\/wordpress\/wp-content\/uploads\/2015\/12\/aIMG_2844.jpg 640w, https:\/\/baranowscy.eu\/wordpress\/wp-content\/uploads\/2015\/12\/aIMG_2844-300x200.jpg 300w, https:\/\/baranowscy.eu\/wordpress\/wp-content\/uploads\/2015\/12\/aIMG_2844-600x400.jpg 600w\" sizes=\"auto, (max-width: 640px) 100vw, 640px\" \/><\/a>\n\t\t\t<\/div>\n\t\t\t\t<figcaption class='wp-caption-text gallery-caption' id='gallery-1-4729'>\n\t\t\t\tOSM \u0141owicz.\n\t\t\t\t<\/figcaption><\/figure><figure class='gallery-item'>\n\t\t\t<div class='gallery-icon landscape'>\n\t\t\t\t<a href='https:\/\/baranowscy.eu\/wordpress\/dni-alergii-2015-relacja\/aimg_2843\/'><img loading=\"lazy\" decoding=\"async\" width=\"640\" height=\"427\" src=\"https:\/\/baranowscy.eu\/wordpress\/wp-content\/uploads\/2015\/12\/aIMG_2843.jpg\" class=\"attachment-full size-full\" alt=\"\" aria-describedby=\"gallery-1-4728\" srcset=\"https:\/\/baranowscy.eu\/wordpress\/wp-content\/uploads\/2015\/12\/aIMG_2843.jpg 640w, https:\/\/baranowscy.eu\/wordpress\/wp-content\/uploads\/2015\/12\/aIMG_2843-300x200.jpg 300w, https:\/\/baranowscy.eu\/wordpress\/wp-content\/uploads\/2015\/12\/aIMG_2843-600x400.jpg 600w\" sizes=\"auto, (max-width: 640px) 100vw, 640px\" \/><\/a>\n\t\t\t<\/div>\n\t\t\t\t<figcaption class='wp-caption-text gallery-caption' id='gallery-1-4728'>\n\t\t\t\tOSM \u0141owicz.\n\t\t\t\t<\/figcaption><\/figure>\n\t\t<\/div>\n\n<p>oraz <strong>Lumiko,<\/strong> kt\u00f3re zaprezentowa\u0142o mas\u0142o bez laktozy:<\/p>\n<div id='gallery-2' class='gallery galleryid-4706 gallery-columns-3 gallery-size-full'><figure class='gallery-item'>\n\t\t\t<div class='gallery-icon landscape'>\n\t\t\t\t<a href='https:\/\/baranowscy.eu\/wordpress\/dni-alergii-2015-relacja\/aimg_2852\/'><img loading=\"lazy\" decoding=\"async\" width=\"640\" height=\"427\" src=\"https:\/\/baranowscy.eu\/wordpress\/wp-content\/uploads\/2015\/12\/aIMG_2852.jpg\" class=\"attachment-full size-full\" alt=\"\" aria-describedby=\"gallery-2-4731\" srcset=\"https:\/\/baranowscy.eu\/wordpress\/wp-content\/uploads\/2015\/12\/aIMG_2852.jpg 640w, https:\/\/baranowscy.eu\/wordpress\/wp-content\/uploads\/2015\/12\/aIMG_2852-300x200.jpg 300w, https:\/\/baranowscy.eu\/wordpress\/wp-content\/uploads\/2015\/12\/aIMG_2852-600x400.jpg 600w\" sizes=\"auto, (max-width: 640px) 100vw, 640px\" \/><\/a>\n\t\t\t<\/div>\n\t\t\t\t<figcaption class='wp-caption-text gallery-caption' id='gallery-2-4731'>\n\t\t\t\tMas\u0142o Lumiko bez laktozy.\n\t\t\t\t<\/figcaption><\/figure><figure class='gallery-item'>\n\t\t\t<div class='gallery-icon landscape'>\n\t\t\t\t<a href='https:\/\/baranowscy.eu\/wordpress\/dni-alergii-2015-relacja\/aimg_2848\/'><img loading=\"lazy\" decoding=\"async\" width=\"640\" height=\"427\" src=\"https:\/\/baranowscy.eu\/wordpress\/wp-content\/uploads\/2015\/12\/aIMG_2848.jpg\" class=\"attachment-full size-full\" alt=\"\" aria-describedby=\"gallery-2-4730\" srcset=\"https:\/\/baranowscy.eu\/wordpress\/wp-content\/uploads\/2015\/12\/aIMG_2848.jpg 640w, https:\/\/baranowscy.eu\/wordpress\/wp-content\/uploads\/2015\/12\/aIMG_2848-300x200.jpg 300w, https:\/\/baranowscy.eu\/wordpress\/wp-content\/uploads\/2015\/12\/aIMG_2848-600x400.jpg 600w\" sizes=\"auto, (max-width: 640px) 100vw, 640px\" \/><\/a>\n\t\t\t<\/div>\n\t\t\t\t<figcaption class='wp-caption-text gallery-caption' id='gallery-2-4730'>\n\t\t\t\tMas\u0142o Lumiko bez laktozy.\n\t\t\t\t<\/figcaption><\/figure>\n\t\t<\/div>\n\n<p>Pozna\u0142am r\u00f3wnie\u017c sklep <a href=\"http:\/\/Organiczne24.pl\" target=\"_blank\">Organiczne24.pl<\/a> &#8211; ze wzgl\u0119du na nazw\u0119 zatrzyma\u0142am si\u0119 przy ich stoisku na d\u0142u\u017cej.<\/p>\n<p><a href=\"https:\/\/baranowscy.eu\/wordpress\/wp-content\/uploads\/2015\/12\/aIMG_2814.jpg\"><img loading=\"lazy\" decoding=\"async\" class=\"aligncenter size-full wp-image-4721\" src=\"https:\/\/baranowscy.eu\/wordpress\/wp-content\/uploads\/2015\/12\/aIMG_2814.jpg\" alt=\"aIMG_2814\" width=\"640\" height=\"427\" srcset=\"https:\/\/baranowscy.eu\/wordpress\/wp-content\/uploads\/2015\/12\/aIMG_2814.jpg 640w, https:\/\/baranowscy.eu\/wordpress\/wp-content\/uploads\/2015\/12\/aIMG_2814-300x200.jpg 300w, https:\/\/baranowscy.eu\/wordpress\/wp-content\/uploads\/2015\/12\/aIMG_2814-600x400.jpg 600w\" sizes=\"auto, (max-width: 640px) 100vw, 640px\" \/><\/a><\/p>\n<p>Maj\u0105 w ofercie m.in. bardzo smaczne angielskie p\u0142atki owsiane bezglutenowe, nowo\u015b\u0107 w Polsce. <a href=\"https:\/\/baranowscy.eu\/wordpress\/testujemy-platki-owsiane-bezglutenowe\/\" target=\"_blank\">P\u0142atki wkr\u00f3tce do\u0142\u0105cz\u0105 do tych, kt\u00f3re testowali\u015bmy<\/a>.<\/p>\n<figure id=\"attachment_4723\" aria-describedby=\"caption-attachment-4723\" style=\"width: 640px\" class=\"wp-caption aligncenter\"><a href=\"https:\/\/baranowscy.eu\/wordpress\/wp-content\/uploads\/2015\/12\/aIMG_2819.jpg\"><img loading=\"lazy\" decoding=\"async\" class=\"wp-image-4723 size-full\" src=\"https:\/\/baranowscy.eu\/wordpress\/wp-content\/uploads\/2015\/12\/aIMG_2819.jpg\" alt=\"Bezglutenowe p\u0142atki owsiane.\" width=\"640\" height=\"427\" srcset=\"https:\/\/baranowscy.eu\/wordpress\/wp-content\/uploads\/2015\/12\/aIMG_2819.jpg 640w, https:\/\/baranowscy.eu\/wordpress\/wp-content\/uploads\/2015\/12\/aIMG_2819-300x200.jpg 300w, https:\/\/baranowscy.eu\/wordpress\/wp-content\/uploads\/2015\/12\/aIMG_2819-600x400.jpg 600w\" sizes=\"auto, (max-width: 640px) 100vw, 640px\" \/><\/a><figcaption id=\"caption-attachment-4723\" class=\"wp-caption-text\">Bezglutenowe p\u0142atki owsiane Glebe Farm.<\/figcaption><\/figure>\n<p>Oczywi\u015bcie w\u015br\u00f3d wystawc\u00f3w nie zabrak\u0142o sklepu <strong><a href=\"http:\/\/misiontek.pl\" target=\"_blank\">Misiontek.pl<\/a><\/strong>, kt\u00f3ry tym razem mia\u0142 znacznie wi\u0119ksze stoisko, razem z EkoWitalem.<\/p>\n<figure id=\"attachment_4720\" aria-describedby=\"caption-attachment-4720\" style=\"width: 640px\" class=\"wp-caption aligncenter\"><a href=\"https:\/\/baranowscy.eu\/wordpress\/wp-content\/uploads\/2015\/12\/aIMG_2810.jpg\"><img loading=\"lazy\" decoding=\"async\" class=\"size-full wp-image-4720\" src=\"https:\/\/baranowscy.eu\/wordpress\/wp-content\/uploads\/2015\/12\/aIMG_2810.jpg\" alt=\"Anna Wojno z misiontek.pl.\" width=\"640\" height=\"427\" srcset=\"https:\/\/baranowscy.eu\/wordpress\/wp-content\/uploads\/2015\/12\/aIMG_2810.jpg 640w, https:\/\/baranowscy.eu\/wordpress\/wp-content\/uploads\/2015\/12\/aIMG_2810-300x200.jpg 300w, https:\/\/baranowscy.eu\/wordpress\/wp-content\/uploads\/2015\/12\/aIMG_2810-600x400.jpg 600w\" sizes=\"auto, (max-width: 640px) 100vw, 640px\" \/><\/a><figcaption id=\"caption-attachment-4720\" class=\"wp-caption-text\">Anna Wojno z misiontek.pl.<\/figcaption><\/figure>\n<p><strong>Gotowanie<\/strong><\/p>\n<p>Oczywi\u015bcie nie mog\u0142o zabrakn\u0105\u0107 warsztat\u00f3w kulinarnych. Do tych wzbudzaj\u0105cych najwi\u0119ksze zainteresowanie nale\u017ca\u0142y na pewno <strong>warsztaty Mamy Alergika<\/strong> (<a href=\"http:\/\/www.MamaAlergikaGotuje.pl\" target=\"_blank\">MamaAlergikaGotuje.pl<\/a>).<\/p>\n<figure id=\"attachment_4778\" aria-describedby=\"caption-attachment-4778\" style=\"width: 427px\" class=\"wp-caption aligncenter\"><a href=\"https:\/\/baranowscy.eu\/wordpress\/wp-content\/uploads\/2015\/12\/aIMG_3117.jpg\"><img loading=\"lazy\" decoding=\"async\" class=\"wp-image-4778 size-full\" src=\"https:\/\/baranowscy.eu\/wordpress\/wp-content\/uploads\/2015\/12\/aIMG_3117.jpg\" alt=\"aIMG_3117\" width=\"427\" height=\"640\" srcset=\"https:\/\/baranowscy.eu\/wordpress\/wp-content\/uploads\/2015\/12\/aIMG_3117.jpg 427w, https:\/\/baranowscy.eu\/wordpress\/wp-content\/uploads\/2015\/12\/aIMG_3117-300x450.jpg 300w, https:\/\/baranowscy.eu\/wordpress\/wp-content\/uploads\/2015\/12\/aIMG_3117-200x300.jpg 200w\" sizes=\"auto, (max-width: 427px) 100vw, 427px\" \/><\/a><figcaption id=\"caption-attachment-4778\" class=\"wp-caption-text\">Mama Alergika.<\/figcaption><\/figure>\n<p>Warsztaty odby\u0142y si\u0119 w sobot\u0119 i w niedziel\u0119 &#8211; niestety, wpad\u0142am na nie tylko na chwil\u0119 z aparatem, \u017ceby zerkn\u0105\u0107, jak wygl\u0105daj\u0105. A wygl\u0105da\u0142y przesmacznie!<\/p>\n<div id='gallery-3' class='gallery galleryid-4706 gallery-columns-3 gallery-size-full'><figure class='gallery-item'>\n\t\t\t<div class='gallery-icon landscape'>\n\t\t\t\t<a href='https:\/\/baranowscy.eu\/wordpress\/dni-alergii-2015-relacja\/aimg_3085\/'><img loading=\"lazy\" decoding=\"async\" width=\"640\" height=\"427\" src=\"https:\/\/baranowscy.eu\/wordpress\/wp-content\/uploads\/2015\/12\/aIMG_3085.jpg\" class=\"attachment-full size-full\" alt=\"\" aria-describedby=\"gallery-3-4775\" srcset=\"https:\/\/baranowscy.eu\/wordpress\/wp-content\/uploads\/2015\/12\/aIMG_3085.jpg 640w, https:\/\/baranowscy.eu\/wordpress\/wp-content\/uploads\/2015\/12\/aIMG_3085-300x200.jpg 300w, https:\/\/baranowscy.eu\/wordpress\/wp-content\/uploads\/2015\/12\/aIMG_3085-600x400.jpg 600w\" sizes=\"auto, (max-width: 640px) 100vw, 640px\" \/><\/a>\n\t\t\t<\/div>\n\t\t\t\t<figcaption class='wp-caption-text gallery-caption' id='gallery-3-4775'>\n\t\t\t\tWarsztaty kulinarne MAG.\n\t\t\t\t<\/figcaption><\/figure><figure class='gallery-item'>\n\t\t\t<div class='gallery-icon landscape'>\n\t\t\t\t<a href='https:\/\/baranowscy.eu\/wordpress\/dni-alergii-2015-relacja\/aimg_3087\/'><img loading=\"lazy\" decoding=\"async\" width=\"640\" height=\"427\" src=\"https:\/\/baranowscy.eu\/wordpress\/wp-content\/uploads\/2015\/12\/aIMG_3087.jpg\" class=\"attachment-full size-full\" alt=\"\" aria-describedby=\"gallery-3-4776\" srcset=\"https:\/\/baranowscy.eu\/wordpress\/wp-content\/uploads\/2015\/12\/aIMG_3087.jpg 640w, https:\/\/baranowscy.eu\/wordpress\/wp-content\/uploads\/2015\/12\/aIMG_3087-300x200.jpg 300w, https:\/\/baranowscy.eu\/wordpress\/wp-content\/uploads\/2015\/12\/aIMG_3087-600x400.jpg 600w\" sizes=\"auto, (max-width: 640px) 100vw, 640px\" \/><\/a>\n\t\t\t<\/div>\n\t\t\t\t<figcaption class='wp-caption-text gallery-caption' id='gallery-3-4776'>\n\t\t\t\tWarsztaty kulinarne MAG.\n\t\t\t\t<\/figcaption><\/figure><figure class='gallery-item'>\n\t\t\t<div class='gallery-icon landscape'>\n\t\t\t\t<a href='https:\/\/baranowscy.eu\/wordpress\/dni-alergii-2015-relacja\/aimg_3088\/'><img loading=\"lazy\" decoding=\"async\" width=\"640\" height=\"427\" src=\"https:\/\/baranowscy.eu\/wordpress\/wp-content\/uploads\/2015\/12\/aIMG_3088.jpg\" class=\"attachment-full size-full\" alt=\"\" aria-describedby=\"gallery-3-4777\" srcset=\"https:\/\/baranowscy.eu\/wordpress\/wp-content\/uploads\/2015\/12\/aIMG_3088.jpg 640w, https:\/\/baranowscy.eu\/wordpress\/wp-content\/uploads\/2015\/12\/aIMG_3088-300x200.jpg 300w, https:\/\/baranowscy.eu\/wordpress\/wp-content\/uploads\/2015\/12\/aIMG_3088-600x400.jpg 600w\" sizes=\"auto, (max-width: 640px) 100vw, 640px\" \/><\/a>\n\t\t\t<\/div>\n\t\t\t\t<figcaption class='wp-caption-text gallery-caption' id='gallery-3-4777'>\n\t\t\t\tWarsztaty kulinarne MAG.\n\t\t\t\t<\/figcaption><\/figure>\n\t\t<\/div>\n\n<p>Kasia Jankowska mia\u0142a tak\u017ce swoje stanowisko z <a href=\"https:\/\/baranowscy.eu\/wordpress\/mama-alergika-gotuje-tradycyjnie-recenzja\/\" target=\"_blank\">ksi\u0105\u017ckami Mamy Alergika<\/a>, kt\u00f3re z okazji targ\u00f3w mia\u0142y ni\u017csz\u0105 cen\u0119.<\/p>\n<div id='gallery-4' class='gallery galleryid-4706 gallery-columns-3 gallery-size-full'><figure class='gallery-item'>\n\t\t\t<div class='gallery-icon landscape'>\n\t\t\t\t<a href='https:\/\/baranowscy.eu\/wordpress\/dni-alergii-2015-relacja\/aimg_2975\/'><img loading=\"lazy\" decoding=\"async\" width=\"640\" height=\"427\" src=\"https:\/\/baranowscy.eu\/wordpress\/wp-content\/uploads\/2015\/12\/aIMG_2975.jpg\" class=\"attachment-full size-full\" alt=\"\" aria-describedby=\"gallery-4-4762\" srcset=\"https:\/\/baranowscy.eu\/wordpress\/wp-content\/uploads\/2015\/12\/aIMG_2975.jpg 640w, https:\/\/baranowscy.eu\/wordpress\/wp-content\/uploads\/2015\/12\/aIMG_2975-300x200.jpg 300w, https:\/\/baranowscy.eu\/wordpress\/wp-content\/uploads\/2015\/12\/aIMG_2975-600x400.jpg 600w\" sizes=\"auto, (max-width: 640px) 100vw, 640px\" \/><\/a>\n\t\t\t<\/div>\n\t\t\t\t<figcaption class='wp-caption-text gallery-caption' id='gallery-4-4762'>\n\t\t\t\tMama Alergika Kasia Jankowska.\n\t\t\t\t<\/figcaption><\/figure><figure class='gallery-item'>\n\t\t\t<div class='gallery-icon landscape'>\n\t\t\t\t<a href='https:\/\/baranowscy.eu\/wordpress\/dni-alergii-2015-relacja\/aimg_2980\/'><img loading=\"lazy\" decoding=\"async\" width=\"640\" height=\"427\" src=\"https:\/\/baranowscy.eu\/wordpress\/wp-content\/uploads\/2015\/12\/aIMG_2980.jpg\" class=\"attachment-full size-full\" alt=\"\" aria-describedby=\"gallery-4-4763\" srcset=\"https:\/\/baranowscy.eu\/wordpress\/wp-content\/uploads\/2015\/12\/aIMG_2980.jpg 640w, https:\/\/baranowscy.eu\/wordpress\/wp-content\/uploads\/2015\/12\/aIMG_2980-300x200.jpg 300w, https:\/\/baranowscy.eu\/wordpress\/wp-content\/uploads\/2015\/12\/aIMG_2980-600x400.jpg 600w\" sizes=\"auto, (max-width: 640px) 100vw, 640px\" \/><\/a>\n\t\t\t<\/div>\n\t\t\t\t<figcaption class='wp-caption-text gallery-caption' id='gallery-4-4763'>\n\t\t\t\tMama Alergika Kasia Jankowska.\n\t\t\t\t<\/figcaption><\/figure><figure class='gallery-item'>\n\t\t\t<div class='gallery-icon landscape'>\n\t\t\t\t<a href='https:\/\/baranowscy.eu\/wordpress\/dni-alergii-2015-relacja\/aimg_2858\/'><img loading=\"lazy\" decoding=\"async\" width=\"640\" height=\"427\" src=\"https:\/\/baranowscy.eu\/wordpress\/wp-content\/uploads\/2015\/12\/aIMG_2858.jpg\" class=\"attachment-full size-full\" alt=\"\" aria-describedby=\"gallery-4-4732\" srcset=\"https:\/\/baranowscy.eu\/wordpress\/wp-content\/uploads\/2015\/12\/aIMG_2858.jpg 640w, https:\/\/baranowscy.eu\/wordpress\/wp-content\/uploads\/2015\/12\/aIMG_2858-300x200.jpg 300w, https:\/\/baranowscy.eu\/wordpress\/wp-content\/uploads\/2015\/12\/aIMG_2858-600x400.jpg 600w\" sizes=\"auto, (max-width: 640px) 100vw, 640px\" \/><\/a>\n\t\t\t<\/div>\n\t\t\t\t<figcaption class='wp-caption-text gallery-caption' id='gallery-4-4732'>\n\t\t\t\tStoisko Mamy Alergika.\n\t\t\t\t<\/figcaption><\/figure>\n\t\t<\/div>\n\n<p>Inne warsztaty odbywa\u0142y si\u0119 przy okazji promocji ksi\u0105\u017cki kucharskiej <a href=\"https:\/\/baranowscy.eu\/wordpress\/alaantkowe-blw-recenzja\/\" target=\"_blank\">&#8222;Alaantkowe BLW&#8221;<\/a> wydawnictwa Mamania. W sobot\u0119 na stoisku mo\u017cna by\u0142o spotka\u0107 Agat\u0119 Aleksandrowicz Hafij\u0119 (<a href=\"http:\/\/www.hafija.pl\" target=\"_blank\">Hafija.pl<\/a>).<\/p>\n<figure id=\"attachment_4713\" aria-describedby=\"caption-attachment-4713\" style=\"width: 640px\" class=\"wp-caption aligncenter\"><a href=\"https:\/\/baranowscy.eu\/wordpress\/wp-content\/uploads\/2015\/12\/2da_mamania1.jpg\"><img loading=\"lazy\" decoding=\"async\" class=\"size-full wp-image-4713\" src=\"https:\/\/baranowscy.eu\/wordpress\/wp-content\/uploads\/2015\/12\/2da_mamania1.jpg\" alt=\"Agata Aleksandrowicz Hafija.\" width=\"640\" height=\"427\" srcset=\"https:\/\/baranowscy.eu\/wordpress\/wp-content\/uploads\/2015\/12\/2da_mamania1.jpg 640w, https:\/\/baranowscy.eu\/wordpress\/wp-content\/uploads\/2015\/12\/2da_mamania1-300x200.jpg 300w, https:\/\/baranowscy.eu\/wordpress\/wp-content\/uploads\/2015\/12\/2da_mamania1-600x400.jpg 600w\" sizes=\"auto, (max-width: 640px) 100vw, 640px\" \/><\/a><figcaption id=\"caption-attachment-4713\" class=\"wp-caption-text\">Agata Aleksandrowicz Hafija.<\/figcaption><\/figure>\n<p>Gotowanie wed\u0142ug ksi\u0105\u017cki &#8222;Alaantkowe BLW&#8221; odby\u0142o si\u0119 niestety bez autorek, ale by\u0142o bardzo smaczne.<\/p>\n<div id='gallery-5' class='gallery galleryid-4706 gallery-columns-3 gallery-size-full'><figure class='gallery-item'>\n\t\t\t<div class='gallery-icon landscape'>\n\t\t\t\t<a href='https:\/\/baranowscy.eu\/wordpress\/dni-alergii-2015-relacja\/2da_alaantkowe1-2\/'><img loading=\"lazy\" decoding=\"async\" width=\"640\" height=\"427\" src=\"https:\/\/baranowscy.eu\/wordpress\/wp-content\/uploads\/2015\/12\/2da_alaantkowe11.jpg\" class=\"attachment-full size-full\" alt=\"\" srcset=\"https:\/\/baranowscy.eu\/wordpress\/wp-content\/uploads\/2015\/12\/2da_alaantkowe11.jpg 640w, https:\/\/baranowscy.eu\/wordpress\/wp-content\/uploads\/2015\/12\/2da_alaantkowe11-300x200.jpg 300w, https:\/\/baranowscy.eu\/wordpress\/wp-content\/uploads\/2015\/12\/2da_alaantkowe11-600x400.jpg 600w\" sizes=\"auto, (max-width: 640px) 100vw, 640px\" \/><\/a>\n\t\t\t<\/div><\/figure><figure class='gallery-item'>\n\t\t\t<div class='gallery-icon landscape'>\n\t\t\t\t<a href='https:\/\/baranowscy.eu\/wordpress\/dni-alergii-2015-relacja\/2da_alaantkowe2-2\/'><img loading=\"lazy\" decoding=\"async\" width=\"640\" height=\"427\" src=\"https:\/\/baranowscy.eu\/wordpress\/wp-content\/uploads\/2015\/12\/2da_alaantkowe21.jpg\" class=\"attachment-full size-full\" alt=\"\" srcset=\"https:\/\/baranowscy.eu\/wordpress\/wp-content\/uploads\/2015\/12\/2da_alaantkowe21.jpg 640w, https:\/\/baranowscy.eu\/wordpress\/wp-content\/uploads\/2015\/12\/2da_alaantkowe21-300x200.jpg 300w, https:\/\/baranowscy.eu\/wordpress\/wp-content\/uploads\/2015\/12\/2da_alaantkowe21-600x400.jpg 600w\" sizes=\"auto, (max-width: 640px) 100vw, 640px\" \/><\/a>\n\t\t\t<\/div><\/figure><figure class='gallery-item'>\n\t\t\t<div class='gallery-icon landscape'>\n\t\t\t\t<a href='https:\/\/baranowscy.eu\/wordpress\/dni-alergii-2015-relacja\/2da_alaantkowe3-2\/'><img loading=\"lazy\" decoding=\"async\" width=\"640\" height=\"427\" src=\"https:\/\/baranowscy.eu\/wordpress\/wp-content\/uploads\/2015\/12\/2da_alaantkowe31.jpg\" class=\"attachment-full size-full\" alt=\"\" srcset=\"https:\/\/baranowscy.eu\/wordpress\/wp-content\/uploads\/2015\/12\/2da_alaantkowe31.jpg 640w, https:\/\/baranowscy.eu\/wordpress\/wp-content\/uploads\/2015\/12\/2da_alaantkowe31-300x200.jpg 300w, https:\/\/baranowscy.eu\/wordpress\/wp-content\/uploads\/2015\/12\/2da_alaantkowe31-600x400.jpg 600w\" sizes=\"auto, (max-width: 640px) 100vw, 640px\" \/><\/a>\n\t\t\t<\/div><\/figure><figure class='gallery-item'>\n\t\t\t<div class='gallery-icon landscape'>\n\t\t\t\t<a href='https:\/\/baranowscy.eu\/wordpress\/dni-alergii-2015-relacja\/2da_alaantkowe4-2\/'><img loading=\"lazy\" decoding=\"async\" width=\"640\" height=\"427\" src=\"https:\/\/baranowscy.eu\/wordpress\/wp-content\/uploads\/2015\/12\/2da_alaantkowe41.jpg\" class=\"attachment-full size-full\" alt=\"\" srcset=\"https:\/\/baranowscy.eu\/wordpress\/wp-content\/uploads\/2015\/12\/2da_alaantkowe41.jpg 640w, https:\/\/baranowscy.eu\/wordpress\/wp-content\/uploads\/2015\/12\/2da_alaantkowe41-300x200.jpg 300w, https:\/\/baranowscy.eu\/wordpress\/wp-content\/uploads\/2015\/12\/2da_alaantkowe41-600x400.jpg 600w\" sizes=\"auto, (max-width: 640px) 100vw, 640px\" \/><\/a>\n\t\t\t<\/div><\/figure><figure class='gallery-item'>\n\t\t\t<div class='gallery-icon landscape'>\n\t\t\t\t<a href='https:\/\/baranowscy.eu\/wordpress\/dni-alergii-2015-relacja\/2da_alaantkowe5-2\/'><img loading=\"lazy\" decoding=\"async\" width=\"640\" height=\"427\" src=\"https:\/\/baranowscy.eu\/wordpress\/wp-content\/uploads\/2015\/12\/2da_alaantkowe51.jpg\" class=\"attachment-full size-full\" alt=\"\" srcset=\"https:\/\/baranowscy.eu\/wordpress\/wp-content\/uploads\/2015\/12\/2da_alaantkowe51.jpg 640w, https:\/\/baranowscy.eu\/wordpress\/wp-content\/uploads\/2015\/12\/2da_alaantkowe51-300x200.jpg 300w, https:\/\/baranowscy.eu\/wordpress\/wp-content\/uploads\/2015\/12\/2da_alaantkowe51-600x400.jpg 600w\" sizes=\"auto, (max-width: 640px) 100vw, 640px\" \/><\/a>\n\t\t\t<\/div><\/figure><figure class='gallery-item'>\n\t\t\t<div class='gallery-icon landscape'>\n\t\t\t\t<a href='https:\/\/baranowscy.eu\/wordpress\/dni-alergii-2015-relacja\/2da_alaantkowe6-2\/'><img loading=\"lazy\" decoding=\"async\" width=\"640\" height=\"427\" src=\"https:\/\/baranowscy.eu\/wordpress\/wp-content\/uploads\/2015\/12\/2da_alaantkowe61.jpg\" class=\"attachment-full size-full\" alt=\"\" srcset=\"https:\/\/baranowscy.eu\/wordpress\/wp-content\/uploads\/2015\/12\/2da_alaantkowe61.jpg 640w, https:\/\/baranowscy.eu\/wordpress\/wp-content\/uploads\/2015\/12\/2da_alaantkowe61-300x200.jpg 300w, https:\/\/baranowscy.eu\/wordpress\/wp-content\/uploads\/2015\/12\/2da_alaantkowe61-600x400.jpg 600w\" sizes=\"auto, (max-width: 640px) 100vw, 640px\" \/><\/a>\n\t\t\t<\/div><\/figure><figure class='gallery-item'>\n\t\t\t<div class='gallery-icon landscape'>\n\t\t\t\t<a href='https:\/\/baranowscy.eu\/wordpress\/dni-alergii-2015-relacja\/2da_mamania2-2\/'><img loading=\"lazy\" decoding=\"async\" width=\"640\" height=\"427\" src=\"https:\/\/baranowscy.eu\/wordpress\/wp-content\/uploads\/2015\/12\/2da_mamania21.jpg\" class=\"attachment-full size-full\" alt=\"\" srcset=\"https:\/\/baranowscy.eu\/wordpress\/wp-content\/uploads\/2015\/12\/2da_mamania21.jpg 640w, https:\/\/baranowscy.eu\/wordpress\/wp-content\/uploads\/2015\/12\/2da_mamania21-300x200.jpg 300w, https:\/\/baranowscy.eu\/wordpress\/wp-content\/uploads\/2015\/12\/2da_mamania21-600x400.jpg 600w\" sizes=\"auto, (max-width: 640px) 100vw, 640px\" \/><\/a>\n\t\t\t<\/div><\/figure>\n\t\t<\/div>\n\n<p>Sama wzi\u0119\u0142am udzia\u0142 w warsztatach kulinarnych zorganizowanych przez <strong>Atelier Smaku<\/strong> (o ich najnowszej ksi\u0105\u017cce nied\u0142ugo u nas przeczytacie!).<\/p>\n<p><a href=\"https:\/\/baranowscy.eu\/wordpress\/wp-content\/uploads\/2015\/12\/aIMG_3034.jpg\"><img loading=\"lazy\" decoding=\"async\" class=\"aligncenter size-full wp-image-4772\" src=\"https:\/\/baranowscy.eu\/wordpress\/wp-content\/uploads\/2015\/12\/aIMG_3034.jpg\" alt=\"aIMG_3034\" width=\"427\" height=\"640\" srcset=\"https:\/\/baranowscy.eu\/wordpress\/wp-content\/uploads\/2015\/12\/aIMG_3034.jpg 427w, https:\/\/baranowscy.eu\/wordpress\/wp-content\/uploads\/2015\/12\/aIMG_3034-300x450.jpg 300w, https:\/\/baranowscy.eu\/wordpress\/wp-content\/uploads\/2015\/12\/aIMG_3034-200x300.jpg 200w\" sizes=\"auto, (max-width: 427px) 100vw, 427px\" \/><\/a><\/p>\n<p>Przygotowali\u015bmy m.in. chutney \u015bliwkowy, pesto ze szpinaku, polent\u0119 i nale\u015bniki gryczane &#8211; wszystko bezglutenowe i wega\u0144skie, bo w\u0142a\u015bnie taka jest kuchnia duetu Jola &amp; Mirek.<\/p>\n<div id='gallery-6' class='gallery galleryid-4706 gallery-columns-3 gallery-size-full'><figure class='gallery-item'>\n\t\t\t<div class='gallery-icon landscape'>\n\t\t\t\t<a href='https:\/\/baranowscy.eu\/wordpress\/dni-alergii-2015-relacja\/aimg_3032\/'><img loading=\"lazy\" decoding=\"async\" width=\"640\" height=\"427\" src=\"https:\/\/baranowscy.eu\/wordpress\/wp-content\/uploads\/2015\/12\/aIMG_3032.jpg\" class=\"attachment-full size-full\" alt=\"\" aria-describedby=\"gallery-6-4771\" srcset=\"https:\/\/baranowscy.eu\/wordpress\/wp-content\/uploads\/2015\/12\/aIMG_3032.jpg 640w, https:\/\/baranowscy.eu\/wordpress\/wp-content\/uploads\/2015\/12\/aIMG_3032-300x200.jpg 300w, https:\/\/baranowscy.eu\/wordpress\/wp-content\/uploads\/2015\/12\/aIMG_3032-600x400.jpg 600w\" sizes=\"auto, (max-width: 640px) 100vw, 640px\" \/><\/a>\n\t\t\t<\/div>\n\t\t\t\t<figcaption class='wp-caption-text gallery-caption' id='gallery-6-4771'>\n\t\t\t\tWarsztaty Atelier Smaku.\n\t\t\t\t<\/figcaption><\/figure><figure class='gallery-item'>\n\t\t\t<div class='gallery-icon landscape'>\n\t\t\t\t<a href='https:\/\/baranowscy.eu\/wordpress\/dni-alergii-2015-relacja\/aimg_3049\/'><img loading=\"lazy\" decoding=\"async\" width=\"640\" height=\"427\" src=\"https:\/\/baranowscy.eu\/wordpress\/wp-content\/uploads\/2015\/12\/aIMG_3049.jpg\" class=\"attachment-full size-full\" alt=\"\" aria-describedby=\"gallery-6-4773\" srcset=\"https:\/\/baranowscy.eu\/wordpress\/wp-content\/uploads\/2015\/12\/aIMG_3049.jpg 640w, https:\/\/baranowscy.eu\/wordpress\/wp-content\/uploads\/2015\/12\/aIMG_3049-300x200.jpg 300w, https:\/\/baranowscy.eu\/wordpress\/wp-content\/uploads\/2015\/12\/aIMG_3049-600x400.jpg 600w\" sizes=\"auto, (max-width: 640px) 100vw, 640px\" \/><\/a>\n\t\t\t<\/div>\n\t\t\t\t<figcaption class='wp-caption-text gallery-caption' id='gallery-6-4773'>\n\t\t\t\tWega\u0144ska mozzarella &#8211; hm&#8230;\n\t\t\t\t<\/figcaption><\/figure><figure class='gallery-item'>\n\t\t\t<div class='gallery-icon landscape'>\n\t\t\t\t<a href='https:\/\/baranowscy.eu\/wordpress\/dni-alergii-2015-relacja\/aimg_3052\/'><img loading=\"lazy\" decoding=\"async\" width=\"640\" height=\"427\" src=\"https:\/\/baranowscy.eu\/wordpress\/wp-content\/uploads\/2015\/12\/aIMG_3052.jpg\" class=\"attachment-full size-full\" alt=\"\" aria-describedby=\"gallery-6-4774\" srcset=\"https:\/\/baranowscy.eu\/wordpress\/wp-content\/uploads\/2015\/12\/aIMG_3052.jpg 640w, https:\/\/baranowscy.eu\/wordpress\/wp-content\/uploads\/2015\/12\/aIMG_3052-300x200.jpg 300w, https:\/\/baranowscy.eu\/wordpress\/wp-content\/uploads\/2015\/12\/aIMG_3052-600x400.jpg 600w\" sizes=\"auto, (max-width: 640px) 100vw, 640px\" \/><\/a>\n\t\t\t<\/div>\n\t\t\t\t<figcaption class='wp-caption-text gallery-caption' id='gallery-6-4774'>\n\t\t\t\tWarsztaty Atelier Smaku.\n\t\t\t\t<\/figcaption><\/figure><figure class='gallery-item'>\n\t\t\t<div class='gallery-icon landscape'>\n\t\t\t\t<a href='https:\/\/baranowscy.eu\/wordpress\/dni-alergii-2015-relacja\/atelier_smaku_0\/'><img loading=\"lazy\" decoding=\"async\" width=\"640\" height=\"427\" src=\"https:\/\/baranowscy.eu\/wordpress\/wp-content\/uploads\/2015\/12\/atelier_smaku_0.jpg\" class=\"attachment-full size-full\" alt=\"\" srcset=\"https:\/\/baranowscy.eu\/wordpress\/wp-content\/uploads\/2015\/12\/atelier_smaku_0.jpg 640w, https:\/\/baranowscy.eu\/wordpress\/wp-content\/uploads\/2015\/12\/atelier_smaku_0-300x200.jpg 300w, https:\/\/baranowscy.eu\/wordpress\/wp-content\/uploads\/2015\/12\/atelier_smaku_0-600x400.jpg 600w\" sizes=\"auto, (max-width: 640px) 100vw, 640px\" \/><\/a>\n\t\t\t<\/div><\/figure>\n\t\t<\/div>\n\n<p>Z kolei stoisko <a href=\"http:\/\/DobrzeJemy.pl\" target=\"_blank\">DobrzeJemy.pl<\/a> oferowa\u0142o abonamenty na zdrow\u0105 diet\u0119 i cz\u0119stowa\u0142o granol\u0105 &#8211; dla naszych czytelnik\u00f3w zdradzi\u0142o jej przepis:<\/p>\n<p><strong><div class='dropshadowboxes-container ' style='width:640px;'>\r\n                            <div class='dropshadowboxes-drop-shadow dropshadowboxes-rounded-corners dropshadowboxes-lifted-both dropshadowboxes-effect-default' style=' border: 1px solid #dddddd; height:; background-color:#fbe74d;    '>\r\n                            Przepis na granol\u0119 Dobrzejemy.pl<\/strong><\/p>\n<p><a href=\"https:\/\/baranowscy.eu\/wordpress\/wp-content\/uploads\/2015\/11\/logo_dobrzejemy.jpg\"><img loading=\"lazy\" decoding=\"async\" class=\"aligncenter size-thumbnail wp-image-4626\" src=\"https:\/\/baranowscy.eu\/wordpress\/wp-content\/uploads\/2015\/11\/logo_dobrzejemy-150x150.jpg\" alt=\"logo_dobrzejemy\" width=\"150\" height=\"150\" srcset=\"https:\/\/baranowscy.eu\/wordpress\/wp-content\/uploads\/2015\/11\/logo_dobrzejemy-150x150.jpg 150w, https:\/\/baranowscy.eu\/wordpress\/wp-content\/uploads\/2015\/11\/logo_dobrzejemy-100x100.jpg 100w\" sizes=\"auto, (max-width: 150px) 100vw, 150px\" \/><\/a><\/p>\n<p>Granola, czyli w\u0142asnej roboty <strong>muesli<\/strong>, to produkt zast\u0119puj\u0105cy bezwarto\u015bciowe p\u0142atki kukurydziane. Granol\u0119 robi si\u0119 nawet raz na miesi\u0105c, przechowuje w s\u0142oiku. Smakuje osobom w ka\u017cdym wieku. Kiedy mamy gotow\u0105 granol\u0119, super szybko mo\u017cemy poda\u0107 <strong>warto\u015bciowe \u015bniadanie<\/strong>. Wystarczy zala\u0107 j\u0105 gor\u0105cym mlekiem zbo\u017cowym lub podgotowa\u0107 chwil\u0119. Gotow\u0105 granol\u0119 mo\u017cna r\u00f3wnie\u017c podjada\u0107 jako przek\u0105sk\u0119.<\/p>\n<p>M\u00f3wi si\u0119, \u017ce pierwszy raz zacz\u0119to podawa\u0107 granol\u0119 w sanatorium dr Jacksona w 1894 roku. Czyli by\u0142 to produkt, kt\u00f3ry mia\u0142 by\u0107 wysoko od\u017cywczy dla <strong>rekonwalescent\u00f3w<\/strong>. To, co wspomaga chorych, jest r\u00f3wnie\u017c korzystne dla zdrowych. <strong>Wykonanie<\/strong> granoli w domu jest naprawd\u0119 <strong>proste<\/strong>. <strong>Dzieci<\/strong> uwielbiaj\u0105 miesza\u0107 jej sk\u0142adniki.<\/p>\n<p><strong>Przygotowanie:<\/strong><\/p>\n<p>Do miski wrzucamy po szklance p\u0142atk\u00f3w owsianych zwyk\u0142ych, orkiszowych, migda\u0142owych.\u00a0Dodajemy po p\u00f3\u0142 szklanki pra\u017conego ziarna amarantusa, pestek s\u0142onecznika, pestek dyni, po \u0107wier\u0107 szklanki ziarna sezamu, wi\u00f3rk\u00f3w kokosowych.\u00a0Oblewamy 5-6 \u0142y\u017ckami miodu sztucznego, mieszamy dok\u0142adnie. Dodajemy 3 \u0142y\u017cki oleju rzepakowego, 2 \u0142y\u017ceczki cynamonu, kardamonu, szczypt\u0119 imbiru oraz kurkumy. Mieszamy.\u00a0Na blaszce rozk\u0142adamy papier do pieczenia, wyk\u0142adamy granol\u0119 i zapiekamy na 180 C oko\u0142o 20 minut. Warto czasem zamiesza\u0107 (np. po 10 minutach) i sprawdzi\u0107 czy si\u0119 nie przypala. Nast\u0119pnie wyjmujemy i odstawiamy do ostygni\u0119cia.\u00a0Dodajemy jeszcze szklank\u0119 rodzynek, p\u00f3\u0142 szklanki suszonych moreli poci\u0119tych no\u017cyczkami, \u0107wier\u0107 szklanki suszonej \u017curawiny. Mieszamy i przek\u0142adamy do du\u017cego s\u0142oika.\u00a0Urok granoli polega na tym, \u017ce mo\u017cemy j\u0105 sami modyfikowa\u0107 w zale\u017cno\u015bci od upodoba\u0144 &#8211; mo\u017cemy nie doda\u0107 jakiego\u015b sk\u0142adnika b\u0105d\u017a doda\u0107 inny np. orzechy w\u0142oskie.\r\n                            <\/div>\r\n                        <\/div><\/p>\n<h2>Kosmetyki<\/h2>\n<p>Stoiska, kt\u00f3rych nie mog\u0142am pomin\u0105\u0107, to <strong>EkoDrogeria<\/strong>, <strong>NOVA Kosmetyki,<\/strong>\u00a0<strong>Clochee<\/strong>, <strong>Sylveco<\/strong> i <strong>dr.Hauschka<\/strong>.<\/p>\n<figure id=\"attachment_4754\" aria-describedby=\"caption-attachment-4754\" style=\"width: 640px\" class=\"wp-caption aligncenter\"><a href=\"https:\/\/baranowscy.eu\/wordpress\/wp-content\/uploads\/2015\/12\/aIMG_2943.jpg\"><img loading=\"lazy\" decoding=\"async\" class=\"size-full wp-image-4754\" src=\"https:\/\/baranowscy.eu\/wordpress\/wp-content\/uploads\/2015\/12\/aIMG_2943.jpg\" alt=\"EkoDrogeria.pl \" width=\"640\" height=\"427\" srcset=\"https:\/\/baranowscy.eu\/wordpress\/wp-content\/uploads\/2015\/12\/aIMG_2943.jpg 640w, https:\/\/baranowscy.eu\/wordpress\/wp-content\/uploads\/2015\/12\/aIMG_2943-300x200.jpg 300w, https:\/\/baranowscy.eu\/wordpress\/wp-content\/uploads\/2015\/12\/aIMG_2943-600x400.jpg 600w\" sizes=\"auto, (max-width: 640px) 100vw, 640px\" \/><\/a><figcaption id=\"caption-attachment-4754\" class=\"wp-caption-text\">EkoDrogeria.pl<\/figcaption><\/figure>\n<p>Mo\u017cna by\u0142o kupi\u0107 m.in. <strong>kosmetyki Nikel<\/strong>, w tym m\u00f3j ulubiony balsam\u00a0do sk\u00f3ry bardzo wymagaj\u0105cej, z wazelin\u0105 ro\u015blinn\u0105.<\/p>\n<figure id=\"attachment_4755\" aria-describedby=\"caption-attachment-4755\" style=\"width: 640px\" class=\"wp-caption aligncenter\"><a href=\"https:\/\/baranowscy.eu\/wordpress\/wp-content\/uploads\/2015\/12\/aIMG_2949.jpg\"><img loading=\"lazy\" decoding=\"async\" class=\"size-full wp-image-4755\" src=\"https:\/\/baranowscy.eu\/wordpress\/wp-content\/uploads\/2015\/12\/aIMG_2949.jpg\" alt=\"Balsam Nikel.\" width=\"640\" height=\"427\" srcset=\"https:\/\/baranowscy.eu\/wordpress\/wp-content\/uploads\/2015\/12\/aIMG_2949.jpg 640w, https:\/\/baranowscy.eu\/wordpress\/wp-content\/uploads\/2015\/12\/aIMG_2949-300x200.jpg 300w, https:\/\/baranowscy.eu\/wordpress\/wp-content\/uploads\/2015\/12\/aIMG_2949-600x400.jpg 600w\" sizes=\"auto, (max-width: 640px) 100vw, 640px\" \/><\/a><figcaption id=\"caption-attachment-4755\" class=\"wp-caption-text\">Balsam Nikel.<\/figcaption><\/figure>\n<p>Na stoisku <strong><a href=\"http:\/\/www.ekodrogeria.pl\" target=\"_blank\">EkoDrogerii<\/a><\/strong> zosta\u0142am tak\u017ce umalowana (co zdarza si\u0119 raz na&#8230; nie wiem, ile) naturalnymi kosmetykami Couleur Caramel (francuska marka, kosmetyki produkowane we W\u0142oszech). Spodoba\u0142y mi si\u0119 zw\u0142aszcza sposoby makija\u017cystki <strong>Katarzyny Czyrny<\/strong> w tuszowaniu niedoskona\u0142o\u015bci cery.<\/p>\n<figure id=\"attachment_4758\" aria-describedby=\"caption-attachment-4758\" style=\"width: 640px\" class=\"wp-caption aligncenter\"><a href=\"https:\/\/baranowscy.eu\/wordpress\/wp-content\/uploads\/2015\/12\/aIMG_2959.jpg\"><img loading=\"lazy\" decoding=\"async\" class=\"size-full wp-image-4758\" src=\"https:\/\/baranowscy.eu\/wordpress\/wp-content\/uploads\/2015\/12\/aIMG_2959.jpg\" alt=\"B\u0119d\u0119 malowana.\" width=\"640\" height=\"427\" srcset=\"https:\/\/baranowscy.eu\/wordpress\/wp-content\/uploads\/2015\/12\/aIMG_2959.jpg 640w, https:\/\/baranowscy.eu\/wordpress\/wp-content\/uploads\/2015\/12\/aIMG_2959-300x200.jpg 300w, https:\/\/baranowscy.eu\/wordpress\/wp-content\/uploads\/2015\/12\/aIMG_2959-600x400.jpg 600w\" sizes=\"auto, (max-width: 640px) 100vw, 640px\" \/><\/a><figcaption id=\"caption-attachment-4758\" class=\"wp-caption-text\">B\u0119d\u0119 malowana.<\/figcaption><\/figure>\n<p><strong>Kosmetyki Couleur Caramel s\u0105 naturalne i certyfikowane (Ecocert).<\/strong> Makija\u017c &#8211; mo\u017ce to zas\u0142uga pani Katarzyny &#8211; by\u0142 bardzo przyjemny i lekki, cho\u0107 na twarz mia\u0142am na\u0142o\u017conych kilka rodzaj\u00f3w kosmetyk\u00f3w, w tym rewelacyjny zielony korektor oraz podk\u0142ad w sztyfcie i puder. Podk\u0142ad od razu kupi\u0142am, a korektor i puder planuj\u0119 sobie sprawi\u0107.<\/p>\n<figure id=\"attachment_4759\" aria-describedby=\"caption-attachment-4759\" style=\"width: 640px\" class=\"wp-caption aligncenter\"><a href=\"https:\/\/baranowscy.eu\/wordpress\/wp-content\/uploads\/2015\/12\/aIMG_2964.jpg\"><img loading=\"lazy\" decoding=\"async\" class=\"wp-image-4759 size-full\" src=\"https:\/\/baranowscy.eu\/wordpress\/wp-content\/uploads\/2015\/12\/aIMG_2964.jpg\" alt=\"W r\u0119kach Katarzyny Czyrny.\" width=\"640\" height=\"427\" srcset=\"https:\/\/baranowscy.eu\/wordpress\/wp-content\/uploads\/2015\/12\/aIMG_2964.jpg 640w, https:\/\/baranowscy.eu\/wordpress\/wp-content\/uploads\/2015\/12\/aIMG_2964-300x200.jpg 300w, https:\/\/baranowscy.eu\/wordpress\/wp-content\/uploads\/2015\/12\/aIMG_2964-600x400.jpg 600w\" sizes=\"auto, (max-width: 640px) 100vw, 640px\" \/><\/a><figcaption id=\"caption-attachment-4759\" class=\"wp-caption-text\">W r\u0119kach Katarzyny Czerny.<\/figcaption><\/figure>\n<p>Efekt? Czu\u0142am si\u0119 dobrze! Cho\u0107 niecodziennie. Makija\u017c by\u0142 bezproblemowy i w\u0142a\u015bciwie go nie czu\u0142am.<\/p>\n<figure id=\"attachment_4760\" aria-describedby=\"caption-attachment-4760\" style=\"width: 640px\" class=\"wp-caption aligncenter\"><a href=\"https:\/\/baranowscy.eu\/wordpress\/wp-content\/uploads\/2015\/12\/aIMG_2968.jpg\"><img loading=\"lazy\" decoding=\"async\" class=\"size-full wp-image-4760\" src=\"https:\/\/baranowscy.eu\/wordpress\/wp-content\/uploads\/2015\/12\/aIMG_2968.jpg\" alt=\"Umalowana Couleur Caramel.\" width=\"640\" height=\"427\" srcset=\"https:\/\/baranowscy.eu\/wordpress\/wp-content\/uploads\/2015\/12\/aIMG_2968.jpg 640w, https:\/\/baranowscy.eu\/wordpress\/wp-content\/uploads\/2015\/12\/aIMG_2968-300x200.jpg 300w, https:\/\/baranowscy.eu\/wordpress\/wp-content\/uploads\/2015\/12\/aIMG_2968-600x400.jpg 600w\" sizes=\"auto, (max-width: 640px) 100vw, 640px\" \/><\/a><figcaption id=\"caption-attachment-4760\" class=\"wp-caption-text\">Umalowana Couleur Caramel.<\/figcaption><\/figure>\n<p>Dzi\u0119ki Dniom Alergii mog\u0142am pozna\u0107 dwie polskie firmy &#8211; <a href=\"http:\/\/novakosmetyki.pl\/\"><strong>NOVA Kosmetyki<\/strong><\/a> i <strong><a href=\"http:\/\/www.clochee.com\" target=\"_blank\">Clochee<\/a><\/strong>.<\/p>\n<div id='gallery-7' class='gallery galleryid-4706 gallery-columns-3 gallery-size-full'><figure class='gallery-item'>\n\t\t\t<div class='gallery-icon landscape'>\n\t\t\t\t<a href='https:\/\/baranowscy.eu\/wordpress\/wp-content\/uploads\/2015\/12\/aIMG_2863.jpg'><img loading=\"lazy\" decoding=\"async\" width=\"640\" height=\"427\" src=\"https:\/\/baranowscy.eu\/wordpress\/wp-content\/uploads\/2015\/12\/aIMG_2863.jpg\" class=\"attachment-full size-full\" alt=\"\" aria-describedby=\"gallery-7-4734\" srcset=\"https:\/\/baranowscy.eu\/wordpress\/wp-content\/uploads\/2015\/12\/aIMG_2863.jpg 640w, https:\/\/baranowscy.eu\/wordpress\/wp-content\/uploads\/2015\/12\/aIMG_2863-300x200.jpg 300w, https:\/\/baranowscy.eu\/wordpress\/wp-content\/uploads\/2015\/12\/aIMG_2863-600x400.jpg 600w\" sizes=\"auto, (max-width: 640px) 100vw, 640px\" \/><\/a>\n\t\t\t<\/div>\n\t\t\t\t<figcaption class='wp-caption-text gallery-caption' id='gallery-7-4734'>\n\t\t\t\tNOVA Kosmetyki.\n\t\t\t\t<\/figcaption><\/figure><figure class='gallery-item'>\n\t\t\t<div class='gallery-icon landscape'>\n\t\t\t\t<a href='https:\/\/baranowscy.eu\/wordpress\/wp-content\/uploads\/2015\/12\/aIMG_2865.jpg'><img loading=\"lazy\" decoding=\"async\" width=\"640\" height=\"427\" src=\"https:\/\/baranowscy.eu\/wordpress\/wp-content\/uploads\/2015\/12\/aIMG_2865.jpg\" class=\"attachment-full size-full\" alt=\"\" aria-describedby=\"gallery-7-4735\" srcset=\"https:\/\/baranowscy.eu\/wordpress\/wp-content\/uploads\/2015\/12\/aIMG_2865.jpg 640w, https:\/\/baranowscy.eu\/wordpress\/wp-content\/uploads\/2015\/12\/aIMG_2865-300x200.jpg 300w, https:\/\/baranowscy.eu\/wordpress\/wp-content\/uploads\/2015\/12\/aIMG_2865-600x400.jpg 600w\" sizes=\"auto, (max-width: 640px) 100vw, 640px\" \/><\/a>\n\t\t\t<\/div>\n\t\t\t\t<figcaption class='wp-caption-text gallery-caption' id='gallery-7-4735'>\n\t\t\t\tNOVA Kosmetyki.\n\t\t\t\t<\/figcaption><\/figure><figure class='gallery-item'>\n\t\t\t<div class='gallery-icon landscape'>\n\t\t\t\t<a href='https:\/\/baranowscy.eu\/wordpress\/wp-content\/uploads\/2015\/12\/aIMG_2866.jpg'><img loading=\"lazy\" decoding=\"async\" width=\"640\" height=\"427\" src=\"https:\/\/baranowscy.eu\/wordpress\/wp-content\/uploads\/2015\/12\/aIMG_2866.jpg\" class=\"attachment-full size-full\" alt=\"\" aria-describedby=\"gallery-7-4736\" srcset=\"https:\/\/baranowscy.eu\/wordpress\/wp-content\/uploads\/2015\/12\/aIMG_2866.jpg 640w, https:\/\/baranowscy.eu\/wordpress\/wp-content\/uploads\/2015\/12\/aIMG_2866-300x200.jpg 300w, https:\/\/baranowscy.eu\/wordpress\/wp-content\/uploads\/2015\/12\/aIMG_2866-600x400.jpg 600w\" sizes=\"auto, (max-width: 640px) 100vw, 640px\" \/><\/a>\n\t\t\t<\/div>\n\t\t\t\t<figcaption class='wp-caption-text gallery-caption' id='gallery-7-4736'>\n\t\t\t\tNOVA Kosmetyki.\n\t\t\t\t<\/figcaption><\/figure><figure class='gallery-item'>\n\t\t\t<div class='gallery-icon landscape'>\n\t\t\t\t<a href='https:\/\/baranowscy.eu\/wordpress\/wp-content\/uploads\/2015\/12\/aIMG_2869.jpg'><img loading=\"lazy\" decoding=\"async\" width=\"640\" height=\"427\" src=\"https:\/\/baranowscy.eu\/wordpress\/wp-content\/uploads\/2015\/12\/aIMG_2869.jpg\" class=\"attachment-full size-full\" alt=\"\" aria-describedby=\"gallery-7-4737\" srcset=\"https:\/\/baranowscy.eu\/wordpress\/wp-content\/uploads\/2015\/12\/aIMG_2869.jpg 640w, https:\/\/baranowscy.eu\/wordpress\/wp-content\/uploads\/2015\/12\/aIMG_2869-300x200.jpg 300w, https:\/\/baranowscy.eu\/wordpress\/wp-content\/uploads\/2015\/12\/aIMG_2869-600x400.jpg 600w\" sizes=\"auto, (max-width: 640px) 100vw, 640px\" \/><\/a>\n\t\t\t<\/div>\n\t\t\t\t<figcaption class='wp-caption-text gallery-caption' id='gallery-7-4737'>\n\t\t\t\tNOVA Kosmetyki.\n\t\t\t\t<\/figcaption><\/figure>\n\t\t<\/div>\n\n<p>B\u0119dziemy pisa\u0107 o ich produktach przy okazji naszych spis\u00f3w kosmetyk\u00f3w dla alergik\u00f3w.<\/p>\n<figure id=\"attachment_4752\" aria-describedby=\"caption-attachment-4752\" style=\"width: 640px\" class=\"wp-caption aligncenter\"><a href=\"https:\/\/baranowscy.eu\/wordpress\/wp-content\/uploads\/2015\/12\/aIMG_2929.jpg\"><img loading=\"lazy\" decoding=\"async\" class=\"size-full wp-image-4752\" src=\"https:\/\/baranowscy.eu\/wordpress\/wp-content\/uploads\/2015\/12\/aIMG_2929.jpg\" alt=\"Stoisko Clochee.\" width=\"640\" height=\"427\" srcset=\"https:\/\/baranowscy.eu\/wordpress\/wp-content\/uploads\/2015\/12\/aIMG_2929.jpg 640w, https:\/\/baranowscy.eu\/wordpress\/wp-content\/uploads\/2015\/12\/aIMG_2929-300x200.jpg 300w, https:\/\/baranowscy.eu\/wordpress\/wp-content\/uploads\/2015\/12\/aIMG_2929-600x400.jpg 600w\" sizes=\"auto, (max-width: 640px) 100vw, 640px\" \/><\/a><figcaption id=\"caption-attachment-4752\" class=\"wp-caption-text\">Stoisko Clochee.<\/figcaption><\/figure>\n<p>Z ciekawo\u015bci\u0105 obejrza\u0142am r\u00f3wnie\u017c ofert\u0119 dr.Hauschka. Te kosmetyki tak\u017ce pojawi\u0105 si\u0119 w naszym spisie.<\/p>\n<div id='gallery-8' class='gallery galleryid-4706 gallery-columns-3 gallery-size-full'><figure class='gallery-item'>\n\t\t\t<div class='gallery-icon landscape'>\n\t\t\t\t<a href='https:\/\/baranowscy.eu\/wordpress\/wp-content\/uploads\/2015\/12\/aIMG_2905.jpg'><img loading=\"lazy\" decoding=\"async\" width=\"640\" height=\"427\" src=\"https:\/\/baranowscy.eu\/wordpress\/wp-content\/uploads\/2015\/12\/aIMG_2905.jpg\" class=\"attachment-full size-full\" alt=\"\" aria-describedby=\"gallery-8-4743\" srcset=\"https:\/\/baranowscy.eu\/wordpress\/wp-content\/uploads\/2015\/12\/aIMG_2905.jpg 640w, https:\/\/baranowscy.eu\/wordpress\/wp-content\/uploads\/2015\/12\/aIMG_2905-300x200.jpg 300w, https:\/\/baranowscy.eu\/wordpress\/wp-content\/uploads\/2015\/12\/aIMG_2905-600x400.jpg 600w\" sizes=\"auto, (max-width: 640px) 100vw, 640px\" \/><\/a>\n\t\t\t<\/div>\n\t\t\t\t<figcaption class='wp-caption-text gallery-caption' id='gallery-8-4743'>\n\t\t\t\tDr.Hauschka.\n\t\t\t\t<\/figcaption><\/figure><figure class='gallery-item'>\n\t\t\t<div class='gallery-icon landscape'>\n\t\t\t\t<a href='https:\/\/baranowscy.eu\/wordpress\/wp-content\/uploads\/2015\/12\/aIMG_2907.jpg'><img loading=\"lazy\" decoding=\"async\" width=\"640\" height=\"427\" src=\"https:\/\/baranowscy.eu\/wordpress\/wp-content\/uploads\/2015\/12\/aIMG_2907.jpg\" class=\"attachment-full size-full\" alt=\"\" aria-describedby=\"gallery-8-4744\" srcset=\"https:\/\/baranowscy.eu\/wordpress\/wp-content\/uploads\/2015\/12\/aIMG_2907.jpg 640w, https:\/\/baranowscy.eu\/wordpress\/wp-content\/uploads\/2015\/12\/aIMG_2907-300x200.jpg 300w, https:\/\/baranowscy.eu\/wordpress\/wp-content\/uploads\/2015\/12\/aIMG_2907-600x400.jpg 600w\" sizes=\"auto, (max-width: 640px) 100vw, 640px\" \/><\/a>\n\t\t\t<\/div>\n\t\t\t\t<figcaption class='wp-caption-text gallery-caption' id='gallery-8-4744'>\n\t\t\t\tDr.Hauschka.\n\t\t\t\t<\/figcaption><\/figure>\n\t\t<\/div>\n\n<p>Nie mog\u0142am te\u017c nie skorzysta\u0107 z mo\u017cliwo\u015bci ta\u0144szych zakup\u00f3w w Sylveco &#8211; z targ\u00f3w wysz\u0142am z tymiankowym \u017celem do mycia twarzy.<\/p>\n<figure id=\"attachment_4753\" aria-describedby=\"caption-attachment-4753\" style=\"width: 640px\" class=\"wp-caption aligncenter\"><a href=\"https:\/\/baranowscy.eu\/wordpress\/wp-content\/uploads\/2015\/12\/aIMG_2937.jpg\"><img loading=\"lazy\" decoding=\"async\" class=\"size-full wp-image-4753\" src=\"https:\/\/baranowscy.eu\/wordpress\/wp-content\/uploads\/2015\/12\/aIMG_2937.jpg\" alt=\"Stoisko Sylveco.\" width=\"640\" height=\"427\" srcset=\"https:\/\/baranowscy.eu\/wordpress\/wp-content\/uploads\/2015\/12\/aIMG_2937.jpg 640w, https:\/\/baranowscy.eu\/wordpress\/wp-content\/uploads\/2015\/12\/aIMG_2937-300x200.jpg 300w, https:\/\/baranowscy.eu\/wordpress\/wp-content\/uploads\/2015\/12\/aIMG_2937-600x400.jpg 600w\" sizes=\"auto, (max-width: 640px) 100vw, 640px\" \/><\/a><figcaption id=\"caption-attachment-4753\" class=\"wp-caption-text\">Stoisko Sylveco.<\/figcaption><\/figure>\n<p>Pozna\u0142am tak\u017ce producent\u00f3w polskiego myd\u0142a <a href=\"http:\/\/powrotdonatury.eu\/\" target=\"_blank\">Powr\u00f3t do Natury<\/a> i o tych myd\u0142ach tak\u017ce napisz\u0119 przy okazji naszego spisu kosmetyk\u00f3w dla sk\u00f3ry z problemami.<\/p>\n<p><a href=\"https:\/\/baranowscy.eu\/wordpress\/wp-content\/uploads\/2015\/12\/powrot_do_natury.jpg\"><img loading=\"lazy\" decoding=\"async\" class=\"aligncenter size-full wp-image-4787\" src=\"https:\/\/baranowscy.eu\/wordpress\/wp-content\/uploads\/2015\/12\/powrot_do_natury.jpg\" alt=\"powrot_do_natury\" width=\"640\" height=\"427\" srcset=\"https:\/\/baranowscy.eu\/wordpress\/wp-content\/uploads\/2015\/12\/powrot_do_natury.jpg 640w, https:\/\/baranowscy.eu\/wordpress\/wp-content\/uploads\/2015\/12\/powrot_do_natury-300x200.jpg 300w, https:\/\/baranowscy.eu\/wordpress\/wp-content\/uploads\/2015\/12\/powrot_do_natury-600x400.jpg 600w\" sizes=\"auto, (max-width: 640px) 100vw, 640px\" \/><\/a><\/p>\n<h2>Inne<\/h2>\n<p>Warte uwagi by\u0142y wydarzenia organizowane przez Fundacj\u0119 Alabaster i Fundacj\u0119 Pokona\u0107 Alergi\u0119. Sama skorzysta\u0142am z rozmowy z psychologiem, a dzieci i rodzice mogli bra\u0107 udzia\u0142 w warsztatach i zabawach. Niedzielnym popo\u0142udniem odby\u0142 si\u0119 pokaz teatru cieni Ka.<\/p>\n<figure id=\"attachment_4770\" aria-describedby=\"caption-attachment-4770\" style=\"width: 640px\" class=\"wp-caption aligncenter\"><a href=\"https:\/\/baranowscy.eu\/wordpress\/wp-content\/uploads\/2015\/12\/aIMG_3028.jpg\"><img loading=\"lazy\" decoding=\"async\" class=\"wp-image-4770 size-full\" src=\"https:\/\/baranowscy.eu\/wordpress\/wp-content\/uploads\/2015\/12\/aIMG_3028.jpg\" alt=\"Teatr cieni Ka.\" width=\"640\" height=\"427\" srcset=\"https:\/\/baranowscy.eu\/wordpress\/wp-content\/uploads\/2015\/12\/aIMG_3028.jpg 640w, https:\/\/baranowscy.eu\/wordpress\/wp-content\/uploads\/2015\/12\/aIMG_3028-300x200.jpg 300w, https:\/\/baranowscy.eu\/wordpress\/wp-content\/uploads\/2015\/12\/aIMG_3028-600x400.jpg 600w\" sizes=\"auto, (max-width: 640px) 100vw, 640px\" \/><\/a><figcaption id=\"caption-attachment-4770\" class=\"wp-caption-text\">Teatr cieni Ka.<\/figcaption><\/figure>\n<p>Du\u017cy sukces mog\u0142o na pewno odnotowa\u0107 stoisko <strong>Hipoalergicznych<\/strong>, kt\u00f3rzy przygotowali kilka debat ze specjalistami od alergii oraz promowali sw\u00f3j magazyn. <strong>Nasz blog zosta\u0142 wyr\u00f3\u017cniony przez Hipoalergiczni.pl jako przyjazny alergikom &#8211; bardzo nam mi\u0142o!<\/strong><\/p>\n<div id='gallery-9' class='gallery galleryid-4706 gallery-columns-3 gallery-size-full'><figure class='gallery-item'>\n\t\t\t<div class='gallery-icon landscape'>\n\t\t\t\t<a href='https:\/\/baranowscy.eu\/wordpress\/dni-alergii-2015-relacja\/aimg_2999\/'><img loading=\"lazy\" decoding=\"async\" width=\"640\" height=\"427\" src=\"https:\/\/baranowscy.eu\/wordpress\/wp-content\/uploads\/2015\/12\/aIMG_2999.jpg\" class=\"attachment-full size-full\" alt=\"\" aria-describedby=\"gallery-9-4767\" srcset=\"https:\/\/baranowscy.eu\/wordpress\/wp-content\/uploads\/2015\/12\/aIMG_2999.jpg 640w, https:\/\/baranowscy.eu\/wordpress\/wp-content\/uploads\/2015\/12\/aIMG_2999-300x200.jpg 300w, https:\/\/baranowscy.eu\/wordpress\/wp-content\/uploads\/2015\/12\/aIMG_2999-600x400.jpg 600w\" sizes=\"auto, (max-width: 640px) 100vw, 640px\" \/><\/a>\n\t\t\t<\/div>\n\t\t\t\t<figcaption class='wp-caption-text gallery-caption' id='gallery-9-4767'>\n\t\t\t\tJa z \u017banet\u0105 Geltz.\n\t\t\t\t<\/figcaption><\/figure><figure class='gallery-item'>\n\t\t\t<div class='gallery-icon landscape'>\n\t\t\t\t<a href='https:\/\/baranowscy.eu\/wordpress\/dni-alergii-2015-relacja\/aimg_2915\/'><img loading=\"lazy\" decoding=\"async\" width=\"640\" height=\"427\" src=\"https:\/\/baranowscy.eu\/wordpress\/wp-content\/uploads\/2015\/12\/aIMG_2915.jpg\" class=\"attachment-full size-full\" alt=\"\" aria-describedby=\"gallery-9-4748\" srcset=\"https:\/\/baranowscy.eu\/wordpress\/wp-content\/uploads\/2015\/12\/aIMG_2915.jpg 640w, https:\/\/baranowscy.eu\/wordpress\/wp-content\/uploads\/2015\/12\/aIMG_2915-300x200.jpg 300w, https:\/\/baranowscy.eu\/wordpress\/wp-content\/uploads\/2015\/12\/aIMG_2915-600x400.jpg 600w\" sizes=\"auto, (max-width: 640px) 100vw, 640px\" \/><\/a>\n\t\t\t<\/div>\n\t\t\t\t<figcaption class='wp-caption-text gallery-caption' id='gallery-9-4748'>\n\t\t\t\tDebata Hipoalergicznych.\n\t\t\t\t<\/figcaption><\/figure><figure class='gallery-item'>\n\t\t\t<div class='gallery-icon landscape'>\n\t\t\t\t<a href='https:\/\/baranowscy.eu\/wordpress\/dni-alergii-2015-relacja\/aimg_2913\/'><img loading=\"lazy\" decoding=\"async\" width=\"640\" height=\"427\" src=\"https:\/\/baranowscy.eu\/wordpress\/wp-content\/uploads\/2015\/12\/aIMG_2913.jpg\" class=\"attachment-full size-full\" alt=\"\" aria-describedby=\"gallery-9-4747\" srcset=\"https:\/\/baranowscy.eu\/wordpress\/wp-content\/uploads\/2015\/12\/aIMG_2913.jpg 640w, https:\/\/baranowscy.eu\/wordpress\/wp-content\/uploads\/2015\/12\/aIMG_2913-300x200.jpg 300w, https:\/\/baranowscy.eu\/wordpress\/wp-content\/uploads\/2015\/12\/aIMG_2913-600x400.jpg 600w\" sizes=\"auto, (max-width: 640px) 100vw, 640px\" \/><\/a>\n\t\t\t<\/div>\n\t\t\t\t<figcaption class='wp-caption-text gallery-caption' id='gallery-9-4747'>\n\t\t\t\tDebata Hipoalergicznych.\n\t\t\t\t<\/figcaption><\/figure><figure class='gallery-item'>\n\t\t\t<div class='gallery-icon landscape'>\n\t\t\t\t<a href='https:\/\/baranowscy.eu\/wordpress\/dni-alergii-2015-relacja\/aimg_3006\/'><img loading=\"lazy\" decoding=\"async\" width=\"640\" height=\"427\" src=\"https:\/\/baranowscy.eu\/wordpress\/wp-content\/uploads\/2015\/12\/aIMG_3006.jpg\" class=\"attachment-full size-full\" alt=\"\" aria-describedby=\"gallery-9-4768\" srcset=\"https:\/\/baranowscy.eu\/wordpress\/wp-content\/uploads\/2015\/12\/aIMG_3006.jpg 640w, https:\/\/baranowscy.eu\/wordpress\/wp-content\/uploads\/2015\/12\/aIMG_3006-300x200.jpg 300w, https:\/\/baranowscy.eu\/wordpress\/wp-content\/uploads\/2015\/12\/aIMG_3006-600x400.jpg 600w\" sizes=\"auto, (max-width: 640px) 100vw, 640px\" \/><\/a>\n\t\t\t<\/div>\n\t\t\t\t<figcaption class='wp-caption-text gallery-caption' id='gallery-9-4768'>\n\t\t\t\tDr Danuta My\u0142ek przy stoisku Hipoalergicznych.\n\t\t\t\t<\/figcaption><\/figure>\n\t\t<\/div>\n\n<p>Jednym z moich ci\u0119\u017cszych zakup\u00f3w by\u0142a pufa wype\u0142niona \u0142usk\u0105 gryczan\u0105 (stoisko <a href=\"http:\/\/Ekorodzice.pl\" target=\"_blank\">Ekorodzice.pl<\/a>) &#8211; akurat nasz starszy syn z\u0142ama\u0142 nog\u0119 i potrzebowa\u0142 takiej podp\u00f3rki. Gryczaki s\u0105 fantastyczne!<\/p>\n<div id='gallery-10' class='gallery galleryid-4706 gallery-columns-3 gallery-size-full'><figure class='gallery-item'>\n\t\t\t<div class='gallery-icon landscape'>\n\t\t\t\t<a href='https:\/\/baranowscy.eu\/wordpress\/wp-content\/uploads\/2015\/12\/aIMG_2922.jpg'><img loading=\"lazy\" decoding=\"async\" width=\"640\" height=\"427\" src=\"https:\/\/baranowscy.eu\/wordpress\/wp-content\/uploads\/2015\/12\/aIMG_2922.jpg\" class=\"attachment-full size-full\" alt=\"\" aria-describedby=\"gallery-10-4750\" srcset=\"https:\/\/baranowscy.eu\/wordpress\/wp-content\/uploads\/2015\/12\/aIMG_2922.jpg 640w, https:\/\/baranowscy.eu\/wordpress\/wp-content\/uploads\/2015\/12\/aIMG_2922-300x200.jpg 300w, https:\/\/baranowscy.eu\/wordpress\/wp-content\/uploads\/2015\/12\/aIMG_2922-600x400.jpg 600w\" sizes=\"auto, (max-width: 640px) 100vw, 640px\" \/><\/a>\n\t\t\t<\/div>\n\t\t\t\t<figcaption class='wp-caption-text gallery-caption' id='gallery-10-4750'>\n\t\t\t\tGryczaki.\n\t\t\t\t<\/figcaption><\/figure><figure class='gallery-item'>\n\t\t\t<div class='gallery-icon landscape'>\n\t\t\t\t<a href='https:\/\/baranowscy.eu\/wordpress\/wp-content\/uploads\/2015\/12\/aIMG_2920.jpg'><img loading=\"lazy\" decoding=\"async\" width=\"640\" height=\"427\" src=\"https:\/\/baranowscy.eu\/wordpress\/wp-content\/uploads\/2015\/12\/aIMG_2920.jpg\" class=\"attachment-full size-full\" alt=\"\" aria-describedby=\"gallery-10-4749\" srcset=\"https:\/\/baranowscy.eu\/wordpress\/wp-content\/uploads\/2015\/12\/aIMG_2920.jpg 640w, https:\/\/baranowscy.eu\/wordpress\/wp-content\/uploads\/2015\/12\/aIMG_2920-300x200.jpg 300w, https:\/\/baranowscy.eu\/wordpress\/wp-content\/uploads\/2015\/12\/aIMG_2920-600x400.jpg 600w\" sizes=\"auto, (max-width: 640px) 100vw, 640px\" \/><\/a>\n\t\t\t<\/div>\n\t\t\t\t<figcaption class='wp-caption-text gallery-caption' id='gallery-10-4749'>\n\t\t\t\t\u0141uska gryki.\n\t\t\t\t<\/figcaption><\/figure>\n\t\t<\/div>\n\n<p>Bardzo dobrym pomys\u0142em by\u0142y pokazy pierwszej pomocy w okoliczno\u015bciach wstrz\u0105su anafilaktycznego.<\/p>\n<p><a href=\"https:\/\/baranowscy.eu\/wordpress\/wp-content\/uploads\/2015\/12\/aIMG_2982.jpg\"><img loading=\"lazy\" decoding=\"async\" class=\"aligncenter size-full wp-image-4764\" src=\"https:\/\/baranowscy.eu\/wordpress\/wp-content\/uploads\/2015\/12\/aIMG_2982.jpg\" alt=\"aIMG_2982\" width=\"640\" height=\"427\" srcset=\"https:\/\/baranowscy.eu\/wordpress\/wp-content\/uploads\/2015\/12\/aIMG_2982.jpg 640w, https:\/\/baranowscy.eu\/wordpress\/wp-content\/uploads\/2015\/12\/aIMG_2982-300x200.jpg 300w, https:\/\/baranowscy.eu\/wordpress\/wp-content\/uploads\/2015\/12\/aIMG_2982-600x400.jpg 600w\" sizes=\"auto, (max-width: 640px) 100vw, 640px\" \/><\/a><\/p>\n<h2>Czego zabrak\u0142o<\/h2>\n<p>By\u0107 mo\u017ce zesz\u0142oroczne targi rozczarowa\u0142y niekt\u00f3rych wystawc\u00f3w, bo w tym roku ich nie znalaz\u0142am, a liczy\u0142am na jakie\u015b zakupy, a przynajmniej porady. Chcia\u0142abym, aby by\u0142a wi\u0119ksza oferta <strong>po\u015bcieli<\/strong> dla alergik\u00f3w (by\u0142a tylko SOVA) oraz <strong>bielizny<\/strong>, poniewa\u017c akurat takiej potrzebowa\u0142am i wiele bym da\u0142a za bezszwowe, niebarwione bawe\u0142niane dessous.<\/p>\n<p><strong>Brakowa\u0142o mi te\u017c wi\u0119kszej oferty naturalnej \u017cywno\u015bci, a nie przetworzonej.<\/strong> Przy okazji wspomn\u0119 o drugim biegunie &#8211; ch\u0119tnie bym widzia\u0142a wi\u0119cej <strong>suplement\u00f3w diety wspomagaj\u0105cych walk\u0119 z alergi\u0105<\/strong>. Wi\u0119cej probiotyk\u00f3w, witamin i mikroelement\u00f3w pozyskiwanych naturalnie.<\/p>\n<p>Wie\u015b\u0107 niesie, \u017ce za rok Dni Alergii odb\u0119d\u0105 si\u0119 w Nadarzynie. Z jednej strony ciekawa jestem takiej zmiany lokalizacji, z drugiej boj\u0119 si\u0119, \u017ce targi b\u0119d\u0105 dost\u0119pne dla os\u00f3b z bran\u017cy, a dla zwyk\u0142ych ludzi, kt\u00f3rzy po prostu chc\u0105 si\u0119 dowiedzie\u0107 wi\u0119cej, dojazd do miejscowo\u015bci pod Warszaw\u0105 mo\u017ce by\u0107 wi\u0119kszym wyzwaniem.<\/p>\n<p>W tym roku by\u0142o bardzo ciekawie, w tej relacji nie zawar\u0142am nawet 1\/4 wszystkich atrakcji. Ciekawa jestem, co zwr\u00f3ci\u0142o Wasz\u0105 uwag\u0119 i w jakich warsztatach czy innych atrakcjach uczestniczyli\u015bcie.<\/p>\n","protected":false},"excerpt":{"rendered":"<p>Zapraszamy na 3. edycj\u0119 Dni Alergii! Druga edycja Dni Alergii, kt\u00f3rej nasz blog patronowa\u0142 medialnie, odby\u0142a si\u0119 w weekend 21-22 listopada 2015 r. na Stadionie&hellip;<\/p>\n","protected":false},"author":1,"featured_media":4769,"comment_status":"open","ping_status":"open","sticky":false,"template":"","format":"standard","meta":{"_jetpack_memberships_contains_paid_content":false,"footnotes":""},"categories":[166],"tags":[493,924,503,922,249,892,921,920,480,902,933,891,903,931,905,899,929,927,897,561,502,894,934,926,928,930,923,513,925,932],"class_list":["post-4706","post","type-post","status-publish","format-standard","has-post-thumbnail","hentry","category-wydarzenia","tag-alab","tag-alergo-med","tag-atelier-smaku","tag-biorezonans","tag-blw","tag-clochee","tag-couleur-caramel","tag-diagnostyka","tag-dni-alergii","tag-dobrzejemy-pl","tag-dr-danuta-mylek","tag-dr-hauschka","tag-ekodrogeria-pl","tag-ekorodzice-pl","tag-enso-electronics","tag-fundacja-alabaster","tag-fundacja-pokonac-alergie","tag-glebe-farm","tag-hipoalergiczni-pl","tag-makijaz","tag-mama-alergika-gotuje","tag-mamania","tag-nikel","tag-nova-kosmetyki","tag-organiczne24-pl","tag-powrot-do-natury","tag-schar","tag-sylveco","tag-warsztaty-kulinarne","tag-luska-gryczana"],"yoast_head":"<!-- This site is optimized with the Yoast SEO plugin v27.4 - https:\/\/yoast.com\/product\/yoast-seo-wordpress\/ -->\n<title>Dni Alergii 2015 - relacja - organiczni.eu<\/title>\n<meta name=\"robots\" content=\"index, follow, max-snippet:-1, max-image-preview:large, max-video-preview:-1\" \/>\n<link rel=\"canonical\" href=\"https:\/\/baranowscy.eu\/wordpress\/dni-alergii-2015-relacja\/\" \/>\n<meta property=\"og:locale\" content=\"pl_PL\" \/>\n<meta property=\"og:type\" content=\"article\" \/>\n<meta property=\"og:title\" content=\"Dni Alergii 2015 - relacja - organiczni.eu\" \/>\n<meta property=\"og:description\" content=\"Zapraszamy na 3. edycj\u0119 Dni Alergii! Druga edycja Dni Alergii, kt\u00f3rej nasz blog patronowa\u0142 medialnie, odby\u0142a si\u0119 w weekend 21-22 listopada 2015 r. na Stadionie&hellip;\" \/>\n<meta property=\"og:url\" content=\"https:\/\/baranowscy.eu\/wordpress\/dni-alergii-2015-relacja\/\" \/>\n<meta property=\"og:site_name\" content=\"organiczni.eu\" \/>\n<meta property=\"article:publisher\" content=\"https:\/\/www.facebook.com\/organiczni\/\" \/>\n<meta property=\"article:published_time\" content=\"2015-12-13T12:34:58+00:00\" \/>\n<meta property=\"article:modified_time\" content=\"2016-10-04T19:18:12+00:00\" \/>\n<meta property=\"og:image\" content=\"https:\/\/baranowscy.eu\/wordpress\/wp-content\/uploads\/2015\/12\/aIMG_3020.jpg\" \/>\n\t<meta property=\"og:image:width\" content=\"640\" \/>\n\t<meta property=\"og:image:height\" content=\"427\" \/>\n\t<meta property=\"og:image:type\" content=\"image\/jpeg\" \/>\n<meta name=\"author\" content=\"joanna\" \/>\n<meta name=\"twitter:card\" content=\"summary_large_image\" \/>\n<meta name=\"twitter:label1\" content=\"Napisane przez\" \/>\n\t<meta name=\"twitter:data1\" content=\"joanna\" \/>\n\t<meta name=\"twitter:label2\" content=\"Szacowany czas czytania\" \/>\n\t<meta name=\"twitter:data2\" content=\"10 minut\" \/>\n<script type=\"application\/ld+json\" class=\"yoast-schema-graph\">{\"@context\":\"https:\\\/\\\/schema.org\",\"@graph\":[{\"@type\":\"Article\",\"@id\":\"https:\\\/\\\/baranowscy.eu\\\/wordpress\\\/dni-alergii-2015-relacja\\\/#article\",\"isPartOf\":{\"@id\":\"https:\\\/\\\/baranowscy.eu\\\/wordpress\\\/dni-alergii-2015-relacja\\\/\"},\"author\":{\"name\":\"joanna\",\"@id\":\"https:\\\/\\\/baranowscy.eu\\\/wordpress\\\/#\\\/schema\\\/person\\\/741d5f1f3fd2833c5ca2ffdaaa93dc73\"},\"headline\":\"Dni Alergii 2015 &#8211; relacja\",\"datePublished\":\"2015-12-13T12:34:58+00:00\",\"dateModified\":\"2016-10-04T19:18:12+00:00\",\"mainEntityOfPage\":{\"@id\":\"https:\\\/\\\/baranowscy.eu\\\/wordpress\\\/dni-alergii-2015-relacja\\\/\"},\"wordCount\":1985,\"commentCount\":2,\"publisher\":{\"@id\":\"https:\\\/\\\/baranowscy.eu\\\/wordpress\\\/#organization\"},\"image\":{\"@id\":\"https:\\\/\\\/baranowscy.eu\\\/wordpress\\\/dni-alergii-2015-relacja\\\/#primaryimage\"},\"thumbnailUrl\":\"https:\\\/\\\/baranowscy.eu\\\/wordpress\\\/wp-content\\\/uploads\\\/2015\\\/12\\\/aIMG_3020.jpg\",\"keywords\":[\"ALAB\",\"Alergo-Med\",\"Atelier Smaku\",\"biorezonans\",\"BLW\",\"Clochee\",\"Couleur Caramel\",\"Diagnostyka\",\"Dni Alergii\",\"DobrzeJemy.pl\",\"dr Danuta My\u0142ek\",\"Dr.Hauschka\",\"ekodrogeria.pl\",\"Ekorodzice.pl\",\"Enso Electronics\",\"Fundacja Alabaster\",\"Fundacja Pokona\u0107 Alergi\u0119\",\"Glebe Farm\",\"hipoalergiczni.pl\",\"makija\u017c\",\"Mama Alergika Gotuje\",\"Mamania\",\"Nikel\",\"NOVA Kosmetyki\",\"Organiczne24.pl\",\"Powr\u00f3t do Natury\",\"Sch\u00e4r\",\"Sylveco\",\"warsztaty kulinarne\",\"\u0142uska gryczana\"],\"articleSection\":[\"wydarzenia\"],\"inLanguage\":\"pl-PL\",\"potentialAction\":[{\"@type\":\"CommentAction\",\"name\":\"Comment\",\"target\":[\"https:\\\/\\\/baranowscy.eu\\\/wordpress\\\/dni-alergii-2015-relacja\\\/#respond\"]}]},{\"@type\":\"WebPage\",\"@id\":\"https:\\\/\\\/baranowscy.eu\\\/wordpress\\\/dni-alergii-2015-relacja\\\/\",\"url\":\"https:\\\/\\\/baranowscy.eu\\\/wordpress\\\/dni-alergii-2015-relacja\\\/\",\"name\":\"Dni Alergii 2015 - relacja - organiczni.eu\",\"isPartOf\":{\"@id\":\"https:\\\/\\\/baranowscy.eu\\\/wordpress\\\/#website\"},\"primaryImageOfPage\":{\"@id\":\"https:\\\/\\\/baranowscy.eu\\\/wordpress\\\/dni-alergii-2015-relacja\\\/#primaryimage\"},\"image\":{\"@id\":\"https:\\\/\\\/baranowscy.eu\\\/wordpress\\\/dni-alergii-2015-relacja\\\/#primaryimage\"},\"thumbnailUrl\":\"https:\\\/\\\/baranowscy.eu\\\/wordpress\\\/wp-content\\\/uploads\\\/2015\\\/12\\\/aIMG_3020.jpg\",\"datePublished\":\"2015-12-13T12:34:58+00:00\",\"dateModified\":\"2016-10-04T19:18:12+00:00\",\"breadcrumb\":{\"@id\":\"https:\\\/\\\/baranowscy.eu\\\/wordpress\\\/dni-alergii-2015-relacja\\\/#breadcrumb\"},\"inLanguage\":\"pl-PL\",\"potentialAction\":[{\"@type\":\"ReadAction\",\"target\":[\"https:\\\/\\\/baranowscy.eu\\\/wordpress\\\/dni-alergii-2015-relacja\\\/\"]}]},{\"@type\":\"ImageObject\",\"inLanguage\":\"pl-PL\",\"@id\":\"https:\\\/\\\/baranowscy.eu\\\/wordpress\\\/dni-alergii-2015-relacja\\\/#primaryimage\",\"url\":\"https:\\\/\\\/baranowscy.eu\\\/wordpress\\\/wp-content\\\/uploads\\\/2015\\\/12\\\/aIMG_3020.jpg\",\"contentUrl\":\"https:\\\/\\\/baranowscy.eu\\\/wordpress\\\/wp-content\\\/uploads\\\/2015\\\/12\\\/aIMG_3020.jpg\",\"width\":640,\"height\":427,\"caption\":\"Biorezonans.\"},{\"@type\":\"BreadcrumbList\",\"@id\":\"https:\\\/\\\/baranowscy.eu\\\/wordpress\\\/dni-alergii-2015-relacja\\\/#breadcrumb\",\"itemListElement\":[{\"@type\":\"ListItem\",\"position\":1,\"name\":\"Strona g\u0142\u00f3wna\",\"item\":\"https:\\\/\\\/baranowscy.eu\\\/wordpress\\\/\"},{\"@type\":\"ListItem\",\"position\":2,\"name\":\"Dni Alergii 2015 &#8211; relacja\"}]},{\"@type\":\"WebSite\",\"@id\":\"https:\\\/\\\/baranowscy.eu\\\/wordpress\\\/#website\",\"url\":\"https:\\\/\\\/baranowscy.eu\\\/wordpress\\\/\",\"name\":\"organiczni.eu\",\"description\":\"Najbardziej wszechstronny blog ekologiczny\",\"publisher\":{\"@id\":\"https:\\\/\\\/baranowscy.eu\\\/wordpress\\\/#organization\"},\"potentialAction\":[{\"@type\":\"SearchAction\",\"target\":{\"@type\":\"EntryPoint\",\"urlTemplate\":\"https:\\\/\\\/baranowscy.eu\\\/wordpress\\\/?s={search_term_string}\"},\"query-input\":{\"@type\":\"PropertyValueSpecification\",\"valueRequired\":true,\"valueName\":\"search_term_string\"}}],\"inLanguage\":\"pl-PL\"},{\"@type\":\"Organization\",\"@id\":\"https:\\\/\\\/baranowscy.eu\\\/wordpress\\\/#organization\",\"name\":\"organiczni.eu\",\"url\":\"https:\\\/\\\/baranowscy.eu\\\/wordpress\\\/\",\"logo\":{\"@type\":\"ImageObject\",\"inLanguage\":\"pl-PL\",\"@id\":\"https:\\\/\\\/baranowscy.eu\\\/wordpress\\\/#\\\/schema\\\/logo\\\/image\\\/\",\"url\":\"https:\\\/\\\/baranowscy.eu\\\/wordpress\\\/wp-content\\\/uploads\\\/2018\\\/01\\\/logo_duze.png\",\"contentUrl\":\"https:\\\/\\\/baranowscy.eu\\\/wordpress\\\/wp-content\\\/uploads\\\/2018\\\/01\\\/logo_duze.png\",\"width\":1398,\"height\":300,\"caption\":\"organiczni.eu\"},\"image\":{\"@id\":\"https:\\\/\\\/baranowscy.eu\\\/wordpress\\\/#\\\/schema\\\/logo\\\/image\\\/\"},\"sameAs\":[\"https:\\\/\\\/www.facebook.com\\\/organiczni\\\/\",\"https:\\\/\\\/www.instagram.com\\\/organiczni.eu\\\/\"]},{\"@type\":\"Person\",\"@id\":\"https:\\\/\\\/baranowscy.eu\\\/wordpress\\\/#\\\/schema\\\/person\\\/741d5f1f3fd2833c5ca2ffdaaa93dc73\",\"name\":\"joanna\",\"image\":{\"@type\":\"ImageObject\",\"inLanguage\":\"pl-PL\",\"@id\":\"https:\\\/\\\/secure.gravatar.com\\\/avatar\\\/a59b1be4fa5d200ee0af0ba4bbcdb691da1d589b419bae23d7aa5a15d820e28e?s=96&d=identicon&r=g\",\"url\":\"https:\\\/\\\/secure.gravatar.com\\\/avatar\\\/a59b1be4fa5d200ee0af0ba4bbcdb691da1d589b419bae23d7aa5a15d820e28e?s=96&d=identicon&r=g\",\"contentUrl\":\"https:\\\/\\\/secure.gravatar.com\\\/avatar\\\/a59b1be4fa5d200ee0af0ba4bbcdb691da1d589b419bae23d7aa5a15d820e28e?s=96&d=identicon&r=g\",\"caption\":\"joanna\"},\"sameAs\":[\"https:\\\/\\\/organiczni.baranowscy.eu\"],\"url\":\"https:\\\/\\\/baranowscy.eu\\\/wordpress\\\/author\\\/admin\\\/\"}]}<\/script>\n<!-- \/ Yoast SEO plugin. -->","yoast_head_json":{"title":"Dni Alergii 2015 - relacja - organiczni.eu","robots":{"index":"index","follow":"follow","max-snippet":"max-snippet:-1","max-image-preview":"max-image-preview:large","max-video-preview":"max-video-preview:-1"},"canonical":"https:\/\/baranowscy.eu\/wordpress\/dni-alergii-2015-relacja\/","og_locale":"pl_PL","og_type":"article","og_title":"Dni Alergii 2015 - relacja - organiczni.eu","og_description":"Zapraszamy na 3. edycj\u0119 Dni Alergii! Druga edycja Dni Alergii, kt\u00f3rej nasz blog patronowa\u0142 medialnie, odby\u0142a si\u0119 w weekend 21-22 listopada 2015 r. na Stadionie&hellip;","og_url":"https:\/\/baranowscy.eu\/wordpress\/dni-alergii-2015-relacja\/","og_site_name":"organiczni.eu","article_publisher":"https:\/\/www.facebook.com\/organiczni\/","article_published_time":"2015-12-13T12:34:58+00:00","article_modified_time":"2016-10-04T19:18:12+00:00","og_image":[{"width":640,"height":427,"url":"https:\/\/baranowscy.eu\/wordpress\/wp-content\/uploads\/2015\/12\/aIMG_3020.jpg","type":"image\/jpeg"}],"author":"joanna","twitter_card":"summary_large_image","twitter_misc":{"Napisane przez":"joanna","Szacowany czas czytania":"10 minut"},"schema":{"@context":"https:\/\/schema.org","@graph":[{"@type":"Article","@id":"https:\/\/baranowscy.eu\/wordpress\/dni-alergii-2015-relacja\/#article","isPartOf":{"@id":"https:\/\/baranowscy.eu\/wordpress\/dni-alergii-2015-relacja\/"},"author":{"name":"joanna","@id":"https:\/\/baranowscy.eu\/wordpress\/#\/schema\/person\/741d5f1f3fd2833c5ca2ffdaaa93dc73"},"headline":"Dni Alergii 2015 &#8211; relacja","datePublished":"2015-12-13T12:34:58+00:00","dateModified":"2016-10-04T19:18:12+00:00","mainEntityOfPage":{"@id":"https:\/\/baranowscy.eu\/wordpress\/dni-alergii-2015-relacja\/"},"wordCount":1985,"commentCount":2,"publisher":{"@id":"https:\/\/baranowscy.eu\/wordpress\/#organization"},"image":{"@id":"https:\/\/baranowscy.eu\/wordpress\/dni-alergii-2015-relacja\/#primaryimage"},"thumbnailUrl":"https:\/\/baranowscy.eu\/wordpress\/wp-content\/uploads\/2015\/12\/aIMG_3020.jpg","keywords":["ALAB","Alergo-Med","Atelier Smaku","biorezonans","BLW","Clochee","Couleur Caramel","Diagnostyka","Dni Alergii","DobrzeJemy.pl","dr Danuta My\u0142ek","Dr.Hauschka","ekodrogeria.pl","Ekorodzice.pl","Enso Electronics","Fundacja Alabaster","Fundacja Pokona\u0107 Alergi\u0119","Glebe Farm","hipoalergiczni.pl","makija\u017c","Mama Alergika Gotuje","Mamania","Nikel","NOVA Kosmetyki","Organiczne24.pl","Powr\u00f3t do Natury","Sch\u00e4r","Sylveco","warsztaty kulinarne","\u0142uska gryczana"],"articleSection":["wydarzenia"],"inLanguage":"pl-PL","potentialAction":[{"@type":"CommentAction","name":"Comment","target":["https:\/\/baranowscy.eu\/wordpress\/dni-alergii-2015-relacja\/#respond"]}]},{"@type":"WebPage","@id":"https:\/\/baranowscy.eu\/wordpress\/dni-alergii-2015-relacja\/","url":"https:\/\/baranowscy.eu\/wordpress\/dni-alergii-2015-relacja\/","name":"Dni Alergii 2015 - relacja - organiczni.eu","isPartOf":{"@id":"https:\/\/baranowscy.eu\/wordpress\/#website"},"primaryImageOfPage":{"@id":"https:\/\/baranowscy.eu\/wordpress\/dni-alergii-2015-relacja\/#primaryimage"},"image":{"@id":"https:\/\/baranowscy.eu\/wordpress\/dni-alergii-2015-relacja\/#primaryimage"},"thumbnailUrl":"https:\/\/baranowscy.eu\/wordpress\/wp-content\/uploads\/2015\/12\/aIMG_3020.jpg","datePublished":"2015-12-13T12:34:58+00:00","dateModified":"2016-10-04T19:18:12+00:00","breadcrumb":{"@id":"https:\/\/baranowscy.eu\/wordpress\/dni-alergii-2015-relacja\/#breadcrumb"},"inLanguage":"pl-PL","potentialAction":[{"@type":"ReadAction","target":["https:\/\/baranowscy.eu\/wordpress\/dni-alergii-2015-relacja\/"]}]},{"@type":"ImageObject","inLanguage":"pl-PL","@id":"https:\/\/baranowscy.eu\/wordpress\/dni-alergii-2015-relacja\/#primaryimage","url":"https:\/\/baranowscy.eu\/wordpress\/wp-content\/uploads\/2015\/12\/aIMG_3020.jpg","contentUrl":"https:\/\/baranowscy.eu\/wordpress\/wp-content\/uploads\/2015\/12\/aIMG_3020.jpg","width":640,"height":427,"caption":"Biorezonans."},{"@type":"BreadcrumbList","@id":"https:\/\/baranowscy.eu\/wordpress\/dni-alergii-2015-relacja\/#breadcrumb","itemListElement":[{"@type":"ListItem","position":1,"name":"Strona g\u0142\u00f3wna","item":"https:\/\/baranowscy.eu\/wordpress\/"},{"@type":"ListItem","position":2,"name":"Dni Alergii 2015 &#8211; relacja"}]},{"@type":"WebSite","@id":"https:\/\/baranowscy.eu\/wordpress\/#website","url":"https:\/\/baranowscy.eu\/wordpress\/","name":"organiczni.eu","description":"Najbardziej wszechstronny blog ekologiczny","publisher":{"@id":"https:\/\/baranowscy.eu\/wordpress\/#organization"},"potentialAction":[{"@type":"SearchAction","target":{"@type":"EntryPoint","urlTemplate":"https:\/\/baranowscy.eu\/wordpress\/?s={search_term_string}"},"query-input":{"@type":"PropertyValueSpecification","valueRequired":true,"valueName":"search_term_string"}}],"inLanguage":"pl-PL"},{"@type":"Organization","@id":"https:\/\/baranowscy.eu\/wordpress\/#organization","name":"organiczni.eu","url":"https:\/\/baranowscy.eu\/wordpress\/","logo":{"@type":"ImageObject","inLanguage":"pl-PL","@id":"https:\/\/baranowscy.eu\/wordpress\/#\/schema\/logo\/image\/","url":"https:\/\/baranowscy.eu\/wordpress\/wp-content\/uploads\/2018\/01\/logo_duze.png","contentUrl":"https:\/\/baranowscy.eu\/wordpress\/wp-content\/uploads\/2018\/01\/logo_duze.png","width":1398,"height":300,"caption":"organiczni.eu"},"image":{"@id":"https:\/\/baranowscy.eu\/wordpress\/#\/schema\/logo\/image\/"},"sameAs":["https:\/\/www.facebook.com\/organiczni\/","https:\/\/www.instagram.com\/organiczni.eu\/"]},{"@type":"Person","@id":"https:\/\/baranowscy.eu\/wordpress\/#\/schema\/person\/741d5f1f3fd2833c5ca2ffdaaa93dc73","name":"joanna","image":{"@type":"ImageObject","inLanguage":"pl-PL","@id":"https:\/\/secure.gravatar.com\/avatar\/a59b1be4fa5d200ee0af0ba4bbcdb691da1d589b419bae23d7aa5a15d820e28e?s=96&d=identicon&r=g","url":"https:\/\/secure.gravatar.com\/avatar\/a59b1be4fa5d200ee0af0ba4bbcdb691da1d589b419bae23d7aa5a15d820e28e?s=96&d=identicon&r=g","contentUrl":"https:\/\/secure.gravatar.com\/avatar\/a59b1be4fa5d200ee0af0ba4bbcdb691da1d589b419bae23d7aa5a15d820e28e?s=96&d=identicon&r=g","caption":"joanna"},"sameAs":["https:\/\/organiczni.baranowscy.eu"],"url":"https:\/\/baranowscy.eu\/wordpress\/author\/admin\/"}]}},"jetpack_featured_media_url":"https:\/\/baranowscy.eu\/wordpress\/wp-content\/uploads\/2015\/12\/aIMG_3020.jpg","jetpack_sharing_enabled":true,"_links":{"self":[{"href":"https:\/\/baranowscy.eu\/wordpress\/wp-json\/wp\/v2\/posts\/4706","targetHints":{"allow":["GET"]}}],"collection":[{"href":"https:\/\/baranowscy.eu\/wordpress\/wp-json\/wp\/v2\/posts"}],"about":[{"href":"https:\/\/baranowscy.eu\/wordpress\/wp-json\/wp\/v2\/types\/post"}],"author":[{"embeddable":true,"href":"https:\/\/baranowscy.eu\/wordpress\/wp-json\/wp\/v2\/users\/1"}],"replies":[{"embeddable":true,"href":"https:\/\/baranowscy.eu\/wordpress\/wp-json\/wp\/v2\/comments?post=4706"}],"version-history":[{"count":8,"href":"https:\/\/baranowscy.eu\/wordpress\/wp-json\/wp\/v2\/posts\/4706\/revisions"}],"predecessor-version":[{"id":5869,"href":"https:\/\/baranowscy.eu\/wordpress\/wp-json\/wp\/v2\/posts\/4706\/revisions\/5869"}],"wp:featuredmedia":[{"embeddable":true,"href":"https:\/\/baranowscy.eu\/wordpress\/wp-json\/wp\/v2\/media\/4769"}],"wp:attachment":[{"href":"https:\/\/baranowscy.eu\/wordpress\/wp-json\/wp\/v2\/media?parent=4706"}],"wp:term":[{"taxonomy":"category","embeddable":true,"href":"https:\/\/baranowscy.eu\/wordpress\/wp-json\/wp\/v2\/categories?post=4706"},{"taxonomy":"post_tag","embeddable":true,"href":"https:\/\/baranowscy.eu\/wordpress\/wp-json\/wp\/v2\/tags?post=4706"}],"curies":[{"name":"wp","href":"https:\/\/api.w.org\/{rel}","templated":true}]}}