{"id":4465,"date":"2015-10-14T13:57:33","date_gmt":"2015-10-14T11:57:33","guid":{"rendered":"http:\/\/baranowscy.eu\/wordpress\/?p=4465"},"modified":"2015-10-14T13:57:33","modified_gmt":"2015-10-14T11:57:33","slug":"dni-alergii-i-nietolerancji-pokarmowej-2015","status":"publish","type":"post","link":"https:\/\/baranowscy.eu\/wordpress\/dni-alergii-i-nietolerancji-pokarmowej-2015\/","title":{"rendered":"Dni Alergii i Nietolerancji Pokarmowej 2015"},"content":{"rendered":"<p><strong>Dni Alergii i Nietolerancji Pokarmowej, kt\u00f3rych pierwsza edycja w zesz\u0142ym roku cieszy\u0142a si\u0119 tak du\u017cym zainteresowaniem, b\u0119d\u0105 mia\u0142y swoj\u0105 kontynuacj\u0119 w listopadzie 2015 r. <\/strong>Blog Organicznych, jako zaanga\u017cowany w tematy po\u015bwi\u0119cone alergii i zdrowemu od\u017cywianiu, r\u00f3wnie\u017c w tym roku obj\u0105\u0142 patronat medialny nad imprez\u0105.<\/p>\n<p><a href=\"https:\/\/baranowscy.eu\/wordpress\/wp-content\/uploads\/2015\/10\/DNI-2015-fb.png\"><img loading=\"lazy\" decoding=\"async\" class=\"aligncenter size-large wp-image-4466\" src=\"https:\/\/baranowscy.eu\/wordpress\/wp-content\/uploads\/2015\/10\/DNI-2015-fb-1024x902.png\" alt=\"DNI 2015 fb\" width=\"560\" height=\"493\" srcset=\"https:\/\/baranowscy.eu\/wordpress\/wp-content\/uploads\/2015\/10\/DNI-2015-fb-1024x902.png 1024w, https:\/\/baranowscy.eu\/wordpress\/wp-content\/uploads\/2015\/10\/DNI-2015-fb-300x264.png 300w, https:\/\/baranowscy.eu\/wordpress\/wp-content\/uploads\/2015\/10\/DNI-2015-fb-600x528.png 600w, https:\/\/baranowscy.eu\/wordpress\/wp-content\/uploads\/2015\/10\/DNI-2015-fb.png 1745w\" sizes=\"auto, (max-width: 560px) 100vw, 560px\" \/><\/a><\/p>\n<p><strong>Przeczytaj relacje z edycji 2014:<\/strong><\/p>\n<ul>\n<li><a href=\"https:\/\/baranowscy.eu\/wordpress\/dni-alergii-relacja-cz-1-diagnostyka\/\" target=\"_blank\">Relacja z Dni Alergii &#8211; diagnostyka<\/a><\/li>\n<li><a href=\"https:\/\/baranowscy.eu\/wordpress\/dni-alergii-relacja-cz-2-ciekawostki-zywieniowe\/\" target=\"_blank\">Relacja z Dni Alergii &#8211; ciekawostki \u017cywieniowe<\/a><\/li>\n<li><a href=\"https:\/\/baranowscy.eu\/wordpress\/dni-alergii-relacja-cz-3-dla-tych-wziewnych-i-tych-kontaktowych\/\" target=\"_blank\">Relacja z Dni Alergii &#8211; alergie wziewne i kontaktowe<\/a><\/li>\n<\/ul>\n<p><strong>Rezerwujcie czas na weekend 21-22 listopada, zw\u0142aszcza \u017ce b\u0119dziemy mie\u0107 dla Was wej\u015bci\u00f3wki!<\/strong><\/p>\n<p>Poni\u017cej notka prasowa organizatora. Zdj\u0119cia pochodz\u0105 z ubieg\u0142orocznej edycji Dni Alergii.<\/p>\n<p><strong>21\u201322 listopada 2015 r. na Stadionie Narodowym w Warszawie odb\u0119dzie si\u0119 druga edycja<\/strong><br \/>\n<strong>DNI ALERGII I NIETOLERANCJI POKARMOWEJ \u2013 wydarzenia dla wszystkich os\u00f3b chc\u0105cych \u017cy\u0107 zdrowo i \u015bwiadomie.<\/strong><!--more--><\/p>\n<p><a href=\"https:\/\/baranowscy.eu\/wordpress\/wp-content\/uploads\/2015\/10\/LOGO_Dni_PGE.png\"><img loading=\"lazy\" decoding=\"async\" class=\"aligncenter size-large wp-image-4426\" src=\"https:\/\/baranowscy.eu\/wordpress\/wp-content\/uploads\/2015\/10\/LOGO_Dni_PGE-1024x324.png\" alt=\"LOGO_Dni_PGE\" width=\"560\" height=\"177\" srcset=\"https:\/\/baranowscy.eu\/wordpress\/wp-content\/uploads\/2015\/10\/LOGO_Dni_PGE-1024x324.png 1024w, https:\/\/baranowscy.eu\/wordpress\/wp-content\/uploads\/2015\/10\/LOGO_Dni_PGE-300x95.png 300w, https:\/\/baranowscy.eu\/wordpress\/wp-content\/uploads\/2015\/10\/LOGO_Dni_PGE-600x190.png 600w, https:\/\/baranowscy.eu\/wordpress\/wp-content\/uploads\/2015\/10\/LOGO_Dni_PGE.png 1425w\" sizes=\"auto, (max-width: 560px) 100vw, 560px\" \/><\/a><\/p>\n<p>Po zesz\u0142orocznym sukcesie i ogromnym zainteresowaniu ze strony zwiedzaj\u0105cych organizatorzy Dni Alergii i Nietolerancji Pokarmowej w tym roku zapraszaj\u0105 na dwa razy wi\u0119ksze wydarzenie. Tak jak w roku ubieg\u0142ym jego za\u0142o\u017ceniem jest umo\u017cliwienie uczestnikom uzyskania kompleksowych informacji dotycz\u0105cych sposob\u00f3w zapobiegania i leczenia wszelkiego rodzaju alergii oraz nietolerancji pokarmowej, jak r\u00f3wnie\u017c zapoznanie si\u0119 z produktami i skorzystanie z promocyjnej oferty wystawc\u00f3w. Wydarzenie jest skierowane do wszystkich os\u00f3b, kt\u00f3re \u015bwiadomie podchodz\u0105 do swojego stylu \u017cycia i zdrowia.<\/p>\n<figure id=\"attachment_2952\" aria-describedby=\"caption-attachment-2952\" style=\"width: 640px\" class=\"wp-caption aligncenter\"><a href=\"https:\/\/baranowscy.eu\/wordpress\/wp-content\/uploads\/2014\/11\/da9.jpg\"><img loading=\"lazy\" decoding=\"async\" class=\"wp-image-2952 size-full\" src=\"https:\/\/baranowscy.eu\/wordpress\/wp-content\/uploads\/2014\/11\/da9.jpg\" alt=\"Stoiska Ekodrogerii i E!stilo.\" width=\"640\" height=\"427\" srcset=\"https:\/\/baranowscy.eu\/wordpress\/wp-content\/uploads\/2014\/11\/da9.jpg 640w, https:\/\/baranowscy.eu\/wordpress\/wp-content\/uploads\/2014\/11\/da9-300x200.jpg 300w, https:\/\/baranowscy.eu\/wordpress\/wp-content\/uploads\/2014\/11\/da9-600x400.jpg 600w\" sizes=\"auto, (max-width: 640px) 100vw, 640px\" \/><\/a><figcaption id=\"caption-attachment-2952\" class=\"wp-caption-text\">Stoiska Ekodrogerii i E!stilo.<\/figcaption><\/figure>\n<p>W tym roku przestrze\u0144 wystawowa zosta\u0142a podzielona na sektory, w kt\u00f3rych zwiedzaj\u0105cy b\u0119d\u0105 mogli spotka\u0107 si\u0119 z producentami i dystrybutorami produkt\u00f3w z nast\u0119puj\u0105cych obszar\u00f3w:<\/p>\n<ul>\n<li><strong>GLUTEN &amp; FREE FROM:\u00a0 <\/strong>\u017cywno\u015b\u0107 i napoje bez glutenu, bez laktozy i innych alergen\u00f3w<\/li>\n<li><strong>SKIN CARE:<\/strong>\u00a0 dermokosmetyki, kosmetyki piel\u0119gnacyjne, odzie\u017c specjalistyczna<\/li>\n<li><strong>HOME, HEALTH CARE&amp;MED:<\/strong>\u00a0 sprz\u0119t AGD i medyczny, \u015brodki czysto\u015bci, po\u015bciel, \u015brodki na roztocza, plac\u00f3wki medyczne, o\u015brodki wypoczynkowe<\/li>\n<li><strong>ECO &amp; ORGANIC &amp; VEGE:<\/strong>\u00a0 produkty naturalne, ekologiczne, organiczne oraz vege, strefa wyk\u0142ad\u00f3w EKO-NATURA, innowacyjny DOM HYBRYDOWY.<\/li>\n<\/ul>\n<figure id=\"attachment_2990\" aria-describedby=\"caption-attachment-2990\" style=\"width: 640px\" class=\"wp-caption aligncenter\"><a href=\"https:\/\/baranowscy.eu\/wordpress\/wp-content\/uploads\/2014\/11\/da32.jpg\"><img loading=\"lazy\" decoding=\"async\" class=\"size-full wp-image-2990\" src=\"https:\/\/baranowscy.eu\/wordpress\/wp-content\/uploads\/2014\/11\/da32.jpg\" alt=\"ChufaMix w akcji.\" width=\"640\" height=\"427\" srcset=\"https:\/\/baranowscy.eu\/wordpress\/wp-content\/uploads\/2014\/11\/da32.jpg 640w, https:\/\/baranowscy.eu\/wordpress\/wp-content\/uploads\/2014\/11\/da32-300x200.jpg 300w, https:\/\/baranowscy.eu\/wordpress\/wp-content\/uploads\/2014\/11\/da32-600x400.jpg 600w\" sizes=\"auto, (max-width: 640px) 100vw, 640px\" \/><\/a><figcaption id=\"caption-attachment-2990\" class=\"wp-caption-text\">ChufaMix w akcji.<\/figcaption><\/figure>\n<p>Opr\u00f3cz mo\u017cliwo\u015bci zrobienia zakup\u00f3w, czy poznania nowo\u015bci rynkowych, na uczestnik\u00f3w czeka te\u017c du\u017co innych atrakcji. B\u0119d\u0105 oni mogli wzi\u0105\u0107 udzia\u0142 w warsztatach i pokazach kulinarnych vege i bezglutenowych, wys\u0142uchaj\u0105 pasjonuj\u0105cych wyk\u0142ad\u00f3w, b\u0119d\u0105 mogli wzi\u0105\u0107 udzia\u0142 w dyskusjach i debatach, a tak\u017ce wygra\u0107 cenne nagrody w konkursie. Czytelnik\u00f3w zapraszamy te\u017c do spotkania z autorami popularnych tytu\u0142\u00f3w m.in. Katarzyn\u0105 Jankowsk\u0105, autork\u0105 bloga i serii ksi\u0105\u017cek \u201eMama Alergika Gotuje\u201d oraz autorkami ksi\u0105\u017cki \u201eKuchnia Polska bez Pszenicy\u201d.<\/p>\n<figure id=\"attachment_2956\" aria-describedby=\"caption-attachment-2956\" style=\"width: 640px\" class=\"wp-caption aligncenter\"><a href=\"https:\/\/baranowscy.eu\/wordpress\/wp-content\/uploads\/2014\/11\/da13.jpg\"><img loading=\"lazy\" decoding=\"async\" class=\"size-full wp-image-2956\" src=\"https:\/\/baranowscy.eu\/wordpress\/wp-content\/uploads\/2014\/11\/da13.jpg\" alt=\"Kasia Jankowska - MAG.\" width=\"640\" height=\"427\" srcset=\"https:\/\/baranowscy.eu\/wordpress\/wp-content\/uploads\/2014\/11\/da13.jpg 640w, https:\/\/baranowscy.eu\/wordpress\/wp-content\/uploads\/2014\/11\/da13-300x200.jpg 300w, https:\/\/baranowscy.eu\/wordpress\/wp-content\/uploads\/2014\/11\/da13-600x400.jpg 600w\" sizes=\"auto, (max-width: 640px) 100vw, 640px\" \/><\/a><figcaption id=\"caption-attachment-2956\" class=\"wp-caption-text\">Kasia Jankowska &#8211; MAG.<\/figcaption><\/figure>\n<p>\u201eNasz\u0105 ide\u0105 jest, by osoba, kt\u00f3ra odwiedzi Dni Alergii wysz\u0142a z nich nie tylko z torb\u0105 pe\u0142n\u0105 produkt\u00f3w, lecz tak\u017ce z g\u0142ow\u0105 pe\u0142n\u0105 inspiracji i niezb\u0119dnym pakietem wiedzy\u201d\u00a0 &#8211; przekonuj\u0105 organizatorzy.<\/p>\n<p>Na szczeg\u00f3ln\u0105 uwag\u0119 w tym roku zas\u0142uguje tu rozbudowany sektor ECO, kt\u00f3rego g\u0142\u00f3wn\u0105 atrakcj\u0105, poza stref\u0105 wyk\u0142adow\u0105 pod patronatem Hipoalergiczni.pl, b\u0119dzie stoisko Partnera Strategicznego targ\u00f3w \u2013 firmy Domy Hybrydowe, na kt\u00f3rym zostanie zaprezentowany projekt domu dla os\u00f3b o podwy\u017cszonych wymaganiach zdrowotnych.<\/p>\n<p>Poza tym wydarzenie wspiera grono znamienitych organizacji. W\u015br\u00f3d nich nale\u017cy wymieni\u0107 Polskie Stowarzyszenie Os\u00f3b z Celiaki\u0105 i na Diecie Bezglutenowej, Fundacj\u0119 Alabaster czy Fundacj\u0119 Pokona\u0107 Alergi\u0119, kt\u00f3re b\u0119d\u0105 przez dwa dni s\u0142u\u017cy\u0142y swoj\u0105 wiedz\u0105 i do\u015bwiadczeniem.<\/p>\n<figure id=\"attachment_2949\" aria-describedby=\"caption-attachment-2949\" style=\"width: 640px\" class=\"wp-caption aligncenter\"><a href=\"https:\/\/baranowscy.eu\/wordpress\/wp-content\/uploads\/2014\/11\/da6.jpg\"><img loading=\"lazy\" decoding=\"async\" class=\"size-full wp-image-2949\" src=\"https:\/\/baranowscy.eu\/wordpress\/wp-content\/uploads\/2014\/11\/da6.jpg\" alt=\"Kosmetyki Neutral.\" width=\"640\" height=\"427\" srcset=\"https:\/\/baranowscy.eu\/wordpress\/wp-content\/uploads\/2014\/11\/da6.jpg 640w, https:\/\/baranowscy.eu\/wordpress\/wp-content\/uploads\/2014\/11\/da6-300x200.jpg 300w, https:\/\/baranowscy.eu\/wordpress\/wp-content\/uploads\/2014\/11\/da6-600x400.jpg 600w\" sizes=\"auto, (max-width: 640px) 100vw, 640px\" \/><\/a><figcaption id=\"caption-attachment-2949\" class=\"wp-caption-text\">Kosmetyki Neutral.<\/figcaption><\/figure>\n<p>Dni Alergii to tak\u017ce grupa wyj\u0105tkowych sponsor\u00f3w, kt\u00f3rych zaanga\u017cowania nie mo\u017cna pomin\u0105\u0107. Ponownie spotkamy tu mark\u0119 Neutral, kt\u00f3ra wyst\u0119puje, tak jak w 2014 r., w roli sponsora strategicznego, firm\u0119 Robert Thomas \u2013 producenta odkurzaczy dla alergik\u00f3w, firm\u0119 Sch\u00e4r \u2013 producenta \u017cywno\u015bci bezglutenowej oraz firm\u0119 Welmax maj\u0105ca w swojej ofercie po\u015bciel dla alergik\u00f3w i sprz\u0119t czyszcz\u0105cy.<\/p>\n<p>Zapowiadaj\u0105 si\u0119 dwa bardzo intensywne i pe\u0142ne atrakcji dni. Zapraszamy gor\u0105co do wsp\u00f3\u0142tworzenia atmosfery tego wydarzenia.<\/p>\n<p><a href=\"http:\/\/www.dnialergii.pl\">www.dnialergii.pl<\/a><\/p>\n","protected":false},"excerpt":{"rendered":"<p>Dni Alergii i Nietolerancji Pokarmowej, kt\u00f3rych pierwsza edycja w zesz\u0142ym roku cieszy\u0142a si\u0119 tak du\u017cym zainteresowaniem, b\u0119d\u0105 mia\u0142y swoj\u0105 kontynuacj\u0119 w listopadzie 2015 r. Blog&hellip;<\/p>\n","protected":false},"author":1,"featured_media":4466,"comment_status":"open","ping_status":"open","sticky":false,"template":"","format":"standard","meta":{"_jetpack_memberships_contains_paid_content":false,"footnotes":""},"categories":[583,166],"tags":[1357,480,16,1351,853],"class_list":["post-4465","post","type-post","status-publish","format-standard","has-post-thumbnail","hentry","category-alergia-2","category-wydarzenia","tag-alergia","tag-dni-alergii","tag-nietolerancja-pokarmowa","tag-wydarzenia","tag-zapowiedz"],"yoast_head":"<!-- This site is optimized with the Yoast SEO plugin v27.5 - https:\/\/yoast.com\/product\/yoast-seo-wordpress\/ -->\n<title>Dni Alergii i Nietolerancji Pokarmowej 2015 - organiczni.eu<\/title>\n<meta name=\"robots\" content=\"index, follow, max-snippet:-1, max-image-preview:large, max-video-preview:-1\" \/>\n<link rel=\"canonical\" href=\"https:\/\/baranowscy.eu\/wordpress\/dni-alergii-i-nietolerancji-pokarmowej-2015\/\" \/>\n<meta property=\"og:locale\" content=\"pl_PL\" \/>\n<meta property=\"og:type\" content=\"article\" \/>\n<meta property=\"og:title\" content=\"Dni Alergii i Nietolerancji Pokarmowej 2015 - organiczni.eu\" \/>\n<meta property=\"og:description\" content=\"Dni Alergii i Nietolerancji Pokarmowej, kt\u00f3rych pierwsza edycja w zesz\u0142ym roku cieszy\u0142a si\u0119 tak du\u017cym zainteresowaniem, b\u0119d\u0105 mia\u0142y swoj\u0105 kontynuacj\u0119 w listopadzie 2015 r. Blog&hellip;\" \/>\n<meta property=\"og:url\" content=\"https:\/\/baranowscy.eu\/wordpress\/dni-alergii-i-nietolerancji-pokarmowej-2015\/\" \/>\n<meta property=\"og:site_name\" content=\"organiczni.eu\" \/>\n<meta property=\"article:publisher\" content=\"https:\/\/www.facebook.com\/organiczni\/\" \/>\n<meta property=\"article:published_time\" content=\"2015-10-14T11:57:33+00:00\" \/>\n<meta property=\"og:image\" content=\"https:\/\/baranowscy.eu\/wordpress\/wp-content\/uploads\/2015\/10\/DNI-2015-fb.png\" \/>\n\t<meta property=\"og:image:width\" content=\"1745\" \/>\n\t<meta property=\"og:image:height\" content=\"1537\" \/>\n\t<meta property=\"og:image:type\" content=\"image\/png\" \/>\n<meta name=\"author\" content=\"joanna\" \/>\n<meta name=\"twitter:card\" content=\"summary_large_image\" \/>\n<meta name=\"twitter:label1\" content=\"Napisane przez\" \/>\n\t<meta name=\"twitter:data1\" content=\"joanna\" \/>\n\t<meta name=\"twitter:label2\" content=\"Szacowany czas czytania\" \/>\n\t<meta name=\"twitter:data2\" content=\"3 minuty\" \/>\n<script type=\"application\/ld+json\" class=\"yoast-schema-graph\">{\"@context\":\"https:\\\/\\\/schema.org\",\"@graph\":[{\"@type\":\"Article\",\"@id\":\"https:\\\/\\\/baranowscy.eu\\\/wordpress\\\/dni-alergii-i-nietolerancji-pokarmowej-2015\\\/#article\",\"isPartOf\":{\"@id\":\"https:\\\/\\\/baranowscy.eu\\\/wordpress\\\/dni-alergii-i-nietolerancji-pokarmowej-2015\\\/\"},\"author\":{\"name\":\"joanna\",\"@id\":\"https:\\\/\\\/baranowscy.eu\\\/wordpress\\\/#\\\/schema\\\/person\\\/741d5f1f3fd2833c5ca2ffdaaa93dc73\"},\"headline\":\"Dni Alergii i Nietolerancji Pokarmowej 2015\",\"datePublished\":\"2015-10-14T11:57:33+00:00\",\"mainEntityOfPage\":{\"@id\":\"https:\\\/\\\/baranowscy.eu\\\/wordpress\\\/dni-alergii-i-nietolerancji-pokarmowej-2015\\\/\"},\"wordCount\":690,\"commentCount\":2,\"publisher\":{\"@id\":\"https:\\\/\\\/baranowscy.eu\\\/wordpress\\\/#organization\"},\"image\":{\"@id\":\"https:\\\/\\\/baranowscy.eu\\\/wordpress\\\/dni-alergii-i-nietolerancji-pokarmowej-2015\\\/#primaryimage\"},\"thumbnailUrl\":\"https:\\\/\\\/baranowscy.eu\\\/wordpress\\\/wp-content\\\/uploads\\\/2015\\\/10\\\/DNI-2015-fb.png\",\"keywords\":[\"alergia\",\"Dni Alergii\",\"nietolerancja pokarmowa\",\"wydarzenia\",\"zapowied\u017a\"],\"articleSection\":[\"alergia\",\"wydarzenia\"],\"inLanguage\":\"pl-PL\",\"potentialAction\":[{\"@type\":\"CommentAction\",\"name\":\"Comment\",\"target\":[\"https:\\\/\\\/baranowscy.eu\\\/wordpress\\\/dni-alergii-i-nietolerancji-pokarmowej-2015\\\/#respond\"]}]},{\"@type\":\"WebPage\",\"@id\":\"https:\\\/\\\/baranowscy.eu\\\/wordpress\\\/dni-alergii-i-nietolerancji-pokarmowej-2015\\\/\",\"url\":\"https:\\\/\\\/baranowscy.eu\\\/wordpress\\\/dni-alergii-i-nietolerancji-pokarmowej-2015\\\/\",\"name\":\"Dni Alergii i Nietolerancji Pokarmowej 2015 - organiczni.eu\",\"isPartOf\":{\"@id\":\"https:\\\/\\\/baranowscy.eu\\\/wordpress\\\/#website\"},\"primaryImageOfPage\":{\"@id\":\"https:\\\/\\\/baranowscy.eu\\\/wordpress\\\/dni-alergii-i-nietolerancji-pokarmowej-2015\\\/#primaryimage\"},\"image\":{\"@id\":\"https:\\\/\\\/baranowscy.eu\\\/wordpress\\\/dni-alergii-i-nietolerancji-pokarmowej-2015\\\/#primaryimage\"},\"thumbnailUrl\":\"https:\\\/\\\/baranowscy.eu\\\/wordpress\\\/wp-content\\\/uploads\\\/2015\\\/10\\\/DNI-2015-fb.png\",\"datePublished\":\"2015-10-14T11:57:33+00:00\",\"breadcrumb\":{\"@id\":\"https:\\\/\\\/baranowscy.eu\\\/wordpress\\\/dni-alergii-i-nietolerancji-pokarmowej-2015\\\/#breadcrumb\"},\"inLanguage\":\"pl-PL\",\"potentialAction\":[{\"@type\":\"ReadAction\",\"target\":[\"https:\\\/\\\/baranowscy.eu\\\/wordpress\\\/dni-alergii-i-nietolerancji-pokarmowej-2015\\\/\"]}]},{\"@type\":\"ImageObject\",\"inLanguage\":\"pl-PL\",\"@id\":\"https:\\\/\\\/baranowscy.eu\\\/wordpress\\\/dni-alergii-i-nietolerancji-pokarmowej-2015\\\/#primaryimage\",\"url\":\"https:\\\/\\\/baranowscy.eu\\\/wordpress\\\/wp-content\\\/uploads\\\/2015\\\/10\\\/DNI-2015-fb.png\",\"contentUrl\":\"https:\\\/\\\/baranowscy.eu\\\/wordpress\\\/wp-content\\\/uploads\\\/2015\\\/10\\\/DNI-2015-fb.png\",\"width\":1745,\"height\":1537},{\"@type\":\"BreadcrumbList\",\"@id\":\"https:\\\/\\\/baranowscy.eu\\\/wordpress\\\/dni-alergii-i-nietolerancji-pokarmowej-2015\\\/#breadcrumb\",\"itemListElement\":[{\"@type\":\"ListItem\",\"position\":1,\"name\":\"Strona g\u0142\u00f3wna\",\"item\":\"https:\\\/\\\/baranowscy.eu\\\/wordpress\\\/\"},{\"@type\":\"ListItem\",\"position\":2,\"name\":\"Dni Alergii i Nietolerancji Pokarmowej 2015\"}]},{\"@type\":\"WebSite\",\"@id\":\"https:\\\/\\\/baranowscy.eu\\\/wordpress\\\/#website\",\"url\":\"https:\\\/\\\/baranowscy.eu\\\/wordpress\\\/\",\"name\":\"organiczni.eu\",\"description\":\"Najbardziej wszechstronny blog ekologiczny\",\"publisher\":{\"@id\":\"https:\\\/\\\/baranowscy.eu\\\/wordpress\\\/#organization\"},\"potentialAction\":[{\"@type\":\"SearchAction\",\"target\":{\"@type\":\"EntryPoint\",\"urlTemplate\":\"https:\\\/\\\/baranowscy.eu\\\/wordpress\\\/?s={search_term_string}\"},\"query-input\":{\"@type\":\"PropertyValueSpecification\",\"valueRequired\":true,\"valueName\":\"search_term_string\"}}],\"inLanguage\":\"pl-PL\"},{\"@type\":\"Organization\",\"@id\":\"https:\\\/\\\/baranowscy.eu\\\/wordpress\\\/#organization\",\"name\":\"organiczni.eu\",\"url\":\"https:\\\/\\\/baranowscy.eu\\\/wordpress\\\/\",\"logo\":{\"@type\":\"ImageObject\",\"inLanguage\":\"pl-PL\",\"@id\":\"https:\\\/\\\/baranowscy.eu\\\/wordpress\\\/#\\\/schema\\\/logo\\\/image\\\/\",\"url\":\"https:\\\/\\\/baranowscy.eu\\\/wordpress\\\/wp-content\\\/uploads\\\/2018\\\/01\\\/logo_duze.png\",\"contentUrl\":\"https:\\\/\\\/baranowscy.eu\\\/wordpress\\\/wp-content\\\/uploads\\\/2018\\\/01\\\/logo_duze.png\",\"width\":1398,\"height\":300,\"caption\":\"organiczni.eu\"},\"image\":{\"@id\":\"https:\\\/\\\/baranowscy.eu\\\/wordpress\\\/#\\\/schema\\\/logo\\\/image\\\/\"},\"sameAs\":[\"https:\\\/\\\/www.facebook.com\\\/organiczni\\\/\",\"https:\\\/\\\/www.instagram.com\\\/organiczni.eu\\\/\"]},{\"@type\":\"Person\",\"@id\":\"https:\\\/\\\/baranowscy.eu\\\/wordpress\\\/#\\\/schema\\\/person\\\/741d5f1f3fd2833c5ca2ffdaaa93dc73\",\"name\":\"joanna\",\"image\":{\"@type\":\"ImageObject\",\"inLanguage\":\"pl-PL\",\"@id\":\"https:\\\/\\\/secure.gravatar.com\\\/avatar\\\/a59b1be4fa5d200ee0af0ba4bbcdb691da1d589b419bae23d7aa5a15d820e28e?s=96&d=identicon&r=g\",\"url\":\"https:\\\/\\\/secure.gravatar.com\\\/avatar\\\/a59b1be4fa5d200ee0af0ba4bbcdb691da1d589b419bae23d7aa5a15d820e28e?s=96&d=identicon&r=g\",\"contentUrl\":\"https:\\\/\\\/secure.gravatar.com\\\/avatar\\\/a59b1be4fa5d200ee0af0ba4bbcdb691da1d589b419bae23d7aa5a15d820e28e?s=96&d=identicon&r=g\",\"caption\":\"joanna\"},\"sameAs\":[\"https:\\\/\\\/organiczni.baranowscy.eu\"],\"url\":\"https:\\\/\\\/baranowscy.eu\\\/wordpress\\\/author\\\/admin\\\/\"}]}<\/script>\n<!-- \/ Yoast SEO plugin. -->","yoast_head_json":{"title":"Dni Alergii i Nietolerancji Pokarmowej 2015 - organiczni.eu","robots":{"index":"index","follow":"follow","max-snippet":"max-snippet:-1","max-image-preview":"max-image-preview:large","max-video-preview":"max-video-preview:-1"},"canonical":"https:\/\/baranowscy.eu\/wordpress\/dni-alergii-i-nietolerancji-pokarmowej-2015\/","og_locale":"pl_PL","og_type":"article","og_title":"Dni Alergii i Nietolerancji Pokarmowej 2015 - organiczni.eu","og_description":"Dni Alergii i Nietolerancji Pokarmowej, kt\u00f3rych pierwsza edycja w zesz\u0142ym roku cieszy\u0142a si\u0119 tak du\u017cym zainteresowaniem, b\u0119d\u0105 mia\u0142y swoj\u0105 kontynuacj\u0119 w listopadzie 2015 r. Blog&hellip;","og_url":"https:\/\/baranowscy.eu\/wordpress\/dni-alergii-i-nietolerancji-pokarmowej-2015\/","og_site_name":"organiczni.eu","article_publisher":"https:\/\/www.facebook.com\/organiczni\/","article_published_time":"2015-10-14T11:57:33+00:00","og_image":[{"width":1745,"height":1537,"url":"https:\/\/baranowscy.eu\/wordpress\/wp-content\/uploads\/2015\/10\/DNI-2015-fb.png","type":"image\/png"}],"author":"joanna","twitter_card":"summary_large_image","twitter_misc":{"Napisane przez":"joanna","Szacowany czas czytania":"3 minuty"},"schema":{"@context":"https:\/\/schema.org","@graph":[{"@type":"Article","@id":"https:\/\/baranowscy.eu\/wordpress\/dni-alergii-i-nietolerancji-pokarmowej-2015\/#article","isPartOf":{"@id":"https:\/\/baranowscy.eu\/wordpress\/dni-alergii-i-nietolerancji-pokarmowej-2015\/"},"author":{"name":"joanna","@id":"https:\/\/baranowscy.eu\/wordpress\/#\/schema\/person\/741d5f1f3fd2833c5ca2ffdaaa93dc73"},"headline":"Dni Alergii i Nietolerancji Pokarmowej 2015","datePublished":"2015-10-14T11:57:33+00:00","mainEntityOfPage":{"@id":"https:\/\/baranowscy.eu\/wordpress\/dni-alergii-i-nietolerancji-pokarmowej-2015\/"},"wordCount":690,"commentCount":2,"publisher":{"@id":"https:\/\/baranowscy.eu\/wordpress\/#organization"},"image":{"@id":"https:\/\/baranowscy.eu\/wordpress\/dni-alergii-i-nietolerancji-pokarmowej-2015\/#primaryimage"},"thumbnailUrl":"https:\/\/baranowscy.eu\/wordpress\/wp-content\/uploads\/2015\/10\/DNI-2015-fb.png","keywords":["alergia","Dni Alergii","nietolerancja pokarmowa","wydarzenia","zapowied\u017a"],"articleSection":["alergia","wydarzenia"],"inLanguage":"pl-PL","potentialAction":[{"@type":"CommentAction","name":"Comment","target":["https:\/\/baranowscy.eu\/wordpress\/dni-alergii-i-nietolerancji-pokarmowej-2015\/#respond"]}]},{"@type":"WebPage","@id":"https:\/\/baranowscy.eu\/wordpress\/dni-alergii-i-nietolerancji-pokarmowej-2015\/","url":"https:\/\/baranowscy.eu\/wordpress\/dni-alergii-i-nietolerancji-pokarmowej-2015\/","name":"Dni Alergii i Nietolerancji Pokarmowej 2015 - organiczni.eu","isPartOf":{"@id":"https:\/\/baranowscy.eu\/wordpress\/#website"},"primaryImageOfPage":{"@id":"https:\/\/baranowscy.eu\/wordpress\/dni-alergii-i-nietolerancji-pokarmowej-2015\/#primaryimage"},"image":{"@id":"https:\/\/baranowscy.eu\/wordpress\/dni-alergii-i-nietolerancji-pokarmowej-2015\/#primaryimage"},"thumbnailUrl":"https:\/\/baranowscy.eu\/wordpress\/wp-content\/uploads\/2015\/10\/DNI-2015-fb.png","datePublished":"2015-10-14T11:57:33+00:00","breadcrumb":{"@id":"https:\/\/baranowscy.eu\/wordpress\/dni-alergii-i-nietolerancji-pokarmowej-2015\/#breadcrumb"},"inLanguage":"pl-PL","potentialAction":[{"@type":"ReadAction","target":["https:\/\/baranowscy.eu\/wordpress\/dni-alergii-i-nietolerancji-pokarmowej-2015\/"]}]},{"@type":"ImageObject","inLanguage":"pl-PL","@id":"https:\/\/baranowscy.eu\/wordpress\/dni-alergii-i-nietolerancji-pokarmowej-2015\/#primaryimage","url":"https:\/\/baranowscy.eu\/wordpress\/wp-content\/uploads\/2015\/10\/DNI-2015-fb.png","contentUrl":"https:\/\/baranowscy.eu\/wordpress\/wp-content\/uploads\/2015\/10\/DNI-2015-fb.png","width":1745,"height":1537},{"@type":"BreadcrumbList","@id":"https:\/\/baranowscy.eu\/wordpress\/dni-alergii-i-nietolerancji-pokarmowej-2015\/#breadcrumb","itemListElement":[{"@type":"ListItem","position":1,"name":"Strona g\u0142\u00f3wna","item":"https:\/\/baranowscy.eu\/wordpress\/"},{"@type":"ListItem","position":2,"name":"Dni Alergii i Nietolerancji Pokarmowej 2015"}]},{"@type":"WebSite","@id":"https:\/\/baranowscy.eu\/wordpress\/#website","url":"https:\/\/baranowscy.eu\/wordpress\/","name":"organiczni.eu","description":"Najbardziej wszechstronny blog ekologiczny","publisher":{"@id":"https:\/\/baranowscy.eu\/wordpress\/#organization"},"potentialAction":[{"@type":"SearchAction","target":{"@type":"EntryPoint","urlTemplate":"https:\/\/baranowscy.eu\/wordpress\/?s={search_term_string}"},"query-input":{"@type":"PropertyValueSpecification","valueRequired":true,"valueName":"search_term_string"}}],"inLanguage":"pl-PL"},{"@type":"Organization","@id":"https:\/\/baranowscy.eu\/wordpress\/#organization","name":"organiczni.eu","url":"https:\/\/baranowscy.eu\/wordpress\/","logo":{"@type":"ImageObject","inLanguage":"pl-PL","@id":"https:\/\/baranowscy.eu\/wordpress\/#\/schema\/logo\/image\/","url":"https:\/\/baranowscy.eu\/wordpress\/wp-content\/uploads\/2018\/01\/logo_duze.png","contentUrl":"https:\/\/baranowscy.eu\/wordpress\/wp-content\/uploads\/2018\/01\/logo_duze.png","width":1398,"height":300,"caption":"organiczni.eu"},"image":{"@id":"https:\/\/baranowscy.eu\/wordpress\/#\/schema\/logo\/image\/"},"sameAs":["https:\/\/www.facebook.com\/organiczni\/","https:\/\/www.instagram.com\/organiczni.eu\/"]},{"@type":"Person","@id":"https:\/\/baranowscy.eu\/wordpress\/#\/schema\/person\/741d5f1f3fd2833c5ca2ffdaaa93dc73","name":"joanna","image":{"@type":"ImageObject","inLanguage":"pl-PL","@id":"https:\/\/secure.gravatar.com\/avatar\/a59b1be4fa5d200ee0af0ba4bbcdb691da1d589b419bae23d7aa5a15d820e28e?s=96&d=identicon&r=g","url":"https:\/\/secure.gravatar.com\/avatar\/a59b1be4fa5d200ee0af0ba4bbcdb691da1d589b419bae23d7aa5a15d820e28e?s=96&d=identicon&r=g","contentUrl":"https:\/\/secure.gravatar.com\/avatar\/a59b1be4fa5d200ee0af0ba4bbcdb691da1d589b419bae23d7aa5a15d820e28e?s=96&d=identicon&r=g","caption":"joanna"},"sameAs":["https:\/\/organiczni.baranowscy.eu"],"url":"https:\/\/baranowscy.eu\/wordpress\/author\/admin\/"}]}},"jetpack_featured_media_url":"https:\/\/baranowscy.eu\/wordpress\/wp-content\/uploads\/2015\/10\/DNI-2015-fb.png","jetpack_sharing_enabled":true,"_links":{"self":[{"href":"https:\/\/baranowscy.eu\/wordpress\/wp-json\/wp\/v2\/posts\/4465","targetHints":{"allow":["GET"]}}],"collection":[{"href":"https:\/\/baranowscy.eu\/wordpress\/wp-json\/wp\/v2\/posts"}],"about":[{"href":"https:\/\/baranowscy.eu\/wordpress\/wp-json\/wp\/v2\/types\/post"}],"author":[{"embeddable":true,"href":"https:\/\/baranowscy.eu\/wordpress\/wp-json\/wp\/v2\/users\/1"}],"replies":[{"embeddable":true,"href":"https:\/\/baranowscy.eu\/wordpress\/wp-json\/wp\/v2\/comments?post=4465"}],"version-history":[{"count":1,"href":"https:\/\/baranowscy.eu\/wordpress\/wp-json\/wp\/v2\/posts\/4465\/revisions"}],"predecessor-version":[{"id":4467,"href":"https:\/\/baranowscy.eu\/wordpress\/wp-json\/wp\/v2\/posts\/4465\/revisions\/4467"}],"wp:featuredmedia":[{"embeddable":true,"href":"https:\/\/baranowscy.eu\/wordpress\/wp-json\/wp\/v2\/media\/4466"}],"wp:attachment":[{"href":"https:\/\/baranowscy.eu\/wordpress\/wp-json\/wp\/v2\/media?parent=4465"}],"wp:term":[{"taxonomy":"category","embeddable":true,"href":"https:\/\/baranowscy.eu\/wordpress\/wp-json\/wp\/v2\/categories?post=4465"},{"taxonomy":"post_tag","embeddable":true,"href":"https:\/\/baranowscy.eu\/wordpress\/wp-json\/wp\/v2\/tags?post=4465"}],"curies":[{"name":"wp","href":"https:\/\/api.w.org\/{rel}","templated":true}]}}