{"id":4458,"date":"2015-11-06T08:07:28","date_gmt":"2015-11-06T07:07:28","guid":{"rendered":"http:\/\/baranowscy.eu\/wordpress\/?p=4458"},"modified":"2018-01-11T10:29:37","modified_gmt":"2018-01-11T09:29:37","slug":"pielegnacja-skory-z-azs-naturalne-mydla-w-kostce","status":"publish","type":"post","link":"https:\/\/baranowscy.eu\/wordpress\/pielegnacja-skory-z-azs-naturalne-mydla-w-kostce\/","title":{"rendered":"Piel\u0119gnacja sk\u00f3ry z AZS &#8211; naturalne myd\u0142a w kostce"},"content":{"rendered":"<p><strong>Nadszed\u0142 czas na kolejny odcinek po\u015bwi\u0119cony kosmetykom do mycia i k\u0105pieli dla os\u00f3b z atopowym zapaleniem sk\u00f3ry &#8211; tym razem wymieniam naturalne myd\u0142a w kostce.<\/strong><\/p>\n<p>Przeczytaj: <a href=\"https:\/\/baranowscy.eu\/wordpress\/prysznic-przy-azs-i-innych-problemach-skornych\/\">Prysznic przy AZS i innych problemach sk\u00f3rnych<\/a><\/p>\n<p><strong>Starali\u015bmy si\u0119 przetestowa\u0107 jak najwi\u0119cej kosmetyk\u00f3w, aby m\u00f3c napisa\u0107 kilka zda\u0144 od siebie. Bardzo dzi\u0119kujemy producentom i dystrybutorom za przes\u0142anie pr\u00f3bek. <\/strong><\/p>\n<p><strong>Je\u015bli macie sugestie, aby doda\u0107 co\u015b do spisu, napiszcie w komentarzach!<\/strong><\/p>\n<p><div class='dropshadowboxes-container ' style='width:640px;'>\r\n                            <div class='dropshadowboxes-drop-shadow dropshadowboxes-rounded-corners dropshadowboxes-lifted-both dropshadowboxes-effect-default' style=' border: 1px solid #dddddd; height:; background-color:#91b054;    '>\r\n                            <strong>Je\u015bli chcieliby Pa\u0144stwo, aby Pa\u0144stwa kosmetyk naturalny przeznaczony do mycia sk\u00f3ry z AZS znalaz\u0142 si\u0119 w poni\u017cszym spisie, <a href=\"https:\/\/baranowscy.eu\/wordpress\/19-revision-v1\/\" target=\"_blank\">zapraszamy do kontaktu<\/a>.\r\n                            <\/div>\r\n                        <\/div><\/strong><\/p>\n<p><a href=\"https:\/\/baranowscy.eu\/wordpress\/wp-content\/uploads\/2015\/10\/mydla_w_kostce_AZS.jpg\"><img loading=\"lazy\" decoding=\"async\" class=\"aligncenter wp-image-4552\" src=\"https:\/\/baranowscy.eu\/wordpress\/wp-content\/uploads\/2015\/10\/mydla_w_kostce_AZS.jpg\" alt=\"mydla_w_kostce_AZS\" width=\"640\" height=\"427\" srcset=\"https:\/\/baranowscy.eu\/wordpress\/wp-content\/uploads\/2015\/10\/mydla_w_kostce_AZS.jpg 1000w, https:\/\/baranowscy.eu\/wordpress\/wp-content\/uploads\/2015\/10\/mydla_w_kostce_AZS-300x200.jpg 300w, https:\/\/baranowscy.eu\/wordpress\/wp-content\/uploads\/2015\/10\/mydla_w_kostce_AZS-600x400.jpg 600w\" sizes=\"auto, (max-width: 640px) 100vw, 640px\" \/><\/a><!--more--><\/p>\n<p>Wpis nie jest przez nikogo sponsorowany, ceny s\u0105 z listopada 2015 r. Spis b\u0119dzie na pewno uaktualniany.<\/p>\n<p><div class='dropshadowboxes-container ' style='width:640px;'>\r\n                            <div class='dropshadowboxes-drop-shadow dropshadowboxes-rounded-corners dropshadowboxes-lifted-both dropshadowboxes-effect-default' style=' border: 1px solid #dddddd; height:; background-color:#fbe74d;    '>\r\n                            <strong>Poni\u017csza lista wymienia\u00a0myd\u0142a do sk\u00f3ry atopowej i alergicznej, w kt\u00f3rych sk\u0142adzie nie znajdziecie:<\/strong><\/p>\n<ul>\n<li><strong>parafiny<\/strong> (przeczytaj: <a href=\"https:\/\/baranowscy.eu\/wordpress\/parafina-w-kosmetykach-dlaczego-nie\/\" target=\"_blank\">Parafina w kosmetykach \u2013 dlaczego nie?<\/a>),<\/li>\n<li><strong>PEG-\u00f3w<\/strong> (Przeczytaj: <a href=\"https:\/\/baranowscy.eu\/wordpress\/peg-ippg-i-w-kosmetykach-dlaczego-nie\/\">PEG-i\/PPG-i w kosmetykach &#8211; dlaczego nie?<\/a>),<\/li>\n<li><strong>SLS i innych silikon\u00f3w<\/strong> (dzia\u0142aj\u0105cych bardzo wysuszaj\u0105co),<\/li>\n<li><strong>paraben\u00f3w<\/strong> (kontrowersyjnych konserwant\u00f3w).\r\n                            <\/div>\r\n                        <\/div><\/li>\n<\/ul>\n<p>Sk\u0142adniki w kosmetykach naturalnych powinny by\u0107 pochodzenia naturalnego (g\u0142\u00f3wnie ro\u015blinnego, czasem zdarzaj\u0105 si\u0119 sk\u0142adniki pochodzenia zwierz\u0119cego, takie jak jedwab, serwatka, wosk pszczeli itp.). Kosmetyki nie s\u0105 testowane na zwierz\u0119tach.<\/p>\n<p><strong>Przeczytaj tak\u017ce:<\/strong><\/p>\n<ul>\n<li><a href=\"https:\/\/baranowscy.eu\/wordpress\/dermokosmetyki-dla-skory-z-azs-1-kapiel-i-prysznic-bez-parafiny\/\">Dermosmetyki do sk\u00f3ry z AZS &#8211; k\u0105piel i prysznic bez parafiny<\/a><\/li>\n<li><a href=\"https:\/\/baranowscy.eu\/wordpress\/dermokosmetyki-do-skory-z-azs-kapiel-i-prysznic-z-parafina\/\">Dermosmetyki do sk\u00f3ry z AZS &#8211; k\u0105piel i prysznic, z parafin\u0105<\/a><\/li>\n<li><a href=\"https:\/\/baranowscy.eu\/wordpress\/kosmetyki-naturalne-dla-skory-z-azs-kapiel-i-prysznic\/\">Kosmetyki naturalne dla sk\u00f3ry z AZS \u2013 k\u0105piel i prysznic<\/a><\/li>\n<\/ul>\n<p>Kosmetyki naturalne to jest to, co lubi\u0119 najbardziej. Cho\u0107 zdaj\u0119 sobie spraw\u0119, \u017ce ich sk\u0142adniki mog\u0105 uczuli\u0107, odpowiednio dobrane myd\u0142o jest\u00a0wed\u0142ug mnie niezast\u0105pione w walce z objawami AZS. <strong>W myd\u0142ach kostkowych ceni\u0119 wygod\u0119 ich u\u017cycia oraz uniwersalno\u015b\u0107<\/strong> \u2013 znakomicie umyj\u0105 ka\u017cd\u0105 cz\u0119\u015b\u0107 cia\u0142a, nawet w\u0142osy. Okre\u015blone sk\u0142adniki, np. olej laurowy, maj\u0105 dzia\u0142anie przeciw\u015bwi\u0105dowe.<\/p>\n<p><strong>Aby najlepiej dobra\u0107 sw\u00f3j zestaw do mycia, warto najpierw spr\u00f3bowa\u0107 r\u00f3\u017cnych myde\u0142.<\/strong> Polecam te\u017c zgromadzenie w domu kilka r\u00f3\u017cnych produkt\u00f3w o r\u00f3\u017cnej mocy dzia\u0142ania, aby przekona\u0107 si\u0119, kt\u00f3re kosmetyki lepiej sprawdz\u0105 si\u0119 w okresie wyciszonych zmian atopowych, a kt\u00f3re podczas silnego zaognienia.<\/p>\n<p><strong>Zaczynamy zawsze od kosmetyk\u00f3w naj\u0142agodniejszych<\/strong> \u2013 myd\u0142a w kostce bywaj\u0105 bardzo silnie oczyszczaj\u0105ce. Gdy zmiany atopowe s\u0105 bardzo zaostrzone, warto pr\u00f3bowa\u0107 naprzemiennych k\u0105pieli w olejkach i szybkiej piel\u0119gnacji pod prysznicem z dobrze dobranym myd\u0142em. K\u0105piel pomo\u017ce odbudowa\u0107 barier\u0119 lipidow\u0105 sk\u00f3ry, a myd\u0142o zadzia\u0142a antyseptycznie i zapobiegnie rozwojowi bakterii czy grzyb\u00f3w na uszkodzonej tkance sk\u00f3rnej.<\/p>\n<p><strong>W przygotowaniu: Naturalne olejki do k\u0105pieli dla atopowc\u00f3w.<\/strong><\/p>\n<h1><strong>Naturalne myd\u0142a w kostce<\/strong><\/h1>\n<h2><strong>Aleppo 5% i 12\u201315%<\/strong><\/h2>\n<p><strong>Gdzie kupi\u0107:<\/strong>\u00a0<a href=\"http:\/\/www.organique.pl\/sklep\/kosmetyki\/twarz\/mydla-naturalne\/mydlo-aleppo-5-8-8385\/\" target=\"_blank\">Organique, 5-8%<\/a>\u00a0i\u00a0<a href=\"http:\/\/www.organique.pl\/sklep\/kosmetyki\/twarz\/mydla-naturalne\/mydlo-aleppo-12-15-3304\/\" target=\"_blank\">Organique, 12-15%<\/a><\/p>\n<figure id=\"attachment_4355\" aria-describedby=\"caption-attachment-4355\" style=\"width: 640px\" class=\"wp-caption aligncenter\"><a href=\"https:\/\/baranowscy.eu\/wordpress\/wp-content\/uploads\/2015\/09\/aleppo_organique.jpg\"><img loading=\"lazy\" decoding=\"async\" class=\"wp-image-4355 size-full\" src=\"https:\/\/baranowscy.eu\/wordpress\/wp-content\/uploads\/2015\/09\/aleppo_organique.jpg\" alt=\"Myd\u0142o Aleppo Organique\" width=\"640\" height=\"426\" srcset=\"https:\/\/baranowscy.eu\/wordpress\/wp-content\/uploads\/2015\/09\/aleppo_organique.jpg 640w, https:\/\/baranowscy.eu\/wordpress\/wp-content\/uploads\/2015\/09\/aleppo_organique-300x200.jpg 300w, https:\/\/baranowscy.eu\/wordpress\/wp-content\/uploads\/2015\/09\/aleppo_organique-600x399.jpg 600w\" sizes=\"auto, (max-width: 640px) 100vw, 640px\" \/><\/a><figcaption id=\"caption-attachment-4355\" class=\"wp-caption-text\">Myd\u0142o Aleppo Organique<\/figcaption><\/figure>\n<p><strong>Cena:<\/strong> oko\u0142o 15 z\u0142 za 100 g<\/p>\n<p><strong>Co wyr\u00f3\u017cnia produkt:<\/strong><\/p>\n<ul>\n<li>tradycyjne myd\u0142o, wyrabiane r\u0119cznie wed\u0142ug wielowiekowej receptury na bazie oliwy z oliwek i oleju laurowego,<\/li>\n<li>zawiera tylko cztery naturalne sk\u0142adniki, pozyskiwane w tradycyjny spos\u00f3b,<\/li>\n<li>oryginalne myd\u0142o jest produkowane w Syrii,<\/li>\n<li>jest wega\u0144skie,<\/li>\n<li>nawil\u017ca i regeneruje sk\u00f3r\u0119,<\/li>\n<li>dzia\u0142a przeciw\u015bwi\u0105dowo,<\/li>\n<li>ma dzia\u0142anie antyseptyczne,<\/li>\n<li>mo\u017ce zast\u0105pi\u0107 szampon i \u017cel do golenia,<\/li>\n<li>bez kompozycji zapachowych, barwnik\u00f3w, konserwant\u00f3w, sk\u0142adnik\u00f3w pochodzenia zwierz\u0119cego.<\/li>\n<\/ul>\n<figure id=\"attachment_4537\" aria-describedby=\"caption-attachment-4537\" style=\"width: 640px\" class=\"wp-caption aligncenter\"><a href=\"https:\/\/baranowscy.eu\/wordpress\/wp-content\/uploads\/2015\/10\/mydlo_aleppo_organique_1.jpg\"><img loading=\"lazy\" decoding=\"async\" class=\"wp-image-4537 size-full\" src=\"https:\/\/baranowscy.eu\/wordpress\/wp-content\/uploads\/2015\/10\/mydlo_aleppo_organique_1.jpg\" alt=\"Myd\u0142o Aleppo Organique\" width=\"640\" height=\"426\" srcset=\"https:\/\/baranowscy.eu\/wordpress\/wp-content\/uploads\/2015\/10\/mydlo_aleppo_organique_1.jpg 640w, https:\/\/baranowscy.eu\/wordpress\/wp-content\/uploads\/2015\/10\/mydlo_aleppo_organique_1-300x200.jpg 300w, https:\/\/baranowscy.eu\/wordpress\/wp-content\/uploads\/2015\/10\/mydlo_aleppo_organique_1-600x399.jpg 600w\" sizes=\"auto, (max-width: 640px) 100vw, 640px\" \/><\/a><figcaption id=\"caption-attachment-4537\" class=\"wp-caption-text\">Myd\u0142o Aleppo Organique<\/figcaption><\/figure>\n<p><strong>Wskazania: <\/strong>sk\u00f3ra z problemami takimi jak \u0142uszczyca, AZS, podra\u017cnienia, tr\u0105dzik, stany zapalne, przesuszenie. Im wy\u017csza zawarto\u015b\u0107 oleju laurowego, tym mocniejsze dzia\u0142anie antyseptyczne i \u015bci\u0105gaj\u0105ce (<a href=\"https:\/\/baranowscy.eu\/wordpress\/mydlo-aleppo-mydlo-ktorego-nie-bedzie\/\" target=\"_blank\">wi\u0119cej o tym przeczytasz tu<\/a>).<\/p>\n<div class='dropshadowboxes-container ' style='width:640px;'>\r\n                            <div class='dropshadowboxes-drop-shadow dropshadowboxes-rounded-corners dropshadowboxes-lifted-both dropshadowboxes-effect-default' style=' border: 1px solid #dddddd; height:; background-color:#fbe74d;    '>\r\n                            <strong>Sk\u0142ad:\u00a0<\/strong><em>Olea europeae (olive) oil, laurus nobilis oil, aqua, sodium hydroxide.<\/em>\r\n                            <\/div>\r\n                        <\/div>\n<figure id=\"attachment_4538\" aria-describedby=\"caption-attachment-4538\" style=\"width: 640px\" class=\"wp-caption aligncenter\"><a href=\"https:\/\/baranowscy.eu\/wordpress\/wp-content\/uploads\/2015\/10\/mydlo_aleppo_organique_21.jpg\"><img loading=\"lazy\" decoding=\"async\" class=\"wp-image-4538 size-full\" src=\"https:\/\/baranowscy.eu\/wordpress\/wp-content\/uploads\/2015\/10\/mydlo_aleppo_organique_21.jpg\" alt=\"Myd\u0142o Aleppo Organique\" width=\"640\" height=\"426\" srcset=\"https:\/\/baranowscy.eu\/wordpress\/wp-content\/uploads\/2015\/10\/mydlo_aleppo_organique_21.jpg 640w, https:\/\/baranowscy.eu\/wordpress\/wp-content\/uploads\/2015\/10\/mydlo_aleppo_organique_21-300x200.jpg 300w, https:\/\/baranowscy.eu\/wordpress\/wp-content\/uploads\/2015\/10\/mydlo_aleppo_organique_21-600x399.jpg 600w\" sizes=\"auto, (max-width: 640px) 100vw, 640px\" \/><\/a><figcaption id=\"caption-attachment-4538\" class=\"wp-caption-text\">Myd\u0142o Aleppo Organique<\/figcaption><\/figure>\n<p><strong><div class='dropshadowboxes-container ' style='width:640px;'>\r\n                            <div class='dropshadowboxes-drop-shadow dropshadowboxes-rounded-corners dropshadowboxes-lifted-both dropshadowboxes-effect-default' style=' border: 1px solid #dddddd; height:; background-color:#91b054;    '>\r\n                            Komentarz Organicznych:\u00a0<\/strong>Podstawowy kosmetyk ka\u017cdego atopowca. Niestety, wojna w Syrii znacznie utrudni\u0142a zakup prawdziwego myd\u0142a z Aleppo, dlatego je\u015bli b\u0119dziecie zaopatrywa\u0107 si\u0119 w nie teraz, koniecznie przeczytajcie sk\u0142ad oraz kraj pochodzenia. Sk\u0142adniki powinny by\u0107 cztery, ewentualnie myd\u0142o mo\u017ce by\u0107 wzbogacone czarnuszk\u0105. Myd\u0142o Aleppo nie zawiera gliceryny!\r\n                            <\/div>\r\n                        <\/div><\/p>\n<p><a href=\"https:\/\/baranowscy.eu\/wordpress\/mydlo-aleppo-mydlo-ktorego-nie-bedzie\/\" target=\"_blank\">Wi\u0119cej o mydle Aleppo pisa\u0142am tutaj.<\/a><\/p>\n<h2>Bio-D z organicznym olejem konopnym<\/h2>\n<p><a href=\"http:\/\/www.eko-dystrybutor.pl\" target=\"_blank\">www.eko-dystrybutor.pl<\/a><\/p>\n<p><strong>Gdzie kupi\u0107: <\/strong>BetterLand,\u00a0<a href=\"https:\/\/www.drogeria-ekologiczna.pl\/mydla-i-pianki-antybakteryjne\/5914-mydlo-z-organicznym-olejkiem-konopnym-delikatne-nawilzajace-90-g-bio-d.html\" target=\"_blank\">zwyk\u0142e<\/a>, <a href=\"https:\/\/www.drogeria-ekologiczna.pl\/mydla-i-pianki-antybakteryjne\/5916-mydlo-z-organicznym-olejkiem-konopnym-z-dodatkiem-otrebow-delikatne-nawilzajace-90-g-bio-d.html\" target=\"_blank\">z otr\u0119bami<\/a><\/p>\n<figure id=\"attachment_6019\" aria-describedby=\"caption-attachment-6019\" style=\"width: 640px\" class=\"wp-caption aligncenter\"><a href=\"https:\/\/baranowscy.eu\/wordpress\/wp-content\/uploads\/2015\/11\/mydla_bio-d_1.jpg\"><img loading=\"lazy\" decoding=\"async\" class=\"size-full wp-image-6019\" src=\"https:\/\/baranowscy.eu\/wordpress\/wp-content\/uploads\/2015\/11\/mydla_bio-d_1.jpg\" alt=\"Myd\u0142a Bio-D z olejem konopnym\" width=\"640\" height=\"427\" srcset=\"https:\/\/baranowscy.eu\/wordpress\/wp-content\/uploads\/2015\/11\/mydla_bio-d_1.jpg 640w, https:\/\/baranowscy.eu\/wordpress\/wp-content\/uploads\/2015\/11\/mydla_bio-d_1-300x200.jpg 300w, https:\/\/baranowscy.eu\/wordpress\/wp-content\/uploads\/2015\/11\/mydla_bio-d_1-600x400.jpg 600w\" sizes=\"auto, (max-width: 640px) 100vw, 640px\" \/><\/a><figcaption id=\"caption-attachment-6019\" class=\"wp-caption-text\">Myd\u0142a Bio-D z olejem konopnym<\/figcaption><\/figure>\n<p><strong>Cena:<\/strong> 9,89 z\u0142 za 90 g<\/p>\n<p><strong>Co wyr\u00f3\u017cnia produkt:<\/strong><\/p>\n<ul>\n<li>myd\u0142a zawieraj\u0105 <strong>organiczny<\/strong>\u00a0<strong>olej z nasion konopi<\/strong>, kt\u00f3ry dzia\u0142a \u0142agodz\u0105co i piel\u0119gnuj\u0105co,<\/li>\n<li>wersja z dodatkiem <strong>otr\u0105b<\/strong> delikatnie oczyszcza i wyg\u0142adza sk\u00f3r\u0119,<\/li>\n<li>robione s\u0105 r\u0119cznie z u\u017cyciem <strong>energooszcz\u0119dnej metody zimnej saponifikacji<\/strong>,<\/li>\n<li>nie zawieraj\u0105 dodatk\u00f3w zapach\u00f3w ani barwnik\u00f3w,<\/li>\n<li>produkt wega\u0144ski.<\/li>\n<\/ul>\n<figure id=\"attachment_6020\" aria-describedby=\"caption-attachment-6020\" style=\"width: 640px\" class=\"wp-caption aligncenter\"><a href=\"https:\/\/baranowscy.eu\/wordpress\/wp-content\/uploads\/2015\/11\/mydla_bio-d_2.jpg\"><img loading=\"lazy\" decoding=\"async\" class=\"size-full wp-image-6020\" src=\"https:\/\/baranowscy.eu\/wordpress\/wp-content\/uploads\/2015\/11\/mydla_bio-d_2.jpg\" alt=\"Myd\u0142a Bio-D z olejem konopnym\" width=\"640\" height=\"427\" srcset=\"https:\/\/baranowscy.eu\/wordpress\/wp-content\/uploads\/2015\/11\/mydla_bio-d_2.jpg 640w, https:\/\/baranowscy.eu\/wordpress\/wp-content\/uploads\/2015\/11\/mydla_bio-d_2-300x200.jpg 300w, https:\/\/baranowscy.eu\/wordpress\/wp-content\/uploads\/2015\/11\/mydla_bio-d_2-600x400.jpg 600w\" sizes=\"auto, (max-width: 640px) 100vw, 640px\" \/><\/a><figcaption id=\"caption-attachment-6020\" class=\"wp-caption-text\">Myd\u0142a Bio-D z olejem konopnym<\/figcaption><\/figure>\n<p><strong>Wskazania:<\/strong>\u00a0Myd\u0142a s\u0105\u00a0przeznaczone do mycia i piel\u0119gnacji sk\u00f3ry wra\u017cliwej i delikatnej.<\/p>\n<div class='dropshadowboxes-container ' style='width:640px;'>\r\n                            <div class='dropshadowboxes-drop-shadow dropshadowboxes-rounded-corners dropshadowboxes-lifted-both dropshadowboxes-effect-default' style=' border: 1px solid #dddddd; height:; background-color:#fbe74d;    '>\r\n                            <strong>Sk\u0142ad (myd\u0142o bez otr\u0105b):\u00a0<\/strong><em>sodium cocoate, sodium olivate, aqua, canabis sativa (hemp) oil, butyrospermum parkii (shea) butter, oatbran fragrance<\/em><\/p>\n<p><strong>Sk\u0142ad (myd\u0142o z otr\u0119bami):\u00a0<\/strong><em>sodium cocoate, sodium olivate, aqua, canabis sativa (hemp) oil,\u00a0butyrospermum parkii (shea) butter, canabis sativa (hemp) bran, oatbran fragrance<\/em>\r\n                            <\/div>\r\n                        <\/div>\n<figure id=\"attachment_6022\" aria-describedby=\"caption-attachment-6022\" style=\"width: 640px\" class=\"wp-caption aligncenter\"><a href=\"https:\/\/baranowscy.eu\/wordpress\/wp-content\/uploads\/2015\/11\/mydla_Bio-D_3.jpg\"><img loading=\"lazy\" decoding=\"async\" class=\"size-full wp-image-6022\" src=\"https:\/\/baranowscy.eu\/wordpress\/wp-content\/uploads\/2015\/11\/mydla_Bio-D_3.jpg\" alt=\"Myd\u0142a Bio-D z olejem konopnym\" width=\"640\" height=\"427\" srcset=\"https:\/\/baranowscy.eu\/wordpress\/wp-content\/uploads\/2015\/11\/mydla_Bio-D_3.jpg 640w, https:\/\/baranowscy.eu\/wordpress\/wp-content\/uploads\/2015\/11\/mydla_Bio-D_3-300x200.jpg 300w, https:\/\/baranowscy.eu\/wordpress\/wp-content\/uploads\/2015\/11\/mydla_Bio-D_3-600x400.jpg 600w\" sizes=\"auto, (max-width: 640px) 100vw, 640px\" \/><\/a><figcaption id=\"caption-attachment-6022\" class=\"wp-caption-text\">Myd\u0142a Bio-D z olejem konopnym<\/figcaption><\/figure>\n<p><strong><div class='dropshadowboxes-container ' style='width:640px;'>\r\n                            <div class='dropshadowboxes-drop-shadow dropshadowboxes-rounded-corners dropshadowboxes-lifted-both dropshadowboxes-effect-default' style=' border: 1px solid #dddddd; height:; background-color:#91b054;    '>\r\n                            Komentarz Organicznych:\u00a0<\/strong>Bardzo delikatne, bezzapachowe myd\u0142a, kt\u00f3re dzia\u0142aj\u0105 jak regeneruj\u0105cy\u00a0balsam dla sk\u00f3ry. Natychmiast czuje si\u0119 ich \u0142agodz\u0105ce i nawil\u017caj\u0105ce dzia\u0142anie.<\/p>\n<p>Wersj\u0119 z otr\u0119bami polecam jednak osobom o nieco mniej wra\u017cliwej sk\u00f3rze &#8211; nie mog\u0142am my\u0107 tym myd\u0142em \u0142ydek i podudzi, gdzie mam najwra\u017cliwsz\u0105 sk\u00f3r\u0119, najbardziej podatn\u0105 na podra\u017cnienia. Co ciekawe, producent zmieni\u0142 sk\u0142ad i myd\u0142a nie zawieraj\u0105 ju\u017c oleju palmowego.<strong>\r\n                            <\/div>\r\n                        <\/div><\/strong><\/p>\n<h2>Czarne myd\u0142o afryka\u0144skie Esent<\/h2>\n<p><a href=\"http:\/\/esent.pl\/\">http:\/\/esent.pl\/<\/a><\/p>\n<figure id=\"attachment_4515\" aria-describedby=\"caption-attachment-4515\" style=\"width: 640px\" class=\"wp-caption aligncenter\"><a href=\"https:\/\/baranowscy.eu\/wordpress\/wp-content\/uploads\/2015\/10\/czarne_mydlo_afrykanskie_1.jpg\"><img loading=\"lazy\" decoding=\"async\" class=\"wp-image-4515 size-full\" src=\"https:\/\/baranowscy.eu\/wordpress\/wp-content\/uploads\/2015\/10\/czarne_mydlo_afrykanskie_1.jpg\" alt=\"Czarne myd\u0142o afryka\u0144skie\" width=\"640\" height=\"427\" srcset=\"https:\/\/baranowscy.eu\/wordpress\/wp-content\/uploads\/2015\/10\/czarne_mydlo_afrykanskie_1.jpg 640w, https:\/\/baranowscy.eu\/wordpress\/wp-content\/uploads\/2015\/10\/czarne_mydlo_afrykanskie_1-300x200.jpg 300w, https:\/\/baranowscy.eu\/wordpress\/wp-content\/uploads\/2015\/10\/czarne_mydlo_afrykanskie_1-600x400.jpg 600w\" sizes=\"auto, (max-width: 640px) 100vw, 640px\" \/><\/a><figcaption id=\"caption-attachment-4515\" class=\"wp-caption-text\">Czarne myd\u0142o afryka\u0144skie<\/figcaption><\/figure>\n<p><strong>Gdzie kupi\u0107:<\/strong> <a href=\"http:\/\/www.drogeria-ekologiczna.pl\/do-rak-i-stop-\/1991-czarne-mydlo-afrykanskie-100-g-esent-wlasciwosci-bakteriobojcze-i-lecznicze.html\" target=\"_blank\">Drogeria Ekologiczna<\/a><\/p>\n<p><strong>Cena:<\/strong> 19,89 z\u0142 za 100 g<\/p>\n<p><strong>Co wyr\u00f3\u017cnia produkt:<\/strong><\/p>\n<ul>\n<li>zawiera mas\u0142o shea, olej z olejowca gwinejskiego (olej palmowy), olej kokosowy, str\u0105ki kakaowca,<\/li>\n<li>w\u0142a\u015bciwo\u015bci bakteriob\u00f3jcze i lecznicze,<\/li>\n<li>pomaga w walce z tr\u0105dzikiem,<\/li>\n<li>jest plastyczne \u2013 mo\u017cna je ugniata\u0107, dzieli\u0107 i zlepia\u0107 na nowo,<\/li>\n<li>nadaje si\u0119 do mycia cia\u0142a, twarzy i sk\u00f3ry g\u0142owy,<\/li>\n<li>rozpuszczone w wodzie i rozmieszane np. mikserem mo\u017ce zmieni\u0107 si\u0119 w myd\u0142o w p\u0142ynie.<\/li>\n<\/ul>\n<p><strong>Wskazania:\u00a0<\/strong>Piel\u0119gnacja sk\u00f3ry wra\u017cliwej, atopowej, z tr\u0105dzikiem. Myd\u0142o nale\u017cy przechowywa\u0107 w suchym i ciemnym miejscu \u2013 do mycia odkrawa\u0107 taki kawa\u0142ek, jaki zu\u017cyjemy.<\/p>\n<figure id=\"attachment_4540\" aria-describedby=\"caption-attachment-4540\" style=\"width: 640px\" class=\"wp-caption aligncenter\"><a href=\"https:\/\/baranowscy.eu\/wordpress\/wp-content\/uploads\/2015\/10\/czarne_mydlo_afrykanskie_0.jpg\"><img loading=\"lazy\" decoding=\"async\" class=\"wp-image-4540 size-full\" src=\"https:\/\/baranowscy.eu\/wordpress\/wp-content\/uploads\/2015\/10\/czarne_mydlo_afrykanskie_0.jpg\" alt=\"Czarne myd\u0142o afryka\u0144skie\" width=\"640\" height=\"427\" srcset=\"https:\/\/baranowscy.eu\/wordpress\/wp-content\/uploads\/2015\/10\/czarne_mydlo_afrykanskie_0.jpg 640w, https:\/\/baranowscy.eu\/wordpress\/wp-content\/uploads\/2015\/10\/czarne_mydlo_afrykanskie_0-300x200.jpg 300w, https:\/\/baranowscy.eu\/wordpress\/wp-content\/uploads\/2015\/10\/czarne_mydlo_afrykanskie_0-600x400.jpg 600w\" sizes=\"auto, (max-width: 640px) 100vw, 640px\" \/><\/a><figcaption id=\"caption-attachment-4540\" class=\"wp-caption-text\">Czarne myd\u0142o afryka\u0144skie<\/figcaption><\/figure>\n<div class='dropshadowboxes-container ' style='width:640px;'>\r\n                            <div class='dropshadowboxes-drop-shadow dropshadowboxes-rounded-corners dropshadowboxes-lifted-both dropshadowboxes-effect-default' style=' border: 1px solid #dddddd; height:; background-color:#fbe74d;    '>\r\n                            <strong>Sk\u0142ad:<\/strong> <em>butyrospermum parkii butter, elaeis guineensis oil, cocos nucifera oil, theobroma cacao ash<\/em>\r\n                            <\/div>\r\n                        <\/div>\n<figure id=\"attachment_4541\" aria-describedby=\"caption-attachment-4541\" style=\"width: 640px\" class=\"wp-caption aligncenter\"><a href=\"https:\/\/baranowscy.eu\/wordpress\/wp-content\/uploads\/2015\/10\/czarne_mydlo_afrykanskie_2.jpg\"><img loading=\"lazy\" decoding=\"async\" class=\"wp-image-4541 size-full\" src=\"https:\/\/baranowscy.eu\/wordpress\/wp-content\/uploads\/2015\/10\/czarne_mydlo_afrykanskie_2.jpg\" alt=\"Czarne myd\u0142o afryka\u0144skie\" width=\"640\" height=\"427\" srcset=\"https:\/\/baranowscy.eu\/wordpress\/wp-content\/uploads\/2015\/10\/czarne_mydlo_afrykanskie_2.jpg 640w, https:\/\/baranowscy.eu\/wordpress\/wp-content\/uploads\/2015\/10\/czarne_mydlo_afrykanskie_2-300x200.jpg 300w, https:\/\/baranowscy.eu\/wordpress\/wp-content\/uploads\/2015\/10\/czarne_mydlo_afrykanskie_2-600x400.jpg 600w\" sizes=\"auto, (max-width: 640px) 100vw, 640px\" \/><\/a><figcaption id=\"caption-attachment-4541\" class=\"wp-caption-text\">Czarne myd\u0142o afryka\u0144skie<\/figcaption><\/figure>\n<p><span style=\"line-height: 1.5;\"><strong><div class='dropshadowboxes-container ' style='width:640px;'>\r\n                            <div class='dropshadowboxes-drop-shadow dropshadowboxes-rounded-corners dropshadowboxes-lifted-both dropshadowboxes-effect-default' style=' border: 1px solid #dddddd; height:; background-color:#91b054;    '>\r\n                            Komentarz Organicznych:\u00a0<\/strong>Jest to chyba najlepszy kosmetyk do mycia, jaki mia\u0142am okazj\u0119 na sobie testowa\u0107. Delikatne, mi\u0119kkie, bardzo nawil\u017caj\u0105ce. Rewelacyjnie regeneruje sk\u00f3r\u0119 i \u2013 stosowane nawet na bardzo zaostrzone zmiany sk\u00f3rne \u2013 nie podra\u017cnia ich. Pieni si\u0119 s\u0142abo, ale wed\u0142ug mnie nie ma to \u017cadnego znaczenia. Natomiast spotka\u0142a mnie niemi\u0142a niespodzianka w postaci twardego fragmentu str\u0105ka kakaowca (albo czego\u015b podobnego), ukrytego w mydle. Trzeba wi\u0119c na to uwa\u017ca\u0107.<\/span><\/p>\n<p><span style=\"line-height: 1.5;\"><strong>Postaram si\u0119 dowiedzie\u0107, czy olej palmowy pochodzi z upraw zr\u00f3wnowa\u017conych &#8211; jest to bardzo wa\u017cne, czy jego produkcja przyczynia si\u0119 do katastrofy ekologicznej m.in. w Indonezji.<\/strong><\/span><\/p>\n<p>Po\u017cary las\u00f3w w Indonezji, spowodowane zach\u0142anno\u015bci\u0105 ludzk\u0105, to nie tylko \u015bmier\u0107 i tragedia ludzi (zaczadzenia, choroby uk\u0142adu oddechowego, utrata dom\u00f3w i maj\u0105tku), to tak\u017ce pozbawianie mieszkania ca\u0142ej rzeszy niewinnych zwierz\u0105t, w tym orangutan\u00f3w, zagro\u017conych wygini\u0119ciem. Bezmy\u015blno\u015b\u0107 i zach\u0142anno\u015b\u0107 producent\u00f3w oleju palmowego prowadzi do nieodwracalnych zmian w przyrodzie, co b\u0119dzie si\u0119 m\u015bci\u0142o r\u00f3wnie\u017c na ludziach. Wi\u0119cej o oleju palmowym przeczytacie na przyk\u0142ad tu: <a href=\"http:\/\/www.ekonsument.pl\/news-tags-olej_palmowy.php\">Kupuj Odpowiedzialnie &#8211; olej palmowy<\/a>.<\/p>\n<p><strong>Moje postanowienie na 2016 rok i ka\u017cdy nast\u0119pny to niekupowanie \u017cadnych produkt\u00f3w \u2013 kosmetycznych, spo\u017cywczych i jakichkolwiek innych \u2013 zawieraj\u0105cych niecertyfikowany olej palmowy.<\/strong><span style=\"line-height: 1.5;\">\r\n                            <\/div>\r\n                        <\/div><\/span><\/p>\n<h2><strong>Marsylskie myd\u0142o 72%<\/strong><\/h2>\n<p><strong>Gdzie kupi\u0107:<\/strong>\u00a0<a href=\"http:\/\/www.greenline-sklep.pl\/product-pol-1759-HUILE-DOLIVE-Mydlo-marsylskie-72-oliwy-z-oliwek-600-g.html\" target=\"_blank\">Greenline Sklep<\/a><\/p>\n<figure id=\"attachment_4469\" aria-describedby=\"caption-attachment-4469\" style=\"width: 640px\" class=\"wp-caption aligncenter\"><a href=\"https:\/\/baranowscy.eu\/wordpress\/wp-content\/uploads\/2015\/10\/mydlo_marsylskie_1.jpg\"><img loading=\"lazy\" decoding=\"async\" class=\"wp-image-4469 size-full\" src=\"https:\/\/baranowscy.eu\/wordpress\/wp-content\/uploads\/2015\/10\/mydlo_marsylskie_1.jpg\" alt=\"Myd\u0142o marsylskie 72%\" width=\"640\" height=\"427\" srcset=\"https:\/\/baranowscy.eu\/wordpress\/wp-content\/uploads\/2015\/10\/mydlo_marsylskie_1.jpg 640w, https:\/\/baranowscy.eu\/wordpress\/wp-content\/uploads\/2015\/10\/mydlo_marsylskie_1-300x200.jpg 300w, https:\/\/baranowscy.eu\/wordpress\/wp-content\/uploads\/2015\/10\/mydlo_marsylskie_1-600x400.jpg 600w\" sizes=\"auto, (max-width: 640px) 100vw, 640px\" \/><\/a><figcaption id=\"caption-attachment-4469\" class=\"wp-caption-text\">Myd\u0142o marsylskie 72%<\/figcaption><\/figure>\n<p><strong>Cena:<\/strong>\u00a021,90 z\u0142 za 600 g<\/p>\n<p><strong>Co wyr\u00f3\u017cnia produkt:<\/strong><\/p>\n<ul>\n<li>w wypadku myd\u0142a Savon du Midi nie stosuje si\u0119 t\u0142uszcz\u00f3w zwierz\u0119cych, kwasu etylenodiaminotetraoctowego (EDTA) ani syntetycznych substancji barwi\u0105cych, zapachowych czy konserwuj\u0105cych,<\/li>\n<li>zawiera 72% oliwy z oliwek i innych olej\u00f3w ro\u015blinnych,<\/li>\n<li>jest produkowane we Francji, w niewielkich manufakturach,<\/li>\n<li>ma w\u0142a\u015bciwo\u015bci bakteriob\u00f3jcze, w tym zwalczaj\u0105ce tr\u0105dzik,<\/li>\n<li>nie uczula,<\/li>\n<li>dla dzieci i doros\u0142ych,<\/li>\n<li>mo\u017ce by\u0107 stosowane do higieny intymnej,<\/li>\n<li>naturalne i biodegradowalne.<\/li>\n<\/ul>\n<figure id=\"attachment_4471\" aria-describedby=\"caption-attachment-4471\" style=\"width: 640px\" class=\"wp-caption aligncenter\"><a href=\"https:\/\/baranowscy.eu\/wordpress\/wp-content\/uploads\/2015\/10\/mydlo_marsylskie_3.jpg\"><img loading=\"lazy\" decoding=\"async\" class=\"wp-image-4471 size-full\" src=\"https:\/\/baranowscy.eu\/wordpress\/wp-content\/uploads\/2015\/10\/mydlo_marsylskie_3.jpg\" alt=\"Myd\u0142o marsylskie 72%\" width=\"640\" height=\"427\" srcset=\"https:\/\/baranowscy.eu\/wordpress\/wp-content\/uploads\/2015\/10\/mydlo_marsylskie_3.jpg 640w, https:\/\/baranowscy.eu\/wordpress\/wp-content\/uploads\/2015\/10\/mydlo_marsylskie_3-300x200.jpg 300w, https:\/\/baranowscy.eu\/wordpress\/wp-content\/uploads\/2015\/10\/mydlo_marsylskie_3-600x400.jpg 600w\" sizes=\"auto, (max-width: 640px) 100vw, 640px\" \/><\/a><figcaption id=\"caption-attachment-4471\" class=\"wp-caption-text\">Myd\u0142o marsylskie 72%<\/figcaption><\/figure>\n<p><strong>Wskazania:\u00a0<\/strong>Sk\u00f3ra wra\u017cliwa, z problemami, tr\u0105dzikowa.<\/p>\n<p><strong><div class='dropshadowboxes-container ' style='width:640px;'>\r\n                            <div class='dropshadowboxes-drop-shadow dropshadowboxes-rounded-corners dropshadowboxes-lifted-both dropshadowboxes-effect-default' style=' border: 1px solid #dddddd; height:; background-color:#fbe74d;    '>\r\n                            Sk\u0142ad:<\/strong> <em>sodium olivate, sodium palmate, aqua, sodium palm kernelate\/sodium cocoate, glycerin, sodium chloride, sodium hydroxide\r\n                            <\/div>\r\n                        <\/div><\/em><\/p>\n<figure id=\"attachment_4470\" aria-describedby=\"caption-attachment-4470\" style=\"width: 640px\" class=\"wp-caption aligncenter\"><a href=\"https:\/\/baranowscy.eu\/wordpress\/wp-content\/uploads\/2015\/10\/mydlo_marsylskie_2.jpg\"><img loading=\"lazy\" decoding=\"async\" class=\"wp-image-4470 size-full\" src=\"https:\/\/baranowscy.eu\/wordpress\/wp-content\/uploads\/2015\/10\/mydlo_marsylskie_2.jpg\" alt=\"Myd\u0142o marsylskie 72%\" width=\"640\" height=\"427\" srcset=\"https:\/\/baranowscy.eu\/wordpress\/wp-content\/uploads\/2015\/10\/mydlo_marsylskie_2.jpg 640w, https:\/\/baranowscy.eu\/wordpress\/wp-content\/uploads\/2015\/10\/mydlo_marsylskie_2-300x200.jpg 300w, https:\/\/baranowscy.eu\/wordpress\/wp-content\/uploads\/2015\/10\/mydlo_marsylskie_2-600x400.jpg 600w\" sizes=\"auto, (max-width: 640px) 100vw, 640px\" \/><\/a><figcaption id=\"caption-attachment-4470\" class=\"wp-caption-text\">Myd\u0142o marsylskie 72%<\/figcaption><\/figure>\n<p><strong><div class='dropshadowboxes-container ' style='width:640px;'>\r\n                            <div class='dropshadowboxes-drop-shadow dropshadowboxes-rounded-corners dropshadowboxes-lifted-both dropshadowboxes-effect-default' style=' border: 1px solid #dddddd; height:; background-color:#91b054;    '>\r\n                            Komentarz Organicznych:\u00a0<\/strong>Popularne myd\u0142o dla os\u00f3b ceni\u0105cych naturalne kosmetyki. Du\u017ce kostki trzeba kroi\u0107 na mniejsze, cho\u0107 wtedy \u0142atwiej si\u0119 &#8222;rozmazuj\u0105&#8221; pod wp\u0142ywem wody. Myd\u0142a marsylskiego mo\u017cna u\u017cywa\u0107 r\u00f3wnie\u017c jako <a href=\"https:\/\/baranowscy.eu\/wordpress\/proszek-do-prania-przepis\/\" target=\"_blank\">\u015brodka pior\u0105cego<\/a>. Jego g\u0142\u00f3wn\u0105 zalet\u0105 jest delikatno\u015b\u0107. Atopowcy ceni\u0105 sobie jego dzia\u0142anie bakteriob\u00f3jcze, przydatne tak\u017ce podczas piel\u0119gnacji cery tr\u0105dzikowej.<\/p>\n<p>Warto sprawdza\u0107, sk\u0105d pochodzi olej palmowy u\u017cyty w mydle marsylskim \u2013 je\u015bli z upraw ekologicznych, mo\u017cemy by\u0107 spokojniejsi o przyrod\u0119 (<a href=\"http:\/\/www.ekonsument.pl\/a66777_przyjazny_srodowisku_olej_palmowy.html#.ViQEsvnhDIU\">przeczytaj, jak olej palmowy mo\u017ce przyczynia\u0107 si\u0119 do zabijania tygrys\u00f3w sumatrza\u0144skich i orangutan\u00f3w<\/a>).\r\n                            <\/div>\r\n                        <\/div><\/p>\n<h2><strong>Melisowe \u2013 dla doros\u0142ych i dzieci KucaMagicneTrave<\/strong><\/h2>\n<p><a href=\"http:\/\/www.kucamagicnetrave.com\/\">http:\/\/www.kucamagicnetrave.com\/<\/a><\/p>\n<figure id=\"attachment_4543\" aria-describedby=\"caption-attachment-4543\" style=\"width: 640px\" class=\"wp-caption aligncenter\"><a href=\"https:\/\/baranowscy.eu\/wordpress\/wp-content\/uploads\/2015\/10\/melisowe_mydlo_dla_doroslych_1.jpg\"><img loading=\"lazy\" decoding=\"async\" class=\"wp-image-4543 size-full\" src=\"https:\/\/baranowscy.eu\/wordpress\/wp-content\/uploads\/2015\/10\/melisowe_mydlo_dla_doroslych_1.jpg\" alt=\"Myd\u0142o KucaMagicneTrave\" width=\"640\" height=\"427\" srcset=\"https:\/\/baranowscy.eu\/wordpress\/wp-content\/uploads\/2015\/10\/melisowe_mydlo_dla_doroslych_1.jpg 640w, https:\/\/baranowscy.eu\/wordpress\/wp-content\/uploads\/2015\/10\/melisowe_mydlo_dla_doroslych_1-300x200.jpg 300w, https:\/\/baranowscy.eu\/wordpress\/wp-content\/uploads\/2015\/10\/melisowe_mydlo_dla_doroslych_1-600x400.jpg 600w\" sizes=\"auto, (max-width: 640px) 100vw, 640px\" \/><\/a><figcaption id=\"caption-attachment-4543\" class=\"wp-caption-text\">Myd\u0142o KucaMagicneTrave<\/figcaption><\/figure>\n<p><strong>Gdzie kupi\u0107:<\/strong> <a href=\"https:\/\/www.energyfamily.pl\/pl\/kosmetyki-naturalne-z-melisy\/28-mydlo-z-melisa-do-skory-wrazliwej.html\">Energy Family<\/a><\/p>\n<p><strong>Cena:<\/strong> 19 z\u0142 za 100 g<\/p>\n<p><strong>Co wyr\u00f3\u017cnia produkt:<\/strong><\/p>\n<ul>\n<li>wyci\u0105g z melisy o w\u0142a\u015bciwo\u015bciach antybakteryjnych, przeciwwirusowych i \u015bci\u0105gaj\u0105cych, dodatkowo zapach dzia\u0142a relaksuj\u0105co,<\/li>\n<li>organiczna baza glicerynowa,<\/li>\n<li>mo\u017ce by\u0107 stosowany do higieny intymnej,<\/li>\n<li>myd\u0142o jest wytwarzane r\u0119cznie w Chorwacji.<\/li>\n<\/ul>\n<p><strong>Wskazania:\u00a0<\/strong>Sk\u00f3ra wra\u017cliwa, wysuszona, atopowa; mo\u017ce by\u0107 u\u017cyte do mycia cia\u0142a, twarzy, do higieny intymnej.<\/p>\n<p><strong><div class='dropshadowboxes-container ' style='width:640px;'>\r\n                            <div class='dropshadowboxes-drop-shadow dropshadowboxes-rounded-corners dropshadowboxes-lifted-both dropshadowboxes-effect-default' style=' border: 1px solid #dddddd; height:; background-color:#fbe74d;    '>\r\n                            Sk\u0142ad:<\/strong> <em>sodium palmitate, sodium cocoate, glycerin, sucrose, sorbitol, aqua, coco-glucoside, cymbopogon nardus oil, citral*, ci 77891<\/em><\/p>\n<p><strong>* <\/strong>z naturalnych olejk\u00f3w eterycznych.<strong>\r\n                            <\/div>\r\n                        <\/div><\/strong><\/p>\n<figure id=\"attachment_4544\" aria-describedby=\"caption-attachment-4544\" style=\"width: 640px\" class=\"wp-caption aligncenter\"><a href=\"https:\/\/baranowscy.eu\/wordpress\/wp-content\/uploads\/2015\/10\/melisowe_mydlo_dla_doroslych_3.jpg\"><img loading=\"lazy\" decoding=\"async\" class=\"wp-image-4544 size-full\" src=\"https:\/\/baranowscy.eu\/wordpress\/wp-content\/uploads\/2015\/10\/melisowe_mydlo_dla_doroslych_3.jpg\" alt=\"Myd\u0142o KucaMagicneTrave\" width=\"640\" height=\"427\" srcset=\"https:\/\/baranowscy.eu\/wordpress\/wp-content\/uploads\/2015\/10\/melisowe_mydlo_dla_doroslych_3.jpg 640w, https:\/\/baranowscy.eu\/wordpress\/wp-content\/uploads\/2015\/10\/melisowe_mydlo_dla_doroslych_3-300x200.jpg 300w, https:\/\/baranowscy.eu\/wordpress\/wp-content\/uploads\/2015\/10\/melisowe_mydlo_dla_doroslych_3-600x400.jpg 600w\" sizes=\"auto, (max-width: 640px) 100vw, 640px\" \/><\/a><figcaption id=\"caption-attachment-4544\" class=\"wp-caption-text\">Myd\u0142o KucaMagicneTrave<\/figcaption><\/figure>\n<p><strong><div class='dropshadowboxes-container ' style='width:640px;'>\r\n                            <div class='dropshadowboxes-drop-shadow dropshadowboxes-rounded-corners dropshadowboxes-lifted-both dropshadowboxes-effect-default' style=' border: 1px solid #dddddd; height:; background-color:#91b054;    '>\r\n                            Komentarz Organicznych:<\/strong> Bardzo przyjemne, \u0142agodne myde\u0142ko o niesamowitym zapachu melisy. Bardzo oryginalny kosmetyk, my\u015bl\u0119, \u017ce wyj\u0105tkowy. U\u017cywa\u0142am go na bardzo podra\u017cnion\u0105 sk\u00f3r\u0119 i by\u0142o w porz\u0105dku. Jedyne, do czego mog\u0119 si\u0119 przyczepi\u0107, to obecno\u015b\u0107 kontrowersyjnego dwutlenku tytanu &#8211; <em>ci 77891<\/em>, chyba zb\u0119dna (s\u0142u\u017cy do bia\u0142ego zabarwienia kosmetyk\u00f3w). Wiemy, \u017ce niebawem myd\u0142o b\u0119dzie mia\u0142o ulepszony sk\u0142ad &#8211; czekamy na informacje.<strong>\r\n                            <\/div>\r\n                        <\/div><\/strong><\/p>\n<h2><strong>Melisowe \u2013 dla dzieci KucaMagicneTrave<\/strong><\/h2>\n<p><a href=\"http:\/\/www.kucamagicnetrave.com\/\">http:\/\/www.kucamagicnetrave.com\/<\/a><\/p>\n<figure id=\"attachment_4545\" aria-describedby=\"caption-attachment-4545\" style=\"width: 640px\" class=\"wp-caption aligncenter\"><a href=\"https:\/\/baranowscy.eu\/wordpress\/wp-content\/uploads\/2015\/10\/melisowe_mydlo_dla_dzieci_1.jpg\"><img loading=\"lazy\" decoding=\"async\" class=\"wp-image-4545 size-full\" src=\"https:\/\/baranowscy.eu\/wordpress\/wp-content\/uploads\/2015\/10\/melisowe_mydlo_dla_dzieci_1.jpg\" alt=\"Myd\u0142o KucaMagicneTrave\" width=\"640\" height=\"427\" srcset=\"https:\/\/baranowscy.eu\/wordpress\/wp-content\/uploads\/2015\/10\/melisowe_mydlo_dla_dzieci_1.jpg 640w, https:\/\/baranowscy.eu\/wordpress\/wp-content\/uploads\/2015\/10\/melisowe_mydlo_dla_dzieci_1-300x200.jpg 300w, https:\/\/baranowscy.eu\/wordpress\/wp-content\/uploads\/2015\/10\/melisowe_mydlo_dla_dzieci_1-600x400.jpg 600w\" sizes=\"auto, (max-width: 640px) 100vw, 640px\" \/><\/a><figcaption id=\"caption-attachment-4545\" class=\"wp-caption-text\">Myd\u0142o KucaMagicneTrave<\/figcaption><\/figure>\n<p><strong>Gdzie kupi\u0107:<\/strong> <a href=\"https:\/\/www.energyfamily.pl\/pl\/kosmetyki-z-melisy-dla-dzieci-i-mlodziezy\/103-naturalne-melisowe-mydelko-dla-dzieci-3859892810412.html\">Energy Family<\/a><\/p>\n<p><strong>Cena: <\/strong>20 z\u0142 za 100 g<\/p>\n<p><strong>Co wyr\u00f3\u017cnia produkt:<\/strong><\/p>\n<ul>\n<li>zawiera m.in. mas\u0142o shea, aloes i wyci\u0105g z melisy,<\/li>\n<li>zawiera sk\u0142adniki organiczne (certyfikat ekologiczny),<\/li>\n<li>wyprodukowane r\u0119cznie w Chorwacji,<\/li>\n<li>produkt wega\u0144ski.<\/li>\n<\/ul>\n<p><strong>Wskazania:<\/strong><\/p>\n<p>Piel\u0119gnacja sk\u00f3ry dzieci od urodzenia, mo\u017ce by\u0107 u\u017cywane do cery suchej, wra\u017cliwej, atopowej.<\/p>\n<figure id=\"attachment_4546\" aria-describedby=\"caption-attachment-4546\" style=\"width: 640px\" class=\"wp-caption aligncenter\"><a href=\"https:\/\/baranowscy.eu\/wordpress\/wp-content\/uploads\/2015\/10\/melisowe_mydlo_dla_dzieci_2.jpg\"><img loading=\"lazy\" decoding=\"async\" class=\"wp-image-4546 size-full\" src=\"https:\/\/baranowscy.eu\/wordpress\/wp-content\/uploads\/2015\/10\/melisowe_mydlo_dla_dzieci_2.jpg\" alt=\"Myd\u0142o KucaMagicneTrave\" width=\"640\" height=\"427\" srcset=\"https:\/\/baranowscy.eu\/wordpress\/wp-content\/uploads\/2015\/10\/melisowe_mydlo_dla_dzieci_2.jpg 640w, https:\/\/baranowscy.eu\/wordpress\/wp-content\/uploads\/2015\/10\/melisowe_mydlo_dla_dzieci_2-300x200.jpg 300w, https:\/\/baranowscy.eu\/wordpress\/wp-content\/uploads\/2015\/10\/melisowe_mydlo_dla_dzieci_2-600x400.jpg 600w\" sizes=\"auto, (max-width: 640px) 100vw, 640px\" \/><\/a><figcaption id=\"caption-attachment-4546\" class=\"wp-caption-text\">Myd\u0142o KucaMagicneTrave<\/figcaption><\/figure>\n<p><strong><div class='dropshadowboxes-container ' style='width:640px;'>\r\n                            <div class='dropshadowboxes-drop-shadow dropshadowboxes-rounded-corners dropshadowboxes-lifted-both dropshadowboxes-effect-default' style=' border: 1px solid #dddddd; height:; background-color:#fbe74d;    '>\r\n                            Sk\u0142ad:<\/strong> <em>aqua, glycerin**, sodium palmate**, sucrose***, sodium cocoate***, decyl glucoside, citric acid, aloe barbadensis leaf juice powder***, sodium citrate, sodium palm kernelate, butyrospermum parkii butter***, cymobpogon nardus oil, citral*<\/em><\/p>\n<p>*sk\u0142adniki naturalnych olejk\u00f3w eterycznych, **wyprodukowano z certyfikowanych sk\u0142adnik\u00f3w ekologicznych, ***certyfikowane sk\u0142adniki ekologiczne<strong>\r\n                            <\/div>\r\n                        <\/div><\/strong><\/p>\n<figure id=\"attachment_4547\" aria-describedby=\"caption-attachment-4547\" style=\"width: 640px\" class=\"wp-caption aligncenter\"><a href=\"https:\/\/baranowscy.eu\/wordpress\/wp-content\/uploads\/2015\/10\/melisowe_mydlo_dla_dzieci_3.jpg\"><img loading=\"lazy\" decoding=\"async\" class=\"wp-image-4547 size-full\" src=\"https:\/\/baranowscy.eu\/wordpress\/wp-content\/uploads\/2015\/10\/melisowe_mydlo_dla_dzieci_3.jpg\" alt=\"Myd\u0142o KucaMagicneTrave\" width=\"640\" height=\"427\" srcset=\"https:\/\/baranowscy.eu\/wordpress\/wp-content\/uploads\/2015\/10\/melisowe_mydlo_dla_dzieci_3.jpg 640w, https:\/\/baranowscy.eu\/wordpress\/wp-content\/uploads\/2015\/10\/melisowe_mydlo_dla_dzieci_3-300x200.jpg 300w, https:\/\/baranowscy.eu\/wordpress\/wp-content\/uploads\/2015\/10\/melisowe_mydlo_dla_dzieci_3-600x400.jpg 600w\" sizes=\"auto, (max-width: 640px) 100vw, 640px\" \/><\/a><figcaption id=\"caption-attachment-4547\" class=\"wp-caption-text\">Myd\u0142o KucaMagicneTrave<\/figcaption><\/figure>\n<p><strong><div class='dropshadowboxes-container ' style='width:640px;'>\r\n                            <div class='dropshadowboxes-drop-shadow dropshadowboxes-rounded-corners dropshadowboxes-lifted-both dropshadowboxes-effect-default' style=' border: 1px solid #dddddd; height:; background-color:#91b054;    '>\r\n                            Komentarz Organicznych: <\/strong>To delikatne myde\u0142ko zaskoczy\u0142o nasze dzieci przede wszystkim intensywnym zapachem. Pieni si\u0119 s\u0142abo, ale przy piel\u0119gnacji sk\u00f3ry wra\u017cliwej to nawet lepiej \u2013 wi\u0119ksza szansa, \u017ce nie wysusza. Myde\u0142ko jest bardzo \u0142adne i spodoba\u0142o si\u0119 dzieciom. Sk\u0142ad bardzo zach\u0119caj\u0105cy. Olej palmowy pochodzi z upraw ekologicznych.<strong>\r\n                            <\/div>\r\n                        <\/div><\/strong><\/p>\n<h2>Ministerstwo Dobrego Myd\u0142a &#8211;\u00a0Nagietek<\/h2>\n<p><a href=\"http:\/\/www.ministerstwodobregomydla.pl\/\">http:\/\/www.ministerstwodobregomydla.pl\/<\/a><\/p>\n<figure id=\"attachment_4835\" aria-describedby=\"caption-attachment-4835\" style=\"width: 640px\" class=\"wp-caption aligncenter\"><a href=\"https:\/\/baranowscy.eu\/wordpress\/wp-content\/uploads\/2015\/11\/ministerstwo_nagietek_1.jpg\"><img loading=\"lazy\" decoding=\"async\" class=\"wp-image-4835 size-full\" src=\"https:\/\/baranowscy.eu\/wordpress\/wp-content\/uploads\/2015\/11\/ministerstwo_nagietek_1.jpg\" alt=\"Myd\u0142o Ministerstwa Dobrego Myd\u0142a z nagietkiem\" width=\"640\" height=\"427\" srcset=\"https:\/\/baranowscy.eu\/wordpress\/wp-content\/uploads\/2015\/11\/ministerstwo_nagietek_1.jpg 640w, https:\/\/baranowscy.eu\/wordpress\/wp-content\/uploads\/2015\/11\/ministerstwo_nagietek_1-300x200.jpg 300w, https:\/\/baranowscy.eu\/wordpress\/wp-content\/uploads\/2015\/11\/ministerstwo_nagietek_1-600x400.jpg 600w\" sizes=\"auto, (max-width: 640px) 100vw, 640px\" \/><\/a><figcaption id=\"caption-attachment-4835\" class=\"wp-caption-text\">Myd\u0142o Ministerstwa Dobrego Myd\u0142a z nagietkiem<\/figcaption><\/figure>\n<p><strong>Gdzie kupi\u0107:<\/strong> <a href=\"http:\/\/www.ministerstwodobregomydla.pl\/nagietek-2\" target=\"_blank\">Ministerstwo<\/a><\/p>\n<p><strong>Cena:<\/strong> 24 z\u0142 za 100 g<\/p>\n<p><strong>Co wyr\u00f3\u017cnia produkt:<\/strong><\/p>\n<ul>\n<li>wega\u0144skie myd\u0142o ro\u015blinne,<\/li>\n<li>olej palmowy ma certyfikat RSPO, to znaczy, \u017ce jest pozyskiwany w spos\u00f3b szanuj\u0105cy ludzi i natur\u0119,<\/li>\n<li>ca\u0142kowicie r\u0119cznie robione,<\/li>\n<li>mocno przet\u0142uszczone (6% olej\u00f3w i mase\u0142 pozostaje w stanie niezmydlonym),<\/li>\n<li>w sk\u0142adzie nagietek, oliwa z oliwek, olej ze s\u0142odkich migda\u0142\u00f3w, olej rycynowego i mas\u0142o kakaowego, p\u0142atki i olejowy wyci\u0105g z nagietka, olej marchwiowy i 10% nierafinowanego mas\u0142a shea,<\/li>\n<li>du\u017ca zawarto\u015b\u0107 witaminy A.<\/li>\n<\/ul>\n<p><strong>Wskazania:\u00a0<\/strong>Do piel\u0119gnacji sk\u00f3ry przesuszonej, alergicznej i atopowej.<\/p>\n<p><strong><div class='dropshadowboxes-container ' style='width:640px;'>\r\n                            <div class='dropshadowboxes-drop-shadow dropshadowboxes-rounded-corners dropshadowboxes-lifted-both dropshadowboxes-effect-default' style=' border: 1px solid #dddddd; height:; background-color:#fbe74d;    '>\r\n                            Sk\u0142ad: <\/strong><em> aqua, sodium palmate*, sodium cocoate, sodium olivate, sodium shea butterate**, sodium rice branate, sodium castorate, sodium sweet almondate, calendula officinalis flower, beta carotene infused heliatus annuus oil, calendula officinalis extract<\/em><\/p>\n<p>* Olej palmowy z certyfikatem RSPO &#8211; olej pozyskiwany z szacunkiem dla ludzi i \u015brodowiska, **nierafinowane\r\n                            <\/div>\r\n                        <\/div><\/p>\n<figure id=\"attachment_4836\" aria-describedby=\"caption-attachment-4836\" style=\"width: 640px\" class=\"wp-caption aligncenter\"><a href=\"https:\/\/baranowscy.eu\/wordpress\/wp-content\/uploads\/2015\/11\/ministerstwo_nagietek_2.jpg\"><img loading=\"lazy\" decoding=\"async\" class=\"wp-image-4836 size-full\" src=\"https:\/\/baranowscy.eu\/wordpress\/wp-content\/uploads\/2015\/11\/ministerstwo_nagietek_2.jpg\" alt=\"Myd\u0142o Ministerstwa Dobrego Myd\u0142a z nagietkiem\" width=\"640\" height=\"427\" srcset=\"https:\/\/baranowscy.eu\/wordpress\/wp-content\/uploads\/2015\/11\/ministerstwo_nagietek_2.jpg 640w, https:\/\/baranowscy.eu\/wordpress\/wp-content\/uploads\/2015\/11\/ministerstwo_nagietek_2-300x200.jpg 300w, https:\/\/baranowscy.eu\/wordpress\/wp-content\/uploads\/2015\/11\/ministerstwo_nagietek_2-600x400.jpg 600w\" sizes=\"auto, (max-width: 640px) 100vw, 640px\" \/><\/a><figcaption id=\"caption-attachment-4836\" class=\"wp-caption-text\">Myd\u0142o Ministerstwa Dobrego Myd\u0142a z nagietkiem<\/figcaption><\/figure>\n<p><strong><div class='dropshadowboxes-container ' style='width:640px;'>\r\n                            <div class='dropshadowboxes-drop-shadow dropshadowboxes-rounded-corners dropshadowboxes-lifted-both dropshadowboxes-effect-default' style=' border: 1px solid #dddddd; height:; background-color:#91b054;    '>\r\n                            Komentarz Organicznych:<\/strong> Nagietek jest znany i ceniony w\u015br\u00f3d os\u00f3b z problemami sk\u00f3rnymi, dlatego myd\u0142o o tak dobranym sk\u0142adzie <strong>powinno spodoba\u0107 si\u0119 wra\u017cliwcom<\/strong>. Kostki s\u0105 do\u015b\u0107 <strong>chropowate<\/strong> (ci\u0119te w z\u0105bki, dodatkowo za spraw\u0105 kawa\u0142k\u00f3w nagietka do\u015b\u0107 porowate), co mo\u017ce dra\u017cni\u0107 bardzo wra\u017cliwe osoby. Od\u017cywcze sk\u0142adniki nawil\u017c\u0105 sk\u00f3r\u0119, a nagietek pomo\u017ce jej si\u0119 zregenerowa\u0107. <strong>Wielki plus za olej palmowy z kontrolowanych upraw i za polsk\u0105 produkcj\u0119. \r\n                            <\/div>\r\n                        <\/div><\/strong><\/p>\n<h2>Ministerstwo Dobrego Myd\u0142a &#8211;\u00a0RY\u017b<\/h2>\n<p><a href=\"http:\/\/www.ministerstwodobregomydla.pl\/\">http:\/\/www.ministerstwodobregomydla.pl\/<\/a><\/p>\n<figure id=\"attachment_4842\" aria-describedby=\"caption-attachment-4842\" style=\"width: 640px\" class=\"wp-caption aligncenter\"><a href=\"https:\/\/baranowscy.eu\/wordpress\/wp-content\/uploads\/2015\/11\/ministerstwo_ryz_1.jpg\"><img loading=\"lazy\" decoding=\"async\" class=\"wp-image-4842 size-full\" src=\"https:\/\/baranowscy.eu\/wordpress\/wp-content\/uploads\/2015\/11\/ministerstwo_ryz_1.jpg\" alt=\"Myd\u0142o Ministerstwa Dobrego Myd\u0142a z ry\u017cem\" width=\"640\" height=\"427\" srcset=\"https:\/\/baranowscy.eu\/wordpress\/wp-content\/uploads\/2015\/11\/ministerstwo_ryz_1.jpg 640w, https:\/\/baranowscy.eu\/wordpress\/wp-content\/uploads\/2015\/11\/ministerstwo_ryz_1-300x200.jpg 300w, https:\/\/baranowscy.eu\/wordpress\/wp-content\/uploads\/2015\/11\/ministerstwo_ryz_1-600x400.jpg 600w\" sizes=\"auto, (max-width: 640px) 100vw, 640px\" \/><\/a><figcaption id=\"caption-attachment-4842\" class=\"wp-caption-text\">Myd\u0142o Ministerstwa Dobrego Myd\u0142a z ry\u017cem<\/figcaption><\/figure>\n<p><strong>Gdzie kupi\u0107:<\/strong> <a href=\"http:\/\/www.ministerstwodobregomydla.pl\/ryz\" target=\"_blank\">Ministerstwo<\/a><\/p>\n<p><strong>Cena:<\/strong> 24 z\u0142 za 100 g<\/p>\n<p><strong>Co wyr\u00f3\u017cnia produkt:<\/strong><\/p>\n<ul>\n<li>naturalny, r\u0119cznie wytwarzany w niewielkich partiach, wega\u0144ski,<\/li>\n<li>myd\u0142o jest mocno przet\u0142uszczone (6% olej\u00f3w i mase\u0142 pozostaje w stanie niezmydlonym),<\/li>\n<li>w sk\u0142adzie oliwa z oliwek, olej ze s\u0142odkich migda\u0142\u00f3w, olej rycynowy, mas\u0142o kakaowe, od\u017cywczy olej z otr\u0105b ry\u017cowych i 10% nierafinowanego mas\u0142a shea,<\/li>\n<li>olej palmowy ma certyfikat RSPO, to znaczy, \u017ce jest pozyskiwany w spos\u00f3b szanuj\u0105cy ludzi i natur\u0119.<\/li>\n<\/ul>\n<p><strong>Wskazania:\u00a0<\/strong>Do piel\u0119gnacji sk\u00f3ry przesuszonej, alergicznej i atopowej.<\/p>\n<p><strong><div class='dropshadowboxes-container ' style='width:640px;'>\r\n                            <div class='dropshadowboxes-drop-shadow dropshadowboxes-rounded-corners dropshadowboxes-lifted-both dropshadowboxes-effect-default' style=' border: 1px solid #dddddd; height:; background-color:#fbe74d;    '>\r\n                            Sk\u0142ad: <\/strong><em>a<\/em><em>qua, sodium palmate*, sodium cocoate**, sodium olivate, sodium rice branate, sodium shea butterate**, sodium castorate, sodium sweet almondate<\/em><\/p>\n<p>* Olej palmowy z certyfikatem RSPO &#8211; olej pozyskiwany z szacunkiem dla ludzi i \u015brodowiska, ** nierafinowane\r\n                            <\/div>\r\n                        <\/div><\/p>\n<figure id=\"attachment_4837\" aria-describedby=\"caption-attachment-4837\" style=\"width: 640px\" class=\"wp-caption aligncenter\"><a href=\"https:\/\/baranowscy.eu\/wordpress\/wp-content\/uploads\/2015\/11\/ministerstwo_ryz_2.jpg\"><img loading=\"lazy\" decoding=\"async\" class=\"wp-image-4837 size-full\" src=\"https:\/\/baranowscy.eu\/wordpress\/wp-content\/uploads\/2015\/11\/ministerstwo_ryz_2.jpg\" alt=\"Myd\u0142o Ministerstwa Dobrego Myd\u0142a z ry\u017cem\" width=\"640\" height=\"427\" srcset=\"https:\/\/baranowscy.eu\/wordpress\/wp-content\/uploads\/2015\/11\/ministerstwo_ryz_2.jpg 640w, https:\/\/baranowscy.eu\/wordpress\/wp-content\/uploads\/2015\/11\/ministerstwo_ryz_2-300x200.jpg 300w, https:\/\/baranowscy.eu\/wordpress\/wp-content\/uploads\/2015\/11\/ministerstwo_ryz_2-600x400.jpg 600w\" sizes=\"auto, (max-width: 640px) 100vw, 640px\" \/><\/a><figcaption id=\"caption-attachment-4837\" class=\"wp-caption-text\">Myd\u0142o Ministerstwa Dobrego Myd\u0142a z ry\u017cem<\/figcaption><\/figure>\n<p><strong><div class='dropshadowboxes-container ' style='width:640px;'>\r\n                            <div class='dropshadowboxes-drop-shadow dropshadowboxes-rounded-corners dropshadowboxes-lifted-both dropshadowboxes-effect-default' style=' border: 1px solid #dddddd; height:; background-color:#91b054;    '>\r\n                            Komentarz Organicznych: <\/strong>Jedno z delikatniejszych i przyjemniejszych myde\u0142, jakie mia\u0142am w r\u0119ku. <strong>Nawet gdy u\u017cywa\u0142am go podczas silnie zaostrzonej egzemy, dzia\u0142a\u0142o \u0142agodnie i od\u017cywczo jak balsam.<\/strong> My\u015bl\u0119, \u017ce mo\u017cna je poleci\u0107 do ka\u017cdego rodzaju sk\u00f3ry. Wspaniale, \u017ce powstaje w polskiej manufakturze, a olej palmowy pochodzi z certyfikowanych upraw.\r\n                            <\/div>\r\n                        <\/div><\/p>\n<h2>Powr\u00f3t do natury &#8211; myd\u0142o z olejem migda\u0142owym i arganowym<\/h2>\n<p><a href=\"http:\/\/powrotdonatury.eu\/\">http:\/\/powrotdonatury.eu\/<\/a><\/p>\n<figure id=\"attachment_4848\" aria-describedby=\"caption-attachment-4848\" style=\"width: 640px\" class=\"wp-caption aligncenter\"><a href=\"https:\/\/baranowscy.eu\/wordpress\/wp-content\/uploads\/2015\/11\/mydlo_powrot_do_natury_1.jpg\"><img loading=\"lazy\" decoding=\"async\" class=\"wp-image-4848 size-full\" src=\"https:\/\/baranowscy.eu\/wordpress\/wp-content\/uploads\/2015\/11\/mydlo_powrot_do_natury_1.jpg\" alt=\"mydlo_powrot_do_natury_1\" width=\"640\" height=\"427\" srcset=\"https:\/\/baranowscy.eu\/wordpress\/wp-content\/uploads\/2015\/11\/mydlo_powrot_do_natury_1.jpg 640w, https:\/\/baranowscy.eu\/wordpress\/wp-content\/uploads\/2015\/11\/mydlo_powrot_do_natury_1-300x200.jpg 300w, https:\/\/baranowscy.eu\/wordpress\/wp-content\/uploads\/2015\/11\/mydlo_powrot_do_natury_1-600x400.jpg 600w\" sizes=\"auto, (max-width: 640px) 100vw, 640px\" \/><\/a><figcaption id=\"caption-attachment-4848\" class=\"wp-caption-text\">Myd\u0142o Powr\u00f3t do natury<\/figcaption><\/figure>\n<p><strong>Cena:<\/strong> 7,70 z\u0142 za 100 g<\/p>\n<p><strong>Co wyr\u00f3\u017cnia produkt:<\/strong><\/p>\n<ul>\n<li>wy\u0142\u0105cznie ro\u015blinne sk\u0142adniki,<\/li>\n<li>bez zawarto\u015bci SLS i PEG-\u00f3w,<\/li>\n<li>produkcja polska,<\/li>\n<li>w sk\u0142adzie m.in. olej ze s\u0142odkich migda\u0142\u00f3w i olej arganowy,<\/li>\n<li>olej palmowy z certyfikatem RSPO.<\/li>\n<\/ul>\n<p><strong>Wskazania:<\/strong><\/p>\n<p>Delikatna piel\u0119gnacja sk\u00f3ry.<\/p>\n<p><strong><div class='dropshadowboxes-container ' style='width:640px;'>\r\n                            <div class='dropshadowboxes-drop-shadow dropshadowboxes-rounded-corners dropshadowboxes-lifted-both dropshadowboxes-effect-default' style=' border: 1px solid #dddddd; height:; background-color:#fbe74d;    '>\r\n                            Sk\u0142ad:\u00a0<\/strong><em>sodium palmate, sodium palm kernelate, sodium rapeseedate, aqua, ricinus communis seed oil, sodium chloride, glycerin, sodium hydroxide, parfum, geraniol, citronellol, limonene, linalool, citral, eugenol, farnesol, mica, ci 77891, ci 11680<\/em><strong>\r\n                            <\/div>\r\n                        <\/div><\/strong><\/p>\n<figure id=\"attachment_4849\" aria-describedby=\"caption-attachment-4849\" style=\"width: 640px\" class=\"wp-caption aligncenter\"><a href=\"https:\/\/baranowscy.eu\/wordpress\/wp-content\/uploads\/2015\/11\/mydlo_powrot_do_natury_2.jpg\"><img loading=\"lazy\" decoding=\"async\" class=\"wp-image-4849 size-full\" src=\"https:\/\/baranowscy.eu\/wordpress\/wp-content\/uploads\/2015\/11\/mydlo_powrot_do_natury_2.jpg\" alt=\"Myd\u0142o Powr\u00f3t do natury\" width=\"640\" height=\"427\" srcset=\"https:\/\/baranowscy.eu\/wordpress\/wp-content\/uploads\/2015\/11\/mydlo_powrot_do_natury_2.jpg 640w, https:\/\/baranowscy.eu\/wordpress\/wp-content\/uploads\/2015\/11\/mydlo_powrot_do_natury_2-300x200.jpg 300w, https:\/\/baranowscy.eu\/wordpress\/wp-content\/uploads\/2015\/11\/mydlo_powrot_do_natury_2-600x400.jpg 600w\" sizes=\"auto, (max-width: 640px) 100vw, 640px\" \/><\/a><figcaption id=\"caption-attachment-4849\" class=\"wp-caption-text\">Myd\u0142o Powr\u00f3t do natury<\/figcaption><\/figure>\n<p><strong><div class='dropshadowboxes-container ' style='width:640px;'>\r\n                            <div class='dropshadowboxes-drop-shadow dropshadowboxes-rounded-corners dropshadowboxes-lifted-both dropshadowboxes-effect-default' style=' border: 1px solid #dddddd; height:; background-color:#91b054;    '>\r\n                            Komentarz Organicznych:\u00a0<\/strong>Myd\u0142o ma \u0142adny zapach i delikatne dzia\u0142anie. Kosztuje niedu\u017co, co \u2013 gdy spojrzymy na sk\u0142ad \u2013 ma pewne uzasadnienie. Lista INCI jest d\u0142uga i zawiera potencjalne alergeny, np. farnesol, jednak g\u0142\u00f3wnymi sk\u0142adnikami s\u0105\u00a0oleje piel\u0119gnuj\u0105ce sk\u00f3r\u0119 wra\u017cliw\u0105.<strong>\r\n                            <\/div>\r\n                        <\/div>\u00a0<\/strong><\/p>\n<p><strong><div class='dropshadowboxes-container ' style='width:640px;'>\r\n                            <div class='dropshadowboxes-drop-shadow dropshadowboxes-rounded-corners dropshadowboxes-lifted-both dropshadowboxes-effect-default' style=' border: 1px solid #dddddd; height:; background-color:#fba92f;    '>\r\n                            UWAGA:<\/strong><\/p>\n<p>O mydle firmy Powr\u00f3t do Natury mog\u0142abym napisa\u0107 spory artyku\u0142, zw\u0142aszcza na temat filozofii polskiego przedsi\u0119biorstwa. Myd\u0142a s\u0105 czysto ro\u015blinne, zawieraj\u0105 sk\u0142adniki wysokiej jako\u015bci i produkowane w Polsce. Nie dodaje si\u0119 do nich SLS czy PEG-\u00f3w. Producent przekonuje, \u017ce myd\u0142a pochodz\u0105ce z mydlani w G\u0142owaczowie (zreszt\u0105, co ciekawe, wed\u0142ug pewnych informacji <strong>stoj\u0105cej na czakramie<\/strong>) to efekt przestrzegania tradycji i dobrych zasad, w tym niekrzywdzenia zwierz\u0105t \u2013 dlatego nie u\u017cywa si\u0119 tam t\u0142uszcz\u00f3w zwierz\u0119cych.<\/p>\n<p><strong>Jak si\u0119 okaza\u0142o, firma Powr\u00f3t do Natury u\u017cywa obecnie oleju palmowego z certyfikatem RSPO, czyli ze zr\u00f3wnowa\u017conych upraw. Brawo! Szkoda, \u017ce producent wcale si\u0119 tym nie chwali! \r\n                            <\/div>\r\n                        <\/div><\/strong><\/p>\n<h2><strong>Oliwne z dodatkami<\/strong><\/h2>\n<p><strong>Gdzie kupi\u0107: <\/strong>Green Line \u2013 <a href=\"http:\/\/www.greenline-sklep.pl\/product-pol-1239-Mydlo-oliwne-z-lawenda-150-g.html\" target=\"_blank\">z lawend\u0105<\/a>, <a href=\"http:\/\/greenline-sklep.pl\/\" target=\"_blank\">z rozmarynem<\/a><\/p>\n<figure id=\"attachment_4550\" aria-describedby=\"caption-attachment-4550\" style=\"width: 640px\" class=\"wp-caption aligncenter\"><a href=\"https:\/\/baranowscy.eu\/wordpress\/wp-content\/uploads\/2015\/10\/mydlo_oliwne_1.jpg\"><img loading=\"lazy\" decoding=\"async\" class=\"wp-image-4550 size-full\" src=\"https:\/\/baranowscy.eu\/wordpress\/wp-content\/uploads\/2015\/10\/mydlo_oliwne_1.jpg\" alt=\"Myd\u0142o oliwne Midi\" width=\"640\" height=\"427\" srcset=\"https:\/\/baranowscy.eu\/wordpress\/wp-content\/uploads\/2015\/10\/mydlo_oliwne_1.jpg 640w, https:\/\/baranowscy.eu\/wordpress\/wp-content\/uploads\/2015\/10\/mydlo_oliwne_1-300x200.jpg 300w, https:\/\/baranowscy.eu\/wordpress\/wp-content\/uploads\/2015\/10\/mydlo_oliwne_1-600x400.jpg 600w\" sizes=\"auto, (max-width: 640px) 100vw, 640px\" \/><\/a><figcaption id=\"caption-attachment-4550\" class=\"wp-caption-text\">Myd\u0142o oliwne Midi<\/figcaption><\/figure>\n<p><strong>Cena:<\/strong> 10,90 z\u0142 za 150 g<\/p>\n<p><strong>Co wyr\u00f3\u017cnia produkt:<\/strong><\/p>\n<ul>\n<li>wysoka zawarto\u015b\u0107 naturalnych olej\u00f3w,<\/li>\n<li>dodatek rozmarynu lub lawendy,<\/li>\n<li>\u0142agodne w\u0142a\u015bciwo\u015bci myj\u0105ce i piel\u0119gnuj\u0105ce,<\/li>\n<li>certyfikat ekologiczny BDIH.<\/li>\n<\/ul>\n<p><strong>Wskazania:\u00a0<\/strong>Do ka\u017cdego rodzaju sk\u00f3ry, w tym wra\u017cliwej i przesuszonej.<\/p>\n<p><strong><div class='dropshadowboxes-container ' style='width:640px;'>\r\n                            <div class='dropshadowboxes-drop-shadow dropshadowboxes-rounded-corners dropshadowboxes-lifted-both dropshadowboxes-effect-default' style=' border: 1px solid #dddddd; height:; background-color:#fbe74d;    '>\r\n                            Sk\u0142ad (lawendowe):<\/strong> <em>sodium palmate*, aqua, sodium palm kernelate*, sodium olivate, lavandula hybrida oil**, sodium cocoate, glycerin, sodium hydroxide, citric acid, sodium chloride, rosmarinus officinalis leaf extract, helianthus annuus seed oil, geraniol**, limonene**, linalool**. <\/em><\/p>\n<p>* pozyskane ze sk\u0142adnik\u00f3w pochodz\u0105cych z kontrolowanych upraw biologicznych, ** z naturalnych olejk\u00f3w eterycznych<\/p>\n<p><strong>Sk\u0142ad (rozmarynowe): <\/strong><em>sodium palmate*, aqua, sodium palm kernelate*, sodium olivate, sodium cocoate, rosmarinus officinalis essential oil**, glycerin, sodium hydroxide, citric acid, sodium chloride, rosmarinus officinalis leaf extract, helianthus annuus seed oil, limonene**, linalool**. <\/em><\/p>\n<p>* pozyskane ze sk\u0142adnik\u00f3w pochodz\u0105cych z kontrolowanych upraw biologicznych, ** z naturalnych olejk\u00f3w eterycznych<em><strong>\r\n                            <\/div>\r\n                        <\/div><\/strong><\/em><\/p>\n<figure id=\"attachment_4551\" aria-describedby=\"caption-attachment-4551\" style=\"width: 700px\" class=\"wp-caption aligncenter\"><a href=\"https:\/\/baranowscy.eu\/wordpress\/wp-content\/uploads\/2015\/10\/mydlo_oliwne_2.jpg\"><img loading=\"lazy\" decoding=\"async\" class=\"wp-image-4551 size-full\" src=\"https:\/\/baranowscy.eu\/wordpress\/wp-content\/uploads\/2015\/10\/mydlo_oliwne_2.jpg\" alt=\"Myd\u0142o oliwne Midi\" width=\"700\" height=\"490\" srcset=\"https:\/\/baranowscy.eu\/wordpress\/wp-content\/uploads\/2015\/10\/mydlo_oliwne_2.jpg 700w, https:\/\/baranowscy.eu\/wordpress\/wp-content\/uploads\/2015\/10\/mydlo_oliwne_2-300x210.jpg 300w, https:\/\/baranowscy.eu\/wordpress\/wp-content\/uploads\/2015\/10\/mydlo_oliwne_2-600x420.jpg 600w\" sizes=\"auto, (max-width: 700px) 100vw, 700px\" \/><\/a><figcaption id=\"caption-attachment-4551\" class=\"wp-caption-text\">Myd\u0142o oliwne Midi<\/figcaption><\/figure>\n<p><strong>\u00a0<\/strong><\/p>\n<p><strong><div class='dropshadowboxes-container ' style='width:640px;'>\r\n                            <div class='dropshadowboxes-drop-shadow dropshadowboxes-rounded-corners dropshadowboxes-lifted-both dropshadowboxes-effect-default' style=' border: 1px solid #dddddd; height:; background-color:#91b054;    '>\r\n                            Komentarz Organicznych: <\/strong>Delikatne i wydajne myd\u0142o \u2013 du\u017ca kostka jest jednak niepor\u0119czna, dobrze j\u0105 podzieli\u0107 na mniejsze kawa\u0142ki. Jest to jedno z podstawowych myde\u0142, kt\u00f3re warto wypr\u00f3bowa\u0107 przy wysuszonej sk\u00f3rze i problemach z ni\u0105. Cena i sk\u0142ad s\u0105 zach\u0119caj\u0105ce, a olej palmowy pochodzi z upraw ekologicznych.<em><strong>\r\n                            <\/div>\r\n                        <\/div><\/strong><\/em><\/p>\n<h2><strong><u>Weleda \u2013 Nagietkowe myd\u0142o ro\u015blinne<\/u>\u00a0<\/strong><\/h2>\n<p><a href=\"http:\/\/www.weleda.com\"><strong>www.weleda.com<\/strong><\/a><\/p>\n<p><a href=\"https:\/\/baranowscy.eu\/wordpress\/wp-content\/uploads\/2015\/06\/weleda_mydlo_w_kostce.jpg\"><img loading=\"lazy\" decoding=\"async\" class=\"aligncenter size-full wp-image-3951\" src=\"https:\/\/baranowscy.eu\/wordpress\/wp-content\/uploads\/2015\/06\/weleda_mydlo_w_kostce.jpg\" alt=\"weleda_mydlo_w_kostce\" width=\"305\" height=\"272\" srcset=\"https:\/\/baranowscy.eu\/wordpress\/wp-content\/uploads\/2015\/06\/weleda_mydlo_w_kostce.jpg 305w, https:\/\/baranowscy.eu\/wordpress\/wp-content\/uploads\/2015\/06\/weleda_mydlo_w_kostce-300x268.jpg 300w\" sizes=\"auto, (max-width: 305px) 100vw, 305px\" \/><\/a><\/p>\n<p><strong>Cena:<\/strong> od 18,59 z\u0142 za 100 g<\/p>\n<p><strong>Co wyr\u00f3\u017cnia produkt:<\/strong><\/p>\n<ul>\n<li>baz\u0119 myd\u0142a stanowi\u0105 naturalne oleje z drzewa palmowego, palmy kokosowej i oliwek, wzbogacone \u0142agodz\u0105cymi wyci\u0105gami ro\u015blinnymi oraz naturalnymi olejkami eterycznymi,<\/li>\n<li>w sk\u0142adzie: wyci\u0105gi z p\u0142atk\u00f3w nagietka, z kwiat\u00f3w rumianku, z k\u0142\u0105cza irysa, z fio\u0142ka tr\u00f3jbarwnego, z ry\u017cu, ekstrakt s\u0142odowy.<\/li>\n<\/ul>\n<p><strong>Wskazania: <\/strong>do piel\u0119gnacji delikatnej sk\u00f3ry dziecka, tak\u017ce dla doros\u0142ych o wyj\u0105tkowo wra\u017cliwej sk\u00f3rze.<\/p>\n<p><strong><div class='dropshadowboxes-container ' style='width:640px;'>\r\n                            <div class='dropshadowboxes-drop-shadow dropshadowboxes-rounded-corners dropshadowboxes-lifted-both dropshadowboxes-effect-default' style=' border: 1px solid #dddddd; height:; background-color:#fbe74d;    '>\r\n                            Sk\u0142ad:<\/strong> <em>sodium palmate, sodium cocoate, water (aqua), sodium olivate, fragrance (parfum)*, glycerin, calendula officinalis flower extract, chamomilla recutita (matricaria) extract, iris germanica root extract, viola tricolor extract, oryza sativa (rice) extract, malt extract, sodium chloride, sodium stearate, limonene*, linalool*, citronellol*, geraniol*<\/em><\/p>\n<p>* pochodz\u0105ce z naturalnych olejk\u00f3w eterycznych<strong>\r\n                            <\/div>\r\n                        <\/div><\/strong><\/p>\n<p><strong><div class='dropshadowboxes-container ' style='width:640px;'>\r\n                            <div class='dropshadowboxes-drop-shadow dropshadowboxes-rounded-corners dropshadowboxes-lifted-both dropshadowboxes-effect-default' style=' border: 1px solid #dddddd; height:; background-color:#91b054;    '>\r\n                            Komentarz Organicznych: <\/strong>Z przykro\u015bci\u0105 dowiedzia\u0142am si\u0119, \u017ce Weleda nie ma swojego dystrybutora w Polsce i sklepy sprowadzaj\u0105 kosmetyki tej firmy na w\u0142asn\u0105 r\u0119k\u0119. A to oznacza, \u017ce dost\u0119pno\u015b\u0107 produkt\u00f3w Weleda w Polsce jest utrudniona. Mo\u017ce te\u017c r\u00f3\u017cni\u0107 si\u0119 polskie nazewnictwo kosmetyk\u00f3w.<\/p>\n<p>Myd\u0142o mo\u017ce by\u0107 bardzo przyjemne w u\u017cyciu (jeszcze nie testowali\u015bmy). Niestety zawiera olej palmowy, brak informacji, czy pochodzi ze zr\u00f3wnowa\u017conych \u017ar\u00f3de\u0142.<strong>\r\n                            <\/div>\r\n                        <\/div><\/strong><\/p>\n","protected":false},"excerpt":{"rendered":"<p>Nadszed\u0142 czas na kolejny odcinek po\u015bwi\u0119cony kosmetykom do mycia i k\u0105pieli dla os\u00f3b z atopowym zapaleniem sk\u00f3ry &#8211; tym razem wymieniam naturalne myd\u0142a w kostce.&hellip;<\/p>\n","protected":false},"author":1,"featured_media":4552,"comment_status":"open","ping_status":"open","sticky":false,"template":"","format":"standard","meta":{"_jetpack_memberships_contains_paid_content":false,"footnotes":""},"categories":[416,5,89],"tags":[219,867,440,874,11,1337,10,876,875,941,700,827,854,145,877,946,873,930,947,878],"class_list":["post-4458","post","type-post","status-publish","format-standard","has-post-thumbnail","hentry","category-atopowe-zapalenie-skory-azs","category-kosmetyki","category-pielegnacja-ciala-i-dloni","tag-azs","tag-czarne-mydlo-afrykanskie","tag-egzema","tag-esent","tag-kosmetyki-ekologiczne","tag-kosmetyki","tag-kosmetyki-naturalne","tag-kucamagicnetrave","tag-melisa","tag-ministerstwo-dobrego-mydla","tag-mydlo","tag-mydlo-aleppo","tag-mydlo-marsylskie","tag-mydlo-oliwkowe","tag-mydlo-oliwne","tag-olej-palmowy","tag-organique","tag-powrot-do-natury","tag-rspo","tag-savon-du-midi"],"yoast_head":"<!-- This site is optimized with the Yoast SEO plugin v27.4 - https:\/\/yoast.com\/product\/yoast-seo-wordpress\/ -->\n<title>Piel\u0119gnacja sk\u00f3ry z AZS - naturalne myd\u0142a w kostce - organiczni.eu<\/title>\n<meta name=\"description\" content=\"Kt\u00f3re myd\u0142a w kostce wybra\u0107, je\u015bli nasza sk\u00f3ra wymaga szczeg\u00f3lnej piel\u0119gnacji, np. przy AZS? Kt\u00f3re myd\u0142a zawieraj\u0105 naturalne i delikatne sk\u0142adniki?\" \/>\n<meta name=\"robots\" content=\"index, follow, max-snippet:-1, max-image-preview:large, max-video-preview:-1\" \/>\n<link rel=\"canonical\" href=\"https:\/\/baranowscy.eu\/wordpress\/pielegnacja-skory-z-azs-naturalne-mydla-w-kostce\/\" \/>\n<meta property=\"og:locale\" content=\"pl_PL\" \/>\n<meta property=\"og:type\" content=\"article\" \/>\n<meta property=\"og:title\" content=\"Piel\u0119gnacja sk\u00f3ry z AZS - naturalne myd\u0142a w kostce - organiczni.eu\" \/>\n<meta property=\"og:description\" content=\"Kt\u00f3re myd\u0142a w kostce wybra\u0107, je\u015bli nasza sk\u00f3ra wymaga szczeg\u00f3lnej piel\u0119gnacji, np. przy AZS? Kt\u00f3re myd\u0142a zawieraj\u0105 naturalne i delikatne sk\u0142adniki?\" \/>\n<meta property=\"og:url\" content=\"https:\/\/baranowscy.eu\/wordpress\/pielegnacja-skory-z-azs-naturalne-mydla-w-kostce\/\" \/>\n<meta property=\"og:site_name\" content=\"organiczni.eu\" \/>\n<meta property=\"article:publisher\" content=\"https:\/\/www.facebook.com\/organiczni\/\" \/>\n<meta property=\"article:published_time\" content=\"2015-11-06T07:07:28+00:00\" \/>\n<meta property=\"article:modified_time\" content=\"2018-01-11T09:29:37+00:00\" \/>\n<meta property=\"og:image\" content=\"https:\/\/baranowscy.eu\/wordpress\/wp-content\/uploads\/2015\/10\/mydla_w_kostce_AZS.jpg\" \/>\n\t<meta property=\"og:image:width\" content=\"1000\" \/>\n\t<meta property=\"og:image:height\" content=\"667\" \/>\n\t<meta property=\"og:image:type\" content=\"image\/jpeg\" \/>\n<meta name=\"author\" content=\"joanna\" \/>\n<meta name=\"twitter:card\" content=\"summary_large_image\" \/>\n<meta name=\"twitter:label1\" content=\"Napisane przez\" \/>\n\t<meta name=\"twitter:data1\" content=\"joanna\" \/>\n\t<meta name=\"twitter:label2\" content=\"Szacowany czas czytania\" \/>\n\t<meta name=\"twitter:data2\" content=\"19 minut\" \/>\n<script type=\"application\/ld+json\" class=\"yoast-schema-graph\">{\"@context\":\"https:\\\/\\\/schema.org\",\"@graph\":[{\"@type\":\"Article\",\"@id\":\"https:\\\/\\\/baranowscy.eu\\\/wordpress\\\/pielegnacja-skory-z-azs-naturalne-mydla-w-kostce\\\/#article\",\"isPartOf\":{\"@id\":\"https:\\\/\\\/baranowscy.eu\\\/wordpress\\\/pielegnacja-skory-z-azs-naturalne-mydla-w-kostce\\\/\"},\"author\":{\"name\":\"joanna\",\"@id\":\"https:\\\/\\\/baranowscy.eu\\\/wordpress\\\/#\\\/schema\\\/person\\\/741d5f1f3fd2833c5ca2ffdaaa93dc73\"},\"headline\":\"Piel\u0119gnacja sk\u00f3ry z AZS &#8211; naturalne myd\u0142a w kostce\",\"datePublished\":\"2015-11-06T07:07:28+00:00\",\"dateModified\":\"2018-01-11T09:29:37+00:00\",\"mainEntityOfPage\":{\"@id\":\"https:\\\/\\\/baranowscy.eu\\\/wordpress\\\/pielegnacja-skory-z-azs-naturalne-mydla-w-kostce\\\/\"},\"wordCount\":3834,\"commentCount\":9,\"publisher\":{\"@id\":\"https:\\\/\\\/baranowscy.eu\\\/wordpress\\\/#organization\"},\"image\":{\"@id\":\"https:\\\/\\\/baranowscy.eu\\\/wordpress\\\/pielegnacja-skory-z-azs-naturalne-mydla-w-kostce\\\/#primaryimage\"},\"thumbnailUrl\":\"https:\\\/\\\/baranowscy.eu\\\/wordpress\\\/wp-content\\\/uploads\\\/2015\\\/10\\\/mydla_w_kostce_AZS.jpg\",\"keywords\":[\"AZS\",\"czarne myd\u0142o afryka\u0144skie\",\"egzema\",\"Esent\",\"kosmetyki ekologiczne\",\"kosmetyki i piel\u0119gnacja\",\"kosmetyki naturalne\",\"KucaMagicneTrave\",\"melisa\",\"Ministerstwo Dobrego Myd\u0142a\",\"myd\u0142o\",\"myd\u0142o Aleppo\",\"myd\u0142o marsylskie\",\"myd\u0142o oliwkowe\",\"myd\u0142o oliwne\",\"olej palmowy\",\"Organique\",\"Powr\u00f3t do Natury\",\"RSPO\",\"Savon du Midi\"],\"articleSection\":[\"atopowe zapalenie sk\u00f3ry - AZS\",\"kosmetyki i piel\u0119gnacja\",\"piel\u0119gnacja cia\u0142a i d\u0142oni\"],\"inLanguage\":\"pl-PL\",\"potentialAction\":[{\"@type\":\"CommentAction\",\"name\":\"Comment\",\"target\":[\"https:\\\/\\\/baranowscy.eu\\\/wordpress\\\/pielegnacja-skory-z-azs-naturalne-mydla-w-kostce\\\/#respond\"]}]},{\"@type\":\"WebPage\",\"@id\":\"https:\\\/\\\/baranowscy.eu\\\/wordpress\\\/pielegnacja-skory-z-azs-naturalne-mydla-w-kostce\\\/\",\"url\":\"https:\\\/\\\/baranowscy.eu\\\/wordpress\\\/pielegnacja-skory-z-azs-naturalne-mydla-w-kostce\\\/\",\"name\":\"Piel\u0119gnacja sk\u00f3ry z AZS - naturalne myd\u0142a w kostce - organiczni.eu\",\"isPartOf\":{\"@id\":\"https:\\\/\\\/baranowscy.eu\\\/wordpress\\\/#website\"},\"primaryImageOfPage\":{\"@id\":\"https:\\\/\\\/baranowscy.eu\\\/wordpress\\\/pielegnacja-skory-z-azs-naturalne-mydla-w-kostce\\\/#primaryimage\"},\"image\":{\"@id\":\"https:\\\/\\\/baranowscy.eu\\\/wordpress\\\/pielegnacja-skory-z-azs-naturalne-mydla-w-kostce\\\/#primaryimage\"},\"thumbnailUrl\":\"https:\\\/\\\/baranowscy.eu\\\/wordpress\\\/wp-content\\\/uploads\\\/2015\\\/10\\\/mydla_w_kostce_AZS.jpg\",\"datePublished\":\"2015-11-06T07:07:28+00:00\",\"dateModified\":\"2018-01-11T09:29:37+00:00\",\"description\":\"Kt\u00f3re myd\u0142a w kostce wybra\u0107, je\u015bli nasza sk\u00f3ra wymaga szczeg\u00f3lnej piel\u0119gnacji, np. przy AZS? Kt\u00f3re myd\u0142a zawieraj\u0105 naturalne i delikatne sk\u0142adniki?\",\"breadcrumb\":{\"@id\":\"https:\\\/\\\/baranowscy.eu\\\/wordpress\\\/pielegnacja-skory-z-azs-naturalne-mydla-w-kostce\\\/#breadcrumb\"},\"inLanguage\":\"pl-PL\",\"potentialAction\":[{\"@type\":\"ReadAction\",\"target\":[\"https:\\\/\\\/baranowscy.eu\\\/wordpress\\\/pielegnacja-skory-z-azs-naturalne-mydla-w-kostce\\\/\"]}]},{\"@type\":\"ImageObject\",\"inLanguage\":\"pl-PL\",\"@id\":\"https:\\\/\\\/baranowscy.eu\\\/wordpress\\\/pielegnacja-skory-z-azs-naturalne-mydla-w-kostce\\\/#primaryimage\",\"url\":\"https:\\\/\\\/baranowscy.eu\\\/wordpress\\\/wp-content\\\/uploads\\\/2015\\\/10\\\/mydla_w_kostce_AZS.jpg\",\"contentUrl\":\"https:\\\/\\\/baranowscy.eu\\\/wordpress\\\/wp-content\\\/uploads\\\/2015\\\/10\\\/mydla_w_kostce_AZS.jpg\",\"width\":1000,\"height\":667},{\"@type\":\"BreadcrumbList\",\"@id\":\"https:\\\/\\\/baranowscy.eu\\\/wordpress\\\/pielegnacja-skory-z-azs-naturalne-mydla-w-kostce\\\/#breadcrumb\",\"itemListElement\":[{\"@type\":\"ListItem\",\"position\":1,\"name\":\"Strona g\u0142\u00f3wna\",\"item\":\"https:\\\/\\\/baranowscy.eu\\\/wordpress\\\/\"},{\"@type\":\"ListItem\",\"position\":2,\"name\":\"Piel\u0119gnacja sk\u00f3ry z AZS &#8211; naturalne myd\u0142a w kostce\"}]},{\"@type\":\"WebSite\",\"@id\":\"https:\\\/\\\/baranowscy.eu\\\/wordpress\\\/#website\",\"url\":\"https:\\\/\\\/baranowscy.eu\\\/wordpress\\\/\",\"name\":\"organiczni.eu\",\"description\":\"Najbardziej wszechstronny blog ekologiczny\",\"publisher\":{\"@id\":\"https:\\\/\\\/baranowscy.eu\\\/wordpress\\\/#organization\"},\"potentialAction\":[{\"@type\":\"SearchAction\",\"target\":{\"@type\":\"EntryPoint\",\"urlTemplate\":\"https:\\\/\\\/baranowscy.eu\\\/wordpress\\\/?s={search_term_string}\"},\"query-input\":{\"@type\":\"PropertyValueSpecification\",\"valueRequired\":true,\"valueName\":\"search_term_string\"}}],\"inLanguage\":\"pl-PL\"},{\"@type\":\"Organization\",\"@id\":\"https:\\\/\\\/baranowscy.eu\\\/wordpress\\\/#organization\",\"name\":\"organiczni.eu\",\"url\":\"https:\\\/\\\/baranowscy.eu\\\/wordpress\\\/\",\"logo\":{\"@type\":\"ImageObject\",\"inLanguage\":\"pl-PL\",\"@id\":\"https:\\\/\\\/baranowscy.eu\\\/wordpress\\\/#\\\/schema\\\/logo\\\/image\\\/\",\"url\":\"https:\\\/\\\/baranowscy.eu\\\/wordpress\\\/wp-content\\\/uploads\\\/2018\\\/01\\\/logo_duze.png\",\"contentUrl\":\"https:\\\/\\\/baranowscy.eu\\\/wordpress\\\/wp-content\\\/uploads\\\/2018\\\/01\\\/logo_duze.png\",\"width\":1398,\"height\":300,\"caption\":\"organiczni.eu\"},\"image\":{\"@id\":\"https:\\\/\\\/baranowscy.eu\\\/wordpress\\\/#\\\/schema\\\/logo\\\/image\\\/\"},\"sameAs\":[\"https:\\\/\\\/www.facebook.com\\\/organiczni\\\/\",\"https:\\\/\\\/www.instagram.com\\\/organiczni.eu\\\/\"]},{\"@type\":\"Person\",\"@id\":\"https:\\\/\\\/baranowscy.eu\\\/wordpress\\\/#\\\/schema\\\/person\\\/741d5f1f3fd2833c5ca2ffdaaa93dc73\",\"name\":\"joanna\",\"image\":{\"@type\":\"ImageObject\",\"inLanguage\":\"pl-PL\",\"@id\":\"https:\\\/\\\/secure.gravatar.com\\\/avatar\\\/a59b1be4fa5d200ee0af0ba4bbcdb691da1d589b419bae23d7aa5a15d820e28e?s=96&d=identicon&r=g\",\"url\":\"https:\\\/\\\/secure.gravatar.com\\\/avatar\\\/a59b1be4fa5d200ee0af0ba4bbcdb691da1d589b419bae23d7aa5a15d820e28e?s=96&d=identicon&r=g\",\"contentUrl\":\"https:\\\/\\\/secure.gravatar.com\\\/avatar\\\/a59b1be4fa5d200ee0af0ba4bbcdb691da1d589b419bae23d7aa5a15d820e28e?s=96&d=identicon&r=g\",\"caption\":\"joanna\"},\"sameAs\":[\"https:\\\/\\\/organiczni.baranowscy.eu\"],\"url\":\"https:\\\/\\\/baranowscy.eu\\\/wordpress\\\/author\\\/admin\\\/\"}]}<\/script>\n<!-- \/ Yoast SEO plugin. -->","yoast_head_json":{"title":"Piel\u0119gnacja sk\u00f3ry z AZS - naturalne myd\u0142a w kostce - organiczni.eu","description":"Kt\u00f3re myd\u0142a w kostce wybra\u0107, je\u015bli nasza sk\u00f3ra wymaga szczeg\u00f3lnej piel\u0119gnacji, np. przy AZS? Kt\u00f3re myd\u0142a zawieraj\u0105 naturalne i delikatne sk\u0142adniki?","robots":{"index":"index","follow":"follow","max-snippet":"max-snippet:-1","max-image-preview":"max-image-preview:large","max-video-preview":"max-video-preview:-1"},"canonical":"https:\/\/baranowscy.eu\/wordpress\/pielegnacja-skory-z-azs-naturalne-mydla-w-kostce\/","og_locale":"pl_PL","og_type":"article","og_title":"Piel\u0119gnacja sk\u00f3ry z AZS - naturalne myd\u0142a w kostce - organiczni.eu","og_description":"Kt\u00f3re myd\u0142a w kostce wybra\u0107, je\u015bli nasza sk\u00f3ra wymaga szczeg\u00f3lnej piel\u0119gnacji, np. przy AZS? Kt\u00f3re myd\u0142a zawieraj\u0105 naturalne i delikatne sk\u0142adniki?","og_url":"https:\/\/baranowscy.eu\/wordpress\/pielegnacja-skory-z-azs-naturalne-mydla-w-kostce\/","og_site_name":"organiczni.eu","article_publisher":"https:\/\/www.facebook.com\/organiczni\/","article_published_time":"2015-11-06T07:07:28+00:00","article_modified_time":"2018-01-11T09:29:37+00:00","og_image":[{"width":1000,"height":667,"url":"https:\/\/baranowscy.eu\/wordpress\/wp-content\/uploads\/2015\/10\/mydla_w_kostce_AZS.jpg","type":"image\/jpeg"}],"author":"joanna","twitter_card":"summary_large_image","twitter_misc":{"Napisane przez":"joanna","Szacowany czas czytania":"19 minut"},"schema":{"@context":"https:\/\/schema.org","@graph":[{"@type":"Article","@id":"https:\/\/baranowscy.eu\/wordpress\/pielegnacja-skory-z-azs-naturalne-mydla-w-kostce\/#article","isPartOf":{"@id":"https:\/\/baranowscy.eu\/wordpress\/pielegnacja-skory-z-azs-naturalne-mydla-w-kostce\/"},"author":{"name":"joanna","@id":"https:\/\/baranowscy.eu\/wordpress\/#\/schema\/person\/741d5f1f3fd2833c5ca2ffdaaa93dc73"},"headline":"Piel\u0119gnacja sk\u00f3ry z AZS &#8211; naturalne myd\u0142a w kostce","datePublished":"2015-11-06T07:07:28+00:00","dateModified":"2018-01-11T09:29:37+00:00","mainEntityOfPage":{"@id":"https:\/\/baranowscy.eu\/wordpress\/pielegnacja-skory-z-azs-naturalne-mydla-w-kostce\/"},"wordCount":3834,"commentCount":9,"publisher":{"@id":"https:\/\/baranowscy.eu\/wordpress\/#organization"},"image":{"@id":"https:\/\/baranowscy.eu\/wordpress\/pielegnacja-skory-z-azs-naturalne-mydla-w-kostce\/#primaryimage"},"thumbnailUrl":"https:\/\/baranowscy.eu\/wordpress\/wp-content\/uploads\/2015\/10\/mydla_w_kostce_AZS.jpg","keywords":["AZS","czarne myd\u0142o afryka\u0144skie","egzema","Esent","kosmetyki ekologiczne","kosmetyki i piel\u0119gnacja","kosmetyki naturalne","KucaMagicneTrave","melisa","Ministerstwo Dobrego Myd\u0142a","myd\u0142o","myd\u0142o Aleppo","myd\u0142o marsylskie","myd\u0142o oliwkowe","myd\u0142o oliwne","olej palmowy","Organique","Powr\u00f3t do Natury","RSPO","Savon du Midi"],"articleSection":["atopowe zapalenie sk\u00f3ry - AZS","kosmetyki i piel\u0119gnacja","piel\u0119gnacja cia\u0142a i d\u0142oni"],"inLanguage":"pl-PL","potentialAction":[{"@type":"CommentAction","name":"Comment","target":["https:\/\/baranowscy.eu\/wordpress\/pielegnacja-skory-z-azs-naturalne-mydla-w-kostce\/#respond"]}]},{"@type":"WebPage","@id":"https:\/\/baranowscy.eu\/wordpress\/pielegnacja-skory-z-azs-naturalne-mydla-w-kostce\/","url":"https:\/\/baranowscy.eu\/wordpress\/pielegnacja-skory-z-azs-naturalne-mydla-w-kostce\/","name":"Piel\u0119gnacja sk\u00f3ry z AZS - naturalne myd\u0142a w kostce - organiczni.eu","isPartOf":{"@id":"https:\/\/baranowscy.eu\/wordpress\/#website"},"primaryImageOfPage":{"@id":"https:\/\/baranowscy.eu\/wordpress\/pielegnacja-skory-z-azs-naturalne-mydla-w-kostce\/#primaryimage"},"image":{"@id":"https:\/\/baranowscy.eu\/wordpress\/pielegnacja-skory-z-azs-naturalne-mydla-w-kostce\/#primaryimage"},"thumbnailUrl":"https:\/\/baranowscy.eu\/wordpress\/wp-content\/uploads\/2015\/10\/mydla_w_kostce_AZS.jpg","datePublished":"2015-11-06T07:07:28+00:00","dateModified":"2018-01-11T09:29:37+00:00","description":"Kt\u00f3re myd\u0142a w kostce wybra\u0107, je\u015bli nasza sk\u00f3ra wymaga szczeg\u00f3lnej piel\u0119gnacji, np. przy AZS? Kt\u00f3re myd\u0142a zawieraj\u0105 naturalne i delikatne sk\u0142adniki?","breadcrumb":{"@id":"https:\/\/baranowscy.eu\/wordpress\/pielegnacja-skory-z-azs-naturalne-mydla-w-kostce\/#breadcrumb"},"inLanguage":"pl-PL","potentialAction":[{"@type":"ReadAction","target":["https:\/\/baranowscy.eu\/wordpress\/pielegnacja-skory-z-azs-naturalne-mydla-w-kostce\/"]}]},{"@type":"ImageObject","inLanguage":"pl-PL","@id":"https:\/\/baranowscy.eu\/wordpress\/pielegnacja-skory-z-azs-naturalne-mydla-w-kostce\/#primaryimage","url":"https:\/\/baranowscy.eu\/wordpress\/wp-content\/uploads\/2015\/10\/mydla_w_kostce_AZS.jpg","contentUrl":"https:\/\/baranowscy.eu\/wordpress\/wp-content\/uploads\/2015\/10\/mydla_w_kostce_AZS.jpg","width":1000,"height":667},{"@type":"BreadcrumbList","@id":"https:\/\/baranowscy.eu\/wordpress\/pielegnacja-skory-z-azs-naturalne-mydla-w-kostce\/#breadcrumb","itemListElement":[{"@type":"ListItem","position":1,"name":"Strona g\u0142\u00f3wna","item":"https:\/\/baranowscy.eu\/wordpress\/"},{"@type":"ListItem","position":2,"name":"Piel\u0119gnacja sk\u00f3ry z AZS &#8211; naturalne myd\u0142a w kostce"}]},{"@type":"WebSite","@id":"https:\/\/baranowscy.eu\/wordpress\/#website","url":"https:\/\/baranowscy.eu\/wordpress\/","name":"organiczni.eu","description":"Najbardziej wszechstronny blog ekologiczny","publisher":{"@id":"https:\/\/baranowscy.eu\/wordpress\/#organization"},"potentialAction":[{"@type":"SearchAction","target":{"@type":"EntryPoint","urlTemplate":"https:\/\/baranowscy.eu\/wordpress\/?s={search_term_string}"},"query-input":{"@type":"PropertyValueSpecification","valueRequired":true,"valueName":"search_term_string"}}],"inLanguage":"pl-PL"},{"@type":"Organization","@id":"https:\/\/baranowscy.eu\/wordpress\/#organization","name":"organiczni.eu","url":"https:\/\/baranowscy.eu\/wordpress\/","logo":{"@type":"ImageObject","inLanguage":"pl-PL","@id":"https:\/\/baranowscy.eu\/wordpress\/#\/schema\/logo\/image\/","url":"https:\/\/baranowscy.eu\/wordpress\/wp-content\/uploads\/2018\/01\/logo_duze.png","contentUrl":"https:\/\/baranowscy.eu\/wordpress\/wp-content\/uploads\/2018\/01\/logo_duze.png","width":1398,"height":300,"caption":"organiczni.eu"},"image":{"@id":"https:\/\/baranowscy.eu\/wordpress\/#\/schema\/logo\/image\/"},"sameAs":["https:\/\/www.facebook.com\/organiczni\/","https:\/\/www.instagram.com\/organiczni.eu\/"]},{"@type":"Person","@id":"https:\/\/baranowscy.eu\/wordpress\/#\/schema\/person\/741d5f1f3fd2833c5ca2ffdaaa93dc73","name":"joanna","image":{"@type":"ImageObject","inLanguage":"pl-PL","@id":"https:\/\/secure.gravatar.com\/avatar\/a59b1be4fa5d200ee0af0ba4bbcdb691da1d589b419bae23d7aa5a15d820e28e?s=96&d=identicon&r=g","url":"https:\/\/secure.gravatar.com\/avatar\/a59b1be4fa5d200ee0af0ba4bbcdb691da1d589b419bae23d7aa5a15d820e28e?s=96&d=identicon&r=g","contentUrl":"https:\/\/secure.gravatar.com\/avatar\/a59b1be4fa5d200ee0af0ba4bbcdb691da1d589b419bae23d7aa5a15d820e28e?s=96&d=identicon&r=g","caption":"joanna"},"sameAs":["https:\/\/organiczni.baranowscy.eu"],"url":"https:\/\/baranowscy.eu\/wordpress\/author\/admin\/"}]}},"jetpack_featured_media_url":"https:\/\/baranowscy.eu\/wordpress\/wp-content\/uploads\/2015\/10\/mydla_w_kostce_AZS.jpg","jetpack_sharing_enabled":true,"_links":{"self":[{"href":"https:\/\/baranowscy.eu\/wordpress\/wp-json\/wp\/v2\/posts\/4458","targetHints":{"allow":["GET"]}}],"collection":[{"href":"https:\/\/baranowscy.eu\/wordpress\/wp-json\/wp\/v2\/posts"}],"about":[{"href":"https:\/\/baranowscy.eu\/wordpress\/wp-json\/wp\/v2\/types\/post"}],"author":[{"embeddable":true,"href":"https:\/\/baranowscy.eu\/wordpress\/wp-json\/wp\/v2\/users\/1"}],"replies":[{"embeddable":true,"href":"https:\/\/baranowscy.eu\/wordpress\/wp-json\/wp\/v2\/comments?post=4458"}],"version-history":[{"count":39,"href":"https:\/\/baranowscy.eu\/wordpress\/wp-json\/wp\/v2\/posts\/4458\/revisions"}],"predecessor-version":[{"id":7388,"href":"https:\/\/baranowscy.eu\/wordpress\/wp-json\/wp\/v2\/posts\/4458\/revisions\/7388"}],"wp:featuredmedia":[{"embeddable":true,"href":"https:\/\/baranowscy.eu\/wordpress\/wp-json\/wp\/v2\/media\/4552"}],"wp:attachment":[{"href":"https:\/\/baranowscy.eu\/wordpress\/wp-json\/wp\/v2\/media?parent=4458"}],"wp:term":[{"taxonomy":"category","embeddable":true,"href":"https:\/\/baranowscy.eu\/wordpress\/wp-json\/wp\/v2\/categories?post=4458"},{"taxonomy":"post_tag","embeddable":true,"href":"https:\/\/baranowscy.eu\/wordpress\/wp-json\/wp\/v2\/tags?post=4458"}],"curies":[{"name":"wp","href":"https:\/\/api.w.org\/{rel}","templated":true}]}}