{"id":4393,"date":"2015-10-07T00:23:39","date_gmt":"2015-10-06T22:23:39","guid":{"rendered":"http:\/\/baranowscy.eu\/wordpress\/?p=4393"},"modified":"2015-10-07T09:39:27","modified_gmt":"2015-10-07T07:39:27","slug":"czy-prasowanie-jest-ekologiczne","status":"publish","type":"post","link":"https:\/\/baranowscy.eu\/wordpress\/czy-prasowanie-jest-ekologiczne\/","title":{"rendered":"Czy prasowanie jest ekologiczne?"},"content":{"rendered":"<p><strong>Chyba nie zdziwi Was moja odpowied\u017a: absolutnie nie jest. Zanim jednak przekonam Was do zmiany nawyk\u00f3w, przedstawi\u0119 kilka fakt\u00f3w.<\/strong><\/p>\n<p><a href=\"https:\/\/baranowscy.eu\/wordpress\/wp-content\/uploads\/2015\/10\/masz_wybor_nie_prasuj1.jpg\"><img loading=\"lazy\" decoding=\"async\" class=\"aligncenter size-full wp-image-4421\" src=\"https:\/\/baranowscy.eu\/wordpress\/wp-content\/uploads\/2015\/10\/masz_wybor_nie_prasuj1.jpg\" alt=\"masz_wybor_nie_prasuj\" width=\"640\" height=\"427\" srcset=\"https:\/\/baranowscy.eu\/wordpress\/wp-content\/uploads\/2015\/10\/masz_wybor_nie_prasuj1.jpg 640w, https:\/\/baranowscy.eu\/wordpress\/wp-content\/uploads\/2015\/10\/masz_wybor_nie_prasuj1-300x200.jpg 300w, https:\/\/baranowscy.eu\/wordpress\/wp-content\/uploads\/2015\/10\/masz_wybor_nie_prasuj1-600x400.jpg 600w\" sizes=\"auto, (max-width: 640px) 100vw, 640px\" \/><\/a><\/p>\n<p>Zaczn\u0119 mo\u017ce od nas. Mamy w domu \u017celazko, kt\u00f3re kupili\u015bmy w 2007 roku \u2013 by\u0142 to pierwszy wsp\u00f3lny zakup do naszego domu. Trzymamy je jednak nie z sentymentu, ale dlatego, \u017ce <strong>czasami<\/strong> jest potrzebne. Raz na miesi\u0105c, a nawet rzadziej, kiedy potrzebujemy za\u0142o\u017cy\u0107 koszul\u0119 mniej pogniecion\u0105 ni\u017c zwykle, wyci\u0105gamy z szafy starego Tefala. Dwa razy do roku prasuj\u0119 obrus, czasem co\u015b, co musi \u0142adnie wygl\u0105da\u0107 na zdj\u0119ciu.<!--more--><\/p>\n<p><strong>\u017belazko bywa potrzebne, na przyk\u0142ad kiedy okazuje si\u0119, \u017ce dzieci maj\u0105 paso\u017cyty.<\/strong> Prasowanie bielizny, po\u015bcieli, pi\u017cam itp. przez okres leczenia (g\u0142\u00f3wnie my\u015bl\u0119 o owsikach) jest wa\u017cnym elementem walki z robakami. Bywa te\u017c niezb\u0119dnym sprz\u0119tem, gdy <strong>w domu mieszka<\/strong> <strong>osoba silnie uczulona na odchody roztoczy<\/strong> \u2013 prasowanie tkanin to jedna z metod ograniczania populacji tych paj\u0119czak\u00f3w, dzi\u0119ki czemu mo\u017cna zmniejszy\u0107 objawy alergii. Dodam, \u017ce metoda bardzo droga i czasoch\u0142onna.<\/p>\n<p>Je\u015bli jednak nie jeste\u015bmy zmuszeni do prasowania ubra\u0144 czy po\u015bcieli z powod\u00f3w zdrowotnych czy zawodowych (przy du\u017cych ilo\u015bciach np. koszul by\u0107 mo\u017ce bardziej op\u0142acalne jest oddanie ich do prasowalni?), warto przemy\u015ble\u0107 rezygnacj\u0119 z u\u017cywania \u017celazka cz\u0119\u015bciej ni\u017c raz na jaki\u015b czas.<\/p>\n<p><a href=\"https:\/\/baranowscy.eu\/wordpress\/wp-content\/uploads\/2015\/10\/prasowanie_4.jpg\"><img loading=\"lazy\" decoding=\"async\" class=\"aligncenter size-full wp-image-4422\" src=\"https:\/\/baranowscy.eu\/wordpress\/wp-content\/uploads\/2015\/10\/prasowanie_4.jpg\" alt=\"prasowanie_4\" width=\"640\" height=\"427\" srcset=\"https:\/\/baranowscy.eu\/wordpress\/wp-content\/uploads\/2015\/10\/prasowanie_4.jpg 640w, https:\/\/baranowscy.eu\/wordpress\/wp-content\/uploads\/2015\/10\/prasowanie_4-300x200.jpg 300w, https:\/\/baranowscy.eu\/wordpress\/wp-content\/uploads\/2015\/10\/prasowanie_4-600x400.jpg 600w\" sizes=\"auto, (max-width: 640px) 100vw, 640px\" \/><\/a><\/p>\n<p><strong>Prasowanie nie jest ekologiczne. Po\u017cera mn\u00f3stwo pr\u0105du (ilo\u015b\u0107 zu\u017cytej wody raczej nie jest du\u017ca), a w wi\u0119kszo\u015bci wypadk\u00f3w jest zupe\u0142nie niepotrzebne.<\/strong> Oczywi\u015bcie, s\u0105 tkaniny, kt\u00f3re po praniu po prostu musz\u0105 zosta\u0107 wyprasowane, aby wygl\u0105da\u0107 dobrze, np. jedwab. Wi\u0119kszo\u015b\u0107 naszych ubra\u0144 jest jednak z bawe\u0142ny lub tworzyw sztucznych. <strong>Ich prasowanie zapewne poprawia w jaki\u015b spos\u00f3b komfort noszenia, ale nie jest oboj\u0119tne ani dla \u015brodowiska, ani dla naszego portfela.<\/strong> Tkaniny tak\u017ce mog\u0105 straci\u0107 swoje w\u0142a\u015bciwo\u015bci, poddawane wysokiej temperaturze, mog\u0105 tak\u017ce zosta\u0107 wyb\u0142yszczone \u017celazkiem.<\/p>\n<p><strong>Kilka domowych sztuczek sprawi, \u017ce odkryjecie \u015bwiat bez \u017celazka. A wszystkie zaoszcz\u0119dzone minuty mo\u017cecie przeznaczy\u0107 na spacer!<\/strong><\/p>\n<p><strong><div class='dropshadowboxes-container ' style='width:640px;'>\r\n                            <div class='dropshadowboxes-drop-shadow dropshadowboxes-rounded-corners dropshadowboxes-lifted-both dropshadowboxes-effect-default' style=' border: 1px solid #dddddd; height:; background-color:#fbe74d;    '>\r\n                            Co zrobi\u0107, aby nie musie\u0107 prasowa\u0107:<\/strong><\/p>\n<ul>\n<li><strong>schowaj \u017celazko g\u0142\u0119boko do szafy<\/strong> i trzymaj na specjalne okazje,<\/li>\n<li><strong>nie wiruj ubra\u0144, kt\u00f3re \u0142atwo si\u0119 gniot\u0105<\/strong> \u2013 po wyj\u0119ciu z pralki strzep je, wyg\u0142ad\u017a i mokre rozwie\u015b np. na wieszaku do wyschni\u0119cia,<\/li>\n<li><strong>ubrania susz w pozycji pionowej<\/strong>, na wieszakach, dzi\u0119ki czemu mniej si\u0119 pogniot\u0105, zaoszcz\u0119dzisz r\u00f3wnie\u017c miejsce, chyba \u017ce na metce znajduj\u0105 si\u0119 inne zalecenia (dotyczy to np. swetr\u00f3w),<\/li>\n<li><strong>nie u\u017cywaj suszarki b\u0119bnowej<\/strong> \u2013 to tak\u017ce obci\u0105\u017cenie dla \u015brodowiska,<\/li>\n<li>najbardziej ekologiczne jest <strong>suszenie nieodwirowanego prania na \u015bwie\u017cym powietrzu<\/strong> \u2013 oszcz\u0119dzasz czas i pr\u0105d, a ubrania zyskuj\u0105 na \u015bwie\u017co\u015bci,<\/li>\n<li>w sezonie grzewczym pranie susz\u0105ce si\u0119 np. na suszarce stoj\u0105cej znakomicie <strong>nawil\u017cy powietrze<\/strong>, trzeba jednak uwa\u017ca\u0107 na dobr\u0105 wentylacj\u0119 pomieszcze\u0144 \u2013 du\u017ce zawilgocenie i ciep\u0142o sprzyjaj\u0105 rozwojowi szkodliwych grzyb\u00f3w.<strong>\r\n                            <\/div>\r\n                        <\/div><\/strong><\/li>\n<\/ul>\n<p><a href=\"https:\/\/baranowscy.eu\/wordpress\/wp-content\/uploads\/2015\/10\/prasowanie_5.jpg\"><img loading=\"lazy\" decoding=\"async\" class=\"aligncenter size-full wp-image-4423\" src=\"https:\/\/baranowscy.eu\/wordpress\/wp-content\/uploads\/2015\/10\/prasowanie_5.jpg\" alt=\"prasowanie_5\" width=\"640\" height=\"427\" srcset=\"https:\/\/baranowscy.eu\/wordpress\/wp-content\/uploads\/2015\/10\/prasowanie_5.jpg 640w, https:\/\/baranowscy.eu\/wordpress\/wp-content\/uploads\/2015\/10\/prasowanie_5-300x200.jpg 300w, https:\/\/baranowscy.eu\/wordpress\/wp-content\/uploads\/2015\/10\/prasowanie_5-600x400.jpg 600w\" sizes=\"auto, (max-width: 640px) 100vw, 640px\" \/><\/a><\/p>\n<p><strong><div class='dropshadowboxes-container ' style='width:640px;'>\r\n                            <div class='dropshadowboxes-drop-shadow dropshadowboxes-rounded-corners dropshadowboxes-lifted-both dropshadowboxes-effect-default' style=' border: 1px solid #dddddd; height:; background-color:#fbe74d;    '>\r\n                            Je\u015bli musisz co\u015b uprasowa\u0107, skorzystaj z poni\u017cszych rad, aby jak najmniej obci\u0105\u017cy\u0107 swoj\u0105 kiesze\u0144 i \u015brodowisko:<\/strong><\/p>\n<ul>\n<li><strong>dbaj o \u017celazko<\/strong> \u2013 sprawdzaj, czy nie zebra\u0142 si\u0119 kamie\u0144 w pojemniku na wod\u0119, u\u017cywaj tylko czystej wody,<\/li>\n<li><strong>zbierz wi\u0119ksz\u0105 stert\u0119 ubra\u0144<\/strong> do prasowania, \u017ceby nie w\u0142\u0105cza\u0107 \u017celazka dla jednej koszuli,<\/li>\n<li>je\u015bli musisz na chwil\u0119 odej\u015b\u0107 od deski do prasowania, <strong>wy\u0142\u0105cz \u017celazko<\/strong>,<\/li>\n<li><strong>ustawiaj temperatur\u0119 odpowiedni\u0105 do danej tkaniny<\/strong> \u2013 za gor\u0105ca zniszczy materia\u0142, za s\u0142aba b\u0119dzie nieskuteczna,<\/li>\n<li><strong>wy\u0142\u0105czaj \u017celazko pod koniec prasowania<\/strong> &#8211; zanim ostygnie, spokojnie uprasujesz jeszcze dwie rzeczy,<\/li>\n<li><strong>prasuj rzeczy jeszcze lekko wilgotne<\/strong>, \u0142atwiej rozprasujesz zagniecenia.<strong>\r\n                            <\/div>\r\n                        <\/div><\/strong><\/li>\n<\/ul>\n<p>Mam nadziej\u0119, \u017ce Was zainspirowa\u0142am! Rezygnacja z prasowania to oszcz\u0119dno\u015b\u0107 czasu i energii &#8211; naszej i tej elektrycznej. Mniej nerw\u00f3w i brak uci\u0105\u017cliwej sterty, czekaj\u0105cych na sw\u00f3j dzie\u0144.<\/p>\n<p><strong>A je\u015bli bez prasowania nie wyobra\u017cacie sobie ju\u017c \u017cycia, spr\u00f3bujcie ograniczy\u0107 je tylko do niezb\u0119dnych ubra\u0144. Zobaczycie, jaka to ulga.<\/strong><\/p>\n","protected":false},"excerpt":{"rendered":"<p>Chyba nie zdziwi Was moja odpowied\u017a: absolutnie nie jest. Zanim jednak przekonam Was do zmiany nawyk\u00f3w, przedstawi\u0119 kilka fakt\u00f3w. Zaczn\u0119 mo\u017ce od nas. Mamy w&hellip;<\/p>\n","protected":false},"author":1,"featured_media":4421,"comment_status":"open","ping_status":"open","sticky":false,"template":"","format":"standard","meta":{"_jetpack_memberships_contains_paid_content":false,"footnotes":""},"categories":[313,2],"tags":[1358,252,845,846,843,844],"class_list":["post-4393","post","type-post","status-publish","format-standard","has-post-thumbnail","hentry","category-ekodylematy","category-slowo-od-autora","tag-ekodylematy","tag-ekologiczne-pranie","tag-energia-elektryczna","tag-oszczednosc","tag-prasowanie","tag-zelazko"],"yoast_head":"<!-- This site is optimized with the Yoast SEO plugin v27.5 - https:\/\/yoast.com\/product\/yoast-seo-wordpress\/ -->\n<title>Czy prasowanie jest ekologiczne? - organiczni.eu<\/title>\n<meta name=\"robots\" content=\"index, follow, max-snippet:-1, max-image-preview:large, max-video-preview:-1\" \/>\n<link rel=\"canonical\" href=\"https:\/\/baranowscy.eu\/wordpress\/czy-prasowanie-jest-ekologiczne\/\" \/>\n<meta property=\"og:locale\" content=\"pl_PL\" \/>\n<meta property=\"og:type\" content=\"article\" \/>\n<meta property=\"og:title\" content=\"Czy prasowanie jest ekologiczne? - organiczni.eu\" \/>\n<meta property=\"og:description\" content=\"Chyba nie zdziwi Was moja odpowied\u017a: absolutnie nie jest. Zanim jednak przekonam Was do zmiany nawyk\u00f3w, przedstawi\u0119 kilka fakt\u00f3w. Zaczn\u0119 mo\u017ce od nas. Mamy w&hellip;\" \/>\n<meta property=\"og:url\" content=\"https:\/\/baranowscy.eu\/wordpress\/czy-prasowanie-jest-ekologiczne\/\" \/>\n<meta property=\"og:site_name\" content=\"organiczni.eu\" \/>\n<meta property=\"article:publisher\" content=\"https:\/\/www.facebook.com\/organiczni\/\" \/>\n<meta property=\"article:published_time\" content=\"2015-10-06T22:23:39+00:00\" \/>\n<meta property=\"article:modified_time\" content=\"2015-10-07T07:39:27+00:00\" \/>\n<meta property=\"og:image\" content=\"https:\/\/baranowscy.eu\/wordpress\/wp-content\/uploads\/2015\/10\/masz_wybor_nie_prasuj1.jpg\" \/>\n\t<meta property=\"og:image:width\" content=\"640\" \/>\n\t<meta property=\"og:image:height\" content=\"427\" \/>\n\t<meta property=\"og:image:type\" content=\"image\/jpeg\" \/>\n<meta name=\"author\" content=\"joanna\" \/>\n<meta name=\"twitter:card\" content=\"summary_large_image\" \/>\n<meta name=\"twitter:label1\" content=\"Napisane przez\" \/>\n\t<meta name=\"twitter:data1\" content=\"joanna\" \/>\n\t<meta name=\"twitter:label2\" content=\"Szacowany czas czytania\" \/>\n\t<meta name=\"twitter:data2\" content=\"4 minuty\" \/>\n<script type=\"application\/ld+json\" class=\"yoast-schema-graph\">{\"@context\":\"https:\\\/\\\/schema.org\",\"@graph\":[{\"@type\":\"Article\",\"@id\":\"https:\\\/\\\/baranowscy.eu\\\/wordpress\\\/czy-prasowanie-jest-ekologiczne\\\/#article\",\"isPartOf\":{\"@id\":\"https:\\\/\\\/baranowscy.eu\\\/wordpress\\\/czy-prasowanie-jest-ekologiczne\\\/\"},\"author\":{\"name\":\"joanna\",\"@id\":\"https:\\\/\\\/baranowscy.eu\\\/wordpress\\\/#\\\/schema\\\/person\\\/741d5f1f3fd2833c5ca2ffdaaa93dc73\"},\"headline\":\"Czy prasowanie jest ekologiczne?\",\"datePublished\":\"2015-10-06T22:23:39+00:00\",\"dateModified\":\"2015-10-07T07:39:27+00:00\",\"mainEntityOfPage\":{\"@id\":\"https:\\\/\\\/baranowscy.eu\\\/wordpress\\\/czy-prasowanie-jest-ekologiczne\\\/\"},\"wordCount\":710,\"commentCount\":2,\"publisher\":{\"@id\":\"https:\\\/\\\/baranowscy.eu\\\/wordpress\\\/#organization\"},\"image\":{\"@id\":\"https:\\\/\\\/baranowscy.eu\\\/wordpress\\\/czy-prasowanie-jest-ekologiczne\\\/#primaryimage\"},\"thumbnailUrl\":\"https:\\\/\\\/baranowscy.eu\\\/wordpress\\\/wp-content\\\/uploads\\\/2015\\\/10\\\/masz_wybor_nie_prasuj1.jpg\",\"keywords\":[\"ekodylematy\",\"ekologiczne pranie\",\"energia elektryczna\",\"oszcz\u0119dno\u015b\u0107\",\"prasowanie\",\"\u017celazko\"],\"articleSection\":[\"ekodylematy\",\"s\u0142owo od autora\"],\"inLanguage\":\"pl-PL\",\"potentialAction\":[{\"@type\":\"CommentAction\",\"name\":\"Comment\",\"target\":[\"https:\\\/\\\/baranowscy.eu\\\/wordpress\\\/czy-prasowanie-jest-ekologiczne\\\/#respond\"]}]},{\"@type\":\"WebPage\",\"@id\":\"https:\\\/\\\/baranowscy.eu\\\/wordpress\\\/czy-prasowanie-jest-ekologiczne\\\/\",\"url\":\"https:\\\/\\\/baranowscy.eu\\\/wordpress\\\/czy-prasowanie-jest-ekologiczne\\\/\",\"name\":\"Czy prasowanie jest ekologiczne? - organiczni.eu\",\"isPartOf\":{\"@id\":\"https:\\\/\\\/baranowscy.eu\\\/wordpress\\\/#website\"},\"primaryImageOfPage\":{\"@id\":\"https:\\\/\\\/baranowscy.eu\\\/wordpress\\\/czy-prasowanie-jest-ekologiczne\\\/#primaryimage\"},\"image\":{\"@id\":\"https:\\\/\\\/baranowscy.eu\\\/wordpress\\\/czy-prasowanie-jest-ekologiczne\\\/#primaryimage\"},\"thumbnailUrl\":\"https:\\\/\\\/baranowscy.eu\\\/wordpress\\\/wp-content\\\/uploads\\\/2015\\\/10\\\/masz_wybor_nie_prasuj1.jpg\",\"datePublished\":\"2015-10-06T22:23:39+00:00\",\"dateModified\":\"2015-10-07T07:39:27+00:00\",\"breadcrumb\":{\"@id\":\"https:\\\/\\\/baranowscy.eu\\\/wordpress\\\/czy-prasowanie-jest-ekologiczne\\\/#breadcrumb\"},\"inLanguage\":\"pl-PL\",\"potentialAction\":[{\"@type\":\"ReadAction\",\"target\":[\"https:\\\/\\\/baranowscy.eu\\\/wordpress\\\/czy-prasowanie-jest-ekologiczne\\\/\"]}]},{\"@type\":\"ImageObject\",\"inLanguage\":\"pl-PL\",\"@id\":\"https:\\\/\\\/baranowscy.eu\\\/wordpress\\\/czy-prasowanie-jest-ekologiczne\\\/#primaryimage\",\"url\":\"https:\\\/\\\/baranowscy.eu\\\/wordpress\\\/wp-content\\\/uploads\\\/2015\\\/10\\\/masz_wybor_nie_prasuj1.jpg\",\"contentUrl\":\"https:\\\/\\\/baranowscy.eu\\\/wordpress\\\/wp-content\\\/uploads\\\/2015\\\/10\\\/masz_wybor_nie_prasuj1.jpg\",\"width\":640,\"height\":427},{\"@type\":\"BreadcrumbList\",\"@id\":\"https:\\\/\\\/baranowscy.eu\\\/wordpress\\\/czy-prasowanie-jest-ekologiczne\\\/#breadcrumb\",\"itemListElement\":[{\"@type\":\"ListItem\",\"position\":1,\"name\":\"Strona g\u0142\u00f3wna\",\"item\":\"https:\\\/\\\/baranowscy.eu\\\/wordpress\\\/\"},{\"@type\":\"ListItem\",\"position\":2,\"name\":\"Czy prasowanie jest ekologiczne?\"}]},{\"@type\":\"WebSite\",\"@id\":\"https:\\\/\\\/baranowscy.eu\\\/wordpress\\\/#website\",\"url\":\"https:\\\/\\\/baranowscy.eu\\\/wordpress\\\/\",\"name\":\"organiczni.eu\",\"description\":\"Najbardziej wszechstronny blog ekologiczny\",\"publisher\":{\"@id\":\"https:\\\/\\\/baranowscy.eu\\\/wordpress\\\/#organization\"},\"potentialAction\":[{\"@type\":\"SearchAction\",\"target\":{\"@type\":\"EntryPoint\",\"urlTemplate\":\"https:\\\/\\\/baranowscy.eu\\\/wordpress\\\/?s={search_term_string}\"},\"query-input\":{\"@type\":\"PropertyValueSpecification\",\"valueRequired\":true,\"valueName\":\"search_term_string\"}}],\"inLanguage\":\"pl-PL\"},{\"@type\":\"Organization\",\"@id\":\"https:\\\/\\\/baranowscy.eu\\\/wordpress\\\/#organization\",\"name\":\"organiczni.eu\",\"url\":\"https:\\\/\\\/baranowscy.eu\\\/wordpress\\\/\",\"logo\":{\"@type\":\"ImageObject\",\"inLanguage\":\"pl-PL\",\"@id\":\"https:\\\/\\\/baranowscy.eu\\\/wordpress\\\/#\\\/schema\\\/logo\\\/image\\\/\",\"url\":\"https:\\\/\\\/baranowscy.eu\\\/wordpress\\\/wp-content\\\/uploads\\\/2018\\\/01\\\/logo_duze.png\",\"contentUrl\":\"https:\\\/\\\/baranowscy.eu\\\/wordpress\\\/wp-content\\\/uploads\\\/2018\\\/01\\\/logo_duze.png\",\"width\":1398,\"height\":300,\"caption\":\"organiczni.eu\"},\"image\":{\"@id\":\"https:\\\/\\\/baranowscy.eu\\\/wordpress\\\/#\\\/schema\\\/logo\\\/image\\\/\"},\"sameAs\":[\"https:\\\/\\\/www.facebook.com\\\/organiczni\\\/\",\"https:\\\/\\\/www.instagram.com\\\/organiczni.eu\\\/\"]},{\"@type\":\"Person\",\"@id\":\"https:\\\/\\\/baranowscy.eu\\\/wordpress\\\/#\\\/schema\\\/person\\\/741d5f1f3fd2833c5ca2ffdaaa93dc73\",\"name\":\"joanna\",\"image\":{\"@type\":\"ImageObject\",\"inLanguage\":\"pl-PL\",\"@id\":\"https:\\\/\\\/secure.gravatar.com\\\/avatar\\\/a59b1be4fa5d200ee0af0ba4bbcdb691da1d589b419bae23d7aa5a15d820e28e?s=96&d=identicon&r=g\",\"url\":\"https:\\\/\\\/secure.gravatar.com\\\/avatar\\\/a59b1be4fa5d200ee0af0ba4bbcdb691da1d589b419bae23d7aa5a15d820e28e?s=96&d=identicon&r=g\",\"contentUrl\":\"https:\\\/\\\/secure.gravatar.com\\\/avatar\\\/a59b1be4fa5d200ee0af0ba4bbcdb691da1d589b419bae23d7aa5a15d820e28e?s=96&d=identicon&r=g\",\"caption\":\"joanna\"},\"sameAs\":[\"https:\\\/\\\/organiczni.baranowscy.eu\"],\"url\":\"https:\\\/\\\/baranowscy.eu\\\/wordpress\\\/author\\\/admin\\\/\"}]}<\/script>\n<!-- \/ Yoast SEO plugin. -->","yoast_head_json":{"title":"Czy prasowanie jest ekologiczne? - organiczni.eu","robots":{"index":"index","follow":"follow","max-snippet":"max-snippet:-1","max-image-preview":"max-image-preview:large","max-video-preview":"max-video-preview:-1"},"canonical":"https:\/\/baranowscy.eu\/wordpress\/czy-prasowanie-jest-ekologiczne\/","og_locale":"pl_PL","og_type":"article","og_title":"Czy prasowanie jest ekologiczne? - organiczni.eu","og_description":"Chyba nie zdziwi Was moja odpowied\u017a: absolutnie nie jest. Zanim jednak przekonam Was do zmiany nawyk\u00f3w, przedstawi\u0119 kilka fakt\u00f3w. Zaczn\u0119 mo\u017ce od nas. Mamy w&hellip;","og_url":"https:\/\/baranowscy.eu\/wordpress\/czy-prasowanie-jest-ekologiczne\/","og_site_name":"organiczni.eu","article_publisher":"https:\/\/www.facebook.com\/organiczni\/","article_published_time":"2015-10-06T22:23:39+00:00","article_modified_time":"2015-10-07T07:39:27+00:00","og_image":[{"width":640,"height":427,"url":"https:\/\/baranowscy.eu\/wordpress\/wp-content\/uploads\/2015\/10\/masz_wybor_nie_prasuj1.jpg","type":"image\/jpeg"}],"author":"joanna","twitter_card":"summary_large_image","twitter_misc":{"Napisane przez":"joanna","Szacowany czas czytania":"4 minuty"},"schema":{"@context":"https:\/\/schema.org","@graph":[{"@type":"Article","@id":"https:\/\/baranowscy.eu\/wordpress\/czy-prasowanie-jest-ekologiczne\/#article","isPartOf":{"@id":"https:\/\/baranowscy.eu\/wordpress\/czy-prasowanie-jest-ekologiczne\/"},"author":{"name":"joanna","@id":"https:\/\/baranowscy.eu\/wordpress\/#\/schema\/person\/741d5f1f3fd2833c5ca2ffdaaa93dc73"},"headline":"Czy prasowanie jest ekologiczne?","datePublished":"2015-10-06T22:23:39+00:00","dateModified":"2015-10-07T07:39:27+00:00","mainEntityOfPage":{"@id":"https:\/\/baranowscy.eu\/wordpress\/czy-prasowanie-jest-ekologiczne\/"},"wordCount":710,"commentCount":2,"publisher":{"@id":"https:\/\/baranowscy.eu\/wordpress\/#organization"},"image":{"@id":"https:\/\/baranowscy.eu\/wordpress\/czy-prasowanie-jest-ekologiczne\/#primaryimage"},"thumbnailUrl":"https:\/\/baranowscy.eu\/wordpress\/wp-content\/uploads\/2015\/10\/masz_wybor_nie_prasuj1.jpg","keywords":["ekodylematy","ekologiczne pranie","energia elektryczna","oszcz\u0119dno\u015b\u0107","prasowanie","\u017celazko"],"articleSection":["ekodylematy","s\u0142owo od autora"],"inLanguage":"pl-PL","potentialAction":[{"@type":"CommentAction","name":"Comment","target":["https:\/\/baranowscy.eu\/wordpress\/czy-prasowanie-jest-ekologiczne\/#respond"]}]},{"@type":"WebPage","@id":"https:\/\/baranowscy.eu\/wordpress\/czy-prasowanie-jest-ekologiczne\/","url":"https:\/\/baranowscy.eu\/wordpress\/czy-prasowanie-jest-ekologiczne\/","name":"Czy prasowanie jest ekologiczne? - organiczni.eu","isPartOf":{"@id":"https:\/\/baranowscy.eu\/wordpress\/#website"},"primaryImageOfPage":{"@id":"https:\/\/baranowscy.eu\/wordpress\/czy-prasowanie-jest-ekologiczne\/#primaryimage"},"image":{"@id":"https:\/\/baranowscy.eu\/wordpress\/czy-prasowanie-jest-ekologiczne\/#primaryimage"},"thumbnailUrl":"https:\/\/baranowscy.eu\/wordpress\/wp-content\/uploads\/2015\/10\/masz_wybor_nie_prasuj1.jpg","datePublished":"2015-10-06T22:23:39+00:00","dateModified":"2015-10-07T07:39:27+00:00","breadcrumb":{"@id":"https:\/\/baranowscy.eu\/wordpress\/czy-prasowanie-jest-ekologiczne\/#breadcrumb"},"inLanguage":"pl-PL","potentialAction":[{"@type":"ReadAction","target":["https:\/\/baranowscy.eu\/wordpress\/czy-prasowanie-jest-ekologiczne\/"]}]},{"@type":"ImageObject","inLanguage":"pl-PL","@id":"https:\/\/baranowscy.eu\/wordpress\/czy-prasowanie-jest-ekologiczne\/#primaryimage","url":"https:\/\/baranowscy.eu\/wordpress\/wp-content\/uploads\/2015\/10\/masz_wybor_nie_prasuj1.jpg","contentUrl":"https:\/\/baranowscy.eu\/wordpress\/wp-content\/uploads\/2015\/10\/masz_wybor_nie_prasuj1.jpg","width":640,"height":427},{"@type":"BreadcrumbList","@id":"https:\/\/baranowscy.eu\/wordpress\/czy-prasowanie-jest-ekologiczne\/#breadcrumb","itemListElement":[{"@type":"ListItem","position":1,"name":"Strona g\u0142\u00f3wna","item":"https:\/\/baranowscy.eu\/wordpress\/"},{"@type":"ListItem","position":2,"name":"Czy prasowanie jest ekologiczne?"}]},{"@type":"WebSite","@id":"https:\/\/baranowscy.eu\/wordpress\/#website","url":"https:\/\/baranowscy.eu\/wordpress\/","name":"organiczni.eu","description":"Najbardziej wszechstronny blog ekologiczny","publisher":{"@id":"https:\/\/baranowscy.eu\/wordpress\/#organization"},"potentialAction":[{"@type":"SearchAction","target":{"@type":"EntryPoint","urlTemplate":"https:\/\/baranowscy.eu\/wordpress\/?s={search_term_string}"},"query-input":{"@type":"PropertyValueSpecification","valueRequired":true,"valueName":"search_term_string"}}],"inLanguage":"pl-PL"},{"@type":"Organization","@id":"https:\/\/baranowscy.eu\/wordpress\/#organization","name":"organiczni.eu","url":"https:\/\/baranowscy.eu\/wordpress\/","logo":{"@type":"ImageObject","inLanguage":"pl-PL","@id":"https:\/\/baranowscy.eu\/wordpress\/#\/schema\/logo\/image\/","url":"https:\/\/baranowscy.eu\/wordpress\/wp-content\/uploads\/2018\/01\/logo_duze.png","contentUrl":"https:\/\/baranowscy.eu\/wordpress\/wp-content\/uploads\/2018\/01\/logo_duze.png","width":1398,"height":300,"caption":"organiczni.eu"},"image":{"@id":"https:\/\/baranowscy.eu\/wordpress\/#\/schema\/logo\/image\/"},"sameAs":["https:\/\/www.facebook.com\/organiczni\/","https:\/\/www.instagram.com\/organiczni.eu\/"]},{"@type":"Person","@id":"https:\/\/baranowscy.eu\/wordpress\/#\/schema\/person\/741d5f1f3fd2833c5ca2ffdaaa93dc73","name":"joanna","image":{"@type":"ImageObject","inLanguage":"pl-PL","@id":"https:\/\/secure.gravatar.com\/avatar\/a59b1be4fa5d200ee0af0ba4bbcdb691da1d589b419bae23d7aa5a15d820e28e?s=96&d=identicon&r=g","url":"https:\/\/secure.gravatar.com\/avatar\/a59b1be4fa5d200ee0af0ba4bbcdb691da1d589b419bae23d7aa5a15d820e28e?s=96&d=identicon&r=g","contentUrl":"https:\/\/secure.gravatar.com\/avatar\/a59b1be4fa5d200ee0af0ba4bbcdb691da1d589b419bae23d7aa5a15d820e28e?s=96&d=identicon&r=g","caption":"joanna"},"sameAs":["https:\/\/organiczni.baranowscy.eu"],"url":"https:\/\/baranowscy.eu\/wordpress\/author\/admin\/"}]}},"jetpack_featured_media_url":"https:\/\/baranowscy.eu\/wordpress\/wp-content\/uploads\/2015\/10\/masz_wybor_nie_prasuj1.jpg","jetpack_sharing_enabled":true,"_links":{"self":[{"href":"https:\/\/baranowscy.eu\/wordpress\/wp-json\/wp\/v2\/posts\/4393","targetHints":{"allow":["GET"]}}],"collection":[{"href":"https:\/\/baranowscy.eu\/wordpress\/wp-json\/wp\/v2\/posts"}],"about":[{"href":"https:\/\/baranowscy.eu\/wordpress\/wp-json\/wp\/v2\/types\/post"}],"author":[{"embeddable":true,"href":"https:\/\/baranowscy.eu\/wordpress\/wp-json\/wp\/v2\/users\/1"}],"replies":[{"embeddable":true,"href":"https:\/\/baranowscy.eu\/wordpress\/wp-json\/wp\/v2\/comments?post=4393"}],"version-history":[{"count":7,"href":"https:\/\/baranowscy.eu\/wordpress\/wp-json\/wp\/v2\/posts\/4393\/revisions"}],"predecessor-version":[{"id":4424,"href":"https:\/\/baranowscy.eu\/wordpress\/wp-json\/wp\/v2\/posts\/4393\/revisions\/4424"}],"wp:featuredmedia":[{"embeddable":true,"href":"https:\/\/baranowscy.eu\/wordpress\/wp-json\/wp\/v2\/media\/4421"}],"wp:attachment":[{"href":"https:\/\/baranowscy.eu\/wordpress\/wp-json\/wp\/v2\/media?parent=4393"}],"wp:term":[{"taxonomy":"category","embeddable":true,"href":"https:\/\/baranowscy.eu\/wordpress\/wp-json\/wp\/v2\/categories?post=4393"},{"taxonomy":"post_tag","embeddable":true,"href":"https:\/\/baranowscy.eu\/wordpress\/wp-json\/wp\/v2\/tags?post=4393"}],"curies":[{"name":"wp","href":"https:\/\/api.w.org\/{rel}","templated":true}]}}