{"id":4360,"date":"2015-09-20T22:34:26","date_gmt":"2015-09-20T20:34:26","guid":{"rendered":"http:\/\/baranowscy.eu\/wordpress\/?p=4360"},"modified":"2015-09-20T22:44:28","modified_gmt":"2015-09-20T20:44:28","slug":"naturalne-proszki-do-prania-celina-recenzja","status":"publish","type":"post","link":"https:\/\/baranowscy.eu\/wordpress\/naturalne-proszki-do-prania-celina-recenzja\/","title":{"rendered":"Naturalne proszki do prania Celina &#8211; recenzja"},"content":{"rendered":"<p>Proszki o wdzi\u0119cznej nazwie Celina to nowe polskie produkty do prania, kt\u00f3re maj\u0105 spe\u0142ni\u0107 oczekiwania ekologicznej pani albo ekopana domu.<\/p>\n<p><strong><div class='dropshadowboxes-container ' style='width:640px;'>\r\n                            <div class='dropshadowboxes-drop-shadow dropshadowboxes-rounded-corners dropshadowboxes-lifted-both dropshadowboxes-effect-default' style=' border: 1px solid #dddddd; height:; background-color:#fbe74d;    '>\r\n                            Je\u015bli r\u00f3wnie\u017c chcecie wypr\u00f3bowa\u0107 Celin\u0119, \u015bled\u017acie <a href=\"https:\/\/www.facebook.com\/organiczni\" target=\"_blank\">nasz fanpage na Facebooku<\/a>!<\/strong><strong>\r\n                            <\/div>\r\n                        <\/div><\/strong><\/p>\n<figure id=\"attachment_4361\" aria-describedby=\"caption-attachment-4361\" style=\"width: 640px\" class=\"wp-caption aligncenter\"><a href=\"https:\/\/baranowscy.eu\/wordpress\/wp-content\/uploads\/2015\/09\/celina_proszek_0.jpg\"><img loading=\"lazy\" decoding=\"async\" class=\"size-full wp-image-4361\" src=\"https:\/\/baranowscy.eu\/wordpress\/wp-content\/uploads\/2015\/09\/celina_proszek_0.jpg\" alt=\"Proszki do prania Celina.\" width=\"640\" height=\"427\" srcset=\"https:\/\/baranowscy.eu\/wordpress\/wp-content\/uploads\/2015\/09\/celina_proszek_0.jpg 640w, https:\/\/baranowscy.eu\/wordpress\/wp-content\/uploads\/2015\/09\/celina_proszek_0-300x200.jpg 300w, https:\/\/baranowscy.eu\/wordpress\/wp-content\/uploads\/2015\/09\/celina_proszek_0-600x400.jpg 600w\" sizes=\"auto, (max-width: 640px) 100vw, 640px\" \/><\/a><figcaption id=\"caption-attachment-4361\" class=\"wp-caption-text\">Proszki do prania Celina.<\/figcaption><\/figure>\n<p><strong><div class='dropshadowboxes-container ' style='width:640px;'>\r\n                            <div class='dropshadowboxes-drop-shadow dropshadowboxes-rounded-corners dropshadowboxes-lifted-both dropshadowboxes-effect-default' style=' border: 1px solid #dddddd; height:; background-color:#fbe74d;    '>\r\n                            Wiadomo, \u017ce wymagania wobec produkt\u00f3w przyjaznych \u015brodowisku s\u0105 du\u017ce, dlatego cz\u0119sto wybaczamy im wy\u017csz\u0105 cen\u0119 w zamian za wygod\u0119. Jednak aby p\u0142aci\u0107 za gotowy produkt do prania, chcemy:<\/strong><\/p>\n<ul>\n<li>aby by\u0142 skuteczny w usuwaniu plam, r\u00f3wnie\u017c w niskiej temperaturze,<\/li>\n<li>aby by\u0142 delikatny dla tkanin, nie powodowa\u0142 szarzenia bieli ani blakni\u0119cia kolor\u00f3w,<\/li>\n<li>aby nie powodowa\u0142 uczulenia czy innych podra\u017cnie\u0144,<\/li>\n<li>aby by\u0142 bezpieczny dla pralki,<\/li>\n<li>aby jego produkcja przebiega\u0142a w spos\u00f3b przyjazny dla \u015brodowiska,<\/li>\n<li>aby jego u\u017cycie i utylizacja by\u0142y przyjazne dla \u015brodowiska.<strong>\r\n                            <\/div>\r\n                        <\/div><\/strong><\/li>\n<\/ul>\n<p>Ja wypadaj\u0105 proszki Celina wobec tak d\u0142ugiej listy wymaga\u0144? Na pocz\u0105tek przyjrzyjmy si\u0119 Celinie Sodzie pior\u0105cej do bieli.<!--more--><\/p>\n<h2><strong>Celina \u2013 Soda pior\u0105ca do bieli <\/strong><\/h2>\n<p><a href=\"http:\/\/celina.com.pl\/\">http:\/\/celina.com.pl\/<\/a> (strona wkr\u00f3tce)<\/p>\n<p><a href=\"https:\/\/baranowscy.eu\/wordpress\/wp-content\/uploads\/2015\/09\/celina_proszek_do_bialego_1.jpg\"><img loading=\"lazy\" decoding=\"async\" class=\"aligncenter size-full wp-image-4364\" src=\"https:\/\/baranowscy.eu\/wordpress\/wp-content\/uploads\/2015\/09\/celina_proszek_do_bialego_1.jpg\" alt=\"celina_proszek_do_bialego_1\" width=\"640\" height=\"427\" srcset=\"https:\/\/baranowscy.eu\/wordpress\/wp-content\/uploads\/2015\/09\/celina_proszek_do_bialego_1.jpg 640w, https:\/\/baranowscy.eu\/wordpress\/wp-content\/uploads\/2015\/09\/celina_proszek_do_bialego_1-300x200.jpg 300w, https:\/\/baranowscy.eu\/wordpress\/wp-content\/uploads\/2015\/09\/celina_proszek_do_bialego_1-600x400.jpg 600w\" sizes=\"auto, (max-width: 640px) 100vw, 640px\" \/><\/a><\/p>\n<p><strong>Cena:<\/strong> 35 z\u0142 za 1 kg<\/p>\n<p><strong>Gdzie kupi\u0107:<\/strong> <a href=\"http:\/\/allegro.pl\/listing\/user\/listing.php?us_id=41243779\" target=\"_blank\">Allegro<\/a><\/p>\n<p><strong>Informacje producenta<\/strong><\/p>\n<p>Naturalny proszek do prania na bazie sody, do u\u017cywania w pralkach automatycznych i p\u00f3\u0142automatycznych oraz do prania r\u0119cznego. Zakres temperatur: 30\u201360\u00b0. Do wszystkich rodzaj\u00f3w tkanin.<\/p>\n<p>Proszek jest biodegradowalny, ze sk\u0142adnik\u00f3w pochodzenia naturalnego. Zawiera unikalny sk\u0142adnik u\u0142atwiaj\u0105cy prasowanie oraz delikatn\u0105 kompozycj\u0119 zapachow\u0105.<\/p>\n<p>Bez fosforan\u00f3w, wybielaczy na bazie chloru, szkodliwych surfaktant\u00f3w, wydajny dzi\u0119ki temu, \u017ce nie ma wype\u0142niaczy i substancji obni\u017caj\u0105cych temperatur\u0119 prania.<\/p>\n<p>1 kg proszku mo\u017ce starczy\u0107 na 30 pra\u0144 (jedno pranie \u2013 4,5 kg \u2013 30 g proszku, bardzo zabrudzone rzeczy \u2013 50 g proszku).<\/p>\n<p>Opakowanie: 1,5-litrowe plastikowe, zakr\u0119cane pude\u0142ko z PET. Produkt polski.<\/p>\n<p><a href=\"https:\/\/baranowscy.eu\/wordpress\/wp-content\/uploads\/2015\/09\/celina_proszek_do_bialego_2.jpg\"><img loading=\"lazy\" decoding=\"async\" class=\"aligncenter size-full wp-image-4365\" src=\"https:\/\/baranowscy.eu\/wordpress\/wp-content\/uploads\/2015\/09\/celina_proszek_do_bialego_2.jpg\" alt=\"celina_proszek_do_bialego_2\" width=\"640\" height=\"427\" srcset=\"https:\/\/baranowscy.eu\/wordpress\/wp-content\/uploads\/2015\/09\/celina_proszek_do_bialego_2.jpg 640w, https:\/\/baranowscy.eu\/wordpress\/wp-content\/uploads\/2015\/09\/celina_proszek_do_bialego_2-300x200.jpg 300w, https:\/\/baranowscy.eu\/wordpress\/wp-content\/uploads\/2015\/09\/celina_proszek_do_bialego_2-600x400.jpg 600w\" sizes=\"auto, (max-width: 640px) 100vw, 640px\" \/><\/a><\/p>\n<p><strong><div class='dropshadowboxes-container ' style='width:640px;'>\r\n                            <div class='dropshadowboxes-drop-shadow dropshadowboxes-rounded-corners dropshadowboxes-lifted-both dropshadowboxes-effect-default' style=' border: 1px solid #dddddd; height:; background-color:#fbe74d;    '>\r\n                            Sk\u0142ad:<\/strong><\/p>\n<ul>\n<li><strong>soda<\/strong> (nie napisano, czy oczyszczona, czy kalcynowana),<\/li>\n<li><strong>boran<\/strong> (boraks),<\/li>\n<li><strong>zeolity (15\u201330%)<\/strong> \u2013 minera\u0142y o w\u0142a\u015bciwo\u015bciach zmi\u0119kczaj\u0105cych i pomagaj\u0105cych usuwa\u0107 plamy,<\/li>\n<li><strong>carmellosum<\/strong> \u2013 polimer, zapobiega tworzeniu si\u0119 \u201ek\u0142aczk\u00f3w\u201d oraz przyleganiu kurzu do odzie\u017cy, utrzymuje ubrania w \u015bwie\u017co\u015bci, u\u0142atwia prasowanie,<\/li>\n<li><strong>myd\u0142o<\/strong>,<\/li>\n<li><strong>zwi\u0105zki wybielaj\u0105ce na bazie tlenu<\/strong> \u2013 wzmacniaj\u0105 dzia\u0142anie boranu i sody, naturalny wybielacz,<\/li>\n<li><strong>kokamidopropylowy amfoteryczny \u015brodek powierzchniowo czynny (&lt;5%)<\/strong> \u2013 substancja pieni\u0105ca,<\/li>\n<li><strong>ultramaryna<\/strong> &#8211; wybielacz optyczny,<\/li>\n<li><strong>kompozycja zapachowa<\/strong>.<strong>\r\n                            <\/div>\r\n                        <\/div><\/strong><\/li>\n<\/ul>\n<p><a href=\"https:\/\/baranowscy.eu\/wordpress\/wp-content\/uploads\/2015\/09\/celina_proszek_do_bialego_3.jpg\"><img loading=\"lazy\" decoding=\"async\" class=\"aligncenter size-full wp-image-4366\" src=\"https:\/\/baranowscy.eu\/wordpress\/wp-content\/uploads\/2015\/09\/celina_proszek_do_bialego_3.jpg\" alt=\"celina_proszek_do_bialego_3\" width=\"640\" height=\"427\" srcset=\"https:\/\/baranowscy.eu\/wordpress\/wp-content\/uploads\/2015\/09\/celina_proszek_do_bialego_3.jpg 640w, https:\/\/baranowscy.eu\/wordpress\/wp-content\/uploads\/2015\/09\/celina_proszek_do_bialego_3-300x200.jpg 300w, https:\/\/baranowscy.eu\/wordpress\/wp-content\/uploads\/2015\/09\/celina_proszek_do_bialego_3-600x400.jpg 600w\" sizes=\"auto, (max-width: 640px) 100vw, 640px\" \/><\/a><\/p>\n<p><strong>Nasza opinia<\/strong><\/p>\n<p>Zaczn\u0119 od tego, \u017ce mam podejrzliwe podej\u015bcie do zeolit\u00f3w, dlatego obiecuj\u0119, \u017ce wkr\u00f3tce zajm\u0119 si\u0119 tematem dok\u0142adniej. <strong>Natomiast je\u015bli chodzi ca\u0142okszta\u0142t Celiny do bia\u0142ego prania, nasze testy wypad\u0142y pomy\u015blnie.<\/strong><\/p>\n<p>Proszek jest bardzo drobny, ma lekkie niebieskie zabarwienie (ten kolor to ultramaryna, wybielacz optyczny) i \u0142adny zapach, kt\u00f3ry zostaje na praniu. Co ciekawe \u2013 nie wiem, czy to kwestia naszej pralki \u2013 po ka\u017cdym praniu w szufladce zostawa\u0142 niebieski osad, tak jakby ten w\u0142a\u015bnie sk\u0142adnik nie rozpuszcza\u0142 si\u0119 dobrze w zimniej wodzie.<\/p>\n<p><a href=\"https:\/\/baranowscy.eu\/wordpress\/wp-content\/uploads\/2015\/09\/celina_proszek_1.jpg\"><img loading=\"lazy\" decoding=\"async\" class=\"aligncenter size-full wp-image-4362\" src=\"https:\/\/baranowscy.eu\/wordpress\/wp-content\/uploads\/2015\/09\/celina_proszek_1.jpg\" alt=\"celina_proszek_1\" width=\"640\" height=\"427\" srcset=\"https:\/\/baranowscy.eu\/wordpress\/wp-content\/uploads\/2015\/09\/celina_proszek_1.jpg 640w, https:\/\/baranowscy.eu\/wordpress\/wp-content\/uploads\/2015\/09\/celina_proszek_1-300x200.jpg 300w, https:\/\/baranowscy.eu\/wordpress\/wp-content\/uploads\/2015\/09\/celina_proszek_1-600x400.jpg 600w\" sizes=\"auto, (max-width: 640px) 100vw, 640px\" \/><\/a><\/p>\n<p><strong>Proszek jako detergent spisa\u0142 si\u0119 bardzo dobrze<\/strong>, \u0142adnie spra\u0142 np. \u015blady krwi czy pomidora. Wed\u0142ug mnie du\u017c\u0105 zalet\u0105 jest od\u015bwie\u017caj\u0105cy zapach, kt\u00f3ry na d\u0142u\u017cej pozostaje na ubraniach. Jest to przewaga proszku do bia\u0142ego, poniewa\u017c proszek do kolor\u00f3w nie pozostawia\u0142 zapachu prawie wcale.<\/p>\n<p>Nie jestem zwolenniczk\u0105 u\u017cywania myd\u0142a w pralce i unikam raczej p\u0142atk\u00f3w mydlanych (od razu uczulam, \u017ce <strong>w proszkach zawieraj\u0105cych myd\u0142o nie pierzemy pieluch wielorazowych z mikropolarem, trzeba te\u017c uwa\u017ca\u0107 ze wszystkimi tkaninami polarowymi, kt\u00f3rych oddychaj\u0105ca struktura mo\u017ce zosta\u0107 zalepiona przez myd\u0142o<\/strong>). W tym proszku myd\u0142a raczej nie jest du\u017co i zosta\u0142o dobrze rozdrobnione, wi\u0119c zak\u0142adam, \u017ce nie oblepi pralki od \u015brodka.<\/p>\n<p><strong>Opakowanie Celiny jest bardzo wygodne<\/strong> \u2013 chcia\u0142abym jednak, aby mo\u017cna by\u0142o kupowa\u0107 bardziej ekologiczne opakowania szklane, a do tego \u2013 opakowania uzupe\u0142niaj\u0105ce np. w torebkach. Minus stawiam za ba\u0142agan na etykiecie proszku. Opis sk\u0142adu stanowi niez\u0142\u0105 zagadk\u0119, na przyk\u0142ad: \u201e15% lub wi\u0119cej lecz nie mniej ni\u017c 30%: zeolity\u201d \u2013 tego nie rozgryzie najwi\u0119kszy matematyk. Rozumiem, \u017ce chodzi tu o przedzia\u0142 15\u201330% (nie mniej ni\u017c 15%, ale nie wi\u0119cej ni\u017c 30%). Koniecznie do poprawienia.<\/p>\n<p>Je\u015bli chodzi o nasz\u0105 wra\u017cliw\u0105 sk\u00f3r\u0119, po kilku praniach, r\u00f3wnie\u017c bielizny, nie odczuli\u015bmy \u017cadnych negatywnych skutk\u00f3w u\u017cycia proszku. <strong>Jednym s\u0142owem \u2013 nie uczuli\u0142 nas.<\/strong><\/p>\n<p>Zaskoczy\u0142a mnie nieco <strong>cena proszku<\/strong>, po przeczytaniu sk\u0142adu s\u0105dzi\u0142am, \u017ce b\u0119dzie ni\u017csza (koszt produkcji domowego proszku to kilka z\u0142 za kilogram, cho\u0107 fakt, nie zawiera on zeolit\u00f3w ani enzym\u00f3w). Poniewa\u017c jednak od lat nie kupowa\u0142am zwyk\u0142ego proszku do prania, wi\u0119c po zerkni\u0119ciu do sklep\u00f3w internetowych, ile p\u0142aci si\u0119 za 40 pra\u0144 w przeci\u0119tnym detergencie do prania, mog\u0119 powiedzie\u0107, \u017ce Celina nie wypada drogo (a przecie\u017c fosforany s\u0105 ta\u0144sze od zeolit\u00f3w).<\/p>\n<p><a href=\"https:\/\/baranowscy.eu\/wordpress\/wp-content\/uploads\/2015\/09\/pranie.jpg\"><img loading=\"lazy\" decoding=\"async\" class=\"aligncenter size-full wp-image-4363\" src=\"https:\/\/baranowscy.eu\/wordpress\/wp-content\/uploads\/2015\/09\/pranie.jpg\" alt=\"pranie\" width=\"640\" height=\"427\" srcset=\"https:\/\/baranowscy.eu\/wordpress\/wp-content\/uploads\/2015\/09\/pranie.jpg 640w, https:\/\/baranowscy.eu\/wordpress\/wp-content\/uploads\/2015\/09\/pranie-300x200.jpg 300w, https:\/\/baranowscy.eu\/wordpress\/wp-content\/uploads\/2015\/09\/pranie-600x400.jpg 600w\" sizes=\"auto, (max-width: 640px) 100vw, 640px\" \/><\/a><\/p>\n<h2><strong>Celina \u2013 Soda pior\u0105ca Uni-color <\/strong><\/h2>\n<p><a href=\"http:\/\/celina.com.pl\/\">http:\/\/celina.com.pl\/<\/a> (strona wkr\u00f3tce)<\/p>\n<p><a href=\"https:\/\/baranowscy.eu\/wordpress\/wp-content\/uploads\/2015\/09\/celina_proszek_do_koloru_2.jpg\"><img loading=\"lazy\" decoding=\"async\" class=\"aligncenter size-full wp-image-4368\" src=\"https:\/\/baranowscy.eu\/wordpress\/wp-content\/uploads\/2015\/09\/celina_proszek_do_koloru_2.jpg\" alt=\"celina_proszek_do_koloru_2\" width=\"640\" height=\"427\" srcset=\"https:\/\/baranowscy.eu\/wordpress\/wp-content\/uploads\/2015\/09\/celina_proszek_do_koloru_2.jpg 640w, https:\/\/baranowscy.eu\/wordpress\/wp-content\/uploads\/2015\/09\/celina_proszek_do_koloru_2-300x200.jpg 300w, https:\/\/baranowscy.eu\/wordpress\/wp-content\/uploads\/2015\/09\/celina_proszek_do_koloru_2-600x400.jpg 600w\" sizes=\"auto, (max-width: 640px) 100vw, 640px\" \/><\/a><\/p>\n<p><strong>Cena:<\/strong> 35 z\u0142 za 1 kg<\/p>\n<p><strong>Gdzie kupi\u0107:<\/strong> <a href=\"http:\/\/allegro.pl\/listing\/user\/listing.php?us_id=41243779\">Allegro<\/a><\/p>\n<p><strong>Informacje producenta<\/strong><\/p>\n<p>Informacje w zasadzie identyczne, jak w wypadku Celiny do bia\u0142ego prania, poza tym, \u017ce zachowuje barwy tkanin. Proszek jest biodegradowalny, ze sk\u0142adnik\u00f3w pochodzenia naturalnego.<\/p>\n<p>Dozowanie jest takie samo: 1 kg proszku mo\u017ce starczy\u0107 na 30 pra\u0144 (jedno pranie \u2013 4,5 kg \u2013 30 g proszku, bardzo zabrudzone rzeczy \u2013 50 g proszku).<\/p>\n<p>Opakowanie: 1,5-litrowe plastikowe, zakr\u0119cane pude\u0142ko z PET. Produkt polski.<\/p>\n<p><a href=\"https:\/\/baranowscy.eu\/wordpress\/wp-content\/uploads\/2015\/09\/celina_proszek_do_koloru_3.jpg\"><img loading=\"lazy\" decoding=\"async\" class=\"aligncenter size-full wp-image-4369\" src=\"https:\/\/baranowscy.eu\/wordpress\/wp-content\/uploads\/2015\/09\/celina_proszek_do_koloru_3.jpg\" alt=\"celina_proszek_do_koloru_3\" width=\"640\" height=\"427\" srcset=\"https:\/\/baranowscy.eu\/wordpress\/wp-content\/uploads\/2015\/09\/celina_proszek_do_koloru_3.jpg 640w, https:\/\/baranowscy.eu\/wordpress\/wp-content\/uploads\/2015\/09\/celina_proszek_do_koloru_3-300x200.jpg 300w, https:\/\/baranowscy.eu\/wordpress\/wp-content\/uploads\/2015\/09\/celina_proszek_do_koloru_3-600x400.jpg 600w\" sizes=\"auto, (max-width: 640px) 100vw, 640px\" \/><\/a><\/p>\n<p><strong><div class='dropshadowboxes-container ' style='width:640px;'>\r\n                            <div class='dropshadowboxes-drop-shadow dropshadowboxes-rounded-corners dropshadowboxes-lifted-both dropshadowboxes-effect-default' style=' border: 1px solid #dddddd; height:; background-color:#fbe74d;    '>\r\n                            Sk\u0142ad:<\/strong><\/p>\n<p>Niemal to\u017csamy ze sk\u0142adem proszku do bia\u0142ego, jest mniej niebieski (mniejsza zawarto\u015b\u0107 ultramaryny).<strong>\r\n                            <\/div>\r\n                        <\/div><\/strong><\/p>\n<p><strong>Nasza opinia<\/strong><\/p>\n<p>W zasadzie mog\u0119 o Celinie do koloru powiedzie\u0107 niemal to samo, co o Celinie do prania\u00a0bia\u0142ego, z tym \u017ce zapach na ubraniach bardzo szybko si\u0119 ulatnia. Do poprawy jest etykieta z takim samym ba\u0142aganem w sk\u0142adzie.<\/p>\n<p><strong>Proszek jest skuteczny, nie uczuli\u0142 nas, co do sk\u0142adu \u2013 jest biodegradowalny<\/strong> (aczkolwiek b\u0119d\u0119 prowadzi\u0107 \u015bledztwo w sprawie ekologiczno\u015bci zeolit\u00f3w). Wygodne opakowanie, kt\u00f3re mie\u015bci 30 porcji proszku, to dobre rozwi\u0105zanie dla nieco bardziej zabieganych ekopraczy.<\/p>\n<p><a href=\"https:\/\/baranowscy.eu\/wordpress\/wp-content\/uploads\/2015\/09\/celina_proszek_do_koloru_1.jpg\"><img loading=\"lazy\" decoding=\"async\" class=\"aligncenter size-full wp-image-4367\" src=\"https:\/\/baranowscy.eu\/wordpress\/wp-content\/uploads\/2015\/09\/celina_proszek_do_koloru_1.jpg\" alt=\"celina_proszek_do_koloru_1\" width=\"640\" height=\"427\" srcset=\"https:\/\/baranowscy.eu\/wordpress\/wp-content\/uploads\/2015\/09\/celina_proszek_do_koloru_1.jpg 640w, https:\/\/baranowscy.eu\/wordpress\/wp-content\/uploads\/2015\/09\/celina_proszek_do_koloru_1-300x200.jpg 300w, https:\/\/baranowscy.eu\/wordpress\/wp-content\/uploads\/2015\/09\/celina_proszek_do_koloru_1-600x400.jpg 600w\" sizes=\"auto, (max-width: 640px) 100vw, 640px\" \/><\/a><\/p>\n<h2><strong>Podsumowanie<\/strong><\/h2>\n<p><strong>My\u015bl\u0119, \u017ce proszki Celina maj\u0105 przed sob\u0105 przysz\u0142o\u015b\u0107<\/strong>, cho\u0107 na pewno warunkiem jest poszerzenie dystrybucji \u2013 kupowanie przez Allegro pojedynczych opakowa\u0144 wychodzi drogo. Ciesz\u0119 si\u0119, \u017ce na polskim rynku pojawi\u0142 si\u0119 krajowy produkt wyr\u0119czaj\u0105cy zabieganych ekopraczy w komponowaniu mieszanki pior\u0105cej. <strong>Proszki s\u0105 skuteczne, \u0142adnie pachn\u0105 i s\u0105 biodegradowalne.<\/strong> O tym, \u017ce <a href=\"https:\/\/baranowscy.eu\/wordpress\/czy-soda-oczyszczona-jest-ekologiczna\/\" target=\"_blank\">soda oczyszczona<\/a> czy <a href=\"https:\/\/baranowscy.eu\/wordpress\/czy-boraks-jest-ekologiczny\/\" target=\"_blank\">boraks<\/a> nie s\u0105 w 100% ekologiczne, ju\u017c pisa\u0142am, ale na pewno s\u0105 bardziej ekologiczne od standardowych proszk\u00f3w do prania.<\/p>\n<p>Do poprawy pozostaje etykieta, zach\u0119cam te\u017c producent\u00f3w do bardziej ekologicznego opakowania + opakowa\u0144 uzupe\u0142niaj\u0105cych.<\/p>\n","protected":false},"excerpt":{"rendered":"<p>Proszki o wdzi\u0119cznej nazwie Celina to nowe polskie produkty do prania, kt\u00f3re maj\u0105 spe\u0142ni\u0107 oczekiwania ekologicznej pani albo ekopana domu. Ja wypadaj\u0105 proszki Celina wobec&hellip;<\/p>\n","protected":false},"author":1,"featured_media":4361,"comment_status":"open","ping_status":"open","sticky":false,"template":"","format":"standard","meta":{"_jetpack_memberships_contains_paid_content":false,"footnotes":""},"categories":[47,20,251],"tags":[833,224,830,831,237,239,120,834,832],"class_list":["post-4360","post","type-post","status-publish","format-standard","has-post-thumbnail","hentry","category-ekosprzatanie","category-recenzje","category-srodki-czystosci-testy","tag-aktywny-tlen","tag-boraks","tag-celina","tag-detergenty","tag-proszek-do-prania","tag-soda-kalcynowana","tag-soda-oczyszczona","tag-ultramaryna","tag-zeolity"],"yoast_head":"<!-- This site is optimized with the Yoast SEO plugin v27.4 - https:\/\/yoast.com\/product\/yoast-seo-wordpress\/ -->\n<title>Naturalne proszki do prania Celina - recenzja - organiczni.eu<\/title>\n<meta name=\"robots\" content=\"index, follow, max-snippet:-1, max-image-preview:large, max-video-preview:-1\" \/>\n<link rel=\"canonical\" href=\"https:\/\/baranowscy.eu\/wordpress\/naturalne-proszki-do-prania-celina-recenzja\/\" \/>\n<meta property=\"og:locale\" content=\"pl_PL\" \/>\n<meta property=\"og:type\" content=\"article\" \/>\n<meta property=\"og:title\" content=\"Naturalne proszki do prania Celina - recenzja - organiczni.eu\" \/>\n<meta property=\"og:description\" content=\"Proszki o wdzi\u0119cznej nazwie Celina to nowe polskie produkty do prania, kt\u00f3re maj\u0105 spe\u0142ni\u0107 oczekiwania ekologicznej pani albo ekopana domu. Ja wypadaj\u0105 proszki Celina wobec&hellip;\" \/>\n<meta property=\"og:url\" content=\"https:\/\/baranowscy.eu\/wordpress\/naturalne-proszki-do-prania-celina-recenzja\/\" \/>\n<meta property=\"og:site_name\" content=\"organiczni.eu\" \/>\n<meta property=\"article:publisher\" content=\"https:\/\/www.facebook.com\/organiczni\/\" \/>\n<meta property=\"article:published_time\" content=\"2015-09-20T20:34:26+00:00\" \/>\n<meta property=\"article:modified_time\" content=\"2015-09-20T20:44:28+00:00\" \/>\n<meta property=\"og:image\" content=\"https:\/\/baranowscy.eu\/wordpress\/wp-content\/uploads\/2015\/09\/celina_proszek_0.jpg\" \/>\n\t<meta property=\"og:image:width\" content=\"640\" \/>\n\t<meta property=\"og:image:height\" content=\"427\" \/>\n\t<meta property=\"og:image:type\" content=\"image\/jpeg\" \/>\n<meta name=\"author\" content=\"joanna\" \/>\n<meta name=\"twitter:card\" content=\"summary_large_image\" \/>\n<meta name=\"twitter:label1\" content=\"Napisane przez\" \/>\n\t<meta name=\"twitter:data1\" content=\"joanna\" \/>\n\t<meta name=\"twitter:label2\" content=\"Szacowany czas czytania\" \/>\n\t<meta name=\"twitter:data2\" content=\"6 minut\" \/>\n<script type=\"application\/ld+json\" class=\"yoast-schema-graph\">{\"@context\":\"https:\\\/\\\/schema.org\",\"@graph\":[{\"@type\":\"Article\",\"@id\":\"https:\\\/\\\/baranowscy.eu\\\/wordpress\\\/naturalne-proszki-do-prania-celina-recenzja\\\/#article\",\"isPartOf\":{\"@id\":\"https:\\\/\\\/baranowscy.eu\\\/wordpress\\\/naturalne-proszki-do-prania-celina-recenzja\\\/\"},\"author\":{\"name\":\"joanna\",\"@id\":\"https:\\\/\\\/baranowscy.eu\\\/wordpress\\\/#\\\/schema\\\/person\\\/741d5f1f3fd2833c5ca2ffdaaa93dc73\"},\"headline\":\"Naturalne proszki do prania Celina &#8211; recenzja\",\"datePublished\":\"2015-09-20T20:34:26+00:00\",\"dateModified\":\"2015-09-20T20:44:28+00:00\",\"mainEntityOfPage\":{\"@id\":\"https:\\\/\\\/baranowscy.eu\\\/wordpress\\\/naturalne-proszki-do-prania-celina-recenzja\\\/\"},\"wordCount\":1165,\"commentCount\":5,\"publisher\":{\"@id\":\"https:\\\/\\\/baranowscy.eu\\\/wordpress\\\/#organization\"},\"image\":{\"@id\":\"https:\\\/\\\/baranowscy.eu\\\/wordpress\\\/naturalne-proszki-do-prania-celina-recenzja\\\/#primaryimage\"},\"thumbnailUrl\":\"https:\\\/\\\/baranowscy.eu\\\/wordpress\\\/wp-content\\\/uploads\\\/2015\\\/09\\\/celina_proszek_0.jpg\",\"keywords\":[\"aktywny tlen\",\"boraks\",\"Celina\",\"detergenty\",\"proszek do prania\",\"soda kalcynowana\",\"soda oczyszczona\",\"ultramaryna\",\"zeolity\"],\"articleSection\":[\"ekosprz\u0105tanie\",\"recenzje\",\"\u015brodki czysto\u015bci\"],\"inLanguage\":\"pl-PL\",\"potentialAction\":[{\"@type\":\"CommentAction\",\"name\":\"Comment\",\"target\":[\"https:\\\/\\\/baranowscy.eu\\\/wordpress\\\/naturalne-proszki-do-prania-celina-recenzja\\\/#respond\"]}]},{\"@type\":\"WebPage\",\"@id\":\"https:\\\/\\\/baranowscy.eu\\\/wordpress\\\/naturalne-proszki-do-prania-celina-recenzja\\\/\",\"url\":\"https:\\\/\\\/baranowscy.eu\\\/wordpress\\\/naturalne-proszki-do-prania-celina-recenzja\\\/\",\"name\":\"Naturalne proszki do prania Celina - recenzja - organiczni.eu\",\"isPartOf\":{\"@id\":\"https:\\\/\\\/baranowscy.eu\\\/wordpress\\\/#website\"},\"primaryImageOfPage\":{\"@id\":\"https:\\\/\\\/baranowscy.eu\\\/wordpress\\\/naturalne-proszki-do-prania-celina-recenzja\\\/#primaryimage\"},\"image\":{\"@id\":\"https:\\\/\\\/baranowscy.eu\\\/wordpress\\\/naturalne-proszki-do-prania-celina-recenzja\\\/#primaryimage\"},\"thumbnailUrl\":\"https:\\\/\\\/baranowscy.eu\\\/wordpress\\\/wp-content\\\/uploads\\\/2015\\\/09\\\/celina_proszek_0.jpg\",\"datePublished\":\"2015-09-20T20:34:26+00:00\",\"dateModified\":\"2015-09-20T20:44:28+00:00\",\"breadcrumb\":{\"@id\":\"https:\\\/\\\/baranowscy.eu\\\/wordpress\\\/naturalne-proszki-do-prania-celina-recenzja\\\/#breadcrumb\"},\"inLanguage\":\"pl-PL\",\"potentialAction\":[{\"@type\":\"ReadAction\",\"target\":[\"https:\\\/\\\/baranowscy.eu\\\/wordpress\\\/naturalne-proszki-do-prania-celina-recenzja\\\/\"]}]},{\"@type\":\"ImageObject\",\"inLanguage\":\"pl-PL\",\"@id\":\"https:\\\/\\\/baranowscy.eu\\\/wordpress\\\/naturalne-proszki-do-prania-celina-recenzja\\\/#primaryimage\",\"url\":\"https:\\\/\\\/baranowscy.eu\\\/wordpress\\\/wp-content\\\/uploads\\\/2015\\\/09\\\/celina_proszek_0.jpg\",\"contentUrl\":\"https:\\\/\\\/baranowscy.eu\\\/wordpress\\\/wp-content\\\/uploads\\\/2015\\\/09\\\/celina_proszek_0.jpg\",\"width\":640,\"height\":427,\"caption\":\"Proszki do prania Celina.\"},{\"@type\":\"BreadcrumbList\",\"@id\":\"https:\\\/\\\/baranowscy.eu\\\/wordpress\\\/naturalne-proszki-do-prania-celina-recenzja\\\/#breadcrumb\",\"itemListElement\":[{\"@type\":\"ListItem\",\"position\":1,\"name\":\"Strona g\u0142\u00f3wna\",\"item\":\"https:\\\/\\\/baranowscy.eu\\\/wordpress\\\/\"},{\"@type\":\"ListItem\",\"position\":2,\"name\":\"Naturalne proszki do prania Celina &#8211; recenzja\"}]},{\"@type\":\"WebSite\",\"@id\":\"https:\\\/\\\/baranowscy.eu\\\/wordpress\\\/#website\",\"url\":\"https:\\\/\\\/baranowscy.eu\\\/wordpress\\\/\",\"name\":\"organiczni.eu\",\"description\":\"Najbardziej wszechstronny blog ekologiczny\",\"publisher\":{\"@id\":\"https:\\\/\\\/baranowscy.eu\\\/wordpress\\\/#organization\"},\"potentialAction\":[{\"@type\":\"SearchAction\",\"target\":{\"@type\":\"EntryPoint\",\"urlTemplate\":\"https:\\\/\\\/baranowscy.eu\\\/wordpress\\\/?s={search_term_string}\"},\"query-input\":{\"@type\":\"PropertyValueSpecification\",\"valueRequired\":true,\"valueName\":\"search_term_string\"}}],\"inLanguage\":\"pl-PL\"},{\"@type\":\"Organization\",\"@id\":\"https:\\\/\\\/baranowscy.eu\\\/wordpress\\\/#organization\",\"name\":\"organiczni.eu\",\"url\":\"https:\\\/\\\/baranowscy.eu\\\/wordpress\\\/\",\"logo\":{\"@type\":\"ImageObject\",\"inLanguage\":\"pl-PL\",\"@id\":\"https:\\\/\\\/baranowscy.eu\\\/wordpress\\\/#\\\/schema\\\/logo\\\/image\\\/\",\"url\":\"https:\\\/\\\/baranowscy.eu\\\/wordpress\\\/wp-content\\\/uploads\\\/2018\\\/01\\\/logo_duze.png\",\"contentUrl\":\"https:\\\/\\\/baranowscy.eu\\\/wordpress\\\/wp-content\\\/uploads\\\/2018\\\/01\\\/logo_duze.png\",\"width\":1398,\"height\":300,\"caption\":\"organiczni.eu\"},\"image\":{\"@id\":\"https:\\\/\\\/baranowscy.eu\\\/wordpress\\\/#\\\/schema\\\/logo\\\/image\\\/\"},\"sameAs\":[\"https:\\\/\\\/www.facebook.com\\\/organiczni\\\/\",\"https:\\\/\\\/www.instagram.com\\\/organiczni.eu\\\/\"]},{\"@type\":\"Person\",\"@id\":\"https:\\\/\\\/baranowscy.eu\\\/wordpress\\\/#\\\/schema\\\/person\\\/741d5f1f3fd2833c5ca2ffdaaa93dc73\",\"name\":\"joanna\",\"image\":{\"@type\":\"ImageObject\",\"inLanguage\":\"pl-PL\",\"@id\":\"https:\\\/\\\/secure.gravatar.com\\\/avatar\\\/a59b1be4fa5d200ee0af0ba4bbcdb691da1d589b419bae23d7aa5a15d820e28e?s=96&d=identicon&r=g\",\"url\":\"https:\\\/\\\/secure.gravatar.com\\\/avatar\\\/a59b1be4fa5d200ee0af0ba4bbcdb691da1d589b419bae23d7aa5a15d820e28e?s=96&d=identicon&r=g\",\"contentUrl\":\"https:\\\/\\\/secure.gravatar.com\\\/avatar\\\/a59b1be4fa5d200ee0af0ba4bbcdb691da1d589b419bae23d7aa5a15d820e28e?s=96&d=identicon&r=g\",\"caption\":\"joanna\"},\"sameAs\":[\"https:\\\/\\\/organiczni.baranowscy.eu\"],\"url\":\"https:\\\/\\\/baranowscy.eu\\\/wordpress\\\/author\\\/admin\\\/\"}]}<\/script>\n<!-- \/ Yoast SEO plugin. -->","yoast_head_json":{"title":"Naturalne proszki do prania Celina - recenzja - organiczni.eu","robots":{"index":"index","follow":"follow","max-snippet":"max-snippet:-1","max-image-preview":"max-image-preview:large","max-video-preview":"max-video-preview:-1"},"canonical":"https:\/\/baranowscy.eu\/wordpress\/naturalne-proszki-do-prania-celina-recenzja\/","og_locale":"pl_PL","og_type":"article","og_title":"Naturalne proszki do prania Celina - recenzja - organiczni.eu","og_description":"Proszki o wdzi\u0119cznej nazwie Celina to nowe polskie produkty do prania, kt\u00f3re maj\u0105 spe\u0142ni\u0107 oczekiwania ekologicznej pani albo ekopana domu. Ja wypadaj\u0105 proszki Celina wobec&hellip;","og_url":"https:\/\/baranowscy.eu\/wordpress\/naturalne-proszki-do-prania-celina-recenzja\/","og_site_name":"organiczni.eu","article_publisher":"https:\/\/www.facebook.com\/organiczni\/","article_published_time":"2015-09-20T20:34:26+00:00","article_modified_time":"2015-09-20T20:44:28+00:00","og_image":[{"width":640,"height":427,"url":"https:\/\/baranowscy.eu\/wordpress\/wp-content\/uploads\/2015\/09\/celina_proszek_0.jpg","type":"image\/jpeg"}],"author":"joanna","twitter_card":"summary_large_image","twitter_misc":{"Napisane przez":"joanna","Szacowany czas czytania":"6 minut"},"schema":{"@context":"https:\/\/schema.org","@graph":[{"@type":"Article","@id":"https:\/\/baranowscy.eu\/wordpress\/naturalne-proszki-do-prania-celina-recenzja\/#article","isPartOf":{"@id":"https:\/\/baranowscy.eu\/wordpress\/naturalne-proszki-do-prania-celina-recenzja\/"},"author":{"name":"joanna","@id":"https:\/\/baranowscy.eu\/wordpress\/#\/schema\/person\/741d5f1f3fd2833c5ca2ffdaaa93dc73"},"headline":"Naturalne proszki do prania Celina &#8211; recenzja","datePublished":"2015-09-20T20:34:26+00:00","dateModified":"2015-09-20T20:44:28+00:00","mainEntityOfPage":{"@id":"https:\/\/baranowscy.eu\/wordpress\/naturalne-proszki-do-prania-celina-recenzja\/"},"wordCount":1165,"commentCount":5,"publisher":{"@id":"https:\/\/baranowscy.eu\/wordpress\/#organization"},"image":{"@id":"https:\/\/baranowscy.eu\/wordpress\/naturalne-proszki-do-prania-celina-recenzja\/#primaryimage"},"thumbnailUrl":"https:\/\/baranowscy.eu\/wordpress\/wp-content\/uploads\/2015\/09\/celina_proszek_0.jpg","keywords":["aktywny tlen","boraks","Celina","detergenty","proszek do prania","soda kalcynowana","soda oczyszczona","ultramaryna","zeolity"],"articleSection":["ekosprz\u0105tanie","recenzje","\u015brodki czysto\u015bci"],"inLanguage":"pl-PL","potentialAction":[{"@type":"CommentAction","name":"Comment","target":["https:\/\/baranowscy.eu\/wordpress\/naturalne-proszki-do-prania-celina-recenzja\/#respond"]}]},{"@type":"WebPage","@id":"https:\/\/baranowscy.eu\/wordpress\/naturalne-proszki-do-prania-celina-recenzja\/","url":"https:\/\/baranowscy.eu\/wordpress\/naturalne-proszki-do-prania-celina-recenzja\/","name":"Naturalne proszki do prania Celina - recenzja - organiczni.eu","isPartOf":{"@id":"https:\/\/baranowscy.eu\/wordpress\/#website"},"primaryImageOfPage":{"@id":"https:\/\/baranowscy.eu\/wordpress\/naturalne-proszki-do-prania-celina-recenzja\/#primaryimage"},"image":{"@id":"https:\/\/baranowscy.eu\/wordpress\/naturalne-proszki-do-prania-celina-recenzja\/#primaryimage"},"thumbnailUrl":"https:\/\/baranowscy.eu\/wordpress\/wp-content\/uploads\/2015\/09\/celina_proszek_0.jpg","datePublished":"2015-09-20T20:34:26+00:00","dateModified":"2015-09-20T20:44:28+00:00","breadcrumb":{"@id":"https:\/\/baranowscy.eu\/wordpress\/naturalne-proszki-do-prania-celina-recenzja\/#breadcrumb"},"inLanguage":"pl-PL","potentialAction":[{"@type":"ReadAction","target":["https:\/\/baranowscy.eu\/wordpress\/naturalne-proszki-do-prania-celina-recenzja\/"]}]},{"@type":"ImageObject","inLanguage":"pl-PL","@id":"https:\/\/baranowscy.eu\/wordpress\/naturalne-proszki-do-prania-celina-recenzja\/#primaryimage","url":"https:\/\/baranowscy.eu\/wordpress\/wp-content\/uploads\/2015\/09\/celina_proszek_0.jpg","contentUrl":"https:\/\/baranowscy.eu\/wordpress\/wp-content\/uploads\/2015\/09\/celina_proszek_0.jpg","width":640,"height":427,"caption":"Proszki do prania Celina."},{"@type":"BreadcrumbList","@id":"https:\/\/baranowscy.eu\/wordpress\/naturalne-proszki-do-prania-celina-recenzja\/#breadcrumb","itemListElement":[{"@type":"ListItem","position":1,"name":"Strona g\u0142\u00f3wna","item":"https:\/\/baranowscy.eu\/wordpress\/"},{"@type":"ListItem","position":2,"name":"Naturalne proszki do prania Celina &#8211; recenzja"}]},{"@type":"WebSite","@id":"https:\/\/baranowscy.eu\/wordpress\/#website","url":"https:\/\/baranowscy.eu\/wordpress\/","name":"organiczni.eu","description":"Najbardziej wszechstronny blog ekologiczny","publisher":{"@id":"https:\/\/baranowscy.eu\/wordpress\/#organization"},"potentialAction":[{"@type":"SearchAction","target":{"@type":"EntryPoint","urlTemplate":"https:\/\/baranowscy.eu\/wordpress\/?s={search_term_string}"},"query-input":{"@type":"PropertyValueSpecification","valueRequired":true,"valueName":"search_term_string"}}],"inLanguage":"pl-PL"},{"@type":"Organization","@id":"https:\/\/baranowscy.eu\/wordpress\/#organization","name":"organiczni.eu","url":"https:\/\/baranowscy.eu\/wordpress\/","logo":{"@type":"ImageObject","inLanguage":"pl-PL","@id":"https:\/\/baranowscy.eu\/wordpress\/#\/schema\/logo\/image\/","url":"https:\/\/baranowscy.eu\/wordpress\/wp-content\/uploads\/2018\/01\/logo_duze.png","contentUrl":"https:\/\/baranowscy.eu\/wordpress\/wp-content\/uploads\/2018\/01\/logo_duze.png","width":1398,"height":300,"caption":"organiczni.eu"},"image":{"@id":"https:\/\/baranowscy.eu\/wordpress\/#\/schema\/logo\/image\/"},"sameAs":["https:\/\/www.facebook.com\/organiczni\/","https:\/\/www.instagram.com\/organiczni.eu\/"]},{"@type":"Person","@id":"https:\/\/baranowscy.eu\/wordpress\/#\/schema\/person\/741d5f1f3fd2833c5ca2ffdaaa93dc73","name":"joanna","image":{"@type":"ImageObject","inLanguage":"pl-PL","@id":"https:\/\/secure.gravatar.com\/avatar\/a59b1be4fa5d200ee0af0ba4bbcdb691da1d589b419bae23d7aa5a15d820e28e?s=96&d=identicon&r=g","url":"https:\/\/secure.gravatar.com\/avatar\/a59b1be4fa5d200ee0af0ba4bbcdb691da1d589b419bae23d7aa5a15d820e28e?s=96&d=identicon&r=g","contentUrl":"https:\/\/secure.gravatar.com\/avatar\/a59b1be4fa5d200ee0af0ba4bbcdb691da1d589b419bae23d7aa5a15d820e28e?s=96&d=identicon&r=g","caption":"joanna"},"sameAs":["https:\/\/organiczni.baranowscy.eu"],"url":"https:\/\/baranowscy.eu\/wordpress\/author\/admin\/"}]}},"jetpack_featured_media_url":"https:\/\/baranowscy.eu\/wordpress\/wp-content\/uploads\/2015\/09\/celina_proszek_0.jpg","jetpack_sharing_enabled":true,"_links":{"self":[{"href":"https:\/\/baranowscy.eu\/wordpress\/wp-json\/wp\/v2\/posts\/4360","targetHints":{"allow":["GET"]}}],"collection":[{"href":"https:\/\/baranowscy.eu\/wordpress\/wp-json\/wp\/v2\/posts"}],"about":[{"href":"https:\/\/baranowscy.eu\/wordpress\/wp-json\/wp\/v2\/types\/post"}],"author":[{"embeddable":true,"href":"https:\/\/baranowscy.eu\/wordpress\/wp-json\/wp\/v2\/users\/1"}],"replies":[{"embeddable":true,"href":"https:\/\/baranowscy.eu\/wordpress\/wp-json\/wp\/v2\/comments?post=4360"}],"version-history":[{"count":5,"href":"https:\/\/baranowscy.eu\/wordpress\/wp-json\/wp\/v2\/posts\/4360\/revisions"}],"predecessor-version":[{"id":4374,"href":"https:\/\/baranowscy.eu\/wordpress\/wp-json\/wp\/v2\/posts\/4360\/revisions\/4374"}],"wp:featuredmedia":[{"embeddable":true,"href":"https:\/\/baranowscy.eu\/wordpress\/wp-json\/wp\/v2\/media\/4361"}],"wp:attachment":[{"href":"https:\/\/baranowscy.eu\/wordpress\/wp-json\/wp\/v2\/media?parent=4360"}],"wp:term":[{"taxonomy":"category","embeddable":true,"href":"https:\/\/baranowscy.eu\/wordpress\/wp-json\/wp\/v2\/categories?post=4360"},{"taxonomy":"post_tag","embeddable":true,"href":"https:\/\/baranowscy.eu\/wordpress\/wp-json\/wp\/v2\/tags?post=4360"}],"curies":[{"name":"wp","href":"https:\/\/api.w.org\/{rel}","templated":true}]}}