{"id":4340,"date":"2015-09-17T22:40:45","date_gmt":"2015-09-17T20:40:45","guid":{"rendered":"http:\/\/baranowscy.eu\/wordpress\/?p=4340"},"modified":"2016-01-03T10:21:58","modified_gmt":"2016-01-03T09:21:58","slug":"mydlo-aleppo-mydlo-ktorego-nie-bedzie","status":"publish","type":"post","link":"https:\/\/baranowscy.eu\/wordpress\/mydlo-aleppo-mydlo-ktorego-nie-bedzie\/","title":{"rendered":"Myd\u0142o Aleppo \u2013 myd\u0142o, kt\u00f3rego nie b\u0119dzie?"},"content":{"rendered":"<p>Syryjskie myd\u0142o Aleppo jest idea\u0142em. Tradycja jego wyrobu tak stara, \u017ce nawet nie wiadomo, ile wiek\u00f3w temu rozpocz\u0119to produkcj\u0119. A opiera si\u0119 na <strong>czterech naturalnych sk\u0142adnikach<\/strong>, \u0142\u0105czonych wed\u0142ug receptury niezmienionej od stuleci \u2013 produkcja myd\u0142a trwa a\u017c rok. <strong>Myd\u0142o Aleppo to podstawowy kosmetyk ka\u017cdego atopowca, ka\u017cdej osoby maj\u0105cej problemy sk\u00f3rne.<\/strong>\u00a0O\u00a0jego w\u0142a\u015bciwo\u015bciach przeczytacie poni\u017cej.<\/p>\n<p><a href=\"https:\/\/baranowscy.eu\/wordpress\/wp-content\/uploads\/2015\/10\/mydlo_aleppo_organique_1.jpg\"><img loading=\"lazy\" decoding=\"async\" class=\"aligncenter size-full wp-image-4537\" src=\"https:\/\/baranowscy.eu\/wordpress\/wp-content\/uploads\/2015\/10\/mydlo_aleppo_organique_1.jpg\" alt=\"mydlo_aleppo_organique_1\" width=\"640\" height=\"426\" srcset=\"https:\/\/baranowscy.eu\/wordpress\/wp-content\/uploads\/2015\/10\/mydlo_aleppo_organique_1.jpg 640w, https:\/\/baranowscy.eu\/wordpress\/wp-content\/uploads\/2015\/10\/mydlo_aleppo_organique_1-300x200.jpg 300w, https:\/\/baranowscy.eu\/wordpress\/wp-content\/uploads\/2015\/10\/mydlo_aleppo_organique_1-600x399.jpg 600w\" sizes=\"auto, (max-width: 640px) 100vw, 640px\" \/><\/a><\/p>\n<h2><strong>I nie ma ju\u017c tych myde\u0142<\/strong><\/h2>\n<p>Par\u0119 dni temu Pawe\u0142 z zaprzyja\u017anionej Drogerii Ekologicznej napisa\u0142 na Facebooku:<\/p>\n<blockquote><p>My z miasta Alleppo w Syrii zamawiali\u015bmy do\u00a0<a href=\"https:\/\/www.facebook.com\/BetterLandDrogeriaEkologiczna\" data-hovercard=\"\/ajax\/hovercard\/page.php?id=1394290814119930&amp;extragetparams=%7B%22directed_target_id%22%3A0%7D\">Better Land &#8211; drogeria ekologiczna<\/a>\u00a0myd\u0142o Aleppo.<br \/>\nJakie\u015b p\u00f3\u0142 roku temu otrzymali\u015bmy mejla: \u201ejest u nas wojna, nie ma mo\u017cliwo\u015bci wys\u0142ania myde\u0142\u201d, i kontakt si\u0119 urwa\u0142. Mo\u017ce ju\u017c nie \u017cyj\u0105? I nie ma ju\u017c tych myde\u0142.<\/p><\/blockquote>\n<p>Poruszona i zasmucona, zacz\u0119\u0142am szuka\u0107 wiadomo\u015bci\u00a0na temat tego, co obecnie dzieje si\u0119 w Aleppo. Tak trudno znale\u017a\u0107 rzetelne informacje, bo dzi\u015b jest to najprawdopodobniej jeden z najbardziej niebezpiecznych rejon\u00f3w \u015bwiata. \u015acieraj\u0105 si\u0119 tam si\u0142y prorz\u0105dowe z si\u0142ami antyrz\u0105dowymi (Wolna Armia Syrii) oraz boj\u00f3wki Kurd\u00f3w i wojska ISIS, czyli Pa\u0144stwa Islamskiego. Czyta\u0142am kilka relacji dziennikarzy i Syryjczyk\u00f3w, <a href=\"http:\/\/wiadomosci.wp.pl\/kat,36474,title,Wojna-w-Syrii-oczami-chrzescijanina-z-Aleppo,wid,17828144,wiadomosc.html?ticaid=115999&amp;_ticrsn=3\" target=\"_blank\">cho\u0107by ta relacja mieszka\u0144ca Aleppo<\/a>, kt\u00f3ra by\u0107 mo\u017ce troch\u0119 zbli\u017ca nas do prawdy. Sytuacja wygl\u0105da fatalnie i nie wygl\u0105da na to, aby ta wojna mia\u0142a si\u0119 zako\u0144czy\u0107.<\/p>\n<p>Prawdopodobnie ludzie, kt\u00f3rzy pracowali przy produkcji myde\u0142, dzi\u015b ju\u017c tego nie robi\u0105. Mo\u017ce uciekli do Turcji, mo\u017ce do Europy. Cz\u0119\u015b\u0107 przenios\u0142a produkcj\u0119 do innych miejsc, np. do Bejrutu.<\/p>\n<figure id=\"attachment_4345\" aria-describedby=\"caption-attachment-4345\" style=\"width: 640px\" class=\"wp-caption aligncenter\"><a href=\"https:\/\/baranowscy.eu\/wordpress\/wp-content\/uploads\/2015\/09\/Aleppo_soap_03.jpg\"><img loading=\"lazy\" decoding=\"async\" class=\"wp-image-4345 size-full\" src=\"https:\/\/baranowscy.eu\/wordpress\/wp-content\/uploads\/2015\/09\/Aleppo_soap_03.jpg\" alt=\"Aleppo_soap_03\" width=\"640\" height=\"480\" srcset=\"https:\/\/baranowscy.eu\/wordpress\/wp-content\/uploads\/2015\/09\/Aleppo_soap_03.jpg 640w, https:\/\/baranowscy.eu\/wordpress\/wp-content\/uploads\/2015\/09\/Aleppo_soap_03-300x225.jpg 300w, https:\/\/baranowscy.eu\/wordpress\/wp-content\/uploads\/2015\/09\/Aleppo_soap_03-600x450.jpg 600w\" sizes=\"auto, (max-width: 640px) 100vw, 640px\" \/><\/a><figcaption id=\"caption-attachment-4345\" class=\"wp-caption-text\">Myd\u0142a Aleppo*.<\/figcaption><\/figure>\n<p>To oznacza, \u017ce prawdziwe myd\u0142a Aleppo w tej chwili nie powstaj\u0105 \u2013 by\u0107 mo\u017ce ich wielkie stosy le\u017cakuj\u0105 gdzie\u015b samotnie w fabryce i czekaj\u0105 na zako\u0144czenie konfliktu. To, co mo\u017cemy kupi\u0107 dzi\u015b w sklepie i ma gwarancj\u0119, \u017ce jest prawdziwym, syryjskim myd\u0142em Aleppo, pochodzi prawdopodobnie z zapas\u00f3w w hurtowniach.<\/p>\n<p>&nbsp;<\/p>\n<p><a href=\"https:\/\/baranowscy.eu\/wordpress\/wp-content\/uploads\/2015\/09\/aleppo_organique.jpg\"><img loading=\"lazy\" decoding=\"async\" class=\"aligncenter size-full wp-image-4355\" src=\"https:\/\/baranowscy.eu\/wordpress\/wp-content\/uploads\/2015\/09\/aleppo_organique.jpg\" alt=\"aleppo_organique\" width=\"640\" height=\"426\" srcset=\"https:\/\/baranowscy.eu\/wordpress\/wp-content\/uploads\/2015\/09\/aleppo_organique.jpg 640w, https:\/\/baranowscy.eu\/wordpress\/wp-content\/uploads\/2015\/09\/aleppo_organique-300x200.jpg 300w, https:\/\/baranowscy.eu\/wordpress\/wp-content\/uploads\/2015\/09\/aleppo_organique-600x399.jpg 600w\" sizes=\"auto, (max-width: 640px) 100vw, 640px\" \/><\/a><\/p>\n<h2><strong>Tylko cztery sk\u0142adniki<\/strong><\/h2>\n<p>Dzi\u0119ki swoim naturalnym sk\u0142adnikom myd\u0142o Aleppo jest uniwersalne, cho\u0107 w zale\u017cno\u015bci od proporcji oleju laurowego i oliwy jego dzia\u0142anie jest nieco inne.<\/p>\n<p>Myd\u0142o Aleppo mo\u017ce by\u0107 stosowane jako myd\u0142o do cia\u0142a, do twarzy, jako szampon, jako myd\u0142o do golenia (<a href=\"https:\/\/baranowscy.eu\/wordpress\/ekologiczne-golenie-i-dla-panow-i-dla-pan\/\" target=\"_blank\">o czym pisa\u0142am tu<\/a>) oraz jako kosmetyk dla dzieci od pierwszych dni \u017cycia. Stosuje si\u0119 je przy stanach zapalnych i chorobach sk\u00f3ry, takich jak AZS, \u0142uszczyca, tr\u0105dzik, opryszczka. Poleca si\u0119 je tak\u017ce do mycia g\u0142owy, jako \u015brodek zapobiegaj\u0105cy wypadaniu w\u0142os\u00f3w.<\/p>\n<p><a href=\"https:\/\/baranowscy.eu\/wordpress\/wp-content\/uploads\/2015\/09\/aleppo_1.jpg\"><img loading=\"lazy\" decoding=\"async\" class=\"aligncenter size-full wp-image-4341\" src=\"https:\/\/baranowscy.eu\/wordpress\/wp-content\/uploads\/2015\/09\/aleppo_1.jpg\" alt=\"aleppo_1\" width=\"640\" height=\"427\" srcset=\"https:\/\/baranowscy.eu\/wordpress\/wp-content\/uploads\/2015\/09\/aleppo_1.jpg 640w, https:\/\/baranowscy.eu\/wordpress\/wp-content\/uploads\/2015\/09\/aleppo_1-300x200.jpg 300w, https:\/\/baranowscy.eu\/wordpress\/wp-content\/uploads\/2015\/09\/aleppo_1-600x400.jpg 600w\" sizes=\"auto, (max-width: 640px) 100vw, 640px\" \/><\/a><\/p>\n<p><strong><div class='dropshadowboxes-container ' style='width:640px;'>\r\n                            <div class='dropshadowboxes-drop-shadow dropshadowboxes-rounded-corners dropshadowboxes-lifted-both dropshadowboxes-effect-default' style=' border: 1px solid #dddddd; height:; background-color:#fbe74d;    '>\r\n                            Prawdziwe myd\u0142o Aleppo zawiera jedynie cztery sk\u0142adniki:<\/strong><\/p>\n<ul>\n<li>oliw\u0119 z oliwek (<em>olive oil<\/em>) \u2013 przede wszystkim g\u0142\u0119boko nawil\u017ca i od\u017cywia sk\u00f3r\u0119,<\/li>\n<li>olej laurowy (<em>sodium laurate<\/em>) \u2013 ma dzia\u0142anie antyseptyczne, antygrzybicze, antybakteryjne, a nawet przeciw\u015bwi\u0105dowe, co ma znaczenie przy AZS,<\/li>\n<li>\u0142ug pozyskiwany z wody morskiej (<em>sodium hydroxide<\/em>) \u2013 ma funkcj\u0119 spieniania,<\/li>\n<li>wod\u0119 (<em>aqua<\/em>).<\/li>\n<\/ul>\n<p>Czasem dodawana do myd\u0142a <strong>czarnuszka siewna<\/strong> wzbogaca dzia\u0142anie myd\u0142a o swoje w\u0142a\u015bciwo\u015bci koj\u0105ce.<strong>\r\n                            <\/div>\r\n                        <\/div><\/strong><\/p>\n<p><strong>W prawdziwym mydle Aleppo nie znajdziemy innych sk\u0142adnik\u00f3w, takich jak np. gliceryna!<\/strong><\/p>\n<p><a href=\"https:\/\/baranowscy.eu\/wordpress\/wp-content\/uploads\/2015\/10\/mydlo_aleppo_organique_21.jpg\"><img loading=\"lazy\" decoding=\"async\" class=\"aligncenter size-full wp-image-4538\" src=\"https:\/\/baranowscy.eu\/wordpress\/wp-content\/uploads\/2015\/10\/mydlo_aleppo_organique_21.jpg\" alt=\"mydlo_aleppo_organique_2\" width=\"640\" height=\"426\" srcset=\"https:\/\/baranowscy.eu\/wordpress\/wp-content\/uploads\/2015\/10\/mydlo_aleppo_organique_21.jpg 640w, https:\/\/baranowscy.eu\/wordpress\/wp-content\/uploads\/2015\/10\/mydlo_aleppo_organique_21-300x200.jpg 300w, https:\/\/baranowscy.eu\/wordpress\/wp-content\/uploads\/2015\/10\/mydlo_aleppo_organique_21-600x399.jpg 600w\" sizes=\"auto, (max-width: 640px) 100vw, 640px\" \/><\/a><\/p>\n<p>Od st\u0119\u017cenia oleju laurowego zale\u017cy, czy myd\u0142o Aleppo przede wszystkim nawil\u017ca sk\u00f3r\u0119, czy dzia\u0142a leczniczo. Zawarto\u015b\u0107 tego sk\u0142adnika decyduje te\u017c o kolorze myd\u0142a (im wi\u0119cej, tym myd\u0142o bardziej bure).<\/p>\n<p>Osoby z aktywnym AZS czy innymi problemami sk\u00f3rnymi powinny spr\u00f3bowa\u0107 najpierw myd\u0142a o ni\u017cszym st\u0119\u017ceniu.<\/p>\n<p><strong><div class='dropshadowboxes-container ' style='width:640px;'>\r\n                            <div class='dropshadowboxes-drop-shadow dropshadowboxes-rounded-corners dropshadowboxes-lifted-both dropshadowboxes-effect-default' style=' border: 1px solid #dddddd; height:; background-color:#fbe74d;    '>\r\n                            St\u0119\u017cenie oleju laurowego;<\/strong><\/p>\n<ul>\n<li>0% \u2013 myd\u0142o bardzo delikatne, nawil\u017caj\u0105ce.<\/li>\n<li>5% &#8211; niska zawarto\u015b\u0107 oleju laurowego sprawia, \u017ce myd\u0142o mo\u017cna stosowa\u0107 nawet u bardzo ma\u0142ych dzieci,<\/li>\n<li>12% &#8211; myd\u0142o o delikatnych w\u0142a\u015bciwo\u015bciach antyseptycznych,<\/li>\n<li>20% &#8211; myd\u0142o o mocniejszym dzia\u0142aniu antybakteryjnym, grzybob\u00f3jczym, przeciw\u015bwi\u0105dowym,<\/li>\n<li>40% &#8211; do\u015b\u0107 silnie dzia\u0142aj\u0105ce myd\u0142o, do kt\u00f3rego warto si\u0119 przyzwyczai\u0107, stosuj\u0105c najpierw mniejsze st\u0119\u017cenia oleju laurowego,<\/li>\n<li>70% &#8211; bardzo mocno \u015bci\u0105gaj\u0105ce i odka\u017caj\u0105ce, polecane raczej do\u2026 prania.<strong>\r\n                            <\/div>\r\n                        <\/div><\/strong><\/li>\n<\/ul>\n<p>Myd\u0142o wyst\u0119puje tak\u017ce w postaci myd\u0142a w p\u0142ynie, ale jak dla mnie to ju\u017c zupe\u0142nie inny kosmetyk.<\/p>\n<p>Kostki Aleppo s\u0105 zwykle du\u017ce i warto pokroi\u0107 sobie takie myd\u0142o na mniejsze. Wewn\u0105trz du\u017cej kostki myd\u0142o b\u0119dzie mia\u0142o inny kolor \u2013 bardziej zielony ze wzgl\u0119du na proces dojrzewania. Myd\u0142a o du\u017cej zawarto\u015bci oleju laurowego mog\u0105 specyficznie pachnie\u0107.<\/p>\n<p><a href=\"https:\/\/baranowscy.eu\/wordpress\/wp-content\/uploads\/2015\/09\/aleppo_3.jpg\"><img loading=\"lazy\" decoding=\"async\" class=\"aligncenter size-full wp-image-4343\" src=\"https:\/\/baranowscy.eu\/wordpress\/wp-content\/uploads\/2015\/09\/aleppo_3.jpg\" alt=\"aleppo_3\" width=\"640\" height=\"427\" srcset=\"https:\/\/baranowscy.eu\/wordpress\/wp-content\/uploads\/2015\/09\/aleppo_3.jpg 640w, https:\/\/baranowscy.eu\/wordpress\/wp-content\/uploads\/2015\/09\/aleppo_3-300x200.jpg 300w, https:\/\/baranowscy.eu\/wordpress\/wp-content\/uploads\/2015\/09\/aleppo_3-600x400.jpg 600w\" sizes=\"auto, (max-width: 640px) 100vw, 640px\" \/><\/a><\/p>\n<p>Co b\u0119dzie dalej z myd\u0142em z Aleppo? Mam nadziej\u0119, \u017ce us\u0142ysz\u0119 jakie\u015b dobre wie\u015bci o tym mie\u015bcie i jego mieszka\u0144cach. W sprawach tak uniwersalnych i \u2013 wydawa\u0142oby si\u0119 \u2013 przyziemnych, jak myd\u0142o, czasem kryj\u0105 si\u0119 zawi\u0142o\u015bci polityczno-historyczne, trudne do poj\u0119cia. Gubi\u0119 si\u0119 w tym. My\u015bl\u0119 o was, zwykli mieszka\u0144cy Syrii.<\/p>\n<p><strong>Wybrana bibliografia:<\/strong><\/p>\n<ul>\n<li><a href=\"http:\/\/www.bbc.com\/news\/magazine-22541698\">http:\/\/www.bbc.com\/news\/magazine-22541698<\/a><\/li>\n<li><a href=\"http:\/\/kulisy24.com\/swiat\/austrio-niemcy-kochamy-was-wasi-uchodzcy\">http:\/\/kulisy24.com\/swiat\/austrio-niemcy-kochamy-was-wasi-uchodzcy<\/a><\/li>\n<li><a href=\"http:\/\/www.urok-zycia-alergika.pl\/2015\/06\/mydo-z-aleppo-naturalna-pomoc-przy-azs.html\">http:\/\/www.urok-zycia-alergika.pl\/2015\/06\/mydo-z-aleppo-naturalna-pomoc-przy-azs.html<\/a><\/li>\n<li><a href=\"https:\/\/pl.wikipedia.org\/wiki\/Bitwa_o_Aleppo_(2012-2014)\">https:\/\/pl.wikipedia.org\/wiki\/Bitwa_o_Aleppo_(2012-2014)<\/a><\/li>\n<\/ul>\n<p><strong>*\u0179r\u00f3d\u0142o zdj\u0119cia:<\/strong><\/p>\n<p><a href=\"https:\/\/commons.wikimedia.org\/wiki\/File:Aleppo_soap_03.jpg\">https:\/\/commons.wikimedia.org\/wiki\/File:Aleppo_soap_03.jpg<\/a><\/p>\n<p><strong><div class='dropshadowboxes-container ' style='width:640px;'>\r\n                            <div class='dropshadowboxes-drop-shadow dropshadowboxes-rounded-corners dropshadowboxes-lifted-both dropshadowboxes-effect-default' style=' border: 1px solid #dddddd; height:; background-color:#fbe74d;    '>\r\n                            Wesprzyjmy Syryjczyk\u00f3w, poznajmy prawd\u0119<\/strong><\/p>\n<p>Zdaj\u0119 sobie spraw\u0119, \u017ce temat uchod\u017ac\u00f3w dzieli nasz nar\u00f3d dog\u0142\u0119bnie. Dlatego chcia\u0142abym przy okazji nam\u00f3wi\u0107 Was do dw\u00f3ch rzeczy, kt\u00f3re nie powinny wzbudza\u0107 w nikim niech\u0119ci.<\/p>\n<p><strong>Po pierwsze, pomagajmy<\/strong> \u2013 tak jak chcemy czy umiemy, ale r\u00f3bmy to. Je\u015bli uwa\u017camy, \u017ce trzeba wspiera\u0107 ludzi, kt\u00f3rzy zostali w Syrii lub znajduj\u0105 si\u0119 w obozach dla uchod\u017ac\u00f3w, wesprzyjmy np. PAH (<a href=\"http:\/\/www.pah.org.pl\/wspieraj-nas\/189\/numery_kont_bankowych\" target=\"_blank\">tytu\u0142 przelewu \u201eSyria\u201d<\/a>). Je\u015bli chcemy do\u0142o\u017cy\u0107 si\u0119 do akcji pomocy uchod\u017acom np. w Macedonii, mo\u017cemy przela\u0107 dowoln\u0105 kwot\u0119 na subkonto <a href=\"http:\/\/www.wolnasyria.org\/\" target=\"_blank\">Fundacji Wolna Syria<\/a>.<\/p>\n<p><strong>Po drugie, szukajmy obiektywnych \u017ar\u00f3de\u0142 informacji.<\/strong> Jest to ogromnie trudne, w sieci ci\u0105gle pojawiaj\u0105 si\u0119 zmanipulowane tre\u015bci, a nawet kompletnie zmy\u015blone historie na temat uciekinier\u00f3w z Syrii. Dobrze poinformowane s\u0105 przede wszystkim organizacje nios\u0105ce pomoc, dzia\u0142aj\u0105ce na miejscu wydarze\u0144.<\/p>\n<div id='gallery-1' class='gallery galleryid-4340 gallery-columns-3 gallery-size-large'><figure class='gallery-item'>\n\t\t\t<div class='gallery-icon landscape'>\n\t\t\t\t<a href='https:\/\/baranowscy.eu\/wordpress\/mydlo-aleppo-mydlo-ktorego-nie-bedzie\/copyright_izabela-smolinska_kulisy24_pl_1\/'><img loading=\"lazy\" decoding=\"async\" width=\"843\" height=\"547\" src=\"https:\/\/baranowscy.eu\/wordpress\/wp-content\/uploads\/2015\/09\/Copyright_Izabela-Smolinska_KULISY24_PL_1-1024x664.jpg\" class=\"attachment-large size-large\" alt=\"\" aria-describedby=\"gallery-1-4346\" srcset=\"https:\/\/baranowscy.eu\/wordpress\/wp-content\/uploads\/2015\/09\/Copyright_Izabela-Smolinska_KULISY24_PL_1-1024x664.jpg 1024w, https:\/\/baranowscy.eu\/wordpress\/wp-content\/uploads\/2015\/09\/Copyright_Izabela-Smolinska_KULISY24_PL_1-300x194.jpg 300w, https:\/\/baranowscy.eu\/wordpress\/wp-content\/uploads\/2015\/09\/Copyright_Izabela-Smolinska_KULISY24_PL_1-600x389.jpg 600w, https:\/\/baranowscy.eu\/wordpress\/wp-content\/uploads\/2015\/09\/Copyright_Izabela-Smolinska_KULISY24_PL_1.jpg 1080w\" sizes=\"auto, (max-width: 843px) 100vw, 843px\" \/><\/a>\n\t\t\t<\/div>\n\t\t\t\t<figcaption class='wp-caption-text gallery-caption' id='gallery-1-4346'>\n\t\t\t\tFoto: Izabela Smoli\u0144ska, Kulisy24.com\n\t\t\t\t<\/figcaption><\/figure><figure class='gallery-item'>\n\t\t\t<div class='gallery-icon landscape'>\n\t\t\t\t<a href='https:\/\/baranowscy.eu\/wordpress\/mydlo-aleppo-mydlo-ktorego-nie-bedzie\/copyright_izabela-smolinska_kulisy24_pl_2\/'><img loading=\"lazy\" decoding=\"async\" width=\"843\" height=\"547\" src=\"https:\/\/baranowscy.eu\/wordpress\/wp-content\/uploads\/2015\/09\/Copyright_Izabela-Smolinska_KULISY24_PL_2-1024x664.jpg\" class=\"attachment-large size-large\" alt=\"\" aria-describedby=\"gallery-1-4347\" srcset=\"https:\/\/baranowscy.eu\/wordpress\/wp-content\/uploads\/2015\/09\/Copyright_Izabela-Smolinska_KULISY24_PL_2-1024x664.jpg 1024w, https:\/\/baranowscy.eu\/wordpress\/wp-content\/uploads\/2015\/09\/Copyright_Izabela-Smolinska_KULISY24_PL_2-300x194.jpg 300w, https:\/\/baranowscy.eu\/wordpress\/wp-content\/uploads\/2015\/09\/Copyright_Izabela-Smolinska_KULISY24_PL_2-600x389.jpg 600w, https:\/\/baranowscy.eu\/wordpress\/wp-content\/uploads\/2015\/09\/Copyright_Izabela-Smolinska_KULISY24_PL_2.jpg 1080w\" sizes=\"auto, (max-width: 843px) 100vw, 843px\" \/><\/a>\n\t\t\t<\/div>\n\t\t\t\t<figcaption class='wp-caption-text gallery-caption' id='gallery-1-4347'>\n\t\t\t\tFoto: Izabela Smoli\u0144ska, Kulisy24.com\n\t\t\t\t<\/figcaption><\/figure><figure class='gallery-item'>\n\t\t\t<div class='gallery-icon landscape'>\n\t\t\t\t<a href='https:\/\/baranowscy.eu\/wordpress\/mydlo-aleppo-mydlo-ktorego-nie-bedzie\/copyright_izabela-smolinska_kulisy24_pl_3\/'><img loading=\"lazy\" decoding=\"async\" width=\"843\" height=\"547\" src=\"https:\/\/baranowscy.eu\/wordpress\/wp-content\/uploads\/2015\/09\/Copyright_Izabela-Smolinska_KULISY24_PL_3-1024x664.jpg\" class=\"attachment-large size-large\" alt=\"\" aria-describedby=\"gallery-1-4348\" srcset=\"https:\/\/baranowscy.eu\/wordpress\/wp-content\/uploads\/2015\/09\/Copyright_Izabela-Smolinska_KULISY24_PL_3-1024x664.jpg 1024w, https:\/\/baranowscy.eu\/wordpress\/wp-content\/uploads\/2015\/09\/Copyright_Izabela-Smolinska_KULISY24_PL_3-300x194.jpg 300w, https:\/\/baranowscy.eu\/wordpress\/wp-content\/uploads\/2015\/09\/Copyright_Izabela-Smolinska_KULISY24_PL_3-600x389.jpg 600w, https:\/\/baranowscy.eu\/wordpress\/wp-content\/uploads\/2015\/09\/Copyright_Izabela-Smolinska_KULISY24_PL_3.jpg 1080w\" sizes=\"auto, (max-width: 843px) 100vw, 843px\" \/><\/a>\n\t\t\t<\/div>\n\t\t\t\t<figcaption class='wp-caption-text gallery-caption' id='gallery-1-4348'>\n\t\t\t\tFoto: Izabela Smoli\u0144ska, Kulisy24.com\n\t\t\t\t<\/figcaption><\/figure><figure class='gallery-item'>\n\t\t\t<div class='gallery-icon landscape'>\n\t\t\t\t<a href='https:\/\/baranowscy.eu\/wordpress\/mydlo-aleppo-mydlo-ktorego-nie-bedzie\/copyright_izabela-smolinska_kulisy24_pl_4\/'><img loading=\"lazy\" decoding=\"async\" width=\"843\" height=\"547\" src=\"https:\/\/baranowscy.eu\/wordpress\/wp-content\/uploads\/2015\/09\/Copyright_Izabela-Smolinska_KULISY24_PL_4-1024x664.jpg\" class=\"attachment-large size-large\" alt=\"\" aria-describedby=\"gallery-1-4349\" srcset=\"https:\/\/baranowscy.eu\/wordpress\/wp-content\/uploads\/2015\/09\/Copyright_Izabela-Smolinska_KULISY24_PL_4-1024x664.jpg 1024w, https:\/\/baranowscy.eu\/wordpress\/wp-content\/uploads\/2015\/09\/Copyright_Izabela-Smolinska_KULISY24_PL_4-300x194.jpg 300w, https:\/\/baranowscy.eu\/wordpress\/wp-content\/uploads\/2015\/09\/Copyright_Izabela-Smolinska_KULISY24_PL_4-600x389.jpg 600w, https:\/\/baranowscy.eu\/wordpress\/wp-content\/uploads\/2015\/09\/Copyright_Izabela-Smolinska_KULISY24_PL_4.jpg 1080w\" sizes=\"auto, (max-width: 843px) 100vw, 843px\" \/><\/a>\n\t\t\t<\/div>\n\t\t\t\t<figcaption class='wp-caption-text gallery-caption' id='gallery-1-4349'>\n\t\t\t\tFoto: Izabela Smoli\u0144ska, Kulisy24.com\n\t\t\t\t<\/figcaption><\/figure>\n\t\t<\/div>\n\n<p><strong>Moja kole\u017canka Iza Smoli\u0144ska razem z Paulin\u0105 Soch\u0105-Jakubowsk\u0105 pojecha\u0142y zobaczy\u0107, co naprawd\u0119 dzieje si\u0119 na W\u0119grzech, jak \u017cyj\u0105 uchod\u017acy i czy obraz pokazywany w mediach jest prawdziwy.<\/strong> Napisa\u0142y kilka reporta\u017cy z W\u0119gier i Austrii, Iza jest autork\u0105 zdj\u0119\u0107, kt\u00f3re tu zamieszczam. Zach\u0119cam do przeczytania tego tekstu:\u00a0<a href=\"http:\/\/kulisy24.com\/swiat\/austrio-niemcy-kochamy-was-wasi-uchodzcy\" target=\"_blank\">\u201eAustrio, Niemcy, kochamy was\u201d. Wasi uchod\u017acy<\/a><\/p>\n<p>Je\u015bli si\u0119 Wam spodoba, mo\u017ce wesprzecie projekt dziewczyn, kt\u00f3re chc\u0105 znowu pojecha\u0107 na po\u0142udnie, tym razem do Serbii i Macedonii, i zrobi\u0107 kolejne materia\u0142y: <a href=\"https:\/\/www.indiegogo.com\/projects\/making-a-documentary-about-refugees-in-europe#\/story\" target=\"_blank\">KLIKNIJ<\/a>. (Uprzedzam pytania, czytam teksty dziewczyn, nie ca\u0142y portal).<strong>\r\n                            <\/div>\r\n                        <\/div><\/strong><\/p>\n<p><strong>Dzi\u0119kuj\u0119 Izie Smoli\u0144skiej za mo\u017cliwo\u015b\u0107 umieszczenia jej zdj\u0119\u0107.<\/strong><\/p>\n","protected":false},"excerpt":{"rendered":"<p>Syryjskie myd\u0142o Aleppo jest idea\u0142em. Tradycja jego wyrobu tak stara, \u017ce nawet nie wiadomo, ile wiek\u00f3w temu rozpocz\u0119to produkcj\u0119. A opiera si\u0119 na czterech naturalnych&hellip;<\/p>\n","protected":false},"author":1,"featured_media":4355,"comment_status":"open","ping_status":"open","sticky":false,"template":"","format":"standard","meta":{"_jetpack_memberships_contains_paid_content":false,"footnotes":""},"categories":[416,5,89,2],"tags":[1357,219,11,1337,10,827,145,829,256,645,828],"class_list":["post-4340","post","type-post","status-publish","format-standard","has-post-thumbnail","hentry","category-atopowe-zapalenie-skory-azs","category-kosmetyki","category-pielegnacja-ciala-i-dloni","category-slowo-od-autora","tag-alergia","tag-azs","tag-kosmetyki-ekologiczne","tag-kosmetyki","tag-kosmetyki-naturalne","tag-mydlo-aleppo","tag-mydlo-oliwkowe","tag-olej-laurowy","tag-oliwa-z-oliwek","tag-pielegnacja-skory-z-azs","tag-syria"],"yoast_head":"<!-- This site is optimized with the Yoast SEO plugin v27.4 - https:\/\/yoast.com\/product\/yoast-seo-wordpress\/ -->\n<title>Myd\u0142o Aleppo \u2013 myd\u0142o, kt\u00f3rego nie b\u0119dzie? - organiczni.eu<\/title>\n<meta name=\"robots\" content=\"index, follow, max-snippet:-1, max-image-preview:large, max-video-preview:-1\" \/>\n<link rel=\"canonical\" href=\"https:\/\/baranowscy.eu\/wordpress\/mydlo-aleppo-mydlo-ktorego-nie-bedzie\/\" \/>\n<meta property=\"og:locale\" content=\"pl_PL\" \/>\n<meta property=\"og:type\" content=\"article\" \/>\n<meta property=\"og:title\" content=\"Myd\u0142o Aleppo \u2013 myd\u0142o, kt\u00f3rego nie b\u0119dzie? - organiczni.eu\" \/>\n<meta property=\"og:description\" content=\"Syryjskie myd\u0142o Aleppo jest idea\u0142em. Tradycja jego wyrobu tak stara, \u017ce nawet nie wiadomo, ile wiek\u00f3w temu rozpocz\u0119to produkcj\u0119. A opiera si\u0119 na czterech naturalnych&hellip;\" \/>\n<meta property=\"og:url\" content=\"https:\/\/baranowscy.eu\/wordpress\/mydlo-aleppo-mydlo-ktorego-nie-bedzie\/\" \/>\n<meta property=\"og:site_name\" content=\"organiczni.eu\" \/>\n<meta property=\"article:publisher\" content=\"https:\/\/www.facebook.com\/organiczni\/\" \/>\n<meta property=\"article:published_time\" content=\"2015-09-17T20:40:45+00:00\" \/>\n<meta property=\"article:modified_time\" content=\"2016-01-03T09:21:58+00:00\" \/>\n<meta property=\"og:image\" content=\"https:\/\/baranowscy.eu\/wordpress\/wp-content\/uploads\/2015\/09\/aleppo_organique.jpg\" \/>\n\t<meta property=\"og:image:width\" content=\"640\" \/>\n\t<meta property=\"og:image:height\" content=\"426\" \/>\n\t<meta property=\"og:image:type\" content=\"image\/jpeg\" \/>\n<meta name=\"author\" content=\"joanna\" \/>\n<meta name=\"twitter:card\" content=\"summary_large_image\" \/>\n<meta name=\"twitter:label1\" content=\"Napisane przez\" \/>\n\t<meta name=\"twitter:data1\" content=\"joanna\" \/>\n\t<meta name=\"twitter:label2\" content=\"Szacowany czas czytania\" \/>\n\t<meta name=\"twitter:data2\" content=\"6 minut\" \/>\n<script type=\"application\/ld+json\" class=\"yoast-schema-graph\">{\"@context\":\"https:\\\/\\\/schema.org\",\"@graph\":[{\"@type\":\"Article\",\"@id\":\"https:\\\/\\\/baranowscy.eu\\\/wordpress\\\/mydlo-aleppo-mydlo-ktorego-nie-bedzie\\\/#article\",\"isPartOf\":{\"@id\":\"https:\\\/\\\/baranowscy.eu\\\/wordpress\\\/mydlo-aleppo-mydlo-ktorego-nie-bedzie\\\/\"},\"author\":{\"name\":\"joanna\",\"@id\":\"https:\\\/\\\/baranowscy.eu\\\/wordpress\\\/#\\\/schema\\\/person\\\/741d5f1f3fd2833c5ca2ffdaaa93dc73\"},\"headline\":\"Myd\u0142o Aleppo \u2013 myd\u0142o, kt\u00f3rego nie b\u0119dzie?\",\"datePublished\":\"2015-09-17T20:40:45+00:00\",\"dateModified\":\"2016-01-03T09:21:58+00:00\",\"mainEntityOfPage\":{\"@id\":\"https:\\\/\\\/baranowscy.eu\\\/wordpress\\\/mydlo-aleppo-mydlo-ktorego-nie-bedzie\\\/\"},\"wordCount\":1210,\"commentCount\":2,\"publisher\":{\"@id\":\"https:\\\/\\\/baranowscy.eu\\\/wordpress\\\/#organization\"},\"image\":{\"@id\":\"https:\\\/\\\/baranowscy.eu\\\/wordpress\\\/mydlo-aleppo-mydlo-ktorego-nie-bedzie\\\/#primaryimage\"},\"thumbnailUrl\":\"https:\\\/\\\/baranowscy.eu\\\/wordpress\\\/wp-content\\\/uploads\\\/2015\\\/09\\\/aleppo_organique.jpg\",\"keywords\":[\"alergia\",\"AZS\",\"kosmetyki ekologiczne\",\"kosmetyki i piel\u0119gnacja\",\"kosmetyki naturalne\",\"myd\u0142o Aleppo\",\"myd\u0142o oliwkowe\",\"olej laurowy\",\"oliwa z oliwek\",\"piel\u0119gnacja sk\u00f3ry z AZS\",\"Syria\"],\"articleSection\":[\"atopowe zapalenie sk\u00f3ry - AZS\",\"kosmetyki i piel\u0119gnacja\",\"piel\u0119gnacja cia\u0142a i d\u0142oni\",\"s\u0142owo od autora\"],\"inLanguage\":\"pl-PL\",\"potentialAction\":[{\"@type\":\"CommentAction\",\"name\":\"Comment\",\"target\":[\"https:\\\/\\\/baranowscy.eu\\\/wordpress\\\/mydlo-aleppo-mydlo-ktorego-nie-bedzie\\\/#respond\"]}]},{\"@type\":\"WebPage\",\"@id\":\"https:\\\/\\\/baranowscy.eu\\\/wordpress\\\/mydlo-aleppo-mydlo-ktorego-nie-bedzie\\\/\",\"url\":\"https:\\\/\\\/baranowscy.eu\\\/wordpress\\\/mydlo-aleppo-mydlo-ktorego-nie-bedzie\\\/\",\"name\":\"Myd\u0142o Aleppo \u2013 myd\u0142o, kt\u00f3rego nie b\u0119dzie? - organiczni.eu\",\"isPartOf\":{\"@id\":\"https:\\\/\\\/baranowscy.eu\\\/wordpress\\\/#website\"},\"primaryImageOfPage\":{\"@id\":\"https:\\\/\\\/baranowscy.eu\\\/wordpress\\\/mydlo-aleppo-mydlo-ktorego-nie-bedzie\\\/#primaryimage\"},\"image\":{\"@id\":\"https:\\\/\\\/baranowscy.eu\\\/wordpress\\\/mydlo-aleppo-mydlo-ktorego-nie-bedzie\\\/#primaryimage\"},\"thumbnailUrl\":\"https:\\\/\\\/baranowscy.eu\\\/wordpress\\\/wp-content\\\/uploads\\\/2015\\\/09\\\/aleppo_organique.jpg\",\"datePublished\":\"2015-09-17T20:40:45+00:00\",\"dateModified\":\"2016-01-03T09:21:58+00:00\",\"breadcrumb\":{\"@id\":\"https:\\\/\\\/baranowscy.eu\\\/wordpress\\\/mydlo-aleppo-mydlo-ktorego-nie-bedzie\\\/#breadcrumb\"},\"inLanguage\":\"pl-PL\",\"potentialAction\":[{\"@type\":\"ReadAction\",\"target\":[\"https:\\\/\\\/baranowscy.eu\\\/wordpress\\\/mydlo-aleppo-mydlo-ktorego-nie-bedzie\\\/\"]}]},{\"@type\":\"ImageObject\",\"inLanguage\":\"pl-PL\",\"@id\":\"https:\\\/\\\/baranowscy.eu\\\/wordpress\\\/mydlo-aleppo-mydlo-ktorego-nie-bedzie\\\/#primaryimage\",\"url\":\"https:\\\/\\\/baranowscy.eu\\\/wordpress\\\/wp-content\\\/uploads\\\/2015\\\/09\\\/aleppo_organique.jpg\",\"contentUrl\":\"https:\\\/\\\/baranowscy.eu\\\/wordpress\\\/wp-content\\\/uploads\\\/2015\\\/09\\\/aleppo_organique.jpg\",\"width\":640,\"height\":426,\"caption\":\"Myd\u0142o Aleppo\"},{\"@type\":\"BreadcrumbList\",\"@id\":\"https:\\\/\\\/baranowscy.eu\\\/wordpress\\\/mydlo-aleppo-mydlo-ktorego-nie-bedzie\\\/#breadcrumb\",\"itemListElement\":[{\"@type\":\"ListItem\",\"position\":1,\"name\":\"Strona g\u0142\u00f3wna\",\"item\":\"https:\\\/\\\/baranowscy.eu\\\/wordpress\\\/\"},{\"@type\":\"ListItem\",\"position\":2,\"name\":\"Myd\u0142o Aleppo \u2013 myd\u0142o, kt\u00f3rego nie b\u0119dzie?\"}]},{\"@type\":\"WebSite\",\"@id\":\"https:\\\/\\\/baranowscy.eu\\\/wordpress\\\/#website\",\"url\":\"https:\\\/\\\/baranowscy.eu\\\/wordpress\\\/\",\"name\":\"organiczni.eu\",\"description\":\"Najbardziej wszechstronny blog ekologiczny\",\"publisher\":{\"@id\":\"https:\\\/\\\/baranowscy.eu\\\/wordpress\\\/#organization\"},\"potentialAction\":[{\"@type\":\"SearchAction\",\"target\":{\"@type\":\"EntryPoint\",\"urlTemplate\":\"https:\\\/\\\/baranowscy.eu\\\/wordpress\\\/?s={search_term_string}\"},\"query-input\":{\"@type\":\"PropertyValueSpecification\",\"valueRequired\":true,\"valueName\":\"search_term_string\"}}],\"inLanguage\":\"pl-PL\"},{\"@type\":\"Organization\",\"@id\":\"https:\\\/\\\/baranowscy.eu\\\/wordpress\\\/#organization\",\"name\":\"organiczni.eu\",\"url\":\"https:\\\/\\\/baranowscy.eu\\\/wordpress\\\/\",\"logo\":{\"@type\":\"ImageObject\",\"inLanguage\":\"pl-PL\",\"@id\":\"https:\\\/\\\/baranowscy.eu\\\/wordpress\\\/#\\\/schema\\\/logo\\\/image\\\/\",\"url\":\"https:\\\/\\\/baranowscy.eu\\\/wordpress\\\/wp-content\\\/uploads\\\/2018\\\/01\\\/logo_duze.png\",\"contentUrl\":\"https:\\\/\\\/baranowscy.eu\\\/wordpress\\\/wp-content\\\/uploads\\\/2018\\\/01\\\/logo_duze.png\",\"width\":1398,\"height\":300,\"caption\":\"organiczni.eu\"},\"image\":{\"@id\":\"https:\\\/\\\/baranowscy.eu\\\/wordpress\\\/#\\\/schema\\\/logo\\\/image\\\/\"},\"sameAs\":[\"https:\\\/\\\/www.facebook.com\\\/organiczni\\\/\",\"https:\\\/\\\/www.instagram.com\\\/organiczni.eu\\\/\"]},{\"@type\":\"Person\",\"@id\":\"https:\\\/\\\/baranowscy.eu\\\/wordpress\\\/#\\\/schema\\\/person\\\/741d5f1f3fd2833c5ca2ffdaaa93dc73\",\"name\":\"joanna\",\"image\":{\"@type\":\"ImageObject\",\"inLanguage\":\"pl-PL\",\"@id\":\"https:\\\/\\\/secure.gravatar.com\\\/avatar\\\/a59b1be4fa5d200ee0af0ba4bbcdb691da1d589b419bae23d7aa5a15d820e28e?s=96&d=identicon&r=g\",\"url\":\"https:\\\/\\\/secure.gravatar.com\\\/avatar\\\/a59b1be4fa5d200ee0af0ba4bbcdb691da1d589b419bae23d7aa5a15d820e28e?s=96&d=identicon&r=g\",\"contentUrl\":\"https:\\\/\\\/secure.gravatar.com\\\/avatar\\\/a59b1be4fa5d200ee0af0ba4bbcdb691da1d589b419bae23d7aa5a15d820e28e?s=96&d=identicon&r=g\",\"caption\":\"joanna\"},\"sameAs\":[\"https:\\\/\\\/organiczni.baranowscy.eu\"],\"url\":\"https:\\\/\\\/baranowscy.eu\\\/wordpress\\\/author\\\/admin\\\/\"}]}<\/script>\n<!-- \/ Yoast SEO plugin. -->","yoast_head_json":{"title":"Myd\u0142o Aleppo \u2013 myd\u0142o, kt\u00f3rego nie b\u0119dzie? - organiczni.eu","robots":{"index":"index","follow":"follow","max-snippet":"max-snippet:-1","max-image-preview":"max-image-preview:large","max-video-preview":"max-video-preview:-1"},"canonical":"https:\/\/baranowscy.eu\/wordpress\/mydlo-aleppo-mydlo-ktorego-nie-bedzie\/","og_locale":"pl_PL","og_type":"article","og_title":"Myd\u0142o Aleppo \u2013 myd\u0142o, kt\u00f3rego nie b\u0119dzie? - organiczni.eu","og_description":"Syryjskie myd\u0142o Aleppo jest idea\u0142em. Tradycja jego wyrobu tak stara, \u017ce nawet nie wiadomo, ile wiek\u00f3w temu rozpocz\u0119to produkcj\u0119. A opiera si\u0119 na czterech naturalnych&hellip;","og_url":"https:\/\/baranowscy.eu\/wordpress\/mydlo-aleppo-mydlo-ktorego-nie-bedzie\/","og_site_name":"organiczni.eu","article_publisher":"https:\/\/www.facebook.com\/organiczni\/","article_published_time":"2015-09-17T20:40:45+00:00","article_modified_time":"2016-01-03T09:21:58+00:00","og_image":[{"width":640,"height":426,"url":"https:\/\/baranowscy.eu\/wordpress\/wp-content\/uploads\/2015\/09\/aleppo_organique.jpg","type":"image\/jpeg"}],"author":"joanna","twitter_card":"summary_large_image","twitter_misc":{"Napisane przez":"joanna","Szacowany czas czytania":"6 minut"},"schema":{"@context":"https:\/\/schema.org","@graph":[{"@type":"Article","@id":"https:\/\/baranowscy.eu\/wordpress\/mydlo-aleppo-mydlo-ktorego-nie-bedzie\/#article","isPartOf":{"@id":"https:\/\/baranowscy.eu\/wordpress\/mydlo-aleppo-mydlo-ktorego-nie-bedzie\/"},"author":{"name":"joanna","@id":"https:\/\/baranowscy.eu\/wordpress\/#\/schema\/person\/741d5f1f3fd2833c5ca2ffdaaa93dc73"},"headline":"Myd\u0142o Aleppo \u2013 myd\u0142o, kt\u00f3rego nie b\u0119dzie?","datePublished":"2015-09-17T20:40:45+00:00","dateModified":"2016-01-03T09:21:58+00:00","mainEntityOfPage":{"@id":"https:\/\/baranowscy.eu\/wordpress\/mydlo-aleppo-mydlo-ktorego-nie-bedzie\/"},"wordCount":1210,"commentCount":2,"publisher":{"@id":"https:\/\/baranowscy.eu\/wordpress\/#organization"},"image":{"@id":"https:\/\/baranowscy.eu\/wordpress\/mydlo-aleppo-mydlo-ktorego-nie-bedzie\/#primaryimage"},"thumbnailUrl":"https:\/\/baranowscy.eu\/wordpress\/wp-content\/uploads\/2015\/09\/aleppo_organique.jpg","keywords":["alergia","AZS","kosmetyki ekologiczne","kosmetyki i piel\u0119gnacja","kosmetyki naturalne","myd\u0142o Aleppo","myd\u0142o oliwkowe","olej laurowy","oliwa z oliwek","piel\u0119gnacja sk\u00f3ry z AZS","Syria"],"articleSection":["atopowe zapalenie sk\u00f3ry - AZS","kosmetyki i piel\u0119gnacja","piel\u0119gnacja cia\u0142a i d\u0142oni","s\u0142owo od autora"],"inLanguage":"pl-PL","potentialAction":[{"@type":"CommentAction","name":"Comment","target":["https:\/\/baranowscy.eu\/wordpress\/mydlo-aleppo-mydlo-ktorego-nie-bedzie\/#respond"]}]},{"@type":"WebPage","@id":"https:\/\/baranowscy.eu\/wordpress\/mydlo-aleppo-mydlo-ktorego-nie-bedzie\/","url":"https:\/\/baranowscy.eu\/wordpress\/mydlo-aleppo-mydlo-ktorego-nie-bedzie\/","name":"Myd\u0142o Aleppo \u2013 myd\u0142o, kt\u00f3rego nie b\u0119dzie? - organiczni.eu","isPartOf":{"@id":"https:\/\/baranowscy.eu\/wordpress\/#website"},"primaryImageOfPage":{"@id":"https:\/\/baranowscy.eu\/wordpress\/mydlo-aleppo-mydlo-ktorego-nie-bedzie\/#primaryimage"},"image":{"@id":"https:\/\/baranowscy.eu\/wordpress\/mydlo-aleppo-mydlo-ktorego-nie-bedzie\/#primaryimage"},"thumbnailUrl":"https:\/\/baranowscy.eu\/wordpress\/wp-content\/uploads\/2015\/09\/aleppo_organique.jpg","datePublished":"2015-09-17T20:40:45+00:00","dateModified":"2016-01-03T09:21:58+00:00","breadcrumb":{"@id":"https:\/\/baranowscy.eu\/wordpress\/mydlo-aleppo-mydlo-ktorego-nie-bedzie\/#breadcrumb"},"inLanguage":"pl-PL","potentialAction":[{"@type":"ReadAction","target":["https:\/\/baranowscy.eu\/wordpress\/mydlo-aleppo-mydlo-ktorego-nie-bedzie\/"]}]},{"@type":"ImageObject","inLanguage":"pl-PL","@id":"https:\/\/baranowscy.eu\/wordpress\/mydlo-aleppo-mydlo-ktorego-nie-bedzie\/#primaryimage","url":"https:\/\/baranowscy.eu\/wordpress\/wp-content\/uploads\/2015\/09\/aleppo_organique.jpg","contentUrl":"https:\/\/baranowscy.eu\/wordpress\/wp-content\/uploads\/2015\/09\/aleppo_organique.jpg","width":640,"height":426,"caption":"Myd\u0142o Aleppo"},{"@type":"BreadcrumbList","@id":"https:\/\/baranowscy.eu\/wordpress\/mydlo-aleppo-mydlo-ktorego-nie-bedzie\/#breadcrumb","itemListElement":[{"@type":"ListItem","position":1,"name":"Strona g\u0142\u00f3wna","item":"https:\/\/baranowscy.eu\/wordpress\/"},{"@type":"ListItem","position":2,"name":"Myd\u0142o Aleppo \u2013 myd\u0142o, kt\u00f3rego nie b\u0119dzie?"}]},{"@type":"WebSite","@id":"https:\/\/baranowscy.eu\/wordpress\/#website","url":"https:\/\/baranowscy.eu\/wordpress\/","name":"organiczni.eu","description":"Najbardziej wszechstronny blog ekologiczny","publisher":{"@id":"https:\/\/baranowscy.eu\/wordpress\/#organization"},"potentialAction":[{"@type":"SearchAction","target":{"@type":"EntryPoint","urlTemplate":"https:\/\/baranowscy.eu\/wordpress\/?s={search_term_string}"},"query-input":{"@type":"PropertyValueSpecification","valueRequired":true,"valueName":"search_term_string"}}],"inLanguage":"pl-PL"},{"@type":"Organization","@id":"https:\/\/baranowscy.eu\/wordpress\/#organization","name":"organiczni.eu","url":"https:\/\/baranowscy.eu\/wordpress\/","logo":{"@type":"ImageObject","inLanguage":"pl-PL","@id":"https:\/\/baranowscy.eu\/wordpress\/#\/schema\/logo\/image\/","url":"https:\/\/baranowscy.eu\/wordpress\/wp-content\/uploads\/2018\/01\/logo_duze.png","contentUrl":"https:\/\/baranowscy.eu\/wordpress\/wp-content\/uploads\/2018\/01\/logo_duze.png","width":1398,"height":300,"caption":"organiczni.eu"},"image":{"@id":"https:\/\/baranowscy.eu\/wordpress\/#\/schema\/logo\/image\/"},"sameAs":["https:\/\/www.facebook.com\/organiczni\/","https:\/\/www.instagram.com\/organiczni.eu\/"]},{"@type":"Person","@id":"https:\/\/baranowscy.eu\/wordpress\/#\/schema\/person\/741d5f1f3fd2833c5ca2ffdaaa93dc73","name":"joanna","image":{"@type":"ImageObject","inLanguage":"pl-PL","@id":"https:\/\/secure.gravatar.com\/avatar\/a59b1be4fa5d200ee0af0ba4bbcdb691da1d589b419bae23d7aa5a15d820e28e?s=96&d=identicon&r=g","url":"https:\/\/secure.gravatar.com\/avatar\/a59b1be4fa5d200ee0af0ba4bbcdb691da1d589b419bae23d7aa5a15d820e28e?s=96&d=identicon&r=g","contentUrl":"https:\/\/secure.gravatar.com\/avatar\/a59b1be4fa5d200ee0af0ba4bbcdb691da1d589b419bae23d7aa5a15d820e28e?s=96&d=identicon&r=g","caption":"joanna"},"sameAs":["https:\/\/organiczni.baranowscy.eu"],"url":"https:\/\/baranowscy.eu\/wordpress\/author\/admin\/"}]}},"jetpack_featured_media_url":"https:\/\/baranowscy.eu\/wordpress\/wp-content\/uploads\/2015\/09\/aleppo_organique.jpg","jetpack_sharing_enabled":true,"_links":{"self":[{"href":"https:\/\/baranowscy.eu\/wordpress\/wp-json\/wp\/v2\/posts\/4340","targetHints":{"allow":["GET"]}}],"collection":[{"href":"https:\/\/baranowscy.eu\/wordpress\/wp-json\/wp\/v2\/posts"}],"about":[{"href":"https:\/\/baranowscy.eu\/wordpress\/wp-json\/wp\/v2\/types\/post"}],"author":[{"embeddable":true,"href":"https:\/\/baranowscy.eu\/wordpress\/wp-json\/wp\/v2\/users\/1"}],"replies":[{"embeddable":true,"href":"https:\/\/baranowscy.eu\/wordpress\/wp-json\/wp\/v2\/comments?post=4340"}],"version-history":[{"count":7,"href":"https:\/\/baranowscy.eu\/wordpress\/wp-json\/wp\/v2\/posts\/4340\/revisions"}],"predecessor-version":[{"id":4856,"href":"https:\/\/baranowscy.eu\/wordpress\/wp-json\/wp\/v2\/posts\/4340\/revisions\/4856"}],"wp:featuredmedia":[{"embeddable":true,"href":"https:\/\/baranowscy.eu\/wordpress\/wp-json\/wp\/v2\/media\/4355"}],"wp:attachment":[{"href":"https:\/\/baranowscy.eu\/wordpress\/wp-json\/wp\/v2\/media?parent=4340"}],"wp:term":[{"taxonomy":"category","embeddable":true,"href":"https:\/\/baranowscy.eu\/wordpress\/wp-json\/wp\/v2\/categories?post=4340"},{"taxonomy":"post_tag","embeddable":true,"href":"https:\/\/baranowscy.eu\/wordpress\/wp-json\/wp\/v2\/tags?post=4340"}],"curies":[{"name":"wp","href":"https:\/\/api.w.org\/{rel}","templated":true}]}}