{"id":4236,"date":"2015-08-22T19:43:50","date_gmt":"2015-08-22T17:43:50","guid":{"rendered":"http:\/\/baranowscy.eu\/wordpress\/?p=4236"},"modified":"2016-04-25T22:09:06","modified_gmt":"2016-04-25T20:09:06","slug":"testujemy-dzieciece-pasty-i-zele-do-zebow-bez-fluoru","status":"publish","type":"post","link":"https:\/\/baranowscy.eu\/wordpress\/testujemy-dzieciece-pasty-i-zele-do-zebow-bez-fluoru\/","title":{"rendered":"Testujemy: dzieci\u0119ce pasty i \u017cele do z\u0119b\u00f3w bez fluoru"},"content":{"rendered":"<p>Nasz przegl\u0105d past do z\u0119b\u00f3w jest bardzo subiektywny i wybredny (<strong>i niesponsorowany!<\/strong>). Zwracamy uwag\u0119 nie tylko na to, aby pasta nie zawiera\u0142a fluoru (<a href=\"https:\/\/baranowscy.eu\/wordpress\/trzymam-dzieci-z-dala-od-fluoru\/\">dlaczego fluor jest szkodliwy \u2013 przeczytaj<\/a>). Wed\u0142ug nas idealna pasta do z\u0119b\u00f3w jest skuteczna i bezpieczna, a dla dzieci powinna by\u0107 jeszcze smaczna.<\/p>\n<p><strong><div class='dropshadowboxes-container ' style='width:640px;'>\r\n                            <div class='dropshadowboxes-drop-shadow dropshadowboxes-rounded-corners dropshadowboxes-lifted-both dropshadowboxes-effect-default' style=' border: 1px solid #dddddd; height:; background-color:#fbe74d;    '>\r\n                            Czego nie powinna zawiera\u0107 pasta do z\u0119b\u00f3w (nie tylko dla dzieci):<\/strong><\/p>\n<ul>\n<li><strong>disodium EDTA<\/strong> (<a href=\"http:\/\/luskiewnik.strefa.pl\/acne\/toksyny.htm\" target=\"_blank\">mo\u017ce m.in. podra\u017cnia\u0107 b\u0142ony \u015bluzowe<\/a>),<\/li>\n<li><strong>dwutlenku tytanu<\/strong> (<a href=\"http:\/\/www.ewg.org\/guides\/substances\/6044\" target=\"_blank\">spo\u017cyty mo\u017ce by\u0107 kancerogenny u ludzi<\/a>),<\/li>\n<li><strong>fluoru<\/strong>,<\/li>\n<li><strong>glikolu propylenowego<\/strong> (szkodliwy, gdy zostanie spo\u017cyty, <a href=\"http:\/\/luskiewnik.strefa.pl\/acne\/toksyny.htm\" target=\"_blank\">czytaj<\/a> i <a href=\"http:\/\/www.ewg.org\/guides\/substances\/4889\" target=\"_blank\">czytaj<\/a>),<\/li>\n<li><strong>karagenu<\/strong> (<a href=\"http:\/\/www.ewg.org\/guides\/substances\/1042\" target=\"_blank\">\u0142\u0105czonego z nowotworami m.in. \u017co\u0142\u0105dka czy jelita grubego<\/a>),<\/li>\n<li><strong>PEG-\u00f3w<\/strong> (<a href=\"http:\/\/www.kosmopedia.org\/bezpieczenstwo_kosmetykow\/bezpieczenstwo_skladnikow_kosm\/\" target=\"_blank\">poniewa\u017c mog\u0105 zawiera\u0107 toksyczny dioksan<\/a>); pisa\u0142am o tym ju\u017c kilka s\u0142\u00f3w <a href=\"https:\/\/baranowscy.eu\/wordpress\/gentle-day-plyn-do-higieny-intymnej\/\" target=\"_blank\">tu<\/a>,<\/li>\n<li><strong>paraben\u00f3w<\/strong>,<\/li>\n<li><strong>SLS, SLES<\/strong> (<a href=\"http:\/\/www.kosmopedia.org\/bezpieczenstwo_kosmetykow\/bezpieczenstwo_skladnikow_kosm\/\" target=\"_blank\">dzia\u0142anie dra\u017cni\u0105ce<\/a>).\r\n                            <\/div>\r\n                        <\/div><\/li>\n<\/ul>\n<p>Zamierzam napisa\u0107 tekst o ka\u017cdym z tych sk\u0142adnik\u00f3w, \u017ceby\u015bcie nie mieli w\u0105tpliwo\u015bci, dlaczego je odradzam.<\/p>\n<p><a href=\"https:\/\/baranowscy.eu\/wordpress\/wp-content\/uploads\/2015\/08\/pasty_i_zele_do_zebow_dla_dzieci.jpg\"><img loading=\"lazy\" decoding=\"async\" class=\"aligncenter size-full wp-image-4259\" src=\"https:\/\/baranowscy.eu\/wordpress\/wp-content\/uploads\/2015\/08\/pasty_i_zele_do_zebow_dla_dzieci.jpg\" alt=\"pasty_i_zele_do_zebow_dla_dzieci\" width=\"640\" height=\"427\" srcset=\"https:\/\/baranowscy.eu\/wordpress\/wp-content\/uploads\/2015\/08\/pasty_i_zele_do_zebow_dla_dzieci.jpg 640w, https:\/\/baranowscy.eu\/wordpress\/wp-content\/uploads\/2015\/08\/pasty_i_zele_do_zebow_dla_dzieci-300x200.jpg 300w, https:\/\/baranowscy.eu\/wordpress\/wp-content\/uploads\/2015\/08\/pasty_i_zele_do_zebow_dla_dzieci-600x400.jpg 600w\" sizes=\"auto, (max-width: 640px) 100vw, 640px\" \/><\/a><!--more--><\/p>\n<p><strong><div class='dropshadowboxes-container ' style='width:640px;'>\r\n                            <div class='dropshadowboxes-drop-shadow dropshadowboxes-rounded-corners dropshadowboxes-lifted-both dropshadowboxes-effect-default' style=' border: 1px solid #dddddd; height:; background-color:#91b054;    '>\r\n                            Sk\u0142adniki past do z\u0119b\u00f3w bez fluoru warte om\u00f3wienia:<\/strong><\/p>\n<ul>\n<li><strong>gliceryna<\/strong> \u2013 mo\u017ce by\u0107 ro\u015blinna, pochodzenia zwierz\u0119cego lub wytwarzana z ropy naftowej; ma swoich przeciwnik\u00f3w, kt\u00f3rzy twierdz\u0105, \u017ce oblepia z\u0119by tak dok\u0142adnie, i\u017c uniemo\u017cliwia ich reminalizacj\u0119 dzi\u0119ki \u015blinie; prawdopodobnie nie znajdziemy pasty jednocze\u015bnie bez fluoru i gliceryny, mo\u017cemy jednak sprawdza\u0107, na kt\u00f3rej pozycji w INCI si\u0119 znajduje,<\/li>\n<li><strong>krzemionka<\/strong> (<em>silica<\/em>) \u2013 drobinki delikatnie czyszcz\u0105ce powierzchni\u0119 z\u0119b\u00f3w, \u015bcieraj\u0105ce osad; pasty r\u00f3\u017cni\u0105 si\u0119 zawarto\u015bci\u0105 tych drobinek i w\u0142a\u015bciwo\u015bciami \u015bcieraj\u0105cymi, kt\u00f3re zale\u017c\u0105 od wielko\u015bci drobin \u015bcieraj\u0105cych,<\/li>\n<li><strong>ksylitol <\/strong>\u2013 wa\u017cny sk\u0142adnik o dzia\u0142aniu przeciwpr\u00f3chniczym, nadaj\u0105cy r\u00f3wnie\u017c s\u0142odki smak; zaleca si\u0119, aby dzieci do 3. roku \u017cycia nie spo\u017cywa\u0142y du\u017cych ilo\u015bci ksylitolu ze wzgl\u0119du na mo\u017cliwe dzia\u0142anie przeczyszczaj\u0105ce \u2013 ilo\u015b\u0107 w pa\u015bcie do z\u0119b\u00f3w wydaje si\u0119 jednak niegro\u017ana,<\/li>\n<li><strong>mentol<\/strong> \u2013 pasty, kt\u00f3re go nie zawieraj\u0105, s\u0105 uznawane za \u201ezgodne homeopatycznie\u201d, czyli nie zaburzaj\u0105 dzia\u0142ania doustnych lek\u00f3w homeopatycznych; mo\u017ce wywo\u0142ywa\u0107 reakcj\u0119 alergiczn\u0105,<\/li>\n<li><strong>sorbitol<\/strong> \u2013 alkohol heksahydroksylowy o s\u0142odkim smaku, wytwarzany z glukozy; opr\u00f3cz nadawania pastom smaku ma swoje funkcje praktyczne, np. zwi\u0119ksza kleisto\u015b\u0107; <a href=\"http:\/\/www.ewg.org\/guides\/substances\/5735\" target=\"_blank\">uwa\u017cany za bezpieczny<\/a>.<strong>\r\n                            <\/div>\r\n                        <\/div><\/strong><\/li>\n<\/ul>\n<p>Zgadzam si\u0119 z g\u0142osami, \u017ce past\u0119 do z\u0119b\u00f3w najlepiej zrobi\u0107 samemu. Niestety, wci\u0105\u017c nie uda\u0142o mi si\u0119 zrobi\u0107 na tyle smacznej pasty, \u017ceby odpowiada\u0142a mnie, a co dopiero dzieciom. Je\u015bli chcecie, zamie\u015b\u0107cie swoje przepisy w komentarzach!<\/p>\n<p><a href=\"https:\/\/baranowscy.eu\/wordpress\/wp-content\/uploads\/2015\/08\/zeby_mleczne.jpg\"><img loading=\"lazy\" decoding=\"async\" class=\"aligncenter size-full wp-image-4240\" src=\"https:\/\/baranowscy.eu\/wordpress\/wp-content\/uploads\/2015\/08\/zeby_mleczne.jpg\" alt=\"zeby_mleczne\" width=\"640\" height=\"427\" srcset=\"https:\/\/baranowscy.eu\/wordpress\/wp-content\/uploads\/2015\/08\/zeby_mleczne.jpg 640w, https:\/\/baranowscy.eu\/wordpress\/wp-content\/uploads\/2015\/08\/zeby_mleczne-300x200.jpg 300w, https:\/\/baranowscy.eu\/wordpress\/wp-content\/uploads\/2015\/08\/zeby_mleczne-600x400.jpg 600w\" sizes=\"auto, (max-width: 640px) 100vw, 640px\" \/><\/a><\/p>\n<p><strong>Tymczasem zapraszam Was do przegl\u0105du gotowych past do z\u0119b\u00f3w, dost\u0119pnych w Polsce, kt\u00f3re testowali\u015bmy osobi\u015bcie.<\/strong><\/p>\n<p><strong><div class='dropshadowboxes-container ' style='width:640px;'>\r\n                            <div class='dropshadowboxes-drop-shadow dropshadowboxes-rounded-corners dropshadowboxes-lifted-both dropshadowboxes-effect-default' style=' border: 1px solid #dddddd; height:; background-color:#fbe74d;    '>\r\n                            <\/strong>Je\u015bli w poni\u017cszym spisie brakuje pasty, o kt\u00f3rej chcieliby\u015bcie przeczyta\u0107 (a mo\u017ce jeste\u015bcie dystrybutorem takiej pasty?), napiszcie w komentarzu. Postaramy si\u0119 jak najszybciej przetestowa\u0107 taki produkt, o ile spe\u0142nia kryteria rankingu.<strong>\r\n                            <\/div>\r\n                        <\/div><\/strong><\/p>\n<p>Poni\u017csze oceny s\u0105 ca\u0142kowicie subiektywne, wypracowane przez rodzin\u0119 Organicznych oraz zaprzyja\u017anione dzieci.<\/p>\n<p><strong>Inny przegl\u0105d robi\u0142a ju\u017c <a href=\"http:\/\/www.srokao.pl\/2012\/08\/analiza-pasty-do-zebow-dla-dzieci.html\" target=\"_blank\">Sroka<\/a>.\u00a0<\/strong><strong>A tu poczytacie \u201eoficjalne\u201d informacje na temat kosmetyk\u00f3w do higieny jamy ustnej <\/strong><\/p>\n<ul>\n<li><a href=\"http:\/\/www.kosmopedia.org\/o_kosmetykach\/co_jest_w_twoim_kosmetyku_\/kosmetyki_do_jamy_ustnej,11\/\" target=\"_blank\">Kosmopedia<\/a>,<\/li>\n<li><a href=\"http:\/\/www.ptfarm.pl\/pub\/File\/Farmacja%20Polska\/2009\/9\/12%20%20Pasty%20do%20zebow.pdf\" target=\"_blank\">PT Farm<\/a>.<\/li>\n<\/ul>\n<h1>Testujemy: dzieci\u0119ce pasty i \u017cele do z\u0119b\u00f3w bez fluoru<\/h1>\n<h2><strong>Anthyllis Baby \u2013 \u017bel do z\u0119b\u00f3w dla dzieci o smaku truskawkowym<\/strong><\/h2>\n<p><a href=\"http:\/\/www.anthyllis.it\" target=\"_blank\">www.anthyllis.it<\/a><\/p>\n<p><a href=\"http:\/\/www.anthyllis.it\" target=\"_blank\"><img loading=\"lazy\" decoding=\"async\" class=\"aligncenter size-full wp-image-4247\" src=\"https:\/\/baranowscy.eu\/wordpress\/wp-content\/uploads\/2015\/08\/pasta_anthyllis_2.jpg\" alt=\"pasta_anthyllis_2\" width=\"640\" height=\"427\" srcset=\"https:\/\/baranowscy.eu\/wordpress\/wp-content\/uploads\/2015\/08\/pasta_anthyllis_2.jpg 640w, https:\/\/baranowscy.eu\/wordpress\/wp-content\/uploads\/2015\/08\/pasta_anthyllis_2-300x200.jpg 300w, https:\/\/baranowscy.eu\/wordpress\/wp-content\/uploads\/2015\/08\/pasta_anthyllis_2-600x400.jpg 600w\" sizes=\"auto, (max-width: 640px) 100vw, 640px\" \/><\/a><\/p>\n<p><strong>Gdzie kupi\u0107:<\/strong> <a href=\"http:\/\/drogeria-ekologiczna.pl\/eko-drogeria\/dla-rodziny\/do-higieny-jamy-ustnej\/pasta-do-z%C4%99b%C3%B3w-dla-dzieci,-od-pierwszego-z%C4%85bka,-z-aloesem-i-ekstraktem-z-organicznej-malwy,-o-smaku-truskawkowym,-baby-anthyllis,-pierpaoli,-75-ml-ekodrogeria.html\" target=\"_blank\">Drogeria Ekologiczna<\/a><\/p>\n<p><strong>Cena:<\/strong> od 18,74 z\u0142 za 75 ml<\/p>\n<p><strong>Informacje producenta:<\/strong><\/p>\n<p>Pasta dla dzieci od pierwszego z\u0105bka (a nawet od 1. dnia \u017cycia). Bez SLS, SLES, fenoksytanolu. Zawiera wyci\u0105g z aloesu i li\u015bci malwy. \u0141agodzi stany zapalne np. podczas z\u0105bkowania. Testowana na obecno\u015b\u0107 niklu, chromu i kobaltu. Certyfikat ICEA.<\/p>\n<p><strong><div class='dropshadowboxes-container ' style='width:640px;'>\r\n                            <div class='dropshadowboxes-drop-shadow dropshadowboxes-rounded-corners dropshadowboxes-lifted-both dropshadowboxes-effect-default' style=' border: 1px solid #dddddd; height:; background-color:#fbe74d;    '>\r\n                            Sk\u0142ad:<\/strong> <em>sorbitol, aqua (water), aloe barbadiensis laef juice*, silica, xylitol, xantham gum, glycerin, sodium dehydroacetate, potassium sorbate, malva sylvestris (mallow) leaf extract*, sodium lauroyl glutamate, aroma (flavor)**<\/em><\/p>\n<p>* Z upraw ekologicznych, ** z naturalnych sk\u0142adnik\u00f3w\r\n                            <\/div>\r\n                        <\/div><\/p>\n<p><a href=\"https:\/\/baranowscy.eu\/wordpress\/wp-content\/uploads\/2015\/08\/pasta_anthyllis_1.jpg\"><img loading=\"lazy\" decoding=\"async\" class=\"aligncenter size-full wp-image-4246\" src=\"https:\/\/baranowscy.eu\/wordpress\/wp-content\/uploads\/2015\/08\/pasta_anthyllis_1.jpg\" alt=\"pasta_anthyllis_1\" width=\"640\" height=\"427\" srcset=\"https:\/\/baranowscy.eu\/wordpress\/wp-content\/uploads\/2015\/08\/pasta_anthyllis_1.jpg 640w, https:\/\/baranowscy.eu\/wordpress\/wp-content\/uploads\/2015\/08\/pasta_anthyllis_1-300x200.jpg 300w, https:\/\/baranowscy.eu\/wordpress\/wp-content\/uploads\/2015\/08\/pasta_anthyllis_1-600x400.jpg 600w\" sizes=\"auto, (max-width: 640px) 100vw, 640px\" \/><\/a><\/p>\n<p><strong><div class='dropshadowboxes-container ' style='width:640px;'>\r\n                            <div class='dropshadowboxes-drop-shadow dropshadowboxes-rounded-corners dropshadowboxes-lifted-both dropshadowboxes-effect-default' style=' border: 1px solid #dddddd; height:; background-color:#91b054;    '>\r\n                            Nasza opinia:<\/strong><\/p>\n<p>Jedna z przyjemniejszych past, jakie mieli\u015bmy w r\u0119ku (i w buziach). Co prawda na pierwszym miejscu w sk\u0142adzie znajduje si\u0119 sorbitol zamiast jakiej\u015b substancji czynnej, ale reszta sk\u0142adnik\u00f3w nie wzbudza moich w\u0105tpliwo\u015bci. (Widz\u0119 pewne podobie\u0144stwo do pasty BjoBj, o kt\u00f3rej ni\u017cej, r\u00f3wnie\u017c w\u0142oskiej, ale nieco dro\u017cszej).<\/p>\n<p>Pasta w postaci przezroczystego, \u017c\u00f3\u0142tego \u017celu o smaku truskawkowym bardzo zasmakowa\u0142a naszym synom i ich kuzynkom. Polecam, podobnie jak inne kosmetyki z serii Anthyllis Baby.\r\n                            <\/div>\r\n                        <\/div><\/p>\n<h2><strong>Biorepair Junior<\/strong><\/h2>\n<p><a href=\"http:\/\/www.biorepair.pl\">www.biorepair.pl<\/a><\/p>\n<p><a href=\"https:\/\/baranowscy.eu\/wordpress\/wp-content\/uploads\/2015\/08\/pasta_biorepair_1.jpg\"><img loading=\"lazy\" decoding=\"async\" class=\"aligncenter size-full wp-image-4249\" src=\"https:\/\/baranowscy.eu\/wordpress\/wp-content\/uploads\/2015\/08\/pasta_biorepair_1.jpg\" alt=\"pasta_biorepair_1\" width=\"640\" height=\"427\" srcset=\"https:\/\/baranowscy.eu\/wordpress\/wp-content\/uploads\/2015\/08\/pasta_biorepair_1.jpg 640w, https:\/\/baranowscy.eu\/wordpress\/wp-content\/uploads\/2015\/08\/pasta_biorepair_1-300x200.jpg 300w, https:\/\/baranowscy.eu\/wordpress\/wp-content\/uploads\/2015\/08\/pasta_biorepair_1-600x400.jpg 600w\" sizes=\"auto, (max-width: 640px) 100vw, 640px\" \/><\/a><\/p>\n<p><strong>Cena:<\/strong> od 10,90 z\u0142 za 50 ml<\/p>\n<p><strong>Informacje producenta:<\/strong><\/p>\n<p>Pasta przeznaczona dla dzieci od 0 do 13 lat. Zawiera cz\u0105steczki MicroRepair, kt\u00f3re wspieraj\u0105 odbudow\u0119 szkliwa.\u00a0Nie zawiera: fluoru, krzemionek \u015bcieraj\u0105cych szkliwo (<em>abrasive silici<\/em>), dwutlenku tytanu, SLS i sodu.\u00a0Wyprodukowana we W\u0142oszech.<\/p>\n<p><strong><div class='dropshadowboxes-container ' style='width:640px;'>\r\n                            <div class='dropshadowboxes-drop-shadow dropshadowboxes-rounded-corners dropshadowboxes-lifted-both dropshadowboxes-effect-default' style=' border: 1px solid #dddddd; height:; background-color:#fbe74d;    '>\r\n                            Sk\u0142ad:<\/strong> <em>aqua, glycerin, zinc hydroxyapatite, sorbitol, PEG-32, silica, cellulose gum, aroma, sodium myristoyl sarconisinate, sodium methyl cocoyl taurate, fragaria vesca juice, mentha piperita oil, sodium saccharin, citric acid, sodium benzoate, phenoxyethanol, benzyl alcohol, anethole, menthol\r\n                            <\/div>\r\n                        <\/div><\/em><\/p>\n<p><a href=\"https:\/\/baranowscy.eu\/wordpress\/wp-content\/uploads\/2015\/08\/pasta_biorepair_2.jpg\"><img loading=\"lazy\" decoding=\"async\" class=\"aligncenter size-full wp-image-4248\" src=\"https:\/\/baranowscy.eu\/wordpress\/wp-content\/uploads\/2015\/08\/pasta_biorepair_2.jpg\" alt=\"pasta_biorepair_2\" width=\"640\" height=\"427\" srcset=\"https:\/\/baranowscy.eu\/wordpress\/wp-content\/uploads\/2015\/08\/pasta_biorepair_2.jpg 640w, https:\/\/baranowscy.eu\/wordpress\/wp-content\/uploads\/2015\/08\/pasta_biorepair_2-300x200.jpg 300w, https:\/\/baranowscy.eu\/wordpress\/wp-content\/uploads\/2015\/08\/pasta_biorepair_2-600x400.jpg 600w\" sizes=\"auto, (max-width: 640px) 100vw, 640px\" \/><\/a><\/p>\n<p><strong><div class='dropshadowboxes-container ' style='width:640px;'>\r\n                            <div class='dropshadowboxes-drop-shadow dropshadowboxes-rounded-corners dropshadowboxes-lifted-both dropshadowboxes-effect-default' style=' border: 1px solid #dddddd; height:; background-color:#91b054;    '>\r\n                            Nasza opinia:<\/strong><\/p>\n<p>Pasta nie wzbudzi\u0142a mojego zaufania. My\u015bl\u0119, \u017ce na tle wszystkich past dla dzieci, tak\u017ce tych z fluorem, jest dosy\u0107 przeci\u0119tnym produktem, kt\u00f3ry mo\u017cna kupi\u0107 w ostateczno\u015bci (jest tania i \u0142atwo dost\u0119pna).<\/p>\n<p>Rzeczywi\u015bcie, nie zawiera wielu podejrzanych sk\u0142adnik\u00f3w, jednak w INCI znajdziemy PEG i fenoksyetanol (dzia\u0142anie dra\u017cni\u0105ce). Gliceryna na drugim miejscu.<\/p>\n<p>Jest bia\u0142a, nieprzezroczysta. W smaku niezbyt atrakcyjna, zw\u0142aszcza na tle pozosta\u0142ych past. Do\u015b\u0107 mocno si\u0119 pieni.\r\n                            <\/div>\r\n                        <\/div><\/p>\n<h2><strong>BjoBj \u2013 Truskawkowa pasta dla dzieci<\/strong><\/h2>\n<p><a href=\"http:\/\/www.bjobj.com\">www.bjobj.com<\/a><\/p>\n<p><a href=\"https:\/\/baranowscy.eu\/wordpress\/wp-content\/uploads\/2014\/10\/pasta_bjobj_1.jpg\"><img loading=\"lazy\" decoding=\"async\" class=\"aligncenter size-full wp-image-2726\" src=\"https:\/\/baranowscy.eu\/wordpress\/wp-content\/uploads\/2014\/10\/pasta_bjobj_1.jpg\" alt=\"pasta_bjobj_1\" width=\"640\" height=\"425\" srcset=\"https:\/\/baranowscy.eu\/wordpress\/wp-content\/uploads\/2014\/10\/pasta_bjobj_1.jpg 640w, https:\/\/baranowscy.eu\/wordpress\/wp-content\/uploads\/2014\/10\/pasta_bjobj_1-300x199.jpg 300w, https:\/\/baranowscy.eu\/wordpress\/wp-content\/uploads\/2014\/10\/pasta_bjobj_1-600x398.jpg 600w\" sizes=\"auto, (max-width: 640px) 100vw, 640px\" \/><\/a><\/p>\n<p><strong>Cena:<\/strong> od 20,99 z\u0142 za 75 ml<\/p>\n<p><strong>Gdzie kupi\u0107:<\/strong> <a href=\"http:\/\/www.drogeria-ekologiczna.pl\/mycie-zabkow\/1487-bjobj-truskawkowa-weganska-pasta-do-zebow-dla-dzieci-bez-fluoru-75ml.html?search_query=pasta+bjobj&amp;results=5\" target=\"_blank\">na przyk\u0142ad w Drogerii Ekologicznej<\/a><\/p>\n<p><strong>Informacje producenta:<\/strong><\/p>\n<p>Pasta dla dzieci od 0 do 13 lat. Bez barwnik\u00f3w, zgodna homeopatycznie. Zawiera ksylitol, sok z aloesu oraz wyci\u0105g z nagietka (z upraw ekologicznych). Przebadana pod k\u0105tem zawarto\u015bci niklu. Certyfikowana przez ICEA, testowana dermatologicznie. Wyprodukowana we W\u0142oszech.<\/p>\n<p><strong><div class='dropshadowboxes-container ' style='width:640px;'>\r\n                            <div class='dropshadowboxes-drop-shadow dropshadowboxes-rounded-corners dropshadowboxes-lifted-both dropshadowboxes-effect-default' style=' border: 1px solid #dddddd; height:; background-color:#fbe74d;    '>\r\n                            Sk\u0142ad:<\/strong> <em>sorbitol, aqua (water), *aloe barbadensis leaf juice, silica, xylitol, xanthan gum, glycerin, sodium dehydroacetate, potassium sorbate, *calendula officinalis flower extract, sodium lauroyl glutamate, aroma, limonene<\/em><\/p>\n<p>*z certyfikowanych ekologicznych upraw\r\n                            <\/div>\r\n                        <\/div><\/p>\n<p><a href=\"https:\/\/baranowscy.eu\/wordpress\/wp-content\/uploads\/2014\/10\/pasta_bjobj_2.jpg\"><img loading=\"lazy\" decoding=\"async\" class=\"aligncenter size-full wp-image-2727\" src=\"https:\/\/baranowscy.eu\/wordpress\/wp-content\/uploads\/2014\/10\/pasta_bjobj_2.jpg\" alt=\"pasta_bjobj_2\" width=\"640\" height=\"425\" srcset=\"https:\/\/baranowscy.eu\/wordpress\/wp-content\/uploads\/2014\/10\/pasta_bjobj_2.jpg 640w, https:\/\/baranowscy.eu\/wordpress\/wp-content\/uploads\/2014\/10\/pasta_bjobj_2-300x199.jpg 300w, https:\/\/baranowscy.eu\/wordpress\/wp-content\/uploads\/2014\/10\/pasta_bjobj_2-600x398.jpg 600w\" sizes=\"auto, (max-width: 640px) 100vw, 640px\" \/><\/a><\/p>\n<p><strong><div class='dropshadowboxes-container ' style='width:640px;'>\r\n                            <div class='dropshadowboxes-drop-shadow dropshadowboxes-rounded-corners dropshadowboxes-lifted-both dropshadowboxes-effect-default' style=' border: 1px solid #dddddd; height:; background-color:#91b054;    '>\r\n                            Nasza opinia:<\/strong><\/p>\n<p>O tej pa\u015bcie pisali\u015bmy ju\u017c rok temu \u2013 <a href=\"https:\/\/baranowscy.eu\/wordpress\/truskawkowa-pasta-do-zebow-dla-dzieci-bjobj-bez-fluoru\/\" target=\"_blank\">odsy\u0142am do recenzji<\/a>. Nasze dzieci bardzo j\u0105 lubi\u0105. W sk\u0142adzie na pierwszym miejscu jest s\u0142odki sorbitol, wi\u0119c nie \u017cadna substancja aktywna, a szkoda (zw\u0142aszcza \u017ce dalej jest ksylitol, r\u00f3wnie s\u0142odki).\r\n                            <\/div>\r\n                        <\/div><\/p>\n<h2><strong>Bilka homeopathy Organic 2+ <\/strong><\/h2>\n<p><a href=\"http:\/\/www.bilkacollection.pl\/\">http:\/\/www.bilkacollection.pl\/<\/a><\/p>\n<p><a href=\"https:\/\/baranowscy.eu\/wordpress\/wp-content\/uploads\/2015\/08\/pasta_bilka_2_1.jpg\"><img loading=\"lazy\" decoding=\"async\" class=\"aligncenter size-full wp-image-4255\" src=\"https:\/\/baranowscy.eu\/wordpress\/wp-content\/uploads\/2015\/08\/pasta_bilka_2_1.jpg\" alt=\"pasta_bilka_2_1\" width=\"640\" height=\"427\" srcset=\"https:\/\/baranowscy.eu\/wordpress\/wp-content\/uploads\/2015\/08\/pasta_bilka_2_1.jpg 640w, https:\/\/baranowscy.eu\/wordpress\/wp-content\/uploads\/2015\/08\/pasta_bilka_2_1-300x200.jpg 300w, https:\/\/baranowscy.eu\/wordpress\/wp-content\/uploads\/2015\/08\/pasta_bilka_2_1-600x400.jpg 600w\" sizes=\"auto, (max-width: 640px) 100vw, 640px\" \/><\/a><\/p>\n<p><strong>Gdzie kupi\u0107:<\/strong> na przyk\u0142ad Eko Dziupla<\/p>\n<p><strong>Cena:<\/strong> od 12 z\u0142 za 50 ml<\/p>\n<p><strong>Informacje producenta:<\/strong><\/p>\n<p>Pasta dla dzieci od 2. roku \u017cycia, o smaku mandarynkowym. Nie zawiera sacharyny, SLS, mentolu, sztucznych barwnik\u00f3w i szkodliwych konserwant\u00f3w, jest zgodna homeopatycznie. Zawarto\u015b\u0107 ksylitolu \u2013 13%. Wyprodukowana w Bu\u0142garii.<\/p>\n<p><strong><div class='dropshadowboxes-container ' style='width:640px;'>\r\n                            <div class='dropshadowboxes-drop-shadow dropshadowboxes-rounded-corners dropshadowboxes-lifted-both dropshadowboxes-effect-default' style=' border: 1px solid #dddddd; height:; background-color:#fbe74d;    '>\r\n                            Sk\u0142ad: <\/strong><em>aqua, glycerin, hydrated silica, xylitol, aroma, sodium lauroyl sarcosinate, titanium dioxide, eupatorium rebaudianum bertoni extract, xanthan gum, disodium EDTA, limonene\r\n                            <\/div>\r\n                        <\/div><\/em><\/p>\n<p><a href=\"https:\/\/baranowscy.eu\/wordpress\/wp-content\/uploads\/2015\/08\/pasta_bilka_2_2.jpg\"><img loading=\"lazy\" decoding=\"async\" class=\"aligncenter size-full wp-image-4257\" src=\"https:\/\/baranowscy.eu\/wordpress\/wp-content\/uploads\/2015\/08\/pasta_bilka_2_2.jpg\" alt=\"pasta_bilka_2_2\" width=\"640\" height=\"427\" srcset=\"https:\/\/baranowscy.eu\/wordpress\/wp-content\/uploads\/2015\/08\/pasta_bilka_2_2.jpg 640w, https:\/\/baranowscy.eu\/wordpress\/wp-content\/uploads\/2015\/08\/pasta_bilka_2_2-300x200.jpg 300w, https:\/\/baranowscy.eu\/wordpress\/wp-content\/uploads\/2015\/08\/pasta_bilka_2_2-600x400.jpg 600w\" sizes=\"auto, (max-width: 640px) 100vw, 640px\" \/><\/a><\/p>\n<p><strong><div class='dropshadowboxes-container ' style='width:640px;'>\r\n                            <div class='dropshadowboxes-drop-shadow dropshadowboxes-rounded-corners dropshadowboxes-lifted-both dropshadowboxes-effect-default' style=' border: 1px solid #dddddd; height:; background-color:#91b054;    '>\r\n                            Nasza opinia:<\/strong><\/p>\n<p>Mam bardzo mieszane uczucia, je\u015bli chodzi o t\u0119 past\u0119. Naszemu m\u0142odszemu synkowi bardzo przypad\u0142a do gustu. Jest smaczna, bardzo estetycznie opakowana, cen\u0119 ma przyst\u0119pn\u0105, cho\u0107 by\u0107 mo\u017ce nie\u0142atwo t\u0119 past\u0119 kupi\u0107. Sk\u0142ad jednak nie jest idealny. <strong>Dwutlenek tytanu<\/strong> oraz <strong><em>disodium EDTA<\/em><\/strong> niekoniecznie powinny znale\u017a\u0107 si\u0119 w pa\u015bcie dla dwulatk\u00f3w.<\/p>\n<p>Pasta nazywa si\u0119 <em>Organic<\/em>, ale nie jest organiczna, na opakowaniu nie znajdziemy \u017cadnej informacji na temat sk\u0142adnik\u00f3w ekologicznych.\r\n                            <\/div>\r\n                        <\/div><\/p>\n<h2><strong>Bilka homeopathy Natural 6+<\/strong><\/h2>\n<p><a href=\"http:\/\/www.bilkacollection.pl\/\">http:\/\/www.bilkacollection.pl\/<\/a><\/p>\n<p><a href=\"https:\/\/baranowscy.eu\/wordpress\/wp-content\/uploads\/2015\/08\/pasta_bilka_6_1.jpg\"><img loading=\"lazy\" decoding=\"async\" class=\"aligncenter size-full wp-image-4258\" src=\"https:\/\/baranowscy.eu\/wordpress\/wp-content\/uploads\/2015\/08\/pasta_bilka_6_1.jpg\" alt=\"pasta_bilka_6_1\" width=\"640\" height=\"427\" srcset=\"https:\/\/baranowscy.eu\/wordpress\/wp-content\/uploads\/2015\/08\/pasta_bilka_6_1.jpg 640w, https:\/\/baranowscy.eu\/wordpress\/wp-content\/uploads\/2015\/08\/pasta_bilka_6_1-300x200.jpg 300w, https:\/\/baranowscy.eu\/wordpress\/wp-content\/uploads\/2015\/08\/pasta_bilka_6_1-600x400.jpg 600w\" sizes=\"auto, (max-width: 640px) 100vw, 640px\" \/><\/a><\/p>\n<p><strong>Gdzie kupi\u0107:<\/strong> na przyk\u0142ad <a href=\"https:\/\/www.facebook.com\/EkoDziupla\" target=\"_blank\">Eko Dziupla<\/a><\/p>\n<p><strong>Cena:<\/strong> od 12 z\u0142 za 50 ml<\/p>\n<p><strong>Informacje producenta:<\/strong><\/p>\n<p>Pasta dla dzieci powy\u017cej 6. roku \u017cycia, o smaku malinowym. Zgodna homeopatycznie. W sk\u0142adzie znajduj\u0105 si\u0119 wyci\u0105gi z nagietka i hamamelisu. Nie zawiera mentolu, paraben\u00f3w, szkodliwych konserwant\u00f3w. Wyprodukowana w Bu\u0142garii.<\/p>\n<p><strong><div class='dropshadowboxes-container ' style='width:640px;'>\r\n                            <div class='dropshadowboxes-drop-shadow dropshadowboxes-rounded-corners dropshadowboxes-lifted-both dropshadowboxes-effect-default' style=' border: 1px solid #dddddd; height:; background-color:#fbe74d;    '>\r\n                            Sk\u0142ad: <\/strong><em>sorbitol, aqua, hydrated silica, PEG-8, sodium laouroyl sacrosinate, calendula officinalis extract, hamamelis virginiana extract, plantago major extract, aroma, cellulose gum, sodium saccharin, sodium benzoate, Cl 14720\/E122\r\n                            <\/div>\r\n                        <\/div><\/em><\/p>\n<p><a href=\"https:\/\/baranowscy.eu\/wordpress\/wp-content\/uploads\/2015\/08\/pasta_bilka_6_2.jpg\"><img loading=\"lazy\" decoding=\"async\" class=\"aligncenter size-full wp-image-4256\" src=\"https:\/\/baranowscy.eu\/wordpress\/wp-content\/uploads\/2015\/08\/pasta_bilka_6_2.jpg\" alt=\"pasta_bilka_6_2\" width=\"640\" height=\"427\" srcset=\"https:\/\/baranowscy.eu\/wordpress\/wp-content\/uploads\/2015\/08\/pasta_bilka_6_2.jpg 640w, https:\/\/baranowscy.eu\/wordpress\/wp-content\/uploads\/2015\/08\/pasta_bilka_6_2-300x200.jpg 300w, https:\/\/baranowscy.eu\/wordpress\/wp-content\/uploads\/2015\/08\/pasta_bilka_6_2-600x400.jpg 600w\" sizes=\"auto, (max-width: 640px) 100vw, 640px\" \/><\/a><\/p>\n<p>&nbsp;<\/p>\n<p><strong><div class='dropshadowboxes-container ' style='width:640px;'>\r\n                            <div class='dropshadowboxes-drop-shadow dropshadowboxes-rounded-corners dropshadowboxes-lifted-both dropshadowboxes-effect-default' style=' border: 1px solid #dddddd; height:; background-color:#91b054;    '>\r\n                            Nasza opinia:<\/strong><\/p>\n<p>Ten ostatni sk\u0142adnik (<em>Cl 14720\/E122<\/em>) to azorubina\/karmoizyna, czerwony barwnik. I kurcz\u0119, to niestety rozwiewa moje w\u0105tpliwo\u015bci \u2013 pasta nie jest przeznaczona dla alergik\u00f3w, poniewa\u017c ten sk\u0142adnik, barwnik azowy, mo\u017ce m.in. nasila\u0107 objawy astmy. Nie jest te\u017c wskazany dla kobiet w ci\u0105\u017cy. (<a href=\"http:\/\/www.southampton.ac.uk\/psychology\/research\/impact\/food_additives.page#overview\" target=\"_blank\">Tu o powi\u0105zaniu tego barwnika z nadpobudliwo\u015bci\u0105 u dzieci<\/a>).<\/p>\n<p>Jestem bardzo rozczarowana, bo pasta zrobi\u0142a na nas bardzo fajne wra\u017cenie \u2013 do momentu analizy sk\u0142adu. R\u00f3wnie\u017c PEG (kt\u00f3rego nie chc\u0119 widzie\u0107 w kosmetykach dla dzieci) jest na wy\u017cszym miejscu ni\u017c wyci\u0105gi z po\u017cytecznych ro\u015blin. Szkoda!\r\n                            <\/div>\r\n                        <\/div><\/p>\n<h2><strong>Jack N\u2019Jill \u2013 Naturalna, organiczna pasta do z\u0119b\u00f3w dla dzieci, truskawkowa<\/strong><\/h2>\n<p><a href=\"http:\/\/www.jackandjillkids.com\/\">http:\/\/www.jackandjillkids.com\/<\/a><\/p>\n<p><a href=\"https:\/\/baranowscy.eu\/wordpress\/wp-content\/uploads\/2015\/04\/jacknjill_pasta_1.jpg\"><img loading=\"lazy\" decoding=\"async\" class=\"aligncenter size-full wp-image-3615\" src=\"https:\/\/baranowscy.eu\/wordpress\/wp-content\/uploads\/2015\/04\/jacknjill_pasta_1.jpg\" alt=\"jacknjill_pasta_1\" width=\"640\" height=\"427\" srcset=\"https:\/\/baranowscy.eu\/wordpress\/wp-content\/uploads\/2015\/04\/jacknjill_pasta_1.jpg 640w, https:\/\/baranowscy.eu\/wordpress\/wp-content\/uploads\/2015\/04\/jacknjill_pasta_1-300x200.jpg 300w, https:\/\/baranowscy.eu\/wordpress\/wp-content\/uploads\/2015\/04\/jacknjill_pasta_1-600x400.jpg 600w\" sizes=\"auto, (max-width: 640px) 100vw, 640px\" \/><\/a><\/p>\n<p><strong>Cena:<\/strong> od 23,99 z\u0142 za 50 g<\/p>\n<p><strong>Gdzie kupi\u0107:<\/strong> np. <a href=\"http:\/\/drogeria-ekologiczna.pl\/eko-drogeria\/dla-rodziny\/do-higieny-jamy-ustnej\/naturalna,-organiczna-pasta-do-z%C4%99b%C3%B3w-dla-dzieci,-truskawka-50g-jack-njill-ekodrogeria.html\" target=\"_blank\">Drogeria Ekologiczna<\/a><\/p>\n<p><strong>Informacje producenta:<\/strong><\/p>\n<p>Pasta do z\u0119b\u00f3w dla dzieci od 6. miesi\u0105ca \u017cycia. Bez cukru, barwnik\u00f3w, SLS, BPA. Z dodatkiem nagietka i ksylitolem. Pasta zosta\u0142a wyprodukowana w Australii. Opakowanie nadaje si\u0119 do recyklingu.<\/p>\n<p>Dost\u0119pna tak\u017ce w smakach: czarna porzeczka, banan, bor\u00f3wka i malina.<\/p>\n<p><strong><div class='dropshadowboxes-container ' style='width:640px;'>\r\n                            <div class='dropshadowboxes-drop-shadow dropshadowboxes-rounded-corners dropshadowboxes-lifted-both dropshadowboxes-effect-default' style=' border: 1px solid #dddddd; height:; background-color:#fbe74d;    '>\r\n                            <\/strong>Sk\u0142ad: <em>xylitol, purified water, vegetable glycerin (from coconut), silica, certified organic strawberry natural flavor*, xanthan gum, certified organic calendula officinalis extract**<\/em><\/p>\n<p>* USDA Certified Organic Ingredient<\/p>\n<p>** NASAA Certified Organic &amp; Biodynamic Ingredient\r\n                            <\/div>\r\n                        <\/div><\/p>\n<p><a href=\"https:\/\/baranowscy.eu\/wordpress\/wp-content\/uploads\/2015\/04\/jacknjill_zestaw_2.jpg\"><img loading=\"lazy\" decoding=\"async\" class=\"aligncenter size-full wp-image-3620\" src=\"https:\/\/baranowscy.eu\/wordpress\/wp-content\/uploads\/2015\/04\/jacknjill_zestaw_2.jpg\" alt=\"jacknjill_zestaw_2\" width=\"640\" height=\"427\" srcset=\"https:\/\/baranowscy.eu\/wordpress\/wp-content\/uploads\/2015\/04\/jacknjill_zestaw_2.jpg 640w, https:\/\/baranowscy.eu\/wordpress\/wp-content\/uploads\/2015\/04\/jacknjill_zestaw_2-300x200.jpg 300w, https:\/\/baranowscy.eu\/wordpress\/wp-content\/uploads\/2015\/04\/jacknjill_zestaw_2-600x400.jpg 600w\" sizes=\"auto, (max-width: 640px) 100vw, 640px\" \/><\/a><\/p>\n<p><strong><div class='dropshadowboxes-container ' style='width:640px;'>\r\n                            <div class='dropshadowboxes-drop-shadow dropshadowboxes-rounded-corners dropshadowboxes-lifted-both dropshadowboxes-effect-default' style=' border: 1px solid #dddddd; height:; background-color:#91b054;    '>\r\n                            Nasza opinia:<\/strong><\/p>\n<p>O tej pa\u015bcie pisali\u015bmy ju\u017c osobno (<a href=\"https:\/\/baranowscy.eu\/wordpress\/zestaw-do-mycia-zebow-jack-njill\/\" target=\"_blank\">tu recenzja<\/a>) \u2013 jest to zdecydowanie jedna z lepszych past w naszym zestawieniu, cho\u0107 zdaj\u0119 sobie spraw\u0119, \u017ce cena mo\u017ce zniech\u0119ca\u0107. I niestety, jest produkowana na drugim kra\u0144cu Ziemi.\r\n                            <\/div>\r\n                        <\/div><\/p>\n<h2><strong>Lavera \u2013 Pasta do z\u0119b\u00f3w dla dzieci z wyci\u0105giem z truskawek i malin<\/strong><\/h2>\n<p><a href=\"http:\/\/www.lavera.com.pl\/\">http:\/\/www.lavera.com.pl\/<\/a><\/p>\n<p><a href=\"https:\/\/baranowscy.eu\/wordpress\/wp-content\/uploads\/2015\/08\/pasta_lavera_1.jpg\"><img loading=\"lazy\" decoding=\"async\" class=\"aligncenter size-full wp-image-4245\" src=\"https:\/\/baranowscy.eu\/wordpress\/wp-content\/uploads\/2015\/08\/pasta_lavera_1.jpg\" alt=\"pasta_lavera_1\" width=\"640\" height=\"427\" srcset=\"https:\/\/baranowscy.eu\/wordpress\/wp-content\/uploads\/2015\/08\/pasta_lavera_1.jpg 640w, https:\/\/baranowscy.eu\/wordpress\/wp-content\/uploads\/2015\/08\/pasta_lavera_1-300x200.jpg 300w, https:\/\/baranowscy.eu\/wordpress\/wp-content\/uploads\/2015\/08\/pasta_lavera_1-600x400.jpg 600w\" sizes=\"auto, (max-width: 640px) 100vw, 640px\" \/><\/a><\/p>\n<p><strong>Cena:<\/strong> od 11,90 z\u0142 za 75 ml<\/p>\n<p><strong>Gdzie kupi\u0107:<\/strong> np. <a href=\"http:\/\/greenline-sklep.pl\/p\/24\/223\/basis-sensitiv-zel-do-mycia-zebow-dla-dzieci-z-bio-truskawka-i-bio-malina-pielegnacja-i-higiena-jamy-ustnej.html\" target=\"_blank\">Green Line<\/a><\/p>\n<p><strong>Informacje producenta:<\/strong><\/p>\n<p>Pasta dla dzieci, bez informacji o ograniczeniach wiekowych. Nie zawiera mentolu, cukru, tensyd\u00f3w. Certyfikowana przez NaTrue. Wyprodukowana w Niemczech.<\/p>\n<p><strong><div class='dropshadowboxes-container ' style='width:640px;'>\r\n                            <div class='dropshadowboxes-drop-shadow dropshadowboxes-rounded-corners dropshadowboxes-lifted-both dropshadowboxes-effect-default' style=' border: 1px solid #dddddd; height:; background-color:#fbe74d;    '>\r\n                            Sk\u0142ad:<\/strong> <em>glycerin, aqua, silica, xylitol, xanthan gum, fragaria chiloensis fruit extract*, rubus idaeus fruit extract*, maris sal, carvone, ci 75470, aroma*, geraniol*, limonene*, linalool*, citronellol*<\/em><\/p>\n<p><em>*sk\u0142adniki pochodz\u0105ce z upraw ekologicznych\r\n                            <\/div>\r\n                        <\/div><\/em><\/p>\n<p><a href=\"https:\/\/baranowscy.eu\/wordpress\/wp-content\/uploads\/2015\/08\/pasty_dla_dzieci_1.jpg\"><img loading=\"lazy\" decoding=\"async\" class=\"aligncenter size-full wp-image-4244\" src=\"https:\/\/baranowscy.eu\/wordpress\/wp-content\/uploads\/2015\/08\/pasty_dla_dzieci_1.jpg\" alt=\"pasty_dla_dzieci_1\" width=\"640\" height=\"427\" srcset=\"https:\/\/baranowscy.eu\/wordpress\/wp-content\/uploads\/2015\/08\/pasty_dla_dzieci_1.jpg 640w, https:\/\/baranowscy.eu\/wordpress\/wp-content\/uploads\/2015\/08\/pasty_dla_dzieci_1-300x200.jpg 300w, https:\/\/baranowscy.eu\/wordpress\/wp-content\/uploads\/2015\/08\/pasty_dla_dzieci_1-600x400.jpg 600w\" sizes=\"auto, (max-width: 640px) 100vw, 640px\" \/><\/a><\/p>\n<p><strong><div class='dropshadowboxes-container ' style='width:640px;'>\r\n                            <div class='dropshadowboxes-drop-shadow dropshadowboxes-rounded-corners dropshadowboxes-lifted-both dropshadowboxes-effect-default' style=' border: 1px solid #dddddd; height:; background-color:#91b054;    '>\r\n                            Nasza opinia:<\/strong><\/p>\n<p>Jest to jedna z naszych podstawowych past. \u0141atwo dost\u0119pna, w dobrej cenie, certyfikowana, smaczna, dzieci si\u0119 do niej bardzo przyzwyczai\u0142y. Szkoda jedynie, \u017ce gliceryna jest na pierwszym miejscu. Ma posta\u0107 czerwonego, przezroczystego \u017celu o owocowym smaku.\r\n                            <\/div>\r\n                        <\/div><\/p>\n<h2><strong>Logodent \u2013 Mi\u0119towy \u017cel do z\u0119b\u00f3w dla dzieci<\/strong><\/h2>\n<p><a href=\"http:\/\/www.logona.de\/\" target=\"_blank\">http:\/\/www.logona.de\/<\/a><\/p>\n<p><a href=\"https:\/\/baranowscy.eu\/wordpress\/wp-content\/uploads\/2015\/08\/pasta_logodent_1.jpg\"><img loading=\"lazy\" decoding=\"async\" class=\"aligncenter size-full wp-image-4251\" src=\"https:\/\/baranowscy.eu\/wordpress\/wp-content\/uploads\/2015\/08\/pasta_logodent_1.jpg\" alt=\"pasta_logodent_1\" width=\"640\" height=\"427\" srcset=\"https:\/\/baranowscy.eu\/wordpress\/wp-content\/uploads\/2015\/08\/pasta_logodent_1.jpg 640w, https:\/\/baranowscy.eu\/wordpress\/wp-content\/uploads\/2015\/08\/pasta_logodent_1-300x200.jpg 300w, https:\/\/baranowscy.eu\/wordpress\/wp-content\/uploads\/2015\/08\/pasta_logodent_1-600x400.jpg 600w\" sizes=\"auto, (max-width: 640px) 100vw, 640px\" \/><\/a><\/p>\n<p><strong>Cena:<\/strong> od 12,90 z\u0142 za 50 ml<\/p>\n<p><strong>Gdzie kupi\u0107:<\/strong> np. w <a href=\"http:\/\/greenline-sklep.pl\/p\/24\/85\/kids-zel-do-zebow-dla-dzieci-z-mieta-zielona-pielegnacja-i-higiena-jamy-ustnej.html\" target=\"_blank\">Green Line<\/a><\/p>\n<p><strong>Informacje producenta:<\/strong><\/p>\n<p>\u017bel do mycia z\u0119b\u00f3w dla dzieci, o naturalnym aromacie mi\u0119ty. Zawiera wyci\u0105g z mirry, oczaru, echinacei i rumianku, kt\u00f3re dzia\u0142aj\u0105 \u0142agodz\u0105co, przeciwzapalnie i przeciwutleniaj\u0105co.\u00a0Ocena w Oeko-Test (2006): bardzo dobry. Certyfikat ekologiczny BDIH.<\/p>\n<p><strong><div class='dropshadowboxes-container ' style='width:640px;'>\r\n                            <div class='dropshadowboxes-drop-shadow dropshadowboxes-rounded-corners dropshadowboxes-lifted-both dropshadowboxes-effect-default' style=' border: 1px solid #dddddd; height:; background-color:#fbe74d;    '>\r\n                            Sk\u0142ad:<\/strong> <em>aqua (water), sorbitol, silica, sodium bicarbonate, disodium cocoyl glutamate, sodium cocoyl glutamate, citrus aurantium dulcis (orange) oil, commiphora abyssinica resin extract, mentha viridis (spearmint) leaf oil, hamamelis virginiana (witch hazel) leaf extract*, chamomilla recutita (matricaria) flower extract*, echinacea pallida extract*, glycerin, xylitol, xanthan gum, aroma (flavour), algin, phytic acid, ci 75815 (chlorophyllin-copper-complex), limonene<\/em><\/p>\n<p>* sk\u0142adniki pochodz\u0105ce z kontrolowanych upraw biologicznych\r\n                            <\/div>\r\n                        <\/div><\/p>\n<p><a href=\"https:\/\/baranowscy.eu\/wordpress\/wp-content\/uploads\/2015\/08\/pasta_logodent_mietowa_2.jpg\"><img loading=\"lazy\" decoding=\"async\" class=\"aligncenter size-full wp-image-4252\" src=\"https:\/\/baranowscy.eu\/wordpress\/wp-content\/uploads\/2015\/08\/pasta_logodent_mietowa_2.jpg\" alt=\"pasta_logodent_mietowa_2\" width=\"640\" height=\"427\" srcset=\"https:\/\/baranowscy.eu\/wordpress\/wp-content\/uploads\/2015\/08\/pasta_logodent_mietowa_2.jpg 640w, https:\/\/baranowscy.eu\/wordpress\/wp-content\/uploads\/2015\/08\/pasta_logodent_mietowa_2-300x200.jpg 300w, https:\/\/baranowscy.eu\/wordpress\/wp-content\/uploads\/2015\/08\/pasta_logodent_mietowa_2-600x400.jpg 600w\" sizes=\"auto, (max-width: 640px) 100vw, 640px\" \/><\/a><\/p>\n<p><strong><div class='dropshadowboxes-container ' style='width:640px;'>\r\n                            <div class='dropshadowboxes-drop-shadow dropshadowboxes-rounded-corners dropshadowboxes-lifted-both dropshadowboxes-effect-default' style=' border: 1px solid #dddddd; height:; background-color:#91b054;    '>\r\n                            Nasza opinia:<\/strong><\/p>\n<p>\u017bel ma bardzo d\u0142ugi sk\u0142ad, w tym du\u017co wyci\u0105g\u00f3w z po\u017cytecznych ro\u015blin. Je\u015bli chodzi o smak, nasze dzieci by\u0142y nim zaskoczone \u2013 dot\u0105d nie u\u017cywa\u0142y mi\u0119towych past. Wydaje mi si\u0119 ciekawym urozmaiceniem w\u015br\u00f3d g\u0142\u00f3wnie owocowych \u017celi dla dzieci. Ma ciekawy zielony kolor i przyjemny zapach. Jest \u0142atwo dost\u0119pna, w dobrej cenie.\r\n                            <\/div>\r\n                        <\/div><\/p>\n<h2><strong>Logodent \u2013 Truskawkowy \u017cel do z\u0119b\u00f3w dla dzieci <\/strong><\/h2>\n<p>http:\/\/www.logona.de\/<\/p>\n<p>http:\/\/www.logona.de\/<\/p>\n<p><strong>Cena:<\/strong> od 12,90 z\u0142 za 50 ml<\/p>\n<p><strong>Gdzie kupi\u0107: <\/strong>np. w <a href=\"http:\/\/greenline-sklep.pl\/p\/24\/805\/kids-truskawkowy-zel-do-zebow-dla-dzieci-pielegnacja-i-higiena-jamy-ustnej.html\" target=\"_blank\">Green Line<\/a><\/p>\n<p><strong>Informacje producenta:<\/strong><\/p>\n<p>Pasta przygotowana z my\u015bl\u0105 o z\u0119bach mlecznych. Nie zawiera sztucznych brwnik\u00f3w. Ocena w Oeko-Test (2011): bardzo dobry. Certyfikat ekologiczny BDIH. Produkt wega\u0144ski. Wyprodukowany w Niemczech.<\/p>\n<p><strong><div class='dropshadowboxes-container ' style='width:640px;'>\r\n                            <div class='dropshadowboxes-drop-shadow dropshadowboxes-rounded-corners dropshadowboxes-lifted-both dropshadowboxes-effect-default' style=' border: 1px solid #dddddd; height:; background-color:#fbe74d;    '>\r\n                            Sk\u0142ad:<\/strong> <em>aqua (water), sorbitol, glycerin, hydrated silica, xylitol, algin, aroma (flavor), montmorillonite, chamomilla recutita (matricaria) extract*, camellia sinensis leaf extract, disodium cocoyl glutamate, sodium cocoyl glutamate, maris sal (sea salt), ci 75120<\/em><\/p>\n<p>* sk\u0142adniki pochodz\u0105ce z kontrolowanych upraw biologicznych\r\n                            <\/div>\r\n                        <\/div><\/p>\n<p><a href=\"https:\/\/baranowscy.eu\/wordpress\/wp-content\/uploads\/2015\/08\/pasta_logodent_truskawka_2.jpg\"><img loading=\"lazy\" decoding=\"async\" class=\"aligncenter size-full wp-image-4253\" src=\"https:\/\/baranowscy.eu\/wordpress\/wp-content\/uploads\/2015\/08\/pasta_logodent_truskawka_2.jpg\" alt=\"pasta_logodent_truskawka_2\" width=\"640\" height=\"427\" srcset=\"https:\/\/baranowscy.eu\/wordpress\/wp-content\/uploads\/2015\/08\/pasta_logodent_truskawka_2.jpg 640w, https:\/\/baranowscy.eu\/wordpress\/wp-content\/uploads\/2015\/08\/pasta_logodent_truskawka_2-300x200.jpg 300w, https:\/\/baranowscy.eu\/wordpress\/wp-content\/uploads\/2015\/08\/pasta_logodent_truskawka_2-600x400.jpg 600w\" sizes=\"auto, (max-width: 640px) 100vw, 640px\" \/><\/a><\/p>\n<p><strong><div class='dropshadowboxes-container ' style='width:640px;'>\r\n                            <div class='dropshadowboxes-drop-shadow dropshadowboxes-rounded-corners dropshadowboxes-lifted-both dropshadowboxes-effect-default' style=' border: 1px solid #dddddd; height:; background-color:#91b054;    '>\r\n                            Nasza opinia:<\/strong><\/p>\n<p>Bardzo aromatyczna pasta o dobrym sk\u0142adzie, z ekologicznymi sk\u0142adnikami. Jest w postaci czerwonego \u017celu, kt\u00f3ry naszym dzieciom ogromnie smakowa\u0142 (\u201eMog\u0119 jeszcze???\u201d). Ma bardzo dobr\u0105 cen\u0119 i jest \u0142atwo dost\u0119pna.\r\n                            <\/div>\r\n                        <\/div><\/p>\n<h2><strong>T\u00f6pfer \u2013 \u017bel do mycia z\u0119b\u00f3w mlecznych<\/strong><\/h2>\n<p><a href=\"http:\/\/www.toepfer-babywelt.de\/\">http:\/\/www.toepfer-babywelt.de\/<\/a><\/p>\n<p><a href=\"https:\/\/baranowscy.eu\/wordpress\/wp-content\/uploads\/2015\/08\/pasta_toepfer_1.jpg\"><img loading=\"lazy\" decoding=\"async\" class=\"aligncenter size-full wp-image-4238\" src=\"https:\/\/baranowscy.eu\/wordpress\/wp-content\/uploads\/2015\/08\/pasta_toepfer_1.jpg\" alt=\"pasta_toepfer_1\" width=\"640\" height=\"427\" srcset=\"https:\/\/baranowscy.eu\/wordpress\/wp-content\/uploads\/2015\/08\/pasta_toepfer_1.jpg 640w, https:\/\/baranowscy.eu\/wordpress\/wp-content\/uploads\/2015\/08\/pasta_toepfer_1-300x200.jpg 300w, https:\/\/baranowscy.eu\/wordpress\/wp-content\/uploads\/2015\/08\/pasta_toepfer_1-600x400.jpg 600w\" sizes=\"auto, (max-width: 640px) 100vw, 640px\" \/><\/a><\/p>\n<p><strong>Cena: <\/strong>od 22,09 z\u0142 za 50 ml<\/p>\n<p><strong>Informacje producenta:<\/strong><\/p>\n<p>Certyfikat COSMOS Organic standard BDIH, 61% sk\u0142adnik\u00f3w pochodzi z upraw ekologicznych. Zawiera krzemionk\u0119 \u0142agodnie redukuj\u0105c\u0105 osad naz\u0119bny, ale nie niszczy szkliwa. Nie zawiera mentolu \u2013 jest zgodna homeopatycznie. Zawiera m.in. \u0142agodz\u0105cy wyci\u0105g z nagietka, rokitnika i otr\u0119b\u00f3w pszennych.\u00a0Wyprodukowana w Niemczech.<\/p>\n<p><strong><div class='dropshadowboxes-container ' style='width:640px;'>\r\n                            <div class='dropshadowboxes-drop-shadow dropshadowboxes-rounded-corners dropshadowboxes-lifted-both dropshadowboxes-effect-default' style=' border: 1px solid #dddddd; height:; background-color:#fbe74d;    '>\r\n                            Sk\u0142ad:<\/strong> <em>Glycerin**, Aqua, Hydrated Silica, Xylitol, Hippophae Rhamnoides Fruit Extract*, Calendula Officinalis Flower Extract*, Iris Germanica Root Extract, Commiphora Myrrha Resin Extract*, Rosmarinus Officinalis Leaf Extract*, Triticum Vulgare (Wheat) Bran Extract*, Carrageenan, Caprylic\/Capric Triglyceride, P-Anisic Acid, Citric Acid, Sodium Hydroxide<\/em><\/p>\n<p>*z upraw ekologicznych,**uzyskane z organicznych sk\u0142adnik\u00f3w\r\n                            <\/div>\r\n                        <\/div><\/p>\n<p><a href=\"https:\/\/baranowscy.eu\/wordpress\/wp-content\/uploads\/2015\/08\/pasta_toepfer_2.jpg\"><img loading=\"lazy\" decoding=\"async\" class=\"aligncenter size-full wp-image-4239\" src=\"https:\/\/baranowscy.eu\/wordpress\/wp-content\/uploads\/2015\/08\/pasta_toepfer_2.jpg\" alt=\"pasta_toepfer_2\" width=\"640\" height=\"427\" srcset=\"https:\/\/baranowscy.eu\/wordpress\/wp-content\/uploads\/2015\/08\/pasta_toepfer_2.jpg 640w, https:\/\/baranowscy.eu\/wordpress\/wp-content\/uploads\/2015\/08\/pasta_toepfer_2-300x200.jpg 300w, https:\/\/baranowscy.eu\/wordpress\/wp-content\/uploads\/2015\/08\/pasta_toepfer_2-600x400.jpg 600w\" sizes=\"auto, (max-width: 640px) 100vw, 640px\" \/><\/a><\/p>\n<p><strong><div class='dropshadowboxes-container ' style='width:640px;'>\r\n                            <div class='dropshadowboxes-drop-shadow dropshadowboxes-rounded-corners dropshadowboxes-lifted-both dropshadowboxes-effect-default' style=' border: 1px solid #dddddd; height:; background-color:#91b054;    '>\r\n                            Nasza opinia:<\/strong><\/p>\n<p>Sk\u0142ad by\u0142by interesuj\u0105cy \u2013 du\u017co wyci\u0105g\u00f3w z ro\u015blin uprawianych ekologicznie \u2013 gdyby nie <strong>karagen<\/strong>. (Pomijam ju\u017c gliceryn\u0119 na pierwszym miejscu). Moim zdaniem nie powinien znale\u017a\u0107 si\u0119 pa\u015bcie do z\u0119b\u00f3w mlecznych z certyfikatem eko. Szkoda.<\/p>\n<p>Je\u015bli chodzi o smak, opinie by\u0142y bardzo podzielone. Nasi synkowie zasmakowali w pa\u015bcie T\u00f6pfer, ale ich dwie kuzynki zgodnie uzna\u0142y j\u0105 za najmniej smaczn\u0105. Najwyra\u017aniej kwestia gustu.\u00a0Ma konsystencj\u0119 \u017c\u00f3\u0142tego, przezroczystego \u017celu o neutralnym zapachu.\r\n                            <\/div>\r\n                        <\/div><\/p>\n<h2><strong>Urtekram \u2013 Pasta do z\u0119b\u00f3w dla dzieci bez fluoru<\/strong><\/h2>\n<p><a href=\"http:\/\/www.urtekarm.com\">www.urtekarm.com<\/a><\/p>\n<p><a href=\"https:\/\/baranowscy.eu\/wordpress\/wp-content\/uploads\/2015\/08\/pasta_urtekram_1.jpg\"><img loading=\"lazy\" decoding=\"async\" class=\"aligncenter size-full wp-image-4311\" src=\"https:\/\/baranowscy.eu\/wordpress\/wp-content\/uploads\/2015\/08\/pasta_urtekram_1.jpg\" alt=\"pasta_urtekram_1\" width=\"640\" height=\"427\" srcset=\"https:\/\/baranowscy.eu\/wordpress\/wp-content\/uploads\/2015\/08\/pasta_urtekram_1.jpg 640w, https:\/\/baranowscy.eu\/wordpress\/wp-content\/uploads\/2015\/08\/pasta_urtekram_1-300x200.jpg 300w, https:\/\/baranowscy.eu\/wordpress\/wp-content\/uploads\/2015\/08\/pasta_urtekram_1-600x400.jpg 600w\" sizes=\"auto, (max-width: 640px) 100vw, 640px\" \/><\/a><\/p>\n<p><strong>Cena:<\/strong> od 17,85 z\u0142 za 75 ml<\/p>\n<p><strong>Informacje producenta:<\/strong><\/p>\n<p>Pasta do z\u0119b\u00f3w dla dzieci, z wyci\u0105giem z kopru w\u0142oskiego, lukrecji, aloesu oraz mirry lub w wersji tutti-frutti &#8211; z wyci\u0105giem z aloesu, rumianku, mirry. Zawiera sproszkowan\u0105 kred\u0119 wydobywan\u0105 z dna morza. R\u00f3wnie\u017c w wersji tutti-frutti (na zdj\u0119ciu).<\/p>\n<p><strong><div class='dropshadowboxes-container ' style='width:640px;'>\r\n                            <div class='dropshadowboxes-drop-shadow dropshadowboxes-rounded-corners dropshadowboxes-lifted-both dropshadowboxes-effect-default' style=' border: 1px solid #dddddd; height:; background-color:#fbe74d;    '>\r\n                            Sk\u0142ad wersji z lukrecj\u0105:<\/strong> <em>calcium carbonate, aqua, glycerin**, aloe barbadensis leaf extract*, xanthan gum, foeniculum vulgare oil* (aroma*), commiphora myrrha oil, magnolia officinalis bark extract, limonene<\/em><\/p>\n<p><strong>Sk\u0142ad wersji tutti-frutti:<\/strong><em><strong>\u00a0<\/strong>calcium carbonate, aqua, glycerin**, aloe barbadensis leaf extract*, chamomilla recutita flower extract*, xanthan gum, aroma, commiphora myrrha oil, magnolia officinalis bark extract, limonene<\/em><\/p>\n<p>* z upraw ekologicznych, **uzyskane ze sk\u0142adnik\u00f3w z upraw ekologicznych\r\n                            <\/div>\r\n                        <\/div><\/p>\n<p><a href=\"https:\/\/baranowscy.eu\/wordpress\/wp-content\/uploads\/2015\/08\/pasta_urtekram_2.jpg\"><img loading=\"lazy\" decoding=\"async\" class=\"aligncenter size-full wp-image-4312\" src=\"https:\/\/baranowscy.eu\/wordpress\/wp-content\/uploads\/2015\/08\/pasta_urtekram_2.jpg\" alt=\"pasta_urtekram_2\" width=\"640\" height=\"427\" srcset=\"https:\/\/baranowscy.eu\/wordpress\/wp-content\/uploads\/2015\/08\/pasta_urtekram_2.jpg 640w, https:\/\/baranowscy.eu\/wordpress\/wp-content\/uploads\/2015\/08\/pasta_urtekram_2-300x200.jpg 300w, https:\/\/baranowscy.eu\/wordpress\/wp-content\/uploads\/2015\/08\/pasta_urtekram_2-600x400.jpg 600w\" sizes=\"auto, (max-width: 640px) 100vw, 640px\" \/><\/a><\/p>\n<p><strong><div class='dropshadowboxes-container ' style='width:640px;'>\r\n                            <div class='dropshadowboxes-drop-shadow dropshadowboxes-rounded-corners dropshadowboxes-lifted-both dropshadowboxes-effect-default' style=' border: 1px solid #dddddd; height:; background-color:#91b054;    '>\r\n                            Nasza opinia:<\/strong><\/p>\n<p>Tej pasty u\u017cywali\u015bmy jaki\u015b czas\u00a0temu, kiedy mia\u0142a jeszcze inne opakowanie. Jest wyj\u0105tkowa, poniewa\u017c dzia\u0142anie czyszcz\u0105ce opiera si\u0119 na zawarto\u015bci kredy. Jest bia\u0142a i \u015brednio g\u0119sta. <strong>Zdecydowanie najlepsza z\u00a0past tu wymieniowych.<\/strong> Kr\u00f3tki, sensowny sk\u0142ad. Smak tutti-frutti raczej subtelny.<\/p>\n<p><strong>Uwaga<\/strong> \u2013 w niekt\u00f3rych sklepach internetowych podawany jest b\u0142\u0119dny sk\u0142ad &#8211; z karagenem.\r\n                            <\/div>\r\n                        <\/div><\/p>\n<h2><strong>Weleda &#8211; Nagietkowy \u017cel do z\u0119b\u00f3w dla dzieci<\/strong><\/h2>\n<p><a href=\"http:\/\/www.weleda.de\">www.weleda.de<\/a><\/p>\n<p><a href=\"https:\/\/baranowscy.eu\/wordpress\/wp-content\/uploads\/2015\/08\/pasta_weleda_1.jpg\"><img loading=\"lazy\" decoding=\"async\" class=\"aligncenter size-full wp-image-4242\" src=\"https:\/\/baranowscy.eu\/wordpress\/wp-content\/uploads\/2015\/08\/pasta_weleda_1.jpg\" alt=\"pasta_weleda_1\" width=\"640\" height=\"427\" srcset=\"https:\/\/baranowscy.eu\/wordpress\/wp-content\/uploads\/2015\/08\/pasta_weleda_1.jpg 640w, https:\/\/baranowscy.eu\/wordpress\/wp-content\/uploads\/2015\/08\/pasta_weleda_1-300x200.jpg 300w, https:\/\/baranowscy.eu\/wordpress\/wp-content\/uploads\/2015\/08\/pasta_weleda_1-600x400.jpg 600w\" sizes=\"auto, (max-width: 640px) 100vw, 640px\" \/><\/a><\/p>\n<p><strong>Gdzie kupi\u0107:<\/strong> np. <a href=\"http:\/\/greenline-sklep.pl\/p\/24\/121\/nagietkowy-zel-do-zebow-dla-dzieci-pielegnacja-i-higiena-jamy-ustnej.html\" target=\"_blank\">Green Line<\/a><\/p>\n<p><strong>Cena:<\/strong> od 19,90 z\u0142 za 50 ml<\/p>\n<p><strong>Informacje producenta:<\/strong><\/p>\n<p>\u017bel do mycia z\u0119b\u00f3w mlecznych, zawiera wyci\u0105gi z nagietka oraz s\u0142odkich migda\u0142\u00f3w. Bezpieczna w wypadku po\u0142kni\u0119cia. Certyfikat NaTrue. Wyprodukowana w Niemczech.<\/p>\n<p><strong><div class='dropshadowboxes-container ' style='width:640px;'>\r\n                            <div class='dropshadowboxes-drop-shadow dropshadowboxes-rounded-corners dropshadowboxes-lifted-both dropshadowboxes-effect-default' style=' border: 1px solid #dddddd; height:; background-color:#fbe74d;    '>\r\n                            Sk\u0142ad:<\/strong> <em>glycerin, water (aqua), silica, algin, calendula officinalis flower extract, foeniculum vulgare (fennel) oil, mentha viridis (spearmint) leaf oil, esculin, limonene*<\/em><\/p>\n<p>* naturalne olejki eteryczne\r\n                            <\/div>\r\n                        <\/div><\/p>\n<p><a href=\"https:\/\/baranowscy.eu\/wordpress\/wp-content\/uploads\/2015\/08\/pasta_weleda_2.jpg\"><img loading=\"lazy\" decoding=\"async\" class=\"aligncenter size-full wp-image-4243\" src=\"https:\/\/baranowscy.eu\/wordpress\/wp-content\/uploads\/2015\/08\/pasta_weleda_2.jpg\" alt=\"pasta_weleda_2\" width=\"640\" height=\"427\" srcset=\"https:\/\/baranowscy.eu\/wordpress\/wp-content\/uploads\/2015\/08\/pasta_weleda_2.jpg 640w, https:\/\/baranowscy.eu\/wordpress\/wp-content\/uploads\/2015\/08\/pasta_weleda_2-300x200.jpg 300w, https:\/\/baranowscy.eu\/wordpress\/wp-content\/uploads\/2015\/08\/pasta_weleda_2-600x400.jpg 600w\" sizes=\"auto, (max-width: 640px) 100vw, 640px\" \/><\/a><\/p>\n<p><strong><div class='dropshadowboxes-container ' style='width:640px;'>\r\n                            <div class='dropshadowboxes-drop-shadow dropshadowboxes-rounded-corners dropshadowboxes-lifted-both dropshadowboxes-effect-default' style=' border: 1px solid #dddddd; height:; background-color:#91b054;    '>\r\n                            Nasza opinia:<\/strong><\/p>\n<p>Pasta jest w postaci bia\u0142ego \u017celu o mi\u0119towym smaku \u2013 nasze dzieci, przyzwyczajone do owocowych smak\u00f3w, wyra\u017anie poczu\u0142y r\u00f3\u017cnic\u0119 (tak jak w wypadku \u017celu Logodent mi\u0119towego). W sk\u0142adzie na pierwszym miejscu \u2013 gliceryna. Co ciekawe, nie zawiera sorbitolu ani ksylitolu, dlatego mo\u017ce by\u0107 dla dzieci du\u017cym smakowym zaskoczeniem.<\/p>\n<p>Weleda jest mark\u0105 godn\u0105 zaufania, dlatego je\u015bli Waszym dzieciom ta pasta posmakuje, polecam \u2013 mimo \u017ce nie zawsze \u0142atwo j\u0105 kupi\u0107 i jest do\u015b\u0107 droga.\r\n                            <\/div>\r\n                        <\/div><\/p>\n<h2><strong>Ziajka \u2013 Pasta do z\u0119b\u00f3w bez fluoru z ksylitolem<\/strong><\/h2>\n<p><a href=\"http:\/\/www.ziaja.com\">www.ziaja.com<\/a><\/p>\n<p><a href=\"https:\/\/baranowscy.eu\/wordpress\/wp-content\/uploads\/2015\/08\/pasta_ziajka_1.jpg\"><img loading=\"lazy\" decoding=\"async\" class=\"aligncenter size-full wp-image-4250\" src=\"https:\/\/baranowscy.eu\/wordpress\/wp-content\/uploads\/2015\/08\/pasta_ziajka_1.jpg\" alt=\"pasta_ziajka_1\" width=\"640\" height=\"427\" srcset=\"https:\/\/baranowscy.eu\/wordpress\/wp-content\/uploads\/2015\/08\/pasta_ziajka_1.jpg 640w, https:\/\/baranowscy.eu\/wordpress\/wp-content\/uploads\/2015\/08\/pasta_ziajka_1-300x200.jpg 300w, https:\/\/baranowscy.eu\/wordpress\/wp-content\/uploads\/2015\/08\/pasta_ziajka_1-600x400.jpg 600w\" sizes=\"auto, (max-width: 640px) 100vw, 640px\" \/><\/a><\/p>\n<p><strong>Cena:<\/strong> od 4,20 z\u0142 za 50 ml<\/p>\n<p><strong>Informacje producenta:<\/strong><\/p>\n<p>Pasta dla dzieci od pierwszego z\u0105bka. Zawiera ksylitol, naturalne krzemionki; bez cukru, konserwant\u00f3w i sztucznych barwnik\u00f3w.\u00a0Wyprodukowana w Polsce.<\/p>\n<p><strong><div class='dropshadowboxes-container ' style='width:640px;'>\r\n                            <div class='dropshadowboxes-drop-shadow dropshadowboxes-rounded-corners dropshadowboxes-lifted-both dropshadowboxes-effect-default' style=' border: 1px solid #dddddd; height:; background-color:#fbe74d;    '>\r\n                            Sk\u0142ad:<\/strong> <em>sorbitol, glycerin, aqua, hydrated silica, xylitol, cellulose gum, sodium lauroyl sarcosinate, titanium dioxide, maltooligosyl glucoside, hydrogenated starch hydrolysate, aroma (flavor)\r\n                            <\/div>\r\n                        <\/div><\/em><\/p>\n<p><strong><div class='dropshadowboxes-container ' style='width:640px;'>\r\n                            <div class='dropshadowboxes-drop-shadow dropshadowboxes-rounded-corners dropshadowboxes-lifted-both dropshadowboxes-effect-default' style=' border: 1px solid #dddddd; height:; background-color:#91b054;    '>\r\n                            Nasza opinia:<\/strong><\/p>\n<p>Na tle powy\u017cszych \u017celi dla dzieci pasta Ziajki wypada nie\u017ale \u2013 g\u0142\u00f3wnie pod wzgl\u0119dem ceny. W sk\u0142adzie razi mnie dwutlenek tytanu oraz syrop kukurydziany. Ziajka\u00a0jest w postaci bia\u0142ej, g\u0119stej pasty o smaku mi\u0119towym. Nie zawiera \u017cadnych naturalnych wyci\u0105g\u00f3w wspomagaj\u0105cych higien\u0119 jamy ustnej. Jak dla mnie \u2013 pasta ratunkowa, gdy np. zabraknie nam innej na wakacjach.\r\n                            <\/div>\r\n                        <\/div><\/p>\n<h1>Podsumowanie<\/h1>\n<p>Mam nadziej\u0119, \u017ce nasz test pomo\u017ce Wam wybra\u0107 najlepsz\u0105 past\u0119 dla dziecka. Mnie uzmys\u0142owi\u0142, \u017ce nie ka\u017cda pasta\/\u017cel z certyfikatem zas\u0142uguje na certyfikat Organicznych. <strong>Wed\u0142ug mnie najlepsz\u0105 past\u0105 z wymienionych jest Urtekram, po niej mog\u0119 poleci\u0107 Weled\u0119, Jack N&#8217;Jill, Anthyllis, BjoBj, Laver\u0119 i Logodent.<\/strong> I to niestety tyle.<\/p>\n<p>Czekam na Wasze komentarze!<\/p>\n","protected":false},"excerpt":{"rendered":"<p>Nasz przegl\u0105d past do z\u0119b\u00f3w jest bardzo subiektywny i wybredny (i niesponsorowany!). Zwracamy uwag\u0119 nie tylko na to, aby pasta nie zawiera\u0142a fluoru (dlaczego fluor&hellip;<\/p>\n","protected":false},"author":1,"featured_media":4259,"comment_status":"open","ping_status":"open","sticky":false,"template":"","format":"standard","meta":{"_jetpack_memberships_contains_paid_content":false,"footnotes":""},"categories":[5,363,250],"tags":[736,805,803,771,760,44,122,799,11,1337,10,119,438,802,121,686,543,432,800,798,147,742,804,739,205,797,801],"class_list":["post-4236","post","type-post","status-publish","format-standard","has-post-thumbnail","hentry","category-kosmetyki","category-kosmetyki-i-pielegnacja-testy","category-testy","tag-anthyllis-baby","tag-bilka-homeopathy","tag-biorepair","tag-bjobj","tag-dwutlenek-tytanu","tag-dzieci","tag-fluor","tag-karagen","tag-kosmetyki-ekologiczne","tag-kosmetyki","tag-kosmetyki-naturalne","tag-ksylitol","tag-lavera","tag-logodent","tag-pasta-do-zebow","tag-pasta-do-zebow-bez-fluoru","tag-peg","tag-propylene-glycol","tag-sls","tag-sorbitol","tag-test","tag-topfer","tag-urtekram","tag-weleda","tag-zeby","tag-zel-do-zebow","tag-ziajka"],"yoast_head":"<!-- This site is optimized with the Yoast SEO plugin v27.5 - https:\/\/yoast.com\/product\/yoast-seo-wordpress\/ -->\n<title>Testujemy: dzieci\u0119ce pasty i \u017cele do z\u0119b\u00f3w bez fluoru - organiczni.eu<\/title>\n<meta name=\"robots\" content=\"index, follow, max-snippet:-1, max-image-preview:large, max-video-preview:-1\" \/>\n<link rel=\"canonical\" href=\"https:\/\/baranowscy.eu\/wordpress\/testujemy-dzieciece-pasty-i-zele-do-zebow-bez-fluoru\/\" \/>\n<meta property=\"og:locale\" content=\"pl_PL\" \/>\n<meta property=\"og:type\" content=\"article\" \/>\n<meta property=\"og:title\" content=\"Testujemy: dzieci\u0119ce pasty i \u017cele do z\u0119b\u00f3w bez fluoru - organiczni.eu\" \/>\n<meta property=\"og:description\" content=\"Nasz przegl\u0105d past do z\u0119b\u00f3w jest bardzo subiektywny i wybredny (i niesponsorowany!). Zwracamy uwag\u0119 nie tylko na to, aby pasta nie zawiera\u0142a fluoru (dlaczego fluor&hellip;\" \/>\n<meta property=\"og:url\" content=\"https:\/\/baranowscy.eu\/wordpress\/testujemy-dzieciece-pasty-i-zele-do-zebow-bez-fluoru\/\" \/>\n<meta property=\"og:site_name\" content=\"organiczni.eu\" \/>\n<meta property=\"article:publisher\" content=\"https:\/\/www.facebook.com\/organiczni\/\" \/>\n<meta property=\"article:published_time\" content=\"2015-08-22T17:43:50+00:00\" \/>\n<meta property=\"article:modified_time\" content=\"2016-04-25T20:09:06+00:00\" \/>\n<meta property=\"og:image\" content=\"https:\/\/baranowscy.eu\/wordpress\/wp-content\/uploads\/2015\/08\/pasty_i_zele_do_zebow_dla_dzieci.jpg\" \/>\n\t<meta property=\"og:image:width\" content=\"640\" \/>\n\t<meta property=\"og:image:height\" content=\"427\" \/>\n\t<meta property=\"og:image:type\" content=\"image\/jpeg\" \/>\n<meta name=\"author\" content=\"joanna\" \/>\n<meta name=\"twitter:card\" content=\"summary_large_image\" \/>\n<meta name=\"twitter:label1\" content=\"Napisane przez\" \/>\n\t<meta name=\"twitter:data1\" content=\"joanna\" \/>\n\t<meta name=\"twitter:label2\" content=\"Szacowany czas czytania\" \/>\n\t<meta name=\"twitter:data2\" content=\"17 minut\" \/>\n<script type=\"application\/ld+json\" class=\"yoast-schema-graph\">{\"@context\":\"https:\\\/\\\/schema.org\",\"@graph\":[{\"@type\":\"Article\",\"@id\":\"https:\\\/\\\/baranowscy.eu\\\/wordpress\\\/testujemy-dzieciece-pasty-i-zele-do-zebow-bez-fluoru\\\/#article\",\"isPartOf\":{\"@id\":\"https:\\\/\\\/baranowscy.eu\\\/wordpress\\\/testujemy-dzieciece-pasty-i-zele-do-zebow-bez-fluoru\\\/\"},\"author\":{\"name\":\"joanna\",\"@id\":\"https:\\\/\\\/baranowscy.eu\\\/wordpress\\\/#\\\/schema\\\/person\\\/741d5f1f3fd2833c5ca2ffdaaa93dc73\"},\"headline\":\"Testujemy: dzieci\u0119ce pasty i \u017cele do z\u0119b\u00f3w bez fluoru\",\"datePublished\":\"2015-08-22T17:43:50+00:00\",\"dateModified\":\"2016-04-25T20:09:06+00:00\",\"mainEntityOfPage\":{\"@id\":\"https:\\\/\\\/baranowscy.eu\\\/wordpress\\\/testujemy-dzieciece-pasty-i-zele-do-zebow-bez-fluoru\\\/\"},\"wordCount\":3417,\"commentCount\":110,\"publisher\":{\"@id\":\"https:\\\/\\\/baranowscy.eu\\\/wordpress\\\/#organization\"},\"image\":{\"@id\":\"https:\\\/\\\/baranowscy.eu\\\/wordpress\\\/testujemy-dzieciece-pasty-i-zele-do-zebow-bez-fluoru\\\/#primaryimage\"},\"thumbnailUrl\":\"https:\\\/\\\/baranowscy.eu\\\/wordpress\\\/wp-content\\\/uploads\\\/2015\\\/08\\\/pasty_i_zele_do_zebow_dla_dzieci.jpg\",\"keywords\":[\"Anthyllis Baby\",\"Bilka homeopathy\",\"BioRepair\",\"BjoBj\",\"dwutlenek tytanu\",\"dzieci\",\"fluor\",\"karagen\",\"kosmetyki ekologiczne\",\"kosmetyki i piel\u0119gnacja\",\"kosmetyki naturalne\",\"ksylitol\",\"Lavera\",\"Logodent\",\"pasta do z\u0119b\u00f3w\",\"pasta do z\u0119b\u00f3w bez fluoru\",\"PEG\",\"Propylene glycol\",\"SLS\",\"sorbitol\",\"test\",\"T\u00f6pfer\",\"Urtekram\",\"Weleda\",\"z\u0119by\",\"\u017cel do z\u0119b\u00f3w\",\"Ziajka\"],\"articleSection\":[\"kosmetyki i piel\u0119gnacja\",\"kosmetyki i piel\u0119gnacja\",\"testy\"],\"inLanguage\":\"pl-PL\",\"potentialAction\":[{\"@type\":\"CommentAction\",\"name\":\"Comment\",\"target\":[\"https:\\\/\\\/baranowscy.eu\\\/wordpress\\\/testujemy-dzieciece-pasty-i-zele-do-zebow-bez-fluoru\\\/#respond\"]}]},{\"@type\":\"WebPage\",\"@id\":\"https:\\\/\\\/baranowscy.eu\\\/wordpress\\\/testujemy-dzieciece-pasty-i-zele-do-zebow-bez-fluoru\\\/\",\"url\":\"https:\\\/\\\/baranowscy.eu\\\/wordpress\\\/testujemy-dzieciece-pasty-i-zele-do-zebow-bez-fluoru\\\/\",\"name\":\"Testujemy: dzieci\u0119ce pasty i \u017cele do z\u0119b\u00f3w bez fluoru - organiczni.eu\",\"isPartOf\":{\"@id\":\"https:\\\/\\\/baranowscy.eu\\\/wordpress\\\/#website\"},\"primaryImageOfPage\":{\"@id\":\"https:\\\/\\\/baranowscy.eu\\\/wordpress\\\/testujemy-dzieciece-pasty-i-zele-do-zebow-bez-fluoru\\\/#primaryimage\"},\"image\":{\"@id\":\"https:\\\/\\\/baranowscy.eu\\\/wordpress\\\/testujemy-dzieciece-pasty-i-zele-do-zebow-bez-fluoru\\\/#primaryimage\"},\"thumbnailUrl\":\"https:\\\/\\\/baranowscy.eu\\\/wordpress\\\/wp-content\\\/uploads\\\/2015\\\/08\\\/pasty_i_zele_do_zebow_dla_dzieci.jpg\",\"datePublished\":\"2015-08-22T17:43:50+00:00\",\"dateModified\":\"2016-04-25T20:09:06+00:00\",\"breadcrumb\":{\"@id\":\"https:\\\/\\\/baranowscy.eu\\\/wordpress\\\/testujemy-dzieciece-pasty-i-zele-do-zebow-bez-fluoru\\\/#breadcrumb\"},\"inLanguage\":\"pl-PL\",\"potentialAction\":[{\"@type\":\"ReadAction\",\"target\":[\"https:\\\/\\\/baranowscy.eu\\\/wordpress\\\/testujemy-dzieciece-pasty-i-zele-do-zebow-bez-fluoru\\\/\"]}]},{\"@type\":\"ImageObject\",\"inLanguage\":\"pl-PL\",\"@id\":\"https:\\\/\\\/baranowscy.eu\\\/wordpress\\\/testujemy-dzieciece-pasty-i-zele-do-zebow-bez-fluoru\\\/#primaryimage\",\"url\":\"https:\\\/\\\/baranowscy.eu\\\/wordpress\\\/wp-content\\\/uploads\\\/2015\\\/08\\\/pasty_i_zele_do_zebow_dla_dzieci.jpg\",\"contentUrl\":\"https:\\\/\\\/baranowscy.eu\\\/wordpress\\\/wp-content\\\/uploads\\\/2015\\\/08\\\/pasty_i_zele_do_zebow_dla_dzieci.jpg\",\"width\":640,\"height\":427},{\"@type\":\"BreadcrumbList\",\"@id\":\"https:\\\/\\\/baranowscy.eu\\\/wordpress\\\/testujemy-dzieciece-pasty-i-zele-do-zebow-bez-fluoru\\\/#breadcrumb\",\"itemListElement\":[{\"@type\":\"ListItem\",\"position\":1,\"name\":\"Strona g\u0142\u00f3wna\",\"item\":\"https:\\\/\\\/baranowscy.eu\\\/wordpress\\\/\"},{\"@type\":\"ListItem\",\"position\":2,\"name\":\"Testujemy: dzieci\u0119ce pasty i \u017cele do z\u0119b\u00f3w bez fluoru\"}]},{\"@type\":\"WebSite\",\"@id\":\"https:\\\/\\\/baranowscy.eu\\\/wordpress\\\/#website\",\"url\":\"https:\\\/\\\/baranowscy.eu\\\/wordpress\\\/\",\"name\":\"organiczni.eu\",\"description\":\"Najbardziej wszechstronny blog ekologiczny\",\"publisher\":{\"@id\":\"https:\\\/\\\/baranowscy.eu\\\/wordpress\\\/#organization\"},\"potentialAction\":[{\"@type\":\"SearchAction\",\"target\":{\"@type\":\"EntryPoint\",\"urlTemplate\":\"https:\\\/\\\/baranowscy.eu\\\/wordpress\\\/?s={search_term_string}\"},\"query-input\":{\"@type\":\"PropertyValueSpecification\",\"valueRequired\":true,\"valueName\":\"search_term_string\"}}],\"inLanguage\":\"pl-PL\"},{\"@type\":\"Organization\",\"@id\":\"https:\\\/\\\/baranowscy.eu\\\/wordpress\\\/#organization\",\"name\":\"organiczni.eu\",\"url\":\"https:\\\/\\\/baranowscy.eu\\\/wordpress\\\/\",\"logo\":{\"@type\":\"ImageObject\",\"inLanguage\":\"pl-PL\",\"@id\":\"https:\\\/\\\/baranowscy.eu\\\/wordpress\\\/#\\\/schema\\\/logo\\\/image\\\/\",\"url\":\"https:\\\/\\\/baranowscy.eu\\\/wordpress\\\/wp-content\\\/uploads\\\/2018\\\/01\\\/logo_duze.png\",\"contentUrl\":\"https:\\\/\\\/baranowscy.eu\\\/wordpress\\\/wp-content\\\/uploads\\\/2018\\\/01\\\/logo_duze.png\",\"width\":1398,\"height\":300,\"caption\":\"organiczni.eu\"},\"image\":{\"@id\":\"https:\\\/\\\/baranowscy.eu\\\/wordpress\\\/#\\\/schema\\\/logo\\\/image\\\/\"},\"sameAs\":[\"https:\\\/\\\/www.facebook.com\\\/organiczni\\\/\",\"https:\\\/\\\/www.instagram.com\\\/organiczni.eu\\\/\"]},{\"@type\":\"Person\",\"@id\":\"https:\\\/\\\/baranowscy.eu\\\/wordpress\\\/#\\\/schema\\\/person\\\/741d5f1f3fd2833c5ca2ffdaaa93dc73\",\"name\":\"joanna\",\"image\":{\"@type\":\"ImageObject\",\"inLanguage\":\"pl-PL\",\"@id\":\"https:\\\/\\\/secure.gravatar.com\\\/avatar\\\/a59b1be4fa5d200ee0af0ba4bbcdb691da1d589b419bae23d7aa5a15d820e28e?s=96&d=identicon&r=g\",\"url\":\"https:\\\/\\\/secure.gravatar.com\\\/avatar\\\/a59b1be4fa5d200ee0af0ba4bbcdb691da1d589b419bae23d7aa5a15d820e28e?s=96&d=identicon&r=g\",\"contentUrl\":\"https:\\\/\\\/secure.gravatar.com\\\/avatar\\\/a59b1be4fa5d200ee0af0ba4bbcdb691da1d589b419bae23d7aa5a15d820e28e?s=96&d=identicon&r=g\",\"caption\":\"joanna\"},\"sameAs\":[\"https:\\\/\\\/organiczni.baranowscy.eu\"],\"url\":\"https:\\\/\\\/baranowscy.eu\\\/wordpress\\\/author\\\/admin\\\/\"}]}<\/script>\n<!-- \/ Yoast SEO plugin. -->","yoast_head_json":{"title":"Testujemy: dzieci\u0119ce pasty i \u017cele do z\u0119b\u00f3w bez fluoru - organiczni.eu","robots":{"index":"index","follow":"follow","max-snippet":"max-snippet:-1","max-image-preview":"max-image-preview:large","max-video-preview":"max-video-preview:-1"},"canonical":"https:\/\/baranowscy.eu\/wordpress\/testujemy-dzieciece-pasty-i-zele-do-zebow-bez-fluoru\/","og_locale":"pl_PL","og_type":"article","og_title":"Testujemy: dzieci\u0119ce pasty i \u017cele do z\u0119b\u00f3w bez fluoru - organiczni.eu","og_description":"Nasz przegl\u0105d past do z\u0119b\u00f3w jest bardzo subiektywny i wybredny (i niesponsorowany!). Zwracamy uwag\u0119 nie tylko na to, aby pasta nie zawiera\u0142a fluoru (dlaczego fluor&hellip;","og_url":"https:\/\/baranowscy.eu\/wordpress\/testujemy-dzieciece-pasty-i-zele-do-zebow-bez-fluoru\/","og_site_name":"organiczni.eu","article_publisher":"https:\/\/www.facebook.com\/organiczni\/","article_published_time":"2015-08-22T17:43:50+00:00","article_modified_time":"2016-04-25T20:09:06+00:00","og_image":[{"width":640,"height":427,"url":"https:\/\/baranowscy.eu\/wordpress\/wp-content\/uploads\/2015\/08\/pasty_i_zele_do_zebow_dla_dzieci.jpg","type":"image\/jpeg"}],"author":"joanna","twitter_card":"summary_large_image","twitter_misc":{"Napisane przez":"joanna","Szacowany czas czytania":"17 minut"},"schema":{"@context":"https:\/\/schema.org","@graph":[{"@type":"Article","@id":"https:\/\/baranowscy.eu\/wordpress\/testujemy-dzieciece-pasty-i-zele-do-zebow-bez-fluoru\/#article","isPartOf":{"@id":"https:\/\/baranowscy.eu\/wordpress\/testujemy-dzieciece-pasty-i-zele-do-zebow-bez-fluoru\/"},"author":{"name":"joanna","@id":"https:\/\/baranowscy.eu\/wordpress\/#\/schema\/person\/741d5f1f3fd2833c5ca2ffdaaa93dc73"},"headline":"Testujemy: dzieci\u0119ce pasty i \u017cele do z\u0119b\u00f3w bez fluoru","datePublished":"2015-08-22T17:43:50+00:00","dateModified":"2016-04-25T20:09:06+00:00","mainEntityOfPage":{"@id":"https:\/\/baranowscy.eu\/wordpress\/testujemy-dzieciece-pasty-i-zele-do-zebow-bez-fluoru\/"},"wordCount":3417,"commentCount":110,"publisher":{"@id":"https:\/\/baranowscy.eu\/wordpress\/#organization"},"image":{"@id":"https:\/\/baranowscy.eu\/wordpress\/testujemy-dzieciece-pasty-i-zele-do-zebow-bez-fluoru\/#primaryimage"},"thumbnailUrl":"https:\/\/baranowscy.eu\/wordpress\/wp-content\/uploads\/2015\/08\/pasty_i_zele_do_zebow_dla_dzieci.jpg","keywords":["Anthyllis Baby","Bilka homeopathy","BioRepair","BjoBj","dwutlenek tytanu","dzieci","fluor","karagen","kosmetyki ekologiczne","kosmetyki i piel\u0119gnacja","kosmetyki naturalne","ksylitol","Lavera","Logodent","pasta do z\u0119b\u00f3w","pasta do z\u0119b\u00f3w bez fluoru","PEG","Propylene glycol","SLS","sorbitol","test","T\u00f6pfer","Urtekram","Weleda","z\u0119by","\u017cel do z\u0119b\u00f3w","Ziajka"],"articleSection":["kosmetyki i piel\u0119gnacja","kosmetyki i piel\u0119gnacja","testy"],"inLanguage":"pl-PL","potentialAction":[{"@type":"CommentAction","name":"Comment","target":["https:\/\/baranowscy.eu\/wordpress\/testujemy-dzieciece-pasty-i-zele-do-zebow-bez-fluoru\/#respond"]}]},{"@type":"WebPage","@id":"https:\/\/baranowscy.eu\/wordpress\/testujemy-dzieciece-pasty-i-zele-do-zebow-bez-fluoru\/","url":"https:\/\/baranowscy.eu\/wordpress\/testujemy-dzieciece-pasty-i-zele-do-zebow-bez-fluoru\/","name":"Testujemy: dzieci\u0119ce pasty i \u017cele do z\u0119b\u00f3w bez fluoru - organiczni.eu","isPartOf":{"@id":"https:\/\/baranowscy.eu\/wordpress\/#website"},"primaryImageOfPage":{"@id":"https:\/\/baranowscy.eu\/wordpress\/testujemy-dzieciece-pasty-i-zele-do-zebow-bez-fluoru\/#primaryimage"},"image":{"@id":"https:\/\/baranowscy.eu\/wordpress\/testujemy-dzieciece-pasty-i-zele-do-zebow-bez-fluoru\/#primaryimage"},"thumbnailUrl":"https:\/\/baranowscy.eu\/wordpress\/wp-content\/uploads\/2015\/08\/pasty_i_zele_do_zebow_dla_dzieci.jpg","datePublished":"2015-08-22T17:43:50+00:00","dateModified":"2016-04-25T20:09:06+00:00","breadcrumb":{"@id":"https:\/\/baranowscy.eu\/wordpress\/testujemy-dzieciece-pasty-i-zele-do-zebow-bez-fluoru\/#breadcrumb"},"inLanguage":"pl-PL","potentialAction":[{"@type":"ReadAction","target":["https:\/\/baranowscy.eu\/wordpress\/testujemy-dzieciece-pasty-i-zele-do-zebow-bez-fluoru\/"]}]},{"@type":"ImageObject","inLanguage":"pl-PL","@id":"https:\/\/baranowscy.eu\/wordpress\/testujemy-dzieciece-pasty-i-zele-do-zebow-bez-fluoru\/#primaryimage","url":"https:\/\/baranowscy.eu\/wordpress\/wp-content\/uploads\/2015\/08\/pasty_i_zele_do_zebow_dla_dzieci.jpg","contentUrl":"https:\/\/baranowscy.eu\/wordpress\/wp-content\/uploads\/2015\/08\/pasty_i_zele_do_zebow_dla_dzieci.jpg","width":640,"height":427},{"@type":"BreadcrumbList","@id":"https:\/\/baranowscy.eu\/wordpress\/testujemy-dzieciece-pasty-i-zele-do-zebow-bez-fluoru\/#breadcrumb","itemListElement":[{"@type":"ListItem","position":1,"name":"Strona g\u0142\u00f3wna","item":"https:\/\/baranowscy.eu\/wordpress\/"},{"@type":"ListItem","position":2,"name":"Testujemy: dzieci\u0119ce pasty i \u017cele do z\u0119b\u00f3w bez fluoru"}]},{"@type":"WebSite","@id":"https:\/\/baranowscy.eu\/wordpress\/#website","url":"https:\/\/baranowscy.eu\/wordpress\/","name":"organiczni.eu","description":"Najbardziej wszechstronny blog ekologiczny","publisher":{"@id":"https:\/\/baranowscy.eu\/wordpress\/#organization"},"potentialAction":[{"@type":"SearchAction","target":{"@type":"EntryPoint","urlTemplate":"https:\/\/baranowscy.eu\/wordpress\/?s={search_term_string}"},"query-input":{"@type":"PropertyValueSpecification","valueRequired":true,"valueName":"search_term_string"}}],"inLanguage":"pl-PL"},{"@type":"Organization","@id":"https:\/\/baranowscy.eu\/wordpress\/#organization","name":"organiczni.eu","url":"https:\/\/baranowscy.eu\/wordpress\/","logo":{"@type":"ImageObject","inLanguage":"pl-PL","@id":"https:\/\/baranowscy.eu\/wordpress\/#\/schema\/logo\/image\/","url":"https:\/\/baranowscy.eu\/wordpress\/wp-content\/uploads\/2018\/01\/logo_duze.png","contentUrl":"https:\/\/baranowscy.eu\/wordpress\/wp-content\/uploads\/2018\/01\/logo_duze.png","width":1398,"height":300,"caption":"organiczni.eu"},"image":{"@id":"https:\/\/baranowscy.eu\/wordpress\/#\/schema\/logo\/image\/"},"sameAs":["https:\/\/www.facebook.com\/organiczni\/","https:\/\/www.instagram.com\/organiczni.eu\/"]},{"@type":"Person","@id":"https:\/\/baranowscy.eu\/wordpress\/#\/schema\/person\/741d5f1f3fd2833c5ca2ffdaaa93dc73","name":"joanna","image":{"@type":"ImageObject","inLanguage":"pl-PL","@id":"https:\/\/secure.gravatar.com\/avatar\/a59b1be4fa5d200ee0af0ba4bbcdb691da1d589b419bae23d7aa5a15d820e28e?s=96&d=identicon&r=g","url":"https:\/\/secure.gravatar.com\/avatar\/a59b1be4fa5d200ee0af0ba4bbcdb691da1d589b419bae23d7aa5a15d820e28e?s=96&d=identicon&r=g","contentUrl":"https:\/\/secure.gravatar.com\/avatar\/a59b1be4fa5d200ee0af0ba4bbcdb691da1d589b419bae23d7aa5a15d820e28e?s=96&d=identicon&r=g","caption":"joanna"},"sameAs":["https:\/\/organiczni.baranowscy.eu"],"url":"https:\/\/baranowscy.eu\/wordpress\/author\/admin\/"}]}},"jetpack_featured_media_url":"https:\/\/baranowscy.eu\/wordpress\/wp-content\/uploads\/2015\/08\/pasty_i_zele_do_zebow_dla_dzieci.jpg","jetpack_sharing_enabled":true,"_links":{"self":[{"href":"https:\/\/baranowscy.eu\/wordpress\/wp-json\/wp\/v2\/posts\/4236","targetHints":{"allow":["GET"]}}],"collection":[{"href":"https:\/\/baranowscy.eu\/wordpress\/wp-json\/wp\/v2\/posts"}],"about":[{"href":"https:\/\/baranowscy.eu\/wordpress\/wp-json\/wp\/v2\/types\/post"}],"author":[{"embeddable":true,"href":"https:\/\/baranowscy.eu\/wordpress\/wp-json\/wp\/v2\/users\/1"}],"replies":[{"embeddable":true,"href":"https:\/\/baranowscy.eu\/wordpress\/wp-json\/wp\/v2\/comments?post=4236"}],"version-history":[{"count":8,"href":"https:\/\/baranowscy.eu\/wordpress\/wp-json\/wp\/v2\/posts\/4236\/revisions"}],"predecessor-version":[{"id":5295,"href":"https:\/\/baranowscy.eu\/wordpress\/wp-json\/wp\/v2\/posts\/4236\/revisions\/5295"}],"wp:featuredmedia":[{"embeddable":true,"href":"https:\/\/baranowscy.eu\/wordpress\/wp-json\/wp\/v2\/media\/4259"}],"wp:attachment":[{"href":"https:\/\/baranowscy.eu\/wordpress\/wp-json\/wp\/v2\/media?parent=4236"}],"wp:term":[{"taxonomy":"category","embeddable":true,"href":"https:\/\/baranowscy.eu\/wordpress\/wp-json\/wp\/v2\/categories?post=4236"},{"taxonomy":"post_tag","embeddable":true,"href":"https:\/\/baranowscy.eu\/wordpress\/wp-json\/wp\/v2\/tags?post=4236"}],"curies":[{"name":"wp","href":"https:\/\/api.w.org\/{rel}","templated":true}]}}