{"id":4203,"date":"2015-08-12T15:32:32","date_gmt":"2015-08-12T13:32:32","guid":{"rendered":"http:\/\/baranowscy.eu\/wordpress\/?p=4203"},"modified":"2022-12-28T15:00:17","modified_gmt":"2022-12-28T14:00:17","slug":"trzymam-dzieci-z-dala-od-fluoru","status":"publish","type":"post","link":"https:\/\/baranowscy.eu\/wordpress\/trzymam-dzieci-z-dala-od-fluoru\/","title":{"rendered":"Trzymam dzieci z dala od fluoru"},"content":{"rendered":"<div class='dropshadowboxes-container ' style='width:auto;'>\r\n                            <div class='dropshadowboxes-drop-shadow dropshadowboxes-rounded-corners dropshadowboxes-inside-and-outside-shadow dropshadowboxes-lifted-both dropshadowboxes-effect-default' style=' border: 1px solid #dddddd; height:; background-color:#ffec59;    '>\r\n                            Ten artyku\u0142 jest archiwalny, ma wi\u0119cej ni\u017c 5 lat. Wiele si\u0119 od tego czasu zmieni\u0142o, dlatego tekst mo\u017ce nie by\u0107 aktualny.\r\n                            <\/div>\r\n                        <\/div>\n<p>Nied\u0142ugo zacznie si\u0119 rok szkolny, w przedszkolach r\u00f3wnie\u017c odb\u0119d\u0105 si\u0119 pierwsze zebrania. Rodzice dostan\u0105 do podpisania karteczki o tre\u015bci \u201eWyra\u017cam zgod\u0119 na fluoryzacj\u0119 mojego dziecka\u2026\u201d.<\/p>\n<p>Ja nie podpisz\u0119. Dlaczego?<\/p>\n<p><a href=\"https:\/\/baranowscy.eu\/wordpress\/wp-content\/uploads\/2015\/08\/zeby_1.jpg\"><img loading=\"lazy\" decoding=\"async\" class=\"aligncenter size-full wp-image-4204\" src=\"https:\/\/baranowscy.eu\/wordpress\/wp-content\/uploads\/2015\/08\/zeby_1.jpg\" alt=\"zeby_1\" width=\"640\" height=\"427\" srcset=\"https:\/\/baranowscy.eu\/wordpress\/wp-content\/uploads\/2015\/08\/zeby_1.jpg 640w, https:\/\/baranowscy.eu\/wordpress\/wp-content\/uploads\/2015\/08\/zeby_1-300x200.jpg 300w, https:\/\/baranowscy.eu\/wordpress\/wp-content\/uploads\/2015\/08\/zeby_1-600x400.jpg 600w\" sizes=\"auto, (max-width: 640px) 100vw, 640px\" \/><\/a><br \/>\n<strong>Fluor \u2013 dawka czyni trucizn\u0119<\/strong><\/p>\n<p>Sam pierwiastek F i jego zwi\u0105zki s\u0105 bardzo toksyczne dla \u015brodowiska nawet w niewielkich ilo\u015bciach. Fluor zaburza prawid\u0142ow\u0105 prac\u0119 kom\u00f3rek \u2013 hamuje oddychanie tkankowe, przemian\u0119 w\u0119glowodan\u00f3w, lipid\u00f3w i syntez\u0119 hormon\u00f3w.<\/p>\n<p><strong>Uwaga, doro\u015bli magazynuj\u0105 oko\u0142o 10% spo\u017cywanego fluoru, a ma\u0142e dzieci \u2013 nawet 50%!<\/strong><\/p>\n<p><strong><div class='dropshadowboxes-container ' style='width:640px;'>\r\n                            <div class='dropshadowboxes-drop-shadow dropshadowboxes-rounded-corners dropshadowboxes-lifted-both dropshadowboxes-effect-default' style=' border: 1px solid #dddddd; height:; background-color:#fdec8d;    '>\r\n                            <a href=\"https:\/\/baranowscy.eu\/wordpress\/testujemy-dzieciece-pasty-i-zele-do-zebow-bez-fluoru\/\">Zapraszam: test dzieci\u0119cych past bez fluoru<\/a><\/strong><a href=\"https:\/\/baranowscy.eu\/wordpress\/testujemy-dzieciece-pasty-i-zele-do-zebow-bez-fluoru\/\">.<\/a><strong>\r\n                            <\/div>\r\n                        <\/div><\/strong><!--more--><\/p>\n<p>Silne zatrucie fluorem, spowodowane podaniem jego wysokiego st\u0119\u017cenia, mo\u017ce zako\u0144czy\u0107 si\u0119 <strong>\u015bmierci\u0105<\/strong> przez pora\u017cenie o\u015brodka oddechowego. D\u0142ugotrwa\u0142e przyjmowanie mniejszych dawek fluoru mo\u017ce doprowadzi\u0107 do <strong>fluorozy<\/strong> \u2013 choroby metabolicznej, kt\u00f3rej przyczyna tkwi m.in. w podmienianiu przez fluor wapnia w organizmie (g\u0142\u00f3wnie z\u0119bach i ko\u015bciach). <strong>Dochodzi do niej, gdy cz\u0142owiek spo\u017cywa wi\u0119cej ni\u017c 2,5 mg F na dob\u0119. Dla dzieci do 2. r. \u017c. dawka uznawana za bezpieczn\u0105 to 0,25 mg na dob\u0119, od 2. do 4. r. \u017c. \u2013 0,5 mg na dob\u0119, od 4. do 6. r. \u017c. \u2013 0,75 mg na dob\u0119, powy\u017cej 6. r. \u017c. \u2013 1 mg.<\/strong><\/p>\n<figure id=\"attachment_4206\" aria-describedby=\"caption-attachment-4206\" style=\"width: 640px\" class=\"wp-caption aligncenter\"><a href=\"https:\/\/baranowscy.eu\/wordpress\/wp-content\/uploads\/2015\/08\/pasta_bez_fluoru_1.jpg\"><img loading=\"lazy\" decoding=\"async\" class=\"wp-image-4206 size-full\" src=\"https:\/\/baranowscy.eu\/wordpress\/wp-content\/uploads\/2015\/08\/pasta_bez_fluoru_1.jpg\" alt=\"pasta_bez_fluoru_1\" width=\"640\" height=\"427\" srcset=\"https:\/\/baranowscy.eu\/wordpress\/wp-content\/uploads\/2015\/08\/pasta_bez_fluoru_1.jpg 640w, https:\/\/baranowscy.eu\/wordpress\/wp-content\/uploads\/2015\/08\/pasta_bez_fluoru_1-300x200.jpg 300w, https:\/\/baranowscy.eu\/wordpress\/wp-content\/uploads\/2015\/08\/pasta_bez_fluoru_1-600x400.jpg 600w\" sizes=\"auto, (max-width: 640px) 100vw, 640px\" \/><\/a><figcaption id=\"caption-attachment-4206\" class=\"wp-caption-text\">Dla dzieci wybieramy zawsze past\u0119 bez fluoru.<\/figcaption><\/figure>\n<p><strong>Znany lepiej dopiero od 1886 roku fluor samodzielnie wyst\u0119puje jako jasno\u017c\u00f3\u0142ty gaz o bardzo du\u017cej reaktywno\u015bci.<\/strong> Fluor jest wszechstronnie wykorzystywany, np. w lekach, a tak\u017ce przemys\u0142owo \u2013 np. przy produkcji uranu. Nale\u017cy do 13 najbardziej rozpowszechnionych pierwiastk\u00f3w na \u015bwiecie i jest w\u0142a\u015bciwie wszechobecny. Naturalnie znajduje si\u0119 w wodzie, glebie, powietrzu, natomiast w przemy\u015ble jest niepo\u017c\u0105danym odpadem produkcji aluminium, nawoz\u00f3w czy obr\u00f3bki rud \u017celaza.<\/p>\n<p>Od 70 lat fluor jest dodawany sztucznie do r\u00f3\u017cnych produkt\u00f3w (w tym wody pitnej), co ma na celu chroni\u0107 ludzi przed pr\u00f3chnic\u0105 z\u0119b\u00f3w. Pierwsze badania na ten temat przeprowadzono w 1909 roku w Stanach Zjednoczonych i tam te\u017c w 1945 roku zacz\u0119to dodawa\u0107 fluor do wody pitnej, aby zapobiega\u0107 pr\u00f3chnicy. <strong>Badania nad skutkiem tego posuni\u0119cia (mimo krytyki pod wzgl\u0119dem ich metodologii) doprowadzi\u0142y do powszechnego wzbogacania wody pitnej o fluor w st\u0119\u017ceniu 1 ppm (1 jednostka fluoru na milion jednostek wody) w 1950 roku, tak\u017ce w innych pa\u0144stwach (w sumie 30).<\/strong><\/p>\n<figure id=\"attachment_4208\" aria-describedby=\"caption-attachment-4208\" style=\"width: 640px\" class=\"wp-caption aligncenter\"><a href=\"https:\/\/baranowscy.eu\/wordpress\/wp-content\/uploads\/2015\/08\/pasta_bez_fluoru_2.jpg\"><img loading=\"lazy\" decoding=\"async\" class=\"wp-image-4208 size-full\" src=\"https:\/\/baranowscy.eu\/wordpress\/wp-content\/uploads\/2015\/08\/pasta_bez_fluoru_2.jpg\" alt=\"pasta_bez_fluoru_2\" width=\"640\" height=\"427\" srcset=\"https:\/\/baranowscy.eu\/wordpress\/wp-content\/uploads\/2015\/08\/pasta_bez_fluoru_2.jpg 640w, https:\/\/baranowscy.eu\/wordpress\/wp-content\/uploads\/2015\/08\/pasta_bez_fluoru_2-300x200.jpg 300w, https:\/\/baranowscy.eu\/wordpress\/wp-content\/uploads\/2015\/08\/pasta_bez_fluoru_2-600x400.jpg 600w\" sizes=\"auto, (max-width: 640px) 100vw, 640px\" \/><\/a><figcaption id=\"caption-attachment-4208\" class=\"wp-caption-text\">Wyb\u00f3r bezfluorowych past dla dzieci jest bardzo du\u017cy.<\/figcaption><\/figure>\n<p><strong>Jednak trend ten po jakim\u015b czasie si\u0119 zmieni\u0142 i kolejne pa\u0144stwa wycofywa\u0142y si\u0119 z fluoryzacji wody pitnej lub ogranicza\u0142y j\u0105.<\/strong> Wed\u0142ug autor\u00f3w<a href=\"http:\/\/www.ncbi.nlm.nih.gov\/pmc\/articles\/PMC3956646\/\" target=\"_blank\" rel=\"noopener noreferrer\"> artyku\u0142u<\/a> wycofa\u0142y si\u0119 z tego m.in. Szwecja, Holandia, Niemcy i Szwajcaria (ostatnio, w 2013 r., tak\u017ce Izrael) ze wzgl\u0119du na uzasadnione podejrzenie, \u017ce nie jest to ani skuteczna, ani bezpieczna ochrona przeciwpr\u00f3chnicza. W 2014 roku tylko 8 pa\u0144stw stosowa\u0142o dodawanie fluoru do ponad po\u0142owy dostarczanej wody (m.in. Stany Zjednoczone, Australia, Nowa Zelandia, Malezja, Singapur i Irlandia). <strong>W Polsce woda nie jest fluoryzowana.<\/strong><\/p>\n<p><strong><a href=\"http:\/\/www.ncbi.nlm.nih.gov\/pmc\/articles\/PMC3956646\/\" target=\"_blank\" rel=\"noopener noreferrer\">Coraz wi\u0119cej bada\u0144<\/a> wskazuje na kontrowersyjno\u015b\u0107 tego rozwi\u0105zania z powodu nadmiernego spo\u017cycia fluork\u00f3w, zwi\u0105zanego r\u00f3wnie\u017c z u\u017cywaniem past do z\u0119b\u00f3w wzbogaconych o zwi\u0105zki fluoru.<\/strong> Jak twierdzi zesp\u00f3\u0142 badaczy z Wielkiej Brytanii i Emirat\u00f3w Arabskich (Stephen Peckham i Niyi Awofeso), mo\u017cna powiedzie\u0107 wprost o zagro\u017ceniach p\u0142yn\u0105cych z nadmiernej obecno\u015bci fluork\u00f3w w naszym po\u017cywieniu i pastach do z\u0119b\u00f3w. W artykule z 2014 roku wymieniaj\u0105 najwa\u017cniejsze i najbardziej niebezpieczne skutki spo\u017cywania fluork\u00f3w ponad norm\u0119, co jest dzi\u015b w\u0142a\u015bciwie nie do unikni\u0119cia.<\/p>\n<p>Zaczn\u0119 jednak od przedstawienia wynik\u00f3w bada\u0144 naszych po\u0142udniowych s\u0105siad\u00f3w.<\/p>\n<h2><strong>Nadfluoryzowane dzieci <\/strong><\/h2>\n<p>Najbardziej znanym zastosowaniem fluoru jest dzia\u0142anie wzmacniaj\u0105ce szkliwo z\u0119b\u00f3w, osi\u0105gane rzekomo dzi\u0119ki dodawaniu zwi\u0105zk\u00f3w fluoru do pasty do z\u0119b\u00f3w.<\/p>\n<p>W 2011 roku zesp\u00f3\u0142 naukowc\u00f3w z Czech <a href=\"http:\/\/www.ncbi.nlm.nih.gov\/pmc\/articles\/PMC3201925\/\" target=\"_blank\" rel=\"noopener noreferrer\">opublikowa\u0142 wyniki\u00a0bada\u0144<\/a> przeprowadzonych na przedszkolakach pod k\u0105tem bezpiecznego spo\u017cycia zwi\u0105zk\u00f3w fluoru.<\/p>\n<p>Poniewa\u017c fluorki s\u0105 wszechobecne w naszym po\u017cywieniu (zar\u00f3wno w postaci naturalnej, jak i sztucznie dodawane), istnieje bardzo du\u017ca i uzasadniona w\u0105tpliwo\u015b\u0107, czy nale\u017cy wzmacnia\u0107 kolejne produkty o fluor w celach antypr\u00f3chniczych.<\/p>\n<p><strong>Czesi zbadali po\u017cywienie 36 dzieci w wieku 4\u20135 lat o \u015bredniej wadze oko\u0142o 20 kg.<\/strong> Zbierano pr\u00f3bki wszystkich produkt\u00f3w spo\u017cywczych, w tym napoj\u00f3w, kt\u00f3re dzieci jad\u0142y. Badania powt\u00f3rzono po p\u00f3\u0142 roku. <strong>Po przeliczeniu \u015bredniej ilo\u015bci fluoru spo\u017cywanej przez dzieci okaza\u0142o si\u0119, \u017ce jego dzienna dawka wynosi\u0142a przeci\u0119tnie 0,389 mg w pierwszym badaniu i 0,378 mg w drugim badaniu, czyli odpowiednio 0,020 i 0,018 mg na kg masy cia\u0142a na dob\u0119.<\/strong><\/p>\n<p><a href=\"https:\/\/baranowscy.eu\/wordpress\/wp-content\/uploads\/2015\/08\/zeby_10.jpg\"><img loading=\"lazy\" decoding=\"async\" class=\"aligncenter size-full wp-image-4215\" src=\"https:\/\/baranowscy.eu\/wordpress\/wp-content\/uploads\/2015\/08\/zeby_10.jpg\" alt=\"zeby_10\" width=\"640\" height=\"427\" srcset=\"https:\/\/baranowscy.eu\/wordpress\/wp-content\/uploads\/2015\/08\/zeby_10.jpg 640w, https:\/\/baranowscy.eu\/wordpress\/wp-content\/uploads\/2015\/08\/zeby_10-300x200.jpg 300w, https:\/\/baranowscy.eu\/wordpress\/wp-content\/uploads\/2015\/08\/zeby_10-600x400.jpg 600w\" sizes=\"auto, (max-width: 640px) 100vw, 640px\" \/><\/a><\/p>\n<p>Wszystkie dzieci my\u0142y z\u0119by t\u0105 sam\u0105 ilo\u015bci\u0105 tej samej pasty o zawarto\u015bci 500 ppm fluorku. <strong>Wed\u0142ug naukowc\u00f3w spo\u017cycie fluoru, kt\u00f3rego \u017ar\u00f3d\u0142em by\u0142a pasta do z\u0119b\u00f3w, wynosi\u0142o od 0,554 do 1,594 mg na dob\u0119 (czyli 0,027 do 0,077 mg na kg masy cia\u0142a na dob\u0119).<\/strong> Co oznacza, \u017ce dzienne spo\u017cycie fluoru przez badane dzieci przekracza\u0142a granic\u0119 uwa\u017can\u0105 za bezpieczn\u0105: 0,03\u20130,07 mg na kg masy cia\u0142a dziennie. G\u0142\u00f3wnym \u017ar\u00f3d\u0142em fluoru w diecie by\u0142y napoje, szczeg\u00f3lnie woda butelkowana (w Czechach nie fluoryzuje si\u0119 wody w wodoci\u0105gach). Konkluzja naukowc\u00f3w jest do\u015b\u0107 ostro\u017cna, jednak i tak wystarczaj\u0105co alarmuj\u0105ca: <strong>ilo\u015b\u0107 fluork\u00f3w spo\u017cywanych przez dzieci z po\u017cywieniem i past\u0105 do z\u0119b\u00f3w mo\u017ce by\u0107 nadmierna, co mo\u017ce prowadzi\u0107 m.in. do fluorozy oraz odwrotnego dzia\u0142ania na szkliwo, ni\u017c jest to oczekiwane.<\/strong><\/p>\n<p>Szacuje si\u0119, \u017ce 32% ameryka\u0144skich dzieci cierpi na fluoroz\u0119!<\/p>\n<h2><strong>Skutki uboczne<\/strong><\/h2>\n<p><strong><div class='dropshadowboxes-container ' style='width:640px;'>\r\n                            <div class='dropshadowboxes-drop-shadow dropshadowboxes-rounded-corners dropshadowboxes-lifted-both dropshadowboxes-effect-default' style=' border: 1px solid #dddddd; height:; background-color:#fdec8d;    '>\r\n                            Objawy zatrucia fluorem:<\/strong><\/p>\n<ul>\n<li>biegunka,<\/li>\n<li>b\u00f3le brzucha,<\/li>\n<li>wymioty,<\/li>\n<li>\u015blinotok,<\/li>\n<li>hipokalcemia,<\/li>\n<li>nara\u017cenie przez wdychanie: uszkodzenie \u015bluz\u00f3wek, obrz\u0119k p\u0142uc.<\/li>\n<\/ul>\n<p><strong>Objawy fluorozy z\u0119b\u00f3w:<\/strong><\/p>\n<ul>\n<li>bia\u0142e plamki,<\/li>\n<li>ciemne naloty,<\/li>\n<li>ubytki w szkliwie,<\/li>\n<li>z\u0142amania<\/li>\n<\/ul>\n<p><strong>Objawy fluorozy og\u00f3lnoustrojowej \u2013 przyk\u0142ady:<\/strong><\/p>\n<ul>\n<li>deformacja ko\u015bci i staw\u00f3w,<\/li>\n<li>b\u00f3le ko\u015bci, mi\u0119\u015bni i g\u0142owy,<\/li>\n<li>apatia, senno\u015b\u0107,<\/li>\n<li>zaburzenia koordynacji ruchowej,<\/li>\n<li>dr\u017cenia,<\/li>\n<li>katar,<\/li>\n<li>uszkodzenie organ\u00f3w wewn\u0119trznych: nerek, w\u0105troby, a tak\u017ce wzroku.\r\n                            <\/div>\r\n                        <\/div><\/li>\n<\/ul>\n<figure id=\"attachment_4209\" aria-describedby=\"caption-attachment-4209\" style=\"width: 640px\" class=\"wp-caption aligncenter\"><a href=\"https:\/\/baranowscy.eu\/wordpress\/wp-content\/uploads\/2015\/08\/pasta_bez_fluoru_3.jpg\"><img loading=\"lazy\" decoding=\"async\" class=\"size-full wp-image-4209\" src=\"https:\/\/baranowscy.eu\/wordpress\/wp-content\/uploads\/2015\/08\/pasta_bez_fluoru_3.jpg\" alt=\"Doro\u015bli tak\u017ce mog\u0105 wybiera\u0107 pasty do z\u0119b\u00f3w bez fluoru.\" width=\"640\" height=\"427\" srcset=\"https:\/\/baranowscy.eu\/wordpress\/wp-content\/uploads\/2015\/08\/pasta_bez_fluoru_3.jpg 640w, https:\/\/baranowscy.eu\/wordpress\/wp-content\/uploads\/2015\/08\/pasta_bez_fluoru_3-300x200.jpg 300w, https:\/\/baranowscy.eu\/wordpress\/wp-content\/uploads\/2015\/08\/pasta_bez_fluoru_3-600x400.jpg 600w\" sizes=\"auto, (max-width: 640px) 100vw, 640px\" \/><\/a><figcaption id=\"caption-attachment-4209\" class=\"wp-caption-text\">Doro\u015bli tak\u017ce mog\u0105 wybiera\u0107 pasty do z\u0119b\u00f3w bez fluoru.<\/figcaption><\/figure>\n<p><a href=\"http:\/\/www.ncbi.nlm.nih.gov\/pmc\/articles\/PMC3956646\/\" target=\"_blank\" rel=\"noopener noreferrer\">Wspomniany zesp\u00f3\u0142 badaczy<\/a> z Wielkiej Brytanii i Emirat\u00f3w Arabskich rozprawi\u0142 si\u0119 szczeg\u00f3\u0142owo z mitem fluoru jako pierwiastka zbawczego dla naszych z\u0119b\u00f3w.<\/p>\n<p><strong>Czy fluor pomaga chroni\u0107 z\u0119by przed pr\u00f3chnic\u0105?<\/strong><\/p>\n<p>Pomaga, i jest to jego jedyna zaleta \u2013 pisz\u0105 badacze. Jednak skuteczno\u015b\u0107 fluoru w ochronie szkliwa zale\u017cy r\u00f3wnie\u017c od tego, w jaki spos\u00f3b szkliwo jest zbudowane.<\/p>\n<p>Fluorki docieraj\u0105 do naszych z\u0119b\u00f3w g\u0142\u00f3wnie przez \u015blin\u0119 (o zawarto\u015bci fluoru &lt;0,01\u20130,05 ppm), a wi\u0119c dzia\u0142anie przeciwpr\u00f3chnicze maj\u0105 zwi\u0105zki fluoru, kt\u00f3re znajd\u0105 si\u0119 w naszych ustach, r\u00f3wnie\u017c te zawarte w pokarmach. Wch\u0142aniamy oko\u0142o po\u0142owy spo\u017cywanego fluoru (jest on transportowany do z\u0119b\u00f3w i ko\u015bci), drug\u0105 po\u0142ow\u0119 wydalamy z moczem. Z wiekiem nasza absorbcja fluoru maleje.<\/p>\n<p>Im s\u0142absze z\u0119by i mniej wapnia oraz magnezu zawiera ich szkliwo, <strong>tym wi\u0119ksza szansa, \u017ce dzia\u0142anie fluoru b\u0119dzie\u2026 odwrotne!<\/strong> Fluor demineralizuje powierzchni\u0119 szkliwa, co mo\u017ce doprowadzi\u0107 do os\u0142abienia ochrony przeciwpr\u00f3chniczej.<\/p>\n<p>Mimo jednoznacznego stanowiska m.in. WHO czy US Public Health Agency, fluoryzacja wody \u2013 bo ni\u0105 zajmuj\u0105 si\u0119 przede wszystkim autorzy tekstu \u2013 nie przynosi jednoznacznych korzy\u015bci dla naszych z\u0119b\u00f3w. Udowodniono m.in. niewielk\u0105 r\u00f3\u017cnic\u0119 w jako\u015bci szkliwa dzieci pij\u0105cych wod\u0119 ze sztucznie dodanym fluorem a tych, kt\u00f3re takiej wody nie pi\u0142y.<\/p>\n<p><strong>Dlaczego fluor jest niebezpieczny<\/strong><\/p>\n<p>Nigdy, nigdzie nie stwierdzono u \u017cadnego pacjenta problem\u00f3w z powodu niedoboru tego pierwiastka \u2013 pisz\u0105 Stephen Peckham i Niyi Awofeso. Jest raczej problem z ustaleniem dawki maksymalnej, kt\u00f3ra nie zaszkodzi dzieciom i doros\u0142ym. Dawka ta jest tak ma\u0142a, \u017ce bardzo \u0142atwo j\u0105 przekroczy\u0107, pij\u0105c wod\u0119 fluoryzowan\u0105 i u\u017cywaj\u0105c pasty do z\u0119b\u00f3w z fluorem.<\/p>\n<p><strong><div class='dropshadowboxes-container ' style='width:640px;'>\r\n                            <div class='dropshadowboxes-drop-shadow dropshadowboxes-rounded-corners dropshadowboxes-lifted-both dropshadowboxes-effect-default' style=' border: 1px solid #dddddd; height:; background-color:#fdec8d;    '>\r\n                            Analizy i badania przeprowadzone na dzieciach wskazuj\u0105, \u017ce nadmiar fluoru:<\/strong><\/p>\n<ul>\n<li>mo\u017ce wp\u0142ywa\u0107 negatywnie na rozw\u00f3j poznawczy dzieci,<\/li>\n<li>mo\u017ce mie\u0107 wp\u0142yw na poziom inteligencji (nawet o 7 punkt\u00f3w IQ),<\/li>\n<li>mo\u017ce przyczynia\u0107 si\u0119 do niedoczynno\u015bci tarczycy (pogarsza wi\u0105zanie jodu),<\/li>\n<li>powoduje fluoroz\u0119, w tym fluoroz\u0119 szkieletow\u0105 (upo\u015bledzona budowa ko\u015bci),<\/li>\n<li>mo\u017ce wp\u0142ywa\u0107 na zdrowie psychiczne: samopoczucie, poczucie w\u0142asnej warto\u015bci,<\/li>\n<li>jest \u0142\u0105czony z chorobami nowotworowymi (g\u0142\u00f3wnie taka macicy i p\u0119cherza moczowego).<strong>\r\n                            <\/div>\r\n                        <\/div><\/strong><\/li>\n<\/ul>\n<p><a href=\"http:\/\/www.ncbi.nlm.nih.gov\/pmc\/articles\/PMC4087913\/\" target=\"_blank\" rel=\"noopener noreferrer\">Badanie z 2006 roku<\/a> przeprowadzone na szczurach wykaza\u0142o, \u017ce spo\u017cywanie fluoru mo\u017ce doprowadzi\u0107 m.in. do stresu oksydacyjnego, uszkodzenia DNA oraz zmiany w kom\u00f3rkach b\u0142ony \u015bluzowej jamy ustnej.<\/p>\n<h2><strong>Polska woda<\/strong><\/h2>\n<p>W Polsce woda nie jest fluoryzowana, ale s\u0105 miejsca, gdzie ilo\u015b\u0107 fluork\u00f3w naturalnie w niej wyst\u0119puj\u0105cych lub pochodz\u0105cych z zanieczyszcze\u0144 s\u0105 na tyle wysokie, \u017ce mieszka\u0144cy pij\u0105cy tak\u0105 wod\u0119 powinni mie\u0107 tego \u015bwiadomo\u015b\u0107.<\/p>\n<p>Dzi\u0119ki <a href=\"http:\/\/www.mpwik.com.pl\/dla-klienta\/woda\/archiwum-jakosci-wody\/zaklad-polnocny-czerwiec-2015\" target=\"_blank\" rel=\"noopener noreferrer\">analizie wody<\/a> dost\u0119pnej w naszym biela\u0144skim kranie mog\u0119 uspokoi\u0107 mieszka\u0144c\u00f3w Warszawy, \u017ce fluoru w wodzie z wodoci\u0105g\u00f3w MPWiK nie ma bardzo du\u017co \u2013 w czerwcu \u015brednia ilo\u015b\u0107 fluork\u00f3w w wodzie dostarczanej przez Wodoci\u0105g P\u00f3\u0142nocny w\u0142a\u015bciwie nie by\u0142a zauwa\u017calna, maksymalne zanotowanie st\u0119\u017cenie wynios\u0142o 0,053 mg\/l.<\/p>\n<p><strong><div class='dropshadowboxes-container ' style='width:640px;'>\r\n                            <div class='dropshadowboxes-drop-shadow dropshadowboxes-rounded-corners dropshadowboxes-lifted-both dropshadowboxes-effect-default' style=' border: 1px solid #dddddd; height:; background-color:#fdec8d;    '>\r\n                            Naturalne \u017ar\u00f3d\u0142a fluoru<\/strong><\/p>\n<p>Pierwiastek ten spo\u017cywamy nie tylko w wodzie. Znajduje si\u0119 on naturalnie w wielu produktach spo\u017cywczych, np. takich jak:<\/p>\n<ul>\n<li>herbata (najbogatsze \u017ar\u00f3d\u0142o),<\/li>\n<li>soja,<\/li>\n<li>ryby,<\/li>\n<li>chleb \u017cytni,<\/li>\n<li>wieprzowina,<\/li>\n<li>szpinak,<\/li>\n<li>kapusta,<\/li>\n<li>broku\u0142y,<\/li>\n<li>marchew,<\/li>\n<li>jab\u0142ko,<\/li>\n<li>banan,<\/li>\n<li>pomidor.<strong>\r\n                            <\/div>\r\n                        <\/div><\/strong><\/li>\n<\/ul>\n<h2><strong>Podsumowanie<\/strong><\/h2>\n<p>Wszechobecny fluor w naszym jedzeniu i piciu sprawia, \u017ce nie kontrolujemy, jaka naprawd\u0119 ilo\u015b\u0107 tego pierwiastka dostaje si\u0119 do naszego organizmu. Badania przeprowadzone na dzieciach m\u00f3wi\u0105 wprost o tym, \u017ce bardzo \u0142atwo przekroczy\u0107 dzienn\u0105 dawk\u0119 uznawan\u0105 za nietoksyczn\u0105, nawet je\u015bli woda w kranie nie jest fluoryzowana. Wystarczy my\u0107 z\u0119by past\u0105 z zawarto\u015bci\u0105 fluoru &#8211; dzieci nawet do 6 roku \u017cycia maj\u0105 problem z dok\u0142adnym wyp\u0142ukaniem buzi po myciu z\u0119b\u00f3w i po\u0142ykaj\u0105 past\u0119.<\/p>\n<p>Nasze dzieci od zawsze myj\u0105 z\u0119by pastami bez fluoru, ja r\u00f3wnie\u017c od kilku lat wybieram takie pasty dla siebie. <strong>Nasz prawie trzylatek i sze\u015bciolatek nie mieli dot\u0105d ani jednego ubytku. <\/strong>Sama te\u017c nie narzekam na stan moich z\u0119b\u00f3w.<\/p>\n<p><strong><div class='dropshadowboxes-container ' style='width:640px;'>\r\n                            <div class='dropshadowboxes-drop-shadow dropshadowboxes-rounded-corners dropshadowboxes-lifted-both dropshadowboxes-effect-default' style=' border: 1px solid #dddddd; height:; background-color:#fdec8d;    '>\r\n                            <a href=\"https:\/\/baranowscy.eu\/wordpress\/testujemy-dzieciece-pasty-i-zele-do-zebow-bez-fluoru\/\">Zapraszam: test dzieci\u0119cych past bez fluoru<\/a><\/strong><a href=\"https:\/\/baranowscy.eu\/wordpress\/testujemy-dzieciece-pasty-i-zele-do-zebow-bez-fluoru\/\">.<\/a><strong>\r\n                            <\/div>\r\n                        <\/div><\/strong><\/p>\n<p><strong>Je\u015bli fluor mo\u017ce powodowa\u0107 tak daleko id\u0105ce zmiany w organizmie &#8211; w tak ma\u0142ym st\u0119\u017ceniu &#8211; trzymam si\u0119 z daleka od produkt\u00f3w wzbogaconych o ten pierwiastek.\u00a0<\/strong><\/p>\n<p>A Wy?<\/p>\n<h2><strong>Bibliografia<\/strong><\/h2>\n<ul>\n<li><a href=\"http:\/\/chemia.ug.edu.pl\/sites\/default\/files\/_nodes\/strona-chemia\/16484\/files\/lzch_oznaczanie_zawartosci_fluoru_2014_v2_0.pdf\" target=\"_blank\" rel=\"noopener noreferrer\">http:\/\/chemia.ug.edu.pl\/sites\/default\/files\/_nodes\/strona-chemia\/16484\/files\/lzch_oznaczanie_zawartosci_fluoru_2014_v2_0.pdf<\/a><\/li>\n<li><a href=\"http:\/\/www.mpwik.com.pl\/dla-klienta\/woda\/archiwum-jakosci-wody\/zaklad-polnocny-czerwiec-2015\" target=\"_blank\" rel=\"noopener noreferrer\">http:\/\/www.mpwik.com.pl\/dla-klienta\/woda\/archiwum-jakosci-wody\/zaklad-polnocny-czerwiec-2015<\/a><\/li>\n<li><a href=\"http:\/\/www.ncbi.nlm.nih.gov\/pmc\/articles\/PMC3201925\/\" target=\"_blank\" rel=\"noopener noreferrer\">http:\/\/www.ncbi.nlm.nih.gov\/pmc\/articles\/PMC3201925\/<\/a><\/li>\n<li><a href=\"http:\/\/www.ncbi.nlm.nih.gov\/pmc\/articles\/PMC3690253\/\" target=\"_blank\" rel=\"noopener noreferrer\">http:\/\/www.ncbi.nlm.nih.gov\/pmc\/articles\/PMC3690253\/<\/a><\/li>\n<li><a href=\"http:\/\/www.ncbi.nlm.nih.gov\/pmc\/articles\/PMC3956646\/\" target=\"_blank\" rel=\"noopener noreferrer\">http:\/\/www.ncbi.nlm.nih.gov\/pmc\/articles\/PMC3956646\/<\/a><\/li>\n<li><a href=\"http:\/\/www.ncbi.nlm.nih.gov\/pmc\/articles\/PMC4087913\/\" target=\"_blank\" rel=\"noopener noreferrer\">http:\/\/www.ncbi.nlm.nih.gov\/pmc\/articles\/PMC4087913\/<\/a><\/li>\n<li><a href=\"http:\/\/www.theguardian.com\/world\/2013\/sep\/17\/water-fluoridation\" target=\"_blank\" rel=\"noopener noreferrer\">http:\/\/www.theguardian.com\/world\/2013\/sep\/17\/water-fluoridation<\/a><\/li>\n<\/ul>\n","protected":false},"excerpt":{"rendered":"<p>Nied\u0142ugo zacznie si\u0119 rok szkolny, w przedszkolach r\u00f3wnie\u017c odb\u0119d\u0105 si\u0119 pierwsze zebrania. Rodzice dostan\u0105 do podpisania karteczki o tre\u015bci \u201eWyra\u017cam zgod\u0119 na fluoryzacj\u0119 mojego dziecka\u2026\u201d.&hellip;<\/p>\n","protected":false},"author":1,"featured_media":0,"comment_status":"open","ping_status":"open","sticky":false,"template":"","format":"standard","meta":{"_jetpack_memberships_contains_paid_content":false,"footnotes":""},"categories":[5],"tags":[44,122,11,1337,10,121,686,205],"class_list":["post-4203","post","type-post","status-publish","format-standard","hentry","category-kosmetyki","tag-dzieci","tag-fluor","tag-kosmetyki-ekologiczne","tag-kosmetyki","tag-kosmetyki-naturalne","tag-pasta-do-zebow","tag-pasta-do-zebow-bez-fluoru","tag-zeby"],"yoast_head":"<!-- This site is optimized with the Yoast SEO plugin v27.4 - https:\/\/yoast.com\/product\/yoast-seo-wordpress\/ -->\n<title>Trzymam dzieci z dala od fluoru - organiczni.eu<\/title>\n<meta name=\"robots\" content=\"index, follow, max-snippet:-1, max-image-preview:large, max-video-preview:-1\" \/>\n<link rel=\"canonical\" href=\"https:\/\/baranowscy.eu\/wordpress\/trzymam-dzieci-z-dala-od-fluoru\/\" \/>\n<meta property=\"og:locale\" content=\"pl_PL\" \/>\n<meta property=\"og:type\" content=\"article\" \/>\n<meta property=\"og:title\" content=\"Trzymam dzieci z dala od fluoru - organiczni.eu\" \/>\n<meta property=\"og:description\" content=\"Nied\u0142ugo zacznie si\u0119 rok szkolny, w przedszkolach r\u00f3wnie\u017c odb\u0119d\u0105 si\u0119 pierwsze zebrania. Rodzice dostan\u0105 do podpisania karteczki o tre\u015bci \u201eWyra\u017cam zgod\u0119 na fluoryzacj\u0119 mojego dziecka\u2026\u201d.&hellip;\" \/>\n<meta property=\"og:url\" content=\"https:\/\/baranowscy.eu\/wordpress\/trzymam-dzieci-z-dala-od-fluoru\/\" \/>\n<meta property=\"og:site_name\" content=\"organiczni.eu\" \/>\n<meta property=\"article:publisher\" content=\"https:\/\/www.facebook.com\/organiczni\/\" \/>\n<meta property=\"article:published_time\" content=\"2015-08-12T13:32:32+00:00\" \/>\n<meta property=\"article:modified_time\" content=\"2022-12-28T14:00:17+00:00\" \/>\n<meta property=\"og:image\" content=\"https:\/\/baranowscy.eu\/wordpress\/wp-content\/uploads\/2015\/08\/zeby_1.jpg\" \/>\n<meta name=\"author\" content=\"joanna\" \/>\n<meta name=\"twitter:card\" content=\"summary_large_image\" \/>\n<meta name=\"twitter:label1\" content=\"Napisane przez\" \/>\n\t<meta name=\"twitter:data1\" content=\"joanna\" \/>\n\t<meta name=\"twitter:label2\" content=\"Szacowany czas czytania\" \/>\n\t<meta name=\"twitter:data2\" content=\"10 minut\" \/>\n<script type=\"application\/ld+json\" class=\"yoast-schema-graph\">{\"@context\":\"https:\\\/\\\/schema.org\",\"@graph\":[{\"@type\":\"Article\",\"@id\":\"https:\\\/\\\/baranowscy.eu\\\/wordpress\\\/trzymam-dzieci-z-dala-od-fluoru\\\/#article\",\"isPartOf\":{\"@id\":\"https:\\\/\\\/baranowscy.eu\\\/wordpress\\\/trzymam-dzieci-z-dala-od-fluoru\\\/\"},\"author\":{\"name\":\"joanna\",\"@id\":\"https:\\\/\\\/baranowscy.eu\\\/wordpress\\\/#\\\/schema\\\/person\\\/741d5f1f3fd2833c5ca2ffdaaa93dc73\"},\"headline\":\"Trzymam dzieci z dala od fluoru\",\"datePublished\":\"2015-08-12T13:32:32+00:00\",\"dateModified\":\"2022-12-28T14:00:17+00:00\",\"mainEntityOfPage\":{\"@id\":\"https:\\\/\\\/baranowscy.eu\\\/wordpress\\\/trzymam-dzieci-z-dala-od-fluoru\\\/\"},\"wordCount\":1995,\"commentCount\":32,\"publisher\":{\"@id\":\"https:\\\/\\\/baranowscy.eu\\\/wordpress\\\/#organization\"},\"image\":{\"@id\":\"https:\\\/\\\/baranowscy.eu\\\/wordpress\\\/trzymam-dzieci-z-dala-od-fluoru\\\/#primaryimage\"},\"thumbnailUrl\":\"https:\\\/\\\/baranowscy.eu\\\/wordpress\\\/wp-content\\\/uploads\\\/2015\\\/08\\\/zeby_1.jpg\",\"keywords\":[\"dzieci\",\"fluor\",\"kosmetyki ekologiczne\",\"kosmetyki i piel\u0119gnacja\",\"kosmetyki naturalne\",\"pasta do z\u0119b\u00f3w\",\"pasta do z\u0119b\u00f3w bez fluoru\",\"z\u0119by\"],\"articleSection\":[\"kosmetyki i piel\u0119gnacja\"],\"inLanguage\":\"pl-PL\",\"potentialAction\":[{\"@type\":\"CommentAction\",\"name\":\"Comment\",\"target\":[\"https:\\\/\\\/baranowscy.eu\\\/wordpress\\\/trzymam-dzieci-z-dala-od-fluoru\\\/#respond\"]}]},{\"@type\":\"WebPage\",\"@id\":\"https:\\\/\\\/baranowscy.eu\\\/wordpress\\\/trzymam-dzieci-z-dala-od-fluoru\\\/\",\"url\":\"https:\\\/\\\/baranowscy.eu\\\/wordpress\\\/trzymam-dzieci-z-dala-od-fluoru\\\/\",\"name\":\"Trzymam dzieci z dala od fluoru - organiczni.eu\",\"isPartOf\":{\"@id\":\"https:\\\/\\\/baranowscy.eu\\\/wordpress\\\/#website\"},\"primaryImageOfPage\":{\"@id\":\"https:\\\/\\\/baranowscy.eu\\\/wordpress\\\/trzymam-dzieci-z-dala-od-fluoru\\\/#primaryimage\"},\"image\":{\"@id\":\"https:\\\/\\\/baranowscy.eu\\\/wordpress\\\/trzymam-dzieci-z-dala-od-fluoru\\\/#primaryimage\"},\"thumbnailUrl\":\"https:\\\/\\\/baranowscy.eu\\\/wordpress\\\/wp-content\\\/uploads\\\/2015\\\/08\\\/zeby_1.jpg\",\"datePublished\":\"2015-08-12T13:32:32+00:00\",\"dateModified\":\"2022-12-28T14:00:17+00:00\",\"breadcrumb\":{\"@id\":\"https:\\\/\\\/baranowscy.eu\\\/wordpress\\\/trzymam-dzieci-z-dala-od-fluoru\\\/#breadcrumb\"},\"inLanguage\":\"pl-PL\",\"potentialAction\":[{\"@type\":\"ReadAction\",\"target\":[\"https:\\\/\\\/baranowscy.eu\\\/wordpress\\\/trzymam-dzieci-z-dala-od-fluoru\\\/\"]}]},{\"@type\":\"ImageObject\",\"inLanguage\":\"pl-PL\",\"@id\":\"https:\\\/\\\/baranowscy.eu\\\/wordpress\\\/trzymam-dzieci-z-dala-od-fluoru\\\/#primaryimage\",\"url\":\"https:\\\/\\\/baranowscy.eu\\\/wordpress\\\/wp-content\\\/uploads\\\/2015\\\/08\\\/zeby_1.jpg\",\"contentUrl\":\"https:\\\/\\\/baranowscy.eu\\\/wordpress\\\/wp-content\\\/uploads\\\/2015\\\/08\\\/zeby_1.jpg\",\"width\":640,\"height\":427},{\"@type\":\"BreadcrumbList\",\"@id\":\"https:\\\/\\\/baranowscy.eu\\\/wordpress\\\/trzymam-dzieci-z-dala-od-fluoru\\\/#breadcrumb\",\"itemListElement\":[{\"@type\":\"ListItem\",\"position\":1,\"name\":\"Strona g\u0142\u00f3wna\",\"item\":\"https:\\\/\\\/baranowscy.eu\\\/wordpress\\\/\"},{\"@type\":\"ListItem\",\"position\":2,\"name\":\"Trzymam dzieci z dala od fluoru\"}]},{\"@type\":\"WebSite\",\"@id\":\"https:\\\/\\\/baranowscy.eu\\\/wordpress\\\/#website\",\"url\":\"https:\\\/\\\/baranowscy.eu\\\/wordpress\\\/\",\"name\":\"organiczni.eu\",\"description\":\"Najbardziej wszechstronny blog ekologiczny\",\"publisher\":{\"@id\":\"https:\\\/\\\/baranowscy.eu\\\/wordpress\\\/#organization\"},\"potentialAction\":[{\"@type\":\"SearchAction\",\"target\":{\"@type\":\"EntryPoint\",\"urlTemplate\":\"https:\\\/\\\/baranowscy.eu\\\/wordpress\\\/?s={search_term_string}\"},\"query-input\":{\"@type\":\"PropertyValueSpecification\",\"valueRequired\":true,\"valueName\":\"search_term_string\"}}],\"inLanguage\":\"pl-PL\"},{\"@type\":\"Organization\",\"@id\":\"https:\\\/\\\/baranowscy.eu\\\/wordpress\\\/#organization\",\"name\":\"organiczni.eu\",\"url\":\"https:\\\/\\\/baranowscy.eu\\\/wordpress\\\/\",\"logo\":{\"@type\":\"ImageObject\",\"inLanguage\":\"pl-PL\",\"@id\":\"https:\\\/\\\/baranowscy.eu\\\/wordpress\\\/#\\\/schema\\\/logo\\\/image\\\/\",\"url\":\"https:\\\/\\\/baranowscy.eu\\\/wordpress\\\/wp-content\\\/uploads\\\/2018\\\/01\\\/logo_duze.png\",\"contentUrl\":\"https:\\\/\\\/baranowscy.eu\\\/wordpress\\\/wp-content\\\/uploads\\\/2018\\\/01\\\/logo_duze.png\",\"width\":1398,\"height\":300,\"caption\":\"organiczni.eu\"},\"image\":{\"@id\":\"https:\\\/\\\/baranowscy.eu\\\/wordpress\\\/#\\\/schema\\\/logo\\\/image\\\/\"},\"sameAs\":[\"https:\\\/\\\/www.facebook.com\\\/organiczni\\\/\",\"https:\\\/\\\/www.instagram.com\\\/organiczni.eu\\\/\"]},{\"@type\":\"Person\",\"@id\":\"https:\\\/\\\/baranowscy.eu\\\/wordpress\\\/#\\\/schema\\\/person\\\/741d5f1f3fd2833c5ca2ffdaaa93dc73\",\"name\":\"joanna\",\"image\":{\"@type\":\"ImageObject\",\"inLanguage\":\"pl-PL\",\"@id\":\"https:\\\/\\\/secure.gravatar.com\\\/avatar\\\/a59b1be4fa5d200ee0af0ba4bbcdb691da1d589b419bae23d7aa5a15d820e28e?s=96&d=identicon&r=g\",\"url\":\"https:\\\/\\\/secure.gravatar.com\\\/avatar\\\/a59b1be4fa5d200ee0af0ba4bbcdb691da1d589b419bae23d7aa5a15d820e28e?s=96&d=identicon&r=g\",\"contentUrl\":\"https:\\\/\\\/secure.gravatar.com\\\/avatar\\\/a59b1be4fa5d200ee0af0ba4bbcdb691da1d589b419bae23d7aa5a15d820e28e?s=96&d=identicon&r=g\",\"caption\":\"joanna\"},\"sameAs\":[\"https:\\\/\\\/organiczni.baranowscy.eu\"],\"url\":\"https:\\\/\\\/baranowscy.eu\\\/wordpress\\\/author\\\/admin\\\/\"}]}<\/script>\n<!-- \/ Yoast SEO plugin. -->","yoast_head_json":{"title":"Trzymam dzieci z dala od fluoru - organiczni.eu","robots":{"index":"index","follow":"follow","max-snippet":"max-snippet:-1","max-image-preview":"max-image-preview:large","max-video-preview":"max-video-preview:-1"},"canonical":"https:\/\/baranowscy.eu\/wordpress\/trzymam-dzieci-z-dala-od-fluoru\/","og_locale":"pl_PL","og_type":"article","og_title":"Trzymam dzieci z dala od fluoru - organiczni.eu","og_description":"Nied\u0142ugo zacznie si\u0119 rok szkolny, w przedszkolach r\u00f3wnie\u017c odb\u0119d\u0105 si\u0119 pierwsze zebrania. Rodzice dostan\u0105 do podpisania karteczki o tre\u015bci \u201eWyra\u017cam zgod\u0119 na fluoryzacj\u0119 mojego dziecka\u2026\u201d.&hellip;","og_url":"https:\/\/baranowscy.eu\/wordpress\/trzymam-dzieci-z-dala-od-fluoru\/","og_site_name":"organiczni.eu","article_publisher":"https:\/\/www.facebook.com\/organiczni\/","article_published_time":"2015-08-12T13:32:32+00:00","article_modified_time":"2022-12-28T14:00:17+00:00","og_image":[{"url":"https:\/\/baranowscy.eu\/wordpress\/wp-content\/uploads\/2015\/08\/zeby_1.jpg","type":"","width":"","height":""}],"author":"joanna","twitter_card":"summary_large_image","twitter_misc":{"Napisane przez":"joanna","Szacowany czas czytania":"10 minut"},"schema":{"@context":"https:\/\/schema.org","@graph":[{"@type":"Article","@id":"https:\/\/baranowscy.eu\/wordpress\/trzymam-dzieci-z-dala-od-fluoru\/#article","isPartOf":{"@id":"https:\/\/baranowscy.eu\/wordpress\/trzymam-dzieci-z-dala-od-fluoru\/"},"author":{"name":"joanna","@id":"https:\/\/baranowscy.eu\/wordpress\/#\/schema\/person\/741d5f1f3fd2833c5ca2ffdaaa93dc73"},"headline":"Trzymam dzieci z dala od fluoru","datePublished":"2015-08-12T13:32:32+00:00","dateModified":"2022-12-28T14:00:17+00:00","mainEntityOfPage":{"@id":"https:\/\/baranowscy.eu\/wordpress\/trzymam-dzieci-z-dala-od-fluoru\/"},"wordCount":1995,"commentCount":32,"publisher":{"@id":"https:\/\/baranowscy.eu\/wordpress\/#organization"},"image":{"@id":"https:\/\/baranowscy.eu\/wordpress\/trzymam-dzieci-z-dala-od-fluoru\/#primaryimage"},"thumbnailUrl":"https:\/\/baranowscy.eu\/wordpress\/wp-content\/uploads\/2015\/08\/zeby_1.jpg","keywords":["dzieci","fluor","kosmetyki ekologiczne","kosmetyki i piel\u0119gnacja","kosmetyki naturalne","pasta do z\u0119b\u00f3w","pasta do z\u0119b\u00f3w bez fluoru","z\u0119by"],"articleSection":["kosmetyki i piel\u0119gnacja"],"inLanguage":"pl-PL","potentialAction":[{"@type":"CommentAction","name":"Comment","target":["https:\/\/baranowscy.eu\/wordpress\/trzymam-dzieci-z-dala-od-fluoru\/#respond"]}]},{"@type":"WebPage","@id":"https:\/\/baranowscy.eu\/wordpress\/trzymam-dzieci-z-dala-od-fluoru\/","url":"https:\/\/baranowscy.eu\/wordpress\/trzymam-dzieci-z-dala-od-fluoru\/","name":"Trzymam dzieci z dala od fluoru - organiczni.eu","isPartOf":{"@id":"https:\/\/baranowscy.eu\/wordpress\/#website"},"primaryImageOfPage":{"@id":"https:\/\/baranowscy.eu\/wordpress\/trzymam-dzieci-z-dala-od-fluoru\/#primaryimage"},"image":{"@id":"https:\/\/baranowscy.eu\/wordpress\/trzymam-dzieci-z-dala-od-fluoru\/#primaryimage"},"thumbnailUrl":"https:\/\/baranowscy.eu\/wordpress\/wp-content\/uploads\/2015\/08\/zeby_1.jpg","datePublished":"2015-08-12T13:32:32+00:00","dateModified":"2022-12-28T14:00:17+00:00","breadcrumb":{"@id":"https:\/\/baranowscy.eu\/wordpress\/trzymam-dzieci-z-dala-od-fluoru\/#breadcrumb"},"inLanguage":"pl-PL","potentialAction":[{"@type":"ReadAction","target":["https:\/\/baranowscy.eu\/wordpress\/trzymam-dzieci-z-dala-od-fluoru\/"]}]},{"@type":"ImageObject","inLanguage":"pl-PL","@id":"https:\/\/baranowscy.eu\/wordpress\/trzymam-dzieci-z-dala-od-fluoru\/#primaryimage","url":"https:\/\/baranowscy.eu\/wordpress\/wp-content\/uploads\/2015\/08\/zeby_1.jpg","contentUrl":"https:\/\/baranowscy.eu\/wordpress\/wp-content\/uploads\/2015\/08\/zeby_1.jpg","width":640,"height":427},{"@type":"BreadcrumbList","@id":"https:\/\/baranowscy.eu\/wordpress\/trzymam-dzieci-z-dala-od-fluoru\/#breadcrumb","itemListElement":[{"@type":"ListItem","position":1,"name":"Strona g\u0142\u00f3wna","item":"https:\/\/baranowscy.eu\/wordpress\/"},{"@type":"ListItem","position":2,"name":"Trzymam dzieci z dala od fluoru"}]},{"@type":"WebSite","@id":"https:\/\/baranowscy.eu\/wordpress\/#website","url":"https:\/\/baranowscy.eu\/wordpress\/","name":"organiczni.eu","description":"Najbardziej wszechstronny blog ekologiczny","publisher":{"@id":"https:\/\/baranowscy.eu\/wordpress\/#organization"},"potentialAction":[{"@type":"SearchAction","target":{"@type":"EntryPoint","urlTemplate":"https:\/\/baranowscy.eu\/wordpress\/?s={search_term_string}"},"query-input":{"@type":"PropertyValueSpecification","valueRequired":true,"valueName":"search_term_string"}}],"inLanguage":"pl-PL"},{"@type":"Organization","@id":"https:\/\/baranowscy.eu\/wordpress\/#organization","name":"organiczni.eu","url":"https:\/\/baranowscy.eu\/wordpress\/","logo":{"@type":"ImageObject","inLanguage":"pl-PL","@id":"https:\/\/baranowscy.eu\/wordpress\/#\/schema\/logo\/image\/","url":"https:\/\/baranowscy.eu\/wordpress\/wp-content\/uploads\/2018\/01\/logo_duze.png","contentUrl":"https:\/\/baranowscy.eu\/wordpress\/wp-content\/uploads\/2018\/01\/logo_duze.png","width":1398,"height":300,"caption":"organiczni.eu"},"image":{"@id":"https:\/\/baranowscy.eu\/wordpress\/#\/schema\/logo\/image\/"},"sameAs":["https:\/\/www.facebook.com\/organiczni\/","https:\/\/www.instagram.com\/organiczni.eu\/"]},{"@type":"Person","@id":"https:\/\/baranowscy.eu\/wordpress\/#\/schema\/person\/741d5f1f3fd2833c5ca2ffdaaa93dc73","name":"joanna","image":{"@type":"ImageObject","inLanguage":"pl-PL","@id":"https:\/\/secure.gravatar.com\/avatar\/a59b1be4fa5d200ee0af0ba4bbcdb691da1d589b419bae23d7aa5a15d820e28e?s=96&d=identicon&r=g","url":"https:\/\/secure.gravatar.com\/avatar\/a59b1be4fa5d200ee0af0ba4bbcdb691da1d589b419bae23d7aa5a15d820e28e?s=96&d=identicon&r=g","contentUrl":"https:\/\/secure.gravatar.com\/avatar\/a59b1be4fa5d200ee0af0ba4bbcdb691da1d589b419bae23d7aa5a15d820e28e?s=96&d=identicon&r=g","caption":"joanna"},"sameAs":["https:\/\/organiczni.baranowscy.eu"],"url":"https:\/\/baranowscy.eu\/wordpress\/author\/admin\/"}]}},"jetpack_featured_media_url":"","jetpack_sharing_enabled":true,"_links":{"self":[{"href":"https:\/\/baranowscy.eu\/wordpress\/wp-json\/wp\/v2\/posts\/4203","targetHints":{"allow":["GET"]}}],"collection":[{"href":"https:\/\/baranowscy.eu\/wordpress\/wp-json\/wp\/v2\/posts"}],"about":[{"href":"https:\/\/baranowscy.eu\/wordpress\/wp-json\/wp\/v2\/types\/post"}],"author":[{"embeddable":true,"href":"https:\/\/baranowscy.eu\/wordpress\/wp-json\/wp\/v2\/users\/1"}],"replies":[{"embeddable":true,"href":"https:\/\/baranowscy.eu\/wordpress\/wp-json\/wp\/v2\/comments?post=4203"}],"version-history":[{"count":10,"href":"https:\/\/baranowscy.eu\/wordpress\/wp-json\/wp\/v2\/posts\/4203\/revisions"}],"predecessor-version":[{"id":13004,"href":"https:\/\/baranowscy.eu\/wordpress\/wp-json\/wp\/v2\/posts\/4203\/revisions\/13004"}],"wp:attachment":[{"href":"https:\/\/baranowscy.eu\/wordpress\/wp-json\/wp\/v2\/media?parent=4203"}],"wp:term":[{"taxonomy":"category","embeddable":true,"href":"https:\/\/baranowscy.eu\/wordpress\/wp-json\/wp\/v2\/categories?post=4203"},{"taxonomy":"post_tag","embeddable":true,"href":"https:\/\/baranowscy.eu\/wordpress\/wp-json\/wp\/v2\/tags?post=4203"}],"curies":[{"name":"wp","href":"https:\/\/api.w.org\/{rel}","templated":true}]}}