{"id":3887,"date":"2015-06-21T22:05:42","date_gmt":"2015-06-21T20:05:42","guid":{"rendered":"http:\/\/baranowscy.eu\/wordpress\/?p=3887"},"modified":"2016-11-18T21:53:05","modified_gmt":"2016-11-18T20:53:05","slug":"kosmetyki-naturalne-dla-skory-z-azs-kapiel-i-prysznic","status":"publish","type":"post","link":"https:\/\/baranowscy.eu\/wordpress\/kosmetyki-naturalne-dla-skory-z-azs-kapiel-i-prysznic\/","title":{"rendered":"Kosmetyki naturalne dla sk\u00f3ry z AZS \u2013 k\u0105piel i prysznic"},"content":{"rendered":"<p>Nadszed\u0142 czas na kosmetyki do mycia, kt\u00f3re w odr\u00f3\u017cnieniu od zwyk\u0142ych dermokosmetyk\u00f3w nie zawieraj\u0105 kontrowersyjnych substancji, podejrzewanych o wywo\u0142ywanie podra\u017cnie\u0144 czy alergii.<\/p>\n<p><strong>Wyselekcjonowa\u0142am kosmetyki naturalne i ekologiczne, to znaczy takie, kt\u00f3re spe\u0142niaj\u0105 wy\u015brubowane kryteria pod wzgl\u0119dem produkcji i zawarto\u015bci.<\/strong><\/p>\n<p><a href=\"https:\/\/baranowscy.eu\/wordpress\/wp-content\/uploads\/2015\/06\/kosmetyki_naturalne_AZS_kapiel.jpg\"><img loading=\"lazy\" decoding=\"async\" class=\"aligncenter size-full wp-image-3954\" src=\"https:\/\/baranowscy.eu\/wordpress\/wp-content\/uploads\/2015\/06\/kosmetyki_naturalne_AZS_kapiel.jpg\" alt=\"kosmetyki_naturalne_AZS_kapiel\" width=\"640\" height=\"447\" srcset=\"https:\/\/baranowscy.eu\/wordpress\/wp-content\/uploads\/2015\/06\/kosmetyki_naturalne_AZS_kapiel.jpg 640w, https:\/\/baranowscy.eu\/wordpress\/wp-content\/uploads\/2015\/06\/kosmetyki_naturalne_AZS_kapiel-300x210.jpg 300w, https:\/\/baranowscy.eu\/wordpress\/wp-content\/uploads\/2015\/06\/kosmetyki_naturalne_AZS_kapiel-600x419.jpg 600w\" sizes=\"auto, (max-width: 640px) 100vw, 640px\" \/><\/a><\/p>\n<p>Stara\u0142am si\u0119 przetestowa\u0107 przynajmniej cz\u0119\u015b\u0107 z nich, ale nie zawsze uda\u0142o mi si\u0119 zdoby\u0107 pr\u00f3bk\u0119 od dystrybutora. Tam, gdzie mog\u0119, pisz\u0119 o subiektywnych odczuciach.<\/p>\n<p>Wpis nie jest przez nikogo sponsorowany, ceny obowi\u0105zuj\u0105 na koniec czerwca 2015 r. Spis b\u0119dzie na pewno uaktualniany.<!--more--><\/p>\n<p><div class='dropshadowboxes-container ' style='width:640px;'>\r\n                            <div class='dropshadowboxes-drop-shadow dropshadowboxes-rounded-corners dropshadowboxes-lifted-both dropshadowboxes-effect-default' style=' border: 1px solid #dddddd; height:; background-color:#fbe74d;    '>\r\n                            <strong>Poni\u017csza lista wymienia kosmetyki do sk\u00f3ry atopowej i alergicznej, w kt\u00f3rych sk\u0142adzie nie znajdziecie:<\/strong><\/p>\n<ul>\n<li><strong>parafiny<\/strong> (przeczytaj: <a href=\"https:\/\/baranowscy.eu\/wordpress\/parafina-w-kosmetykach-dlaczego-nie\/\" target=\"_blank\">Parafina w kosmetykach \u2013 dlaczego nie?<\/a>),<\/li>\n<li><strong>PEG-\u00f3w<\/strong> (pozyskiwanych przy u\u017cyciu toksycznego eteru &#8211; <a href=\"https:\/\/baranowscy.eu\/wordpress\/peg-ippg-i-w-kosmetykach-dlaczego-nie\/\" target=\"_blank\">przeczytaj o PEG-ach i PPG-ach<\/a>),<\/li>\n<li><strong>SLS i innych silikon\u00f3w<\/strong> (dzia\u0142aj\u0105cych bardzo wysuszaj\u0105co),<\/li>\n<li><strong>paraben\u00f3w<\/strong> (kontrowersyjnych konserwant\u00f3w).\r\n                            <\/div>\r\n                        <\/div><\/li>\n<\/ul>\n<p>Sk\u0142adniki w kosmetykach naturalnych powinny by\u0107 pochodzenia naturalnego (g\u0142\u00f3wnie ro\u015blinnego, czasem zdarzaj\u0105 si\u0119 sk\u0142adniki pochodzenia zwierz\u0119cego, takie jak jedwab, serwatka, wosk pszczeli itp.). Kosmetyki nie s\u0105 testowane na zwierz\u0119tach.<\/p>\n<p><strong>Przeczytaj tak\u017ce:<\/strong><\/p>\n<ul>\n<li><a href=\"https:\/\/baranowscy.eu\/wordpress\/dermokosmetyki-dla-skory-z-azs-1-kapiel-i-prysznic-bez-parafiny\/\">Dermosmetyki do sk\u00f3ry z AZS &#8211; k\u0105piel i prysznic bez parafiny<\/a><\/li>\n<li><a href=\"https:\/\/baranowscy.eu\/wordpress\/dermokosmetyki-do-skory-z-azs-kapiel-i-prysznic-z-parafina\/\">Dermosmetyki do sk\u00f3ry z AZS &#8211; k\u0105piel i prysznic, z parafin\u0105<\/a><\/li>\n<li><a href=\"https:\/\/baranowscy.eu\/wordpress\/pielegnacja-skory-z-azs-naturalne-mydla-w-kostce\/\" target=\"_blank\">Naturalne myd\u0142a w kostce do piel\u0119gnacji sk\u00f3ry z AZS<\/a><\/li>\n<\/ul>\n<p><strong>Istotn\u0105 spraw\u0105 jest fakt, \u017ce naturalne kosmetyki w wi\u0119kszym stopniu ni\u017c dermokosmetyki zawieraj\u0105 sk\u0142adniki pochodzenia ro\u015blinnego (czasem odzwierz\u0119cego), kt\u00f3re mog\u0105 by\u0107 potencjalnymi alergenami.<\/strong> Dlatego przed kupieniem takiego kosmetyku warto poprosi\u0107 o pr\u00f3bk\u0119 i sprawdzi\u0107 na ma\u0142ym fragmencie sk\u00f3ry, czy produkt nie narobi wi\u0119cej szkody ni\u017c po\u017cytku.<\/p>\n<p><a href=\"https:\/\/baranowscy.eu\/wordpress\/wp-content\/uploads\/2015\/06\/kapiel_weleda.jpg\"><img loading=\"lazy\" decoding=\"async\" class=\"aligncenter size-full wp-image-3980\" src=\"https:\/\/baranowscy.eu\/wordpress\/wp-content\/uploads\/2015\/06\/kapiel_weleda.jpg\" alt=\"kapiel_weleda\" width=\"640\" height=\"427\" srcset=\"https:\/\/baranowscy.eu\/wordpress\/wp-content\/uploads\/2015\/06\/kapiel_weleda.jpg 640w, https:\/\/baranowscy.eu\/wordpress\/wp-content\/uploads\/2015\/06\/kapiel_weleda-300x200.jpg 300w, https:\/\/baranowscy.eu\/wordpress\/wp-content\/uploads\/2015\/06\/kapiel_weleda-600x400.jpg 600w\" sizes=\"auto, (max-width: 640px) 100vw, 640px\" \/><\/a><\/p>\n<p>Kosmetyki ekologiczne s\u0105 oznaczone certyfikatem typu Ecocert, zawieraj\u0105 minimaln\u0105 ilo\u015b\u0107 (okre\u015blan\u0105 wagowo) sk\u0142adnik\u00f3w pochodzenia ro\u015blinnego. Przyk\u0142adowo w wypadku <a href=\"http:\/\/www.ecocert.com\/sites\/default\/files\/u3\/Ecocert-Standard.pdf\" target=\"_blank\">Ecocert Greenlife<\/a> zale\u017cy to od tego, czy s\u0105 to kosmetyki naturalne (50%), czy ekologiczne (95%), w tym 5% lub 10% sk\u0142adnik\u00f3w certyfikowanych. Aby otrzyma\u0107 to oznaczenie, produkt musi te\u017c spe\u0142nia\u0107 okre\u015blone warunki dotycz\u0105ce pozyskiwania i przetwarzania sk\u0142adnik\u00f3w (np. nie mog\u0105 by\u0107 to GMO), a tak\u017ce m.in. opakowania czy korzystania z odnawialnych \u017ar\u00f3de\u0142 energii. Dopuszczone sk\u0142adniki nienaturalne znajduj\u0105 si\u0119 na li\u015bcie Ecocert.<\/p>\n<p>Inne certyfikaty to np. <a href=\"http:\/\/www.natrue.com\" target=\"_blank\">Natrue<\/a>, <a href=\"http:\/\/www.icea.info\/en\/\" target=\"_blank\">ICEA<\/a>, <a href=\"http:\/\/www.kontrollierte-naturkosmetik.de\/e\/index_e.htm\" target=\"_blank\">BDIH<\/a>.<\/p>\n<p><strong>Starali\u015bmy si\u0119 przetestowa\u0107 jak najwi\u0119cej kosmetyk\u00f3w, aby m\u00f3c napisa\u0107 kilka zda\u0144 od siebie. Bardzo dzi\u0119kujemy producentom i dystrybutorom za przes\u0142anie pr\u00f3bek.<\/strong><\/p>\n<p><div class='dropshadowboxes-container ' style='width:640px;'>\r\n                            <div class='dropshadowboxes-drop-shadow dropshadowboxes-rounded-corners dropshadowboxes-lifted-both dropshadowboxes-effect-default' style=' border: 1px solid #dddddd; height:; background-color:#91b054;    '>\r\n                            <strong>Je\u015bli chcieliby Pa\u0144stwo, aby Pa\u0144stwa kosmetyk naturalny przeznaczony do mycia sk\u00f3ry z AZS znalaz\u0142 si\u0119 w poni\u017cszym spisie, <a href=\"https:\/\/baranowscy.eu\/wordpress\/19-revision-v1\/\" target=\"_blank\">zapraszamy do kontaktu<\/a>.\r\n                            <\/div>\r\n                        <\/div><\/strong><\/p>\n<p>Uwaga, myd\u0142a typu Aleppo znajd\u0105 si\u0119 w kolejnym odcinku, po\u015bwi\u0119conym naturalnym metodom piel\u0119gnacji.<\/p>\n<h2><strong><u>Alphanova B\u00e9b\u00e9 \u2013 <\/u><\/strong><strong><u>Organiczna oliwka do mycia i k\u0105pieli <\/u><\/strong><strong>(K\u0104PIEL, PRYSZNIC)<\/strong><\/h2>\n<p><a href=\"http:\/\/www.alphanova-bebe.pl\/\"><strong>http:\/\/www.alphanova-bebe.pl\/<\/strong><\/a><\/p>\n<p><a href=\"https:\/\/baranowscy.eu\/wordpress\/wp-content\/uploads\/2015\/06\/oliwka_alphanova_1.jpg\"><img loading=\"lazy\" decoding=\"async\" class=\"aligncenter size-full wp-image-3916\" src=\"https:\/\/baranowscy.eu\/wordpress\/wp-content\/uploads\/2015\/06\/oliwka_alphanova_1.jpg\" alt=\"oliwka_alphanova_1\" width=\"132\" height=\"270\" \/><\/a><\/p>\n<p><strong>Cena:<\/strong> od 34,12 z\u0142 za 500 ml<\/p>\n<p><strong>Co wyr\u00f3\u017cnia produkt:<\/strong><\/p>\n<ul>\n<li>99,2% sk\u0142adnik\u00f3w pochodzenia naturalnego,<\/li>\n<li>woda wapienna w sk\u0142adzie,<\/li>\n<li>50% sk\u0142adnik\u00f3w z upraw ekologicznych \u2013 oliwa z oliwek,<\/li>\n<li>w sk\u0142adzie witamina E.<strong>\u00a0<\/strong><\/li>\n<\/ul>\n<p><strong>Wskazania: <\/strong>do sk\u00f3ry suchej, bardzo suchej, szorstkiej i atopowej. Zast\u0119puje emolienty oparte na parafinie. Mo\u017ce by\u0107 r\u00f3wnie\u017c u\u017cywana do piel\u0119gnacji pupy niemowl\u0105t po przewijaniu.<\/p>\n<p><div class='dropshadowboxes-container ' style='width:640px;'>\r\n                            <div class='dropshadowboxes-drop-shadow dropshadowboxes-rounded-corners dropshadowboxes-lifted-both dropshadowboxes-effect-default' style=' border: 1px solid #dddddd; height:; background-color:#fbe74d;    '>\r\n                            <strong>Sk\u0142ad: <\/strong><em>olea europaea fruit oil*, aqua, ceraalba, calcium hydroxide, capryloylglycine, tocopherol, potassium sorbate, sodium benzoate, sodium hydroxide\r\n                            <\/div>\r\n                        <\/div><\/em><\/p>\n<p><div class='dropshadowboxes-container ' style='width:640px;'>\r\n                            <div class='dropshadowboxes-drop-shadow dropshadowboxes-rounded-corners dropshadowboxes-lifted-both dropshadowboxes-effect-default' style=' border: 1px solid #dddddd; height:; background-color:#91b054;    '>\r\n                            <strong>Komentarz Organicznych:<\/strong> Nie mieli\u015bmy okazji pr\u00f3bowa\u0107 tej oliwki, natomiast <strong>sk\u0142ad ma bardzo obiecuj\u0105cy<\/strong>. Zw\u0142aszcza <strong>woda wapienna<\/strong> (<em>calcium hydroxide<\/em>) mo\u017ce okaza\u0107 si\u0119 bardzo skutecznym sk\u0142adnikiem u\u015bmierzaj\u0105cym podra\u017cnienia. Przy najbli\u017cszej okazji wypr\u00f3bujemy!<em>\r\n                            <\/div>\r\n                        <\/div><\/em><\/p>\n<h2><strong><u>Alphanova B\u00e9b\u00e9 \u2013 \u017bel do mycia do sk\u00f3ry atopowej<\/u> (PRYSZNIC)<\/strong><\/h2>\n<p><strong><a href=\"http:\/\/www.alphanova-bebe.pl\/\">http:\/\/www.alphanova-bebe.pl\/<\/a>, <a href=\"http:\/\/www.ekodrogeria.pl\/zele-do-mycia\/286-alphanova-bebe-naturalny-zel-do-mycia-skory-atopowej-dla-dzieci-200ml-3760075070113.html\" target=\"_blank\">Ekodrogeria<\/a><\/strong><\/p>\n<p><a href=\"https:\/\/baranowscy.eu\/wordpress\/wp-content\/uploads\/2015\/06\/alphanova-bebe-naturalny-zel-do-mycia.jpg\"><img loading=\"lazy\" decoding=\"async\" class=\"aligncenter size-full wp-image-3921\" src=\"https:\/\/baranowscy.eu\/wordpress\/wp-content\/uploads\/2015\/06\/alphanova-bebe-naturalny-zel-do-mycia.jpg\" alt=\"alphanova-bebe-naturalny-zel-do-mycia\" width=\"116\" height=\"270\" \/><\/a><\/p>\n<p><strong>Cena: <\/strong>od 32,50 z\u0142 za 200 ml<\/p>\n<p><strong>Co wyr\u00f3\u017cnia produkt:<\/strong><\/p>\n<ul>\n<li>99,2% sk\u0142adnik\u00f3w pochodzenia naturalnego,<\/li>\n<li>1,05% sk\u0142adnik\u00f3w (bez wody) pochodzi z upraw ekologicznych,<\/li>\n<li>Alphaprotect \u2013 opatentowany naturalny sk\u0142adnik aktywny, kt\u00f3ry tworzy naturaln\u0105 ochron\u0119 sk\u00f3ry dziecka, stymuluje powstawanie dobrych bakterii, a hamuje rozw\u00f3j z\u0142ych bakterii,<\/li>\n<li>w sk\u0142adzie r\u00f3wnie\u017c: ekstrakt z lilii wodnej (bio), ekstrakt z mydlnicy lekarskiej, olej ze s\u0142odkich migda\u0142\u00f3w (bio),<\/li>\n<li>certyfikaty: Ecocert Greenlife.<\/li>\n<\/ul>\n<p><strong>Wskazania: <\/strong>do piel\u0119gnacji sk\u00f3ry od pierwszych dni \u017cycia, do codziennej k\u0105pieli; przeznaczony do sk\u00f3ry atopowej.<\/p>\n<p><strong><div class='dropshadowboxes-container ' style='width:640px;'>\r\n                            <div class='dropshadowboxes-drop-shadow dropshadowboxes-rounded-corners dropshadowboxes-lifted-both dropshadowboxes-effect-default' style=' border: 1px solid #dddddd; height:; background-color:#fbe74d;    '>\r\n                            Sk\u0142ad: <\/strong><em>aqua*, disodium laureth sulfossuccinate*, cocamidopropyl betaine*, TEA lauryl sulfate*, decyl polyglucoside*, cocamide DEA*, sodium chloride*, nymphea alba**, glycerin*, prunus amygdalus dulcis**, lactitol*, xylitol*, saponaria officinalis*, parfum, polyaminopropyl biguanide, sodium benzoate, potassium sorbate<\/em><\/p>\n<p>* pochodzenia naturalnego, ** z upraw ekologicznych<em>\r\n                            <\/div>\r\n                        <\/div><\/em><\/p>\n<div id='gallery-1' class='gallery galleryid-3887 gallery-columns-3 gallery-size-thumbnail'><figure class='gallery-item'>\n\t\t\t<div class='gallery-icon landscape'>\n\t\t\t\t<a href='https:\/\/baranowscy.eu\/wordpress\/kosmetyki-naturalne-dla-skory-z-azs-kapiel-i-prysznic\/alphanova_zel_azs_2\/'><img loading=\"lazy\" decoding=\"async\" width=\"150\" height=\"150\" src=\"https:\/\/baranowscy.eu\/wordpress\/wp-content\/uploads\/2015\/06\/alphanova_zel_AZS_2-150x150.jpg\" class=\"attachment-thumbnail size-thumbnail\" alt=\"\" srcset=\"https:\/\/baranowscy.eu\/wordpress\/wp-content\/uploads\/2015\/06\/alphanova_zel_AZS_2-150x150.jpg 150w, https:\/\/baranowscy.eu\/wordpress\/wp-content\/uploads\/2015\/06\/alphanova_zel_AZS_2-100x100.jpg 100w\" sizes=\"auto, (max-width: 150px) 100vw, 150px\" \/><\/a>\n\t\t\t<\/div><\/figure><figure class='gallery-item'>\n\t\t\t<div class='gallery-icon landscape'>\n\t\t\t\t<a href='https:\/\/baranowscy.eu\/wordpress\/kosmetyki-naturalne-dla-skory-z-azs-kapiel-i-prysznic\/alphanova_zel_azs_3\/'><img loading=\"lazy\" decoding=\"async\" width=\"150\" height=\"150\" src=\"https:\/\/baranowscy.eu\/wordpress\/wp-content\/uploads\/2015\/06\/alphanova_zel_AZS_3-150x150.jpg\" class=\"attachment-thumbnail size-thumbnail\" alt=\"\" srcset=\"https:\/\/baranowscy.eu\/wordpress\/wp-content\/uploads\/2015\/06\/alphanova_zel_AZS_3-150x150.jpg 150w, https:\/\/baranowscy.eu\/wordpress\/wp-content\/uploads\/2015\/06\/alphanova_zel_AZS_3-100x100.jpg 100w\" sizes=\"auto, (max-width: 150px) 100vw, 150px\" \/><\/a>\n\t\t\t<\/div><\/figure><figure class='gallery-item'>\n\t\t\t<div class='gallery-icon landscape'>\n\t\t\t\t<a href='https:\/\/baranowscy.eu\/wordpress\/kosmetyki-naturalne-dla-skory-z-azs-kapiel-i-prysznic\/alphanova_zel_azs_2-2\/'><img loading=\"lazy\" decoding=\"async\" width=\"150\" height=\"150\" src=\"https:\/\/baranowscy.eu\/wordpress\/wp-content\/uploads\/2015\/06\/alphanova_zel_AZS_21-150x150.jpg\" class=\"attachment-thumbnail size-thumbnail\" alt=\"\" srcset=\"https:\/\/baranowscy.eu\/wordpress\/wp-content\/uploads\/2015\/06\/alphanova_zel_AZS_21-150x150.jpg 150w, https:\/\/baranowscy.eu\/wordpress\/wp-content\/uploads\/2015\/06\/alphanova_zel_AZS_21-100x100.jpg 100w\" sizes=\"auto, (max-width: 150px) 100vw, 150px\" \/><\/a>\n\t\t\t<\/div><\/figure>\n\t\t<\/div>\n\n<p><strong><div class='dropshadowboxes-container ' style='width:640px;'>\r\n                            <div class='dropshadowboxes-drop-shadow dropshadowboxes-rounded-corners dropshadowboxes-lifted-both dropshadowboxes-effect-default' style=' border: 1px solid #dddddd; height:; background-color:#91b054;    '>\r\n                            Komentarz Organicznych: <\/strong>przezroczysty,\u00a0\u0142agodny \u017cel o przyjemnym zapachu; delikatnie si\u0119 pieni. Bardzo przyjemny w u\u017cyciu. Do\u015b\u0107 wydajny. Doro\u015bli z powodzeniem mog\u0105 u\u017cywa\u0107 do mycia twarzy (ale uwaga, szczypie w oczy).<\/p>\n<p>Sk\u0142ad\u00a0moim zdaniem jest wart uwagi, cho\u0107 \u017cel m\u00f3g\u0142by nie zawiera\u0107 dodatku zapachowego. Trzeba jednak przyzna\u0107, \u017ce zapach ma naprawd\u0119 delikatny i mi\u0142y. Kosmetyk\u00f3w Alphanova u\u017cywamy od dawna, polecam m.in. <a href=\"https:\/\/baranowscy.eu\/wordpress\/mleczko-do-mycia-alphanova-bebe-recenzja\/\" target=\"_blank\">recenzj\u0119 mleczka myj\u0105cego<\/a>.<strong>\r\n                            <\/div>\r\n                        <\/div><\/strong><\/p>\n<h2><strong><u>Anthyllis Baby \u2013 Delikatny p\u0142yn do k\u0105piel i szampon 2 w 1<\/u> (K\u0104PIEL, PRYSZNIC, MYCIE G\u0141OWY)<\/strong><\/h2>\n<p><a href=\"http:\/\/www.anthyllis.it\/\">http:\/\/www.anthyllis.it\/<\/a><\/p>\n<p><a href=\"https:\/\/baranowscy.eu\/wordpress\/wp-content\/uploads\/2015\/06\/anthyllis_baby_plyn.jpg\"><img loading=\"lazy\" decoding=\"async\" class=\"aligncenter size-full wp-image-3924\" src=\"https:\/\/baranowscy.eu\/wordpress\/wp-content\/uploads\/2015\/06\/anthyllis_baby_plyn.jpg\" alt=\"anthyllis_baby_plyn\" width=\"325\" height=\"270\" srcset=\"https:\/\/baranowscy.eu\/wordpress\/wp-content\/uploads\/2015\/06\/anthyllis_baby_plyn.jpg 325w, https:\/\/baranowscy.eu\/wordpress\/wp-content\/uploads\/2015\/06\/anthyllis_baby_plyn-300x249.jpg 300w\" sizes=\"auto, (max-width: 325px) 100vw, 325px\" \/><\/a><\/p>\n<p><strong>Cena:<\/strong> od 33,98 z\u0142 za 400 ml<\/p>\n<p><strong>Co wyr\u00f3\u017cnia produkt:<\/strong><\/p>\n<ul>\n<li>w sk\u0142adzie wyci\u0105g z hibiskusa (eko) \u2013 zapewnia w\u0142osom antystatyczno\u015b\u0107, proteiny ry\u017cu (eko), tensydy ro\u015blinne,<\/li>\n<li>certyfikat ICEA \u2013 Eco Bio Cosmesi,<\/li>\n<li>testowany na zawarto\u015b\u0107 metali ci\u0119\u017ckich: niklu, chromu i kobaltu (&lt; 0,5 ppm),<\/li>\n<li>bez myd\u0142a, sztucznych zapach\u00f3w, sztucznych barwnik\u00f3w,<\/li>\n<li>o fizjologicznym pH dziecka.<\/li>\n<\/ul>\n<p><strong>Wskazania: <\/strong>codzienna piel\u0119gnacja sk\u00f3ry i w\u0142os\u00f3w dzieci.<\/p>\n<p><strong><div class='dropshadowboxes-container ' style='width:640px;'>\r\n                            <div class='dropshadowboxes-drop-shadow dropshadowboxes-rounded-corners dropshadowboxes-lifted-both dropshadowboxes-effect-default' style=' border: 1px solid #dddddd; height:; background-color:#fbe74d;    '>\r\n                            Sk\u0142ad:<\/strong> <em>aqua, sodium myristoyl sarcosinate, cocamidopropyl betaine, sodium lauryl sulfoacetate, sodium olivoyl isethionate**, lauryl glucoside, olivamidopropyl betaine**, glycerin, sodium benzoate, potassium sorbate, oryza sativa extract*, parfum, hydrolyzed hibiscus esculentus extract<\/em><\/p>\n<p>*z biologicznych upraw,\u00a0**ro\u015blinny tensyd z oliwy z oliwek pochodz\u0105cej z biologicznych upraw<em>\r\n                            <\/div>\r\n                        <\/div><\/em><\/p>\n<div id='gallery-2' class='gallery galleryid-3887 gallery-columns-3 gallery-size-full'><figure class='gallery-item'>\n\t\t\t<div class='gallery-icon landscape'>\n\t\t\t\t<a href='https:\/\/baranowscy.eu\/wordpress\/kosmetyki-naturalne-dla-skory-z-azs-kapiel-i-prysznic\/anthyllis_mydlo_3\/'><img loading=\"lazy\" decoding=\"async\" width=\"640\" height=\"427\" src=\"https:\/\/baranowscy.eu\/wordpress\/wp-content\/uploads\/2015\/06\/anthyllis_mydlo_3.jpg\" class=\"attachment-full size-full\" alt=\"\" srcset=\"https:\/\/baranowscy.eu\/wordpress\/wp-content\/uploads\/2015\/06\/anthyllis_mydlo_3.jpg 640w, https:\/\/baranowscy.eu\/wordpress\/wp-content\/uploads\/2015\/06\/anthyllis_mydlo_3-300x200.jpg 300w, https:\/\/baranowscy.eu\/wordpress\/wp-content\/uploads\/2015\/06\/anthyllis_mydlo_3-600x400.jpg 600w\" sizes=\"auto, (max-width: 640px) 100vw, 640px\" \/><\/a>\n\t\t\t<\/div><\/figure><figure class='gallery-item'>\n\t\t\t<div class='gallery-icon landscape'>\n\t\t\t\t<a href='https:\/\/baranowscy.eu\/wordpress\/kosmetyki-naturalne-dla-skory-z-azs-kapiel-i-prysznic\/anthyllis_mydlo_1\/'><img loading=\"lazy\" decoding=\"async\" width=\"640\" height=\"427\" src=\"https:\/\/baranowscy.eu\/wordpress\/wp-content\/uploads\/2015\/06\/anthyllis_mydlo_1.jpg\" class=\"attachment-full size-full\" alt=\"\" srcset=\"https:\/\/baranowscy.eu\/wordpress\/wp-content\/uploads\/2015\/06\/anthyllis_mydlo_1.jpg 640w, https:\/\/baranowscy.eu\/wordpress\/wp-content\/uploads\/2015\/06\/anthyllis_mydlo_1-300x200.jpg 300w, https:\/\/baranowscy.eu\/wordpress\/wp-content\/uploads\/2015\/06\/anthyllis_mydlo_1-600x400.jpg 600w\" sizes=\"auto, (max-width: 640px) 100vw, 640px\" \/><\/a>\n\t\t\t<\/div><\/figure><figure class='gallery-item'>\n\t\t\t<div class='gallery-icon landscape'>\n\t\t\t\t<a href='https:\/\/baranowscy.eu\/wordpress\/kosmetyki-naturalne-dla-skory-z-azs-kapiel-i-prysznic\/anthyllis_mydlo_2\/'><img loading=\"lazy\" decoding=\"async\" width=\"640\" height=\"427\" src=\"https:\/\/baranowscy.eu\/wordpress\/wp-content\/uploads\/2015\/06\/anthyllis_mydlo_2.jpg\" class=\"attachment-full size-full\" alt=\"\" srcset=\"https:\/\/baranowscy.eu\/wordpress\/wp-content\/uploads\/2015\/06\/anthyllis_mydlo_2.jpg 640w, https:\/\/baranowscy.eu\/wordpress\/wp-content\/uploads\/2015\/06\/anthyllis_mydlo_2-300x200.jpg 300w, https:\/\/baranowscy.eu\/wordpress\/wp-content\/uploads\/2015\/06\/anthyllis_mydlo_2-600x400.jpg 600w\" sizes=\"auto, (max-width: 640px) 100vw, 640px\" \/><\/a>\n\t\t\t<\/div><\/figure>\n\t\t<\/div>\n\n<p><strong><div class='dropshadowboxes-container ' style='width:640px;'>\r\n                            <div class='dropshadowboxes-drop-shadow dropshadowboxes-rounded-corners dropshadowboxes-lifted-both dropshadowboxes-effect-default' style=' border: 1px solid #dddddd; height:; background-color:#91b054;    '>\r\n                            Komentarz Organicznych: <\/strong>Cho\u0107 p\u0142yn do mycia Anthyllis wydaje si\u0119 po prostu ekologicznym kosmetykiem dla dzieci, zwr\u00f3ci\u0142am uwag\u0119 na <strong>kontrol\u0119 pod wzgl\u0119dem zawarto\u015bci metali ci\u0119\u017ckich<\/strong>. W europejskich przepisach brakuje okre\u015blenia maksymalnego st\u0119\u017cenia takich zanieczyszcze\u0144 w kosmetykach (<a href=\"http:\/\/www.kosmopedia.org\/bezpieczenstwo_kosmetykow\/bezpieczenstwo_skladnikow_kosm\/\" target=\"_blank\">wi\u0119cej informacji<\/a>), natomiast nie mog\u0105 by\u0107 one w st\u0119\u017ceniu niebezpiecznym dla zdrowia.\u00a0Osoby maj\u0105ce alergie kontaktowe powodowane przez metale ci\u0119\u017ckie mog\u0105 by\u0107 nawet nie\u015bwiadome, \u017ce \u017ar\u00f3d\u0142em ich dolegliwo\u015bci s\u0105 r\u00f3wnie\u017c kosmetyki gorszej jako\u015bci.\u00a0<strong>My\u015bl\u0119, \u017ce informacja o braku tych pierwiastk\u00f3w w p\u0142ynie do mycia Anthyllis Baby mo\u017ce by\u0107 wa\u017cn\u0105 informacj\u0105 dla alergik\u00f3w.<\/strong><\/p>\n<p><strong><a href=\"https:\/\/baranowscy.eu\/wordpress\/kosmetyki-baby-anthyllis-recenzja\/\" target=\"_blank\">Wi\u0119cej o kosmetykach Anthyllis Baby przeczytasz tu.<\/a><\/strong><\/p>\n<p>W u\u017cyciu jest delikatny, bardzo przyjemny i wydajny. Mieli\u015bmy pr\u00f3bk\u0119, kt\u00f3ra starczy\u0142a na dwukrotne mycie dw\u00f3ch ma\u0142ych ludzi. Zaskakuj\u0105cy jest oryginalny zapach, kojarz\u0105cy si\u0119 z czym\u015b mi\u0142ym. Zdecydowanie wyr\u00f3\u017cniam go jako jeden z lepszych kosmetyk\u00f3w do mycia sk\u00f3ry z AZS.<em>\r\n                            <\/div>\r\n                        <\/div><\/em><\/p>\n<h2><span style=\"text-decoration: underline;\">Aubrey &#8211;\u00a0Naturalne myd\u0142o do mycia dla niemowl\u0105t i dzieci z wiesio\u0142kiem, aloesem i olejem z kie\u0142k\u00f3w pszenicy<\/span> (PRYSZNIC)<\/h2>\n<p><a href=\"http:\/\/www.aubrey-organics.com\/\" target=\"_blank\">http:\/\/www.aubrey-organics.com\/<\/a><\/p>\n<p><a href=\"https:\/\/baranowscy.eu\/wordpress\/wp-content\/uploads\/2015\/06\/Aubrey_Natural_Baby_Bath_Soap.jpg\"><img loading=\"lazy\" decoding=\"async\" class=\"aligncenter size-full wp-image-4088\" src=\"https:\/\/baranowscy.eu\/wordpress\/wp-content\/uploads\/2015\/06\/Aubrey_Natural_Baby_Bath_Soap.jpg\" alt=\"Aubrey_Natural_Baby_Bath_Soap\" width=\"133\" height=\"270\" \/><\/a><\/p>\n<p><strong>Cena:<\/strong>\u00a0od 37 z\u0142 za 237 ml<\/p>\n<p><strong>Co wyr\u00f3\u017cnia produkt:<\/strong><\/p>\n<ul>\n<li>w sk\u0142adzie poliglukozyd kwas\u00f3w oleju kokosowego (\u0142agodne, naturalne myd\u0142o otrzymywane z kokos\u00f3w),\u00a0organiczny aloes, wyci\u0105g z wiesio\u0142ka,<\/li>\n<li>certyfikaty: m.in. BDIH, Vegan, USDA Organic,\u00a0QAI &#8211; Quality Assurance International.<\/li>\n<\/ul>\n<p><strong>Wskazania: <\/strong>do piel\u0119gnacji wra\u017cliwej sk\u00f3ry dzieci, mo\u017ce by\u0107 r\u00f3wnie\u017c stosowany przez doros\u0142ych.<\/p>\n<p><strong><div class='dropshadowboxes-container ' style='width:640px;'>\r\n                            <div class='dropshadowboxes-drop-shadow dropshadowboxes-rounded-corners dropshadowboxes-lifted-both dropshadowboxes-effect-default' style=' border: 1px solid #dddddd; height:; background-color:#fbe74d;    '>\r\n                            Sk\u0142ad: a<\/strong><em>qua, sodium cocoyl hydrolyzed soy protein, oryza sativa (rice) syrup, coco glucoside, glycerin, xanthan gum, aloe barbadensis leaf juice*, citrus grandis (grapefruit) extract, glyceryl linoleate, glyceryl linolenate, alcohol denat. (38b, lavender*), helianthus annuus (sunflower) seed oil*, cinnamomum zeylanicum (cinnamon) leaf oil, citrus sinensis (orange) oil*, cymbopogon martini (palmarosa) oil*, aniba rosaeodora (rosewood) oil, citrus aurantium (neroli) oil, vanilla planifolia oil, pelargonium graveolens roseum (rose geranium) oil, tocopheryl acetate, hamamelis virginiana (witch hazel) water, ascorbic acid (vitamin C), foeniculum vulgare (fennel) fruit extract, humulus lupulus (hops) extract, melissa officinalis (balm mint) leaf extract, viscum album (mistletoe) fruit extract, chamomilla recutita (matricaria) extract, achillea millefolium (yarrow) extract, glycine soja (soybean) oil, daucus carota sativa (carrot) root extract, beta-carotene.<\/em><\/p>\n<p><em>*Sk\u0142adniki organiczne\r\n                            <\/div>\r\n                        <\/div><\/em><\/p>\n<p><strong><div class='dropshadowboxes-container ' style='width:640px;'>\r\n                            <div class='dropshadowboxes-drop-shadow dropshadowboxes-rounded-corners dropshadowboxes-lifted-both dropshadowboxes-effect-default' style=' border: 1px solid #dddddd; height:; background-color:#91b054;    '>\r\n                            Komentarz Organicznych:<\/strong>\u00a0Nie mieli\u015bmy jeszcze okazji spr\u00f3bowa\u0107 kosmetyk\u00f3w tej ameryka\u0144skiej marki. Sk\u0142ad tego myde\u0142ka przyprawia o zawr\u00f3t g\u0142owy &#8211; zawiera chyba wszystkie popularne naturalne sk\u0142adniki. W tym wypadku trzeba zwr\u00f3ci\u0107 szczeg\u00f3ln\u0105 uwag\u0119, czy kt\u00f3ry\u015b sk\u0142adnik nie jest dla dziecka dra\u017cni\u0105cy.<strong><em>\r\n                            <\/div>\r\n                        <\/div><\/em><\/strong><\/p>\n<h2><strong><u>Babydream Med \u2013 \u017bel do mycia cia\u0142a i szampon, 2 w 1<\/u> (PRYSZNIC, MYCIE G\u0141OWY)<\/strong><\/h2>\n<p><a href=\"http:\/\/www.rossnet.pl\/\" target=\"_blank\">http:\/\/www.rossnet.pl\/<\/a><\/p>\n<p><a href=\"https:\/\/baranowscy.eu\/wordpress\/wp-content\/uploads\/2015\/06\/babydream_med_mydlo.png\"><img loading=\"lazy\" decoding=\"async\" class=\"aligncenter size-full wp-image-3926\" src=\"https:\/\/baranowscy.eu\/wordpress\/wp-content\/uploads\/2015\/06\/babydream_med_mydlo.png\" alt=\"babydream_med_mydlo\" width=\"69\" height=\"270\" \/><\/a><\/p>\n<p><strong>Cena:<\/strong> 16,99 z\u0142 za 125 ml<\/p>\n<p><strong>Co wyr\u00f3\u017cnia produkt:<\/strong><\/p>\n<ul>\n<li>kosmetyki z tej serii zosta\u0142y wyr\u00f3\u017cnione przez Fundacj\u0119 Europejskiego Centrum Bada\u0144 Alergii (ECARF) jako przyjazne alergikom,<\/li>\n<li>w sk\u0142adzie: betaina pozyskiwana z burak\u00f3w cukriwych, sorbitol i monogliceryd kwasu oleinowego,<\/li>\n<li>nie zawiera m.in. substancji zapachowych, barwnik\u00f3w, konserwant\u00f3w, lanoliny,<\/li>\n<li>dost\u0119pny wy\u0142\u0105cznie w sieci Rossmann.<\/li>\n<\/ul>\n<p><strong>Wskazania: <\/strong>piel\u0119gnacja bardzo suchej sk\u00f3ry i mycie delikatnych w\u0142os\u00f3w niemowl\u0105t i ma\u0142ych dzieci oraz piel\u0119gnacja uzupe\u0142niaj\u0105ca leczenie atopowego zapalenia sk\u00f3ry. Tak\u017ce dla doros\u0142ych.<\/p>\n<p><strong><div class='dropshadowboxes-container ' style='width:640px;'>\r\n                            <div class='dropshadowboxes-drop-shadow dropshadowboxes-rounded-corners dropshadowboxes-lifted-both dropshadowboxes-effect-default' style=' border: 1px solid #dddddd; height:; background-color:#fbe74d;    '>\r\n                            Sk\u0142ad: <\/strong><em>aqua, sorbitol, sodium cocoamphoacetate, coco-glucoside, betaine, citric acid, glyceryl oleate, sodium lauroyl glutamate, glyceryl caprylate, hydroxypropyl oxidized starch pg-trimonium chloride, starch hydroxypropyltrimonium chloride, salvia triloba leaf extract, helianthus annus seed oil, sodium lactate, sodium chloride, urea, lactic acid, glycerin, levulinic acid, p-anisic acid, sodium hydroxide\r\n                            <\/div>\r\n                        <\/div><\/em><\/p>\n<div id='gallery-3' class='gallery galleryid-3887 gallery-columns-3 gallery-size-thumbnail'><figure class='gallery-item'>\n\t\t\t<div class='gallery-icon landscape'>\n\t\t\t\t<a href='https:\/\/baranowscy.eu\/wordpress\/kosmetyki-naturalne-dla-skory-z-azs-kapiel-i-prysznic\/babydream_med_zel_1\/'><img loading=\"lazy\" decoding=\"async\" width=\"150\" height=\"150\" src=\"https:\/\/baranowscy.eu\/wordpress\/wp-content\/uploads\/2015\/06\/babydream_med_zel_1-150x150.jpg\" class=\"attachment-thumbnail size-thumbnail\" alt=\"\" srcset=\"https:\/\/baranowscy.eu\/wordpress\/wp-content\/uploads\/2015\/06\/babydream_med_zel_1-150x150.jpg 150w, https:\/\/baranowscy.eu\/wordpress\/wp-content\/uploads\/2015\/06\/babydream_med_zel_1-100x100.jpg 100w\" sizes=\"auto, (max-width: 150px) 100vw, 150px\" \/><\/a>\n\t\t\t<\/div><\/figure><figure class='gallery-item'>\n\t\t\t<div class='gallery-icon landscape'>\n\t\t\t\t<a href='https:\/\/baranowscy.eu\/wordpress\/kosmetyki-naturalne-dla-skory-z-azs-kapiel-i-prysznic\/babydream_med_zel_2\/'><img loading=\"lazy\" decoding=\"async\" width=\"150\" height=\"150\" src=\"https:\/\/baranowscy.eu\/wordpress\/wp-content\/uploads\/2015\/06\/babydream_med_zel_2-150x150.jpg\" class=\"attachment-thumbnail size-thumbnail\" alt=\"\" srcset=\"https:\/\/baranowscy.eu\/wordpress\/wp-content\/uploads\/2015\/06\/babydream_med_zel_2-150x150.jpg 150w, https:\/\/baranowscy.eu\/wordpress\/wp-content\/uploads\/2015\/06\/babydream_med_zel_2-100x100.jpg 100w\" sizes=\"auto, (max-width: 150px) 100vw, 150px\" \/><\/a>\n\t\t\t<\/div><\/figure><figure class='gallery-item'>\n\t\t\t<div class='gallery-icon landscape'>\n\t\t\t\t<a href='https:\/\/baranowscy.eu\/wordpress\/kosmetyki-naturalne-dla-skory-z-azs-kapiel-i-prysznic\/babydream_med_zel_3\/'><img loading=\"lazy\" decoding=\"async\" width=\"150\" height=\"150\" src=\"https:\/\/baranowscy.eu\/wordpress\/wp-content\/uploads\/2015\/06\/babydream_med_zel_3-150x150.jpg\" class=\"attachment-thumbnail size-thumbnail\" alt=\"\" srcset=\"https:\/\/baranowscy.eu\/wordpress\/wp-content\/uploads\/2015\/06\/babydream_med_zel_3-150x150.jpg 150w, https:\/\/baranowscy.eu\/wordpress\/wp-content\/uploads\/2015\/06\/babydream_med_zel_3-100x100.jpg 100w\" sizes=\"auto, (max-width: 150px) 100vw, 150px\" \/><\/a>\n\t\t\t<\/div><\/figure>\n\t\t<\/div>\n\n<p><strong><div class='dropshadowboxes-container ' style='width:640px;'>\r\n                            <div class='dropshadowboxes-drop-shadow dropshadowboxes-rounded-corners dropshadowboxes-lifted-both dropshadowboxes-effect-default' style=' border: 1px solid #dddddd; height:; background-color:#91b054;    '>\r\n                            Komentarz Organicznych:<\/strong>\u00a0Kosmetyk, kt\u00f3ry niestety do\u015b\u0107 trudno kupi\u0107 &#8211; dost\u0119pny jest tylko w wi\u0119kszych drogeriach Rossmann. <a href=\"http:\/\/www.srokao.pl\/2015\/05\/analiza-babydream-med.html\" target=\"_blank\">Sroka pisa\u0142a ju\u017c o ca\u0142ej serii<\/a>\u00a0Babydream Med i zwr\u00f3ci\u0142a uwag\u0119 na wysok\u0105 zawarto\u015b\u0107 kwasku cytrynowego, kt\u00f3ry mo\u017ce podra\u017cnia\u0107 sk\u00f3r\u0119 alergika. Zapach jest bardzo delikatny, prawie niewyczuwalny. Zaskakuj\u0105ce jest ma\u0142a pojemno\u015b\u0107 butelki &#8211; jedynie 125 ml. To sprawia, \u017ce \u017cel, konsystencj\u0105 i wydajno\u015bci\u0105 przypominaj\u0105cy inne, nie b\u0119dzie wcale ta\u0144szy od tych z certyfikatem eko.<strong>\u00a0<em>\r\n                            <\/div>\r\n                        <\/div><\/em><\/strong><\/p>\n<h2><strong><u>Balm Balm \u2013 Regeneruj\u0105cy olejek do k\u0105pieli i cia\u0142a<\/u> (K\u0104PIEL, PO K\u0104PIELI, MASA\u017b)<\/strong><\/h2>\n<p><strong><a href=\"http:\/\/www.balmbalm.pl\">www.balmbalm.pl<\/a> <\/strong><\/p>\n<p><a href=\"https:\/\/baranowscy.eu\/wordpress\/wp-content\/uploads\/2015\/06\/balmbalm_regenerujacy_olejek.jpg\"><img loading=\"lazy\" decoding=\"async\" class=\"aligncenter size-full wp-image-3928\" src=\"https:\/\/baranowscy.eu\/wordpress\/wp-content\/uploads\/2015\/06\/balmbalm_regenerujacy_olejek.jpg\" alt=\"balmbalm_regenerujacy_olejek\" width=\"117\" height=\"270\" \/><\/a><\/p>\n<p><strong>Cena:<\/strong> od 62,90 z\u0142 za 100 ml<\/p>\n<p><strong>Co wyr\u00f3\u017cnia produkt:<\/strong><\/p>\n<ul>\n<li>w sk\u0142adzie mieszanka olejk\u00f3w eterycznych z drzewa herbacianego, ravensara, ja\u0142owca, czarnego pieprzu oraz krzewu zimozielonego wymieszanych z naturalnymi olejkami z nagietka, s\u0142onecznika i jojoba,<\/li>\n<li>nie zawiera \u017cadnych konserwant\u00f3w, poniewa\u017c nie zawiera wody,<\/li>\n<li>wszystkie sk\u0142adniki s\u0105 naturalne i pochodz\u0105 z upraw ekologicznych,<\/li>\n<li>certyfikat Soil Association.<\/li>\n<\/ul>\n<p><strong>Wskazania: <\/strong>piel\u0119gnacja wzmacniaj\u0105ca, olejek dzia\u0142a o\u017cywiaj\u0105co, odnawiaj\u0105co, odm\u0142adzaj\u0105co, a tak\u017ce wspiera\u0142 powr\u00f3t zdrowia w okresie przezi\u0119bienia. Mo\u017ce by\u0107 r\u00f3wnie\u017c u\u017cywany jako olejek do rozgrzewania mi\u0119\u015bni przed \u0107wieczeniami.<\/p>\n<p><strong><div class='dropshadowboxes-container ' style='width:640px;'>\r\n                            <div class='dropshadowboxes-drop-shadow dropshadowboxes-rounded-corners dropshadowboxes-lifted-both dropshadowboxes-effect-default' style=' border: 1px solid #dddddd; height:; background-color:#fbe74d;    '>\r\n                            Sk\u0142ad (wszystkie sk\u0142adniki s\u0105 ekologiczne): <\/strong><em>helianthus annuus (sunflower) seed oil, simmondsia chinensis (jojoba) seed oil, calendula officinalis flower extract, melaleuca alternifolia (tea tree) leaf oil, ravensara aromatica leaf oil, juniperus communis fruit oil, piper nigrum (black pepper) seed oil, gaultheria procumbens (wintergreen) leaf oil, limonene*, linalool*<\/em><\/p>\n<p>*naturalnie wyst\u0119puj\u0105ce sk\u0142adniki olejk\u00f3w eterycznych<strong>\u00a0<em>\r\n                            <\/div>\r\n                        <\/div><\/em><\/strong><\/p>\n<p><strong><div class='dropshadowboxes-container ' style='width:640px;'>\r\n                            <div class='dropshadowboxes-drop-shadow dropshadowboxes-rounded-corners dropshadowboxes-lifted-both dropshadowboxes-effect-default' style=' border: 1px solid #dddddd; height:; background-color:#91b054;    '>\r\n                            Komentarz Organicznych:<\/strong> Nie mieli\u015bmy okazji jeszcze wypr\u00f3bowa\u0107 olejku, ale znamy dobrze firm\u0119 Balm Balm. Sk\u0142ad jak zawsze naturalny i ekologiczny, bez \u017cadnego konserwantu. Interesuj\u0105ca jest informacja o wzmacnianiu organizmu np. podczas przezi\u0119bienia.<\/p>\n<p>Cena jest wysoka, ale wydaje si\u0119, \u017ce kosmetyk jest bardzo wydajny, poniewa\u017c do jednej k\u0105pieli wystarczy par\u0119 razy spryska\u0107 powierzchni\u0119 wody.<strong>\u00a0<em>\r\n                            <\/div>\r\n                        <\/div><\/em><\/strong><\/p>\n<h2><strong><u>Balm Balm \u2013 Ultradelikatny bezzapachowy olejek dla niemowl\u0105t i dzieci do k\u0105pieli i cia\u0142a<\/u> (K\u0104PIEL, PO K\u0104PIELI, MASA\u017b)<\/strong><\/h2>\n<p><strong><a href=\"http:\/\/www.balm.balm.pl\">www.balmbalm.pl<\/a> <\/strong><\/p>\n<p><a href=\"https:\/\/baranowscy.eu\/wordpress\/wp-content\/uploads\/2015\/06\/balmbalm_ultradelikatny_olejek.jpg\"><img loading=\"lazy\" decoding=\"async\" class=\"aligncenter size-full wp-image-3929\" src=\"https:\/\/baranowscy.eu\/wordpress\/wp-content\/uploads\/2015\/06\/balmbalm_ultradelikatny_olejek.jpg\" alt=\"balmbalm_ultradelikatny_olejek\" width=\"128\" height=\"270\" \/><\/a><\/p>\n<p><strong>Cena:<\/strong> od 63,99 z\u0142 za 100 ml<\/p>\n<p><strong>Co wyr\u00f3\u017cnia produkt:<\/strong><\/p>\n<ul>\n<li>sk\u0142ad to jedynie olejki z nagietka, s\u0142onecznika, dzikiej r\u00f3\u017cy, jojoba, t\u0142oczone na zimno,<\/li>\n<li>nie zawiera wody,<\/li>\n<li>certyfikat Soil Association.<\/li>\n<\/ul>\n<p><strong>Wskazania: <\/strong>piel\u0119gnacja sk\u00f3ry dzieci od pierwszych dni \u017cycia, tak\u017ce sk\u00f3ry atopowej. Mo\u017ce by\u0107 stosowany przez doros\u0142ych, r\u00f3wnie\u017c w ci\u0105\u017cy, tak\u017ce jako olejek do masa\u017cu.<\/p>\n<p><strong><div class='dropshadowboxes-container ' style='width:640px;'>\r\n                            <div class='dropshadowboxes-drop-shadow dropshadowboxes-rounded-corners dropshadowboxes-lifted-both dropshadowboxes-effect-default' style=' border: 1px solid #dddddd; height:; background-color:#fbe74d;    '>\r\n                            Sk\u0142ad (wszystkie sk\u0142adniki s\u0105 ekologiczne): <\/strong><em>sunflower seed oil, jojoba seed oil, rosa canina fruit oil, calendula officinalis flower extract<strong>\r\n                            <\/div>\r\n                        <\/div><\/strong><\/em><\/p>\n<p><strong><div class='dropshadowboxes-container ' style='width:640px;'>\r\n                            <div class='dropshadowboxes-drop-shadow dropshadowboxes-rounded-corners dropshadowboxes-lifted-both dropshadowboxes-effect-default' style=' border: 1px solid #dddddd; height:; background-color:#91b054;    '>\r\n                            Komentarz Organicznych: <\/strong>Nie mieli\u015bmy okazji jeszcze wypr\u00f3bowa\u0107 olejku, ale znamy dobrze firm\u0119 Balm Balm. Sk\u0142ad jest prosty i zachwycaj\u0105cy, szczeg\u00f3lnie jestem ciekawa w\u0142a\u015bciwo\u015bci dzikiej r\u00f3\u017cy, kt\u00f3r\u0105 ceni\u0119 jako \u017ar\u00f3d\u0142o naturalnej witaminy C.<\/p>\n<p>Cena kosmetyku wysoka, ale wydaje si\u0119, \u017ce jest on bardzo wydajny, do jednej k\u0105pieli wystarczy par\u0119 razy spryska\u0107 powierzchni\u0119 wody.<strong><em>\r\n                            <\/div>\r\n                        <\/div><\/em><\/strong><\/p>\n<h2><span style=\"text-decoration: underline;\">Bjobj &#8211;\u00a0Delikatne mleczko do k\u0105pieli niemowl\u0105t i dzieci<\/span> (K\u0104PIEL)<\/h2>\n<p><a href=\"http:\/\/www.bjobj.com\" target=\"_blank\">www.bjobj.com<\/a>, do kupienia: <a href=\"http:\/\/www.biobeauty.pl\/delikatne-mleczko-do-kapieli-niemowlat-i-dzieci.html\" target=\"_blank\">BioBeauty<\/a><\/p>\n<p><a href=\"https:\/\/baranowscy.eu\/wordpress\/wp-content\/uploads\/2015\/06\/BjoBj_Delikatne_mleczko_do_k\u0105pieli_niemowl\u0105t_i_dzieci.jpg\"><img loading=\"lazy\" decoding=\"async\" class=\"aligncenter size-full wp-image-4079\" src=\"https:\/\/baranowscy.eu\/wordpress\/wp-content\/uploads\/2015\/06\/BjoBj_Delikatne_mleczko_do_k\u0105pieli_niemowl\u0105t_i_dzieci.jpg\" alt=\"BjoBj_Delikatne_mleczko_do_k\u0105pieli_niemowl\u0105t_i_dzieci\" width=\"270\" height=\"270\" srcset=\"https:\/\/baranowscy.eu\/wordpress\/wp-content\/uploads\/2015\/06\/BjoBj_Delikatne_mleczko_do_k\u0105pieli_niemowl\u0105t_i_dzieci.jpg 270w, https:\/\/baranowscy.eu\/wordpress\/wp-content\/uploads\/2015\/06\/BjoBj_Delikatne_mleczko_do_k\u0105pieli_niemowl\u0105t_i_dzieci-100x100.jpg 100w, https:\/\/baranowscy.eu\/wordpress\/wp-content\/uploads\/2015\/06\/BjoBj_Delikatne_mleczko_do_k\u0105pieli_niemowl\u0105t_i_dzieci-150x150.jpg 150w\" sizes=\"auto, (max-width: 270px) 100vw, 270px\" \/><\/a><\/p>\n<p><strong>Cena:<\/strong> od 36,90 z\u0142 za 250 ml<\/p>\n<p><strong>Co wyr\u00f3\u017cnia produkt:<\/strong><\/p>\n<ul>\n<li>w sk\u0142adzie olej i ekstrakt z ry\u017cu (zatrzymuje wilgo\u0107, nawil\u017ca, delikatnie piel\u0119gnuje sk\u00f3r\u0119),\u00a0gamma oryzanol (kompleks\u00a0estr\u00f3w fitosteroli\u00a0i\u00a0kwasu felurowego\u00a0&#8211;\u00a0wzmacnia naturaln\u0105 barier\u0119 ochronn\u0105 sk\u00f3ry,\u00a0zawiera wysoki filtr UV),<\/li>\n<li>certyfikat Eco Bio Cosmesi,<\/li>\n<li>testowany pod wzgl\u0119dem zawarto\u015bci niklu,<\/li>\n<li>neutralne pH,<\/li>\n<li>ze wzgl\u0119du na sk\u0142ad\u00a0nale\u017cy wstrz\u0105sn\u0105\u0107 przed u\u017cyciem i nie trzyma\u0107 w temperaturze poni\u017cej 10\u00b0C i powy\u017cej 28\u00b0C.<\/li>\n<\/ul>\n<p><strong>Wskazania:<\/strong> do piel\u0119gnacji delikatnej sk\u00f3ry dziecka.<\/p>\n<p><strong><div class='dropshadowboxes-container ' style='width:640px;'>\r\n                            <div class='dropshadowboxes-drop-shadow dropshadowboxes-rounded-corners dropshadowboxes-lifted-both dropshadowboxes-effect-default' style=' border: 1px solid #dddddd; height:; background-color:#fbe74d;    '>\r\n                            Sk\u0142ad:<\/strong> <em>aqua (water), *helianthus annuus seed oil, cocamidopropyl betaine, oryza sativa bran oil, sodium lauroyl glutamate, *oryza sativa bran extract, glycerin, xanthan gum, tocopheryl acetate, oryzanol, benzyl alcohol, potassium sorbate, sodium benzoate, coumarin, farnesol, **parfum<\/em><\/p>\n<p><em>* z upraw ekologicznych, ** z olejk\u00f3w eterycznych<strong>\r\n                            <\/div>\r\n                        <\/div><\/strong><\/em><\/p>\n<div id='gallery-4' class='gallery galleryid-3887 gallery-columns-3 gallery-size-full'><figure class='gallery-item'>\n\t\t\t<div class='gallery-icon landscape'>\n\t\t\t\t<a href='https:\/\/baranowscy.eu\/wordpress\/kosmetyki-naturalne-dla-skory-z-azs-kapiel-i-prysznic\/bjobj_bimbo_1\/'><img loading=\"lazy\" decoding=\"async\" width=\"640\" height=\"427\" src=\"https:\/\/baranowscy.eu\/wordpress\/wp-content\/uploads\/2015\/06\/bjobj_bimbo_1.jpg\" class=\"attachment-full size-full\" alt=\"\" srcset=\"https:\/\/baranowscy.eu\/wordpress\/wp-content\/uploads\/2015\/06\/bjobj_bimbo_1.jpg 640w, https:\/\/baranowscy.eu\/wordpress\/wp-content\/uploads\/2015\/06\/bjobj_bimbo_1-300x200.jpg 300w, https:\/\/baranowscy.eu\/wordpress\/wp-content\/uploads\/2015\/06\/bjobj_bimbo_1-600x400.jpg 600w\" sizes=\"auto, (max-width: 640px) 100vw, 640px\" \/><\/a>\n\t\t\t<\/div><\/figure><figure class='gallery-item'>\n\t\t\t<div class='gallery-icon landscape'>\n\t\t\t\t<a href='https:\/\/baranowscy.eu\/wordpress\/kosmetyki-naturalne-dla-skory-z-azs-kapiel-i-prysznic\/bjobj_bimbo_2\/'><img loading=\"lazy\" decoding=\"async\" width=\"640\" height=\"427\" src=\"https:\/\/baranowscy.eu\/wordpress\/wp-content\/uploads\/2015\/06\/bjobj_bimbo_2.jpg\" class=\"attachment-full size-full\" alt=\"\" srcset=\"https:\/\/baranowscy.eu\/wordpress\/wp-content\/uploads\/2015\/06\/bjobj_bimbo_2.jpg 640w, https:\/\/baranowscy.eu\/wordpress\/wp-content\/uploads\/2015\/06\/bjobj_bimbo_2-300x200.jpg 300w, https:\/\/baranowscy.eu\/wordpress\/wp-content\/uploads\/2015\/06\/bjobj_bimbo_2-600x400.jpg 600w\" sizes=\"auto, (max-width: 640px) 100vw, 640px\" \/><\/a>\n\t\t\t<\/div><\/figure><figure class='gallery-item'>\n\t\t\t<div class='gallery-icon landscape'>\n\t\t\t\t<a href='https:\/\/baranowscy.eu\/wordpress\/kosmetyki-naturalne-dla-skory-z-azs-kapiel-i-prysznic\/bjobj_bimbo_3\/'><img loading=\"lazy\" decoding=\"async\" width=\"640\" height=\"427\" src=\"https:\/\/baranowscy.eu\/wordpress\/wp-content\/uploads\/2015\/06\/bjobj_bimbo_3.jpg\" class=\"attachment-full size-full\" alt=\"\" srcset=\"https:\/\/baranowscy.eu\/wordpress\/wp-content\/uploads\/2015\/06\/bjobj_bimbo_3.jpg 640w, https:\/\/baranowscy.eu\/wordpress\/wp-content\/uploads\/2015\/06\/bjobj_bimbo_3-300x200.jpg 300w, https:\/\/baranowscy.eu\/wordpress\/wp-content\/uploads\/2015\/06\/bjobj_bimbo_3-600x400.jpg 600w\" sizes=\"auto, (max-width: 640px) 100vw, 640px\" \/><\/a>\n\t\t\t<\/div><\/figure><figure class='gallery-item'>\n\t\t\t<div class='gallery-icon landscape'>\n\t\t\t\t<a href='https:\/\/baranowscy.eu\/wordpress\/kosmetyki-naturalne-dla-skory-z-azs-kapiel-i-prysznic\/bjobj_bimbo_4\/'><img loading=\"lazy\" decoding=\"async\" width=\"640\" height=\"427\" src=\"https:\/\/baranowscy.eu\/wordpress\/wp-content\/uploads\/2015\/06\/bjobj_bimbo_4.jpg\" class=\"attachment-full size-full\" alt=\"\" srcset=\"https:\/\/baranowscy.eu\/wordpress\/wp-content\/uploads\/2015\/06\/bjobj_bimbo_4.jpg 640w, https:\/\/baranowscy.eu\/wordpress\/wp-content\/uploads\/2015\/06\/bjobj_bimbo_4-300x200.jpg 300w, https:\/\/baranowscy.eu\/wordpress\/wp-content\/uploads\/2015\/06\/bjobj_bimbo_4-600x400.jpg 600w\" sizes=\"auto, (max-width: 640px) 100vw, 640px\" \/><\/a>\n\t\t\t<\/div><\/figure>\n\t\t<\/div>\n\n<p><strong><div class='dropshadowboxes-container ' style='width:640px;'>\r\n                            <div class='dropshadowboxes-drop-shadow dropshadowboxes-rounded-corners dropshadowboxes-lifted-both dropshadowboxes-effect-default' style=' border: 1px solid #dddddd; height:; background-color:#91b054;    '>\r\n                            Komentarz Organicznych:<\/strong>\u00a0Cho\u0107 nie jest to kosmetyk stricte dla alergik\u00f3w (oczywi\u015bcie zawiera informacj\u0119, \u017ce jest hipoalergiczny), my\u015bl\u0119, \u017ce warto zwr\u00f3ci\u0107 na niego uwag\u0119, poniewa\u017c ma znakomity sk\u0142ad i zawiera formu\u0142\u0119 \u0142agodz\u0105c\u0105. Bardzo delikatne mleczko do k\u0105pieli, kt\u00f3re mo\u017ce by\u0107 u\u017cyte r\u00f3wnie\u017c jako myd\u0142o w p\u0142ynie dla starszych. Ma bardzo wyra\u017any zapach przypominaj\u0105cy wyci\u0105g z migda\u0142\u00f3w &#8211; nie ma go jednak w sk\u0142adzie (chyba \u017ce zapach pochodzi z olejk\u00f3w eterycznych). Delikatnie si\u0119 pieni. Co do\u015b\u0107 wyj\u0105tkowe (ale w\u0142oskie kosmetyki ekologiczne tym si\u0119 wyr\u00f3\u017cniaj\u0105), kosmetyk jest badany bod k\u0105tem zawarto\u015bci niklu.\u00a0<em><strong>\r\n                            <\/div>\r\n                        <\/div><\/strong><\/em><\/p>\n<h2 class=\"mainbox-title one_product_title\"><span style=\"text-decoration: underline;\">BjoBj &#8211; Delikatne myd\u0142o w p\u0142ynie z owsem do cia\u0142a i r\u0105k<\/span> (PRYSZNIC)<\/h2>\n<p><a href=\"http:\/\/www.bjobj.com\" target=\"_blank\">www.bjobj.com<\/a><\/p>\n<p><a href=\"https:\/\/baranowscy.eu\/wordpress\/wp-content\/uploads\/2015\/06\/BjoBj_sapone_liquido_1.jpg\"><img loading=\"lazy\" decoding=\"async\" class=\"aligncenter size-full wp-image-4086\" src=\"https:\/\/baranowscy.eu\/wordpress\/wp-content\/uploads\/2015\/06\/BjoBj_sapone_liquido_1.jpg\" alt=\"BjoBj_sapone_liquido_1\" width=\"270\" height=\"270\" srcset=\"https:\/\/baranowscy.eu\/wordpress\/wp-content\/uploads\/2015\/06\/BjoBj_sapone_liquido_1.jpg 270w, https:\/\/baranowscy.eu\/wordpress\/wp-content\/uploads\/2015\/06\/BjoBj_sapone_liquido_1-100x100.jpg 100w, https:\/\/baranowscy.eu\/wordpress\/wp-content\/uploads\/2015\/06\/BjoBj_sapone_liquido_1-150x150.jpg 150w\" sizes=\"auto, (max-width: 270px) 100vw, 270px\" \/><\/a><\/p>\n<p><strong>Cena:<\/strong> od 36,90 z\u0142 za 250 ml<\/p>\n<p><strong>Co wyr\u00f3\u017cnia produkt:<\/strong><\/p>\n<ul>\n<li>w sk\u0142adzie: ekstrakt z owsa\u00a0(otrzymywany za pomoc\u0105 specjalnej obr\u00f3bki na zimno), kt\u00f3ry ma w\u0142a\u015bciwo\u015bci koj\u0105ce i regeneracyjne;\u00a0\u03b2-glukan z owsa\u00a0(silnie nawil\u017ca);\u00a0ekstrakt z nagietka, witamina E (Tocopherol),<\/li>\n<li>certyfikat Eco Bio Cosmesi,<\/li>\n<li>testowany pod wzgl\u0119dem zawarto\u015bci niklu,<\/li>\n<li>neutralne pH,<\/li>\n<li>ze wzgl\u0119du na sk\u0142ad\u00a0nale\u017cy wstrz\u0105sn\u0105\u0107 przed u\u017cyciem i nie trzyma\u0107 w temperaturze poni\u017cej 10\u00b0C i powy\u017cej 28\u00b0C.<\/li>\n<\/ul>\n<p><strong>Wskazania:<\/strong> do piel\u0119gnacji sk\u00f3ry delikatnej, r\u00f3wnie\u017c podra\u017cnionej, zaczerwienionej, suchej, \u0142uszcz\u0105cej si\u0119 i wra\u017cliwej.<\/p>\n<p><strong><div class='dropshadowboxes-container ' style='width:640px;'>\r\n                            <div class='dropshadowboxes-drop-shadow dropshadowboxes-rounded-corners dropshadowboxes-lifted-both dropshadowboxes-effect-default' style=' border: 1px solid #dddddd; height:; background-color:#fbe74d;    '>\r\n                            Sk\u0142ad:<\/strong> <em>aqua (water), lauramidopropyl betaine, sodium lauroyl sarcosinate, sodium olivamphoacetate, *avena sativa extract, sodium cocoyl glutamate, glycerin, *calendula officinalis extract, tocopheryl acetate, profumo\/parfum, lactic acid, sodium benzoate, benzyl alcohol, potassium sorbate,ascorbic acid<\/em><\/p>\n<p><em>* z upraw ekologicznych<strong>\r\n                            <\/div>\r\n                        <\/div><\/strong><\/em><\/p>\n<p><strong><div class='dropshadowboxes-container ' style='width:640px;'>\r\n                            <div class='dropshadowboxes-drop-shadow dropshadowboxes-rounded-corners dropshadowboxes-lifted-both dropshadowboxes-effect-default' style=' border: 1px solid #dddddd; height:; background-color:#91b054;    '>\r\n                            Komentarz Organicznych:<\/strong>\u00a0 Lubi\u0119 i ceni\u0119 firm\u0119 BjoBj. My\u015bl\u0119, \u017ce to myd\u0142o mo\u017ce by\u0107 kosmetykiem pomagaj\u0105cym \u0142agodzi\u0107 stany zapalne sk\u00f3ry u os\u00f3b, kt\u00f3re dobrze reaguj\u0105 na owies i nagietek. Dla mnie wygl\u0105da zach\u0119caj\u0105co, przy okazji przetestujemy!<em><strong>\r\n                            <\/div>\r\n                        <\/div><\/strong><\/em><\/p>\n<h2><strong><u>Essential Care \u2013 Delikatny p\u0142yn do mycia cia\u0142a i w\u0142os\u00f3w dla niemowl\u0105t<\/u> (K\u0104PIEL, PRYSZNIC, MYCIE W\u0141OS\u00d3W)<\/strong><\/h2>\n<p><a href=\"http:\/\/www.odylique.co.uk\/\">http:\/\/www.odylique.co.uk\/<\/a><\/p>\n<p><a href=\"https:\/\/baranowscy.eu\/wordpress\/wp-content\/uploads\/2015\/06\/EssentialCare_plyn_do_mycia.jpg\"><img loading=\"lazy\" decoding=\"async\" class=\"aligncenter size-full wp-image-3937\" src=\"https:\/\/baranowscy.eu\/wordpress\/wp-content\/uploads\/2015\/06\/EssentialCare_plyn_do_mycia.jpg\" alt=\"EssentialCare_plyn_do_mycia\" width=\"80\" height=\"270\" \/><\/a><\/p>\n<p><strong>Cena:<\/strong> od 52,29 z\u0142 za 200 ml<\/p>\n<p><strong>Co wyr\u00f3\u017cnia produkt:<\/strong><\/p>\n<ul>\n<li>organiczny aloes, rumianek i oliwk\u0119 z oliwek ekstra virgin w sk\u0142adzie,<\/li>\n<li>certyfikat Fair Trade i Soil Association,<\/li>\n<li>produkt odpowiedni dla wegan\u00f3w.<\/li>\n<\/ul>\n<p><strong>Wskazania: <\/strong>piel\u0119gnacja sk\u00f3ry dzieci od 3. miesi\u0105ca \u017cycia.<\/p>\n<p><strong><div class='dropshadowboxes-container ' style='width:640px;'>\r\n                            <div class='dropshadowboxes-drop-shadow dropshadowboxes-rounded-corners dropshadowboxes-lifted-both dropshadowboxes-effect-default' style=' border: 1px solid #dddddd; height:; background-color:#fbe74d;    '>\r\n                            Sk\u0142ad: <\/strong><em>filtrowana woda, sok z aloesu*, glukozyd kokosowy (pochodzenia ro\u015blinnego), nagietek*, oliwa z oliwek ekstra virgin*, kwas lewulinowy (pochodzenia ro\u015blinnego), guma ksantanowa (pochodzenia ro\u015blinnego), rumianek*, kwas cytrynowy, olejek eteryczny z lawendy*, olejek eteryczny z rumianku*<\/em><\/p>\n<p><em>* Produkowane i uprawiane organicznie (100 % produktu)<strong>\r\n                            <\/div>\r\n                        <\/div><\/strong><\/em><\/p>\n<p><strong><div class='dropshadowboxes-container ' style='width:640px;'>\r\n                            <div class='dropshadowboxes-drop-shadow dropshadowboxes-rounded-corners dropshadowboxes-lifted-both dropshadowboxes-effect-default' style=' border: 1px solid #dddddd; height:; background-color:#91b054;    '>\r\n                            Komentarz Organicznych:<\/strong> Bardzo jestem ciekawa tego kosmetyku. Sk\u0142ad wygl\u0105da bardzo zach\u0119caj\u0105co \u2013 pytanie, jak p\u0142yn zachowuje si\u0119 na sk\u00f3rze. Mam nadziej\u0119, \u017ce b\u0119d\u0119 mia\u0142a okazj\u0119 go spr\u00f3bowa\u0107, cho\u0107 nie jest stricte przeznaczony do sk\u00f3ry z AZS. Bardzo ceni\u0119 firm\u0119 <a href=\"https:\/\/baranowscy.eu\/wordpress\/magiczny-sloiczek-odylique-z-nagietkiem\/\" target=\"_blank\">Essential Care za balsam nagietkowy<\/a>, wi\u0119c podejrzewam, \u017ce p\u0142yn do mycia mo\u017ce by\u0107 jak najbardziej pomocny w \u0142agodzeniu zmian sk\u00f3rnych. Cena do\u015b\u0107 wysoka, tak wi\u0119c tym bardziej jeste\u015bmy ciekawi, czy produkt jest wydajny.<em><strong>\r\n                            <\/div>\r\n                        <\/div><\/strong><\/em><\/p>\n<h2><strong><u>Eubiona \u2013 Bezzapachowy \u017cel pod prysznic z owsem do sk\u00f3ry wra\u017cliwej<\/u> (PRYSZNIC)<\/strong><\/h2>\n<p><a href=\"http:\/\/eubiona.com\/\"><strong>http:\/\/eubiona.com\/<\/strong><\/a><\/p>\n<p><a href=\"https:\/\/baranowscy.eu\/wordpress\/wp-content\/uploads\/2015\/06\/eubiona_zel.jpg\"><img loading=\"lazy\" decoding=\"async\" class=\"aligncenter size-full wp-image-3938\" src=\"https:\/\/baranowscy.eu\/wordpress\/wp-content\/uploads\/2015\/06\/eubiona_zel.jpg\" alt=\"eubiona_zel\" width=\"113\" height=\"270\" \/><\/a><\/p>\n<p><strong>Cena:<\/strong> od 47,90 z\u0142 za 500 ml (dost\u0119pna tak\u017ce pojemno\u015b\u0107 200 ml)<\/p>\n<p><strong>Co wyr\u00f3\u017cnia produkt:<\/strong><\/p>\n<ul>\n<li>100% sk\u0142adnik\u00f3w pochodzi z surowc\u00f3w naturalnych,<\/li>\n<li>10,2% sk\u0142adnik\u00f3w pochodzi z kontrolowanych upraw biologicznych,<\/li>\n<li>100% sk\u0142adnik\u00f3w ro\u015blinnych pochodzi z kontrolowanych upraw biologicznych,<\/li>\n<li>certyfikaty: Ecocert, CO<sub>2<\/sub> neutral,<\/li>\n<li>w sk\u0142adzie \u2013 wyci\u0105g z owsa, kt\u00f3ry \u0142agodzi \u015bwi\u0105d,<\/li>\n<li>odpowiedni dla wegan\u00f3w.<\/li>\n<\/ul>\n<p><strong>Wskazania: <\/strong>do piel\u0119gnacji wra\u017cliwej sk\u00f3ry z problemami.<\/p>\n<p><strong><div class='dropshadowboxes-container ' style='width:640px;'>\r\n                            <div class='dropshadowboxes-drop-shadow dropshadowboxes-rounded-corners dropshadowboxes-lifted-both dropshadowboxes-effect-default' style=' border: 1px solid #dddddd; height:; background-color:#fbe74d;    '>\r\n                            Sk\u0142ad: <\/strong><em>aqua, lauryl glucoside, avena sativa extract*, coco glucoside, sodium coco-sulfate, glycerin, alcohol, maris sal, betaine, glyceryl oleate, sodium cocoyl glutamate, disodium cocoyl glutamate, sodium PCA, lactic acid<\/em><\/p>\n<p>* sk\u0142adniki pochodz\u0105ce z kontrolowanych upraw biologicznych.<strong><em>\r\n                            <\/div>\r\n                        <\/div><\/em><\/strong><\/p>\n<p><strong><div class='dropshadowboxes-container ' style='width:640px;'>\r\n                            <div class='dropshadowboxes-drop-shadow dropshadowboxes-rounded-corners dropshadowboxes-lifted-both dropshadowboxes-effect-default' style=' border: 1px solid #dddddd; height:; background-color:#91b054;    '>\r\n                            Komentarz Organicznych: <\/strong>Niestety nie uda\u0142o nam si\u0119 jeszcze przetestowa\u0107 tego myd\u0142a, my\u015bl\u0119, \u017ce mo\u017ce by\u0107 bardzo delikatne i \u0142agodz\u0105ce dzi\u0119ki wyci\u0105gowi z owsa. Na pewno wypr\u00f3bujemy przy okazji.<em><strong>\r\n                            <\/div>\r\n                        <\/div><\/strong><\/em><strong>\u00a0<\/strong><\/p>\n<h2><strong><u>Lavera <\/u><\/strong><span style=\"text-decoration: underline;\">Baby &amp; Kinder Sensitiv\u00a0<\/span><strong><u>\u2013<\/u><\/strong><span style=\"text-decoration: underline;\">\u00a0Szampon i emulsja do mycia cia\u0142a z bio-wiesio\u0142kiem i bio-aloesem<\/span><strong>\u00a0(PRYSZNIC, MYCIE G\u0141OWY)<\/strong><\/h2>\n<p><strong><a href=\"http:\/\/www.lavera.com.pl\">www.lavera.com.pl<\/a><\/strong><\/p>\n<p><a href=\"https:\/\/baranowscy.eu\/wordpress\/wp-content\/uploads\/2015\/06\/laverakids_zel_szampon.png\"><img loading=\"lazy\" decoding=\"async\" class=\"aligncenter size-full wp-image-3977\" src=\"https:\/\/baranowscy.eu\/wordpress\/wp-content\/uploads\/2015\/06\/laverakids_zel_szampon.png\" alt=\"laverakids_zel_szampon\" width=\"110\" height=\"270\" \/><\/a><\/p>\n<p><strong>Cena:<\/strong> od 19,90 z\u0142 za 200 ml<\/p>\n<p><strong>Co wyr\u00f3\u017cnia produkt:<\/strong><\/p>\n<ul>\n<li>bezzapachowy,<\/li>\n<li>w sk\u0142adzie wyci\u0105g z ekologicznego wiesio\u0142ka,<\/li>\n<li>nie zawiera substancji zapachowych, barwi\u0105cych czy konserwuj\u0105cych ani myd\u0142a,<\/li>\n<li>nie zawiera wyci\u0105g\u00f3w kwiatowych i zio\u0142owych ani olejk\u00f3w eterycznych,<\/li>\n<li>produkt wega\u0144ski,<\/li>\n<li>certyfikat NaTrue.<\/li>\n<\/ul>\n<p><strong>Wskazania:<\/strong>\u00a0do piel\u0119gnacji sk\u00f3ry wra\u017cliwej, atopowej, dla dzieci od pierwszych dni \u017cycia.<\/p>\n<p><strong><div class='dropshadowboxes-container ' style='width:640px;'>\r\n                            <div class='dropshadowboxes-drop-shadow dropshadowboxes-rounded-corners dropshadowboxes-lifted-both dropshadowboxes-effect-default' style=' border: 1px solid #dddddd; height:; background-color:#fbe74d;    '>\r\n                            Sk\u0142ad:<\/strong>\u00a0w<em>ater (aqua), sodium coco-sulfate, lauryl glucoside, glycerin, aloe barbadensis beaf juice*, sea salt (maris sal), oenothera biennis (evening primrose) oil*, sodium PCA, sodium lactate, sodium cocoyl glutamate, disodium cocoyl glutamate, dipotassium glycyrrhizate<\/em><\/p>\n<p>*z upraw ekologicznych<strong><em>\r\n                            <\/div>\r\n                        <\/div><\/em><\/strong><\/p>\n<p><strong><div class='dropshadowboxes-container ' style='width:640px;'>\r\n                            <div class='dropshadowboxes-drop-shadow dropshadowboxes-rounded-corners dropshadowboxes-lifted-both dropshadowboxes-effect-default' style=' border: 1px solid #dddddd; height:; background-color:#91b054;    '>\r\n                            Komentarz Organicznych:<\/strong>\u00a0Komentarz w\u0142a\u015bciwie taki sam, jak do \u017celu da doros\u0142ych. Nie u\u017cywali\u015bmy tego produktu, natomiast sk\u0142ad wygl\u0105da do\u015b\u0107 zwyczajnie. Zast\u0105pienie SLS za pomoc\u0105 SCS (<em>sodium coco-sulfate<\/em>) nie musi ka\u017cdemu pos\u0142u\u017cy\u0107 (obie substancje s\u0105 podobne w sk\u0142adzie i dzia\u0142aniu). By\u0107 mo\u017ce reszta\u00a0kompozycji sk\u0142ada si\u0119 na dobry kosmetyk, obiecuj\u0105cy jest aloes i wiesio\u0142ek.\u00a0<strong><em>\r\n                            <\/div>\r\n                        <\/div><\/em><\/strong><\/p>\n<h2><strong><u>Lavera Neutral \u2013 Szampon i \u017cel pod prysznic dla alergik\u00f3w<\/u> (PRYSZNIC, MYCIE G\u0141OWY)<\/strong><\/h2>\n<p><strong><a href=\"http:\/\/www.lavera.com.pl\">www.lavera.com.pl<\/a><\/strong><\/p>\n<p><a href=\"https:\/\/baranowscy.eu\/wordpress\/wp-content\/uploads\/2015\/06\/lavera_zel_szampon.jpg\"><img loading=\"lazy\" decoding=\"async\" class=\"aligncenter size-full wp-image-3961\" src=\"https:\/\/baranowscy.eu\/wordpress\/wp-content\/uploads\/2015\/06\/lavera_zel_szampon.jpg\" alt=\"lavera_zel_szampon\" width=\"139\" height=\"270\" \/><\/a><\/p>\n<p><strong>Cena:<\/strong> od 27,90 od z\u0142 za 200 ml<\/p>\n<p><strong>Co wyr\u00f3\u017cnia produkt:<\/strong><\/p>\n<ul>\n<li>w sk\u0142adzie betaina, wyci\u0105g z ekologicznego wiesio\u0142ka,<\/li>\n<li>nie zawiera substancji zapachowych, barwi\u0105cych czy konserwuj\u0105cych,<\/li>\n<li>produkt wega\u0144ski,<\/li>\n<li>certyfikat NaTrue.<\/li>\n<\/ul>\n<p><strong>Wskazania:<\/strong> piel\u0119gnacja sk\u00f3ry i w\u0142os\u00f3w, do sk\u00f3ry suchej i alergicznej (z atopowym zapaleniem sk\u00f3ry).<\/p>\n<p><strong><div class='dropshadowboxes-container ' style='width:640px;'>\r\n                            <div class='dropshadowboxes-drop-shadow dropshadowboxes-rounded-corners dropshadowboxes-lifted-both dropshadowboxes-effect-default' style=' border: 1px solid #dddddd; height:; background-color:#fbe74d;    '>\r\n                            Sk\u0142ad:<\/strong> <em>water (aqua), sodium coco-sulfate, glycerin, lauryl glucoside, sodium lactate, betain, glucose glutamate, sodium cocoyl glutamate, disodium cocoyl glutamate, sea salt (maaris sal), oenothera biennis (evening primrose) flower extract*<\/em><\/p>\n<p>*z upraw ekologicznych<strong><em>\r\n                            <\/div>\r\n                        <\/div><\/em><\/strong><\/p>\n<p><strong><div class='dropshadowboxes-container ' style='width:640px;'>\r\n                            <div class='dropshadowboxes-drop-shadow dropshadowboxes-rounded-corners dropshadowboxes-lifted-both dropshadowboxes-effect-default' style=' border: 1px solid #dddddd; height:; background-color:#91b054;    '>\r\n                            Komentarz Organicznych:<\/strong> Nie u\u017cywali\u015bmy tego produktu, natomiast sk\u0142ad wygl\u0105da do\u015b\u0107 zwyczajnie. Zast\u0105pienie SLS za pomoc\u0105 SCS (<em>sodium coco-sulfate<\/em>) nie musi ka\u017cdemu pos\u0142u\u017cy\u0107 (obie substancje s\u0105 podobne w sk\u0142adzie i dzia\u0142aniu). By\u0107 mo\u017ce reszta\u00a0kompozycji sk\u0142ada si\u0119 na dobry kosmetyk.\u00a0<strong><em>\r\n                            <\/div>\r\n                        <\/div><\/em><\/strong><\/p>\n<h2><strong><u>Logona PUR \u2013 Szampon i \u017cel pod prysznic dla alergik\u00f3w<\/u> (PRYSZNIC, MYCIE G\u0141OWY)<\/strong><\/h2>\n<p><strong><a href=\"http:\/\/www.logona.pl\/\">http:\/\/www.logona.pl\/<\/a> <\/strong><\/p>\n<p><a href=\"https:\/\/baranowscy.eu\/wordpress\/wp-content\/uploads\/2015\/06\/logona_zel_szampon.jpg\"><img loading=\"lazy\" decoding=\"async\" class=\"aligncenter size-full wp-image-3941\" src=\"https:\/\/baranowscy.eu\/wordpress\/wp-content\/uploads\/2015\/06\/logona_zel_szampon.jpg\" alt=\"logona_zel_szampon\" width=\"101\" height=\"270\" \/><\/a><\/p>\n<p><strong>Cena:<\/strong> od 38,99 z\u0142 za 250 ml<\/p>\n<p><strong>Co wyr\u00f3\u017cnia produkt:<\/strong><\/p>\n<ul>\n<li>ma pozytywn\u0105 opini\u0119 Niemieckiego Zwi\u0105zku ds. Alergii i Astmy (Deutscher Allergie- und Asthmabund e.V. \u2013 DAAB),<\/li>\n<li>produkt wega\u0144ski.<\/li>\n<\/ul>\n<p><strong>Wskazania: <\/strong>codzienna piel\u0119gnacja sk\u00f3ry i w\u0142os\u00f3w przy alergicznych reakcjach na \u015brodki konserwuj\u0105ce, barwniki lub ekstrakty zio\u0142owe.<\/p>\n<p><strong><div class='dropshadowboxes-container ' style='width:640px;'>\r\n                            <div class='dropshadowboxes-drop-shadow dropshadowboxes-rounded-corners dropshadowboxes-lifted-both dropshadowboxes-effect-default' style=' border: 1px solid #dddddd; height:; background-color:#fbe74d;    '>\r\n                            Sk\u0142ad: <\/strong><em>aqua (water), alcohol*, coco glucoside, glycerin, disodium cocoyl glutamate, sodium cocoyl glutamate, glyceryl oleate, xanthan gum, sodium stearoyl lactylate, citric acid, phytic acid<\/em><\/p>\n<p>* z kontrolowanych upraw biologicznych<em><strong>\r\n                            <\/div>\r\n                        <\/div><\/strong><\/em><\/p>\n<p><strong><div class='dropshadowboxes-container ' style='width:640px;'>\r\n                            <div class='dropshadowboxes-drop-shadow dropshadowboxes-rounded-corners dropshadowboxes-lifted-both dropshadowboxes-effect-default' style=' border: 1px solid #dddddd; height:; background-color:#91b054;    '>\r\n                            Komentarz Organicznych: <\/strong>Ciekawe, \u017ce na drugim miejscu w sk\u0142adzie znajduje si\u0119 alkohol\u2026 By\u0107 mo\u017ce w u\u017cyciu kosmetyk by mnie zachwyci\u0142, sk\u0142ad mnie nie przekona\u0142 do kupna.<em><strong>\r\n                            <\/div>\r\n                        <\/div><\/strong><\/em><\/p>\n<h2><strong><span style=\"text-decoration: underline;\">Make Me BIO \u2013 I love my baby wash<\/span> (K\u0104PIEL, MYCIE W\u0141OS\u00d3W)<\/strong><\/h2>\n<p><a href=\"http:\/\/www.makemebio.pl\"><strong>www.makemebio.pl<\/strong><\/a><\/p>\n<p><strong>\u00a0<a href=\"https:\/\/baranowscy.eu\/wordpress\/wp-content\/uploads\/2015\/06\/I_love_my_baby_wash.jpg\"><img loading=\"lazy\" decoding=\"async\" class=\"aligncenter size-full wp-image-3940\" src=\"https:\/\/baranowscy.eu\/wordpress\/wp-content\/uploads\/2015\/06\/I_love_my_baby_wash.jpg\" alt=\"I_love_my_baby_wash\" width=\"202\" height=\"270\" \/><\/a><\/strong><\/p>\n<p><strong>Cena:<\/strong> 44 z\u0142 za 250 ml<\/p>\n<p><strong>Co wyr\u00f3\u017cnia produkt:<\/strong><\/p>\n<ul>\n<li>jest polski, producentem jest polska firma z J\u00f3zefowa,<\/li>\n<li>u\u0142atwia rozczesywanie w\u0142os\u00f3w.<\/li>\n<\/ul>\n<p><strong>Wskazania:<\/strong> piel\u0119gnacja sk\u00f3ry i w\u0142os\u00f3w od pierwszych dni \u017cycia.<\/p>\n<p><strong><div class='dropshadowboxes-container ' style='width:640px;'>\r\n                            <div class='dropshadowboxes-drop-shadow dropshadowboxes-rounded-corners dropshadowboxes-lifted-both dropshadowboxes-effect-default' style=' border: 1px solid #dddddd; height:; background-color:#fbe74d;    '>\r\n                            Sk\u0142ad: <\/strong><em>aqua, sodium cocoyl sarcosinate, cocomidopropyl betaine, emulsifying wax nf, persea gratissima (avocado) oil, hemp (cannabis sativa) seed oil, cocos nucifera (coconut) oil, glycerin, lactic acid, phenoxyethanol, xantham gum, citric acid, anthemis nobilis oil (camomille essential oil), lavandula officinalis (lavender) oil, fragrance<strong>\r\n                            <\/div>\r\n                        <\/div><\/strong><strong>\u00a0<\/strong><\/em><\/p>\n<p><strong><div class='dropshadowboxes-container ' style='width:640px;'>\r\n                            <div class='dropshadowboxes-drop-shadow dropshadowboxes-rounded-corners dropshadowboxes-lifted-both dropshadowboxes-effect-default' style=' border: 1px solid #dddddd; height:; background-color:#91b054;    '>\r\n                            Komentarz Organicznych:\u00a0<\/strong>Sk\u0142ad wygl\u0105da ciekawie, cho\u0107 fenoksyetanol na \u015brodkowej pozycji troch\u0119 mnie razi. U\u017cywamy innego produktu tej marki, I love my baby Oil (<a href=\"https:\/\/baranowscy.eu\/wordpress\/i-love-my-baby-oil-recenzja\/\" target=\"_blank\">tu recenzja<\/a>), st\u0105d wiemy, \u017ce firma jest godna uwagi, zw\u0142aszcza \u017ce jest polska.<em><strong>\r\n                            <\/div>\r\n                        <\/div><\/strong><\/em><strong>\u00a0<\/strong><\/p>\n<h2><strong><u>Sylveco \u2013 Kremowy szampon i p\u0142yn do k\u0105pieli<\/u> (K\u0104PIEL, PRYSZNIC I MYCIE W\u0141OS\u00d3W)<\/strong><\/h2>\n<p><strong><a href=\"http:\/\/www.sylveco.pl\">www.sylveco.pl<\/a> <\/strong><\/p>\n<p><a href=\"https:\/\/baranowscy.eu\/wordpress\/wp-content\/uploads\/2015\/06\/SYLVECO_mydlo_szampon.jpg\"><img loading=\"lazy\" decoding=\"async\" class=\"aligncenter size-full wp-image-3943\" src=\"https:\/\/baranowscy.eu\/wordpress\/wp-content\/uploads\/2015\/06\/SYLVECO_mydlo_szampon.jpg\" alt=\"SYLVECO_mydlo_szampon\" width=\"128\" height=\"270\" \/><\/a><\/p>\n<p><strong>Cena:<\/strong> od 26,90 z\u0142 za 300 ml<\/p>\n<p><strong>Co wyr\u00f3\u017cnia produkt:<\/strong><\/p>\n<ul>\n<li>jest polski \u2013 Sylveco to polska firma z siedzib\u0105 w Jasionce,<\/li>\n<li>w sk\u0142adzie: olej ze s\u0142odkich migda\u0142\u00f3w, kwas mlekowy, gliceryna, mocznik, panthenol,<\/li>\n<li>ma pozytywn\u0105 opini\u0119 Instytutu \u201ePomnik-Centrum Zdrowia Dziecka\u201d.<\/li>\n<\/ul>\n<p><strong>Wskazania: <\/strong>piel\u0119gnacja wra\u017cliwej sk\u00f3ry dzieci od pierwszych dni \u017cycia.<\/p>\n<p><strong><div class='dropshadowboxes-container ' style='width:640px;'>\r\n                            <div class='dropshadowboxes-drop-shadow dropshadowboxes-rounded-corners dropshadowboxes-lifted-both dropshadowboxes-effect-default' style=' border: 1px solid #dddddd; height:; background-color:#fbe74d;    '>\r\n                            Sk\u0142ad: <\/strong><em>woda,\u00a0 glukozyd laurylowy,\u00a0 betaina kokamidopropylowa,\u00a0 glukozyd kokosowy,\u00a0 gliceryna,\u00a0 panthenol,\u00a0 olej ze s\u0142odkich migda\u0142\u00f3w,\u00a0 kwas mlekowy,\u00a0 benzoesan sodu,\u00a0 guma guar,\u00a0 mocznik,\u00a0 olejek z sza\u0142wii muszkato\u0142owej<strong>\r\n                            <\/div>\r\n                        <\/div><\/strong><\/em><\/p>\n<div id='gallery-5' class='gallery galleryid-3887 gallery-columns-3 gallery-size-thumbnail'><figure class='gallery-item'>\n\t\t\t<div class='gallery-icon landscape'>\n\t\t\t\t<a href='https:\/\/baranowscy.eu\/wordpress\/kosmetyki-naturalne-dla-skory-z-azs-kapiel-i-prysznic\/sylveco_zel_1\/'><img loading=\"lazy\" decoding=\"async\" width=\"150\" height=\"150\" src=\"https:\/\/baranowscy.eu\/wordpress\/wp-content\/uploads\/2015\/06\/sylveco_zel_1-150x150.jpg\" class=\"attachment-thumbnail size-thumbnail\" alt=\"\" srcset=\"https:\/\/baranowscy.eu\/wordpress\/wp-content\/uploads\/2015\/06\/sylveco_zel_1-150x150.jpg 150w, https:\/\/baranowscy.eu\/wordpress\/wp-content\/uploads\/2015\/06\/sylveco_zel_1-100x100.jpg 100w\" sizes=\"auto, (max-width: 150px) 100vw, 150px\" \/><\/a>\n\t\t\t<\/div><\/figure><figure class='gallery-item'>\n\t\t\t<div class='gallery-icon landscape'>\n\t\t\t\t<a href='https:\/\/baranowscy.eu\/wordpress\/kosmetyki-naturalne-dla-skory-z-azs-kapiel-i-prysznic\/sylveco_zel_2\/'><img loading=\"lazy\" decoding=\"async\" width=\"150\" height=\"150\" src=\"https:\/\/baranowscy.eu\/wordpress\/wp-content\/uploads\/2015\/06\/sylveco_zel_2-150x150.jpg\" class=\"attachment-thumbnail size-thumbnail\" alt=\"\" srcset=\"https:\/\/baranowscy.eu\/wordpress\/wp-content\/uploads\/2015\/06\/sylveco_zel_2-150x150.jpg 150w, https:\/\/baranowscy.eu\/wordpress\/wp-content\/uploads\/2015\/06\/sylveco_zel_2-100x100.jpg 100w\" sizes=\"auto, (max-width: 150px) 100vw, 150px\" \/><\/a>\n\t\t\t<\/div><\/figure><figure class='gallery-item'>\n\t\t\t<div class='gallery-icon landscape'>\n\t\t\t\t<a href='https:\/\/baranowscy.eu\/wordpress\/kosmetyki-naturalne-dla-skory-z-azs-kapiel-i-prysznic\/sylveco_zel_3\/'><img loading=\"lazy\" decoding=\"async\" width=\"150\" height=\"150\" src=\"https:\/\/baranowscy.eu\/wordpress\/wp-content\/uploads\/2015\/06\/sylveco_zel_3-150x150.jpg\" class=\"attachment-thumbnail size-thumbnail\" alt=\"\" srcset=\"https:\/\/baranowscy.eu\/wordpress\/wp-content\/uploads\/2015\/06\/sylveco_zel_3-150x150.jpg 150w, https:\/\/baranowscy.eu\/wordpress\/wp-content\/uploads\/2015\/06\/sylveco_zel_3-100x100.jpg 100w\" sizes=\"auto, (max-width: 150px) 100vw, 150px\" \/><\/a>\n\t\t\t<\/div><\/figure>\n\t\t<\/div>\n\n<p><strong><div class='dropshadowboxes-container ' style='width:640px;'>\r\n                            <div class='dropshadowboxes-drop-shadow dropshadowboxes-rounded-corners dropshadowboxes-lifted-both dropshadowboxes-effect-default' style=' border: 1px solid #dddddd; height:; background-color:#91b054;    '>\r\n                            Komentarz Organicznych: <\/strong>Cho\u0107 p\u0142yn nie ma przeznaczenia jako kosmetyk do sk\u00f3ry atopowej, uwa\u017cam, \u017ce jest godny polecenia. Zw\u0142aszcza gdy chcemy zrobi\u0107 kr\u00f3tk\u0105 k\u0105piel atopikom \u2013 z odrobin\u0105 piany, kosmetyk bowiem, wlany do wanny, delikatnie si\u0119 pieni. Jest wydajny, delikatny, o przyjemnym zapachu. Mo\u017ce by\u0107 u\u017cywany jako myd\u0142o. Nasze dzieci polubi\u0142y te\u017c sympatyczn\u0105 s\u00f3wk\u0119, kt\u00f3r\u0105 znajdziemy na butelce.<strong>\r\n                            <\/div>\r\n                        <\/div><\/strong><\/p>\n<h2><strong><u>T\u00f6pfer \u2013 P\u0142yn 2 w 1 do mycia w\u0142os\u00f3w i cia\u0142a z ekstraktem z otr\u0119b\u00f3w pszennych i z ekstraktem z nagietka<\/u> (K\u0104PIEL, PRYSZNIC, MYCIE W\u0141OS\u00d3W)<\/strong><\/h2>\n<p><a href=\"http:\/\/www.toepfer-babywelt.de\/\"><strong>http:\/\/www.toepfer-babywelt.de\/<\/strong><\/a><\/p>\n<p><strong>\u00a0<a href=\"https:\/\/baranowscy.eu\/wordpress\/wp-content\/uploads\/2015\/06\/topfer_plyn_do_mycia.jpg\"><img loading=\"lazy\" decoding=\"async\" class=\"aligncenter size-full wp-image-3947\" src=\"https:\/\/baranowscy.eu\/wordpress\/wp-content\/uploads\/2015\/06\/topfer_plyn_do_mycia.jpg\" alt=\"topfer_plyn_do_mycia\" width=\"163\" height=\"315\" srcset=\"https:\/\/baranowscy.eu\/wordpress\/wp-content\/uploads\/2015\/06\/topfer_plyn_do_mycia.jpg 163w, https:\/\/baranowscy.eu\/wordpress\/wp-content\/uploads\/2015\/06\/topfer_plyn_do_mycia-155x300.jpg 155w\" sizes=\"auto, (max-width: 163px) 100vw, 163px\" \/><\/a><\/strong><\/p>\n<p><strong>Cena:<\/strong> od 26,99 z\u0142 za 200 ml<\/p>\n<p><strong>Co wyr\u00f3\u017cnia produkt:<\/strong><\/p>\n<ul>\n<li>certyfikat BDIH Natural Cosmetics,<\/li>\n<li>nie zawiera myd\u0142a,<\/li>\n<li>w sk\u0142adzie ekstrakt z nagietka i otr\u0119b\u00f3w pszennych.<\/li>\n<\/ul>\n<p><strong>Wskazania:<\/strong> piel\u0119gnacja sk\u00f3ry wra\u017cliwej oraz w\u0142os\u00f3w dzieci i doros\u0142ych.<\/p>\n<p><strong><div class='dropshadowboxes-container ' style='width:640px;'>\r\n                            <div class='dropshadowboxes-drop-shadow dropshadowboxes-rounded-corners dropshadowboxes-lifted-both dropshadowboxes-effect-default' style=' border: 1px solid #dddddd; height:; background-color:#fbe74d;    '>\r\n                            Sk\u0142ad: <\/strong><em>aqua, coco-glucoside, caprylyl\/capryl glucoside, glycerin, parfum**, xanthan gum, betaine, calendula officinalis flower extract*, triticum vulgare (wheat) bran extract*, sodium coco-glucoside tartrate, glyceryl oleate, hydrolyzed wheat protein, PCA glyceryl oleate, limnanthes alba (meadowfoam) seed oil, xylitylglucoside, anhydroxylitol, rosmarinus officinalis leaf extract*, xylitol, sodium PCA, sodium phytate, sodium citrate, sodium hydroxide, citric acid, d-limonene**<\/em><\/p>\n<p>* z upraw ekologicznych, ** naturalne wyci\u0105gi z ro\u015blin<strong>\r\n                            <\/div>\r\n                        <\/div><\/strong><\/p>\n<p><strong><div class='dropshadowboxes-container ' style='width:640px;'>\r\n                            <div class='dropshadowboxes-drop-shadow dropshadowboxes-rounded-corners dropshadowboxes-lifted-both dropshadowboxes-effect-default' style=' border: 1px solid #dddddd; height:; background-color:#91b054;    '>\r\n                            Komentarz Organicznych:\u00a0<\/strong>Jeszcze nie mieli\u015bmy okazji spr\u00f3bowa\u0107 tego p\u0142ynu. <strong>Sk\u0142ad jest zach\u0119caj\u0105cy, cena nam si\u0119 podoba, firma ma te\u017c dobr\u0105 opini\u0119.<\/strong> Sprawdzimy przy najbli\u017cszej okazji!<strong>\r\n                            <\/div>\r\n                        <\/div><\/strong><\/p>\n<h2><strong><u>T\u00f6pfer \u2013 Proszek do k\u0105pieli dla niemowl\u0105t z ekstraktem z otr\u0119b\u00f3w pszennych i oliw\u0105 z oliwek<\/u><\/strong> <strong>(K\u0104PIEL)<\/strong><\/h2>\n<p><a href=\"http:\/\/www.toepfer-babywelt.de\/\"><strong>http:\/\/www.toepfer-babywelt.de\/<\/strong><\/a><\/p>\n<p><strong>\u00a0<a href=\"https:\/\/baranowscy.eu\/wordpress\/wp-content\/uploads\/2015\/06\/topfer_proszek_do_kapieli.jpg\"><img loading=\"lazy\" decoding=\"async\" class=\"aligncenter size-full wp-image-3948\" src=\"https:\/\/baranowscy.eu\/wordpress\/wp-content\/uploads\/2015\/06\/topfer_proszek_do_kapieli.jpg\" alt=\"topfer_proszek_do_kapieli\" width=\"160\" height=\"276\" \/><\/a><\/strong><\/p>\n<p><strong>Cena:<\/strong>\u00a0od 25,53 z\u0142 za 250 g (dost\u0119pne r\u00f3wnie\u017c opakowanie 75 g)<\/p>\n<p><strong>Co wyr\u00f3\u017cnia produkt:<\/strong><\/p>\n<ul>\n<li>ma posta\u0107 pudru,<\/li>\n<li>certyfikat BDIH Natural Cosmetics,<\/li>\n<li>w sk\u0142adzie m.in. otr\u0119by pszenne, oliwa z oliwek, olejek z migda\u0142\u00f3w, jojoby.<\/li>\n<\/ul>\n<p><strong>Wskazania:\u00a0<\/strong>do k\u0105pieli dla bardzo wra\u017cliwej i podra\u017cnionej sk\u00f3ry, zast\u0119puje myd\u0142o. Do stosowania od pierwszego dnia \u017cycia. R\u00f3wnie\u017c dla doros\u0142ych.<\/p>\n<p><strong><div class='dropshadowboxes-container ' style='width:640px;'>\r\n                            <div class='dropshadowboxes-drop-shadow dropshadowboxes-rounded-corners dropshadowboxes-lifted-both dropshadowboxes-effect-default' style=' border: 1px solid #dddddd; height:; background-color:#fbe74d;    '>\r\n                            Sk\u0142ad: <\/strong><em>otr\u0119by pszenne*, laktoza, olejek z oliwki europejskiej*, olejek z migda\u0142\u00f3w*, olejek z jojoby*, olejek z nasion meadowfoam, olejek z rumianku pospolitego*, olejek z lawendy prawdziwej*, olejek z sza\u0142wii lekarskiej*, olejek z rozmarynu, olejek z jod\u0142y syberyjskiej*, olejek z sosny zwyczajnej**, olejek z kopaiwy**, tokoferol, lecytyna, stearynian gliceryny, palmitynian askorbylu, oleinian glicerolu, kwas cytrynowy<\/em><\/p>\n<p>* sk\u0142adniki pochodz\u0105ce z kontrolowanych upraw ekologicznych,\u00a0**naturalne olejki eteryczne<strong>\r\n                            <\/div>\r\n                        <\/div><\/strong><\/p>\n<p><strong><div class='dropshadowboxes-container ' style='width:640px;'>\r\n                            <div class='dropshadowboxes-drop-shadow dropshadowboxes-rounded-corners dropshadowboxes-lifted-both dropshadowboxes-effect-default' style=' border: 1px solid #dddddd; height:; background-color:#91b054;    '>\r\n                            Komentarz Organicznych:\u00a0<\/strong>Do\u015b\u0107 oryginalny pomys\u0142 na k\u0105piel &#8211; dzi\u0119ki konsystencji pudru <strong>w kosmetyku nie ma wody, dzi\u0119ki czemu jest on zapewne bardzo wydajny<\/strong> (jedna nakr\u0119tka pudru na jedn\u0105 k\u0105piel). Sk\u0142ad zach\u0119caj\u0105cy, dzi\u0119ki otr\u0119bom pszennym mo\u017ce znacz\u0105co wp\u0142ywa\u0107 na <strong>\u0142agodzenie podra\u017cnie\u0144<\/strong>. Przy okazji ch\u0119tnie wypr\u00f3bujemy!<strong>\r\n                            <\/div>\r\n                        <\/div><\/strong><\/p>\n<h2><strong><u>Weleda \u2013 Balsam do mycia i szampon z nagietkiem<\/u> (PRYSZNIC I MYCIE G\u0141OWY)<\/strong><\/h2>\n<p><a href=\"http:\/\/www.weleda.com\"><strong>www.weleda.com<\/strong><\/a><\/p>\n<p><strong>\u00a0<a href=\"https:\/\/baranowscy.eu\/wordpress\/wp-content\/uploads\/2015\/06\/weleda_nagietek_zel_szampon.jpg\"><img loading=\"lazy\" decoding=\"async\" class=\"aligncenter size-full wp-image-3950\" src=\"https:\/\/baranowscy.eu\/wordpress\/wp-content\/uploads\/2015\/06\/weleda_nagietek_zel_szampon.jpg\" alt=\"weleda_nagietek_zel_szampon\" width=\"148\" height=\"270\" \/><\/a><\/strong><\/p>\n<p><strong>Cena:<\/strong> z\u0142 za 200 ml<\/p>\n<p><strong>Co wyr\u00f3\u017cnia produkt:<\/strong><\/p>\n<ul>\n<li>w sk\u0142adzie od\u017cywcze oleje z sezamu i migda\u0142\u00f3w, kt\u00f3re chroni\u0105 sk\u00f3r\u0119 i w\u0142osy przed przesuszeniem, oraz \u0142agodz\u0105cy wyci\u0105g z nagietka,<\/li>\n<li>nie podra\u017cnia oczu,<\/li>\n<li>nie zawiera myd\u0142a,<\/li>\n<li>certyfikat NaTrue, z cz\u0119\u015bciow\u0105 zawarto\u015bci\u0105 sk\u0142adnik\u00f3w pochodz\u0105cych z upraw organicznych<\/li>\n<\/ul>\n<p><strong>Wskazania:<\/strong> do piel\u0119gnacji sk\u00f3ry wra\u017cliwej, r\u00f3wnie\u017c atopowej, od pierwszych dni \u017cycia.<\/p>\n<p><strong><div class='dropshadowboxes-container ' style='width:640px;'>\r\n                            <div class='dropshadowboxes-drop-shadow dropshadowboxes-rounded-corners dropshadowboxes-lifted-both dropshadowboxes-effect-default' style=' border: 1px solid #dddddd; height:; background-color:#fbe74d;    '>\r\n                            Sk\u0142ad:<\/strong> <em>water (aqua), coco-glucoside, prunus amygdalus dulcis (sweet almond) oil, alcohol, disodium cocoyl glutamate, sesamum indicum (sesame) seed oil, glycerin, chondrus crispus (carrageenan) extract, sodium cocoyl glutamate, calendula officinalis flower extract, xanthan gum, lactic acid, fragrance (parfum)*, limonene*, linalool*<\/em><\/p>\n<p>* z naturalnych olejk\u00f3w eterycznych<strong>\r\n                            <\/div>\r\n                        <\/div><\/strong><\/p>\n<p><strong><div class='dropshadowboxes-container ' style='width:640px;'>\r\n                            <div class='dropshadowboxes-drop-shadow dropshadowboxes-rounded-corners dropshadowboxes-lifted-both dropshadowboxes-effect-default' style=' border: 1px solid #dddddd; height:; background-color:#91b054;    '>\r\n                            Komentarz Organicznych: <\/strong>Z przykro\u015bci\u0105 dowiedzia\u0142am si\u0119, \u017ce Weleda nie ma swojego dystrybutora w Polsce i sklepy sprowadzaj\u0105 kosmetyki tej firmy na w\u0142asn\u0105 r\u0119k\u0119. A to oznacza, \u017ce dost\u0119pno\u015b\u0107 produkt\u00f3w Weleda w Polsce jest utrudniona. Mo\u017ce te\u017c r\u00f3\u017cni\u0107 si\u0119 polskie nazewnictwo kosmetyk\u00f3w.<\/p>\n<p>\u017bel-szampon Weleda ma chyba najmniej zach\u0119caj\u0105cy sk\u0142ad z ca\u0142ej serii, mo\u017ce by\u0107 jednak wygodnym kosmetykiem np. w podr\u00f3\u017cy. Jeszcze nie testowali\u015bmy.<strong>\r\n                            <\/div>\r\n                        <\/div><\/strong><\/p>\n<h2><strong><u>Weleda \u2013 Kremowy p\u0142yn do k\u0105pieli z nagietkiem<\/u> (K\u0104PIEL)<\/strong><\/h2>\n<p><strong><a href=\"http:\/\/www.weleda.com\">www.weleda.com<\/a>,\u00a0<a href=\"http:\/\/naturvita.pl\/\" target=\"_blank\">http:\/\/naturvita.pl\/<\/a><\/strong><\/p>\n<p><a href=\"https:\/\/baranowscy.eu\/wordpress\/wp-content\/uploads\/2015\/06\/weleda_kemowy_krem_do_kapieli.jpg\"><img loading=\"lazy\" decoding=\"async\" class=\"aligncenter size-full wp-image-3952\" src=\"https:\/\/baranowscy.eu\/wordpress\/wp-content\/uploads\/2015\/06\/weleda_kemowy_krem_do_kapieli.jpg\" alt=\"weleda_kemowy_krem_do_kapieli\" width=\"117\" height=\"270\" \/><\/a><\/p>\n<p><strong>Cena:<\/strong>\u00a0od 39,60 z\u0142 za 200 ml (dost\u0119pne r\u00f3wnie\u017c opakowanie mini, 10 ml)<\/p>\n<p><strong>Co wyr\u00f3\u017cnia produkt:<\/strong><\/p>\n<ul>\n<li>g\u0119sty, kremowy p\u0142yn do k\u0105pieli dla dzieci i niemowl\u0105t,<\/li>\n<li>w sk\u0142adzie wyci\u0105g z nagietka, olej migda\u0142owy i sezamowy,<\/li>\n<li>certyfikat NaTrue: co najmniej 70% sk\u0142adnik\u00f3w pochodzenia naturalnego pochodzi z certyfikowanych upraw organicznych i\/b\u0105d\u017a kontrolowanych dzikich zbior\u00f3w.<\/li>\n<\/ul>\n<p><strong>Wskazania: <\/strong>do piel\u0119gnacji wra\u017cliwej sk\u00f3ry dzieci, niemowl\u0105t, a tak\u017ce doros\u0142ych.<\/p>\n<p><strong><div class='dropshadowboxes-container ' style='width:640px;'>\r\n                            <div class='dropshadowboxes-drop-shadow dropshadowboxes-rounded-corners dropshadowboxes-lifted-both dropshadowboxes-effect-default' style=' border: 1px solid #dddddd; height:; background-color:#fbe74d;    '>\r\n                            Sk\u0142ad: <\/strong><em>water (aqua), prunus amygdalus dulcis (sweet almond) oil, sesamum indicum (sesame) seed oil, alcohol, glycerin, calendula officinalis extract, glyceryl stearate SE, fragrance (parfum)*, xanthan gum, glyceryl stearate citrate, limonene*, linalool*<\/em><\/p>\n<p>* z naturalnych olejk\u00f3w eterycznych<strong>\r\n                            <\/div>\r\n                        <\/div><\/strong><\/p>\n<div id='gallery-6' class='gallery galleryid-3887 gallery-columns-3 gallery-size-full'><figure class='gallery-item'>\n\t\t\t<div class='gallery-icon landscape'>\n\t\t\t\t<a href='https:\/\/baranowscy.eu\/wordpress\/kosmetyki-naturalne-dla-skory-z-azs-kapiel-i-prysznic\/weleda_kapiel_nagietek_2\/'><img loading=\"lazy\" decoding=\"async\" width=\"640\" height=\"427\" src=\"https:\/\/baranowscy.eu\/wordpress\/wp-content\/uploads\/2015\/06\/weleda_kapiel_nagietek_2.jpg\" class=\"attachment-full size-full\" alt=\"\" srcset=\"https:\/\/baranowscy.eu\/wordpress\/wp-content\/uploads\/2015\/06\/weleda_kapiel_nagietek_2.jpg 640w, https:\/\/baranowscy.eu\/wordpress\/wp-content\/uploads\/2015\/06\/weleda_kapiel_nagietek_2-300x200.jpg 300w, https:\/\/baranowscy.eu\/wordpress\/wp-content\/uploads\/2015\/06\/weleda_kapiel_nagietek_2-600x400.jpg 600w\" sizes=\"auto, (max-width: 640px) 100vw, 640px\" \/><\/a>\n\t\t\t<\/div><\/figure><figure class='gallery-item'>\n\t\t\t<div class='gallery-icon landscape'>\n\t\t\t\t<a href='https:\/\/baranowscy.eu\/wordpress\/kosmetyki-naturalne-dla-skory-z-azs-kapiel-i-prysznic\/weleda_kapiel_nagietek_3\/'><img loading=\"lazy\" decoding=\"async\" width=\"640\" height=\"427\" src=\"https:\/\/baranowscy.eu\/wordpress\/wp-content\/uploads\/2015\/06\/weleda_kapiel_nagietek_3.jpg\" class=\"attachment-full size-full\" alt=\"\" srcset=\"https:\/\/baranowscy.eu\/wordpress\/wp-content\/uploads\/2015\/06\/weleda_kapiel_nagietek_3.jpg 640w, https:\/\/baranowscy.eu\/wordpress\/wp-content\/uploads\/2015\/06\/weleda_kapiel_nagietek_3-300x200.jpg 300w, https:\/\/baranowscy.eu\/wordpress\/wp-content\/uploads\/2015\/06\/weleda_kapiel_nagietek_3-600x400.jpg 600w\" sizes=\"auto, (max-width: 640px) 100vw, 640px\" \/><\/a>\n\t\t\t<\/div><\/figure><figure class='gallery-item'>\n\t\t\t<div class='gallery-icon landscape'>\n\t\t\t\t<a href='https:\/\/baranowscy.eu\/wordpress\/kosmetyki-naturalne-dla-skory-z-azs-kapiel-i-prysznic\/weleda_kapiel_nagietek_1\/'><img loading=\"lazy\" decoding=\"async\" width=\"640\" height=\"427\" src=\"https:\/\/baranowscy.eu\/wordpress\/wp-content\/uploads\/2015\/06\/weleda_kapiel_nagietek_1.jpg\" class=\"attachment-full size-full\" alt=\"\" srcset=\"https:\/\/baranowscy.eu\/wordpress\/wp-content\/uploads\/2015\/06\/weleda_kapiel_nagietek_1.jpg 640w, https:\/\/baranowscy.eu\/wordpress\/wp-content\/uploads\/2015\/06\/weleda_kapiel_nagietek_1-300x200.jpg 300w, https:\/\/baranowscy.eu\/wordpress\/wp-content\/uploads\/2015\/06\/weleda_kapiel_nagietek_1-600x400.jpg 600w\" sizes=\"auto, (max-width: 640px) 100vw, 640px\" \/><\/a>\n\t\t\t<\/div><\/figure><figure class='gallery-item'>\n\t\t\t<div class='gallery-icon landscape'>\n\t\t\t\t<a href='https:\/\/baranowscy.eu\/wordpress\/kosmetyki-naturalne-dla-skory-z-azs-kapiel-i-prysznic\/kapiel_weleda_2\/'><img loading=\"lazy\" decoding=\"async\" width=\"640\" height=\"427\" src=\"https:\/\/baranowscy.eu\/wordpress\/wp-content\/uploads\/2015\/06\/kapiel_weleda_2.jpg\" class=\"attachment-full size-full\" alt=\"\" srcset=\"https:\/\/baranowscy.eu\/wordpress\/wp-content\/uploads\/2015\/06\/kapiel_weleda_2.jpg 640w, https:\/\/baranowscy.eu\/wordpress\/wp-content\/uploads\/2015\/06\/kapiel_weleda_2-300x200.jpg 300w, https:\/\/baranowscy.eu\/wordpress\/wp-content\/uploads\/2015\/06\/kapiel_weleda_2-600x400.jpg 600w\" sizes=\"auto, (max-width: 640px) 100vw, 640px\" \/><\/a>\n\t\t\t<\/div><\/figure>\n\t\t<\/div>\n\n<p><strong><div class='dropshadowboxes-container ' style='width:640px;'>\r\n                            <div class='dropshadowboxes-drop-shadow dropshadowboxes-rounded-corners dropshadowboxes-lifted-both dropshadowboxes-effect-default' style=' border: 1px solid #dddddd; height:; background-color:#91b054;    '>\r\n                            Komentarz Organicznych: <\/strong>Wypr\u00f3bowali\u015bmy kremow\u0105 k\u0105piel (w wersji mini) i musz\u0119 przyzna\u0107, \u017ce zaskoczy\u0142 mnie niezwykle przyjemny zapach p\u0142ynu, zapewne zas\u0142uga nagietka. Ch\u0142opcy pewnie liczyli na pian\u0119, p\u0142yn jedynie zmienia kolor wody na bia\u0142y, jednak i tak byli zadowoleni z k\u0105pieli (ze wzgl\u0119du na AZS k\u0105pi\u0105 si\u0119 raz na tydzie\u0144, a myj\u0105 co drugi dzie\u0144).<\/p>\n<p>Martwi\u0142am si\u0119 o alkohol w sk\u0142adzie, jednak tak rozcie\u0144czony nie powinien podra\u017cnia\u0107 sk\u00f3ry (co innego by\u0142oby w mydle). P\u0142yn jest raczej wydajny &#8211; buteleczka 10 ml starczy\u0142a na dwie k\u0105piele (czyli umycie czworga dzieci), na pewno w wypadku k\u0105pania niemowl\u0105t potrzeba jeszcze mniej kosmetyku. Myje delikatnie, dlatego przy starszych dzieciach moim zdaniem potrzebne jest dodatkowe potraktowanie\u00a0np. pupy i st\u00f3p jeszcze jakim\u015b myd\u0142em. Po k\u0105pieli sk\u00f3ra ch\u0142opc\u00f3w by\u0142a delikatnie nawil\u017cona.<\/p>\n<p>U\u017cywali\u015bmy kosmetyk\u00f3w z nagietkiem Weledy po raz pierwszy i jestem bardzo mile zaskoczona. Zdecydowanie s\u0105 warte uwagi. Dzi\u0119kujemy <a href=\"http:\/\/naturvita.pl\/\" target=\"_blank\">Naturvita.pl<\/a> za przys\u0142anie miniproduktu.\u00a0<strong>\r\n                            <\/div>\r\n                        <\/div><\/strong><\/p>\n<h2><\/h2>\n<h2><strong><u>Weleda \u2013\u00a0<\/u><u>Nagietkowy p\u0142yn do k\u0105pieli z wyci\u0105giem z zi\u00f3\u0142 leczniczych<\/u> (K\u0104PIEL)<\/strong><\/h2>\n<p><a href=\"http:\/\/www.weleda.com\"><strong>www.weleda.com<\/strong><\/a><\/p>\n<p><a href=\"https:\/\/baranowscy.eu\/wordpress\/wp-content\/uploads\/2015\/06\/Weleda_nagietek_plyn_do_kapieli.jpg\"><img loading=\"lazy\" decoding=\"async\" class=\"aligncenter size-full wp-image-3949\" src=\"https:\/\/baranowscy.eu\/wordpress\/wp-content\/uploads\/2015\/06\/Weleda_nagietek_plyn_do_kapieli.jpg\" alt=\"Weleda_nagietek_plyn_do_kapieli\" width=\"116\" height=\"270\" \/><\/a><\/p>\n<p><strong>Cena:<\/strong> od 46,45 z\u0142 za 200 ml<\/p>\n<p><strong>Co wyr\u00f3\u017cnia produkt:<\/strong><\/p>\n<ul>\n<li>w sk\u0142adzie wyci\u0105gi z owoc\u00f3w \u015bliwy, tarniny, tymianku i nagietka,<\/li>\n<li>ma dzia\u0142anie \u0142agodz\u0105ce i uspokajaj\u0105ce,<\/li>\n<li>odpowiednie dla wegetarian\u00f3w,<\/li>\n<li>certyfikat NaTrue: co najmniej 70% sk\u0142adnik\u00f3w pochodzenia naturalnego pochodzi z certyfikowanych upraw organicznych i\/b\u0105d\u017a kontrolowanych dzikich zbior\u00f3w.<\/li>\n<\/ul>\n<p><strong>Wskazania: <\/strong>piel\u0119gnacja sk\u00f3ry od pierwszych dni \u017cycia, tak\u017ce dla doros\u0142ych; odpowiedni do sk\u00f3ry wra\u017cliwej i atopowej.<\/p>\n<p><strong><div class='dropshadowboxes-container ' style='width:640px;'>\r\n                            <div class='dropshadowboxes-drop-shadow dropshadowboxes-rounded-corners dropshadowboxes-lifted-both dropshadowboxes-effect-default' style=' border: 1px solid #dddddd; height:; background-color:#fbe74d;    '>\r\n                            Sk\u0142ad: <\/strong><em>water (aqua), sodium chloride, prunus spinosa fruit juice, thymus vulgaris (thyme) extract, calendula officinalis flower extract, fragrance (parfum)*, silica, xanthan gum, limonene*, linalool*, geraniol*<\/em><\/p>\n<p>*\u00a0z naturalnych olejk\u00f3w eterycznych<strong>\r\n                            <\/div>\r\n                        <\/div><\/strong><\/p>\n<p><strong><div class='dropshadowboxes-container ' style='width:640px;'>\r\n                            <div class='dropshadowboxes-drop-shadow dropshadowboxes-rounded-corners dropshadowboxes-lifted-both dropshadowboxes-effect-default' style=' border: 1px solid #dddddd; height:; background-color:#91b054;    '>\r\n                            Komentarz Organicznych: <\/strong>Z przykro\u015bci\u0105 dowiedzia\u0142am si\u0119, \u017ce <strong>Weleda nie ma swojego dystrybutora w Polsce<\/strong> i sklepy sprowadzaj\u0105 kosmetyki tej firmy na w\u0142asn\u0105 r\u0119k\u0119. A to oznacza, \u017ce dost\u0119pno\u015b\u0107 produkt\u00f3w Weleda w Polsce jest utrudniona. Mo\u017ce te\u017c r\u00f3\u017cni\u0107 si\u0119 polskie nazewnictwo kosmetyk\u00f3w.<\/p>\n<p>Nagietkowy p\u0142yn do k\u0105pieli z wyci\u0105giem z zi\u00f3\u0142 leczniczych wydaje si\u0119 do\u015b\u0107 drogi, mo\u017ce by\u0107 jednak wydajny. Weleda s\u0142ynie z kosmetyk\u00f3w o bardzo wysokich standardach jako\u015bci. Mamy nadziej\u0119 ju\u017c niebawem wypr\u00f3bowa\u0107 ten p\u0142yn i napisa\u0107 o nim wi\u0119cej.<strong>\r\n                            <\/div>\r\n                        <\/div><\/strong><\/p>\n","protected":false},"excerpt":{"rendered":"<p>Nadszed\u0142 czas na kosmetyki do mycia, kt\u00f3re w odr\u00f3\u017cnieniu od zwyk\u0142ych dermokosmetyk\u00f3w nie zawieraj\u0105 kontrowersyjnych substancji, podejrzewanych o wywo\u0142ywanie podra\u017cnie\u0144 czy alergii. Wyselekcjonowa\u0142am kosmetyki naturalne&hellip;<\/p>\n","protected":false},"author":1,"featured_media":3954,"comment_status":"open","ping_status":"open","sticky":false,"template":"","format":"standard","meta":{"_jetpack_memberships_contains_paid_content":false,"footnotes":""},"categories":[416,5,101,89,20],"tags":[459,736,772,219,386,737,441,771,740,44,463,738,666,11,1337,10,438,743,417,700,464,462,702,665,741,742,739],"class_list":["post-3887","post","type-post","status-publish","format-standard","has-post-thumbnail","hentry","category-atopowe-zapalenie-skory-azs","category-kosmetyki","category-kosmetyki-i-pielegnacja","category-pielegnacja-ciala-i-dloni","category-recenzje","tag-alphanova-bebe","tag-anthyllis-baby","tag-aubrey","tag-azs","tag-babydream","tag-babydream-med","tag-balm-balm","tag-bjobj","tag-calendula","tag-dzieci","tag-essential-care","tag-eubiona","tag-kapiel","tag-kosmetyki-ekologiczne","tag-kosmetyki","tag-kosmetyki-naturalne","tag-lavera","tag-logona","tag-make-me-bio","tag-mydlo","tag-nagietek","tag-odylique","tag-owies","tag-prysznic","tag-szampon","tag-topfer","tag-weleda"],"yoast_head":"<!-- This site is optimized with the Yoast SEO plugin v27.4 - https:\/\/yoast.com\/product\/yoast-seo-wordpress\/ -->\n<title>Kosmetyki naturalne dla sk\u00f3ry z AZS \u2013 k\u0105piel i prysznic - organiczni.eu<\/title>\n<meta name=\"robots\" content=\"index, follow, max-snippet:-1, max-image-preview:large, max-video-preview:-1\" \/>\n<link rel=\"canonical\" href=\"https:\/\/baranowscy.eu\/wordpress\/kosmetyki-naturalne-dla-skory-z-azs-kapiel-i-prysznic\/\" \/>\n<meta property=\"og:locale\" content=\"pl_PL\" \/>\n<meta property=\"og:type\" content=\"article\" \/>\n<meta property=\"og:title\" content=\"Kosmetyki naturalne dla sk\u00f3ry z AZS \u2013 k\u0105piel i prysznic - organiczni.eu\" \/>\n<meta property=\"og:description\" content=\"Nadszed\u0142 czas na kosmetyki do mycia, kt\u00f3re w odr\u00f3\u017cnieniu od zwyk\u0142ych dermokosmetyk\u00f3w nie zawieraj\u0105 kontrowersyjnych substancji, podejrzewanych o wywo\u0142ywanie podra\u017cnie\u0144 czy alergii. Wyselekcjonowa\u0142am kosmetyki naturalne&hellip;\" \/>\n<meta property=\"og:url\" content=\"https:\/\/baranowscy.eu\/wordpress\/kosmetyki-naturalne-dla-skory-z-azs-kapiel-i-prysznic\/\" \/>\n<meta property=\"og:site_name\" content=\"organiczni.eu\" \/>\n<meta property=\"article:publisher\" content=\"https:\/\/www.facebook.com\/organiczni\/\" \/>\n<meta property=\"article:published_time\" content=\"2015-06-21T20:05:42+00:00\" \/>\n<meta property=\"article:modified_time\" content=\"2016-11-18T20:53:05+00:00\" \/>\n<meta property=\"og:image\" content=\"https:\/\/baranowscy.eu\/wordpress\/wp-content\/uploads\/2015\/06\/kosmetyki_naturalne_AZS_kapiel.jpg\" \/>\n\t<meta property=\"og:image:width\" content=\"640\" \/>\n\t<meta property=\"og:image:height\" content=\"447\" \/>\n\t<meta property=\"og:image:type\" content=\"image\/jpeg\" \/>\n<meta name=\"author\" content=\"joanna\" \/>\n<meta name=\"twitter:card\" content=\"summary_large_image\" \/>\n<meta name=\"twitter:label1\" content=\"Napisane przez\" \/>\n\t<meta name=\"twitter:data1\" content=\"joanna\" \/>\n\t<meta name=\"twitter:label2\" content=\"Szacowany czas czytania\" \/>\n\t<meta name=\"twitter:data2\" content=\"29 minut\" \/>\n<script type=\"application\/ld+json\" class=\"yoast-schema-graph\">{\"@context\":\"https:\\\/\\\/schema.org\",\"@graph\":[{\"@type\":\"Article\",\"@id\":\"https:\\\/\\\/baranowscy.eu\\\/wordpress\\\/kosmetyki-naturalne-dla-skory-z-azs-kapiel-i-prysznic\\\/#article\",\"isPartOf\":{\"@id\":\"https:\\\/\\\/baranowscy.eu\\\/wordpress\\\/kosmetyki-naturalne-dla-skory-z-azs-kapiel-i-prysznic\\\/\"},\"author\":{\"name\":\"joanna\",\"@id\":\"https:\\\/\\\/baranowscy.eu\\\/wordpress\\\/#\\\/schema\\\/person\\\/741d5f1f3fd2833c5ca2ffdaaa93dc73\"},\"headline\":\"Kosmetyki naturalne dla sk\u00f3ry z AZS \u2013 k\u0105piel i prysznic\",\"datePublished\":\"2015-06-21T20:05:42+00:00\",\"dateModified\":\"2016-11-18T20:53:05+00:00\",\"mainEntityOfPage\":{\"@id\":\"https:\\\/\\\/baranowscy.eu\\\/wordpress\\\/kosmetyki-naturalne-dla-skory-z-azs-kapiel-i-prysznic\\\/\"},\"wordCount\":5895,\"commentCount\":8,\"publisher\":{\"@id\":\"https:\\\/\\\/baranowscy.eu\\\/wordpress\\\/#organization\"},\"image\":{\"@id\":\"https:\\\/\\\/baranowscy.eu\\\/wordpress\\\/kosmetyki-naturalne-dla-skory-z-azs-kapiel-i-prysznic\\\/#primaryimage\"},\"thumbnailUrl\":\"https:\\\/\\\/baranowscy.eu\\\/wordpress\\\/wp-content\\\/uploads\\\/2015\\\/06\\\/kosmetyki_naturalne_AZS_kapiel.jpg\",\"keywords\":[\"Alphanova Bebe\",\"Anthyllis Baby\",\"Aubrey\",\"AZS\",\"Babydream\",\"Babydream Med\",\"Balm Balm\",\"BjoBj\",\"Calendula\",\"dzieci\",\"Essential Care\",\"Eubiona\",\"k\u0105piel\",\"kosmetyki ekologiczne\",\"kosmetyki i piel\u0119gnacja\",\"kosmetyki naturalne\",\"Lavera\",\"Logona\",\"Make Me Bio\",\"myd\u0142o\",\"nagietek\",\"Odylique\",\"owies\",\"prysznic\",\"szampon\",\"T\u00f6pfer\",\"Weleda\"],\"articleSection\":[\"atopowe zapalenie sk\u00f3ry - AZS\",\"kosmetyki i piel\u0119gnacja\",\"kosmetyki i piel\u0119gnacja\",\"piel\u0119gnacja cia\u0142a i d\u0142oni\",\"recenzje\"],\"inLanguage\":\"pl-PL\",\"potentialAction\":[{\"@type\":\"CommentAction\",\"name\":\"Comment\",\"target\":[\"https:\\\/\\\/baranowscy.eu\\\/wordpress\\\/kosmetyki-naturalne-dla-skory-z-azs-kapiel-i-prysznic\\\/#respond\"]}]},{\"@type\":\"WebPage\",\"@id\":\"https:\\\/\\\/baranowscy.eu\\\/wordpress\\\/kosmetyki-naturalne-dla-skory-z-azs-kapiel-i-prysznic\\\/\",\"url\":\"https:\\\/\\\/baranowscy.eu\\\/wordpress\\\/kosmetyki-naturalne-dla-skory-z-azs-kapiel-i-prysznic\\\/\",\"name\":\"Kosmetyki naturalne dla sk\u00f3ry z AZS \u2013 k\u0105piel i prysznic - organiczni.eu\",\"isPartOf\":{\"@id\":\"https:\\\/\\\/baranowscy.eu\\\/wordpress\\\/#website\"},\"primaryImageOfPage\":{\"@id\":\"https:\\\/\\\/baranowscy.eu\\\/wordpress\\\/kosmetyki-naturalne-dla-skory-z-azs-kapiel-i-prysznic\\\/#primaryimage\"},\"image\":{\"@id\":\"https:\\\/\\\/baranowscy.eu\\\/wordpress\\\/kosmetyki-naturalne-dla-skory-z-azs-kapiel-i-prysznic\\\/#primaryimage\"},\"thumbnailUrl\":\"https:\\\/\\\/baranowscy.eu\\\/wordpress\\\/wp-content\\\/uploads\\\/2015\\\/06\\\/kosmetyki_naturalne_AZS_kapiel.jpg\",\"datePublished\":\"2015-06-21T20:05:42+00:00\",\"dateModified\":\"2016-11-18T20:53:05+00:00\",\"breadcrumb\":{\"@id\":\"https:\\\/\\\/baranowscy.eu\\\/wordpress\\\/kosmetyki-naturalne-dla-skory-z-azs-kapiel-i-prysznic\\\/#breadcrumb\"},\"inLanguage\":\"pl-PL\",\"potentialAction\":[{\"@type\":\"ReadAction\",\"target\":[\"https:\\\/\\\/baranowscy.eu\\\/wordpress\\\/kosmetyki-naturalne-dla-skory-z-azs-kapiel-i-prysznic\\\/\"]}]},{\"@type\":\"ImageObject\",\"inLanguage\":\"pl-PL\",\"@id\":\"https:\\\/\\\/baranowscy.eu\\\/wordpress\\\/kosmetyki-naturalne-dla-skory-z-azs-kapiel-i-prysznic\\\/#primaryimage\",\"url\":\"https:\\\/\\\/baranowscy.eu\\\/wordpress\\\/wp-content\\\/uploads\\\/2015\\\/06\\\/kosmetyki_naturalne_AZS_kapiel.jpg\",\"contentUrl\":\"https:\\\/\\\/baranowscy.eu\\\/wordpress\\\/wp-content\\\/uploads\\\/2015\\\/06\\\/kosmetyki_naturalne_AZS_kapiel.jpg\",\"width\":640,\"height\":447},{\"@type\":\"BreadcrumbList\",\"@id\":\"https:\\\/\\\/baranowscy.eu\\\/wordpress\\\/kosmetyki-naturalne-dla-skory-z-azs-kapiel-i-prysznic\\\/#breadcrumb\",\"itemListElement\":[{\"@type\":\"ListItem\",\"position\":1,\"name\":\"Strona g\u0142\u00f3wna\",\"item\":\"https:\\\/\\\/baranowscy.eu\\\/wordpress\\\/\"},{\"@type\":\"ListItem\",\"position\":2,\"name\":\"Kosmetyki naturalne dla sk\u00f3ry z AZS \u2013 k\u0105piel i prysznic\"}]},{\"@type\":\"WebSite\",\"@id\":\"https:\\\/\\\/baranowscy.eu\\\/wordpress\\\/#website\",\"url\":\"https:\\\/\\\/baranowscy.eu\\\/wordpress\\\/\",\"name\":\"organiczni.eu\",\"description\":\"Najbardziej wszechstronny blog ekologiczny\",\"publisher\":{\"@id\":\"https:\\\/\\\/baranowscy.eu\\\/wordpress\\\/#organization\"},\"potentialAction\":[{\"@type\":\"SearchAction\",\"target\":{\"@type\":\"EntryPoint\",\"urlTemplate\":\"https:\\\/\\\/baranowscy.eu\\\/wordpress\\\/?s={search_term_string}\"},\"query-input\":{\"@type\":\"PropertyValueSpecification\",\"valueRequired\":true,\"valueName\":\"search_term_string\"}}],\"inLanguage\":\"pl-PL\"},{\"@type\":\"Organization\",\"@id\":\"https:\\\/\\\/baranowscy.eu\\\/wordpress\\\/#organization\",\"name\":\"organiczni.eu\",\"url\":\"https:\\\/\\\/baranowscy.eu\\\/wordpress\\\/\",\"logo\":{\"@type\":\"ImageObject\",\"inLanguage\":\"pl-PL\",\"@id\":\"https:\\\/\\\/baranowscy.eu\\\/wordpress\\\/#\\\/schema\\\/logo\\\/image\\\/\",\"url\":\"https:\\\/\\\/baranowscy.eu\\\/wordpress\\\/wp-content\\\/uploads\\\/2018\\\/01\\\/logo_duze.png\",\"contentUrl\":\"https:\\\/\\\/baranowscy.eu\\\/wordpress\\\/wp-content\\\/uploads\\\/2018\\\/01\\\/logo_duze.png\",\"width\":1398,\"height\":300,\"caption\":\"organiczni.eu\"},\"image\":{\"@id\":\"https:\\\/\\\/baranowscy.eu\\\/wordpress\\\/#\\\/schema\\\/logo\\\/image\\\/\"},\"sameAs\":[\"https:\\\/\\\/www.facebook.com\\\/organiczni\\\/\",\"https:\\\/\\\/www.instagram.com\\\/organiczni.eu\\\/\"]},{\"@type\":\"Person\",\"@id\":\"https:\\\/\\\/baranowscy.eu\\\/wordpress\\\/#\\\/schema\\\/person\\\/741d5f1f3fd2833c5ca2ffdaaa93dc73\",\"name\":\"joanna\",\"image\":{\"@type\":\"ImageObject\",\"inLanguage\":\"pl-PL\",\"@id\":\"https:\\\/\\\/secure.gravatar.com\\\/avatar\\\/a59b1be4fa5d200ee0af0ba4bbcdb691da1d589b419bae23d7aa5a15d820e28e?s=96&d=identicon&r=g\",\"url\":\"https:\\\/\\\/secure.gravatar.com\\\/avatar\\\/a59b1be4fa5d200ee0af0ba4bbcdb691da1d589b419bae23d7aa5a15d820e28e?s=96&d=identicon&r=g\",\"contentUrl\":\"https:\\\/\\\/secure.gravatar.com\\\/avatar\\\/a59b1be4fa5d200ee0af0ba4bbcdb691da1d589b419bae23d7aa5a15d820e28e?s=96&d=identicon&r=g\",\"caption\":\"joanna\"},\"sameAs\":[\"https:\\\/\\\/organiczni.baranowscy.eu\"],\"url\":\"https:\\\/\\\/baranowscy.eu\\\/wordpress\\\/author\\\/admin\\\/\"}]}<\/script>\n<!-- \/ Yoast SEO plugin. -->","yoast_head_json":{"title":"Kosmetyki naturalne dla sk\u00f3ry z AZS \u2013 k\u0105piel i prysznic - organiczni.eu","robots":{"index":"index","follow":"follow","max-snippet":"max-snippet:-1","max-image-preview":"max-image-preview:large","max-video-preview":"max-video-preview:-1"},"canonical":"https:\/\/baranowscy.eu\/wordpress\/kosmetyki-naturalne-dla-skory-z-azs-kapiel-i-prysznic\/","og_locale":"pl_PL","og_type":"article","og_title":"Kosmetyki naturalne dla sk\u00f3ry z AZS \u2013 k\u0105piel i prysznic - organiczni.eu","og_description":"Nadszed\u0142 czas na kosmetyki do mycia, kt\u00f3re w odr\u00f3\u017cnieniu od zwyk\u0142ych dermokosmetyk\u00f3w nie zawieraj\u0105 kontrowersyjnych substancji, podejrzewanych o wywo\u0142ywanie podra\u017cnie\u0144 czy alergii. Wyselekcjonowa\u0142am kosmetyki naturalne&hellip;","og_url":"https:\/\/baranowscy.eu\/wordpress\/kosmetyki-naturalne-dla-skory-z-azs-kapiel-i-prysznic\/","og_site_name":"organiczni.eu","article_publisher":"https:\/\/www.facebook.com\/organiczni\/","article_published_time":"2015-06-21T20:05:42+00:00","article_modified_time":"2016-11-18T20:53:05+00:00","og_image":[{"width":640,"height":447,"url":"https:\/\/baranowscy.eu\/wordpress\/wp-content\/uploads\/2015\/06\/kosmetyki_naturalne_AZS_kapiel.jpg","type":"image\/jpeg"}],"author":"joanna","twitter_card":"summary_large_image","twitter_misc":{"Napisane przez":"joanna","Szacowany czas czytania":"29 minut"},"schema":{"@context":"https:\/\/schema.org","@graph":[{"@type":"Article","@id":"https:\/\/baranowscy.eu\/wordpress\/kosmetyki-naturalne-dla-skory-z-azs-kapiel-i-prysznic\/#article","isPartOf":{"@id":"https:\/\/baranowscy.eu\/wordpress\/kosmetyki-naturalne-dla-skory-z-azs-kapiel-i-prysznic\/"},"author":{"name":"joanna","@id":"https:\/\/baranowscy.eu\/wordpress\/#\/schema\/person\/741d5f1f3fd2833c5ca2ffdaaa93dc73"},"headline":"Kosmetyki naturalne dla sk\u00f3ry z AZS \u2013 k\u0105piel i prysznic","datePublished":"2015-06-21T20:05:42+00:00","dateModified":"2016-11-18T20:53:05+00:00","mainEntityOfPage":{"@id":"https:\/\/baranowscy.eu\/wordpress\/kosmetyki-naturalne-dla-skory-z-azs-kapiel-i-prysznic\/"},"wordCount":5895,"commentCount":8,"publisher":{"@id":"https:\/\/baranowscy.eu\/wordpress\/#organization"},"image":{"@id":"https:\/\/baranowscy.eu\/wordpress\/kosmetyki-naturalne-dla-skory-z-azs-kapiel-i-prysznic\/#primaryimage"},"thumbnailUrl":"https:\/\/baranowscy.eu\/wordpress\/wp-content\/uploads\/2015\/06\/kosmetyki_naturalne_AZS_kapiel.jpg","keywords":["Alphanova Bebe","Anthyllis Baby","Aubrey","AZS","Babydream","Babydream Med","Balm Balm","BjoBj","Calendula","dzieci","Essential Care","Eubiona","k\u0105piel","kosmetyki ekologiczne","kosmetyki i piel\u0119gnacja","kosmetyki naturalne","Lavera","Logona","Make Me Bio","myd\u0142o","nagietek","Odylique","owies","prysznic","szampon","T\u00f6pfer","Weleda"],"articleSection":["atopowe zapalenie sk\u00f3ry - AZS","kosmetyki i piel\u0119gnacja","kosmetyki i piel\u0119gnacja","piel\u0119gnacja cia\u0142a i d\u0142oni","recenzje"],"inLanguage":"pl-PL","potentialAction":[{"@type":"CommentAction","name":"Comment","target":["https:\/\/baranowscy.eu\/wordpress\/kosmetyki-naturalne-dla-skory-z-azs-kapiel-i-prysznic\/#respond"]}]},{"@type":"WebPage","@id":"https:\/\/baranowscy.eu\/wordpress\/kosmetyki-naturalne-dla-skory-z-azs-kapiel-i-prysznic\/","url":"https:\/\/baranowscy.eu\/wordpress\/kosmetyki-naturalne-dla-skory-z-azs-kapiel-i-prysznic\/","name":"Kosmetyki naturalne dla sk\u00f3ry z AZS \u2013 k\u0105piel i prysznic - organiczni.eu","isPartOf":{"@id":"https:\/\/baranowscy.eu\/wordpress\/#website"},"primaryImageOfPage":{"@id":"https:\/\/baranowscy.eu\/wordpress\/kosmetyki-naturalne-dla-skory-z-azs-kapiel-i-prysznic\/#primaryimage"},"image":{"@id":"https:\/\/baranowscy.eu\/wordpress\/kosmetyki-naturalne-dla-skory-z-azs-kapiel-i-prysznic\/#primaryimage"},"thumbnailUrl":"https:\/\/baranowscy.eu\/wordpress\/wp-content\/uploads\/2015\/06\/kosmetyki_naturalne_AZS_kapiel.jpg","datePublished":"2015-06-21T20:05:42+00:00","dateModified":"2016-11-18T20:53:05+00:00","breadcrumb":{"@id":"https:\/\/baranowscy.eu\/wordpress\/kosmetyki-naturalne-dla-skory-z-azs-kapiel-i-prysznic\/#breadcrumb"},"inLanguage":"pl-PL","potentialAction":[{"@type":"ReadAction","target":["https:\/\/baranowscy.eu\/wordpress\/kosmetyki-naturalne-dla-skory-z-azs-kapiel-i-prysznic\/"]}]},{"@type":"ImageObject","inLanguage":"pl-PL","@id":"https:\/\/baranowscy.eu\/wordpress\/kosmetyki-naturalne-dla-skory-z-azs-kapiel-i-prysznic\/#primaryimage","url":"https:\/\/baranowscy.eu\/wordpress\/wp-content\/uploads\/2015\/06\/kosmetyki_naturalne_AZS_kapiel.jpg","contentUrl":"https:\/\/baranowscy.eu\/wordpress\/wp-content\/uploads\/2015\/06\/kosmetyki_naturalne_AZS_kapiel.jpg","width":640,"height":447},{"@type":"BreadcrumbList","@id":"https:\/\/baranowscy.eu\/wordpress\/kosmetyki-naturalne-dla-skory-z-azs-kapiel-i-prysznic\/#breadcrumb","itemListElement":[{"@type":"ListItem","position":1,"name":"Strona g\u0142\u00f3wna","item":"https:\/\/baranowscy.eu\/wordpress\/"},{"@type":"ListItem","position":2,"name":"Kosmetyki naturalne dla sk\u00f3ry z AZS \u2013 k\u0105piel i prysznic"}]},{"@type":"WebSite","@id":"https:\/\/baranowscy.eu\/wordpress\/#website","url":"https:\/\/baranowscy.eu\/wordpress\/","name":"organiczni.eu","description":"Najbardziej wszechstronny blog ekologiczny","publisher":{"@id":"https:\/\/baranowscy.eu\/wordpress\/#organization"},"potentialAction":[{"@type":"SearchAction","target":{"@type":"EntryPoint","urlTemplate":"https:\/\/baranowscy.eu\/wordpress\/?s={search_term_string}"},"query-input":{"@type":"PropertyValueSpecification","valueRequired":true,"valueName":"search_term_string"}}],"inLanguage":"pl-PL"},{"@type":"Organization","@id":"https:\/\/baranowscy.eu\/wordpress\/#organization","name":"organiczni.eu","url":"https:\/\/baranowscy.eu\/wordpress\/","logo":{"@type":"ImageObject","inLanguage":"pl-PL","@id":"https:\/\/baranowscy.eu\/wordpress\/#\/schema\/logo\/image\/","url":"https:\/\/baranowscy.eu\/wordpress\/wp-content\/uploads\/2018\/01\/logo_duze.png","contentUrl":"https:\/\/baranowscy.eu\/wordpress\/wp-content\/uploads\/2018\/01\/logo_duze.png","width":1398,"height":300,"caption":"organiczni.eu"},"image":{"@id":"https:\/\/baranowscy.eu\/wordpress\/#\/schema\/logo\/image\/"},"sameAs":["https:\/\/www.facebook.com\/organiczni\/","https:\/\/www.instagram.com\/organiczni.eu\/"]},{"@type":"Person","@id":"https:\/\/baranowscy.eu\/wordpress\/#\/schema\/person\/741d5f1f3fd2833c5ca2ffdaaa93dc73","name":"joanna","image":{"@type":"ImageObject","inLanguage":"pl-PL","@id":"https:\/\/secure.gravatar.com\/avatar\/a59b1be4fa5d200ee0af0ba4bbcdb691da1d589b419bae23d7aa5a15d820e28e?s=96&d=identicon&r=g","url":"https:\/\/secure.gravatar.com\/avatar\/a59b1be4fa5d200ee0af0ba4bbcdb691da1d589b419bae23d7aa5a15d820e28e?s=96&d=identicon&r=g","contentUrl":"https:\/\/secure.gravatar.com\/avatar\/a59b1be4fa5d200ee0af0ba4bbcdb691da1d589b419bae23d7aa5a15d820e28e?s=96&d=identicon&r=g","caption":"joanna"},"sameAs":["https:\/\/organiczni.baranowscy.eu"],"url":"https:\/\/baranowscy.eu\/wordpress\/author\/admin\/"}]}},"jetpack_featured_media_url":"https:\/\/baranowscy.eu\/wordpress\/wp-content\/uploads\/2015\/06\/kosmetyki_naturalne_AZS_kapiel.jpg","jetpack_sharing_enabled":true,"_links":{"self":[{"href":"https:\/\/baranowscy.eu\/wordpress\/wp-json\/wp\/v2\/posts\/3887","targetHints":{"allow":["GET"]}}],"collection":[{"href":"https:\/\/baranowscy.eu\/wordpress\/wp-json\/wp\/v2\/posts"}],"about":[{"href":"https:\/\/baranowscy.eu\/wordpress\/wp-json\/wp\/v2\/types\/post"}],"author":[{"embeddable":true,"href":"https:\/\/baranowscy.eu\/wordpress\/wp-json\/wp\/v2\/users\/1"}],"replies":[{"embeddable":true,"href":"https:\/\/baranowscy.eu\/wordpress\/wp-json\/wp\/v2\/comments?post=3887"}],"version-history":[{"count":29,"href":"https:\/\/baranowscy.eu\/wordpress\/wp-json\/wp\/v2\/posts\/3887\/revisions"}],"predecessor-version":[{"id":6026,"href":"https:\/\/baranowscy.eu\/wordpress\/wp-json\/wp\/v2\/posts\/3887\/revisions\/6026"}],"wp:featuredmedia":[{"embeddable":true,"href":"https:\/\/baranowscy.eu\/wordpress\/wp-json\/wp\/v2\/media\/3954"}],"wp:attachment":[{"href":"https:\/\/baranowscy.eu\/wordpress\/wp-json\/wp\/v2\/media?parent=3887"}],"wp:term":[{"taxonomy":"category","embeddable":true,"href":"https:\/\/baranowscy.eu\/wordpress\/wp-json\/wp\/v2\/categories?post=3887"},{"taxonomy":"post_tag","embeddable":true,"href":"https:\/\/baranowscy.eu\/wordpress\/wp-json\/wp\/v2\/tags?post=3887"}],"curies":[{"name":"wp","href":"https:\/\/api.w.org\/{rel}","templated":true}]}}