{"id":3392,"date":"2015-03-25T09:51:11","date_gmt":"2015-03-25T08:51:11","guid":{"rendered":"http:\/\/baranowscy.eu\/wordpress\/?p=3392"},"modified":"2016-11-07T15:09:11","modified_gmt":"2016-11-07T14:09:11","slug":"karob-w-proszku-testujemy","status":"publish","type":"post","link":"https:\/\/baranowscy.eu\/wordpress\/karob-w-proszku-testujemy\/","title":{"rendered":"Karob w proszku \u2013 testujemy! (Ranking uaktualniany)"},"content":{"rendered":"<p><strong>Czym jest <a href=\"http:\/\/pl.wikipedia.org\/wiki\/Szara%C5%84czyn_str%C4%85kowy\" target=\"_blank\">karob<\/a>? Jest to owoc drzewa chleba \u015bwi\u0119toja\u0144skiego, kt\u00f3re ro\u015bnie w basenie Morza \u015ar\u00f3dziemnego (inne nazwy: szara\u0144czyn str\u0105kowy, ceratonia). Wygl\u0105daj\u0105 tak jak na zdj\u0119ciu \u2013 pod\u0142u\u017cne, ciemnobr\u0105zowe str\u0105ki, w \u015brodku jasne. Zawieraj\u0105 ciemne, twarde nasiona o identycznej wielko\u015bci (od nich wzi\u0119\u0142a si\u0119 nazwa karat \u2013 jednostka miary).<\/strong><\/p>\n<p>[Aktualizacja 07.11.2016]<\/p>\n<figure id=\"attachment_2399\" aria-describedby=\"caption-attachment-2399\" style=\"width: 640px\" class=\"wp-caption alignnone\"><a href=\"https:\/\/baranowscy.eu\/wordpress\/wp-content\/uploads\/2014\/07\/straki_karobu.jpg\"><img loading=\"lazy\" decoding=\"async\" class=\"wp-image-2399 size-full\" src=\"https:\/\/baranowscy.eu\/wordpress\/wp-content\/uploads\/2014\/07\/straki_karobu.jpg\" alt=\"Str\u0105ki karobu.\" width=\"640\" height=\"427\" srcset=\"https:\/\/baranowscy.eu\/wordpress\/wp-content\/uploads\/2014\/07\/straki_karobu.jpg 640w, https:\/\/baranowscy.eu\/wordpress\/wp-content\/uploads\/2014\/07\/straki_karobu-300x200.jpg 300w, https:\/\/baranowscy.eu\/wordpress\/wp-content\/uploads\/2014\/07\/straki_karobu-600x400.jpg 600w\" sizes=\"auto, (max-width: 640px) 100vw, 640px\" \/><\/a><figcaption id=\"caption-attachment-2399\" class=\"wp-caption-text\">Str\u0105ki karobu.<\/figcaption><\/figure>\n<p>W czasach, gdy cukier by\u0142 rarytasem, owoce karobowe s\u0142u\u017cy\u0142y za jego odpowiednik \u2013 nic dziwnego, zawieraj\u0105 oko\u0142o 50% naturalnego cukru.<\/p>\n<p>Z karobu w postaci str\u0105k\u00f3w uzyskuje si\u0119 proszek. Karob dost\u0119pny pod nazw\u0105 jasny (light) to sproszkowane (pozbawione nasion) owoce karobu, kt\u00f3re po zmieleniu zosta\u0142y poddane obr\u00f3bce termicznej w 100\u00b0C.<\/p>\n<figure id=\"attachment_3407\" aria-describedby=\"caption-attachment-3407\" style=\"width: 640px\" class=\"wp-caption alignnone\"><a href=\"https:\/\/baranowscy.eu\/wordpress\/wp-content\/uploads\/2015\/03\/karob_turcja_3.jpg\"><img loading=\"lazy\" decoding=\"async\" class=\"size-full wp-image-3407\" src=\"https:\/\/baranowscy.eu\/wordpress\/wp-content\/uploads\/2015\/03\/karob_turcja_3.jpg\" alt=\"Karob - proszek.\" width=\"640\" height=\"427\" srcset=\"https:\/\/baranowscy.eu\/wordpress\/wp-content\/uploads\/2015\/03\/karob_turcja_3.jpg 640w, https:\/\/baranowscy.eu\/wordpress\/wp-content\/uploads\/2015\/03\/karob_turcja_3-300x200.jpg 300w, https:\/\/baranowscy.eu\/wordpress\/wp-content\/uploads\/2015\/03\/karob_turcja_3-600x400.jpg 600w\" sizes=\"auto, (max-width: 640px) 100vw, 640px\" \/><\/a><figcaption id=\"caption-attachment-3407\" class=\"wp-caption-text\">Karob &#8211; proszek.<\/figcaption><\/figure>\n<h2><strong>Warto\u015bci od\u017cywcze<\/strong><!--more--><\/h2>\n<p>Opr\u00f3cz naturalnych <strong>cukr\u00f3w<\/strong> proszek otrzymywany z karobu zawiera kilka procent <strong>bia\u0142ek<\/strong>, <strong>b\u0142onnik<\/strong>, niewielk\u0105 ilo\u015b\u0107 <strong>t\u0142uszczu<\/strong> oraz mikro- i makroelementy. Do wa\u017cnych sk\u0142adnik\u00f3w nale\u017cy z pewno\u015bci\u0105 <strong>wap\u0144, potas, fosfor, magnez, s\u00f3d, \u017celazo, witaminy z grupy B<\/strong>.<\/p>\n<h2><strong>Informacja dla alergik\u00f3w<\/strong><\/h2>\n<p>Nale\u017cy do rodziny ro\u015blin bobowatych (po\u015brednio jest krewnym ro\u015blin str\u0105czkowych). Do\u015b\u0107 rzadko uczula. Sproszkowany owoc karobu stosuje si\u0119 jako zamiennik kakao \u2013 jest o wiele s\u0142odszy, nie zawiera teobrominy i innych substancji wi\u0105zanych z r\u00f3\u017cnymi nietolerancjami (np. kofeiny). U\u017cywa\u00a0si\u0119 go w polewach, wypiekach, napojach&#8230;<\/p>\n<h2><strong>Nie tylko do jedzenia<\/strong><\/h2>\n<p>Z karobu otrzymuje si\u0119 mi\u0119dzy innymi zag\u0119stnik spo\u017cywczy (galaktomannoza \u2013 guma karobowa, symbol E410, znana pod nazw\u0105 m\u0105czka chleba \u015bwi\u0119toja\u0144skiego). Karobu u\u017cywa si\u0119 tak\u017ce w przemy\u015ble kosmetycznym, przy produkcji papieros\u00f3w czy papieru.<\/p>\n<figure id=\"attachment_3393\" aria-describedby=\"caption-attachment-3393\" style=\"width: 400px\" class=\"wp-caption alignnone\"><a href=\"https:\/\/baranowscy.eu\/wordpress\/wp-content\/uploads\/2015\/03\/Illustration_Ceratonia_siliqua0.jpg\"><img loading=\"lazy\" decoding=\"async\" class=\"wp-image-3393\" src=\"https:\/\/baranowscy.eu\/wordpress\/wp-content\/uploads\/2015\/03\/Illustration_Ceratonia_siliqua0.jpg\" alt=\"\u0179r\u00f3d\u0142o: http:\/\/commons.wikimedia.org\/wiki\/File:Illustration_Ceratonia_siliqua0.jpg\" width=\"400\" height=\"617\" srcset=\"https:\/\/baranowscy.eu\/wordpress\/wp-content\/uploads\/2015\/03\/Illustration_Ceratonia_siliqua0.jpg 648w, https:\/\/baranowscy.eu\/wordpress\/wp-content\/uploads\/2015\/03\/Illustration_Ceratonia_siliqua0-300x463.jpg 300w, https:\/\/baranowscy.eu\/wordpress\/wp-content\/uploads\/2015\/03\/Illustration_Ceratonia_siliqua0-600x926.jpg 600w, https:\/\/baranowscy.eu\/wordpress\/wp-content\/uploads\/2015\/03\/Illustration_Ceratonia_siliqua0-194x300.jpg 194w\" sizes=\"auto, (max-width: 400px) 100vw, 400px\" \/><\/a><figcaption id=\"caption-attachment-3393\" class=\"wp-caption-text\">\u0179r\u00f3d\u0142o: http:\/\/commons.wikimedia.org\/<\/figcaption><\/figure>\n<p>Jest stosowany w lekarstwach, zw\u0142aszcza na kaszel (karob ma dzia\u0142anie wykrztu\u015bne) oraz m.in. w leczeniu polio, cukrzycy, wysokiego cholesterolu, biegunek, astmy. Kwas galusowy, kt\u00f3ry znajduje si\u0119 w karobie, ma w\u0142a\u015bciwo\u015bci antybakteryjne, antygrzybiczne i antyalergiczne.<\/p>\n<p>Z karobu mo\u017cna otrzyma\u0107 m.in.:<\/p>\n<ul>\n<li><a title=\"Testujemy: melasa karobowa\" href=\"https:\/\/baranowscy.eu\/wordpress\/?p=3162\" target=\"_blank\">melas\u0119 karobow\u0105<\/a>,<\/li>\n<li><a title=\"M\u0105ka karobowa i przepis na ciasteczka kokosowo-karobowe\" href=\"https:\/\/baranowscy.eu\/wordpress\/?p=2397\" target=\"_blank\">m\u0105czk\u0119 karobow\u0105<\/a>,<\/li>\n<li><a title=\"Przepisy na kaw\u0119 karobow\u0105\" href=\"https:\/\/baranowscy.eu\/wordpress\/?p=2390\" target=\"_blank\">kaw\u0119 karobow\u0105<\/a>.<\/li>\n<\/ul>\n<p><strong>Wi\u0119cej na temat karobu: <a href=\"http:\/\/www.old.acta-agrophysica.org\/artykuly\/acta_agrophysica\/ActaAgr_178_2010_15_2_305.pdf\" target=\"_blank\">tutaj<\/a>.<\/strong><\/p>\n<h1><strong>Karob w proszku \u2013 testujemy!<\/strong><\/h1>\n<p>Spr\u00f3bowali\u015bmy o\u015bmiu\u00a0karob\u00f3w w proszku r\u00f3\u017cnych firm. Ku mojemu zdziwieniu \u2013 bo nie uwa\u017cam si\u0119 za bardzo wyrafinowanego smakosza \u2013 r\u00f3\u017cnica mi\u0119dzy proszkiem poszczeg\u00f3lnych marek by\u0142a znacz\u0105ca. Cena te\u017c.<\/p>\n<figure id=\"attachment_3394\" aria-describedby=\"caption-attachment-3394\" style=\"width: 640px\" class=\"wp-caption alignnone\"><a href=\"https:\/\/baranowscy.eu\/wordpress\/wp-content\/uploads\/2015\/03\/test_karobowy_0.jpg\"><img loading=\"lazy\" decoding=\"async\" class=\"size-full wp-image-3394\" src=\"https:\/\/baranowscy.eu\/wordpress\/wp-content\/uploads\/2015\/03\/test_karobowy_0.jpg\" alt=\"Siedem pr\u00f3bek karobu.\" width=\"640\" height=\"427\" srcset=\"https:\/\/baranowscy.eu\/wordpress\/wp-content\/uploads\/2015\/03\/test_karobowy_0.jpg 640w, https:\/\/baranowscy.eu\/wordpress\/wp-content\/uploads\/2015\/03\/test_karobowy_0-300x200.jpg 300w, https:\/\/baranowscy.eu\/wordpress\/wp-content\/uploads\/2015\/03\/test_karobowy_0-600x400.jpg 600w\" sizes=\"auto, (max-width: 640px) 100vw, 640px\" \/><\/a><figcaption id=\"caption-attachment-3394\" class=\"wp-caption-text\">Siedem pr\u00f3bek karobu.<\/figcaption><\/figure>\n<p>Kolejno\u015b\u0107 opis\u00f3w jest losowa, na samym ko\u0144cu znajdziecie podsumowanie naszego testu.<\/p>\n<h2>Chleb \u015bwi\u0119toja\u0144ski<\/h2>\n<p><strong>Producent:<\/strong> Vegamarket<\/p>\n<p><a href=\"https:\/\/baranowscy.eu\/wordpress\/wp-content\/uploads\/2015\/03\/karob_vegamarket_1.jpg\"><img loading=\"lazy\" decoding=\"async\" class=\"aligncenter size-full wp-image-5245\" src=\"https:\/\/baranowscy.eu\/wordpress\/wp-content\/uploads\/2015\/03\/karob_vegamarket_1.jpg\" alt=\"karob_vegamarket_1\" width=\"640\" height=\"427\" srcset=\"https:\/\/baranowscy.eu\/wordpress\/wp-content\/uploads\/2015\/03\/karob_vegamarket_1.jpg 640w, https:\/\/baranowscy.eu\/wordpress\/wp-content\/uploads\/2015\/03\/karob_vegamarket_1-300x200.jpg 300w, https:\/\/baranowscy.eu\/wordpress\/wp-content\/uploads\/2015\/03\/karob_vegamarket_1-600x400.jpg 600w\" sizes=\"auto, (max-width: 640px) 100vw, 640px\" \/><\/a><\/p>\n<ul>\n<li><strong>Cena:<\/strong>\u00a07 z\u0142 za 250 g (28 z\u0142 za kg)<\/li>\n<li><strong>Kraj pochodzenia:<\/strong>\u00a0Hiszpania<\/li>\n<li><strong>Opakowanie:<\/strong>\u00a0torebka ze srebrnej folii<\/li>\n<li><strong>Certyfikaty:<\/strong>\u00a0brak<\/li>\n<li><strong>Informacja dla alergik\u00f3w:<\/strong>\u00a0brak!<\/li>\n<\/ul>\n<p><strong>Informacje producenta:<\/strong><\/p>\n<p>Produkt pakowany w Czechach.<\/p>\n<figure id=\"attachment_5246\" aria-describedby=\"caption-attachment-5246\" style=\"width: 640px\" class=\"wp-caption aligncenter\"><a href=\"https:\/\/baranowscy.eu\/wordpress\/wp-content\/uploads\/2015\/03\/karob_vegamarket_2.jpg\"><img loading=\"lazy\" decoding=\"async\" class=\"wp-image-5246 size-full\" src=\"https:\/\/baranowscy.eu\/wordpress\/wp-content\/uploads\/2015\/03\/karob_vegamarket_2.jpg\" alt=\"karob_vegamarket_2\" width=\"640\" height=\"427\" srcset=\"https:\/\/baranowscy.eu\/wordpress\/wp-content\/uploads\/2015\/03\/karob_vegamarket_2.jpg 640w, https:\/\/baranowscy.eu\/wordpress\/wp-content\/uploads\/2015\/03\/karob_vegamarket_2-300x200.jpg 300w, https:\/\/baranowscy.eu\/wordpress\/wp-content\/uploads\/2015\/03\/karob_vegamarket_2-600x400.jpg 600w\" sizes=\"auto, (max-width: 640px) 100vw, 640px\" \/><\/a><figcaption id=\"caption-attachment-5246\" class=\"wp-caption-text\">Karob Vegamarket.<\/figcaption><\/figure>\n<p><strong>Nasza opinia:<\/strong><\/p>\n<p><strong>Karob jest bardzo smaczny.<\/strong> Drobny i zdecydowanie s\u0142odki, w\u0142a\u015bciwie gorycz jest wyczuwalna pod koniec smakowania i jest bardzo subtelna.<\/p>\n<p><strong>Niestety, niewiele wiemy o tym produkcie<\/strong> &#8211; ani, jakie ma warto\u015bci od\u017cywcze, ani czy by\u0142 konfekcjonowany w miejscu, gdzie bywaj\u0105 alergeny, ani czy ma jakie\u015b certyfikaty&#8230; Cokolwiek. <strong>Karob tajemniczy, niestety, nie mo\u017ce by\u0107 przez nas polecony, cho\u0107by mia\u0142 najlepszy smak. Dla alergik\u00f3w takie informacje mog\u0105 by\u0107 w cenie \u017cycia.<\/strong><\/p>\n<h2><strong>EkoTaste Karob eko light<\/strong><\/h2>\n<p><strong>Producent:<\/strong> PPH Tast<\/p>\n<figure id=\"attachment_3396\" aria-describedby=\"caption-attachment-3396\" style=\"width: 640px\" class=\"wp-caption alignnone\"><a href=\"https:\/\/baranowscy.eu\/wordpress\/wp-content\/uploads\/2015\/03\/karob_ekotaste_1.jpg\"><img loading=\"lazy\" decoding=\"async\" class=\"size-full wp-image-3396\" src=\"https:\/\/baranowscy.eu\/wordpress\/wp-content\/uploads\/2015\/03\/karob_ekotaste_1.jpg\" alt=\"Karob EkoTaste.\" width=\"640\" height=\"427\" srcset=\"https:\/\/baranowscy.eu\/wordpress\/wp-content\/uploads\/2015\/03\/karob_ekotaste_1.jpg 640w, https:\/\/baranowscy.eu\/wordpress\/wp-content\/uploads\/2015\/03\/karob_ekotaste_1-300x200.jpg 300w, https:\/\/baranowscy.eu\/wordpress\/wp-content\/uploads\/2015\/03\/karob_ekotaste_1-600x400.jpg 600w\" sizes=\"auto, (max-width: 640px) 100vw, 640px\" \/><\/a><figcaption id=\"caption-attachment-3396\" class=\"wp-caption-text\">Karob EkoTaste.<\/figcaption><\/figure>\n<ul>\n<li><strong>Cena:<\/strong> 6,60 z\u0142 za 250 g (26,40 z\u0142 za kg)<\/li>\n<li><strong>Kraj pochodzenia:<\/strong> W\u0142ochy<\/li>\n<li><strong>Opakowanie:<\/strong> plastikowa torebka<\/li>\n<li><strong>Certyfikaty:<\/strong> produkt ekologiczny<\/li>\n<li><strong>Informacja dla alergik\u00f3w:<\/strong> w zak\u0142adzie s\u0105 przetwarzane s\u0105 zbo\u017ca glutenowe, jaja, orzeszki ziemne, soja, mleko, orzechy, sezam<\/li>\n<\/ul>\n<p><strong>Informacje producenta:<\/strong><\/p>\n<p>Warto\u015b\u0107 od\u017cywcza na 100 g: 929 kJ (222 kcal), bia\u0142ko \u2013 4,5 g, w\u0119glowodany \u2013 49 g, t\u0142uszcz \u2013 0,65 g.<\/p>\n<figure id=\"attachment_3395\" aria-describedby=\"caption-attachment-3395\" style=\"width: 640px\" class=\"wp-caption alignnone\"><a href=\"https:\/\/baranowscy.eu\/wordpress\/wp-content\/uploads\/2015\/03\/karob_ekotaste_0.jpg\"><img loading=\"lazy\" decoding=\"async\" class=\"size-full wp-image-3395\" src=\"https:\/\/baranowscy.eu\/wordpress\/wp-content\/uploads\/2015\/03\/karob_ekotaste_0.jpg\" alt=\"Karob EkoTaste.\" width=\"640\" height=\"427\" srcset=\"https:\/\/baranowscy.eu\/wordpress\/wp-content\/uploads\/2015\/03\/karob_ekotaste_0.jpg 640w, https:\/\/baranowscy.eu\/wordpress\/wp-content\/uploads\/2015\/03\/karob_ekotaste_0-300x200.jpg 300w, https:\/\/baranowscy.eu\/wordpress\/wp-content\/uploads\/2015\/03\/karob_ekotaste_0-600x400.jpg 600w\" sizes=\"auto, (max-width: 640px) 100vw, 640px\" \/><\/a><figcaption id=\"caption-attachment-3395\" class=\"wp-caption-text\">Karob EkoTaste.<\/figcaption><\/figure>\n<p><strong>Nasza opinia:<\/strong><\/p>\n<p><strong>Bardzo dobra jako\u015b\u0107 w niskiej cenie.<\/strong> Bardzo drobny proszek, kt\u00f3ry \u0142atwo si\u0119 rozpuszcza. Minusem jest niewygodne opakowanie \u2013 raz otwarta torebka nie jest ju\u017c szczelnym opakowaniem, karob trzeba przesypa\u0107 np. do s\u0142oika.<\/p>\n<p>W smaku jest bardzo s\u0142odki, z charakterystyczn\u0105 nutk\u0105 karobowej goryczy, kt\u00f3ra pojawia si\u0119 dopiero po chwili smakowania na j\u0119zyku.<\/p>\n<p>Ze wzgl\u0119du na konfekcjonowanie nie nadaje si\u0119 dla alergik\u00f3w, kt\u00f3rzy reaguj\u0105 na \u015bladowe ilo\u015bci alergen\u00f3w.<\/p>\n<h2>Karob jasny Bio Planet<\/h2>\n<p><strong>Producent:<\/strong> Bio Planet<\/p>\n<figure id=\"attachment_3397\" aria-describedby=\"caption-attachment-3397\" style=\"width: 640px\" class=\"wp-caption alignnone\"><a href=\"https:\/\/baranowscy.eu\/wordpress\/wp-content\/uploads\/2015\/03\/karob_bioplanet_0.jpg\"><img loading=\"lazy\" decoding=\"async\" class=\"size-full wp-image-3397\" src=\"https:\/\/baranowscy.eu\/wordpress\/wp-content\/uploads\/2015\/03\/karob_bioplanet_0.jpg\" alt=\"Karob Bio Planet.\" width=\"640\" height=\"427\" srcset=\"https:\/\/baranowscy.eu\/wordpress\/wp-content\/uploads\/2015\/03\/karob_bioplanet_0.jpg 640w, https:\/\/baranowscy.eu\/wordpress\/wp-content\/uploads\/2015\/03\/karob_bioplanet_0-300x200.jpg 300w, https:\/\/baranowscy.eu\/wordpress\/wp-content\/uploads\/2015\/03\/karob_bioplanet_0-600x400.jpg 600w\" sizes=\"auto, (max-width: 640px) 100vw, 640px\" \/><\/a><figcaption id=\"caption-attachment-3397\" class=\"wp-caption-text\">Karob Bio Planet.<\/figcaption><\/figure>\n<ul>\n<li><strong>Cena:<\/strong> 7 z\u0142 za 200 g (28 z\u0142 za kg)<\/li>\n<li><strong>Kraj pochodzenia:<\/strong> W\u0142ochy<\/li>\n<li><strong>Opakowanie:<\/strong> sztywna, plastikowa torebka strunowa<\/li>\n<li><strong>Certyfikaty:<\/strong> produkt ekologiczny<\/li>\n<li><strong>Informacja dla alergik\u00f3w: <\/strong>Produkt mo\u017ce zawiera\u0107 alergeny: gluten, orzeszki ziemne i inne orzechy, sezam, soj\u0119 oraz mleko (\u0142\u0105cznie z laktoz\u0105)<\/li>\n<\/ul>\n<p><strong>Informacje producenta:<\/strong><\/p>\n<p>Warto\u015b\u0107 od\u017cywcza na 100 g: 1017 kJ (241 kcal), bia\u0142ko \u2013 4,6 g, w\u0119glowodany \u2013 49 g (w tym cukry \u2013 41 g), t\u0142uszcz \u2013 0,7 g, s\u00f3l \u2013 0,09 g<\/p>\n<figure id=\"attachment_3399\" aria-describedby=\"caption-attachment-3399\" style=\"width: 640px\" class=\"wp-caption alignnone\"><a href=\"https:\/\/baranowscy.eu\/wordpress\/wp-content\/uploads\/2015\/03\/karob_bioplanet_11.jpg\"><img loading=\"lazy\" decoding=\"async\" class=\"size-full wp-image-3399\" src=\"https:\/\/baranowscy.eu\/wordpress\/wp-content\/uploads\/2015\/03\/karob_bioplanet_11.jpg\" alt=\"Karob Bio Planet.\" width=\"640\" height=\"427\" srcset=\"https:\/\/baranowscy.eu\/wordpress\/wp-content\/uploads\/2015\/03\/karob_bioplanet_11.jpg 640w, https:\/\/baranowscy.eu\/wordpress\/wp-content\/uploads\/2015\/03\/karob_bioplanet_11-300x200.jpg 300w, https:\/\/baranowscy.eu\/wordpress\/wp-content\/uploads\/2015\/03\/karob_bioplanet_11-600x400.jpg 600w\" sizes=\"auto, (max-width: 640px) 100vw, 640px\" \/><\/a><figcaption id=\"caption-attachment-3399\" class=\"wp-caption-text\">Karob Bio Planet.<\/figcaption><\/figure>\n<p><strong>Nasza opinia:<\/strong><\/p>\n<p>Zupe\u0142nie niespodziewana gorycz wykrzywi\u0142a nasze g\u0119by i zniesmaczy\u0142a. Ze wszystkich ocenianych karob\u00f3w ten by\u0142 najgorszy. <strong>Mog\u0119 nawet uczciwie powiedzie\u0107, \u017ce karob Bio Planet jest po prostu niesmaczny. <\/strong><\/p>\n<p>Do zalet nale\u017cy zaliczy\u0107 wygodne opakowanie (niestety plastikowe). \u0141atwo otworzy\u0107, \u0142atwo zamkn\u0105\u0107, \u0142atwo przechowywa\u0107 \u2013 torebka stoi sztywno w pionie.<\/p>\n<h2><strong>Karob bio Biovegan<\/strong><\/h2>\n<p><strong>Producent:<\/strong> Bio Vegan<\/p>\n<figure id=\"attachment_3400\" aria-describedby=\"caption-attachment-3400\" style=\"width: 640px\" class=\"wp-caption alignnone\"><a href=\"https:\/\/baranowscy.eu\/wordpress\/wp-content\/uploads\/2015\/03\/karob_biovegan_1.jpg\"><img loading=\"lazy\" decoding=\"async\" class=\"size-full wp-image-3400\" src=\"https:\/\/baranowscy.eu\/wordpress\/wp-content\/uploads\/2015\/03\/karob_biovegan_1.jpg\" alt=\"Karob Bio Vegan.\" width=\"640\" height=\"427\" srcset=\"https:\/\/baranowscy.eu\/wordpress\/wp-content\/uploads\/2015\/03\/karob_biovegan_1.jpg 640w, https:\/\/baranowscy.eu\/wordpress\/wp-content\/uploads\/2015\/03\/karob_biovegan_1-300x200.jpg 300w, https:\/\/baranowscy.eu\/wordpress\/wp-content\/uploads\/2015\/03\/karob_biovegan_1-600x400.jpg 600w\" sizes=\"auto, (max-width: 640px) 100vw, 640px\" \/><\/a><figcaption id=\"caption-attachment-3400\" class=\"wp-caption-text\">Karob Bio Vegan.<\/figcaption><\/figure>\n<ul>\n<li><strong>Cena: <\/strong>15,99 z\u0142 za 200 g (79,95 z\u0142\/kg)<\/li>\n<li><strong>Gdzie kupi\u0107:<\/strong> <a href=\"http:\/\/bit.ly\/karob_bio_vegan\" target=\"_blank\">Misiontek<\/a><\/li>\n<li><strong>Kraj pochodzenia: <\/strong>W\u0142ochy?<\/li>\n<li><strong>Opakowanie:<\/strong> tekturowa tuba wy\u0142o\u017cona aluminium, zamykana pokrywk\u0105<\/li>\n<li><strong>Certyfikaty:<\/strong>\u00a0produkt ekologiczny, wega\u0144ski i bezglutenowy<\/li>\n<li><strong>Informacja dla alergik\u00f3w:<\/strong> nie zawiera laktozy, nie zawiera glutenu (symbol przekre\u015blonego k\u0142osa)<\/li>\n<\/ul>\n<p><strong>Informacje producenta:<\/strong><\/p>\n<p>Warto\u015b\u0107 od\u017cywcza na 100 g: 1388 kJ (329 kcal), bia\u0142ko \u2013 4,5 g, w\u0119glowodany \u2013 68,7 g (w tym cukry \u2013 28,3 g), t\u0142uszcz \u2013 0,2 g, nasycone kwasy t\u0142uszczowe &lt; 0,2 g, b\u0142onnik \u2013 17 g, s\u00f3d &lt; 0,01 g<\/p>\n<p><a href=\"https:\/\/baranowscy.eu\/wordpress\/wp-content\/uploads\/2015\/03\/karob_biovegan_0.jpg\"><img loading=\"lazy\" decoding=\"async\" class=\"alignnone size-full wp-image-3406\" src=\"https:\/\/baranowscy.eu\/wordpress\/wp-content\/uploads\/2015\/03\/karob_biovegan_0.jpg\" alt=\"karob_biovegan_0\" width=\"640\" height=\"427\" srcset=\"https:\/\/baranowscy.eu\/wordpress\/wp-content\/uploads\/2015\/03\/karob_biovegan_0.jpg 640w, https:\/\/baranowscy.eu\/wordpress\/wp-content\/uploads\/2015\/03\/karob_biovegan_0-300x200.jpg 300w, https:\/\/baranowscy.eu\/wordpress\/wp-content\/uploads\/2015\/03\/karob_biovegan_0-600x400.jpg 600w\" sizes=\"auto, (max-width: 640px) 100vw, 640px\" \/><\/a><\/p>\n<p><strong>Nasza opinia:<\/strong><\/p>\n<p>Karob w postaci drobnego proszku, kt\u00f3ry \u0142atwo si\u0119 rozpuszcza.<\/p>\n<p><strong>Bardzo s\u0142odki, nuta goryczy prawie niewyczuwalna. Dla tych, kt\u00f3rzy musz\u0105 mie\u0107 s\u0142odko.<\/strong><\/p>\n<p>Wygodny pojemnik, kt\u00f3ry mo\u017cna szczelnie zamkn\u0105\u0107 i postawi\u0107 na p\u00f3\u0142ce, jest niew\u0105tpliw\u0105 zalet\u0105.<\/p>\n<p>Wysoka cena jest jednocze\u015bnie gwarancj\u0105, \u017ce w produkcie nie znajduj\u0105 si\u0119 zanieczyszczenia np. glutenem.<\/p>\n<p>Bardzo smaczny i intensywnie s\u0142odki, por\u00f3wnywalny z Creta Carob.<\/p>\n<h2><strong>Ekologiczna m\u0105czka chleba \u015bwi\u0119toja\u0144skiego<\/strong><\/h2>\n<p><strong>Producent:<\/strong> Creta Carob<\/p>\n<p><a href=\"https:\/\/baranowscy.eu\/wordpress\/wp-content\/uploads\/2015\/03\/karob_cretacarob_1.jpg\"><img loading=\"lazy\" decoding=\"async\" class=\"alignnone size-full wp-image-3408\" src=\"https:\/\/baranowscy.eu\/wordpress\/wp-content\/uploads\/2015\/03\/karob_cretacarob_1.jpg\" alt=\"karob_cretacarob_1\" width=\"640\" height=\"427\" srcset=\"https:\/\/baranowscy.eu\/wordpress\/wp-content\/uploads\/2015\/03\/karob_cretacarob_1.jpg 640w, https:\/\/baranowscy.eu\/wordpress\/wp-content\/uploads\/2015\/03\/karob_cretacarob_1-300x200.jpg 300w, https:\/\/baranowscy.eu\/wordpress\/wp-content\/uploads\/2015\/03\/karob_cretacarob_1-600x400.jpg 600w\" sizes=\"auto, (max-width: 640px) 100vw, 640px\" \/><\/a><\/p>\n<ul>\n<li><strong>Cena: <\/strong>oko\u0142o 22 z\u0142 za 350 g (63 z\u0142\/kg)<\/li>\n<li><strong>Gdzie kupi\u0107:<\/strong> sklepy stacjonarne z kuchniami \u015bwiata<\/li>\n<li><strong>Kraj pochodzenia: <\/strong>Grecja (Kreta)<\/li>\n<li><strong>Opakowanie:<\/strong> papierowo-plastikowa torebka strunowa<\/li>\n<li><strong>Certyfikaty: <\/strong>produkt ekologiczny, bezglutenowy (symbol przekre\u015blonego k\u0142osa)<\/li>\n<li><strong>Informacja dla alergik\u00f3w: <\/strong>produkt bezglutenowy<\/li>\n<\/ul>\n<p><strong>Informacje producenta:<\/strong><\/p>\n<p>Warto\u015b\u0107 od\u017cywcza na 100 g: 366 kcal, bia\u0142ko \u2013 6 g, w\u0119glowodany \u2013 89 g, t\u0142uszcz \u2013 0,5 g<\/p>\n<p><a href=\"https:\/\/baranowscy.eu\/wordpress\/wp-content\/uploads\/2015\/03\/karob_cretacarob_0.jpg\"><img loading=\"lazy\" decoding=\"async\" class=\"alignnone size-full wp-image-3409\" src=\"https:\/\/baranowscy.eu\/wordpress\/wp-content\/uploads\/2015\/03\/karob_cretacarob_0.jpg\" alt=\"karob_cretacarob_0\" width=\"640\" height=\"427\" srcset=\"https:\/\/baranowscy.eu\/wordpress\/wp-content\/uploads\/2015\/03\/karob_cretacarob_0.jpg 640w, https:\/\/baranowscy.eu\/wordpress\/wp-content\/uploads\/2015\/03\/karob_cretacarob_0-300x200.jpg 300w, https:\/\/baranowscy.eu\/wordpress\/wp-content\/uploads\/2015\/03\/karob_cretacarob_0-600x400.jpg 600w\" sizes=\"auto, (max-width: 640px) 100vw, 640px\" \/><\/a><\/p>\n<p><strong>Nasza opinia:<\/strong><\/p>\n<p>Jedyny karob z Grecji i t\u0119 r\u00f3\u017cnic\u0119 mo\u017cna zobaczy\u0107 go\u0142ym okiem. Proszek karobowy z Krety r\u00f3\u017cni si\u0119 stopniem zmielenia, nie jest a\u017c tak drobny, jak inne karoby. Ma te\u017c mniej jednolity kolor. By\u0107 mo\u017ce dla niekt\u00f3rych minusem b\u0119dzie to, \u017ce w napojach nie rozpuszcza si\u0119 idealnie, ale wida\u0107 jego drobinki (moim zdaniem jest to niuans).<\/p>\n<p><strong>W smaku jest bardzo s\u0142odki, z wyczuwaln\u0105 lekk\u0105 karobowo-gorzk\u0105 nut\u0105, kt\u00f3ra jednak nie dominuje.<\/strong> Prawdopodobnie metoda pozyskiwania proszku z owoc\u00f3w szara\u0144czynu sprawia, \u017ce ten karob smakuje inaczej ni\u017c pozosta\u0142e. <strong>Jest rewelacyjny.<\/strong><\/p>\n<p>Ma wygodne opakowanie \u2013 stoj\u0105c\u0105 torebk\u0119, zamykan\u0105 strunowo.<\/p>\n<p>Niestety, ten karob do\u015b\u0107 trudno dosta\u0107 w sklepie. Bywa w naszym sklepie kooperatywy Dobrze.<\/p>\n<h2>Karob bio<\/h2>\n<p><strong>Producent:<\/strong> Aura Herbals<\/p>\n<p><a href=\"https:\/\/baranowscy.eu\/wordpress\/wp-content\/uploads\/2015\/03\/karob_bio_2.jpg\"><img loading=\"lazy\" decoding=\"async\" class=\"aligncenter size-full wp-image-5981\" src=\"https:\/\/baranowscy.eu\/wordpress\/wp-content\/uploads\/2015\/03\/karob_bio_2.jpg\" alt=\"karob_bio_2\" width=\"640\" height=\"427\" srcset=\"https:\/\/baranowscy.eu\/wordpress\/wp-content\/uploads\/2015\/03\/karob_bio_2.jpg 640w, https:\/\/baranowscy.eu\/wordpress\/wp-content\/uploads\/2015\/03\/karob_bio_2-300x200.jpg 300w, https:\/\/baranowscy.eu\/wordpress\/wp-content\/uploads\/2015\/03\/karob_bio_2-600x400.jpg 600w\" sizes=\"auto, (max-width: 640px) 100vw, 640px\" \/><\/a><\/p>\n<ul>\n<li><strong>Cena:<\/strong>\u00a0oko\u0142o 8\u00a0z\u0142 za 200 g (40 z\u0142\/kg)<\/li>\n<li><strong>Kraj pochodzenia:<\/strong>\u00a0Hiszpania<\/li>\n<li><strong>Opakowanie:<\/strong>\u00a0zamykana torebka z tworzywa<\/li>\n<li><strong>Certyfikaty:<\/strong>\u00a0produkt ekologiczny<\/li>\n<li><strong>Informacja dla alergik\u00f3w:<\/strong>\u00a0mo\u017ce zawiera\u0107 alergeny: sezam, orechy nerkowca i inne orzechy<\/li>\n<\/ul>\n<p><strong>Informacje producenta:<\/strong><\/p>\n<p>Warto\u015b\u0107 od\u017cywcza w 100 g: warto\u015b\u0107 energetyczna: 929 kJ (222kcal), t\u0142uszcz: 0,65 g (w tym kw. t\u0142. nasycone: 0,09 g; kw. t\u0142. nienasycone 0,42), w\u0119glowodany: 49,1 g (w tym cukry: 40,5 g), b\u0142onnik: 39,8 g, bia\u0142ko: 4,6 g, s\u00f3l: 0 g.<\/p>\n<p><a href=\"https:\/\/baranowscy.eu\/wordpress\/wp-content\/uploads\/2015\/03\/karob_bio_1.jpg\"><img loading=\"lazy\" decoding=\"async\" class=\"aligncenter size-full wp-image-5980\" src=\"https:\/\/baranowscy.eu\/wordpress\/wp-content\/uploads\/2015\/03\/karob_bio_1.jpg\" alt=\"karob_bio_1\" width=\"640\" height=\"427\" srcset=\"https:\/\/baranowscy.eu\/wordpress\/wp-content\/uploads\/2015\/03\/karob_bio_1.jpg 640w, https:\/\/baranowscy.eu\/wordpress\/wp-content\/uploads\/2015\/03\/karob_bio_1-300x200.jpg 300w, https:\/\/baranowscy.eu\/wordpress\/wp-content\/uploads\/2015\/03\/karob_bio_1-600x400.jpg 600w\" sizes=\"auto, (max-width: 640px) 100vw, 640px\" \/><\/a><\/p>\n<p><strong>Nasza opinia:<\/strong><\/p>\n<p>Ten karob odkry\u0142am niedawno, zupe\u0142nie przez przypadek &#8211; w warszawskim Leclercu. Nie wiem, czy jest \u0142atwo dost\u0119pny w innych sklepach.<\/p>\n<p>Obecnie jest to jeden z moich ulubonych karob\u00f3w. <strong>Cena mo\u017ce jest wy\u017csza ni\u017c innych (ma jednak certyfikat bio), jednak w smaku jest idealny.<\/strong> S\u0142odki, ale nie za s\u0142odki, zero goryczy. Znakomity do wypiek\u00f3w.<\/p>\n<p>Na opakowaniu jest informacja, \u017ce nadaje si\u0119 do da\u0144 <em>raw<\/em> &#8211; tu bym zaprotestowa\u0142a, poniewa\u017c karob w proszku przechodzi obr\u00f3bk\u0119 termiczn\u0105 w 100\u00b0C, a wi\u0119c znacznie powy\u017cej &#8222;surowych&#8221; 42\u00b0C.<\/p>\n<p><strong>Samo opakowanie mo\u017cna szczelnie zamkn\u0105\u0107 i postawi\u0107, jest do\u015b\u0107 wygodne.<\/strong><\/p>\n<h2><strong>Karob \u2013 m\u0105czka z chleba \u015bwi\u0119toja\u0144skiego<\/strong><\/h2>\n<p><strong>Producent:<\/strong> Symbio<\/p>\n<figure id=\"attachment_3404\" aria-describedby=\"caption-attachment-3404\" style=\"width: 640px\" class=\"wp-caption alignnone\"><a href=\"https:\/\/baranowscy.eu\/wordpress\/wp-content\/uploads\/2015\/03\/karob_symbio_1.jpg\"><img loading=\"lazy\" decoding=\"async\" class=\"size-full wp-image-3404\" src=\"https:\/\/baranowscy.eu\/wordpress\/wp-content\/uploads\/2015\/03\/karob_symbio_1.jpg\" alt=\"Karob Symbio.\" width=\"640\" height=\"427\" srcset=\"https:\/\/baranowscy.eu\/wordpress\/wp-content\/uploads\/2015\/03\/karob_symbio_1.jpg 640w, https:\/\/baranowscy.eu\/wordpress\/wp-content\/uploads\/2015\/03\/karob_symbio_1-300x200.jpg 300w, https:\/\/baranowscy.eu\/wordpress\/wp-content\/uploads\/2015\/03\/karob_symbio_1-600x400.jpg 600w\" sizes=\"auto, (max-width: 640px) 100vw, 640px\" \/><\/a><figcaption id=\"caption-attachment-3404\" class=\"wp-caption-text\">Karob Symbio.<\/figcaption><\/figure>\n<ul>\n<li><strong>Cena:<\/strong> 4,50 z\u0142 za 150 g (30 z\u0142\/kg)<\/li>\n<li><strong>Kraj pochodzenia:<\/strong> W\u0142ochy<\/li>\n<li><strong>Opakowanie:<\/strong> cienka torebka foliowa<\/li>\n<li><strong>Certyfikaty:<\/strong> Produkt ekologiczny<\/li>\n<li><strong>Informacja dla alergik\u00f3w:<\/strong>\u00a0na linii produkcyjnej odbywa si\u0119 tak\u017ce produkcja z u\u017cyciem glutenu, orzech\u00f3w i soi<\/li>\n<\/ul>\n<p><strong>Informacje producenta:<\/strong><\/p>\n<p>Brak!<\/p>\n<figure id=\"attachment_3411\" aria-describedby=\"caption-attachment-3411\" style=\"width: 640px\" class=\"wp-caption alignnone\"><a href=\"https:\/\/baranowscy.eu\/wordpress\/wp-content\/uploads\/2015\/03\/karob_symbio_0.jpg\"><img loading=\"lazy\" decoding=\"async\" class=\"size-full wp-image-3411\" src=\"https:\/\/baranowscy.eu\/wordpress\/wp-content\/uploads\/2015\/03\/karob_symbio_0.jpg\" alt=\"Karob Symbio.\" width=\"640\" height=\"427\" srcset=\"https:\/\/baranowscy.eu\/wordpress\/wp-content\/uploads\/2015\/03\/karob_symbio_0.jpg 640w, https:\/\/baranowscy.eu\/wordpress\/wp-content\/uploads\/2015\/03\/karob_symbio_0-300x200.jpg 300w, https:\/\/baranowscy.eu\/wordpress\/wp-content\/uploads\/2015\/03\/karob_symbio_0-600x400.jpg 600w\" sizes=\"auto, (max-width: 640px) 100vw, 640px\" \/><\/a><figcaption id=\"caption-attachment-3411\" class=\"wp-caption-text\">Karob Symbio.<\/figcaption><\/figure>\n<p><strong>Nasza opinia:<\/strong><\/p>\n<p>Ze zdziwieniem odkry\u0142am, \u017ce na opakowaniu nie ma wypisanych warto\u015bci od\u017cywczych \u2013 minus dla producenta (by\u0107 mo\u017ce produkt pojawi\u0142 si\u0119 w sklepie jeszcze przed obowi\u0105zkiem podawania tych warto\u015bci).<\/p>\n<p><strong>Pocz\u0105tkowa s\u0142odycz w ustach jest z\u0142udna \u2013 szybko zamienia si\u0119 w gorzki smak, kt\u00f3ry nie jest bardzo intensywny, ale zniech\u0119ca. <\/strong>Naszym zdaniem jest niesmaczny.<\/p>\n<p>Opakowanie nie chroni zawarto\u015bci przed \u015bwiat\u0142em, molami spo\u017cywczymi itp.<\/p>\n<h2><strong>Karob, proszek z chleba \u015bwi\u0119toja\u0144skiego<\/strong><\/h2>\n<p><strong>Producent: <\/strong>Incom AS, <strong>dystrybutor:<\/strong> Atakan Sp. z o.o.<\/p>\n<figure id=\"attachment_3402\" aria-describedby=\"caption-attachment-3402\" style=\"width: 640px\" class=\"wp-caption alignnone\"><a href=\"https:\/\/baranowscy.eu\/wordpress\/wp-content\/uploads\/2015\/03\/karob_proszek_turcja_1.jpg\"><img loading=\"lazy\" decoding=\"async\" class=\"size-full wp-image-3402\" src=\"https:\/\/baranowscy.eu\/wordpress\/wp-content\/uploads\/2015\/03\/karob_proszek_turcja_1.jpg\" alt=\"Karob, proszek z chleba \u015bwi\u0119toja\u0144skiego.\" width=\"640\" height=\"427\" srcset=\"https:\/\/baranowscy.eu\/wordpress\/wp-content\/uploads\/2015\/03\/karob_proszek_turcja_1.jpg 640w, https:\/\/baranowscy.eu\/wordpress\/wp-content\/uploads\/2015\/03\/karob_proszek_turcja_1-300x200.jpg 300w, https:\/\/baranowscy.eu\/wordpress\/wp-content\/uploads\/2015\/03\/karob_proszek_turcja_1-600x400.jpg 600w\" sizes=\"auto, (max-width: 640px) 100vw, 640px\" \/><\/a><figcaption id=\"caption-attachment-3402\" class=\"wp-caption-text\">Karob, proszek z chleba \u015bwi\u0119toja\u0144skiego.<\/figcaption><\/figure>\n<ul>\n<li><strong>Cena: <\/strong>12 z\u0142 za 250 g (48 z\u0142\/kg)<\/li>\n<li><strong>Kraj pochodzenia:<\/strong> Turcja<\/li>\n<li><strong>Opakowanie:<\/strong> puszka<\/li>\n<li><strong>Certyfikaty: <\/strong>brak<\/li>\n<li><strong>Informacja dla alergik\u00f3w:<\/strong>\u00a0nie zawiera alergen\u00f3w<\/li>\n<\/ul>\n<p><strong>Informacje producenta:<\/strong><\/p>\n<p>Warto\u015b\u0107 od\u017cywcza na 100 g: 966 kJ (260 kcal), bia\u0142ko \u2013 4\u20135 g, w\u0119glowodany \u2013 51\u201360 g (w tym fruktoza 5\u20136 g), t\u0142uszcz \u2013 0,5\u20131 g<\/p>\n<figure id=\"attachment_3414\" aria-describedby=\"caption-attachment-3414\" style=\"width: 640px\" class=\"wp-caption alignnone\"><a href=\"https:\/\/baranowscy.eu\/wordpress\/wp-content\/uploads\/2015\/03\/karob_proszek_turcja_2.jpg\"><img loading=\"lazy\" decoding=\"async\" class=\"size-full wp-image-3414\" src=\"https:\/\/baranowscy.eu\/wordpress\/wp-content\/uploads\/2015\/03\/karob_proszek_turcja_2.jpg\" alt=\"Karob z Turcji.\" width=\"640\" height=\"427\" srcset=\"https:\/\/baranowscy.eu\/wordpress\/wp-content\/uploads\/2015\/03\/karob_proszek_turcja_2.jpg 640w, https:\/\/baranowscy.eu\/wordpress\/wp-content\/uploads\/2015\/03\/karob_proszek_turcja_2-300x200.jpg 300w, https:\/\/baranowscy.eu\/wordpress\/wp-content\/uploads\/2015\/03\/karob_proszek_turcja_2-600x400.jpg 600w\" sizes=\"auto, (max-width: 640px) 100vw, 640px\" \/><\/a><figcaption id=\"caption-attachment-3414\" class=\"wp-caption-text\">Karob z Turcji.<\/figcaption><\/figure>\n<p><strong>Nasza opinia:<\/strong><\/p>\n<p>Wreszcie jaka\u015b odmiana po w\u0142oskich proszkach karobowych. Ten pochodzi z Turcji. Nie ma niestety certyfikatu ekologicznego.<\/p>\n<p><strong>Bardzo s\u0142odki, odrobina goryczy pojawia si\u0119 po chwili, ale nie dominuje.<\/strong><\/p>\n<p><strong>Bardzo wygodne i szczelne opakowanie<\/strong> (puszka zamykana pokrywk\u0105, pod kt\u00f3r\u0105 kryje si\u0119 jednorazowe zamkni\u0119cie z zawleczk\u0105) chroni\u0105 zawarto\u015b\u0107 przed powietrzem i \u015bwiat\u0142em. Dyskusyjne pozostaje u\u017cycie opakowania aluminiowego (cho\u0107 karob nie zawiera kwas\u00f3w, kt\u00f3re mog\u0142yby wej\u015b\u0107 w reakcj\u0119).<\/p>\n<p>Ten produkt pochodzi od tego samego dystrybutora co testowana przez nas <a title=\"Testujemy: melasa karobowa\" href=\"https:\/\/baranowscy.eu\/wordpress\/?p=3162\" target=\"_blank\">melasa karobowa<\/a>.<\/p>\n<h2><strong>Karob Natu Bio<\/strong><\/h2>\n<p><strong>Producent:<\/strong> AN s.c. Oddzia\u0142 Natu<\/p>\n<figure id=\"attachment_3413\" aria-describedby=\"caption-attachment-3413\" style=\"width: 640px\" class=\"wp-caption alignnone\"><a href=\"https:\/\/baranowscy.eu\/wordpress\/wp-content\/uploads\/2015\/03\/karob_natubio_0.jpg\"><img loading=\"lazy\" decoding=\"async\" class=\"size-full wp-image-3413\" src=\"https:\/\/baranowscy.eu\/wordpress\/wp-content\/uploads\/2015\/03\/karob_natubio_0.jpg\" alt=\"Karob Natur Bio.\" width=\"640\" height=\"427\" srcset=\"https:\/\/baranowscy.eu\/wordpress\/wp-content\/uploads\/2015\/03\/karob_natubio_0.jpg 640w, https:\/\/baranowscy.eu\/wordpress\/wp-content\/uploads\/2015\/03\/karob_natubio_0-300x200.jpg 300w, https:\/\/baranowscy.eu\/wordpress\/wp-content\/uploads\/2015\/03\/karob_natubio_0-600x400.jpg 600w\" sizes=\"auto, (max-width: 640px) 100vw, 640px\" \/><\/a><figcaption id=\"caption-attachment-3413\" class=\"wp-caption-text\">Karob Natu Bio.<\/figcaption><\/figure>\n<ul>\n<li><strong>Cena:<\/strong> 5,79 z\u0142 za 150 g (38,60 z\u0142 za kg)<\/li>\n<li><strong>Gdzie kupi\u0107:<\/strong> <a href=\"http:\/\/bit.ly\/karob_natu_bio\" target=\"_blank\">Misiontek<\/a><\/li>\n<li><strong>Kraj pochodzenia: <\/strong>W\u0142ochy<\/li>\n<li><strong>Opakowanie:<\/strong> torebka ze srebrnej folii<\/li>\n<li><strong>Certyfikaty:<\/strong>\u00a0produkt ekologiczny<\/li>\n<li><strong>Informacja dla alergik\u00f3w:<\/strong>\u00a0produkt mo\u017ce zawiera\u0107 gluten, pochodne sezamu, soi i orzech\u00f3w<\/li>\n<\/ul>\n<p><strong>Informacje producenta:<\/strong><\/p>\n<p>Warto\u015b\u0107 od\u017cywcza na 100 g: 1041 kJ (249 kcal), bia\u0142ko \u2013 3,3 g, w\u0119glowodany \u2013 54,1 g, t\u0142uszcz \u2013 0,9 g, b\u0142onnik \u2013 9,8 g, potas \u2013 827 mg, wap\u0144 \u2013 348 mg, fosfor \u2013 79 mg, magnez \u2013 54 mg, s\u00f3d \u2013 35 mg, \u017celazo \u2013 2,9 mg, witaminy: B2 \u2013 0,46 mg, B6 \u2013 0,36 mg, niacyna \u2013 1,36 mg<\/p>\n<figure id=\"attachment_3401\" aria-describedby=\"caption-attachment-3401\" style=\"width: 640px\" class=\"wp-caption alignnone\"><a href=\"https:\/\/baranowscy.eu\/wordpress\/wp-content\/uploads\/2015\/03\/karob_natubio_1.jpg\"><img loading=\"lazy\" decoding=\"async\" class=\"size-full wp-image-3401\" src=\"https:\/\/baranowscy.eu\/wordpress\/wp-content\/uploads\/2015\/03\/karob_natubio_1.jpg\" alt=\"Karob Natu Bio\" width=\"640\" height=\"427\" srcset=\"https:\/\/baranowscy.eu\/wordpress\/wp-content\/uploads\/2015\/03\/karob_natubio_1.jpg 640w, https:\/\/baranowscy.eu\/wordpress\/wp-content\/uploads\/2015\/03\/karob_natubio_1-300x200.jpg 300w, https:\/\/baranowscy.eu\/wordpress\/wp-content\/uploads\/2015\/03\/karob_natubio_1-600x400.jpg 600w\" sizes=\"auto, (max-width: 640px) 100vw, 640px\" \/><\/a><figcaption id=\"caption-attachment-3401\" class=\"wp-caption-text\">Karob Natur Bio.<\/figcaption><\/figure>\n<p><strong>Nasza opinia:<\/strong><\/p>\n<p>Pocz\u0105tkowy s\u0142odki smak ust\u0119puje gorzkiej nucie. Jest do\u015b\u0107 s\u0142odki, nie wyr\u00f3\u017cnia si\u0119 szczeg\u00f3lnie smakiem &#8211; plasuje si\u0119 gdzie\u015b po\u015brodku stawki.<\/p>\n<p>Brawo dla producenta za wnikliwy opis warto\u015bci od\u017cywczych karobu. Niestety, opakowanie jest do\u015b\u0107 niewygodne (cho\u0107 chroni przed \u015bwiat\u0142em). Po otwarciu opakowania nale\u017cy przesypa\u0107 zawarto\u015b\u0107 do szczelnego pojemnika.<\/p>\n<h2><strong>Podsumowanie<\/strong><\/h2>\n<p>Cho\u0107 o gustach si\u0119 nie dyskutuje, mo\u017cecie nam wierzy\u0107 \u2013 jako\u015b\u0107 i smak karobu mog\u0105 by\u0107 bardzo r\u00f3\u017cne.<\/p>\n<p>Za najsmaczniejsze uwa\u017cam produkty: <strong>Karob bio Aura Herbals,<\/strong>\u00a0<strong>EkoTaste<\/strong>, <strong>Creta Carob<\/strong> i <strong>Bio Vegan<\/strong>. Bardzo dobry jest turecki karob, kt\u00f3ry dodatkowo ma profesjonalne opakowanie, chyba jako jedyne chroni\u0105ce proszek przed \u015bwiatem, powietrzem i\u2026 molami spo\u017cywczymi.<\/p>\n<p>Tajemniczy hiszpa\u0144ski karob od <strong>Vegamarketu<\/strong> jest smaczny i niezbyt drogi, ale fatalnie opisany.<\/p>\n<p>Za najgorsze pod wzgl\u0119dem smaku (niezno\u015bna gorycz) uwa\u017cam produkt <strong>Bio Planet<\/strong>. Odradzam tak\u017ce produkt Symbio.<\/p>\n<p>Za stosunek jako\u015bci do ceny wyr\u00f3\u017cniam karob <strong>EkoTaste<\/strong> \u2013 jest naprawd\u0119 tani i smaczny.<\/p>\n<p>To oczywi\u015bcie nasz subiektywny ranking. Z ch\u0119ci\u0105 dowiemy si\u0119, kt\u00f3rego karobu sami u\u017cywacie i kt\u00f3ry Wam smakuje!<\/p>\n<p><strong>\u0179r\u00f3d\u0142o obrazka z Wikimedia:<\/strong>\u00a0<a href=\"http:\/\/commons.wikimedia.org\/wiki\/File:Illustration_Ceratonia_siliqua0.jpg\" target=\"_blank\">http:\/\/commons.wikimedia.org\/wiki\/File:Illustration_Ceratonia_siliqua0.jpg<\/a><\/p>\n","protected":false},"excerpt":{"rendered":"<p>Czym jest karob? Jest to owoc drzewa chleba \u015bwi\u0119toja\u0144skiego, kt\u00f3re ro\u015bnie w basenie Morza \u015ar\u00f3dziemnego (inne nazwy: szara\u0144czyn str\u0105kowy, ceratonia). Wygl\u0105daj\u0105 tak jak na zdj\u0119ciu&hellip;<\/p>\n","protected":false},"author":1,"featured_media":3407,"comment_status":"open","ping_status":"open","sticky":false,"template":"","format":"standard","meta":{"_jetpack_memberships_contains_paid_content":false,"footnotes":""},"categories":[17,20,250],"tags":[1140,637,636,634,633,640,639,94,635,427,641,638,632],"class_list":["post-3392","post","type-post","status-publish","format-standard","has-post-thumbnail","hentry","category-o-jedzeniu","category-recenzje","category-testy","tag-aura-herbals","tag-bio-planet","tag-bio-vegan","tag-ceratonia","tag-chleb-drzewa-swietojanskiego","tag-creta-carob","tag-ekotaste","tag-karob","tag-kawa-karobowa-melasa-karobowa","tag-maczka-chleba-swietojanskiego","tag-natu-bio","tag-symbio","tag-szaranczyn-strakowy"],"yoast_head":"<!-- This site is optimized with the Yoast SEO plugin v27.4 - https:\/\/yoast.com\/product\/yoast-seo-wordpress\/ -->\n<title>Karob w proszku \u2013 testujemy! (Ranking uaktualniany) - organiczni.eu<\/title>\n<meta name=\"robots\" content=\"index, follow, max-snippet:-1, max-image-preview:large, max-video-preview:-1\" \/>\n<link rel=\"canonical\" href=\"https:\/\/baranowscy.eu\/wordpress\/karob-w-proszku-testujemy\/\" \/>\n<meta property=\"og:locale\" content=\"pl_PL\" \/>\n<meta property=\"og:type\" content=\"article\" \/>\n<meta property=\"og:title\" content=\"Karob w proszku \u2013 testujemy! (Ranking uaktualniany) - organiczni.eu\" \/>\n<meta property=\"og:description\" content=\"Czym jest karob? Jest to owoc drzewa chleba \u015bwi\u0119toja\u0144skiego, kt\u00f3re ro\u015bnie w basenie Morza \u015ar\u00f3dziemnego (inne nazwy: szara\u0144czyn str\u0105kowy, ceratonia). Wygl\u0105daj\u0105 tak jak na zdj\u0119ciu&hellip;\" \/>\n<meta property=\"og:url\" content=\"https:\/\/baranowscy.eu\/wordpress\/karob-w-proszku-testujemy\/\" \/>\n<meta property=\"og:site_name\" content=\"organiczni.eu\" \/>\n<meta property=\"article:publisher\" content=\"https:\/\/www.facebook.com\/organiczni\/\" \/>\n<meta property=\"article:published_time\" content=\"2015-03-25T08:51:11+00:00\" \/>\n<meta property=\"article:modified_time\" content=\"2016-11-07T14:09:11+00:00\" \/>\n<meta property=\"og:image\" content=\"https:\/\/baranowscy.eu\/wordpress\/wp-content\/uploads\/2015\/03\/karob_turcja_3.jpg\" \/>\n\t<meta property=\"og:image:width\" content=\"640\" \/>\n\t<meta property=\"og:image:height\" content=\"427\" \/>\n\t<meta property=\"og:image:type\" content=\"image\/jpeg\" \/>\n<meta name=\"author\" content=\"joanna\" \/>\n<meta name=\"twitter:card\" content=\"summary_large_image\" \/>\n<meta name=\"twitter:label1\" content=\"Napisane przez\" \/>\n\t<meta name=\"twitter:data1\" content=\"joanna\" \/>\n\t<meta name=\"twitter:label2\" content=\"Szacowany czas czytania\" \/>\n\t<meta name=\"twitter:data2\" content=\"10 minut\" \/>\n<script type=\"application\/ld+json\" class=\"yoast-schema-graph\">{\"@context\":\"https:\\\/\\\/schema.org\",\"@graph\":[{\"@type\":\"Article\",\"@id\":\"https:\\\/\\\/baranowscy.eu\\\/wordpress\\\/karob-w-proszku-testujemy\\\/#article\",\"isPartOf\":{\"@id\":\"https:\\\/\\\/baranowscy.eu\\\/wordpress\\\/karob-w-proszku-testujemy\\\/\"},\"author\":{\"name\":\"joanna\",\"@id\":\"https:\\\/\\\/baranowscy.eu\\\/wordpress\\\/#\\\/schema\\\/person\\\/741d5f1f3fd2833c5ca2ffdaaa93dc73\"},\"headline\":\"Karob w proszku \u2013 testujemy! (Ranking uaktualniany)\",\"datePublished\":\"2015-03-25T08:51:11+00:00\",\"dateModified\":\"2016-11-07T14:09:11+00:00\",\"mainEntityOfPage\":{\"@id\":\"https:\\\/\\\/baranowscy.eu\\\/wordpress\\\/karob-w-proszku-testujemy\\\/\"},\"wordCount\":2027,\"commentCount\":15,\"publisher\":{\"@id\":\"https:\\\/\\\/baranowscy.eu\\\/wordpress\\\/#organization\"},\"image\":{\"@id\":\"https:\\\/\\\/baranowscy.eu\\\/wordpress\\\/karob-w-proszku-testujemy\\\/#primaryimage\"},\"thumbnailUrl\":\"https:\\\/\\\/baranowscy.eu\\\/wordpress\\\/wp-content\\\/uploads\\\/2015\\\/03\\\/karob_turcja_3.jpg\",\"keywords\":[\"Aura Herbals\",\"Bio Planet\",\"Bio Vegan\",\"ceratonia\",\"chleb drzewa \u015bwi\u0119toja\u0144skiego\",\"Creta Carob\",\"EkoTaste\",\"karob\",\"kawa karobowa; melasa karobowa\",\"m\u0105czka chleba \u015bwi\u0119toja\u0144skiego\",\"Natu Bio\",\"Symbio\",\"szara\u0144czyn str\u0105kowy\"],\"articleSection\":[\"o jedzeniu\",\"recenzje\",\"testy\"],\"inLanguage\":\"pl-PL\",\"potentialAction\":[{\"@type\":\"CommentAction\",\"name\":\"Comment\",\"target\":[\"https:\\\/\\\/baranowscy.eu\\\/wordpress\\\/karob-w-proszku-testujemy\\\/#respond\"]}]},{\"@type\":\"WebPage\",\"@id\":\"https:\\\/\\\/baranowscy.eu\\\/wordpress\\\/karob-w-proszku-testujemy\\\/\",\"url\":\"https:\\\/\\\/baranowscy.eu\\\/wordpress\\\/karob-w-proszku-testujemy\\\/\",\"name\":\"Karob w proszku \u2013 testujemy! (Ranking uaktualniany) - organiczni.eu\",\"isPartOf\":{\"@id\":\"https:\\\/\\\/baranowscy.eu\\\/wordpress\\\/#website\"},\"primaryImageOfPage\":{\"@id\":\"https:\\\/\\\/baranowscy.eu\\\/wordpress\\\/karob-w-proszku-testujemy\\\/#primaryimage\"},\"image\":{\"@id\":\"https:\\\/\\\/baranowscy.eu\\\/wordpress\\\/karob-w-proszku-testujemy\\\/#primaryimage\"},\"thumbnailUrl\":\"https:\\\/\\\/baranowscy.eu\\\/wordpress\\\/wp-content\\\/uploads\\\/2015\\\/03\\\/karob_turcja_3.jpg\",\"datePublished\":\"2015-03-25T08:51:11+00:00\",\"dateModified\":\"2016-11-07T14:09:11+00:00\",\"breadcrumb\":{\"@id\":\"https:\\\/\\\/baranowscy.eu\\\/wordpress\\\/karob-w-proszku-testujemy\\\/#breadcrumb\"},\"inLanguage\":\"pl-PL\",\"potentialAction\":[{\"@type\":\"ReadAction\",\"target\":[\"https:\\\/\\\/baranowscy.eu\\\/wordpress\\\/karob-w-proszku-testujemy\\\/\"]}]},{\"@type\":\"ImageObject\",\"inLanguage\":\"pl-PL\",\"@id\":\"https:\\\/\\\/baranowscy.eu\\\/wordpress\\\/karob-w-proszku-testujemy\\\/#primaryimage\",\"url\":\"https:\\\/\\\/baranowscy.eu\\\/wordpress\\\/wp-content\\\/uploads\\\/2015\\\/03\\\/karob_turcja_3.jpg\",\"contentUrl\":\"https:\\\/\\\/baranowscy.eu\\\/wordpress\\\/wp-content\\\/uploads\\\/2015\\\/03\\\/karob_turcja_3.jpg\",\"width\":640,\"height\":427,\"caption\":\"Karob - proszek.\"},{\"@type\":\"BreadcrumbList\",\"@id\":\"https:\\\/\\\/baranowscy.eu\\\/wordpress\\\/karob-w-proszku-testujemy\\\/#breadcrumb\",\"itemListElement\":[{\"@type\":\"ListItem\",\"position\":1,\"name\":\"Strona g\u0142\u00f3wna\",\"item\":\"https:\\\/\\\/baranowscy.eu\\\/wordpress\\\/\"},{\"@type\":\"ListItem\",\"position\":2,\"name\":\"Karob w proszku \u2013 testujemy! (Ranking uaktualniany)\"}]},{\"@type\":\"WebSite\",\"@id\":\"https:\\\/\\\/baranowscy.eu\\\/wordpress\\\/#website\",\"url\":\"https:\\\/\\\/baranowscy.eu\\\/wordpress\\\/\",\"name\":\"organiczni.eu\",\"description\":\"Najbardziej wszechstronny blog ekologiczny\",\"publisher\":{\"@id\":\"https:\\\/\\\/baranowscy.eu\\\/wordpress\\\/#organization\"},\"potentialAction\":[{\"@type\":\"SearchAction\",\"target\":{\"@type\":\"EntryPoint\",\"urlTemplate\":\"https:\\\/\\\/baranowscy.eu\\\/wordpress\\\/?s={search_term_string}\"},\"query-input\":{\"@type\":\"PropertyValueSpecification\",\"valueRequired\":true,\"valueName\":\"search_term_string\"}}],\"inLanguage\":\"pl-PL\"},{\"@type\":\"Organization\",\"@id\":\"https:\\\/\\\/baranowscy.eu\\\/wordpress\\\/#organization\",\"name\":\"organiczni.eu\",\"url\":\"https:\\\/\\\/baranowscy.eu\\\/wordpress\\\/\",\"logo\":{\"@type\":\"ImageObject\",\"inLanguage\":\"pl-PL\",\"@id\":\"https:\\\/\\\/baranowscy.eu\\\/wordpress\\\/#\\\/schema\\\/logo\\\/image\\\/\",\"url\":\"https:\\\/\\\/baranowscy.eu\\\/wordpress\\\/wp-content\\\/uploads\\\/2018\\\/01\\\/logo_duze.png\",\"contentUrl\":\"https:\\\/\\\/baranowscy.eu\\\/wordpress\\\/wp-content\\\/uploads\\\/2018\\\/01\\\/logo_duze.png\",\"width\":1398,\"height\":300,\"caption\":\"organiczni.eu\"},\"image\":{\"@id\":\"https:\\\/\\\/baranowscy.eu\\\/wordpress\\\/#\\\/schema\\\/logo\\\/image\\\/\"},\"sameAs\":[\"https:\\\/\\\/www.facebook.com\\\/organiczni\\\/\",\"https:\\\/\\\/www.instagram.com\\\/organiczni.eu\\\/\"]},{\"@type\":\"Person\",\"@id\":\"https:\\\/\\\/baranowscy.eu\\\/wordpress\\\/#\\\/schema\\\/person\\\/741d5f1f3fd2833c5ca2ffdaaa93dc73\",\"name\":\"joanna\",\"image\":{\"@type\":\"ImageObject\",\"inLanguage\":\"pl-PL\",\"@id\":\"https:\\\/\\\/secure.gravatar.com\\\/avatar\\\/a59b1be4fa5d200ee0af0ba4bbcdb691da1d589b419bae23d7aa5a15d820e28e?s=96&d=identicon&r=g\",\"url\":\"https:\\\/\\\/secure.gravatar.com\\\/avatar\\\/a59b1be4fa5d200ee0af0ba4bbcdb691da1d589b419bae23d7aa5a15d820e28e?s=96&d=identicon&r=g\",\"contentUrl\":\"https:\\\/\\\/secure.gravatar.com\\\/avatar\\\/a59b1be4fa5d200ee0af0ba4bbcdb691da1d589b419bae23d7aa5a15d820e28e?s=96&d=identicon&r=g\",\"caption\":\"joanna\"},\"sameAs\":[\"https:\\\/\\\/organiczni.baranowscy.eu\"],\"url\":\"https:\\\/\\\/baranowscy.eu\\\/wordpress\\\/author\\\/admin\\\/\"}]}<\/script>\n<!-- \/ Yoast SEO plugin. -->","yoast_head_json":{"title":"Karob w proszku \u2013 testujemy! (Ranking uaktualniany) - organiczni.eu","robots":{"index":"index","follow":"follow","max-snippet":"max-snippet:-1","max-image-preview":"max-image-preview:large","max-video-preview":"max-video-preview:-1"},"canonical":"https:\/\/baranowscy.eu\/wordpress\/karob-w-proszku-testujemy\/","og_locale":"pl_PL","og_type":"article","og_title":"Karob w proszku \u2013 testujemy! (Ranking uaktualniany) - organiczni.eu","og_description":"Czym jest karob? Jest to owoc drzewa chleba \u015bwi\u0119toja\u0144skiego, kt\u00f3re ro\u015bnie w basenie Morza \u015ar\u00f3dziemnego (inne nazwy: szara\u0144czyn str\u0105kowy, ceratonia). Wygl\u0105daj\u0105 tak jak na zdj\u0119ciu&hellip;","og_url":"https:\/\/baranowscy.eu\/wordpress\/karob-w-proszku-testujemy\/","og_site_name":"organiczni.eu","article_publisher":"https:\/\/www.facebook.com\/organiczni\/","article_published_time":"2015-03-25T08:51:11+00:00","article_modified_time":"2016-11-07T14:09:11+00:00","og_image":[{"width":640,"height":427,"url":"https:\/\/baranowscy.eu\/wordpress\/wp-content\/uploads\/2015\/03\/karob_turcja_3.jpg","type":"image\/jpeg"}],"author":"joanna","twitter_card":"summary_large_image","twitter_misc":{"Napisane przez":"joanna","Szacowany czas czytania":"10 minut"},"schema":{"@context":"https:\/\/schema.org","@graph":[{"@type":"Article","@id":"https:\/\/baranowscy.eu\/wordpress\/karob-w-proszku-testujemy\/#article","isPartOf":{"@id":"https:\/\/baranowscy.eu\/wordpress\/karob-w-proszku-testujemy\/"},"author":{"name":"joanna","@id":"https:\/\/baranowscy.eu\/wordpress\/#\/schema\/person\/741d5f1f3fd2833c5ca2ffdaaa93dc73"},"headline":"Karob w proszku \u2013 testujemy! (Ranking uaktualniany)","datePublished":"2015-03-25T08:51:11+00:00","dateModified":"2016-11-07T14:09:11+00:00","mainEntityOfPage":{"@id":"https:\/\/baranowscy.eu\/wordpress\/karob-w-proszku-testujemy\/"},"wordCount":2027,"commentCount":15,"publisher":{"@id":"https:\/\/baranowscy.eu\/wordpress\/#organization"},"image":{"@id":"https:\/\/baranowscy.eu\/wordpress\/karob-w-proszku-testujemy\/#primaryimage"},"thumbnailUrl":"https:\/\/baranowscy.eu\/wordpress\/wp-content\/uploads\/2015\/03\/karob_turcja_3.jpg","keywords":["Aura Herbals","Bio Planet","Bio Vegan","ceratonia","chleb drzewa \u015bwi\u0119toja\u0144skiego","Creta Carob","EkoTaste","karob","kawa karobowa; melasa karobowa","m\u0105czka chleba \u015bwi\u0119toja\u0144skiego","Natu Bio","Symbio","szara\u0144czyn str\u0105kowy"],"articleSection":["o jedzeniu","recenzje","testy"],"inLanguage":"pl-PL","potentialAction":[{"@type":"CommentAction","name":"Comment","target":["https:\/\/baranowscy.eu\/wordpress\/karob-w-proszku-testujemy\/#respond"]}]},{"@type":"WebPage","@id":"https:\/\/baranowscy.eu\/wordpress\/karob-w-proszku-testujemy\/","url":"https:\/\/baranowscy.eu\/wordpress\/karob-w-proszku-testujemy\/","name":"Karob w proszku \u2013 testujemy! (Ranking uaktualniany) - organiczni.eu","isPartOf":{"@id":"https:\/\/baranowscy.eu\/wordpress\/#website"},"primaryImageOfPage":{"@id":"https:\/\/baranowscy.eu\/wordpress\/karob-w-proszku-testujemy\/#primaryimage"},"image":{"@id":"https:\/\/baranowscy.eu\/wordpress\/karob-w-proszku-testujemy\/#primaryimage"},"thumbnailUrl":"https:\/\/baranowscy.eu\/wordpress\/wp-content\/uploads\/2015\/03\/karob_turcja_3.jpg","datePublished":"2015-03-25T08:51:11+00:00","dateModified":"2016-11-07T14:09:11+00:00","breadcrumb":{"@id":"https:\/\/baranowscy.eu\/wordpress\/karob-w-proszku-testujemy\/#breadcrumb"},"inLanguage":"pl-PL","potentialAction":[{"@type":"ReadAction","target":["https:\/\/baranowscy.eu\/wordpress\/karob-w-proszku-testujemy\/"]}]},{"@type":"ImageObject","inLanguage":"pl-PL","@id":"https:\/\/baranowscy.eu\/wordpress\/karob-w-proszku-testujemy\/#primaryimage","url":"https:\/\/baranowscy.eu\/wordpress\/wp-content\/uploads\/2015\/03\/karob_turcja_3.jpg","contentUrl":"https:\/\/baranowscy.eu\/wordpress\/wp-content\/uploads\/2015\/03\/karob_turcja_3.jpg","width":640,"height":427,"caption":"Karob - proszek."},{"@type":"BreadcrumbList","@id":"https:\/\/baranowscy.eu\/wordpress\/karob-w-proszku-testujemy\/#breadcrumb","itemListElement":[{"@type":"ListItem","position":1,"name":"Strona g\u0142\u00f3wna","item":"https:\/\/baranowscy.eu\/wordpress\/"},{"@type":"ListItem","position":2,"name":"Karob w proszku \u2013 testujemy! (Ranking uaktualniany)"}]},{"@type":"WebSite","@id":"https:\/\/baranowscy.eu\/wordpress\/#website","url":"https:\/\/baranowscy.eu\/wordpress\/","name":"organiczni.eu","description":"Najbardziej wszechstronny blog ekologiczny","publisher":{"@id":"https:\/\/baranowscy.eu\/wordpress\/#organization"},"potentialAction":[{"@type":"SearchAction","target":{"@type":"EntryPoint","urlTemplate":"https:\/\/baranowscy.eu\/wordpress\/?s={search_term_string}"},"query-input":{"@type":"PropertyValueSpecification","valueRequired":true,"valueName":"search_term_string"}}],"inLanguage":"pl-PL"},{"@type":"Organization","@id":"https:\/\/baranowscy.eu\/wordpress\/#organization","name":"organiczni.eu","url":"https:\/\/baranowscy.eu\/wordpress\/","logo":{"@type":"ImageObject","inLanguage":"pl-PL","@id":"https:\/\/baranowscy.eu\/wordpress\/#\/schema\/logo\/image\/","url":"https:\/\/baranowscy.eu\/wordpress\/wp-content\/uploads\/2018\/01\/logo_duze.png","contentUrl":"https:\/\/baranowscy.eu\/wordpress\/wp-content\/uploads\/2018\/01\/logo_duze.png","width":1398,"height":300,"caption":"organiczni.eu"},"image":{"@id":"https:\/\/baranowscy.eu\/wordpress\/#\/schema\/logo\/image\/"},"sameAs":["https:\/\/www.facebook.com\/organiczni\/","https:\/\/www.instagram.com\/organiczni.eu\/"]},{"@type":"Person","@id":"https:\/\/baranowscy.eu\/wordpress\/#\/schema\/person\/741d5f1f3fd2833c5ca2ffdaaa93dc73","name":"joanna","image":{"@type":"ImageObject","inLanguage":"pl-PL","@id":"https:\/\/secure.gravatar.com\/avatar\/a59b1be4fa5d200ee0af0ba4bbcdb691da1d589b419bae23d7aa5a15d820e28e?s=96&d=identicon&r=g","url":"https:\/\/secure.gravatar.com\/avatar\/a59b1be4fa5d200ee0af0ba4bbcdb691da1d589b419bae23d7aa5a15d820e28e?s=96&d=identicon&r=g","contentUrl":"https:\/\/secure.gravatar.com\/avatar\/a59b1be4fa5d200ee0af0ba4bbcdb691da1d589b419bae23d7aa5a15d820e28e?s=96&d=identicon&r=g","caption":"joanna"},"sameAs":["https:\/\/organiczni.baranowscy.eu"],"url":"https:\/\/baranowscy.eu\/wordpress\/author\/admin\/"}]}},"jetpack_featured_media_url":"https:\/\/baranowscy.eu\/wordpress\/wp-content\/uploads\/2015\/03\/karob_turcja_3.jpg","jetpack_sharing_enabled":true,"_links":{"self":[{"href":"https:\/\/baranowscy.eu\/wordpress\/wp-json\/wp\/v2\/posts\/3392","targetHints":{"allow":["GET"]}}],"collection":[{"href":"https:\/\/baranowscy.eu\/wordpress\/wp-json\/wp\/v2\/posts"}],"about":[{"href":"https:\/\/baranowscy.eu\/wordpress\/wp-json\/wp\/v2\/types\/post"}],"author":[{"embeddable":true,"href":"https:\/\/baranowscy.eu\/wordpress\/wp-json\/wp\/v2\/users\/1"}],"replies":[{"embeddable":true,"href":"https:\/\/baranowscy.eu\/wordpress\/wp-json\/wp\/v2\/comments?post=3392"}],"version-history":[{"count":13,"href":"https:\/\/baranowscy.eu\/wordpress\/wp-json\/wp\/v2\/posts\/3392\/revisions"}],"predecessor-version":[{"id":5983,"href":"https:\/\/baranowscy.eu\/wordpress\/wp-json\/wp\/v2\/posts\/3392\/revisions\/5983"}],"wp:featuredmedia":[{"embeddable":true,"href":"https:\/\/baranowscy.eu\/wordpress\/wp-json\/wp\/v2\/media\/3407"}],"wp:attachment":[{"href":"https:\/\/baranowscy.eu\/wordpress\/wp-json\/wp\/v2\/media?parent=3392"}],"wp:term":[{"taxonomy":"category","embeddable":true,"href":"https:\/\/baranowscy.eu\/wordpress\/wp-json\/wp\/v2\/categories?post=3392"},{"taxonomy":"post_tag","embeddable":true,"href":"https:\/\/baranowscy.eu\/wordpress\/wp-json\/wp\/v2\/tags?post=3392"}],"curies":[{"name":"wp","href":"https:\/\/api.w.org\/{rel}","templated":true}]}}