{"id":2532,"date":"2014-08-07T22:51:35","date_gmt":"2014-08-07T20:51:35","guid":{"rendered":"http:\/\/baranowscy.eu\/wordpress\/?p=2532"},"modified":"2015-07-10T23:44:38","modified_gmt":"2015-07-10T21:44:38","slug":"krem-do-opalania-do-skory-wrazliwej-spf-30-lavera-recenzja","status":"publish","type":"post","link":"https:\/\/baranowscy.eu\/wordpress\/krem-do-opalania-do-skory-wrazliwej-spf-30-lavera-recenzja\/","title":{"rendered":"Krem do opalania do sk\u00f3ry wra\u017cliwej SPF 30 Lavera \u2013 recenzja"},"content":{"rendered":"<p>Za nami pobyt nad polskim morzem, gdzie z siostr\u0105 m\u0119\u017ca i jej rodzin\u0105 sp\u0119dzili\u015bmy 10 dni w domku tzw. bez wyg\u00f3d. Niestety, nie wszystkie aspekty wyjazdu okaza\u0142y si\u0119 fortunne dla naszego alergika, ale o tym kiedy indziej.<\/p>\n<p>Mieli\u015bmy okazj\u0119 przetestowa\u0107 wiele ciekawych kosmetyk\u00f3w. A \u017ce pogoda dopisywa\u0142a i codziennie chodzili\u015bmy na pla\u017c\u0119, jednym z podstawowych produkt\u00f3w do piel\u0119gnacji by\u0142 krem do opalania. Wybrany dla nas przez <a href=\"http:\/\/www.ecokraina.pl\/\" target=\"_blank\">Olg\u0119 z Eco Krainy<\/a> krem do opalania do sk\u00f3ry wra\u017cliwej SPF 30 Lavera przetestowa\u0142o a\u017c 8 os\u00f3b w wieku od 21 miesi\u0119cy do 40+ lat. Dla nas najwa\u017cniejsze by\u0142o,\u00a0jak zareaguje na niego\u00a0wymagaj\u0105ca sk\u00f3ra naszych dzieci.<\/p>\n<p><a href=\"https:\/\/baranowscy.eu\/wordpress\/wp-content\/uploads\/2014\/08\/laveraspf30_1.jpg\"><img loading=\"lazy\" decoding=\"async\" class=\"alignnone size-full wp-image-2533\" src=\"https:\/\/baranowscy.eu\/wordpress\/wp-content\/uploads\/2014\/08\/laveraspf30_1.jpg\" alt=\"laveraspf30_1\" width=\"640\" height=\"426\" srcset=\"https:\/\/baranowscy.eu\/wordpress\/wp-content\/uploads\/2014\/08\/laveraspf30_1.jpg 640w, https:\/\/baranowscy.eu\/wordpress\/wp-content\/uploads\/2014\/08\/laveraspf30_1-300x199.jpg 300w, https:\/\/baranowscy.eu\/wordpress\/wp-content\/uploads\/2014\/08\/laveraspf30_1-600x399.jpg 600w\" sizes=\"auto, (max-width: 640px) 100vw, 640px\" \/><\/a><\/p>\n<p><strong>Aktualizacja 10.07.2015 r. Przeczytaj:<\/strong><\/p>\n<p><strong><a href=\"https:\/\/baranowscy.eu\/wordpress\/dlaczego-nie-uzyje-juz-filtrow-do-opalania-lavery\/\" target=\"_blank\">https:\/\/baranowscy.eu\/wordpress\/dlaczego-nie-uzyje-juz-filtrow-do-opalania-lavery\/<\/a><\/strong><!--more--><\/p>\n<h2>Krem do opalania do sk\u00f3ry wra\u017cliwej SPF 30 Lavera<\/h2>\n<p><a href=\"http:\/\/www.lavera.de\/\">www.lavera.de<\/a><\/p>\n<p>Opakowanie 75 ml, 31 z\u0142<\/p>\n<p><a href=\"https:\/\/baranowscy.eu\/wordpress\/wp-content\/uploads\/2014\/08\/laveraspf30_2.jpg\"><img loading=\"lazy\" decoding=\"async\" class=\"alignnone size-full wp-image-2534\" src=\"https:\/\/baranowscy.eu\/wordpress\/wp-content\/uploads\/2014\/08\/laveraspf30_2.jpg\" alt=\"laveraspf30_2\" width=\"640\" height=\"426\" srcset=\"https:\/\/baranowscy.eu\/wordpress\/wp-content\/uploads\/2014\/08\/laveraspf30_2.jpg 640w, https:\/\/baranowscy.eu\/wordpress\/wp-content\/uploads\/2014\/08\/laveraspf30_2-300x199.jpg 300w, https:\/\/baranowscy.eu\/wordpress\/wp-content\/uploads\/2014\/08\/laveraspf30_2-600x399.jpg 600w\" sizes=\"auto, (max-width: 640px) 100vw, 640px\" \/><\/a><\/p>\n<p><strong>Informacje producenta:<\/strong><\/p>\n<p>Krem do opalania z faktorem SPF 30, przeznaczony do sk\u00f3ry wra\u017cliwej i sk\u0142onnej do podra\u017cnie\u0144. Zapewnia mineraln\u0105 ochron\u0119 przeciws\u0142oneczn\u0105. Krem jest w 100% naturalny, zawiera sk\u0142adniki pochodzenia ro\u015blinnego z upraw ekologicznych, upraw producenta i kontrolowanych dzikich zbior\u00f3w.<\/p>\n<p>Blokuje promieniowanie s\u0142oneczne UVA i UVB w stosunku 1:3. Wyprodukowany w Niemczech.<\/p>\n<p>Wed\u0142ug polskiego opisu jest wega\u0144ski \u2013 <strong>uwaga, zawiera wosk pszczeli!<\/strong><\/p>\n<p><a href=\"https:\/\/baranowscy.eu\/wordpress\/wp-content\/uploads\/2014\/08\/laveraspf30_3.jpg\"><img loading=\"lazy\" decoding=\"async\" class=\"alignnone size-full wp-image-2535\" src=\"https:\/\/baranowscy.eu\/wordpress\/wp-content\/uploads\/2014\/08\/laveraspf30_3.jpg\" alt=\"laveraspf30_3\" width=\"640\" height=\"426\" srcset=\"https:\/\/baranowscy.eu\/wordpress\/wp-content\/uploads\/2014\/08\/laveraspf30_3.jpg 640w, https:\/\/baranowscy.eu\/wordpress\/wp-content\/uploads\/2014\/08\/laveraspf30_3-300x199.jpg 300w, https:\/\/baranowscy.eu\/wordpress\/wp-content\/uploads\/2014\/08\/laveraspf30_3-600x399.jpg 600w\" sizes=\"auto, (max-width: 640px) 100vw, 640px\" \/><\/a><\/p>\n<p><strong>Sk\u0142ad:<\/strong><\/p>\n<ul>\n<li><strong><em>Aqua<\/em><\/strong> \u2013 woda zdemineralizowana,<\/li>\n<li><strong><em>Helianthus annuus hybrid oil*<\/em><\/strong> \u2013 olej z nasion s\u0142onecznika hybrydowego (tu \u2013 z upraw ekologicznych), zawiera kwas oleinowy, zmi\u0119kcza sk\u00f3r\u0119,<\/li>\n<li><strong><em>Titanium dioxide<\/em><\/strong> \u2013 dwutlenek tytanu, naturalny minera\u0142, filtr UV, bia\u0142y pigment; jego dopuszczalne st\u0119\u017cenie w kosmetyku wynosi 25%,<\/li>\n<li><strong><em>Dodecane<\/em><\/strong> \u2013 dodekan (ro\u015blinny), w\u0119glowod\u00f3r, nadaje zapach,<\/li>\n<li><strong><em>Polyglyceryl-3 polyricinoleate<\/em><\/strong> \u2013 ester polimeru kwasu rycynowego i poliglicerolu, naturalny emulgator, nawil\u017caj\u0105cy,<\/li>\n<li><strong>Alcohol*<\/strong>\u2013 alkohol, w tym wypadku otrzymywany z buraka cukrowego, konserwant,<\/li>\n<li><strong>Caprylic\/capric triglyceride<\/strong> \u2013 tr\u00f3jgliceryd kaprylowo-kaprynowy, emolient; substancja po\u015brednio nawil\u017caj\u0105ca, pokrywa sk\u00f3r\u0119 warstw\u0105 niedopuszczaj\u0105c\u0105 do nadmiernej utraty wody; nierozcie\u0144czona mo\u017ce mie\u0107 w\u0142a\u015bciwo\u015bci komedogenne, tzn. sprzyja\u0107 powstawaniu zask\u00f3rnik\u00f3w,<\/li>\n<li><strong><em>Glycerin<\/em><\/strong> \u2013 gliceryna pochodzenia ro\u015blinnego; dzia\u0142a nawil\u017caj\u0105co i koj\u0105co; pomaga utrzymywa\u0107 nawil\u017cenie w\u0142os\u00f3w i sk\u00f3ry.<\/li>\n<li><strong><em>Butyrospermum parkii butter*<\/em><\/strong> \u2013 mas\u0142o shea z upraw ekologicznych; nawil\u017ca sk\u00f3r\u0119, ma dzia\u0142anie koj\u0105ce. <strong>(<a title=\"Mas\u0142o shea. Opowie\u015b\u0107 o kobietach z Ghany\" href=\"https:\/\/baranowscy.eu\/wordpress\/?p=610\" target=\"_blank\">Wi\u0119cej na temat zalet mas\u0142a shea<\/a>).<\/strong><\/li>\n<li><strong><em>Sodium lactate<\/em><\/strong> \u2013 s\u00f3l sodowa kwasu mlekowego, substancja nawil\u017caj\u0105ca i z\u0142uszczaj\u0105ca (w wy\u017cszych st\u0119\u017ceniach),<\/li>\n<li><strong><em>Hydrogenated castor oil<\/em><\/strong> \u2013 uwodorniony olej rycynowy (z nasion r\u0105cznika pospolitego), emolient, nadaje naturaln\u0105 konsystencj\u0119, emulgator; w czystej postaci mo\u017ce by\u0107 komedogenny,<\/li>\n<li><strong><em>Oenothera biennis oil*<\/em><\/strong> \u2013 olej z nasion wiesio\u0142ka dwuletniego (tu z upraw ekologicznych), w jego sk\u0142adzie znajduj\u0105 si\u0119 NNKT; zapobiega utracie wody przez sk\u00f3r\u0119; nierozcie\u0144czony mo\u017ce by\u0107 komedogenny,<\/li>\n<li><strong><em>Stearic acid<\/em><\/strong> \u2013 kwas stearynowy, pozyskiwany z oleju kokosowego; nadaje kosmetykom w\u0142a\u015bciw\u0105 konsystencj\u0119, emulgator, stabilizator, nawil\u017ca i odbudowuje warstw\u0119 lipidow\u0105 sk\u00f3ry; <a href=\"http:\/\/cosdna.com\/eng\/b081f0360.html\" target=\"_blank\">mo\u017ce by\u0107 komedogenny<\/a>; <a href=\"%20http:\/\/www.kosmopedia.org\/encyklopedia\/stearic_acid,1075\/id:1075\/\" target=\"_blank\">substancja uznana za niedra\u017cni\u0105c\u0105<\/a> sk\u00f3ry i oczu nawet w st\u0119\u017ceniu 13%,<\/li>\n<li><strong><em>Stearyl beeswax<\/em><\/strong> \u2013 ester alkoholu stearylowego i kwas\u00f3w t\u0142uszczowych wosku pszczelego, emolient, mo\u017ce by\u0107 komedogenny; zmi\u0119kcza i wyg\u0142adza sk\u00f3r\u0119,<\/li>\n<li><em><strong>Behenyl beeswax<\/strong><\/em> \u2013 ester alkoholu behenylowego i kwas\u00f3w t\u0142uszczowych wosku pszczelego, od\u017cywia sk\u00f3r\u0119; reguluje lepko\u015b\u0107 kosmetyku,<\/li>\n<li><strong><em>Tocopheryl acetate<\/em><\/strong>\u00a0\u2013 octan tokoferylu, estrowa pochodna tokoferolu (witaminy E); przeciwutleniacz.<\/li>\n<li><strong><em>Alumina<\/em><\/strong> \u2013 tlenek glinu (aluminium), stabilizator substancji zawieraj\u0105cej filtr UV \u2013 dwutlenku tytanu,<\/li>\n<li><strong><em>Xanthan gum<\/em><\/strong> \u2013 guma ksantanowa, zag\u0119stnik, dobrze tolerowany przez sk\u00f3r\u0119,<\/li>\n<li><strong><em>Tocopherol<\/em><\/strong> \u2013 tokoferol, witamina E; naturalny przeciwutleniacz, chroni i od\u017cywia sk\u00f3r\u0119, wzmacnia barier\u0119 nask\u00f3rkow\u0105 i \u015bciany naczy\u0144 krwiono\u015bnych, dzi\u0119ki niej sk\u00f3ra jest lepiej ukrwiona,<\/li>\n<li><strong><em>Helianthus annuus seed oil<\/em><\/strong> \u2013 olej z nasion s\u0142onecznika, \u017ar\u00f3d\u0142o NNKT (kwasu linolowego) i witaminy E, emolient, dzia\u0142a nawil\u017caj\u0105co i regeneruj\u0105co,<\/li>\n<li><strong><em>Ascorbyl palmitate<\/em><\/strong> \u2013 palmitynian askorbylu, witamina C pozyskiwana z ro\u015blin; przeciwutleniacz, chroni sk\u00f3r\u0119 przed szkodliwym dzia\u0142aniem promieni UVA i UVB, dzia\u0142a przeciwzapalnie.<\/li>\n<\/ul>\n<p><strong>Nasza opinia:<\/strong><\/p>\n<p><a title=\"Krem od s\u0142o\u0144ca \u2013 Lavera Sun Sensitiv SPF 15 i SPF 20\" href=\"https:\/\/baranowscy.eu\/wordpress\/?p=1247\" target=\"_blank\">Kosmetyk\u00f3w do opalania Lavery u\u017cywali\u015bmy ju\u017c w zesz\u0142ym roku<\/a>. By\u0142y to kremy do opalania SPF 15 i 20. Musz\u0119 przyzna\u0107, \u017ce ich wydajno\u015b\u0107 mnie zaskoczy\u0142a, starczy\u0142y tak\u017ce na ten rok i wci\u0105\u017c si\u0119 nie sko\u0144czy\u0142y! (Jeszcze si\u0119 przydadz\u0105). W zesz\u0142ym roku narzeka\u0142am troch\u0119 na to, \u017ce wzi\u0119\u0142am za s\u0142abe faktory. SPF 30 okaza\u0142 si\u0119 dobrym wyborem, je\u015bli chodzi o dzieci. Nie by\u0142o poparze\u0144 mimo wielokrotnych k\u0105pieli w morzu.<\/p>\n<p><a href=\"https:\/\/baranowscy.eu\/wordpress\/wp-content\/uploads\/2014\/08\/nadplazy_1.jpg\"><img loading=\"lazy\" decoding=\"async\" class=\"alignnone size-full wp-image-2536\" src=\"https:\/\/baranowscy.eu\/wordpress\/wp-content\/uploads\/2014\/08\/nadplazy_1.jpg\" alt=\"nadplazy_1\" width=\"640\" height=\"426\" srcset=\"https:\/\/baranowscy.eu\/wordpress\/wp-content\/uploads\/2014\/08\/nadplazy_1.jpg 640w, https:\/\/baranowscy.eu\/wordpress\/wp-content\/uploads\/2014\/08\/nadplazy_1-300x199.jpg 300w, https:\/\/baranowscy.eu\/wordpress\/wp-content\/uploads\/2014\/08\/nadplazy_1-600x399.jpg 600w\" sizes=\"auto, (max-width: 640px) 100vw, 640px\" \/><\/a><\/p>\n<p>Szkoda, \u017ce tym razem krem do opalania jest w tubce &#8211; spray by\u0142 niezwykle wygodny, chocia\u017c trzeba by\u0142o potrz\u0105sa\u0107 buteleczk\u0105, \u017ceby r\u00f3wnomiernie wymiesza\u0107 sk\u0142adniki. W wypadku tubki to niepotrzebne.<\/p>\n<p>W sk\u0142adzie &#8211; w por\u00f3wnaniu do sk\u0142adu kosmetyk\u00f3w sprzed roku &#8211; nadal jest aluminium, a ja nadal nie wiem, czy to dobrze, czy \u017ale.<\/p>\n<p>Krem \u0142atwo si\u0119 rozsmarowuje, ale pozostawia widoczn\u0105 bia\u0142\u0105 warstw\u0119 (co wida\u0107 na zdj\u0119ciach). Ma to swoje minusy &#8211; trudno go zmy\u0107 pod prysznicem, ale i plusy &#8211; nie zmyje si\u0119 w morzu i dobrze wida\u0107, kt\u00f3re partie cia\u0142a s\u0105 posmarowane.<\/p>\n<p><a href=\"https:\/\/baranowscy.eu\/wordpress\/wp-content\/uploads\/2014\/08\/naplazy_0.jpg\"><img loading=\"lazy\" decoding=\"async\" class=\"alignnone size-full wp-image-2537\" src=\"https:\/\/baranowscy.eu\/wordpress\/wp-content\/uploads\/2014\/08\/naplazy_0.jpg\" alt=\"naplazy_0\" width=\"640\" height=\"426\" srcset=\"https:\/\/baranowscy.eu\/wordpress\/wp-content\/uploads\/2014\/08\/naplazy_0.jpg 640w, https:\/\/baranowscy.eu\/wordpress\/wp-content\/uploads\/2014\/08\/naplazy_0-300x199.jpg 300w, https:\/\/baranowscy.eu\/wordpress\/wp-content\/uploads\/2014\/08\/naplazy_0-600x399.jpg 600w\" sizes=\"auto, (max-width: 640px) 100vw, 640px\" \/><\/a><\/p>\n<p>W sk\u0142adzie dominuj\u0105 naturalne sk\u0142adniki (cz\u0119\u015bciowo ekologiczne), kt\u00f3re przyjemnie dbaj\u0105 o sk\u00f3r\u0119. Olej z nasion s\u0142onecznika czy mas\u0142o shea maj\u0105 w\u0142a\u015bciwo\u015bci piel\u0119gnacyjne, co ma znaczenie przy sk\u00f3rze wymagaj\u0105cej, wysuszonej czy ze sk\u0142onno\u015bci\u0105 do podra\u017cnie\u0144. W naszym wypadku sprawdzi\u0142 si\u0119 bardzo dobrze jako ochrona przeciws\u0142oneczna. Zmiana faktora na wy\u017cszy by\u0142a dobr\u0105 decyzj\u0105.<\/p>\n<p><strong>Wpisuj\u0119\u00a0Krem do opalania do sk\u00f3ry wra\u017cliwej SPF 30 Lavera na nasz\u0105 subiektywn\u0105 list\u0119 kosmetyk\u00f3w przyjaznych sk\u00f3rze z problemami typu AZS.<\/strong><\/p>\n","protected":false},"excerpt":{"rendered":"<p>Za nami pobyt nad polskim morzem, gdzie z siostr\u0105 m\u0119\u017ca i jej rodzin\u0105 sp\u0119dzili\u015bmy 10 dni w domku tzw. bez wyg\u00f3d. Niestety, nie wszystkie aspekty&hellip;<\/p>\n","protected":false},"author":1,"featured_media":2534,"comment_status":"open","ping_status":"open","sticky":false,"template":"","format":"standard","meta":{"_jetpack_memberships_contains_paid_content":false,"footnotes":""},"categories":[416,5,101,363,89,20,250],"tags":[360,219,184,762,11,439,438],"class_list":["post-2532","post","type-post","status-publish","format-standard","has-post-thumbnail","hentry","category-atopowe-zapalenie-skory-azs","category-kosmetyki","category-kosmetyki-i-pielegnacja","category-kosmetyki-i-pielegnacja-testy","category-pielegnacja-ciala-i-dloni","category-recenzje","category-testy","tag-atopowe-zapalenie-skory","tag-azs","tag-eco-kraina","tag-filtr-przeciwsloneczny","tag-kosmetyki-ekologiczne","tag-krem-do-opalania","tag-lavera"],"yoast_head":"<!-- This site is optimized with the Yoast SEO plugin v27.5 - https:\/\/yoast.com\/product\/yoast-seo-wordpress\/ -->\n<title>Krem do opalania do sk\u00f3ry wra\u017cliwej SPF 30 Lavera \u2013 recenzja - organiczni.eu<\/title>\n<meta name=\"robots\" content=\"index, follow, max-snippet:-1, max-image-preview:large, max-video-preview:-1\" \/>\n<link rel=\"canonical\" href=\"https:\/\/baranowscy.eu\/wordpress\/krem-do-opalania-do-skory-wrazliwej-spf-30-lavera-recenzja\/\" \/>\n<meta property=\"og:locale\" content=\"pl_PL\" \/>\n<meta property=\"og:type\" content=\"article\" \/>\n<meta property=\"og:title\" content=\"Krem do opalania do sk\u00f3ry wra\u017cliwej SPF 30 Lavera \u2013 recenzja - organiczni.eu\" \/>\n<meta property=\"og:description\" content=\"Za nami pobyt nad polskim morzem, gdzie z siostr\u0105 m\u0119\u017ca i jej rodzin\u0105 sp\u0119dzili\u015bmy 10 dni w domku tzw. bez wyg\u00f3d. Niestety, nie wszystkie aspekty&hellip;\" \/>\n<meta property=\"og:url\" content=\"https:\/\/baranowscy.eu\/wordpress\/krem-do-opalania-do-skory-wrazliwej-spf-30-lavera-recenzja\/\" \/>\n<meta property=\"og:site_name\" content=\"organiczni.eu\" \/>\n<meta property=\"article:publisher\" content=\"https:\/\/www.facebook.com\/organiczni\/\" \/>\n<meta property=\"article:published_time\" content=\"2014-08-07T20:51:35+00:00\" \/>\n<meta property=\"article:modified_time\" content=\"2015-07-10T21:44:38+00:00\" \/>\n<meta property=\"og:image\" content=\"https:\/\/baranowscy.eu\/wordpress\/wp-content\/uploads\/2014\/08\/laveraspf30_2.jpg\" \/>\n\t<meta property=\"og:image:width\" content=\"640\" \/>\n\t<meta property=\"og:image:height\" content=\"426\" \/>\n\t<meta property=\"og:image:type\" content=\"image\/jpeg\" \/>\n<meta name=\"author\" content=\"joanna\" \/>\n<meta name=\"twitter:card\" content=\"summary_large_image\" \/>\n<meta name=\"twitter:label1\" content=\"Napisane przez\" \/>\n\t<meta name=\"twitter:data1\" content=\"joanna\" \/>\n\t<meta name=\"twitter:label2\" content=\"Szacowany czas czytania\" \/>\n\t<meta name=\"twitter:data2\" content=\"5 minut\" \/>\n<script type=\"application\/ld+json\" class=\"yoast-schema-graph\">{\"@context\":\"https:\\\/\\\/schema.org\",\"@graph\":[{\"@type\":\"Article\",\"@id\":\"https:\\\/\\\/baranowscy.eu\\\/wordpress\\\/krem-do-opalania-do-skory-wrazliwej-spf-30-lavera-recenzja\\\/#article\",\"isPartOf\":{\"@id\":\"https:\\\/\\\/baranowscy.eu\\\/wordpress\\\/krem-do-opalania-do-skory-wrazliwej-spf-30-lavera-recenzja\\\/\"},\"author\":{\"name\":\"joanna\",\"@id\":\"https:\\\/\\\/baranowscy.eu\\\/wordpress\\\/#\\\/schema\\\/person\\\/741d5f1f3fd2833c5ca2ffdaaa93dc73\"},\"headline\":\"Krem do opalania do sk\u00f3ry wra\u017cliwej SPF 30 Lavera \u2013 recenzja\",\"datePublished\":\"2014-08-07T20:51:35+00:00\",\"dateModified\":\"2015-07-10T21:44:38+00:00\",\"mainEntityOfPage\":{\"@id\":\"https:\\\/\\\/baranowscy.eu\\\/wordpress\\\/krem-do-opalania-do-skory-wrazliwej-spf-30-lavera-recenzja\\\/\"},\"wordCount\":941,\"commentCount\":5,\"publisher\":{\"@id\":\"https:\\\/\\\/baranowscy.eu\\\/wordpress\\\/#organization\"},\"image\":{\"@id\":\"https:\\\/\\\/baranowscy.eu\\\/wordpress\\\/krem-do-opalania-do-skory-wrazliwej-spf-30-lavera-recenzja\\\/#primaryimage\"},\"thumbnailUrl\":\"https:\\\/\\\/baranowscy.eu\\\/wordpress\\\/wp-content\\\/uploads\\\/2014\\\/08\\\/laveraspf30_2.jpg\",\"keywords\":[\"atopowe zapalenie sk\u00f3ry\",\"AZS\",\"Eco Kraina\",\"filtr przeciws\u0142oneczny\",\"kosmetyki ekologiczne\",\"krem do opalania\",\"Lavera\"],\"articleSection\":[\"atopowe zapalenie sk\u00f3ry - AZS\",\"kosmetyki i piel\u0119gnacja\",\"kosmetyki i piel\u0119gnacja\",\"kosmetyki i piel\u0119gnacja\",\"piel\u0119gnacja cia\u0142a i d\u0142oni\",\"recenzje\",\"testy\"],\"inLanguage\":\"pl-PL\",\"potentialAction\":[{\"@type\":\"CommentAction\",\"name\":\"Comment\",\"target\":[\"https:\\\/\\\/baranowscy.eu\\\/wordpress\\\/krem-do-opalania-do-skory-wrazliwej-spf-30-lavera-recenzja\\\/#respond\"]}]},{\"@type\":\"WebPage\",\"@id\":\"https:\\\/\\\/baranowscy.eu\\\/wordpress\\\/krem-do-opalania-do-skory-wrazliwej-spf-30-lavera-recenzja\\\/\",\"url\":\"https:\\\/\\\/baranowscy.eu\\\/wordpress\\\/krem-do-opalania-do-skory-wrazliwej-spf-30-lavera-recenzja\\\/\",\"name\":\"Krem do opalania do sk\u00f3ry wra\u017cliwej SPF 30 Lavera \u2013 recenzja - organiczni.eu\",\"isPartOf\":{\"@id\":\"https:\\\/\\\/baranowscy.eu\\\/wordpress\\\/#website\"},\"primaryImageOfPage\":{\"@id\":\"https:\\\/\\\/baranowscy.eu\\\/wordpress\\\/krem-do-opalania-do-skory-wrazliwej-spf-30-lavera-recenzja\\\/#primaryimage\"},\"image\":{\"@id\":\"https:\\\/\\\/baranowscy.eu\\\/wordpress\\\/krem-do-opalania-do-skory-wrazliwej-spf-30-lavera-recenzja\\\/#primaryimage\"},\"thumbnailUrl\":\"https:\\\/\\\/baranowscy.eu\\\/wordpress\\\/wp-content\\\/uploads\\\/2014\\\/08\\\/laveraspf30_2.jpg\",\"datePublished\":\"2014-08-07T20:51:35+00:00\",\"dateModified\":\"2015-07-10T21:44:38+00:00\",\"breadcrumb\":{\"@id\":\"https:\\\/\\\/baranowscy.eu\\\/wordpress\\\/krem-do-opalania-do-skory-wrazliwej-spf-30-lavera-recenzja\\\/#breadcrumb\"},\"inLanguage\":\"pl-PL\",\"potentialAction\":[{\"@type\":\"ReadAction\",\"target\":[\"https:\\\/\\\/baranowscy.eu\\\/wordpress\\\/krem-do-opalania-do-skory-wrazliwej-spf-30-lavera-recenzja\\\/\"]}]},{\"@type\":\"ImageObject\",\"inLanguage\":\"pl-PL\",\"@id\":\"https:\\\/\\\/baranowscy.eu\\\/wordpress\\\/krem-do-opalania-do-skory-wrazliwej-spf-30-lavera-recenzja\\\/#primaryimage\",\"url\":\"https:\\\/\\\/baranowscy.eu\\\/wordpress\\\/wp-content\\\/uploads\\\/2014\\\/08\\\/laveraspf30_2.jpg\",\"contentUrl\":\"https:\\\/\\\/baranowscy.eu\\\/wordpress\\\/wp-content\\\/uploads\\\/2014\\\/08\\\/laveraspf30_2.jpg\",\"width\":640,\"height\":426},{\"@type\":\"BreadcrumbList\",\"@id\":\"https:\\\/\\\/baranowscy.eu\\\/wordpress\\\/krem-do-opalania-do-skory-wrazliwej-spf-30-lavera-recenzja\\\/#breadcrumb\",\"itemListElement\":[{\"@type\":\"ListItem\",\"position\":1,\"name\":\"Strona g\u0142\u00f3wna\",\"item\":\"https:\\\/\\\/baranowscy.eu\\\/wordpress\\\/\"},{\"@type\":\"ListItem\",\"position\":2,\"name\":\"Krem do opalania do sk\u00f3ry wra\u017cliwej SPF 30 Lavera \u2013 recenzja\"}]},{\"@type\":\"WebSite\",\"@id\":\"https:\\\/\\\/baranowscy.eu\\\/wordpress\\\/#website\",\"url\":\"https:\\\/\\\/baranowscy.eu\\\/wordpress\\\/\",\"name\":\"organiczni.eu\",\"description\":\"Najbardziej wszechstronny blog ekologiczny\",\"publisher\":{\"@id\":\"https:\\\/\\\/baranowscy.eu\\\/wordpress\\\/#organization\"},\"potentialAction\":[{\"@type\":\"SearchAction\",\"target\":{\"@type\":\"EntryPoint\",\"urlTemplate\":\"https:\\\/\\\/baranowscy.eu\\\/wordpress\\\/?s={search_term_string}\"},\"query-input\":{\"@type\":\"PropertyValueSpecification\",\"valueRequired\":true,\"valueName\":\"search_term_string\"}}],\"inLanguage\":\"pl-PL\"},{\"@type\":\"Organization\",\"@id\":\"https:\\\/\\\/baranowscy.eu\\\/wordpress\\\/#organization\",\"name\":\"organiczni.eu\",\"url\":\"https:\\\/\\\/baranowscy.eu\\\/wordpress\\\/\",\"logo\":{\"@type\":\"ImageObject\",\"inLanguage\":\"pl-PL\",\"@id\":\"https:\\\/\\\/baranowscy.eu\\\/wordpress\\\/#\\\/schema\\\/logo\\\/image\\\/\",\"url\":\"https:\\\/\\\/baranowscy.eu\\\/wordpress\\\/wp-content\\\/uploads\\\/2018\\\/01\\\/logo_duze.png\",\"contentUrl\":\"https:\\\/\\\/baranowscy.eu\\\/wordpress\\\/wp-content\\\/uploads\\\/2018\\\/01\\\/logo_duze.png\",\"width\":1398,\"height\":300,\"caption\":\"organiczni.eu\"},\"image\":{\"@id\":\"https:\\\/\\\/baranowscy.eu\\\/wordpress\\\/#\\\/schema\\\/logo\\\/image\\\/\"},\"sameAs\":[\"https:\\\/\\\/www.facebook.com\\\/organiczni\\\/\",\"https:\\\/\\\/www.instagram.com\\\/organiczni.eu\\\/\"]},{\"@type\":\"Person\",\"@id\":\"https:\\\/\\\/baranowscy.eu\\\/wordpress\\\/#\\\/schema\\\/person\\\/741d5f1f3fd2833c5ca2ffdaaa93dc73\",\"name\":\"joanna\",\"image\":{\"@type\":\"ImageObject\",\"inLanguage\":\"pl-PL\",\"@id\":\"https:\\\/\\\/secure.gravatar.com\\\/avatar\\\/a59b1be4fa5d200ee0af0ba4bbcdb691da1d589b419bae23d7aa5a15d820e28e?s=96&d=identicon&r=g\",\"url\":\"https:\\\/\\\/secure.gravatar.com\\\/avatar\\\/a59b1be4fa5d200ee0af0ba4bbcdb691da1d589b419bae23d7aa5a15d820e28e?s=96&d=identicon&r=g\",\"contentUrl\":\"https:\\\/\\\/secure.gravatar.com\\\/avatar\\\/a59b1be4fa5d200ee0af0ba4bbcdb691da1d589b419bae23d7aa5a15d820e28e?s=96&d=identicon&r=g\",\"caption\":\"joanna\"},\"sameAs\":[\"https:\\\/\\\/organiczni.baranowscy.eu\"],\"url\":\"https:\\\/\\\/baranowscy.eu\\\/wordpress\\\/author\\\/admin\\\/\"}]}<\/script>\n<!-- \/ Yoast SEO plugin. -->","yoast_head_json":{"title":"Krem do opalania do sk\u00f3ry wra\u017cliwej SPF 30 Lavera \u2013 recenzja - organiczni.eu","robots":{"index":"index","follow":"follow","max-snippet":"max-snippet:-1","max-image-preview":"max-image-preview:large","max-video-preview":"max-video-preview:-1"},"canonical":"https:\/\/baranowscy.eu\/wordpress\/krem-do-opalania-do-skory-wrazliwej-spf-30-lavera-recenzja\/","og_locale":"pl_PL","og_type":"article","og_title":"Krem do opalania do sk\u00f3ry wra\u017cliwej SPF 30 Lavera \u2013 recenzja - organiczni.eu","og_description":"Za nami pobyt nad polskim morzem, gdzie z siostr\u0105 m\u0119\u017ca i jej rodzin\u0105 sp\u0119dzili\u015bmy 10 dni w domku tzw. bez wyg\u00f3d. Niestety, nie wszystkie aspekty&hellip;","og_url":"https:\/\/baranowscy.eu\/wordpress\/krem-do-opalania-do-skory-wrazliwej-spf-30-lavera-recenzja\/","og_site_name":"organiczni.eu","article_publisher":"https:\/\/www.facebook.com\/organiczni\/","article_published_time":"2014-08-07T20:51:35+00:00","article_modified_time":"2015-07-10T21:44:38+00:00","og_image":[{"width":640,"height":426,"url":"https:\/\/baranowscy.eu\/wordpress\/wp-content\/uploads\/2014\/08\/laveraspf30_2.jpg","type":"image\/jpeg"}],"author":"joanna","twitter_card":"summary_large_image","twitter_misc":{"Napisane przez":"joanna","Szacowany czas czytania":"5 minut"},"schema":{"@context":"https:\/\/schema.org","@graph":[{"@type":"Article","@id":"https:\/\/baranowscy.eu\/wordpress\/krem-do-opalania-do-skory-wrazliwej-spf-30-lavera-recenzja\/#article","isPartOf":{"@id":"https:\/\/baranowscy.eu\/wordpress\/krem-do-opalania-do-skory-wrazliwej-spf-30-lavera-recenzja\/"},"author":{"name":"joanna","@id":"https:\/\/baranowscy.eu\/wordpress\/#\/schema\/person\/741d5f1f3fd2833c5ca2ffdaaa93dc73"},"headline":"Krem do opalania do sk\u00f3ry wra\u017cliwej SPF 30 Lavera \u2013 recenzja","datePublished":"2014-08-07T20:51:35+00:00","dateModified":"2015-07-10T21:44:38+00:00","mainEntityOfPage":{"@id":"https:\/\/baranowscy.eu\/wordpress\/krem-do-opalania-do-skory-wrazliwej-spf-30-lavera-recenzja\/"},"wordCount":941,"commentCount":5,"publisher":{"@id":"https:\/\/baranowscy.eu\/wordpress\/#organization"},"image":{"@id":"https:\/\/baranowscy.eu\/wordpress\/krem-do-opalania-do-skory-wrazliwej-spf-30-lavera-recenzja\/#primaryimage"},"thumbnailUrl":"https:\/\/baranowscy.eu\/wordpress\/wp-content\/uploads\/2014\/08\/laveraspf30_2.jpg","keywords":["atopowe zapalenie sk\u00f3ry","AZS","Eco Kraina","filtr przeciws\u0142oneczny","kosmetyki ekologiczne","krem do opalania","Lavera"],"articleSection":["atopowe zapalenie sk\u00f3ry - AZS","kosmetyki i piel\u0119gnacja","kosmetyki i piel\u0119gnacja","kosmetyki i piel\u0119gnacja","piel\u0119gnacja cia\u0142a i d\u0142oni","recenzje","testy"],"inLanguage":"pl-PL","potentialAction":[{"@type":"CommentAction","name":"Comment","target":["https:\/\/baranowscy.eu\/wordpress\/krem-do-opalania-do-skory-wrazliwej-spf-30-lavera-recenzja\/#respond"]}]},{"@type":"WebPage","@id":"https:\/\/baranowscy.eu\/wordpress\/krem-do-opalania-do-skory-wrazliwej-spf-30-lavera-recenzja\/","url":"https:\/\/baranowscy.eu\/wordpress\/krem-do-opalania-do-skory-wrazliwej-spf-30-lavera-recenzja\/","name":"Krem do opalania do sk\u00f3ry wra\u017cliwej SPF 30 Lavera \u2013 recenzja - organiczni.eu","isPartOf":{"@id":"https:\/\/baranowscy.eu\/wordpress\/#website"},"primaryImageOfPage":{"@id":"https:\/\/baranowscy.eu\/wordpress\/krem-do-opalania-do-skory-wrazliwej-spf-30-lavera-recenzja\/#primaryimage"},"image":{"@id":"https:\/\/baranowscy.eu\/wordpress\/krem-do-opalania-do-skory-wrazliwej-spf-30-lavera-recenzja\/#primaryimage"},"thumbnailUrl":"https:\/\/baranowscy.eu\/wordpress\/wp-content\/uploads\/2014\/08\/laveraspf30_2.jpg","datePublished":"2014-08-07T20:51:35+00:00","dateModified":"2015-07-10T21:44:38+00:00","breadcrumb":{"@id":"https:\/\/baranowscy.eu\/wordpress\/krem-do-opalania-do-skory-wrazliwej-spf-30-lavera-recenzja\/#breadcrumb"},"inLanguage":"pl-PL","potentialAction":[{"@type":"ReadAction","target":["https:\/\/baranowscy.eu\/wordpress\/krem-do-opalania-do-skory-wrazliwej-spf-30-lavera-recenzja\/"]}]},{"@type":"ImageObject","inLanguage":"pl-PL","@id":"https:\/\/baranowscy.eu\/wordpress\/krem-do-opalania-do-skory-wrazliwej-spf-30-lavera-recenzja\/#primaryimage","url":"https:\/\/baranowscy.eu\/wordpress\/wp-content\/uploads\/2014\/08\/laveraspf30_2.jpg","contentUrl":"https:\/\/baranowscy.eu\/wordpress\/wp-content\/uploads\/2014\/08\/laveraspf30_2.jpg","width":640,"height":426},{"@type":"BreadcrumbList","@id":"https:\/\/baranowscy.eu\/wordpress\/krem-do-opalania-do-skory-wrazliwej-spf-30-lavera-recenzja\/#breadcrumb","itemListElement":[{"@type":"ListItem","position":1,"name":"Strona g\u0142\u00f3wna","item":"https:\/\/baranowscy.eu\/wordpress\/"},{"@type":"ListItem","position":2,"name":"Krem do opalania do sk\u00f3ry wra\u017cliwej SPF 30 Lavera \u2013 recenzja"}]},{"@type":"WebSite","@id":"https:\/\/baranowscy.eu\/wordpress\/#website","url":"https:\/\/baranowscy.eu\/wordpress\/","name":"organiczni.eu","description":"Najbardziej wszechstronny blog ekologiczny","publisher":{"@id":"https:\/\/baranowscy.eu\/wordpress\/#organization"},"potentialAction":[{"@type":"SearchAction","target":{"@type":"EntryPoint","urlTemplate":"https:\/\/baranowscy.eu\/wordpress\/?s={search_term_string}"},"query-input":{"@type":"PropertyValueSpecification","valueRequired":true,"valueName":"search_term_string"}}],"inLanguage":"pl-PL"},{"@type":"Organization","@id":"https:\/\/baranowscy.eu\/wordpress\/#organization","name":"organiczni.eu","url":"https:\/\/baranowscy.eu\/wordpress\/","logo":{"@type":"ImageObject","inLanguage":"pl-PL","@id":"https:\/\/baranowscy.eu\/wordpress\/#\/schema\/logo\/image\/","url":"https:\/\/baranowscy.eu\/wordpress\/wp-content\/uploads\/2018\/01\/logo_duze.png","contentUrl":"https:\/\/baranowscy.eu\/wordpress\/wp-content\/uploads\/2018\/01\/logo_duze.png","width":1398,"height":300,"caption":"organiczni.eu"},"image":{"@id":"https:\/\/baranowscy.eu\/wordpress\/#\/schema\/logo\/image\/"},"sameAs":["https:\/\/www.facebook.com\/organiczni\/","https:\/\/www.instagram.com\/organiczni.eu\/"]},{"@type":"Person","@id":"https:\/\/baranowscy.eu\/wordpress\/#\/schema\/person\/741d5f1f3fd2833c5ca2ffdaaa93dc73","name":"joanna","image":{"@type":"ImageObject","inLanguage":"pl-PL","@id":"https:\/\/secure.gravatar.com\/avatar\/a59b1be4fa5d200ee0af0ba4bbcdb691da1d589b419bae23d7aa5a15d820e28e?s=96&d=identicon&r=g","url":"https:\/\/secure.gravatar.com\/avatar\/a59b1be4fa5d200ee0af0ba4bbcdb691da1d589b419bae23d7aa5a15d820e28e?s=96&d=identicon&r=g","contentUrl":"https:\/\/secure.gravatar.com\/avatar\/a59b1be4fa5d200ee0af0ba4bbcdb691da1d589b419bae23d7aa5a15d820e28e?s=96&d=identicon&r=g","caption":"joanna"},"sameAs":["https:\/\/organiczni.baranowscy.eu"],"url":"https:\/\/baranowscy.eu\/wordpress\/author\/admin\/"}]}},"jetpack_featured_media_url":"https:\/\/baranowscy.eu\/wordpress\/wp-content\/uploads\/2014\/08\/laveraspf30_2.jpg","jetpack_sharing_enabled":true,"_links":{"self":[{"href":"https:\/\/baranowscy.eu\/wordpress\/wp-json\/wp\/v2\/posts\/2532","targetHints":{"allow":["GET"]}}],"collection":[{"href":"https:\/\/baranowscy.eu\/wordpress\/wp-json\/wp\/v2\/posts"}],"about":[{"href":"https:\/\/baranowscy.eu\/wordpress\/wp-json\/wp\/v2\/types\/post"}],"author":[{"embeddable":true,"href":"https:\/\/baranowscy.eu\/wordpress\/wp-json\/wp\/v2\/users\/1"}],"replies":[{"embeddable":true,"href":"https:\/\/baranowscy.eu\/wordpress\/wp-json\/wp\/v2\/comments?post=2532"}],"version-history":[{"count":3,"href":"https:\/\/baranowscy.eu\/wordpress\/wp-json\/wp\/v2\/posts\/2532\/revisions"}],"predecessor-version":[{"id":4061,"href":"https:\/\/baranowscy.eu\/wordpress\/wp-json\/wp\/v2\/posts\/2532\/revisions\/4061"}],"wp:featuredmedia":[{"embeddable":true,"href":"https:\/\/baranowscy.eu\/wordpress\/wp-json\/wp\/v2\/media\/2534"}],"wp:attachment":[{"href":"https:\/\/baranowscy.eu\/wordpress\/wp-json\/wp\/v2\/media?parent=2532"}],"wp:term":[{"taxonomy":"category","embeddable":true,"href":"https:\/\/baranowscy.eu\/wordpress\/wp-json\/wp\/v2\/categories?post=2532"},{"taxonomy":"post_tag","embeddable":true,"href":"https:\/\/baranowscy.eu\/wordpress\/wp-json\/wp\/v2\/tags?post=2532"}],"curies":[{"name":"wp","href":"https:\/\/api.w.org\/{rel}","templated":true}]}}