{"id":2217,"date":"2014-05-27T19:03:12","date_gmt":"2014-05-27T17:03:12","guid":{"rendered":"http:\/\/baranowscy.eu\/wordpress\/?p=2217"},"modified":"2014-05-27T19:52:53","modified_gmt":"2014-05-27T17:52:53","slug":"miejsce-mleka-mamy-po-6-miesiacu-zycia-dziecka-rowniez-alergika","status":"publish","type":"post","link":"https:\/\/baranowscy.eu\/wordpress\/miejsce-mleka-mamy-po-6-miesiacu-zycia-dziecka-rowniez-alergika\/","title":{"rendered":"Miejsce mleka mamy po 6. miesi\u0105cu \u017cycia dziecka (r\u00f3wnie\u017c alergika)"},"content":{"rendered":"<p>Trwa Tydzie\u0144 Promocji Karmienia Piersi\u0105 i z tej okazji w ca\u0142ej Polsce odbywaj\u0105 si\u0119 spotkania tematyczne w ramach <a href=\"https:\/\/www.facebook.com\/Mlekoteka\" target=\"_blank\">Mlekoteki<\/a>. Sama bior\u0119 udzia\u0142 w spotkaniu po\u015bwi\u0119conym roli mleka mamy w diecie dziecka, kt\u00f3re sko\u0144czy\u0142o 6 miesi\u0119cy &#8211; moj\u0105 rol\u0105 b\u0119dzie powiedzenie kilku s\u0142\u00f3w na temat \u017cywienia ma\u0142ego alergika.<\/p>\n<p>Bardzo serdecznie Was zapraszam na spotkanie (i oczywi\u015bcie wszystkie inne wydarzenia w ramach Tygodnia Promocji Karmienia Piersi\u0105).<\/p>\n<p><strong>Info:\u00a0<a href=\"https:\/\/www.facebook.com\/events\/232637256925645\/\" target=\"_blank\">https:\/\/www.facebook.com\/events\/232637256925645\/<\/a><\/strong><\/p>\n<h3><span style=\"color: #8c688e;\"><strong>30 maja 2014 r. Klub Mam na Ursynowie, ul. Lasek Brzozowy 2, Warszawa Ursyn\u00f3w, godzina 13:00.<\/strong><\/span><\/h3>\n<p>Razem z Agat\u0105 Aleksandowicz (<a href=\"http:\/\/hafija.pl\" target=\"_blank\">Hafija.pl<\/a>) porozmawiamy m.in o rozszerzaniu diety. Opowiem troch\u0119, co zrobi\u0107, gdy nasze dziecko jest alergikiem i na r\u00f3\u017cne potrawy reaguje np. wysypk\u0105 &#8211; jak zadba\u0107 o zbilansowan\u0105 diet\u0119, gdy z menu musimy wykre\u015bli\u0107 nabia\u0142, niekt\u00f3re warzywa, owoce czy ryby.<\/p>\n<p><strong>A to ca\u0142y pi\u0105tkowy plan spotka\u0144:<\/strong><\/p>\n<div style=\"background-color: #8c688e; color: #fff; margin: 5px; padding: 5px; border: 2px; border-color: #000;\"><strong>10:00-10:40<\/strong>\u00a0&#8211; Mleczne wsparcie &#8211; pogadanka o piersiach mamy: blisko\u015b\u0107, emocje, mity laktacyjne: Justyna Antonik i Ma\u0142gorzata Darmas.<br \/>\n<strong>10:40-11:20 &#8211;<\/strong> Brafitting &#8211; sztuka doboru biustonosza oraz karmi\u0107 wygodnie i praktycznie &#8211; Magdalena R\u0105bel i El\u017cbieta \u015aliwa oraz Natalia Or\u0142ow-Ostrowska.<br \/>\n<strong>11:20-12:00<\/strong>\u00a0&#8211; Cia\u0142o mamy i dziecka po porodzie &#8211; Monika Krawczyk i Agnieszka S\u0142oniowska.<br \/>\n<strong>12:00-13:00<\/strong>\u00a0&#8211; Co wsp\u00f3\u0142czesna kobieta wiedzie\u0107 powinna &#8211; profilaktyka pierwotna nowotwor\u00f3w &#8211; Dorota O\u0142owska i Ma\u0142gorzata Rejent.<br \/>\n<strong>13:00-13:40\u00a0&#8211; Miejsce mleka mamy po 6. miesi\u0105cu \u017cycia dziecka (r\u00f3wnie\u017c alergika) &#8211; Agata Aleksandrowicz i Joanna Baranowska.<\/strong><br \/>\n<strong>13:40-14:20<\/strong>\u00a0&#8211; Ortodoncja jako po\u0142\u0105czenie zgryzu i postawy cia\u0142a (spojrzenie holistyczne na cz\u0142owieka) &#8211; dr Aleksandra Gabren-Syller.<br \/>\n<strong>14:20-15:00<\/strong>\u00a0&#8211; Trudne karmienia pocz\u0105tki &#8211; mleczny dialog &#8211; Magdalena Dul\u0119ba-Basior i Kinga Stokowska.<br \/>\nZapisy\/ pytania\/ kontakt:\u00a0tel. 601 343 699,\u00a0e-mail: jadoula@chustobaby.pl<br \/>\nZapraszamy serdecznie!!! Wst\u0119p bezp\u0142atny! Dzieci mile widziane.<\/div>\n<p>Sama wybieram si\u0119 na spotkanie z fizjoterapeutk\u0105.<\/p>\n<p><a href=\"https:\/\/baranowscy.eu\/wordpress\/wp-content\/uploads\/2014\/05\/mlekoteka_plakat.jpg\"><img loading=\"lazy\" decoding=\"async\" class=\"wp-image-2229 size-medium aligncenter\" src=\"https:\/\/baranowscy.eu\/wordpress\/wp-content\/uploads\/2014\/05\/mlekoteka_plakat-212x300.jpg\" alt=\"mlekoteka_plakat\" width=\"212\" height=\"300\" srcset=\"https:\/\/baranowscy.eu\/wordpress\/wp-content\/uploads\/2014\/05\/mlekoteka_plakat-212x300.jpg 212w, https:\/\/baranowscy.eu\/wordpress\/wp-content\/uploads\/2014\/05\/mlekoteka_plakat-300x424.jpg 300w, https:\/\/baranowscy.eu\/wordpress\/wp-content\/uploads\/2014\/05\/mlekoteka_plakat-600x848.jpg 600w, https:\/\/baranowscy.eu\/wordpress\/wp-content\/uploads\/2014\/05\/mlekoteka_plakat.jpg 679w\" sizes=\"auto, (max-width: 212px) 100vw, 212px\" \/><\/a><br \/>\n<strong><a title=\"Karmi\u0105ce cyce na ulice \u2013 1 czerwca!\" href=\"https:\/\/baranowscy.eu\/wordpress\/?slider=karmiace-cyce-na-ulice-1-czerwca\" target=\"_blank\">Przypominam te\u017c, \u017ce 1 czerwca karmi\u0105ce cyce wychodz\u0105 na ulice!<\/a><\/strong><\/p>\n","protected":false},"excerpt":{"rendered":"<p>Trwa Tydzie\u0144 Promocji Karmienia Piersi\u0105 i z tej okazji w ca\u0142ej Polsce odbywaj\u0105 si\u0119 spotkania tematyczne w ramach Mlekoteki. Sama bior\u0119 udzia\u0142 w spotkaniu po\u015bwi\u0119conym&hellip;<\/p>\n","protected":false},"author":1,"featured_media":2228,"comment_status":"open","ping_status":"open","sticky":false,"template":"","format":"standard","meta":{"_jetpack_memberships_contains_paid_content":false,"footnotes":""},"categories":[166],"tags":[1357,14,44,339,383,217,384,378,1351],"class_list":["post-2217","post","type-post","status-publish","format-standard","has-post-thumbnail","hentry","category-wydarzenia","tag-alergia","tag-dieta","tag-dzieci","tag-karmienie-piersia","tag-mlekoteka","tag-odzywianie","tag-spotkanie","tag-tydzien-promocji-karmienia-piersia","tag-wydarzenia"],"yoast_head":"<!-- This site is optimized with the Yoast SEO plugin v27.5 - https:\/\/yoast.com\/product\/yoast-seo-wordpress\/ -->\n<title>Miejsce mleka mamy po 6. miesi\u0105cu \u017cycia dziecka (r\u00f3wnie\u017c alergika) - organiczni.eu<\/title>\n<meta name=\"robots\" content=\"index, follow, max-snippet:-1, max-image-preview:large, max-video-preview:-1\" \/>\n<link rel=\"canonical\" href=\"https:\/\/baranowscy.eu\/wordpress\/miejsce-mleka-mamy-po-6-miesiacu-zycia-dziecka-rowniez-alergika\/\" \/>\n<meta property=\"og:locale\" content=\"pl_PL\" \/>\n<meta property=\"og:type\" content=\"article\" \/>\n<meta property=\"og:title\" content=\"Miejsce mleka mamy po 6. miesi\u0105cu \u017cycia dziecka (r\u00f3wnie\u017c alergika) - organiczni.eu\" \/>\n<meta property=\"og:description\" content=\"Trwa Tydzie\u0144 Promocji Karmienia Piersi\u0105 i z tej okazji w ca\u0142ej Polsce odbywaj\u0105 si\u0119 spotkania tematyczne w ramach Mlekoteki. Sama bior\u0119 udzia\u0142 w spotkaniu po\u015bwi\u0119conym&hellip;\" \/>\n<meta property=\"og:url\" content=\"https:\/\/baranowscy.eu\/wordpress\/miejsce-mleka-mamy-po-6-miesiacu-zycia-dziecka-rowniez-alergika\/\" \/>\n<meta property=\"og:site_name\" content=\"organiczni.eu\" \/>\n<meta property=\"article:publisher\" content=\"https:\/\/www.facebook.com\/organiczni\/\" \/>\n<meta property=\"article:published_time\" content=\"2014-05-27T17:03:12+00:00\" \/>\n<meta property=\"article:modified_time\" content=\"2014-05-27T17:52:53+00:00\" \/>\n<meta property=\"og:image\" content=\"https:\/\/baranowscy.eu\/wordpress\/wp-content\/uploads\/2014\/05\/mlekoteka.jpg\" \/>\n\t<meta property=\"og:image:width\" content=\"960\" \/>\n\t<meta property=\"og:image:height\" content=\"355\" \/>\n\t<meta property=\"og:image:type\" content=\"image\/jpeg\" \/>\n<meta name=\"author\" content=\"joanna\" \/>\n<meta name=\"twitter:card\" content=\"summary_large_image\" \/>\n<meta name=\"twitter:label1\" content=\"Napisane przez\" \/>\n\t<meta name=\"twitter:data1\" content=\"joanna\" \/>\n\t<meta name=\"twitter:label2\" content=\"Szacowany czas czytania\" \/>\n\t<meta name=\"twitter:data2\" content=\"2 minuty\" \/>\n<script type=\"application\/ld+json\" class=\"yoast-schema-graph\">{\"@context\":\"https:\\\/\\\/schema.org\",\"@graph\":[{\"@type\":\"Article\",\"@id\":\"https:\\\/\\\/baranowscy.eu\\\/wordpress\\\/miejsce-mleka-mamy-po-6-miesiacu-zycia-dziecka-rowniez-alergika\\\/#article\",\"isPartOf\":{\"@id\":\"https:\\\/\\\/baranowscy.eu\\\/wordpress\\\/miejsce-mleka-mamy-po-6-miesiacu-zycia-dziecka-rowniez-alergika\\\/\"},\"author\":{\"name\":\"joanna\",\"@id\":\"https:\\\/\\\/baranowscy.eu\\\/wordpress\\\/#\\\/schema\\\/person\\\/741d5f1f3fd2833c5ca2ffdaaa93dc73\"},\"headline\":\"Miejsce mleka mamy po 6. miesi\u0105cu \u017cycia dziecka (r\u00f3wnie\u017c alergika)\",\"datePublished\":\"2014-05-27T17:03:12+00:00\",\"dateModified\":\"2014-05-27T17:52:53+00:00\",\"mainEntityOfPage\":{\"@id\":\"https:\\\/\\\/baranowscy.eu\\\/wordpress\\\/miejsce-mleka-mamy-po-6-miesiacu-zycia-dziecka-rowniez-alergika\\\/\"},\"wordCount\":329,\"commentCount\":0,\"publisher\":{\"@id\":\"https:\\\/\\\/baranowscy.eu\\\/wordpress\\\/#organization\"},\"image\":{\"@id\":\"https:\\\/\\\/baranowscy.eu\\\/wordpress\\\/miejsce-mleka-mamy-po-6-miesiacu-zycia-dziecka-rowniez-alergika\\\/#primaryimage\"},\"thumbnailUrl\":\"https:\\\/\\\/baranowscy.eu\\\/wordpress\\\/wp-content\\\/uploads\\\/2014\\\/05\\\/mlekoteka.jpg\",\"keywords\":[\"alergia\",\"dieta\",\"dzieci\",\"karmienie piersi\u0105\",\"Mlekoteka\",\"od\u017cywianie\",\"spotkanie\",\"Tydzie\u0144 Promocji Karmienia Piersi\u0105\",\"wydarzenia\"],\"articleSection\":[\"wydarzenia\"],\"inLanguage\":\"pl-PL\",\"potentialAction\":[{\"@type\":\"CommentAction\",\"name\":\"Comment\",\"target\":[\"https:\\\/\\\/baranowscy.eu\\\/wordpress\\\/miejsce-mleka-mamy-po-6-miesiacu-zycia-dziecka-rowniez-alergika\\\/#respond\"]}]},{\"@type\":\"WebPage\",\"@id\":\"https:\\\/\\\/baranowscy.eu\\\/wordpress\\\/miejsce-mleka-mamy-po-6-miesiacu-zycia-dziecka-rowniez-alergika\\\/\",\"url\":\"https:\\\/\\\/baranowscy.eu\\\/wordpress\\\/miejsce-mleka-mamy-po-6-miesiacu-zycia-dziecka-rowniez-alergika\\\/\",\"name\":\"Miejsce mleka mamy po 6. miesi\u0105cu \u017cycia dziecka (r\u00f3wnie\u017c alergika) - organiczni.eu\",\"isPartOf\":{\"@id\":\"https:\\\/\\\/baranowscy.eu\\\/wordpress\\\/#website\"},\"primaryImageOfPage\":{\"@id\":\"https:\\\/\\\/baranowscy.eu\\\/wordpress\\\/miejsce-mleka-mamy-po-6-miesiacu-zycia-dziecka-rowniez-alergika\\\/#primaryimage\"},\"image\":{\"@id\":\"https:\\\/\\\/baranowscy.eu\\\/wordpress\\\/miejsce-mleka-mamy-po-6-miesiacu-zycia-dziecka-rowniez-alergika\\\/#primaryimage\"},\"thumbnailUrl\":\"https:\\\/\\\/baranowscy.eu\\\/wordpress\\\/wp-content\\\/uploads\\\/2014\\\/05\\\/mlekoteka.jpg\",\"datePublished\":\"2014-05-27T17:03:12+00:00\",\"dateModified\":\"2014-05-27T17:52:53+00:00\",\"breadcrumb\":{\"@id\":\"https:\\\/\\\/baranowscy.eu\\\/wordpress\\\/miejsce-mleka-mamy-po-6-miesiacu-zycia-dziecka-rowniez-alergika\\\/#breadcrumb\"},\"inLanguage\":\"pl-PL\",\"potentialAction\":[{\"@type\":\"ReadAction\",\"target\":[\"https:\\\/\\\/baranowscy.eu\\\/wordpress\\\/miejsce-mleka-mamy-po-6-miesiacu-zycia-dziecka-rowniez-alergika\\\/\"]}]},{\"@type\":\"ImageObject\",\"inLanguage\":\"pl-PL\",\"@id\":\"https:\\\/\\\/baranowscy.eu\\\/wordpress\\\/miejsce-mleka-mamy-po-6-miesiacu-zycia-dziecka-rowniez-alergika\\\/#primaryimage\",\"url\":\"https:\\\/\\\/baranowscy.eu\\\/wordpress\\\/wp-content\\\/uploads\\\/2014\\\/05\\\/mlekoteka.jpg\",\"contentUrl\":\"https:\\\/\\\/baranowscy.eu\\\/wordpress\\\/wp-content\\\/uploads\\\/2014\\\/05\\\/mlekoteka.jpg\",\"width\":960,\"height\":355},{\"@type\":\"BreadcrumbList\",\"@id\":\"https:\\\/\\\/baranowscy.eu\\\/wordpress\\\/miejsce-mleka-mamy-po-6-miesiacu-zycia-dziecka-rowniez-alergika\\\/#breadcrumb\",\"itemListElement\":[{\"@type\":\"ListItem\",\"position\":1,\"name\":\"Strona g\u0142\u00f3wna\",\"item\":\"https:\\\/\\\/baranowscy.eu\\\/wordpress\\\/\"},{\"@type\":\"ListItem\",\"position\":2,\"name\":\"Miejsce mleka mamy po 6. miesi\u0105cu \u017cycia dziecka (r\u00f3wnie\u017c alergika)\"}]},{\"@type\":\"WebSite\",\"@id\":\"https:\\\/\\\/baranowscy.eu\\\/wordpress\\\/#website\",\"url\":\"https:\\\/\\\/baranowscy.eu\\\/wordpress\\\/\",\"name\":\"organiczni.eu\",\"description\":\"Najbardziej wszechstronny blog ekologiczny\",\"publisher\":{\"@id\":\"https:\\\/\\\/baranowscy.eu\\\/wordpress\\\/#organization\"},\"potentialAction\":[{\"@type\":\"SearchAction\",\"target\":{\"@type\":\"EntryPoint\",\"urlTemplate\":\"https:\\\/\\\/baranowscy.eu\\\/wordpress\\\/?s={search_term_string}\"},\"query-input\":{\"@type\":\"PropertyValueSpecification\",\"valueRequired\":true,\"valueName\":\"search_term_string\"}}],\"inLanguage\":\"pl-PL\"},{\"@type\":\"Organization\",\"@id\":\"https:\\\/\\\/baranowscy.eu\\\/wordpress\\\/#organization\",\"name\":\"organiczni.eu\",\"url\":\"https:\\\/\\\/baranowscy.eu\\\/wordpress\\\/\",\"logo\":{\"@type\":\"ImageObject\",\"inLanguage\":\"pl-PL\",\"@id\":\"https:\\\/\\\/baranowscy.eu\\\/wordpress\\\/#\\\/schema\\\/logo\\\/image\\\/\",\"url\":\"https:\\\/\\\/baranowscy.eu\\\/wordpress\\\/wp-content\\\/uploads\\\/2018\\\/01\\\/logo_duze.png\",\"contentUrl\":\"https:\\\/\\\/baranowscy.eu\\\/wordpress\\\/wp-content\\\/uploads\\\/2018\\\/01\\\/logo_duze.png\",\"width\":1398,\"height\":300,\"caption\":\"organiczni.eu\"},\"image\":{\"@id\":\"https:\\\/\\\/baranowscy.eu\\\/wordpress\\\/#\\\/schema\\\/logo\\\/image\\\/\"},\"sameAs\":[\"https:\\\/\\\/www.facebook.com\\\/organiczni\\\/\",\"https:\\\/\\\/www.instagram.com\\\/organiczni.eu\\\/\"]},{\"@type\":\"Person\",\"@id\":\"https:\\\/\\\/baranowscy.eu\\\/wordpress\\\/#\\\/schema\\\/person\\\/741d5f1f3fd2833c5ca2ffdaaa93dc73\",\"name\":\"joanna\",\"image\":{\"@type\":\"ImageObject\",\"inLanguage\":\"pl-PL\",\"@id\":\"https:\\\/\\\/secure.gravatar.com\\\/avatar\\\/a59b1be4fa5d200ee0af0ba4bbcdb691da1d589b419bae23d7aa5a15d820e28e?s=96&d=identicon&r=g\",\"url\":\"https:\\\/\\\/secure.gravatar.com\\\/avatar\\\/a59b1be4fa5d200ee0af0ba4bbcdb691da1d589b419bae23d7aa5a15d820e28e?s=96&d=identicon&r=g\",\"contentUrl\":\"https:\\\/\\\/secure.gravatar.com\\\/avatar\\\/a59b1be4fa5d200ee0af0ba4bbcdb691da1d589b419bae23d7aa5a15d820e28e?s=96&d=identicon&r=g\",\"caption\":\"joanna\"},\"sameAs\":[\"https:\\\/\\\/organiczni.baranowscy.eu\"],\"url\":\"https:\\\/\\\/baranowscy.eu\\\/wordpress\\\/author\\\/admin\\\/\"}]}<\/script>\n<!-- \/ Yoast SEO plugin. -->","yoast_head_json":{"title":"Miejsce mleka mamy po 6. miesi\u0105cu \u017cycia dziecka (r\u00f3wnie\u017c alergika) - organiczni.eu","robots":{"index":"index","follow":"follow","max-snippet":"max-snippet:-1","max-image-preview":"max-image-preview:large","max-video-preview":"max-video-preview:-1"},"canonical":"https:\/\/baranowscy.eu\/wordpress\/miejsce-mleka-mamy-po-6-miesiacu-zycia-dziecka-rowniez-alergika\/","og_locale":"pl_PL","og_type":"article","og_title":"Miejsce mleka mamy po 6. miesi\u0105cu \u017cycia dziecka (r\u00f3wnie\u017c alergika) - organiczni.eu","og_description":"Trwa Tydzie\u0144 Promocji Karmienia Piersi\u0105 i z tej okazji w ca\u0142ej Polsce odbywaj\u0105 si\u0119 spotkania tematyczne w ramach Mlekoteki. Sama bior\u0119 udzia\u0142 w spotkaniu po\u015bwi\u0119conym&hellip;","og_url":"https:\/\/baranowscy.eu\/wordpress\/miejsce-mleka-mamy-po-6-miesiacu-zycia-dziecka-rowniez-alergika\/","og_site_name":"organiczni.eu","article_publisher":"https:\/\/www.facebook.com\/organiczni\/","article_published_time":"2014-05-27T17:03:12+00:00","article_modified_time":"2014-05-27T17:52:53+00:00","og_image":[{"width":960,"height":355,"url":"https:\/\/baranowscy.eu\/wordpress\/wp-content\/uploads\/2014\/05\/mlekoteka.jpg","type":"image\/jpeg"}],"author":"joanna","twitter_card":"summary_large_image","twitter_misc":{"Napisane przez":"joanna","Szacowany czas czytania":"2 minuty"},"schema":{"@context":"https:\/\/schema.org","@graph":[{"@type":"Article","@id":"https:\/\/baranowscy.eu\/wordpress\/miejsce-mleka-mamy-po-6-miesiacu-zycia-dziecka-rowniez-alergika\/#article","isPartOf":{"@id":"https:\/\/baranowscy.eu\/wordpress\/miejsce-mleka-mamy-po-6-miesiacu-zycia-dziecka-rowniez-alergika\/"},"author":{"name":"joanna","@id":"https:\/\/baranowscy.eu\/wordpress\/#\/schema\/person\/741d5f1f3fd2833c5ca2ffdaaa93dc73"},"headline":"Miejsce mleka mamy po 6. miesi\u0105cu \u017cycia dziecka (r\u00f3wnie\u017c alergika)","datePublished":"2014-05-27T17:03:12+00:00","dateModified":"2014-05-27T17:52:53+00:00","mainEntityOfPage":{"@id":"https:\/\/baranowscy.eu\/wordpress\/miejsce-mleka-mamy-po-6-miesiacu-zycia-dziecka-rowniez-alergika\/"},"wordCount":329,"commentCount":0,"publisher":{"@id":"https:\/\/baranowscy.eu\/wordpress\/#organization"},"image":{"@id":"https:\/\/baranowscy.eu\/wordpress\/miejsce-mleka-mamy-po-6-miesiacu-zycia-dziecka-rowniez-alergika\/#primaryimage"},"thumbnailUrl":"https:\/\/baranowscy.eu\/wordpress\/wp-content\/uploads\/2014\/05\/mlekoteka.jpg","keywords":["alergia","dieta","dzieci","karmienie piersi\u0105","Mlekoteka","od\u017cywianie","spotkanie","Tydzie\u0144 Promocji Karmienia Piersi\u0105","wydarzenia"],"articleSection":["wydarzenia"],"inLanguage":"pl-PL","potentialAction":[{"@type":"CommentAction","name":"Comment","target":["https:\/\/baranowscy.eu\/wordpress\/miejsce-mleka-mamy-po-6-miesiacu-zycia-dziecka-rowniez-alergika\/#respond"]}]},{"@type":"WebPage","@id":"https:\/\/baranowscy.eu\/wordpress\/miejsce-mleka-mamy-po-6-miesiacu-zycia-dziecka-rowniez-alergika\/","url":"https:\/\/baranowscy.eu\/wordpress\/miejsce-mleka-mamy-po-6-miesiacu-zycia-dziecka-rowniez-alergika\/","name":"Miejsce mleka mamy po 6. miesi\u0105cu \u017cycia dziecka (r\u00f3wnie\u017c alergika) - organiczni.eu","isPartOf":{"@id":"https:\/\/baranowscy.eu\/wordpress\/#website"},"primaryImageOfPage":{"@id":"https:\/\/baranowscy.eu\/wordpress\/miejsce-mleka-mamy-po-6-miesiacu-zycia-dziecka-rowniez-alergika\/#primaryimage"},"image":{"@id":"https:\/\/baranowscy.eu\/wordpress\/miejsce-mleka-mamy-po-6-miesiacu-zycia-dziecka-rowniez-alergika\/#primaryimage"},"thumbnailUrl":"https:\/\/baranowscy.eu\/wordpress\/wp-content\/uploads\/2014\/05\/mlekoteka.jpg","datePublished":"2014-05-27T17:03:12+00:00","dateModified":"2014-05-27T17:52:53+00:00","breadcrumb":{"@id":"https:\/\/baranowscy.eu\/wordpress\/miejsce-mleka-mamy-po-6-miesiacu-zycia-dziecka-rowniez-alergika\/#breadcrumb"},"inLanguage":"pl-PL","potentialAction":[{"@type":"ReadAction","target":["https:\/\/baranowscy.eu\/wordpress\/miejsce-mleka-mamy-po-6-miesiacu-zycia-dziecka-rowniez-alergika\/"]}]},{"@type":"ImageObject","inLanguage":"pl-PL","@id":"https:\/\/baranowscy.eu\/wordpress\/miejsce-mleka-mamy-po-6-miesiacu-zycia-dziecka-rowniez-alergika\/#primaryimage","url":"https:\/\/baranowscy.eu\/wordpress\/wp-content\/uploads\/2014\/05\/mlekoteka.jpg","contentUrl":"https:\/\/baranowscy.eu\/wordpress\/wp-content\/uploads\/2014\/05\/mlekoteka.jpg","width":960,"height":355},{"@type":"BreadcrumbList","@id":"https:\/\/baranowscy.eu\/wordpress\/miejsce-mleka-mamy-po-6-miesiacu-zycia-dziecka-rowniez-alergika\/#breadcrumb","itemListElement":[{"@type":"ListItem","position":1,"name":"Strona g\u0142\u00f3wna","item":"https:\/\/baranowscy.eu\/wordpress\/"},{"@type":"ListItem","position":2,"name":"Miejsce mleka mamy po 6. miesi\u0105cu \u017cycia dziecka (r\u00f3wnie\u017c alergika)"}]},{"@type":"WebSite","@id":"https:\/\/baranowscy.eu\/wordpress\/#website","url":"https:\/\/baranowscy.eu\/wordpress\/","name":"organiczni.eu","description":"Najbardziej wszechstronny blog ekologiczny","publisher":{"@id":"https:\/\/baranowscy.eu\/wordpress\/#organization"},"potentialAction":[{"@type":"SearchAction","target":{"@type":"EntryPoint","urlTemplate":"https:\/\/baranowscy.eu\/wordpress\/?s={search_term_string}"},"query-input":{"@type":"PropertyValueSpecification","valueRequired":true,"valueName":"search_term_string"}}],"inLanguage":"pl-PL"},{"@type":"Organization","@id":"https:\/\/baranowscy.eu\/wordpress\/#organization","name":"organiczni.eu","url":"https:\/\/baranowscy.eu\/wordpress\/","logo":{"@type":"ImageObject","inLanguage":"pl-PL","@id":"https:\/\/baranowscy.eu\/wordpress\/#\/schema\/logo\/image\/","url":"https:\/\/baranowscy.eu\/wordpress\/wp-content\/uploads\/2018\/01\/logo_duze.png","contentUrl":"https:\/\/baranowscy.eu\/wordpress\/wp-content\/uploads\/2018\/01\/logo_duze.png","width":1398,"height":300,"caption":"organiczni.eu"},"image":{"@id":"https:\/\/baranowscy.eu\/wordpress\/#\/schema\/logo\/image\/"},"sameAs":["https:\/\/www.facebook.com\/organiczni\/","https:\/\/www.instagram.com\/organiczni.eu\/"]},{"@type":"Person","@id":"https:\/\/baranowscy.eu\/wordpress\/#\/schema\/person\/741d5f1f3fd2833c5ca2ffdaaa93dc73","name":"joanna","image":{"@type":"ImageObject","inLanguage":"pl-PL","@id":"https:\/\/secure.gravatar.com\/avatar\/a59b1be4fa5d200ee0af0ba4bbcdb691da1d589b419bae23d7aa5a15d820e28e?s=96&d=identicon&r=g","url":"https:\/\/secure.gravatar.com\/avatar\/a59b1be4fa5d200ee0af0ba4bbcdb691da1d589b419bae23d7aa5a15d820e28e?s=96&d=identicon&r=g","contentUrl":"https:\/\/secure.gravatar.com\/avatar\/a59b1be4fa5d200ee0af0ba4bbcdb691da1d589b419bae23d7aa5a15d820e28e?s=96&d=identicon&r=g","caption":"joanna"},"sameAs":["https:\/\/organiczni.baranowscy.eu"],"url":"https:\/\/baranowscy.eu\/wordpress\/author\/admin\/"}]}},"jetpack_featured_media_url":"https:\/\/baranowscy.eu\/wordpress\/wp-content\/uploads\/2014\/05\/mlekoteka.jpg","jetpack_sharing_enabled":true,"_links":{"self":[{"href":"https:\/\/baranowscy.eu\/wordpress\/wp-json\/wp\/v2\/posts\/2217","targetHints":{"allow":["GET"]}}],"collection":[{"href":"https:\/\/baranowscy.eu\/wordpress\/wp-json\/wp\/v2\/posts"}],"about":[{"href":"https:\/\/baranowscy.eu\/wordpress\/wp-json\/wp\/v2\/types\/post"}],"author":[{"embeddable":true,"href":"https:\/\/baranowscy.eu\/wordpress\/wp-json\/wp\/v2\/users\/1"}],"replies":[{"embeddable":true,"href":"https:\/\/baranowscy.eu\/wordpress\/wp-json\/wp\/v2\/comments?post=2217"}],"version-history":[{"count":16,"href":"https:\/\/baranowscy.eu\/wordpress\/wp-json\/wp\/v2\/posts\/2217\/revisions"}],"predecessor-version":[{"id":2235,"href":"https:\/\/baranowscy.eu\/wordpress\/wp-json\/wp\/v2\/posts\/2217\/revisions\/2235"}],"wp:featuredmedia":[{"embeddable":true,"href":"https:\/\/baranowscy.eu\/wordpress\/wp-json\/wp\/v2\/media\/2228"}],"wp:attachment":[{"href":"https:\/\/baranowscy.eu\/wordpress\/wp-json\/wp\/v2\/media?parent=2217"}],"wp:term":[{"taxonomy":"category","embeddable":true,"href":"https:\/\/baranowscy.eu\/wordpress\/wp-json\/wp\/v2\/categories?post=2217"},{"taxonomy":"post_tag","embeddable":true,"href":"https:\/\/baranowscy.eu\/wordpress\/wp-json\/wp\/v2\/tags?post=2217"}],"curies":[{"name":"wp","href":"https:\/\/api.w.org\/{rel}","templated":true}]}}