{"id":13892,"date":"2025-11-23T18:32:45","date_gmt":"2025-11-23T17:32:45","guid":{"rendered":"https:\/\/baranowscy.eu\/wordpress\/?p=13892"},"modified":"2025-11-23T19:10:50","modified_gmt":"2025-11-23T18:10:50","slug":"zbieranie-bursztynow","status":"publish","type":"post","link":"https:\/\/baranowscy.eu\/wordpress\/zbieranie-bursztynow\/","title":{"rendered":"Jesienno-zimowe zbieranie bursztyn\u00f3w"},"content":{"rendered":"<p><b>Jesienno-zimowa pora to najlepszy moment, \u017ceby wyruszy\u0107 na poszukiwanie bursztyn\u00f3w nad Ba\u0142tyk. W tym roku pierwszy raz w \u017cyciu zorganizowali\u015bmy sobie tak\u0105 bursztyniarsk\u0105 wypraw\u0119, przy okazji d\u0142ugiego listopadowego weekendu. I chocia\u017c nasze zbiory s\u0105 niewarte wzmianki, samo wcielenie si\u0119 w poszukiwaczy bursztyn\u00f3w by\u0142o ciekaw\u0105 przygod\u0105.<\/b><\/p>\n<p>Do Jantaru wyjechali\u015bmy w uzbrojeni w sprz\u0119t i wiedz\u0119, maj\u0105c\u0105 pom\u00f3c w poszukiwaniach. Trafili\u015bmy jednak na moment zupe\u0142nej flauty, \u017cadnego sztormu nie by\u0142o od dawna, nie zapowiada\u0142a si\u0119 te\u017c zmiana pogody. Spokojne wody Ba\u0142tyku by\u0142y tak ciche i nieruchome, \u017ce po ciemku mo\u017cna by\u0142o si\u0119 zastanawia\u0107, czy faktycznie jeste\u015bmy nad morzem.<\/p>\n<h3>Dlaczego szukali\u015bmy bursztyn\u00f3w po ciemku?<\/h3>\n<p>Od kole\u017canki z pracy wypo\u017cyczy\u0142am siln\u0105 lamp\u0119 UV i specjalne \u017c\u00f3\u0142te okulary.<\/p>\n<figure id=\"attachment_13896\" aria-describedby=\"caption-attachment-13896\" style=\"width: 1000px\" class=\"wp-caption aligncenter\"><a href=\"https:\/\/baranowscy.eu\/wordpress\/wp-content\/uploads\/2025\/11\/szukanie_bursztynow_1.jpg\"><img loading=\"lazy\" decoding=\"async\" class=\"size-full wp-image-13896\" src=\"https:\/\/baranowscy.eu\/wordpress\/wp-content\/uploads\/2025\/11\/szukanie_bursztynow_1.jpg\" alt=\"Szukanie bursztyn\u00f3w mo\u017ce odbywa\u0107 si\u0119 noc\u0105, je\u015bli mamy siln\u0105 lamp\u0119 UV\" width=\"1000\" height=\"667\" srcset=\"https:\/\/baranowscy.eu\/wordpress\/wp-content\/uploads\/2025\/11\/szukanie_bursztynow_1.jpg 1000w, https:\/\/baranowscy.eu\/wordpress\/wp-content\/uploads\/2025\/11\/szukanie_bursztynow_1-300x200.jpg 300w, https:\/\/baranowscy.eu\/wordpress\/wp-content\/uploads\/2025\/11\/szukanie_bursztynow_1-768x512.jpg 768w, https:\/\/baranowscy.eu\/wordpress\/wp-content\/uploads\/2025\/11\/szukanie_bursztynow_1-560x374.jpg 560w, https:\/\/baranowscy.eu\/wordpress\/wp-content\/uploads\/2025\/11\/szukanie_bursztynow_1-600x400.jpg 600w\" sizes=\"auto, (max-width: 1000px) 100vw, 1000px\" \/><\/a><figcaption id=\"caption-attachment-13896\" class=\"wp-caption-text\">Szukanie bursztyn\u00f3w mo\u017ce odbywa\u0107 si\u0119 noc\u0105, je\u015bli mamy siln\u0105 lamp\u0119 UV<\/figcaption><\/figure>\n<p>\u015awiat\u0142o ultrafioletowe odbija si\u0119 od bursztyn\u00f3w w szczeg\u00f3lny spos\u00f3b. Dzi\u0119ki czemu w nocy, przy braku innych \u017ar\u00f3de\u0142 \u015bwiat\u0142a, mo\u017cna \u0142atwo wypatrzy\u0107 grudki skamienia\u0142ej \u017cywicy. Od takiego nocnego spaceru zacz\u0119li\u015bmy nasz\u0105 przygod\u0119 \u2013 na pla\u017cy, w ciemno\u015bciach cho\u0107 oko wykol. Morze by\u0142o zupe\u0142nie spokojne, tak ciche, \u017ce bez latarki mo\u017cna by by\u0142o po prostu nie zauwa\u017cy\u0107, \u017ce obok jest woda.<\/p>\n<p>Co jaki\u015b czas na r\u00f3\u017cnych kra\u0144cach pla\u017cy pojawia\u0142y si\u0119 fioletowe \u0142uny. To inni poszukiwacze mieli nadziej\u0119, \u017ce znajd\u0105 bursztyn, mimo \u017ce na piasku i w p\u0142ytkiej wodzie mo\u017cna by\u0142o jedynie zobaczy\u0107 tysi\u0105ce muszelek. Niemniej jednak nocny spacer po pla\u017cy by\u0142 przyjemno\u015bci\u0105 sam\u0105 w sobie, a powr\u00f3t przez ciemny las dostarcza\u0142 ciekawych wra\u017ce\u0144. W ko\u0144cu te okolice s\u0142yn\u0105 z wielkiej ilo\u015bci dzik\u00f3w, zupe\u0142nie nieboj\u0105cych si\u0119 ludzi. Na szcz\u0119\u015bcie omin\u0119\u0142y nas takie atrakcje, uciekanie na drzewo w kaloszach by\u0142oby nie lada wyzwaniem.<\/p>\n<h3>Zbieranie bursztyn\u00f3w za dnia<\/h3>\n<p>Nasze dzienne i nocne spacery po pla\u017cy w Jantarze nie przynios\u0142y rezultat\u00f3w, wi\u0119c przenie\u015bli\u015bmy si\u0119 na zach\u00f3d, na pla\u017c\u0119 blisko uj\u015bcia Wis\u0142y. Wiedzia\u0142am, \u017ce je\u015bli bursztyny nie dopisz\u0105, to przynajmniej b\u0119dziemy mie\u0107 okazj\u0119 spotka\u0107 foki.<\/p>\n<figure id=\"attachment_13894\" aria-describedby=\"caption-attachment-13894\" style=\"width: 1000px\" class=\"wp-caption aligncenter\"><a href=\"https:\/\/baranowscy.eu\/wordpress\/wp-content\/uploads\/2025\/11\/poszukiwacze_bursztynow_1.jpg\"><img loading=\"lazy\" decoding=\"async\" class=\"size-full wp-image-13894\" src=\"https:\/\/baranowscy.eu\/wordpress\/wp-content\/uploads\/2025\/11\/poszukiwacze_bursztynow_1.jpg\" alt=\"Poszukiwacze bursztyn\u00f3w w Mikoszewie\" width=\"1000\" height=\"667\" srcset=\"https:\/\/baranowscy.eu\/wordpress\/wp-content\/uploads\/2025\/11\/poszukiwacze_bursztynow_1.jpg 1000w, https:\/\/baranowscy.eu\/wordpress\/wp-content\/uploads\/2025\/11\/poszukiwacze_bursztynow_1-300x200.jpg 300w, https:\/\/baranowscy.eu\/wordpress\/wp-content\/uploads\/2025\/11\/poszukiwacze_bursztynow_1-768x512.jpg 768w, https:\/\/baranowscy.eu\/wordpress\/wp-content\/uploads\/2025\/11\/poszukiwacze_bursztynow_1-560x374.jpg 560w, https:\/\/baranowscy.eu\/wordpress\/wp-content\/uploads\/2025\/11\/poszukiwacze_bursztynow_1-600x400.jpg 600w\" sizes=\"auto, (max-width: 1000px) 100vw, 1000px\" \/><\/a><figcaption id=\"caption-attachment-13894\" class=\"wp-caption-text\">Poszukiwacze bursztyn\u00f3w w Mikoszewie<\/figcaption><\/figure>\n<p>Od strony Mikoszewa trzeba pokona\u0107 pi\u0119kny las i wydmy, aby doj\u015b\u0107 do pla\u017cy \u2013 tu wreszcie znale\u017ali\u015bmy obiecuj\u0105cy widok. Mianowicie na brzegu le\u017ca\u0142y ciemne kupki niedu\u017cych \u015bmieci wyrzuconych przez morze \u2013 to w\u0142a\u015bnie w nich ukrywaj\u0105 si\u0119 bursztyny. Na brzegu by\u0142o tak\u017ce mn\u00f3stwo poszukiwaczy, tych mniej i bardziej profesjonalnych. Profesjonali\u015bci w kaloszach i z przetakami szybko jednak rezygnowali: morze nie wyrzuci\u0142o od dawna nowych materia\u0142\u00f3w.<\/p>\n<figure id=\"attachment_13905\" aria-describedby=\"caption-attachment-13905\" style=\"width: 1000px\" class=\"wp-caption aligncenter\"><a href=\"https:\/\/baranowscy.eu\/wordpress\/wp-content\/uploads\/2025\/11\/poszukanie-bursztynow_1.jpg\"><img loading=\"lazy\" decoding=\"async\" class=\"size-full wp-image-13905\" src=\"https:\/\/baranowscy.eu\/wordpress\/wp-content\/uploads\/2025\/11\/poszukanie-bursztynow_1.jpg\" alt=\"Ch\u0142opaki przeczesuj\u0105 \u015bmiotki, w kt\u00f3rych ukry\u0142y si\u0119 okruchy bursztyn\u00f3w\" width=\"1000\" height=\"667\" srcset=\"https:\/\/baranowscy.eu\/wordpress\/wp-content\/uploads\/2025\/11\/poszukanie-bursztynow_1.jpg 1000w, https:\/\/baranowscy.eu\/wordpress\/wp-content\/uploads\/2025\/11\/poszukanie-bursztynow_1-300x200.jpg 300w, https:\/\/baranowscy.eu\/wordpress\/wp-content\/uploads\/2025\/11\/poszukanie-bursztynow_1-768x512.jpg 768w, https:\/\/baranowscy.eu\/wordpress\/wp-content\/uploads\/2025\/11\/poszukanie-bursztynow_1-560x374.jpg 560w, https:\/\/baranowscy.eu\/wordpress\/wp-content\/uploads\/2025\/11\/poszukanie-bursztynow_1-600x400.jpg 600w\" sizes=\"auto, (max-width: 1000px) 100vw, 1000px\" \/><\/a><figcaption id=\"caption-attachment-13905\" class=\"wp-caption-text\">Ch\u0142opaki przeczesuj\u0105 \u015bmiotki, w kt\u00f3rych ukry\u0142y si\u0119 okruchy bursztyn\u00f3w<\/figcaption><\/figure>\n<p>Uzbrojeni w patyczki i du\u017co cierpliwo\u015bci, przeszukiwali\u015bmy kupki, w\u015br\u00f3d kt\u00f3rych ukrywa\u0142y si\u0119 b\u0142yszcz\u0105ce drobinki. Ich wielko\u015b\u0107 nie przekracza\u0142a g\u0142\u00f3wki od szpilki, ale nie szkodzi. Rado\u015b\u0107 ze znalezienia bursztynu, nawet mikroskopijnego, by\u0142a wielka.<\/p>\n<div class=\"mceTemp\"><\/div>\n<figure id=\"attachment_13899\" aria-describedby=\"caption-attachment-13899\" style=\"width: 423px\" class=\"wp-caption aligncenter\"><a href=\"https:\/\/baranowscy.eu\/wordpress\/wp-content\/uploads\/2025\/11\/zbieranie-bursztynow.jpg\"><img loading=\"lazy\" decoding=\"async\" class=\"size-full wp-image-13899\" src=\"https:\/\/baranowscy.eu\/wordpress\/wp-content\/uploads\/2025\/11\/zbieranie-bursztynow.jpg\" alt=\"Bursztyn wygrzebany ze \u015bmiotk\u00f3w\" width=\"423\" height=\"529\" srcset=\"https:\/\/baranowscy.eu\/wordpress\/wp-content\/uploads\/2025\/11\/zbieranie-bursztynow.jpg 423w, https:\/\/baranowscy.eu\/wordpress\/wp-content\/uploads\/2025\/11\/zbieranie-bursztynow-240x300.jpg 240w, https:\/\/baranowscy.eu\/wordpress\/wp-content\/uploads\/2025\/11\/zbieranie-bursztynow-300x375.jpg 300w\" sizes=\"auto, (max-width: 423px) 100vw, 423px\" \/><\/a><figcaption id=\"caption-attachment-13899\" class=\"wp-caption-text\">Bursztyn wygrzebany ze \u015bmiotk\u00f3w<\/figcaption><\/figure>\n<p>Foki te\u017c nie zawiod\u0142y. W samym uj\u015bciu Wis\u0142y naliczy\u0142am ich ze dwadzie\u015bcia. Nie wychodzi\u0142y na brzeg, pokazywa\u0142y tylko swoje ciekawskie g\u0142owy \u2013 w wodzie by\u0142o im pewnie cieplej. Widzia\u0142am je tam dwa dni z rz\u0119du, wi\u0119c to mo\u017ce by\u0107 ich sta\u0142a miejsc\u00f3wka.<\/p>\n<figure id=\"attachment_13901\" aria-describedby=\"caption-attachment-13901\" style=\"width: 1000px\" class=\"wp-caption aligncenter\"><a href=\"https:\/\/baranowscy.eu\/wordpress\/wp-content\/uploads\/2025\/11\/foka_ujscie_Wisly_1-1.jpg\"><img loading=\"lazy\" decoding=\"async\" class=\"size-full wp-image-13901\" src=\"https:\/\/baranowscy.eu\/wordpress\/wp-content\/uploads\/2025\/11\/foka_ujscie_Wisly_1-1.jpg\" alt=\"Jeden z wielu foczych \u0142ebk\u00f3w, kt\u00f3re patrzy\u0142y na nas z wody\" width=\"1000\" height=\"667\" srcset=\"https:\/\/baranowscy.eu\/wordpress\/wp-content\/uploads\/2025\/11\/foka_ujscie_Wisly_1-1.jpg 1000w, https:\/\/baranowscy.eu\/wordpress\/wp-content\/uploads\/2025\/11\/foka_ujscie_Wisly_1-1-300x200.jpg 300w, https:\/\/baranowscy.eu\/wordpress\/wp-content\/uploads\/2025\/11\/foka_ujscie_Wisly_1-1-768x512.jpg 768w, https:\/\/baranowscy.eu\/wordpress\/wp-content\/uploads\/2025\/11\/foka_ujscie_Wisly_1-1-560x374.jpg 560w, https:\/\/baranowscy.eu\/wordpress\/wp-content\/uploads\/2025\/11\/foka_ujscie_Wisly_1-1-600x400.jpg 600w\" sizes=\"auto, (max-width: 1000px) 100vw, 1000px\" \/><\/a><figcaption id=\"caption-attachment-13901\" class=\"wp-caption-text\">Jeden z wielu foczych \u0142ebk\u00f3w, kt\u00f3re patrzy\u0142y na nas z wody<\/figcaption><\/figure>\n<h3>Kiedy zbieranie bursztyn\u00f3w mo\u017ce by\u0107 owocne?<\/h3>\n<p>Zmiany klimatu troch\u0119 namiesza\u0142y i nie ma ju\u017c takiej pewno\u015bci co do zimowych sztorm\u00f3w na Ba\u0142tyku. A to w\u0142a\u015bnie one przynosz\u0105 na brzeg czarne \u015bmieci z bursztynami. Legalne jest amatorskie zbieranie bursztyn\u00f3w na brzegu i w p\u0142ytkich wodach przybrze\u017cnych, bez kopania w piasku. Dlatego sztormy s\u0105 wyczekiwane przez bursztyniarzy \u2013 a przynajmniej silna fala w stron\u0119 l\u0105du. Warto te\u017c zna\u0107 miejsca, w kt\u00f3rych morze najcz\u0119\u015bciej i najwi\u0119cej bursztyn\u00f3w wyrzuca \u2013 w Polsce to w\u0142a\u015bnie okolice Mierzei Wi\u015blanej.<\/p>\n<figure id=\"attachment_13897\" aria-describedby=\"caption-attachment-13897\" style=\"width: 1000px\" class=\"wp-caption aligncenter\"><a href=\"https:\/\/baranowscy.eu\/wordpress\/wp-content\/uploads\/2025\/11\/buesztyn_muzeum_polaga_1.jpg\"><img loading=\"lazy\" decoding=\"async\" class=\"size-full wp-image-13897\" src=\"https:\/\/baranowscy.eu\/wordpress\/wp-content\/uploads\/2025\/11\/buesztyn_muzeum_polaga_1.jpg\" alt=\"Bursztyn wa\u017c\u0105cy 3,5 kg, Muzeum Bursztynu w Po\u0142\u0105dze\" width=\"1000\" height=\"667\" srcset=\"https:\/\/baranowscy.eu\/wordpress\/wp-content\/uploads\/2025\/11\/buesztyn_muzeum_polaga_1.jpg 1000w, https:\/\/baranowscy.eu\/wordpress\/wp-content\/uploads\/2025\/11\/buesztyn_muzeum_polaga_1-300x200.jpg 300w, https:\/\/baranowscy.eu\/wordpress\/wp-content\/uploads\/2025\/11\/buesztyn_muzeum_polaga_1-768x512.jpg 768w, https:\/\/baranowscy.eu\/wordpress\/wp-content\/uploads\/2025\/11\/buesztyn_muzeum_polaga_1-560x374.jpg 560w, https:\/\/baranowscy.eu\/wordpress\/wp-content\/uploads\/2025\/11\/buesztyn_muzeum_polaga_1-600x400.jpg 600w\" sizes=\"auto, (max-width: 1000px) 100vw, 1000px\" \/><\/a><figcaption id=\"caption-attachment-13897\" class=\"wp-caption-text\">Bursztyn wa\u017c\u0105cy 3,5 kg, Muzeum Bursztynu w Po\u0142\u0105dze<\/figcaption><\/figure>\n<p>Litwa i \u0141otwa tak\u017ce s\u0142yn\u0105 z bursztyn\u00f3w, ale nie natrafili\u015bmy tam na sztormow\u0105 pogod\u0119 ani zim\u0105, ani latem.<\/p>\n<div class=\"mceTemp\">\n<p><strong>Przy okazji polecam <a href=\"https:\/\/www.lndm.lt\/pgm\/\" target=\"_blank\" rel=\"noopener\">Muzeum Bursztynu w Po\u0142\u0105dze<\/a> <\/strong>(blisko K\u0142ajpedy), w kt\u00f3rym mo\u017cna obejrze\u0107 prawdziwy okaz, wa\u017c\u0105cy ponad 3 kg. Tym ciekawiej, \u017ce mie\u015bci si\u0119 ono w dawnej rezydencji Tyszkiewicz\u00f3w.<\/p>\n<\/div>\n<p><strong>Zbieracie bursztyny? Znacie dobre miejsca na ich zbieranie? Napiszcie!<\/strong><\/p>\n","protected":false},"excerpt":{"rendered":"<p>Jesienno-zimowa pora to najlepszy moment, \u017ceby wyruszy\u0107 na poszukiwanie bursztyn\u00f3w nad Ba\u0142tyk. W tym roku pierwszy raz w \u017cyciu zorganizowali\u015bmy sobie tak\u0105 bursztyniarsk\u0105 wypraw\u0119, przy&hellip;<\/p>\n","protected":false},"author":1,"featured_media":13893,"comment_status":"open","ping_status":"open","sticky":false,"template":"","format":"standard","meta":{"_jetpack_memberships_contains_paid_content":false,"footnotes":""},"categories":[168],"tags":[988,1846,230,1352],"class_list":["post-13892","post","type-post","status-publish","format-standard","has-post-thumbnail","hentry","category-podroze","tag-baltyk","tag-bursztyny","tag-morze","tag-podroze"],"yoast_head":"<!-- This site is optimized with the Yoast SEO plugin v27.5 - https:\/\/yoast.com\/product\/yoast-seo-wordpress\/ -->\n<title>Jesienno-zimowe zbieranie bursztyn\u00f3w | organiczni.eu<\/title>\n<meta name=\"description\" content=\"Jesienno-zimowa pora to najlepszy moment, \u017ceby wyruszy\u0107 na poszukiwanie i zbieranie bursztyn\u00f3w nad Ba\u0142tyk. W tym roku pierwszy raz w \u017cyciu zorganizowali\u015bmy sobie tak\u0105 bursztyniarsk\u0105 wypraw\u0119, przy okazji d\u0142ugiego listopadowego weekendu.\" \/>\n<meta name=\"robots\" content=\"index, follow, max-snippet:-1, max-image-preview:large, max-video-preview:-1\" \/>\n<link rel=\"canonical\" href=\"https:\/\/baranowscy.eu\/wordpress\/zbieranie-bursztynow\/\" \/>\n<meta property=\"og:locale\" content=\"pl_PL\" \/>\n<meta property=\"og:type\" content=\"article\" \/>\n<meta property=\"og:title\" content=\"Jesienno-zimowe zbieranie bursztyn\u00f3w | organiczni.eu\" \/>\n<meta property=\"og:description\" content=\"Jesienno-zimowa pora to najlepszy moment, \u017ceby wyruszy\u0107 na poszukiwanie i zbieranie bursztyn\u00f3w nad Ba\u0142tyk. W tym roku pierwszy raz w \u017cyciu zorganizowali\u015bmy sobie tak\u0105 bursztyniarsk\u0105 wypraw\u0119, przy okazji d\u0142ugiego listopadowego weekendu.\" \/>\n<meta property=\"og:url\" content=\"https:\/\/baranowscy.eu\/wordpress\/zbieranie-bursztynow\/\" \/>\n<meta property=\"og:site_name\" content=\"organiczni.eu\" \/>\n<meta property=\"article:publisher\" content=\"https:\/\/www.facebook.com\/organiczni\/\" \/>\n<meta property=\"article:published_time\" content=\"2025-11-23T17:32:45+00:00\" \/>\n<meta property=\"article:modified_time\" content=\"2025-11-23T18:10:50+00:00\" \/>\n<meta property=\"og:image\" content=\"https:\/\/baranowscy.eu\/wordpress\/wp-content\/uploads\/2025\/11\/szukanie_bursztynow_0.jpg\" \/>\n\t<meta property=\"og:image:width\" content=\"1200\" \/>\n\t<meta property=\"og:image:height\" content=\"628\" \/>\n\t<meta property=\"og:image:type\" content=\"image\/jpeg\" \/>\n<meta name=\"author\" content=\"joanna\" \/>\n<meta name=\"twitter:card\" content=\"summary_large_image\" \/>\n<meta name=\"twitter:label1\" content=\"Napisane przez\" \/>\n\t<meta name=\"twitter:data1\" content=\"joanna\" \/>\n\t<meta name=\"twitter:label2\" content=\"Szacowany czas czytania\" \/>\n\t<meta name=\"twitter:data2\" content=\"6 minut\" \/>\n<script type=\"application\/ld+json\" class=\"yoast-schema-graph\">{\"@context\":\"https:\\\/\\\/schema.org\",\"@graph\":[{\"@type\":\"Article\",\"@id\":\"https:\\\/\\\/baranowscy.eu\\\/wordpress\\\/zbieranie-bursztynow\\\/#article\",\"isPartOf\":{\"@id\":\"https:\\\/\\\/baranowscy.eu\\\/wordpress\\\/zbieranie-bursztynow\\\/\"},\"author\":{\"name\":\"joanna\",\"@id\":\"https:\\\/\\\/baranowscy.eu\\\/wordpress\\\/#\\\/schema\\\/person\\\/741d5f1f3fd2833c5ca2ffdaaa93dc73\"},\"headline\":\"Jesienno-zimowe zbieranie bursztyn\u00f3w\",\"datePublished\":\"2025-11-23T17:32:45+00:00\",\"dateModified\":\"2025-11-23T18:10:50+00:00\",\"mainEntityOfPage\":{\"@id\":\"https:\\\/\\\/baranowscy.eu\\\/wordpress\\\/zbieranie-bursztynow\\\/\"},\"wordCount\":817,\"commentCount\":0,\"publisher\":{\"@id\":\"https:\\\/\\\/baranowscy.eu\\\/wordpress\\\/#organization\"},\"image\":{\"@id\":\"https:\\\/\\\/baranowscy.eu\\\/wordpress\\\/zbieranie-bursztynow\\\/#primaryimage\"},\"thumbnailUrl\":\"https:\\\/\\\/baranowscy.eu\\\/wordpress\\\/wp-content\\\/uploads\\\/2025\\\/11\\\/szukanie_bursztynow_0.jpg\",\"keywords\":[\"Ba\u0142tyk\",\"bursztyny\",\"morze\",\"podr\u00f3\u017ce\"],\"articleSection\":[\"podr\u00f3\u017ce\"],\"inLanguage\":\"pl-PL\",\"potentialAction\":[{\"@type\":\"CommentAction\",\"name\":\"Comment\",\"target\":[\"https:\\\/\\\/baranowscy.eu\\\/wordpress\\\/zbieranie-bursztynow\\\/#respond\"]}]},{\"@type\":\"WebPage\",\"@id\":\"https:\\\/\\\/baranowscy.eu\\\/wordpress\\\/zbieranie-bursztynow\\\/\",\"url\":\"https:\\\/\\\/baranowscy.eu\\\/wordpress\\\/zbieranie-bursztynow\\\/\",\"name\":\"Jesienno-zimowe zbieranie bursztyn\u00f3w | organiczni.eu\",\"isPartOf\":{\"@id\":\"https:\\\/\\\/baranowscy.eu\\\/wordpress\\\/#website\"},\"primaryImageOfPage\":{\"@id\":\"https:\\\/\\\/baranowscy.eu\\\/wordpress\\\/zbieranie-bursztynow\\\/#primaryimage\"},\"image\":{\"@id\":\"https:\\\/\\\/baranowscy.eu\\\/wordpress\\\/zbieranie-bursztynow\\\/#primaryimage\"},\"thumbnailUrl\":\"https:\\\/\\\/baranowscy.eu\\\/wordpress\\\/wp-content\\\/uploads\\\/2025\\\/11\\\/szukanie_bursztynow_0.jpg\",\"datePublished\":\"2025-11-23T17:32:45+00:00\",\"dateModified\":\"2025-11-23T18:10:50+00:00\",\"description\":\"Jesienno-zimowa pora to najlepszy moment, \u017ceby wyruszy\u0107 na poszukiwanie i zbieranie bursztyn\u00f3w nad Ba\u0142tyk. W tym roku pierwszy raz w \u017cyciu zorganizowali\u015bmy sobie tak\u0105 bursztyniarsk\u0105 wypraw\u0119, przy okazji d\u0142ugiego listopadowego weekendu.\",\"breadcrumb\":{\"@id\":\"https:\\\/\\\/baranowscy.eu\\\/wordpress\\\/zbieranie-bursztynow\\\/#breadcrumb\"},\"inLanguage\":\"pl-PL\",\"potentialAction\":[{\"@type\":\"ReadAction\",\"target\":[\"https:\\\/\\\/baranowscy.eu\\\/wordpress\\\/zbieranie-bursztynow\\\/\"]}]},{\"@type\":\"ImageObject\",\"inLanguage\":\"pl-PL\",\"@id\":\"https:\\\/\\\/baranowscy.eu\\\/wordpress\\\/zbieranie-bursztynow\\\/#primaryimage\",\"url\":\"https:\\\/\\\/baranowscy.eu\\\/wordpress\\\/wp-content\\\/uploads\\\/2025\\\/11\\\/szukanie_bursztynow_0.jpg\",\"contentUrl\":\"https:\\\/\\\/baranowscy.eu\\\/wordpress\\\/wp-content\\\/uploads\\\/2025\\\/11\\\/szukanie_bursztynow_0.jpg\",\"width\":1200,\"height\":628,\"caption\":\"Jesienno-zimowe zbieranie bursztyn\u00f3w, Jantar\"},{\"@type\":\"BreadcrumbList\",\"@id\":\"https:\\\/\\\/baranowscy.eu\\\/wordpress\\\/zbieranie-bursztynow\\\/#breadcrumb\",\"itemListElement\":[{\"@type\":\"ListItem\",\"position\":1,\"name\":\"Strona g\u0142\u00f3wna\",\"item\":\"https:\\\/\\\/baranowscy.eu\\\/wordpress\\\/\"},{\"@type\":\"ListItem\",\"position\":2,\"name\":\"Jesienno-zimowe zbieranie bursztyn\u00f3w\"}]},{\"@type\":\"WebSite\",\"@id\":\"https:\\\/\\\/baranowscy.eu\\\/wordpress\\\/#website\",\"url\":\"https:\\\/\\\/baranowscy.eu\\\/wordpress\\\/\",\"name\":\"organiczni.eu\",\"description\":\"Najbardziej wszechstronny blog ekologiczny\",\"publisher\":{\"@id\":\"https:\\\/\\\/baranowscy.eu\\\/wordpress\\\/#organization\"},\"potentialAction\":[{\"@type\":\"SearchAction\",\"target\":{\"@type\":\"EntryPoint\",\"urlTemplate\":\"https:\\\/\\\/baranowscy.eu\\\/wordpress\\\/?s={search_term_string}\"},\"query-input\":{\"@type\":\"PropertyValueSpecification\",\"valueRequired\":true,\"valueName\":\"search_term_string\"}}],\"inLanguage\":\"pl-PL\"},{\"@type\":\"Organization\",\"@id\":\"https:\\\/\\\/baranowscy.eu\\\/wordpress\\\/#organization\",\"name\":\"organiczni.eu\",\"url\":\"https:\\\/\\\/baranowscy.eu\\\/wordpress\\\/\",\"logo\":{\"@type\":\"ImageObject\",\"inLanguage\":\"pl-PL\",\"@id\":\"https:\\\/\\\/baranowscy.eu\\\/wordpress\\\/#\\\/schema\\\/logo\\\/image\\\/\",\"url\":\"https:\\\/\\\/baranowscy.eu\\\/wordpress\\\/wp-content\\\/uploads\\\/2018\\\/01\\\/logo_duze.png\",\"contentUrl\":\"https:\\\/\\\/baranowscy.eu\\\/wordpress\\\/wp-content\\\/uploads\\\/2018\\\/01\\\/logo_duze.png\",\"width\":1398,\"height\":300,\"caption\":\"organiczni.eu\"},\"image\":{\"@id\":\"https:\\\/\\\/baranowscy.eu\\\/wordpress\\\/#\\\/schema\\\/logo\\\/image\\\/\"},\"sameAs\":[\"https:\\\/\\\/www.facebook.com\\\/organiczni\\\/\",\"https:\\\/\\\/www.instagram.com\\\/organiczni.eu\\\/\"]},{\"@type\":\"Person\",\"@id\":\"https:\\\/\\\/baranowscy.eu\\\/wordpress\\\/#\\\/schema\\\/person\\\/741d5f1f3fd2833c5ca2ffdaaa93dc73\",\"name\":\"joanna\",\"image\":{\"@type\":\"ImageObject\",\"inLanguage\":\"pl-PL\",\"@id\":\"https:\\\/\\\/secure.gravatar.com\\\/avatar\\\/a59b1be4fa5d200ee0af0ba4bbcdb691da1d589b419bae23d7aa5a15d820e28e?s=96&d=identicon&r=g\",\"url\":\"https:\\\/\\\/secure.gravatar.com\\\/avatar\\\/a59b1be4fa5d200ee0af0ba4bbcdb691da1d589b419bae23d7aa5a15d820e28e?s=96&d=identicon&r=g\",\"contentUrl\":\"https:\\\/\\\/secure.gravatar.com\\\/avatar\\\/a59b1be4fa5d200ee0af0ba4bbcdb691da1d589b419bae23d7aa5a15d820e28e?s=96&d=identicon&r=g\",\"caption\":\"joanna\"},\"sameAs\":[\"https:\\\/\\\/organiczni.baranowscy.eu\"],\"url\":\"https:\\\/\\\/baranowscy.eu\\\/wordpress\\\/author\\\/admin\\\/\"}]}<\/script>\n<!-- \/ Yoast SEO plugin. -->","yoast_head_json":{"title":"Jesienno-zimowe zbieranie bursztyn\u00f3w | organiczni.eu","description":"Jesienno-zimowa pora to najlepszy moment, \u017ceby wyruszy\u0107 na poszukiwanie i zbieranie bursztyn\u00f3w nad Ba\u0142tyk. W tym roku pierwszy raz w \u017cyciu zorganizowali\u015bmy sobie tak\u0105 bursztyniarsk\u0105 wypraw\u0119, przy okazji d\u0142ugiego listopadowego weekendu.","robots":{"index":"index","follow":"follow","max-snippet":"max-snippet:-1","max-image-preview":"max-image-preview:large","max-video-preview":"max-video-preview:-1"},"canonical":"https:\/\/baranowscy.eu\/wordpress\/zbieranie-bursztynow\/","og_locale":"pl_PL","og_type":"article","og_title":"Jesienno-zimowe zbieranie bursztyn\u00f3w | organiczni.eu","og_description":"Jesienno-zimowa pora to najlepszy moment, \u017ceby wyruszy\u0107 na poszukiwanie i zbieranie bursztyn\u00f3w nad Ba\u0142tyk. W tym roku pierwszy raz w \u017cyciu zorganizowali\u015bmy sobie tak\u0105 bursztyniarsk\u0105 wypraw\u0119, przy okazji d\u0142ugiego listopadowego weekendu.","og_url":"https:\/\/baranowscy.eu\/wordpress\/zbieranie-bursztynow\/","og_site_name":"organiczni.eu","article_publisher":"https:\/\/www.facebook.com\/organiczni\/","article_published_time":"2025-11-23T17:32:45+00:00","article_modified_time":"2025-11-23T18:10:50+00:00","og_image":[{"width":1200,"height":628,"url":"https:\/\/baranowscy.eu\/wordpress\/wp-content\/uploads\/2025\/11\/szukanie_bursztynow_0.jpg","type":"image\/jpeg"}],"author":"joanna","twitter_card":"summary_large_image","twitter_misc":{"Napisane przez":"joanna","Szacowany czas czytania":"6 minut"},"schema":{"@context":"https:\/\/schema.org","@graph":[{"@type":"Article","@id":"https:\/\/baranowscy.eu\/wordpress\/zbieranie-bursztynow\/#article","isPartOf":{"@id":"https:\/\/baranowscy.eu\/wordpress\/zbieranie-bursztynow\/"},"author":{"name":"joanna","@id":"https:\/\/baranowscy.eu\/wordpress\/#\/schema\/person\/741d5f1f3fd2833c5ca2ffdaaa93dc73"},"headline":"Jesienno-zimowe zbieranie bursztyn\u00f3w","datePublished":"2025-11-23T17:32:45+00:00","dateModified":"2025-11-23T18:10:50+00:00","mainEntityOfPage":{"@id":"https:\/\/baranowscy.eu\/wordpress\/zbieranie-bursztynow\/"},"wordCount":817,"commentCount":0,"publisher":{"@id":"https:\/\/baranowscy.eu\/wordpress\/#organization"},"image":{"@id":"https:\/\/baranowscy.eu\/wordpress\/zbieranie-bursztynow\/#primaryimage"},"thumbnailUrl":"https:\/\/baranowscy.eu\/wordpress\/wp-content\/uploads\/2025\/11\/szukanie_bursztynow_0.jpg","keywords":["Ba\u0142tyk","bursztyny","morze","podr\u00f3\u017ce"],"articleSection":["podr\u00f3\u017ce"],"inLanguage":"pl-PL","potentialAction":[{"@type":"CommentAction","name":"Comment","target":["https:\/\/baranowscy.eu\/wordpress\/zbieranie-bursztynow\/#respond"]}]},{"@type":"WebPage","@id":"https:\/\/baranowscy.eu\/wordpress\/zbieranie-bursztynow\/","url":"https:\/\/baranowscy.eu\/wordpress\/zbieranie-bursztynow\/","name":"Jesienno-zimowe zbieranie bursztyn\u00f3w | organiczni.eu","isPartOf":{"@id":"https:\/\/baranowscy.eu\/wordpress\/#website"},"primaryImageOfPage":{"@id":"https:\/\/baranowscy.eu\/wordpress\/zbieranie-bursztynow\/#primaryimage"},"image":{"@id":"https:\/\/baranowscy.eu\/wordpress\/zbieranie-bursztynow\/#primaryimage"},"thumbnailUrl":"https:\/\/baranowscy.eu\/wordpress\/wp-content\/uploads\/2025\/11\/szukanie_bursztynow_0.jpg","datePublished":"2025-11-23T17:32:45+00:00","dateModified":"2025-11-23T18:10:50+00:00","description":"Jesienno-zimowa pora to najlepszy moment, \u017ceby wyruszy\u0107 na poszukiwanie i zbieranie bursztyn\u00f3w nad Ba\u0142tyk. W tym roku pierwszy raz w \u017cyciu zorganizowali\u015bmy sobie tak\u0105 bursztyniarsk\u0105 wypraw\u0119, przy okazji d\u0142ugiego listopadowego weekendu.","breadcrumb":{"@id":"https:\/\/baranowscy.eu\/wordpress\/zbieranie-bursztynow\/#breadcrumb"},"inLanguage":"pl-PL","potentialAction":[{"@type":"ReadAction","target":["https:\/\/baranowscy.eu\/wordpress\/zbieranie-bursztynow\/"]}]},{"@type":"ImageObject","inLanguage":"pl-PL","@id":"https:\/\/baranowscy.eu\/wordpress\/zbieranie-bursztynow\/#primaryimage","url":"https:\/\/baranowscy.eu\/wordpress\/wp-content\/uploads\/2025\/11\/szukanie_bursztynow_0.jpg","contentUrl":"https:\/\/baranowscy.eu\/wordpress\/wp-content\/uploads\/2025\/11\/szukanie_bursztynow_0.jpg","width":1200,"height":628,"caption":"Jesienno-zimowe zbieranie bursztyn\u00f3w, Jantar"},{"@type":"BreadcrumbList","@id":"https:\/\/baranowscy.eu\/wordpress\/zbieranie-bursztynow\/#breadcrumb","itemListElement":[{"@type":"ListItem","position":1,"name":"Strona g\u0142\u00f3wna","item":"https:\/\/baranowscy.eu\/wordpress\/"},{"@type":"ListItem","position":2,"name":"Jesienno-zimowe zbieranie bursztyn\u00f3w"}]},{"@type":"WebSite","@id":"https:\/\/baranowscy.eu\/wordpress\/#website","url":"https:\/\/baranowscy.eu\/wordpress\/","name":"organiczni.eu","description":"Najbardziej wszechstronny blog ekologiczny","publisher":{"@id":"https:\/\/baranowscy.eu\/wordpress\/#organization"},"potentialAction":[{"@type":"SearchAction","target":{"@type":"EntryPoint","urlTemplate":"https:\/\/baranowscy.eu\/wordpress\/?s={search_term_string}"},"query-input":{"@type":"PropertyValueSpecification","valueRequired":true,"valueName":"search_term_string"}}],"inLanguage":"pl-PL"},{"@type":"Organization","@id":"https:\/\/baranowscy.eu\/wordpress\/#organization","name":"organiczni.eu","url":"https:\/\/baranowscy.eu\/wordpress\/","logo":{"@type":"ImageObject","inLanguage":"pl-PL","@id":"https:\/\/baranowscy.eu\/wordpress\/#\/schema\/logo\/image\/","url":"https:\/\/baranowscy.eu\/wordpress\/wp-content\/uploads\/2018\/01\/logo_duze.png","contentUrl":"https:\/\/baranowscy.eu\/wordpress\/wp-content\/uploads\/2018\/01\/logo_duze.png","width":1398,"height":300,"caption":"organiczni.eu"},"image":{"@id":"https:\/\/baranowscy.eu\/wordpress\/#\/schema\/logo\/image\/"},"sameAs":["https:\/\/www.facebook.com\/organiczni\/","https:\/\/www.instagram.com\/organiczni.eu\/"]},{"@type":"Person","@id":"https:\/\/baranowscy.eu\/wordpress\/#\/schema\/person\/741d5f1f3fd2833c5ca2ffdaaa93dc73","name":"joanna","image":{"@type":"ImageObject","inLanguage":"pl-PL","@id":"https:\/\/secure.gravatar.com\/avatar\/a59b1be4fa5d200ee0af0ba4bbcdb691da1d589b419bae23d7aa5a15d820e28e?s=96&d=identicon&r=g","url":"https:\/\/secure.gravatar.com\/avatar\/a59b1be4fa5d200ee0af0ba4bbcdb691da1d589b419bae23d7aa5a15d820e28e?s=96&d=identicon&r=g","contentUrl":"https:\/\/secure.gravatar.com\/avatar\/a59b1be4fa5d200ee0af0ba4bbcdb691da1d589b419bae23d7aa5a15d820e28e?s=96&d=identicon&r=g","caption":"joanna"},"sameAs":["https:\/\/organiczni.baranowscy.eu"],"url":"https:\/\/baranowscy.eu\/wordpress\/author\/admin\/"}]}},"jetpack_featured_media_url":"https:\/\/baranowscy.eu\/wordpress\/wp-content\/uploads\/2025\/11\/szukanie_bursztynow_0.jpg","jetpack_sharing_enabled":true,"_links":{"self":[{"href":"https:\/\/baranowscy.eu\/wordpress\/wp-json\/wp\/v2\/posts\/13892","targetHints":{"allow":["GET"]}}],"collection":[{"href":"https:\/\/baranowscy.eu\/wordpress\/wp-json\/wp\/v2\/posts"}],"about":[{"href":"https:\/\/baranowscy.eu\/wordpress\/wp-json\/wp\/v2\/types\/post"}],"author":[{"embeddable":true,"href":"https:\/\/baranowscy.eu\/wordpress\/wp-json\/wp\/v2\/users\/1"}],"replies":[{"embeddable":true,"href":"https:\/\/baranowscy.eu\/wordpress\/wp-json\/wp\/v2\/comments?post=13892"}],"version-history":[{"count":5,"href":"https:\/\/baranowscy.eu\/wordpress\/wp-json\/wp\/v2\/posts\/13892\/revisions"}],"predecessor-version":[{"id":13909,"href":"https:\/\/baranowscy.eu\/wordpress\/wp-json\/wp\/v2\/posts\/13892\/revisions\/13909"}],"wp:featuredmedia":[{"embeddable":true,"href":"https:\/\/baranowscy.eu\/wordpress\/wp-json\/wp\/v2\/media\/13893"}],"wp:attachment":[{"href":"https:\/\/baranowscy.eu\/wordpress\/wp-json\/wp\/v2\/media?parent=13892"}],"wp:term":[{"taxonomy":"category","embeddable":true,"href":"https:\/\/baranowscy.eu\/wordpress\/wp-json\/wp\/v2\/categories?post=13892"},{"taxonomy":"post_tag","embeddable":true,"href":"https:\/\/baranowscy.eu\/wordpress\/wp-json\/wp\/v2\/tags?post=13892"}],"curies":[{"name":"wp","href":"https:\/\/api.w.org\/{rel}","templated":true}]}}