{"id":13711,"date":"2024-10-20T15:16:31","date_gmt":"2024-10-20T13:16:31","guid":{"rendered":"https:\/\/baranowscy.eu\/wordpress\/?p=13711"},"modified":"2024-10-20T16:20:57","modified_gmt":"2024-10-20T14:20:57","slug":"wszystko-co-chcesz-wiedziec-o-portugalskim-korku","status":"publish","type":"post","link":"https:\/\/baranowscy.eu\/wordpress\/wszystko-co-chcesz-wiedziec-o-portugalskim-korku\/","title":{"rendered":"Wszystko, co chcesz wiedzie\u0107 o portugalskim korku"},"content":{"rendered":"<p><strong>Lubi\u0119 korek i rzeczy wykonane z korka. W domu mamy ich troch\u0119, \u0142\u0105cznie z ok\u0142adzin\u0105 na \u015bcianach zamiast tablic korkowych. Ten ca\u0142kowicie naturalny surowiec jest wykorzystywany w najr\u00f3\u017cniejszy spos\u00f3b, a mnie zawsze fascynowa\u0142o, jak powstaje i na ile jest ekologiczny. W Portugalii (kt\u00f3ra jest najwa\u017cniejszym producentem korka na \u015bwiecie) koniecznie chcia\u0142am zobaczy\u0107 korkow\u0105 manufaktur\u0119.<\/strong><\/p>\n<p>Mieszkali\u015bmy w Faro, stolicy regionu, wydawa\u0142oby si\u0119 dobrze skomunikowanej. Jednak <strong>fabryka korka w S\u00e3o Br\u00e1s de Alportel w Algarve<\/strong> to jedyne miejsce, dok\u0105d podczas naszej wycieczki do Portugalii pojechali\u015bmy Boltem. Nie mieli\u015bmy wypo\u017cyczonego samochodu, je\u017adzili\u015bmy poci\u0105gami i autobusami, niestety to korkowe miejsce le\u017ca\u0142o poza szlakami komunikacji miejskiej.<\/p>\n<p><strong>(Dziwne barwy na zdj\u0119ciach z fabryki to kwestia \u015bwiat\u0142a, kt\u00f3re odbija\u0142o si\u0119 od pomara\u0144czowych \u015bcian. Nie bardzo mog\u0142am co\u015b z tym zrobi\u0107).<\/strong><\/p>\n<figure id=\"attachment_13724\" aria-describedby=\"caption-attachment-13724\" style=\"width: 1000px\" class=\"wp-caption aligncenter\"><a href=\"https:\/\/baranowscy.eu\/wordpress\/wp-content\/uploads\/2024\/10\/fabryka_korka_portugalia_5.jpg\"><img loading=\"lazy\" decoding=\"async\" class=\"size-full wp-image-13724\" src=\"https:\/\/baranowscy.eu\/wordpress\/wp-content\/uploads\/2024\/10\/fabryka_korka_portugalia_5.jpg\" alt=\"Fabryka korka w S\u00e3o Br\u00e1s de Alportel: zebrana kora czeka na poci\u0119cie i selekcj\u0119\" width=\"1000\" height=\"667\" srcset=\"https:\/\/baranowscy.eu\/wordpress\/wp-content\/uploads\/2024\/10\/fabryka_korka_portugalia_5.jpg 1000w, https:\/\/baranowscy.eu\/wordpress\/wp-content\/uploads\/2024\/10\/fabryka_korka_portugalia_5-300x200.jpg 300w, https:\/\/baranowscy.eu\/wordpress\/wp-content\/uploads\/2024\/10\/fabryka_korka_portugalia_5-768x512.jpg 768w, https:\/\/baranowscy.eu\/wordpress\/wp-content\/uploads\/2024\/10\/fabryka_korka_portugalia_5-560x374.jpg 560w, https:\/\/baranowscy.eu\/wordpress\/wp-content\/uploads\/2024\/10\/fabryka_korka_portugalia_5-600x400.jpg 600w\" sizes=\"auto, (max-width: 1000px) 100vw, 1000px\" \/><\/a><figcaption id=\"caption-attachment-13724\" class=\"wp-caption-text\">Fabryka korka w S\u00e3o Br\u00e1s de Alportel: zebrana kora czeka na poci\u0119cie i selekcj\u0119<\/figcaption><\/figure>\n<p>Zwiedzanie odbywa si\u0119 raz dziennie, o 11:30, trwa oko\u0142o 50 minut. Sama fabryka czynna jest od 8:00 do 18:00, dzia\u0142a w niej niewielki sklep z przedmiotami z korka.<\/p>\n<figure id=\"attachment_13728\" aria-describedby=\"caption-attachment-13728\" style=\"width: 1000px\" class=\"wp-caption aligncenter\"><a href=\"https:\/\/baranowscy.eu\/wordpress\/wp-content\/uploads\/2024\/10\/fabryka_korka_portugalia_9.jpg\"><img loading=\"lazy\" decoding=\"async\" class=\"size-full wp-image-13728\" src=\"https:\/\/baranowscy.eu\/wordpress\/wp-content\/uploads\/2024\/10\/fabryka_korka_portugalia_9.jpg\" alt=\"Moja pami\u0105tka z fabryki korka: korkowy portfel\" width=\"1000\" height=\"667\" srcset=\"https:\/\/baranowscy.eu\/wordpress\/wp-content\/uploads\/2024\/10\/fabryka_korka_portugalia_9.jpg 1000w, https:\/\/baranowscy.eu\/wordpress\/wp-content\/uploads\/2024\/10\/fabryka_korka_portugalia_9-300x200.jpg 300w, https:\/\/baranowscy.eu\/wordpress\/wp-content\/uploads\/2024\/10\/fabryka_korka_portugalia_9-768x512.jpg 768w, https:\/\/baranowscy.eu\/wordpress\/wp-content\/uploads\/2024\/10\/fabryka_korka_portugalia_9-560x374.jpg 560w, https:\/\/baranowscy.eu\/wordpress\/wp-content\/uploads\/2024\/10\/fabryka_korka_portugalia_9-600x400.jpg 600w\" sizes=\"auto, (max-width: 1000px) 100vw, 1000px\" \/><\/a><figcaption id=\"caption-attachment-13728\" class=\"wp-caption-text\">Moja pami\u0105tka z fabryki korka: korkowy portfel<\/figcaption><\/figure>\n<p>Nasza przewodniczka m\u00f3wi\u0142a po angielsku i francusku.<\/p>\n<h2>D\u0105b korkowy<\/h2>\n<p><strong>Wszystko zaczyna si\u0119 od drzewa.<\/strong> Bardzo cennego, poniewa\u017c uwa\u017ca si\u0119, \u017ce <strong>lasy korkowe chroni\u0105 gleb\u0119 przed pustynnieniem<\/strong>, s\u0105 te\u017c domem dla wielu zwierz\u0105t. To do\u015b\u0107 odporne drzewa, niewymagaj\u0105ce dobrej gleby. D\u0119by korkowe rosn\u0105 w po\u0142udniowo-zachodniej Europie i na p\u00f3\u0142nocnym zachodzie Afryki. Mo\u017cecie je spotka\u0107 m.in. w Portugalii, po\u0142udniowej Hiszpanii czy na Sardynii.<\/p>\n<p>W Portugalii 23% las\u00f3w pa\u0144stwowych to lasy korkowe (ponad 730 tys. hektar\u00f3w), produkuje si\u0119 tu rocznie ponad 150 tys. ton korka.<\/p>\n<p>Dzi\u0119ki swojej d\u0142ugowieczno\u015bci <strong>lasy korkowe maj\u0105 ogromne znaczenie jako magazyny CO2<\/strong>. R\u00f3wnie\u017c pozyskany z nich korek jest trwa\u0142y, mo\u017ce by\u0107 tak\u017ce poddany recyklingowi.<\/p>\n<figure id=\"attachment_13717\" aria-describedby=\"caption-attachment-13717\" style=\"width: 1000px\" class=\"wp-caption aligncenter\"><a href=\"https:\/\/baranowscy.eu\/wordpress\/wp-content\/uploads\/2024\/10\/dab_korkowy_3.jpg\"><img loading=\"lazy\" decoding=\"async\" class=\"size-full wp-image-13717\" src=\"https:\/\/baranowscy.eu\/wordpress\/wp-content\/uploads\/2024\/10\/dab_korkowy_3.jpg\" alt=\"D\u0105b korkowy rosn\u0105cy w Portugalii; to drzewo jest dzikie, nie wida\u0107 na nim \u015blad\u00f3w korowania\" width=\"1000\" height=\"667\" srcset=\"https:\/\/baranowscy.eu\/wordpress\/wp-content\/uploads\/2024\/10\/dab_korkowy_3.jpg 1000w, https:\/\/baranowscy.eu\/wordpress\/wp-content\/uploads\/2024\/10\/dab_korkowy_3-300x200.jpg 300w, https:\/\/baranowscy.eu\/wordpress\/wp-content\/uploads\/2024\/10\/dab_korkowy_3-768x512.jpg 768w, https:\/\/baranowscy.eu\/wordpress\/wp-content\/uploads\/2024\/10\/dab_korkowy_3-560x374.jpg 560w, https:\/\/baranowscy.eu\/wordpress\/wp-content\/uploads\/2024\/10\/dab_korkowy_3-600x400.jpg 600w\" sizes=\"auto, (max-width: 1000px) 100vw, 1000px\" \/><\/a><figcaption id=\"caption-attachment-13717\" class=\"wp-caption-text\">D\u0105b korkowy rosn\u0105cy w Portugalii; to drzewo jest dzikie, nie wida\u0107 na nim \u015blad\u00f3w korowania<\/figcaption><\/figure>\n<p><strong>W naturze d\u0105b korkowy mo\u017ce \u017cy\u0107 400 lat.<\/strong> Kiedy jednak uprawia si\u0119 go na korek, skraca si\u0119 jego \u017cywot do 150\u2013200 lat. A wi\u0119c eksploatacja tych drzew nie jest w \u017cadnym razie oboj\u0119tna dla nich, poniewa\u017c musz\u0105 wk\u0142ada\u0107 du\u017cy wysi\u0142ek w odbudowywanie kory, kt\u00f3rej zosta\u0142y pozbawione.<\/p>\n<figure id=\"attachment_13716\" aria-describedby=\"caption-attachment-13716\" style=\"width: 1000px\" class=\"wp-caption aligncenter\"><a href=\"https:\/\/baranowscy.eu\/wordpress\/wp-content\/uploads\/2024\/10\/dab_korkowy_2.jpg\"><img loading=\"lazy\" decoding=\"async\" class=\"size-full wp-image-13716\" src=\"https:\/\/baranowscy.eu\/wordpress\/wp-content\/uploads\/2024\/10\/dab_korkowy_2.jpg\" alt=\"D\u0119by korkowe, jak to d\u0119by, owocuj\u0105 \u017co\u0142\u0119dziami\" width=\"1000\" height=\"667\" srcset=\"https:\/\/baranowscy.eu\/wordpress\/wp-content\/uploads\/2024\/10\/dab_korkowy_2.jpg 1000w, https:\/\/baranowscy.eu\/wordpress\/wp-content\/uploads\/2024\/10\/dab_korkowy_2-300x200.jpg 300w, https:\/\/baranowscy.eu\/wordpress\/wp-content\/uploads\/2024\/10\/dab_korkowy_2-768x512.jpg 768w, https:\/\/baranowscy.eu\/wordpress\/wp-content\/uploads\/2024\/10\/dab_korkowy_2-560x374.jpg 560w, https:\/\/baranowscy.eu\/wordpress\/wp-content\/uploads\/2024\/10\/dab_korkowy_2-600x400.jpg 600w\" sizes=\"auto, (max-width: 1000px) 100vw, 1000px\" \/><\/a><figcaption id=\"caption-attachment-13716\" class=\"wp-caption-text\">D\u0119by korkowe, jak to d\u0119by, owocuj\u0105 \u017co\u0142\u0119dziami<\/figcaption><\/figure>\n<h2>Cykl kory<\/h2>\n<p>D\u0119by korkowe, jak opowiedzia\u0142a nam przewodniczka, sadzi si\u0119 z my\u015bl\u0105 o wnukach. Cykl pozyskiwania kory, z kt\u00f3rej powstaje korek, jest wieloletni i wymaga d\u0142ugiego oczekiwania. <strong>Pierwszy raz kor\u0119 zdejmuje si\u0119 z drzewa 25-letniego<\/strong>, jednak ta kora <em>virgin<\/em> nie nadaje si\u0119 do przetworzenia. Zostaje przekazana np. na opa\u0142.<\/p>\n<figure id=\"attachment_13718\" aria-describedby=\"caption-attachment-13718\" style=\"width: 1000px\" class=\"wp-caption aligncenter\"><a href=\"https:\/\/baranowscy.eu\/wordpress\/wp-content\/uploads\/2024\/10\/dab_korkowy_4.jpg\"><img loading=\"lazy\" decoding=\"async\" class=\"size-full wp-image-13718\" src=\"https:\/\/baranowscy.eu\/wordpress\/wp-content\/uploads\/2024\/10\/dab_korkowy_4.jpg\" alt=\"Kora virgin, z pierwszego zbioru\" width=\"1000\" height=\"667\" srcset=\"https:\/\/baranowscy.eu\/wordpress\/wp-content\/uploads\/2024\/10\/dab_korkowy_4.jpg 1000w, https:\/\/baranowscy.eu\/wordpress\/wp-content\/uploads\/2024\/10\/dab_korkowy_4-300x200.jpg 300w, https:\/\/baranowscy.eu\/wordpress\/wp-content\/uploads\/2024\/10\/dab_korkowy_4-768x512.jpg 768w, https:\/\/baranowscy.eu\/wordpress\/wp-content\/uploads\/2024\/10\/dab_korkowy_4-560x374.jpg 560w, https:\/\/baranowscy.eu\/wordpress\/wp-content\/uploads\/2024\/10\/dab_korkowy_4-600x400.jpg 600w\" sizes=\"auto, (max-width: 1000px) 100vw, 1000px\" \/><\/a><figcaption id=\"caption-attachment-13718\" class=\"wp-caption-text\">Kora <em>virgin,<\/em> z pierwszego zbioru<\/figcaption><\/figure>\n<p><strong>Kolejny zbi\u00f3r kory mo\u017cliwy jest po 9\u201312 latach.<\/strong> I te\u017c niekoniecznie ta kora z drugiego zbioru b\u0119dzie wysokiej jako\u015bci. Mo\u017ce zosta\u0107 przeznaczony np. na granulat. Dopiero kolejne zbiory () daj\u0105 coraz lepsz\u0105 kor\u0119, kt\u00f3ra mo\u017ce by\u0107 wykorzystywana do wyrabiania najbardziej wymagaj\u0105cego produktu: kork\u00f3w do wina.<\/p>\n<p><strong>Kor\u0119 zbiera si\u0119 r\u0119cznie.<\/strong> Do\u015bwiadczeni pracownicy wiedz\u0105, jak g\u0142\u0119boko wbi\u0107 siekier\u0119, \u017ceby nie zrani\u0107 drzewa, ale te\u017c \u017ceby nie zdj\u0105\u0107 za cienkiej warstwy kory.<\/p>\n<p>My akurat trafili\u015bmy na por\u0119 zbior\u00f3w (sierpie\u0144), jednak nie uda\u0142o nam si\u0119 zobaczy\u0107 lasu, z kt\u00f3rego czerpa\u0142a zwiedzana przez nas fabryka. Natomiast drzewa korkowe rosn\u0105 wsz\u0119dzie, gdzieniegdzie mo\u017cna natkn\u0105\u0107 si\u0119 na okorowane d\u0119by.<\/p>\n<figure id=\"attachment_13715\" aria-describedby=\"caption-attachment-13715\" style=\"width: 1000px\" class=\"wp-caption aligncenter\"><a href=\"https:\/\/baranowscy.eu\/wordpress\/wp-content\/uploads\/2024\/10\/dab_korkowy_1.jpg\"><img loading=\"lazy\" decoding=\"async\" class=\"size-full wp-image-13715\" src=\"https:\/\/baranowscy.eu\/wordpress\/wp-content\/uploads\/2024\/10\/dab_korkowy_1.jpg\" alt=\"D\u0105b korkowy, z kt\u00f3rego zdj\u0119to kor\u0119. Numer namalowany na drzewie oznacza rok zbioru\" width=\"1000\" height=\"666\" srcset=\"https:\/\/baranowscy.eu\/wordpress\/wp-content\/uploads\/2024\/10\/dab_korkowy_1.jpg 1000w, https:\/\/baranowscy.eu\/wordpress\/wp-content\/uploads\/2024\/10\/dab_korkowy_1-300x200.jpg 300w, https:\/\/baranowscy.eu\/wordpress\/wp-content\/uploads\/2024\/10\/dab_korkowy_1-768x511.jpg 768w, https:\/\/baranowscy.eu\/wordpress\/wp-content\/uploads\/2024\/10\/dab_korkowy_1-560x373.jpg 560w, https:\/\/baranowscy.eu\/wordpress\/wp-content\/uploads\/2024\/10\/dab_korkowy_1-600x400.jpg 600w\" sizes=\"auto, (max-width: 1000px) 100vw, 1000px\" \/><\/a><figcaption id=\"caption-attachment-13715\" class=\"wp-caption-text\">D\u0105b korkowy, z kt\u00f3rego zdj\u0119to kor\u0119. Numer namalowany na drzewie oznacza rok zbioru<\/figcaption><\/figure>\n<p>Pie\u0144 ogo\u0142ocony z kory ma kolor czerwonobr\u0105zowy, z czasem ciemnieje, przyrasta, a\u017c znowu mo\u017cna pozyska\u0107 z niego korek. Co ciekawe, cyklu nie mo\u017cna przerwa\u0107 &#8211; je\u015bli raz zacz\u0119li\u015bmy pozyskiwa\u0107 kor\u0119 z d\u0119bu, powinno si\u0119 kontynuowa\u0107 cykl, p\u00f3ki drzewo \u017cyje.<\/p>\n<h2>Czemu korek jest taki cenny?<\/h2>\n<p>Nasza przewodniczka po fabryce korka sp\u0119dzi\u0142a dobre 15 minut na t\u0142umaczeniu, <strong>dlaczego korki do wina powinny by\u0107 wykonane z naturalnego korka<\/strong> oraz jakie ma on w\u0142a\u015bciwo\u015bci. Przyznam, \u017ce ta cz\u0119\u015b\u0107 mnie najmniej zaciekawi\u0142a, ale najwa\u017cniejsza informacja, kt\u00f3r\u0105 warto zapami\u0119ta\u0107, to \u017ce trudno go zast\u0105pi\u0107: jest elastyczny, \u0142atwo da si\u0119 wcisn\u0105\u0107 w szyjk\u0119 butelki, ale dobrze j\u0105 zatyka; przepuszcza niewielk\u0105 ilo\u015b\u0107 powietrza, dzi\u0119ki czemu wino mo\u017ce dojrzewa\u0107 ju\u017c po zakorkowaniu; zarazem nie jest przepuszczalny je\u015bli chodzi o ciecze, wi\u0119c wino mo\u017ce spokojnie le\u017cakowa\u0107 latami.<\/p>\n<figure id=\"attachment_13720\" aria-describedby=\"caption-attachment-13720\" style=\"width: 1000px\" class=\"wp-caption aligncenter\"><a href=\"https:\/\/baranowscy.eu\/wordpress\/wp-content\/uploads\/2024\/10\/fabryka_korka_portugalia_1.jpg\"><img loading=\"lazy\" decoding=\"async\" class=\"size-full wp-image-13720\" src=\"https:\/\/baranowscy.eu\/wordpress\/wp-content\/uploads\/2024\/10\/fabryka_korka_portugalia_1.jpg\" alt=\"Stefan i n\u00f3\u017c do ci\u0119cia korka\" width=\"1000\" height=\"667\" srcset=\"https:\/\/baranowscy.eu\/wordpress\/wp-content\/uploads\/2024\/10\/fabryka_korka_portugalia_1.jpg 1000w, https:\/\/baranowscy.eu\/wordpress\/wp-content\/uploads\/2024\/10\/fabryka_korka_portugalia_1-300x200.jpg 300w, https:\/\/baranowscy.eu\/wordpress\/wp-content\/uploads\/2024\/10\/fabryka_korka_portugalia_1-768x512.jpg 768w, https:\/\/baranowscy.eu\/wordpress\/wp-content\/uploads\/2024\/10\/fabryka_korka_portugalia_1-560x374.jpg 560w, https:\/\/baranowscy.eu\/wordpress\/wp-content\/uploads\/2024\/10\/fabryka_korka_portugalia_1-600x400.jpg 600w\" sizes=\"auto, (max-width: 1000px) 100vw, 1000px\" \/><\/a><figcaption id=\"caption-attachment-13720\" class=\"wp-caption-text\">Stefan i n\u00f3\u017c do ci\u0119cia korka<\/figcaption><\/figure>\n<p>Korki od wina powstaj\u0105 z jednego kawa\u0142ka kory, kt\u00f3ry musi by\u0107 bardzo dobrej jako\u015bci, g\u0119sto\u015bci itp. i bez uszkodze\u0144.<\/p>\n<figure id=\"attachment_13725\" aria-describedby=\"caption-attachment-13725\" style=\"width: 1000px\" class=\"wp-caption aligncenter\"><a href=\"https:\/\/baranowscy.eu\/wordpress\/wp-content\/uploads\/2024\/10\/fabryka_korka_portugalia_6.jpg\"><img loading=\"lazy\" decoding=\"async\" class=\"size-full wp-image-13725\" src=\"https:\/\/baranowscy.eu\/wordpress\/wp-content\/uploads\/2024\/10\/fabryka_korka_portugalia_6.jpg\" alt=\"Korek jest sortowany wed\u0142ug jako\u015bci\" width=\"1000\" height=\"667\" srcset=\"https:\/\/baranowscy.eu\/wordpress\/wp-content\/uploads\/2024\/10\/fabryka_korka_portugalia_6.jpg 1000w, https:\/\/baranowscy.eu\/wordpress\/wp-content\/uploads\/2024\/10\/fabryka_korka_portugalia_6-300x200.jpg 300w, https:\/\/baranowscy.eu\/wordpress\/wp-content\/uploads\/2024\/10\/fabryka_korka_portugalia_6-768x512.jpg 768w, https:\/\/baranowscy.eu\/wordpress\/wp-content\/uploads\/2024\/10\/fabryka_korka_portugalia_6-560x374.jpg 560w, https:\/\/baranowscy.eu\/wordpress\/wp-content\/uploads\/2024\/10\/fabryka_korka_portugalia_6-600x400.jpg 600w\" sizes=\"auto, (max-width: 1000px) 100vw, 1000px\" \/><\/a><figcaption id=\"caption-attachment-13725\" class=\"wp-caption-text\">Korek jest sortowany wed\u0142ug jako\u015bci<\/figcaption><\/figure>\n<p>Korek jest cenny tak\u017ce poza winiarstwem, stosuje si\u0119 go m.in. w produktach sportowych, samochodach, rowerach (owijki!) oraz jako izolacj\u0119. No i oczywi\u015bcie jest bardzo \u0142adny, co jest wykorzystywane w przedmiotach u\u017cytkowych.<\/p>\n<h2>Czy korek jest przetwarzany ekologicznie?<\/h2>\n<p><strong>To, co obejrzeli\u015bmy w fabryce korka, wskazywa\u0142o na do\u015b\u0107 prymitywn\u0105 obr\u00f3bk\u0119 kory d\u0119bu.<\/strong> Oberwana kora jest ci\u0119ta, uk\u0142adana na stosy, kt\u00f3re na specjalnej platformie zje\u017cd\u017caj\u0105 do ogromnej wanny i s\u0105 moczone we wrz\u0105tku, a tak\u017ce prasowane. Ten zabieg pozwala wyprostowa\u0107 zwini\u0119t\u0105 kor\u0119, a tak\u017ce usun\u0105\u0107 patogeny czy owady \u017cyj\u0105ce w korze. <strong>I&#8230; tyle.<\/strong><\/p>\n<figure id=\"attachment_13722\" aria-describedby=\"caption-attachment-13722\" style=\"width: 1000px\" class=\"wp-caption aligncenter\"><a href=\"https:\/\/baranowscy.eu\/wordpress\/wp-content\/uploads\/2024\/10\/fabryka_korka_portugalia_3.jpg\"><img loading=\"lazy\" decoding=\"async\" class=\"size-full wp-image-13722\" src=\"https:\/\/baranowscy.eu\/wordpress\/wp-content\/uploads\/2024\/10\/fabryka_korka_portugalia_3.jpg\" alt=\"Wanna do zanurzania korka, pod ni\u0105 znajduje si\u0119 piec\" width=\"1000\" height=\"667\" srcset=\"https:\/\/baranowscy.eu\/wordpress\/wp-content\/uploads\/2024\/10\/fabryka_korka_portugalia_3.jpg 1000w, https:\/\/baranowscy.eu\/wordpress\/wp-content\/uploads\/2024\/10\/fabryka_korka_portugalia_3-300x200.jpg 300w, https:\/\/baranowscy.eu\/wordpress\/wp-content\/uploads\/2024\/10\/fabryka_korka_portugalia_3-768x512.jpg 768w, https:\/\/baranowscy.eu\/wordpress\/wp-content\/uploads\/2024\/10\/fabryka_korka_portugalia_3-560x374.jpg 560w, https:\/\/baranowscy.eu\/wordpress\/wp-content\/uploads\/2024\/10\/fabryka_korka_portugalia_3-600x400.jpg 600w\" sizes=\"auto, (max-width: 1000px) 100vw, 1000px\" \/><\/a><figcaption id=\"caption-attachment-13722\" class=\"wp-caption-text\">Wanna do zanurzania korka, pod ni\u0105 znajduje si\u0119 piec<\/figcaption><\/figure>\n<p>Pod wann\u0105 znajduje si\u0119 wielki piec do ogrzewania wody. Pali si\u0119 w nim drewnem czy bezu\u017cytecznym korkiem.<\/p>\n<p>Korek jest przygotowywany r\u0119cznie do dalszej obr\u00f3bki. Mieli\u015bmy okazj\u0119 spr\u00f3bowa\u0107 ci\u0105\u0107 gi\u0119tk\u0105 kor\u0119 specjalnym no\u017cem. Bez wprawy by\u0142o to nie\u0142atwe.<\/p>\n<figure id=\"attachment_13721\" aria-describedby=\"caption-attachment-13721\" style=\"width: 1000px\" class=\"wp-caption aligncenter\"><a href=\"https:\/\/baranowscy.eu\/wordpress\/wp-content\/uploads\/2024\/10\/fabryka_korka_portugalia_2.jpg\"><img loading=\"lazy\" decoding=\"async\" class=\"size-full wp-image-13721\" src=\"https:\/\/baranowscy.eu\/wordpress\/wp-content\/uploads\/2024\/10\/fabryka_korka_portugalia_2.jpg\" alt=\"Tadek pr\u00f3buje ci\u0105\u0107 korek\" width=\"1000\" height=\"667\" srcset=\"https:\/\/baranowscy.eu\/wordpress\/wp-content\/uploads\/2024\/10\/fabryka_korka_portugalia_2.jpg 1000w, https:\/\/baranowscy.eu\/wordpress\/wp-content\/uploads\/2024\/10\/fabryka_korka_portugalia_2-300x200.jpg 300w, https:\/\/baranowscy.eu\/wordpress\/wp-content\/uploads\/2024\/10\/fabryka_korka_portugalia_2-768x512.jpg 768w, https:\/\/baranowscy.eu\/wordpress\/wp-content\/uploads\/2024\/10\/fabryka_korka_portugalia_2-560x374.jpg 560w, https:\/\/baranowscy.eu\/wordpress\/wp-content\/uploads\/2024\/10\/fabryka_korka_portugalia_2-600x400.jpg 600w\" sizes=\"auto, (max-width: 1000px) 100vw, 1000px\" \/><\/a><figcaption id=\"caption-attachment-13721\" class=\"wp-caption-text\">Tadek pr\u00f3buje ci\u0105\u0107 korek<\/figcaption><\/figure>\n<p>Taka ciekawostka: <strong>w Portugalii korek bardzo si\u0119 szanuje<\/strong>. W supermarketach znajduj\u0105 si\u0119 punkty zbi\u00f3rki zu\u017cytych kork\u00f3w, kt\u00f3re s\u0105 poddawane recyklingowi. Dzi\u0119ki temu ten materia\u0142 odnawialny ma szans\u0119 na drugie \u017cycie.<\/p>\n<figure id=\"attachment_13726\" aria-describedby=\"caption-attachment-13726\" style=\"width: 1000px\" class=\"wp-caption aligncenter\"><a href=\"https:\/\/baranowscy.eu\/wordpress\/wp-content\/uploads\/2024\/10\/fabryka_korka_portugalia_7.jpg\"><img loading=\"lazy\" decoding=\"async\" class=\"size-full wp-image-13726\" src=\"https:\/\/baranowscy.eu\/wordpress\/wp-content\/uploads\/2024\/10\/fabryka_korka_portugalia_7.jpg\" alt=\"Mnie ci\u0119cie korka nie posz\u0142o najlepiej\" width=\"1000\" height=\"667\" srcset=\"https:\/\/baranowscy.eu\/wordpress\/wp-content\/uploads\/2024\/10\/fabryka_korka_portugalia_7.jpg 1000w, https:\/\/baranowscy.eu\/wordpress\/wp-content\/uploads\/2024\/10\/fabryka_korka_portugalia_7-300x200.jpg 300w, https:\/\/baranowscy.eu\/wordpress\/wp-content\/uploads\/2024\/10\/fabryka_korka_portugalia_7-768x512.jpg 768w, https:\/\/baranowscy.eu\/wordpress\/wp-content\/uploads\/2024\/10\/fabryka_korka_portugalia_7-560x374.jpg 560w, https:\/\/baranowscy.eu\/wordpress\/wp-content\/uploads\/2024\/10\/fabryka_korka_portugalia_7-600x400.jpg 600w\" sizes=\"auto, (max-width: 1000px) 100vw, 1000px\" \/><\/a><figcaption id=\"caption-attachment-13726\" class=\"wp-caption-text\">Mnie ci\u0119cie korka nie posz\u0142o najlepiej<\/figcaption><\/figure>\n<p><strong>Czy polecam wycieczk\u0119 do Eco-Cork Factory?<\/strong> Chyba tylko, <strong>je\u015bli naprawd\u0119 interesuj\u0105 Was manufaktury, r\u0119kodzie\u0142o i sam korek<\/strong>. Mnie wycieczka sprawi\u0142a du\u017co rado\u015bci, bo chcia\u0142am si\u0119 przekona\u0107, jak wygl\u0105da produkcja korka. Co prawda zobaczy\u0142am tylko pocz\u0105tkow\u0105 faz\u0119, t\u0119, kt\u00f3ra nie wymaga \u017cadnych specjalnych zabieg\u00f3w. Przecie\u017c wiadomo, \u017ce do zrobienia portfela czy but\u00f3w u\u017cywa si\u0119 np. klej\u00f3w czy \u017cywic.<\/p>\n<figure id=\"attachment_13727\" aria-describedby=\"caption-attachment-13727\" style=\"width: 1000px\" class=\"wp-caption aligncenter\"><a href=\"https:\/\/baranowscy.eu\/wordpress\/wp-content\/uploads\/2024\/10\/fabryka_korka_portugalia_8.jpg\"><img loading=\"lazy\" decoding=\"async\" class=\"size-full wp-image-13727\" src=\"https:\/\/baranowscy.eu\/wordpress\/wp-content\/uploads\/2024\/10\/fabryka_korka_portugalia_8.jpg\" alt=\"Ogromne stosy korka w fabryce\" width=\"1000\" height=\"667\" srcset=\"https:\/\/baranowscy.eu\/wordpress\/wp-content\/uploads\/2024\/10\/fabryka_korka_portugalia_8.jpg 1000w, https:\/\/baranowscy.eu\/wordpress\/wp-content\/uploads\/2024\/10\/fabryka_korka_portugalia_8-300x200.jpg 300w, https:\/\/baranowscy.eu\/wordpress\/wp-content\/uploads\/2024\/10\/fabryka_korka_portugalia_8-768x512.jpg 768w, https:\/\/baranowscy.eu\/wordpress\/wp-content\/uploads\/2024\/10\/fabryka_korka_portugalia_8-560x374.jpg 560w, https:\/\/baranowscy.eu\/wordpress\/wp-content\/uploads\/2024\/10\/fabryka_korka_portugalia_8-600x400.jpg 600w\" sizes=\"auto, (max-width: 1000px) 100vw, 1000px\" \/><\/a><figcaption id=\"caption-attachment-13727\" class=\"wp-caption-text\">Ogromne stosy korka w fabryce<\/figcaption><\/figure>\n<p>Aha, uwaga, w fabryce unosi si\u0119 ci\u0119\u017cki, charakterystyczny zapach korka. Nasze dzieci bardzo na niego narzeka\u0142y &#8211; mimo, \u017ce jest to zapach naturalny, jest do\u015b\u0107 specyficzny i mo\u017ce zm\u0119czy\u0107.<\/p>\n<p>Z Portugalii przywioz\u0142am sobie jeszcze korkowy wachlarz.<\/p>\n<figure id=\"attachment_13731\" aria-describedby=\"caption-attachment-13731\" style=\"width: 1000px\" class=\"wp-caption aligncenter\"><a href=\"https:\/\/baranowscy.eu\/wordpress\/wp-content\/uploads\/2024\/10\/wachlarz_z_korkiem.jpg\"><img loading=\"lazy\" decoding=\"async\" class=\"size-full wp-image-13731\" src=\"https:\/\/baranowscy.eu\/wordpress\/wp-content\/uploads\/2024\/10\/wachlarz_z_korkiem.jpg\" alt=\"Wachlarz z korka\" width=\"1000\" height=\"667\" srcset=\"https:\/\/baranowscy.eu\/wordpress\/wp-content\/uploads\/2024\/10\/wachlarz_z_korkiem.jpg 1000w, https:\/\/baranowscy.eu\/wordpress\/wp-content\/uploads\/2024\/10\/wachlarz_z_korkiem-300x200.jpg 300w, https:\/\/baranowscy.eu\/wordpress\/wp-content\/uploads\/2024\/10\/wachlarz_z_korkiem-768x512.jpg 768w, https:\/\/baranowscy.eu\/wordpress\/wp-content\/uploads\/2024\/10\/wachlarz_z_korkiem-560x374.jpg 560w, https:\/\/baranowscy.eu\/wordpress\/wp-content\/uploads\/2024\/10\/wachlarz_z_korkiem-600x400.jpg 600w\" sizes=\"auto, (max-width: 1000px) 100vw, 1000px\" \/><\/a><figcaption id=\"caption-attachment-13731\" class=\"wp-caption-text\">Wachlarz z korka<\/figcaption><\/figure>\n<p><strong>A Wy lubicie produkty z korka? Je\u015bli tak, napiszcie, za co go cenicie!<\/strong><\/p>\n<h3>Eco-Cork Factory<\/h3>\n<p><a href=\"https:\/\/www.eco-corkfactory.com\" target=\"_blank\" rel=\"noopener\">https:\/\/www.eco-corkfactory.com<\/a><\/p>\n<p>S\u00edtio da Mesquita Baixa<br \/>\n8150-048 S\u00e3o Br\u00e1s de Alportel<br \/>\nAlgarve, Portugalia<\/p>\n<figure id=\"attachment_13723\" aria-describedby=\"caption-attachment-13723\" style=\"width: 1000px\" class=\"wp-caption aligncenter\"><a href=\"https:\/\/baranowscy.eu\/wordpress\/wp-content\/uploads\/2024\/10\/fabryka_korka_portugalia_4.jpg\"><img loading=\"lazy\" decoding=\"async\" class=\"size-full wp-image-13723\" src=\"https:\/\/baranowscy.eu\/wordpress\/wp-content\/uploads\/2024\/10\/fabryka_korka_portugalia_4.jpg\" alt=\"Eco-Cork Factory w S\u00e3o Br\u00e1s de Alportel\" width=\"1000\" height=\"667\" srcset=\"https:\/\/baranowscy.eu\/wordpress\/wp-content\/uploads\/2024\/10\/fabryka_korka_portugalia_4.jpg 1000w, https:\/\/baranowscy.eu\/wordpress\/wp-content\/uploads\/2024\/10\/fabryka_korka_portugalia_4-300x200.jpg 300w, https:\/\/baranowscy.eu\/wordpress\/wp-content\/uploads\/2024\/10\/fabryka_korka_portugalia_4-768x512.jpg 768w, https:\/\/baranowscy.eu\/wordpress\/wp-content\/uploads\/2024\/10\/fabryka_korka_portugalia_4-560x374.jpg 560w, https:\/\/baranowscy.eu\/wordpress\/wp-content\/uploads\/2024\/10\/fabryka_korka_portugalia_4-600x400.jpg 600w\" sizes=\"auto, (max-width: 1000px) 100vw, 1000px\" \/><\/a><figcaption id=\"caption-attachment-13723\" class=\"wp-caption-text\">Eco-Cork Factory w S\u00e3o Br\u00e1s de Alportel<\/figcaption><\/figure>\n","protected":false},"excerpt":{"rendered":"<p>Lubi\u0119 korek i rzeczy wykonane z korka. W domu mamy ich troch\u0119, \u0142\u0105cznie z ok\u0142adzin\u0105 na \u015bcianach zamiast tablic korkowych. Ten ca\u0142kowicie naturalny surowiec jest&hellip;<\/p>\n","protected":false},"author":1,"featured_media":13713,"comment_status":"open","ping_status":"open","sticky":false,"template":"","format":"standard","meta":{"_jetpack_memberships_contains_paid_content":false,"footnotes":""},"categories":[61,405,168,20],"tags":[1836,1835,1197,1581,29,1539],"class_list":["post-13711","post","type-post","status-publish","format-standard","has-post-thumbnail","hentry","category-ekoslownik","category-miejsca","category-podroze","category-recenzje","tag-dab-korkowy","tag-korek","tag-miejsce","tag-portugalia","tag-recenzja","tag-zwiedzanie"],"yoast_head":"<!-- This site is optimized with the Yoast SEO plugin v27.5 - https:\/\/yoast.com\/product\/yoast-seo-wordpress\/ -->\n<title>Wszystko, co chcesz wiedzie\u0107 o portugalskim korku | organiczni.eu<\/title>\n<meta name=\"description\" content=\"Lubi\u0119 korek i rzeczy wykonane z korka. W domu mamy ich troch\u0119, \u0142\u0105cznie z ok\u0142adzin\u0105 na \u015bcianach zamiast tablic korkowych. Ten ca\u0142kowicie naturalny surowiec jest wykorzystywany w najr\u00f3\u017cniejszy spos\u00f3b, a mnie zawsze fascynowa\u0142o, jak powstaje i na ile jest ekologiczny.\" \/>\n<meta name=\"robots\" content=\"index, follow, max-snippet:-1, max-image-preview:large, max-video-preview:-1\" \/>\n<link rel=\"canonical\" href=\"https:\/\/baranowscy.eu\/wordpress\/wszystko-co-chcesz-wiedziec-o-portugalskim-korku\/\" \/>\n<meta property=\"og:locale\" content=\"pl_PL\" \/>\n<meta property=\"og:type\" content=\"article\" \/>\n<meta property=\"og:title\" content=\"Wszystko, co chcesz wiedzie\u0107 o portugalskim korku | organiczni.eu\" \/>\n<meta property=\"og:description\" content=\"Lubi\u0119 korek i rzeczy wykonane z korka. W domu mamy ich troch\u0119, \u0142\u0105cznie z ok\u0142adzin\u0105 na \u015bcianach zamiast tablic korkowych. Ten ca\u0142kowicie naturalny surowiec jest wykorzystywany w najr\u00f3\u017cniejszy spos\u00f3b, a mnie zawsze fascynowa\u0142o, jak powstaje i na ile jest ekologiczny.\" \/>\n<meta property=\"og:url\" content=\"https:\/\/baranowscy.eu\/wordpress\/wszystko-co-chcesz-wiedziec-o-portugalskim-korku\/\" \/>\n<meta property=\"og:site_name\" content=\"organiczni.eu\" \/>\n<meta property=\"article:publisher\" content=\"https:\/\/www.facebook.com\/organiczni\/\" \/>\n<meta property=\"article:published_time\" content=\"2024-10-20T13:16:31+00:00\" \/>\n<meta property=\"article:modified_time\" content=\"2024-10-20T14:20:57+00:00\" \/>\n<meta property=\"og:image\" content=\"https:\/\/baranowscy.eu\/wordpress\/wp-content\/uploads\/2024\/10\/fabryka_korka_portugalia_0.jpg\" \/>\n\t<meta property=\"og:image:width\" content=\"1200\" \/>\n\t<meta property=\"og:image:height\" content=\"628\" \/>\n\t<meta property=\"og:image:type\" content=\"image\/jpeg\" \/>\n<meta name=\"author\" content=\"joanna\" \/>\n<meta name=\"twitter:card\" content=\"summary_large_image\" \/>\n<meta name=\"twitter:label1\" content=\"Napisane przez\" \/>\n\t<meta name=\"twitter:data1\" content=\"joanna\" \/>\n\t<meta name=\"twitter:label2\" content=\"Szacowany czas czytania\" \/>\n\t<meta name=\"twitter:data2\" content=\"10 minut\" \/>\n<script type=\"application\/ld+json\" class=\"yoast-schema-graph\">{\"@context\":\"https:\\\/\\\/schema.org\",\"@graph\":[{\"@type\":\"Article\",\"@id\":\"https:\\\/\\\/baranowscy.eu\\\/wordpress\\\/wszystko-co-chcesz-wiedziec-o-portugalskim-korku\\\/#article\",\"isPartOf\":{\"@id\":\"https:\\\/\\\/baranowscy.eu\\\/wordpress\\\/wszystko-co-chcesz-wiedziec-o-portugalskim-korku\\\/\"},\"author\":{\"name\":\"joanna\",\"@id\":\"https:\\\/\\\/baranowscy.eu\\\/wordpress\\\/#\\\/schema\\\/person\\\/741d5f1f3fd2833c5ca2ffdaaa93dc73\"},\"headline\":\"Wszystko, co chcesz wiedzie\u0107 o portugalskim korku\",\"datePublished\":\"2024-10-20T13:16:31+00:00\",\"dateModified\":\"2024-10-20T14:20:57+00:00\",\"mainEntityOfPage\":{\"@id\":\"https:\\\/\\\/baranowscy.eu\\\/wordpress\\\/wszystko-co-chcesz-wiedziec-o-portugalskim-korku\\\/\"},\"wordCount\":1270,\"commentCount\":2,\"publisher\":{\"@id\":\"https:\\\/\\\/baranowscy.eu\\\/wordpress\\\/#organization\"},\"image\":{\"@id\":\"https:\\\/\\\/baranowscy.eu\\\/wordpress\\\/wszystko-co-chcesz-wiedziec-o-portugalskim-korku\\\/#primaryimage\"},\"thumbnailUrl\":\"https:\\\/\\\/baranowscy.eu\\\/wordpress\\\/wp-content\\\/uploads\\\/2024\\\/10\\\/fabryka_korka_portugalia_0.jpg\",\"keywords\":[\"d\u0105b korkowy\",\"korek\",\"miejsce\",\"Portugalia\",\"recenzja\",\"zwiedzanie\"],\"articleSection\":[\"ekos\u0142ownik\",\"miejsca\",\"podr\u00f3\u017ce\",\"recenzje\"],\"inLanguage\":\"pl-PL\",\"potentialAction\":[{\"@type\":\"CommentAction\",\"name\":\"Comment\",\"target\":[\"https:\\\/\\\/baranowscy.eu\\\/wordpress\\\/wszystko-co-chcesz-wiedziec-o-portugalskim-korku\\\/#respond\"]}]},{\"@type\":\"WebPage\",\"@id\":\"https:\\\/\\\/baranowscy.eu\\\/wordpress\\\/wszystko-co-chcesz-wiedziec-o-portugalskim-korku\\\/\",\"url\":\"https:\\\/\\\/baranowscy.eu\\\/wordpress\\\/wszystko-co-chcesz-wiedziec-o-portugalskim-korku\\\/\",\"name\":\"Wszystko, co chcesz wiedzie\u0107 o portugalskim korku | organiczni.eu\",\"isPartOf\":{\"@id\":\"https:\\\/\\\/baranowscy.eu\\\/wordpress\\\/#website\"},\"primaryImageOfPage\":{\"@id\":\"https:\\\/\\\/baranowscy.eu\\\/wordpress\\\/wszystko-co-chcesz-wiedziec-o-portugalskim-korku\\\/#primaryimage\"},\"image\":{\"@id\":\"https:\\\/\\\/baranowscy.eu\\\/wordpress\\\/wszystko-co-chcesz-wiedziec-o-portugalskim-korku\\\/#primaryimage\"},\"thumbnailUrl\":\"https:\\\/\\\/baranowscy.eu\\\/wordpress\\\/wp-content\\\/uploads\\\/2024\\\/10\\\/fabryka_korka_portugalia_0.jpg\",\"datePublished\":\"2024-10-20T13:16:31+00:00\",\"dateModified\":\"2024-10-20T14:20:57+00:00\",\"description\":\"Lubi\u0119 korek i rzeczy wykonane z korka. W domu mamy ich troch\u0119, \u0142\u0105cznie z ok\u0142adzin\u0105 na \u015bcianach zamiast tablic korkowych. Ten ca\u0142kowicie naturalny surowiec jest wykorzystywany w najr\u00f3\u017cniejszy spos\u00f3b, a mnie zawsze fascynowa\u0142o, jak powstaje i na ile jest ekologiczny.\",\"breadcrumb\":{\"@id\":\"https:\\\/\\\/baranowscy.eu\\\/wordpress\\\/wszystko-co-chcesz-wiedziec-o-portugalskim-korku\\\/#breadcrumb\"},\"inLanguage\":\"pl-PL\",\"potentialAction\":[{\"@type\":\"ReadAction\",\"target\":[\"https:\\\/\\\/baranowscy.eu\\\/wordpress\\\/wszystko-co-chcesz-wiedziec-o-portugalskim-korku\\\/\"]}]},{\"@type\":\"ImageObject\",\"inLanguage\":\"pl-PL\",\"@id\":\"https:\\\/\\\/baranowscy.eu\\\/wordpress\\\/wszystko-co-chcesz-wiedziec-o-portugalskim-korku\\\/#primaryimage\",\"url\":\"https:\\\/\\\/baranowscy.eu\\\/wordpress\\\/wp-content\\\/uploads\\\/2024\\\/10\\\/fabryka_korka_portugalia_0.jpg\",\"contentUrl\":\"https:\\\/\\\/baranowscy.eu\\\/wordpress\\\/wp-content\\\/uploads\\\/2024\\\/10\\\/fabryka_korka_portugalia_0.jpg\",\"width\":1200,\"height\":628,\"caption\":\"Kawa\u0142ki korka w fabryce w S\u00e3o Br\u00e1s de Alportel w Portugalii\"},{\"@type\":\"BreadcrumbList\",\"@id\":\"https:\\\/\\\/baranowscy.eu\\\/wordpress\\\/wszystko-co-chcesz-wiedziec-o-portugalskim-korku\\\/#breadcrumb\",\"itemListElement\":[{\"@type\":\"ListItem\",\"position\":1,\"name\":\"Strona g\u0142\u00f3wna\",\"item\":\"https:\\\/\\\/baranowscy.eu\\\/wordpress\\\/\"},{\"@type\":\"ListItem\",\"position\":2,\"name\":\"Wszystko, co chcesz wiedzie\u0107 o portugalskim korku\"}]},{\"@type\":\"WebSite\",\"@id\":\"https:\\\/\\\/baranowscy.eu\\\/wordpress\\\/#website\",\"url\":\"https:\\\/\\\/baranowscy.eu\\\/wordpress\\\/\",\"name\":\"organiczni.eu\",\"description\":\"Najbardziej wszechstronny blog ekologiczny\",\"publisher\":{\"@id\":\"https:\\\/\\\/baranowscy.eu\\\/wordpress\\\/#organization\"},\"potentialAction\":[{\"@type\":\"SearchAction\",\"target\":{\"@type\":\"EntryPoint\",\"urlTemplate\":\"https:\\\/\\\/baranowscy.eu\\\/wordpress\\\/?s={search_term_string}\"},\"query-input\":{\"@type\":\"PropertyValueSpecification\",\"valueRequired\":true,\"valueName\":\"search_term_string\"}}],\"inLanguage\":\"pl-PL\"},{\"@type\":\"Organization\",\"@id\":\"https:\\\/\\\/baranowscy.eu\\\/wordpress\\\/#organization\",\"name\":\"organiczni.eu\",\"url\":\"https:\\\/\\\/baranowscy.eu\\\/wordpress\\\/\",\"logo\":{\"@type\":\"ImageObject\",\"inLanguage\":\"pl-PL\",\"@id\":\"https:\\\/\\\/baranowscy.eu\\\/wordpress\\\/#\\\/schema\\\/logo\\\/image\\\/\",\"url\":\"https:\\\/\\\/baranowscy.eu\\\/wordpress\\\/wp-content\\\/uploads\\\/2018\\\/01\\\/logo_duze.png\",\"contentUrl\":\"https:\\\/\\\/baranowscy.eu\\\/wordpress\\\/wp-content\\\/uploads\\\/2018\\\/01\\\/logo_duze.png\",\"width\":1398,\"height\":300,\"caption\":\"organiczni.eu\"},\"image\":{\"@id\":\"https:\\\/\\\/baranowscy.eu\\\/wordpress\\\/#\\\/schema\\\/logo\\\/image\\\/\"},\"sameAs\":[\"https:\\\/\\\/www.facebook.com\\\/organiczni\\\/\",\"https:\\\/\\\/www.instagram.com\\\/organiczni.eu\\\/\"]},{\"@type\":\"Person\",\"@id\":\"https:\\\/\\\/baranowscy.eu\\\/wordpress\\\/#\\\/schema\\\/person\\\/741d5f1f3fd2833c5ca2ffdaaa93dc73\",\"name\":\"joanna\",\"image\":{\"@type\":\"ImageObject\",\"inLanguage\":\"pl-PL\",\"@id\":\"https:\\\/\\\/secure.gravatar.com\\\/avatar\\\/a59b1be4fa5d200ee0af0ba4bbcdb691da1d589b419bae23d7aa5a15d820e28e?s=96&d=identicon&r=g\",\"url\":\"https:\\\/\\\/secure.gravatar.com\\\/avatar\\\/a59b1be4fa5d200ee0af0ba4bbcdb691da1d589b419bae23d7aa5a15d820e28e?s=96&d=identicon&r=g\",\"contentUrl\":\"https:\\\/\\\/secure.gravatar.com\\\/avatar\\\/a59b1be4fa5d200ee0af0ba4bbcdb691da1d589b419bae23d7aa5a15d820e28e?s=96&d=identicon&r=g\",\"caption\":\"joanna\"},\"sameAs\":[\"https:\\\/\\\/organiczni.baranowscy.eu\"],\"url\":\"https:\\\/\\\/baranowscy.eu\\\/wordpress\\\/author\\\/admin\\\/\"}]}<\/script>\n<!-- \/ Yoast SEO plugin. -->","yoast_head_json":{"title":"Wszystko, co chcesz wiedzie\u0107 o portugalskim korku | organiczni.eu","description":"Lubi\u0119 korek i rzeczy wykonane z korka. W domu mamy ich troch\u0119, \u0142\u0105cznie z ok\u0142adzin\u0105 na \u015bcianach zamiast tablic korkowych. Ten ca\u0142kowicie naturalny surowiec jest wykorzystywany w najr\u00f3\u017cniejszy spos\u00f3b, a mnie zawsze fascynowa\u0142o, jak powstaje i na ile jest ekologiczny.","robots":{"index":"index","follow":"follow","max-snippet":"max-snippet:-1","max-image-preview":"max-image-preview:large","max-video-preview":"max-video-preview:-1"},"canonical":"https:\/\/baranowscy.eu\/wordpress\/wszystko-co-chcesz-wiedziec-o-portugalskim-korku\/","og_locale":"pl_PL","og_type":"article","og_title":"Wszystko, co chcesz wiedzie\u0107 o portugalskim korku | organiczni.eu","og_description":"Lubi\u0119 korek i rzeczy wykonane z korka. W domu mamy ich troch\u0119, \u0142\u0105cznie z ok\u0142adzin\u0105 na \u015bcianach zamiast tablic korkowych. Ten ca\u0142kowicie naturalny surowiec jest wykorzystywany w najr\u00f3\u017cniejszy spos\u00f3b, a mnie zawsze fascynowa\u0142o, jak powstaje i na ile jest ekologiczny.","og_url":"https:\/\/baranowscy.eu\/wordpress\/wszystko-co-chcesz-wiedziec-o-portugalskim-korku\/","og_site_name":"organiczni.eu","article_publisher":"https:\/\/www.facebook.com\/organiczni\/","article_published_time":"2024-10-20T13:16:31+00:00","article_modified_time":"2024-10-20T14:20:57+00:00","og_image":[{"width":1200,"height":628,"url":"https:\/\/baranowscy.eu\/wordpress\/wp-content\/uploads\/2024\/10\/fabryka_korka_portugalia_0.jpg","type":"image\/jpeg"}],"author":"joanna","twitter_card":"summary_large_image","twitter_misc":{"Napisane przez":"joanna","Szacowany czas czytania":"10 minut"},"schema":{"@context":"https:\/\/schema.org","@graph":[{"@type":"Article","@id":"https:\/\/baranowscy.eu\/wordpress\/wszystko-co-chcesz-wiedziec-o-portugalskim-korku\/#article","isPartOf":{"@id":"https:\/\/baranowscy.eu\/wordpress\/wszystko-co-chcesz-wiedziec-o-portugalskim-korku\/"},"author":{"name":"joanna","@id":"https:\/\/baranowscy.eu\/wordpress\/#\/schema\/person\/741d5f1f3fd2833c5ca2ffdaaa93dc73"},"headline":"Wszystko, co chcesz wiedzie\u0107 o portugalskim korku","datePublished":"2024-10-20T13:16:31+00:00","dateModified":"2024-10-20T14:20:57+00:00","mainEntityOfPage":{"@id":"https:\/\/baranowscy.eu\/wordpress\/wszystko-co-chcesz-wiedziec-o-portugalskim-korku\/"},"wordCount":1270,"commentCount":2,"publisher":{"@id":"https:\/\/baranowscy.eu\/wordpress\/#organization"},"image":{"@id":"https:\/\/baranowscy.eu\/wordpress\/wszystko-co-chcesz-wiedziec-o-portugalskim-korku\/#primaryimage"},"thumbnailUrl":"https:\/\/baranowscy.eu\/wordpress\/wp-content\/uploads\/2024\/10\/fabryka_korka_portugalia_0.jpg","keywords":["d\u0105b korkowy","korek","miejsce","Portugalia","recenzja","zwiedzanie"],"articleSection":["ekos\u0142ownik","miejsca","podr\u00f3\u017ce","recenzje"],"inLanguage":"pl-PL","potentialAction":[{"@type":"CommentAction","name":"Comment","target":["https:\/\/baranowscy.eu\/wordpress\/wszystko-co-chcesz-wiedziec-o-portugalskim-korku\/#respond"]}]},{"@type":"WebPage","@id":"https:\/\/baranowscy.eu\/wordpress\/wszystko-co-chcesz-wiedziec-o-portugalskim-korku\/","url":"https:\/\/baranowscy.eu\/wordpress\/wszystko-co-chcesz-wiedziec-o-portugalskim-korku\/","name":"Wszystko, co chcesz wiedzie\u0107 o portugalskim korku | organiczni.eu","isPartOf":{"@id":"https:\/\/baranowscy.eu\/wordpress\/#website"},"primaryImageOfPage":{"@id":"https:\/\/baranowscy.eu\/wordpress\/wszystko-co-chcesz-wiedziec-o-portugalskim-korku\/#primaryimage"},"image":{"@id":"https:\/\/baranowscy.eu\/wordpress\/wszystko-co-chcesz-wiedziec-o-portugalskim-korku\/#primaryimage"},"thumbnailUrl":"https:\/\/baranowscy.eu\/wordpress\/wp-content\/uploads\/2024\/10\/fabryka_korka_portugalia_0.jpg","datePublished":"2024-10-20T13:16:31+00:00","dateModified":"2024-10-20T14:20:57+00:00","description":"Lubi\u0119 korek i rzeczy wykonane z korka. W domu mamy ich troch\u0119, \u0142\u0105cznie z ok\u0142adzin\u0105 na \u015bcianach zamiast tablic korkowych. Ten ca\u0142kowicie naturalny surowiec jest wykorzystywany w najr\u00f3\u017cniejszy spos\u00f3b, a mnie zawsze fascynowa\u0142o, jak powstaje i na ile jest ekologiczny.","breadcrumb":{"@id":"https:\/\/baranowscy.eu\/wordpress\/wszystko-co-chcesz-wiedziec-o-portugalskim-korku\/#breadcrumb"},"inLanguage":"pl-PL","potentialAction":[{"@type":"ReadAction","target":["https:\/\/baranowscy.eu\/wordpress\/wszystko-co-chcesz-wiedziec-o-portugalskim-korku\/"]}]},{"@type":"ImageObject","inLanguage":"pl-PL","@id":"https:\/\/baranowscy.eu\/wordpress\/wszystko-co-chcesz-wiedziec-o-portugalskim-korku\/#primaryimage","url":"https:\/\/baranowscy.eu\/wordpress\/wp-content\/uploads\/2024\/10\/fabryka_korka_portugalia_0.jpg","contentUrl":"https:\/\/baranowscy.eu\/wordpress\/wp-content\/uploads\/2024\/10\/fabryka_korka_portugalia_0.jpg","width":1200,"height":628,"caption":"Kawa\u0142ki korka w fabryce w S\u00e3o Br\u00e1s de Alportel w Portugalii"},{"@type":"BreadcrumbList","@id":"https:\/\/baranowscy.eu\/wordpress\/wszystko-co-chcesz-wiedziec-o-portugalskim-korku\/#breadcrumb","itemListElement":[{"@type":"ListItem","position":1,"name":"Strona g\u0142\u00f3wna","item":"https:\/\/baranowscy.eu\/wordpress\/"},{"@type":"ListItem","position":2,"name":"Wszystko, co chcesz wiedzie\u0107 o portugalskim korku"}]},{"@type":"WebSite","@id":"https:\/\/baranowscy.eu\/wordpress\/#website","url":"https:\/\/baranowscy.eu\/wordpress\/","name":"organiczni.eu","description":"Najbardziej wszechstronny blog ekologiczny","publisher":{"@id":"https:\/\/baranowscy.eu\/wordpress\/#organization"},"potentialAction":[{"@type":"SearchAction","target":{"@type":"EntryPoint","urlTemplate":"https:\/\/baranowscy.eu\/wordpress\/?s={search_term_string}"},"query-input":{"@type":"PropertyValueSpecification","valueRequired":true,"valueName":"search_term_string"}}],"inLanguage":"pl-PL"},{"@type":"Organization","@id":"https:\/\/baranowscy.eu\/wordpress\/#organization","name":"organiczni.eu","url":"https:\/\/baranowscy.eu\/wordpress\/","logo":{"@type":"ImageObject","inLanguage":"pl-PL","@id":"https:\/\/baranowscy.eu\/wordpress\/#\/schema\/logo\/image\/","url":"https:\/\/baranowscy.eu\/wordpress\/wp-content\/uploads\/2018\/01\/logo_duze.png","contentUrl":"https:\/\/baranowscy.eu\/wordpress\/wp-content\/uploads\/2018\/01\/logo_duze.png","width":1398,"height":300,"caption":"organiczni.eu"},"image":{"@id":"https:\/\/baranowscy.eu\/wordpress\/#\/schema\/logo\/image\/"},"sameAs":["https:\/\/www.facebook.com\/organiczni\/","https:\/\/www.instagram.com\/organiczni.eu\/"]},{"@type":"Person","@id":"https:\/\/baranowscy.eu\/wordpress\/#\/schema\/person\/741d5f1f3fd2833c5ca2ffdaaa93dc73","name":"joanna","image":{"@type":"ImageObject","inLanguage":"pl-PL","@id":"https:\/\/secure.gravatar.com\/avatar\/a59b1be4fa5d200ee0af0ba4bbcdb691da1d589b419bae23d7aa5a15d820e28e?s=96&d=identicon&r=g","url":"https:\/\/secure.gravatar.com\/avatar\/a59b1be4fa5d200ee0af0ba4bbcdb691da1d589b419bae23d7aa5a15d820e28e?s=96&d=identicon&r=g","contentUrl":"https:\/\/secure.gravatar.com\/avatar\/a59b1be4fa5d200ee0af0ba4bbcdb691da1d589b419bae23d7aa5a15d820e28e?s=96&d=identicon&r=g","caption":"joanna"},"sameAs":["https:\/\/organiczni.baranowscy.eu"],"url":"https:\/\/baranowscy.eu\/wordpress\/author\/admin\/"}]}},"jetpack_featured_media_url":"https:\/\/baranowscy.eu\/wordpress\/wp-content\/uploads\/2024\/10\/fabryka_korka_portugalia_0.jpg","jetpack_sharing_enabled":true,"_links":{"self":[{"href":"https:\/\/baranowscy.eu\/wordpress\/wp-json\/wp\/v2\/posts\/13711","targetHints":{"allow":["GET"]}}],"collection":[{"href":"https:\/\/baranowscy.eu\/wordpress\/wp-json\/wp\/v2\/posts"}],"about":[{"href":"https:\/\/baranowscy.eu\/wordpress\/wp-json\/wp\/v2\/types\/post"}],"author":[{"embeddable":true,"href":"https:\/\/baranowscy.eu\/wordpress\/wp-json\/wp\/v2\/users\/1"}],"replies":[{"embeddable":true,"href":"https:\/\/baranowscy.eu\/wordpress\/wp-json\/wp\/v2\/comments?post=13711"}],"version-history":[{"count":7,"href":"https:\/\/baranowscy.eu\/wordpress\/wp-json\/wp\/v2\/posts\/13711\/revisions"}],"predecessor-version":[{"id":13734,"href":"https:\/\/baranowscy.eu\/wordpress\/wp-json\/wp\/v2\/posts\/13711\/revisions\/13734"}],"wp:featuredmedia":[{"embeddable":true,"href":"https:\/\/baranowscy.eu\/wordpress\/wp-json\/wp\/v2\/media\/13713"}],"wp:attachment":[{"href":"https:\/\/baranowscy.eu\/wordpress\/wp-json\/wp\/v2\/media?parent=13711"}],"wp:term":[{"taxonomy":"category","embeddable":true,"href":"https:\/\/baranowscy.eu\/wordpress\/wp-json\/wp\/v2\/categories?post=13711"},{"taxonomy":"post_tag","embeddable":true,"href":"https:\/\/baranowscy.eu\/wordpress\/wp-json\/wp\/v2\/tags?post=13711"}],"curies":[{"name":"wp","href":"https:\/\/api.w.org\/{rel}","templated":true}]}}