{"id":13678,"date":"2024-07-14T17:37:57","date_gmt":"2024-07-14T15:37:57","guid":{"rendered":"https:\/\/baranowscy.eu\/wordpress\/?p=13678"},"modified":"2024-07-15T07:54:08","modified_gmt":"2024-07-15T05:54:08","slug":"dlaczego-w-nowicy-stoi-ogromna-rzezba-lyzki","status":"publish","type":"post","link":"https:\/\/baranowscy.eu\/wordpress\/dlaczego-w-nowicy-stoi-ogromna-rzezba-lyzki\/","title":{"rendered":"Dlaczego w Nowicy stoi ogromna rze\u017aba \u0142y\u017cki?"},"content":{"rendered":"<p><strong>Rze\u017aba \u0142y\u017cki w Nowicy, maj\u0105ca ponad 2,5 m, to jeden z punkt\u00f3w charakterystycznych tej wsi w Beskidzie Niskim. My\u015bl\u0119, \u017ce dzi\u0119ki tej oryginalnej formie upami\u0119tnienia lokalnego rzemios\u0142a wszyscy odwiedzaj\u0105cy Nowic\u0119 \u0142atwo skojarz\u0105, czym od zarania zajmowali si\u0119 mieszka\u0144cy okolic. Je\u015bli b\u0119dziecie przeje\u017cd\u017ca\u0107 przez Beskid Niski, koniecznie obejrzyjcie pomnik-rze\u017ab\u0119 w Nowicy.\u00a0<\/strong><\/p>\n<p>Rze\u017aba nie mog\u0142a oczywi\u015bcie powsta\u0107 z innego materia\u0142u ni\u017c drewno, w ko\u0144cu upami\u0119tnia r\u0119kodzie\u0142o wytwarzania drewnianych \u0142y\u017cek. Jak to si\u0119 sta\u0142o, \u017ce w Nowicy pojawi\u0142a si\u0119 wielka na 2,5 metra drewniana \u0142y\u017cka?<\/p>\n<h3>\u0141y\u017cka, ko\u0142o i pucka<\/h3>\n<p>Dzi\u0119ki Agacie Patyrze, kt\u00f3ra od kilku lat go\u015bci nas w nowickich <a href=\"https:\/\/www.facebook.com\/TrzyPotoki\" target=\"_blank\" rel=\"noopener\">Trzech Potokach<\/a>, dosta\u0142am namiary na autork\u0119 pomys\u0142u <strong>Natali\u0119 H\u0142adyk<\/strong>.<\/p>\n<figure id=\"attachment_13682\" aria-describedby=\"caption-attachment-13682\" style=\"width: 1000px\" class=\"wp-caption aligncenter\"><a href=\"https:\/\/baranowscy.eu\/wordpress\/wp-content\/uploads\/2024\/07\/lyzka_w_nowicy_3.jpg\"><img loading=\"lazy\" decoding=\"async\" class=\"size-full wp-image-13682\" src=\"https:\/\/baranowscy.eu\/wordpress\/wp-content\/uploads\/2024\/07\/lyzka_w_nowicy_3.jpg\" alt=\"Drewniana rze\u017aba \u0142y\u017cki w Nowicy wykonana przez Zbigniewa Koszyka\" width=\"1000\" height=\"667\" srcset=\"https:\/\/baranowscy.eu\/wordpress\/wp-content\/uploads\/2024\/07\/lyzka_w_nowicy_3.jpg 1000w, https:\/\/baranowscy.eu\/wordpress\/wp-content\/uploads\/2024\/07\/lyzka_w_nowicy_3-300x200.jpg 300w, https:\/\/baranowscy.eu\/wordpress\/wp-content\/uploads\/2024\/07\/lyzka_w_nowicy_3-768x512.jpg 768w, https:\/\/baranowscy.eu\/wordpress\/wp-content\/uploads\/2024\/07\/lyzka_w_nowicy_3-560x374.jpg 560w, https:\/\/baranowscy.eu\/wordpress\/wp-content\/uploads\/2024\/07\/lyzka_w_nowicy_3-600x400.jpg 600w\" sizes=\"auto, (max-width: 1000px) 100vw, 1000px\" \/><\/a><figcaption id=\"caption-attachment-13682\" class=\"wp-caption-text\">Drewniana rze\u017aba \u0142y\u017cki w Nowicy wykonana przez Zbigniewa Koszyka<\/figcaption><\/figure>\n<p>Jesieni\u0105 2012 roku w trzech beskidzkich wsiach pojawi\u0142y si\u0119 przeskalowane obiekty upami\u0119tniaj\u0105ce lokalne rzemios\u0142o: <strong>w Nowicy by\u0142a to \u0142y\u017cka, w \u0141osiu &#8211; ko\u0142o maziarskiego wozu, a w Bartnem ogromna pucka<\/strong>, narz\u0119dzie kamieniarskie. Jak powiedzia\u0142a mi Natalia H\u0142adyk, dzi\u015b, po ponad dekadzie, w oryginalnym miejscu zosta\u0142a tylko \u0142y\u017cka. Pucka i ko\u0142o nie by\u0142y konserwowane ani zabezpieczone, pod wp\u0142ywem warunk\u00f3w atmosferycznych i czasu uleg\u0142y r\u00f3\u017cnego rodzaju uszkodzeniom, zabrano je wi\u0119c do renowacji (obecnie naprawione, s\u0105 na terenie \u0141emkowskiej Watry w Zdyni).<\/p>\n<p>Przeskalowane obiekty wykona\u0142 Zbigniew Koszyk.<\/p>\n<h3>Dlaczego \u0142y\u017cka?<\/h3>\n<p><strong>\u0141y\u017ckarstwo nale\u017ca\u0142o do tradycyjnego \u0142emkowskiego rzemios\u0142a<\/strong> &#8211; pami\u0119tajmy, \u017ce Nowica le\u017cy na terenach, zamieszka\u0142ych dawniej przez \u0141emk\u00f3w, wysiedlonych po drugiej wojnie w ramach akcji Wis\u0142a &#8211; tylko cz\u0119\u015bci rodzin uda\u0142o si\u0119 wr\u00f3ci\u0107 do dawnych dom\u00f3w.<\/p>\n<p>Za Pa\u0144stwowym Muzeum Etnograficznym w Warszawie przytocz\u0119 tu teori\u0119, \u017ce \u0142emkowscy mieszka\u0144cy tej wsi przej\u0119li rzemios\u0142o od miejscowych rodzin romskich ze szczepu Lingurari.<\/p>\n<p>Kiedy\u015b wie\u015b s\u0142yn\u0119\u0142a z \u0142y\u017ckarstwa, \u0142y\u017cki wykonywano za pomoc\u0105 tokarek. W muzeum w \u0141osiu mo\u017cna obejrze\u0107 tak\u0105 maszyn\u0119, s\u0142u\u017c\u0105c\u0105 do toczenia \u0142y\u017cek. W Nowicy wci\u0105\u017c jest kilku aktywnych \u0142y\u017ckarzy &#8211; sama co roku wyje\u017cd\u017cam stamt\u0105d z co najmniej jedn\u0105 now\u0105 \u0142y\u017ck\u0105, kt\u00f3rej u\u017cywamy z przyjemno\u015bci\u0105 do gotowania.<\/p>\n<figure id=\"attachment_13681\" aria-describedby=\"caption-attachment-13681\" style=\"width: 1000px\" class=\"wp-caption aligncenter\"><a href=\"https:\/\/baranowscy.eu\/wordpress\/wp-content\/uploads\/2024\/07\/lyzka_w_nowicy_1.jpg\"><img loading=\"lazy\" decoding=\"async\" class=\"wp-image-13681 size-full\" src=\"https:\/\/baranowscy.eu\/wordpress\/wp-content\/uploads\/2024\/07\/lyzka_w_nowicy_1.jpg\" alt=\"Rze\u017aba \u0142y\u017cki w Nowicy\" width=\"1000\" height=\"667\" srcset=\"https:\/\/baranowscy.eu\/wordpress\/wp-content\/uploads\/2024\/07\/lyzka_w_nowicy_1.jpg 1000w, https:\/\/baranowscy.eu\/wordpress\/wp-content\/uploads\/2024\/07\/lyzka_w_nowicy_1-300x200.jpg 300w, https:\/\/baranowscy.eu\/wordpress\/wp-content\/uploads\/2024\/07\/lyzka_w_nowicy_1-768x512.jpg 768w, https:\/\/baranowscy.eu\/wordpress\/wp-content\/uploads\/2024\/07\/lyzka_w_nowicy_1-560x374.jpg 560w, https:\/\/baranowscy.eu\/wordpress\/wp-content\/uploads\/2024\/07\/lyzka_w_nowicy_1-600x400.jpg 600w\" sizes=\"auto, (max-width: 1000px) 100vw, 1000px\" \/><\/a><figcaption id=\"caption-attachment-13681\" class=\"wp-caption-text\">Rze\u017aba \u0142y\u017cki w Nowicy<\/figcaption><\/figure>\n<h3>Jak znale\u017a\u0107 \u0142y\u017ck\u0119 w Nowicy<\/h3>\n<p>Rze\u017aba \u0142y\u017cki znajduje si\u0119 <strong>na polu obok numeru 23<\/strong>, na prywatnej posesji pana Stefana.<\/p>\n<p>Do niedawna znajdowa\u0142a si\u0119 na nim tabliczka z napisem:<\/p>\n<p><i>Nowica (\u0142em. \u041do\u0432\u0438\u0446\u044f) &#8211; dawniej s\u0142yn\u0119\u0142a z tradycyjnego wyrobu drewnianych \u0142y\u017cek. Ostatni \u0142y\u017ckarze nie szcz\u0119dzili si\u0142, tworz\u0105c ten pospolity przedmiot codziennego u\u017cytku, nadaj\u0105c mu indywidualne cechy. Pos\u0142uguj\u0105c si\u0119 tradycyjnymi, prostymi narz\u0119dziami, wprawnymi ruchami, potrafili bardzo szybko zamieni\u0107 kawa\u0142ek drewna w \u0142y\u017ck\u0119, fach przekazywany z ojca na syna doprowadzili do perfekcji.\u00a0<\/i><i>Po II wojnie \u015bwiatowej drewniane \u0142y\u017cki stopniowo wypar\u0142y metalowe, dzi\u015b s\u0105 najcz\u0119\u015bciej przedmiotami dekoracyjnymi, rzadziej u\u017cytkowymi. <\/i><\/p>\n<p><i>Po dawnych tradycjach rzemie\u015blniczych pozosta\u0142y warsztaty, wspomnienia najstarszych \u0142y\u017ckarzy oraz pr\u00f3by reaktywacji tego unikalnego zawodu. <\/i><\/p>\n<p><i>Projekt zrealizowany przy wsparciu finansowym Wojew\u00f3dztwa Ma\u0142opolskiego w ramach konkursu ofert z turystyki pn. &#8222;Ma\u0142opolska Go\u015bcinna&#8221;<\/i>.<\/p>\n<p><strong>Niedawno \u0142y\u017cka przesz\u0142a odnow\u0119 r\u0119kami artystki Izy z Lasu<\/strong> (mieszkaj\u0105cej w Nowicy). Po renowacji \u0142y\u017cka zyska\u0142a kolorowy wzorek, kt\u00f3rego nie by\u0142o wcze\u015bniej.<\/p>\n<figure id=\"attachment_13679\" aria-describedby=\"caption-attachment-13679\" style=\"width: 1000px\" class=\"wp-caption aligncenter\"><a href=\"https:\/\/baranowscy.eu\/wordpress\/wp-content\/uploads\/2024\/07\/lyzka_w_nowicy_4.jpg\"><img loading=\"lazy\" decoding=\"async\" class=\"size-full wp-image-13679\" src=\"https:\/\/baranowscy.eu\/wordpress\/wp-content\/uploads\/2024\/07\/lyzka_w_nowicy_4.jpg\" alt=\"Rze\u017aba \u0142y\u017cki zosta\u0142a odnowiona i pomalowana\" width=\"1000\" height=\"667\" srcset=\"https:\/\/baranowscy.eu\/wordpress\/wp-content\/uploads\/2024\/07\/lyzka_w_nowicy_4.jpg 1000w, https:\/\/baranowscy.eu\/wordpress\/wp-content\/uploads\/2024\/07\/lyzka_w_nowicy_4-300x200.jpg 300w, https:\/\/baranowscy.eu\/wordpress\/wp-content\/uploads\/2024\/07\/lyzka_w_nowicy_4-768x512.jpg 768w, https:\/\/baranowscy.eu\/wordpress\/wp-content\/uploads\/2024\/07\/lyzka_w_nowicy_4-560x374.jpg 560w, https:\/\/baranowscy.eu\/wordpress\/wp-content\/uploads\/2024\/07\/lyzka_w_nowicy_4-600x400.jpg 600w\" sizes=\"auto, (max-width: 1000px) 100vw, 1000px\" \/><\/a><figcaption id=\"caption-attachment-13679\" class=\"wp-caption-text\">Rze\u017aba \u0142y\u017cki zosta\u0142a odnowiona i pomalowana<\/figcaption><\/figure>\n<p>Je\u015bli jeste\u015bcie ciekawi historii regionu (kt\u00f3ra \u0142\u0105czy si\u0119 m.in. z lokalnym wydobyciem ropy naftowej), mo\u017cecie odwiedzi\u0107<strong> <a href=\"https:\/\/www.muzeum.gorlice.pl\/oddzialy-muzeum\/zagroda-maziarska-w-losiu-filia-cerkiew-w-bartnem\/qzagroda-maziarskaq-w-osiu-z-fili-cerkiew-w-bartnem\" target=\"_blank\" rel=\"noopener\">Zagrod\u0119 maziarsk\u0105 w \u0141osiu<\/a>.<\/strong><\/p>\n<p>Dzi\u0119kuj\u0119 Pani Natalii za po\u015bwi\u0119cony czas.<\/p>\n<p>Jestem pewna, \u017ce wielka \u0142y\u017cka sprawia wiele rado\u015bci turystkom i turystom, odwiedzaj\u0105cym Nowic\u0119. Mam nadziej\u0119, \u017ce obiekt przetrwa kolejne lata.<\/p>\n<p><strong>Czy podczas Waszych podr\u00f3\u017cy po Polsce spotka\u0142a\u015b\/e\u015b jaki\u015b wyj\u0105tkowy obiekt m\u00f3wi\u0105cy o lokalnej spo\u0142eczno\u015bci? Koniecznie podziel si\u0119 informacj\u0105 w komentarzu!<\/strong><\/p>\n<p><strong>Info:<\/strong><\/p>\n<ul>\n<li><a href=\"https:\/\/www.krajoznawcy.info.pl\/drewniana-lyzka-stoi-przy-drodze-21357\" target=\"_blank\" rel=\"noopener\">https:\/\/www.krajoznawcy.info.pl\/drewniana-lyzka-stoi-przy-drodze-21357<\/a><\/li>\n<li><a href=\"https:\/\/ethnomuseum.pl\/blog\/etnograficzna-zagadka-lyzkarska\/\" target=\"_blank\" rel=\"noopener\">https:\/\/ethnomuseum.pl\/blog\/etnograficzna-zagadka-lyzkarska\/<\/a><\/li>\n<\/ul>\n","protected":false},"excerpt":{"rendered":"<p>Rze\u017aba \u0142y\u017cki w Nowicy, maj\u0105ca ponad 2,5 m, to jeden z punkt\u00f3w charakterystycznych tej wsi w Beskidzie Niskim. My\u015bl\u0119, \u017ce dzi\u0119ki tej oryginalnej formie upami\u0119tnienia&hellip;<\/p>\n","protected":false},"author":1,"featured_media":13680,"comment_status":"open","ping_status":"open","sticky":false,"template":"","format":"standard","meta":{"_jetpack_memberships_contains_paid_content":false,"footnotes":""},"categories":[405,168],"tags":[1409,557,1829,1352,1830],"class_list":["post-13678","post","type-post","status-publish","format-standard","has-post-thumbnail","hentry","category-miejsca","category-podroze","tag-beskid-niski","tag-miejsca","tag-nowica","tag-podroze","tag-rzezba"],"yoast_head":"<!-- This site is optimized with the Yoast SEO plugin v27.5 - https:\/\/yoast.com\/product\/yoast-seo-wordpress\/ -->\n<title>Dlaczego w Nowicy stoi ogromna rze\u017aba \u0142y\u017cki? - organiczni.eu<\/title>\n<meta name=\"description\" content=\"Rze\u017aba \u0142y\u017cki w Nowicy, maj\u0105ca ponad 2,5 m, to jeden z punkt\u00f3w charakterystycznych tej wsi w Beskidzie Niskim. My\u015bl\u0119, \u017ce dzi\u0119ki tej oryginalnej formie upami\u0119tnienia lokalnego rzemios\u0142a wszyscy odwiedzaj\u0105cy Nowic\u0119 \u0142atwo skojarz\u0105, czym od zarania zajmowali si\u0119 mieszka\u0144cy okolic.\" \/>\n<meta name=\"robots\" content=\"index, follow, max-snippet:-1, max-image-preview:large, max-video-preview:-1\" \/>\n<link rel=\"canonical\" href=\"https:\/\/baranowscy.eu\/wordpress\/dlaczego-w-nowicy-stoi-ogromna-rzezba-lyzki\/\" \/>\n<meta property=\"og:locale\" content=\"pl_PL\" \/>\n<meta property=\"og:type\" content=\"article\" \/>\n<meta property=\"og:title\" content=\"Dlaczego w Nowicy stoi ogromna rze\u017aba \u0142y\u017cki? - organiczni.eu\" \/>\n<meta property=\"og:description\" content=\"Rze\u017aba \u0142y\u017cki w Nowicy, maj\u0105ca ponad 2,5 m, to jeden z punkt\u00f3w charakterystycznych tej wsi w Beskidzie Niskim. My\u015bl\u0119, \u017ce dzi\u0119ki tej oryginalnej formie upami\u0119tnienia lokalnego rzemios\u0142a wszyscy odwiedzaj\u0105cy Nowic\u0119 \u0142atwo skojarz\u0105, czym od zarania zajmowali si\u0119 mieszka\u0144cy okolic.\" \/>\n<meta property=\"og:url\" content=\"https:\/\/baranowscy.eu\/wordpress\/dlaczego-w-nowicy-stoi-ogromna-rzezba-lyzki\/\" \/>\n<meta property=\"og:site_name\" content=\"organiczni.eu\" \/>\n<meta property=\"article:publisher\" content=\"https:\/\/www.facebook.com\/organiczni\/\" \/>\n<meta property=\"article:published_time\" content=\"2024-07-14T15:37:57+00:00\" \/>\n<meta property=\"article:modified_time\" content=\"2024-07-15T05:54:08+00:00\" \/>\n<meta property=\"og:image\" content=\"https:\/\/baranowscy.eu\/wordpress\/wp-content\/uploads\/2024\/07\/lyzka_w_nowicy_0.jpg\" \/>\n\t<meta property=\"og:image:width\" content=\"1200\" \/>\n\t<meta property=\"og:image:height\" content=\"628\" \/>\n\t<meta property=\"og:image:type\" content=\"image\/jpeg\" \/>\n<meta name=\"author\" content=\"joanna\" \/>\n<meta name=\"twitter:card\" content=\"summary_large_image\" \/>\n<meta name=\"twitter:label1\" content=\"Napisane przez\" \/>\n\t<meta name=\"twitter:data1\" content=\"joanna\" \/>\n\t<meta name=\"twitter:label2\" content=\"Szacowany czas czytania\" \/>\n\t<meta name=\"twitter:data2\" content=\"5 minut\" \/>\n<script type=\"application\/ld+json\" class=\"yoast-schema-graph\">{\"@context\":\"https:\\\/\\\/schema.org\",\"@graph\":[{\"@type\":\"Article\",\"@id\":\"https:\\\/\\\/baranowscy.eu\\\/wordpress\\\/dlaczego-w-nowicy-stoi-ogromna-rzezba-lyzki\\\/#article\",\"isPartOf\":{\"@id\":\"https:\\\/\\\/baranowscy.eu\\\/wordpress\\\/dlaczego-w-nowicy-stoi-ogromna-rzezba-lyzki\\\/\"},\"author\":{\"name\":\"joanna\",\"@id\":\"https:\\\/\\\/baranowscy.eu\\\/wordpress\\\/#\\\/schema\\\/person\\\/741d5f1f3fd2833c5ca2ffdaaa93dc73\"},\"headline\":\"Dlaczego w Nowicy stoi ogromna rze\u017aba \u0142y\u017cki?\",\"datePublished\":\"2024-07-14T15:37:57+00:00\",\"dateModified\":\"2024-07-15T05:54:08+00:00\",\"mainEntityOfPage\":{\"@id\":\"https:\\\/\\\/baranowscy.eu\\\/wordpress\\\/dlaczego-w-nowicy-stoi-ogromna-rzezba-lyzki\\\/\"},\"wordCount\":783,\"commentCount\":2,\"publisher\":{\"@id\":\"https:\\\/\\\/baranowscy.eu\\\/wordpress\\\/#organization\"},\"image\":{\"@id\":\"https:\\\/\\\/baranowscy.eu\\\/wordpress\\\/dlaczego-w-nowicy-stoi-ogromna-rzezba-lyzki\\\/#primaryimage\"},\"thumbnailUrl\":\"https:\\\/\\\/baranowscy.eu\\\/wordpress\\\/wp-content\\\/uploads\\\/2024\\\/07\\\/lyzka_w_nowicy_0.jpg\",\"keywords\":[\"Beskid Niski\",\"miejsca\",\"Nowica\",\"podr\u00f3\u017ce\",\"rze\u017aba\"],\"articleSection\":[\"miejsca\",\"podr\u00f3\u017ce\"],\"inLanguage\":\"pl-PL\",\"potentialAction\":[{\"@type\":\"CommentAction\",\"name\":\"Comment\",\"target\":[\"https:\\\/\\\/baranowscy.eu\\\/wordpress\\\/dlaczego-w-nowicy-stoi-ogromna-rzezba-lyzki\\\/#respond\"]}]},{\"@type\":\"WebPage\",\"@id\":\"https:\\\/\\\/baranowscy.eu\\\/wordpress\\\/dlaczego-w-nowicy-stoi-ogromna-rzezba-lyzki\\\/\",\"url\":\"https:\\\/\\\/baranowscy.eu\\\/wordpress\\\/dlaczego-w-nowicy-stoi-ogromna-rzezba-lyzki\\\/\",\"name\":\"Dlaczego w Nowicy stoi ogromna rze\u017aba \u0142y\u017cki? - organiczni.eu\",\"isPartOf\":{\"@id\":\"https:\\\/\\\/baranowscy.eu\\\/wordpress\\\/#website\"},\"primaryImageOfPage\":{\"@id\":\"https:\\\/\\\/baranowscy.eu\\\/wordpress\\\/dlaczego-w-nowicy-stoi-ogromna-rzezba-lyzki\\\/#primaryimage\"},\"image\":{\"@id\":\"https:\\\/\\\/baranowscy.eu\\\/wordpress\\\/dlaczego-w-nowicy-stoi-ogromna-rzezba-lyzki\\\/#primaryimage\"},\"thumbnailUrl\":\"https:\\\/\\\/baranowscy.eu\\\/wordpress\\\/wp-content\\\/uploads\\\/2024\\\/07\\\/lyzka_w_nowicy_0.jpg\",\"datePublished\":\"2024-07-14T15:37:57+00:00\",\"dateModified\":\"2024-07-15T05:54:08+00:00\",\"description\":\"Rze\u017aba \u0142y\u017cki w Nowicy, maj\u0105ca ponad 2,5 m, to jeden z punkt\u00f3w charakterystycznych tej wsi w Beskidzie Niskim. My\u015bl\u0119, \u017ce dzi\u0119ki tej oryginalnej formie upami\u0119tnienia lokalnego rzemios\u0142a wszyscy odwiedzaj\u0105cy Nowic\u0119 \u0142atwo skojarz\u0105, czym od zarania zajmowali si\u0119 mieszka\u0144cy okolic.\",\"breadcrumb\":{\"@id\":\"https:\\\/\\\/baranowscy.eu\\\/wordpress\\\/dlaczego-w-nowicy-stoi-ogromna-rzezba-lyzki\\\/#breadcrumb\"},\"inLanguage\":\"pl-PL\",\"potentialAction\":[{\"@type\":\"ReadAction\",\"target\":[\"https:\\\/\\\/baranowscy.eu\\\/wordpress\\\/dlaczego-w-nowicy-stoi-ogromna-rzezba-lyzki\\\/\"]}]},{\"@type\":\"ImageObject\",\"inLanguage\":\"pl-PL\",\"@id\":\"https:\\\/\\\/baranowscy.eu\\\/wordpress\\\/dlaczego-w-nowicy-stoi-ogromna-rzezba-lyzki\\\/#primaryimage\",\"url\":\"https:\\\/\\\/baranowscy.eu\\\/wordpress\\\/wp-content\\\/uploads\\\/2024\\\/07\\\/lyzka_w_nowicy_0.jpg\",\"contentUrl\":\"https:\\\/\\\/baranowscy.eu\\\/wordpress\\\/wp-content\\\/uploads\\\/2024\\\/07\\\/lyzka_w_nowicy_0.jpg\",\"width\":1200,\"height\":628,\"caption\":\"Drewniana rze\u017aba \u0142y\u017cki w Nowicy\"},{\"@type\":\"BreadcrumbList\",\"@id\":\"https:\\\/\\\/baranowscy.eu\\\/wordpress\\\/dlaczego-w-nowicy-stoi-ogromna-rzezba-lyzki\\\/#breadcrumb\",\"itemListElement\":[{\"@type\":\"ListItem\",\"position\":1,\"name\":\"Strona g\u0142\u00f3wna\",\"item\":\"https:\\\/\\\/baranowscy.eu\\\/wordpress\\\/\"},{\"@type\":\"ListItem\",\"position\":2,\"name\":\"Dlaczego w Nowicy stoi ogromna rze\u017aba \u0142y\u017cki?\"}]},{\"@type\":\"WebSite\",\"@id\":\"https:\\\/\\\/baranowscy.eu\\\/wordpress\\\/#website\",\"url\":\"https:\\\/\\\/baranowscy.eu\\\/wordpress\\\/\",\"name\":\"organiczni.eu\",\"description\":\"Najbardziej wszechstronny blog ekologiczny\",\"publisher\":{\"@id\":\"https:\\\/\\\/baranowscy.eu\\\/wordpress\\\/#organization\"},\"potentialAction\":[{\"@type\":\"SearchAction\",\"target\":{\"@type\":\"EntryPoint\",\"urlTemplate\":\"https:\\\/\\\/baranowscy.eu\\\/wordpress\\\/?s={search_term_string}\"},\"query-input\":{\"@type\":\"PropertyValueSpecification\",\"valueRequired\":true,\"valueName\":\"search_term_string\"}}],\"inLanguage\":\"pl-PL\"},{\"@type\":\"Organization\",\"@id\":\"https:\\\/\\\/baranowscy.eu\\\/wordpress\\\/#organization\",\"name\":\"organiczni.eu\",\"url\":\"https:\\\/\\\/baranowscy.eu\\\/wordpress\\\/\",\"logo\":{\"@type\":\"ImageObject\",\"inLanguage\":\"pl-PL\",\"@id\":\"https:\\\/\\\/baranowscy.eu\\\/wordpress\\\/#\\\/schema\\\/logo\\\/image\\\/\",\"url\":\"https:\\\/\\\/baranowscy.eu\\\/wordpress\\\/wp-content\\\/uploads\\\/2018\\\/01\\\/logo_duze.png\",\"contentUrl\":\"https:\\\/\\\/baranowscy.eu\\\/wordpress\\\/wp-content\\\/uploads\\\/2018\\\/01\\\/logo_duze.png\",\"width\":1398,\"height\":300,\"caption\":\"organiczni.eu\"},\"image\":{\"@id\":\"https:\\\/\\\/baranowscy.eu\\\/wordpress\\\/#\\\/schema\\\/logo\\\/image\\\/\"},\"sameAs\":[\"https:\\\/\\\/www.facebook.com\\\/organiczni\\\/\",\"https:\\\/\\\/www.instagram.com\\\/organiczni.eu\\\/\"]},{\"@type\":\"Person\",\"@id\":\"https:\\\/\\\/baranowscy.eu\\\/wordpress\\\/#\\\/schema\\\/person\\\/741d5f1f3fd2833c5ca2ffdaaa93dc73\",\"name\":\"joanna\",\"image\":{\"@type\":\"ImageObject\",\"inLanguage\":\"pl-PL\",\"@id\":\"https:\\\/\\\/secure.gravatar.com\\\/avatar\\\/a59b1be4fa5d200ee0af0ba4bbcdb691da1d589b419bae23d7aa5a15d820e28e?s=96&d=identicon&r=g\",\"url\":\"https:\\\/\\\/secure.gravatar.com\\\/avatar\\\/a59b1be4fa5d200ee0af0ba4bbcdb691da1d589b419bae23d7aa5a15d820e28e?s=96&d=identicon&r=g\",\"contentUrl\":\"https:\\\/\\\/secure.gravatar.com\\\/avatar\\\/a59b1be4fa5d200ee0af0ba4bbcdb691da1d589b419bae23d7aa5a15d820e28e?s=96&d=identicon&r=g\",\"caption\":\"joanna\"},\"sameAs\":[\"https:\\\/\\\/organiczni.baranowscy.eu\"],\"url\":\"https:\\\/\\\/baranowscy.eu\\\/wordpress\\\/author\\\/admin\\\/\"}]}<\/script>\n<!-- \/ Yoast SEO plugin. -->","yoast_head_json":{"title":"Dlaczego w Nowicy stoi ogromna rze\u017aba \u0142y\u017cki? - organiczni.eu","description":"Rze\u017aba \u0142y\u017cki w Nowicy, maj\u0105ca ponad 2,5 m, to jeden z punkt\u00f3w charakterystycznych tej wsi w Beskidzie Niskim. My\u015bl\u0119, \u017ce dzi\u0119ki tej oryginalnej formie upami\u0119tnienia lokalnego rzemios\u0142a wszyscy odwiedzaj\u0105cy Nowic\u0119 \u0142atwo skojarz\u0105, czym od zarania zajmowali si\u0119 mieszka\u0144cy okolic.","robots":{"index":"index","follow":"follow","max-snippet":"max-snippet:-1","max-image-preview":"max-image-preview:large","max-video-preview":"max-video-preview:-1"},"canonical":"https:\/\/baranowscy.eu\/wordpress\/dlaczego-w-nowicy-stoi-ogromna-rzezba-lyzki\/","og_locale":"pl_PL","og_type":"article","og_title":"Dlaczego w Nowicy stoi ogromna rze\u017aba \u0142y\u017cki? - organiczni.eu","og_description":"Rze\u017aba \u0142y\u017cki w Nowicy, maj\u0105ca ponad 2,5 m, to jeden z punkt\u00f3w charakterystycznych tej wsi w Beskidzie Niskim. My\u015bl\u0119, \u017ce dzi\u0119ki tej oryginalnej formie upami\u0119tnienia lokalnego rzemios\u0142a wszyscy odwiedzaj\u0105cy Nowic\u0119 \u0142atwo skojarz\u0105, czym od zarania zajmowali si\u0119 mieszka\u0144cy okolic.","og_url":"https:\/\/baranowscy.eu\/wordpress\/dlaczego-w-nowicy-stoi-ogromna-rzezba-lyzki\/","og_site_name":"organiczni.eu","article_publisher":"https:\/\/www.facebook.com\/organiczni\/","article_published_time":"2024-07-14T15:37:57+00:00","article_modified_time":"2024-07-15T05:54:08+00:00","og_image":[{"width":1200,"height":628,"url":"https:\/\/baranowscy.eu\/wordpress\/wp-content\/uploads\/2024\/07\/lyzka_w_nowicy_0.jpg","type":"image\/jpeg"}],"author":"joanna","twitter_card":"summary_large_image","twitter_misc":{"Napisane przez":"joanna","Szacowany czas czytania":"5 minut"},"schema":{"@context":"https:\/\/schema.org","@graph":[{"@type":"Article","@id":"https:\/\/baranowscy.eu\/wordpress\/dlaczego-w-nowicy-stoi-ogromna-rzezba-lyzki\/#article","isPartOf":{"@id":"https:\/\/baranowscy.eu\/wordpress\/dlaczego-w-nowicy-stoi-ogromna-rzezba-lyzki\/"},"author":{"name":"joanna","@id":"https:\/\/baranowscy.eu\/wordpress\/#\/schema\/person\/741d5f1f3fd2833c5ca2ffdaaa93dc73"},"headline":"Dlaczego w Nowicy stoi ogromna rze\u017aba \u0142y\u017cki?","datePublished":"2024-07-14T15:37:57+00:00","dateModified":"2024-07-15T05:54:08+00:00","mainEntityOfPage":{"@id":"https:\/\/baranowscy.eu\/wordpress\/dlaczego-w-nowicy-stoi-ogromna-rzezba-lyzki\/"},"wordCount":783,"commentCount":2,"publisher":{"@id":"https:\/\/baranowscy.eu\/wordpress\/#organization"},"image":{"@id":"https:\/\/baranowscy.eu\/wordpress\/dlaczego-w-nowicy-stoi-ogromna-rzezba-lyzki\/#primaryimage"},"thumbnailUrl":"https:\/\/baranowscy.eu\/wordpress\/wp-content\/uploads\/2024\/07\/lyzka_w_nowicy_0.jpg","keywords":["Beskid Niski","miejsca","Nowica","podr\u00f3\u017ce","rze\u017aba"],"articleSection":["miejsca","podr\u00f3\u017ce"],"inLanguage":"pl-PL","potentialAction":[{"@type":"CommentAction","name":"Comment","target":["https:\/\/baranowscy.eu\/wordpress\/dlaczego-w-nowicy-stoi-ogromna-rzezba-lyzki\/#respond"]}]},{"@type":"WebPage","@id":"https:\/\/baranowscy.eu\/wordpress\/dlaczego-w-nowicy-stoi-ogromna-rzezba-lyzki\/","url":"https:\/\/baranowscy.eu\/wordpress\/dlaczego-w-nowicy-stoi-ogromna-rzezba-lyzki\/","name":"Dlaczego w Nowicy stoi ogromna rze\u017aba \u0142y\u017cki? - organiczni.eu","isPartOf":{"@id":"https:\/\/baranowscy.eu\/wordpress\/#website"},"primaryImageOfPage":{"@id":"https:\/\/baranowscy.eu\/wordpress\/dlaczego-w-nowicy-stoi-ogromna-rzezba-lyzki\/#primaryimage"},"image":{"@id":"https:\/\/baranowscy.eu\/wordpress\/dlaczego-w-nowicy-stoi-ogromna-rzezba-lyzki\/#primaryimage"},"thumbnailUrl":"https:\/\/baranowscy.eu\/wordpress\/wp-content\/uploads\/2024\/07\/lyzka_w_nowicy_0.jpg","datePublished":"2024-07-14T15:37:57+00:00","dateModified":"2024-07-15T05:54:08+00:00","description":"Rze\u017aba \u0142y\u017cki w Nowicy, maj\u0105ca ponad 2,5 m, to jeden z punkt\u00f3w charakterystycznych tej wsi w Beskidzie Niskim. My\u015bl\u0119, \u017ce dzi\u0119ki tej oryginalnej formie upami\u0119tnienia lokalnego rzemios\u0142a wszyscy odwiedzaj\u0105cy Nowic\u0119 \u0142atwo skojarz\u0105, czym od zarania zajmowali si\u0119 mieszka\u0144cy okolic.","breadcrumb":{"@id":"https:\/\/baranowscy.eu\/wordpress\/dlaczego-w-nowicy-stoi-ogromna-rzezba-lyzki\/#breadcrumb"},"inLanguage":"pl-PL","potentialAction":[{"@type":"ReadAction","target":["https:\/\/baranowscy.eu\/wordpress\/dlaczego-w-nowicy-stoi-ogromna-rzezba-lyzki\/"]}]},{"@type":"ImageObject","inLanguage":"pl-PL","@id":"https:\/\/baranowscy.eu\/wordpress\/dlaczego-w-nowicy-stoi-ogromna-rzezba-lyzki\/#primaryimage","url":"https:\/\/baranowscy.eu\/wordpress\/wp-content\/uploads\/2024\/07\/lyzka_w_nowicy_0.jpg","contentUrl":"https:\/\/baranowscy.eu\/wordpress\/wp-content\/uploads\/2024\/07\/lyzka_w_nowicy_0.jpg","width":1200,"height":628,"caption":"Drewniana rze\u017aba \u0142y\u017cki w Nowicy"},{"@type":"BreadcrumbList","@id":"https:\/\/baranowscy.eu\/wordpress\/dlaczego-w-nowicy-stoi-ogromna-rzezba-lyzki\/#breadcrumb","itemListElement":[{"@type":"ListItem","position":1,"name":"Strona g\u0142\u00f3wna","item":"https:\/\/baranowscy.eu\/wordpress\/"},{"@type":"ListItem","position":2,"name":"Dlaczego w Nowicy stoi ogromna rze\u017aba \u0142y\u017cki?"}]},{"@type":"WebSite","@id":"https:\/\/baranowscy.eu\/wordpress\/#website","url":"https:\/\/baranowscy.eu\/wordpress\/","name":"organiczni.eu","description":"Najbardziej wszechstronny blog ekologiczny","publisher":{"@id":"https:\/\/baranowscy.eu\/wordpress\/#organization"},"potentialAction":[{"@type":"SearchAction","target":{"@type":"EntryPoint","urlTemplate":"https:\/\/baranowscy.eu\/wordpress\/?s={search_term_string}"},"query-input":{"@type":"PropertyValueSpecification","valueRequired":true,"valueName":"search_term_string"}}],"inLanguage":"pl-PL"},{"@type":"Organization","@id":"https:\/\/baranowscy.eu\/wordpress\/#organization","name":"organiczni.eu","url":"https:\/\/baranowscy.eu\/wordpress\/","logo":{"@type":"ImageObject","inLanguage":"pl-PL","@id":"https:\/\/baranowscy.eu\/wordpress\/#\/schema\/logo\/image\/","url":"https:\/\/baranowscy.eu\/wordpress\/wp-content\/uploads\/2018\/01\/logo_duze.png","contentUrl":"https:\/\/baranowscy.eu\/wordpress\/wp-content\/uploads\/2018\/01\/logo_duze.png","width":1398,"height":300,"caption":"organiczni.eu"},"image":{"@id":"https:\/\/baranowscy.eu\/wordpress\/#\/schema\/logo\/image\/"},"sameAs":["https:\/\/www.facebook.com\/organiczni\/","https:\/\/www.instagram.com\/organiczni.eu\/"]},{"@type":"Person","@id":"https:\/\/baranowscy.eu\/wordpress\/#\/schema\/person\/741d5f1f3fd2833c5ca2ffdaaa93dc73","name":"joanna","image":{"@type":"ImageObject","inLanguage":"pl-PL","@id":"https:\/\/secure.gravatar.com\/avatar\/a59b1be4fa5d200ee0af0ba4bbcdb691da1d589b419bae23d7aa5a15d820e28e?s=96&d=identicon&r=g","url":"https:\/\/secure.gravatar.com\/avatar\/a59b1be4fa5d200ee0af0ba4bbcdb691da1d589b419bae23d7aa5a15d820e28e?s=96&d=identicon&r=g","contentUrl":"https:\/\/secure.gravatar.com\/avatar\/a59b1be4fa5d200ee0af0ba4bbcdb691da1d589b419bae23d7aa5a15d820e28e?s=96&d=identicon&r=g","caption":"joanna"},"sameAs":["https:\/\/organiczni.baranowscy.eu"],"url":"https:\/\/baranowscy.eu\/wordpress\/author\/admin\/"}]}},"jetpack_featured_media_url":"https:\/\/baranowscy.eu\/wordpress\/wp-content\/uploads\/2024\/07\/lyzka_w_nowicy_0.jpg","jetpack_sharing_enabled":true,"_links":{"self":[{"href":"https:\/\/baranowscy.eu\/wordpress\/wp-json\/wp\/v2\/posts\/13678","targetHints":{"allow":["GET"]}}],"collection":[{"href":"https:\/\/baranowscy.eu\/wordpress\/wp-json\/wp\/v2\/posts"}],"about":[{"href":"https:\/\/baranowscy.eu\/wordpress\/wp-json\/wp\/v2\/types\/post"}],"author":[{"embeddable":true,"href":"https:\/\/baranowscy.eu\/wordpress\/wp-json\/wp\/v2\/users\/1"}],"replies":[{"embeddable":true,"href":"https:\/\/baranowscy.eu\/wordpress\/wp-json\/wp\/v2\/comments?post=13678"}],"version-history":[{"count":8,"href":"https:\/\/baranowscy.eu\/wordpress\/wp-json\/wp\/v2\/posts\/13678\/revisions"}],"predecessor-version":[{"id":13690,"href":"https:\/\/baranowscy.eu\/wordpress\/wp-json\/wp\/v2\/posts\/13678\/revisions\/13690"}],"wp:featuredmedia":[{"embeddable":true,"href":"https:\/\/baranowscy.eu\/wordpress\/wp-json\/wp\/v2\/media\/13680"}],"wp:attachment":[{"href":"https:\/\/baranowscy.eu\/wordpress\/wp-json\/wp\/v2\/media?parent=13678"}],"wp:term":[{"taxonomy":"category","embeddable":true,"href":"https:\/\/baranowscy.eu\/wordpress\/wp-json\/wp\/v2\/categories?post=13678"},{"taxonomy":"post_tag","embeddable":true,"href":"https:\/\/baranowscy.eu\/wordpress\/wp-json\/wp\/v2\/tags?post=13678"}],"curies":[{"name":"wp","href":"https:\/\/api.w.org\/{rel}","templated":true}]}}