{"id":13461,"date":"2023-12-10T13:14:29","date_gmt":"2023-12-10T12:14:29","guid":{"rendered":"https:\/\/baranowscy.eu\/wordpress\/?p=13461"},"modified":"2023-12-11T22:32:03","modified_gmt":"2023-12-11T21:32:03","slug":"klasa-efektywnosci-energetycznej","status":"publish","type":"post","link":"https:\/\/baranowscy.eu\/wordpress\/klasa-efektywnosci-energetycznej\/","title":{"rendered":"Nowa klasa efektywno\u015bci energetycznej A\u2013G"},"content":{"rendered":"<p><b>Czy wiesz, \u017ce klasa efektywno\u015bci energetycznej to informacja dla kupuj\u0105cych, jakie jest przeci\u0119tne roczne zu\u017cycie pr\u0105du danego urz\u0105dzenia? Oznaczenie m\u00f3wi\u0105ce o tej klasie znajdziemy na sprz\u0119cie AGD i RTV oraz na \u017car\u00f3wkach. W 2021 roku wesz\u0142y nowe przepisy i nowa skala. W sklepach mo\u017cemy jednak znale\u017a\u0107 sprz\u0119t oznaczony wed\u0142ug starej skali obok urz\u0105dze\u0144 z now\u0105 klas\u0105. Jak to rozgry\u017a\u0107 i jak z tego korzysta\u0107?<\/b><\/p>\n<p><span style=\"font-weight: 400;\">Zasada jest prosta: im wy\u017csza klasa, tym wi\u0119ksza energooszcz\u0119dno\u015b\u0107. Podczas wybierania sprz\u0119tu naklejka z charakterystyczn\u0105 kolorow\u0105 skal\u0105 m\u00f3wi nam, czy produkt jest bardzo pr\u0105do\u017cerny. Ze wzgl\u0119du na rozw\u00f3j technologii trudno by\u0142o ju\u017c korzysta\u0107 ze starej skali, gdzie najwy\u017csza klasa energetyczna nosi\u0142a nazw\u0119 A+++, a najni\u017csze poziomy w\u0142a\u015bciwie nie by\u0142y u\u017cywane.\u00a0<\/span><span style=\"font-weight: 400;\">Zamiast dostawia\u0107 kolejne plusy do A, wprowadzono zmiany.<\/span><\/p>\n<figure id=\"attachment_13466\" aria-describedby=\"caption-attachment-13466\" style=\"width: 150px\" class=\"wp-caption aligncenter\"><a href=\"https:\/\/baranowscy.eu\/wordpress\/wp-content\/uploads\/2023\/12\/Label_1654748.png\"><img loading=\"lazy\" decoding=\"async\" class=\"wp-image-13466 size-medium\" src=\"https:\/\/baranowscy.eu\/wordpress\/wp-content\/uploads\/2023\/12\/Label_1654748-150x300.png\" alt=\"Etykieta wg nowej skali energetycznej, lod\u00f3wka Bosh\" width=\"150\" height=\"300\" srcset=\"https:\/\/baranowscy.eu\/wordpress\/wp-content\/uploads\/2023\/12\/Label_1654748-150x300.png 150w, https:\/\/baranowscy.eu\/wordpress\/wp-content\/uploads\/2023\/12\/Label_1654748.png 300w\" sizes=\"auto, (max-width: 150px) 100vw, 150px\" \/><\/a><figcaption id=\"caption-attachment-13466\" class=\"wp-caption-text\">Etykieta wg nowej skali energetycznej, lod\u00f3wka Bosh<\/figcaption><\/figure>\n<h2>Nowa klasa<\/h2>\n<p><span style=\"font-weight: 400;\"><strong>Dawne klasy A+++ i A++ zosta\u0142y zast\u0105pione przez klasy C i D.<\/strong> Obecne E to dawne A+, F to dawne A, dzisiejsze G to dawne B. Poniewa\u017c zmieni\u0142y si\u0119 troch\u0119 kryteria wyliczania efektywno\u015bci energetycznej, nie prze\u0142o\u017cymy dok\u0142adnie starej skali na now\u0105.<\/span><\/p>\n<p><span style=\"font-weight: 400;\">Nowe A i B to oznaczenia dla sprz\u0119tu, kt\u00f3ry jest bardzo wydajny energetycznie. Na nowych etykietach np. w przypadku pralek mo\u017cemy zobaczy\u0107, \u017ce opr\u00f3cz klasy og\u00f3lnej podawane s\u0105 klasy oszcz\u0119dzania wody czy ha\u0142a\u015bliwo\u015bci urz\u0105dzenia (i mog\u0105 one by\u0107 ni\u017csze ni\u017c klasa og\u00f3lna).<\/span><\/p>\n<h2>Stara klasa<\/h2>\n<p><span style=\"font-weight: 400;\"><strong>Jednak niekt\u00f3re sprz\u0119ty wci\u0105\u017c maj\u0105 stare oznaczenia.<\/strong> Kiedy w sierpniu 2023 roku <a href=\"https:\/\/baranowscy.eu\/wordpress\/trzy-powody-dlaczego-kupilam-suszarke-bebnowa-ekologia\/\" target=\"_blank\" rel=\"noopener noreferrer\">wybiera\u0142am suszark\u0119 b\u0119bnow\u0105<\/a> w sklepie internetowym, wszystkie suszarki mia\u0142y oznaczenia wed\u0142ug starej skali. Szuka\u0142am jak najlepszej, mog\u0142am wybra\u0107 klas\u0119 A+++ (w obecnych standardach mog\u0142aby to by\u0107 klasa C). Tylko \u017ce ustawodawca postanowi\u0142 wprowadzi\u0142 zmiany na raty.<\/span><\/p>\n<p><strong>Od marca 2021 roku nowe oznaczenie obowi\u0105zuje dla pralek, pralko-suszarek, lod\u00f3wek, zmywarek, telewizor\u00f3w i wy\u015bwietlaczy. Od wrze\u015bnia 2021 roku obowi\u0105zek dotyczy tak\u017ce \u017car\u00f3wek.\u00a0<\/strong><\/p>\n<p><span style=\"font-weight: 400;\">Etykiety wed\u0142ug starej skali dalej obowi\u0105zuj\u0105 w\u0142a\u015bnie suszarki b\u0119bnowe, piekarniki, okapy kuchenne, klimatyzatory. Dlatego w sklepach z AGD i RTV wci\u0105\u017c natkniemy si\u0119 na dwa rodzaje etykiet, a czasem na brak jakiejkolwiek (np. przy p\u0142ytach grzewczych).\u00a0<\/span><\/p>\n<h2>Jak korzysta\u0107 z informacji o klasie energetycznej produktu?<\/h2>\n<p><span style=\"font-weight: 400;\">Im wy\u017csza klasa (najwy\u017csza to A wg nowej etykiety, A+++ wg starej), tym lepiej. Je\u015bli szukasz najmniej pr\u0105do\u017cernej lod\u00f3wki, nie przera\u017caj si\u0119, \u017ce b\u0119dzie mia\u0142a klas\u0119 D. Sprawdzaj przede wszystkim szacowane roczne zu\u017cycie energii, bo ono przek\u0142ada si\u0119 na rachunki. Dzi\u0119ki temu parametrowi \u0142atwo por\u00f3wnasz sprz\u0119t z innymi lod\u00f3wkami.\u00a0<\/span><\/p>\n<p><span style=\"font-weight: 400;\">Natomiast je\u015bli kupujesz suszark\u0119 b\u0119bnow\u0105 czy piekarnik, patrz na etykiet\u0119 po staremu \u2013 wci\u0105\u017c ma mie\u0107 jak najwi\u0119cej plus\u00f3w przy literze A.<\/span><\/p>\n<p><span style=\"font-weight: 400;\">Nowe etykiety zawieraj\u0105 te\u017c kod QR odsy\u0142aj\u0105cy do\u00a0 europejskiej strony zarejestrowanych produkt\u00f3w <\/span><a href=\"https:\/\/eprel.ec.europa.eu\/screen\/home\"><span style=\"font-weight: 400;\">https:\/\/eprel.ec.europa.eu\/screen\/home<\/span><\/a><span style=\"font-weight: 400;\">\u00a0<\/span><\/p>\n<figure id=\"attachment_13462\" aria-describedby=\"caption-attachment-13462\" style=\"width: 620px\" class=\"wp-caption aligncenter\"><a href=\"https:\/\/baranowscy.eu\/wordpress\/wp-content\/uploads\/2023\/12\/suszarka_bebnowa_1.png\"><img loading=\"lazy\" decoding=\"async\" class=\"size-full wp-image-13462\" src=\"https:\/\/baranowscy.eu\/wordpress\/wp-content\/uploads\/2023\/12\/suszarka_bebnowa_1.png\" alt=\"Suszarka b\u0119bnowa, stara klasa energetyczna A+++\" width=\"620\" height=\"355\" srcset=\"https:\/\/baranowscy.eu\/wordpress\/wp-content\/uploads\/2023\/12\/suszarka_bebnowa_1.png 620w, https:\/\/baranowscy.eu\/wordpress\/wp-content\/uploads\/2023\/12\/suszarka_bebnowa_1-300x172.png 300w, https:\/\/baranowscy.eu\/wordpress\/wp-content\/uploads\/2023\/12\/suszarka_bebnowa_1-560x321.png 560w, https:\/\/baranowscy.eu\/wordpress\/wp-content\/uploads\/2023\/12\/suszarka_bebnowa_1-600x344.png 600w\" sizes=\"auto, (max-width: 620px) 100vw, 620px\" \/><\/a><figcaption id=\"caption-attachment-13462\" class=\"wp-caption-text\">Suszarka b\u0119bnowa, stara klasa energetyczna A+++<\/figcaption><\/figure>\n<p><strong>Celem ustawodawcy jest uproszczenie oznakowania sprz\u0119tu i u\u0142atwienie konsumentom wyboru poprzez klarowne oznaczenia i mo\u017cliwo\u015b\u0107 por\u00f3wnania sprz\u0119tu.<\/strong> Na razie jeste\u015bmy w okresie przej\u015bciowym, kiedy stare etykiety wci\u0105\u017c znajdziemy na niekt\u00f3rych produktach. Nowe etykiety dla suszarek b\u0119bnowych powinny pojawi\u0107 si\u0119 w przeci\u0105gu 2 lat (<a href=\"https:\/\/www.prawo.pl\/akty\/dz-u-ue-l-2023-2534,72228399.html\" target=\"_blank\" rel=\"noopener noreferrer\">https:\/\/www.prawo.pl\/akty\/dz-u-ue-l-2023-2534,72228399.html<\/a>).<\/p>\n<p><strong>Czy korzystacie z informacji zawartych na etykietach m\u00f3wi\u0105cych o efektywno\u015bci energetycznej sprz\u0119tu? Kierujecie si\u0119 tym podczas zakupu?<\/strong><\/p>\n","protected":false},"excerpt":{"rendered":"<p>Czy wiesz, \u017ce klasa efektywno\u015bci energetycznej to informacja dla kupuj\u0105cych, jakie jest przeci\u0119tne roczne zu\u017cycie pr\u0105du danego urz\u0105dzenia? Oznaczenie m\u00f3wi\u0105ce o tej klasie znajdziemy na&hellip;<\/p>\n","protected":false},"author":1,"featured_media":13463,"comment_status":"open","ping_status":"open","sticky":false,"template":"","format":"standard","meta":{"_jetpack_memberships_contains_paid_content":false,"footnotes":""},"categories":[313,61],"tags":[1815,1299,1695,1814],"class_list":["post-13461","post","type-post","status-publish","format-standard","has-post-thumbnail","hentry","category-ekodylematy","category-ekoslownik","tag-klasy-efektywnosci-energetycznej","tag-prad","tag-sprzet","tag-suszarka-bebnowa"],"yoast_head":"<!-- This site is optimized with the Yoast SEO plugin v27.5 - https:\/\/yoast.com\/product\/yoast-seo-wordpress\/ -->\n<title>Nowa klasa efektywno\u015bci energetycznej A\u2013G | organiczni.eu<\/title>\n<meta name=\"description\" content=\"Klasa efektywno\u015bci energetycznej to informacja dla kupuj\u0105cych, jakie jest przeci\u0119tne roczne zu\u017cycie pr\u0105du danego urz\u0105dzenia. Oznaczenie m\u00f3wi\u0105ce o tej klasie znajdziemy na sprz\u0119cie AGD i RTV oraz na \u017car\u00f3wkach.\" \/>\n<meta name=\"robots\" content=\"index, follow, max-snippet:-1, max-image-preview:large, max-video-preview:-1\" \/>\n<link rel=\"canonical\" href=\"https:\/\/baranowscy.eu\/wordpress\/klasa-efektywnosci-energetycznej\/\" \/>\n<meta property=\"og:locale\" content=\"pl_PL\" \/>\n<meta property=\"og:type\" content=\"article\" \/>\n<meta property=\"og:title\" content=\"Nowa klasa efektywno\u015bci energetycznej A\u2013G | organiczni.eu\" \/>\n<meta property=\"og:description\" content=\"Klasa efektywno\u015bci energetycznej to informacja dla kupuj\u0105cych, jakie jest przeci\u0119tne roczne zu\u017cycie pr\u0105du danego urz\u0105dzenia. Oznaczenie m\u00f3wi\u0105ce o tej klasie znajdziemy na sprz\u0119cie AGD i RTV oraz na \u017car\u00f3wkach.\" \/>\n<meta property=\"og:url\" content=\"https:\/\/baranowscy.eu\/wordpress\/klasa-efektywnosci-energetycznej\/\" \/>\n<meta property=\"og:site_name\" content=\"organiczni.eu\" \/>\n<meta property=\"article:publisher\" content=\"https:\/\/www.facebook.com\/organiczni\/\" \/>\n<meta property=\"article:published_time\" content=\"2023-12-10T12:14:29+00:00\" \/>\n<meta property=\"article:modified_time\" content=\"2023-12-11T21:32:03+00:00\" \/>\n<meta property=\"og:image\" content=\"https:\/\/baranowscy.eu\/wordpress\/wp-content\/uploads\/2023\/12\/klasy_efektywnosci_energetycznej_0.jpg\" \/>\n\t<meta property=\"og:image:width\" content=\"1200\" \/>\n\t<meta property=\"og:image:height\" content=\"628\" \/>\n\t<meta property=\"og:image:type\" content=\"image\/jpeg\" \/>\n<meta name=\"author\" content=\"joanna\" \/>\n<meta name=\"twitter:card\" content=\"summary_large_image\" \/>\n<meta name=\"twitter:label1\" content=\"Napisane przez\" \/>\n\t<meta name=\"twitter:data1\" content=\"joanna\" \/>\n\t<meta name=\"twitter:label2\" content=\"Szacowany czas czytania\" \/>\n\t<meta name=\"twitter:data2\" content=\"3 minuty\" \/>\n<script type=\"application\/ld+json\" class=\"yoast-schema-graph\">{\"@context\":\"https:\\\/\\\/schema.org\",\"@graph\":[{\"@type\":\"Article\",\"@id\":\"https:\\\/\\\/baranowscy.eu\\\/wordpress\\\/klasa-efektywnosci-energetycznej\\\/#article\",\"isPartOf\":{\"@id\":\"https:\\\/\\\/baranowscy.eu\\\/wordpress\\\/klasa-efektywnosci-energetycznej\\\/\"},\"author\":{\"name\":\"joanna\",\"@id\":\"https:\\\/\\\/baranowscy.eu\\\/wordpress\\\/#\\\/schema\\\/person\\\/741d5f1f3fd2833c5ca2ffdaaa93dc73\"},\"headline\":\"Nowa klasa efektywno\u015bci energetycznej A\u2013G\",\"datePublished\":\"2023-12-10T12:14:29+00:00\",\"dateModified\":\"2023-12-11T21:32:03+00:00\",\"mainEntityOfPage\":{\"@id\":\"https:\\\/\\\/baranowscy.eu\\\/wordpress\\\/klasa-efektywnosci-energetycznej\\\/\"},\"wordCount\":622,\"commentCount\":0,\"publisher\":{\"@id\":\"https:\\\/\\\/baranowscy.eu\\\/wordpress\\\/#organization\"},\"image\":{\"@id\":\"https:\\\/\\\/baranowscy.eu\\\/wordpress\\\/klasa-efektywnosci-energetycznej\\\/#primaryimage\"},\"thumbnailUrl\":\"https:\\\/\\\/baranowscy.eu\\\/wordpress\\\/wp-content\\\/uploads\\\/2023\\\/12\\\/klasy_efektywnosci_energetycznej_0.jpg\",\"keywords\":[\"klasy efektywno\u015bci energetycznej\",\"pr\u0105d\",\"sprz\u0119t\",\"suszarka b\u0119bnowa\"],\"articleSection\":[\"ekodylematy\",\"ekos\u0142ownik\"],\"inLanguage\":\"pl-PL\",\"potentialAction\":[{\"@type\":\"CommentAction\",\"name\":\"Comment\",\"target\":[\"https:\\\/\\\/baranowscy.eu\\\/wordpress\\\/klasa-efektywnosci-energetycznej\\\/#respond\"]}]},{\"@type\":\"WebPage\",\"@id\":\"https:\\\/\\\/baranowscy.eu\\\/wordpress\\\/klasa-efektywnosci-energetycznej\\\/\",\"url\":\"https:\\\/\\\/baranowscy.eu\\\/wordpress\\\/klasa-efektywnosci-energetycznej\\\/\",\"name\":\"Nowa klasa efektywno\u015bci energetycznej A\u2013G | organiczni.eu\",\"isPartOf\":{\"@id\":\"https:\\\/\\\/baranowscy.eu\\\/wordpress\\\/#website\"},\"primaryImageOfPage\":{\"@id\":\"https:\\\/\\\/baranowscy.eu\\\/wordpress\\\/klasa-efektywnosci-energetycznej\\\/#primaryimage\"},\"image\":{\"@id\":\"https:\\\/\\\/baranowscy.eu\\\/wordpress\\\/klasa-efektywnosci-energetycznej\\\/#primaryimage\"},\"thumbnailUrl\":\"https:\\\/\\\/baranowscy.eu\\\/wordpress\\\/wp-content\\\/uploads\\\/2023\\\/12\\\/klasy_efektywnosci_energetycznej_0.jpg\",\"datePublished\":\"2023-12-10T12:14:29+00:00\",\"dateModified\":\"2023-12-11T21:32:03+00:00\",\"description\":\"Klasa efektywno\u015bci energetycznej to informacja dla kupuj\u0105cych, jakie jest przeci\u0119tne roczne zu\u017cycie pr\u0105du danego urz\u0105dzenia. Oznaczenie m\u00f3wi\u0105ce o tej klasie znajdziemy na sprz\u0119cie AGD i RTV oraz na \u017car\u00f3wkach.\",\"breadcrumb\":{\"@id\":\"https:\\\/\\\/baranowscy.eu\\\/wordpress\\\/klasa-efektywnosci-energetycznej\\\/#breadcrumb\"},\"inLanguage\":\"pl-PL\",\"potentialAction\":[{\"@type\":\"ReadAction\",\"target\":[\"https:\\\/\\\/baranowscy.eu\\\/wordpress\\\/klasa-efektywnosci-energetycznej\\\/\"]}]},{\"@type\":\"ImageObject\",\"inLanguage\":\"pl-PL\",\"@id\":\"https:\\\/\\\/baranowscy.eu\\\/wordpress\\\/klasa-efektywnosci-energetycznej\\\/#primaryimage\",\"url\":\"https:\\\/\\\/baranowscy.eu\\\/wordpress\\\/wp-content\\\/uploads\\\/2023\\\/12\\\/klasy_efektywnosci_energetycznej_0.jpg\",\"contentUrl\":\"https:\\\/\\\/baranowscy.eu\\\/wordpress\\\/wp-content\\\/uploads\\\/2023\\\/12\\\/klasy_efektywnosci_energetycznej_0.jpg\",\"width\":1200,\"height\":628,\"caption\":\"Klasy efektywno\u015bci energetycznej\"},{\"@type\":\"BreadcrumbList\",\"@id\":\"https:\\\/\\\/baranowscy.eu\\\/wordpress\\\/klasa-efektywnosci-energetycznej\\\/#breadcrumb\",\"itemListElement\":[{\"@type\":\"ListItem\",\"position\":1,\"name\":\"Strona g\u0142\u00f3wna\",\"item\":\"https:\\\/\\\/baranowscy.eu\\\/wordpress\\\/\"},{\"@type\":\"ListItem\",\"position\":2,\"name\":\"Nowa klasa efektywno\u015bci energetycznej A\u2013G\"}]},{\"@type\":\"WebSite\",\"@id\":\"https:\\\/\\\/baranowscy.eu\\\/wordpress\\\/#website\",\"url\":\"https:\\\/\\\/baranowscy.eu\\\/wordpress\\\/\",\"name\":\"organiczni.eu\",\"description\":\"Najbardziej wszechstronny blog ekologiczny\",\"publisher\":{\"@id\":\"https:\\\/\\\/baranowscy.eu\\\/wordpress\\\/#organization\"},\"potentialAction\":[{\"@type\":\"SearchAction\",\"target\":{\"@type\":\"EntryPoint\",\"urlTemplate\":\"https:\\\/\\\/baranowscy.eu\\\/wordpress\\\/?s={search_term_string}\"},\"query-input\":{\"@type\":\"PropertyValueSpecification\",\"valueRequired\":true,\"valueName\":\"search_term_string\"}}],\"inLanguage\":\"pl-PL\"},{\"@type\":\"Organization\",\"@id\":\"https:\\\/\\\/baranowscy.eu\\\/wordpress\\\/#organization\",\"name\":\"organiczni.eu\",\"url\":\"https:\\\/\\\/baranowscy.eu\\\/wordpress\\\/\",\"logo\":{\"@type\":\"ImageObject\",\"inLanguage\":\"pl-PL\",\"@id\":\"https:\\\/\\\/baranowscy.eu\\\/wordpress\\\/#\\\/schema\\\/logo\\\/image\\\/\",\"url\":\"https:\\\/\\\/baranowscy.eu\\\/wordpress\\\/wp-content\\\/uploads\\\/2018\\\/01\\\/logo_duze.png\",\"contentUrl\":\"https:\\\/\\\/baranowscy.eu\\\/wordpress\\\/wp-content\\\/uploads\\\/2018\\\/01\\\/logo_duze.png\",\"width\":1398,\"height\":300,\"caption\":\"organiczni.eu\"},\"image\":{\"@id\":\"https:\\\/\\\/baranowscy.eu\\\/wordpress\\\/#\\\/schema\\\/logo\\\/image\\\/\"},\"sameAs\":[\"https:\\\/\\\/www.facebook.com\\\/organiczni\\\/\",\"https:\\\/\\\/www.instagram.com\\\/organiczni.eu\\\/\"]},{\"@type\":\"Person\",\"@id\":\"https:\\\/\\\/baranowscy.eu\\\/wordpress\\\/#\\\/schema\\\/person\\\/741d5f1f3fd2833c5ca2ffdaaa93dc73\",\"name\":\"joanna\",\"image\":{\"@type\":\"ImageObject\",\"inLanguage\":\"pl-PL\",\"@id\":\"https:\\\/\\\/secure.gravatar.com\\\/avatar\\\/a59b1be4fa5d200ee0af0ba4bbcdb691da1d589b419bae23d7aa5a15d820e28e?s=96&d=identicon&r=g\",\"url\":\"https:\\\/\\\/secure.gravatar.com\\\/avatar\\\/a59b1be4fa5d200ee0af0ba4bbcdb691da1d589b419bae23d7aa5a15d820e28e?s=96&d=identicon&r=g\",\"contentUrl\":\"https:\\\/\\\/secure.gravatar.com\\\/avatar\\\/a59b1be4fa5d200ee0af0ba4bbcdb691da1d589b419bae23d7aa5a15d820e28e?s=96&d=identicon&r=g\",\"caption\":\"joanna\"},\"sameAs\":[\"https:\\\/\\\/organiczni.baranowscy.eu\"],\"url\":\"https:\\\/\\\/baranowscy.eu\\\/wordpress\\\/author\\\/admin\\\/\"}]}<\/script>\n<!-- \/ Yoast SEO plugin. -->","yoast_head_json":{"title":"Nowa klasa efektywno\u015bci energetycznej A\u2013G | organiczni.eu","description":"Klasa efektywno\u015bci energetycznej to informacja dla kupuj\u0105cych, jakie jest przeci\u0119tne roczne zu\u017cycie pr\u0105du danego urz\u0105dzenia. Oznaczenie m\u00f3wi\u0105ce o tej klasie znajdziemy na sprz\u0119cie AGD i RTV oraz na \u017car\u00f3wkach.","robots":{"index":"index","follow":"follow","max-snippet":"max-snippet:-1","max-image-preview":"max-image-preview:large","max-video-preview":"max-video-preview:-1"},"canonical":"https:\/\/baranowscy.eu\/wordpress\/klasa-efektywnosci-energetycznej\/","og_locale":"pl_PL","og_type":"article","og_title":"Nowa klasa efektywno\u015bci energetycznej A\u2013G | organiczni.eu","og_description":"Klasa efektywno\u015bci energetycznej to informacja dla kupuj\u0105cych, jakie jest przeci\u0119tne roczne zu\u017cycie pr\u0105du danego urz\u0105dzenia. Oznaczenie m\u00f3wi\u0105ce o tej klasie znajdziemy na sprz\u0119cie AGD i RTV oraz na \u017car\u00f3wkach.","og_url":"https:\/\/baranowscy.eu\/wordpress\/klasa-efektywnosci-energetycznej\/","og_site_name":"organiczni.eu","article_publisher":"https:\/\/www.facebook.com\/organiczni\/","article_published_time":"2023-12-10T12:14:29+00:00","article_modified_time":"2023-12-11T21:32:03+00:00","og_image":[{"width":1200,"height":628,"url":"https:\/\/baranowscy.eu\/wordpress\/wp-content\/uploads\/2023\/12\/klasy_efektywnosci_energetycznej_0.jpg","type":"image\/jpeg"}],"author":"joanna","twitter_card":"summary_large_image","twitter_misc":{"Napisane przez":"joanna","Szacowany czas czytania":"3 minuty"},"schema":{"@context":"https:\/\/schema.org","@graph":[{"@type":"Article","@id":"https:\/\/baranowscy.eu\/wordpress\/klasa-efektywnosci-energetycznej\/#article","isPartOf":{"@id":"https:\/\/baranowscy.eu\/wordpress\/klasa-efektywnosci-energetycznej\/"},"author":{"name":"joanna","@id":"https:\/\/baranowscy.eu\/wordpress\/#\/schema\/person\/741d5f1f3fd2833c5ca2ffdaaa93dc73"},"headline":"Nowa klasa efektywno\u015bci energetycznej A\u2013G","datePublished":"2023-12-10T12:14:29+00:00","dateModified":"2023-12-11T21:32:03+00:00","mainEntityOfPage":{"@id":"https:\/\/baranowscy.eu\/wordpress\/klasa-efektywnosci-energetycznej\/"},"wordCount":622,"commentCount":0,"publisher":{"@id":"https:\/\/baranowscy.eu\/wordpress\/#organization"},"image":{"@id":"https:\/\/baranowscy.eu\/wordpress\/klasa-efektywnosci-energetycznej\/#primaryimage"},"thumbnailUrl":"https:\/\/baranowscy.eu\/wordpress\/wp-content\/uploads\/2023\/12\/klasy_efektywnosci_energetycznej_0.jpg","keywords":["klasy efektywno\u015bci energetycznej","pr\u0105d","sprz\u0119t","suszarka b\u0119bnowa"],"articleSection":["ekodylematy","ekos\u0142ownik"],"inLanguage":"pl-PL","potentialAction":[{"@type":"CommentAction","name":"Comment","target":["https:\/\/baranowscy.eu\/wordpress\/klasa-efektywnosci-energetycznej\/#respond"]}]},{"@type":"WebPage","@id":"https:\/\/baranowscy.eu\/wordpress\/klasa-efektywnosci-energetycznej\/","url":"https:\/\/baranowscy.eu\/wordpress\/klasa-efektywnosci-energetycznej\/","name":"Nowa klasa efektywno\u015bci energetycznej A\u2013G | organiczni.eu","isPartOf":{"@id":"https:\/\/baranowscy.eu\/wordpress\/#website"},"primaryImageOfPage":{"@id":"https:\/\/baranowscy.eu\/wordpress\/klasa-efektywnosci-energetycznej\/#primaryimage"},"image":{"@id":"https:\/\/baranowscy.eu\/wordpress\/klasa-efektywnosci-energetycznej\/#primaryimage"},"thumbnailUrl":"https:\/\/baranowscy.eu\/wordpress\/wp-content\/uploads\/2023\/12\/klasy_efektywnosci_energetycznej_0.jpg","datePublished":"2023-12-10T12:14:29+00:00","dateModified":"2023-12-11T21:32:03+00:00","description":"Klasa efektywno\u015bci energetycznej to informacja dla kupuj\u0105cych, jakie jest przeci\u0119tne roczne zu\u017cycie pr\u0105du danego urz\u0105dzenia. Oznaczenie m\u00f3wi\u0105ce o tej klasie znajdziemy na sprz\u0119cie AGD i RTV oraz na \u017car\u00f3wkach.","breadcrumb":{"@id":"https:\/\/baranowscy.eu\/wordpress\/klasa-efektywnosci-energetycznej\/#breadcrumb"},"inLanguage":"pl-PL","potentialAction":[{"@type":"ReadAction","target":["https:\/\/baranowscy.eu\/wordpress\/klasa-efektywnosci-energetycznej\/"]}]},{"@type":"ImageObject","inLanguage":"pl-PL","@id":"https:\/\/baranowscy.eu\/wordpress\/klasa-efektywnosci-energetycznej\/#primaryimage","url":"https:\/\/baranowscy.eu\/wordpress\/wp-content\/uploads\/2023\/12\/klasy_efektywnosci_energetycznej_0.jpg","contentUrl":"https:\/\/baranowscy.eu\/wordpress\/wp-content\/uploads\/2023\/12\/klasy_efektywnosci_energetycznej_0.jpg","width":1200,"height":628,"caption":"Klasy efektywno\u015bci energetycznej"},{"@type":"BreadcrumbList","@id":"https:\/\/baranowscy.eu\/wordpress\/klasa-efektywnosci-energetycznej\/#breadcrumb","itemListElement":[{"@type":"ListItem","position":1,"name":"Strona g\u0142\u00f3wna","item":"https:\/\/baranowscy.eu\/wordpress\/"},{"@type":"ListItem","position":2,"name":"Nowa klasa efektywno\u015bci energetycznej A\u2013G"}]},{"@type":"WebSite","@id":"https:\/\/baranowscy.eu\/wordpress\/#website","url":"https:\/\/baranowscy.eu\/wordpress\/","name":"organiczni.eu","description":"Najbardziej wszechstronny blog ekologiczny","publisher":{"@id":"https:\/\/baranowscy.eu\/wordpress\/#organization"},"potentialAction":[{"@type":"SearchAction","target":{"@type":"EntryPoint","urlTemplate":"https:\/\/baranowscy.eu\/wordpress\/?s={search_term_string}"},"query-input":{"@type":"PropertyValueSpecification","valueRequired":true,"valueName":"search_term_string"}}],"inLanguage":"pl-PL"},{"@type":"Organization","@id":"https:\/\/baranowscy.eu\/wordpress\/#organization","name":"organiczni.eu","url":"https:\/\/baranowscy.eu\/wordpress\/","logo":{"@type":"ImageObject","inLanguage":"pl-PL","@id":"https:\/\/baranowscy.eu\/wordpress\/#\/schema\/logo\/image\/","url":"https:\/\/baranowscy.eu\/wordpress\/wp-content\/uploads\/2018\/01\/logo_duze.png","contentUrl":"https:\/\/baranowscy.eu\/wordpress\/wp-content\/uploads\/2018\/01\/logo_duze.png","width":1398,"height":300,"caption":"organiczni.eu"},"image":{"@id":"https:\/\/baranowscy.eu\/wordpress\/#\/schema\/logo\/image\/"},"sameAs":["https:\/\/www.facebook.com\/organiczni\/","https:\/\/www.instagram.com\/organiczni.eu\/"]},{"@type":"Person","@id":"https:\/\/baranowscy.eu\/wordpress\/#\/schema\/person\/741d5f1f3fd2833c5ca2ffdaaa93dc73","name":"joanna","image":{"@type":"ImageObject","inLanguage":"pl-PL","@id":"https:\/\/secure.gravatar.com\/avatar\/a59b1be4fa5d200ee0af0ba4bbcdb691da1d589b419bae23d7aa5a15d820e28e?s=96&d=identicon&r=g","url":"https:\/\/secure.gravatar.com\/avatar\/a59b1be4fa5d200ee0af0ba4bbcdb691da1d589b419bae23d7aa5a15d820e28e?s=96&d=identicon&r=g","contentUrl":"https:\/\/secure.gravatar.com\/avatar\/a59b1be4fa5d200ee0af0ba4bbcdb691da1d589b419bae23d7aa5a15d820e28e?s=96&d=identicon&r=g","caption":"joanna"},"sameAs":["https:\/\/organiczni.baranowscy.eu"],"url":"https:\/\/baranowscy.eu\/wordpress\/author\/admin\/"}]}},"jetpack_featured_media_url":"https:\/\/baranowscy.eu\/wordpress\/wp-content\/uploads\/2023\/12\/klasy_efektywnosci_energetycznej_0.jpg","jetpack_sharing_enabled":true,"_links":{"self":[{"href":"https:\/\/baranowscy.eu\/wordpress\/wp-json\/wp\/v2\/posts\/13461","targetHints":{"allow":["GET"]}}],"collection":[{"href":"https:\/\/baranowscy.eu\/wordpress\/wp-json\/wp\/v2\/posts"}],"about":[{"href":"https:\/\/baranowscy.eu\/wordpress\/wp-json\/wp\/v2\/types\/post"}],"author":[{"embeddable":true,"href":"https:\/\/baranowscy.eu\/wordpress\/wp-json\/wp\/v2\/users\/1"}],"replies":[{"embeddable":true,"href":"https:\/\/baranowscy.eu\/wordpress\/wp-json\/wp\/v2\/comments?post=13461"}],"version-history":[{"count":14,"href":"https:\/\/baranowscy.eu\/wordpress\/wp-json\/wp\/v2\/posts\/13461\/revisions"}],"predecessor-version":[{"id":13478,"href":"https:\/\/baranowscy.eu\/wordpress\/wp-json\/wp\/v2\/posts\/13461\/revisions\/13478"}],"wp:featuredmedia":[{"embeddable":true,"href":"https:\/\/baranowscy.eu\/wordpress\/wp-json\/wp\/v2\/media\/13463"}],"wp:attachment":[{"href":"https:\/\/baranowscy.eu\/wordpress\/wp-json\/wp\/v2\/media?parent=13461"}],"wp:term":[{"taxonomy":"category","embeddable":true,"href":"https:\/\/baranowscy.eu\/wordpress\/wp-json\/wp\/v2\/categories?post=13461"},{"taxonomy":"post_tag","embeddable":true,"href":"https:\/\/baranowscy.eu\/wordpress\/wp-json\/wp\/v2\/tags?post=13461"}],"curies":[{"name":"wp","href":"https:\/\/api.w.org\/{rel}","templated":true}]}}