{"id":13424,"date":"2023-11-06T20:15:38","date_gmt":"2023-11-06T19:15:38","guid":{"rendered":"https:\/\/baranowscy.eu\/wordpress\/?p=13424"},"modified":"2024-05-14T22:38:43","modified_gmt":"2024-05-14T20:38:43","slug":"jaki-proszek-do-prania-dla-alergika","status":"publish","type":"post","link":"https:\/\/baranowscy.eu\/wordpress\/jaki-proszek-do-prania-dla-alergika\/","title":{"rendered":"Jaki proszek do prania dla alergika?"},"content":{"rendered":"<p><strong>Proszek do prania dla alergika bywa produktem poszukiwanym niczym \u015bwi\u0119ty Graal. Producenci chemii domowej musz\u0105 mierzy\u0107 si\u0119 cz\u0119sto ze sprzecznymi oczekiwaniami konsumentek i konsument\u00f3w: bo taki proszek powinien doskonale dopiera\u0107 trudne plamy, by\u0107 antybakteryjny, ale nie niszczy\u0107 ubra\u0144, nadawa\u0107 ubraniom trwa\u0142y zapach i dzia\u0142a\u0107 ju\u017c w niskiej temperaturze. Przetestowa\u0142am pod tym k\u0105tem proszek Bio D z certyfikatem Allergy UK i wybra\u0142am dla Was najwa\u017cniejsze informacje.<\/strong><\/p>\n<p>Macie w domu osoby z alergiami? Zach\u0119cam Was do zastanowienia si\u0119, co tak naprawd\u0119 jest najwa\u017cniejsze, je\u015bli chodzi o pranie ubra\u0144. Moje dzieci cierpia\u0142y na silne epizody AZS (atopowego zapalenia sk\u00f3ry) i szybko zrezygnowa\u0142am ze zwyk\u0142ych proszk\u00f3w. Przygotowuj\u0119 je sobie sama, ale nie da si\u0119 ukry\u0107, \u017ce ich prosty sk\u0142ad nie jest wystarczaj\u0105cy, \u017ceby poradzi\u0107 sobie z trudniejszymi plamami. \u017beby odkazi\u0107 np. pieluszki wielorazowe, pra\u0142am je w temperaturze 60\u00b0C, a przecie\u017c nie wszystkie materia\u0142y mo\u017cna tak traktowa\u0107. <strong><a href=\"https:\/\/www.drogeria-ekologiczna.pl\/5-do-ekologicznego-prania?affp=6201\" target=\"_blank\" rel=\"noopener noreferrer\">Proszek dla alergika<\/a> Bio D jest gotowym produktem, kt\u00f3ry powinien sprawdzi\u0107 si\u0119 w\u0142a\u015bnie w takim codziennym praniu w ni\u017cszej temperaturze.\u00a0<\/strong><\/p>\n<p><strong><div class='dropshadowboxes-container ' style=''>\r\n                            <div class='dropshadowboxes-drop-shadow dropshadowboxes-rounded-corners dropshadowboxes-lifted-both dropshadowboxes-effect-default' style=' border: 1px solid #dddddd; height:; background-color:#f5ee77;    '>\r\n                            Wpis powsta\u0142 we wsp\u00f3\u0142pracy z Better Land i zawiera linki afiliacyjne. Z kodem rabatowym organiczni10 na zakupy w &gt;&gt; Drogerii Ekologicznej Better Land uzyskacie 10% zni\u017cki.\r\n                            <\/div>\r\n                        <\/div><\/strong><\/p>\n<h2>Proszek dla alergika<\/h2>\n<p>Najwa\u017cniejsze, \u017ceby proszek, w kt\u00f3rym pior\u0105 si\u0119 ubrania os\u00f3b o bardzo delikatnej sk\u00f3rze, z AZS czy innymi problemami, nie stawa\u0142 si\u0119 kolejnym elementem pogarszaj\u0105cym sytuacj\u0119 alergika. Wystarczy ju\u017c, \u017ce kto\u015b zmaga si\u0119 ze sw\u0119dz\u0105cymi ranami w zgi\u0119ciu \u0142okcia, bo w jego diecie jest niewy\u0142apany dot\u0105d alergen. Nie dok\u0142adajmy mu fizycznych podra\u017cniaczy w postaci niedelikatnego proszku.<\/p>\n<p>A wi\u0119c proszek dla alergika powinien mie\u0107 jak najprostszy sk\u0142ad, a jednocze\u015bnie umo\u017cliwia\u0107 dok\u0142adne pranie nawet w niewysokiej temperaturze.<\/p>\n<p><strong>Uwaga.<\/strong> Mo\u017ce Was zmartwi\u0119 (na pewno zmartwi\u0119 mojego m\u0119\u017ca, kt\u00f3ry bardzo dba o swoje ubrania i wi\u0119kszo\u015b\u0107 z nich pierze w temperaturze 30\u00b0C), ale proszki dla alergik\u00f3w wymagaj\u0105 zazwyczaj temperatury co najmniej 40\u00b0C, \u017ceby aktywowa\u0107 sk\u0142adnik antybakteryjny.<\/p>\n<figure id=\"attachment_13431\" aria-describedby=\"caption-attachment-13431\" style=\"width: 1000px\" class=\"wp-caption aligncenter\"><a href=\"https:\/\/baranowscy.eu\/wordpress\/wp-content\/uploads\/2023\/11\/bio-d_1.jpg\"><img loading=\"lazy\" decoding=\"async\" class=\"size-full wp-image-13431\" src=\"https:\/\/baranowscy.eu\/wordpress\/wp-content\/uploads\/2023\/11\/bio-d_1.jpg\" alt=\"Proszek Bio D ma certyfikat Allergy UK\" width=\"1000\" height=\"667\" srcset=\"https:\/\/baranowscy.eu\/wordpress\/wp-content\/uploads\/2023\/11\/bio-d_1.jpg 1000w, https:\/\/baranowscy.eu\/wordpress\/wp-content\/uploads\/2023\/11\/bio-d_1-300x200.jpg 300w, https:\/\/baranowscy.eu\/wordpress\/wp-content\/uploads\/2023\/11\/bio-d_1-768x512.jpg 768w, https:\/\/baranowscy.eu\/wordpress\/wp-content\/uploads\/2023\/11\/bio-d_1-560x374.jpg 560w, https:\/\/baranowscy.eu\/wordpress\/wp-content\/uploads\/2023\/11\/bio-d_1-600x400.jpg 600w\" sizes=\"auto, (max-width: 1000px) 100vw, 1000px\" \/><\/a><figcaption id=\"caption-attachment-13431\" class=\"wp-caption-text\">Proszek Bio D ma certyfikat Allergy UK<\/figcaption><\/figure>\n<p><strong>Sk\u0142ad proszku Bio D:<\/strong><\/p>\n<ul>\n<li>\u2013 15\u201330% w\u0119glan sodu,<\/li>\n<li>\u2013 5\u201315% nadw\u0119glan sodu,<\/li>\n<li>\u2013 poni\u017cej 5% metakrzemian sodu pentahydrat (emulgator),<\/li>\n<li>\u2013 surfaktanty anionowe,<\/li>\n<li>\u2013 myd\u0142o.<\/li>\n<\/ul>\n<p>Dodatkowym sk\u0142adnikiem jest TAED, kt\u00f3ry zosta\u0142 przebadany przez producenta Bio-D zgodnie z norm\u0105 BS EN 1276 (norma bakteriob\u00f3jcza, kt\u00f3ra m.in. potwierdza usuwanie bakterii E. coli).<\/p>\n<p><strong>To, co jest bardzo wa\u017cne, proszek dla alergika nie mo\u017ce zawiera\u0107 substancji zapachowych.<\/strong> Takie dodatki s\u0105 jednym z najcz\u0119stszych alergen\u00f3w. Dlatego prawdziwy proszek do prania, kt\u00f3ry ma nie uczula\u0107, nie b\u0119dzie mia\u0142 w sk\u0142adzie \u017cadnych aromat\u00f3w, perfum czy innych &#8222;fragrans\u00f3w&#8221;.<\/p>\n<p><strong>Proszek Bio D kupicie w Drogerii Ekologicznej: <a href=\"https:\/\/www.drogeria-ekologiczna.pl\/proszki-listki-i-kapsulki-do-prania\/278-niebiologiczny-proszek-do-prania-bio-d-1kg.html?affp=6201\" target=\"_blank\" rel=\"noopener noreferrer\">Bio D 1 kg (nawet 17 pra\u0144)<\/a> i <a href=\"https:\/\/www.drogeria-ekologiczna.pl\/proszki-listki-i-kapsulki-do-prania\/299-bio-d-niebiologiczny-proszek-do-prania-2-kg.html?affp=6201\" target=\"_blank\" rel=\"noopener noreferrer\">Bio D 2 kg (nawet 34 prania)<\/a>.<\/strong><\/p>\n<h2>Czego nie powinien zawiera\u0107 proszek do prania dla alergika?<\/h2>\n<p>Tak jak wspomnia\u0142am, w proszku dla alergik\u00f3w nie powinny znale\u017a\u0107 si\u0119 <strong>\u017cadne substancje zapachowe<\/strong>.<\/p>\n<p>Dodatkowo warto zwr\u00f3ci\u0107 uwag\u0119, \u017ceby taki proszek nie zawiera\u0142 <strong>enzym\u00f3w.<\/strong> Pod wzgl\u0119dem \u015brodowiskowym warto unika\u0107 <strong>polikarboksylan\u00f3w<\/strong>, kt\u00f3re s\u0105 substancj\u0105 ropopochodn\u0105.\u00a0A co z<strong> zeolitami<\/strong>? Sama ich nie u\u017cywam, cho\u0107 maj\u0105 fantastyczne dzia\u0142anie np. zmi\u0119kczaj\u0105ce wod\u0119. Nie jestem do ko\u0144ca przekonana, czy s\u0105 bezpieczne (<a href=\"https:\/\/baranowscy.eu\/wordpress\/czy-zeolity-sa-ekologiczne\/\" target=\"_blank\" rel=\"noopener noreferrer\">pisa\u0142am o tym kilka lat temu<\/a>). <strong>Proszek Bio D nie zawiera zeolit\u00f3w.<\/strong><\/p>\n<p>Im prostszy sk\u0142ad proszku, tym wg mnie lepiej, zar\u00f3wno dla alergik\u00f3w, jak i dla \u015brodowiska.<\/p>\n<figure id=\"attachment_13430\" aria-describedby=\"caption-attachment-13430\" style=\"width: 1000px\" class=\"wp-caption aligncenter\"><a href=\"https:\/\/baranowscy.eu\/wordpress\/wp-content\/uploads\/2023\/11\/bio-d_2.jpg\"><img loading=\"lazy\" decoding=\"async\" class=\"size-full wp-image-13430\" src=\"https:\/\/baranowscy.eu\/wordpress\/wp-content\/uploads\/2023\/11\/bio-d_2.jpg\" alt=\"Im prostszy sk\u0142ad proszku, tym wg mnie lepiej, zar\u00f3wno dla alergik\u00f3w, jak i dla \u015brodowiska. Proszek Bio D\" width=\"1000\" height=\"667\" srcset=\"https:\/\/baranowscy.eu\/wordpress\/wp-content\/uploads\/2023\/11\/bio-d_2.jpg 1000w, https:\/\/baranowscy.eu\/wordpress\/wp-content\/uploads\/2023\/11\/bio-d_2-300x200.jpg 300w, https:\/\/baranowscy.eu\/wordpress\/wp-content\/uploads\/2023\/11\/bio-d_2-768x512.jpg 768w, https:\/\/baranowscy.eu\/wordpress\/wp-content\/uploads\/2023\/11\/bio-d_2-560x374.jpg 560w, https:\/\/baranowscy.eu\/wordpress\/wp-content\/uploads\/2023\/11\/bio-d_2-600x400.jpg 600w\" sizes=\"auto, (max-width: 1000px) 100vw, 1000px\" \/><\/a><figcaption id=\"caption-attachment-13430\" class=\"wp-caption-text\">Im prostszy sk\u0142ad proszku, tym wg mnie lepiej, zar\u00f3wno dla alergik\u00f3w, jak i dla \u015brodowiska. Proszek Bio D<\/figcaption><\/figure>\n<h2>Co to jest TAED?<\/h2>\n<p>Cho\u0107 w og\u00f3lnym sk\u0142adzie nie jest to napisane, proszek Bio-D zawiera TAED, czyli tetraacetyloetylenodiamina. Dodawany do proszk\u00f3w do prania, jest aktywatorem rozk\u0142adu innego sk\u0142adnika, nadboranu sodu, kt\u00f3ry dzia\u0142a wybielaj\u0105co. Dzi\u0119ki TAED mo\u017cna osi\u0105gn\u0105\u0107 efekty wybielaj\u0105ce i odplamiaj\u0105ce w ni\u017cszej temperaturze, od 40\u00b0C, zamiast w 70\u00b0C.<\/p>\n<h2>Co to znaczy, \u017ce proszek jest non bio?<\/h2>\n<p>Je\u015bli kupujecie brytyjskie proszki do prania, mo\u017cecie spotka\u0107 si\u0119 z okre\u015bleniami: bio i non-bio. Wbrew pozorom nie ma to nic wsp\u00f3lnego z jakim\u015b certyfikatem ekologicznym. Chodzi o sk\u0142ad proszku:<\/p>\n<ul>\n<li>\u2013 bio &#8211; zawiera enzymy rozk\u0142adaj\u0105ce t\u0142uszcze i bia\u0142ka,<\/li>\n<li>\u2013 non bio &#8211; nie zawiera enzym\u00f3w w sk\u0142adzie.<\/li>\n<\/ul>\n<p><strong>W Wielkiej Brytanii zaleca si\u0119, \u017ceby dzieci\u0119ce ubrania pra\u0107 w proszkach nieenzymatycznych (czyli non bio), poniewa\u017c enzymy mog\u0105 wywo\u0142a\u0107 reakcje alergiczne.<\/strong> Proszek do prania Bio D nie zawiera enzym\u00f3w, dzi\u0119ki czemu jest bezpieczniejszy dla delikatnej sk\u00f3ry, zar\u00f3wno dzieci, jak i du\u017cych alergik\u00f3w.<\/p>\n<figure id=\"attachment_13432\" aria-describedby=\"caption-attachment-13432\" style=\"width: 1000px\" class=\"wp-caption aligncenter\"><a href=\"https:\/\/baranowscy.eu\/wordpress\/wp-content\/uploads\/2023\/11\/pranie_1.jpg\"><img loading=\"lazy\" decoding=\"async\" class=\"size-full wp-image-13432\" src=\"https:\/\/baranowscy.eu\/wordpress\/wp-content\/uploads\/2023\/11\/pranie_1.jpg\" alt=\"Pranie z u\u017cyciem TAED b\u0119dzie skuteczne tak\u017ce w ni\u017cszej temperaturze\" width=\"1000\" height=\"667\" srcset=\"https:\/\/baranowscy.eu\/wordpress\/wp-content\/uploads\/2023\/11\/pranie_1.jpg 1000w, https:\/\/baranowscy.eu\/wordpress\/wp-content\/uploads\/2023\/11\/pranie_1-300x200.jpg 300w, https:\/\/baranowscy.eu\/wordpress\/wp-content\/uploads\/2023\/11\/pranie_1-768x512.jpg 768w, https:\/\/baranowscy.eu\/wordpress\/wp-content\/uploads\/2023\/11\/pranie_1-560x374.jpg 560w, https:\/\/baranowscy.eu\/wordpress\/wp-content\/uploads\/2023\/11\/pranie_1-600x400.jpg 600w\" sizes=\"auto, (max-width: 1000px) 100vw, 1000px\" \/><\/a><figcaption id=\"caption-attachment-13432\" class=\"wp-caption-text\">Pranie z u\u017cyciem TAED b\u0119dzie skuteczne tak\u017ce w ni\u017cszej temperaturze<\/figcaption><\/figure>\n<p><strong>A na co Wy zwracacie uwag\u0119 przy kupowaniu proszku do prania?<\/strong><\/p>\n","protected":false},"excerpt":{"rendered":"<p>Proszek do prania dla alergika bywa produktem poszukiwanym niczym \u015bwi\u0119ty Graal. Producenci chemii domowej musz\u0105 mierzy\u0107 si\u0119 cz\u0119sto ze sprzecznymi oczekiwaniami konsumentek i konsument\u00f3w: bo&hellip;<\/p>\n","protected":false},"author":1,"featured_media":13437,"comment_status":"open","ping_status":"open","sticky":false,"template":"","format":"standard","meta":{"_jetpack_memberships_contains_paid_content":false,"footnotes":""},"categories":[583,47,918,20],"tags":[1357,219,1182,48,475,29,1410,1779],"class_list":["post-13424","post","type-post","status-publish","format-standard","has-post-thumbnail","hentry","category-alergia-2","category-ekosprzatanie","category-material-platny","category-recenzje","tag-alergia","tag-azs","tag-bio-d","tag-ekologiczne-sprzatanie","tag-pranie","tag-recenzja","tag-recenzja-sponsorowana","tag-reklama"],"yoast_head":"<!-- This site is optimized with the Yoast SEO plugin v27.5 - https:\/\/yoast.com\/product\/yoast-seo-wordpress\/ -->\n<title>Jaki proszek do prania dla alergika? | organiczni.eu<\/title>\n<meta name=\"description\" content=\"Proszek do prania dla alergika bywa produktem poszukiwanym niczym \u015bwi\u0119ty Graal. Przetestowa\u0142am pod tym k\u0105tem proszek Bio D z certyfikatem Allergy UK i wybra\u0142am dla Was najwa\u017cniejsze informacje.\" \/>\n<meta name=\"robots\" content=\"index, follow, max-snippet:-1, max-image-preview:large, max-video-preview:-1\" \/>\n<link rel=\"canonical\" href=\"https:\/\/baranowscy.eu\/wordpress\/jaki-proszek-do-prania-dla-alergika\/\" \/>\n<meta property=\"og:locale\" content=\"pl_PL\" \/>\n<meta property=\"og:type\" content=\"article\" \/>\n<meta property=\"og:title\" content=\"Jaki proszek do prania dla alergika? | organiczni.eu\" \/>\n<meta property=\"og:description\" content=\"Proszek do prania dla alergika bywa produktem poszukiwanym niczym \u015bwi\u0119ty Graal. Przetestowa\u0142am pod tym k\u0105tem proszek Bio D z certyfikatem Allergy UK i wybra\u0142am dla Was najwa\u017cniejsze informacje.\" \/>\n<meta property=\"og:url\" content=\"https:\/\/baranowscy.eu\/wordpress\/jaki-proszek-do-prania-dla-alergika\/\" \/>\n<meta property=\"og:site_name\" content=\"organiczni.eu\" \/>\n<meta property=\"article:publisher\" content=\"https:\/\/www.facebook.com\/organiczni\/\" \/>\n<meta property=\"article:published_time\" content=\"2023-11-06T19:15:38+00:00\" \/>\n<meta property=\"article:modified_time\" content=\"2024-05-14T20:38:43+00:00\" \/>\n<meta property=\"og:image\" content=\"https:\/\/baranowscy.eu\/wordpress\/wp-content\/uploads\/2023\/11\/bio-d_00.jpg\" \/>\n\t<meta property=\"og:image:width\" content=\"1200\" \/>\n\t<meta property=\"og:image:height\" content=\"628\" \/>\n\t<meta property=\"og:image:type\" content=\"image\/jpeg\" \/>\n<meta name=\"author\" content=\"joanna\" \/>\n<meta name=\"twitter:card\" content=\"summary_large_image\" \/>\n<meta name=\"twitter:label1\" content=\"Napisane przez\" \/>\n\t<meta name=\"twitter:data1\" content=\"joanna\" \/>\n\t<meta name=\"twitter:label2\" content=\"Szacowany czas czytania\" \/>\n\t<meta name=\"twitter:data2\" content=\"6 minut\" \/>\n<script type=\"application\/ld+json\" class=\"yoast-schema-graph\">{\"@context\":\"https:\\\/\\\/schema.org\",\"@graph\":[{\"@type\":\"Article\",\"@id\":\"https:\\\/\\\/baranowscy.eu\\\/wordpress\\\/jaki-proszek-do-prania-dla-alergika\\\/#article\",\"isPartOf\":{\"@id\":\"https:\\\/\\\/baranowscy.eu\\\/wordpress\\\/jaki-proszek-do-prania-dla-alergika\\\/\"},\"author\":{\"name\":\"joanna\",\"@id\":\"https:\\\/\\\/baranowscy.eu\\\/wordpress\\\/#\\\/schema\\\/person\\\/741d5f1f3fd2833c5ca2ffdaaa93dc73\"},\"headline\":\"Jaki proszek do prania dla alergika?\",\"datePublished\":\"2023-11-06T19:15:38+00:00\",\"dateModified\":\"2024-05-14T20:38:43+00:00\",\"mainEntityOfPage\":{\"@id\":\"https:\\\/\\\/baranowscy.eu\\\/wordpress\\\/jaki-proszek-do-prania-dla-alergika\\\/\"},\"wordCount\":858,\"commentCount\":2,\"publisher\":{\"@id\":\"https:\\\/\\\/baranowscy.eu\\\/wordpress\\\/#organization\"},\"image\":{\"@id\":\"https:\\\/\\\/baranowscy.eu\\\/wordpress\\\/jaki-proszek-do-prania-dla-alergika\\\/#primaryimage\"},\"thumbnailUrl\":\"https:\\\/\\\/baranowscy.eu\\\/wordpress\\\/wp-content\\\/uploads\\\/2023\\\/11\\\/bio-d_00.jpg\",\"keywords\":[\"alergia\",\"AZS\",\"Bio-D\",\"ekologiczne sprz\u0105tanie\",\"pranie\",\"recenzja\",\"recenzja sponsorowana\",\"reklama\"],\"articleSection\":[\"alergia\",\"ekosprz\u0105tanie\",\"Materia\u0142 p\u0142atny\",\"recenzje\"],\"inLanguage\":\"pl-PL\",\"potentialAction\":[{\"@type\":\"CommentAction\",\"name\":\"Comment\",\"target\":[\"https:\\\/\\\/baranowscy.eu\\\/wordpress\\\/jaki-proszek-do-prania-dla-alergika\\\/#respond\"]}]},{\"@type\":\"WebPage\",\"@id\":\"https:\\\/\\\/baranowscy.eu\\\/wordpress\\\/jaki-proszek-do-prania-dla-alergika\\\/\",\"url\":\"https:\\\/\\\/baranowscy.eu\\\/wordpress\\\/jaki-proszek-do-prania-dla-alergika\\\/\",\"name\":\"Jaki proszek do prania dla alergika? | organiczni.eu\",\"isPartOf\":{\"@id\":\"https:\\\/\\\/baranowscy.eu\\\/wordpress\\\/#website\"},\"primaryImageOfPage\":{\"@id\":\"https:\\\/\\\/baranowscy.eu\\\/wordpress\\\/jaki-proszek-do-prania-dla-alergika\\\/#primaryimage\"},\"image\":{\"@id\":\"https:\\\/\\\/baranowscy.eu\\\/wordpress\\\/jaki-proszek-do-prania-dla-alergika\\\/#primaryimage\"},\"thumbnailUrl\":\"https:\\\/\\\/baranowscy.eu\\\/wordpress\\\/wp-content\\\/uploads\\\/2023\\\/11\\\/bio-d_00.jpg\",\"datePublished\":\"2023-11-06T19:15:38+00:00\",\"dateModified\":\"2024-05-14T20:38:43+00:00\",\"description\":\"Proszek do prania dla alergika bywa produktem poszukiwanym niczym \u015bwi\u0119ty Graal. Przetestowa\u0142am pod tym k\u0105tem proszek Bio D z certyfikatem Allergy UK i wybra\u0142am dla Was najwa\u017cniejsze informacje.\",\"breadcrumb\":{\"@id\":\"https:\\\/\\\/baranowscy.eu\\\/wordpress\\\/jaki-proszek-do-prania-dla-alergika\\\/#breadcrumb\"},\"inLanguage\":\"pl-PL\",\"potentialAction\":[{\"@type\":\"ReadAction\",\"target\":[\"https:\\\/\\\/baranowscy.eu\\\/wordpress\\\/jaki-proszek-do-prania-dla-alergika\\\/\"]}]},{\"@type\":\"ImageObject\",\"inLanguage\":\"pl-PL\",\"@id\":\"https:\\\/\\\/baranowscy.eu\\\/wordpress\\\/jaki-proszek-do-prania-dla-alergika\\\/#primaryimage\",\"url\":\"https:\\\/\\\/baranowscy.eu\\\/wordpress\\\/wp-content\\\/uploads\\\/2023\\\/11\\\/bio-d_00.jpg\",\"contentUrl\":\"https:\\\/\\\/baranowscy.eu\\\/wordpress\\\/wp-content\\\/uploads\\\/2023\\\/11\\\/bio-d_00.jpg\",\"width\":1200,\"height\":628,\"caption\":\"Proszek Bio D\"},{\"@type\":\"BreadcrumbList\",\"@id\":\"https:\\\/\\\/baranowscy.eu\\\/wordpress\\\/jaki-proszek-do-prania-dla-alergika\\\/#breadcrumb\",\"itemListElement\":[{\"@type\":\"ListItem\",\"position\":1,\"name\":\"Strona g\u0142\u00f3wna\",\"item\":\"https:\\\/\\\/baranowscy.eu\\\/wordpress\\\/\"},{\"@type\":\"ListItem\",\"position\":2,\"name\":\"Jaki proszek do prania dla alergika?\"}]},{\"@type\":\"WebSite\",\"@id\":\"https:\\\/\\\/baranowscy.eu\\\/wordpress\\\/#website\",\"url\":\"https:\\\/\\\/baranowscy.eu\\\/wordpress\\\/\",\"name\":\"organiczni.eu\",\"description\":\"Najbardziej wszechstronny blog ekologiczny\",\"publisher\":{\"@id\":\"https:\\\/\\\/baranowscy.eu\\\/wordpress\\\/#organization\"},\"potentialAction\":[{\"@type\":\"SearchAction\",\"target\":{\"@type\":\"EntryPoint\",\"urlTemplate\":\"https:\\\/\\\/baranowscy.eu\\\/wordpress\\\/?s={search_term_string}\"},\"query-input\":{\"@type\":\"PropertyValueSpecification\",\"valueRequired\":true,\"valueName\":\"search_term_string\"}}],\"inLanguage\":\"pl-PL\"},{\"@type\":\"Organization\",\"@id\":\"https:\\\/\\\/baranowscy.eu\\\/wordpress\\\/#organization\",\"name\":\"organiczni.eu\",\"url\":\"https:\\\/\\\/baranowscy.eu\\\/wordpress\\\/\",\"logo\":{\"@type\":\"ImageObject\",\"inLanguage\":\"pl-PL\",\"@id\":\"https:\\\/\\\/baranowscy.eu\\\/wordpress\\\/#\\\/schema\\\/logo\\\/image\\\/\",\"url\":\"https:\\\/\\\/baranowscy.eu\\\/wordpress\\\/wp-content\\\/uploads\\\/2018\\\/01\\\/logo_duze.png\",\"contentUrl\":\"https:\\\/\\\/baranowscy.eu\\\/wordpress\\\/wp-content\\\/uploads\\\/2018\\\/01\\\/logo_duze.png\",\"width\":1398,\"height\":300,\"caption\":\"organiczni.eu\"},\"image\":{\"@id\":\"https:\\\/\\\/baranowscy.eu\\\/wordpress\\\/#\\\/schema\\\/logo\\\/image\\\/\"},\"sameAs\":[\"https:\\\/\\\/www.facebook.com\\\/organiczni\\\/\",\"https:\\\/\\\/www.instagram.com\\\/organiczni.eu\\\/\"]},{\"@type\":\"Person\",\"@id\":\"https:\\\/\\\/baranowscy.eu\\\/wordpress\\\/#\\\/schema\\\/person\\\/741d5f1f3fd2833c5ca2ffdaaa93dc73\",\"name\":\"joanna\",\"image\":{\"@type\":\"ImageObject\",\"inLanguage\":\"pl-PL\",\"@id\":\"https:\\\/\\\/secure.gravatar.com\\\/avatar\\\/a59b1be4fa5d200ee0af0ba4bbcdb691da1d589b419bae23d7aa5a15d820e28e?s=96&d=identicon&r=g\",\"url\":\"https:\\\/\\\/secure.gravatar.com\\\/avatar\\\/a59b1be4fa5d200ee0af0ba4bbcdb691da1d589b419bae23d7aa5a15d820e28e?s=96&d=identicon&r=g\",\"contentUrl\":\"https:\\\/\\\/secure.gravatar.com\\\/avatar\\\/a59b1be4fa5d200ee0af0ba4bbcdb691da1d589b419bae23d7aa5a15d820e28e?s=96&d=identicon&r=g\",\"caption\":\"joanna\"},\"sameAs\":[\"https:\\\/\\\/organiczni.baranowscy.eu\"],\"url\":\"https:\\\/\\\/baranowscy.eu\\\/wordpress\\\/author\\\/admin\\\/\"}]}<\/script>\n<!-- \/ Yoast SEO plugin. -->","yoast_head_json":{"title":"Jaki proszek do prania dla alergika? | organiczni.eu","description":"Proszek do prania dla alergika bywa produktem poszukiwanym niczym \u015bwi\u0119ty Graal. Przetestowa\u0142am pod tym k\u0105tem proszek Bio D z certyfikatem Allergy UK i wybra\u0142am dla Was najwa\u017cniejsze informacje.","robots":{"index":"index","follow":"follow","max-snippet":"max-snippet:-1","max-image-preview":"max-image-preview:large","max-video-preview":"max-video-preview:-1"},"canonical":"https:\/\/baranowscy.eu\/wordpress\/jaki-proszek-do-prania-dla-alergika\/","og_locale":"pl_PL","og_type":"article","og_title":"Jaki proszek do prania dla alergika? | organiczni.eu","og_description":"Proszek do prania dla alergika bywa produktem poszukiwanym niczym \u015bwi\u0119ty Graal. Przetestowa\u0142am pod tym k\u0105tem proszek Bio D z certyfikatem Allergy UK i wybra\u0142am dla Was najwa\u017cniejsze informacje.","og_url":"https:\/\/baranowscy.eu\/wordpress\/jaki-proszek-do-prania-dla-alergika\/","og_site_name":"organiczni.eu","article_publisher":"https:\/\/www.facebook.com\/organiczni\/","article_published_time":"2023-11-06T19:15:38+00:00","article_modified_time":"2024-05-14T20:38:43+00:00","og_image":[{"width":1200,"height":628,"url":"https:\/\/baranowscy.eu\/wordpress\/wp-content\/uploads\/2023\/11\/bio-d_00.jpg","type":"image\/jpeg"}],"author":"joanna","twitter_card":"summary_large_image","twitter_misc":{"Napisane przez":"joanna","Szacowany czas czytania":"6 minut"},"schema":{"@context":"https:\/\/schema.org","@graph":[{"@type":"Article","@id":"https:\/\/baranowscy.eu\/wordpress\/jaki-proszek-do-prania-dla-alergika\/#article","isPartOf":{"@id":"https:\/\/baranowscy.eu\/wordpress\/jaki-proszek-do-prania-dla-alergika\/"},"author":{"name":"joanna","@id":"https:\/\/baranowscy.eu\/wordpress\/#\/schema\/person\/741d5f1f3fd2833c5ca2ffdaaa93dc73"},"headline":"Jaki proszek do prania dla alergika?","datePublished":"2023-11-06T19:15:38+00:00","dateModified":"2024-05-14T20:38:43+00:00","mainEntityOfPage":{"@id":"https:\/\/baranowscy.eu\/wordpress\/jaki-proszek-do-prania-dla-alergika\/"},"wordCount":858,"commentCount":2,"publisher":{"@id":"https:\/\/baranowscy.eu\/wordpress\/#organization"},"image":{"@id":"https:\/\/baranowscy.eu\/wordpress\/jaki-proszek-do-prania-dla-alergika\/#primaryimage"},"thumbnailUrl":"https:\/\/baranowscy.eu\/wordpress\/wp-content\/uploads\/2023\/11\/bio-d_00.jpg","keywords":["alergia","AZS","Bio-D","ekologiczne sprz\u0105tanie","pranie","recenzja","recenzja sponsorowana","reklama"],"articleSection":["alergia","ekosprz\u0105tanie","Materia\u0142 p\u0142atny","recenzje"],"inLanguage":"pl-PL","potentialAction":[{"@type":"CommentAction","name":"Comment","target":["https:\/\/baranowscy.eu\/wordpress\/jaki-proszek-do-prania-dla-alergika\/#respond"]}]},{"@type":"WebPage","@id":"https:\/\/baranowscy.eu\/wordpress\/jaki-proszek-do-prania-dla-alergika\/","url":"https:\/\/baranowscy.eu\/wordpress\/jaki-proszek-do-prania-dla-alergika\/","name":"Jaki proszek do prania dla alergika? | organiczni.eu","isPartOf":{"@id":"https:\/\/baranowscy.eu\/wordpress\/#website"},"primaryImageOfPage":{"@id":"https:\/\/baranowscy.eu\/wordpress\/jaki-proszek-do-prania-dla-alergika\/#primaryimage"},"image":{"@id":"https:\/\/baranowscy.eu\/wordpress\/jaki-proszek-do-prania-dla-alergika\/#primaryimage"},"thumbnailUrl":"https:\/\/baranowscy.eu\/wordpress\/wp-content\/uploads\/2023\/11\/bio-d_00.jpg","datePublished":"2023-11-06T19:15:38+00:00","dateModified":"2024-05-14T20:38:43+00:00","description":"Proszek do prania dla alergika bywa produktem poszukiwanym niczym \u015bwi\u0119ty Graal. Przetestowa\u0142am pod tym k\u0105tem proszek Bio D z certyfikatem Allergy UK i wybra\u0142am dla Was najwa\u017cniejsze informacje.","breadcrumb":{"@id":"https:\/\/baranowscy.eu\/wordpress\/jaki-proszek-do-prania-dla-alergika\/#breadcrumb"},"inLanguage":"pl-PL","potentialAction":[{"@type":"ReadAction","target":["https:\/\/baranowscy.eu\/wordpress\/jaki-proszek-do-prania-dla-alergika\/"]}]},{"@type":"ImageObject","inLanguage":"pl-PL","@id":"https:\/\/baranowscy.eu\/wordpress\/jaki-proszek-do-prania-dla-alergika\/#primaryimage","url":"https:\/\/baranowscy.eu\/wordpress\/wp-content\/uploads\/2023\/11\/bio-d_00.jpg","contentUrl":"https:\/\/baranowscy.eu\/wordpress\/wp-content\/uploads\/2023\/11\/bio-d_00.jpg","width":1200,"height":628,"caption":"Proszek Bio D"},{"@type":"BreadcrumbList","@id":"https:\/\/baranowscy.eu\/wordpress\/jaki-proszek-do-prania-dla-alergika\/#breadcrumb","itemListElement":[{"@type":"ListItem","position":1,"name":"Strona g\u0142\u00f3wna","item":"https:\/\/baranowscy.eu\/wordpress\/"},{"@type":"ListItem","position":2,"name":"Jaki proszek do prania dla alergika?"}]},{"@type":"WebSite","@id":"https:\/\/baranowscy.eu\/wordpress\/#website","url":"https:\/\/baranowscy.eu\/wordpress\/","name":"organiczni.eu","description":"Najbardziej wszechstronny blog ekologiczny","publisher":{"@id":"https:\/\/baranowscy.eu\/wordpress\/#organization"},"potentialAction":[{"@type":"SearchAction","target":{"@type":"EntryPoint","urlTemplate":"https:\/\/baranowscy.eu\/wordpress\/?s={search_term_string}"},"query-input":{"@type":"PropertyValueSpecification","valueRequired":true,"valueName":"search_term_string"}}],"inLanguage":"pl-PL"},{"@type":"Organization","@id":"https:\/\/baranowscy.eu\/wordpress\/#organization","name":"organiczni.eu","url":"https:\/\/baranowscy.eu\/wordpress\/","logo":{"@type":"ImageObject","inLanguage":"pl-PL","@id":"https:\/\/baranowscy.eu\/wordpress\/#\/schema\/logo\/image\/","url":"https:\/\/baranowscy.eu\/wordpress\/wp-content\/uploads\/2018\/01\/logo_duze.png","contentUrl":"https:\/\/baranowscy.eu\/wordpress\/wp-content\/uploads\/2018\/01\/logo_duze.png","width":1398,"height":300,"caption":"organiczni.eu"},"image":{"@id":"https:\/\/baranowscy.eu\/wordpress\/#\/schema\/logo\/image\/"},"sameAs":["https:\/\/www.facebook.com\/organiczni\/","https:\/\/www.instagram.com\/organiczni.eu\/"]},{"@type":"Person","@id":"https:\/\/baranowscy.eu\/wordpress\/#\/schema\/person\/741d5f1f3fd2833c5ca2ffdaaa93dc73","name":"joanna","image":{"@type":"ImageObject","inLanguage":"pl-PL","@id":"https:\/\/secure.gravatar.com\/avatar\/a59b1be4fa5d200ee0af0ba4bbcdb691da1d589b419bae23d7aa5a15d820e28e?s=96&d=identicon&r=g","url":"https:\/\/secure.gravatar.com\/avatar\/a59b1be4fa5d200ee0af0ba4bbcdb691da1d589b419bae23d7aa5a15d820e28e?s=96&d=identicon&r=g","contentUrl":"https:\/\/secure.gravatar.com\/avatar\/a59b1be4fa5d200ee0af0ba4bbcdb691da1d589b419bae23d7aa5a15d820e28e?s=96&d=identicon&r=g","caption":"joanna"},"sameAs":["https:\/\/organiczni.baranowscy.eu"],"url":"https:\/\/baranowscy.eu\/wordpress\/author\/admin\/"}]}},"jetpack_featured_media_url":"https:\/\/baranowscy.eu\/wordpress\/wp-content\/uploads\/2023\/11\/bio-d_00.jpg","jetpack_sharing_enabled":true,"_links":{"self":[{"href":"https:\/\/baranowscy.eu\/wordpress\/wp-json\/wp\/v2\/posts\/13424","targetHints":{"allow":["GET"]}}],"collection":[{"href":"https:\/\/baranowscy.eu\/wordpress\/wp-json\/wp\/v2\/posts"}],"about":[{"href":"https:\/\/baranowscy.eu\/wordpress\/wp-json\/wp\/v2\/types\/post"}],"author":[{"embeddable":true,"href":"https:\/\/baranowscy.eu\/wordpress\/wp-json\/wp\/v2\/users\/1"}],"replies":[{"embeddable":true,"href":"https:\/\/baranowscy.eu\/wordpress\/wp-json\/wp\/v2\/comments?post=13424"}],"version-history":[{"count":8,"href":"https:\/\/baranowscy.eu\/wordpress\/wp-json\/wp\/v2\/posts\/13424\/revisions"}],"predecessor-version":[{"id":13435,"href":"https:\/\/baranowscy.eu\/wordpress\/wp-json\/wp\/v2\/posts\/13424\/revisions\/13435"}],"wp:featuredmedia":[{"embeddable":true,"href":"https:\/\/baranowscy.eu\/wordpress\/wp-json\/wp\/v2\/media\/13437"}],"wp:attachment":[{"href":"https:\/\/baranowscy.eu\/wordpress\/wp-json\/wp\/v2\/media?parent=13424"}],"wp:term":[{"taxonomy":"category","embeddable":true,"href":"https:\/\/baranowscy.eu\/wordpress\/wp-json\/wp\/v2\/categories?post=13424"},{"taxonomy":"post_tag","embeddable":true,"href":"https:\/\/baranowscy.eu\/wordpress\/wp-json\/wp\/v2\/tags?post=13424"}],"curies":[{"name":"wp","href":"https:\/\/api.w.org\/{rel}","templated":true}]}}