{"id":12748,"date":"2022-10-03T22:38:40","date_gmt":"2022-10-03T20:38:40","guid":{"rendered":"https:\/\/baranowscy.eu\/wordpress\/?p=12748"},"modified":"2022-10-10T14:11:57","modified_gmt":"2022-10-10T12:11:57","slug":"jak-zalozylam-ogrod-spoleczny-na-osiedlu","status":"publish","type":"post","link":"https:\/\/baranowscy.eu\/wordpress\/jak-zalozylam-ogrod-spoleczny-na-osiedlu\/","title":{"rendered":"Jak za\u0142o\u017cy\u0142am ogr\u00f3d spo\u0142eczny na osiedlu"},"content":{"rendered":"<p><strong>Ogr\u00f3d spo\u0142eczny w mie\u015bcie? W\u0142a\u015bnie uda\u0142o mi si\u0119 zrealizowa\u0107 taki pomys\u0142 na moim osiedlu. Nie dzia\u0142a\u0142am sama, co wi\u0119cej &#8211; moje osobiste zaanga\u017cowanie by\u0142o tylko cz\u0119\u015bci\u0105 ca\u0142ego wysi\u0142ku, jaki zosta\u0142 w\u0142o\u017cony w realizacj\u0119 pomys\u0142u. Razem z Kasi\u0105 Rosp\u0119dowsk\u0105, kt\u00f3ra ogarnia\u0142a cz\u0119\u015b\u0107 zwi\u0105zan\u0105 z dokumentami, oraz gronem wspieraj\u0105cych nas os\u00f3b i instytucji, zamieni\u0142y\u015bmy m\u00f3j pomys\u0142 w namacaln\u0105 realizacj\u0119. Bardzo bym chcia\u0142a, \u017ceby inne osiedla, wsp\u00f3lnoty, sp\u00f3\u0142dzielnie znalaz\u0142y przestrze\u0144 na takie dzia\u0142anie.<\/strong><\/p>\n<p>Jak to si\u0119 wszystko zacz\u0119\u0142o? \u0179r\u00f3d\u0142o pomys\u0142u na ogr\u00f3d spo\u0142eczny jest w moim marzeniu, aby w miastach dost\u0119pne by\u0142y kompostowniki spo\u0142eczne. Moje kilkuletnie starania o to, aby kompostowniki pojawi\u0142y si\u0119 w przestrzeni miejskiej, zosta\u0142y chwilowo zawieszone. Dlaczego? Poniewa\u017c przepisy dotycz\u0105ce Warszawy (konkretnie przepisy zwi\u0105zane z gospodarowaniem odpad\u00f3w) uniemo\u017cliwiaj\u0105 stawianie kompostownik\u00f3w w miejscach, kt\u00f3re nale\u017c\u0105 do miasta czy dzielnicy, i blokuj\u0105 finansowanie projekt\u00f3w, kt\u00f3re taki kompostownik uwzgl\u0119dniaj\u0105. To by\u0142 zreszt\u0105 pow\u00f3d, dlaczego m\u00f3j projekt kompostownika do bud\u017cetu obywatelskiego zosta\u0142 odrzucony, podobnie jak nasz pierwszy projekt ogrodu spo\u0142ecznego.<\/p>\n<h2>Ogrody spo\u0142eczne w Warszawie<\/h2>\n<p>W moim mie\u015bcie funkcjonuj\u0105 ogrody (czasem ogr\u00f3dki), nad kt\u00f3rymi opiek\u0119 sprawuje spo\u0142eczno\u015b\u0107. Z za\u0142o\u017cenia taki ogr\u00f3d powstaje dzi\u0119ki inicjatywom oddolnym. Poniewa\u017c jest to w\u0142a\u015bnie inicjatywa spo\u0142eczna, wymaga grupy ludzi, kt\u00f3rzy deklaruj\u0105 swoje zaanga\u017cowanie.<\/p>\n<p>W Warszawie funkcjonuj\u0105 ju\u017c takie ogrody &#8211; chyba najbardziej znany jest ogr\u00f3d <a href=\"https:\/\/www.facebook.com\/motykaislonce\/\" target=\"_blank\" rel=\"noopener noreferrer\"><strong>Motyka i S\u0142o\u0144ce na Jazdowie<\/strong><\/a>, cho\u0107 ja inspirowa\u0142am si\u0119 przede wszystkim<strong> <a href=\"https:\/\/www.facebook.com\/OgrodModraszka\/\" target=\"_blank\" rel=\"noopener noreferrer\">Ogrodem Modraszka<\/a><\/strong>, kt\u00f3ry powsta\u0142 w mojej dzielnicy, na Bielanach. Na s\u0105siednim Bemowie tak\u017ce mamy taki ogr\u00f3d, cho\u0107 ma inny charakter ni\u017c nasze Zielone Piaski.<\/p>\n<p><strong>Ogrody spo\u0142eczne w Warszawie s\u0105 r\u00f3\u017cne przede wszystkim dlatego, \u017ce znajduj\u0105 si\u0119 w miejscach o zupe\u0142nie odmiennym charakterze.<\/strong> <strong><a href=\"https:\/\/www.facebook.com\/ogrodfort\/\" target=\"_blank\" rel=\"noopener noreferrer\">Ogr\u00f3d na Bemowie<\/a><\/strong> to przestrze\u0144 w pewien spos\u00f3b odzyskana: zagospodarowano teren opuszczonego sadu owocowego. Praca polega\u0142a na uporz\u0105dkowaniu nieco zdzicza\u0142ego terenu, kt\u00f3ry ju\u017c wcze\u015bniej by\u0142 swego rodzaju ogrodem.<\/p>\n<p>Na Jazdowie ogr\u00f3d powsta\u0142 zupe\u0142nie oddolnie, na terenach miasta, kt\u00f3re 8 lat temu by\u0142y niezagospodarowane. Na szcz\u0119\u015bcie w wyniku d\u0142ugich stara\u0144 osiedle Jazd\u00f3w zyska\u0142o oficjalnych opiekun\u00f3w &#8211; przynajmniej na jaki\u015b czas. To wyj\u0105tkowe miejsce na mapie Warszawy, gdzie w centrum miasta osta\u0142y si\u0119 pozosta\u0142o\u015bci osiedla domk\u00f3w fi\u0144skich. Cz\u0119\u015b\u0107 z nich jest zamieszkana, cz\u0119\u015bci\u0105 opiekuj\u0105 si\u0119 r\u00f3\u017cne organizacje, kt\u00f3re prowadz\u0105 projekty czy umo\u017cliwiaj\u0105 bezp\u0142atne korzystanie z przestrzeni Jazdowa np. na rzecz warsztat\u00f3w. Motyka i S\u0142o\u0144ce to ogr\u00f3d bazuj\u0105cy na zasadach ogrodnictwa permakulturowego, z pi\u0119knymi kompostownikami, kt\u00f3re pokazywa\u0142am w swojej ksi\u0105\u017cce.<\/p>\n<p>W miar\u0119 aktualn\u0105 mapk\u0119 z ogrodami spo\u0142ecznymi w Warszawie<strong> <a href=\"http:\/\/bujnawarszawa.pl\/ogrody\/\" target=\"_blank\" rel=\"noopener noreferrer\">zobaczycie tutaj<\/a><\/strong>.<\/p>\n<figure id=\"attachment_12765\" aria-describedby=\"caption-attachment-12765\" style=\"width: 1000px\" class=\"wp-caption aligncenter\"><a href=\"https:\/\/baranowscy.eu\/wordpress\/wp-content\/uploads\/2022\/10\/ogrod_spoleczny_9.jpg\"><img loading=\"lazy\" decoding=\"async\" class=\"wp-image-12765 size-full\" src=\"https:\/\/baranowscy.eu\/wordpress\/wp-content\/uploads\/2022\/10\/ogrod_spoleczny_9.jpg\" alt=\"Zupe\u0142ne pocz\u0105tki ogrodu Zielone Piaski, grz\u0105dki jeszcze \u0142yse\" width=\"1000\" height=\"667\" srcset=\"https:\/\/baranowscy.eu\/wordpress\/wp-content\/uploads\/2022\/10\/ogrod_spoleczny_9.jpg 1000w, https:\/\/baranowscy.eu\/wordpress\/wp-content\/uploads\/2022\/10\/ogrod_spoleczny_9-300x200.jpg 300w, https:\/\/baranowscy.eu\/wordpress\/wp-content\/uploads\/2022\/10\/ogrod_spoleczny_9-768x512.jpg 768w, https:\/\/baranowscy.eu\/wordpress\/wp-content\/uploads\/2022\/10\/ogrod_spoleczny_9-560x374.jpg 560w, https:\/\/baranowscy.eu\/wordpress\/wp-content\/uploads\/2022\/10\/ogrod_spoleczny_9-600x400.jpg 600w\" sizes=\"auto, (max-width: 1000px) 100vw, 1000px\" \/><\/a><figcaption id=\"caption-attachment-12765\" class=\"wp-caption-text\">Zupe\u0142ne pocz\u0105tki ogrodu Zielone Piaski, grz\u0105dki jeszcze \u0142yse<\/figcaption><\/figure>\n<h2>Chc\u0119 mie\u0107 ogr\u00f3d spo\u0142eczny na osiedlu &#8211; co zrobi\u0107?<\/h2>\n<p>Bardzo zach\u0119cam do kopiowania naszego pomys\u0142u i sposobu wykonania &#8211; bierzcie z nas przyk\u0142ad, ulepszajcie go,\u00a0 inicjujcie miejskie ogrodnictwo w swojej okolicy. Przedstawiam najwa\u017cniejsze punkty, nad kt\u00f3rymi warto usi\u0105\u015b\u0107 i pomy\u015ble\u0107, zanim przyst\u0105pi si\u0119 do dzia\u0142ania. Niekt\u00f3re z nich mog\u0105 by\u0107 niewykonalne u Was albo do przeprowadzenia zupe\u0142nie inaczej, dlatego podkre\u015blam, \u017ce bazuj\u0119 na naszym konkretnym przypadku.<\/p>\n<p>My\u015bl\u0119, \u017ce najwa\u017cniejsze s\u0105 odpowiedzi na cztery pytania.<\/p>\n<h3>1. Ogr\u00f3d spo\u0142eczny: po co?<\/h3>\n<p>Zapewniam, \u017ce cho\u0107 mo\u017cecie mie\u0107 w g\u0142owie i sercu najwi\u0119ksz\u0105 pewno\u015b\u0107 swojego pomys\u0142u, to bez solidnej gar\u015bci argument\u00f3w, po co to wszystko, nie dacie rady.<\/p>\n<p>Zastan\u00f3wcie si\u0119, dlaczego chcecie stworzy\u0107 ogr\u00f3d spo\u0142eczno\u015bciowy i co jest jego celem. Wymieni\u0119 najwa\u017cniejsze cele w wypadku Zielonych Piask\u00f3w:<\/p>\n<ul>\n<li>rewitalizacja terenu pozosta\u0142ego po wyburzeniu budynku (by\u0142a to hydrofornia, kt\u00f3rej zburzone \u015bciany zosta\u0142y wsypane do \u015brodka, a teren wyr\u00f3wnano i pokryto niewielk\u0105 warstw\u0105 ziemi),<\/li>\n<li>mi\u0119dzypokoleniowa integracja mieszkanek i mieszka\u0144c\u00f3w osiedla,<\/li>\n<li>w\u0142\u0105czenie przedszkola w \u017cycie osiedla,<\/li>\n<li>zwi\u0119kszenie bior\u00f3\u017cnorodno\u015bci,<\/li>\n<li>o\u017cywienie przestrzeni w nowatorski spos\u00f3b,<\/li>\n<li>zwr\u00f3cenie uwagi na zagadnienie miejskiego ogrodnictwa,<\/li>\n<li>edukacja mieszkanek i mieszka\u0144c\u00f3w oraz zach\u0119cenie ich do wzi\u0119cia odpowiedzialno\u015bci za swoj\u0105 przestrze\u0144.<\/li>\n<\/ul>\n<figure id=\"attachment_12769\" aria-describedby=\"caption-attachment-12769\" style=\"width: 1000px\" class=\"wp-caption aligncenter\"><a href=\"https:\/\/baranowscy.eu\/wordpress\/wp-content\/uploads\/2022\/10\/ogrod_spoleczny_6.jpg\"><img loading=\"lazy\" decoding=\"async\" class=\"size-full wp-image-12769\" src=\"https:\/\/baranowscy.eu\/wordpress\/wp-content\/uploads\/2022\/10\/ogrod_spoleczny_6.jpg\" alt=\"Wystarczy wyj\u015b\u0107 do ogrodu i od razu spotyka si\u0119 kogo\u015b znajomego\" width=\"1000\" height=\"667\" srcset=\"https:\/\/baranowscy.eu\/wordpress\/wp-content\/uploads\/2022\/10\/ogrod_spoleczny_6.jpg 1000w, https:\/\/baranowscy.eu\/wordpress\/wp-content\/uploads\/2022\/10\/ogrod_spoleczny_6-300x200.jpg 300w, https:\/\/baranowscy.eu\/wordpress\/wp-content\/uploads\/2022\/10\/ogrod_spoleczny_6-768x512.jpg 768w, https:\/\/baranowscy.eu\/wordpress\/wp-content\/uploads\/2022\/10\/ogrod_spoleczny_6-560x374.jpg 560w, https:\/\/baranowscy.eu\/wordpress\/wp-content\/uploads\/2022\/10\/ogrod_spoleczny_6-600x400.jpg 600w\" sizes=\"auto, (max-width: 1000px) 100vw, 1000px\" \/><\/a><figcaption id=\"caption-attachment-12769\" class=\"wp-caption-text\">Wystarczy wyj\u015b\u0107 do ogrodu i od razu spotyka si\u0119 kogo\u015b znajomego<\/figcaption><\/figure>\n<h3>2. Ogr\u00f3d spo\u0142eczny: kto?<\/h3>\n<p>To, jak sama nazwa wskazuje, jest inicjatywa spo\u0142eczna. Oddolna i prowadzona pro bono przez osoby zaanga\u017cowane.<\/p>\n<p>Do opieki nad ogrodem potrzebny jest zesp\u00f3\u0142, kt\u00f3ry zobowi\u0105\u017ce si\u0119 do brania czynnego udzia\u0142u w \u017cyciu ogrodu i wzi\u0119cia odpowiedzialno\u015bci za swoj\u0105 grz\u0105dk\u0119. Mo\u017cna skrzykn\u0105\u0107 si\u0119 i w spos\u00f3b demokratyczny wybiera\u0107 rozwi\u0105zania lub zrobi\u0107 tak, jak my &#8211; ze wzgl\u0119du na du\u017ce osiedle i wci\u0105\u017c jeszcze niewielk\u0105 integracj\u0119 mieszkanek i mieszka\u0144c\u00f3w wzi\u0119\u0142y\u015bmy sprawy w swoje r\u0119ce. Zosta\u0142y\u015bmy\u00a0z Kasi\u0105 dwiema koordynatorkami projektu, kt\u00f3re wzi\u0119\u0142y na siebie ci\u0119\u017car konkretnych zada\u0144, zw\u0142aszcza tych, kt\u00f3re wymaga\u0142y pracy na samym pocz\u0105tku. Nale\u017ca\u0142o do nich:<\/p>\n<ul>\n<li>opisanie pomys\u0142u, nie tylko, jak ma to wszystko wygl\u0105da\u0107 (donice, ro\u015bliny, narz\u0119dzia, kompostownik, kt\u00f3ry musia\u0142y\u015bmy skre\u015bli\u0107) i jak funkcjonowa\u0107, ale tak\u017ce jaki jest cel naszego przedsi\u0119wzi\u0119cia,<\/li>\n<li>uzyskanie zgody zarz\u0105dcy terenu &#8211; to mo\u017ce by\u0107 najtrudniejsza cz\u0119\u015b\u0107 zadania, niezale\u017cnie od tego, czy teren nale\u017cy do miasta, dzielnicy, wsp\u00f3lnoty, sp\u00f3\u0142dzielni, czy jest w r\u0119kach prywatnych; w naszym wypadku by\u0142a to sympatyczna formalno\u015b\u0107, o czym w punkcie nr 3,<\/li>\n<li>znalezienie ch\u0119tnych do w\u0142\u0105czenia si\u0119 w nasz projekt: zaprosi\u0142y\u015bmy do wsp\u00f3\u0142pracy pobliskie przedszkole (otrzyma\u0142o do opieki 4 grz\u0105dki), do dyspozycji mieszkanek i mieszka\u0144c\u00f3w by\u0142o 20 grz\u0105dek,<\/li>\n<li>napisanie wniosku i kontakt z urz\u0119dem, podpisanie umowy i czuwanie nad realizacj\u0105 przedsi\u0119wzi\u0119cia,<\/li>\n<li>promocja ogrodu, wyja\u015bnianie naszego pomys\u0142u i w\u0142\u0105czanie do dzia\u0142a\u0144 osoby z naszego osiedla.<\/li>\n<\/ul>\n<p>Podpowiem tak\u017ce, \u017ce warto do projektu wci\u0105gn\u0105\u0107 jak\u0105\u015b plac\u00f3wk\u0119 edukacyjn\u0105 albo kulturaln\u0105. Mo\u017ce to by\u0107 przedszkole, szko\u0142a, klub seniora &#8211; wsp\u00f3\u0142praca z tak\u0105 jednostk\u0105 wzmocni Wasz\u0105 pozycj\u0119 w momencie ubiegania si\u0119 o \u015brodki.<\/p>\n<figure id=\"attachment_12767\" aria-describedby=\"caption-attachment-12767\" style=\"width: 1000px\" class=\"wp-caption aligncenter\"><a href=\"https:\/\/baranowscy.eu\/wordpress\/wp-content\/uploads\/2022\/10\/ogrod_spoleczny_4.jpg\"><img loading=\"lazy\" decoding=\"async\" class=\"size-full wp-image-12767\" src=\"https:\/\/baranowscy.eu\/wordpress\/wp-content\/uploads\/2022\/10\/ogrod_spoleczny_4.jpg\" alt=\"Ja i Kasia roz\u0142adowujemy ziemi\u0119. Ogr\u00f3d spo\u0142eczny opiera si\u0119 na dobrowolnym uczestnictwie, ale i zobowi\u0105zaniach\" width=\"1000\" height=\"667\" srcset=\"https:\/\/baranowscy.eu\/wordpress\/wp-content\/uploads\/2022\/10\/ogrod_spoleczny_4.jpg 1000w, https:\/\/baranowscy.eu\/wordpress\/wp-content\/uploads\/2022\/10\/ogrod_spoleczny_4-300x200.jpg 300w, https:\/\/baranowscy.eu\/wordpress\/wp-content\/uploads\/2022\/10\/ogrod_spoleczny_4-768x512.jpg 768w, https:\/\/baranowscy.eu\/wordpress\/wp-content\/uploads\/2022\/10\/ogrod_spoleczny_4-560x374.jpg 560w, https:\/\/baranowscy.eu\/wordpress\/wp-content\/uploads\/2022\/10\/ogrod_spoleczny_4-600x400.jpg 600w\" sizes=\"auto, (max-width: 1000px) 100vw, 1000px\" \/><\/a><figcaption id=\"caption-attachment-12767\" class=\"wp-caption-text\">Ja i Kasia roz\u0142adowujemy ziemi\u0119. Ogr\u00f3d spo\u0142eczny opiera si\u0119 na dobrowolnym uczestnictwie, ale i zobowi\u0105zaniach<\/figcaption><\/figure>\n<h3>3. Ogr\u00f3d spo\u0142eczny: gdzie?<\/h3>\n<p>Ogr\u00f3d mo\u017ce powsta\u0107 w miejscu, kt\u00f3re macie ju\u017c na oku, bo widzicie, \u017ce jest zaniedbane albo brakuje w nim zieleni. Mo\u017cecie zaopiekowa\u0107 si\u0119 terenem, kt\u00f3ry zosta\u0142 porzucony i zdzicza\u0142, albo po prostu wydaje si\u0119 Wam odpowiedni.<\/p>\n<p>W moim wypadku pomys\u0142 na ogr\u00f3d by\u0142 pierwszy, a potem dopiero zacz\u0119\u0142am my\u015ble\u0107, gdzie. Tak te\u017c mo\u017cna &#8211; <strong>czasem miejsce wybiera nas, a czasem my &#8211; miejsce<\/strong>. Du\u017co zale\u017cy od naszego pomys\u0142u na wygl\u0105d i funkcjonalno\u015b\u0107 ogrodu. W naszym przypadku tworzymy wszystko od zera, bo ziemia, na kt\u00f3rej stan\u0119\u0142y donice, jest niestety po przej\u015bciach. Pod warstw\u0105 gleby znajduje si\u0119 pogrzebany budynek, a przez kilka miesi\u0119cy w tym w\u0142a\u015bnie miejscu sta\u0142y barakowozy robotnik\u00f3w, kt\u00f3rzy remontowali nam balkony.<\/p>\n<p>My dopiero zaczynamy nasz\u0105 przygod\u0119 i my\u015bl\u0119, \u017ce z czasem nasz ogr\u00f3d zyska otoczenie np. w postaci krzew\u00f3w, kt\u00f3re os\u0142oni\u0105 donice od wiatru. B\u0119dzie cz\u0119\u015bci\u0105 zmian, kt\u00f3re chcia\u0142yby\u015bmy wprowadzi\u0107 na naszym osiedlu.<\/p>\n<p>W tym wszystkim bardzo istotn\u0105 spraw\u0105 jest uzyskanie zgody zarz\u0105dcy terenu, kt\u00f3rym zamierzamy si\u0119 zaopiekowa\u0107. Zw\u0142aszcza je\u015bli planujemy zdoby\u0107 finansowanie zewn\u0119trzne i musimy mie\u0107 uregulowany status tego miejsca. Na mapie w\u0142asno\u015bci grunt\u00f3w trzeba najpierw sprawdzi\u0107, do kogo nale\u017cy teren albo komu jest dzier\u017cawiony.<\/p>\n<p><strong>Dobrze jest zawrze\u0107 pisemne porozumienie, \u017ce zarz\u0105dca zgadza si\u0119 na utworzenie ogrodu na swoim terenie.<\/strong><\/p>\n<p>Ja i Kasia musia\u0142y\u015bmy wyst\u0105pi\u0107 o udost\u0119pnienie nam terenu sp\u00f3\u0142dzielni do zarz\u0105du sp\u00f3\u0142dzielni mieszkaniowej, kt\u00f3rej cz\u0142onkiniami jeste\u015bmy. Poniewa\u017c od roku jeste\u015bmy te\u017c w radzie nadzorczej sp\u00f3\u0142dzielni, da\u0142y\u015bmy si\u0119 ju\u017c pozna\u0107 i dosta\u0142y\u015bmy kredyt zaufania. Zarz\u0105d sp\u00f3\u0142dzielni bardzo wspiera\u0142 nasze dzia\u0142ania. Zdaj\u0119 sobie spraw\u0119, \u017ce to nie jest norma i pozyskanie zgody na organizacj\u0119 ogrodu na czyim\u015b (lub wsp\u00f3lnym) terenie mo\u017ce wi\u0105za\u0107 si\u0119 z wi\u0119ksz\u0105 przepraw\u0105.<\/p>\n<figure id=\"attachment_12766\" aria-describedby=\"caption-attachment-12766\" style=\"width: 1000px\" class=\"wp-caption aligncenter\"><a href=\"https:\/\/baranowscy.eu\/wordpress\/wp-content\/uploads\/2022\/10\/ogrod_spoleczny_3.jpg\"><img loading=\"lazy\" decoding=\"async\" class=\"size-full wp-image-12766\" src=\"https:\/\/baranowscy.eu\/wordpress\/wp-content\/uploads\/2022\/10\/ogrod_spoleczny_3.jpg\" alt=\"Ustawianie naszych donic\" width=\"1000\" height=\"667\" srcset=\"https:\/\/baranowscy.eu\/wordpress\/wp-content\/uploads\/2022\/10\/ogrod_spoleczny_3.jpg 1000w, https:\/\/baranowscy.eu\/wordpress\/wp-content\/uploads\/2022\/10\/ogrod_spoleczny_3-300x200.jpg 300w, https:\/\/baranowscy.eu\/wordpress\/wp-content\/uploads\/2022\/10\/ogrod_spoleczny_3-768x512.jpg 768w, https:\/\/baranowscy.eu\/wordpress\/wp-content\/uploads\/2022\/10\/ogrod_spoleczny_3-560x374.jpg 560w, https:\/\/baranowscy.eu\/wordpress\/wp-content\/uploads\/2022\/10\/ogrod_spoleczny_3-600x400.jpg 600w\" sizes=\"auto, (max-width: 1000px) 100vw, 1000px\" \/><\/a><figcaption id=\"caption-attachment-12766\" class=\"wp-caption-text\">Ustawianie naszych donic<\/figcaption><\/figure>\n<h3>4. Ogr\u00f3d spo\u0142eczny: jak\/za co?<\/h3>\n<p><strong>Nie da si\u0119 ukry\u0107, \u017ce ogr\u00f3d spo\u0142eczny wymaga nak\u0142ad\u00f3w finansowych.<\/strong> W zale\u017cno\u015bci od tego, co jest do zrobienia, by\u0107 mo\u017ce b\u0119dzie potrzebna niwelacja terenu, zam\u00f3wienie jakich\u015b rob\u00f3t (np. koszenie kos\u0105 spalinow\u0105, je\u015bli teren jest mocno zaro\u015bni\u0119ty), usuni\u0119cie zalegaj\u0105cego gruzu itp. Kolejn\u0105 rzecz\u0105 s\u0105 grz\u0105dki &#8211; czasem wystarczy wytyczy\u0107 je na ziemi, a czasem &#8211; jak w naszym wypadku &#8211; zam\u00f3wi\u0107 wykonanie grz\u0105dek podniesionych.<\/p>\n<p>Na naszym terenie, gdzie pod traw\u0105 jest niewielka warstwa ziemi, postanowi\u0142y\u015bmy ustawi\u0107 drewniane grz\u0105dki podniesione. Mia\u0142o to kilka przyczyn. Po pierwsze, nie wymaga to ingerencji w pod\u0142o\u017ce (co do kt\u00f3rego nie wiemy do ko\u0144ca, co kryje). Po drugie, umo\u017cliwia ustawienie \u0142adnych donic, kt\u00f3re same w sobie s\u0105 estetyczne &#8211; nawet nie spodziewa\u0142y\u015bmy si\u0119, \u017ce b\u0119d\u0105 takie \u0142adne. Nasze donice-skrzynki zosta\u0142y wykonane z drewna sosnowego i podw\u00f3jnie zabezpieczone bejc\u0105. Maj\u0105 mo\u017cliwo\u015b\u0107 ocieplenia wewn\u0119trznego styropianem.\u00a0Trzecim powodem, dlaczego wybra\u0142y\u015bmy grz\u0105dki podniesione, by\u0142a wygoda piel\u0119gnowania ro\u015blin.<\/p>\n<figure id=\"attachment_12772\" aria-describedby=\"caption-attachment-12772\" style=\"width: 1000px\" class=\"wp-caption aligncenter\"><a href=\"https:\/\/baranowscy.eu\/wordpress\/wp-content\/uploads\/2022\/10\/ogrod_spoleczny_10.jpg\"><img loading=\"lazy\" decoding=\"async\" class=\"size-full wp-image-12772\" src=\"https:\/\/baranowscy.eu\/wordpress\/wp-content\/uploads\/2022\/10\/ogrod_spoleczny_10.jpg\" alt=\"Ogr\u00f3d spo\u0142eczny Zielone Piaski, jedna z dw\u00f3ch tablic informacyjnych\" width=\"1000\" height=\"667\" srcset=\"https:\/\/baranowscy.eu\/wordpress\/wp-content\/uploads\/2022\/10\/ogrod_spoleczny_10.jpg 1000w, https:\/\/baranowscy.eu\/wordpress\/wp-content\/uploads\/2022\/10\/ogrod_spoleczny_10-300x200.jpg 300w, https:\/\/baranowscy.eu\/wordpress\/wp-content\/uploads\/2022\/10\/ogrod_spoleczny_10-768x512.jpg 768w, https:\/\/baranowscy.eu\/wordpress\/wp-content\/uploads\/2022\/10\/ogrod_spoleczny_10-560x374.jpg 560w, https:\/\/baranowscy.eu\/wordpress\/wp-content\/uploads\/2022\/10\/ogrod_spoleczny_10-600x400.jpg 600w\" sizes=\"auto, (max-width: 1000px) 100vw, 1000px\" \/><\/a><figcaption id=\"caption-attachment-12772\" class=\"wp-caption-text\">Ogr\u00f3d spo\u0142eczny Zielone Piaski, jedna z dw\u00f3ch tablic informacyjnych<\/figcaption><\/figure>\n<p>Wiedzia\u0142y\u015bmy, \u017ce potrzebujemy \u015brodk\u00f3w na donice i ziemi\u0119, do tego dosz\u0142y: narz\u0119dzia i konewki (komplet na ka\u017cd\u0105 donic\u0119) oraz dwie tablice informacyjne na temat przedsi\u0119wzi\u0119cia. Sadzonki s\u0105 ju\u017c po stronie opiekunek i opiekun\u00f3w grz\u0105dek, kt\u00f3rzy podpisuj\u0105 deklaracj\u0119 zaopiekowania si\u0119 swoj\u0105 cz\u0119\u015bci\u0105 ogrodu. Podobnie praca spo\u0142eczna zwi\u0105zana z organizowaniem ogrodu jest ju\u017c w gestii os\u00f3b, kt\u00f3re podj\u0119\u0142y si\u0119 opieki nad grz\u0105dkami. My mia\u0142y\u015bmy wsparcie pracownik\u00f3w sp\u00f3\u0142dzielni i oczywi\u015bcie s\u0105siadek i s\u0105siad\u00f3w. Bez tego po prostu nie da\u0142oby si\u0119 dzia\u0142a\u0107.<\/p>\n<p><strong>Pozyskanie \u015brodk\u00f3w jest mo\u017cliwe na r\u00f3\u017cne sposoby<\/strong> (granty, konkursy, wsp\u00f3\u0142praca z korporacjami), zawsze warto szuka\u0107 kilku \u017ar\u00f3de\u0142 finansowania.<\/p>\n<p>W naszym wypadku niezb\u0119dne koszty by\u0142y pokryte przez miasto, za po\u015brednictwem Urz\u0119du Dzielnicy Bielany. Sta\u0142o si\u0119 to mo\u017cliwe dzi\u0119ki<strong> inicjatywie lokalnej<\/strong> &#8211; narz\u0119dziu dost\u0119pnemu w Warszawie, ale tak\u017ce w innych miastach.<\/p>\n<h2>Inicjatywa lokalna<\/h2>\n<p>Na wst\u0119pie &#8211; inicjatywa lokalna to program prowadzony przez r\u00f3\u017cne miasta. My skorzysta\u0142y\u015bmy z programu Urz\u0119du\u00a0 m.st. Warszawy i realizowa\u0142y\u015bmy go za po\u015brednictwem urz\u0119du naszej dzielnicy &#8211; UD Bielany.<\/p>\n<blockquote><p>Inicjatywa lokalna to jedna z form wsp\u00f3\u0142pracy samorz\u0105du z mieszka\u0144cami. S\u0142u\u017cy wsp\u00f3lnej realizacji zada\u0144 publicznych na rzecz lokalnej spo\u0142eczno\u015bci. Je\u015bli mieszka\u0144cy maj\u0105 pomys\u0142 na konkretne, wa\u017cne dla swojej okolicy dzia\u0142ania i chc\u0105 zaanga\u017cowa\u0107 si\u0119 w ich wykonanie, mog\u0105 z\u0142o\u017cy\u0107 do Urz\u0119du m.st. Warszawy wniosek o realizacj\u0119 zadania publicznego w ramach inicjatywy lokalnej.<\/p><\/blockquote>\n<p>Wszystkie najwa\u017cniejsze informacje na temat warszawskiej inicjatywy lokalnej znajdziecie w <a href=\"https:\/\/um.warszawa.pl\/waw\/sasiedzka\/inicjatywa-wniosek\" target=\"_blank\" rel=\"noopener noreferrer\"><strong>broszurze informacyjnej do pobrania na tej stronie<\/strong><\/a>.<\/p>\n<p><strong>Najistotniejsze informacje i za\u0142o\u017cenia:<\/strong><\/p>\n<ul>\n<li>wniosek sk\u0142adaj\u0105 <strong>dwie osoby lub wi\u0119cej lub organizacja pozarz\u0105dowa<\/strong> w ich imieniu; mog\u0105 by\u0107 to osoby niepe\u0142noletnie (umow\u0119 podpisuje jednak osoba pe\u0142noletnia, np. opiekun wnioskodawcy_czyni),<\/li>\n<li>w ka\u017cdej dzielnicy inicjatyw\u0105 lokaln\u0105 zajmuj\u0105 si\u0119 <strong>wyznaczeni koordynatorzy i koordynatorki<\/strong>, do kt\u00f3rych sk\u0142ada si\u0119 wniosek o inicjatyw\u0119,<\/li>\n<li>wnioski mo\u017cna sk\u0142ada\u0107 przez <strong>ca\u0142y rok<\/strong>, natomiast realizacja projektu mo\u017ce by\u0107 d\u0142u\u017csza ni\u017c 12 miesi\u0119cy (w naszym wypadku by\u0142o to oko\u0142o 5 miesi\u0119cy),<\/li>\n<li>dzia\u0142ania realizowane w ramach inicjatywy lokalnej musz\u0105 by\u0107 <strong>bezp\u0142atne dla odbiorc\u00f3w<\/strong>,<\/li>\n<li><strong>jest a\u017c 12 temat\u00f3w, w kt\u00f3rych mo\u017cna zg\u0142osi\u0107 projekt<\/strong>; nasz projekt zahacza\u0142 o punkty: dzia\u0142alno\u015b\u0107 wspomagaj\u0105cej rozw\u00f3j wsp\u00f3lnot i spo\u0142eczno\u015bci lokalnych oraz ochrona przyrody, w tym zieleni w miastach i wsiach, ekologii i ochrony zwierz\u0105t oraz ochrona dziedzictwa przyrodniczego,<\/li>\n<li><strong>lokalna spo\u0142eczno\u015b\u0107<\/strong>, kt\u00f3ra b\u0119dzie zaanga\u017cowana w realizacj\u0119 projektu, <strong>deklaruje sw\u00f3j wk\u0142ad<\/strong> &#8211; praca spo\u0142eczna, wk\u0142ad rzeczowy, ewentualnie wsparcie finansowe,<\/li>\n<li><strong>pomoc urz\u0119du<\/strong> mo\u017ce polega\u0107 na wsparciu rzeczowym, zam\u00f3wieniu rob\u00f3t np. budowlanych, udost\u0119pnieniu sprz\u0119tu czy miejsca.<\/li>\n<\/ul>\n<figure id=\"attachment_12768\" aria-describedby=\"caption-attachment-12768\" style=\"width: 1000px\" class=\"wp-caption aligncenter\"><a href=\"https:\/\/baranowscy.eu\/wordpress\/wp-content\/uploads\/2022\/10\/ogrod_spoleczny_5.jpg\"><img loading=\"lazy\" decoding=\"async\" class=\"size-full wp-image-12768\" src=\"https:\/\/baranowscy.eu\/wordpress\/wp-content\/uploads\/2022\/10\/ogrod_spoleczny_5.jpg\" alt=\"Julek ma tak\u017ce swoj\u0105 grz\u0105dk\u0119\" width=\"1000\" height=\"667\" srcset=\"https:\/\/baranowscy.eu\/wordpress\/wp-content\/uploads\/2022\/10\/ogrod_spoleczny_5.jpg 1000w, https:\/\/baranowscy.eu\/wordpress\/wp-content\/uploads\/2022\/10\/ogrod_spoleczny_5-300x200.jpg 300w, https:\/\/baranowscy.eu\/wordpress\/wp-content\/uploads\/2022\/10\/ogrod_spoleczny_5-768x512.jpg 768w, https:\/\/baranowscy.eu\/wordpress\/wp-content\/uploads\/2022\/10\/ogrod_spoleczny_5-560x374.jpg 560w, https:\/\/baranowscy.eu\/wordpress\/wp-content\/uploads\/2022\/10\/ogrod_spoleczny_5-600x400.jpg 600w\" sizes=\"auto, (max-width: 1000px) 100vw, 1000px\" \/><\/a><figcaption id=\"caption-attachment-12768\" class=\"wp-caption-text\">Julek ma tak\u017ce swoj\u0105 grz\u0105dk\u0119<\/figcaption><\/figure>\n<p><strong>We wniosku, kt\u00f3ry sk\u0142ada si\u0119 do urz\u0119du dzielnicy<\/strong> (wydzia\u0142 obs\u0142ugi mieszka\u0144c\u00f3w), znajduje si\u0119 kilka tabel i p\u00f3l do wype\u0142nienia. Warto skorzysta\u0107 z pomocy urz\u0119dowej, \u017ceby tak wype\u0142ni\u0107 dokumenty, \u017ceby nie musie\u0107 ich poprawia\u0107.<\/p>\n<p>Nasz wniosek zosta\u0142 za pierwszy razem odrzucony z powodu kompostownika, kt\u00f3ry mia\u0142 stan\u0105\u0107 w naszym ogrodzie. Jak ju\u017c pisa\u0142am, kompostownika by\u0107 nie mog\u0142o, wi\u0119c po odmownej decyzji (o kt\u00f3rej wiedzia\u0142y\u015bmy wcze\u015bniej) dosta\u0142y\u015bmy kolejn\u0105 szans\u0119 i du\u017co wsparcia merytorycznego ze strony UD. Kasia Rosp\u0119dowska, kt\u00f3ra zajmowa\u0142a si\u0119 wnioskiem, korzysta\u0142a z podpowiedzi naszej koordynatorki, i za drugim razem si\u0119 uda\u0142o.<\/p>\n<h2>Na przysz\u0142o\u015b\u0107: czy to zadzia\u0142a?<\/h2>\n<p>Zorganizowa\u0142y\u015bmy razem z nasz\u0105 sp\u00f3\u0142dzielni\u0105, Urz\u0119dem Dzielnicy i oczywi\u015bcie opiekunkami i opiekunami grz\u0105dek uroczyste otwarcie naszego ogrodu. Symboliczn\u0105 wst\u0119g\u0119 (pn\u0105cze bluszczu) przecina\u0142 burmistrz Bielan Grzegorz Pietruczuk, jego zast\u0119pca W\u0142odzimierz Pi\u0105tkowski oraz radny dzielnicy Krystian Lisiak. My\u015bl\u0119, \u017ce to ju\u017c \u015bwiadczy o du\u017cym wsparciu, kt\u00f3re dosta\u0142y\u015bmy od dzielnicy, za co jeste\u015bmy bardzo wdzi\u0119czne.<\/p>\n<figure id=\"attachment_12762\" aria-describedby=\"caption-attachment-12762\" style=\"width: 1000px\" class=\"wp-caption aligncenter\"><a href=\"https:\/\/baranowscy.eu\/wordpress\/wp-content\/uploads\/2022\/10\/ogrod_spoleczny_1.jpg\"><img loading=\"lazy\" decoding=\"async\" class=\"wp-image-12762 size-full\" src=\"https:\/\/baranowscy.eu\/wordpress\/wp-content\/uploads\/2022\/10\/ogrod_spoleczny_1.jpg\" alt=\"Uroczyste otwarcie ogrodu spo\u0142ecznego Zielone Piaski 1 X 2022 r.\" width=\"1000\" height=\"667\" srcset=\"https:\/\/baranowscy.eu\/wordpress\/wp-content\/uploads\/2022\/10\/ogrod_spoleczny_1.jpg 1000w, https:\/\/baranowscy.eu\/wordpress\/wp-content\/uploads\/2022\/10\/ogrod_spoleczny_1-300x200.jpg 300w, https:\/\/baranowscy.eu\/wordpress\/wp-content\/uploads\/2022\/10\/ogrod_spoleczny_1-768x512.jpg 768w, https:\/\/baranowscy.eu\/wordpress\/wp-content\/uploads\/2022\/10\/ogrod_spoleczny_1-560x374.jpg 560w, https:\/\/baranowscy.eu\/wordpress\/wp-content\/uploads\/2022\/10\/ogrod_spoleczny_1-600x400.jpg 600w\" sizes=\"auto, (max-width: 1000px) 100vw, 1000px\" \/><\/a><figcaption id=\"caption-attachment-12762\" class=\"wp-caption-text\">Uroczyste otwarcie ogrodu spo\u0142ecznego Zielone Piaski 1 X 2022 r.<\/figcaption><\/figure>\n<p><strong>Pojawienie si\u0119 naszych grz\u0105dek wzbudzi\u0142o zainteresowanie mieszkanek i mieszka\u0144c\u00f3w<\/strong>, to oczywiste. I cho\u0107 prowadzi\u0142y\u015bmy zapisy na skrzynie przez 3 miesi\u0105ce zanim dosta\u0142y\u015bmy skrzynie, <strong>dopiero gdy ogr\u00f3dek zacz\u0105\u0142 si\u0119 materializowa\u0107, zapisy ruszy\u0142y z kopyta<\/strong>. Ba, zabrak\u0142o grz\u0105dek dla ch\u0119tnych.<\/p>\n<p>Jeste\u015bmy na razie na pocz\u0105tku naszej drogi, jest jesie\u0144 i w grz\u0105dkach znalaz\u0142y si\u0119 typowo jesienne ro\u015bliny oraz cebulki, kt\u00f3re wykie\u0142kuj\u0105 na wiosn\u0119. Mam \u015bwiadomo\u015b\u0107, \u017ce zim\u0105 mo\u017ce niewiele si\u0119 dzia\u0107 wok\u00f3\u0142 naszego ogrodu, by\u0107 mo\u017ce b\u0119dzie wygl\u0105da\u0107 on troch\u0119 smutno i nie tak kolorowo jak dzi\u015b. Dopiero na wiosn\u0119 pojawi\u0105 si\u0119 cebulkowate i grz\u0105dki o\u017cyj\u0105.<\/p>\n<p><strong>Dzi\u0119ki spotkaniu z Agnieszk\u0105 Kuczm\u0105 z Ogrodu Modraszka<\/strong> podczas naszej imprezy inauguracyjnej dowiedzieli\u015bmy si\u0119 wszyscy, \u017ce to normalne, \u017ce grz\u0105dki b\u0119d\u0105 zmienia\u0107 w\u0142a\u015bcicieli. \u017be entuzjazm opada, \u017ce ludzie wyprowadzaj\u0105 si\u0119, choruj\u0105, trac\u0105 zainteresowanie. \u017be rotacja opiekunek i opiekun\u00f3w jest naturalna. Nie trzeba si\u0119 tym martwi\u0107 ani tego ba\u0107, wa\u017cne, \u017ceby ogr\u00f3d mia\u0142 zawsze kogo\u015b, kto czujnym okiem pilnuje porz\u0105dku i do kogo mo\u017cna si\u0119 zg\u0142osi\u0107 w r\u00f3\u017cnych sprawach zwi\u0105zanych z grz\u0105dk\u0105. Jeste\u015bmy z Kasi\u0105 opiekunkami ogrodu i na naszych barkach spoczywa odpowiedzialno\u015b\u0107 za przedsi\u0119wzi\u0119cie. My\u015bl\u0119, \u017ce nam entuzjazmu nie zabraknie, a wr\u0119cz przeciwnie, chcemy realizowa\u0107 kolejne pomys\u0142y.<\/p>\n<p><strong>Jako ciekawostk\u0119 z rado\u015bci\u0105 podziel\u0119 si\u0119 obserwacj\u0105, \u017ce dzi\u0119ki blisko\u015bci przedszkola i dw\u00f3ch blok\u00f3w nasz ogr\u00f3dek staje si\u0119 miejscem spotka\u0144 znajomych i nieznajomych.<\/strong> Ilekro\u0107 wyjd\u0119 pogrzeba\u0107 w grz\u0105dce, zaraz kogo\u015b spotykam, co przeradza si\u0119 w sympatyczn\u0105 rozmow\u0119 &#8211; wcale nie tylko o ogrodzie. To w\u0142a\u015bnie by\u0142 jeden z cel\u00f3w naszego projektu, aby integrowa\u0107 wszystkich, nawet je\u015bli nie za\u0142apali si\u0119 na swoj\u0105 grz\u0105dk\u0119. I to dzia\u0142a!<\/p>\n<figure id=\"attachment_12771\" aria-describedby=\"caption-attachment-12771\" style=\"width: 1000px\" class=\"wp-caption aligncenter\"><a href=\"https:\/\/baranowscy.eu\/wordpress\/wp-content\/uploads\/2022\/10\/ogrod_spoleczny_8.jpg\"><img loading=\"lazy\" decoding=\"async\" class=\"size-full wp-image-12771\" src=\"https:\/\/baranowscy.eu\/wordpress\/wp-content\/uploads\/2022\/10\/ogrod_spoleczny_8.jpg\" alt=\"Nasz ogr\u00f3d spo\u0142eczny w jesiennej ods\u0142onie\" width=\"1000\" height=\"667\" srcset=\"https:\/\/baranowscy.eu\/wordpress\/wp-content\/uploads\/2022\/10\/ogrod_spoleczny_8.jpg 1000w, https:\/\/baranowscy.eu\/wordpress\/wp-content\/uploads\/2022\/10\/ogrod_spoleczny_8-300x200.jpg 300w, https:\/\/baranowscy.eu\/wordpress\/wp-content\/uploads\/2022\/10\/ogrod_spoleczny_8-768x512.jpg 768w, https:\/\/baranowscy.eu\/wordpress\/wp-content\/uploads\/2022\/10\/ogrod_spoleczny_8-560x374.jpg 560w, https:\/\/baranowscy.eu\/wordpress\/wp-content\/uploads\/2022\/10\/ogrod_spoleczny_8-600x400.jpg 600w\" sizes=\"auto, (max-width: 1000px) 100vw, 1000px\" \/><\/a><figcaption id=\"caption-attachment-12771\" class=\"wp-caption-text\">Nasz ogr\u00f3d spo\u0142eczny w jesiennej ods\u0142onie<\/figcaption><\/figure>\n<h2>Skargi, za\u017calenia i sprzeciwy<\/h2>\n<p>Na to, \u017ce nawet najciekawszy pomys\u0142 spotka si\u0119 z krytyk\u0105, niezadowoleniem, a nawet protestem, by\u0142y\u015bmy przygotowane. Po og\u0142oszeniu informacji o ogr\u00f3dku do sp\u00f3\u0142dzielni wp\u0142yn\u0105\u0142 jednak tylko jeden pisemny g\u0142os, \u017ce komu\u015b si\u0119 ten pomys\u0142 nie podoba.<\/p>\n<p>Je\u015bli chcecie dzia\u0142a\u0107 w spo\u0142eczno\u015bci, kt\u00f3ra nie jest zgranym organizmem, s\u0105siedzi ledwo znaj\u0105 si\u0119 z widzenia i nie obchodzi ich w\u0142a\u015bciwie otoczenie, przygotujcie si\u0119 na to, \u017ce zmierzycie si\u0119 z r\u00f3\u017cnymi reakcjami. W naszym wypadku przewa\u017caj\u0105 g\u0142osy zadowolenia, czasem wr\u0119cz zachwytu, wyra\u017caj\u0105ce entuzjazm i rado\u015b\u0107, je\u015bli komu\u015b uda\u0142o si\u0119 zaopiekowa\u0107 grz\u0105dk\u0105. Zdarzaj\u0105 si\u0119 jednak komentarze cokolwiek dziwne (&#8222;te skrzynie wygl\u0105daj\u0105 jak groby ma\u0142ych dzieci, z tymi chryzantemami zw\u0142aszcza&#8221;). Na szcz\u0119\u015bcie nie mia\u0142y\u015bmy do tej pory nieprzyjemnych sytuacji, mam nadziej\u0119, \u017ce miejskie ogrodnictwo b\u0119dzie jednak \u0142agodzi\u0107 obyczaje i \u0142\u0105czy\u0107, a nie dzieli\u0107.<\/p>\n<figure id=\"attachment_12770\" aria-describedby=\"caption-attachment-12770\" style=\"width: 1000px\" class=\"wp-caption aligncenter\"><a href=\"https:\/\/baranowscy.eu\/wordpress\/wp-content\/uploads\/2022\/10\/ogrod_spoleczny_7.jpg\"><img loading=\"lazy\" decoding=\"async\" class=\"size-full wp-image-12770\" src=\"https:\/\/baranowscy.eu\/wordpress\/wp-content\/uploads\/2022\/10\/ogrod_spoleczny_7.jpg\" alt=\"Ogr\u00f3d spo\u0142eczny Zielone Piaski\" width=\"1000\" height=\"667\" srcset=\"https:\/\/baranowscy.eu\/wordpress\/wp-content\/uploads\/2022\/10\/ogrod_spoleczny_7.jpg 1000w, https:\/\/baranowscy.eu\/wordpress\/wp-content\/uploads\/2022\/10\/ogrod_spoleczny_7-300x200.jpg 300w, https:\/\/baranowscy.eu\/wordpress\/wp-content\/uploads\/2022\/10\/ogrod_spoleczny_7-768x512.jpg 768w, https:\/\/baranowscy.eu\/wordpress\/wp-content\/uploads\/2022\/10\/ogrod_spoleczny_7-560x374.jpg 560w, https:\/\/baranowscy.eu\/wordpress\/wp-content\/uploads\/2022\/10\/ogrod_spoleczny_7-600x400.jpg 600w\" sizes=\"auto, (max-width: 1000px) 100vw, 1000px\" \/><\/a><figcaption id=\"caption-attachment-12770\" class=\"wp-caption-text\">Ogr\u00f3d spo\u0142eczny Zielone Piaski<\/figcaption><\/figure>\n<h2>Podzi\u0119kowania<\/h2>\n<p><strong>Chcia\u0142am ze swojej strony podzi\u0119kowa\u0107 osobom i instytucjom, bez kt\u00f3rych nasz ogr\u00f3d nigdy by nie powsta\u0142.<\/strong> Najpierw dzi\u0119kuj\u0119 oczywi\u015bcie <strong>Kasi Rosp\u0119dowskiej<\/strong>, kt\u00f3ra zaprawiona w pisaniu projekt\u00f3w znakomicie poradzi\u0142a sobie z dokumentami i wsp\u00f3\u0142prac\u0105 z urz\u0119dem. I wymy\u015bli\u0142a nazw\u0119 Zielone Piaski! Jeste\u015bmy z Kasi\u0105 takimi zielonymi duchami naszego osiedla, do tego stopnia id\u0105cymi rami\u0119 w rami\u0119, \u017ce niekt\u00f3rym zlewamy si\u0119 w jedno i m\u00f3wi\u0105 do nas raz Asiu, raz Kasiu, ale wiadomo, o co chodzi.<\/p>\n<p>Dzi\u0119kuj\u0119 <strong>Zarz\u0105dowi mojej sp\u00f3\u0142dzielni (SM Piaski C)<\/strong> za pomoc, za zaufanie i wsparcie. <strong>Radzie Nadzorczej<\/strong> za cierpliwo\u015b\u0107 i wyrozumia\u0142o\u015b\u0107, kiedy opowiadamy na zebraniach, co to si\u0119 b\u0119dzie dzia\u0142o na naszym osiedlu.<\/p>\n<p>Dzi\u0119kuj\u0119 <strong>Urz\u0119dowi Dzielnicy Bielany<\/strong> &#8211; w osobie pa\u0144 <strong>Olgi Ksi\u0105\u017cek, Joanny Grockiej-Le\u015bniak, Pauliny Szczuczko-J\u0119druszak<\/strong> i <strong>Anny Piaseckiej-Bulwan<\/strong>&#8211; za pomoc, wsparcie od strony pisania projektu i wykonanie tej cz\u0119\u015bci realizacji, kt\u00f3ra wymaga\u0142a zam\u00f3wienia dla nas skrzy\u0144, narz\u0119dzi, konewek, tablic. Mam wielk\u0105 nadziej\u0119, \u017ce b\u0119dziemy mia\u0142y okazj\u0119 wsp\u00f3\u0142pracowa\u0107 przy kolejnych zielonych inicjatywach. Dzi\u0119kuj\u0119 burmistrzom <strong>Grzegorzowi Pietruczukowi<\/strong> i <strong>W\u0142odzimierzowi Pi\u0105tkowskemu<\/strong> oraz radnemu <strong>Krystianowi Lisiakowi<\/strong> za dobre s\u0142owo, obecno\u015b\u0107 na naszej imprezie inauguracyjnej i za to, \u017ce rozumiej\u0105 potrzeb\u0119 zazieleniania miasta.<\/p>\n<p>Dzi\u0119kuj\u0119 wszystkim <strong>bohaterkom i bohaterom naszego ogrodu<\/strong>, kt\u00f3rzy zaopiekowali si\u0119 grz\u0105dkami, pomagali przy ich ustawianiu, posadzili pi\u0119kne kwiaty, korzystaj\u0105 z Zielonych Piask\u00f3w i czerpi\u0105 z nich rado\u015b\u0107.<\/p>\n<p>Dzi\u0119kuj\u0119 <strong>Agnieszce Kuczmie<\/strong> za wsparcie praktyczn\u0105 wiedz\u0105, jak prowadzi\u0107 ogr\u00f3d spo\u0142eczny, z czym by\u0107 mo\u017ce b\u0119dziemy si\u0119 mierzy\u0107, a tak\u017ce co jeszcze mo\u017cemy zrobi\u0107.<\/p>\n<p>Na koniec dzi\u0119kuj\u0119 <strong>Ani Danylczenko z <a href=\"https:\/\/www.gruntodnowa.pl\/\" target=\"_blank\" rel=\"noopener noreferrer\">Fundacji Grunt od Nowa<\/a><\/strong>, kt\u00f3ra wspar\u0142a nas wiedz\u0105 merytoryczn\u0105 na temat gleby, a tak\u017ce zasili\u0142a nasz ogr\u00f3d zapasem naturalnych produkt\u00f3w do u\u017cy\u017aniania gleby. Jej warsztat odby\u0142 si\u0119 dzi\u0119ki mikrograntowi pochodz\u0105cemu z akcji <a class=\"x1i10hfl xjbqb8w x6umtig x1b1mbwd xaqea5y xav7gou x9f619 x1ypdohk xt0psk2 xe8uvvx xdj266r x11i5rnm xat24cr x1mh8g0r xexx8yu x4uap5 x18d9i69 xkhd6sd x16tdsg8 x1hl2dhg xggy1nq x1a2a7pz xt0b8zv x1qq9wsj xo1l8bm\" tabindex=\"0\" role=\"link\" href=\"https:\/\/www.facebook.com\/maszglos\/?__cft__[0]=AZXHCYc54dmKaQ_zXfspIsKPlk06UMJvsjUFy3fSSWOS4WX67Gb3qP3LvSTkv7pRCtDtjDZAKemBKxdNWpQfGW5c_CzZfbKnK770P5Pk6CdA8lrAjV63zAD8WArLJBoWTanAjuj6-x9YGQt_15nF8d0y&amp;__tn__=kK-R\"><span class=\"xt0psk2\">Masz G\u0142os<\/span><\/a>, kt\u00f3ry wspar\u0142 nasz projekt finansowo i merytorycznie. Dzi\u0119kujemy Fundacji Batorego za umo\u017cliwienie wzi\u0119cia udzia\u0142u w akcji.<\/p>\n<p><strong>Je\u015bli doczytali\u015bcie do ko\u0144ca, Wam te\u017c dzi\u0119kuj\u0119.<\/strong><\/p>\n<figure id=\"attachment_12764\" aria-describedby=\"caption-attachment-12764\" style=\"width: 1000px\" class=\"wp-caption aligncenter\"><a href=\"https:\/\/baranowscy.eu\/wordpress\/wp-content\/uploads\/2022\/10\/ogrod_spoleczny_2.jpg\"><img loading=\"lazy\" decoding=\"async\" class=\"wp-image-12764 size-full\" src=\"https:\/\/baranowscy.eu\/wordpress\/wp-content\/uploads\/2022\/10\/ogrod_spoleczny_2.jpg\" alt=\"Od lewej Kasia Rosp\u0119dowska, Ania Danylczenko i ja\" width=\"1000\" height=\"667\" srcset=\"https:\/\/baranowscy.eu\/wordpress\/wp-content\/uploads\/2022\/10\/ogrod_spoleczny_2.jpg 1000w, https:\/\/baranowscy.eu\/wordpress\/wp-content\/uploads\/2022\/10\/ogrod_spoleczny_2-300x200.jpg 300w, https:\/\/baranowscy.eu\/wordpress\/wp-content\/uploads\/2022\/10\/ogrod_spoleczny_2-768x512.jpg 768w, https:\/\/baranowscy.eu\/wordpress\/wp-content\/uploads\/2022\/10\/ogrod_spoleczny_2-560x374.jpg 560w, https:\/\/baranowscy.eu\/wordpress\/wp-content\/uploads\/2022\/10\/ogrod_spoleczny_2-600x400.jpg 600w\" sizes=\"auto, (max-width: 1000px) 100vw, 1000px\" \/><\/a><figcaption id=\"caption-attachment-12764\" class=\"wp-caption-text\">Od lewej Kasia Rosp\u0119dowska, Ania Danylczenko i ja<\/figcaption><\/figure>\n<p><strong>Bierzcie nasz pomys\u0142 i powielajcie u siebie. Niech ogrody spo\u0142eczne opanuj\u0105 miasta!<\/strong><\/p>\n","protected":false},"excerpt":{"rendered":"<p>Ogr\u00f3d spo\u0142eczny w mie\u015bcie? W\u0142a\u015bnie uda\u0142o mi si\u0119 zrealizowa\u0107 taki pomys\u0142 na moim osiedlu. Nie dzia\u0142a\u0142am sama, co wi\u0119cej &#8211; moje osobiste zaanga\u017cowanie by\u0142o tylko&hellip;<\/p>\n","protected":false},"author":1,"featured_media":12754,"comment_status":"open","ping_status":"open","sticky":false,"template":"","format":"standard","meta":{"_jetpack_memberships_contains_paid_content":false,"footnotes":""},"categories":[405,100,2],"tags":[53,104,1783,1784],"class_list":["post-12748","post","type-post","status-publish","format-standard","has-post-thumbnail","hentry","category-miejsca","category-organiczny-ogrodnik","category-slowo-od-autora","tag-miasto","tag-ogrod","tag-ogrod-w-miescie","tag-ogrodnictwo-miejskie"],"yoast_head":"<!-- This site is optimized with the Yoast SEO plugin v27.5 - https:\/\/yoast.com\/product\/yoast-seo-wordpress\/ -->\n<title>Jak za\u0142o\u017cy\u0142am ogr\u00f3d spo\u0142eczny na osiedlu | organiczni.eu<\/title>\n<meta name=\"description\" content=\"Ogr\u00f3d spo\u0142eczny w mie\u015bcie? W\u0142a\u015bnie uda\u0142o mi si\u0119 zrealizowa\u0107 taki pomys\u0142 na moim osiedlu. Nie dzia\u0142a\u0142am sama, co wi\u0119cej - moje osobiste zaanga\u017cowanie by\u0142o tylko cz\u0119\u015bci\u0105 ca\u0142ego wysi\u0142ku, jaki zosta\u0142 w\u0142o\u017cony w realizacj\u0119 pomys\u0142u.\" \/>\n<meta name=\"robots\" content=\"index, follow, max-snippet:-1, max-image-preview:large, max-video-preview:-1\" \/>\n<link rel=\"canonical\" href=\"https:\/\/baranowscy.eu\/wordpress\/jak-zalozylam-ogrod-spoleczny-na-osiedlu\/\" \/>\n<meta property=\"og:locale\" content=\"pl_PL\" \/>\n<meta property=\"og:type\" content=\"article\" \/>\n<meta property=\"og:title\" content=\"Jak za\u0142o\u017cy\u0142am ogr\u00f3d spo\u0142eczny na osiedlu | organiczni.eu\" \/>\n<meta property=\"og:description\" content=\"Ogr\u00f3d spo\u0142eczny w mie\u015bcie? W\u0142a\u015bnie uda\u0142o mi si\u0119 zrealizowa\u0107 taki pomys\u0142 na moim osiedlu. Nie dzia\u0142a\u0142am sama, co wi\u0119cej - moje osobiste zaanga\u017cowanie by\u0142o tylko cz\u0119\u015bci\u0105 ca\u0142ego wysi\u0142ku, jaki zosta\u0142 w\u0142o\u017cony w realizacj\u0119 pomys\u0142u.\" \/>\n<meta property=\"og:url\" content=\"https:\/\/baranowscy.eu\/wordpress\/jak-zalozylam-ogrod-spoleczny-na-osiedlu\/\" \/>\n<meta property=\"og:site_name\" content=\"organiczni.eu\" \/>\n<meta property=\"article:publisher\" content=\"https:\/\/www.facebook.com\/organiczni\/\" \/>\n<meta property=\"article:published_time\" content=\"2022-10-03T20:38:40+00:00\" \/>\n<meta property=\"article:modified_time\" content=\"2022-10-10T12:11:57+00:00\" \/>\n<meta property=\"og:image\" content=\"https:\/\/baranowscy.eu\/wordpress\/wp-content\/uploads\/2022\/10\/ogrod_spoleczny_0.jpg\" \/>\n\t<meta property=\"og:image:width\" content=\"1200\" \/>\n\t<meta property=\"og:image:height\" content=\"628\" \/>\n\t<meta property=\"og:image:type\" content=\"image\/jpeg\" \/>\n<meta name=\"author\" content=\"joanna\" \/>\n<meta name=\"twitter:card\" content=\"summary_large_image\" \/>\n<meta name=\"twitter:label1\" content=\"Napisane przez\" \/>\n\t<meta name=\"twitter:data1\" content=\"joanna\" \/>\n\t<meta name=\"twitter:label2\" content=\"Szacowany czas czytania\" \/>\n\t<meta name=\"twitter:data2\" content=\"17 minut\" \/>\n<script type=\"application\/ld+json\" class=\"yoast-schema-graph\">{\"@context\":\"https:\\\/\\\/schema.org\",\"@graph\":[{\"@type\":\"Article\",\"@id\":\"https:\\\/\\\/baranowscy.eu\\\/wordpress\\\/jak-zalozylam-ogrod-spoleczny-na-osiedlu\\\/#article\",\"isPartOf\":{\"@id\":\"https:\\\/\\\/baranowscy.eu\\\/wordpress\\\/jak-zalozylam-ogrod-spoleczny-na-osiedlu\\\/\"},\"author\":{\"name\":\"joanna\",\"@id\":\"https:\\\/\\\/baranowscy.eu\\\/wordpress\\\/#\\\/schema\\\/person\\\/741d5f1f3fd2833c5ca2ffdaaa93dc73\"},\"headline\":\"Jak za\u0142o\u017cy\u0142am ogr\u00f3d spo\u0142eczny na osiedlu\",\"datePublished\":\"2022-10-03T20:38:40+00:00\",\"dateModified\":\"2022-10-10T12:11:57+00:00\",\"mainEntityOfPage\":{\"@id\":\"https:\\\/\\\/baranowscy.eu\\\/wordpress\\\/jak-zalozylam-ogrod-spoleczny-na-osiedlu\\\/\"},\"wordCount\":3321,\"commentCount\":6,\"publisher\":{\"@id\":\"https:\\\/\\\/baranowscy.eu\\\/wordpress\\\/#organization\"},\"image\":{\"@id\":\"https:\\\/\\\/baranowscy.eu\\\/wordpress\\\/jak-zalozylam-ogrod-spoleczny-na-osiedlu\\\/#primaryimage\"},\"thumbnailUrl\":\"https:\\\/\\\/baranowscy.eu\\\/wordpress\\\/wp-content\\\/uploads\\\/2022\\\/10\\\/ogrod_spoleczny_0.jpg\",\"keywords\":[\"miasto\",\"ogr\u00f3d\",\"ogr\u00f3d w mie\u015bcie\",\"ogrodnictwo miejskie\"],\"articleSection\":[\"miejsca\",\"organiczny ogrodnik\",\"s\u0142owo od autora\"],\"inLanguage\":\"pl-PL\",\"potentialAction\":[{\"@type\":\"CommentAction\",\"name\":\"Comment\",\"target\":[\"https:\\\/\\\/baranowscy.eu\\\/wordpress\\\/jak-zalozylam-ogrod-spoleczny-na-osiedlu\\\/#respond\"]}]},{\"@type\":\"WebPage\",\"@id\":\"https:\\\/\\\/baranowscy.eu\\\/wordpress\\\/jak-zalozylam-ogrod-spoleczny-na-osiedlu\\\/\",\"url\":\"https:\\\/\\\/baranowscy.eu\\\/wordpress\\\/jak-zalozylam-ogrod-spoleczny-na-osiedlu\\\/\",\"name\":\"Jak za\u0142o\u017cy\u0142am ogr\u00f3d spo\u0142eczny na osiedlu | organiczni.eu\",\"isPartOf\":{\"@id\":\"https:\\\/\\\/baranowscy.eu\\\/wordpress\\\/#website\"},\"primaryImageOfPage\":{\"@id\":\"https:\\\/\\\/baranowscy.eu\\\/wordpress\\\/jak-zalozylam-ogrod-spoleczny-na-osiedlu\\\/#primaryimage\"},\"image\":{\"@id\":\"https:\\\/\\\/baranowscy.eu\\\/wordpress\\\/jak-zalozylam-ogrod-spoleczny-na-osiedlu\\\/#primaryimage\"},\"thumbnailUrl\":\"https:\\\/\\\/baranowscy.eu\\\/wordpress\\\/wp-content\\\/uploads\\\/2022\\\/10\\\/ogrod_spoleczny_0.jpg\",\"datePublished\":\"2022-10-03T20:38:40+00:00\",\"dateModified\":\"2022-10-10T12:11:57+00:00\",\"description\":\"Ogr\u00f3d spo\u0142eczny w mie\u015bcie? W\u0142a\u015bnie uda\u0142o mi si\u0119 zrealizowa\u0107 taki pomys\u0142 na moim osiedlu. Nie dzia\u0142a\u0142am sama, co wi\u0119cej - moje osobiste zaanga\u017cowanie by\u0142o tylko cz\u0119\u015bci\u0105 ca\u0142ego wysi\u0142ku, jaki zosta\u0142 w\u0142o\u017cony w realizacj\u0119 pomys\u0142u.\",\"breadcrumb\":{\"@id\":\"https:\\\/\\\/baranowscy.eu\\\/wordpress\\\/jak-zalozylam-ogrod-spoleczny-na-osiedlu\\\/#breadcrumb\"},\"inLanguage\":\"pl-PL\",\"potentialAction\":[{\"@type\":\"ReadAction\",\"target\":[\"https:\\\/\\\/baranowscy.eu\\\/wordpress\\\/jak-zalozylam-ogrod-spoleczny-na-osiedlu\\\/\"]}]},{\"@type\":\"ImageObject\",\"inLanguage\":\"pl-PL\",\"@id\":\"https:\\\/\\\/baranowscy.eu\\\/wordpress\\\/jak-zalozylam-ogrod-spoleczny-na-osiedlu\\\/#primaryimage\",\"url\":\"https:\\\/\\\/baranowscy.eu\\\/wordpress\\\/wp-content\\\/uploads\\\/2022\\\/10\\\/ogrod_spoleczny_0.jpg\",\"contentUrl\":\"https:\\\/\\\/baranowscy.eu\\\/wordpress\\\/wp-content\\\/uploads\\\/2022\\\/10\\\/ogrod_spoleczny_0.jpg\",\"width\":1200,\"height\":628,\"caption\":\"Ogr\u00f3d spo\u0142eczny Zielone Piaski\"},{\"@type\":\"BreadcrumbList\",\"@id\":\"https:\\\/\\\/baranowscy.eu\\\/wordpress\\\/jak-zalozylam-ogrod-spoleczny-na-osiedlu\\\/#breadcrumb\",\"itemListElement\":[{\"@type\":\"ListItem\",\"position\":1,\"name\":\"Strona g\u0142\u00f3wna\",\"item\":\"https:\\\/\\\/baranowscy.eu\\\/wordpress\\\/\"},{\"@type\":\"ListItem\",\"position\":2,\"name\":\"Jak za\u0142o\u017cy\u0142am ogr\u00f3d spo\u0142eczny na osiedlu\"}]},{\"@type\":\"WebSite\",\"@id\":\"https:\\\/\\\/baranowscy.eu\\\/wordpress\\\/#website\",\"url\":\"https:\\\/\\\/baranowscy.eu\\\/wordpress\\\/\",\"name\":\"organiczni.eu\",\"description\":\"Najbardziej wszechstronny blog ekologiczny\",\"publisher\":{\"@id\":\"https:\\\/\\\/baranowscy.eu\\\/wordpress\\\/#organization\"},\"potentialAction\":[{\"@type\":\"SearchAction\",\"target\":{\"@type\":\"EntryPoint\",\"urlTemplate\":\"https:\\\/\\\/baranowscy.eu\\\/wordpress\\\/?s={search_term_string}\"},\"query-input\":{\"@type\":\"PropertyValueSpecification\",\"valueRequired\":true,\"valueName\":\"search_term_string\"}}],\"inLanguage\":\"pl-PL\"},{\"@type\":\"Organization\",\"@id\":\"https:\\\/\\\/baranowscy.eu\\\/wordpress\\\/#organization\",\"name\":\"organiczni.eu\",\"url\":\"https:\\\/\\\/baranowscy.eu\\\/wordpress\\\/\",\"logo\":{\"@type\":\"ImageObject\",\"inLanguage\":\"pl-PL\",\"@id\":\"https:\\\/\\\/baranowscy.eu\\\/wordpress\\\/#\\\/schema\\\/logo\\\/image\\\/\",\"url\":\"https:\\\/\\\/baranowscy.eu\\\/wordpress\\\/wp-content\\\/uploads\\\/2018\\\/01\\\/logo_duze.png\",\"contentUrl\":\"https:\\\/\\\/baranowscy.eu\\\/wordpress\\\/wp-content\\\/uploads\\\/2018\\\/01\\\/logo_duze.png\",\"width\":1398,\"height\":300,\"caption\":\"organiczni.eu\"},\"image\":{\"@id\":\"https:\\\/\\\/baranowscy.eu\\\/wordpress\\\/#\\\/schema\\\/logo\\\/image\\\/\"},\"sameAs\":[\"https:\\\/\\\/www.facebook.com\\\/organiczni\\\/\",\"https:\\\/\\\/www.instagram.com\\\/organiczni.eu\\\/\"]},{\"@type\":\"Person\",\"@id\":\"https:\\\/\\\/baranowscy.eu\\\/wordpress\\\/#\\\/schema\\\/person\\\/741d5f1f3fd2833c5ca2ffdaaa93dc73\",\"name\":\"joanna\",\"image\":{\"@type\":\"ImageObject\",\"inLanguage\":\"pl-PL\",\"@id\":\"https:\\\/\\\/secure.gravatar.com\\\/avatar\\\/a59b1be4fa5d200ee0af0ba4bbcdb691da1d589b419bae23d7aa5a15d820e28e?s=96&d=identicon&r=g\",\"url\":\"https:\\\/\\\/secure.gravatar.com\\\/avatar\\\/a59b1be4fa5d200ee0af0ba4bbcdb691da1d589b419bae23d7aa5a15d820e28e?s=96&d=identicon&r=g\",\"contentUrl\":\"https:\\\/\\\/secure.gravatar.com\\\/avatar\\\/a59b1be4fa5d200ee0af0ba4bbcdb691da1d589b419bae23d7aa5a15d820e28e?s=96&d=identicon&r=g\",\"caption\":\"joanna\"},\"sameAs\":[\"https:\\\/\\\/organiczni.baranowscy.eu\"],\"url\":\"https:\\\/\\\/baranowscy.eu\\\/wordpress\\\/author\\\/admin\\\/\"}]}<\/script>\n<!-- \/ Yoast SEO plugin. -->","yoast_head_json":{"title":"Jak za\u0142o\u017cy\u0142am ogr\u00f3d spo\u0142eczny na osiedlu | organiczni.eu","description":"Ogr\u00f3d spo\u0142eczny w mie\u015bcie? W\u0142a\u015bnie uda\u0142o mi si\u0119 zrealizowa\u0107 taki pomys\u0142 na moim osiedlu. Nie dzia\u0142a\u0142am sama, co wi\u0119cej - moje osobiste zaanga\u017cowanie by\u0142o tylko cz\u0119\u015bci\u0105 ca\u0142ego wysi\u0142ku, jaki zosta\u0142 w\u0142o\u017cony w realizacj\u0119 pomys\u0142u.","robots":{"index":"index","follow":"follow","max-snippet":"max-snippet:-1","max-image-preview":"max-image-preview:large","max-video-preview":"max-video-preview:-1"},"canonical":"https:\/\/baranowscy.eu\/wordpress\/jak-zalozylam-ogrod-spoleczny-na-osiedlu\/","og_locale":"pl_PL","og_type":"article","og_title":"Jak za\u0142o\u017cy\u0142am ogr\u00f3d spo\u0142eczny na osiedlu | organiczni.eu","og_description":"Ogr\u00f3d spo\u0142eczny w mie\u015bcie? W\u0142a\u015bnie uda\u0142o mi si\u0119 zrealizowa\u0107 taki pomys\u0142 na moim osiedlu. Nie dzia\u0142a\u0142am sama, co wi\u0119cej - moje osobiste zaanga\u017cowanie by\u0142o tylko cz\u0119\u015bci\u0105 ca\u0142ego wysi\u0142ku, jaki zosta\u0142 w\u0142o\u017cony w realizacj\u0119 pomys\u0142u.","og_url":"https:\/\/baranowscy.eu\/wordpress\/jak-zalozylam-ogrod-spoleczny-na-osiedlu\/","og_site_name":"organiczni.eu","article_publisher":"https:\/\/www.facebook.com\/organiczni\/","article_published_time":"2022-10-03T20:38:40+00:00","article_modified_time":"2022-10-10T12:11:57+00:00","og_image":[{"width":1200,"height":628,"url":"https:\/\/baranowscy.eu\/wordpress\/wp-content\/uploads\/2022\/10\/ogrod_spoleczny_0.jpg","type":"image\/jpeg"}],"author":"joanna","twitter_card":"summary_large_image","twitter_misc":{"Napisane przez":"joanna","Szacowany czas czytania":"17 minut"},"schema":{"@context":"https:\/\/schema.org","@graph":[{"@type":"Article","@id":"https:\/\/baranowscy.eu\/wordpress\/jak-zalozylam-ogrod-spoleczny-na-osiedlu\/#article","isPartOf":{"@id":"https:\/\/baranowscy.eu\/wordpress\/jak-zalozylam-ogrod-spoleczny-na-osiedlu\/"},"author":{"name":"joanna","@id":"https:\/\/baranowscy.eu\/wordpress\/#\/schema\/person\/741d5f1f3fd2833c5ca2ffdaaa93dc73"},"headline":"Jak za\u0142o\u017cy\u0142am ogr\u00f3d spo\u0142eczny na osiedlu","datePublished":"2022-10-03T20:38:40+00:00","dateModified":"2022-10-10T12:11:57+00:00","mainEntityOfPage":{"@id":"https:\/\/baranowscy.eu\/wordpress\/jak-zalozylam-ogrod-spoleczny-na-osiedlu\/"},"wordCount":3321,"commentCount":6,"publisher":{"@id":"https:\/\/baranowscy.eu\/wordpress\/#organization"},"image":{"@id":"https:\/\/baranowscy.eu\/wordpress\/jak-zalozylam-ogrod-spoleczny-na-osiedlu\/#primaryimage"},"thumbnailUrl":"https:\/\/baranowscy.eu\/wordpress\/wp-content\/uploads\/2022\/10\/ogrod_spoleczny_0.jpg","keywords":["miasto","ogr\u00f3d","ogr\u00f3d w mie\u015bcie","ogrodnictwo miejskie"],"articleSection":["miejsca","organiczny ogrodnik","s\u0142owo od autora"],"inLanguage":"pl-PL","potentialAction":[{"@type":"CommentAction","name":"Comment","target":["https:\/\/baranowscy.eu\/wordpress\/jak-zalozylam-ogrod-spoleczny-na-osiedlu\/#respond"]}]},{"@type":"WebPage","@id":"https:\/\/baranowscy.eu\/wordpress\/jak-zalozylam-ogrod-spoleczny-na-osiedlu\/","url":"https:\/\/baranowscy.eu\/wordpress\/jak-zalozylam-ogrod-spoleczny-na-osiedlu\/","name":"Jak za\u0142o\u017cy\u0142am ogr\u00f3d spo\u0142eczny na osiedlu | organiczni.eu","isPartOf":{"@id":"https:\/\/baranowscy.eu\/wordpress\/#website"},"primaryImageOfPage":{"@id":"https:\/\/baranowscy.eu\/wordpress\/jak-zalozylam-ogrod-spoleczny-na-osiedlu\/#primaryimage"},"image":{"@id":"https:\/\/baranowscy.eu\/wordpress\/jak-zalozylam-ogrod-spoleczny-na-osiedlu\/#primaryimage"},"thumbnailUrl":"https:\/\/baranowscy.eu\/wordpress\/wp-content\/uploads\/2022\/10\/ogrod_spoleczny_0.jpg","datePublished":"2022-10-03T20:38:40+00:00","dateModified":"2022-10-10T12:11:57+00:00","description":"Ogr\u00f3d spo\u0142eczny w mie\u015bcie? W\u0142a\u015bnie uda\u0142o mi si\u0119 zrealizowa\u0107 taki pomys\u0142 na moim osiedlu. Nie dzia\u0142a\u0142am sama, co wi\u0119cej - moje osobiste zaanga\u017cowanie by\u0142o tylko cz\u0119\u015bci\u0105 ca\u0142ego wysi\u0142ku, jaki zosta\u0142 w\u0142o\u017cony w realizacj\u0119 pomys\u0142u.","breadcrumb":{"@id":"https:\/\/baranowscy.eu\/wordpress\/jak-zalozylam-ogrod-spoleczny-na-osiedlu\/#breadcrumb"},"inLanguage":"pl-PL","potentialAction":[{"@type":"ReadAction","target":["https:\/\/baranowscy.eu\/wordpress\/jak-zalozylam-ogrod-spoleczny-na-osiedlu\/"]}]},{"@type":"ImageObject","inLanguage":"pl-PL","@id":"https:\/\/baranowscy.eu\/wordpress\/jak-zalozylam-ogrod-spoleczny-na-osiedlu\/#primaryimage","url":"https:\/\/baranowscy.eu\/wordpress\/wp-content\/uploads\/2022\/10\/ogrod_spoleczny_0.jpg","contentUrl":"https:\/\/baranowscy.eu\/wordpress\/wp-content\/uploads\/2022\/10\/ogrod_spoleczny_0.jpg","width":1200,"height":628,"caption":"Ogr\u00f3d spo\u0142eczny Zielone Piaski"},{"@type":"BreadcrumbList","@id":"https:\/\/baranowscy.eu\/wordpress\/jak-zalozylam-ogrod-spoleczny-na-osiedlu\/#breadcrumb","itemListElement":[{"@type":"ListItem","position":1,"name":"Strona g\u0142\u00f3wna","item":"https:\/\/baranowscy.eu\/wordpress\/"},{"@type":"ListItem","position":2,"name":"Jak za\u0142o\u017cy\u0142am ogr\u00f3d spo\u0142eczny na osiedlu"}]},{"@type":"WebSite","@id":"https:\/\/baranowscy.eu\/wordpress\/#website","url":"https:\/\/baranowscy.eu\/wordpress\/","name":"organiczni.eu","description":"Najbardziej wszechstronny blog ekologiczny","publisher":{"@id":"https:\/\/baranowscy.eu\/wordpress\/#organization"},"potentialAction":[{"@type":"SearchAction","target":{"@type":"EntryPoint","urlTemplate":"https:\/\/baranowscy.eu\/wordpress\/?s={search_term_string}"},"query-input":{"@type":"PropertyValueSpecification","valueRequired":true,"valueName":"search_term_string"}}],"inLanguage":"pl-PL"},{"@type":"Organization","@id":"https:\/\/baranowscy.eu\/wordpress\/#organization","name":"organiczni.eu","url":"https:\/\/baranowscy.eu\/wordpress\/","logo":{"@type":"ImageObject","inLanguage":"pl-PL","@id":"https:\/\/baranowscy.eu\/wordpress\/#\/schema\/logo\/image\/","url":"https:\/\/baranowscy.eu\/wordpress\/wp-content\/uploads\/2018\/01\/logo_duze.png","contentUrl":"https:\/\/baranowscy.eu\/wordpress\/wp-content\/uploads\/2018\/01\/logo_duze.png","width":1398,"height":300,"caption":"organiczni.eu"},"image":{"@id":"https:\/\/baranowscy.eu\/wordpress\/#\/schema\/logo\/image\/"},"sameAs":["https:\/\/www.facebook.com\/organiczni\/","https:\/\/www.instagram.com\/organiczni.eu\/"]},{"@type":"Person","@id":"https:\/\/baranowscy.eu\/wordpress\/#\/schema\/person\/741d5f1f3fd2833c5ca2ffdaaa93dc73","name":"joanna","image":{"@type":"ImageObject","inLanguage":"pl-PL","@id":"https:\/\/secure.gravatar.com\/avatar\/a59b1be4fa5d200ee0af0ba4bbcdb691da1d589b419bae23d7aa5a15d820e28e?s=96&d=identicon&r=g","url":"https:\/\/secure.gravatar.com\/avatar\/a59b1be4fa5d200ee0af0ba4bbcdb691da1d589b419bae23d7aa5a15d820e28e?s=96&d=identicon&r=g","contentUrl":"https:\/\/secure.gravatar.com\/avatar\/a59b1be4fa5d200ee0af0ba4bbcdb691da1d589b419bae23d7aa5a15d820e28e?s=96&d=identicon&r=g","caption":"joanna"},"sameAs":["https:\/\/organiczni.baranowscy.eu"],"url":"https:\/\/baranowscy.eu\/wordpress\/author\/admin\/"}]}},"jetpack_featured_media_url":"https:\/\/baranowscy.eu\/wordpress\/wp-content\/uploads\/2022\/10\/ogrod_spoleczny_0.jpg","jetpack_sharing_enabled":true,"_links":{"self":[{"href":"https:\/\/baranowscy.eu\/wordpress\/wp-json\/wp\/v2\/posts\/12748","targetHints":{"allow":["GET"]}}],"collection":[{"href":"https:\/\/baranowscy.eu\/wordpress\/wp-json\/wp\/v2\/posts"}],"about":[{"href":"https:\/\/baranowscy.eu\/wordpress\/wp-json\/wp\/v2\/types\/post"}],"author":[{"embeddable":true,"href":"https:\/\/baranowscy.eu\/wordpress\/wp-json\/wp\/v2\/users\/1"}],"replies":[{"embeddable":true,"href":"https:\/\/baranowscy.eu\/wordpress\/wp-json\/wp\/v2\/comments?post=12748"}],"version-history":[{"count":15,"href":"https:\/\/baranowscy.eu\/wordpress\/wp-json\/wp\/v2\/posts\/12748\/revisions"}],"predecessor-version":[{"id":12884,"href":"https:\/\/baranowscy.eu\/wordpress\/wp-json\/wp\/v2\/posts\/12748\/revisions\/12884"}],"wp:featuredmedia":[{"embeddable":true,"href":"https:\/\/baranowscy.eu\/wordpress\/wp-json\/wp\/v2\/media\/12754"}],"wp:attachment":[{"href":"https:\/\/baranowscy.eu\/wordpress\/wp-json\/wp\/v2\/media?parent=12748"}],"wp:term":[{"taxonomy":"category","embeddable":true,"href":"https:\/\/baranowscy.eu\/wordpress\/wp-json\/wp\/v2\/categories?post=12748"},{"taxonomy":"post_tag","embeddable":true,"href":"https:\/\/baranowscy.eu\/wordpress\/wp-json\/wp\/v2\/tags?post=12748"}],"curies":[{"name":"wp","href":"https:\/\/api.w.org\/{rel}","templated":true}]}}