{"id":11586,"date":"2021-03-15T21:04:53","date_gmt":"2021-03-15T20:04:53","guid":{"rendered":"https:\/\/baranowscy.eu\/wordpress\/?p=11586"},"modified":"2021-03-15T21:05:55","modified_gmt":"2021-03-15T20:05:55","slug":"jak-naturalnie-farbowac-wlosy","status":"publish","type":"post","link":"https:\/\/baranowscy.eu\/wordpress\/jak-naturalnie-farbowac-wlosy\/","title":{"rendered":"Jak naturalnie farbowa\u0107 w\u0142osy?"},"content":{"rendered":"<p><strong>Bardzo lubi\u0119 od czasu do czasu farbowa\u0107 sobie w\u0142osy. Ju\u017c <a href=\"https:\/\/baranowscy.eu\/wordpress\/farba-do-wlosow-indus-valley\/\" target=\"_blank\" rel=\"noopener noreferrer\">od dawna robi\u0119 to naturalnie<\/a> dzi\u0119ki farbom ro\u015blinnym. Czasy, kiedy szala\u0142am z silnymi, niszcz\u0105cymi farbami, dawno min\u0119\u0142y i wiem, \u017ce nie wr\u00f3c\u0119 do metod tak drastycznych, jak w liceum czy na studiach. Dzi\u0119ki naturalnym farbom nie tylko zmieniam kolor w\u0142os\u00f3w, ale tak\u017ce je piel\u0119gnuj\u0119.<\/strong><\/p>\n<p>Po co w og\u00f3le farbowa\u0107 w\u0142osy &#8211; zapytaj\u0105 obro\u0144czynie i obro\u0144cy naturalnego wygl\u0105du czy siwizny. Ze swojej strony mog\u0119 powiedzie\u0107, \u017ce to dobra zabawa, tak jak z makija\u017cem. Je\u015bli farbuj\u0119 w\u0142osy, to po to, \u017ceby zmieni\u0107 co\u015b w swoim wygl\u0105dzie, prze\u0142ama\u0107 monotoni\u0119, po prostu mie\u0107 jak\u0105\u015b odmian\u0119. My\u015bl\u0119, \u017ce kiedy zaczn\u0119 siwie\u0107, dopiero b\u0119d\u0119 bawi\u0107 si\u0119 kolorami!<\/p>\n<figure id=\"attachment_11598\" aria-describedby=\"caption-attachment-11598\" style=\"width: 1000px\" class=\"wp-caption aligncenter\"><a href=\"https:\/\/baranowscy.eu\/wordpress\/wp-content\/uploads\/2021\/03\/naturalne_farbowanie_wlosow_5.jpg\"><img loading=\"lazy\" decoding=\"async\" class=\"size-full wp-image-11598\" src=\"https:\/\/baranowscy.eu\/wordpress\/wp-content\/uploads\/2021\/03\/naturalne_farbowanie_wlosow_5.jpg\" alt=\"Naturalna farba do w\u0142os\u00f3w: indygo\" width=\"1000\" height=\"667\" srcset=\"https:\/\/baranowscy.eu\/wordpress\/wp-content\/uploads\/2021\/03\/naturalne_farbowanie_wlosow_5.jpg 1000w, https:\/\/baranowscy.eu\/wordpress\/wp-content\/uploads\/2021\/03\/naturalne_farbowanie_wlosow_5-300x200.jpg 300w, https:\/\/baranowscy.eu\/wordpress\/wp-content\/uploads\/2021\/03\/naturalne_farbowanie_wlosow_5-768x512.jpg 768w, https:\/\/baranowscy.eu\/wordpress\/wp-content\/uploads\/2021\/03\/naturalne_farbowanie_wlosow_5-560x374.jpg 560w, https:\/\/baranowscy.eu\/wordpress\/wp-content\/uploads\/2021\/03\/naturalne_farbowanie_wlosow_5-600x400.jpg 600w\" sizes=\"auto, (max-width: 1000px) 100vw, 1000px\" \/><\/a><figcaption id=\"caption-attachment-11598\" class=\"wp-caption-text\">Naturalna farba do w\u0142os\u00f3w: indygo<\/figcaption><\/figure>\n<p>Na razie mam niewielkie pole do popisu. <strong>Moje ciemne w\u0142osy mog\u0119 przyciemni\u0107 albo nada\u0107 im na przyk\u0142ad rudych refleks\u00f3w.<\/strong> Tym razem postanowi\u0142am wypr\u00f3bowa\u0107 <strong>indygo<\/strong>, naturalny proszek z indygowca <i>Indigofera tinctoria<\/i>. Przeczyta\u0142am, \u017ce dzi\u015b barwnik indygo pozyskuje si\u0119 g\u0142\u00f3wnie syntetycznie, ale ja kupi\u0142am ten ca\u0142kowicie naturalny, z ekologicznych upraw w Indiach.<\/p>\n<p>Moim celem by\u0142o sprawdzenie, czy moje do\u015b\u0107 ciemne w\u0142osy z\u0142api\u0105 granatowy po\u0142ysk. Zdecydowanie zauwa\u017cy\u0142am r\u00f3\u017cnic\u0119 w kolorze, bo s\u0105 ciemniejsze i maj\u0105 \u0142adny odcie\u0144.<\/p>\n<figure id=\"attachment_11592\" aria-describedby=\"caption-attachment-11592\" style=\"width: 1000px\" class=\"wp-caption aligncenter\"><a href=\"https:\/\/baranowscy.eu\/wordpress\/wp-content\/uploads\/2021\/03\/naturalne_farbowanie_wlos\u00f3w_1.jpg\"><img loading=\"lazy\" decoding=\"async\" class=\"size-full wp-image-11592\" src=\"https:\/\/baranowscy.eu\/wordpress\/wp-content\/uploads\/2021\/03\/naturalne_farbowanie_wlos\u00f3w_1.jpg\" alt=\"Naturalne farbowanie w\u0142os\u00f3w indygo: przed i po\" width=\"1000\" height=\"528\" srcset=\"https:\/\/baranowscy.eu\/wordpress\/wp-content\/uploads\/2021\/03\/naturalne_farbowanie_wlos\u00f3w_1.jpg 1000w, https:\/\/baranowscy.eu\/wordpress\/wp-content\/uploads\/2021\/03\/naturalne_farbowanie_wlos\u00f3w_1-300x158.jpg 300w, https:\/\/baranowscy.eu\/wordpress\/wp-content\/uploads\/2021\/03\/naturalne_farbowanie_wlos\u00f3w_1-768x406.jpg 768w, https:\/\/baranowscy.eu\/wordpress\/wp-content\/uploads\/2021\/03\/naturalne_farbowanie_wlos\u00f3w_1-560x296.jpg 560w, https:\/\/baranowscy.eu\/wordpress\/wp-content\/uploads\/2021\/03\/naturalne_farbowanie_wlos\u00f3w_1-600x317.jpg 600w\" sizes=\"auto, (max-width: 1000px) 100vw, 1000px\" \/><\/a><figcaption id=\"caption-attachment-11592\" class=\"wp-caption-text\">Naturalne farbowanie w\u0142os\u00f3w indygo: przed i po<\/figcaption><\/figure>\n<h2>Indus Valley, ekologiczny proszek z indygowca<\/h2>\n<p><strong>Gdzie kupi\u0107:<\/strong> &gt;&gt; <a href=\"https:\/\/www.drogeria-ekologiczna.pl\/henny-indus-valley\/8206-proszek-z-bio-indygowca-w-100-naturalny-certyfikowany-ecocert-100-g-indus-valley.html?pshow_permalink=ORGANICZNI\" target=\"_blank\" rel=\"noopener noreferrer\">w Better Land<\/a> | &gt;&gt; <a href=\"https:\/\/www.drogeria-ekologiczna.pl\/159_indus-valley?pshow_permalink=ORGANICZNI\" target=\"_blank\" rel=\"noopener noreferrer\">Wszystkie produkty Indus Valley znajdziecie tutaj<\/a>.<\/p>\n<p><strong>Cena: <\/strong>17,98 z\u0142 za 100 g<\/p>\n<p>Przy kr\u00f3tkich w\u0142osach saszetka starczy nawet na 10 u\u017cy\u0107!<\/p>\n<p><strong>Proszek z indygowca, kt\u00f3ry kupicie w Better Land, pochodzi z ekologicznych upraw w Indiach, z Doliny Indusu.\u00a0<\/strong><\/p>\n<p>Naturalne indygo pozyskuje si\u0119 z li\u015bci indygowca barwierskiego. Proszek jest koloru zielonego &#8211; zawsze zastanawia\u0142o mnie, jakim cudem z zielonej farby do w\u0142os\u00f3w uzyskamy granatowy kolor? Okazuje si\u0119, \u017ce barwnik jest uwalniany w kontakcie z wod\u0105 oraz powietrzem (cho\u0107 farba wygl\u0105da jak ciemnozielone b\u0142oto, na naturalnych w\u0142osach wyjdzie bardzo ciemno granatowo).<\/p>\n<p><strong>Nie nale\u017cy farbowa\u0107 \u017cadn\u0105 farb\u0105 naturaln\u0105 w\u0142os\u00f3w wcze\u015bniej traktowanych farbami zwyk\u0142ymi.<\/strong> W wypadku indygo jest du\u017ca szansa, \u017ce pojawi si\u0119 na nich kolor zielony! Nie mo\u017cna te\u017c rozja\u015bnia\u0107 w\u0142os\u00f3w, kt\u00f3re farbowali\u015bmy indygo. To do\u015b\u0107 trwa\u0142y barwnik, kt\u00f3ry nie sp\u0142ucze si\u0119 szybko, dlatego warto podj\u0105\u0107 decyzj\u0119 o farbowaniu \u015bwiadomie.<\/p>\n<p>To, co mo\u017ce dra\u017cni\u0107 przy farbowaniu w\u0142os\u00f3w proszkiem z indygowca, to <strong>intensywny zapach<\/strong> &#8211; mnie przypomina\u0142 on zapach atramentu. Jednak w por\u00f3wnaniu do zapachu, jaki pami\u0119tam z czas\u00f3w farbowania tymi wszystkimi nienaturalnymi farbami, to zapach indygo jest jak delikatne perfumy. Ale fakt, \u017ce henna pachnie \u0142adniej!<\/p>\n<figure id=\"attachment_11596\" aria-describedby=\"caption-attachment-11596\" style=\"width: 1000px\" class=\"wp-caption aligncenter\"><a href=\"https:\/\/baranowscy.eu\/wordpress\/wp-content\/uploads\/2021\/03\/naturalne_farbowanie_wlosow_6.jpg\"><img loading=\"lazy\" decoding=\"async\" class=\"size-full wp-image-11596\" src=\"https:\/\/baranowscy.eu\/wordpress\/wp-content\/uploads\/2021\/03\/naturalne_farbowanie_wlosow_6.jpg\" alt=\"Zielona papka na g\u0142owie, czyli jak naturalnie farbowa\u0107 w\u0142osy\" width=\"1000\" height=\"667\" srcset=\"https:\/\/baranowscy.eu\/wordpress\/wp-content\/uploads\/2021\/03\/naturalne_farbowanie_wlosow_6.jpg 1000w, https:\/\/baranowscy.eu\/wordpress\/wp-content\/uploads\/2021\/03\/naturalne_farbowanie_wlosow_6-300x200.jpg 300w, https:\/\/baranowscy.eu\/wordpress\/wp-content\/uploads\/2021\/03\/naturalne_farbowanie_wlosow_6-768x512.jpg 768w, https:\/\/baranowscy.eu\/wordpress\/wp-content\/uploads\/2021\/03\/naturalne_farbowanie_wlosow_6-560x374.jpg 560w, https:\/\/baranowscy.eu\/wordpress\/wp-content\/uploads\/2021\/03\/naturalne_farbowanie_wlosow_6-600x400.jpg 600w\" sizes=\"auto, (max-width: 1000px) 100vw, 1000px\" \/><\/a><figcaption id=\"caption-attachment-11596\" class=\"wp-caption-text\">Zielona papka na g\u0142owie, czyli jak naturalnie farbowa\u0107 w\u0142osy<\/figcaption><\/figure>\n<p><strong><div class='dropshadowboxes-container ' style=''>\r\n                            <div class='dropshadowboxes-drop-shadow dropshadowboxes-rounded-corners dropshadowboxes-lifted-both dropshadowboxes-effect-default' style=' border: 1px solid #dddddd; height:; background-color:#f5ee77;    '>\r\n                            <\/strong><\/p>\n<p><img loading=\"lazy\" decoding=\"async\" class=\"alignleft size-medium wp-image-11594\" src=\"https:\/\/baranowscy.eu\/wordpress\/wp-content\/uploads\/2021\/03\/naturalne_farbowanie_wlosow_3-200x300.jpg\" alt=\"Jak naturalnie farbowa\u0107 w\u0142osy?\" width=\"200\" height=\"300\" srcset=\"https:\/\/baranowscy.eu\/wordpress\/wp-content\/uploads\/2021\/03\/naturalne_farbowanie_wlosow_3-200x300.jpg 200w, https:\/\/baranowscy.eu\/wordpress\/wp-content\/uploads\/2021\/03\/naturalne_farbowanie_wlosow_3-560x840.jpg 560w, https:\/\/baranowscy.eu\/wordpress\/wp-content\/uploads\/2021\/03\/naturalne_farbowanie_wlosow_3-300x450.jpg 300w, https:\/\/baranowscy.eu\/wordpress\/wp-content\/uploads\/2021\/03\/naturalne_farbowanie_wlosow_3.jpg 600w\" sizes=\"auto, (max-width: 200px) 100vw, 200px\" \/><\/p>\n<p><strong>Jak farbowa\u0107 w\u0142osy indygo?<\/strong><\/p>\n<ul>\n<li><strong>Nie zak\u0142adaj ulubionych ubra\u0144<\/strong>. Indygo s\u0142u\u017cy tak\u017ce do farbowania tkanin!<\/li>\n<li>Mo\u017cna u\u017cy\u0107 <strong>czystego indygowca<\/strong>, kt\u00f3ry rozrabiamy w ciep\u0142ej wodzie, a nast\u0119pnie uzyskan\u0105 papk\u0119 nak\u0142adamy na w\u0142osy.<\/li>\n<li>Mo\u017cemy <strong>zmiesza\u0107 indygo z henn\u0105<\/strong>, \u017ceby uzyska\u0107 kolor bardziej czekoladowy.<\/li>\n<li>Warto za\u0142o\u017cy\u0107 <strong>r\u0119kawiczki<\/strong> (ja tego nie zrobi\u0142am, przez dwa dni mia\u0142am niebieskie palce) i posmarowa\u0107 czo\u0142o, uszy i lini\u0119 w\u0142os\u00f3w kremem.<\/li>\n<li>Farb\u0119 nak\u0142adamy na <strong>wilgotne w\u0142osy<\/strong>, zak\u0142adamy czepek i czekamy od p\u00f3\u0142 godziny do nawet dw\u00f3ch godzin.<\/li>\n<li><strong>Zmywamy proszek<\/strong>, a nast\u0119pnie nie myjemy g\u0142owy przez dzie\u0144 lub dwa, \u017ceby indygo jeszcze utleni\u0142o si\u0119 na w\u0142osach.<strong>\r\n                            <\/div>\r\n                        <\/div><\/strong><\/li>\n<\/ul>\n<h2>Dlaczego farbowa\u0107 w\u0142osy naturalnie?<\/h2>\n<p><strong>Podczas poszukiwa\u0144 informacji natkn\u0119\u0142am si\u0119 na polski artyku\u0142 z 2018 roku (&gt;&gt; <a href=\"https:\/\/www.termedia.pl\/Analiza-skladu-dostepnych-na-polskim-rynku-farb-do-wlosow-pod-katem-wystepowania-skladnikow-o-znanym-potencjale-uczulajacym,123,33175,1,0.html\" target=\"_blank\" rel=\"noopener noreferrer\">link do strony, gdzie pobierzecie tekst<\/a>) omawiaj\u0105cy sk\u0142ad 100 farb do w\u0142os\u00f3w dost\u0119pnych na polskim rynku.<\/strong> Wszystkie zawiera\u0142y sk\u0142adniki o udokumentowanym potencjale alergizuj\u0105cym.<\/p>\n<blockquote><p>W analizowanych farbach do w\u0142os\u00f3w wyodr\u0119bniono 291 unikalnych sk\u0142adnik\u00f3w, w tym 78 (26%)<br \/>\nsubstancji problematycznych: 46 barwnik\u00f3w, 16 substancji zapachowych, 14 konserwant\u00f3w (2 substancje spe\u0142nia\u0142y obie funkcje). Najcz\u0119\u015bciej wyst\u0119puj\u0105cymi problematycznymi barwnikami by\u0142y rezorcynol (65% wszystkich farb) i metaaminofenol (63%), a konserwantami \u2013 siarczan sodu (56%) i wodorosiarczan sodu (29%). Farby koloru blond zawiera\u0142y takie same barwniki jak farby br\u0105zowe i czarne. W prawie wszystkich (92%) farbach do w\u0142os\u00f3w wyst\u0119powa\u0142a kompozycja o nieznanym sk\u0142adzie ukryta pod nazw\u0105 parfum lub fragrance. Farby do w\u0142os\u00f3w z r\u00f3\u017cnych grup kolorystycznych r\u00f3\u017cni\u0142y si\u0119 istotnie pod wzgl\u0119dem liczby problematycznych barwnik\u00f3w (p = 0,0018), nie stwierdzono znacz\u0105cych r\u00f3\u017cnic w zakresie zawarto\u015bci substancji zapachowych i konserwant\u00f3w. Najwi\u0119cej problematycznych barwnik\u00f3w zawiera\u0142y farby koloru br\u0105zowego i czarnego, a najmniej czerwonego. W deklarowanych sk\u0142adach dw\u00f3ch farb do w\u0142os\u00f3w znaleziono zakazan\u0105 substancj\u0119 \u2013 ortoaminofenol.<\/p><\/blockquote>\n<p><strong>&#8222;Analiza sk\u0142adu dost\u0119pnych na polskim rynku farb do w\u0142os\u00f3w pod k\u0105tem wyst\u0119powania sk\u0142adnik\u00f3w o znanym potencjale uczulaj\u0105cym&#8221;, <\/strong>\u017baneta Polek, Ewelina Szendzielorz, Magdalena Niew\u0119g\u0142owska, Danuta Plichta, Rados\u0142aw \u015apiewak.<\/p>\n<p>Mechanizm farbowania w\u0142os\u00f3w wymaga sk\u0142adu, dzi\u0119ki kt\u00f3remu barwnik wniknie do wn\u0119trza w\u0142osa. Farby utleniaj\u0105ce wr\u0119cz niszcz\u0105 fragment w\u0142osa. Potrzebne s\u0105 do tego silnie dzia\u0142aj\u0105ce substancje, z kt\u00f3rych cz\u0119\u015b\u0107 mo\u017ce by\u0107 dra\u017cni\u0105ca. Je\u015bli jeste\u015bcie ciekawi, jakie s\u0105 najgorsze sk\u0142adniki nienaturalnych farb do w\u0142os\u00f3w (np. fenylendiamin, czyli PPD, albo np. resorcin), odsy\u0142am do powy\u017cszego artyku\u0142u. Lista jest d\u0142uga.<\/p>\n<p><strong>To naprawd\u0119 zupe\u0142nie odwrotna sytuacja do farb naturalnych, kt\u00f3re cz\u0119sto zawieraj\u0105 nie tylko zio\u0142a zmieniaj\u0105ce kolor, ale tak\u017ce piel\u0119gnuj\u0105ce w\u0142osy i sk\u00f3r\u0119 g\u0142owy.<\/strong><\/p>\n<figure id=\"attachment_11597\" aria-describedby=\"caption-attachment-11597\" style=\"width: 1000px\" class=\"wp-caption aligncenter\"><a href=\"https:\/\/baranowscy.eu\/wordpress\/wp-content\/uploads\/2021\/03\/naturalne_farbowanie_wlosow_4.jpg\"><img loading=\"lazy\" decoding=\"async\" class=\"size-full wp-image-11597\" src=\"https:\/\/baranowscy.eu\/wordpress\/wp-content\/uploads\/2021\/03\/naturalne_farbowanie_wlosow_4.jpg\" alt=\"Proszek z li\u015bci indygowca Indus Valley\" width=\"1000\" height=\"667\" srcset=\"https:\/\/baranowscy.eu\/wordpress\/wp-content\/uploads\/2021\/03\/naturalne_farbowanie_wlosow_4.jpg 1000w, https:\/\/baranowscy.eu\/wordpress\/wp-content\/uploads\/2021\/03\/naturalne_farbowanie_wlosow_4-300x200.jpg 300w, https:\/\/baranowscy.eu\/wordpress\/wp-content\/uploads\/2021\/03\/naturalne_farbowanie_wlosow_4-768x512.jpg 768w, https:\/\/baranowscy.eu\/wordpress\/wp-content\/uploads\/2021\/03\/naturalne_farbowanie_wlosow_4-560x374.jpg 560w, https:\/\/baranowscy.eu\/wordpress\/wp-content\/uploads\/2021\/03\/naturalne_farbowanie_wlosow_4-600x400.jpg 600w\" sizes=\"auto, (max-width: 1000px) 100vw, 1000px\" \/><\/a><figcaption id=\"caption-attachment-11597\" class=\"wp-caption-text\">Proszek z li\u015bci indygowca Indus Valley<\/figcaption><\/figure>\n<div>Stawiam na naturalne farbowanie w\u0142os\u00f3w, nawet je\u015bli nie osi\u0105gn\u0119 przez to jasnego blond czy r\u00f3\u017cu. Wol\u0119 korzysta\u0107 z natury! <strong>Produkty Indus Valley s\u0105 na tyle bezpieczne, \u017ce&#8230; pozwoli\u0142am pofarbowa\u0107 sobie nimi w\u0142osy mojemu jedenastolatkowi.<\/strong> I tak nie chodzi do szko\u0142y (gdzie farbowanie w\u0142os\u00f3w jest zabronione), wi\u0119c spr\u00f3bowa\u0142. Na jego w\u0142osach, ja\u015bniejszych od moich, kolor wyszed\u0142 s\u0142abszy.<\/div>\n<div>Tych farb mog\u0105 u\u017cywa\u0107 tak\u017ce matki karmi\u0105ce czy kobiety w ci\u0105\u017cy.<\/div>\n<p><strong><div class='dropshadowboxes-container ' style=''>\r\n                            <div class='dropshadowboxes-drop-shadow dropshadowboxes-rounded-corners dropshadowboxes-lifted-both dropshadowboxes-effect-default' style=' border: 1px solid #dddddd; height:; background-color:#f5ee77;    '>\r\n                            Wpis powsta\u0142 we wsp\u00f3\u0142pracy z Better Land i zawiera linki afiliacyjne. Z kodem rabatowym ORGANICZNI na zakupy w &gt;&gt; <a href=\"https:\/\/www.drogeria-ekologiczna.pl\/?pshow_permalink=ORGANICZNI\" target=\"_blank\" rel=\"noopener noreferrer\">Drogerii Ekologicznej Better Land<\/a> uzyskacie 5% zni\u017cki.<\/strong><strong>\r\n                            <\/div>\r\n                        <\/div><\/strong><\/p>\n<p><strong>A Wy lubicie zmienia\u0107 kolor w\u0142os\u00f3w? A mo\u017ce od lat trzymacie si\u0119 jednego odcienia? Czy wcale nie farbujecie?<\/strong><\/p>\n","protected":false},"excerpt":{"rendered":"<p>Bardzo lubi\u0119 od czasu do czasu farbowa\u0107 sobie w\u0142osy. Ju\u017c od dawna robi\u0119 to naturalnie dzi\u0119ki farbom ro\u015blinnym. Czasy, kiedy szala\u0142am z silnymi, niszcz\u0105cymi farbami,&hellip;<\/p>\n","protected":false},"author":1,"featured_media":11590,"comment_status":"open","ping_status":"open","sticky":false,"template":"","format":"standard","meta":{"_jetpack_memberships_contains_paid_content":false,"footnotes":""},"categories":[101,20],"tags":[1322,1724,1337,10,1725,29,1410,1424],"class_list":["post-11586","post","type-post","status-publish","format-standard","has-post-thumbnail","hentry","category-kosmetyki-i-pielegnacja","category-recenzje","tag-farba-do-wlosow","tag-indygo","tag-kosmetyki","tag-kosmetyki-naturalne","tag-naturalne-farbowanie","tag-recenzja","tag-recenzja-sponsorowana","tag-wlosy"],"yoast_head":"<!-- This site is optimized with the Yoast SEO plugin v27.5 - https:\/\/yoast.com\/product\/yoast-seo-wordpress\/ -->\n<title>Jak naturalnie farbowa\u0107 w\u0142osy? | organiczni.eu<\/title>\n<meta name=\"description\" content=\"Bardzo lubi\u0119 od czasu do czasu farbowa\u0107 sobie w\u0142osy. Ju\u017c od dawna robi\u0119 to naturalnie dzi\u0119ki farbom ro\u015blinnym.\" \/>\n<meta name=\"robots\" content=\"index, follow, max-snippet:-1, max-image-preview:large, max-video-preview:-1\" \/>\n<link rel=\"canonical\" href=\"https:\/\/baranowscy.eu\/wordpress\/jak-naturalnie-farbowac-wlosy\/\" \/>\n<meta property=\"og:locale\" content=\"pl_PL\" \/>\n<meta property=\"og:type\" content=\"article\" \/>\n<meta property=\"og:title\" content=\"Jak naturalnie farbowa\u0107 w\u0142osy? | organiczni.eu\" \/>\n<meta property=\"og:description\" content=\"Bardzo lubi\u0119 od czasu do czasu farbowa\u0107 sobie w\u0142osy. Ju\u017c od dawna robi\u0119 to naturalnie dzi\u0119ki farbom ro\u015blinnym.\" \/>\n<meta property=\"og:url\" content=\"https:\/\/baranowscy.eu\/wordpress\/jak-naturalnie-farbowac-wlosy\/\" \/>\n<meta property=\"og:site_name\" content=\"organiczni.eu\" \/>\n<meta property=\"article:publisher\" content=\"https:\/\/www.facebook.com\/organiczni\/\" \/>\n<meta property=\"article:published_time\" content=\"2021-03-15T20:04:53+00:00\" \/>\n<meta property=\"article:modified_time\" content=\"2021-03-15T20:05:55+00:00\" \/>\n<meta property=\"og:image\" content=\"https:\/\/baranowscy.eu\/wordpress\/wp-content\/uploads\/2021\/03\/naturalne_farbowanie_wlos\u00f3w_0.jpg\" \/>\n\t<meta property=\"og:image:width\" content=\"1200\" \/>\n\t<meta property=\"og:image:height\" content=\"628\" \/>\n\t<meta property=\"og:image:type\" content=\"image\/jpeg\" \/>\n<meta name=\"author\" content=\"joanna\" \/>\n<meta name=\"twitter:card\" content=\"summary_large_image\" \/>\n<meta name=\"twitter:label1\" content=\"Napisane przez\" \/>\n\t<meta name=\"twitter:data1\" content=\"joanna\" \/>\n\t<meta name=\"twitter:label2\" content=\"Szacowany czas czytania\" \/>\n\t<meta name=\"twitter:data2\" content=\"6 minut\" \/>\n<script type=\"application\/ld+json\" class=\"yoast-schema-graph\">{\"@context\":\"https:\\\/\\\/schema.org\",\"@graph\":[{\"@type\":\"Article\",\"@id\":\"https:\\\/\\\/baranowscy.eu\\\/wordpress\\\/jak-naturalnie-farbowac-wlosy\\\/#article\",\"isPartOf\":{\"@id\":\"https:\\\/\\\/baranowscy.eu\\\/wordpress\\\/jak-naturalnie-farbowac-wlosy\\\/\"},\"author\":{\"name\":\"joanna\",\"@id\":\"https:\\\/\\\/baranowscy.eu\\\/wordpress\\\/#\\\/schema\\\/person\\\/741d5f1f3fd2833c5ca2ffdaaa93dc73\"},\"headline\":\"Jak naturalnie farbowa\u0107 w\u0142osy?\",\"datePublished\":\"2021-03-15T20:04:53+00:00\",\"dateModified\":\"2021-03-15T20:05:55+00:00\",\"mainEntityOfPage\":{\"@id\":\"https:\\\/\\\/baranowscy.eu\\\/wordpress\\\/jak-naturalnie-farbowac-wlosy\\\/\"},\"wordCount\":1178,\"commentCount\":8,\"publisher\":{\"@id\":\"https:\\\/\\\/baranowscy.eu\\\/wordpress\\\/#organization\"},\"image\":{\"@id\":\"https:\\\/\\\/baranowscy.eu\\\/wordpress\\\/jak-naturalnie-farbowac-wlosy\\\/#primaryimage\"},\"thumbnailUrl\":\"https:\\\/\\\/baranowscy.eu\\\/wordpress\\\/wp-content\\\/uploads\\\/2021\\\/03\\\/naturalne_farbowanie_wlos\u00f3w_0.jpg\",\"keywords\":[\"farba do w\u0142os\u00f3w\",\"indygo\",\"kosmetyki i piel\u0119gnacja\",\"kosmetyki naturalne\",\"naturalne farbowanie\",\"recenzja\",\"recenzja sponsorowana\",\"w\u0142osy\"],\"articleSection\":[\"kosmetyki i piel\u0119gnacja\",\"recenzje\"],\"inLanguage\":\"pl-PL\",\"potentialAction\":[{\"@type\":\"CommentAction\",\"name\":\"Comment\",\"target\":[\"https:\\\/\\\/baranowscy.eu\\\/wordpress\\\/jak-naturalnie-farbowac-wlosy\\\/#respond\"]}]},{\"@type\":\"WebPage\",\"@id\":\"https:\\\/\\\/baranowscy.eu\\\/wordpress\\\/jak-naturalnie-farbowac-wlosy\\\/\",\"url\":\"https:\\\/\\\/baranowscy.eu\\\/wordpress\\\/jak-naturalnie-farbowac-wlosy\\\/\",\"name\":\"Jak naturalnie farbowa\u0107 w\u0142osy? | organiczni.eu\",\"isPartOf\":{\"@id\":\"https:\\\/\\\/baranowscy.eu\\\/wordpress\\\/#website\"},\"primaryImageOfPage\":{\"@id\":\"https:\\\/\\\/baranowscy.eu\\\/wordpress\\\/jak-naturalnie-farbowac-wlosy\\\/#primaryimage\"},\"image\":{\"@id\":\"https:\\\/\\\/baranowscy.eu\\\/wordpress\\\/jak-naturalnie-farbowac-wlosy\\\/#primaryimage\"},\"thumbnailUrl\":\"https:\\\/\\\/baranowscy.eu\\\/wordpress\\\/wp-content\\\/uploads\\\/2021\\\/03\\\/naturalne_farbowanie_wlos\u00f3w_0.jpg\",\"datePublished\":\"2021-03-15T20:04:53+00:00\",\"dateModified\":\"2021-03-15T20:05:55+00:00\",\"description\":\"Bardzo lubi\u0119 od czasu do czasu farbowa\u0107 sobie w\u0142osy. Ju\u017c od dawna robi\u0119 to naturalnie dzi\u0119ki farbom ro\u015blinnym.\",\"breadcrumb\":{\"@id\":\"https:\\\/\\\/baranowscy.eu\\\/wordpress\\\/jak-naturalnie-farbowac-wlosy\\\/#breadcrumb\"},\"inLanguage\":\"pl-PL\",\"potentialAction\":[{\"@type\":\"ReadAction\",\"target\":[\"https:\\\/\\\/baranowscy.eu\\\/wordpress\\\/jak-naturalnie-farbowac-wlosy\\\/\"]}]},{\"@type\":\"ImageObject\",\"inLanguage\":\"pl-PL\",\"@id\":\"https:\\\/\\\/baranowscy.eu\\\/wordpress\\\/jak-naturalnie-farbowac-wlosy\\\/#primaryimage\",\"url\":\"https:\\\/\\\/baranowscy.eu\\\/wordpress\\\/wp-content\\\/uploads\\\/2021\\\/03\\\/naturalne_farbowanie_wlos\u00f3w_0.jpg\",\"contentUrl\":\"https:\\\/\\\/baranowscy.eu\\\/wordpress\\\/wp-content\\\/uploads\\\/2021\\\/03\\\/naturalne_farbowanie_wlos\u00f3w_0.jpg\",\"width\":1200,\"height\":628,\"caption\":\"Naturalne farbowanie w\u0142os\u00f3w\"},{\"@type\":\"BreadcrumbList\",\"@id\":\"https:\\\/\\\/baranowscy.eu\\\/wordpress\\\/jak-naturalnie-farbowac-wlosy\\\/#breadcrumb\",\"itemListElement\":[{\"@type\":\"ListItem\",\"position\":1,\"name\":\"Strona g\u0142\u00f3wna\",\"item\":\"https:\\\/\\\/baranowscy.eu\\\/wordpress\\\/\"},{\"@type\":\"ListItem\",\"position\":2,\"name\":\"Jak naturalnie farbowa\u0107 w\u0142osy?\"}]},{\"@type\":\"WebSite\",\"@id\":\"https:\\\/\\\/baranowscy.eu\\\/wordpress\\\/#website\",\"url\":\"https:\\\/\\\/baranowscy.eu\\\/wordpress\\\/\",\"name\":\"organiczni.eu\",\"description\":\"Najbardziej wszechstronny blog ekologiczny\",\"publisher\":{\"@id\":\"https:\\\/\\\/baranowscy.eu\\\/wordpress\\\/#organization\"},\"potentialAction\":[{\"@type\":\"SearchAction\",\"target\":{\"@type\":\"EntryPoint\",\"urlTemplate\":\"https:\\\/\\\/baranowscy.eu\\\/wordpress\\\/?s={search_term_string}\"},\"query-input\":{\"@type\":\"PropertyValueSpecification\",\"valueRequired\":true,\"valueName\":\"search_term_string\"}}],\"inLanguage\":\"pl-PL\"},{\"@type\":\"Organization\",\"@id\":\"https:\\\/\\\/baranowscy.eu\\\/wordpress\\\/#organization\",\"name\":\"organiczni.eu\",\"url\":\"https:\\\/\\\/baranowscy.eu\\\/wordpress\\\/\",\"logo\":{\"@type\":\"ImageObject\",\"inLanguage\":\"pl-PL\",\"@id\":\"https:\\\/\\\/baranowscy.eu\\\/wordpress\\\/#\\\/schema\\\/logo\\\/image\\\/\",\"url\":\"https:\\\/\\\/baranowscy.eu\\\/wordpress\\\/wp-content\\\/uploads\\\/2018\\\/01\\\/logo_duze.png\",\"contentUrl\":\"https:\\\/\\\/baranowscy.eu\\\/wordpress\\\/wp-content\\\/uploads\\\/2018\\\/01\\\/logo_duze.png\",\"width\":1398,\"height\":300,\"caption\":\"organiczni.eu\"},\"image\":{\"@id\":\"https:\\\/\\\/baranowscy.eu\\\/wordpress\\\/#\\\/schema\\\/logo\\\/image\\\/\"},\"sameAs\":[\"https:\\\/\\\/www.facebook.com\\\/organiczni\\\/\",\"https:\\\/\\\/www.instagram.com\\\/organiczni.eu\\\/\"]},{\"@type\":\"Person\",\"@id\":\"https:\\\/\\\/baranowscy.eu\\\/wordpress\\\/#\\\/schema\\\/person\\\/741d5f1f3fd2833c5ca2ffdaaa93dc73\",\"name\":\"joanna\",\"image\":{\"@type\":\"ImageObject\",\"inLanguage\":\"pl-PL\",\"@id\":\"https:\\\/\\\/secure.gravatar.com\\\/avatar\\\/a59b1be4fa5d200ee0af0ba4bbcdb691da1d589b419bae23d7aa5a15d820e28e?s=96&d=identicon&r=g\",\"url\":\"https:\\\/\\\/secure.gravatar.com\\\/avatar\\\/a59b1be4fa5d200ee0af0ba4bbcdb691da1d589b419bae23d7aa5a15d820e28e?s=96&d=identicon&r=g\",\"contentUrl\":\"https:\\\/\\\/secure.gravatar.com\\\/avatar\\\/a59b1be4fa5d200ee0af0ba4bbcdb691da1d589b419bae23d7aa5a15d820e28e?s=96&d=identicon&r=g\",\"caption\":\"joanna\"},\"sameAs\":[\"https:\\\/\\\/organiczni.baranowscy.eu\"],\"url\":\"https:\\\/\\\/baranowscy.eu\\\/wordpress\\\/author\\\/admin\\\/\"}]}<\/script>\n<!-- \/ Yoast SEO plugin. -->","yoast_head_json":{"title":"Jak naturalnie farbowa\u0107 w\u0142osy? | organiczni.eu","description":"Bardzo lubi\u0119 od czasu do czasu farbowa\u0107 sobie w\u0142osy. Ju\u017c od dawna robi\u0119 to naturalnie dzi\u0119ki farbom ro\u015blinnym.","robots":{"index":"index","follow":"follow","max-snippet":"max-snippet:-1","max-image-preview":"max-image-preview:large","max-video-preview":"max-video-preview:-1"},"canonical":"https:\/\/baranowscy.eu\/wordpress\/jak-naturalnie-farbowac-wlosy\/","og_locale":"pl_PL","og_type":"article","og_title":"Jak naturalnie farbowa\u0107 w\u0142osy? | organiczni.eu","og_description":"Bardzo lubi\u0119 od czasu do czasu farbowa\u0107 sobie w\u0142osy. Ju\u017c od dawna robi\u0119 to naturalnie dzi\u0119ki farbom ro\u015blinnym.","og_url":"https:\/\/baranowscy.eu\/wordpress\/jak-naturalnie-farbowac-wlosy\/","og_site_name":"organiczni.eu","article_publisher":"https:\/\/www.facebook.com\/organiczni\/","article_published_time":"2021-03-15T20:04:53+00:00","article_modified_time":"2021-03-15T20:05:55+00:00","og_image":[{"width":1200,"height":628,"url":"https:\/\/baranowscy.eu\/wordpress\/wp-content\/uploads\/2021\/03\/naturalne_farbowanie_wlos\u00f3w_0.jpg","type":"image\/jpeg"}],"author":"joanna","twitter_card":"summary_large_image","twitter_misc":{"Napisane przez":"joanna","Szacowany czas czytania":"6 minut"},"schema":{"@context":"https:\/\/schema.org","@graph":[{"@type":"Article","@id":"https:\/\/baranowscy.eu\/wordpress\/jak-naturalnie-farbowac-wlosy\/#article","isPartOf":{"@id":"https:\/\/baranowscy.eu\/wordpress\/jak-naturalnie-farbowac-wlosy\/"},"author":{"name":"joanna","@id":"https:\/\/baranowscy.eu\/wordpress\/#\/schema\/person\/741d5f1f3fd2833c5ca2ffdaaa93dc73"},"headline":"Jak naturalnie farbowa\u0107 w\u0142osy?","datePublished":"2021-03-15T20:04:53+00:00","dateModified":"2021-03-15T20:05:55+00:00","mainEntityOfPage":{"@id":"https:\/\/baranowscy.eu\/wordpress\/jak-naturalnie-farbowac-wlosy\/"},"wordCount":1178,"commentCount":8,"publisher":{"@id":"https:\/\/baranowscy.eu\/wordpress\/#organization"},"image":{"@id":"https:\/\/baranowscy.eu\/wordpress\/jak-naturalnie-farbowac-wlosy\/#primaryimage"},"thumbnailUrl":"https:\/\/baranowscy.eu\/wordpress\/wp-content\/uploads\/2021\/03\/naturalne_farbowanie_wlos\u00f3w_0.jpg","keywords":["farba do w\u0142os\u00f3w","indygo","kosmetyki i piel\u0119gnacja","kosmetyki naturalne","naturalne farbowanie","recenzja","recenzja sponsorowana","w\u0142osy"],"articleSection":["kosmetyki i piel\u0119gnacja","recenzje"],"inLanguage":"pl-PL","potentialAction":[{"@type":"CommentAction","name":"Comment","target":["https:\/\/baranowscy.eu\/wordpress\/jak-naturalnie-farbowac-wlosy\/#respond"]}]},{"@type":"WebPage","@id":"https:\/\/baranowscy.eu\/wordpress\/jak-naturalnie-farbowac-wlosy\/","url":"https:\/\/baranowscy.eu\/wordpress\/jak-naturalnie-farbowac-wlosy\/","name":"Jak naturalnie farbowa\u0107 w\u0142osy? | organiczni.eu","isPartOf":{"@id":"https:\/\/baranowscy.eu\/wordpress\/#website"},"primaryImageOfPage":{"@id":"https:\/\/baranowscy.eu\/wordpress\/jak-naturalnie-farbowac-wlosy\/#primaryimage"},"image":{"@id":"https:\/\/baranowscy.eu\/wordpress\/jak-naturalnie-farbowac-wlosy\/#primaryimage"},"thumbnailUrl":"https:\/\/baranowscy.eu\/wordpress\/wp-content\/uploads\/2021\/03\/naturalne_farbowanie_wlos\u00f3w_0.jpg","datePublished":"2021-03-15T20:04:53+00:00","dateModified":"2021-03-15T20:05:55+00:00","description":"Bardzo lubi\u0119 od czasu do czasu farbowa\u0107 sobie w\u0142osy. Ju\u017c od dawna robi\u0119 to naturalnie dzi\u0119ki farbom ro\u015blinnym.","breadcrumb":{"@id":"https:\/\/baranowscy.eu\/wordpress\/jak-naturalnie-farbowac-wlosy\/#breadcrumb"},"inLanguage":"pl-PL","potentialAction":[{"@type":"ReadAction","target":["https:\/\/baranowscy.eu\/wordpress\/jak-naturalnie-farbowac-wlosy\/"]}]},{"@type":"ImageObject","inLanguage":"pl-PL","@id":"https:\/\/baranowscy.eu\/wordpress\/jak-naturalnie-farbowac-wlosy\/#primaryimage","url":"https:\/\/baranowscy.eu\/wordpress\/wp-content\/uploads\/2021\/03\/naturalne_farbowanie_wlos\u00f3w_0.jpg","contentUrl":"https:\/\/baranowscy.eu\/wordpress\/wp-content\/uploads\/2021\/03\/naturalne_farbowanie_wlos\u00f3w_0.jpg","width":1200,"height":628,"caption":"Naturalne farbowanie w\u0142os\u00f3w"},{"@type":"BreadcrumbList","@id":"https:\/\/baranowscy.eu\/wordpress\/jak-naturalnie-farbowac-wlosy\/#breadcrumb","itemListElement":[{"@type":"ListItem","position":1,"name":"Strona g\u0142\u00f3wna","item":"https:\/\/baranowscy.eu\/wordpress\/"},{"@type":"ListItem","position":2,"name":"Jak naturalnie farbowa\u0107 w\u0142osy?"}]},{"@type":"WebSite","@id":"https:\/\/baranowscy.eu\/wordpress\/#website","url":"https:\/\/baranowscy.eu\/wordpress\/","name":"organiczni.eu","description":"Najbardziej wszechstronny blog ekologiczny","publisher":{"@id":"https:\/\/baranowscy.eu\/wordpress\/#organization"},"potentialAction":[{"@type":"SearchAction","target":{"@type":"EntryPoint","urlTemplate":"https:\/\/baranowscy.eu\/wordpress\/?s={search_term_string}"},"query-input":{"@type":"PropertyValueSpecification","valueRequired":true,"valueName":"search_term_string"}}],"inLanguage":"pl-PL"},{"@type":"Organization","@id":"https:\/\/baranowscy.eu\/wordpress\/#organization","name":"organiczni.eu","url":"https:\/\/baranowscy.eu\/wordpress\/","logo":{"@type":"ImageObject","inLanguage":"pl-PL","@id":"https:\/\/baranowscy.eu\/wordpress\/#\/schema\/logo\/image\/","url":"https:\/\/baranowscy.eu\/wordpress\/wp-content\/uploads\/2018\/01\/logo_duze.png","contentUrl":"https:\/\/baranowscy.eu\/wordpress\/wp-content\/uploads\/2018\/01\/logo_duze.png","width":1398,"height":300,"caption":"organiczni.eu"},"image":{"@id":"https:\/\/baranowscy.eu\/wordpress\/#\/schema\/logo\/image\/"},"sameAs":["https:\/\/www.facebook.com\/organiczni\/","https:\/\/www.instagram.com\/organiczni.eu\/"]},{"@type":"Person","@id":"https:\/\/baranowscy.eu\/wordpress\/#\/schema\/person\/741d5f1f3fd2833c5ca2ffdaaa93dc73","name":"joanna","image":{"@type":"ImageObject","inLanguage":"pl-PL","@id":"https:\/\/secure.gravatar.com\/avatar\/a59b1be4fa5d200ee0af0ba4bbcdb691da1d589b419bae23d7aa5a15d820e28e?s=96&d=identicon&r=g","url":"https:\/\/secure.gravatar.com\/avatar\/a59b1be4fa5d200ee0af0ba4bbcdb691da1d589b419bae23d7aa5a15d820e28e?s=96&d=identicon&r=g","contentUrl":"https:\/\/secure.gravatar.com\/avatar\/a59b1be4fa5d200ee0af0ba4bbcdb691da1d589b419bae23d7aa5a15d820e28e?s=96&d=identicon&r=g","caption":"joanna"},"sameAs":["https:\/\/organiczni.baranowscy.eu"],"url":"https:\/\/baranowscy.eu\/wordpress\/author\/admin\/"}]}},"jetpack_featured_media_url":"https:\/\/baranowscy.eu\/wordpress\/wp-content\/uploads\/2021\/03\/naturalne_farbowanie_wlos\u00f3w_0.jpg","jetpack_sharing_enabled":true,"_links":{"self":[{"href":"https:\/\/baranowscy.eu\/wordpress\/wp-json\/wp\/v2\/posts\/11586","targetHints":{"allow":["GET"]}}],"collection":[{"href":"https:\/\/baranowscy.eu\/wordpress\/wp-json\/wp\/v2\/posts"}],"about":[{"href":"https:\/\/baranowscy.eu\/wordpress\/wp-json\/wp\/v2\/types\/post"}],"author":[{"embeddable":true,"href":"https:\/\/baranowscy.eu\/wordpress\/wp-json\/wp\/v2\/users\/1"}],"replies":[{"embeddable":true,"href":"https:\/\/baranowscy.eu\/wordpress\/wp-json\/wp\/v2\/comments?post=11586"}],"version-history":[{"count":5,"href":"https:\/\/baranowscy.eu\/wordpress\/wp-json\/wp\/v2\/posts\/11586\/revisions"}],"predecessor-version":[{"id":11600,"href":"https:\/\/baranowscy.eu\/wordpress\/wp-json\/wp\/v2\/posts\/11586\/revisions\/11600"}],"wp:featuredmedia":[{"embeddable":true,"href":"https:\/\/baranowscy.eu\/wordpress\/wp-json\/wp\/v2\/media\/11590"}],"wp:attachment":[{"href":"https:\/\/baranowscy.eu\/wordpress\/wp-json\/wp\/v2\/media?parent=11586"}],"wp:term":[{"taxonomy":"category","embeddable":true,"href":"https:\/\/baranowscy.eu\/wordpress\/wp-json\/wp\/v2\/categories?post=11586"},{"taxonomy":"post_tag","embeddable":true,"href":"https:\/\/baranowscy.eu\/wordpress\/wp-json\/wp\/v2\/tags?post=11586"}],"curies":[{"name":"wp","href":"https:\/\/api.w.org\/{rel}","templated":true}]}}