{"id":11446,"date":"2021-02-05T14:51:57","date_gmt":"2021-02-05T13:51:57","guid":{"rendered":"https:\/\/baranowscy.eu\/wordpress\/?p=11446"},"modified":"2021-02-05T15:01:59","modified_gmt":"2021-02-05T14:01:59","slug":"manon-steffan-ros-niebieska-ksiega-z-nebo","status":"publish","type":"post","link":"https:\/\/baranowscy.eu\/wordpress\/manon-steffan-ros-niebieska-ksiega-z-nebo\/","title":{"rendered":"Manon Steffan Ros, \u201eNiebieska ksi\u0119ga z Nebo\u201d"},"content":{"rendered":"<p>\u201e<strong>Niebieska ksi\u0119ga z Nebo\u201d to ksi\u0105\u017cka, po kt\u00f3r\u0105 si\u0119gn\u0119\u0142am zach\u0119cona przez &gt;&gt; <a href=\"http:\/\/ekoeksperymenty.blogspot.com\/2021\/01\/niebieska-ksiega-z-nebo-recenzja.html\" target=\"_blank\" rel=\"noopener noreferrer\">Dorot\u0119 Czopyk<\/a>, jako po lektur\u0119 m\u00f3wi\u0105c\u0105 o postapokaliptycznym \u015bwiecie garstki ocala\u0142ych ludzi. Autorka Manon Steffan Ros jest walijsk\u0105 pisark\u0105 i pisze w j\u0119zyku walijskim, co w \u201eKsi\u0119dze\u201d jest co chwila podkre\u015blane. Zanim zabra\u0142am si\u0119 do napisania tej recenzji, zastanawia\u0142am si\u0119, co w\u0142a\u015bciwie my\u015ble\u0107 o tej lekturze.<\/strong><\/p>\n<p>Temat ko\u0144ca dzisiejszego \u015bwiata przewija si\u0119 w ksi\u0105\u017ckach, po kt\u00f3re si\u0119gam, od dawna. S\u0105 to powie\u015bci, jak te:<\/p>\n<blockquote class=\"wp-embedded-content\" data-secret=\"0LrwzvhixE\"><p><a href=\"https:\/\/baranowscy.eu\/wordpress\/4-ekopowiesci-o-koncu-naszego-swiata\/\">4 ekopowie\u015bci o ko\u0144cu naszego \u015bwiata<\/a><\/p><\/blockquote>\n<p><iframe loading=\"lazy\" class=\"wp-embedded-content\" sandbox=\"allow-scripts\" security=\"restricted\" style=\"position: absolute; clip: rect(1px, 1px, 1px, 1px);\" title=\"&#8222;4 ekopowie\u015bci o ko\u0144cu naszego \u015bwiata&#8221; &#8212; organiczni.eu\" src=\"https:\/\/baranowscy.eu\/wordpress\/4-ekopowiesci-o-koncu-naszego-swiata\/embed\/#?secret=0LrwzvhixE\" data-secret=\"0LrwzvhixE\" width=\"600\" height=\"338\" frameborder=\"0\" marginwidth=\"0\" marginheight=\"0\" scrolling=\"no\"><\/iframe><\/p>\n<p>S\u0105 to r\u00f3wnie\u017c ksi\u0105\u017cki popularnonaukowe, historiozoficzne (np. Harariego) czy reporta\u017ce jak ten:<\/p>\n<blockquote class=\"wp-embedded-content\" data-secret=\"E8yC6JuhMl\"><p><a href=\"https:\/\/baranowscy.eu\/wordpress\/dahr-jamail-koniec-lodu\/\">Dahr Jamail, \u201eKoniec lodu\u201d &#8211; nie przegapcie tej ksi\u0105\u017cki!<\/a><\/p><\/blockquote>\n<p><iframe loading=\"lazy\" class=\"wp-embedded-content\" sandbox=\"allow-scripts\" security=\"restricted\" style=\"position: absolute; clip: rect(1px, 1px, 1px, 1px);\" title=\"&#8222;Dahr Jamail, \u201eKoniec lodu\u201d &#8211; nie przegapcie tej ksi\u0105\u017cki!&#8221; &#8212; organiczni.eu\" src=\"https:\/\/baranowscy.eu\/wordpress\/dahr-jamail-koniec-lodu\/embed\/#?secret=E8yC6JuhMl\" data-secret=\"E8yC6JuhMl\" width=\"600\" height=\"338\" frameborder=\"0\" marginwidth=\"0\" marginheight=\"0\" scrolling=\"no\"><\/iframe><\/p>\n<p>Jedne daj\u0105 nadziej\u0119, inne wr\u0119cz przeciwnie, pozbawiaj\u0105 nas resztek wiary, \u017ce uda nam si\u0119 uratowa\u0107 przed ca\u0142kowitym unicestwieniem albo \u017cyciem na kraw\u0119dzi przetrwania. Osobi\u015bcie bli\u017csze jest mi my\u015blenie o nieuniknionej tragedii i\u00a0 cz\u0142owieku niczym karaluchu, kt\u00f3ry prze\u017cyje wszystko, dostosuje si\u0119 do ka\u017cdych warunk\u00f3w i b\u0119dzie \u017cerowa\u0142 na tym, co si\u0119 da.<\/p>\n<h2>Manon Steffan Ros, \u201eNiebieska ksi\u0119ga z Nebo\u201d<\/h2>\n<p><strong>Zaczn\u0119 od tego, czego wed\u0142ug mnie nie mo\u017cna pomin\u0105\u0107. Ta ksi\u0105\u017cka jest wed\u0142ug mnie ho\u0142dem z\u0142o\u017conym kulturze (zw\u0142aszcza literaturze) walijskiej.<\/strong> W historii, kt\u00f3r\u0105 poznajemy, jej ocalenie przed zapomnieniem by\u0107 mo\u017ce zale\u017cy od ocala\u0142ej w katastrofie dw\u00f3jki: Rowenny i jej syna Si\u00f4na. W nowym \u015bwiecie, gdzie przetrwanie jest zwi\u0105zane z umiej\u0119tno\u015bci\u0105 znalezienia, wyhodowania lub upolowania jedzenia, ksi\u0105\u017cki staj\u0105 si\u0119 nagle r\u00f3wnie wa\u017cne, co pokarm. Nie samym chlebem \u017cyje cz\u0142owiek &#8211; zdaje si\u0119 pokazywa\u0107 autorka &#8211; nawet po Kresie ostatni ludzie na Ziemi potrzebuj\u0105 strawy duchowej i poczucia, \u017ce co\u015b ratuj\u0105 poza swoim \u017cyciem.<\/p>\n<p><strong>Nie wiemy, co si\u0119 sta\u0142o<\/strong> &#8211; pewnego dnia do Rowenny, pracuj\u0105cej w zak\u0142adzie fryzjerskim w ma\u0142ej miejscowo\u015bci, dochodz\u0105 wie\u015bci o wojnie w Stanach Zjednoczonych. A potem wsz\u0119dzie od\u0142\u0105czaj\u0105 pr\u0105d &#8211; ludzie panikuj\u0105, szabruj\u0105, uciekaj\u0105, jest chaos. Rowenna ma sw\u00f3j plan przetrwania, jednak nie przewiduje, \u017ce &#8211; prawdopodobnie z braku pr\u0105du, a mo\u017ce przez sabota\u017c &#8211; dojdzie do wybuchu w pobliskiej elektrowni j\u0105drowej Wylfli (pami\u0119tacie &#8222;Blackout&#8221;?). To zmienia wszystko, bo tego wybuchu nie prze\u017cyje prawie nikt w okolicy.<\/p>\n<p><strong>Od tego momentu matka i syn, a potem pojawiaj\u0105ca si\u0119 jeszcze c\u00f3rka, musz\u0105 radzi\u0107 sobie sami.<\/strong> Co ciekawe, maj\u0105 trudne \u017cycie, ale traktuj\u0105 to jako pozytywne wyzwanie (mo\u017ce dzi\u0119ki ksi\u0105\u017ckom?). S\u0105 szcz\u0119\u015bliwi, przez kilka lat udaje im si\u0119 zgra\u0107 z rytmem przyrody i opanowa\u0107 \u015bwiat upad\u0142ej cywilizacji. Kres da\u0142 im nowy pocz\u0105tek, ale <strong>(uwaga, zdradzam zako\u0144czenie) <\/strong>po tych kilku latach samodzielno\u015bci okazuje si\u0119, \u017ce wcale nie s\u0105 sami, \u017ce gdzie\u015b \u017cycie toczy si\u0119 dalej, a pr\u0105d wraca&#8230; I dopiero wtedy czuj\u0105, \u017ce co\u015b im odebrano.<\/p>\n<h2>Jak mo\u017cemy czyta\u0107\u00a0\u201eNiebiesk\u0105 ksi\u0119g\u0119 z Nebo\u201d?<\/h2>\n<figure id=\"attachment_11452\" aria-describedby=\"caption-attachment-11452\" style=\"width: 225px\" class=\"wp-caption alignleft\"><a href=\"https:\/\/baranowscy.eu\/wordpress\/wp-content\/uploads\/2021\/02\/niebieska_ksiega_z_nebo_1.jpg\"><img loading=\"lazy\" decoding=\"async\" class=\"size-medium wp-image-11452\" src=\"https:\/\/baranowscy.eu\/wordpress\/wp-content\/uploads\/2021\/02\/niebieska_ksiega_z_nebo_1-225x300.jpg\" alt=\"Manon Steffan Ros, \u201eNiebieska ksi\u0119ga z Nebo\u201d\" width=\"225\" height=\"300\" srcset=\"https:\/\/baranowscy.eu\/wordpress\/wp-content\/uploads\/2021\/02\/niebieska_ksiega_z_nebo_1-225x300.jpg 225w, https:\/\/baranowscy.eu\/wordpress\/wp-content\/uploads\/2021\/02\/niebieska_ksiega_z_nebo_1-560x747.jpg 560w, https:\/\/baranowscy.eu\/wordpress\/wp-content\/uploads\/2021\/02\/niebieska_ksiega_z_nebo_1-300x400.jpg 300w, https:\/\/baranowscy.eu\/wordpress\/wp-content\/uploads\/2021\/02\/niebieska_ksiega_z_nebo_1.jpg 600w\" sizes=\"auto, (max-width: 225px) 100vw, 225px\" \/><\/a><figcaption id=\"caption-attachment-11452\" class=\"wp-caption-text\">Manon Steffan Ros, \u201eNiebieska ksi\u0119ga z Nebo\u201d<\/figcaption><\/figure>\n<p><strong>Wed\u0142ug mnie ksi\u0105\u017cka Manon Steffan Ros jest o wiele za kr\u00f3tka.<\/strong> Mam wra\u017cenie, \u017ce ciekawy pomys\u0142 autorki, aby jedn\u0105 z bohaterek uczyni\u0107 kultur\u0119 walijsk\u0105, spowodowa\u0142, \u017ce skupi\u0142a si\u0119 na tym, zamiast bardziej rozwin\u0105\u0107 akcj\u0119. A mo\u017ce nie mia\u0142a pomys\u0142u, co jeszcze mog\u0142oby si\u0119 wydarzy\u0107 w opuszczonym zak\u0105tku Walii?<\/p>\n<p><strong>Narratorami &#8222;Ksi\u0119gi&#8221; s\u0105 matka i syn, przez co dostajemy opisy wydarze\u0144 przefiltrowane przez charaktery tych postaci.<\/strong> Matka jest twarda i nieskora do zwierze\u0144, przed w\u0142asnym synem tai znajomo\u015b\u0107 z tajemniczym rowerzyst\u0105. Skrywa przed Si\u00f4nem histori\u0119 jego ojca i ojca jego siostry. Syn boi si\u0119 pyta\u0107, cho\u0107 wie, \u017ce co\u015b si\u0119 wydarzy\u0142o. Oboje skupiaj\u0105 si\u0119 na pracy, a w chwilach odpoczynku patrz\u0105 razem na \u015bwiat z dachu. Nie jest to jednak wizerunek szcz\u0119\u015bliwej rodziny. Mimo \u017ce Rowenna docenia brak smarfon\u00f3w i innych dziwnych urz\u0105dze\u0144, kt\u00f3re zabiera\u0142y wcze\u015bniej czas i uwag\u0119, i twierdzi, \u017ce jest jej lepiej, bo po Kresie robi tylko to, co jest wa\u017cne.<\/p>\n<p><strong>Odczytuj\u0119 t\u0119 ksi\u0105\u017ck\u0119 jako wizj\u0119 kultury, kt\u00f3ra podtrzymuje przy \u017cyciu (o czym wy\u017cej), ale te\u017c o rzecz o uwik\u0142aniu cz\u0142owieka w kultur\u0119.<\/strong> Nawet w czasie, gdy ju\u017c nikt nie mo\u017ce nas ocenia\u0107, czujemy przymus zachowywania si\u0119 tak, jakby jednak pewne zasady obowi\u0105zywa\u0142y. Rowenna nie powie synowi o romansie, nie pozwoli mu korzysta\u0107 z rzeczy nie\u017cyj\u0105cych s\u0105siad\u00f3w, bo wci\u0105\u017c uwa\u017ca, \u017ce to ma jakie\u015b znaczenie. By\u0107 mo\u017ce, gdyby by\u0142a zupe\u0142nie przyci\u015bni\u0119ta g\u0142odem i ch\u0142odem, zmieni\u0142aby zdanie? Gdzie le\u017c\u0105 granice naszej przyzwoito\u015bci i czy przyzwoito\u015b\u0107 ma sens, skoro nasze zachowanie nikogo ju\u017c nie obchodzi?<\/p>\n<p><strong>By\u0107 mo\u017ce sednem tej minipowie\u015bci jest nadzieja, \u017ce kiedy\u015b ludzie wr\u00f3c\u0105 i \u017ce wszystkie wybory zostan\u0105 os\u0105dzone.<\/strong> Ale kiedy wracaj\u0105, nadzieja zamienia si\u0119 w rozpacz i w\u015bciek\u0142o\u015b\u0107. A wi\u0119c &#8211; uwik\u0142anie w &#8222;ludzko\u015b\u0107&#8221; jest naszym przeznaczeniem. I cho\u0107 czasem ratuje nam \u017cycie, najcz\u0119\u015bciej sprawia, \u017ce to \u017cycie jest niezno\u015bne.<\/p>\n<p><strong>Jestem ciekawa, czy czytali\u015bcie t\u0119 ksi\u0105\u017ck\u0119? Jest tak kr\u00f3tka, \u017ce zajmie Wam jeden wiecz\u00f3r. My\u015bl\u0119, \u017ce warto do niej zajrze\u0107 &#8211; koniecznie napiszcie, jakie by\u0142y Wasze wra\u017cenia!<\/strong><\/p>\n<h3>Manon Steffan Ros, \u201eNiebieska ksi\u0119ga z Nebo\u201d<\/h3>\n<p><strong>Wyd. Pauza, Warszawa 2020<\/strong><\/p>\n<p><strong>Gdzie kupi\u0107:<\/strong> <a href=\"https:\/\/www.ceneo.pl\/98012448#crid=429215&amp;pid=17407\" target=\"_blank\" rel=\"noopener noreferrer\">linki &#8211; papier<\/a> | <a href=\"https:\/\/www.ceneo.pl\/99747881#crid=429218&amp;pid=17407\" target=\"_blank\" rel=\"noopener noreferrer\">ebook<\/a><\/p>\n<p><em>Tekst zawiera linki afiliacyjne.<\/em><\/p>\n","protected":false},"excerpt":{"rendered":"<p>\u201eNiebieska ksi\u0119ga z Nebo\u201d to ksi\u0105\u017cka, po kt\u00f3r\u0105 si\u0119gn\u0119\u0142am zach\u0119cona przez &gt;&gt; Dorot\u0119 Czopyk, jako po lektur\u0119 m\u00f3wi\u0105c\u0105 o postapokaliptycznym \u015bwiecie garstki ocala\u0142ych ludzi. Autorka&hellip;<\/p>\n","protected":false},"author":1,"featured_media":11450,"comment_status":"open","ping_status":"open","sticky":false,"template":"","format":"standard","meta":{"_jetpack_memberships_contains_paid_content":false,"footnotes":""},"categories":[66,20],"tags":[414,29],"class_list":["post-11446","post","type-post","status-publish","format-standard","has-post-thumbnail","hentry","category-ksiazki-dla-doroslych","category-recenzje","tag-ksiazka","tag-recenzja"],"yoast_head":"<!-- This site is optimized with the Yoast SEO plugin v27.5 - https:\/\/yoast.com\/product\/yoast-seo-wordpress\/ -->\n<title>Manon Steffan Ros, \u201eNiebieska ksi\u0119ga z Nebo\u201d | organiczni.eu<\/title>\n<meta name=\"robots\" content=\"index, follow, max-snippet:-1, max-image-preview:large, max-video-preview:-1\" \/>\n<link rel=\"canonical\" href=\"https:\/\/baranowscy.eu\/wordpress\/manon-steffan-ros-niebieska-ksiega-z-nebo\/\" \/>\n<meta property=\"og:locale\" content=\"pl_PL\" \/>\n<meta property=\"og:type\" content=\"article\" \/>\n<meta property=\"og:title\" content=\"Manon Steffan Ros, \u201eNiebieska ksi\u0119ga z Nebo\u201d | organiczni.eu\" \/>\n<meta property=\"og:description\" content=\"\u201eNiebieska ksi\u0119ga z Nebo\u201d to ksi\u0105\u017cka, po kt\u00f3r\u0105 si\u0119gn\u0119\u0142am zach\u0119cona przez &gt;&gt; Dorot\u0119 Czopyk, jako po lektur\u0119 m\u00f3wi\u0105c\u0105 o postapokaliptycznym \u015bwiecie garstki ocala\u0142ych ludzi. Autorka&hellip;\" \/>\n<meta property=\"og:url\" content=\"https:\/\/baranowscy.eu\/wordpress\/manon-steffan-ros-niebieska-ksiega-z-nebo\/\" \/>\n<meta property=\"og:site_name\" content=\"organiczni.eu\" \/>\n<meta property=\"article:publisher\" content=\"https:\/\/www.facebook.com\/organiczni\/\" \/>\n<meta property=\"article:published_time\" content=\"2021-02-05T13:51:57+00:00\" \/>\n<meta property=\"article:modified_time\" content=\"2021-02-05T14:01:59+00:00\" \/>\n<meta property=\"og:image\" content=\"https:\/\/baranowscy.eu\/wordpress\/wp-content\/uploads\/2021\/02\/niebieska_ksiega_z_nego_0.jpg\" \/>\n\t<meta property=\"og:image:width\" content=\"1200\" \/>\n\t<meta property=\"og:image:height\" content=\"628\" \/>\n\t<meta property=\"og:image:type\" content=\"image\/jpeg\" \/>\n<meta name=\"author\" content=\"joanna\" \/>\n<meta name=\"twitter:card\" content=\"summary_large_image\" \/>\n<meta name=\"twitter:label1\" content=\"Napisane przez\" \/>\n\t<meta name=\"twitter:data1\" content=\"joanna\" \/>\n\t<meta name=\"twitter:label2\" content=\"Szacowany czas czytania\" \/>\n\t<meta name=\"twitter:data2\" content=\"5 minut\" \/>\n<script type=\"application\/ld+json\" class=\"yoast-schema-graph\">{\"@context\":\"https:\\\/\\\/schema.org\",\"@graph\":[{\"@type\":\"Article\",\"@id\":\"https:\\\/\\\/baranowscy.eu\\\/wordpress\\\/manon-steffan-ros-niebieska-ksiega-z-nebo\\\/#article\",\"isPartOf\":{\"@id\":\"https:\\\/\\\/baranowscy.eu\\\/wordpress\\\/manon-steffan-ros-niebieska-ksiega-z-nebo\\\/\"},\"author\":{\"name\":\"joanna\",\"@id\":\"https:\\\/\\\/baranowscy.eu\\\/wordpress\\\/#\\\/schema\\\/person\\\/741d5f1f3fd2833c5ca2ffdaaa93dc73\"},\"headline\":\"Manon Steffan Ros, \u201eNiebieska ksi\u0119ga z Nebo\u201d\",\"datePublished\":\"2021-02-05T13:51:57+00:00\",\"dateModified\":\"2021-02-05T14:01:59+00:00\",\"mainEntityOfPage\":{\"@id\":\"https:\\\/\\\/baranowscy.eu\\\/wordpress\\\/manon-steffan-ros-niebieska-ksiega-z-nebo\\\/\"},\"wordCount\":929,\"commentCount\":4,\"publisher\":{\"@id\":\"https:\\\/\\\/baranowscy.eu\\\/wordpress\\\/#organization\"},\"image\":{\"@id\":\"https:\\\/\\\/baranowscy.eu\\\/wordpress\\\/manon-steffan-ros-niebieska-ksiega-z-nebo\\\/#primaryimage\"},\"thumbnailUrl\":\"https:\\\/\\\/baranowscy.eu\\\/wordpress\\\/wp-content\\\/uploads\\\/2021\\\/02\\\/niebieska_ksiega_z_nego_0.jpg\",\"keywords\":[\"ksi\u0105\u017cka\",\"recenzja\"],\"articleSection\":[\"ksi\u0105\u017cki dla doros\u0142ych\",\"recenzje\"],\"inLanguage\":\"pl-PL\",\"potentialAction\":[{\"@type\":\"CommentAction\",\"name\":\"Comment\",\"target\":[\"https:\\\/\\\/baranowscy.eu\\\/wordpress\\\/manon-steffan-ros-niebieska-ksiega-z-nebo\\\/#respond\"]}]},{\"@type\":\"WebPage\",\"@id\":\"https:\\\/\\\/baranowscy.eu\\\/wordpress\\\/manon-steffan-ros-niebieska-ksiega-z-nebo\\\/\",\"url\":\"https:\\\/\\\/baranowscy.eu\\\/wordpress\\\/manon-steffan-ros-niebieska-ksiega-z-nebo\\\/\",\"name\":\"Manon Steffan Ros, \u201eNiebieska ksi\u0119ga z Nebo\u201d | organiczni.eu\",\"isPartOf\":{\"@id\":\"https:\\\/\\\/baranowscy.eu\\\/wordpress\\\/#website\"},\"primaryImageOfPage\":{\"@id\":\"https:\\\/\\\/baranowscy.eu\\\/wordpress\\\/manon-steffan-ros-niebieska-ksiega-z-nebo\\\/#primaryimage\"},\"image\":{\"@id\":\"https:\\\/\\\/baranowscy.eu\\\/wordpress\\\/manon-steffan-ros-niebieska-ksiega-z-nebo\\\/#primaryimage\"},\"thumbnailUrl\":\"https:\\\/\\\/baranowscy.eu\\\/wordpress\\\/wp-content\\\/uploads\\\/2021\\\/02\\\/niebieska_ksiega_z_nego_0.jpg\",\"datePublished\":\"2021-02-05T13:51:57+00:00\",\"dateModified\":\"2021-02-05T14:01:59+00:00\",\"breadcrumb\":{\"@id\":\"https:\\\/\\\/baranowscy.eu\\\/wordpress\\\/manon-steffan-ros-niebieska-ksiega-z-nebo\\\/#breadcrumb\"},\"inLanguage\":\"pl-PL\",\"potentialAction\":[{\"@type\":\"ReadAction\",\"target\":[\"https:\\\/\\\/baranowscy.eu\\\/wordpress\\\/manon-steffan-ros-niebieska-ksiega-z-nebo\\\/\"]}]},{\"@type\":\"ImageObject\",\"inLanguage\":\"pl-PL\",\"@id\":\"https:\\\/\\\/baranowscy.eu\\\/wordpress\\\/manon-steffan-ros-niebieska-ksiega-z-nebo\\\/#primaryimage\",\"url\":\"https:\\\/\\\/baranowscy.eu\\\/wordpress\\\/wp-content\\\/uploads\\\/2021\\\/02\\\/niebieska_ksiega_z_nego_0.jpg\",\"contentUrl\":\"https:\\\/\\\/baranowscy.eu\\\/wordpress\\\/wp-content\\\/uploads\\\/2021\\\/02\\\/niebieska_ksiega_z_nego_0.jpg\",\"width\":1200,\"height\":628,\"caption\":\"Manon Steffan Ros, \u201eNiebieska ksi\u0119ga z Nebo\u201d\"},{\"@type\":\"BreadcrumbList\",\"@id\":\"https:\\\/\\\/baranowscy.eu\\\/wordpress\\\/manon-steffan-ros-niebieska-ksiega-z-nebo\\\/#breadcrumb\",\"itemListElement\":[{\"@type\":\"ListItem\",\"position\":1,\"name\":\"Strona g\u0142\u00f3wna\",\"item\":\"https:\\\/\\\/baranowscy.eu\\\/wordpress\\\/\"},{\"@type\":\"ListItem\",\"position\":2,\"name\":\"Manon Steffan Ros, \u201eNiebieska ksi\u0119ga z Nebo\u201d\"}]},{\"@type\":\"WebSite\",\"@id\":\"https:\\\/\\\/baranowscy.eu\\\/wordpress\\\/#website\",\"url\":\"https:\\\/\\\/baranowscy.eu\\\/wordpress\\\/\",\"name\":\"organiczni.eu\",\"description\":\"Najbardziej wszechstronny blog ekologiczny\",\"publisher\":{\"@id\":\"https:\\\/\\\/baranowscy.eu\\\/wordpress\\\/#organization\"},\"potentialAction\":[{\"@type\":\"SearchAction\",\"target\":{\"@type\":\"EntryPoint\",\"urlTemplate\":\"https:\\\/\\\/baranowscy.eu\\\/wordpress\\\/?s={search_term_string}\"},\"query-input\":{\"@type\":\"PropertyValueSpecification\",\"valueRequired\":true,\"valueName\":\"search_term_string\"}}],\"inLanguage\":\"pl-PL\"},{\"@type\":\"Organization\",\"@id\":\"https:\\\/\\\/baranowscy.eu\\\/wordpress\\\/#organization\",\"name\":\"organiczni.eu\",\"url\":\"https:\\\/\\\/baranowscy.eu\\\/wordpress\\\/\",\"logo\":{\"@type\":\"ImageObject\",\"inLanguage\":\"pl-PL\",\"@id\":\"https:\\\/\\\/baranowscy.eu\\\/wordpress\\\/#\\\/schema\\\/logo\\\/image\\\/\",\"url\":\"https:\\\/\\\/baranowscy.eu\\\/wordpress\\\/wp-content\\\/uploads\\\/2018\\\/01\\\/logo_duze.png\",\"contentUrl\":\"https:\\\/\\\/baranowscy.eu\\\/wordpress\\\/wp-content\\\/uploads\\\/2018\\\/01\\\/logo_duze.png\",\"width\":1398,\"height\":300,\"caption\":\"organiczni.eu\"},\"image\":{\"@id\":\"https:\\\/\\\/baranowscy.eu\\\/wordpress\\\/#\\\/schema\\\/logo\\\/image\\\/\"},\"sameAs\":[\"https:\\\/\\\/www.facebook.com\\\/organiczni\\\/\",\"https:\\\/\\\/www.instagram.com\\\/organiczni.eu\\\/\"]},{\"@type\":\"Person\",\"@id\":\"https:\\\/\\\/baranowscy.eu\\\/wordpress\\\/#\\\/schema\\\/person\\\/741d5f1f3fd2833c5ca2ffdaaa93dc73\",\"name\":\"joanna\",\"image\":{\"@type\":\"ImageObject\",\"inLanguage\":\"pl-PL\",\"@id\":\"https:\\\/\\\/secure.gravatar.com\\\/avatar\\\/a59b1be4fa5d200ee0af0ba4bbcdb691da1d589b419bae23d7aa5a15d820e28e?s=96&d=identicon&r=g\",\"url\":\"https:\\\/\\\/secure.gravatar.com\\\/avatar\\\/a59b1be4fa5d200ee0af0ba4bbcdb691da1d589b419bae23d7aa5a15d820e28e?s=96&d=identicon&r=g\",\"contentUrl\":\"https:\\\/\\\/secure.gravatar.com\\\/avatar\\\/a59b1be4fa5d200ee0af0ba4bbcdb691da1d589b419bae23d7aa5a15d820e28e?s=96&d=identicon&r=g\",\"caption\":\"joanna\"},\"sameAs\":[\"https:\\\/\\\/organiczni.baranowscy.eu\"],\"url\":\"https:\\\/\\\/baranowscy.eu\\\/wordpress\\\/author\\\/admin\\\/\"}]}<\/script>\n<!-- \/ Yoast SEO plugin. -->","yoast_head_json":{"title":"Manon Steffan Ros, \u201eNiebieska ksi\u0119ga z Nebo\u201d | organiczni.eu","robots":{"index":"index","follow":"follow","max-snippet":"max-snippet:-1","max-image-preview":"max-image-preview:large","max-video-preview":"max-video-preview:-1"},"canonical":"https:\/\/baranowscy.eu\/wordpress\/manon-steffan-ros-niebieska-ksiega-z-nebo\/","og_locale":"pl_PL","og_type":"article","og_title":"Manon Steffan Ros, \u201eNiebieska ksi\u0119ga z Nebo\u201d | organiczni.eu","og_description":"\u201eNiebieska ksi\u0119ga z Nebo\u201d to ksi\u0105\u017cka, po kt\u00f3r\u0105 si\u0119gn\u0119\u0142am zach\u0119cona przez &gt;&gt; Dorot\u0119 Czopyk, jako po lektur\u0119 m\u00f3wi\u0105c\u0105 o postapokaliptycznym \u015bwiecie garstki ocala\u0142ych ludzi. Autorka&hellip;","og_url":"https:\/\/baranowscy.eu\/wordpress\/manon-steffan-ros-niebieska-ksiega-z-nebo\/","og_site_name":"organiczni.eu","article_publisher":"https:\/\/www.facebook.com\/organiczni\/","article_published_time":"2021-02-05T13:51:57+00:00","article_modified_time":"2021-02-05T14:01:59+00:00","og_image":[{"width":1200,"height":628,"url":"https:\/\/baranowscy.eu\/wordpress\/wp-content\/uploads\/2021\/02\/niebieska_ksiega_z_nego_0.jpg","type":"image\/jpeg"}],"author":"joanna","twitter_card":"summary_large_image","twitter_misc":{"Napisane przez":"joanna","Szacowany czas czytania":"5 minut"},"schema":{"@context":"https:\/\/schema.org","@graph":[{"@type":"Article","@id":"https:\/\/baranowscy.eu\/wordpress\/manon-steffan-ros-niebieska-ksiega-z-nebo\/#article","isPartOf":{"@id":"https:\/\/baranowscy.eu\/wordpress\/manon-steffan-ros-niebieska-ksiega-z-nebo\/"},"author":{"name":"joanna","@id":"https:\/\/baranowscy.eu\/wordpress\/#\/schema\/person\/741d5f1f3fd2833c5ca2ffdaaa93dc73"},"headline":"Manon Steffan Ros, \u201eNiebieska ksi\u0119ga z Nebo\u201d","datePublished":"2021-02-05T13:51:57+00:00","dateModified":"2021-02-05T14:01:59+00:00","mainEntityOfPage":{"@id":"https:\/\/baranowscy.eu\/wordpress\/manon-steffan-ros-niebieska-ksiega-z-nebo\/"},"wordCount":929,"commentCount":4,"publisher":{"@id":"https:\/\/baranowscy.eu\/wordpress\/#organization"},"image":{"@id":"https:\/\/baranowscy.eu\/wordpress\/manon-steffan-ros-niebieska-ksiega-z-nebo\/#primaryimage"},"thumbnailUrl":"https:\/\/baranowscy.eu\/wordpress\/wp-content\/uploads\/2021\/02\/niebieska_ksiega_z_nego_0.jpg","keywords":["ksi\u0105\u017cka","recenzja"],"articleSection":["ksi\u0105\u017cki dla doros\u0142ych","recenzje"],"inLanguage":"pl-PL","potentialAction":[{"@type":"CommentAction","name":"Comment","target":["https:\/\/baranowscy.eu\/wordpress\/manon-steffan-ros-niebieska-ksiega-z-nebo\/#respond"]}]},{"@type":"WebPage","@id":"https:\/\/baranowscy.eu\/wordpress\/manon-steffan-ros-niebieska-ksiega-z-nebo\/","url":"https:\/\/baranowscy.eu\/wordpress\/manon-steffan-ros-niebieska-ksiega-z-nebo\/","name":"Manon Steffan Ros, \u201eNiebieska ksi\u0119ga z Nebo\u201d | organiczni.eu","isPartOf":{"@id":"https:\/\/baranowscy.eu\/wordpress\/#website"},"primaryImageOfPage":{"@id":"https:\/\/baranowscy.eu\/wordpress\/manon-steffan-ros-niebieska-ksiega-z-nebo\/#primaryimage"},"image":{"@id":"https:\/\/baranowscy.eu\/wordpress\/manon-steffan-ros-niebieska-ksiega-z-nebo\/#primaryimage"},"thumbnailUrl":"https:\/\/baranowscy.eu\/wordpress\/wp-content\/uploads\/2021\/02\/niebieska_ksiega_z_nego_0.jpg","datePublished":"2021-02-05T13:51:57+00:00","dateModified":"2021-02-05T14:01:59+00:00","breadcrumb":{"@id":"https:\/\/baranowscy.eu\/wordpress\/manon-steffan-ros-niebieska-ksiega-z-nebo\/#breadcrumb"},"inLanguage":"pl-PL","potentialAction":[{"@type":"ReadAction","target":["https:\/\/baranowscy.eu\/wordpress\/manon-steffan-ros-niebieska-ksiega-z-nebo\/"]}]},{"@type":"ImageObject","inLanguage":"pl-PL","@id":"https:\/\/baranowscy.eu\/wordpress\/manon-steffan-ros-niebieska-ksiega-z-nebo\/#primaryimage","url":"https:\/\/baranowscy.eu\/wordpress\/wp-content\/uploads\/2021\/02\/niebieska_ksiega_z_nego_0.jpg","contentUrl":"https:\/\/baranowscy.eu\/wordpress\/wp-content\/uploads\/2021\/02\/niebieska_ksiega_z_nego_0.jpg","width":1200,"height":628,"caption":"Manon Steffan Ros, \u201eNiebieska ksi\u0119ga z Nebo\u201d"},{"@type":"BreadcrumbList","@id":"https:\/\/baranowscy.eu\/wordpress\/manon-steffan-ros-niebieska-ksiega-z-nebo\/#breadcrumb","itemListElement":[{"@type":"ListItem","position":1,"name":"Strona g\u0142\u00f3wna","item":"https:\/\/baranowscy.eu\/wordpress\/"},{"@type":"ListItem","position":2,"name":"Manon Steffan Ros, \u201eNiebieska ksi\u0119ga z Nebo\u201d"}]},{"@type":"WebSite","@id":"https:\/\/baranowscy.eu\/wordpress\/#website","url":"https:\/\/baranowscy.eu\/wordpress\/","name":"organiczni.eu","description":"Najbardziej wszechstronny blog ekologiczny","publisher":{"@id":"https:\/\/baranowscy.eu\/wordpress\/#organization"},"potentialAction":[{"@type":"SearchAction","target":{"@type":"EntryPoint","urlTemplate":"https:\/\/baranowscy.eu\/wordpress\/?s={search_term_string}"},"query-input":{"@type":"PropertyValueSpecification","valueRequired":true,"valueName":"search_term_string"}}],"inLanguage":"pl-PL"},{"@type":"Organization","@id":"https:\/\/baranowscy.eu\/wordpress\/#organization","name":"organiczni.eu","url":"https:\/\/baranowscy.eu\/wordpress\/","logo":{"@type":"ImageObject","inLanguage":"pl-PL","@id":"https:\/\/baranowscy.eu\/wordpress\/#\/schema\/logo\/image\/","url":"https:\/\/baranowscy.eu\/wordpress\/wp-content\/uploads\/2018\/01\/logo_duze.png","contentUrl":"https:\/\/baranowscy.eu\/wordpress\/wp-content\/uploads\/2018\/01\/logo_duze.png","width":1398,"height":300,"caption":"organiczni.eu"},"image":{"@id":"https:\/\/baranowscy.eu\/wordpress\/#\/schema\/logo\/image\/"},"sameAs":["https:\/\/www.facebook.com\/organiczni\/","https:\/\/www.instagram.com\/organiczni.eu\/"]},{"@type":"Person","@id":"https:\/\/baranowscy.eu\/wordpress\/#\/schema\/person\/741d5f1f3fd2833c5ca2ffdaaa93dc73","name":"joanna","image":{"@type":"ImageObject","inLanguage":"pl-PL","@id":"https:\/\/secure.gravatar.com\/avatar\/a59b1be4fa5d200ee0af0ba4bbcdb691da1d589b419bae23d7aa5a15d820e28e?s=96&d=identicon&r=g","url":"https:\/\/secure.gravatar.com\/avatar\/a59b1be4fa5d200ee0af0ba4bbcdb691da1d589b419bae23d7aa5a15d820e28e?s=96&d=identicon&r=g","contentUrl":"https:\/\/secure.gravatar.com\/avatar\/a59b1be4fa5d200ee0af0ba4bbcdb691da1d589b419bae23d7aa5a15d820e28e?s=96&d=identicon&r=g","caption":"joanna"},"sameAs":["https:\/\/organiczni.baranowscy.eu"],"url":"https:\/\/baranowscy.eu\/wordpress\/author\/admin\/"}]}},"jetpack_featured_media_url":"https:\/\/baranowscy.eu\/wordpress\/wp-content\/uploads\/2021\/02\/niebieska_ksiega_z_nego_0.jpg","jetpack_sharing_enabled":true,"_links":{"self":[{"href":"https:\/\/baranowscy.eu\/wordpress\/wp-json\/wp\/v2\/posts\/11446","targetHints":{"allow":["GET"]}}],"collection":[{"href":"https:\/\/baranowscy.eu\/wordpress\/wp-json\/wp\/v2\/posts"}],"about":[{"href":"https:\/\/baranowscy.eu\/wordpress\/wp-json\/wp\/v2\/types\/post"}],"author":[{"embeddable":true,"href":"https:\/\/baranowscy.eu\/wordpress\/wp-json\/wp\/v2\/users\/1"}],"replies":[{"embeddable":true,"href":"https:\/\/baranowscy.eu\/wordpress\/wp-json\/wp\/v2\/comments?post=11446"}],"version-history":[{"count":8,"href":"https:\/\/baranowscy.eu\/wordpress\/wp-json\/wp\/v2\/posts\/11446\/revisions"}],"predecessor-version":[{"id":11458,"href":"https:\/\/baranowscy.eu\/wordpress\/wp-json\/wp\/v2\/posts\/11446\/revisions\/11458"}],"wp:featuredmedia":[{"embeddable":true,"href":"https:\/\/baranowscy.eu\/wordpress\/wp-json\/wp\/v2\/media\/11450"}],"wp:attachment":[{"href":"https:\/\/baranowscy.eu\/wordpress\/wp-json\/wp\/v2\/media?parent=11446"}],"wp:term":[{"taxonomy":"category","embeddable":true,"href":"https:\/\/baranowscy.eu\/wordpress\/wp-json\/wp\/v2\/categories?post=11446"},{"taxonomy":"post_tag","embeddable":true,"href":"https:\/\/baranowscy.eu\/wordpress\/wp-json\/wp\/v2\/tags?post=11446"}],"curies":[{"name":"wp","href":"https:\/\/api.w.org\/{rel}","templated":true}]}}