{"id":10997,"date":"2020-11-10T14:12:07","date_gmt":"2020-11-10T13:12:07","guid":{"rendered":"https:\/\/baranowscy.eu\/wordpress\/?p=10997"},"modified":"2020-11-10T14:28:24","modified_gmt":"2020-11-10T13:28:24","slug":"jak-dobrze-czuc-sie-z-miesiaczka","status":"publish","type":"post","link":"https:\/\/baranowscy.eu\/wordpress\/jak-dobrze-czuc-sie-z-miesiaczka\/","title":{"rendered":"Jak dobrze czu\u0107 si\u0119 z miesi\u0105czk\u0105?"},"content":{"rendered":"<p><strong>Czy mo\u017cna dobrze czu\u0107 si\u0119 z miesi\u0105czk\u0105? Zw\u0142aszcza gdy okres przebiega w spos\u00f3b zak\u0142\u00f3caj\u0105cy nasz zwyk\u0142y tryb \u017cycia. Zdecydowana wi\u0119kszo\u015b\u0107 moich okres\u00f3w wi\u0105za\u0142a si\u0119 z du\u017cymi nieprzyjemno\u015bciami: przede wszystkim migrenami, do tego dochodzi\u0142y obfite krwawienia i b\u00f3le podbrzusza. Dzi\u015b mam okres i g\u0142\u00f3wnym problemem jest zauwa\u017calny spadek si\u0142 witalnych oraz gorszy nastr\u00f3j, a nie &#8211; jak niedawno &#8211; walka z przyt\u0142aczaj\u0105cym b\u00f3lem. Du\u017co da\u0142o mi te\u017c zaakceptowanie ogranicze\u0144, kt\u00f3re naturalnie zwi\u0105zane s\u0105 czasem krwawienia.<\/strong><\/p>\n<p>Odk\u0105d tylko zacz\u0119\u0142am miesi\u0105czkowa\u0107 w wieku 12 lat, moje cykle by\u0142y nieregularne i bardzo r\u00f3\u017cne. Czasem obfite, czasem sk\u0105pe, zawsze jednak \u0142\u0105czy\u0142y si\u0119 z du\u017cym dyskomfortem. Kiedy bra\u0142am pigu\u0142ki antykoncepcyjne, okres by\u0142 regularny z wiadomych wzgl\u0119d\u00f3w, ale cierpia\u0142am na potworne migreny. Kiedy karmi\u0142am piersi\u0105 i przez 2,5 roku nie mia\u0142am miesi\u0105czki, czu\u0142am si\u0119 fantastycznie. Kiedy okres wr\u00f3ci\u0142, a wr\u00f3ci\u0142 w postaci trzytygodniowej masakry, no c\u00f3\u017c, nie by\u0142am szcz\u0119\u015bliwa.<\/p>\n<p>Powoli jednak dochodzi\u0142am do pewnych wniosk\u00f3w, kt\u00f3re pomog\u0142y mi znale\u017a\u0107 spos\u00f3b na dolegliwo\u015bci i zaakceptowa\u0107 tych rzeczy, kt\u00f3rych nie mog\u0119 zmieni\u0107.<\/p>\n<p><strong>Dla niecierpliwych: na ko\u0144cu wpisu macie zdj\u0119cie podpaski z okresem.<\/strong><\/p>\n<p><strong><div class='dropshadowboxes-container ' style=''>\r\n                            <div class='dropshadowboxes-drop-shadow dropshadowboxes-rounded-corners dropshadowboxes-lifted-both dropshadowboxes-effect-default' style=' border: 1px solid #dddddd; height:; background-color:#f5ee77;    '>\r\n                            Wpis powsta\u0142 we wsp\u00f3\u0142pracy z Better Land i zawiera linki afiliacyjne. Z kodem rabatowym ORGANICZNI na zakupy w &gt;&gt; <a href=\"https:\/\/www.drogeria-ekologiczna.pl\/?pshow_permalink=ORGANICZNI\" target=\"_blank\" rel=\"noopener noreferrer\">Drogerii Ekologicznej Better Land<\/a> uzyskacie 5% zni\u017cki.<\/strong><strong>\r\n                            <\/div>\r\n                        <\/div><\/strong><\/p>\n<figure id=\"attachment_11006\" aria-describedby=\"caption-attachment-11006\" style=\"width: 1000px\" class=\"wp-caption aligncenter\"><a href=\"https:\/\/baranowscy.eu\/wordpress\/wp-content\/uploads\/2020\/11\/soft_moon_ultra_2.jpg\"><img loading=\"lazy\" decoding=\"async\" class=\"wp-image-11006 size-full\" src=\"https:\/\/baranowscy.eu\/wordpress\/wp-content\/uploads\/2020\/11\/soft_moon_ultra_2.jpg\" alt=\"Jak dobrze czu\u0107 si\u0119 z miesi\u0105czk\u0105? Podpaski wielorazowe Soft Moon Ultra Comfort\" width=\"1000\" height=\"667\" srcset=\"https:\/\/baranowscy.eu\/wordpress\/wp-content\/uploads\/2020\/11\/soft_moon_ultra_2.jpg 1000w, https:\/\/baranowscy.eu\/wordpress\/wp-content\/uploads\/2020\/11\/soft_moon_ultra_2-300x200.jpg 300w, https:\/\/baranowscy.eu\/wordpress\/wp-content\/uploads\/2020\/11\/soft_moon_ultra_2-768x512.jpg 768w, https:\/\/baranowscy.eu\/wordpress\/wp-content\/uploads\/2020\/11\/soft_moon_ultra_2-560x374.jpg 560w, https:\/\/baranowscy.eu\/wordpress\/wp-content\/uploads\/2020\/11\/soft_moon_ultra_2-600x400.jpg 600w\" sizes=\"auto, (max-width: 1000px) 100vw, 1000px\" \/><\/a><figcaption id=\"caption-attachment-11006\" class=\"wp-caption-text\">Podpaski wielorazowe Soft Moon Ultra Comfort<\/figcaption><\/figure>\n<h2>Jak dobrze czu\u0107 si\u0119 z miesi\u0105czk\u0105?<\/h2>\n<p><strong>Wierz\u0119, \u017ce nasze cia\u0142o daje nam sygna\u0142y, kiedy potrzebuje pomocy &#8211; na przyk\u0142ad pokazuje, \u017ce \u017ale si\u0119 od\u017cywiamy albo za ma\u0142o \u015bpimy czy za ma\u0142o ruszamy.<\/strong> Przez wiele, wiele lat nie odczytywa\u0142am tych sygna\u0142\u00f3w w\u0142a\u015bciwie &#8211; nie umia\u0142am, bo by\u0142am m\u0142oda i nikt mi nie powiedzia\u0142, \u017ce nieregularny okres i zwi\u0105zane z nim migreny mog\u0105 by\u0107 reakcj\u0105 na niew\u0142a\u015bciw\u0105 diet\u0119. Niew\u0142a\u015bciw\u0105 w sensie jednostkowym &#8211; mnie akurat szkodz\u0105 gluten i kawa &#8211; nie ka\u017cdemu przecie\u017c szkodzi to samo. Wytropi\u0142am to przypadkiem, ale niestety nie s\u0105 to jedyni winowajcy: inaczej nigdy ju\u017c nie musia\u0142abym martwi\u0107 si\u0119 o b\u00f3le g\u0142owy podczas okresu.<\/p>\n<p>Kiedy zdiagnozowano u mnie depresj\u0119, sporo rzeczy zwi\u0105zanych z moim cia\u0142em si\u0119 wyja\u015bni\u0142o, ale akurat nie b\u00f3le g\u0142owy.<\/p>\n<p><strong>Odk\u0105d jednak bior\u0119 regularnie &gt;&gt;<a href=\"https:\/\/baranowscy.eu\/wordpress\/czy-olej-cbd-pomogl-mi-na-depresje-i-migreny\/\" target=\"_blank\" rel=\"noopener noreferrer\"> olej CBD<\/a>, zauwa\u017cy\u0142am nie tylko zmian\u0119 w moim samopoczuciu emocjonalnym, ale tak\u017ce zmiany w wygl\u0105dzie mojego okresu.<\/strong> Nie tak dawno jeszcze mia\u0142am problemy, \u017ceby podczas najbardziej obfitych godzin wyj\u015b\u0107 gdzie\u015b poza dom, bo musia\u0142am opr\u00f3\u017cnia\u0107 kubeczek dos\u0142ownie co 15 minut, tak du\u017co krwi si\u0119 pozbywa\u0142am. Teraz wyra\u017anie widz\u0119 r\u00f3\u017cnic\u0119, okres jest mniej obfity i mniej dokuczliwy. Czy to dzi\u0119ki olejowi CBD? Czy po prostu zmienia si\u0119 m\u00f3j metabolizm wraz z wiekiem?<\/p>\n<p><strong>Poniewa\u017c dokuczliwo\u015b\u0107 migren jest dla mnie bardzo du\u017c\u0105 motywacj\u0105 do obserwowania mojej diety i mojego cia\u0142a, nie ustaj\u0119 w uwa\u017cnym przygl\u0105daniu si\u0119, co w\u0142a\u015bciwie dzieje si\u0119 ze mn\u0105 co miesi\u0105c.<\/strong> By\u0107 mo\u017ce kiedy\u015b b\u0119d\u0119 zna\u0142a dok\u0142adn\u0105 odpowied\u017a, dlaczego czasem tak bardzo boli mnie g\u0142owa. Dzi\u015b ciesz\u0119 si\u0119 niemal bezbolesnym okresem &#8211; oby tak zosta\u0142o!<\/p>\n<h2>Akceptacja<\/h2>\n<p><strong>Nie b\u0119d\u0119 udawa\u0107, \u017ce ciesz\u0119 si\u0119 z okresu (no dobrze, wiem, \u017ce ze mn\u0105 jest wszystko OK, nie jestem te\u017c w ci\u0105\u017cy, ale jeszcze mog\u0119 by\u0107).<\/strong><\/p>\n<p>Bardzo du\u017co da\u0142a mi akceptacja mojej krwi miesi\u0119cznej. Po prostu jest to cz\u0119\u015b\u0107 mnie. Dlatego napisa\u0142am niedawno tekst o tym, \u017ce krew miesi\u0119czn\u0105 mo\u017cna kompostowa\u0107 w domu &#8211; wyda\u0142o mi si\u0119 to wspania\u0142ym odkryciem.<\/p>\n<blockquote class=\"wp-embedded-content\" data-secret=\"42QJhpS70s\"><p><a href=\"https:\/\/baranowscy.eu\/wordpress\/czy-mozna-kompostowac-miesiaczke\/\">Czy mo\u017cna kompostowa\u0107 miesi\u0105czk\u0119?<\/a><\/p><\/blockquote>\n<p><iframe loading=\"lazy\" class=\"wp-embedded-content\" sandbox=\"allow-scripts\" security=\"restricted\" style=\"position: absolute; clip: rect(1px, 1px, 1px, 1px);\" title=\"&#8222;Czy mo\u017cna kompostowa\u0107 miesi\u0105czk\u0119?&#8221; &#8212; organiczni.eu\" src=\"https:\/\/baranowscy.eu\/wordpress\/czy-mozna-kompostowac-miesiaczke\/embed\/#?secret=42QJhpS70s\" data-secret=\"42QJhpS70s\" width=\"600\" height=\"338\" frameborder=\"0\" marginwidth=\"0\" marginheight=\"0\" scrolling=\"no\"><\/iframe><\/p>\n<p>Tekst spotka\u0142 si\u0119 z r\u00f3\u017cnym odzewem, bo kobiety bardzo r\u00f3\u017cnie traktuj\u0105 sw\u00f3j okres. Rozumiem to! <strong>Przechodzi\u0142am przez r\u00f3\u017cne fazy nieakceptacji miesi\u0105czki, przede wszystkim dlatego, \u017ce \u0142\u0105czy\u0142a si\u0119 ona z b\u00f3lem.<\/strong> Sam fakt krwawienia jest niewygodny, ale to, \u017ce s\u0142abiej si\u0119 czuj\u0119, by\u0142o dla mnie zawsze frustruj\u0105ce. Bywa\u0142o, \u017ce nawet z migren\u0105 nie odpuszcza\u0142am swoich plan\u00f3w, bo nie chcia\u0142am sama przed sob\u0105 wyj\u015b\u0107 na osob\u0119 s\u0142ab\u0105. Du\u017co zmieni\u0142a we mnie terapia, dzi\u0119ki kt\u00f3rej nie czuj\u0119 si\u0119 winna dlatego, \u017ce nie mam na co\u015b si\u0142y albo ochoty (czasem naprawd\u0119 trudno pozby\u0107 si\u0119 takich my\u015bli). <strong>Wci\u0105\u017c jednak si\u0119 ucz\u0119, \u017ceby nie walczy\u0107 ze swoim cia\u0142em. To bywa wielkim wyzwaniem.<\/strong><\/p>\n<h2>Pi\u0119kne podpaski<\/h2>\n<p><strong>My\u015bl\u0119, du\u017ce znaczenie dla naszego samopoczucia podczas okresu ma to, jak same siebie wtedy traktujemy. Sama staram si\u0119 nie planowa\u0107 na ten czas za du\u017co &#8211; zostawiam sobie przestrze\u0144 na wi\u0119cej odpoczynku.<\/strong> Nie jest bez znaczenia, czego u\u017cywam do zbierania miesi\u0105czki &#8211; moim g\u0142\u00f3wnym akcesorium jest <strong>&gt;&gt; <a href=\"https:\/\/baranowscy.eu\/wordpress\/mooncup-najbardziej-uniwersalny-kubeczek-menstruacyjny\/\" target=\"_blank\" rel=\"noopener noreferrer\">kubeczek menstruacyjny<\/a><\/strong>, ale u\u017cywam te\u017c dodatkowo podpasek wielorazowych. Wybieram rozwi\u0105zania przyjazne dla mnie i dla planety, poniewa\u017c jest dla mnie wa\u017cne, czy zostawiam po sobie g\u00f3r\u0119 zu\u017cytych podpasek i tampon\u00f3w, czy kilka wielorazowych podpasek i silikonowy kubeczek. Nie wyobra\u017cam ju\u017c sobie powrotu do plastikowych jednoraz\u00f3wek z w\u0142asnej woli!<\/p>\n<p>Je\u015bli chodzi o podpaski, mam w\u0142a\u015bnie przyjemno\u015b\u0107 u\u017cywa\u0107 podpasek Soft Moon z nowej serii <strong>&gt;&gt; <a href=\"https:\/\/www.drogeria-ekologiczna.pl\/1123-podpaski-ultra-comfort?pshow_permalink=ORGANICZNI\" target=\"_blank\" rel=\"noopener noreferrer\">Ultra Comfort<\/a><\/strong>. W por\u00f3wnaniu do poprzednich modeli Soft Moon s\u0105 bardzo cienkie, ale ich ch\u0142onno\u015b\u0107 jest r\u00f3wnie wysoka.<\/p>\n<figure id=\"attachment_11009\" aria-describedby=\"caption-attachment-11009\" style=\"width: 1000px\" class=\"wp-caption aligncenter\"><a href=\"https:\/\/baranowscy.eu\/wordpress\/wp-content\/uploads\/2020\/11\/soft_moon_ultra_4.jpg\"><img loading=\"lazy\" decoding=\"async\" class=\"size-full wp-image-11009\" src=\"https:\/\/baranowscy.eu\/wordpress\/wp-content\/uploads\/2020\/11\/soft_moon_ultra_4.jpg\" alt=\"Sk\u0142ad podpaski Soft Moon Ultra Comfort\" width=\"1000\" height=\"667\" srcset=\"https:\/\/baranowscy.eu\/wordpress\/wp-content\/uploads\/2020\/11\/soft_moon_ultra_4.jpg 1000w, https:\/\/baranowscy.eu\/wordpress\/wp-content\/uploads\/2020\/11\/soft_moon_ultra_4-300x200.jpg 300w, https:\/\/baranowscy.eu\/wordpress\/wp-content\/uploads\/2020\/11\/soft_moon_ultra_4-768x512.jpg 768w, https:\/\/baranowscy.eu\/wordpress\/wp-content\/uploads\/2020\/11\/soft_moon_ultra_4-560x374.jpg 560w, https:\/\/baranowscy.eu\/wordpress\/wp-content\/uploads\/2020\/11\/soft_moon_ultra_4-600x400.jpg 600w\" sizes=\"auto, (max-width: 1000px) 100vw, 1000px\" \/><\/a><figcaption id=\"caption-attachment-11009\" class=\"wp-caption-text\">Sk\u0142ad podpaski Soft Moon Ultra Comfort<\/figcaption><\/figure>\n<p><strong>To, co od razu rzuci\u0142o mi si\u0119 w oczy, kiedy tylko zobaczy\u0142am nowe podpaski, to ich przepi\u0119kne wzory.<\/strong> Zaprojektowa\u0142a je Sylwia Ciesielska z firmy Magabi. Mamy do wyboru florystyczne ornamenty w trzech wzorach: Reja, Epione i Nyks, ka\u017cda w trzech rozmiarach &#8211; regular, maxi i night. Podpaska na noc jest rzeczywi\u015bcie bardzo d\u0142uga!<\/p>\n<p>Co jeszcze warto wiedzie\u0107 o nowych podpaskach Soft Moon? S\u0105 szyte dla Better Land w polskich szwalniach z materia\u0142\u00f3w z certyfikatem OEKO-TEX Standard 100.<\/p>\n<p>S\u0105 wykonane z trzech warstw materia\u0142u: warstwa zewn\u0119trzna to pi\u0119knie zdobiony <strong>PUL<\/strong> (poliester 100% laminowany z paroprzepuszczaln\u0105 membran\u0105 poliuretanow\u0105), zapobiega on przeciekaniu. W \u015brodku znajduj\u0105 si\u0119 <strong>warstwy ch\u0142onne<\/strong> &#8211; w zale\u017cno\u015bci od rozmiaru to trzy, cztery lub pi\u0119\u0107 warstw (70% poliester i 30% poliamid). Natomiast warstwa, kt\u00f3ra ma kontakt ze sk\u00f3r\u0105, to starannie dobrana <strong>bawe\u0142na<\/strong>. Podpaski maj\u0105 t\u0119 warstw\u0119 w r\u00f3\u017cnych kolorach, dzi\u0119ki czemu s\u0105 jeszcze \u0142adniejsze.<\/p>\n<p>Podpaski mog\u0105 Was zaskoczy\u0107 kilkoma rzeczami. Po pierwsze &#8211; swoj\u0105 urod\u0105. Bardzo chcia\u0142am pokaza\u0107, jakie s\u0105 \u0142adne, ale na \u017cywo s\u0105 o wiele \u0142adniejsze. <strong>Podoba mi si\u0119 pomys\u0142 z kolorowym wn\u0119trzem i od razu m\u00f3wi\u0119 &#8211; je\u015bli jeste\u015bcie estetkami, krew na zielonym wygl\u0105da najgorzej. Dow\u00f3d macie na zdj\u0119ciu.<\/strong><\/p>\n<figure id=\"attachment_11005\" aria-describedby=\"caption-attachment-11005\" style=\"width: 1000px\" class=\"wp-caption aligncenter\"><a href=\"https:\/\/baranowscy.eu\/wordpress\/wp-content\/uploads\/2020\/11\/soft_moon_ultra_1.jpg\"><img loading=\"lazy\" decoding=\"async\" class=\"size-full wp-image-11005\" src=\"https:\/\/baranowscy.eu\/wordpress\/wp-content\/uploads\/2020\/11\/soft_moon_ultra_1.jpg\" alt=\"Podpaska wielorazowa Soft Moon Ultra Comfort Epione z miesi\u0105czk\u0105\" width=\"1000\" height=\"667\" srcset=\"https:\/\/baranowscy.eu\/wordpress\/wp-content\/uploads\/2020\/11\/soft_moon_ultra_1.jpg 1000w, https:\/\/baranowscy.eu\/wordpress\/wp-content\/uploads\/2020\/11\/soft_moon_ultra_1-300x200.jpg 300w, https:\/\/baranowscy.eu\/wordpress\/wp-content\/uploads\/2020\/11\/soft_moon_ultra_1-768x512.jpg 768w, https:\/\/baranowscy.eu\/wordpress\/wp-content\/uploads\/2020\/11\/soft_moon_ultra_1-560x374.jpg 560w, https:\/\/baranowscy.eu\/wordpress\/wp-content\/uploads\/2020\/11\/soft_moon_ultra_1-600x400.jpg 600w\" sizes=\"auto, (max-width: 1000px) 100vw, 1000px\" \/><\/a><figcaption id=\"caption-attachment-11005\" class=\"wp-caption-text\">Podpaska wielorazowa Soft Moon Ultra Comfort Epione z miesi\u0105czk\u0105<\/figcaption><\/figure>\n<p>Po drugie &#8211; zdziwicie si\u0119, jakie s\u0105 cienkie. Na pocz\u0105tku nieco sztywne, ale szybko si\u0119 wyrabiaj\u0105 po kilku praniach. Szybko te\u017c schn\u0105.<\/p>\n<p>Po trzecie &#8211; s\u0105 naprawd\u0119 ch\u0142onne.<\/p>\n<p>Jakie konkretnie podpaski wybra\u0142am dla siebie?<\/p>\n<ul>\n<li><a href=\"https:\/\/www.drogeria-ekologiczna.pl\/regular\/15925-podpaska-wielorazowa-ultra-comfort-regular-z-bawelna-reja-soft-moon.html?pshow_permalink=ORGANICZNI\" target=\"_blank\" rel=\"noopener noreferrer\">Soft Moon Ultra Comfort regular\u00a0<\/a>Reja<\/li>\n<li><a href=\"https:\/\/www.drogeria-ekologiczna.pl\/maxi\/15809-podpaska-wielorazowa-ultra-comfort-maxi-z-bawelna-epione-soft-moon.html?pshow_permalink=ORGANICZNI\" target=\"_blank\" rel=\"noopener noreferrer\">Soft Moon Ultra Comfort maxi<\/a> Epione<\/li>\n<li><a href=\"https:\/\/www.drogeria-ekologiczna.pl\/night\/15920-podpaska-wielorazowa-ultra-comfort-night-z-czarna-bawelna-nyks-soft-moon.html?pshow_permalink=ORGANICZNI\" target=\"_blank\" rel=\"noopener noreferrer\">Soft Moon Ultra Comfort night z czarn\u0105 bawe\u0142n\u0105<\/a> Nyks<\/li>\n<\/ul>\n<figure id=\"attachment_11008\" aria-describedby=\"caption-attachment-11008\" style=\"width: 1000px\" class=\"wp-caption aligncenter\"><a href=\"https:\/\/baranowscy.eu\/wordpress\/wp-content\/uploads\/2020\/11\/soft_moon_ultra_3.jpg\"><img loading=\"lazy\" decoding=\"async\" class=\"wp-image-11008 size-full\" src=\"https:\/\/baranowscy.eu\/wordpress\/wp-content\/uploads\/2020\/11\/soft_moon_ultra_3.jpg\" alt=\"Podpaska wielorazowa Soft Moon Ultra Comfort Epione\" width=\"1000\" height=\"666\" srcset=\"https:\/\/baranowscy.eu\/wordpress\/wp-content\/uploads\/2020\/11\/soft_moon_ultra_3.jpg 1000w, https:\/\/baranowscy.eu\/wordpress\/wp-content\/uploads\/2020\/11\/soft_moon_ultra_3-300x200.jpg 300w, https:\/\/baranowscy.eu\/wordpress\/wp-content\/uploads\/2020\/11\/soft_moon_ultra_3-768x511.jpg 768w, https:\/\/baranowscy.eu\/wordpress\/wp-content\/uploads\/2020\/11\/soft_moon_ultra_3-560x373.jpg 560w, https:\/\/baranowscy.eu\/wordpress\/wp-content\/uploads\/2020\/11\/soft_moon_ultra_3-600x400.jpg 600w\" sizes=\"auto, (max-width: 1000px) 100vw, 1000px\" \/><\/a><figcaption id=\"caption-attachment-11008\" class=\"wp-caption-text\">Podpaska wielorazowa Soft Moon Ultra Comfort Epione<\/figcaption><\/figure>\n<p><strong>A jakie s\u0105 Wasze sposoby, aby dobrze czu\u0107 si\u0119 z miesi\u0105czk\u0105?<\/strong><\/p>\n","protected":false},"excerpt":{"rendered":"<p>Czy mo\u017cna dobrze czu\u0107 si\u0119 z miesi\u0105czk\u0105? Zw\u0142aszcza gdy okres przebiega w spos\u00f3b zak\u0142\u00f3caj\u0105cy nasz zwyk\u0142y tryb \u017cycia. Zdecydowana wi\u0119kszo\u015b\u0107 moich okres\u00f3w wi\u0105za\u0142a si\u0119 z&hellip;<\/p>\n","protected":false},"author":1,"featured_media":11004,"comment_status":"open","ping_status":"open","sticky":false,"template":"","format":"standard","meta":{"_jetpack_memberships_contains_paid_content":false,"footnotes":""},"categories":[20,1148],"tags":[779,728,1279,29,1410,1280,1155],"class_list":["post-10997","post","type-post","status-publish","format-standard","has-post-thumbnail","hentry","category-recenzje","category-zero-waste","tag-miesiaczka","tag-okres","tag-podpaski-wielorazowe","tag-recenzja","tag-recenzja-sponsorowana","tag-soft-moon","tag-zero-waste"],"yoast_head":"<!-- This site is optimized with the Yoast SEO plugin v27.5 - https:\/\/yoast.com\/product\/yoast-seo-wordpress\/ -->\n<title>Jak dobrze czu\u0107 si\u0119 z miesi\u0105czk\u0105? | organiczni.eu<\/title>\n<meta name=\"description\" content=\"Czy mo\u017cna dobrze czu\u0107 si\u0119 z miesi\u0105czk\u0105? Zw\u0142aszcza gdy okres przebiega w spos\u00f3b zak\u0142\u00f3caj\u0105cy nasz zwyk\u0142y tryb \u017cycia. Zdecydowana wi\u0119kszo\u015b\u0107\" \/>\n<meta name=\"robots\" content=\"index, follow, max-snippet:-1, max-image-preview:large, max-video-preview:-1\" \/>\n<link rel=\"canonical\" href=\"https:\/\/baranowscy.eu\/wordpress\/jak-dobrze-czuc-sie-z-miesiaczka\/\" \/>\n<meta property=\"og:locale\" content=\"pl_PL\" \/>\n<meta property=\"og:type\" content=\"article\" \/>\n<meta property=\"og:title\" content=\"Jak dobrze czu\u0107 si\u0119 z miesi\u0105czk\u0105? | organiczni.eu\" \/>\n<meta property=\"og:description\" content=\"Czy mo\u017cna dobrze czu\u0107 si\u0119 z miesi\u0105czk\u0105? Zw\u0142aszcza gdy okres przebiega w spos\u00f3b zak\u0142\u00f3caj\u0105cy nasz zwyk\u0142y tryb \u017cycia. Zdecydowana wi\u0119kszo\u015b\u0107\" \/>\n<meta property=\"og:url\" content=\"https:\/\/baranowscy.eu\/wordpress\/jak-dobrze-czuc-sie-z-miesiaczka\/\" \/>\n<meta property=\"og:site_name\" content=\"organiczni.eu\" \/>\n<meta property=\"article:publisher\" content=\"https:\/\/www.facebook.com\/organiczni\/\" \/>\n<meta property=\"article:published_time\" content=\"2020-11-10T13:12:07+00:00\" \/>\n<meta property=\"article:modified_time\" content=\"2020-11-10T13:28:24+00:00\" \/>\n<meta property=\"og:image\" content=\"https:\/\/baranowscy.eu\/wordpress\/wp-content\/uploads\/2020\/11\/soft_moon_ultra_0.jpg\" \/>\n\t<meta property=\"og:image:width\" content=\"1200\" \/>\n\t<meta property=\"og:image:height\" content=\"628\" \/>\n\t<meta property=\"og:image:type\" content=\"image\/jpeg\" \/>\n<meta name=\"author\" content=\"joanna\" \/>\n<meta name=\"twitter:card\" content=\"summary_large_image\" \/>\n<meta name=\"twitter:label1\" content=\"Napisane przez\" \/>\n\t<meta name=\"twitter:data1\" content=\"joanna\" \/>\n\t<meta name=\"twitter:label2\" content=\"Szacowany czas czytania\" \/>\n\t<meta name=\"twitter:data2\" content=\"6 minut\" \/>\n<script type=\"application\/ld+json\" class=\"yoast-schema-graph\">{\"@context\":\"https:\\\/\\\/schema.org\",\"@graph\":[{\"@type\":\"Article\",\"@id\":\"https:\\\/\\\/baranowscy.eu\\\/wordpress\\\/jak-dobrze-czuc-sie-z-miesiaczka\\\/#article\",\"isPartOf\":{\"@id\":\"https:\\\/\\\/baranowscy.eu\\\/wordpress\\\/jak-dobrze-czuc-sie-z-miesiaczka\\\/\"},\"author\":{\"name\":\"joanna\",\"@id\":\"https:\\\/\\\/baranowscy.eu\\\/wordpress\\\/#\\\/schema\\\/person\\\/741d5f1f3fd2833c5ca2ffdaaa93dc73\"},\"headline\":\"Jak dobrze czu\u0107 si\u0119 z miesi\u0105czk\u0105?\",\"datePublished\":\"2020-11-10T13:12:07+00:00\",\"dateModified\":\"2020-11-10T13:28:24+00:00\",\"mainEntityOfPage\":{\"@id\":\"https:\\\/\\\/baranowscy.eu\\\/wordpress\\\/jak-dobrze-czuc-sie-z-miesiaczka\\\/\"},\"wordCount\":1298,\"commentCount\":18,\"publisher\":{\"@id\":\"https:\\\/\\\/baranowscy.eu\\\/wordpress\\\/#organization\"},\"image\":{\"@id\":\"https:\\\/\\\/baranowscy.eu\\\/wordpress\\\/jak-dobrze-czuc-sie-z-miesiaczka\\\/#primaryimage\"},\"thumbnailUrl\":\"https:\\\/\\\/baranowscy.eu\\\/wordpress\\\/wp-content\\\/uploads\\\/2020\\\/11\\\/soft_moon_ultra_0.jpg\",\"keywords\":[\"miesi\u0105czka\",\"okres\",\"podpaski wielorazowe\",\"recenzja\",\"recenzja sponsorowana\",\"Soft Moon\",\"zero waste\"],\"articleSection\":[\"recenzje\",\"zero waste\"],\"inLanguage\":\"pl-PL\",\"potentialAction\":[{\"@type\":\"CommentAction\",\"name\":\"Comment\",\"target\":[\"https:\\\/\\\/baranowscy.eu\\\/wordpress\\\/jak-dobrze-czuc-sie-z-miesiaczka\\\/#respond\"]}]},{\"@type\":\"WebPage\",\"@id\":\"https:\\\/\\\/baranowscy.eu\\\/wordpress\\\/jak-dobrze-czuc-sie-z-miesiaczka\\\/\",\"url\":\"https:\\\/\\\/baranowscy.eu\\\/wordpress\\\/jak-dobrze-czuc-sie-z-miesiaczka\\\/\",\"name\":\"Jak dobrze czu\u0107 si\u0119 z miesi\u0105czk\u0105? | organiczni.eu\",\"isPartOf\":{\"@id\":\"https:\\\/\\\/baranowscy.eu\\\/wordpress\\\/#website\"},\"primaryImageOfPage\":{\"@id\":\"https:\\\/\\\/baranowscy.eu\\\/wordpress\\\/jak-dobrze-czuc-sie-z-miesiaczka\\\/#primaryimage\"},\"image\":{\"@id\":\"https:\\\/\\\/baranowscy.eu\\\/wordpress\\\/jak-dobrze-czuc-sie-z-miesiaczka\\\/#primaryimage\"},\"thumbnailUrl\":\"https:\\\/\\\/baranowscy.eu\\\/wordpress\\\/wp-content\\\/uploads\\\/2020\\\/11\\\/soft_moon_ultra_0.jpg\",\"datePublished\":\"2020-11-10T13:12:07+00:00\",\"dateModified\":\"2020-11-10T13:28:24+00:00\",\"description\":\"Czy mo\u017cna dobrze czu\u0107 si\u0119 z miesi\u0105czk\u0105? Zw\u0142aszcza gdy okres przebiega w spos\u00f3b zak\u0142\u00f3caj\u0105cy nasz zwyk\u0142y tryb \u017cycia. Zdecydowana wi\u0119kszo\u015b\u0107\",\"breadcrumb\":{\"@id\":\"https:\\\/\\\/baranowscy.eu\\\/wordpress\\\/jak-dobrze-czuc-sie-z-miesiaczka\\\/#breadcrumb\"},\"inLanguage\":\"pl-PL\",\"potentialAction\":[{\"@type\":\"ReadAction\",\"target\":[\"https:\\\/\\\/baranowscy.eu\\\/wordpress\\\/jak-dobrze-czuc-sie-z-miesiaczka\\\/\"]}]},{\"@type\":\"ImageObject\",\"inLanguage\":\"pl-PL\",\"@id\":\"https:\\\/\\\/baranowscy.eu\\\/wordpress\\\/jak-dobrze-czuc-sie-z-miesiaczka\\\/#primaryimage\",\"url\":\"https:\\\/\\\/baranowscy.eu\\\/wordpress\\\/wp-content\\\/uploads\\\/2020\\\/11\\\/soft_moon_ultra_0.jpg\",\"contentUrl\":\"https:\\\/\\\/baranowscy.eu\\\/wordpress\\\/wp-content\\\/uploads\\\/2020\\\/11\\\/soft_moon_ultra_0.jpg\",\"width\":1200,\"height\":628,\"caption\":\"Soft Moon Ultra Comfort\"},{\"@type\":\"BreadcrumbList\",\"@id\":\"https:\\\/\\\/baranowscy.eu\\\/wordpress\\\/jak-dobrze-czuc-sie-z-miesiaczka\\\/#breadcrumb\",\"itemListElement\":[{\"@type\":\"ListItem\",\"position\":1,\"name\":\"Strona g\u0142\u00f3wna\",\"item\":\"https:\\\/\\\/baranowscy.eu\\\/wordpress\\\/\"},{\"@type\":\"ListItem\",\"position\":2,\"name\":\"Jak dobrze czu\u0107 si\u0119 z miesi\u0105czk\u0105?\"}]},{\"@type\":\"WebSite\",\"@id\":\"https:\\\/\\\/baranowscy.eu\\\/wordpress\\\/#website\",\"url\":\"https:\\\/\\\/baranowscy.eu\\\/wordpress\\\/\",\"name\":\"organiczni.eu\",\"description\":\"Najbardziej wszechstronny blog ekologiczny\",\"publisher\":{\"@id\":\"https:\\\/\\\/baranowscy.eu\\\/wordpress\\\/#organization\"},\"potentialAction\":[{\"@type\":\"SearchAction\",\"target\":{\"@type\":\"EntryPoint\",\"urlTemplate\":\"https:\\\/\\\/baranowscy.eu\\\/wordpress\\\/?s={search_term_string}\"},\"query-input\":{\"@type\":\"PropertyValueSpecification\",\"valueRequired\":true,\"valueName\":\"search_term_string\"}}],\"inLanguage\":\"pl-PL\"},{\"@type\":\"Organization\",\"@id\":\"https:\\\/\\\/baranowscy.eu\\\/wordpress\\\/#organization\",\"name\":\"organiczni.eu\",\"url\":\"https:\\\/\\\/baranowscy.eu\\\/wordpress\\\/\",\"logo\":{\"@type\":\"ImageObject\",\"inLanguage\":\"pl-PL\",\"@id\":\"https:\\\/\\\/baranowscy.eu\\\/wordpress\\\/#\\\/schema\\\/logo\\\/image\\\/\",\"url\":\"https:\\\/\\\/baranowscy.eu\\\/wordpress\\\/wp-content\\\/uploads\\\/2018\\\/01\\\/logo_duze.png\",\"contentUrl\":\"https:\\\/\\\/baranowscy.eu\\\/wordpress\\\/wp-content\\\/uploads\\\/2018\\\/01\\\/logo_duze.png\",\"width\":1398,\"height\":300,\"caption\":\"organiczni.eu\"},\"image\":{\"@id\":\"https:\\\/\\\/baranowscy.eu\\\/wordpress\\\/#\\\/schema\\\/logo\\\/image\\\/\"},\"sameAs\":[\"https:\\\/\\\/www.facebook.com\\\/organiczni\\\/\",\"https:\\\/\\\/www.instagram.com\\\/organiczni.eu\\\/\"]},{\"@type\":\"Person\",\"@id\":\"https:\\\/\\\/baranowscy.eu\\\/wordpress\\\/#\\\/schema\\\/person\\\/741d5f1f3fd2833c5ca2ffdaaa93dc73\",\"name\":\"joanna\",\"image\":{\"@type\":\"ImageObject\",\"inLanguage\":\"pl-PL\",\"@id\":\"https:\\\/\\\/secure.gravatar.com\\\/avatar\\\/a59b1be4fa5d200ee0af0ba4bbcdb691da1d589b419bae23d7aa5a15d820e28e?s=96&d=identicon&r=g\",\"url\":\"https:\\\/\\\/secure.gravatar.com\\\/avatar\\\/a59b1be4fa5d200ee0af0ba4bbcdb691da1d589b419bae23d7aa5a15d820e28e?s=96&d=identicon&r=g\",\"contentUrl\":\"https:\\\/\\\/secure.gravatar.com\\\/avatar\\\/a59b1be4fa5d200ee0af0ba4bbcdb691da1d589b419bae23d7aa5a15d820e28e?s=96&d=identicon&r=g\",\"caption\":\"joanna\"},\"sameAs\":[\"https:\\\/\\\/organiczni.baranowscy.eu\"],\"url\":\"https:\\\/\\\/baranowscy.eu\\\/wordpress\\\/author\\\/admin\\\/\"}]}<\/script>\n<!-- \/ Yoast SEO plugin. -->","yoast_head_json":{"title":"Jak dobrze czu\u0107 si\u0119 z miesi\u0105czk\u0105? | organiczni.eu","description":"Czy mo\u017cna dobrze czu\u0107 si\u0119 z miesi\u0105czk\u0105? Zw\u0142aszcza gdy okres przebiega w spos\u00f3b zak\u0142\u00f3caj\u0105cy nasz zwyk\u0142y tryb \u017cycia. Zdecydowana wi\u0119kszo\u015b\u0107","robots":{"index":"index","follow":"follow","max-snippet":"max-snippet:-1","max-image-preview":"max-image-preview:large","max-video-preview":"max-video-preview:-1"},"canonical":"https:\/\/baranowscy.eu\/wordpress\/jak-dobrze-czuc-sie-z-miesiaczka\/","og_locale":"pl_PL","og_type":"article","og_title":"Jak dobrze czu\u0107 si\u0119 z miesi\u0105czk\u0105? | organiczni.eu","og_description":"Czy mo\u017cna dobrze czu\u0107 si\u0119 z miesi\u0105czk\u0105? Zw\u0142aszcza gdy okres przebiega w spos\u00f3b zak\u0142\u00f3caj\u0105cy nasz zwyk\u0142y tryb \u017cycia. Zdecydowana wi\u0119kszo\u015b\u0107","og_url":"https:\/\/baranowscy.eu\/wordpress\/jak-dobrze-czuc-sie-z-miesiaczka\/","og_site_name":"organiczni.eu","article_publisher":"https:\/\/www.facebook.com\/organiczni\/","article_published_time":"2020-11-10T13:12:07+00:00","article_modified_time":"2020-11-10T13:28:24+00:00","og_image":[{"width":1200,"height":628,"url":"https:\/\/baranowscy.eu\/wordpress\/wp-content\/uploads\/2020\/11\/soft_moon_ultra_0.jpg","type":"image\/jpeg"}],"author":"joanna","twitter_card":"summary_large_image","twitter_misc":{"Napisane przez":"joanna","Szacowany czas czytania":"6 minut"},"schema":{"@context":"https:\/\/schema.org","@graph":[{"@type":"Article","@id":"https:\/\/baranowscy.eu\/wordpress\/jak-dobrze-czuc-sie-z-miesiaczka\/#article","isPartOf":{"@id":"https:\/\/baranowscy.eu\/wordpress\/jak-dobrze-czuc-sie-z-miesiaczka\/"},"author":{"name":"joanna","@id":"https:\/\/baranowscy.eu\/wordpress\/#\/schema\/person\/741d5f1f3fd2833c5ca2ffdaaa93dc73"},"headline":"Jak dobrze czu\u0107 si\u0119 z miesi\u0105czk\u0105?","datePublished":"2020-11-10T13:12:07+00:00","dateModified":"2020-11-10T13:28:24+00:00","mainEntityOfPage":{"@id":"https:\/\/baranowscy.eu\/wordpress\/jak-dobrze-czuc-sie-z-miesiaczka\/"},"wordCount":1298,"commentCount":18,"publisher":{"@id":"https:\/\/baranowscy.eu\/wordpress\/#organization"},"image":{"@id":"https:\/\/baranowscy.eu\/wordpress\/jak-dobrze-czuc-sie-z-miesiaczka\/#primaryimage"},"thumbnailUrl":"https:\/\/baranowscy.eu\/wordpress\/wp-content\/uploads\/2020\/11\/soft_moon_ultra_0.jpg","keywords":["miesi\u0105czka","okres","podpaski wielorazowe","recenzja","recenzja sponsorowana","Soft Moon","zero waste"],"articleSection":["recenzje","zero waste"],"inLanguage":"pl-PL","potentialAction":[{"@type":"CommentAction","name":"Comment","target":["https:\/\/baranowscy.eu\/wordpress\/jak-dobrze-czuc-sie-z-miesiaczka\/#respond"]}]},{"@type":"WebPage","@id":"https:\/\/baranowscy.eu\/wordpress\/jak-dobrze-czuc-sie-z-miesiaczka\/","url":"https:\/\/baranowscy.eu\/wordpress\/jak-dobrze-czuc-sie-z-miesiaczka\/","name":"Jak dobrze czu\u0107 si\u0119 z miesi\u0105czk\u0105? | organiczni.eu","isPartOf":{"@id":"https:\/\/baranowscy.eu\/wordpress\/#website"},"primaryImageOfPage":{"@id":"https:\/\/baranowscy.eu\/wordpress\/jak-dobrze-czuc-sie-z-miesiaczka\/#primaryimage"},"image":{"@id":"https:\/\/baranowscy.eu\/wordpress\/jak-dobrze-czuc-sie-z-miesiaczka\/#primaryimage"},"thumbnailUrl":"https:\/\/baranowscy.eu\/wordpress\/wp-content\/uploads\/2020\/11\/soft_moon_ultra_0.jpg","datePublished":"2020-11-10T13:12:07+00:00","dateModified":"2020-11-10T13:28:24+00:00","description":"Czy mo\u017cna dobrze czu\u0107 si\u0119 z miesi\u0105czk\u0105? Zw\u0142aszcza gdy okres przebiega w spos\u00f3b zak\u0142\u00f3caj\u0105cy nasz zwyk\u0142y tryb \u017cycia. Zdecydowana wi\u0119kszo\u015b\u0107","breadcrumb":{"@id":"https:\/\/baranowscy.eu\/wordpress\/jak-dobrze-czuc-sie-z-miesiaczka\/#breadcrumb"},"inLanguage":"pl-PL","potentialAction":[{"@type":"ReadAction","target":["https:\/\/baranowscy.eu\/wordpress\/jak-dobrze-czuc-sie-z-miesiaczka\/"]}]},{"@type":"ImageObject","inLanguage":"pl-PL","@id":"https:\/\/baranowscy.eu\/wordpress\/jak-dobrze-czuc-sie-z-miesiaczka\/#primaryimage","url":"https:\/\/baranowscy.eu\/wordpress\/wp-content\/uploads\/2020\/11\/soft_moon_ultra_0.jpg","contentUrl":"https:\/\/baranowscy.eu\/wordpress\/wp-content\/uploads\/2020\/11\/soft_moon_ultra_0.jpg","width":1200,"height":628,"caption":"Soft Moon Ultra Comfort"},{"@type":"BreadcrumbList","@id":"https:\/\/baranowscy.eu\/wordpress\/jak-dobrze-czuc-sie-z-miesiaczka\/#breadcrumb","itemListElement":[{"@type":"ListItem","position":1,"name":"Strona g\u0142\u00f3wna","item":"https:\/\/baranowscy.eu\/wordpress\/"},{"@type":"ListItem","position":2,"name":"Jak dobrze czu\u0107 si\u0119 z miesi\u0105czk\u0105?"}]},{"@type":"WebSite","@id":"https:\/\/baranowscy.eu\/wordpress\/#website","url":"https:\/\/baranowscy.eu\/wordpress\/","name":"organiczni.eu","description":"Najbardziej wszechstronny blog ekologiczny","publisher":{"@id":"https:\/\/baranowscy.eu\/wordpress\/#organization"},"potentialAction":[{"@type":"SearchAction","target":{"@type":"EntryPoint","urlTemplate":"https:\/\/baranowscy.eu\/wordpress\/?s={search_term_string}"},"query-input":{"@type":"PropertyValueSpecification","valueRequired":true,"valueName":"search_term_string"}}],"inLanguage":"pl-PL"},{"@type":"Organization","@id":"https:\/\/baranowscy.eu\/wordpress\/#organization","name":"organiczni.eu","url":"https:\/\/baranowscy.eu\/wordpress\/","logo":{"@type":"ImageObject","inLanguage":"pl-PL","@id":"https:\/\/baranowscy.eu\/wordpress\/#\/schema\/logo\/image\/","url":"https:\/\/baranowscy.eu\/wordpress\/wp-content\/uploads\/2018\/01\/logo_duze.png","contentUrl":"https:\/\/baranowscy.eu\/wordpress\/wp-content\/uploads\/2018\/01\/logo_duze.png","width":1398,"height":300,"caption":"organiczni.eu"},"image":{"@id":"https:\/\/baranowscy.eu\/wordpress\/#\/schema\/logo\/image\/"},"sameAs":["https:\/\/www.facebook.com\/organiczni\/","https:\/\/www.instagram.com\/organiczni.eu\/"]},{"@type":"Person","@id":"https:\/\/baranowscy.eu\/wordpress\/#\/schema\/person\/741d5f1f3fd2833c5ca2ffdaaa93dc73","name":"joanna","image":{"@type":"ImageObject","inLanguage":"pl-PL","@id":"https:\/\/secure.gravatar.com\/avatar\/a59b1be4fa5d200ee0af0ba4bbcdb691da1d589b419bae23d7aa5a15d820e28e?s=96&d=identicon&r=g","url":"https:\/\/secure.gravatar.com\/avatar\/a59b1be4fa5d200ee0af0ba4bbcdb691da1d589b419bae23d7aa5a15d820e28e?s=96&d=identicon&r=g","contentUrl":"https:\/\/secure.gravatar.com\/avatar\/a59b1be4fa5d200ee0af0ba4bbcdb691da1d589b419bae23d7aa5a15d820e28e?s=96&d=identicon&r=g","caption":"joanna"},"sameAs":["https:\/\/organiczni.baranowscy.eu"],"url":"https:\/\/baranowscy.eu\/wordpress\/author\/admin\/"}]}},"jetpack_featured_media_url":"https:\/\/baranowscy.eu\/wordpress\/wp-content\/uploads\/2020\/11\/soft_moon_ultra_0.jpg","jetpack_sharing_enabled":true,"_links":{"self":[{"href":"https:\/\/baranowscy.eu\/wordpress\/wp-json\/wp\/v2\/posts\/10997","targetHints":{"allow":["GET"]}}],"collection":[{"href":"https:\/\/baranowscy.eu\/wordpress\/wp-json\/wp\/v2\/posts"}],"about":[{"href":"https:\/\/baranowscy.eu\/wordpress\/wp-json\/wp\/v2\/types\/post"}],"author":[{"embeddable":true,"href":"https:\/\/baranowscy.eu\/wordpress\/wp-json\/wp\/v2\/users\/1"}],"replies":[{"embeddable":true,"href":"https:\/\/baranowscy.eu\/wordpress\/wp-json\/wp\/v2\/comments?post=10997"}],"version-history":[{"count":6,"href":"https:\/\/baranowscy.eu\/wordpress\/wp-json\/wp\/v2\/posts\/10997\/revisions"}],"predecessor-version":[{"id":11013,"href":"https:\/\/baranowscy.eu\/wordpress\/wp-json\/wp\/v2\/posts\/10997\/revisions\/11013"}],"wp:featuredmedia":[{"embeddable":true,"href":"https:\/\/baranowscy.eu\/wordpress\/wp-json\/wp\/v2\/media\/11004"}],"wp:attachment":[{"href":"https:\/\/baranowscy.eu\/wordpress\/wp-json\/wp\/v2\/media?parent=10997"}],"wp:term":[{"taxonomy":"category","embeddable":true,"href":"https:\/\/baranowscy.eu\/wordpress\/wp-json\/wp\/v2\/categories?post=10997"},{"taxonomy":"post_tag","embeddable":true,"href":"https:\/\/baranowscy.eu\/wordpress\/wp-json\/wp\/v2\/tags?post=10997"}],"curies":[{"name":"wp","href":"https:\/\/api.w.org\/{rel}","templated":true}]}}